{"id":240250,"date":"2023-02-20T09:11:05","date_gmt":"2023-02-20T09:11:05","guid":{"rendered":"https:\/\/belux.edmo.eu\/?p=240250"},"modified":"2023-02-20T11:13:16","modified_gmt":"2023-02-20T11:13:16","slug":"le-projet-de-loi-europen-sur-les-semi-conducteurs-ne-prvoit-pas-dimplanter-des-puces-pour-contrler-la-population","status":"publish","type":"post","link":"https:\/\/belux.edmo.eu\/fr\/le-projet-de-loi-europen-sur-les-semi-conducteurs-ne-prvoit-pas-dimplanter-des-puces-pour-contrler-la-population\/","title":{"rendered":"Le projet de loi europ\u00e9en sur les semi-conducteurs ne pr\u00e9voit pas d&rsquo;implanter des puces pour \u00ab\u00a0contr\u00f4ler la population\u00a0\u00bb"},"content":{"rendered":"<p><b>Des propos d&rsquo;Ursula von der Leyen sur la production de puces \u00e9lectroniques et une proposition de r\u00e8glement sur un syst\u00e8me europ\u00e9en de portefeuille num\u00e9rique sont interpr\u00e9t\u00e9s par des internautes comme une preuve que l&rsquo;Union europ\u00e9enne veut \u00ab\u00a0contr\u00f4ler la population\u00a0\u00bb. En r\u00e9alit\u00e9, le projet de loi sur les semi-conducteurs vise \u00e0 augmenter la production europ\u00e9enne de ces composants n\u00e9cessaires \u00e0 de nombreux domaines de la vie quotidienne et ne mentionne pas l&rsquo;implantation de puces aux humains. Par ailleurs, le projet de syst\u00e8me d&rsquo;identification num\u00e9rique europ\u00e9en ne comporte pour le moment aucune restriction d&rsquo;acc\u00e8s \u00e0 certains services en ligne, ni d&rsquo;imposition de quotas carbone. \u00a0<\/b><\/p>\n<p><em>\u00ab\u00a0La possession \u00e9lectronique des corps: Ursula #vonderleyen et les bureaucrates de l&rsquo;#UE se pr\u00e9parent \u00e0 la mise en place d&rsquo;une puce \u00e9lectronique pour les citoyens en 2023 et au passage au syst\u00e8me chinois de cr\u00e9dit social\u00a0\u00bb,\u00a0<\/em>affirme l&rsquo;auteure de <a href=\"https:\/\/perma.cc\/JXE4-DSZV\" target=\"_blank\" rel=\"noopener\" shape=\"rect\">ce tweet<\/a>, relay\u00e9 plus de 800 fois depuis fin d\u00e9cembre 2022.<\/p>\n<p>La suite du fil Twitter cite l&rsquo;eurod\u00e9put\u00e9 roumain Cristian Terhes, qui aurait \u00ab\u00a0<em>r\u00e9v\u00e9l\u00e9<\/em>\u00a0\u00bb qu<em>&lsquo;\u00a0\u00bbau niveau europ\u00e9en, un syst\u00e8me similaire au cr\u00e9dit social chinois est actuellement au travail\u00a0\u00bb,<\/em> des propos relatifs au projet europ\u00e9en d&rsquo;identification num\u00e9rique (<a href=\"https:\/\/perma.cc\/S4NG-FVE4\" target=\"_blank\" rel=\"noopener\" shape=\"rect\">eID<\/a>), qu&rsquo;il compare au syst\u00e8me controvers\u00e9 de bons et mauvais points pour la population et les entreprises <a href=\"https:\/\/perma.cc\/ZZT3-79JT\" target=\"_blank\" rel=\"noopener\" shape=\"rect\">instaur\u00e9 par la Chine<\/a>.<\/p>\n<p>Selon les internautes, Cristian Terhes aurait \u00e9galement \u00e9voqu\u00e9 le projet de loi europ\u00e9enne sur les puces \u00e9lectroniques (EU Chips Act) et d\u00e9clar\u00e9 qu&rsquo;avec ces deux syst\u00e8mes combin\u00e9s, puces pour les citoyens\u00a0et eID, <em>\u00ab\u00a0le contr\u00f4le de la population est assur\u00e9\u00a0\u00bb. <\/em>Le thread relaie ensuite plusieurs liens cens\u00e9s appuyer ces affirmations.<\/p>\n<p>Le m\u00eame texte a \u00e9galement \u00e9t\u00e9 relay\u00e9 <a href=\"https:\/\/perma.cc\/ZTR2-4CAV\" target=\"_blank\" rel=\"noopener\" shape=\"rect\">sur Telegram<\/a>, ainsi que sur Facebook <a href=\"https:\/\/archive.ph\/HFCMG\" target=\"_blank\" rel=\"noopener\" shape=\"rect\">en France<\/a> et <a href=\"https:\/\/archive.ph\/hLkL4\" target=\"_blank\" rel=\"noopener\" shape=\"rect\">en Belgique.<\/a><\/p>\n<div class=\"grid-with-margin\">\n<div class=\"e-afp-col-layout\">\n<div id=\"wysiwyg\" class=\"www-item image\"><img class=\"lazyload blur-up\" src=\"https:\/\/belux-edmo.s3-accelerate.amazonaws.com\/wp-content\/uploads\/2023\/02\/ba9e0f735e2c5255911b02e5fb7456603cd6983c-ipad.jpg\" data-original=\"\" \/><span class=\"legend\">Capture d&rsquo;\u00e9cran r\u00e9alis\u00e9e sur Facebook le 14\/02\/2023<\/span><\/div>\n<\/div>\n<div class=\"e-afp-col-layout\">\n<div id=\"wysiwyg\" class=\"www-item image\"><img class=\"lazyload blur-up\" src=\"https:\/\/belux-edmo.s3-accelerate.amazonaws.com\/wp-content\/uploads\/2023\/02\/f61e5ad871a05dab21e3df64f2b29399fa68f0d4-ipad.jpg\" data-original=\"\" \/><span class=\"legend\">Capture d&rsquo;\u00e9cran r\u00e9alis\u00e9e sur Twitter le 14\/02\/2023<\/span><\/div>\n<\/div>\n<\/div>\n<p>En r\u00e9alit\u00e9, ce texte m\u00e9lange deux projets de l&rsquo;Union europ\u00e9enne tout \u00e0 fait diff\u00e9rents. L&rsquo;un est l&rsquo;EU Chips Act, qui vise \u00e0 augmenter la production europ\u00e9enne des semi-conducteurs et micropuces utilis\u00e9s dans de nombreux secteurs, comme l&rsquo;industrie automobile, la production de t\u00e9l\u00e9phones ou d&rsquo;ordinateurs, etc. Les textes actuels ne mentionnent \u00e0 aucun moment des puces destin\u00e9es aux \u00eatres humains.<\/p>\n<p>L&rsquo;autre projet concerne la cr\u00e9ation d&rsquo;une identification \u00e9lectronique europ\u00e9enne, l&rsquo;eID, visant \u00e0 permettre aux citoyens europ\u00e9ens de centraliser leurs donn\u00e9es via un portefeuille num\u00e9rique (European Wallet) et d&rsquo;acc\u00e9der \u00e0 certains services en ligne dans tous les Etats de l&rsquo;Union.<\/p>\n<p>Contrairement \u00e0 ce qu&rsquo;affirment les publications que nous v\u00e9rifions, les textes autour de l&rsquo;eID ne pr\u00e9voient, \u00e0 l&rsquo;heure actuelle, ni restrictions d&rsquo;acc\u00e8s ni quotas carbone.<\/p>\n<p><b>Qu&rsquo;a vraiment dit Cristian Terhes ?\u00a0<\/b><\/p>\n<p>Le d\u00e9put\u00e9 europ\u00e9en roumain <a href=\"https:\/\/perma.cc\/C7LG-GHVB\" target=\"_blank\" rel=\"noopener\" shape=\"rect\">Cristian Terhes<\/a> est membre du groupe de centre-droit Conservateurs et r\u00e9formistes europ\u00e9ens (CRE).<\/p>\n<p>On peut retrouver la premi\u00e8re partie des propos qui lui sont attribu\u00e9s par les internautes <a href=\"https:\/\/perma.cc\/HG4H-EM82\" target=\"_blank\" rel=\"noopener\" shape=\"rect\">sur le site<\/a> de la cha\u00eene roumaine Antena 3, dans un article publi\u00e9 le 21 janvier 2022 et intitul\u00e9 <em>\u00ab\u00a0le d\u00e9put\u00e9 Cristian Terhes affirme que l&rsquo;UE pr\u00e9pare un plan de restrictions encore plus terrible que le certificat vert\u00a0\u00bb\u00a0<\/em>&#8211; le <a href=\"https:\/\/commission.europa.eu\/strategy-and-policy\/coronavirus-response\/safe-covid-19-vaccines-europeans\/eu-digital-covid-certificate_fr\" target=\"_blank\" rel=\"noopener\" shape=\"rect\">certificat Covid num\u00e9rique<\/a> de l&rsquo;UE.<\/p>\n<p>L&rsquo;article cite une interview de l&rsquo;eurod\u00e9put\u00e9 dans une \u00e9mission de la cha\u00eene appel\u00e9e Subjectiv, au cours de laquelle Cristian Terhes avait d\u00e9clar\u00e9 qu<em>&lsquo;\u00a0\u00bbau niveau europ\u00e9en, un syst\u00e8me similaire \u00e0 celui en Chine avec le cr\u00e9dit social est actuellement au travail\u00a0\u00bb.\u00a0<\/em><\/p>\n<p>On y retrouve la premi\u00e8re partie de la citation attribu\u00e9e par les internautes \u00e0 Cristian Terhes:<em> \u00ab\u00a0Je travaille moi-m\u00eame sur un tel dossier au Parlement europ\u00e9en en ce qui concerne l&rsquo;eID (European Identification), o\u00f9 chaque personne dans l&rsquo;UE aura un num\u00e9ro d&rsquo;identification compos\u00e9 de chiffres et de lettres qui restera avec vous jusqu&rsquo;\u00e0 la fin de votre vie et avec ce num\u00e9ro vous pourrez faire certaines choses ou vous ne pourrez pas faire certaines choses. Par exemple, on vous attribuera un taux d&rsquo;\u00e9mission de dioxyde de carbone, avec cette eID vous pourrez vous connecter en ligne, aux r\u00e9seaux sociaux, \u00e0 votre compte bancaire\u00a0\u00bb.\u00a0<\/em><\/p>\n<p>En revanche, l&rsquo;article ne cite pas la suite du texte que nous v\u00e9rifions, qui \u00e9voque la politique europ\u00e9enne sur les puces \u00e9lectroniques.<\/p>\n<p>Dans l&rsquo;extrait vid\u00e9o de l&rsquo;interview accompagnant l&rsquo;article, Cristian Terhes ne parle pas non plus de la politique europ\u00e9enne sur les puces \u00e9lectroniques. Des recherches de mots-cl\u00e9s en fran\u00e7ais, anglais et en roumain ne permettent pas non plus de retrouver de tels propos du d\u00e9put\u00e9 europ\u00e9en.<\/p>\n<p><b>L&rsquo;Europe veut augmenter la production de puces \u00e9lectroniques pour le secteur industriel et non pour les humains<\/b><\/p>\n<p><em>\u00ab\u00a0Ursula #vonderLeyen et les bureaucrates de l&rsquo;#UE se pr\u00e9parent \u00e0 la mise en place d&rsquo;une puce \u00e9lectronique pour les citoyens en 2023\u00a0\u00bb,<\/em> affirment les internautes, selon lesquels l&rsquo;\u00e9cosyst\u00e8me <em>\u00ab\u00a0europ\u00e9en de puces \u00e0 la pointe de la technologie\u00a0\u00bb<\/em> viserait \u00e0 assurer<em> \u00ab\u00a0le contr\u00f4le de la population\u00a0\u00bb.\u00a0<\/em><\/p>\n<p>La th\u00e9orie d&rsquo;un pr\u00e9tendu projet secret des \u00e9lites pour \u00ab\u00a0pucer\u00a0\u00bb et contr\u00f4ler la population revient r\u00e9guli\u00e8rement dans les sph\u00e8res complotistes et a \u00e9t\u00e9 v\u00e9rifi\u00e9e par l&rsquo;AFP<a href=\"https:\/\/factuel.afp.com\/non-bill-gates-na-pas-propose-dimplanter-une-puce-electronique-la-population\" shape=\"rect\"> ici<\/a> et <a href=\"https:\/\/factuel.afp.com\/doc.afp.com.32M94T2\" shape=\"rect\">ici<\/a>.<\/p>\n<p><a href=\"https:\/\/perma.cc\/SZ9E-YUS3\" shape=\"rect\">Sur son site<\/a>, la Commission europ\u00e9enne explique que les puces, <em>\u00ab\u00a0\u00e9galement connues sous le nom de semi-conducteurs \u2014 sont la pierre angulaire de tous les produits \u00e9lectroniques. Ils jouent un r\u00f4le central dans nos \u00e9conomies modernes et dans notre vie quotidienne.\u00a0\u00bb\u00a0<\/em><\/p>\n<p>Or, <em>\u00ab\u00a0la r\u00e9cente p\u00e9nurie mondiale de puces a perturb\u00e9 les cha\u00eenes d\u2019approvisionnement, caus\u00e9 des p\u00e9nuries de produits allant des voitures aux dispositifs m\u00e9dicaux, et dans certains cas m\u00eame forc\u00e9 les usines \u00e0 fermer\u00a0\u00bb, <\/em>poursuit la Commission.<\/p>\n<p>Le texte que nous v\u00e9rifions s&rsquo;appuie sur deux discours distincts d&rsquo;Ursula von der Leyen. L&rsquo;expression <em>\u00ab\u00a0\u00e9cosyst\u00e8me europ\u00e9en de puces \u00e0 la pointe de la technologie\u00a0\u00bb<\/em> est tir\u00e9e de son<a href=\"https:\/\/archive.ph\/iedTG\" shape=\"rect\"> discours sur l&rsquo;Etat de l&rsquo;Union de 2021<\/a>, comme le pr\u00e9cisent les internautes.<\/p>\n<p>La pr\u00e9sidente de la Commission europ\u00e9enne pr\u00e9sentait alors le nouveau \u00ab\u00a0European Chips Act\u00a0\u00bb, destin\u00e9 \u00e0 <em>\u00ab\u00a0cr\u00e9er conjointement un \u00e9cosyst\u00e8me europ\u00e9en de pointe pour les puces \u00e9lectroniques, y compris en termes de production. Cela garantira notre s\u00e9curit\u00e9 d&rsquo;approvisionnement et permettra de d\u00e9velopper de nouveaux march\u00e9s pour les technologies europ\u00e9ennes de pointe\u00a0\u00bb,<\/em> avait d\u00e9clar\u00e9 Ursula von der Leyen, qui d\u00e9fendait l&rsquo;utilit\u00e9 de ces<em> \u00ab\u00a0ces minuscules puces dont d\u00e9pend le fonctionnement de tant de choses: smartphones, scooters \u00e9lectriques, trains ou m\u00eame usines intelligentes enti\u00e8res\u00a0\u00bb.\u00a0<\/em><\/p>\n<p>Dans le <a href=\"https:\/\/perma.cc\/TYT6-X6W3\" target=\"_blank\" rel=\"noopener\" shape=\"rect\">premier lien<\/a> partag\u00e9 dans les publications que nous v\u00e9rifions, la Commission europ\u00e9enne mentionne d&rsquo;ailleurs ce discours et rappelle que les semi-conducteurs<em> \u00ab\u00a0<\/em>s<em>ont les \u00e9l\u00e9ments constitutifs essentiels des produits num\u00e9riques que nous utilisons en permanence, qu&rsquo;il s&rsquo;agisse de smartphones, d&rsquo;ordinateurs, d&rsquo;appareils m\u00e9nagers, d&rsquo;\u00e9quipements m\u00e9dicaux vitaux, de communication, d&rsquo;\u00e9nergie, d&rsquo;automatisation industrielle, etc\u00a0\u00bb.\u00a0<\/em>Ni ce lien <a href=\"https:\/\/perma.cc\/B2YZ-8CRV\" target=\"_blank\" rel=\"noopener\" shape=\"rect\">ni le suivant<\/a>, qui renvoie vers une page de la Commission d\u00e9di\u00e9e \u00e0 l&rsquo;EU Chips Act, ne mentionnent des puces implant\u00e9es dans les humains.<\/p>\n<p>D&rsquo;autres propos rapport\u00e9s dans les publications sont quant \u00e0 eux tir\u00e9s d&rsquo;un discours prononc\u00e9 plus tard, lors du Forum \u00e9conomique de Davos, le 20 janvier 2022. Au cours d&rsquo;une\u00a0<a href=\"https:\/\/perma.cc\/D2YN-MFJT\" shape=\"rect\">adresse sp\u00e9ciale<\/a> au Forum, Ursula von der Leyen avait d\u00e9clar\u00e9: <em>\u00ab\u00a0Les besoins europ\u00e9ens en puces \u00e9lectroniques vont doubler au cours de la prochaine d\u00e9cennie. C&rsquo;est pourquoi nous devons accro\u00eetre radicalement le niveau de l&rsquo;Europe en mati\u00e8re de d\u00e9veloppement, de production et d&rsquo;utilisation de cette technologie cl\u00e9\u00a0\u00bb.\u00a0<\/em><\/p>\n<p>Dans ce discours, disponible dans son enti\u00e8ret\u00e9 <a href=\"https:\/\/perma.cc\/KT2T-HGRZ\" shape=\"rect\">ici<\/a>, la pr\u00e9sidente de la Commission europ\u00e9enne avait longuement \u00e9voqu\u00e9 l&rsquo;importance des micropuces et des semi-conducteurs dans la technologie moderne &#8211; et non pour une suppos\u00e9e \u00ab\u00a0possession \u00e9lectronique des corps\u00a0\u00bb:<em> \u00ab\u00a0Aujourd&rsquo;hui, nous avons des micropuces non seulement dans nos ordinateurs et nos t\u00e9l\u00e9phones, mais aussi dans nos voitures, notre chauffage domestique, nos h\u00f4pitaux, nos respirateurs. Il n&rsquo;y a pas de num\u00e9risation sans puces\u00a0\u00bb<\/em>, avait-elle d\u00e9clar\u00e9.<\/p>\n<p><em>\u00ab\u00a0La plupart de nos approvisionnements proviennent d&rsquo;une poign\u00e9e de producteurs hors d&rsquo;Europe et c&rsquo;est une d\u00e9pendance et une incertitude que nous ne pouvons pas nous permettre d&rsquo;accepter. Par cons\u00e9quent, d&rsquo;ici 2030, 20 % de la production de micropuces doit se faire en Europe\u00a0\u00bb<\/em>, avait ajout\u00e9 Ursula von der Leyen.<\/p>\n<div class=\"g2web\" style=\"text-align: center;\"><iframe title=\"YouTube video player\" src=\"https:\/\/www.youtube.com\/embed\/f9OAQQoAc98?start=7\" width=\"560\" height=\"315\" frameborder=\"0\" scrolling=\"auto\" allowfullscreen=\"allowfullscreen\" data-mce-fragment=\"1\"><\/iframe><\/div>\n<p>Quelques semaines plus tard, en f\u00e9vrier 2022, la Commission europ\u00e9enne <a href=\"https:\/\/www.challenges.fr\/high-tech\/semi-conducteurs-bruxelles-propose-un-plan-a-43-milliards-d-euros-pour-produire-dans-l-ue_799871\" shape=\"rect\">pr\u00e9sentait son plan \u00e0 43 milliards d&rsquo;euros<\/a> pour la production de semi-conducteurs en Europe, destin\u00e9 \u00e0 augmenter sa part dans la production mondiale de ces puces, actuellement inf\u00e9rieure \u00e0 10%.<\/p>\n<p>Une p\u00e9nurie de semi-conducteurs frappe le monde depuis 2020, la cha\u00eene d&rsquo;approvisionnement \u00e9tant tr\u00e8s vuln\u00e9rable \u00e0 des \u00e9v\u00e8nements tels que la pand\u00e9mie de Covid-19, comme l&rsquo;explique le Parlement europ\u00e9en <a href=\"https:\/\/perma.cc\/2F4M-SEPV\" shape=\"rect\">sur son site<\/a>.<\/p>\n<p>Le 23 janvier 2023, la commission de l&rsquo;industrie du Parlement europ\u00e9en <a href=\"https:\/\/www.rtbf.be\/article\/la-commission-du-parlement-europeen-adopte-des-mesures-pour-securiser-l-approvisionnement-de-semi-conducteurs-11141558\" target=\"_blank\" rel=\"noopener\" shape=\"rect\">a approuv\u00e9<\/a> le paquet de mesures propos\u00e9es par la Commission, laissant place <a href=\"https:\/\/perma.cc\/WA9F-6YSV\" target=\"_blank\" rel=\"noopener\" shape=\"rect\">au d\u00e9but des n\u00e9gociations <\/a>avec le Conseil, devant mener \u00e0 l&rsquo;adoption de ce r\u00e8glement.<\/p>\n<p>Il ne s&rsquo;agit donc pas de puces destin\u00e9es \u00e0 \u00eatre implant\u00e9es d\u00e8s cette ann\u00e9e chez les citoyens europ\u00e9ens pour les \u00ab\u00a0contr\u00f4ler\u00a0\u00bb,<strong> mais de pr\u00e9cieux composants \u00e9lectroniques utilis\u00e9s dans de nombreux domaines.\u00a0<\/strong><\/p>\n<p><em>\u00ab\u00a0Il n&rsquo;y a aucun plan\u00a0\u00bb <\/em>d&rsquo;impl\u00e9menter des puces chez les citoyens, a comment\u00e9 aupr\u00e8s de l&rsquo;AFP un porte-parole de la Commission europ\u00e9enne, interrog\u00e9 le 17 f\u00e9vrier 2023.<\/p>\n<p>Deux autres liens partag\u00e9s par les internautes renvoient \u00e0 deux articles, l&rsquo;un consacr\u00e9 \u00e0 <a href=\"https:\/\/perma.cc\/A4HG-WB8X\" target=\"_blank\" rel=\"noopener\" shape=\"rect\">l&rsquo;\u00e9quivalent am\u00e9ricain<\/a> de du r\u00e8glement europ\u00e9enne sur les puces, <a href=\"https:\/\/perma.cc\/9HM2-R95S\" target=\"_blank\" rel=\"noopener\" shape=\"rect\">l&rsquo;autre <\/a>\u00e0 l&rsquo;impact de l&rsquo;EU Chips Act sur l&rsquo;innovation en Europe. Ce dernier article mentionne des recherches autour de <a href=\"https:\/\/www.snf.ch\/fr\/6gTssZl4QX8kafsM\/news\/news-170906-horizons-des-puces-informatiques-qui-imitent-le-cerveau\" target=\"_blank\" rel=\"noopener\" shape=\"rect\">l&rsquo;informatique neuromorphique<\/a>\u00a0&#8211; qui s&rsquo;inspire du fonctionnement du cerveau &#8211; mais il s&rsquo;agit d&rsquo;une initiative priv\u00e9e qui ne vise pas \u00e0 implanter des puces dans le cerveau d&rsquo;une personne.<\/p>\n<p><b>Les textes actuels sur l&rsquo;identit\u00e9 num\u00e9rique europ\u00e9enne ne pr\u00e9voient pas d&rsquo;imposer un quota carbone<\/b><\/p>\n<p>Selon Cristian Terhes, le projet de l&rsquo;Union europ\u00e9enne sur l&rsquo;identit\u00e9 num\u00e9rique s&rsquo;apparente au syst\u00e8me de \u00ab\u00a0cr\u00e9dit social chinois\u00a0\u00bb.<\/p>\n<p>Cristian Terhes fait r\u00e9f\u00e9rence <a href=\"https:\/\/archive.ph\/5AwNg\" target=\"_blank\" rel=\"noopener\" shape=\"rect\">au projet d&rsquo;identit\u00e9 num\u00e9rique de l&rsquo;Union europ\u00e9enne<\/a> (eID), qui porte sur la cr\u00e9ation d&rsquo;un portefeuille num\u00e9rique personnel permettant aux citoyens et r\u00e9sidents de l&rsquo;UE de r\u00e9unir leurs donn\u00e9es personnelles au m\u00eame endroit et d&rsquo;acc\u00e9der \u00e0 des services publics et priv\u00e9s en ligne, tels que leur compte en banque, une r\u00e9servation de vol ou d&rsquo;h\u00f4tel, \u00e0 partir d&rsquo;un seul identifiant.<\/p>\n<p>En Belgique, <a href=\"https:\/\/www.itsme-id.com\/fr-BE\" target=\"_blank\" rel=\"noopener\" shape=\"rect\">un syst\u00e8me similaire existe d\u00e9j\u00e0<\/a> et permet aux citoyens et r\u00e9sidents d&rsquo;effectuer de nombreuses d\u00e9marches administratives en ligne.<\/p>\n<p>Cristian Terhes est <a href=\"https:\/\/perma.cc\/3LQC-N65C?type=image\" target=\"_blank\" rel=\"noopener\" shape=\"rect\">rapporteur pour avis<\/a> de la commission des libert\u00e9s civiles, de la justice et des affaires int\u00e9rieures dans le cadre de l&rsquo;eID, c&rsquo;est-\u00e0-dire qu&rsquo;il <a href=\"https:\/\/www.europarl.europa.eu\/meps\/fr\/197585\/PIERRE_KARLESKIND\/main-activities\/reports\" target=\"_blank\" rel=\"noopener\" shape=\"rect\">a \u00e9t\u00e9 nomm\u00e9<\/a> par cette commission pour \u00e9laborer un rapport sur ce projet l\u00e9gislatif.<\/p>\n<p>Ce projet de r\u00e8glement a \u00e9t\u00e9 propos\u00e9 par la Commission europ\u00e9enne <a href=\"https:\/\/perma.cc\/25E9-VTU6\" target=\"_blank\" rel=\"noopener\" shape=\"rect\">en juin 2021,<\/a> et vise \u00e0 modifier le r\u00e8glement adopt\u00e9 en 2014 portant sur le cadre europ\u00e9en relatif \u00e0 une identit\u00e9 num\u00e9rique.<\/p>\n<p>Le 9 f\u00e9vrier 2023, les d\u00e9put\u00e9s de la commission de l&rsquo;industrie, de la recherche et de l&rsquo;\u00e9nergie du Parlement europ\u00e9en ont <a href=\"https:\/\/archive.ph\/TtGvY\" target=\"_blank\" rel=\"noopener\" shape=\"rect\">donn\u00e9 leur feu vert<\/a> pour entamer les n\u00e9gociations interinstitutionnelles devant mener, \u00e0 terme, \u00e0 une adoption de ce r\u00e8glement, <em>\u00ab\u00a0probablement \u00e0 la fin de l&rsquo;ann\u00e9e\u00a0\u00bb,\u00a0<\/em>selon une source europ\u00e9enne, interrog\u00e9e par l&rsquo;AFP le 3 f\u00e9vrier 2023.<\/p>\n<p>Une fois adopt\u00e9, <a href=\"https:\/\/eur-lex.europa.eu\/FR\/legal-content\/summary\/european-union-regulations.html\" target=\"_blank\" rel=\"noopener\" shape=\"rect\">ce r\u00e8glement<\/a> &#8211; contrairement \u00e0 une directive &#8211; sera obligatoire pour les Etats membres de l&rsquo;Union europ\u00e9enne.<\/p>\n<p>Cependant, <a href=\"https:\/\/archive.ph\/TtGvY#selection-1753.0-1753.55\" target=\"_blank\" rel=\"noopener\" shape=\"rect\">pr\u00e9cise<\/a>\u00a0le Parlement, <em>\u00ab\u00a0l&rsquo;utilisation du portefeuille europ\u00e9en sera volontaire\u00a0\u00bb<\/em> et les d\u00e9put\u00e9s veulent <em>\u00ab\u00a0interdire tout traitement diff\u00e9renci\u00e9 des citoyens qui choisissent de ne pas l&rsquo;adopter\u00a0\u00bb.\u00a0<\/em><\/p>\n<p>Les textes relatifs \u00e0 l&rsquo;eID sont <a href=\"https:\/\/perma.cc\/9WL2-DFER\" target=\"_blank\" rel=\"noopener\" shape=\"rect\">librement accessibles en ligne<\/a>. Au 17 f\u00e9vrier 2023, aucun ne mentionnait la mise en place d&rsquo;un quota d&rsquo;\u00e9missions carbone ou le projet de restreindre l&rsquo;acc\u00e8s \u00e0 certains services, comme les r\u00e9seaux sociaux ou les comptes bancaires, aux citoyens.<\/p>\n<p><strong>Il ne s&rsquo;agit donc pas \u00e0 ce stade d&rsquo;un syst\u00e8me comparable au \u00ab\u00a0cr\u00e9dit social chinois\u00a0\u00bb<\/strong>, une expression qui fait r\u00e9f\u00e9rence \u00e0 <a href=\"https:\/\/www.lalibre.be\/dernieres-depeches\/afp\/2019\/09\/02\/bons-ou-mauvais-citoyens-la-chine-compte-les-points-U253CAOKTZC2ZJGEMRAHWJ2GDM\/\" target=\"_blank\" rel=\"noopener\" shape=\"rect\">une initiative du gouvernement chinois<\/a>, qui exp\u00e9rimente depuis plusieurs ann\u00e9es, au niveau local, un syst\u00e8me de \u00ab\u00a0bons et mauvais points\u00a0\u00bb pour les citoyens et les entreprises.<\/p>\n<p><em>\u00ab\u00a0Il n&rsquo;y a aucun projet europ\u00e9en\u00a0\u00bb <\/em>destin\u00e9 \u00e0 emp\u00eacher des citoyens d&rsquo;acc\u00e9der \u00e0 certains services en ligne, \u00e0 indiqu\u00e9 \u00e0 l&rsquo;AFP un porte-parole de la Commission europ\u00e9enne, interrog\u00e9 le 17 f\u00e9vrier 2023.<\/p>\n<p><em>\u00ab\u00a0Les citoyens recevront un portefeuille num\u00e9rique personnel sur leur t\u00e9l\u00e9phone portable pour identifier et partager des donn\u00e9es et des documents num\u00e9riques, comme un permis de conduire num\u00e9rique. Les nouveaux portefeuilles d&rsquo;identit\u00e9 num\u00e9rique europ\u00e9ens permettront \u00e0 tous les Europ\u00e9ens d&rsquo;acc\u00e9der \u00e0 des services en ligne sans devoir utiliser des m\u00e9thodes d&rsquo;identification priv\u00e9es ou partager inutilement des donn\u00e9es personnelles. Gr\u00e2ce \u00e0 cette solution, ils auront le contr\u00f4le total des donn\u00e9es qu&rsquo;ils partagent\u00a0\u00bb<\/em>, a ajout\u00e9 <a href=\"https:\/\/op.europa.eu\/en\/web\/who-is-who\/person\/-\/person\/COMMU\/COM-CRF_243225-00006A32777A-000022234D--\" target=\"_blank\" rel=\"noopener\" shape=\"rect\">Johannes Bahrke<\/a>.<\/p>\n<p>Par ailleurs,<em><strong> \u00ab\u00a0il n&rsquo;est pas question dans les textes de l&rsquo;eID de quotas de carbone \u00e0 attribuer aux citoyens\u00a0\u00bb<\/strong><\/em>, a ajout\u00e9 le porte-parole de la Commission europ\u00e9enne.<\/p>\n<div id=\"wysiwyg\" class=\"www-item image\"><img class=\"lazyload blur-up\" src=\"https:\/\/belux-edmo.s3-accelerate.amazonaws.com\/wp-content\/uploads\/2023\/02\/de8434787f78e401ee6dc5f5e8d86c1dc6f46d3c-ipad.jpg\" data-original=\"\" \/><span class=\"legend\">La pr\u00e9sidente de la Commission europ\u00e9enne, Ursula von der Leyen, lors d&rsquo;une session pl\u00e9ni\u00e8re au Parlement europ\u00e9en \u00e0 Strasbourg, le 15 f\u00e9vrier 2023.<\/span><\/div>\n<p>En th\u00e9orie, un tel portefeuille d\u2019identit\u00e9 num\u00e9rique pourrait \u00eatre utilis\u00e9 par certains \u00c9tats pour ficher les citoyens ou les emp\u00eacher d&rsquo;acc\u00e9der \u00e0 certains services, explique <a href=\"https:\/\/perma.cc\/743T-RKVG\" target=\"_blank\" rel=\"noopener\" shape=\"rect\">Claire Levallois-Barth<\/a>, coordinatrice de la Chaire valeurs et politiques des informations personnelles de l&rsquo;Institut Mines-T\u00e9l\u00e9com \u00e0 Paris: <em>\u00ab\u00a0Th\u00e9oriquement et techniquement, il serait possible de d\u00e9tourner cet outil pour imposer des quotas carbone ou remonter jusqu&rsquo;\u00e0 quelqu&rsquo;un\u00a0\u00bb<\/em>, a-t-elle dit \u00e0 l&rsquo;AFP le 14 f\u00e9vrier 2023. <strong>Mais cela <em>\u00ab\u00a0n&rsquo;est pas pr\u00e9vu dans les textes actuels\u00a0\u00bb<\/em> et serait <em>\u00ab\u00a0contraire au RGPD &#8211; le r\u00e8glement g\u00e9n\u00e9ral sur la protection des donn\u00e9es &#8211; et \u00e0 la charte europ\u00e9enne des droits fondamentaux\u00a0\u00bb<\/em>, a-t-elle insist\u00e9.<\/strong><\/p>\n<p>Par ailleurs, cet outil ne sera pas fourni par l&rsquo;Union europ\u00e9enne mais par les Etats membres, a pr\u00e9cis\u00e9 Claire Levallois-Barth. <em>\u00ab\u00a0L&rsquo;Union europ\u00e9enne n&rsquo;est pas comp\u00e9tente sur l&rsquo;identit\u00e9. Chaque Etat membre est responsable de fournir un portefeuille ou d&rsquo;autoriser une entreprise \u00e0 le fournir\u00a0\u00bb &#8211; <\/em>comme Itsme en Belgique, une <a href=\"https:\/\/perma.cc\/YB7T-2TL9\" target=\"_blank\" rel=\"noopener\" shape=\"rect\">entreprise priv\u00e9e<\/a>.<\/p>\n<p><em>\u00ab\u00a0On a besoin d&rsquo;un identifiant au niveau europ\u00e9en\u00a0\u00bb,\u00a0<\/em>a quant \u00e0 lui estim\u00e9 <a href=\"https:\/\/perma.cc\/2SZP-YUWQ\" target=\"_blank\" rel=\"noopener\" shape=\"rect\">Etienne W\u00e9ry<\/a>, avocat en droit des technologies, expliquant que ce syst\u00e8me permettrait de faciliter les d\u00e9marches dans le cas, par exemple, d&rsquo;une hospitalisation dans un autre pays membre de l&rsquo;Union.<\/p>\n<p><em>\u00ab\u00a0<\/em><em>Dans beaucoup d&rsquo;Etats, on a des syst\u00e8mes avec des identifiants nationaux, pour acc\u00e9der \u00e0 sa s\u00e9curit\u00e9 sociale par exemple\u00a0\u00bb<\/em>, a-t-il expliqu\u00e9 \u00e0 l&rsquo;AFP le 13 f\u00e9vrier 2023<em>. \u00ab\u00a0<\/em><em>Mais c&rsquo;est un outil tr\u00e8s puissant, qui permet de recouper les informations d&rsquo;une personne tr\u00e8s facilement. Pour cette raison-l\u00e0, dans la plupart des Etats europ\u00e9ens, l&rsquo;identifiant national ne peut pas \u00eatre utilis\u00e9 par les entreprises mais seulement par les pouvoirs publics, avec des limites\u00a0\u00bb.\u00a0<\/em><\/p>\n<p>Si <em>\u00ab\u00a0en th\u00e9orie\u00a0\u00bb<\/em>, la mise en place de quotas de CO2 par le biais de cette technologie est possible, <em>\u00ab\u00a0je ne suis pas inform\u00e9 d&rsquo;une volont\u00e9 politique europ\u00e9enne\u00a0\u00bb <\/em>sur ce point, a-t-il ajout\u00e9.<\/p>\n<p>Comme d&rsquo;autres personnalit\u00e9s telles que Bill Gates ou Klaus Schwab, Ursula von der Leyen est au coeur de nombreuses fausses informations, dont certaines ont \u00e9t\u00e9 v\u00e9rifi\u00e9es par l&rsquo;AFP <a href=\"https:\/\/factuel.afp.com\/doc.afp.com.32JF8NU\" target=\"_blank\" rel=\"noopener\" shape=\"rect\">ici<\/a>, <a href=\"https:\/\/factuel.afp.com\/http%253A%252F%252Fdoc.afp.com%252F9VW2LR-2\" target=\"_blank\" rel=\"noopener\" shape=\"rect\">ici<\/a> ou encore <a href=\"https:\/\/factuel.afp.com\/http%253A%252F%252Fdoc.afp.com%252F9U93Z8-1\" target=\"_blank\" rel=\"noopener\" shape=\"rect\">ici<\/a>.<\/p>\n","protected":false},"excerpt":{"rendered":"<p>\u00ab\u00a0La possession \u00e9lectronique des corps: Ursula #vonderleyen et les bureaucrates de l&rsquo;#UE se pr\u00e9parent \u00e0 la mise en place d&rsquo;une puce \u00e9lectronique pour les citoyens en 2023 et au passage au syst\u00e8me chinois de cr\u00e9dit social\u00a0\u00bb,\u00a0affirme l&rsquo;auteure de ce tweet, relay\u00e9 plus de 800 fois depuis fin d\u00e9cembre 2022.\u00a0<\/p>\n","protected":false},"author":1,"featured_media":240230,"comment_status":"closed","ping_status":"open","sticky":false,"template":"","format":"standard","meta":{"_acf_changed":false,"footnotes":""},"categories":[125,132,138],"tags":[],"class_list":{"0":"post-240250","1":"post","2":"type-post","3":"status-publish","4":"format-standard","5":"has-post-thumbnail","7":"category-fact-check-fr","8":"category-politique","9":"category-societe"},"acf":{"show_metatags":true,"id":"doc-339939j-9","authors":"Marie GENRIES, AFP France, AFP Belgique","organization":"AFP","featured_image_copyright":"AFP","text_copyright":"\u00a9 AGENCE FRANCE-PRESSE | 2023 | Tous droits r\u00e9serv\u00e9s. L\u2019acc\u00e8s aux contenus de l'AFP publi\u00e9s sur ce site et, le cas \u00e9ch\u00e9ant, leur utilisation sont soumis aux conditions g\u00e9n\u00e9rales d'utilisation disponibles sur <a href='https:\/\/www.afp.com\/fr\/cgu' target='_blank'>CGU<\/a>. Par cons\u00e9quent, en acc\u00e9dant aux contenus de l\u2019AFP publi\u00e9s sur ce site, et en les utilisant, le cas \u00e9ch\u00e9ant, vous acceptez d'\u00eatre li\u00e9 par les conditions g\u00e9n\u00e9rales d'utilisation susmentionn\u00e9es. L\u2019utilisation de contenus de l'AFP se fait sous votre seule et enti\u00e8re responsabilit\u00e9.","source":"https:\/\/factuel.afp.com\/doc.afp.com.339939J","fact_checker":"https:\/\/belux.wpengine.com\/wp-content\/uploads\/2021\/12\/afp_logo.png","type":"\u00c9v\u00e9nement ferm\u00e9","location":"","start_date":"","start_date_event_begins_at":"","start_date_event_ends_at":"","end_date":"","end_date_event_begins_at":"","end_date_event_ends_at":"","organizer":"","fact_checker_logo_image":false},"yoast_head":"<!-- This site is optimized with the Yoast SEO plugin v27.0 - https:\/\/yoast.com\/product\/yoast-seo-wordpress\/ -->\n<title>Le projet de loi europ\u00e9en sur les semi-conducteurs ne pr\u00e9voit pas d&#039;implanter des puces pour &quot;contr\u00f4ler la population&quot; - EDMO Belux<\/title>\n<meta name=\"robots\" content=\"index, follow, max-snippet:-1, max-image-preview:large, max-video-preview:-1\" \/>\n<link rel=\"canonical\" href=\"https:\/\/belux.edmo.eu\/fr\/le-projet-de-loi-europen-sur-les-semi-conducteurs-ne-prvoit-pas-dimplanter-des-puces-pour-contrler-la-population\/\" \/>\n<meta property=\"og:locale\" content=\"fr_FR\" \/>\n<meta property=\"og:type\" content=\"article\" \/>\n<meta property=\"og:title\" content=\"Le projet de loi europ\u00e9en sur les semi-conducteurs ne pr\u00e9voit pas d&#039;implanter des puces pour &quot;contr\u00f4ler la population&quot; - EDMO Belux\" \/>\n<meta property=\"og:description\" content=\"&quot;La possession \u00e9lectronique des corps: Ursula #vonderleyen et les bureaucrates de l&#039;#UE se pr\u00e9parent \u00e0 la mise en place d&#039;une puce \u00e9lectronique pour les citoyens en 2023 et au passage au syst\u00e8me chinois de cr\u00e9dit social&quot;,\u00a0affirme l&#039;auteure de ce tweet, relay\u00e9 plus de 800 fois depuis fin d\u00e9cembre 2022.\u00a0\" \/>\n<meta property=\"og:url\" content=\"https:\/\/belux.edmo.eu\/fr\/le-projet-de-loi-europen-sur-les-semi-conducteurs-ne-prvoit-pas-dimplanter-des-puces-pour-contrler-la-population\/\" \/>\n<meta property=\"og:site_name\" content=\"EDMO Belux\" \/>\n<meta property=\"article:published_time\" content=\"2023-02-20T09:11:05+00:00\" \/>\n<meta property=\"article:modified_time\" content=\"2023-02-20T11:13:16+00:00\" \/>\n<meta property=\"og:image\" content=\"https:\/\/belux-edmo.s3-accelerate.amazonaws.com\/wp-content\/uploads\/2023\/02\/5133c1bab1dd1d586afeae8562165c2face84e76-ipad.jpg\" \/>\n\t<meta property=\"og:image:width\" content=\"1080\" \/>\n\t<meta property=\"og:image:height\" content=\"540\" \/>\n\t<meta property=\"og:image:type\" content=\"image\/jpeg\" \/>\n<meta name=\"author\" content=\"master\" \/>\n<meta name=\"twitter:card\" content=\"summary_large_image\" \/>\n<meta name=\"twitter:creator\" content=\"@Edmo_Belux\" \/>\n<meta name=\"twitter:site\" content=\"@Edmo_Belux\" \/>\n<meta name=\"twitter:label1\" content=\"\u00c9crit par\" \/>\n\t<meta name=\"twitter:data1\" content=\"master\" \/>\n\t<meta name=\"twitter:label2\" content=\"Dur\u00e9e de lecture estim\u00e9e\" \/>\n\t<meta name=\"twitter:data2\" content=\"13 minutes\" \/>\n<script type=\"application\/ld+json\" class=\"yoast-schema-graph\">{\"@context\":\"https:\/\/schema.org\",\"@graph\":[{\"@type\":\"Article\",\"@id\":\"https:\/\/belux.edmo.eu\/fr\/le-projet-de-loi-europen-sur-les-semi-conducteurs-ne-prvoit-pas-dimplanter-des-puces-pour-contrler-la-population\/#article\",\"isPartOf\":{\"@id\":\"https:\/\/belux.edmo.eu\/fr\/le-projet-de-loi-europen-sur-les-semi-conducteurs-ne-prvoit-pas-dimplanter-des-puces-pour-contrler-la-population\/\"},\"author\":{\"name\":\"master\",\"@id\":\"https:\/\/belux.edmo.eu\/#\/schema\/person\/dbe3b252258537fd318f9b5645a30342\"},\"headline\":\"Le projet de loi europ\u00e9en sur les semi-conducteurs ne pr\u00e9voit pas d&rsquo;implanter des puces pour \u00ab\u00a0contr\u00f4ler la population\u00a0\u00bb\",\"datePublished\":\"2023-02-20T09:11:05+00:00\",\"dateModified\":\"2023-02-20T11:13:16+00:00\",\"mainEntityOfPage\":{\"@id\":\"https:\/\/belux.edmo.eu\/fr\/le-projet-de-loi-europen-sur-les-semi-conducteurs-ne-prvoit-pas-dimplanter-des-puces-pour-contrler-la-population\/\"},\"wordCount\":2780,\"publisher\":{\"@id\":\"https:\/\/belux.edmo.eu\/#organization\"},\"image\":{\"@id\":\"https:\/\/belux.edmo.eu\/fr\/le-projet-de-loi-europen-sur-les-semi-conducteurs-ne-prvoit-pas-dimplanter-des-puces-pour-contrler-la-population\/#primaryimage\"},\"thumbnailUrl\":\"https:\/\/belux-edmo.s3-accelerate.amazonaws.com\/wp-content\/uploads\/2023\/02\/5133c1bab1dd1d586afeae8562165c2face84e76-ipad.jpg\",\"articleSection\":[\"Fact-Check\",\"Politique\",\"Societe\"],\"inLanguage\":\"fr-FR\"},{\"@type\":\"WebPage\",\"@id\":\"https:\/\/belux.edmo.eu\/fr\/le-projet-de-loi-europen-sur-les-semi-conducteurs-ne-prvoit-pas-dimplanter-des-puces-pour-contrler-la-population\/\",\"url\":\"https:\/\/belux.edmo.eu\/fr\/le-projet-de-loi-europen-sur-les-semi-conducteurs-ne-prvoit-pas-dimplanter-des-puces-pour-contrler-la-population\/\",\"name\":\"Le projet de loi europ\u00e9en sur les semi-conducteurs ne pr\u00e9voit pas d'implanter des puces pour \\\"contr\u00f4ler la population\\\" - EDMO Belux\",\"isPartOf\":{\"@id\":\"https:\/\/belux.edmo.eu\/#website\"},\"primaryImageOfPage\":{\"@id\":\"https:\/\/belux.edmo.eu\/fr\/le-projet-de-loi-europen-sur-les-semi-conducteurs-ne-prvoit-pas-dimplanter-des-puces-pour-contrler-la-population\/#primaryimage\"},\"image\":{\"@id\":\"https:\/\/belux.edmo.eu\/fr\/le-projet-de-loi-europen-sur-les-semi-conducteurs-ne-prvoit-pas-dimplanter-des-puces-pour-contrler-la-population\/#primaryimage\"},\"thumbnailUrl\":\"https:\/\/belux-edmo.s3-accelerate.amazonaws.com\/wp-content\/uploads\/2023\/02\/5133c1bab1dd1d586afeae8562165c2face84e76-ipad.jpg\",\"datePublished\":\"2023-02-20T09:11:05+00:00\",\"dateModified\":\"2023-02-20T11:13:16+00:00\",\"breadcrumb\":{\"@id\":\"https:\/\/belux.edmo.eu\/fr\/le-projet-de-loi-europen-sur-les-semi-conducteurs-ne-prvoit-pas-dimplanter-des-puces-pour-contrler-la-population\/#breadcrumb\"},\"inLanguage\":\"fr-FR\",\"potentialAction\":[{\"@type\":\"ReadAction\",\"target\":[\"https:\/\/belux.edmo.eu\/fr\/le-projet-de-loi-europen-sur-les-semi-conducteurs-ne-prvoit-pas-dimplanter-des-puces-pour-contrler-la-population\/\"]}]},{\"@type\":\"ImageObject\",\"inLanguage\":\"fr-FR\",\"@id\":\"https:\/\/belux.edmo.eu\/fr\/le-projet-de-loi-europen-sur-les-semi-conducteurs-ne-prvoit-pas-dimplanter-des-puces-pour-contrler-la-population\/#primaryimage\",\"url\":\"https:\/\/belux-edmo.s3-accelerate.amazonaws.com\/wp-content\/uploads\/2023\/02\/5133c1bab1dd1d586afeae8562165c2face84e76-ipad.jpg\",\"contentUrl\":\"https:\/\/belux-edmo.s3-accelerate.amazonaws.com\/wp-content\/uploads\/2023\/02\/5133c1bab1dd1d586afeae8562165c2face84e76-ipad.jpg\",\"width\":1080,\"height\":540,\"caption\":\"Le projet de loi europ\u00e9en sur les semi-conducteurs ne pr\u00e9voit pas d'implanter des puces pour \\\"contr\u00f4ler la population\\\" - Featured image\"},{\"@type\":\"BreadcrumbList\",\"@id\":\"https:\/\/belux.edmo.eu\/fr\/le-projet-de-loi-europen-sur-les-semi-conducteurs-ne-prvoit-pas-dimplanter-des-puces-pour-contrler-la-population\/#breadcrumb\",\"itemListElement\":[{\"@type\":\"ListItem\",\"position\":1,\"name\":\"Home\",\"item\":\"https:\/\/belux.edmo.eu\/fr\/\"},{\"@type\":\"ListItem\",\"position\":2,\"name\":\"Le projet de loi europ\u00e9en sur les semi-conducteurs ne pr\u00e9voit pas d&#8217;implanter des puces pour &#8220;contr\u00f4ler la population&#8221;\"}]},{\"@type\":\"WebSite\",\"@id\":\"https:\/\/belux.edmo.eu\/#website\",\"url\":\"https:\/\/belux.edmo.eu\/\",\"name\":\"EDMO Belux\",\"description\":\"Monitoring Disinformation in Belgium and Luxembourg\",\"publisher\":{\"@id\":\"https:\/\/belux.edmo.eu\/#organization\"},\"potentialAction\":[{\"@type\":\"SearchAction\",\"target\":{\"@type\":\"EntryPoint\",\"urlTemplate\":\"https:\/\/belux.edmo.eu\/?s={search_term_string}\"},\"query-input\":{\"@type\":\"PropertyValueSpecification\",\"valueRequired\":true,\"valueName\":\"search_term_string\"}}],\"inLanguage\":\"fr-FR\"},{\"@type\":\"Organization\",\"@id\":\"https:\/\/belux.edmo.eu\/#organization\",\"name\":\"EDMO Belux\",\"url\":\"https:\/\/belux.edmo.eu\/\",\"logo\":{\"@type\":\"ImageObject\",\"inLanguage\":\"fr-FR\",\"@id\":\"https:\/\/belux.edmo.eu\/#\/schema\/logo\/image\/\",\"url\":\"https:\/\/belux.edmo.eu\/wp-content\/uploads\/2021\/12\/belux-logo-full-color-rgb.svg\",\"contentUrl\":\"https:\/\/belux.edmo.eu\/wp-content\/uploads\/2021\/12\/belux-logo-full-color-rgb.svg\",\"width\":1,\"height\":1,\"caption\":\"EDMO Belux\"},\"image\":{\"@id\":\"https:\/\/belux.edmo.eu\/#\/schema\/logo\/image\/\"},\"sameAs\":[\"https:\/\/x.com\/Edmo_Belux\"]},{\"@type\":\"Person\",\"@id\":\"https:\/\/belux.edmo.eu\/#\/schema\/person\/dbe3b252258537fd318f9b5645a30342\",\"name\":\"master\",\"sameAs\":[\"https:\/\/belux.wpengine.com\"],\"url\":\"https:\/\/belux.edmo.eu\/fr\/author\/master\/\"}]}<\/script>\n<!-- \/ Yoast SEO plugin. -->","yoast_head_json":{"title":"Le projet de loi europ\u00e9en sur les semi-conducteurs ne pr\u00e9voit pas d'implanter des puces pour \"contr\u00f4ler la population\" - EDMO Belux","robots":{"index":"index","follow":"follow","max-snippet":"max-snippet:-1","max-image-preview":"max-image-preview:large","max-video-preview":"max-video-preview:-1"},"canonical":"https:\/\/belux.edmo.eu\/fr\/le-projet-de-loi-europen-sur-les-semi-conducteurs-ne-prvoit-pas-dimplanter-des-puces-pour-contrler-la-population\/","og_locale":"fr_FR","og_type":"article","og_title":"Le projet de loi europ\u00e9en sur les semi-conducteurs ne pr\u00e9voit pas d'implanter des puces pour \"contr\u00f4ler la population\" - EDMO Belux","og_description":"\"La possession \u00e9lectronique des corps: Ursula #vonderleyen et les bureaucrates de l'#UE se pr\u00e9parent \u00e0 la mise en place d'une puce \u00e9lectronique pour les citoyens en 2023 et au passage au syst\u00e8me chinois de cr\u00e9dit social\",\u00a0affirme l'auteure de ce tweet, relay\u00e9 plus de 800 fois depuis fin d\u00e9cembre 2022.\u00a0","og_url":"https:\/\/belux.edmo.eu\/fr\/le-projet-de-loi-europen-sur-les-semi-conducteurs-ne-prvoit-pas-dimplanter-des-puces-pour-contrler-la-population\/","og_site_name":"EDMO Belux","article_published_time":"2023-02-20T09:11:05+00:00","article_modified_time":"2023-02-20T11:13:16+00:00","og_image":[{"width":1080,"height":540,"url":"https:\/\/belux-edmo.s3-accelerate.amazonaws.com\/wp-content\/uploads\/2023\/02\/5133c1bab1dd1d586afeae8562165c2face84e76-ipad.jpg","type":"image\/jpeg"}],"author":"master","twitter_card":"summary_large_image","twitter_creator":"@Edmo_Belux","twitter_site":"@Edmo_Belux","twitter_misc":{"\u00c9crit par":"master","Dur\u00e9e de lecture estim\u00e9e":"13 minutes"},"schema":{"@context":"https:\/\/schema.org","@graph":[{"@type":"Article","@id":"https:\/\/belux.edmo.eu\/fr\/le-projet-de-loi-europen-sur-les-semi-conducteurs-ne-prvoit-pas-dimplanter-des-puces-pour-contrler-la-population\/#article","isPartOf":{"@id":"https:\/\/belux.edmo.eu\/fr\/le-projet-de-loi-europen-sur-les-semi-conducteurs-ne-prvoit-pas-dimplanter-des-puces-pour-contrler-la-population\/"},"author":{"name":"master","@id":"https:\/\/belux.edmo.eu\/#\/schema\/person\/dbe3b252258537fd318f9b5645a30342"},"headline":"Le projet de loi europ\u00e9en sur les semi-conducteurs ne pr\u00e9voit pas d&rsquo;implanter des puces pour \u00ab\u00a0contr\u00f4ler la population\u00a0\u00bb","datePublished":"2023-02-20T09:11:05+00:00","dateModified":"2023-02-20T11:13:16+00:00","mainEntityOfPage":{"@id":"https:\/\/belux.edmo.eu\/fr\/le-projet-de-loi-europen-sur-les-semi-conducteurs-ne-prvoit-pas-dimplanter-des-puces-pour-contrler-la-population\/"},"wordCount":2780,"publisher":{"@id":"https:\/\/belux.edmo.eu\/#organization"},"image":{"@id":"https:\/\/belux.edmo.eu\/fr\/le-projet-de-loi-europen-sur-les-semi-conducteurs-ne-prvoit-pas-dimplanter-des-puces-pour-contrler-la-population\/#primaryimage"},"thumbnailUrl":"https:\/\/belux-edmo.s3-accelerate.amazonaws.com\/wp-content\/uploads\/2023\/02\/5133c1bab1dd1d586afeae8562165c2face84e76-ipad.jpg","articleSection":["Fact-Check","Politique","Societe"],"inLanguage":"fr-FR"},{"@type":"WebPage","@id":"https:\/\/belux.edmo.eu\/fr\/le-projet-de-loi-europen-sur-les-semi-conducteurs-ne-prvoit-pas-dimplanter-des-puces-pour-contrler-la-population\/","url":"https:\/\/belux.edmo.eu\/fr\/le-projet-de-loi-europen-sur-les-semi-conducteurs-ne-prvoit-pas-dimplanter-des-puces-pour-contrler-la-population\/","name":"Le projet de loi europ\u00e9en sur les semi-conducteurs ne pr\u00e9voit pas d'implanter des puces pour \"contr\u00f4ler la population\" - EDMO Belux","isPartOf":{"@id":"https:\/\/belux.edmo.eu\/#website"},"primaryImageOfPage":{"@id":"https:\/\/belux.edmo.eu\/fr\/le-projet-de-loi-europen-sur-les-semi-conducteurs-ne-prvoit-pas-dimplanter-des-puces-pour-contrler-la-population\/#primaryimage"},"image":{"@id":"https:\/\/belux.edmo.eu\/fr\/le-projet-de-loi-europen-sur-les-semi-conducteurs-ne-prvoit-pas-dimplanter-des-puces-pour-contrler-la-population\/#primaryimage"},"thumbnailUrl":"https:\/\/belux-edmo.s3-accelerate.amazonaws.com\/wp-content\/uploads\/2023\/02\/5133c1bab1dd1d586afeae8562165c2face84e76-ipad.jpg","datePublished":"2023-02-20T09:11:05+00:00","dateModified":"2023-02-20T11:13:16+00:00","breadcrumb":{"@id":"https:\/\/belux.edmo.eu\/fr\/le-projet-de-loi-europen-sur-les-semi-conducteurs-ne-prvoit-pas-dimplanter-des-puces-pour-contrler-la-population\/#breadcrumb"},"inLanguage":"fr-FR","potentialAction":[{"@type":"ReadAction","target":["https:\/\/belux.edmo.eu\/fr\/le-projet-de-loi-europen-sur-les-semi-conducteurs-ne-prvoit-pas-dimplanter-des-puces-pour-contrler-la-population\/"]}]},{"@type":"ImageObject","inLanguage":"fr-FR","@id":"https:\/\/belux.edmo.eu\/fr\/le-projet-de-loi-europen-sur-les-semi-conducteurs-ne-prvoit-pas-dimplanter-des-puces-pour-contrler-la-population\/#primaryimage","url":"https:\/\/belux-edmo.s3-accelerate.amazonaws.com\/wp-content\/uploads\/2023\/02\/5133c1bab1dd1d586afeae8562165c2face84e76-ipad.jpg","contentUrl":"https:\/\/belux-edmo.s3-accelerate.amazonaws.com\/wp-content\/uploads\/2023\/02\/5133c1bab1dd1d586afeae8562165c2face84e76-ipad.jpg","width":1080,"height":540,"caption":"Le projet de loi europ\u00e9en sur les semi-conducteurs ne pr\u00e9voit pas d'implanter des puces pour \"contr\u00f4ler la population\" - Featured image"},{"@type":"BreadcrumbList","@id":"https:\/\/belux.edmo.eu\/fr\/le-projet-de-loi-europen-sur-les-semi-conducteurs-ne-prvoit-pas-dimplanter-des-puces-pour-contrler-la-population\/#breadcrumb","itemListElement":[{"@type":"ListItem","position":1,"name":"Home","item":"https:\/\/belux.edmo.eu\/fr\/"},{"@type":"ListItem","position":2,"name":"Le projet de loi europ\u00e9en sur les semi-conducteurs ne pr\u00e9voit pas d&#8217;implanter des puces pour &#8220;contr\u00f4ler la population&#8221;"}]},{"@type":"WebSite","@id":"https:\/\/belux.edmo.eu\/#website","url":"https:\/\/belux.edmo.eu\/","name":"EDMO Belux","description":"Monitoring Disinformation in Belgium and Luxembourg","publisher":{"@id":"https:\/\/belux.edmo.eu\/#organization"},"potentialAction":[{"@type":"SearchAction","target":{"@type":"EntryPoint","urlTemplate":"https:\/\/belux.edmo.eu\/?s={search_term_string}"},"query-input":{"@type":"PropertyValueSpecification","valueRequired":true,"valueName":"search_term_string"}}],"inLanguage":"fr-FR"},{"@type":"Organization","@id":"https:\/\/belux.edmo.eu\/#organization","name":"EDMO Belux","url":"https:\/\/belux.edmo.eu\/","logo":{"@type":"ImageObject","inLanguage":"fr-FR","@id":"https:\/\/belux.edmo.eu\/#\/schema\/logo\/image\/","url":"https:\/\/belux.edmo.eu\/wp-content\/uploads\/2021\/12\/belux-logo-full-color-rgb.svg","contentUrl":"https:\/\/belux.edmo.eu\/wp-content\/uploads\/2021\/12\/belux-logo-full-color-rgb.svg","width":1,"height":1,"caption":"EDMO Belux"},"image":{"@id":"https:\/\/belux.edmo.eu\/#\/schema\/logo\/image\/"},"sameAs":["https:\/\/x.com\/Edmo_Belux"]},{"@type":"Person","@id":"https:\/\/belux.edmo.eu\/#\/schema\/person\/dbe3b252258537fd318f9b5645a30342","name":"master","sameAs":["https:\/\/belux.wpengine.com"],"url":"https:\/\/belux.edmo.eu\/fr\/author\/master\/"}]}},"menu_order":0,"_links":{"self":[{"href":"https:\/\/belux.edmo.eu\/fr\/wp-json\/wp\/v2\/posts\/240250","targetHints":{"allow":["GET"]}}],"collection":[{"href":"https:\/\/belux.edmo.eu\/fr\/wp-json\/wp\/v2\/posts"}],"about":[{"href":"https:\/\/belux.edmo.eu\/fr\/wp-json\/wp\/v2\/types\/post"}],"author":[{"embeddable":true,"href":"https:\/\/belux.edmo.eu\/fr\/wp-json\/wp\/v2\/users\/1"}],"replies":[{"embeddable":true,"href":"https:\/\/belux.edmo.eu\/fr\/wp-json\/wp\/v2\/comments?post=240250"}],"version-history":[{"count":0,"href":"https:\/\/belux.edmo.eu\/fr\/wp-json\/wp\/v2\/posts\/240250\/revisions"}],"wp:featuredmedia":[{"embeddable":true,"href":"https:\/\/belux.edmo.eu\/fr\/wp-json\/wp\/v2\/media\/240230"}],"wp:attachment":[{"href":"https:\/\/belux.edmo.eu\/fr\/wp-json\/wp\/v2\/media?parent=240250"}],"wp:term":[{"taxonomy":"category","embeddable":true,"href":"https:\/\/belux.edmo.eu\/fr\/wp-json\/wp\/v2\/categories?post=240250"},{"taxonomy":"post_tag","embeddable":true,"href":"https:\/\/belux.edmo.eu\/fr\/wp-json\/wp\/v2\/tags?post=240250"}],"curies":[{"name":"wp","href":"https:\/\/api.w.org\/{rel}","templated":true}]}}