{"id":253983,"date":"2023-03-24T09:33:21","date_gmt":"2023-03-24T09:33:21","guid":{"rendered":"https:\/\/belux.edmo.eu\/?p=253983"},"modified":"2023-03-22T09:49:48","modified_gmt":"2023-03-22T09:49:48","slug":"ceci-est-une-cration-artistique-et-non-limage-la-plus-dtaille-dune-cellule-humaine-ce-jour","status":"publish","type":"post","link":"https:\/\/belux.edmo.eu\/fr\/ceci-est-une-cration-artistique-et-non-limage-la-plus-dtaille-dune-cellule-humaine-ce-jour\/","title":{"rendered":"Ceci est une cr\u00e9ation artistique et non \u00ab\u00a0l&rsquo;image la plus d\u00e9taill\u00e9e d&rsquo;une cellule humaine \u00e0 ce jour\u00a0\u00bb"},"content":{"rendered":"<p><b>Une peinture num\u00e9rique est partag\u00e9e sur les r\u00e9seaux sociaux depuis plusieurs ann\u00e9es par des internautes affirmant qu&rsquo;il ne s&rsquo;agit<em> \u00ab\u00a0pas d&rsquo;un tableau\u00a0\u00bb<\/em>, mais de <em>\u00ab\u00a0l&rsquo;image la plus d\u00e9taill\u00e9e d&rsquo;une cellule humaine \u00e0 ce jour, obtenue par radiographie, r\u00e9sonance magn\u00e9tique nucl\u00e9aire et microscopie cryo\u00e9lectronique\u00a0\u00bb.\u00a0<\/em>Il s&rsquo;agit en r\u00e9alit\u00e9 d&rsquo;une illustration \u00e0 vis\u00e9e p\u00e9dagogique, r\u00e9alis\u00e9e il y a plus de vingt ans, a expliqu\u00e9 son auteur \u00e0 l&rsquo;AFP. Les technologies actuelles ne permettent pas d&rsquo;obtenir une repr\u00e9sentation de cellule avec ce niveau de d\u00e9tail ni ces couleurs, a d\u00e9clar\u00e9 un biologiste \u00e0 l&rsquo;AFP.\u00a0<\/b><\/p>\n<p><em>\u00ab\u00a0Ce n&rsquo;est pas un tableau. C&rsquo;est l&rsquo;image la plus d\u00e9taill\u00e9e d&rsquo;une cellule humaine \u00e0 ce jour, obtenue par radiographie, r\u00e9sonance magn\u00e9tique nucl\u00e9aire et microscopie cryo\u00e9lectronique\u00a0\u00bb,\u00a0<\/em>affirme l&rsquo;auteur d &lsquo;une <a href=\"https:\/\/archive.ph\/SWXMK\" target=\"_blank\" rel=\"noopener\" shape=\"rect\">publication<\/a>, relay\u00e9e plus de 600 fois depuis ao\u00fbt 2022. Il partage une image color\u00e9e de ce qui ressemble \u00e0 une cellule, avec ses diff\u00e9rents \u00e9l\u00e9ments.<\/p>\n<p>Cette image accompagn\u00e9e d&rsquo;un commentaire trompeur a \u00e9galement \u00e9t\u00e9 partag\u00e9e plus r\u00e9cemment, <a href=\"https:\/\/perma.cc\/3HHD-DUZD\" target=\"_blank\" rel=\"noopener\" shape=\"rect\">en mars 2023<\/a>. Elle a \u00e9galement circul\u00e9 sur les r\u00e9seaux sociaux dans d&rsquo;autres langues et fait l&rsquo;objet d&rsquo;articles de v\u00e9rification de l&rsquo;AFP en <a href=\"https:\/\/verificat.afp.com\/doc.afp.com.32DE2E4\" target=\"_blank\" rel=\"noopener\" shape=\"rect\">roumain<\/a>, en <a href=\"https:\/\/tenykerdes.afp.com\/doc.afp.com.32FL47B\" target=\"_blank\" rel=\"noopener\" shape=\"rect\">hongrois<\/a> en <a href=\"https:\/\/factcheck.afp.com\/http%253A%252F%252Fdoc.afp.com%252F9GD4Z3-6\" target=\"_blank\" rel=\"noopener\" shape=\"rect\">anglais<\/a> ou encore <a href=\"https:\/\/sprawdzam.afp.com\/doc.afp.com.32AC8VF\" target=\"_blank\" rel=\"noopener\" shape=\"rect\">en polonais<\/a>.<\/p>\n<div class=\"g2image\">\n<figure><img src=\"https:\/\/belux-edmo.s3-accelerate.amazonaws.com\/wp-content\/uploads\/2023\/03\/de231fb9594e2cbd17ad62597d074ff9af1dba34-ipad.jpg\" \/><figcaption>Capture d&rsquo;\u00e9cran r\u00e9alis\u00e9e le 20\/03\/2023 sur Facebook<\/figcaption><\/figure>\n<\/div>\n<p>Certaines publications en fran\u00e7ais semblent avoir \u00e9t\u00e9 traduites depuis l&rsquo;anglais, puisqu&rsquo;elles parlent de \u00ab\u00a0gallons\u00a0\u00bb &#8211; une unit\u00e9 de volume utilis\u00e9e pour mesurer les liquides et utilis\u00e9e dans les pays anglo-saxons.<\/p>\n<p>Dans les commentaires de ces publications, certains internautes sont admiratifs<em>: \u00ab\u00a0c&rsquo;est absolument merveilleux et incroyable\u00a0\u00bb. <\/em>D&rsquo;autres pr\u00e9viennent que l&rsquo;image n&rsquo;a<em> \u00ab\u00a0rien \u00e0 voir avec une &lsquo;radiographie, r\u00e9sonance magn\u00e9tique nucl\u00e9aire et microscopie cryo\u00e9lectronique&rsquo; (sic) Il s&rsquo;agit d&rsquo;une repr\u00e9sentation artistique r\u00e9alis\u00e9e par Russell Kightley\u00a0\u00bb.<\/em><\/p>\n<p><b>Une \u00ab\u00a0illustration\u00a0\u00bb \u00e0 vis\u00e9e p\u00e9dagogique<\/b><\/p>\n<p>Une recherche d&rsquo;image invers\u00e9e avec l&rsquo;outil Tineye renvoie en effet vers plusieurs sites mentionnant l&rsquo;artiste anglo-australien Russell Kightley: <a href=\"https:\/\/www.alamy.com\/this-image-may-not-be-used-in-educational-posters-animal-cell-cutaway-artwork-the-cell-membrane-green-surrounds-internal-structures-organelles-t-image335346961.html?irclickid=xiQSRPQAOxyNUrhVq0S590vEUkAR58zmHzTQxU0&amp;utm_source=77643&amp;utm_campaign=Shop%20Royalty%20Free%20at%20Alamy&amp;utm_medium=impact&amp;irgwc=1\" target=\"_blank\" rel=\"noopener\" shape=\"rect\">ici<\/a>\u00a0<a href=\"https:\/\/perma.cc\/689A-979Y\" target=\"_blank\" rel=\"noopener\" shape=\"rect\">(lien archiv\u00e9)<\/a> ou <a href=\"http:\/\/www.rkm.com.au\/posters\/\" target=\"_blank\" rel=\"noopener\" shape=\"rect\">ici<\/a> (<a href=\"https:\/\/perma.cc\/T7Q6-DCY9\" target=\"_blank\" rel=\"noopener\" shape=\"rect\">lien archiv\u00e9<\/a>) par exemple.<\/p>\n<p>Une recherche sur le site de l&rsquo;artiste permet de <a href=\"https:\/\/russell-kightley.pixels.com\/featured\/animal-cell-russell-kightley.html\" target=\"_blank\" rel=\"noopener\" shape=\"rect\">retrouver cette image<\/a> (lien archiv\u00e9 <a href=\"https:\/\/archive.ph\/iLRNF\" target=\"_blank\" rel=\"noopener\" shape=\"rect\">ici<\/a>) intitul\u00e9e \u00ab\u00a0cellule animale\u00a0\u00bb. La description indique qu&rsquo;il s&rsquo;agit de l&rsquo;<em>\u00ab\u00a0illustration en coupe d&rsquo;une cellule animale montrant les principales ultrastructures et organites d&rsquo;une cellule (&#8230;) <\/em><em>Des couleurs dignes d&rsquo;un bijou et des d\u00e9tails tr\u00e8s fins font de cette image un outil id\u00e9al pour illustrer la complexit\u00e9 au niveau cellulaire. <\/em><em>Cr\u00e9\u00e9e \u00e0 l&rsquo;origine pour BioCam, cette image figure en pleine page dans le dernier best-seller de Richard Dawkins, &lsquo;<\/em><em>The Greatest Show on Earth'\u00a0\u00bb.\u00a0<\/em><\/p>\n<div class=\"g2image\">\n<figure><img src=\"https:\/\/belux-edmo.s3-accelerate.amazonaws.com\/wp-content\/uploads\/2023\/03\/d17eff1f6b5d7f3475d60d0725fc5a4659cf2b93-ipad.jpg\" \/><figcaption>Capture d&rsquo;\u00e9cran r\u00e9alis\u00e9e le 20\/03\/2023 sur le site de l&rsquo;artiste Russell Kightley<\/figcaption><\/figure>\n<\/div>\n<p>On retrouve \u00e9galement cette image <a href=\"https:\/\/perma.cc\/4EB9-498Y\" target=\"_blank\" rel=\"noopener\" shape=\"rect\">sur le site<\/a> de l&rsquo;entreprise BioCam (num\u00e9ro wc48), qui g\u00e9n\u00e8re des tableaux et des affiches de biologie.<\/p>\n<p><a href=\"https:\/\/perma.cc\/MMV4-4YH6\" target=\"_blank\" rel=\"noopener\" shape=\"rect\">La biographie<\/a> de Russell Kightley disponible sur son site indique qu&rsquo;il a d\u00e9but\u00e9 l&rsquo;illustration m\u00e9dicale en milieu hospitalier en 1981 et qu&rsquo;il est l&rsquo;auteur de plusieurs vid\u00e9os d&rsquo;\u00e9ducation sur la sant\u00e9. Ses illustrations sont aujourd&rsquo;hui publi\u00e9es dans de nombreuses revues scientifiques comme Nature, New Scientist, BMJ, sur le site de la Nasa ou encore dans le livre du biologiste britannique Richard Dawkins, <a href=\"https:\/\/www.babelio.com\/livres\/Dawkins-Le-plus-grand-spectacle-du-monde\/230279\" target=\"_blank\" rel=\"noopener\" shape=\"rect\">Le plus grand spectacle du monde <\/a>(The Greatest Show on Earth).<\/p>\n<p><b>Une repr\u00e9sentation artistique de la r\u00e9alit\u00e9<\/b><\/p>\n<p>Contact\u00e9 par l&rsquo;AFP le 12 mai 2022, Russell Kightley a expliqu\u00e9: <strong><em>\u00ab\u00a0il s&rsquo;agit d&rsquo;une peinture r\u00e9alis\u00e9e pour une affiche \u00e9ducative il y a plus de vingt ans\u00a0\u00bb. <\/em><\/strong>Il s&rsquo;agit donc bien d&rsquo;une illustration et non d&rsquo;une image r\u00e9sultant de l&rsquo;utilisation de techniques d&rsquo;imagerie m\u00e9dicale, contrairement \u00e0 ce qu&rsquo;affirment certains internautes.<\/p>\n<p>Interrog\u00e9 sur le r\u00e9alisme de cette image, Russell Kightley a d\u00e9clar\u00e9 \u00e0 l&rsquo;AFP: <em>\u00ab\u00a0toutes les illustrations scientifiques sont, d&rsquo;une fa\u00e7on ou d&rsquo;une autre, des interpr\u00e9tations artistiques. Certaines s&rsquo;efforcent d&rsquo;\u00eatre plus pr\u00e9cises que d&rsquo;autres, par exemple en respectant les \u00e9chelles relatives des composants de l&rsquo;image ou de l&rsquo;animation (par exemple, la taille des prot\u00e9ines virales et des mol\u00e9cules d&rsquo;anticorps)\u00a0\u00bb.<\/em><\/p>\n<p><em>\u00ab\u00a0<\/em><em>Pour cette image, j&rsquo;ai fait de mon mieux pour la rendre aussi pr\u00e9cise et respectueuse des \u00e9chelles <\/em><em>que possible, tout en la gardant claire et g\u00e9n\u00e9rique<\/em><em>\u00ab\u00a0,<\/em> a-t-il ajout\u00e9, avant de pr\u00e9ciser qu&rsquo; <em>\u00ab\u00a0au final, il s&rsquo;agit d&rsquo;une peinture num\u00e9rique, donc il y a une grande part d&rsquo;interpr\u00e9tation\u00a0\u00bb<\/em>.<\/p>\n<p>Dans <a href=\"https:\/\/perma.cc\/Y96H-H6Z7?type=image\" target=\"_blank\" rel=\"noopener\" shape=\"rect\">un article de blog<\/a> publi\u00e9 le 25 juillet 2021 et dans lequel il \u00e9voque les fausses informations dont a \u00e9t\u00e9 victime son travail, Russell Kightley donne des pr\u00e9cisions sur la technique utilis\u00e9e\u00a0 pour r\u00e9aliser cette image:<em> \u00ab\u00a0il a fallu six semaines de travail \u00e0 temps plein pour cr\u00e9er (cette image) en utilisant Painter\u00a0\u00bb, <\/em><a href=\"https:\/\/perma.cc\/Y7S4-UNBP\" target=\"_blank\" rel=\"noopener\" shape=\"rect\">un logiciel d&rsquo;art num\u00e9rique<\/a>, qui permet de r\u00e9aliser des peintures digitales.<\/p>\n<p><em>\u00ab\u00a0Je voulais que cela ressemble \u00e0 une bo\u00eete \u00e0 bijoux ouverte\u00a0\u00bb<\/em>, explique l&rsquo;artiste, qui pr\u00e9cise que <em>\u00ab\u00a0les couleurs sont arbitraires\u00a0\u00bb<\/em>. Il s&rsquo;agit <em>\u00ab\u00a0d&rsquo;une cellule animale (y compris humaine) g\u00e9n\u00e9rique, con\u00e7ue comme un outil d&rsquo;enseignement de base pour la biologie\u00a0\u00bb.\u00a0<\/em><\/p>\n<p>Pour cr\u00e9er cette image, Russell Kightley a expliqu\u00e9 \u00e0 l&rsquo;AFP avoir r\u00e9alis\u00e9 <em>\u00ab\u00a0beaucoup de recherches sur la structure cellulaire\u00a0\u00bb. \u00ab\u00a0Les humains sont des animaux, donc une cellule animale basique est pertinente (pour repr\u00e9senter) une cellule humaine\u00a0\u00bb,\u00a0<\/em>a-t-il pr\u00e9cis\u00e9.<\/p>\n<p><em>\u00ab\u00a0Les <\/em><em>cellules humaines ne sont pas fondamentalement diff\u00e9rentes des cellules animales. Il y a bien s\u00fbr des diff\u00e9rences qui affectent certains cellules sp\u00e9cialis\u00e9es, mais en g\u00e9n\u00e9ral les cellules eucaryotes typiques sont structur\u00e9es de la m\u00eame mani\u00e8re\u00a0\u00bb, <\/em>a d\u00e9clar\u00e9 \u00e0 l&rsquo;AFP <a href=\"https:\/\/perma.cc\/MBH3-SD6J\" target=\"_blank\" rel=\"noopener\" shape=\"rect\">le Dr Renata Godlewska<\/a>, du d\u00e9partement de g\u00e9n\u00e9tique bact\u00e9rienne \u00e0 l&rsquo;Institut de microbiologie de Varsovie, le 17 mai 2022.<\/p>\n<p><a href=\"https:\/\/www.ovg.ox.ac.uk\/team\/emilia-skirmuntt\" target=\"_blank\" rel=\"noopener\" shape=\"rect\">Emilia Skirmuntt<\/a> , virologue sp\u00e9cialiste de l&rsquo;\u00e9volution et chercheuse postdoctorale au sein de l&rsquo;Oxford Vaccine Group de l&rsquo;Universit\u00e9 d&rsquo;Oxford, a \u00e9galement expliqu\u00e9 que les humains \u00e9tant des vert\u00e9br\u00e9s et des mammif\u00e8res,<em> \u00ab\u00a0leurs cellules, comme les cellules de tous les animaux, sont des cellules eucaryotes sans paroi cellulaire\u00a0\u00bb.<\/em><\/p>\n<p><b>\u00ab\u00a0Sch\u00e9ma simplifi\u00e9\u00a0\u00bb<\/b><\/p>\n<p>L&rsquo;AFP a soumis cette image au directeur adjoint scientifique de l&rsquo;institut des sciences biologiques du CNRS, <a href=\"https:\/\/perma.cc\/L9QN-EGXP\" target=\"_blank\" rel=\"noopener\" shape=\"rect\">Patrick Blader<\/a>. <em>\u00ab\u00a0On est sur un sch\u00e9ma de cellule tr\u00e8s simplifi\u00e9, un rendu artistique plus ou moins correct, mais qui n\u2019est pas sorti de donn\u00e9es scientifiques\u00a0\u00bb, <\/em>a-t-il expliqu\u00e9 le 20 mars 2023.<\/p>\n<p>Une repr\u00e9sentation de cellule obtenue \u00e0 l&rsquo;aide de techniques d&rsquo;imagerie m\u00e9dicale n&rsquo;aurait <em>\u00ab\u00a0pas de couleur\u00a0\u00bb<\/em>, a-t-il pr\u00e9cis\u00e9. Actuellement <em>\u00ab\u00a0on peut voir les parties de cellules en haute r\u00e9solution, mais il n&rsquo;est pas possible d&rsquo;avoir ce type de d\u00e9tails impressionnants\u00a0\u00bb, <\/em>a-t-il ajout\u00e9.<\/p>\n<p>Les techniques d&rsquo;imagerie \u00e9voqu\u00e9es dans ces publications trompeuses permettent en revanche aux scientifiques de mod\u00e9liser des repr\u00e9sentations 3D de cellules, comme <a href=\"https:\/\/gaelmcgill.artstation.com\/projects\/Pm0JL1\" target=\"_blank\" rel=\"noopener\" shape=\"rect\">cette image<\/a> (lien <a href=\"https:\/\/perma.cc\/JXF9-TAFQ\" target=\"_blank\" rel=\"noopener\" shape=\"rect\">archiv\u00e9<\/a>), qui a \u00e9galement fait l&rsquo;objet d&rsquo;<a href=\"https:\/\/faktencheck.afp.com\/doc.afp.com.33BR7R2\" target=\"_blank\" rel=\"noopener\" shape=\"rect\">un article de v\u00e9rification<\/a> (en allemand) de l&rsquo;AFP. Il s&rsquo;agit, explique son auteur, du <em>\u00ab\u00a0rendu 3D d&rsquo;une cellule eucaryote mod\u00e9lis\u00e9 \u00e0 l&rsquo;aide de donn\u00e9es de radiographie, de r\u00e9sonance magn\u00e9tique nucl\u00e9aire (RMN) et de cryo-microscopie \u00e9lectronique\u00a0\u00bb.\u00a0<\/em><\/p>\n<p>La <a href=\"https:\/\/perma.cc\/2QBK-52RA\" target=\"_blank\" rel=\"noopener\" shape=\"rect\">cryo-microscopie<\/a>, r\u00e9compens\u00e9e par le prix Nobel de Chimie en 2017, permet de d\u00e9terminer la structure des prot\u00e9ines et des virus. <a href=\"https:\/\/www.cancer.be\/les-cancers\/examens-m-dicaux\/radiographie-ou-examen-aux-rayons-x\" target=\"_blank\" rel=\"noopener\" shape=\"rect\">La radiographie<\/a> utilise des rayons X pour observer l&rsquo;int\u00e9rieur du corps et diagnostiquer d&rsquo;\u00e9ventuels probl\u00e8mes et la <a href=\"https:\/\/www.inc.cnrs.fr\/fr\/cnrsinfo\/le-futur-de-la-resonance-magnetique-nucleaire-haut-champ-la-rmn-deux-champs\" target=\"_blank\" rel=\"noopener\" shape=\"rect\">r\u00e9sonance magn\u00e9tique nucl\u00e9aire<\/a> permet d&rsquo;observer la structure d&rsquo;un atome et de <a href=\"https:\/\/images.cnrs.fr\/photo\/19980001_0099\" target=\"_blank\" rel=\"noopener\" shape=\"rect\">cartographier l&rsquo;oxyg\u00e8ne du corps humain<\/a>.<\/p>\n","protected":false},"excerpt":{"rendered":"<p>\u00ab\u00a0Ce n&rsquo;est pas un tableau. C&rsquo;est l&rsquo;image la plus d\u00e9taill\u00e9e d&rsquo;une cellule humaine \u00e0 ce jour, obtenue par radiographie, r\u00e9sonance magn\u00e9tique nucl\u00e9aire et microscopie cryo\u00e9lectronique\u00a0\u00bb,\u00a0affirme l&rsquo;auteur d &lsquo;une publication, relay\u00e9e plus de 600 fois depuis ao\u00fbt 2022. Il partage une image color\u00e9e de ce qui ressemble \u00e0 une cellule, avec ses diff\u00e9rents \u00e9l\u00e9ments.<\/p>\n","protected":false},"author":1,"featured_media":253968,"comment_status":"closed","ping_status":"open","sticky":false,"template":"","format":"standard","meta":{"_acf_changed":false,"footnotes":""},"categories":[125,138],"tags":[],"class_list":{"0":"post-253983","1":"post","2":"type-post","3":"status-publish","4":"format-standard","5":"has-post-thumbnail","7":"category-fact-check-fr","8":"category-societe"},"acf":{"show_metatags":true,"id":"http:\/\/doc.afp.com\/33BP6DV","authors":"Marie GENRIES \/ Natalia SAWKA \/ AFP Pologne \/ AFP Belgique \/ AFP Hongrie","organization":"AFP","featured_image_copyright":"","text_copyright":"\u00a9 AGENCE FRANCE-PRESSE | 2023 | Tous droits r\u00e9serv\u00e9s. L\u2019acc\u00e8s aux contenus de l'AFP publi\u00e9s sur ce site et, le cas \u00e9ch\u00e9ant, leur utilisation sont soumis aux conditions g\u00e9n\u00e9rales d'utilisation disponibles sur <a href='https:\/\/www.afp.com\/fr\/cgu' target='_blank'>CGU<\/a>. Par cons\u00e9quent, en acc\u00e9dant aux contenus de l\u2019AFP publi\u00e9s sur ce site, et en les utilisant, le cas \u00e9ch\u00e9ant, vous acceptez d'\u00eatre li\u00e9 par les conditions g\u00e9n\u00e9rales d'utilisation susmentionn\u00e9es. L\u2019utilisation de contenus de l'AFP se fait sous votre seule et enti\u00e8re responsabilit\u00e9.","source":"https:\/\/factuel.afp.com\/doc.afp.com.33BP6DV","fact_checker":"https:\/\/belux.wpengine.com\/wp-content\/uploads\/2021\/12\/afp_logo.png","type":"\u00c9v\u00e9nement ferm\u00e9","location":"","start_date":"","start_date_event_begins_at":"","start_date_event_ends_at":"","end_date":"","end_date_event_begins_at":"","end_date_event_ends_at":"","organizer":"","fact_checker_logo_image":false},"yoast_head":"<!-- This site is optimized with the Yoast SEO plugin v27.0 - https:\/\/yoast.com\/product\/yoast-seo-wordpress\/ -->\n<title>Ceci est une cr\u00e9ation artistique et non &quot;l&#039;image la plus d\u00e9taill\u00e9e d&#039;une cellule humaine \u00e0 ce jour&quot; - EDMO Belux<\/title>\n<meta name=\"robots\" content=\"index, follow, max-snippet:-1, max-image-preview:large, max-video-preview:-1\" \/>\n<link rel=\"canonical\" href=\"https:\/\/belux.edmo.eu\/fr\/ceci-est-une-cration-artistique-et-non-limage-la-plus-dtaille-dune-cellule-humaine-ce-jour\/\" \/>\n<meta property=\"og:locale\" content=\"fr_FR\" \/>\n<meta property=\"og:type\" content=\"article\" \/>\n<meta property=\"og:title\" content=\"Ceci est une cr\u00e9ation artistique et non &quot;l&#039;image la plus d\u00e9taill\u00e9e d&#039;une cellule humaine \u00e0 ce jour&quot; - EDMO Belux\" \/>\n<meta property=\"og:description\" content=\"&quot;Ce n&#039;est pas un tableau. C&#039;est l&#039;image la plus d\u00e9taill\u00e9e d&#039;une cellule humaine \u00e0 ce jour, obtenue par radiographie, r\u00e9sonance magn\u00e9tique nucl\u00e9aire et microscopie cryo\u00e9lectronique&quot;,\u00a0affirme l&#039;auteur d &#039;une publication, relay\u00e9e plus de 600 fois depuis ao\u00fbt 2022. Il partage une image color\u00e9e de ce qui ressemble \u00e0 une cellule, avec ses diff\u00e9rents \u00e9l\u00e9ments.\" \/>\n<meta property=\"og:url\" content=\"https:\/\/belux.edmo.eu\/fr\/ceci-est-une-cration-artistique-et-non-limage-la-plus-dtaille-dune-cellule-humaine-ce-jour\/\" \/>\n<meta property=\"og:site_name\" content=\"EDMO Belux\" \/>\n<meta property=\"article:published_time\" content=\"2023-03-24T09:33:21+00:00\" \/>\n<meta property=\"og:image\" content=\"https:\/\/belux-edmo.s3-accelerate.amazonaws.com\/wp-content\/uploads\/2023\/03\/6d9dd1e23a9e5768443773a7f6fb4142551912dd-ipad.jpg\" \/>\n\t<meta property=\"og:image:width\" content=\"1080\" \/>\n\t<meta property=\"og:image:height\" content=\"540\" \/>\n\t<meta property=\"og:image:type\" content=\"image\/jpeg\" \/>\n<meta name=\"author\" content=\"master\" \/>\n<meta name=\"twitter:card\" content=\"summary_large_image\" \/>\n<meta name=\"twitter:creator\" content=\"@Edmo_Belux\" \/>\n<meta name=\"twitter:site\" content=\"@Edmo_Belux\" \/>\n<meta name=\"twitter:label1\" content=\"\u00c9crit par\" \/>\n\t<meta name=\"twitter:data1\" content=\"master\" \/>\n\t<meta name=\"twitter:label2\" content=\"Dur\u00e9e de lecture estim\u00e9e\" \/>\n\t<meta name=\"twitter:data2\" content=\"6 minutes\" \/>\n<script type=\"application\/ld+json\" class=\"yoast-schema-graph\">{\"@context\":\"https:\/\/schema.org\",\"@graph\":[{\"@type\":\"Article\",\"@id\":\"https:\/\/belux.edmo.eu\/fr\/ceci-est-une-cration-artistique-et-non-limage-la-plus-dtaille-dune-cellule-humaine-ce-jour\/#article\",\"isPartOf\":{\"@id\":\"https:\/\/belux.edmo.eu\/fr\/ceci-est-une-cration-artistique-et-non-limage-la-plus-dtaille-dune-cellule-humaine-ce-jour\/\"},\"author\":{\"name\":\"master\",\"@id\":\"https:\/\/belux.edmo.eu\/#\/schema\/person\/dbe3b252258537fd318f9b5645a30342\"},\"headline\":\"Ceci est une cr\u00e9ation artistique et non \u00ab\u00a0l&rsquo;image la plus d\u00e9taill\u00e9e d&rsquo;une cellule humaine \u00e0 ce jour\u00a0\u00bb\",\"datePublished\":\"2023-03-24T09:33:21+00:00\",\"mainEntityOfPage\":{\"@id\":\"https:\/\/belux.edmo.eu\/fr\/ceci-est-une-cration-artistique-et-non-limage-la-plus-dtaille-dune-cellule-humaine-ce-jour\/\"},\"wordCount\":1345,\"publisher\":{\"@id\":\"https:\/\/belux.edmo.eu\/#organization\"},\"image\":{\"@id\":\"https:\/\/belux.edmo.eu\/fr\/ceci-est-une-cration-artistique-et-non-limage-la-plus-dtaille-dune-cellule-humaine-ce-jour\/#primaryimage\"},\"thumbnailUrl\":\"https:\/\/belux-edmo.s3-accelerate.amazonaws.com\/wp-content\/uploads\/2023\/03\/6d9dd1e23a9e5768443773a7f6fb4142551912dd-ipad.jpg\",\"articleSection\":[\"Fact-Check\",\"Societe\"],\"inLanguage\":\"fr-FR\"},{\"@type\":\"WebPage\",\"@id\":\"https:\/\/belux.edmo.eu\/fr\/ceci-est-une-cration-artistique-et-non-limage-la-plus-dtaille-dune-cellule-humaine-ce-jour\/\",\"url\":\"https:\/\/belux.edmo.eu\/fr\/ceci-est-une-cration-artistique-et-non-limage-la-plus-dtaille-dune-cellule-humaine-ce-jour\/\",\"name\":\"Ceci est une cr\u00e9ation artistique et non \\\"l'image la plus d\u00e9taill\u00e9e d'une cellule humaine \u00e0 ce jour\\\" - EDMO Belux\",\"isPartOf\":{\"@id\":\"https:\/\/belux.edmo.eu\/#website\"},\"primaryImageOfPage\":{\"@id\":\"https:\/\/belux.edmo.eu\/fr\/ceci-est-une-cration-artistique-et-non-limage-la-plus-dtaille-dune-cellule-humaine-ce-jour\/#primaryimage\"},\"image\":{\"@id\":\"https:\/\/belux.edmo.eu\/fr\/ceci-est-une-cration-artistique-et-non-limage-la-plus-dtaille-dune-cellule-humaine-ce-jour\/#primaryimage\"},\"thumbnailUrl\":\"https:\/\/belux-edmo.s3-accelerate.amazonaws.com\/wp-content\/uploads\/2023\/03\/6d9dd1e23a9e5768443773a7f6fb4142551912dd-ipad.jpg\",\"datePublished\":\"2023-03-24T09:33:21+00:00\",\"breadcrumb\":{\"@id\":\"https:\/\/belux.edmo.eu\/fr\/ceci-est-une-cration-artistique-et-non-limage-la-plus-dtaille-dune-cellule-humaine-ce-jour\/#breadcrumb\"},\"inLanguage\":\"fr-FR\",\"potentialAction\":[{\"@type\":\"ReadAction\",\"target\":[\"https:\/\/belux.edmo.eu\/fr\/ceci-est-une-cration-artistique-et-non-limage-la-plus-dtaille-dune-cellule-humaine-ce-jour\/\"]}]},{\"@type\":\"ImageObject\",\"inLanguage\":\"fr-FR\",\"@id\":\"https:\/\/belux.edmo.eu\/fr\/ceci-est-une-cration-artistique-et-non-limage-la-plus-dtaille-dune-cellule-humaine-ce-jour\/#primaryimage\",\"url\":\"https:\/\/belux-edmo.s3-accelerate.amazonaws.com\/wp-content\/uploads\/2023\/03\/6d9dd1e23a9e5768443773a7f6fb4142551912dd-ipad.jpg\",\"contentUrl\":\"https:\/\/belux-edmo.s3-accelerate.amazonaws.com\/wp-content\/uploads\/2023\/03\/6d9dd1e23a9e5768443773a7f6fb4142551912dd-ipad.jpg\",\"width\":1080,\"height\":540,\"caption\":\"Ceci est une cr\u00e9ation artistique et non \\\"l'image la plus d\u00e9taill\u00e9e d'une cellule humaine \u00e0 ce jour\\\" - Featured image\"},{\"@type\":\"BreadcrumbList\",\"@id\":\"https:\/\/belux.edmo.eu\/fr\/ceci-est-une-cration-artistique-et-non-limage-la-plus-dtaille-dune-cellule-humaine-ce-jour\/#breadcrumb\",\"itemListElement\":[{\"@type\":\"ListItem\",\"position\":1,\"name\":\"Home\",\"item\":\"https:\/\/belux.edmo.eu\/fr\/\"},{\"@type\":\"ListItem\",\"position\":2,\"name\":\"Ceci est une cr\u00e9ation artistique et non &#8220;l&#8217;image la plus d\u00e9taill\u00e9e d&#8217;une cellule humaine \u00e0 ce jour&#8221;\"}]},{\"@type\":\"WebSite\",\"@id\":\"https:\/\/belux.edmo.eu\/#website\",\"url\":\"https:\/\/belux.edmo.eu\/\",\"name\":\"EDMO Belux\",\"description\":\"Monitoring Disinformation in Belgium and Luxembourg\",\"publisher\":{\"@id\":\"https:\/\/belux.edmo.eu\/#organization\"},\"potentialAction\":[{\"@type\":\"SearchAction\",\"target\":{\"@type\":\"EntryPoint\",\"urlTemplate\":\"https:\/\/belux.edmo.eu\/?s={search_term_string}\"},\"query-input\":{\"@type\":\"PropertyValueSpecification\",\"valueRequired\":true,\"valueName\":\"search_term_string\"}}],\"inLanguage\":\"fr-FR\"},{\"@type\":\"Organization\",\"@id\":\"https:\/\/belux.edmo.eu\/#organization\",\"name\":\"EDMO Belux\",\"url\":\"https:\/\/belux.edmo.eu\/\",\"logo\":{\"@type\":\"ImageObject\",\"inLanguage\":\"fr-FR\",\"@id\":\"https:\/\/belux.edmo.eu\/#\/schema\/logo\/image\/\",\"url\":\"https:\/\/belux.edmo.eu\/wp-content\/uploads\/2021\/12\/belux-logo-full-color-rgb.svg\",\"contentUrl\":\"https:\/\/belux.edmo.eu\/wp-content\/uploads\/2021\/12\/belux-logo-full-color-rgb.svg\",\"width\":1,\"height\":1,\"caption\":\"EDMO Belux\"},\"image\":{\"@id\":\"https:\/\/belux.edmo.eu\/#\/schema\/logo\/image\/\"},\"sameAs\":[\"https:\/\/x.com\/Edmo_Belux\"]},{\"@type\":\"Person\",\"@id\":\"https:\/\/belux.edmo.eu\/#\/schema\/person\/dbe3b252258537fd318f9b5645a30342\",\"name\":\"master\",\"sameAs\":[\"https:\/\/belux.wpengine.com\"],\"url\":\"https:\/\/belux.edmo.eu\/fr\/author\/master\/\"}]}<\/script>\n<!-- \/ Yoast SEO plugin. -->","yoast_head_json":{"title":"Ceci est une cr\u00e9ation artistique et non \"l'image la plus d\u00e9taill\u00e9e d'une cellule humaine \u00e0 ce jour\" - EDMO Belux","robots":{"index":"index","follow":"follow","max-snippet":"max-snippet:-1","max-image-preview":"max-image-preview:large","max-video-preview":"max-video-preview:-1"},"canonical":"https:\/\/belux.edmo.eu\/fr\/ceci-est-une-cration-artistique-et-non-limage-la-plus-dtaille-dune-cellule-humaine-ce-jour\/","og_locale":"fr_FR","og_type":"article","og_title":"Ceci est une cr\u00e9ation artistique et non \"l'image la plus d\u00e9taill\u00e9e d'une cellule humaine \u00e0 ce jour\" - EDMO Belux","og_description":"\"Ce n'est pas un tableau. C'est l'image la plus d\u00e9taill\u00e9e d'une cellule humaine \u00e0 ce jour, obtenue par radiographie, r\u00e9sonance magn\u00e9tique nucl\u00e9aire et microscopie cryo\u00e9lectronique\",\u00a0affirme l'auteur d 'une publication, relay\u00e9e plus de 600 fois depuis ao\u00fbt 2022. Il partage une image color\u00e9e de ce qui ressemble \u00e0 une cellule, avec ses diff\u00e9rents \u00e9l\u00e9ments.","og_url":"https:\/\/belux.edmo.eu\/fr\/ceci-est-une-cration-artistique-et-non-limage-la-plus-dtaille-dune-cellule-humaine-ce-jour\/","og_site_name":"EDMO Belux","article_published_time":"2023-03-24T09:33:21+00:00","og_image":[{"width":1080,"height":540,"url":"https:\/\/belux-edmo.s3-accelerate.amazonaws.com\/wp-content\/uploads\/2023\/03\/6d9dd1e23a9e5768443773a7f6fb4142551912dd-ipad.jpg","type":"image\/jpeg"}],"author":"master","twitter_card":"summary_large_image","twitter_creator":"@Edmo_Belux","twitter_site":"@Edmo_Belux","twitter_misc":{"\u00c9crit par":"master","Dur\u00e9e de lecture estim\u00e9e":"6 minutes"},"schema":{"@context":"https:\/\/schema.org","@graph":[{"@type":"Article","@id":"https:\/\/belux.edmo.eu\/fr\/ceci-est-une-cration-artistique-et-non-limage-la-plus-dtaille-dune-cellule-humaine-ce-jour\/#article","isPartOf":{"@id":"https:\/\/belux.edmo.eu\/fr\/ceci-est-une-cration-artistique-et-non-limage-la-plus-dtaille-dune-cellule-humaine-ce-jour\/"},"author":{"name":"master","@id":"https:\/\/belux.edmo.eu\/#\/schema\/person\/dbe3b252258537fd318f9b5645a30342"},"headline":"Ceci est une cr\u00e9ation artistique et non \u00ab\u00a0l&rsquo;image la plus d\u00e9taill\u00e9e d&rsquo;une cellule humaine \u00e0 ce jour\u00a0\u00bb","datePublished":"2023-03-24T09:33:21+00:00","mainEntityOfPage":{"@id":"https:\/\/belux.edmo.eu\/fr\/ceci-est-une-cration-artistique-et-non-limage-la-plus-dtaille-dune-cellule-humaine-ce-jour\/"},"wordCount":1345,"publisher":{"@id":"https:\/\/belux.edmo.eu\/#organization"},"image":{"@id":"https:\/\/belux.edmo.eu\/fr\/ceci-est-une-cration-artistique-et-non-limage-la-plus-dtaille-dune-cellule-humaine-ce-jour\/#primaryimage"},"thumbnailUrl":"https:\/\/belux-edmo.s3-accelerate.amazonaws.com\/wp-content\/uploads\/2023\/03\/6d9dd1e23a9e5768443773a7f6fb4142551912dd-ipad.jpg","articleSection":["Fact-Check","Societe"],"inLanguage":"fr-FR"},{"@type":"WebPage","@id":"https:\/\/belux.edmo.eu\/fr\/ceci-est-une-cration-artistique-et-non-limage-la-plus-dtaille-dune-cellule-humaine-ce-jour\/","url":"https:\/\/belux.edmo.eu\/fr\/ceci-est-une-cration-artistique-et-non-limage-la-plus-dtaille-dune-cellule-humaine-ce-jour\/","name":"Ceci est une cr\u00e9ation artistique et non \"l'image la plus d\u00e9taill\u00e9e d'une cellule humaine \u00e0 ce jour\" - EDMO Belux","isPartOf":{"@id":"https:\/\/belux.edmo.eu\/#website"},"primaryImageOfPage":{"@id":"https:\/\/belux.edmo.eu\/fr\/ceci-est-une-cration-artistique-et-non-limage-la-plus-dtaille-dune-cellule-humaine-ce-jour\/#primaryimage"},"image":{"@id":"https:\/\/belux.edmo.eu\/fr\/ceci-est-une-cration-artistique-et-non-limage-la-plus-dtaille-dune-cellule-humaine-ce-jour\/#primaryimage"},"thumbnailUrl":"https:\/\/belux-edmo.s3-accelerate.amazonaws.com\/wp-content\/uploads\/2023\/03\/6d9dd1e23a9e5768443773a7f6fb4142551912dd-ipad.jpg","datePublished":"2023-03-24T09:33:21+00:00","breadcrumb":{"@id":"https:\/\/belux.edmo.eu\/fr\/ceci-est-une-cration-artistique-et-non-limage-la-plus-dtaille-dune-cellule-humaine-ce-jour\/#breadcrumb"},"inLanguage":"fr-FR","potentialAction":[{"@type":"ReadAction","target":["https:\/\/belux.edmo.eu\/fr\/ceci-est-une-cration-artistique-et-non-limage-la-plus-dtaille-dune-cellule-humaine-ce-jour\/"]}]},{"@type":"ImageObject","inLanguage":"fr-FR","@id":"https:\/\/belux.edmo.eu\/fr\/ceci-est-une-cration-artistique-et-non-limage-la-plus-dtaille-dune-cellule-humaine-ce-jour\/#primaryimage","url":"https:\/\/belux-edmo.s3-accelerate.amazonaws.com\/wp-content\/uploads\/2023\/03\/6d9dd1e23a9e5768443773a7f6fb4142551912dd-ipad.jpg","contentUrl":"https:\/\/belux-edmo.s3-accelerate.amazonaws.com\/wp-content\/uploads\/2023\/03\/6d9dd1e23a9e5768443773a7f6fb4142551912dd-ipad.jpg","width":1080,"height":540,"caption":"Ceci est une cr\u00e9ation artistique et non \"l'image la plus d\u00e9taill\u00e9e d'une cellule humaine \u00e0 ce jour\" - Featured image"},{"@type":"BreadcrumbList","@id":"https:\/\/belux.edmo.eu\/fr\/ceci-est-une-cration-artistique-et-non-limage-la-plus-dtaille-dune-cellule-humaine-ce-jour\/#breadcrumb","itemListElement":[{"@type":"ListItem","position":1,"name":"Home","item":"https:\/\/belux.edmo.eu\/fr\/"},{"@type":"ListItem","position":2,"name":"Ceci est une cr\u00e9ation artistique et non &#8220;l&#8217;image la plus d\u00e9taill\u00e9e d&#8217;une cellule humaine \u00e0 ce jour&#8221;"}]},{"@type":"WebSite","@id":"https:\/\/belux.edmo.eu\/#website","url":"https:\/\/belux.edmo.eu\/","name":"EDMO Belux","description":"Monitoring Disinformation in Belgium and Luxembourg","publisher":{"@id":"https:\/\/belux.edmo.eu\/#organization"},"potentialAction":[{"@type":"SearchAction","target":{"@type":"EntryPoint","urlTemplate":"https:\/\/belux.edmo.eu\/?s={search_term_string}"},"query-input":{"@type":"PropertyValueSpecification","valueRequired":true,"valueName":"search_term_string"}}],"inLanguage":"fr-FR"},{"@type":"Organization","@id":"https:\/\/belux.edmo.eu\/#organization","name":"EDMO Belux","url":"https:\/\/belux.edmo.eu\/","logo":{"@type":"ImageObject","inLanguage":"fr-FR","@id":"https:\/\/belux.edmo.eu\/#\/schema\/logo\/image\/","url":"https:\/\/belux.edmo.eu\/wp-content\/uploads\/2021\/12\/belux-logo-full-color-rgb.svg","contentUrl":"https:\/\/belux.edmo.eu\/wp-content\/uploads\/2021\/12\/belux-logo-full-color-rgb.svg","width":1,"height":1,"caption":"EDMO Belux"},"image":{"@id":"https:\/\/belux.edmo.eu\/#\/schema\/logo\/image\/"},"sameAs":["https:\/\/x.com\/Edmo_Belux"]},{"@type":"Person","@id":"https:\/\/belux.edmo.eu\/#\/schema\/person\/dbe3b252258537fd318f9b5645a30342","name":"master","sameAs":["https:\/\/belux.wpengine.com"],"url":"https:\/\/belux.edmo.eu\/fr\/author\/master\/"}]}},"menu_order":0,"_links":{"self":[{"href":"https:\/\/belux.edmo.eu\/fr\/wp-json\/wp\/v2\/posts\/253983","targetHints":{"allow":["GET"]}}],"collection":[{"href":"https:\/\/belux.edmo.eu\/fr\/wp-json\/wp\/v2\/posts"}],"about":[{"href":"https:\/\/belux.edmo.eu\/fr\/wp-json\/wp\/v2\/types\/post"}],"author":[{"embeddable":true,"href":"https:\/\/belux.edmo.eu\/fr\/wp-json\/wp\/v2\/users\/1"}],"replies":[{"embeddable":true,"href":"https:\/\/belux.edmo.eu\/fr\/wp-json\/wp\/v2\/comments?post=253983"}],"version-history":[{"count":0,"href":"https:\/\/belux.edmo.eu\/fr\/wp-json\/wp\/v2\/posts\/253983\/revisions"}],"wp:featuredmedia":[{"embeddable":true,"href":"https:\/\/belux.edmo.eu\/fr\/wp-json\/wp\/v2\/media\/253968"}],"wp:attachment":[{"href":"https:\/\/belux.edmo.eu\/fr\/wp-json\/wp\/v2\/media?parent=253983"}],"wp:term":[{"taxonomy":"category","embeddable":true,"href":"https:\/\/belux.edmo.eu\/fr\/wp-json\/wp\/v2\/categories?post=253983"},{"taxonomy":"post_tag","embeddable":true,"href":"https:\/\/belux.edmo.eu\/fr\/wp-json\/wp\/v2\/tags?post=253983"}],"curies":[{"name":"wp","href":"https:\/\/api.w.org\/{rel}","templated":true}]}}