{"id":255030,"date":"2023-03-28T06:00:56","date_gmt":"2023-03-28T06:00:56","guid":{"rendered":"https:\/\/belux.edmo.eu\/?p=255030"},"modified":"2023-03-28T07:00:07","modified_gmt":"2023-03-28T07:00:07","slug":"fact-check-les-transports-publics-sont-ils-vraiment-gratuits-au-luxembourg","status":"publish","type":"post","link":"https:\/\/belux.edmo.eu\/fr\/fact-check-les-transports-publics-sont-ils-vraiment-gratuits-au-luxembourg\/","title":{"rendered":"Fact Check: Les transports publics sont-ils vraiment gratuits au Luxembourg?"},"content":{"rendered":"<article>\n<div>\n<div>\n<p><b>\u00a9 AFP<\/b><\/p>\n<\/div>\n<div>\n<p>Le Luxembourg a marqu\u00e9 l&rsquo;histoire en 2020 en d\u00e9cr\u00e9tant la gratuit\u00e9 des transports publics. Mais la mobilit\u00e9 est-elle vraiment gratuite pour tous? Quel co\u00fbt engendre-t-elle pour l&rsquo;Etat luxembourgeois et donc pour le contribuable?<\/p>\n<p>Vous avez probablement d\u00e9j\u00e0 entendu quelqu&rsquo;un vous dire <strong>\u00ab\u00a0<em>la mobilit\u00e9 gratuite \u00e7a n&rsquo;existe pas<\/em>\u00ab\u00a0<\/strong>. Et dans les faits, cette personne n&rsquo;avait pas forc\u00e9ment tort. En effet, les transports publics sont \u00e0 la charge du gouvernement qui les finance avec l&rsquo;argent du contribuable.<\/p>\n<p>Quand on parle de gratuit\u00e9 des transports au Luxembourg, on fait r\u00e9f\u00e9rence aux billets qu&rsquo;il fallait payer avant 2020 pour emprunter le bus ou le train. Et comme vous le savez, l&rsquo;acc\u00e8s aux transports publics est devenu gratuit il y a maintenant un peu plus de trois ans.<\/p>\n<p>En introduisant la mobilit\u00e9 gratuite, le gouvernement luxembourgeois a d\u00e9cid\u00e9 de faire l&rsquo;impasse sur les recettes annuelles qui provenaient de ces tickets. <strong>Un co\u00fbt estim\u00e9 \u00e0 41 millions d&rsquo;euros.<\/strong>\u00a0\u00ab\u00a0<em>Ce chiffre repr\u00e9sentait 8% des co\u00fbts totaux annuels<\/em>\u00a0\u00bb des transports publics luxembourgeois lors de sa mise en vigueur..<\/p>\n<p>Et, vous l&rsquo;aurez devin\u00e9, <strong>la perte de ces recettes est financ\u00e9e par les imp\u00f4ts<\/strong>. Dans ce contexte, nous avons cherch\u00e9 \u00e0 savoir comment se r\u00e9percutaient ces co\u00fbts sur le contribuable. Au mois de janvier, le ministre de la Mobilit\u00e9, Fran\u00e7ois Bausch, \u00e9voquait\u00a0<strong>un \u00ab\u00a0<em>syst\u00e8me proportionnel<\/em>\u00a0\u00bb aux salaires <\/strong>dans une interview accord\u00e9e \u00e0 RTL.<\/p>\n<p>En clair, <strong>plus on gagne, plus on paie pour la mobilit\u00e9 gratuite<\/strong>. Interrog\u00e9 \u00e0 ce sujet, le cabinet minist\u00e9riel de Fran\u00e7ois Bausch n&rsquo;a pas pu nous donner plus de d\u00e9tails sur la r\u00e9partition de ces co\u00fbts. \u00ab\u00a0<em>Il faudrait conna\u00eetre le montant des imp\u00f4ts directs et indirects pay\u00e9 au courant de l&rsquo;ann\u00e9e pass\u00e9e<\/em>\u00a0\u00bb pour calculer la charge financi\u00e8re li\u00e9e \u00e0 la mobilit\u00e9 gratuite pour chaque contribuable.<\/p>\n<p>Difficile d\u00e8s lors d&rsquo;\u00e9tablir un prix par mois ou par an de cette mesure. On sait cependant que <strong>toute personne travaillant au Grand-Duch\u00e9 y contribue.<\/strong> Cela inclut bien \u00e9videmment les travailleurs frontaliers. On sait \u00e9galement que les frais d&rsquo;exploitation des transports publics augmentent consid\u00e9rablement depuis quelques ann\u00e9es.<\/p>\n<p>Et c&rsquo;est voulu. En effet, le gouvernement luxembourgeois n&rsquo;a pas cach\u00e9 sa volont\u00e9 d&rsquo;investir massivement dans les transports et la mobilit\u00e9 durable. Que ce soit sur les rails, sur les routes ou dans les transports scolaires, tous les budgets sont \u00e0 la hausse.<\/p>\n<p>Le minist\u00e8re de la Mobilit\u00e9 et des Travaux Publics nous a d&rsquo;ailleurs r\u00e9v\u00e9l\u00e9 les chiffres des frais d&rsquo;exploitation des transports publics pour l&rsquo;ann\u00e9e en cours: <strong>799,7 millions d&rsquo;euros<\/strong>. C&rsquo;est pr\u00e8s de 110 millions d&rsquo;euros en plus qu&rsquo;en 2022 et 176,6 millions de plus qu&rsquo;en 2021.<\/p>\n<p>Si l&rsquo;on reprend les recettes qui provenaient des billets achet\u00e9s pour utiliser les transports publics avant 2020 (41 millions d&rsquo;euros), il est \u00e9vident qu&rsquo;elles ne p\u00e8sent pas tr\u00e8s lourd dans la balance.\u00a0Cela \u00e9tant dit, la mobilit\u00e9 gratuite \u00e9tant financ\u00e9e par les contribuables,<strong> elle n&rsquo;a de gratuit que son nom.<\/strong><\/p>\n<p><a href=\"https:\/\/5minutes.rtl.lu\/actu\/luxembourg\/a\/2043719.html\"><strong>\u00c0 lire et regarder: M\u00eame gratuits, les transports publics peinent \u00e0 concurrencer la voiture au Luxembourg<\/strong><\/a><\/p>\n<\/div>\n<\/div>\n<\/article>\n","protected":false},"excerpt":{"rendered":"<p>Le Luxembourg a marqu\u00e9 l&rsquo;histoire en 2020 en d\u00e9cr\u00e9tant la gratuit\u00e9 des transports publics. Mais la mobilit\u00e9 est-elle vraiment gratuite pour tous? Quel co\u00fbt engendre-t-elle pour l&rsquo;Etat luxembourgeois et donc pour le contribuable?<\/p>\n","protected":false},"author":1,"featured_media":255025,"comment_status":"closed","ping_status":"open","sticky":false,"template":"","format":"standard","meta":{"_acf_changed":false,"footnotes":""},"categories":[171,116,132,138],"tags":[],"class_list":{"0":"post-255030","1":"post","2":"type-post","3":"status-publish","4":"format-standard","5":"has-post-thumbnail","7":"category-economie","8":"category-non-classifiee","9":"category-politique","10":"category-societe"},"acf":{"show_metatags":true,"id":"2034225","authors":"RTL L\u00ebtzebuerg","organization":"RTL","featured_image_copyright":"","text_copyright":"Copyright RTL \/ CLT-UFA S.A.","source":"https:\/\/5minutes.rtl.lu\/actu\/fact-check\/a\/2034225.html","fact_checker":"https:\/\/belux.wpengine.com\/wp-content\/uploads\/2021\/12\/rtl_logo.png","type":"\u00c9v\u00e9nement ferm\u00e9","location":"","start_date":"","start_date_event_begins_at":"","start_date_event_ends_at":"","end_date":"","end_date_event_begins_at":"","end_date_event_ends_at":"","organizer":"","fact_checker_logo_image":false},"yoast_head":"<!-- This site is optimized with the Yoast SEO plugin v27.0 - https:\/\/yoast.com\/product\/yoast-seo-wordpress\/ -->\n<title>Fact Check: Les transports publics sont-ils vraiment gratuits au Luxembourg? - EDMO Belux<\/title>\n<meta name=\"robots\" content=\"index, follow, max-snippet:-1, max-image-preview:large, max-video-preview:-1\" \/>\n<link rel=\"canonical\" href=\"https:\/\/belux.edmo.eu\/fr\/fact-check-les-transports-publics-sont-ils-vraiment-gratuits-au-luxembourg\/\" \/>\n<meta property=\"og:locale\" content=\"fr_FR\" \/>\n<meta property=\"og:type\" content=\"article\" \/>\n<meta property=\"og:title\" content=\"Fact Check: Les transports publics sont-ils vraiment gratuits au Luxembourg? - EDMO Belux\" \/>\n<meta property=\"og:description\" content=\"Le Luxembourg a marqu\u00e9 l&#039;histoire en 2020 en d\u00e9cr\u00e9tant la gratuit\u00e9 des transports publics. Mais la mobilit\u00e9 est-elle vraiment gratuite pour tous? Quel co\u00fbt engendre-t-elle pour l&#039;Etat luxembourgeois et donc pour le contribuable?\" \/>\n<meta property=\"og:url\" content=\"https:\/\/belux.edmo.eu\/fr\/fact-check-les-transports-publics-sont-ils-vraiment-gratuits-au-luxembourg\/\" \/>\n<meta property=\"og:site_name\" content=\"EDMO Belux\" \/>\n<meta property=\"article:published_time\" content=\"2023-03-28T06:00:56+00:00\" \/>\n<meta property=\"article:modified_time\" content=\"2023-03-28T07:00:07+00:00\" \/>\n<meta property=\"og:image\" content=\"https:\/\/belux-edmo.s3-accelerate.amazonaws.com\/wp-content\/uploads\/2023\/03\/045575fa5e1b24b9f13ee2952260a97d.jpeg\" \/>\n\t<meta property=\"og:image:width\" content=\"1024\" \/>\n\t<meta property=\"og:image:height\" content=\"664\" \/>\n\t<meta property=\"og:image:type\" content=\"image\/jpeg\" \/>\n<meta name=\"author\" content=\"master\" \/>\n<meta name=\"twitter:card\" content=\"summary_large_image\" \/>\n<meta name=\"twitter:creator\" content=\"@Edmo_Belux\" \/>\n<meta name=\"twitter:site\" content=\"@Edmo_Belux\" \/>\n<meta name=\"twitter:label1\" content=\"\u00c9crit par\" \/>\n\t<meta name=\"twitter:data1\" content=\"master\" \/>\n\t<meta name=\"twitter:label2\" content=\"Dur\u00e9e de lecture estim\u00e9e\" \/>\n\t<meta name=\"twitter:data2\" content=\"3 minutes\" \/>\n<script type=\"application\/ld+json\" class=\"yoast-schema-graph\">{\"@context\":\"https:\/\/schema.org\",\"@graph\":[{\"@type\":\"Article\",\"@id\":\"https:\/\/belux.edmo.eu\/fr\/fact-check-les-transports-publics-sont-ils-vraiment-gratuits-au-luxembourg\/#article\",\"isPartOf\":{\"@id\":\"https:\/\/belux.edmo.eu\/fr\/fact-check-les-transports-publics-sont-ils-vraiment-gratuits-au-luxembourg\/\"},\"author\":{\"name\":\"master\",\"@id\":\"https:\/\/belux.edmo.eu\/#\/schema\/person\/dbe3b252258537fd318f9b5645a30342\"},\"headline\":\"Fact Check: Les transports publics sont-ils vraiment gratuits au Luxembourg?\",\"datePublished\":\"2023-03-28T06:00:56+00:00\",\"dateModified\":\"2023-03-28T07:00:07+00:00\",\"mainEntityOfPage\":{\"@id\":\"https:\/\/belux.edmo.eu\/fr\/fact-check-les-transports-publics-sont-ils-vraiment-gratuits-au-luxembourg\/\"},\"wordCount\":553,\"publisher\":{\"@id\":\"https:\/\/belux.edmo.eu\/#organization\"},\"image\":{\"@id\":\"https:\/\/belux.edmo.eu\/fr\/fact-check-les-transports-publics-sont-ils-vraiment-gratuits-au-luxembourg\/#primaryimage\"},\"thumbnailUrl\":\"https:\/\/belux-edmo.s3-accelerate.amazonaws.com\/wp-content\/uploads\/2023\/03\/045575fa5e1b24b9f13ee2952260a97d.jpeg\",\"articleSection\":[\"Economie\",\"Non classifi\u00e9(e)\",\"Politique\",\"Societe\"],\"inLanguage\":\"fr-FR\"},{\"@type\":\"WebPage\",\"@id\":\"https:\/\/belux.edmo.eu\/fr\/fact-check-les-transports-publics-sont-ils-vraiment-gratuits-au-luxembourg\/\",\"url\":\"https:\/\/belux.edmo.eu\/fr\/fact-check-les-transports-publics-sont-ils-vraiment-gratuits-au-luxembourg\/\",\"name\":\"Fact Check: Les transports publics sont-ils vraiment gratuits au Luxembourg? - EDMO Belux\",\"isPartOf\":{\"@id\":\"https:\/\/belux.edmo.eu\/#website\"},\"primaryImageOfPage\":{\"@id\":\"https:\/\/belux.edmo.eu\/fr\/fact-check-les-transports-publics-sont-ils-vraiment-gratuits-au-luxembourg\/#primaryimage\"},\"image\":{\"@id\":\"https:\/\/belux.edmo.eu\/fr\/fact-check-les-transports-publics-sont-ils-vraiment-gratuits-au-luxembourg\/#primaryimage\"},\"thumbnailUrl\":\"https:\/\/belux-edmo.s3-accelerate.amazonaws.com\/wp-content\/uploads\/2023\/03\/045575fa5e1b24b9f13ee2952260a97d.jpeg\",\"datePublished\":\"2023-03-28T06:00:56+00:00\",\"dateModified\":\"2023-03-28T07:00:07+00:00\",\"breadcrumb\":{\"@id\":\"https:\/\/belux.edmo.eu\/fr\/fact-check-les-transports-publics-sont-ils-vraiment-gratuits-au-luxembourg\/#breadcrumb\"},\"inLanguage\":\"fr-FR\",\"potentialAction\":[{\"@type\":\"ReadAction\",\"target\":[\"https:\/\/belux.edmo.eu\/fr\/fact-check-les-transports-publics-sont-ils-vraiment-gratuits-au-luxembourg\/\"]}]},{\"@type\":\"ImageObject\",\"inLanguage\":\"fr-FR\",\"@id\":\"https:\/\/belux.edmo.eu\/fr\/fact-check-les-transports-publics-sont-ils-vraiment-gratuits-au-luxembourg\/#primaryimage\",\"url\":\"https:\/\/belux-edmo.s3-accelerate.amazonaws.com\/wp-content\/uploads\/2023\/03\/045575fa5e1b24b9f13ee2952260a97d.jpeg\",\"contentUrl\":\"https:\/\/belux-edmo.s3-accelerate.amazonaws.com\/wp-content\/uploads\/2023\/03\/045575fa5e1b24b9f13ee2952260a97d.jpeg\",\"width\":1024,\"height\":664,\"caption\":\"Fact Check: Les transports publics sont-ils vraiment gratuits au Luxembourg? - Featured image\"},{\"@type\":\"BreadcrumbList\",\"@id\":\"https:\/\/belux.edmo.eu\/fr\/fact-check-les-transports-publics-sont-ils-vraiment-gratuits-au-luxembourg\/#breadcrumb\",\"itemListElement\":[{\"@type\":\"ListItem\",\"position\":1,\"name\":\"Home\",\"item\":\"https:\/\/belux.edmo.eu\/fr\/\"},{\"@type\":\"ListItem\",\"position\":2,\"name\":\"Fact Check: Les transports publics sont-ils vraiment gratuits au Luxembourg?\"}]},{\"@type\":\"WebSite\",\"@id\":\"https:\/\/belux.edmo.eu\/#website\",\"url\":\"https:\/\/belux.edmo.eu\/\",\"name\":\"EDMO Belux\",\"description\":\"Monitoring Disinformation in Belgium and Luxembourg\",\"publisher\":{\"@id\":\"https:\/\/belux.edmo.eu\/#organization\"},\"potentialAction\":[{\"@type\":\"SearchAction\",\"target\":{\"@type\":\"EntryPoint\",\"urlTemplate\":\"https:\/\/belux.edmo.eu\/?s={search_term_string}\"},\"query-input\":{\"@type\":\"PropertyValueSpecification\",\"valueRequired\":true,\"valueName\":\"search_term_string\"}}],\"inLanguage\":\"fr-FR\"},{\"@type\":\"Organization\",\"@id\":\"https:\/\/belux.edmo.eu\/#organization\",\"name\":\"EDMO Belux\",\"url\":\"https:\/\/belux.edmo.eu\/\",\"logo\":{\"@type\":\"ImageObject\",\"inLanguage\":\"fr-FR\",\"@id\":\"https:\/\/belux.edmo.eu\/#\/schema\/logo\/image\/\",\"url\":\"https:\/\/belux.edmo.eu\/wp-content\/uploads\/2021\/12\/belux-logo-full-color-rgb.svg\",\"contentUrl\":\"https:\/\/belux.edmo.eu\/wp-content\/uploads\/2021\/12\/belux-logo-full-color-rgb.svg\",\"width\":1,\"height\":1,\"caption\":\"EDMO Belux\"},\"image\":{\"@id\":\"https:\/\/belux.edmo.eu\/#\/schema\/logo\/image\/\"},\"sameAs\":[\"https:\/\/x.com\/Edmo_Belux\"]},{\"@type\":\"Person\",\"@id\":\"https:\/\/belux.edmo.eu\/#\/schema\/person\/dbe3b252258537fd318f9b5645a30342\",\"name\":\"master\",\"sameAs\":[\"https:\/\/belux.wpengine.com\"],\"url\":\"https:\/\/belux.edmo.eu\/fr\/author\/master\/\"}]}<\/script>\n<!-- \/ Yoast SEO plugin. -->","yoast_head_json":{"title":"Fact Check: Les transports publics sont-ils vraiment gratuits au Luxembourg? - EDMO Belux","robots":{"index":"index","follow":"follow","max-snippet":"max-snippet:-1","max-image-preview":"max-image-preview:large","max-video-preview":"max-video-preview:-1"},"canonical":"https:\/\/belux.edmo.eu\/fr\/fact-check-les-transports-publics-sont-ils-vraiment-gratuits-au-luxembourg\/","og_locale":"fr_FR","og_type":"article","og_title":"Fact Check: Les transports publics sont-ils vraiment gratuits au Luxembourg? - EDMO Belux","og_description":"Le Luxembourg a marqu\u00e9 l'histoire en 2020 en d\u00e9cr\u00e9tant la gratuit\u00e9 des transports publics. Mais la mobilit\u00e9 est-elle vraiment gratuite pour tous? Quel co\u00fbt engendre-t-elle pour l'Etat luxembourgeois et donc pour le contribuable?","og_url":"https:\/\/belux.edmo.eu\/fr\/fact-check-les-transports-publics-sont-ils-vraiment-gratuits-au-luxembourg\/","og_site_name":"EDMO Belux","article_published_time":"2023-03-28T06:00:56+00:00","article_modified_time":"2023-03-28T07:00:07+00:00","og_image":[{"width":1024,"height":664,"url":"https:\/\/belux-edmo.s3-accelerate.amazonaws.com\/wp-content\/uploads\/2023\/03\/045575fa5e1b24b9f13ee2952260a97d.jpeg","type":"image\/jpeg"}],"author":"master","twitter_card":"summary_large_image","twitter_creator":"@Edmo_Belux","twitter_site":"@Edmo_Belux","twitter_misc":{"\u00c9crit par":"master","Dur\u00e9e de lecture estim\u00e9e":"3 minutes"},"schema":{"@context":"https:\/\/schema.org","@graph":[{"@type":"Article","@id":"https:\/\/belux.edmo.eu\/fr\/fact-check-les-transports-publics-sont-ils-vraiment-gratuits-au-luxembourg\/#article","isPartOf":{"@id":"https:\/\/belux.edmo.eu\/fr\/fact-check-les-transports-publics-sont-ils-vraiment-gratuits-au-luxembourg\/"},"author":{"name":"master","@id":"https:\/\/belux.edmo.eu\/#\/schema\/person\/dbe3b252258537fd318f9b5645a30342"},"headline":"Fact Check: Les transports publics sont-ils vraiment gratuits au Luxembourg?","datePublished":"2023-03-28T06:00:56+00:00","dateModified":"2023-03-28T07:00:07+00:00","mainEntityOfPage":{"@id":"https:\/\/belux.edmo.eu\/fr\/fact-check-les-transports-publics-sont-ils-vraiment-gratuits-au-luxembourg\/"},"wordCount":553,"publisher":{"@id":"https:\/\/belux.edmo.eu\/#organization"},"image":{"@id":"https:\/\/belux.edmo.eu\/fr\/fact-check-les-transports-publics-sont-ils-vraiment-gratuits-au-luxembourg\/#primaryimage"},"thumbnailUrl":"https:\/\/belux-edmo.s3-accelerate.amazonaws.com\/wp-content\/uploads\/2023\/03\/045575fa5e1b24b9f13ee2952260a97d.jpeg","articleSection":["Economie","Non classifi\u00e9(e)","Politique","Societe"],"inLanguage":"fr-FR"},{"@type":"WebPage","@id":"https:\/\/belux.edmo.eu\/fr\/fact-check-les-transports-publics-sont-ils-vraiment-gratuits-au-luxembourg\/","url":"https:\/\/belux.edmo.eu\/fr\/fact-check-les-transports-publics-sont-ils-vraiment-gratuits-au-luxembourg\/","name":"Fact Check: Les transports publics sont-ils vraiment gratuits au Luxembourg? - EDMO Belux","isPartOf":{"@id":"https:\/\/belux.edmo.eu\/#website"},"primaryImageOfPage":{"@id":"https:\/\/belux.edmo.eu\/fr\/fact-check-les-transports-publics-sont-ils-vraiment-gratuits-au-luxembourg\/#primaryimage"},"image":{"@id":"https:\/\/belux.edmo.eu\/fr\/fact-check-les-transports-publics-sont-ils-vraiment-gratuits-au-luxembourg\/#primaryimage"},"thumbnailUrl":"https:\/\/belux-edmo.s3-accelerate.amazonaws.com\/wp-content\/uploads\/2023\/03\/045575fa5e1b24b9f13ee2952260a97d.jpeg","datePublished":"2023-03-28T06:00:56+00:00","dateModified":"2023-03-28T07:00:07+00:00","breadcrumb":{"@id":"https:\/\/belux.edmo.eu\/fr\/fact-check-les-transports-publics-sont-ils-vraiment-gratuits-au-luxembourg\/#breadcrumb"},"inLanguage":"fr-FR","potentialAction":[{"@type":"ReadAction","target":["https:\/\/belux.edmo.eu\/fr\/fact-check-les-transports-publics-sont-ils-vraiment-gratuits-au-luxembourg\/"]}]},{"@type":"ImageObject","inLanguage":"fr-FR","@id":"https:\/\/belux.edmo.eu\/fr\/fact-check-les-transports-publics-sont-ils-vraiment-gratuits-au-luxembourg\/#primaryimage","url":"https:\/\/belux-edmo.s3-accelerate.amazonaws.com\/wp-content\/uploads\/2023\/03\/045575fa5e1b24b9f13ee2952260a97d.jpeg","contentUrl":"https:\/\/belux-edmo.s3-accelerate.amazonaws.com\/wp-content\/uploads\/2023\/03\/045575fa5e1b24b9f13ee2952260a97d.jpeg","width":1024,"height":664,"caption":"Fact Check: Les transports publics sont-ils vraiment gratuits au Luxembourg? - Featured image"},{"@type":"BreadcrumbList","@id":"https:\/\/belux.edmo.eu\/fr\/fact-check-les-transports-publics-sont-ils-vraiment-gratuits-au-luxembourg\/#breadcrumb","itemListElement":[{"@type":"ListItem","position":1,"name":"Home","item":"https:\/\/belux.edmo.eu\/fr\/"},{"@type":"ListItem","position":2,"name":"Fact Check: Les transports publics sont-ils vraiment gratuits au Luxembourg?"}]},{"@type":"WebSite","@id":"https:\/\/belux.edmo.eu\/#website","url":"https:\/\/belux.edmo.eu\/","name":"EDMO Belux","description":"Monitoring Disinformation in Belgium and Luxembourg","publisher":{"@id":"https:\/\/belux.edmo.eu\/#organization"},"potentialAction":[{"@type":"SearchAction","target":{"@type":"EntryPoint","urlTemplate":"https:\/\/belux.edmo.eu\/?s={search_term_string}"},"query-input":{"@type":"PropertyValueSpecification","valueRequired":true,"valueName":"search_term_string"}}],"inLanguage":"fr-FR"},{"@type":"Organization","@id":"https:\/\/belux.edmo.eu\/#organization","name":"EDMO Belux","url":"https:\/\/belux.edmo.eu\/","logo":{"@type":"ImageObject","inLanguage":"fr-FR","@id":"https:\/\/belux.edmo.eu\/#\/schema\/logo\/image\/","url":"https:\/\/belux.edmo.eu\/wp-content\/uploads\/2021\/12\/belux-logo-full-color-rgb.svg","contentUrl":"https:\/\/belux.edmo.eu\/wp-content\/uploads\/2021\/12\/belux-logo-full-color-rgb.svg","width":1,"height":1,"caption":"EDMO Belux"},"image":{"@id":"https:\/\/belux.edmo.eu\/#\/schema\/logo\/image\/"},"sameAs":["https:\/\/x.com\/Edmo_Belux"]},{"@type":"Person","@id":"https:\/\/belux.edmo.eu\/#\/schema\/person\/dbe3b252258537fd318f9b5645a30342","name":"master","sameAs":["https:\/\/belux.wpengine.com"],"url":"https:\/\/belux.edmo.eu\/fr\/author\/master\/"}]}},"menu_order":0,"_links":{"self":[{"href":"https:\/\/belux.edmo.eu\/fr\/wp-json\/wp\/v2\/posts\/255030","targetHints":{"allow":["GET"]}}],"collection":[{"href":"https:\/\/belux.edmo.eu\/fr\/wp-json\/wp\/v2\/posts"}],"about":[{"href":"https:\/\/belux.edmo.eu\/fr\/wp-json\/wp\/v2\/types\/post"}],"author":[{"embeddable":true,"href":"https:\/\/belux.edmo.eu\/fr\/wp-json\/wp\/v2\/users\/1"}],"replies":[{"embeddable":true,"href":"https:\/\/belux.edmo.eu\/fr\/wp-json\/wp\/v2\/comments?post=255030"}],"version-history":[{"count":0,"href":"https:\/\/belux.edmo.eu\/fr\/wp-json\/wp\/v2\/posts\/255030\/revisions"}],"wp:featuredmedia":[{"embeddable":true,"href":"https:\/\/belux.edmo.eu\/fr\/wp-json\/wp\/v2\/media\/255025"}],"wp:attachment":[{"href":"https:\/\/belux.edmo.eu\/fr\/wp-json\/wp\/v2\/media?parent=255030"}],"wp:term":[{"taxonomy":"category","embeddable":true,"href":"https:\/\/belux.edmo.eu\/fr\/wp-json\/wp\/v2\/categories?post=255030"},{"taxonomy":"post_tag","embeddable":true,"href":"https:\/\/belux.edmo.eu\/fr\/wp-json\/wp\/v2\/tags?post=255030"}],"curies":[{"name":"wp","href":"https:\/\/api.w.org\/{rel}","templated":true}]}}