{"id":257283,"date":"2023-04-07T09:16:33","date_gmt":"2023-04-07T09:16:33","guid":{"rendered":"https:\/\/belux.edmo.eu\/?p=257283"},"modified":"2023-04-07T09:27:30","modified_gmt":"2023-04-07T09:27:30","slug":"cette-affirmation-date-de-2021-et-lallemagne-nen-a-pas-fini-avec-les-bus-lectriques","status":"publish","type":"post","link":"https:\/\/belux.edmo.eu\/fr\/cette-affirmation-date-de-2021-et-lallemagne-nen-a-pas-fini-avec-les-bus-lectriques\/","title":{"rendered":"Cette affirmation date de 2021 et l&rsquo;Allemagne n&rsquo;en a pas \u00ab\u00a0fini\u00a0\u00bb avec les bus \u00e9lectriques"},"content":{"rendered":"<p><b>Apr\u00e8s des incendies dans les d\u00e9p\u00f4ts de bus de plusieurs villes allemandes en 2021, la soci\u00e9t\u00e9 de transports de Munich avait retir\u00e9 huit bus \u00e9lectriques de la circulation, et ce de mani\u00e8re temporaire. Des publications relay\u00e9es sur les r\u00e9seaux sociaux en mars 2023 affirment pourtant que les bus \u00e9lectriques sont \u00ab\u00a0interdits dans la ville de Munich\u00a0\u00bb, signifiant \u00ab\u00a0la fin des bus \u00e9lectriques en Allemagne\u00a0\u00bb. C&rsquo;est faux, ont \u00e0 nouveau confirm\u00e9 le minist\u00e8re allemand des Transports et la compagnie de transports munichoise \u00e0 l&rsquo;AFP. Par ailleurs, \u00e9teindre avec de l&rsquo;eau un v\u00e9hicule \u00e9lectrique en feu est plus difficile que pour un v\u00e9hicule \u00e0 moteur thermique, mais pas \u00ab\u00a0impossible\u00a0\u00bb comme l&rsquo;affirment certains internautes.<\/b><\/p>\n<p><em>\u00ab\u00a0La fin des bus \u00e9lectriques en Allemagne&#8230;.Il s&rsquo;av\u00e8re que les bus \u00e9lectriques ont par 3 fois \u00e9t\u00e9 responsables de d\u00e9part (sic) d&rsquo;incendie importants dans les d\u00e9p\u00f4ts de Stuttgart, D\u00fcsseldorf et Munich pendant leur charge de nuit. Ces incendies ont d\u00e9truit d&rsquo;\u00e9normes flottes de v\u00e9hicules. Ils sont d\u00e9sormais interdits dans la ville de Munich depuis hier\u00a0\u00bb, <\/em>\u00a0affirme l&rsquo;auteur d&rsquo;<a href=\"https:\/\/perma.cc\/SD9J-DYBC\" target=\"_blank\" rel=\"noopener\" shape=\"rect\">une publication<\/a>, relay\u00e9e plus de 38 000 fois depuis le 13 mars 2023 sur Facebook, citant le journal allemand \u00ab\u00a0Die Welt\u00a0\u00bb.<\/p>\n<p>L&rsquo;internaute s&rsquo;\u00e9tonne que<em> \u00ab\u00a0ni la presse belge et fran\u00e7aise ni le parti \u00e9colo\u00a0\u00bb<\/em> ne parlent de cet \u00e9v\u00e8nement et affirme que <em>\u00ab\u00a0les pompiers signalent qu&rsquo;il est impossible d&rsquo;\u00e9teindre un v\u00e9hicule \u00e9lectrique en feu avec de l&rsquo;eau car la batterie continue \u00e0 se consumer&#8230;\u00a0\u00bb.\u00a0<\/em><\/p>\n<div class=\"g2image\">\n<figure><img src=\"https:\/\/belux-edmo.s3-accelerate.amazonaws.com\/wp-content\/uploads\/2023\/04\/bd63add17d52d1d29eadb1cf35b11a363cd71d47-ipad.jpg\" \/><figcaption>Capture d&rsquo;\u00e9cran r\u00e9alis\u00e9e le 06\/04\/2023 sur Facebook<\/figcaption><\/figure>\n<\/div>\n<p>Ce texte a \u00e9t\u00e9 relay\u00e9 plusieurs dizaines de milliers de fois <a href=\"https:\/\/archive.ph\/TqUpm\" target=\"_blank\" rel=\"noopener\" shape=\"rect\">en France<\/a> et <a href=\"https:\/\/archive.ph\/PKnCx\" target=\"_blank\" rel=\"noopener\" shape=\"rect\">en Belgique<\/a> en mars 2023, mais l&rsquo;AFP <a href=\"https:\/\/factuel.afp.com\/http%253A%252F%252Fdoc.afp.com%252F9TQ7KM-1\" target=\"_blank\" rel=\"noopener\" shape=\"rect\">avait d\u00e9j\u00e0 v\u00e9rifi\u00e9<\/a> des publications quasiment identiques en d\u00e9cembre 2021. Le minist\u00e8re f\u00e9d\u00e9ral des Transports et la compagnie de transport munichoise (MVG) avaient alors d\u00e9menti cette affirmation \u00e0 l&rsquo;AFP, pr\u00e9cisant que seuls huit bus avaient \u00e9t\u00e9 temporairement retir\u00e9s de la circulation en octobre 2021 pour des v\u00e9rifications, avant d&rsquo;\u00eatre remis sur la route. Contact\u00e9s \u00e0 nouveau en mars 2023, la MVG et le minist\u00e8re des Transports ont \u00e0 nouveau confirm\u00e9 \u00e0 l&rsquo;AFP que les bus \u00e9lectriques sont bien autoris\u00e9s en Allemagne.<\/p>\n<p>Par ailleurs, s&rsquo;il est en effet difficile d&rsquo;\u00e9teindre un v\u00e9hicule \u00e9lectrique en feu si le probl\u00e8me vient de la batterie, il n&rsquo;est pas <em>\u00ab\u00a0impossible\u00a0\u00bb<\/em> de l&rsquo;\u00e9teindre avec de l&rsquo;eau: c&rsquo;est d&rsquo;ailleurs la technique utilis\u00e9e par les pompiers, a expliqu\u00e9 le porte-parole des pompiers de Bruxelles \u00e0 l&rsquo;AFP.<\/p>\n<p><b>Que dit l&rsquo;article de Die Welt ?\u00a0<\/b><\/p>\n<p>Les publications partag\u00e9es en mars 2023 mentionnent comme source le \u00ab\u00a0journal Die Welt\u00a0\u00bb. Les posts v\u00e9rifi\u00e9s par l&rsquo;AFP en d\u00e9cembre 2021, qui relayaient le m\u00eame texte, partageaient \u00e9galement une photo d&rsquo;illustration permettant de retrouver <a href=\"https:\/\/www.welt.de\/vermischtes\/article234310454\/Elektrobus-loeste-Grossbrand-aus-Muenchen-zieht-E-Fahrzeuge-aus-dem-Verkehr.html\" target=\"_blank\" rel=\"noopener\" shape=\"rect\">un article<\/a> du quotidien allemand publi\u00e9 le 9 octobre 2021 (lien <a href=\"https:\/\/archive.ph\/Kk7x7\" target=\"_blank\" rel=\"noopener\" shape=\"rect\">archiv\u00e9<\/a>), dans lequel apparaissait la m\u00eame image, avec cette l\u00e9gende:<em> \u00ab\u00a0selon les informations actuelles, l&rsquo;incendie s&rsquo;est d\u00e9clar\u00e9 dans un d\u00e9p\u00f4t de bus \u00e0 Stuttgart lors du chargement d&rsquo;un bus \u00e9lectrique\u00a0\u00bb.\u00a0<\/em><\/p>\n<div class=\"g2image\">\n<figure><img src=\"https:\/\/belux-edmo.s3-accelerate.amazonaws.com\/wp-content\/uploads\/2023\/04\/a051dba203fa439a1fc82128fbd161d09529b651-ipad.jpg\" \/><figcaption>Capture d&rsquo;\u00e9cran r\u00e9alis\u00e9e le 04\/04\/2023 sur le site du quotidien allemand Die Welt<\/figcaption><\/figure>\n<\/div>\n<p>Cet article indiquait que, quelques jours apr\u00e8s un incendie survenu fin septembre 2021 dans un d\u00e9p\u00f4t de bus \u00e0 Stuttgart (sud-ouest de l&rsquo;Allemagne), la <a href=\"https:\/\/www.mvg.de\/\" target=\"_blank\" rel=\"noopener\" shape=\"rect\">M\u00fcnchner Verkehrsgesellschaft<\/a> (MVG), la soci\u00e9t\u00e9 qui g\u00e8re les transports en commun dans la ville de Munich, avait retir\u00e9 temporairement certains de ses bus \u00e9lectriques de la circulation, pour des v\u00e9rifications.<\/p>\n<p>Les bus concern\u00e9s \u00e9taient, selon l&rsquo;article, uniquement ceux provenant du m\u00eame fabricant que les bus impliqu\u00e9s dans l&rsquo;incendie du d\u00e9p\u00f4t \u00e0 Stuttgart, et qui sont d&rsquo;un mod\u00e8le \u00e9quivalent. <em>\u00ab\u00a0La mesure ne s&rsquo;applique qu&rsquo;aux bus du m\u00eame mod\u00e8le et dans un premier temps uniquement jusqu&rsquo;\u00e0 ce que la cause de l&rsquo;incendie soit d\u00e9finitivement \u00e9lucid\u00e9e\u00a0\u00bb<\/em>, pr\u00e9cisait ainsi l&rsquo;article en allemand.<\/p>\n<p>Il n&rsquo;y est nullement question d&rsquo;une \u00ab\u00a0interdiction\u00a0\u00bb des bus \u00e9lectriques dans la ville, contrairement \u00e0 ce que pr\u00e9tendent les internautes.<\/p>\n<p>L&rsquo;incendie d&rsquo;un d\u00e9p\u00f4t de bus \u00e0 Stuttgart auquel il est fait r\u00e9f\u00e9rence a eu lieu le 30 septembre 2021, comme le relatait alors la presse allemande (<a href=\"https:\/\/archive.ph\/W5B6O\" target=\"_blank\" rel=\"noopener\" shape=\"rect\">1<\/a>, <a href=\"https:\/\/archive.ph\/CfK6f\" target=\"_blank\" rel=\"noopener\" shape=\"rect\">2<\/a>) et <a href=\"https:\/\/archive.ph\/W2V9U\" target=\"_blank\" rel=\"noopener\" shape=\"rect\">fran\u00e7aise<\/a>. Au moins 25 v\u00e9hicules, dont deux bus \u00e9lectriques, avaient alors \u00e9t\u00e9 d\u00e9truits.<\/p>\n<p>Comme le mentionnent les publications et l&rsquo;article de Die Welt, un incendie similaire s&rsquo;\u00e9tait d\u00e9clar\u00e9 dans un d\u00e9p\u00f4t de bus \u00e0 D\u00fcsseldorf en avril 2021, d\u00e9truisant 38 bus. En juin, neuf bus, dont cinq \u00e9lectriques, avaient \u00e9t\u00e9 d\u00e9truits dans un incendie dans un d\u00e9p\u00f4t de bus \u00e0 Hanovre. Dans les deux cas, comme <a href=\"https:\/\/archive.ph\/GwfHG\" target=\"_blank\" rel=\"noopener\" shape=\"rect\">le rapportait<\/a> le magazine allemand Focus en octobre 2021, des bus hybrides ou \u00e9lectriques \u00e9taient gar\u00e9s \u00e0 c\u00f4t\u00e9 de bus diesel dans les d\u00e9p\u00f4ts, rendant l&rsquo;extinction du feu<em> \u00ab\u00a0difficile en raison de la chaleur \u00e9lev\u00e9e et de l&rsquo;intensit\u00e9 des incendies de batterie\u00a0\u00bb.\u00a0<\/em><\/p>\n<p>A D\u00fcsseldorf, les enqu\u00eateurs <a href=\"https:\/\/archive.ph\/G5Wni\" target=\"_blank\" rel=\"noopener\" shape=\"rect\">ont conclu<\/a> que les bus \u00e9lectriques n&rsquo;\u00e9taient <em>\u00ab\u00a0probablement pas\u00a0\u00bb<\/em> la cause de l&rsquo;incendie. A Stuttgart, <a href=\"https:\/\/archive.ph\/qXHt3\" target=\"_blank\" rel=\"noopener\" shape=\"rect\">un d\u00e9faut dans le processus de recharge<\/a> d&rsquo;un bus a \u00e9t\u00e9 mis en cause. A Hanovre, l&rsquo;entreprise responsable du d\u00e9p\u00f4t de bus <a href=\"https:\/\/web.archive.org\/web\/20220811141029\/https:\/\/www.haz.de\/lokales\/hannover\/grossbrand-im-uestra-depot-elektrobusse-werden-als-ursache-ausgeschlossen-KJ4JJQ5IGSEYK5UQY4O3XA4SME.html\" target=\"_blank\" rel=\"noopener\" shape=\"rect\">a \u00e9cart\u00e9<\/a> la responsabilit\u00e9 d&rsquo;un accident d\u00fb \u00e0 un des bus \u00e9lectriques.<\/p>\n<p><b>Les bus \u00e9lectriques toujours en circulation \u00e0 Munich et en Allemagne<\/b><\/p>\n<p>Contact\u00e9 le 1er d\u00e9cembre 2021, un porte-parole de la soci\u00e9t\u00e9 des transports munichois avait d\u00e9clar\u00e9 \u00e0 l&rsquo;AFP: <em>\u00ab\u00a0Il y a uniquement eu un rappel temporaire de huit bus apr\u00e8s que le fabricant a rencontr\u00e9 quelques probl\u00e8mes avec les batteries. Ce probl\u00e8me a \u00e9t\u00e9 r\u00e9solu rapidement et, \u00e0 l&rsquo;exception d&rsquo;un seul v\u00e9hicule, tous les bus sont \u00e0 nouveau en service sur notre ligne 100 et sur le p\u00e9riph\u00e9rique\u00a0\u00bb.\u00a0<\/em><\/p>\n<p>Contact\u00e9e \u00e0 nouveau le 3 avril 2023, la MVG a confirm\u00e9 \u00e0 l&rsquo;AFP que<em> \u00ab\u00a0les bus \u00e9lectriques ne sont pas interdits en Allemagne \u00e0 l&rsquo;heure actuelle. En ce moment nous avons 24 bus \u00e9lectriques en service \u00e0 Munich. En octobre 2021, nous avons retir\u00e9 nos bus \u00e9lectriques Mercedes-Benz durant deux semaines, entre le 8 et le 22 octobre 2021, pour des raisons de pr\u00e9cautions apr\u00e8s l&rsquo;incendie \u00e0 Stuttgart\u00a0\u00bb.\u00a0<\/em><\/p>\n<p>Contact\u00e9 le 31 mars 2023, un porte-parole du <a href=\"https:\/\/www.bundesregierung.de\/breg-de\/bundesregierung\/bundesministerien\/bundesministerium-fuer-digitales-und-verkehr\" target=\"_blank\" rel=\"noopener\" shape=\"rect\">minist\u00e8re f\u00e9d\u00e9ral des Transports<\/a> allemand a confirm\u00e9 \u00e0 l&rsquo;AFP que<em> \u00ab\u00a0les bus \u00e9lectriques ne sont pas interdits en Allemagne\u00a0\u00bb<\/em> et qu&rsquo;il <em>\u00ab\u00a0n&rsquo;y a jamais eu d&rsquo;interdiction\u00a0\u00bb<\/em> de ces bus. <em>\u00ab\u00a0En outre, le gouvernement f\u00e9d\u00e9ral encourage l&rsquo;achat des bus \u00e9lectriques et le d\u00e9veloppement des infrastructures de recharge des bus \u00e9lectriques. Notre objectif est de faire en sorte qu&rsquo;un bus sur deux soit z\u00e9ro \u00e9mission d&rsquo;ici 2030\u00a0\u00bb.\u00a0<\/em><\/p>\n<p>En octobre 2022, environ 2 000 bus \u00e9lectriques circulaient en Allemagne. Les lignes existantes et les projets de lignes de bus \u00e9lectriques sont disponibles <a href=\"https:\/\/perma.cc\/3BDX-8WW2\" target=\"_blank\" rel=\"noopener\" shape=\"rect\">sur le site<\/a> de l&rsquo;Association des entreprises de transport allemandes.\u00a0Le nombre de bus \u00e9lectriques tend <a href=\"https:\/\/perma.cc\/4EL6-8AEC\" target=\"_blank\" rel=\"noopener\" shape=\"rect\">\u00e0 cro\u00eetre en Allemagne<\/a>, avec 623 nouveaux bus \u00ab\u00a0z\u00e9ro \u00e9mission\u00a0\u00bb de plus de huit tonnes immatricul\u00e9s en 2022.<\/p>\n<p>Sur son site, la MVG explique<a href=\"https:\/\/perma.cc\/UQX2-QC6R\" target=\"_blank\" rel=\"noopener\" shape=\"rect\"> viser un objectif de 100% de bus \u00e9lectriques<\/a> d&rsquo;ici 2035.<\/p>\n<p><b>Pas \u00ab\u00a0impossible\u00a0\u00bb d&rsquo;\u00e9teindre des v\u00e9hicules \u00e9lectriques en feu avec de l&rsquo;eau<\/b><\/p>\n<p><em>\u00ab\u00a0Les pompiers signalent qu&rsquo;il est impossible d&rsquo;\u00e9teindre un v\u00e9hicule \u00e9lectrique en feu avec de l&rsquo;eau car la batterie continue \u00e0 se consumer\u00a0\u00bb<\/em>, affirment aussi les internautes.<\/p>\n<p>Comme l&rsquo;explique <a href=\"https:\/\/perma.cc\/4XLZ-FD45\" target=\"_blank\" rel=\"noopener\" shape=\"rect\">cette d\u00e9p\u00eache de l&rsquo;AFP<\/a> dat\u00e9e de juillet 2022,<em> \u00ab\u00a0il faut en g\u00e9n\u00e9ral beaucoup plus d&rsquo;eau, entre 11 350 litres et 30 300 litres environ selon un guide pr\u00e9par\u00e9 par Tesla \u00e0 l&rsquo;attention des premiers secours\u00a0\u00bb <\/em>pour \u00e9teindre un incendie de voitures dot\u00e9es de batteries \u00e9lectriques. Il est aussi fr\u00e9quent que des batteries prennent \u00e0 nouveau feu plusieurs heures, voire plusieurs jours, apr\u00e8s l&rsquo;incendie initial, \u00e0 cause d&rsquo;un ph\u00e9nom\u00e8ne dit \u00ab\u00a0d&#8217;emballement thermique\u00a0\u00bb qui peut se produire dans les batteries lithium-ion endommag\u00e9es. Tesla recommande de surveiller la temp\u00e9rature des batteries pendant au moins 24 heures apr\u00e8s un feu.<\/p>\n<p>Plusieurs causes peuvent entra\u00eener un probl\u00e8me de moteur, voire un incendie ou une explosion, expliquait <a href=\"https:\/\/perma.cc\/BBP3-F7ML\" target=\"_blank\" rel=\"noopener\" shape=\"rect\">Soens Steven<\/a>, conseiller \u00e0 la <a href=\"http:\/\/www.febiac.lu\/public\/home.aspx\" target=\"_blank\" rel=\"noopener\" shape=\"rect\">F\u00e9d\u00e9ration belge de l&rsquo;automobile et du cycle<\/a> (FEBIAC), interrog\u00e9 dans <a href=\"https:\/\/factuel.afp.com\/doc.afp.com.32468MD\" target=\"_blank\" rel=\"noopener\" shape=\"rect\">un pr\u00e9c\u00e9dent article de v\u00e9rification<\/a>:\u00a0<em>\u00ab\u00a0il peut y avoir des probl\u00e8mes dans l&rsquo;assemblage de la batterie au lithium, par exemple dans le syst\u00e8me de refroidissement &#8211; destin\u00e9 \u00e0 \u00e9vacuer la chaleur \u00e0 l&rsquo;int\u00e9rieur de la batterie. Il peut \u00e9galement y avoir des probl\u00e8mes au niveau du c\u00e2blage, par exemple un c\u00e2ble qui aurait frott\u00e9 un autre \u00e9l\u00e9ment et provoqu\u00e9 un court-circuit. Un probl\u00e8me dans le chargement de la batterie peut \u00e9galement provoquer un feu\u00a0\u00bb, <\/em>expliquait-il en f\u00e9vrier 2022.<\/p>\n<p>Les incendies de v\u00e9hicules \u00e9lectriques <em>\u00ab\u00a0sont plus difficiles \u00e0 \u00e9teindre, \u00e0 cause de leurs batteries \u00e0 lithium-ion\u00a0\u00bb,<\/em>\u00a0expliquait dans le m\u00eame article <a href=\"https:\/\/www.uliege.be\/cms\/c_9054334\/fr\/repertoire?uid=U030242\" target=\"_blank\" rel=\"noopener\" shape=\"rect\">Damien Ernst<\/a>, professeur \u00e0 l&rsquo;Universit\u00e9 de Li\u00e8ge.<\/p>\n<p><em>\u00ab\u00a0L&rsquo;incendie d&rsquo;une voiture \u00e9lectrique est un d\u00e9fi : la chaleur g\u00e9n\u00e9r\u00e9e est \u00e9norme et de grandes quantit\u00e9s d&rsquo;eau sont n\u00e9cessaires pour l&rsquo;\u00e9teindre. Les parkings souterrains dans lesquels un tel incendie se produit peuvent alors \u00eatre d\u00e9molis\u00a0\u00bb,\u00a0<\/em>explique une association d&rsquo;experts allemands cit\u00e9s dans <a href=\"https:\/\/archive.ph\/GwfHG\" target=\"_blank\" rel=\"noopener\" shape=\"rect\">cet article<\/a> du magazine Focus.<\/p>\n<p><em>\u00ab\u00a0Les batteries sont difficiles d&rsquo;acc\u00e8s, mais les technologies \u00e9voluent. Maintenant, certains corps de pompiers utilisent un syst\u00e8me d&rsquo;arrosage pour refroidir la batterie par dessous\u00a0\u00bb, <\/em>a expliqu\u00e9 le 4 avril 2023 \u00e0 l&rsquo;AFP <a href=\"https:\/\/archive.ph\/yobqs\" target=\"_blank\" rel=\"noopener\" shape=\"rect\">Walter Derieuw,<\/a>\u00a0porte-parole des pompiers de Bruxelles, pr\u00e9cisant qu&rsquo;il n&rsquo;est cependant<em> \u00ab\u00a0pas impossible\u00a0\u00bb<\/em> d&rsquo;\u00e9teindre une batterie en feu avec de l&rsquo;eau. Il s&rsquo;agit d&rsquo;ailleurs de la technique utilis\u00e9e par les pompiers: <em>\u00ab\u00a0on fait une premi\u00e8re extinction, puis on plonge le v\u00e9hicule entier dans un container rempli d&rsquo;eau\u00a0\u00bb,\u00a0<\/em>a-t-il expliqu\u00e9.<\/p>\n<p>Pour la prise en charge des incendies,<em> \u00ab\u00a0on conseille aux exploitants des nouveaux parkings d&rsquo;installer les voitures \u00e9lectriques \u00e0 l&rsquo;\u00e9tage sup\u00e9rieur, le plus proche possible d&rsquo;une entr\u00e9e ou d&rsquo;une sortie afin de pouvoir la sortir rapidement et de pr\u00e9voir un syst\u00e8me d&rsquo;\u00e9vacuation de la chaleur\u00a0\u00bb,\u00a0<\/em>a pr\u00e9cis\u00e9 Walter Derieuw.<\/p>\n<p>Comme <a href=\"https:\/\/archive.ph\/Jcttb\" target=\"_blank\" rel=\"noopener\" shape=\"rect\">l&rsquo;expliquait<\/a> le pr\u00e9sident du syndicat lib\u00e9ral des pompiers de Bruxelles dans un article du m\u00e9dia belge la Capitale, publi\u00e9 le 13 f\u00e9vrier 2022, <em>\u00ab\u00a0lorsqu&rsquo;un \u00e9l\u00e9ment de batterie lithium-ion d&rsquo;une voiture \u00e9lectrique prend feu, l&rsquo;arroser avec de l&rsquo;eau ne permet que de refroidir l&rsquo;ensemble, pas d&rsquo;\u00e9teindre l&rsquo;incendie. Apr\u00e8s avoir \u00e9teint le v\u00e9hicule, il doit \u00eatre plong\u00e9 dans un container, de fabrication artisanale, pendant au moins 72 heures\u00a0\u00bb.<\/em><\/p>\n<p>Face au nombre croissant de v\u00e9hicules \u00e9lectriques sur les routes, les pompiers se forment \u00e0 l&rsquo;extinction des feu de batteries \u00e9lectriques, comme le montre\u00a0 <a href=\"https:\/\/www.rtl.be\/page-videos\/belgique\/societe\/les-pompiers-se-forment-pour-eteindre-les-feux-de-batterie-au-lithium\/2022-12-26\/video\/512544\" target=\"_blank\" rel=\"noopener\" shape=\"rect\">ce reportage<\/a> publi\u00e9 sur le site du m\u00e9dia belge RTL en d\u00e9cembre 2022 (lien <a href=\"https:\/\/perma.cc\/JN69-MW85\" target=\"_blank\" rel=\"noopener\" shape=\"rect\">archiv\u00e9<\/a>).<\/p>\n","protected":false},"excerpt":{"rendered":"<p>\u00ab\u00a0La fin des bus \u00e9lectriques en Allemagne&#8230;.Il s&rsquo;av\u00e8re que les bus \u00e9lectriques ont par 3 fois \u00e9t\u00e9 responsables de d\u00e9part (sic) d&rsquo;incendie importants dans les d\u00e9p\u00f4ts de Stuttgart, D\u00fcsseldorf et Munich pendant leur charge de nuit. Ces incendies ont d\u00e9truit d&rsquo;\u00e9normes flottes de v\u00e9hicules. Ils sont d\u00e9sormais interdits dans la ville de Munich depuis hier\u00a0\u00bb, \u00a0affirme l&rsquo;auteur d&rsquo;une publication, relay\u00e9e plus de 38 000 fois depuis le 13 mars 2023 sur Facebook, citant le journal allemand \u00ab\u00a0Die Welt\u00a0\u00bb.\u00a0<\/p>\n","protected":false},"author":1,"featured_media":257268,"comment_status":"closed","ping_status":"open","sticky":false,"template":"","format":"standard","meta":{"_acf_changed":false,"footnotes":""},"categories":[125,138],"tags":[],"class_list":{"0":"post-257283","1":"post","2":"type-post","3":"status-publish","4":"format-standard","5":"has-post-thumbnail","7":"category-fact-check-fr","8":"category-societe"},"acf":{"show_metatags":true,"id":"http:\/\/doc.afp.com\/33CL8ZD","authors":"Marie GENRIES \/ Claire-Line NASS \/ AFP France \/ AFP Belgique","organization":"AFP","featured_image_copyright":"","text_copyright":"\u00a9 AGENCE FRANCE-PRESSE | 2023 | Tous droits r\u00e9serv\u00e9s. L\u2019acc\u00e8s aux contenus de l'AFP publi\u00e9s sur ce site et, le cas \u00e9ch\u00e9ant, leur utilisation sont soumis aux conditions g\u00e9n\u00e9rales d'utilisation disponibles sur <a href='https:\/\/www.afp.com\/fr\/cgu' target='_blank'>CGU<\/a>. Par cons\u00e9quent, en acc\u00e9dant aux contenus de l\u2019AFP publi\u00e9s sur ce site, et en les utilisant, le cas \u00e9ch\u00e9ant, vous acceptez d'\u00eatre li\u00e9 par les conditions g\u00e9n\u00e9rales d'utilisation susmentionn\u00e9es. L\u2019utilisation de contenus de l'AFP se fait sous votre seule et enti\u00e8re responsabilit\u00e9.","source":"https:\/\/factuel.afp.com\/doc.afp.com.33CL8ZD","fact_checker":"https:\/\/belux.wpengine.com\/wp-content\/uploads\/2021\/12\/afp_logo.png","type":"\u00c9v\u00e9nement ferm\u00e9","location":"","start_date":"","start_date_event_begins_at":"","start_date_event_ends_at":"","end_date":"","end_date_event_begins_at":"","end_date_event_ends_at":"","organizer":"","fact_checker_logo_image":false},"yoast_head":"<!-- This site is optimized with the Yoast SEO plugin v27.0 - https:\/\/yoast.com\/product\/yoast-seo-wordpress\/ -->\n<title>Cette affirmation date de 2021 et l&#039;Allemagne n&#039;en a pas &quot;fini&quot; avec les bus \u00e9lectriques - EDMO Belux<\/title>\n<meta name=\"robots\" content=\"index, follow, max-snippet:-1, max-image-preview:large, max-video-preview:-1\" \/>\n<link rel=\"canonical\" href=\"https:\/\/belux.edmo.eu\/fr\/cette-affirmation-date-de-2021-et-lallemagne-nen-a-pas-fini-avec-les-bus-lectriques\/\" \/>\n<meta property=\"og:locale\" content=\"fr_FR\" \/>\n<meta property=\"og:type\" content=\"article\" \/>\n<meta property=\"og:title\" content=\"Cette affirmation date de 2021 et l&#039;Allemagne n&#039;en a pas &quot;fini&quot; avec les bus \u00e9lectriques - EDMO Belux\" \/>\n<meta property=\"og:description\" content=\"&quot;La fin des bus \u00e9lectriques en Allemagne....Il s&#039;av\u00e8re que les bus \u00e9lectriques ont par 3 fois \u00e9t\u00e9 responsables de d\u00e9part (sic) d&#039;incendie importants dans les d\u00e9p\u00f4ts de Stuttgart, D\u00fcsseldorf et Munich pendant leur charge de nuit. Ces incendies ont d\u00e9truit d&#039;\u00e9normes flottes de v\u00e9hicules. Ils sont d\u00e9sormais interdits dans la ville de Munich depuis hier&quot;, \u00a0affirme l&#039;auteur d&#039;une publication, relay\u00e9e plus de 38 000 fois depuis le 13 mars 2023 sur Facebook, citant le journal allemand &quot;Die Welt&quot;.\u00a0\" \/>\n<meta property=\"og:url\" content=\"https:\/\/belux.edmo.eu\/fr\/cette-affirmation-date-de-2021-et-lallemagne-nen-a-pas-fini-avec-les-bus-lectriques\/\" \/>\n<meta property=\"og:site_name\" content=\"EDMO Belux\" \/>\n<meta property=\"article:published_time\" content=\"2023-04-07T09:16:33+00:00\" \/>\n<meta property=\"article:modified_time\" content=\"2023-04-07T09:27:30+00:00\" \/>\n<meta property=\"og:image\" content=\"https:\/\/belux-edmo.s3-accelerate.amazonaws.com\/wp-content\/uploads\/2023\/04\/02afd3b6d7e3b3fb4ef7d46a1c3af9574b8011a3-ipad.jpg\" \/>\n\t<meta property=\"og:image:width\" content=\"1080\" \/>\n\t<meta property=\"og:image:height\" content=\"540\" \/>\n\t<meta property=\"og:image:type\" content=\"image\/jpeg\" \/>\n<meta name=\"author\" content=\"master\" \/>\n<meta name=\"twitter:card\" content=\"summary_large_image\" \/>\n<meta name=\"twitter:creator\" content=\"@Edmo_Belux\" \/>\n<meta name=\"twitter:site\" content=\"@Edmo_Belux\" \/>\n<meta name=\"twitter:label1\" content=\"\u00c9crit par\" \/>\n\t<meta name=\"twitter:data1\" content=\"master\" \/>\n\t<meta name=\"twitter:label2\" content=\"Dur\u00e9e de lecture estim\u00e9e\" \/>\n\t<meta name=\"twitter:data2\" content=\"9 minutes\" \/>\n<script type=\"application\/ld+json\" class=\"yoast-schema-graph\">{\"@context\":\"https:\/\/schema.org\",\"@graph\":[{\"@type\":\"Article\",\"@id\":\"https:\/\/belux.edmo.eu\/fr\/cette-affirmation-date-de-2021-et-lallemagne-nen-a-pas-fini-avec-les-bus-lectriques\/#article\",\"isPartOf\":{\"@id\":\"https:\/\/belux.edmo.eu\/fr\/cette-affirmation-date-de-2021-et-lallemagne-nen-a-pas-fini-avec-les-bus-lectriques\/\"},\"author\":{\"name\":\"master\",\"@id\":\"https:\/\/belux.edmo.eu\/#\/schema\/person\/dbe3b252258537fd318f9b5645a30342\"},\"headline\":\"Cette affirmation date de 2021 et l&rsquo;Allemagne n&rsquo;en a pas \u00ab\u00a0fini\u00a0\u00bb avec les bus \u00e9lectriques\",\"datePublished\":\"2023-04-07T09:16:33+00:00\",\"dateModified\":\"2023-04-07T09:27:30+00:00\",\"mainEntityOfPage\":{\"@id\":\"https:\/\/belux.edmo.eu\/fr\/cette-affirmation-date-de-2021-et-lallemagne-nen-a-pas-fini-avec-les-bus-lectriques\/\"},\"wordCount\":1866,\"publisher\":{\"@id\":\"https:\/\/belux.edmo.eu\/#organization\"},\"image\":{\"@id\":\"https:\/\/belux.edmo.eu\/fr\/cette-affirmation-date-de-2021-et-lallemagne-nen-a-pas-fini-avec-les-bus-lectriques\/#primaryimage\"},\"thumbnailUrl\":\"https:\/\/belux-edmo.s3-accelerate.amazonaws.com\/wp-content\/uploads\/2023\/04\/02afd3b6d7e3b3fb4ef7d46a1c3af9574b8011a3-ipad.jpg\",\"articleSection\":[\"Fact-Check\",\"Societe\"],\"inLanguage\":\"fr-FR\"},{\"@type\":\"WebPage\",\"@id\":\"https:\/\/belux.edmo.eu\/fr\/cette-affirmation-date-de-2021-et-lallemagne-nen-a-pas-fini-avec-les-bus-lectriques\/\",\"url\":\"https:\/\/belux.edmo.eu\/fr\/cette-affirmation-date-de-2021-et-lallemagne-nen-a-pas-fini-avec-les-bus-lectriques\/\",\"name\":\"Cette affirmation date de 2021 et l'Allemagne n'en a pas \\\"fini\\\" avec les bus \u00e9lectriques - EDMO Belux\",\"isPartOf\":{\"@id\":\"https:\/\/belux.edmo.eu\/#website\"},\"primaryImageOfPage\":{\"@id\":\"https:\/\/belux.edmo.eu\/fr\/cette-affirmation-date-de-2021-et-lallemagne-nen-a-pas-fini-avec-les-bus-lectriques\/#primaryimage\"},\"image\":{\"@id\":\"https:\/\/belux.edmo.eu\/fr\/cette-affirmation-date-de-2021-et-lallemagne-nen-a-pas-fini-avec-les-bus-lectriques\/#primaryimage\"},\"thumbnailUrl\":\"https:\/\/belux-edmo.s3-accelerate.amazonaws.com\/wp-content\/uploads\/2023\/04\/02afd3b6d7e3b3fb4ef7d46a1c3af9574b8011a3-ipad.jpg\",\"datePublished\":\"2023-04-07T09:16:33+00:00\",\"dateModified\":\"2023-04-07T09:27:30+00:00\",\"breadcrumb\":{\"@id\":\"https:\/\/belux.edmo.eu\/fr\/cette-affirmation-date-de-2021-et-lallemagne-nen-a-pas-fini-avec-les-bus-lectriques\/#breadcrumb\"},\"inLanguage\":\"fr-FR\",\"potentialAction\":[{\"@type\":\"ReadAction\",\"target\":[\"https:\/\/belux.edmo.eu\/fr\/cette-affirmation-date-de-2021-et-lallemagne-nen-a-pas-fini-avec-les-bus-lectriques\/\"]}]},{\"@type\":\"ImageObject\",\"inLanguage\":\"fr-FR\",\"@id\":\"https:\/\/belux.edmo.eu\/fr\/cette-affirmation-date-de-2021-et-lallemagne-nen-a-pas-fini-avec-les-bus-lectriques\/#primaryimage\",\"url\":\"https:\/\/belux-edmo.s3-accelerate.amazonaws.com\/wp-content\/uploads\/2023\/04\/02afd3b6d7e3b3fb4ef7d46a1c3af9574b8011a3-ipad.jpg\",\"contentUrl\":\"https:\/\/belux-edmo.s3-accelerate.amazonaws.com\/wp-content\/uploads\/2023\/04\/02afd3b6d7e3b3fb4ef7d46a1c3af9574b8011a3-ipad.jpg\",\"width\":1080,\"height\":540,\"caption\":\"Cette affirmation date de 2021 et l'Allemagne n'en a pas \\\"fini\\\" avec les bus \u00e9lectriques - Featured image\"},{\"@type\":\"BreadcrumbList\",\"@id\":\"https:\/\/belux.edmo.eu\/fr\/cette-affirmation-date-de-2021-et-lallemagne-nen-a-pas-fini-avec-les-bus-lectriques\/#breadcrumb\",\"itemListElement\":[{\"@type\":\"ListItem\",\"position\":1,\"name\":\"Home\",\"item\":\"https:\/\/belux.edmo.eu\/fr\/\"},{\"@type\":\"ListItem\",\"position\":2,\"name\":\"Cette affirmation date de 2021 et l&#8217;Allemagne n&#8217;en a pas &#8220;fini&#8221; avec les bus \u00e9lectriques\"}]},{\"@type\":\"WebSite\",\"@id\":\"https:\/\/belux.edmo.eu\/#website\",\"url\":\"https:\/\/belux.edmo.eu\/\",\"name\":\"EDMO Belux\",\"description\":\"Monitoring Disinformation in Belgium and Luxembourg\",\"publisher\":{\"@id\":\"https:\/\/belux.edmo.eu\/#organization\"},\"potentialAction\":[{\"@type\":\"SearchAction\",\"target\":{\"@type\":\"EntryPoint\",\"urlTemplate\":\"https:\/\/belux.edmo.eu\/?s={search_term_string}\"},\"query-input\":{\"@type\":\"PropertyValueSpecification\",\"valueRequired\":true,\"valueName\":\"search_term_string\"}}],\"inLanguage\":\"fr-FR\"},{\"@type\":\"Organization\",\"@id\":\"https:\/\/belux.edmo.eu\/#organization\",\"name\":\"EDMO Belux\",\"url\":\"https:\/\/belux.edmo.eu\/\",\"logo\":{\"@type\":\"ImageObject\",\"inLanguage\":\"fr-FR\",\"@id\":\"https:\/\/belux.edmo.eu\/#\/schema\/logo\/image\/\",\"url\":\"https:\/\/belux.edmo.eu\/wp-content\/uploads\/2021\/12\/belux-logo-full-color-rgb.svg\",\"contentUrl\":\"https:\/\/belux.edmo.eu\/wp-content\/uploads\/2021\/12\/belux-logo-full-color-rgb.svg\",\"width\":1,\"height\":1,\"caption\":\"EDMO Belux\"},\"image\":{\"@id\":\"https:\/\/belux.edmo.eu\/#\/schema\/logo\/image\/\"},\"sameAs\":[\"https:\/\/x.com\/Edmo_Belux\"]},{\"@type\":\"Person\",\"@id\":\"https:\/\/belux.edmo.eu\/#\/schema\/person\/dbe3b252258537fd318f9b5645a30342\",\"name\":\"master\",\"sameAs\":[\"https:\/\/belux.wpengine.com\"],\"url\":\"https:\/\/belux.edmo.eu\/fr\/author\/master\/\"}]}<\/script>\n<!-- \/ Yoast SEO plugin. -->","yoast_head_json":{"title":"Cette affirmation date de 2021 et l'Allemagne n'en a pas \"fini\" avec les bus \u00e9lectriques - EDMO Belux","robots":{"index":"index","follow":"follow","max-snippet":"max-snippet:-1","max-image-preview":"max-image-preview:large","max-video-preview":"max-video-preview:-1"},"canonical":"https:\/\/belux.edmo.eu\/fr\/cette-affirmation-date-de-2021-et-lallemagne-nen-a-pas-fini-avec-les-bus-lectriques\/","og_locale":"fr_FR","og_type":"article","og_title":"Cette affirmation date de 2021 et l'Allemagne n'en a pas \"fini\" avec les bus \u00e9lectriques - EDMO Belux","og_description":"\"La fin des bus \u00e9lectriques en Allemagne....Il s'av\u00e8re que les bus \u00e9lectriques ont par 3 fois \u00e9t\u00e9 responsables de d\u00e9part (sic) d'incendie importants dans les d\u00e9p\u00f4ts de Stuttgart, D\u00fcsseldorf et Munich pendant leur charge de nuit. Ces incendies ont d\u00e9truit d'\u00e9normes flottes de v\u00e9hicules. Ils sont d\u00e9sormais interdits dans la ville de Munich depuis hier\", \u00a0affirme l'auteur d'une publication, relay\u00e9e plus de 38 000 fois depuis le 13 mars 2023 sur Facebook, citant le journal allemand \"Die Welt\".\u00a0","og_url":"https:\/\/belux.edmo.eu\/fr\/cette-affirmation-date-de-2021-et-lallemagne-nen-a-pas-fini-avec-les-bus-lectriques\/","og_site_name":"EDMO Belux","article_published_time":"2023-04-07T09:16:33+00:00","article_modified_time":"2023-04-07T09:27:30+00:00","og_image":[{"width":1080,"height":540,"url":"https:\/\/belux-edmo.s3-accelerate.amazonaws.com\/wp-content\/uploads\/2023\/04\/02afd3b6d7e3b3fb4ef7d46a1c3af9574b8011a3-ipad.jpg","type":"image\/jpeg"}],"author":"master","twitter_card":"summary_large_image","twitter_creator":"@Edmo_Belux","twitter_site":"@Edmo_Belux","twitter_misc":{"\u00c9crit par":"master","Dur\u00e9e de lecture estim\u00e9e":"9 minutes"},"schema":{"@context":"https:\/\/schema.org","@graph":[{"@type":"Article","@id":"https:\/\/belux.edmo.eu\/fr\/cette-affirmation-date-de-2021-et-lallemagne-nen-a-pas-fini-avec-les-bus-lectriques\/#article","isPartOf":{"@id":"https:\/\/belux.edmo.eu\/fr\/cette-affirmation-date-de-2021-et-lallemagne-nen-a-pas-fini-avec-les-bus-lectriques\/"},"author":{"name":"master","@id":"https:\/\/belux.edmo.eu\/#\/schema\/person\/dbe3b252258537fd318f9b5645a30342"},"headline":"Cette affirmation date de 2021 et l&rsquo;Allemagne n&rsquo;en a pas \u00ab\u00a0fini\u00a0\u00bb avec les bus \u00e9lectriques","datePublished":"2023-04-07T09:16:33+00:00","dateModified":"2023-04-07T09:27:30+00:00","mainEntityOfPage":{"@id":"https:\/\/belux.edmo.eu\/fr\/cette-affirmation-date-de-2021-et-lallemagne-nen-a-pas-fini-avec-les-bus-lectriques\/"},"wordCount":1866,"publisher":{"@id":"https:\/\/belux.edmo.eu\/#organization"},"image":{"@id":"https:\/\/belux.edmo.eu\/fr\/cette-affirmation-date-de-2021-et-lallemagne-nen-a-pas-fini-avec-les-bus-lectriques\/#primaryimage"},"thumbnailUrl":"https:\/\/belux-edmo.s3-accelerate.amazonaws.com\/wp-content\/uploads\/2023\/04\/02afd3b6d7e3b3fb4ef7d46a1c3af9574b8011a3-ipad.jpg","articleSection":["Fact-Check","Societe"],"inLanguage":"fr-FR"},{"@type":"WebPage","@id":"https:\/\/belux.edmo.eu\/fr\/cette-affirmation-date-de-2021-et-lallemagne-nen-a-pas-fini-avec-les-bus-lectriques\/","url":"https:\/\/belux.edmo.eu\/fr\/cette-affirmation-date-de-2021-et-lallemagne-nen-a-pas-fini-avec-les-bus-lectriques\/","name":"Cette affirmation date de 2021 et l'Allemagne n'en a pas \"fini\" avec les bus \u00e9lectriques - EDMO Belux","isPartOf":{"@id":"https:\/\/belux.edmo.eu\/#website"},"primaryImageOfPage":{"@id":"https:\/\/belux.edmo.eu\/fr\/cette-affirmation-date-de-2021-et-lallemagne-nen-a-pas-fini-avec-les-bus-lectriques\/#primaryimage"},"image":{"@id":"https:\/\/belux.edmo.eu\/fr\/cette-affirmation-date-de-2021-et-lallemagne-nen-a-pas-fini-avec-les-bus-lectriques\/#primaryimage"},"thumbnailUrl":"https:\/\/belux-edmo.s3-accelerate.amazonaws.com\/wp-content\/uploads\/2023\/04\/02afd3b6d7e3b3fb4ef7d46a1c3af9574b8011a3-ipad.jpg","datePublished":"2023-04-07T09:16:33+00:00","dateModified":"2023-04-07T09:27:30+00:00","breadcrumb":{"@id":"https:\/\/belux.edmo.eu\/fr\/cette-affirmation-date-de-2021-et-lallemagne-nen-a-pas-fini-avec-les-bus-lectriques\/#breadcrumb"},"inLanguage":"fr-FR","potentialAction":[{"@type":"ReadAction","target":["https:\/\/belux.edmo.eu\/fr\/cette-affirmation-date-de-2021-et-lallemagne-nen-a-pas-fini-avec-les-bus-lectriques\/"]}]},{"@type":"ImageObject","inLanguage":"fr-FR","@id":"https:\/\/belux.edmo.eu\/fr\/cette-affirmation-date-de-2021-et-lallemagne-nen-a-pas-fini-avec-les-bus-lectriques\/#primaryimage","url":"https:\/\/belux-edmo.s3-accelerate.amazonaws.com\/wp-content\/uploads\/2023\/04\/02afd3b6d7e3b3fb4ef7d46a1c3af9574b8011a3-ipad.jpg","contentUrl":"https:\/\/belux-edmo.s3-accelerate.amazonaws.com\/wp-content\/uploads\/2023\/04\/02afd3b6d7e3b3fb4ef7d46a1c3af9574b8011a3-ipad.jpg","width":1080,"height":540,"caption":"Cette affirmation date de 2021 et l'Allemagne n'en a pas \"fini\" avec les bus \u00e9lectriques - Featured image"},{"@type":"BreadcrumbList","@id":"https:\/\/belux.edmo.eu\/fr\/cette-affirmation-date-de-2021-et-lallemagne-nen-a-pas-fini-avec-les-bus-lectriques\/#breadcrumb","itemListElement":[{"@type":"ListItem","position":1,"name":"Home","item":"https:\/\/belux.edmo.eu\/fr\/"},{"@type":"ListItem","position":2,"name":"Cette affirmation date de 2021 et l&#8217;Allemagne n&#8217;en a pas &#8220;fini&#8221; avec les bus \u00e9lectriques"}]},{"@type":"WebSite","@id":"https:\/\/belux.edmo.eu\/#website","url":"https:\/\/belux.edmo.eu\/","name":"EDMO Belux","description":"Monitoring Disinformation in Belgium and Luxembourg","publisher":{"@id":"https:\/\/belux.edmo.eu\/#organization"},"potentialAction":[{"@type":"SearchAction","target":{"@type":"EntryPoint","urlTemplate":"https:\/\/belux.edmo.eu\/?s={search_term_string}"},"query-input":{"@type":"PropertyValueSpecification","valueRequired":true,"valueName":"search_term_string"}}],"inLanguage":"fr-FR"},{"@type":"Organization","@id":"https:\/\/belux.edmo.eu\/#organization","name":"EDMO Belux","url":"https:\/\/belux.edmo.eu\/","logo":{"@type":"ImageObject","inLanguage":"fr-FR","@id":"https:\/\/belux.edmo.eu\/#\/schema\/logo\/image\/","url":"https:\/\/belux.edmo.eu\/wp-content\/uploads\/2021\/12\/belux-logo-full-color-rgb.svg","contentUrl":"https:\/\/belux.edmo.eu\/wp-content\/uploads\/2021\/12\/belux-logo-full-color-rgb.svg","width":1,"height":1,"caption":"EDMO Belux"},"image":{"@id":"https:\/\/belux.edmo.eu\/#\/schema\/logo\/image\/"},"sameAs":["https:\/\/x.com\/Edmo_Belux"]},{"@type":"Person","@id":"https:\/\/belux.edmo.eu\/#\/schema\/person\/dbe3b252258537fd318f9b5645a30342","name":"master","sameAs":["https:\/\/belux.wpengine.com"],"url":"https:\/\/belux.edmo.eu\/fr\/author\/master\/"}]}},"menu_order":0,"_links":{"self":[{"href":"https:\/\/belux.edmo.eu\/fr\/wp-json\/wp\/v2\/posts\/257283","targetHints":{"allow":["GET"]}}],"collection":[{"href":"https:\/\/belux.edmo.eu\/fr\/wp-json\/wp\/v2\/posts"}],"about":[{"href":"https:\/\/belux.edmo.eu\/fr\/wp-json\/wp\/v2\/types\/post"}],"author":[{"embeddable":true,"href":"https:\/\/belux.edmo.eu\/fr\/wp-json\/wp\/v2\/users\/1"}],"replies":[{"embeddable":true,"href":"https:\/\/belux.edmo.eu\/fr\/wp-json\/wp\/v2\/comments?post=257283"}],"version-history":[{"count":0,"href":"https:\/\/belux.edmo.eu\/fr\/wp-json\/wp\/v2\/posts\/257283\/revisions"}],"wp:featuredmedia":[{"embeddable":true,"href":"https:\/\/belux.edmo.eu\/fr\/wp-json\/wp\/v2\/media\/257268"}],"wp:attachment":[{"href":"https:\/\/belux.edmo.eu\/fr\/wp-json\/wp\/v2\/media?parent=257283"}],"wp:term":[{"taxonomy":"category","embeddable":true,"href":"https:\/\/belux.edmo.eu\/fr\/wp-json\/wp\/v2\/categories?post=257283"},{"taxonomy":"post_tag","embeddable":true,"href":"https:\/\/belux.edmo.eu\/fr\/wp-json\/wp\/v2\/tags?post=257283"}],"curies":[{"name":"wp","href":"https:\/\/api.w.org\/{rel}","templated":true}]}}