{"id":257599,"date":"2023-04-17T11:23:10","date_gmt":"2023-04-17T11:23:10","guid":{"rendered":"https:\/\/belux.edmo.eu\/?p=257599"},"modified":"2023-04-17T11:37:04","modified_gmt":"2023-04-17T11:37:04","slug":"cette-image-dun-homme-g-au-visage-ensanglant-manifestant-en-france-a-bien-t-cre-par-midjourney","status":"publish","type":"post","link":"https:\/\/belux.edmo.eu\/fr\/cette-image-dun-homme-g-au-visage-ensanglant-manifestant-en-france-a-bien-t-cre-par-midjourney\/","title":{"rendered":"Cette image d\u2019un \u00ab\u00a0homme \u00e2g\u00e9 au visage ensanglant\u00e9 manifestant en France\u00a0\u00bb a bien \u00e9t\u00e9 cr\u00e9\u00e9e par Midjourney"},"content":{"rendered":"<p><strong>Des internautes ont relay\u00e9 sur Twitter et sur Facebook, l&rsquo;image en gros plan d&rsquo;un \u00ab\u00a0homme \u00e2g\u00e9 au visage ensanglant\u00e9 manifestant en France\u00a0\u00bb, pour d\u00e9noncer les violences qu\u2019il aurait subies par la police lors d\u2019une des manifestations contre la r\u00e9forme des retraites. Le visuel a toutefois suscit\u00e9 de nombreuses interrogations sur son authenticit\u00e9, certains utilisateurs soup\u00e7onnant que l\u2019image ait \u00e9t\u00e9 g\u00e9n\u00e9r\u00e9e par intelligence artificielle (IA). Apr\u00e8s une analyse plus d\u00e9taill\u00e9e de l\u2019image et l\u2019authentification par son auteur qui a confirm\u00e9 le proc\u00e9d\u00e9, il est certain que ce clich\u00e9 n\u2019est pas le reflet du \u00ab\u00a0r\u00e9el\u00a0\u00bb. Il s\u2019agit d\u2019une cr\u00e9ation visuelle con\u00e7ue \u00e0 l\u2019aide de Midjourney, un programme informatique qui fait appel \u00e0 de l\u2019intelligence artificielle pour cr\u00e9er des visuels \u00e0 partir d\u2019un simple descriptif textuel.<\/strong><\/p>\n<div>\n<div>\n<div>\n<div>\n<p>\u00ab\u00a0L\u2019image d\u2019un homme \u00e2g\u00e9 au visage ensanglant\u00e9 manifestant en France fait le tour du monde\u00a0\u00bb, soutient un tweet partag\u00e9 plus de\u00a05000 fois (aujourd\u2019hui supprim\u00e9 mais\u00a0<a href=\"https:\/\/perma.cc\/BG7P-ZDYP?type=image\" target=\"_blank\" rel=\"noopener\">archiv\u00e9 ici<\/a>\u00a0et dont le contenu a \u00e9t\u00e9\u00a0<a href=\"https:\/\/archive.ph\/VjKNV\" target=\"_blank\" rel=\"noopener\">repris<\/a>\u00a0dans\u00a0<a href=\"https:\/\/archive.ph\/DyJ82\" target=\"_blank\" rel=\"noopener\">d\u2019autres tweets<\/a>) depuis sa publication, le 29\u00a0mars 2023.<\/p>\n<\/div>\n<\/div>\n<\/div>\n<\/div>\n<div>\n<div>\n<div>\n<div>\n<div><img src=\"https:\/\/ds.static.rtbf.be\/article\/image\/1920xAuto\/5\/a\/e\/0d85eb24e2add96ff1a7021f83c1abc9-1680908021.jpeg\" sizes=\"(min-width: 760px) 656px, calc(90.91vw - 17px)\" srcset=\"https:\/\/ds.static.rtbf.be\/article\/image\/180xAuto\/5\/a\/e\/0d85eb24e2add96ff1a7021f83c1abc9-1680908021.jpeg 180w, https:\/\/ds.static.rtbf.be\/article\/image\/370xAuto\/5\/a\/e\/0d85eb24e2add96ff1a7021f83c1abc9-1680908021.jpeg 370w, https:\/\/ds.static.rtbf.be\/article\/image\/770xAuto\/5\/a\/e\/0d85eb24e2add96ff1a7021f83c1abc9-1680908021.jpeg 770w, https:\/\/ds.static.rtbf.be\/article\/image\/1248xAuto\/5\/a\/e\/0d85eb24e2add96ff1a7021f83c1abc9-1680908021.jpeg 1248w, https:\/\/ds.static.rtbf.be\/article\/image\/1920xAuto\/5\/a\/e\/0d85eb24e2add96ff1a7021f83c1abc9-1680908021.jpeg 1920w\" alt=\"\" data-nimg=\"fill\" \/><\/div>\n<\/div>\n<div>\u00a9 AFP \/ Capture d\u2019\u00e9cran r\u00e9alis\u00e9e sur Twitter le 30\u00a0mars 2023<\/div>\n<\/div>\n<\/div>\n<\/div>\n<div>\n<div>\n<div>\n<div>\n<p>Les diff\u00e9rents hashtags qui l\u2019accompagnent (\u00ab\u00a0#Reformedesretraites\u00a0\u00bb, \u00ab\u00a0#FranceProtest\u00a0\u00bb) laissent penser que cette sc\u00e8ne a \u00e9t\u00e9 photographi\u00e9e pendant l\u2019une des r\u00e9centes manifestations en France contre la r\u00e9forme du gouvernement.<\/p>\n<p>On voit sur le visuel associ\u00e9, en gros plan, le visage ensanglant\u00e9 d\u2019un homme qui semble tr\u00e8s \u00e2g\u00e9, la bouche ouverte, visiblement aux prises avec des forces de l\u2019ordre, \u00e0 en juger par l\u2019arri\u00e8re-plan, o\u00f9 on distingue un homme \u00e9quip\u00e9 d\u2019une visi\u00e8re mais aussi une silhouette au bras \u00e9quip\u00e9 d\u2019une coque de protection.<\/p>\n<p>Mais cette image, \u00e9galement partag\u00e9e\u00a0<a href=\"https:\/\/archive.ph\/37io1\" target=\"_blank\" rel=\"noopener\">sur Facebook<\/a>\u00a0avec la m\u00eame l\u00e9gende, donne aussi lieu \u00e0 de nombreuses interrogations. Certains internautes soup\u00e7onnent que le clich\u00e9 aurait \u00e9t\u00e9 g\u00e9n\u00e9r\u00e9\u00a0par une intelligence artificielle. En effet, ces derni\u00e8res semaines,\u00a0<a href=\"https:\/\/www.rtbf.be\/article\/comment-reconnaitre-les-images-de-midjourney-cette-intelligence-artificielle-qui-met-trump-en-prison-et-macron-dans-les-manifestations-11173367\">plusieurs sc\u00e8nes fictives mettant notamment en sc\u00e8ne Donald Trump en prison<\/a>\u00a0ou\u00a0<a href=\"https:\/\/www.instagram.com\/p\/CqXhELiAqlR\/\" target=\"_blank\" rel=\"noopener\">le pape Fran\u00e7ois 1er\u00a0\u00a0en \u00ab\u00a0doudoune\u00a0\u00bb<\/a>\u00a0ont circul\u00e9 sur les r\u00e9seaux sociaux. Cela a aussi \u00e9t\u00e9 le cas du pr\u00e9sident Emmanuel Macron qui a fait l\u2019objet de cr\u00e9ation de visuels o\u00f9 il se trouve\u00a0au c\u0153ur des manifestations\u00a0dans\u00a0<a href=\"https:\/\/www.rtbf.be\/article\/reforme-des-retraites-en-france-une-trentaine-denquetes-judiciaires-pour-violences-policieres-11176941\">un contexte tendu de mobilisation nationale contre la r\u00e9forme des retraites en France<\/a>.<\/p>\n<\/div>\n<\/div>\n<\/div>\n<\/div>\n<div>\n<div>\n<div>\n<div>\n<p>Plusieurs \u00e9l\u00e9ments laissent en effet penser que l\u2019image de la personne \u00e2g\u00e9e et ensanglant\u00e9e est aussi une cr\u00e9ation g\u00e9n\u00e9r\u00e9e par une intelligence artificielle.<\/p>\n<\/div>\n<\/div>\n<\/div>\n<\/div>\n<div>\n<div>\n<div>\n<h2>Une publication sur Facebook qui date du 19\u00a0mars<\/h2>\n<\/div>\n<\/div>\n<\/div>\n<div>\n<div>\n<div>\n<div>\n<p>Gr\u00e2ce \u00e0 une\u00a0<a href=\"https:\/\/www.youtube.com\/watch?v=w6tpIBHhZLw&amp;t=1s\" target=\"_blank\" rel=\"noopener\">recherche invers\u00e9e d\u2019image<\/a>,\u00a0puis \u00e0 une recherche de mots-cl\u00e9s,\u00a0nos confr\u00e8res de l\u2019AFP\u00a0ont\u00a0pu retrouver une occurrence de cette image sur Facebook. Il s\u2019agit d\u2019un plan plus large de l\u2019image que celui retrouv\u00e9 sur Twitter.<\/p>\n<p><a href=\"https:\/\/archive.ph\/5Shf3\" target=\"_blank\" rel=\"noopener\">Cette\u00a0publication<\/a>, qui est\u00a0dat\u00e9e du 19\u00a0mars, contient la l\u00e9gende suivante\u00a0: \u00ab\u00a0\u00c7a te fait jouir de faire fracasser les citoyens #Macron\u00a0? Ce pauvre retrait\u00e9 qui pense \u00e0 ses enfants en manifestant pacifiquement\u00a0! \u2026 Et apr\u00e8s certains viendront chialer pour une poubelle en feu ou une vitrine cas\u00e9e\u00a0! Partagez pour montrer ce que Macron a fait de notre D\u00e9mocratie\u00a0!\u00a0\u00bb<\/p>\n<\/div>\n<\/div>\n<\/div>\n<\/div>\n<div>\n<div>\n<div>\n<div>\n<div><img src=\"https:\/\/ds.static.rtbf.be\/article\/image\/1920xAuto\/5\/3\/1\/acef5cc0bd5a0c190494e34ea4b04811-1680908021.jpeg\" sizes=\"(min-width: 760px) 656px, calc(90.91vw - 17px)\" srcset=\"https:\/\/ds.static.rtbf.be\/article\/image\/180xAuto\/5\/3\/1\/acef5cc0bd5a0c190494e34ea4b04811-1680908021.jpeg 180w, https:\/\/ds.static.rtbf.be\/article\/image\/370xAuto\/5\/3\/1\/acef5cc0bd5a0c190494e34ea4b04811-1680908021.jpeg 370w, https:\/\/ds.static.rtbf.be\/article\/image\/770xAuto\/5\/3\/1\/acef5cc0bd5a0c190494e34ea4b04811-1680908021.jpeg 770w, https:\/\/ds.static.rtbf.be\/article\/image\/1248xAuto\/5\/3\/1\/acef5cc0bd5a0c190494e34ea4b04811-1680908021.jpeg 1248w, https:\/\/ds.static.rtbf.be\/article\/image\/1920xAuto\/5\/3\/1\/acef5cc0bd5a0c190494e34ea4b04811-1680908021.jpeg 1920w\" alt=\"\" data-nimg=\"fill\" \/><\/div>\n<\/div>\n<div>\u00a9 AFP \/ Capture d\u2019\u00e9cran r\u00e9alis\u00e9e sur Facebook le 30\u00a0mars 2023.<\/div>\n<\/div>\n<\/div>\n<\/div>\n<div>\n<div>\n<div>\n<div>\n<p>Cette version non rogn\u00e9e \u2013 contrairement \u00e0 la photo virale -, est bien plus d\u00e9taill\u00e9e\u00a0: on y voit le m\u00eame homme \u00e2g\u00e9 ceintur\u00e9 par au moins trois hommes casqu\u00e9s. En arri\u00e8re-plan, on distingue d\u2019autres membres des forces de l\u2019ordre, le regard tourn\u00e9 dans une autre direction, et, encore plus au fond, des arbres devant un immeuble.<\/p>\n<\/div>\n<\/div>\n<\/div>\n<\/div>\n<div>\n<div>\n<div>\n<h2>Des \u00e9l\u00e9ments suspects<\/h2>\n<\/div>\n<\/div>\n<\/div>\n<div>\n<div>\n<div>\n<div>\n<p>En y regardant de plus pr\u00e8s, plusieurs \u00e9l\u00e9ments ne sont pas coh\u00e9rents. Par exemple,\u00a0l\u2019absence notable de signes distinctifs des forces de l\u2019ordre fran\u00e7aises (bandes de couleur sur les casques, insignes sur les uniformes).<\/p>\n<\/div>\n<\/div>\n<\/div>\n<\/div>\n<div>\n<div>\n<div>\n<div>\n<div><img src=\"https:\/\/ds.static.rtbf.be\/article\/image\/1920xAuto\/9\/a\/f\/f621585df244e9596dc70a39b579efb1-1680941811.jpeg\" sizes=\"(min-width: 760px) 656px, calc(90.91vw - 17px)\" srcset=\"https:\/\/ds.static.rtbf.be\/article\/image\/180xAuto\/9\/a\/f\/f621585df244e9596dc70a39b579efb1-1680941811.jpeg 180w, https:\/\/ds.static.rtbf.be\/article\/image\/370xAuto\/9\/a\/f\/f621585df244e9596dc70a39b579efb1-1680941811.jpeg 370w, https:\/\/ds.static.rtbf.be\/article\/image\/770xAuto\/9\/a\/f\/f621585df244e9596dc70a39b579efb1-1680941811.jpeg 770w, https:\/\/ds.static.rtbf.be\/article\/image\/1248xAuto\/9\/a\/f\/f621585df244e9596dc70a39b579efb1-1680941811.jpeg 1248w, https:\/\/ds.static.rtbf.be\/article\/image\/1920xAuto\/9\/a\/f\/f621585df244e9596dc70a39b579efb1-1680941811.jpeg 1920w\" alt=\"\" data-nimg=\"fill\" \/><\/div>\n<\/div>\n<div>\u00a9 AFP \/ Capture d\u2019\u00e9cran du 30\u00a0mars 2023.<\/div>\n<\/div>\n<\/div>\n<\/div>\n<div>\n<div>\n<div>\n<div>\n<p>Interrog\u00e9 par l\u2019AFP, l\u2019expert en IA\u00a0<a href=\"https:\/\/www.linkedin.com\/in\/victorbaissait\/?originalSubdomain=fr\" target=\"_blank\" rel=\"noopener\">Victor Baissait<\/a>\u00a0analyse\u00a0: \u00ab\u00a0L\u2019image a un grain diff\u00e9rent de celui d\u2019une photo\u00a0: elle a l\u2019air peinte, ce qui est g\u00e9n\u00e9ralement le cas des images g\u00e9n\u00e9r\u00e9es par IA. Une tache de sang sur la main est bizarre. L\u2019un des casques sur le CRS le plus \u00e0 gauche, car il semble cass\u00e9, avec une partie qui ressort. Le CRS \u00e0\u00a0droite a\u00a0une visi\u00e8re beaucoup trop longue, il y a une encoche peu r\u00e9aliste dessus, et elle rentre dans la t\u00eate de la personne alors qu\u2019elle n\u2019est pas cass\u00e9e\u00a0\u00bb, pointe ce\u00a0sp\u00e9cialiste.<\/p>\n<p><a href=\"https:\/\/twitter.com\/nickfloats?ref_src=twsrc%5Egoogle%7Ctwcamp%5Eserp%7Ctwgr%5Eauthor\" target=\"_blank\" rel=\"noopener\">Nick Saint-Pierre<\/a>, un autre expert des IA, remarque de son c\u00f4t\u00e9 que le tissu du v\u00eatement du vieil homme et celui de l\u2019uniforme du CRS \u00ab\u00a0fusionnent sur l\u2019image\u00a0\u00bb, trahissant une cr\u00e9ation par une machine dot\u00e9e d\u2019IA.<\/p>\n<p>Un utilisateur de Midjourney, Lionel Mandeix, indique\u00a0<a href=\"https:\/\/archive.ph\/Q8nVC\/image\" target=\"_blank\" rel=\"noopener\">dans un tweet<\/a>\u00a0avec des exemples \u00e0 l\u2019appui, que\u00a0l\u2019image du vieil homme ensanglant\u00e9 ressemble fortement\u00a0\u00e0 des cr\u00e9ations r\u00e9alisables sur la cinqui\u00e8me version de cette IA.<\/p>\n<p>L\u2019outil en ligne\u00a0<a href=\"https:\/\/gan-detector-mayachitra.azurewebsites.net\/\" target=\"_blank\" rel=\"noopener\">Mayachitra<\/a>\u00a0peut aussi fournir des indications concernant l\u2019\u00e9ventualit\u00e9 qu\u2019une image soit g\u00e9n\u00e9r\u00e9e par un GAN.\u00a0Un GAN ou Generative Adversarial Network (r\u00e9seau antagoniste g\u00e9n\u00e9ratif) est une technique d\u2019intelligence artificielle permettant notamment\u00a0de cr\u00e9er des imitations d\u2019images. Apr\u00e8s avoir charg\u00e9 le fichier image sur la plateforme, l\u2019outil indique que l\u2019image en question\u00a0est \u00ab\u00a0probablement g\u00e9n\u00e9r\u00e9e par un GAN\u00a0\u00bb.<\/p>\n<\/div>\n<\/div>\n<\/div>\n<\/div>\n<div>\n<div>\n<div>\n<h2>Une cr\u00e9ation \u00e0 partir d\u2019IA<\/h2>\n<\/div>\n<\/div>\n<\/div>\n<div>\n<div>\n<div>\n<div>\n<p>Victor Baissait\u00a0souligne\u00a0: \u00ab\u00a0C\u2019est une image plut\u00f4t r\u00e9ussie \u00e0 premi\u00e8re vue, qui ressemble fortement au style du\u00a0[g\u00e9n\u00e9rateur d\u2019images par IA]\u00a0Midjourney. Quand on voit le fond, on sait que l\u2019internaute a tr\u00e8s probablement demand\u00e9 \u00e0 faire quelque chose qui se passe en France, on reconna\u00eet des caract\u00e9ristiques de b\u00e2timents fran\u00e7ais dans des rues o\u00f9 il y a des manifestations.\u00a0\u00bb<\/p>\n<p>Nick Saint-Pierre de son c\u00f4t\u00e9 l\u2019assure\u00a0: \u00ab\u00a0C\u2019est d\u00e9finitivement une image g\u00e9n\u00e9r\u00e9e par intelligence artificielle\u00a0\u00bb.<\/p>\n<\/div>\n<\/div>\n<\/div>\n<\/div>\n<div>\n<div>\n<div>\n<h2>L\u2019auteur confirme avoir eu recours \u00e0 Midjourney<\/h2>\n<\/div>\n<\/div>\n<\/div>\n<div>\n<div>\n<div>\n<div>\n<p>Le 31\u00a0mars, un homme d\u00e9nomm\u00e9\u00a0R\u00e9gis Gonzalez,\u00a0<a href=\"https:\/\/factuel.afp.com\/doc.afp.com.33CC82Z\" target=\"_blank\" rel=\"noopener\">s\u2019est pr\u00e9sent\u00e9 \u00e0 nos confr\u00e8res de l\u2019AFP<\/a>\u00a0comme l\u2019auteur de cette image, avec des\u00a0publications Facebook \u00e0 l\u2019appui.<\/p>\n<p>En effet, comme on peut le voir sur la page Facebook de\u00a0<a href=\"https:\/\/perma.cc\/PN7M-2VXW\" target=\"_blank\" rel=\"noopener\">cet artiste contemporain<\/a>,\u00a0<a href=\"https:\/\/archive.ph\/5XPjK\" target=\"_blank\" rel=\"noopener\">cette photo<\/a>\u00a0figurait en effet d\u00e8s le 18\u00a0mars dans\u00a0<a href=\"https:\/\/archive.ph\/ELkCq\" target=\"_blank\" rel=\"noopener\">une publication<\/a>\u00a0montrant diff\u00e9rentes images g\u00e9n\u00e9r\u00e9es par IA de manifestants \u00e2g\u00e9s, avec une l\u00e9gende ne laissant planer aucune ambigu\u00eft\u00e9 sur la nature fictive de la sc\u00e8ne\u00a0: \u00ab\u00a0Fakumentary 2043\u00a0: Manifestation contre la r\u00e9forme des retraites \u00e0 98 ans (r\u00e9alis\u00e9 via intelligence artificielle)\u00a0\u00bb.<\/p>\n<\/div>\n<\/div>\n<\/div>\n<\/div>\n<div>\n<div>\n<div>\n<div>\n<div><img src=\"https:\/\/ds.static.rtbf.be\/article\/image\/1920xAuto\/7\/3\/7\/2612aa892d962d6f8056b195ca6e550d-1680908022.jpeg\" sizes=\"(min-width: 760px) 656px, calc(90.91vw - 17px)\" srcset=\"https:\/\/ds.static.rtbf.be\/article\/image\/180xAuto\/7\/3\/7\/2612aa892d962d6f8056b195ca6e550d-1680908022.jpeg 180w, https:\/\/ds.static.rtbf.be\/article\/image\/370xAuto\/7\/3\/7\/2612aa892d962d6f8056b195ca6e550d-1680908022.jpeg 370w, https:\/\/ds.static.rtbf.be\/article\/image\/770xAuto\/7\/3\/7\/2612aa892d962d6f8056b195ca6e550d-1680908022.jpeg 770w, https:\/\/ds.static.rtbf.be\/article\/image\/1248xAuto\/7\/3\/7\/2612aa892d962d6f8056b195ca6e550d-1680908022.jpeg 1248w, https:\/\/ds.static.rtbf.be\/article\/image\/1920xAuto\/7\/3\/7\/2612aa892d962d6f8056b195ca6e550d-1680908022.jpeg 1920w\" alt=\"\" data-nimg=\"fill\" \/><\/div>\n<\/div>\n<div>\u00a9 AFP \/ Capture d\u2019\u00e9cran r\u00e9alis\u00e9e sur Facebook le 31\u00a0mars 2023.<\/div>\n<\/div>\n<\/div>\n<\/div>\n<div>\n<div>\n<div>\n<div>\n<div><img src=\"https:\/\/ds.static.rtbf.be\/article\/image\/1920xAuto\/3\/d\/5\/a9fb9e6ef40426e9add520623d521ab8-1680908022.jpeg\" sizes=\"(min-width: 760px) 656px, calc(90.91vw - 17px)\" srcset=\"https:\/\/ds.static.rtbf.be\/article\/image\/180xAuto\/3\/d\/5\/a9fb9e6ef40426e9add520623d521ab8-1680908022.jpeg 180w, https:\/\/ds.static.rtbf.be\/article\/image\/370xAuto\/3\/d\/5\/a9fb9e6ef40426e9add520623d521ab8-1680908022.jpeg 370w, https:\/\/ds.static.rtbf.be\/article\/image\/770xAuto\/3\/d\/5\/a9fb9e6ef40426e9add520623d521ab8-1680908022.jpeg 770w, https:\/\/ds.static.rtbf.be\/article\/image\/1248xAuto\/3\/d\/5\/a9fb9e6ef40426e9add520623d521ab8-1680908022.jpeg 1248w, https:\/\/ds.static.rtbf.be\/article\/image\/1920xAuto\/3\/d\/5\/a9fb9e6ef40426e9add520623d521ab8-1680908022.jpeg 1920w\" alt=\"\" data-nimg=\"fill\" \/><\/div>\n<\/div>\n<div>\u00a9 AFP \/ Capture d\u2019\u00e9cran r\u00e9alis\u00e9e sur Facebook le 31\u00a0mars 2023.<\/div>\n<\/div>\n<\/div>\n<\/div>\n<div>\n<div>\n<div>\n<div>\n<p>R\u00e9gis Gonzalez explique avoir \u00e9t\u00e9 \u00ab\u00a0pr\u00e9venu par un copain que l\u2019une de mes images avait \u00e9t\u00e9 d\u00e9tourn\u00e9e et que \u00e7a avait pris des proportions hallucinantes\u00a0\u00bb, d\u2019o\u00f9 son message \u00e0 l\u2019AFP pour r\u00e9tablir l\u2019origine de ce visuel \u00ab\u00a0sorti de son contexte\u00a0\u00bb.<\/p>\n<p>\u00ab\u00a0\u00c7a fait une vingtaine d\u2019ann\u00e9es que je travaille sur les images et les fake news. Cette image faisait partie d\u2019un faux documentaire satirique que j\u2019ai r\u00e9alis\u00e9 sur MidJourney avec la V5. Il est cens\u00e9 se d\u00e9rouler en\u00a02043 et montrer une manifestation contre la r\u00e9forme des retraites \u00e0 98 ans. La premi\u00e8re image montre un policier s\u2019engueuler avec un vieillard. Puis la manifestation d\u00e9g\u00e9n\u00e8re et \u00e7a se finit sur une grand-m\u00e8re avec une kalachnikov, en train de sourire, et un tr\u00e8s vieux CRS qui a la m\u00eame arme, c\u2019est clairement parodique et satirique\u00a0\u00bb, pr\u00e9cise l\u2019artiste contemporain, qui s\u2019\u00e9tonne de la viralit\u00e9 prise par cette image, alors que sa publication initiale comptait moins d\u2019une cinquantaine de partages.<\/p>\n<p>\u00ab\u00a0Curieusement l\u2019IA a d\u00e9vi\u00e9, elle a g\u00e9n\u00e9r\u00e9 des photos de personnes \u00e2g\u00e9es mais elle n\u2019a pas beaucoup de photos de CRS vieux, j\u2019ai eu du mal \u00e0 obtenir \u00e7a\u00a0\u00bb alors que cela faisait partie de ses mots-cl\u00e9s, souligne encore R\u00e9gis Gonzalez, qui, bien qu\u2019il d\u00e9plore le d\u00e9tournement de son image, esp\u00e8re que ce cas de figure fasse office d\u2019alerte\u00a0: \u00ab\u00a0Les autorit\u00e9s comp\u00e9tentes commencent \u00e0 prendre conscience de l\u2019ampleur du bordel dans lequel on va se trouver pendant 10 ans au moins\u00a0[avec l\u2019IA]\u00a0\u00bb.<\/p>\n<\/div>\n<\/div>\n<\/div>\n<\/div>\n<div>\n<div>\n<div>\n<h2>Une utilisation autour de la question sensible des violences polici\u00e8res<\/h2>\n<\/div>\n<\/div>\n<\/div>\n<div>\n<div>\n<div>\n<div>\n<p>\u00ab\u00a0Ce sont des images qui \u00e9meuvent car elles sont ancr\u00e9es dans l\u2019actualit\u00e9 avec le d\u00e9bat autour des violences polici\u00e8res, donc \u00e7a para\u00eet cr\u00e9dible, ce qui pousse les gens \u00e0 retweeter sans questionner\u00a0\u00bb, analyse Victor Baissait.<\/p>\n<p>Lors des mobilisations contre la r\u00e9forme des retraites, gardes \u00e0 vue arbitraires et brutalit\u00e9s polici\u00e8res ont \u00e9t\u00e9 d\u00e9nonc\u00e9es par des manifestants,\u00a0<a href=\"https:\/\/fr.news.yahoo.com\/lfi-invite-lonu-%C3%A0-rendre-205903977.html\" target=\"_blank\" rel=\"noopener\">des \u00e9lus<\/a>\u00a0(<a href=\"https:\/\/perma.cc\/BSB8-WVFV\" target=\"_blank\" rel=\"noopener\">archive<\/a>) et des organisations de d\u00e9fenses des droits humains, comme r\u00e9capitul\u00e9 dans\u00a0<a href=\"https:\/\/www.letemps.ch\/monde\/ong-denoncent-violence-policiere-repression-manifestations-france\" target=\"_blank\" rel=\"noopener\">cette d\u00e9p\u00eache AFP\u00a0<\/a>(<a href=\"https:\/\/perma.cc\/F5DM-M2LB\" target=\"_blank\" rel=\"noopener\">archive<\/a>). Plusieurs enqu\u00eates ont \u00e9t\u00e9 ouvertes et \u00ab\u00a0une centaine de plaintes\u00a0\u00bb ont \u00e9t\u00e9 d\u00e9pos\u00e9es \u00e0 Paris le 31\u00a0mars pour d\u00e9noncer des \u00ab\u00a0arrestations et d\u00e9tentions arbitraires\u00a0\u00bb dans le cadre de la mobilisation contre la r\u00e9forme des retraites.<\/p>\n<p>Dans\u00a0<a href=\"https:\/\/www.lejdd.fr\/politique\/gerald-darmanin-au-jdd-plus-aucune-zad-ne-sinstallera-dans-notre-pays-134308\" target=\"_blank\" rel=\"noopener\">une interview accord\u00e9e\u00a0au Journal du Dimanche<\/a>\u00a0le 2\u00a0avril dernier, le ministre fran\u00e7ais de l\u2019Int\u00e9rieur G\u00e9rald Darmanin a annonc\u00e9\u00a0que depuis le d\u00e9but du mouvement de contestation de la r\u00e9forme des retraites dans son pays \u00ab\u00a036 enqu\u00eates judiciaires\u00a0\u00bb avaient \u00e9t\u00e9 ouvertes par l\u2019IGPN, \u00ab\u00a0la police des polices\u00a0\u00bb, et deux\u00a0par l\u2019IGGN (l\u2019\u00e9quivalent pour les gendarmes).<\/p>\n<p>M\u00eame si le programme Midjourney est devenu moins accessible car\u00a0<a href=\"https:\/\/www.numerama.com\/tech\/1332518-tenter-de-reconnaitre-une-image-faite-par-midjourney-cest-perdu-davance.html\" target=\"_blank\" rel=\"noopener\">devenu exclusivement\u00a0r\u00e9serv\u00e9 aux utilisateurs qui paient<\/a>, les cr\u00e9ations d\u2019images\u00a0artificielles, comme DALL-E \u00e9galement, n\u2019en sont qu\u2019\u00e0 leurs d\u00e9buts et\u00a0<a href=\"https:\/\/www.numerama.com\/tech\/1332518-tenter-de-reconnaitre-une-image-faite-par-midjourney-cest-perdu-davance.html\" target=\"_blank\" rel=\"noopener\">devraient \u00eatre en mesure de corriger certains d\u00e9tails qui trahissent l\u2019utilisation de l\u2019IA<\/a>\u00a0(il s\u2019agit par exemple de\u00a0<a href=\"https:\/\/www.rtbf.be\/article\/comment-reconnaitre-les-images-de-midjourney-cette-intelligence-artificielle-qui-met-trump-en-prison-et-macron-dans-les-manifestations-11173367\">doigts ou de\u00a0dents en surnombre sur certaines\u00a0images<\/a>).<\/p>\n<p>D\u00e8s lors, distinguer une image \u00ab\u00a0r\u00e9elle\u00a0\u00bb d\u2019une image totalement fabriqu\u00e9e par une\u00a0IA risque de devenir de plus en plus complexe \u00e0 l\u2019avenir. Leur utilisation dans des contextes sensibles, comme celui de violences polici\u00e8res, ne fait qu\u2019augmenter le risque qu\u2019elles circulent davantage\u00a0et trompent l\u2019opinion publique.<\/p>\n<\/div>\n<\/div>\n<\/div>\n<\/div>\n","protected":false},"excerpt":{"rendered":"<p>Des internautes ont relay\u00e9 sur Twitter et sur Facebook, l&rsquo;image en gros plan d&rsquo;un \u00ab\u00a0homme \u00e2g\u00e9 au visage ensanglant\u00e9 manifestant&#8230;<\/p>\n","protected":false},"author":1,"featured_media":257594,"comment_status":"closed","ping_status":"open","sticky":false,"template":"","format":"standard","meta":{"_acf_changed":false,"footnotes":""},"categories":[125,116,132,135,138],"tags":[],"class_list":{"0":"post-257599","1":"post","2":"type-post","3":"status-publish","4":"format-standard","5":"has-post-thumbnail","7":"category-fact-check-fr","8":"category-non-classifiee","9":"category-politique","10":"category-science-fr","11":"category-societe"},"acf":{"show_metatags":true,"id":"https:\/\/www.rtbf.be\/article\/cette-image-d-un-homme-age-au-visage-ensanglante-manifestant-en-france-a-bien-ete-creee-par-midjourney-11180088","authors":"Gr\u00e9goire Ryckmans avec AFP Factuel","organization":"RTBF","featured_image_copyright":"","text_copyright":"Copyright: (C)RTBF Radio, Television Belge Francophone, plus d'infos: https:\/\/www.rtbf.be\/cgu\/","source":"https:\/\/www.rtbf.be\/article\/cette-image-d-un-homme-age-au-visage-ensanglante-manifestant-en-france-a-bien-ete-creee-par-midjourney-11180088","fact_checker":"https:\/\/belux.wpengine.com\/wp-content\/uploads\/2022\/01\/rtbf-logo.jpg","type":"\u00c9v\u00e9nement ferm\u00e9","location":"","start_date":"","start_date_event_begins_at":"","start_date_event_ends_at":"","end_date":"","end_date_event_begins_at":"","end_date_event_ends_at":"","organizer":"","fact_checker_logo_image":false},"yoast_head":"<!-- This site is optimized with the Yoast SEO plugin v27.0 - https:\/\/yoast.com\/product\/yoast-seo-wordpress\/ -->\n<title>Cette image d\u2019un &quot;homme \u00e2g\u00e9 au visage ensanglant\u00e9 manifestant en France&quot; a bien \u00e9t\u00e9 cr\u00e9\u00e9e par Midjourney - EDMO Belux<\/title>\n<meta name=\"robots\" content=\"index, follow, max-snippet:-1, max-image-preview:large, max-video-preview:-1\" \/>\n<link rel=\"canonical\" href=\"https:\/\/belux.edmo.eu\/fr\/cette-image-dun-homme-g-au-visage-ensanglant-manifestant-en-france-a-bien-t-cre-par-midjourney\/\" \/>\n<meta property=\"og:locale\" content=\"fr_FR\" \/>\n<meta property=\"og:type\" content=\"article\" \/>\n<meta property=\"og:title\" content=\"Cette image d\u2019un &quot;homme \u00e2g\u00e9 au visage ensanglant\u00e9 manifestant en France&quot; a bien \u00e9t\u00e9 cr\u00e9\u00e9e par Midjourney - EDMO Belux\" \/>\n<meta property=\"og:description\" content=\"Des internautes ont relay\u00e9 sur Twitter et sur Facebook, l&rsquo;image en gros plan d&rsquo;un \u00ab\u00a0homme \u00e2g\u00e9 au visage ensanglant\u00e9 manifestant...\" \/>\n<meta property=\"og:url\" content=\"https:\/\/belux.edmo.eu\/fr\/cette-image-dun-homme-g-au-visage-ensanglant-manifestant-en-france-a-bien-t-cre-par-midjourney\/\" \/>\n<meta property=\"og:site_name\" content=\"EDMO Belux\" \/>\n<meta property=\"article:published_time\" content=\"2023-04-17T11:23:10+00:00\" \/>\n<meta property=\"article:modified_time\" content=\"2023-04-17T11:37:04+00:00\" \/>\n<meta property=\"og:image\" content=\"https:\/\/belux-edmo.s3-accelerate.amazonaws.com\/wp-content\/uploads\/2023\/04\/63a99723ebb3af94d52b474c3b21dbe1-1680908021.jpg\" \/>\n\t<meta property=\"og:image:width\" content=\"770\" \/>\n\t<meta property=\"og:image:height\" content=\"433\" \/>\n\t<meta property=\"og:image:type\" content=\"image\/jpeg\" \/>\n<meta name=\"author\" content=\"master\" \/>\n<meta name=\"twitter:card\" content=\"summary_large_image\" \/>\n<meta name=\"twitter:creator\" content=\"@Edmo_Belux\" \/>\n<meta name=\"twitter:site\" content=\"@Edmo_Belux\" \/>\n<meta name=\"twitter:label1\" content=\"\u00c9crit par\" \/>\n\t<meta name=\"twitter:data1\" content=\"master\" \/>\n\t<meta name=\"twitter:label2\" content=\"Dur\u00e9e de lecture estim\u00e9e\" \/>\n\t<meta name=\"twitter:data2\" content=\"9 minutes\" \/>\n<script type=\"application\/ld+json\" class=\"yoast-schema-graph\">{\"@context\":\"https:\/\/schema.org\",\"@graph\":[{\"@type\":\"Article\",\"@id\":\"https:\/\/belux.edmo.eu\/fr\/cette-image-dun-homme-g-au-visage-ensanglant-manifestant-en-france-a-bien-t-cre-par-midjourney\/#article\",\"isPartOf\":{\"@id\":\"https:\/\/belux.edmo.eu\/fr\/cette-image-dun-homme-g-au-visage-ensanglant-manifestant-en-france-a-bien-t-cre-par-midjourney\/\"},\"author\":{\"name\":\"master\",\"@id\":\"https:\/\/belux.edmo.eu\/#\/schema\/person\/dbe3b252258537fd318f9b5645a30342\"},\"headline\":\"Cette image d\u2019un \u00ab\u00a0homme \u00e2g\u00e9 au visage ensanglant\u00e9 manifestant en France\u00a0\u00bb a bien \u00e9t\u00e9 cr\u00e9\u00e9e par Midjourney\",\"datePublished\":\"2023-04-17T11:23:10+00:00\",\"dateModified\":\"2023-04-17T11:37:04+00:00\",\"mainEntityOfPage\":{\"@id\":\"https:\/\/belux.edmo.eu\/fr\/cette-image-dun-homme-g-au-visage-ensanglant-manifestant-en-france-a-bien-t-cre-par-midjourney\/\"},\"wordCount\":1807,\"publisher\":{\"@id\":\"https:\/\/belux.edmo.eu\/#organization\"},\"image\":{\"@id\":\"https:\/\/belux.edmo.eu\/fr\/cette-image-dun-homme-g-au-visage-ensanglant-manifestant-en-france-a-bien-t-cre-par-midjourney\/#primaryimage\"},\"thumbnailUrl\":\"https:\/\/belux-edmo.s3-accelerate.amazonaws.com\/wp-content\/uploads\/2023\/04\/63a99723ebb3af94d52b474c3b21dbe1-1680908021.jpg\",\"articleSection\":[\"Fact-Check\",\"Non classifi\u00e9(e)\",\"Politique\",\"Science\",\"Societe\"],\"inLanguage\":\"fr-FR\"},{\"@type\":\"WebPage\",\"@id\":\"https:\/\/belux.edmo.eu\/fr\/cette-image-dun-homme-g-au-visage-ensanglant-manifestant-en-france-a-bien-t-cre-par-midjourney\/\",\"url\":\"https:\/\/belux.edmo.eu\/fr\/cette-image-dun-homme-g-au-visage-ensanglant-manifestant-en-france-a-bien-t-cre-par-midjourney\/\",\"name\":\"Cette image d\u2019un \\\"homme \u00e2g\u00e9 au visage ensanglant\u00e9 manifestant en France\\\" a bien \u00e9t\u00e9 cr\u00e9\u00e9e par Midjourney - EDMO Belux\",\"isPartOf\":{\"@id\":\"https:\/\/belux.edmo.eu\/#website\"},\"primaryImageOfPage\":{\"@id\":\"https:\/\/belux.edmo.eu\/fr\/cette-image-dun-homme-g-au-visage-ensanglant-manifestant-en-france-a-bien-t-cre-par-midjourney\/#primaryimage\"},\"image\":{\"@id\":\"https:\/\/belux.edmo.eu\/fr\/cette-image-dun-homme-g-au-visage-ensanglant-manifestant-en-france-a-bien-t-cre-par-midjourney\/#primaryimage\"},\"thumbnailUrl\":\"https:\/\/belux-edmo.s3-accelerate.amazonaws.com\/wp-content\/uploads\/2023\/04\/63a99723ebb3af94d52b474c3b21dbe1-1680908021.jpg\",\"datePublished\":\"2023-04-17T11:23:10+00:00\",\"dateModified\":\"2023-04-17T11:37:04+00:00\",\"breadcrumb\":{\"@id\":\"https:\/\/belux.edmo.eu\/fr\/cette-image-dun-homme-g-au-visage-ensanglant-manifestant-en-france-a-bien-t-cre-par-midjourney\/#breadcrumb\"},\"inLanguage\":\"fr-FR\",\"potentialAction\":[{\"@type\":\"ReadAction\",\"target\":[\"https:\/\/belux.edmo.eu\/fr\/cette-image-dun-homme-g-au-visage-ensanglant-manifestant-en-france-a-bien-t-cre-par-midjourney\/\"]}]},{\"@type\":\"ImageObject\",\"inLanguage\":\"fr-FR\",\"@id\":\"https:\/\/belux.edmo.eu\/fr\/cette-image-dun-homme-g-au-visage-ensanglant-manifestant-en-france-a-bien-t-cre-par-midjourney\/#primaryimage\",\"url\":\"https:\/\/belux-edmo.s3-accelerate.amazonaws.com\/wp-content\/uploads\/2023\/04\/63a99723ebb3af94d52b474c3b21dbe1-1680908021.jpg\",\"contentUrl\":\"https:\/\/belux-edmo.s3-accelerate.amazonaws.com\/wp-content\/uploads\/2023\/04\/63a99723ebb3af94d52b474c3b21dbe1-1680908021.jpg\",\"width\":770,\"height\":433,\"caption\":\"Cette image d\u2019un \\\"homme \u00e2g\u00e9 au visage ensanglant\u00e9 manifestant en France\\\" a bien \u00e9t\u00e9 cr\u00e9\u00e9e par Midjourney - Featured image\"},{\"@type\":\"BreadcrumbList\",\"@id\":\"https:\/\/belux.edmo.eu\/fr\/cette-image-dun-homme-g-au-visage-ensanglant-manifestant-en-france-a-bien-t-cre-par-midjourney\/#breadcrumb\",\"itemListElement\":[{\"@type\":\"ListItem\",\"position\":1,\"name\":\"Home\",\"item\":\"https:\/\/belux.edmo.eu\/fr\/\"},{\"@type\":\"ListItem\",\"position\":2,\"name\":\"Cette image d\u2019un &#8220;homme \u00e2g\u00e9 au visage ensanglant\u00e9 manifestant en France&#8221; a bien \u00e9t\u00e9 cr\u00e9\u00e9e par Midjourney\"}]},{\"@type\":\"WebSite\",\"@id\":\"https:\/\/belux.edmo.eu\/#website\",\"url\":\"https:\/\/belux.edmo.eu\/\",\"name\":\"EDMO Belux\",\"description\":\"Monitoring Disinformation in Belgium and Luxembourg\",\"publisher\":{\"@id\":\"https:\/\/belux.edmo.eu\/#organization\"},\"potentialAction\":[{\"@type\":\"SearchAction\",\"target\":{\"@type\":\"EntryPoint\",\"urlTemplate\":\"https:\/\/belux.edmo.eu\/?s={search_term_string}\"},\"query-input\":{\"@type\":\"PropertyValueSpecification\",\"valueRequired\":true,\"valueName\":\"search_term_string\"}}],\"inLanguage\":\"fr-FR\"},{\"@type\":\"Organization\",\"@id\":\"https:\/\/belux.edmo.eu\/#organization\",\"name\":\"EDMO Belux\",\"url\":\"https:\/\/belux.edmo.eu\/\",\"logo\":{\"@type\":\"ImageObject\",\"inLanguage\":\"fr-FR\",\"@id\":\"https:\/\/belux.edmo.eu\/#\/schema\/logo\/image\/\",\"url\":\"https:\/\/belux.edmo.eu\/wp-content\/uploads\/2021\/12\/belux-logo-full-color-rgb.svg\",\"contentUrl\":\"https:\/\/belux.edmo.eu\/wp-content\/uploads\/2021\/12\/belux-logo-full-color-rgb.svg\",\"width\":1,\"height\":1,\"caption\":\"EDMO Belux\"},\"image\":{\"@id\":\"https:\/\/belux.edmo.eu\/#\/schema\/logo\/image\/\"},\"sameAs\":[\"https:\/\/x.com\/Edmo_Belux\"]},{\"@type\":\"Person\",\"@id\":\"https:\/\/belux.edmo.eu\/#\/schema\/person\/dbe3b252258537fd318f9b5645a30342\",\"name\":\"master\",\"sameAs\":[\"https:\/\/belux.wpengine.com\"],\"url\":\"https:\/\/belux.edmo.eu\/fr\/author\/master\/\"}]}<\/script>\n<!-- \/ Yoast SEO plugin. -->","yoast_head_json":{"title":"Cette image d\u2019un \"homme \u00e2g\u00e9 au visage ensanglant\u00e9 manifestant en France\" a bien \u00e9t\u00e9 cr\u00e9\u00e9e par Midjourney - EDMO Belux","robots":{"index":"index","follow":"follow","max-snippet":"max-snippet:-1","max-image-preview":"max-image-preview:large","max-video-preview":"max-video-preview:-1"},"canonical":"https:\/\/belux.edmo.eu\/fr\/cette-image-dun-homme-g-au-visage-ensanglant-manifestant-en-france-a-bien-t-cre-par-midjourney\/","og_locale":"fr_FR","og_type":"article","og_title":"Cette image d\u2019un \"homme \u00e2g\u00e9 au visage ensanglant\u00e9 manifestant en France\" a bien \u00e9t\u00e9 cr\u00e9\u00e9e par Midjourney - EDMO Belux","og_description":"Des internautes ont relay\u00e9 sur Twitter et sur Facebook, l&rsquo;image en gros plan d&rsquo;un \u00ab\u00a0homme \u00e2g\u00e9 au visage ensanglant\u00e9 manifestant...","og_url":"https:\/\/belux.edmo.eu\/fr\/cette-image-dun-homme-g-au-visage-ensanglant-manifestant-en-france-a-bien-t-cre-par-midjourney\/","og_site_name":"EDMO Belux","article_published_time":"2023-04-17T11:23:10+00:00","article_modified_time":"2023-04-17T11:37:04+00:00","og_image":[{"width":770,"height":433,"url":"https:\/\/belux-edmo.s3-accelerate.amazonaws.com\/wp-content\/uploads\/2023\/04\/63a99723ebb3af94d52b474c3b21dbe1-1680908021.jpg","type":"image\/jpeg"}],"author":"master","twitter_card":"summary_large_image","twitter_creator":"@Edmo_Belux","twitter_site":"@Edmo_Belux","twitter_misc":{"\u00c9crit par":"master","Dur\u00e9e de lecture estim\u00e9e":"9 minutes"},"schema":{"@context":"https:\/\/schema.org","@graph":[{"@type":"Article","@id":"https:\/\/belux.edmo.eu\/fr\/cette-image-dun-homme-g-au-visage-ensanglant-manifestant-en-france-a-bien-t-cre-par-midjourney\/#article","isPartOf":{"@id":"https:\/\/belux.edmo.eu\/fr\/cette-image-dun-homme-g-au-visage-ensanglant-manifestant-en-france-a-bien-t-cre-par-midjourney\/"},"author":{"name":"master","@id":"https:\/\/belux.edmo.eu\/#\/schema\/person\/dbe3b252258537fd318f9b5645a30342"},"headline":"Cette image d\u2019un \u00ab\u00a0homme \u00e2g\u00e9 au visage ensanglant\u00e9 manifestant en France\u00a0\u00bb a bien \u00e9t\u00e9 cr\u00e9\u00e9e par Midjourney","datePublished":"2023-04-17T11:23:10+00:00","dateModified":"2023-04-17T11:37:04+00:00","mainEntityOfPage":{"@id":"https:\/\/belux.edmo.eu\/fr\/cette-image-dun-homme-g-au-visage-ensanglant-manifestant-en-france-a-bien-t-cre-par-midjourney\/"},"wordCount":1807,"publisher":{"@id":"https:\/\/belux.edmo.eu\/#organization"},"image":{"@id":"https:\/\/belux.edmo.eu\/fr\/cette-image-dun-homme-g-au-visage-ensanglant-manifestant-en-france-a-bien-t-cre-par-midjourney\/#primaryimage"},"thumbnailUrl":"https:\/\/belux-edmo.s3-accelerate.amazonaws.com\/wp-content\/uploads\/2023\/04\/63a99723ebb3af94d52b474c3b21dbe1-1680908021.jpg","articleSection":["Fact-Check","Non classifi\u00e9(e)","Politique","Science","Societe"],"inLanguage":"fr-FR"},{"@type":"WebPage","@id":"https:\/\/belux.edmo.eu\/fr\/cette-image-dun-homme-g-au-visage-ensanglant-manifestant-en-france-a-bien-t-cre-par-midjourney\/","url":"https:\/\/belux.edmo.eu\/fr\/cette-image-dun-homme-g-au-visage-ensanglant-manifestant-en-france-a-bien-t-cre-par-midjourney\/","name":"Cette image d\u2019un \"homme \u00e2g\u00e9 au visage ensanglant\u00e9 manifestant en France\" a bien \u00e9t\u00e9 cr\u00e9\u00e9e par Midjourney - EDMO Belux","isPartOf":{"@id":"https:\/\/belux.edmo.eu\/#website"},"primaryImageOfPage":{"@id":"https:\/\/belux.edmo.eu\/fr\/cette-image-dun-homme-g-au-visage-ensanglant-manifestant-en-france-a-bien-t-cre-par-midjourney\/#primaryimage"},"image":{"@id":"https:\/\/belux.edmo.eu\/fr\/cette-image-dun-homme-g-au-visage-ensanglant-manifestant-en-france-a-bien-t-cre-par-midjourney\/#primaryimage"},"thumbnailUrl":"https:\/\/belux-edmo.s3-accelerate.amazonaws.com\/wp-content\/uploads\/2023\/04\/63a99723ebb3af94d52b474c3b21dbe1-1680908021.jpg","datePublished":"2023-04-17T11:23:10+00:00","dateModified":"2023-04-17T11:37:04+00:00","breadcrumb":{"@id":"https:\/\/belux.edmo.eu\/fr\/cette-image-dun-homme-g-au-visage-ensanglant-manifestant-en-france-a-bien-t-cre-par-midjourney\/#breadcrumb"},"inLanguage":"fr-FR","potentialAction":[{"@type":"ReadAction","target":["https:\/\/belux.edmo.eu\/fr\/cette-image-dun-homme-g-au-visage-ensanglant-manifestant-en-france-a-bien-t-cre-par-midjourney\/"]}]},{"@type":"ImageObject","inLanguage":"fr-FR","@id":"https:\/\/belux.edmo.eu\/fr\/cette-image-dun-homme-g-au-visage-ensanglant-manifestant-en-france-a-bien-t-cre-par-midjourney\/#primaryimage","url":"https:\/\/belux-edmo.s3-accelerate.amazonaws.com\/wp-content\/uploads\/2023\/04\/63a99723ebb3af94d52b474c3b21dbe1-1680908021.jpg","contentUrl":"https:\/\/belux-edmo.s3-accelerate.amazonaws.com\/wp-content\/uploads\/2023\/04\/63a99723ebb3af94d52b474c3b21dbe1-1680908021.jpg","width":770,"height":433,"caption":"Cette image d\u2019un \"homme \u00e2g\u00e9 au visage ensanglant\u00e9 manifestant en France\" a bien \u00e9t\u00e9 cr\u00e9\u00e9e par Midjourney - Featured image"},{"@type":"BreadcrumbList","@id":"https:\/\/belux.edmo.eu\/fr\/cette-image-dun-homme-g-au-visage-ensanglant-manifestant-en-france-a-bien-t-cre-par-midjourney\/#breadcrumb","itemListElement":[{"@type":"ListItem","position":1,"name":"Home","item":"https:\/\/belux.edmo.eu\/fr\/"},{"@type":"ListItem","position":2,"name":"Cette image d\u2019un &#8220;homme \u00e2g\u00e9 au visage ensanglant\u00e9 manifestant en France&#8221; a bien \u00e9t\u00e9 cr\u00e9\u00e9e par Midjourney"}]},{"@type":"WebSite","@id":"https:\/\/belux.edmo.eu\/#website","url":"https:\/\/belux.edmo.eu\/","name":"EDMO Belux","description":"Monitoring Disinformation in Belgium and Luxembourg","publisher":{"@id":"https:\/\/belux.edmo.eu\/#organization"},"potentialAction":[{"@type":"SearchAction","target":{"@type":"EntryPoint","urlTemplate":"https:\/\/belux.edmo.eu\/?s={search_term_string}"},"query-input":{"@type":"PropertyValueSpecification","valueRequired":true,"valueName":"search_term_string"}}],"inLanguage":"fr-FR"},{"@type":"Organization","@id":"https:\/\/belux.edmo.eu\/#organization","name":"EDMO Belux","url":"https:\/\/belux.edmo.eu\/","logo":{"@type":"ImageObject","inLanguage":"fr-FR","@id":"https:\/\/belux.edmo.eu\/#\/schema\/logo\/image\/","url":"https:\/\/belux.edmo.eu\/wp-content\/uploads\/2021\/12\/belux-logo-full-color-rgb.svg","contentUrl":"https:\/\/belux.edmo.eu\/wp-content\/uploads\/2021\/12\/belux-logo-full-color-rgb.svg","width":1,"height":1,"caption":"EDMO Belux"},"image":{"@id":"https:\/\/belux.edmo.eu\/#\/schema\/logo\/image\/"},"sameAs":["https:\/\/x.com\/Edmo_Belux"]},{"@type":"Person","@id":"https:\/\/belux.edmo.eu\/#\/schema\/person\/dbe3b252258537fd318f9b5645a30342","name":"master","sameAs":["https:\/\/belux.wpengine.com"],"url":"https:\/\/belux.edmo.eu\/fr\/author\/master\/"}]}},"menu_order":0,"_links":{"self":[{"href":"https:\/\/belux.edmo.eu\/fr\/wp-json\/wp\/v2\/posts\/257599","targetHints":{"allow":["GET"]}}],"collection":[{"href":"https:\/\/belux.edmo.eu\/fr\/wp-json\/wp\/v2\/posts"}],"about":[{"href":"https:\/\/belux.edmo.eu\/fr\/wp-json\/wp\/v2\/types\/post"}],"author":[{"embeddable":true,"href":"https:\/\/belux.edmo.eu\/fr\/wp-json\/wp\/v2\/users\/1"}],"replies":[{"embeddable":true,"href":"https:\/\/belux.edmo.eu\/fr\/wp-json\/wp\/v2\/comments?post=257599"}],"version-history":[{"count":0,"href":"https:\/\/belux.edmo.eu\/fr\/wp-json\/wp\/v2\/posts\/257599\/revisions"}],"wp:featuredmedia":[{"embeddable":true,"href":"https:\/\/belux.edmo.eu\/fr\/wp-json\/wp\/v2\/media\/257594"}],"wp:attachment":[{"href":"https:\/\/belux.edmo.eu\/fr\/wp-json\/wp\/v2\/media?parent=257599"}],"wp:term":[{"taxonomy":"category","embeddable":true,"href":"https:\/\/belux.edmo.eu\/fr\/wp-json\/wp\/v2\/categories?post=257599"},{"taxonomy":"post_tag","embeddable":true,"href":"https:\/\/belux.edmo.eu\/fr\/wp-json\/wp\/v2\/tags?post=257599"}],"curies":[{"name":"wp","href":"https:\/\/api.w.org\/{rel}","templated":true}]}}