{"id":258248,"date":"2023-04-27T08:12:02","date_gmt":"2023-04-27T08:12:02","guid":{"rendered":"https:\/\/belux.edmo.eu\/?p=258248"},"modified":"2023-04-26T15:51:29","modified_gmt":"2023-04-26T15:51:29","slug":"de-llectricit-lpoque-de-lgypte-antique-la-thorie-sans-fondement-dveloppe-par-gims","status":"publish","type":"post","link":"https:\/\/belux.edmo.eu\/fr\/de-llectricit-lpoque-de-lgypte-antique-la-thorie-sans-fondement-dveloppe-par-gims\/","title":{"rendered":"De l\u2019\u00e9lectricit\u00e9 \u00e0 l\u2019\u00e9poque de l\u2019\u00c9gypte antique, la th\u00e9orie sans fondement d\u00e9velopp\u00e9e par Gims"},"content":{"rendered":"<p><strong>Le chanteur Gims a affirm\u00e9 dans une interview accord\u00e9e \u00e0 \u00ab\u00a0Oui Hustle\u00a0\u00bb que l\u2019\u00e9lectricit\u00e9 existait \u00e0 l\u2019\u00e9poque de l\u2019Egypte antique, soit pendant l\u2019Antiquit\u00e9. Si l\u2019interview a suscit\u00e9 de nombreuses critiques, certains internautes abondent dans le sens de l\u2019artiste. Cette th\u00e9orie, comme d\u2019autres que Gims a avanc\u00e9es, n\u2019a aucun fondement historique : l\u2019invention de l\u2019\u00e9lectricit\u00e9 telle qu\u2019elle est con\u00e7ue aujourd\u2019hui date de la fin du XIX\u00e8me si\u00e8cle.<\/strong><\/p>\n<div>\n<div>\n<div>\n<div>\n<p>Sur\u00a0<a href=\"https:\/\/web.archive.org\/web\/20230329173353\/https:\/\/www.youtube.com\/@ouihustle\" target=\"_blank\" rel=\"noopener\">la cha\u00eene Youtube \u00ab\u00a0Oui Hustle\u00a0\u00bb<\/a>, Gims (anciennement appel\u00e9 \u00ab\u00a0Maitre Gims\u00a0\u00bb) a r\u00e9pondu \u00e0\u00a0<a href=\"https:\/\/web.archive.org\/web\/20230323031801\/https:\/\/www.youtube.com\/watch?v=dbwgHM7ykzM\" target=\"_blank\" rel=\"noopener\">une interview le 29\u00a0mars 2023<\/a>, dont un extrait a beaucoup\u00a0tourn\u00e9 ces derniers jours sur les r\u00e9seaux sociaux. Sur Twitter, l\u2019extrait en question a accumul\u00e9 des millions de vues, comme dans\u00a0<a href=\"https:\/\/archive.ph\/QnAge\" target=\"_blank\" rel=\"noopener\">cette publication<\/a>\u00a0reprenant ses d\u00e9clarations au sujet de l\u2019\u00c9gypte ancienne qui a fait 3,8\u00a0millions de \u00ab\u00a0vues\u00a0\u00bb.<\/p>\n<p>\u00ab\u00a0A l\u2019\u00e9poque de l\u2019empire de Koush\u00a0(ndlr\u00a0: r\u00e9f\u00e9rence au\u00a0<a href=\"https:\/\/www.nationalgeographic.fr\/histoire\/koush-le-royaume-perdu-des-pharaons-noirs\" target=\"_blank\" rel=\"noopener\">royaume de Koush, le nom donn\u00e9 par les Egyptiens antiques \u00e0 leur royaume<\/a>), il y avait l\u2019\u00e9lectricit\u00e9, explique Gims.\u00a0Les pyramides qu\u2019on voit, au sommet, il y a de l\u2019or. L\u2019or c\u2019est le meilleur conducteur pour l\u2019\u00e9lectricit\u00e9. C\u2019\u00e9tait des foutues antennes\u00a0! Les gens n\u2019arrivent pas \u00e0 comprendre \u00e7a, les Egyptiens, la science qu\u2019ils avaient, \u00e7a d\u00e9passe l\u2019entendement\u00a0!\u00a0\u00bb.<\/p>\n<p>Dans cet extrait, le chanteur et rappeur\u00a0compare l\u2019Afrique au Wakanda, r\u00e9f\u00e9rence au\u00a0<a href=\"https:\/\/fr.wikipedia.org\/wiki\/Wakanda_(Marvel_Comics)\" target=\"_blank\" rel=\"noopener\">pays hyper avanc\u00e9 technologiquement\u00a0mais fictif de l\u2019univers Marvel<\/a>.\u00a0A l\u2019heure d\u2019\u00e9crire ces lignes, la vid\u00e9o de l\u2019interview de \u00ab\u00a0Oui Hustle\u00a0\u00bb comptabilise plus de 535.000 vues.<\/p>\n<\/div>\n<\/div>\n<\/div>\n<\/div>\n<div>\n<div>\n<div>\n<h2>L\u2019utilisation de l\u2019\u00e9lectricit\u00e9 date de l\u2019\u00e9poque contemporaine<\/h2>\n<\/div>\n<\/div>\n<\/div>\n<div>\n<div>\n<div>\n<div>\n<p>Les d\u00e9clarations de Gims sont pourtant fausses. L\u2019\u00e9lectricit\u00e9 moderne a \u00e9t\u00e9 invent\u00e9e \u00e0 la\u00a0fin du XIXe\u00a0si\u00e8cle, soit des milliers d\u2019ann\u00e9es apr\u00e8s la\u00a0fin\u00a0de l\u2019Egypte antique.<\/p>\n<p>Il est vrai que certains\u00a0ph\u00e9nom\u00e8nes \u00e9lectriques comme l\u2019\u00e9lectricit\u00e9\u00a0statique sont connus depuis l\u2019Antiquit\u00e9. Au VII\u00e8me si\u00e8cle avant J-C,\u00a0<a href=\"https:\/\/passerelles.essentiels.bnf.fr\/fr\/metier\/8d6b068d-5d3f-47bc-b023-19ab3ca7261f-electricien\/article\/d8607fa7-61f1-4a1c-91ab-d8dd5358e8fd-une-decouverte-majeure-electricite#:~:text=L'%C3%A9lectricit%C3%A9%20est%20connue%20depuis,qui%20signifie%20%E2%80%9Cambre%20jaune%E2%80%9D.\" target=\"_blank\" rel=\"noopener\">le savant grec Thal\u00e8s de Milet a remarqu\u00e9 qu\u2019en frottant de l\u2019ambre (r\u00e9sine fossile), cette mati\u00e8re pouvait attirer des objets ou cr\u00e9er des \u00e9tincelles<\/a>.\u00a0Mais on \u00e9tait\u00a0encore tr\u00e8s loin de l\u2019ampoule \u00e9lectrique.<\/p>\n<p>Comme le rapporte\u00a0<a href=\"https:\/\/www.universalis.fr\/encyclopedie\/electricite-histoire\/2-les-premieres-theories\/\" target=\"_blank\" rel=\"noopener\">l\u2019encyclop\u00e9die Universalis en ligne<\/a>, il faut attendre le XVIII\u00e8me si\u00e8cle pour qu\u2019un Fran\u00e7ais, le physicien Charles-Augustin Coulomb\u00a0\u00e9nonce\u00a0sa loi du m\u00eame nom qui permet de calculer l\u2019intensit\u00e9 de la force \u00e9lectrostatique. Un peu plus tard, c\u2019est Benjamin Franklin qui \u00e9tudie le ph\u00e9nom\u00e8ne de la foudre. Ses recherches m\u00e8neront\u00a0\u00e0\u00a0<a href=\"https:\/\/gallica.bnf.fr\/essentiels\/repere\/paratonnerre-1752\" target=\"_blank\" rel=\"noopener\">l\u2019invention du paratonnerre en\u00a01752<\/a>.<\/p>\n<p>En\u00a01800,\u00a0<a href=\"https:\/\/www.levif.be\/vivifiant\/sciences\/google-celebre-volta-linventeur-de-la-pile-electrique\/\" target=\"_blank\" rel=\"noopener\">l\u2019italien Alessandro Volta invente la pile \u00e9lectrique<\/a>\u00a0et c\u2019est finalement\u00a0<a href=\"https:\/\/www.francetvinfo.fr\/culture\/patrimoine\/histoire\/22-octobre-1879-la-naissance-de-lampoule-electrique_4152101.html\" target=\"_blank\" rel=\"noopener\">Thomas Edison qui en\u00a01879 invente la premi\u00e8re ampoule qui a r\u00e9volutionn\u00e9\u00a0la mani\u00e8re dont nous nous \u00e9clairons<\/a>.<\/p>\n<\/div>\n<\/div>\n<\/div>\n<\/div>\n<div>\n<div>\n<div>\n<h2>Les pyramides et l\u2019Egypte ancienne sources de nombreuses th\u00e9ories farfelues<\/h2>\n<\/div>\n<\/div>\n<\/div>\n<div>\n<div>\n<div>\n<div>\n<p>Quant \u00e0 la th\u00e9orie de Gims, elle est r\u00e9guli\u00e8rement avanc\u00e9e\u00a0par des cha\u00eenes ou comptes conspirationnistes sur les r\u00e9seaux sociaux.<\/p>\n<p>La construction des pyramides\u00a0et les myst\u00e8res autour de l\u2019Egypte ancienne sont des th\u00e9matiques qui\u00a0<a href=\"https:\/\/www.vice.com\/fr\/article\/g5bnpm\/comment-peut-on-croire-que-les-pyramides-ont-ete-baties-par-des-extraterrestres\" target=\"_blank\" rel=\"noopener\">suscitent\u00a0beaucoup de mythes, de th\u00e9ories et g\u00e9n\u00e8rent encore actuellement de nombreux d\u00e9bats<\/a>.<\/p>\n<p>Dans\u00a0<a href=\"https:\/\/www.leparisien.fr\/culture-loisirs\/musique\/pour-gims-les-pyramides-servaient-dantennes-une-remise-en-cause-dangereuse-de-lhistoire-11-04-2023-KRFNIJ63GBCBTPGTFW4MOLJSFQ.php\" target=\"_blank\" rel=\"noopener\">un article\u00a0du quotidien\u00a0fran\u00e7ais Le Parisien<\/a>, Tristan Mend\u00e8s France \u00e9crit \u00e0 ce sujet\u00a0:\u00a0\u00ab\u00a0Les pyramides ont toujours inspir\u00e9 une mine de th\u00e9ories\u00a0: elles seraient des batteries \u00e9lectriques ou des piles g\u00e9antes, selon certains, explique l\u2019essayiste et ma\u00eetre de conf\u00e9rences \u00e0 l\u2019Universit\u00e9 Paris-Cit\u00e9.\u00a0C\u2019est un discours qui rel\u00e8ve d\u2019une grande na\u00efvet\u00e9 et le sympt\u00f4me d\u2019une mal-information dramatique.\u00a0\u00bb<\/p>\n<p>Ces th\u00e9ories sur la ma\u00eetrise technologique des populations anciennes qui vivaient sur le continent africain sont re\u00e7ues parfois positivement\u00a0par certaines personnes\u00a0qui veulent mettre en avant une certaine ma\u00eetrise technologique de l\u2019Afrique avant l\u2019Europe. Comme ces th\u00e9ories vont dans le sens de leur fa\u00e7on de penser le monde, il est plus facile pour eux d\u2019y adh\u00e9rer via ce que l\u2019on appelle des\u00a0<a href=\"https:\/\/www.universite-paris-saclay.fr\/sites\/default\/files\/media\/2020-02\/biais-de-confirmation-atelier-jip.pdf\" target=\"_blank\" rel=\"noopener\">biais de confirmation<\/a>.<\/p>\n<p>Si l\u2019Afrique a vu na\u00eetre des grands savants, comme le physicien\u00a0Imhotep qui \u00e9tait consid\u00e9r\u00e9 comme le m\u00e9decin en chef de la nation \u00e0 l\u2019\u00e9poque de l\u2019Egypte ancienne, la d\u00e9couverte de l\u2019\u00e9lectricit\u00e9 ne peut pas \u00eatre attribu\u00e9e au continent africain.<\/p>\n<\/div>\n<\/div>\n<\/div>\n<\/div>\n","protected":false},"excerpt":{"rendered":"<p>Le chanteur Gims a affirm\u00e9 dans une interview accord\u00e9e \u00e0 \u00ab\u00a0Oui Hustle\u00a0\u00bb que l\u2019\u00e9lectricit\u00e9 existait \u00e0 l\u2019\u00e9poque de l\u2019Egypte antique,&#8230;<\/p>\n","protected":false},"author":1,"featured_media":258243,"comment_status":"closed","ping_status":"open","sticky":false,"template":"","format":"standard","meta":{"_acf_changed":false,"footnotes":""},"categories":[125,116,135,138],"tags":[],"class_list":{"0":"post-258248","1":"post","2":"type-post","3":"status-publish","4":"format-standard","5":"has-post-thumbnail","7":"category-fact-check-fr","8":"category-non-classifiee","9":"category-science-fr","10":"category-societe"},"acf":{"show_metatags":true,"id":"https:\/\/www.rtbf.be\/article\/de-l-electricite-a-l-epoque-de-l-egypte-antique-la-theorie-sans-fondement-developpee-par-gims-11181675","authors":"Guillaume Guilbert et Gr\u00e9goire Ryckmans","organization":"RTBF","featured_image_copyright":"","text_copyright":"Copyright: (C)RTBF Radio, Television Belge Francophone, plus d'infos: https:\/\/www.rtbf.be\/cgu\/","source":"https:\/\/www.rtbf.be\/article\/de-l-electricite-a-l-epoque-de-l-egypte-antique-la-theorie-sans-fondement-developpee-par-gims-11181675","fact_checker":"https:\/\/belux.wpengine.com\/wp-content\/uploads\/2022\/01\/rtbf-logo.jpg","type":"\u00c9v\u00e9nement ferm\u00e9","location":"","start_date":"","start_date_event_begins_at":"","start_date_event_ends_at":"","end_date":"","end_date_event_begins_at":"","end_date_event_ends_at":"","organizer":"","fact_checker_logo_image":false},"yoast_head":"<!-- This site is optimized with the Yoast SEO plugin v27.0 - https:\/\/yoast.com\/product\/yoast-seo-wordpress\/ -->\n<title>De l\u2019\u00e9lectricit\u00e9 \u00e0 l\u2019\u00e9poque de l\u2019\u00c9gypte antique, la th\u00e9orie sans fondement d\u00e9velopp\u00e9e par Gims - EDMO Belux<\/title>\n<meta name=\"robots\" content=\"index, follow, max-snippet:-1, max-image-preview:large, max-video-preview:-1\" \/>\n<link rel=\"canonical\" href=\"https:\/\/belux.edmo.eu\/fr\/de-llectricit-lpoque-de-lgypte-antique-la-thorie-sans-fondement-dveloppe-par-gims\/\" \/>\n<meta property=\"og:locale\" content=\"fr_FR\" \/>\n<meta property=\"og:type\" content=\"article\" \/>\n<meta property=\"og:title\" content=\"De l\u2019\u00e9lectricit\u00e9 \u00e0 l\u2019\u00e9poque de l\u2019\u00c9gypte antique, la th\u00e9orie sans fondement d\u00e9velopp\u00e9e par Gims - EDMO Belux\" \/>\n<meta property=\"og:description\" content=\"Le chanteur Gims a affirm\u00e9 dans une interview accord\u00e9e \u00e0 \u00ab\u00a0Oui Hustle\u00a0\u00bb que l\u2019\u00e9lectricit\u00e9 existait \u00e0 l\u2019\u00e9poque de l\u2019Egypte antique,...\" \/>\n<meta property=\"og:url\" content=\"https:\/\/belux.edmo.eu\/fr\/de-llectricit-lpoque-de-lgypte-antique-la-thorie-sans-fondement-dveloppe-par-gims\/\" \/>\n<meta property=\"og:site_name\" content=\"EDMO Belux\" \/>\n<meta property=\"article:published_time\" content=\"2023-04-27T08:12:02+00:00\" \/>\n<meta property=\"og:image\" content=\"https:\/\/belux-edmo.s3-accelerate.amazonaws.com\/wp-content\/uploads\/2023\/04\/46ba9f2a6976570b0353203ec4474217-1681291301.jpg\" \/>\n\t<meta property=\"og:image:width\" content=\"770\" \/>\n\t<meta property=\"og:image:height\" content=\"433\" \/>\n\t<meta property=\"og:image:type\" content=\"image\/jpeg\" \/>\n<meta name=\"author\" content=\"master\" \/>\n<meta name=\"twitter:card\" content=\"summary_large_image\" \/>\n<meta name=\"twitter:creator\" content=\"@Edmo_Belux\" \/>\n<meta name=\"twitter:site\" content=\"@Edmo_Belux\" \/>\n<meta name=\"twitter:label1\" content=\"\u00c9crit par\" \/>\n\t<meta name=\"twitter:data1\" content=\"master\" \/>\n\t<meta name=\"twitter:label2\" content=\"Dur\u00e9e de lecture estim\u00e9e\" \/>\n\t<meta name=\"twitter:data2\" content=\"4 minutes\" \/>\n<script type=\"application\/ld+json\" class=\"yoast-schema-graph\">{\"@context\":\"https:\/\/schema.org\",\"@graph\":[{\"@type\":\"Article\",\"@id\":\"https:\/\/belux.edmo.eu\/fr\/de-llectricit-lpoque-de-lgypte-antique-la-thorie-sans-fondement-dveloppe-par-gims\/#article\",\"isPartOf\":{\"@id\":\"https:\/\/belux.edmo.eu\/fr\/de-llectricit-lpoque-de-lgypte-antique-la-thorie-sans-fondement-dveloppe-par-gims\/\"},\"author\":{\"name\":\"master\",\"@id\":\"https:\/\/belux.edmo.eu\/#\/schema\/person\/dbe3b252258537fd318f9b5645a30342\"},\"headline\":\"De l\u2019\u00e9lectricit\u00e9 \u00e0 l\u2019\u00e9poque de l\u2019\u00c9gypte antique, la th\u00e9orie sans fondement d\u00e9velopp\u00e9e par Gims\",\"datePublished\":\"2023-04-27T08:12:02+00:00\",\"mainEntityOfPage\":{\"@id\":\"https:\/\/belux.edmo.eu\/fr\/de-llectricit-lpoque-de-lgypte-antique-la-thorie-sans-fondement-dveloppe-par-gims\/\"},\"wordCount\":770,\"publisher\":{\"@id\":\"https:\/\/belux.edmo.eu\/#organization\"},\"image\":{\"@id\":\"https:\/\/belux.edmo.eu\/fr\/de-llectricit-lpoque-de-lgypte-antique-la-thorie-sans-fondement-dveloppe-par-gims\/#primaryimage\"},\"thumbnailUrl\":\"https:\/\/belux-edmo.s3-accelerate.amazonaws.com\/wp-content\/uploads\/2023\/04\/46ba9f2a6976570b0353203ec4474217-1681291301.jpg\",\"articleSection\":[\"Fact-Check\",\"Non classifi\u00e9(e)\",\"Science\",\"Societe\"],\"inLanguage\":\"fr-FR\"},{\"@type\":\"WebPage\",\"@id\":\"https:\/\/belux.edmo.eu\/fr\/de-llectricit-lpoque-de-lgypte-antique-la-thorie-sans-fondement-dveloppe-par-gims\/\",\"url\":\"https:\/\/belux.edmo.eu\/fr\/de-llectricit-lpoque-de-lgypte-antique-la-thorie-sans-fondement-dveloppe-par-gims\/\",\"name\":\"De l\u2019\u00e9lectricit\u00e9 \u00e0 l\u2019\u00e9poque de l\u2019\u00c9gypte antique, la th\u00e9orie sans fondement d\u00e9velopp\u00e9e par Gims - EDMO Belux\",\"isPartOf\":{\"@id\":\"https:\/\/belux.edmo.eu\/#website\"},\"primaryImageOfPage\":{\"@id\":\"https:\/\/belux.edmo.eu\/fr\/de-llectricit-lpoque-de-lgypte-antique-la-thorie-sans-fondement-dveloppe-par-gims\/#primaryimage\"},\"image\":{\"@id\":\"https:\/\/belux.edmo.eu\/fr\/de-llectricit-lpoque-de-lgypte-antique-la-thorie-sans-fondement-dveloppe-par-gims\/#primaryimage\"},\"thumbnailUrl\":\"https:\/\/belux-edmo.s3-accelerate.amazonaws.com\/wp-content\/uploads\/2023\/04\/46ba9f2a6976570b0353203ec4474217-1681291301.jpg\",\"datePublished\":\"2023-04-27T08:12:02+00:00\",\"breadcrumb\":{\"@id\":\"https:\/\/belux.edmo.eu\/fr\/de-llectricit-lpoque-de-lgypte-antique-la-thorie-sans-fondement-dveloppe-par-gims\/#breadcrumb\"},\"inLanguage\":\"fr-FR\",\"potentialAction\":[{\"@type\":\"ReadAction\",\"target\":[\"https:\/\/belux.edmo.eu\/fr\/de-llectricit-lpoque-de-lgypte-antique-la-thorie-sans-fondement-dveloppe-par-gims\/\"]}]},{\"@type\":\"ImageObject\",\"inLanguage\":\"fr-FR\",\"@id\":\"https:\/\/belux.edmo.eu\/fr\/de-llectricit-lpoque-de-lgypte-antique-la-thorie-sans-fondement-dveloppe-par-gims\/#primaryimage\",\"url\":\"https:\/\/belux-edmo.s3-accelerate.amazonaws.com\/wp-content\/uploads\/2023\/04\/46ba9f2a6976570b0353203ec4474217-1681291301.jpg\",\"contentUrl\":\"https:\/\/belux-edmo.s3-accelerate.amazonaws.com\/wp-content\/uploads\/2023\/04\/46ba9f2a6976570b0353203ec4474217-1681291301.jpg\",\"width\":770,\"height\":433,\"caption\":\"De l\u2019\u00e9lectricit\u00e9 \u00e0 l\u2019\u00e9poque de l\u2019\u00c9gypte antique, la th\u00e9orie sans fondement d\u00e9velopp\u00e9e par Gims - Featured image\"},{\"@type\":\"BreadcrumbList\",\"@id\":\"https:\/\/belux.edmo.eu\/fr\/de-llectricit-lpoque-de-lgypte-antique-la-thorie-sans-fondement-dveloppe-par-gims\/#breadcrumb\",\"itemListElement\":[{\"@type\":\"ListItem\",\"position\":1,\"name\":\"Home\",\"item\":\"https:\/\/belux.edmo.eu\/fr\/\"},{\"@type\":\"ListItem\",\"position\":2,\"name\":\"De l\u2019\u00e9lectricit\u00e9 \u00e0 l\u2019\u00e9poque de l\u2019\u00c9gypte antique, la th\u00e9orie sans fondement d\u00e9velopp\u00e9e par Gims\"}]},{\"@type\":\"WebSite\",\"@id\":\"https:\/\/belux.edmo.eu\/#website\",\"url\":\"https:\/\/belux.edmo.eu\/\",\"name\":\"EDMO Belux\",\"description\":\"Monitoring Disinformation in Belgium and Luxembourg\",\"publisher\":{\"@id\":\"https:\/\/belux.edmo.eu\/#organization\"},\"potentialAction\":[{\"@type\":\"SearchAction\",\"target\":{\"@type\":\"EntryPoint\",\"urlTemplate\":\"https:\/\/belux.edmo.eu\/?s={search_term_string}\"},\"query-input\":{\"@type\":\"PropertyValueSpecification\",\"valueRequired\":true,\"valueName\":\"search_term_string\"}}],\"inLanguage\":\"fr-FR\"},{\"@type\":\"Organization\",\"@id\":\"https:\/\/belux.edmo.eu\/#organization\",\"name\":\"EDMO Belux\",\"url\":\"https:\/\/belux.edmo.eu\/\",\"logo\":{\"@type\":\"ImageObject\",\"inLanguage\":\"fr-FR\",\"@id\":\"https:\/\/belux.edmo.eu\/#\/schema\/logo\/image\/\",\"url\":\"https:\/\/belux.edmo.eu\/wp-content\/uploads\/2021\/12\/belux-logo-full-color-rgb.svg\",\"contentUrl\":\"https:\/\/belux.edmo.eu\/wp-content\/uploads\/2021\/12\/belux-logo-full-color-rgb.svg\",\"width\":1,\"height\":1,\"caption\":\"EDMO Belux\"},\"image\":{\"@id\":\"https:\/\/belux.edmo.eu\/#\/schema\/logo\/image\/\"},\"sameAs\":[\"https:\/\/x.com\/Edmo_Belux\"]},{\"@type\":\"Person\",\"@id\":\"https:\/\/belux.edmo.eu\/#\/schema\/person\/dbe3b252258537fd318f9b5645a30342\",\"name\":\"master\",\"sameAs\":[\"https:\/\/belux.wpengine.com\"],\"url\":\"https:\/\/belux.edmo.eu\/fr\/author\/master\/\"}]}<\/script>\n<!-- \/ Yoast SEO plugin. -->","yoast_head_json":{"title":"De l\u2019\u00e9lectricit\u00e9 \u00e0 l\u2019\u00e9poque de l\u2019\u00c9gypte antique, la th\u00e9orie sans fondement d\u00e9velopp\u00e9e par Gims - EDMO Belux","robots":{"index":"index","follow":"follow","max-snippet":"max-snippet:-1","max-image-preview":"max-image-preview:large","max-video-preview":"max-video-preview:-1"},"canonical":"https:\/\/belux.edmo.eu\/fr\/de-llectricit-lpoque-de-lgypte-antique-la-thorie-sans-fondement-dveloppe-par-gims\/","og_locale":"fr_FR","og_type":"article","og_title":"De l\u2019\u00e9lectricit\u00e9 \u00e0 l\u2019\u00e9poque de l\u2019\u00c9gypte antique, la th\u00e9orie sans fondement d\u00e9velopp\u00e9e par Gims - EDMO Belux","og_description":"Le chanteur Gims a affirm\u00e9 dans une interview accord\u00e9e \u00e0 \u00ab\u00a0Oui Hustle\u00a0\u00bb que l\u2019\u00e9lectricit\u00e9 existait \u00e0 l\u2019\u00e9poque de l\u2019Egypte antique,...","og_url":"https:\/\/belux.edmo.eu\/fr\/de-llectricit-lpoque-de-lgypte-antique-la-thorie-sans-fondement-dveloppe-par-gims\/","og_site_name":"EDMO Belux","article_published_time":"2023-04-27T08:12:02+00:00","og_image":[{"width":770,"height":433,"url":"https:\/\/belux-edmo.s3-accelerate.amazonaws.com\/wp-content\/uploads\/2023\/04\/46ba9f2a6976570b0353203ec4474217-1681291301.jpg","type":"image\/jpeg"}],"author":"master","twitter_card":"summary_large_image","twitter_creator":"@Edmo_Belux","twitter_site":"@Edmo_Belux","twitter_misc":{"\u00c9crit par":"master","Dur\u00e9e de lecture estim\u00e9e":"4 minutes"},"schema":{"@context":"https:\/\/schema.org","@graph":[{"@type":"Article","@id":"https:\/\/belux.edmo.eu\/fr\/de-llectricit-lpoque-de-lgypte-antique-la-thorie-sans-fondement-dveloppe-par-gims\/#article","isPartOf":{"@id":"https:\/\/belux.edmo.eu\/fr\/de-llectricit-lpoque-de-lgypte-antique-la-thorie-sans-fondement-dveloppe-par-gims\/"},"author":{"name":"master","@id":"https:\/\/belux.edmo.eu\/#\/schema\/person\/dbe3b252258537fd318f9b5645a30342"},"headline":"De l\u2019\u00e9lectricit\u00e9 \u00e0 l\u2019\u00e9poque de l\u2019\u00c9gypte antique, la th\u00e9orie sans fondement d\u00e9velopp\u00e9e par Gims","datePublished":"2023-04-27T08:12:02+00:00","mainEntityOfPage":{"@id":"https:\/\/belux.edmo.eu\/fr\/de-llectricit-lpoque-de-lgypte-antique-la-thorie-sans-fondement-dveloppe-par-gims\/"},"wordCount":770,"publisher":{"@id":"https:\/\/belux.edmo.eu\/#organization"},"image":{"@id":"https:\/\/belux.edmo.eu\/fr\/de-llectricit-lpoque-de-lgypte-antique-la-thorie-sans-fondement-dveloppe-par-gims\/#primaryimage"},"thumbnailUrl":"https:\/\/belux-edmo.s3-accelerate.amazonaws.com\/wp-content\/uploads\/2023\/04\/46ba9f2a6976570b0353203ec4474217-1681291301.jpg","articleSection":["Fact-Check","Non classifi\u00e9(e)","Science","Societe"],"inLanguage":"fr-FR"},{"@type":"WebPage","@id":"https:\/\/belux.edmo.eu\/fr\/de-llectricit-lpoque-de-lgypte-antique-la-thorie-sans-fondement-dveloppe-par-gims\/","url":"https:\/\/belux.edmo.eu\/fr\/de-llectricit-lpoque-de-lgypte-antique-la-thorie-sans-fondement-dveloppe-par-gims\/","name":"De l\u2019\u00e9lectricit\u00e9 \u00e0 l\u2019\u00e9poque de l\u2019\u00c9gypte antique, la th\u00e9orie sans fondement d\u00e9velopp\u00e9e par Gims - EDMO Belux","isPartOf":{"@id":"https:\/\/belux.edmo.eu\/#website"},"primaryImageOfPage":{"@id":"https:\/\/belux.edmo.eu\/fr\/de-llectricit-lpoque-de-lgypte-antique-la-thorie-sans-fondement-dveloppe-par-gims\/#primaryimage"},"image":{"@id":"https:\/\/belux.edmo.eu\/fr\/de-llectricit-lpoque-de-lgypte-antique-la-thorie-sans-fondement-dveloppe-par-gims\/#primaryimage"},"thumbnailUrl":"https:\/\/belux-edmo.s3-accelerate.amazonaws.com\/wp-content\/uploads\/2023\/04\/46ba9f2a6976570b0353203ec4474217-1681291301.jpg","datePublished":"2023-04-27T08:12:02+00:00","breadcrumb":{"@id":"https:\/\/belux.edmo.eu\/fr\/de-llectricit-lpoque-de-lgypte-antique-la-thorie-sans-fondement-dveloppe-par-gims\/#breadcrumb"},"inLanguage":"fr-FR","potentialAction":[{"@type":"ReadAction","target":["https:\/\/belux.edmo.eu\/fr\/de-llectricit-lpoque-de-lgypte-antique-la-thorie-sans-fondement-dveloppe-par-gims\/"]}]},{"@type":"ImageObject","inLanguage":"fr-FR","@id":"https:\/\/belux.edmo.eu\/fr\/de-llectricit-lpoque-de-lgypte-antique-la-thorie-sans-fondement-dveloppe-par-gims\/#primaryimage","url":"https:\/\/belux-edmo.s3-accelerate.amazonaws.com\/wp-content\/uploads\/2023\/04\/46ba9f2a6976570b0353203ec4474217-1681291301.jpg","contentUrl":"https:\/\/belux-edmo.s3-accelerate.amazonaws.com\/wp-content\/uploads\/2023\/04\/46ba9f2a6976570b0353203ec4474217-1681291301.jpg","width":770,"height":433,"caption":"De l\u2019\u00e9lectricit\u00e9 \u00e0 l\u2019\u00e9poque de l\u2019\u00c9gypte antique, la th\u00e9orie sans fondement d\u00e9velopp\u00e9e par Gims - Featured image"},{"@type":"BreadcrumbList","@id":"https:\/\/belux.edmo.eu\/fr\/de-llectricit-lpoque-de-lgypte-antique-la-thorie-sans-fondement-dveloppe-par-gims\/#breadcrumb","itemListElement":[{"@type":"ListItem","position":1,"name":"Home","item":"https:\/\/belux.edmo.eu\/fr\/"},{"@type":"ListItem","position":2,"name":"De l\u2019\u00e9lectricit\u00e9 \u00e0 l\u2019\u00e9poque de l\u2019\u00c9gypte antique, la th\u00e9orie sans fondement d\u00e9velopp\u00e9e par Gims"}]},{"@type":"WebSite","@id":"https:\/\/belux.edmo.eu\/#website","url":"https:\/\/belux.edmo.eu\/","name":"EDMO Belux","description":"Monitoring Disinformation in Belgium and Luxembourg","publisher":{"@id":"https:\/\/belux.edmo.eu\/#organization"},"potentialAction":[{"@type":"SearchAction","target":{"@type":"EntryPoint","urlTemplate":"https:\/\/belux.edmo.eu\/?s={search_term_string}"},"query-input":{"@type":"PropertyValueSpecification","valueRequired":true,"valueName":"search_term_string"}}],"inLanguage":"fr-FR"},{"@type":"Organization","@id":"https:\/\/belux.edmo.eu\/#organization","name":"EDMO Belux","url":"https:\/\/belux.edmo.eu\/","logo":{"@type":"ImageObject","inLanguage":"fr-FR","@id":"https:\/\/belux.edmo.eu\/#\/schema\/logo\/image\/","url":"https:\/\/belux.edmo.eu\/wp-content\/uploads\/2021\/12\/belux-logo-full-color-rgb.svg","contentUrl":"https:\/\/belux.edmo.eu\/wp-content\/uploads\/2021\/12\/belux-logo-full-color-rgb.svg","width":1,"height":1,"caption":"EDMO Belux"},"image":{"@id":"https:\/\/belux.edmo.eu\/#\/schema\/logo\/image\/"},"sameAs":["https:\/\/x.com\/Edmo_Belux"]},{"@type":"Person","@id":"https:\/\/belux.edmo.eu\/#\/schema\/person\/dbe3b252258537fd318f9b5645a30342","name":"master","sameAs":["https:\/\/belux.wpengine.com"],"url":"https:\/\/belux.edmo.eu\/fr\/author\/master\/"}]}},"menu_order":0,"_links":{"self":[{"href":"https:\/\/belux.edmo.eu\/fr\/wp-json\/wp\/v2\/posts\/258248","targetHints":{"allow":["GET"]}}],"collection":[{"href":"https:\/\/belux.edmo.eu\/fr\/wp-json\/wp\/v2\/posts"}],"about":[{"href":"https:\/\/belux.edmo.eu\/fr\/wp-json\/wp\/v2\/types\/post"}],"author":[{"embeddable":true,"href":"https:\/\/belux.edmo.eu\/fr\/wp-json\/wp\/v2\/users\/1"}],"replies":[{"embeddable":true,"href":"https:\/\/belux.edmo.eu\/fr\/wp-json\/wp\/v2\/comments?post=258248"}],"version-history":[{"count":0,"href":"https:\/\/belux.edmo.eu\/fr\/wp-json\/wp\/v2\/posts\/258248\/revisions"}],"wp:featuredmedia":[{"embeddable":true,"href":"https:\/\/belux.edmo.eu\/fr\/wp-json\/wp\/v2\/media\/258243"}],"wp:attachment":[{"href":"https:\/\/belux.edmo.eu\/fr\/wp-json\/wp\/v2\/media?parent=258248"}],"wp:term":[{"taxonomy":"category","embeddable":true,"href":"https:\/\/belux.edmo.eu\/fr\/wp-json\/wp\/v2\/categories?post=258248"},{"taxonomy":"post_tag","embeddable":true,"href":"https:\/\/belux.edmo.eu\/fr\/wp-json\/wp\/v2\/tags?post=258248"}],"curies":[{"name":"wp","href":"https:\/\/api.w.org\/{rel}","templated":true}]}}