{"id":258342,"date":"2023-04-17T11:00:57","date_gmt":"2023-04-17T11:00:57","guid":{"rendered":"https:\/\/belux.edmo.eu\/?p=258342"},"modified":"2023-04-17T11:22:19","modified_gmt":"2023-04-17T11:22:19","slug":"cette-vido-ne-montre-pas-un-dput-europen-mais-un-ancien-lu-au-parlement-allemand-en-2020","status":"publish","type":"post","link":"https:\/\/belux.edmo.eu\/fr\/cette-vido-ne-montre-pas-un-dput-europen-mais-un-ancien-lu-au-parlement-allemand-en-2020\/","title":{"rendered":"Cette vid\u00e9o ne montre pas un d\u00e9put\u00e9 europ\u00e9en, mais un ancien \u00e9lu au Parlement allemand en 2020"},"content":{"rendered":"<p><b>Une vid\u00e9o de 2020 montrant un ancien d\u00e9put\u00e9 au Parlement allemand a \u00e9t\u00e9 relay\u00e9e plusieurs milliers de fois depuis mars par des internautes affirmant qu&rsquo;il s&rsquo;agit d&rsquo;un eurod\u00e9put\u00e9 consommant de la coca\u00efne lors d&rsquo;une s\u00e9ance au Parlement europ\u00e9en. En r\u00e9alit\u00e9, l&rsquo;homme qui appara\u00eet dans cette vid\u00e9o film\u00e9e au Bundestag n&rsquo;y si\u00e8ge plus depuis 2021 et n&rsquo;a jamais \u00e9t\u00e9 eurod\u00e9put\u00e9. S&rsquo;il n&rsquo;est pas possible de v\u00e9rifier pr\u00e9cis\u00e9ment ce qu&rsquo;il consomme, il a d\u00e9j\u00e0 \u00e9voqu\u00e9 dans une interview son go\u00fbt du tabac \u00e0 priser.<\/b><\/p>\n<p><em>\u00ab\u00a0Une vid\u00e9o fait scandale au sein de l&rsquo;#UE concernant la consommation pr\u00e9sum\u00e9e de coca\u00efne au Parlement europ\u00e9en\u00a0\u00bb<\/em>, affirme l&rsquo;auteur de <a href=\"https:\/\/archive.ph\/ioUhG\" target=\"_blank\" rel=\"noopener\" shape=\"rect\">ce tweet<\/a>, qui relaie une vid\u00e9o montrant un homme en costume d\u00e9poser quelque chose entre son pouce et son index puis l&rsquo;inhaler. L&rsquo;image suivante le montre affal\u00e9 sur son si\u00e8ge, un sourire aux l\u00e8vres.<\/p>\n<p>Cette vid\u00e9o a \u00e9t\u00e9 retweet\u00e9e pr\u00e8s de 3 000 fois depuis le 25 mars 2023. Elle a \u00e9galement \u00e9t\u00e9 partag\u00e9e <a href=\"https:\/\/archive.ph\/DjTmk\" target=\"_blank\" rel=\"noopener\" shape=\"rect\">sur Facebook<\/a> avec ce commentaire :<em>\u00ab\u00a0Un parlementaire se drogue au parlement europ\u00e9en lors d\u2019une s\u00e9ance !! On comprend mieux comment les lois sont vot\u00e9es\u00a0\u00bb<\/em>, et a \u00e9t\u00e9 vue plus de 3 000 fois sur <a href=\"https:\/\/archive.ph\/SJOpe\" target=\"_blank\" rel=\"noopener\" shape=\"rect\">Telegram<\/a>.<\/p>\n<div class=\"grid-with-margin\">\n<div class=\"e-afp-col-layout\">\n<div class=\"g2image\">\n<figure><img src=\"https:\/\/belux-edmo.s3-accelerate.amazonaws.com\/wp-content\/uploads\/2023\/04\/6bbe207dea17755e4a5029595a8160be803fe2dc-ipad.jpg\" \/><figcaption>Capture d&rsquo;\u00e9cran r\u00e9alis\u00e9e le 12\/04\/2023 sur Twitter<\/figcaption><\/figure>\n<\/div>\n<\/div>\n<div class=\"e-afp-col-layout\">\n<div class=\"g2image\">\n<figure><img src=\"https:\/\/belux-edmo.s3-accelerate.amazonaws.com\/wp-content\/uploads\/2023\/04\/66e26c737ffc910ad0555e4bbcedf50cee285e33-ipad.jpg\" \/><figcaption>Capture d&rsquo;\u00e9cran r\u00e9alis\u00e9e le 12\/04\/2023 sur Facebook<\/figcaption><\/figure>\n<\/div>\n<\/div>\n<\/div>\n<p>En r\u00e9alit\u00e9, cette vid\u00e9o n&rsquo;a pas \u00e9t\u00e9 tourn\u00e9e au Parlement europ\u00e9en et l&rsquo;homme qui y appara\u00eet n&rsquo;a jamais \u00e9t\u00e9 eurod\u00e9put\u00e9. Il s&rsquo;agit d&rsquo;un ancien parlementaire allemand qui s&rsquo;est d\u00e9j\u00e0 pr\u00e9sent\u00e9 comme un adepte du tabac \u00e0 priser.<\/p>\n<p><b>Un ancien d\u00e9put\u00e9 allemand et non un eurod\u00e9put\u00e9<\/b><\/p>\n<p>Une recherche de vid\u00e9o invers\u00e9e avec l&rsquo;outil InVid &#8211; voir <a href=\"https:\/\/www.youtube.com\/watch?v=-9z-zQJSUL4&amp;ab_channel=AFP\" target=\"_blank\" rel=\"noopener\" shape=\"rect\">ici<\/a> comment proc\u00e9der &#8211; permet de retrouver la m\u00eame vid\u00e9o, en meilleure qualit\u00e9, <a href=\"https:\/\/perma.cc\/GQ6D-JJ35\" target=\"_blank\" rel=\"noopener\" shape=\"rect\">relay\u00e9e sur TikTok<\/a>. On y voit un homme, en costume, verser une poudre marron sur sa main et la renifler. Dans les publications qui circulent sur Twitter et Facebook, la faible qualit\u00e9 de la vid\u00e9o ne permettait pas de voir clairement la poudre ni sa couleur.<\/p>\n<div class=\"g2web\" style=\"text-align: center;\">\n<blockquote class=\"tiktok-embed\" style=\"max-width: 605px; min-width: 325px;\" cite=\"https:\/\/www.tiktok.com\/@stabil1990\/video\/7209345843911068934\" data-video-id=\"7209345843911068934\">\n<section><a href=\"https:\/\/www.tiktok.com\/@stabil1990?refer=embed\" target=\"_blank\" rel=\"noopener\" shape=\"rect\">@stabil1990<\/a><a href=\"https:\/\/www.tiktok.com\/tag\/schnupftabak%F0%9F%A4%99%F0%9F%8F%BB?refer=embed\" target=\"_blank\" rel=\"noopener\" shape=\"rect\">#schnupftabak<\/a><a href=\"https:\/\/www.tiktok.com\/tag\/bundestag?refer=embed\" target=\"_blank\" rel=\"noopener\" shape=\"rect\">#bundestag<\/a><a href=\"https:\/\/www.tiktok.com\/tag\/jensmaier?refer=embed\" target=\"_blank\" rel=\"noopener\" shape=\"rect\">#jensmaier<\/a><a href=\"https:\/\/www.tiktok.com\/tag\/g%C3%B6nnen?refer=embed\" target=\"_blank\" rel=\"noopener\" shape=\"rect\">#g\u00f6nnen<\/a><a href=\"https:\/\/www.tiktok.com\/tag\/legende?refer=embed\" target=\"_blank\" rel=\"noopener\" shape=\"rect\">#legende<\/a><a href=\"https:\/\/www.tiktok.com\/tag\/lebendelegende?refer=embed\" target=\"_blank\" rel=\"noopener\" shape=\"rect\">#lebendelegende<\/a><a href=\"https:\/\/www.tiktok.com\/tag\/prise?refer=embed\" target=\"_blank\" rel=\"noopener\" shape=\"rect\">#prise<\/a><a href=\"https:\/\/www.tiktok.com\/tag\/tabak?refer=embed\" target=\"_blank\" rel=\"noopener\" shape=\"rect\">#tabak<\/a><a href=\"https:\/\/www.tiktok.com\/tag\/15s?refer=embed\" target=\"_blank\" rel=\"noopener\" shape=\"rect\">#15s<\/a><a href=\"https:\/\/www.tiktok.com\/tag\/15sec?refer=embed\" target=\"_blank\" rel=\"noopener\" shape=\"rect\">#15sec<\/a><a href=\"https:\/\/www.tiktok.com\/tag\/sympathisch?refer=embed\" target=\"_blank\" rel=\"noopener\" shape=\"rect\">#sympathisch<\/a><a href=\"https:\/\/www.tiktok.com\/tag\/sympathielevel10?refer=embed\" target=\"_blank\" rel=\"noopener\" shape=\"rect\">#sympathielevel10<\/a><a href=\"https:\/\/www.tiktok.com\/music\/Prise-6817711097391351809?refer=embed\" target=\"_blank\" rel=\"noopener\" shape=\"rect\">\u266c Prise &#8211; JPB<\/a><\/section>\n<\/blockquote>\n<p><script async=\"\" src=\"https:\/\/www.tiktok.com\/embed.js\" xml:space=\"preserve\"><\/script><\/p>\n<\/div>\n<p>La description de la vid\u00e9o inclut les hashtags #bundestag, #jensmaier et #tabak.<\/p>\n<p>Membre du parti d&rsquo;extr\u00eame droite Alternative pour l&rsquo;Allemagne (AfD) depuis 2013, Jens Maier a si\u00e9g\u00e9 au Bundestag (Chambre basse du Parlement allemand) <a href=\"https:\/\/web.archive.org\/web\/20230413121229\/https:\/\/www.bundestag.de\/webarchiv\/abgeordnete\/biografien19\" target=\"_blank\" rel=\"noopener\" shape=\"rect\">entre 2017 et 2021<\/a>. Il n&rsquo;est <a href=\"https:\/\/perma.cc\/8TF6-BC9L\" target=\"_blank\" rel=\"noopener\" shape=\"rect\">plus d\u00e9put\u00e9<\/a> depuis 2021.<\/p>\n<p>Une recherche sur <a href=\"https:\/\/www.google.com\/search?q=jens+maier&amp;rlz=1C1GCEU_fr&amp;source=lnms&amp;tbm=isch&amp;sa=X&amp;ved=2ahUKEwjzwJ2ju6b-AhWO-KQKHWlZDYQQ_AUoAnoECAEQBA&amp;biw=1422&amp;bih=641&amp;dpr=1.35\" target=\"_blank\" rel=\"noopener\" shape=\"rect\">Google images<\/a>\u00a0permet de v\u00e9rifier qu&rsquo;il s&rsquo;agit bien du m\u00eame homme que dans la vid\u00e9o que nous v\u00e9rifions.<\/p>\n<p><a href=\"https:\/\/perma.cc\/AB2L-RDP2?type=image\" target=\"_blank\" rel=\"noopener\" shape=\"rect\">Condamn\u00e9 en 2019<\/a> pour un tweet raciste, Jens Maier a \u00e9t\u00e9 <a href=\"https:\/\/archive.ph\/IzRPl\" target=\"_blank\" rel=\"noopener\" shape=\"rect\">mis en pr\u00e9-retraite<\/a> de ses fonctions de juge au tribunal r\u00e9gional de Dresde en d\u00e9cembre 2022, notamment \u00e0 cause de commentaires jug\u00e9s racistes.<\/p>\n<p>Sa biographie archiv\u00e9e <a href=\"https:\/\/archive.ph\/kOd7Y\" target=\"_blank\" rel=\"noopener\" shape=\"rect\">sur le site<\/a> du Bundestag (qui n&rsquo;est pas \u00e0 jour) ne mentionne aucun si\u00e8ge au Parlement europ\u00e9en. La plateforme ind\u00e9pendante allemande Abgeordnetenwatch.de, qui permet aux citoyens allemands de poser des questions \u00e0 leurs repr\u00e9sentants, <a href=\"https:\/\/perma.cc\/PRB6-EXLE\" target=\"_blank\" rel=\"noopener\" shape=\"rect\">indique que<\/a><em> \u00ab\u00a0cet homme politique n&rsquo;a aucun mandat actuel et aucune candidature directe au niveau de l&rsquo;\u00c9tat, du gouvernement f\u00e9d\u00e9ral ou de l&rsquo;UE\u00a0\u00bb.\u00a0<\/em><\/p>\n<p>Une recherche sur Google avec les mots-cl\u00e9s \u00ab\u00a0Jens Maier\u00a0\u00bb et \u00ab\u00a0Parlement europ\u00e9en\u00a0\u00bb en fran\u00e7ais, anglais et en allemand permet de retrouver diff\u00e9rents articles consacr\u00e9s \u00e0 Jens Maier ces derni\u00e8res ann\u00e9es (<a href=\"https:\/\/archive.ph\/ZdgB6\" target=\"_blank\" rel=\"noopener\" shape=\"rect\">1<\/a>,<a href=\"https:\/\/archive.ph\/e9UQR\" target=\"_blank\" rel=\"noopener\" shape=\"rect\">2<\/a>,<a href=\"https:\/\/archive.ph\/4a9Q8\" target=\"_blank\" rel=\"noopener\" shape=\"rect\">3<\/a>), mais aucun ne mentionne un si\u00e8ge ou une visite au Parlement europ\u00e9en.<\/p>\n<p>Une recherche <a href=\"https:\/\/perma.cc\/9XVW-6KB6\" target=\"_blank\" rel=\"noopener\" shape=\"rect\">sur le site<\/a> du Parlement europ\u00e9en avec le nom \u00ab\u00a0Jens Maier\u00a0\u00bb ne donne aucun r\u00e9sultat: il n&rsquo;appara\u00eet pas non plus <a href=\"https:\/\/perma.cc\/8X54-BK5G\" target=\"_blank\" rel=\"noopener\" shape=\"rect\">dans la liste<\/a> des d\u00e9put\u00e9s europ\u00e9ens de la l\u00e9gislature actuelle\u00a0 (2019-), ni de <a href=\"https:\/\/web.archive.org\/web\/20181225170732\/http:\/\/www.europarl.europa.eu\/meps\/fr\/full-list\/m\" target=\"_blank\" rel=\"noopener\" shape=\"rect\">la l\u00e9gislature pr\u00e9c\u00e9dente<\/a> (2014-2019). L&rsquo;AFP a contact\u00e9 \u00e0 plusieurs reprises le Parlement europ\u00e9en, mais n&rsquo;avait pas re\u00e7u de r\u00e9ponse au moment de la publication de cet article.<\/p>\n<p><b>Une vid\u00e9o tourn\u00e9e au Parlement allemand en 2020<\/b><\/p>\n<p>Une recherche sur Google avec les mots-cl\u00e9s \u00ab\u00a0Jens Maier\u00a0\u00bb et \u00ab\u00a0coca\u00efne\u00a0\u00bb renvoie \u00e0 plusieurs articles de v\u00e9rification publi\u00e9s par d&rsquo;autres organisations de fact-checking, comme <a href=\"https:\/\/archive.ph\/6C70h\" target=\"_blank\" rel=\"noopener\" shape=\"rect\">Euronews<\/a>, qui cite <a href=\"https:\/\/perma.cc\/WPR8-GHV6\" target=\"_blank\" rel=\"noopener\" shape=\"rect\">un reportage<\/a> publi\u00e9 le 9 mars 2023 sur la cha\u00eene Youtube de la t\u00e9l\u00e9vision publique allemande ARD. Consacr\u00e9 aux membres radicaux du parti AfD, le reportage pr\u00e9sente \u00e0 4&rsquo;50 le cas de Jens Maier. A 4&rsquo;54, on voit la sc\u00e8ne reprise dans les publications que nous v\u00e9rifions.<\/p>\n<div class=\"g2web\" style=\"text-align: center;\"><iframe title=\"YouTube video player\" src=\"https:\/\/www.youtube.com\/embed\/pz6QSX9hy-A?start=295\" width=\"560\" height=\"315\" frameborder=\"0\" scrolling=\"auto\" allowfullscreen=\"allowfullscreen\" data-mce-fragment=\"1\"><\/iframe><\/div>\n<p>Contact\u00e9e le 11 avril 2023, la <a href=\"https:\/\/www.mdr.de\/nachrichten\/index.html\" target=\"_blank\" rel=\"noopener\" shape=\"rect\">MDR<\/a>, l&rsquo;une des cha\u00eenes publiques allemandes composant l&rsquo;ARD et \u00e0 l&rsquo;origine de ce reportage, a indiqu\u00e9 \u00e0 l&rsquo;AFP avoir tir\u00e9 cet extrait d&rsquo;un d\u00e9bat au Bundestag le 6 novembre 2020.<\/p>\n<p>Une recherche <a href=\"https:\/\/perma.cc\/7CWL-GBNV\" target=\"_blank\" rel=\"noopener\" shape=\"rect\">sur le site<\/a> du Bundestag permet de v\u00e9rifier que Jens Maier participait bien \u00e0 un d\u00e9bat ce jour-l\u00e0. La vid\u00e9o du d\u00e9bat est disponible <a href=\"https:\/\/perma.cc\/4KWZ-HK8C?type=image\" target=\"_blank\" rel=\"noopener\" shape=\"rect\">sur le site de la cha\u00eene allemande Phoenix<\/a>, qui diffuse, entre autres, les sessions pl\u00e9ni\u00e8res du Bundestag. La sc\u00e8ne reprise dans les publications que nous v\u00e9rifions appara\u00eet \u00e0 6 minutes 03. On reconna\u00eet la gestuelle de Jens Maier, le pin&rsquo;s sur le c\u00f4t\u00e9 gauche de sa veste, le livret ouvert devant lui ainsi que les deux objets \u00e0 sa gauche et \u00e0 sa droite. Il est \u00e9galement assis \u00e0 la m\u00eame place, sur une chaise bleue et devant une table noire.<\/p>\n<p>En haut \u00e0 droite de la vid\u00e9o diffus\u00e9e sur le site de Phoenix appara\u00eet la mention \u00ab\u00a0Bundestag\u00a0\u00bb.<\/p>\n<div class=\"grid-with-margin\">\n<div class=\"e-afp-col-layout\">\n<div class=\"g2image\">\n<figure><img src=\"https:\/\/belux-edmo.s3-accelerate.amazonaws.com\/wp-content\/uploads\/2023\/04\/55302e0a96b28b42a81e511f7a97393ac31809ae-ipad.jpg\" \/><figcaption>Capture d&rsquo;\u00e9cran r\u00e9alis\u00e9e le 13\/04\/2023 sur Twitter<\/figcaption><\/figure>\n<\/div>\n<\/div>\n<div class=\"e-afp-col-layout\">\n<div class=\"g2image\">\n<figure><img src=\"https:\/\/belux-edmo.s3-accelerate.amazonaws.com\/wp-content\/uploads\/2023\/04\/5bab16f575595f0be6c29b32fa6c69cc57521916-ipad.jpg\" \/><figcaption>Capture d&rsquo;\u00e9cran r\u00e9alis\u00e9e le 13\/04\/2023 sur le site Phoenix<\/figcaption><\/figure>\n<\/div>\n<\/div>\n<\/div>\n<p>Par ailleurs, les chaises et les tables visibles sur cette vid\u00e9o ne ressemblent ni \u00e0 l&rsquo;h\u00e9micycle du Parlement europ\u00e9en <a href=\"https:\/\/c5mediaforum.afp.com\/CacheServer\/Cache.svc\/g?hid=FBAD648AA96D33C84F2C3C35F65A9B7106C801DF5E72240C9BBB6C0896B0F2AA0980C4A2F75CD97FE285B269D0D8C0153CB52469EACAF979\" target=\"_blank\" rel=\"noopener\" shape=\"rect\">\u00e0 Bruxelles<\/a>, ni \u00e0 celui de <a href=\"https:\/\/www.afpforum.com\/AFPForum\/Search\/ViewMedia.aspx?mui=1&amp;hid=A33D40B73697B874E056BD4A0737CD20E06B526E566680D424C9293EBD86454E\" target=\"_blank\" rel=\"noopener\" shape=\"rect\">Strasbourg<\/a> (o\u00f9 les chaises sont noires et les tables bleues).<\/p>\n<p><b>Tabac \u00e0 priser<\/b><\/p>\n<p>S&rsquo;il n&rsquo;est pas possible de v\u00e9rifier pr\u00e9cis\u00e9ment ce que consomme le d\u00e9put\u00e9 dans cette vid\u00e9o, celui-ci a d\u00e9j\u00e0 \u00e9voqu\u00e9 son go\u00fbt pour le tabac \u00e0 priser, ou \u00ab\u00a0Schnupftabak\u00a0\u00bb, <a href=\"https:\/\/perma.cc\/3648-YA3T\" target=\"_blank\" rel=\"noopener\" shape=\"rect\">dans une interview<\/a> \u00e0 une cha\u00eene de t\u00e9l\u00e9vision allemande en ao\u00fbt 2017. On le voit faire le m\u00eame geste dans d&rsquo;autres vid\u00e9os comme <a href=\"https:\/\/perma.cc\/GPU3-VJY5\" target=\"_blank\" rel=\"noopener\" shape=\"rect\">celle-ci<\/a> (\u00e0 5min31) diffus\u00e9e sur la cha\u00eene Youtube de Phoenix le 19 juin 2020.<\/p>\n<p>Le tabac \u00e0 priser est <a href=\"https:\/\/www.promotionsantevalais.ch\/fr\/tabac-priser-snuff-755.html\" target=\"_blank\" rel=\"noopener\" shape=\"rect\">une poudre de tabac s\u00e8che<\/a> et souvent aromatis\u00e9e, qui se consomme en \u00ab\u00a0sniffant\u00a0\u00bb le tabac par les narines. La bo\u00eete utilis\u00e9e par Jens Maier dans la vid\u00e9o que nous v\u00e9rifions ressemble fortement \u00e0 <a href=\"https:\/\/perma.cc\/ZB84-Z9TB\" target=\"_blank\" rel=\"noopener\" shape=\"rect\">celle commercialis\u00e9e<\/a> par la marque allemande de tabac \u00e0 priser Bernard.<\/p>\n","protected":false},"excerpt":{"rendered":"<p>\u00ab\u00a0Une vid\u00e9o fait scandale au sein de l&rsquo;#UE concernant la consommation pr\u00e9sum\u00e9e de coca\u00efne au Parlement europ\u00e9en\u00a0\u00bb, affirme l&rsquo;auteur de ce tweet, qui relaie une vid\u00e9o montrant un homme en costume d\u00e9poser quelque chose entre son pouce et son index puis l&rsquo;inhaler. L&rsquo;image suivante le montre affal\u00e9 sur son si\u00e8ge, un sourire aux l\u00e8vres.\u00a0\u00a0<\/p>\n","protected":false},"author":1,"featured_media":258317,"comment_status":"closed","ping_status":"open","sticky":false,"template":"","format":"standard","meta":{"_acf_changed":false,"footnotes":""},"categories":[125,132,138],"tags":[],"class_list":{"0":"post-258342","1":"post","2":"type-post","3":"status-publish","4":"format-standard","5":"has-post-thumbnail","7":"category-fact-check-fr","8":"category-politique","9":"category-societe"},"acf":{"show_metatags":true,"id":"http:\/\/doc.afp.com\/33D26RF","authors":"Marie GENRIES \/ AFP Belgique","organization":"AFP","featured_image_copyright":"","text_copyright":"\u00a9 AGENCE FRANCE-PRESSE | 2023 | Tous droits r\u00e9serv\u00e9s. L\u2019acc\u00e8s aux contenus de l'AFP publi\u00e9s sur ce site et, le cas \u00e9ch\u00e9ant, leur utilisation sont soumis aux conditions g\u00e9n\u00e9rales d'utilisation disponibles sur <a href='https:\/\/www.afp.com\/fr\/cgu' target='_blank'>CGU<\/a>. Par cons\u00e9quent, en acc\u00e9dant aux contenus de l\u2019AFP publi\u00e9s sur ce site, et en les utilisant, le cas \u00e9ch\u00e9ant, vous acceptez d'\u00eatre li\u00e9 par les conditions g\u00e9n\u00e9rales d'utilisation susmentionn\u00e9es. L\u2019utilisation de contenus de l'AFP se fait sous votre seule et enti\u00e8re responsabilit\u00e9.","source":"https:\/\/factuel.afp.com\/doc.afp.com.33D26RF","fact_checker":"https:\/\/belux.wpengine.com\/wp-content\/uploads\/2021\/12\/afp_logo.png","type":"\u00c9v\u00e9nement ferm\u00e9","location":"","start_date":"","start_date_event_begins_at":"","start_date_event_ends_at":"","end_date":"","end_date_event_begins_at":"","end_date_event_ends_at":"","organizer":"","fact_checker_logo_image":false},"yoast_head":"<!-- This site is optimized with the Yoast SEO plugin v27.0 - https:\/\/yoast.com\/product\/yoast-seo-wordpress\/ -->\n<title>Cette vid\u00e9o ne montre pas un d\u00e9put\u00e9 europ\u00e9en, mais un ancien \u00e9lu au Parlement allemand en 2020 - EDMO Belux<\/title>\n<meta name=\"robots\" content=\"index, follow, max-snippet:-1, max-image-preview:large, max-video-preview:-1\" \/>\n<link rel=\"canonical\" href=\"https:\/\/belux.edmo.eu\/fr\/cette-vido-ne-montre-pas-un-dput-europen-mais-un-ancien-lu-au-parlement-allemand-en-2020\/\" \/>\n<meta property=\"og:locale\" content=\"fr_FR\" \/>\n<meta property=\"og:type\" content=\"article\" \/>\n<meta property=\"og:title\" content=\"Cette vid\u00e9o ne montre pas un d\u00e9put\u00e9 europ\u00e9en, mais un ancien \u00e9lu au Parlement allemand en 2020 - EDMO Belux\" \/>\n<meta property=\"og:description\" content=\"&quot;Une vid\u00e9o fait scandale au sein de l&#039;#UE concernant la consommation pr\u00e9sum\u00e9e de coca\u00efne au Parlement europ\u00e9en&quot;, affirme l&#039;auteur de ce tweet, qui relaie une vid\u00e9o montrant un homme en costume d\u00e9poser quelque chose entre son pouce et son index puis l&#039;inhaler. L&#039;image suivante le montre affal\u00e9 sur son si\u00e8ge, un sourire aux l\u00e8vres.\u00a0\u00a0\" \/>\n<meta property=\"og:url\" content=\"https:\/\/belux.edmo.eu\/fr\/cette-vido-ne-montre-pas-un-dput-europen-mais-un-ancien-lu-au-parlement-allemand-en-2020\/\" \/>\n<meta property=\"og:site_name\" content=\"EDMO Belux\" \/>\n<meta property=\"article:published_time\" content=\"2023-04-17T11:00:57+00:00\" \/>\n<meta property=\"article:modified_time\" content=\"2023-04-17T11:22:19+00:00\" \/>\n<meta property=\"og:image\" content=\"https:\/\/belux-edmo.s3-accelerate.amazonaws.com\/wp-content\/uploads\/2023\/04\/43368dfd3803ad25c2c5eb9f378fbc6e9802dee2-ipad.jpg\" \/>\n\t<meta property=\"og:image:width\" content=\"1080\" \/>\n\t<meta property=\"og:image:height\" content=\"540\" \/>\n\t<meta property=\"og:image:type\" content=\"image\/jpeg\" \/>\n<meta name=\"author\" content=\"master\" \/>\n<meta name=\"twitter:card\" content=\"summary_large_image\" \/>\n<meta name=\"twitter:creator\" content=\"@Edmo_Belux\" \/>\n<meta name=\"twitter:site\" content=\"@Edmo_Belux\" \/>\n<meta name=\"twitter:label1\" content=\"\u00c9crit par\" \/>\n\t<meta name=\"twitter:data1\" content=\"master\" \/>\n\t<meta name=\"twitter:label2\" content=\"Dur\u00e9e de lecture estim\u00e9e\" \/>\n\t<meta name=\"twitter:data2\" content=\"6 minutes\" \/>\n<script type=\"application\/ld+json\" class=\"yoast-schema-graph\">{\"@context\":\"https:\/\/schema.org\",\"@graph\":[{\"@type\":\"Article\",\"@id\":\"https:\/\/belux.edmo.eu\/fr\/cette-vido-ne-montre-pas-un-dput-europen-mais-un-ancien-lu-au-parlement-allemand-en-2020\/#article\",\"isPartOf\":{\"@id\":\"https:\/\/belux.edmo.eu\/fr\/cette-vido-ne-montre-pas-un-dput-europen-mais-un-ancien-lu-au-parlement-allemand-en-2020\/\"},\"author\":{\"name\":\"master\",\"@id\":\"https:\/\/belux.edmo.eu\/#\/schema\/person\/dbe3b252258537fd318f9b5645a30342\"},\"headline\":\"Cette vid\u00e9o ne montre pas un d\u00e9put\u00e9 europ\u00e9en, mais un ancien \u00e9lu au Parlement allemand en 2020\",\"datePublished\":\"2023-04-17T11:00:57+00:00\",\"dateModified\":\"2023-04-17T11:22:19+00:00\",\"mainEntityOfPage\":{\"@id\":\"https:\/\/belux.edmo.eu\/fr\/cette-vido-ne-montre-pas-un-dput-europen-mais-un-ancien-lu-au-parlement-allemand-en-2020\/\"},\"wordCount\":1174,\"publisher\":{\"@id\":\"https:\/\/belux.edmo.eu\/#organization\"},\"image\":{\"@id\":\"https:\/\/belux.edmo.eu\/fr\/cette-vido-ne-montre-pas-un-dput-europen-mais-un-ancien-lu-au-parlement-allemand-en-2020\/#primaryimage\"},\"thumbnailUrl\":\"https:\/\/belux-edmo.s3-accelerate.amazonaws.com\/wp-content\/uploads\/2023\/04\/43368dfd3803ad25c2c5eb9f378fbc6e9802dee2-ipad.jpg\",\"articleSection\":[\"Fact-Check\",\"Politique\",\"Societe\"],\"inLanguage\":\"fr-FR\"},{\"@type\":\"WebPage\",\"@id\":\"https:\/\/belux.edmo.eu\/fr\/cette-vido-ne-montre-pas-un-dput-europen-mais-un-ancien-lu-au-parlement-allemand-en-2020\/\",\"url\":\"https:\/\/belux.edmo.eu\/fr\/cette-vido-ne-montre-pas-un-dput-europen-mais-un-ancien-lu-au-parlement-allemand-en-2020\/\",\"name\":\"Cette vid\u00e9o ne montre pas un d\u00e9put\u00e9 europ\u00e9en, mais un ancien \u00e9lu au Parlement allemand en 2020 - EDMO Belux\",\"isPartOf\":{\"@id\":\"https:\/\/belux.edmo.eu\/#website\"},\"primaryImageOfPage\":{\"@id\":\"https:\/\/belux.edmo.eu\/fr\/cette-vido-ne-montre-pas-un-dput-europen-mais-un-ancien-lu-au-parlement-allemand-en-2020\/#primaryimage\"},\"image\":{\"@id\":\"https:\/\/belux.edmo.eu\/fr\/cette-vido-ne-montre-pas-un-dput-europen-mais-un-ancien-lu-au-parlement-allemand-en-2020\/#primaryimage\"},\"thumbnailUrl\":\"https:\/\/belux-edmo.s3-accelerate.amazonaws.com\/wp-content\/uploads\/2023\/04\/43368dfd3803ad25c2c5eb9f378fbc6e9802dee2-ipad.jpg\",\"datePublished\":\"2023-04-17T11:00:57+00:00\",\"dateModified\":\"2023-04-17T11:22:19+00:00\",\"breadcrumb\":{\"@id\":\"https:\/\/belux.edmo.eu\/fr\/cette-vido-ne-montre-pas-un-dput-europen-mais-un-ancien-lu-au-parlement-allemand-en-2020\/#breadcrumb\"},\"inLanguage\":\"fr-FR\",\"potentialAction\":[{\"@type\":\"ReadAction\",\"target\":[\"https:\/\/belux.edmo.eu\/fr\/cette-vido-ne-montre-pas-un-dput-europen-mais-un-ancien-lu-au-parlement-allemand-en-2020\/\"]}]},{\"@type\":\"ImageObject\",\"inLanguage\":\"fr-FR\",\"@id\":\"https:\/\/belux.edmo.eu\/fr\/cette-vido-ne-montre-pas-un-dput-europen-mais-un-ancien-lu-au-parlement-allemand-en-2020\/#primaryimage\",\"url\":\"https:\/\/belux-edmo.s3-accelerate.amazonaws.com\/wp-content\/uploads\/2023\/04\/43368dfd3803ad25c2c5eb9f378fbc6e9802dee2-ipad.jpg\",\"contentUrl\":\"https:\/\/belux-edmo.s3-accelerate.amazonaws.com\/wp-content\/uploads\/2023\/04\/43368dfd3803ad25c2c5eb9f378fbc6e9802dee2-ipad.jpg\",\"width\":1080,\"height\":540,\"caption\":\"Cette vid\u00e9o ne montre pas un d\u00e9put\u00e9 europ\u00e9en, mais un ancien \u00e9lu au Parlement allemand en 2020 - Featured image\"},{\"@type\":\"BreadcrumbList\",\"@id\":\"https:\/\/belux.edmo.eu\/fr\/cette-vido-ne-montre-pas-un-dput-europen-mais-un-ancien-lu-au-parlement-allemand-en-2020\/#breadcrumb\",\"itemListElement\":[{\"@type\":\"ListItem\",\"position\":1,\"name\":\"Home\",\"item\":\"https:\/\/belux.edmo.eu\/fr\/\"},{\"@type\":\"ListItem\",\"position\":2,\"name\":\"Cette vid\u00e9o ne montre pas un d\u00e9put\u00e9 europ\u00e9en, mais un ancien \u00e9lu au Parlement allemand en 2020\"}]},{\"@type\":\"WebSite\",\"@id\":\"https:\/\/belux.edmo.eu\/#website\",\"url\":\"https:\/\/belux.edmo.eu\/\",\"name\":\"EDMO Belux\",\"description\":\"Monitoring Disinformation in Belgium and Luxembourg\",\"publisher\":{\"@id\":\"https:\/\/belux.edmo.eu\/#organization\"},\"potentialAction\":[{\"@type\":\"SearchAction\",\"target\":{\"@type\":\"EntryPoint\",\"urlTemplate\":\"https:\/\/belux.edmo.eu\/?s={search_term_string}\"},\"query-input\":{\"@type\":\"PropertyValueSpecification\",\"valueRequired\":true,\"valueName\":\"search_term_string\"}}],\"inLanguage\":\"fr-FR\"},{\"@type\":\"Organization\",\"@id\":\"https:\/\/belux.edmo.eu\/#organization\",\"name\":\"EDMO Belux\",\"url\":\"https:\/\/belux.edmo.eu\/\",\"logo\":{\"@type\":\"ImageObject\",\"inLanguage\":\"fr-FR\",\"@id\":\"https:\/\/belux.edmo.eu\/#\/schema\/logo\/image\/\",\"url\":\"https:\/\/belux.edmo.eu\/wp-content\/uploads\/2021\/12\/belux-logo-full-color-rgb.svg\",\"contentUrl\":\"https:\/\/belux.edmo.eu\/wp-content\/uploads\/2021\/12\/belux-logo-full-color-rgb.svg\",\"width\":1,\"height\":1,\"caption\":\"EDMO Belux\"},\"image\":{\"@id\":\"https:\/\/belux.edmo.eu\/#\/schema\/logo\/image\/\"},\"sameAs\":[\"https:\/\/x.com\/Edmo_Belux\"]},{\"@type\":\"Person\",\"@id\":\"https:\/\/belux.edmo.eu\/#\/schema\/person\/dbe3b252258537fd318f9b5645a30342\",\"name\":\"master\",\"sameAs\":[\"https:\/\/belux.wpengine.com\"],\"url\":\"https:\/\/belux.edmo.eu\/fr\/author\/master\/\"}]}<\/script>\n<!-- \/ Yoast SEO plugin. -->","yoast_head_json":{"title":"Cette vid\u00e9o ne montre pas un d\u00e9put\u00e9 europ\u00e9en, mais un ancien \u00e9lu au Parlement allemand en 2020 - EDMO Belux","robots":{"index":"index","follow":"follow","max-snippet":"max-snippet:-1","max-image-preview":"max-image-preview:large","max-video-preview":"max-video-preview:-1"},"canonical":"https:\/\/belux.edmo.eu\/fr\/cette-vido-ne-montre-pas-un-dput-europen-mais-un-ancien-lu-au-parlement-allemand-en-2020\/","og_locale":"fr_FR","og_type":"article","og_title":"Cette vid\u00e9o ne montre pas un d\u00e9put\u00e9 europ\u00e9en, mais un ancien \u00e9lu au Parlement allemand en 2020 - EDMO Belux","og_description":"\"Une vid\u00e9o fait scandale au sein de l'#UE concernant la consommation pr\u00e9sum\u00e9e de coca\u00efne au Parlement europ\u00e9en\", affirme l'auteur de ce tweet, qui relaie une vid\u00e9o montrant un homme en costume d\u00e9poser quelque chose entre son pouce et son index puis l'inhaler. L'image suivante le montre affal\u00e9 sur son si\u00e8ge, un sourire aux l\u00e8vres.\u00a0\u00a0","og_url":"https:\/\/belux.edmo.eu\/fr\/cette-vido-ne-montre-pas-un-dput-europen-mais-un-ancien-lu-au-parlement-allemand-en-2020\/","og_site_name":"EDMO Belux","article_published_time":"2023-04-17T11:00:57+00:00","article_modified_time":"2023-04-17T11:22:19+00:00","og_image":[{"width":1080,"height":540,"url":"https:\/\/belux-edmo.s3-accelerate.amazonaws.com\/wp-content\/uploads\/2023\/04\/43368dfd3803ad25c2c5eb9f378fbc6e9802dee2-ipad.jpg","type":"image\/jpeg"}],"author":"master","twitter_card":"summary_large_image","twitter_creator":"@Edmo_Belux","twitter_site":"@Edmo_Belux","twitter_misc":{"\u00c9crit par":"master","Dur\u00e9e de lecture estim\u00e9e":"6 minutes"},"schema":{"@context":"https:\/\/schema.org","@graph":[{"@type":"Article","@id":"https:\/\/belux.edmo.eu\/fr\/cette-vido-ne-montre-pas-un-dput-europen-mais-un-ancien-lu-au-parlement-allemand-en-2020\/#article","isPartOf":{"@id":"https:\/\/belux.edmo.eu\/fr\/cette-vido-ne-montre-pas-un-dput-europen-mais-un-ancien-lu-au-parlement-allemand-en-2020\/"},"author":{"name":"master","@id":"https:\/\/belux.edmo.eu\/#\/schema\/person\/dbe3b252258537fd318f9b5645a30342"},"headline":"Cette vid\u00e9o ne montre pas un d\u00e9put\u00e9 europ\u00e9en, mais un ancien \u00e9lu au Parlement allemand en 2020","datePublished":"2023-04-17T11:00:57+00:00","dateModified":"2023-04-17T11:22:19+00:00","mainEntityOfPage":{"@id":"https:\/\/belux.edmo.eu\/fr\/cette-vido-ne-montre-pas-un-dput-europen-mais-un-ancien-lu-au-parlement-allemand-en-2020\/"},"wordCount":1174,"publisher":{"@id":"https:\/\/belux.edmo.eu\/#organization"},"image":{"@id":"https:\/\/belux.edmo.eu\/fr\/cette-vido-ne-montre-pas-un-dput-europen-mais-un-ancien-lu-au-parlement-allemand-en-2020\/#primaryimage"},"thumbnailUrl":"https:\/\/belux-edmo.s3-accelerate.amazonaws.com\/wp-content\/uploads\/2023\/04\/43368dfd3803ad25c2c5eb9f378fbc6e9802dee2-ipad.jpg","articleSection":["Fact-Check","Politique","Societe"],"inLanguage":"fr-FR"},{"@type":"WebPage","@id":"https:\/\/belux.edmo.eu\/fr\/cette-vido-ne-montre-pas-un-dput-europen-mais-un-ancien-lu-au-parlement-allemand-en-2020\/","url":"https:\/\/belux.edmo.eu\/fr\/cette-vido-ne-montre-pas-un-dput-europen-mais-un-ancien-lu-au-parlement-allemand-en-2020\/","name":"Cette vid\u00e9o ne montre pas un d\u00e9put\u00e9 europ\u00e9en, mais un ancien \u00e9lu au Parlement allemand en 2020 - EDMO Belux","isPartOf":{"@id":"https:\/\/belux.edmo.eu\/#website"},"primaryImageOfPage":{"@id":"https:\/\/belux.edmo.eu\/fr\/cette-vido-ne-montre-pas-un-dput-europen-mais-un-ancien-lu-au-parlement-allemand-en-2020\/#primaryimage"},"image":{"@id":"https:\/\/belux.edmo.eu\/fr\/cette-vido-ne-montre-pas-un-dput-europen-mais-un-ancien-lu-au-parlement-allemand-en-2020\/#primaryimage"},"thumbnailUrl":"https:\/\/belux-edmo.s3-accelerate.amazonaws.com\/wp-content\/uploads\/2023\/04\/43368dfd3803ad25c2c5eb9f378fbc6e9802dee2-ipad.jpg","datePublished":"2023-04-17T11:00:57+00:00","dateModified":"2023-04-17T11:22:19+00:00","breadcrumb":{"@id":"https:\/\/belux.edmo.eu\/fr\/cette-vido-ne-montre-pas-un-dput-europen-mais-un-ancien-lu-au-parlement-allemand-en-2020\/#breadcrumb"},"inLanguage":"fr-FR","potentialAction":[{"@type":"ReadAction","target":["https:\/\/belux.edmo.eu\/fr\/cette-vido-ne-montre-pas-un-dput-europen-mais-un-ancien-lu-au-parlement-allemand-en-2020\/"]}]},{"@type":"ImageObject","inLanguage":"fr-FR","@id":"https:\/\/belux.edmo.eu\/fr\/cette-vido-ne-montre-pas-un-dput-europen-mais-un-ancien-lu-au-parlement-allemand-en-2020\/#primaryimage","url":"https:\/\/belux-edmo.s3-accelerate.amazonaws.com\/wp-content\/uploads\/2023\/04\/43368dfd3803ad25c2c5eb9f378fbc6e9802dee2-ipad.jpg","contentUrl":"https:\/\/belux-edmo.s3-accelerate.amazonaws.com\/wp-content\/uploads\/2023\/04\/43368dfd3803ad25c2c5eb9f378fbc6e9802dee2-ipad.jpg","width":1080,"height":540,"caption":"Cette vid\u00e9o ne montre pas un d\u00e9put\u00e9 europ\u00e9en, mais un ancien \u00e9lu au Parlement allemand en 2020 - Featured image"},{"@type":"BreadcrumbList","@id":"https:\/\/belux.edmo.eu\/fr\/cette-vido-ne-montre-pas-un-dput-europen-mais-un-ancien-lu-au-parlement-allemand-en-2020\/#breadcrumb","itemListElement":[{"@type":"ListItem","position":1,"name":"Home","item":"https:\/\/belux.edmo.eu\/fr\/"},{"@type":"ListItem","position":2,"name":"Cette vid\u00e9o ne montre pas un d\u00e9put\u00e9 europ\u00e9en, mais un ancien \u00e9lu au Parlement allemand en 2020"}]},{"@type":"WebSite","@id":"https:\/\/belux.edmo.eu\/#website","url":"https:\/\/belux.edmo.eu\/","name":"EDMO Belux","description":"Monitoring Disinformation in Belgium and Luxembourg","publisher":{"@id":"https:\/\/belux.edmo.eu\/#organization"},"potentialAction":[{"@type":"SearchAction","target":{"@type":"EntryPoint","urlTemplate":"https:\/\/belux.edmo.eu\/?s={search_term_string}"},"query-input":{"@type":"PropertyValueSpecification","valueRequired":true,"valueName":"search_term_string"}}],"inLanguage":"fr-FR"},{"@type":"Organization","@id":"https:\/\/belux.edmo.eu\/#organization","name":"EDMO Belux","url":"https:\/\/belux.edmo.eu\/","logo":{"@type":"ImageObject","inLanguage":"fr-FR","@id":"https:\/\/belux.edmo.eu\/#\/schema\/logo\/image\/","url":"https:\/\/belux.edmo.eu\/wp-content\/uploads\/2021\/12\/belux-logo-full-color-rgb.svg","contentUrl":"https:\/\/belux.edmo.eu\/wp-content\/uploads\/2021\/12\/belux-logo-full-color-rgb.svg","width":1,"height":1,"caption":"EDMO Belux"},"image":{"@id":"https:\/\/belux.edmo.eu\/#\/schema\/logo\/image\/"},"sameAs":["https:\/\/x.com\/Edmo_Belux"]},{"@type":"Person","@id":"https:\/\/belux.edmo.eu\/#\/schema\/person\/dbe3b252258537fd318f9b5645a30342","name":"master","sameAs":["https:\/\/belux.wpengine.com"],"url":"https:\/\/belux.edmo.eu\/fr\/author\/master\/"}]}},"menu_order":0,"_links":{"self":[{"href":"https:\/\/belux.edmo.eu\/fr\/wp-json\/wp\/v2\/posts\/258342","targetHints":{"allow":["GET"]}}],"collection":[{"href":"https:\/\/belux.edmo.eu\/fr\/wp-json\/wp\/v2\/posts"}],"about":[{"href":"https:\/\/belux.edmo.eu\/fr\/wp-json\/wp\/v2\/types\/post"}],"author":[{"embeddable":true,"href":"https:\/\/belux.edmo.eu\/fr\/wp-json\/wp\/v2\/users\/1"}],"replies":[{"embeddable":true,"href":"https:\/\/belux.edmo.eu\/fr\/wp-json\/wp\/v2\/comments?post=258342"}],"version-history":[{"count":0,"href":"https:\/\/belux.edmo.eu\/fr\/wp-json\/wp\/v2\/posts\/258342\/revisions"}],"wp:featuredmedia":[{"embeddable":true,"href":"https:\/\/belux.edmo.eu\/fr\/wp-json\/wp\/v2\/media\/258317"}],"wp:attachment":[{"href":"https:\/\/belux.edmo.eu\/fr\/wp-json\/wp\/v2\/media?parent=258342"}],"wp:term":[{"taxonomy":"category","embeddable":true,"href":"https:\/\/belux.edmo.eu\/fr\/wp-json\/wp\/v2\/categories?post=258342"},{"taxonomy":"post_tag","embeddable":true,"href":"https:\/\/belux.edmo.eu\/fr\/wp-json\/wp\/v2\/tags?post=258342"}],"curies":[{"name":"wp","href":"https:\/\/api.w.org\/{rel}","templated":true}]}}