{"id":264548,"date":"2023-05-22T08:04:20","date_gmt":"2023-05-22T08:04:20","guid":{"rendered":"https:\/\/belux.edmo.eu\/?p=264548"},"modified":"2023-05-22T10:59:16","modified_gmt":"2023-05-22T10:59:16","slug":"non-le-rchauffement-climatique-nest-pas-principalement-d-au-soleil-et-la-couverture-nuageuse","status":"publish","type":"post","link":"https:\/\/belux.edmo.eu\/fr\/non-le-rchauffement-climatique-nest-pas-principalement-d-au-soleil-et-la-couverture-nuageuse\/","title":{"rendered":"Non, le r\u00e9chauffement climatique n&rsquo;est pas \u00ab\u00a0principalement\u00a0\u00bb d\u00fb au soleil et \u00e0 la couverture nuageuse"},"content":{"rendered":"<p><b>Une courte s\u00e9quence vid\u00e9o partag\u00e9e sur les r\u00e9seaux sociaux pr\u00e9tend d\u00e9montrer que le r\u00e9chauffement climatique est principalement caus\u00e9 par le soleil et que les experts du Groupement international d&rsquo;experts sur le climat (GIEC) ont \u00ab\u00a0sous-estim\u00e9\u00a0\u00bb l&rsquo;importance de la \u00ab\u00a0couverture nuageuse\u00a0\u00bb parmi ses causes. Tir\u00e9 d&rsquo;une intervention plus longue de Philippe Bobola, qui se pr\u00e9sente comme un \u00ab\u00a0conf\u00e9rencier\u00a0\u00bb dot\u00e9 d&rsquo;un doctorat en physique, cet extrait reprend des \u00e9l\u00e9ments rh\u00e9toriques de certains discours climato-sceptiques. Comme l&rsquo;expliquent plusieurs climatologues interrog\u00e9s \u00e0 cette occasion ou ces derniers mois par l&rsquo;AFP, le r\u00e9chauffement climatique en cours n&rsquo;est pas d\u00fb \u00e0 l&rsquo;activit\u00e9 solaire &#8211; qui est en stagnation voire en baisse ces derni\u00e8res ann\u00e9es &#8211; mais est bien d&rsquo;origine humaine. De plus, les variations du rayonnement solaire, comme la couverture nuageuse, sont bien des facteurs dont l&rsquo;impact sur le climat est pris en compte dans le travail de synth\u00e8se scientifique du GIEC.\u00a0<\/b><\/p>\n<p>\u00ab\u00a0<em>Le r\u00e9chauffement climatique d\u00e9pend principalement du soleil et de la couverture nuageuse. La temp\u00e9rature fait monter le CO2 (pas l\u2019inverse). Le CO2 fait monter la couverture v\u00e9g\u00e9tale. Le CO2 a d\u00e9j\u00e0 \u00e9t\u00e9 bien plus \u00e9lev\u00e9. On bascule sur une sorte de haine du vivant, la vie, c\u2019est le carbone<\/em>\u00ab\u00a0, affirme <a href=\"https:\/\/archive.ph\/9Bpy1\" target=\"_blank\" rel=\"noopener\" shape=\"rect\">un tweet partag\u00e9 plus de mille fois<\/a> depuis le 11 mai 2023 et remettant en cause l&rsquo;origine humaine du r\u00e9chauffement climatique.<\/p>\n<p>Il r\u00e9sume ainsi en quelques mots les propos tenus, dans la s\u00e9quence vid\u00e9o qui l&rsquo;accompagne, par Philippe Bobola, qui se pr\u00e9sente, <a href=\"https:\/\/www.unitedusavoir.com\/philippe-bobola\" target=\"_blank\" rel=\"noopener\" shape=\"rect\">sur son site<\/a> (<a href=\"https:\/\/archive.ph\/AM8fi\" target=\"_blank\" rel=\"noopener\" shape=\"rect\">lien archiv\u00e9<\/a>), comme \u00ab\u00a0<em>conf\u00e9rencier <\/em>[&#8230;] <em>depuis 1998 sur des th\u00e9matiques allant de l\u2019\u00e9cologie, de l\u2019anthropologie, de l\u2019art, de la po\u00e9sie, de la peinture, la sociologie, le stress, les nouvelles \u00e9conomies, des m\u00e9decines alternatives, \u00e0 la physique moderne et au Temps en particulier<\/em>\u00a0\u00bb et qui revendique un \u00ab\u00a0<em>parcours<\/em>\u00a0\u00bb entam\u00e9 par un \u00ab\u00a0<em>doctorat en physique puis la biologie qui l\u2019a fait p\u00e9n\u00e9trer la complexit\u00e9 du vivant et pour finir l\u2019anthropologie, la psychanalyse adl\u00e9rienne et le coaching<\/em>\u00ab\u00a0.<\/p>\n<div class=\"g2image\">\n<figure><img src=\"https:\/\/belux-edmo.s3-accelerate.amazonaws.com\/wp-content\/uploads\/2023\/05\/76d66fdbd1264f9af3c9b0dfaded44de8cceb2eb-ipad.jpg\" \/><figcaption>Captures d&rsquo;\u00e9cran r\u00e9alis\u00e9es sur Twitter (\u00e0 gauche) et Facebook (\u00e0 droite) le 15 mai 2023.<\/figcaption><\/figure>\n<\/div>\n<p>Dans ce court extrait &#8211; tir\u00e9 d&rsquo;une vid\u00e9o d&rsquo;une quarantaine de minutes (<a href=\"https:\/\/archive.ph\/wJcw3\" target=\"_blank\" rel=\"noopener\" shape=\"rect\">lien archiv\u00e9<\/a>) mise en ligne le 10 mai sur sa cha\u00eene personnelle et intitul\u00e9e \u00ab\u00a0<em>Philippe Bobola : Changement climatique un outil politique ?<\/em>\u00a0\u00bb &#8211; l&rsquo;int\u00e9ress\u00e9 pr\u00e9tend d\u00e9montrer que le r\u00e9chauffement climatique d\u00e9pend essentiellement de deux facteurs &#8211; le soleil et la couverture nuageuse &#8211; occult\u00e9s par le Groupement international d&rsquo;experts sur le climat (GIEC), qui se focaliserait \u00e0 tort sur le niveau de CO2 dans l&rsquo;air.<\/p>\n<p>\u00ab\u00a0<em>Le r\u00e9chauffement sur la plan\u00e8te d\u00e9pend de trois enveloppes. L&rsquo;enveloppe atmosph\u00e9rique, l&rsquo;enveloppe oc\u00e9anique, et puis il y a le continent et le param\u00e8tre le plus important, c&rsquo;est le soleil. On a compl\u00e8tement sous-estim\u00e9 dans les rapports du GIEC l&rsquo;importance de la couverture nuageuse. Alors est-il raisonnable de mettre uniquement le r\u00e9chauffement climatique en termes de gaz carbonique ? Pourquoi avoir \u00e9limin\u00e9 la vapeur d&rsquo;eau ? Pourquoi avoir n\u00e9glig\u00e9 la couverture nuageuse ? Pourquoi avoir n\u00e9glig\u00e9 le soleil ?\u00a0\u00bb<\/em>, avance-t-il notamment dans cette s\u00e9quence \u00e9galement partag\u00e9e par des internautes <a href=\"https:\/\/archive.ph\/miAp7\" target=\"_blank\" rel=\"noopener\" shape=\"rect\">sur Facebook<\/a>.<\/p>\n<p>\u00ab\u00a0<em>Tous les climatologues sont d&rsquo;accord &#8211; <\/em>[les climatologues] <em>s\u00e9rieux, peut-\u00eatre pas ceux qu&rsquo;on trouve dans le GIEC &#8211; pour dire que le r\u00e9chauffement climatique d\u00e9pend \u00e0 la fois du soleil, de la couverture nuageuse, de la couverture oc\u00e9anique, etc., etc. Autrefois, la quantit\u00e9 de gaz carbonique, quand on regarde l&rsquo;histoire du climat, \u00e9tait beaucoup plus importante. On peut dire qu&rsquo;il y a des fois elle \u00e9tait trois, quatre, cinq fois plus importante donc ce n&rsquo;est pas vraiment un probl\u00e8me. Le gaz carbonique va augmenter la couverture v\u00e9g\u00e9tale et c&rsquo;est plut\u00f4t favorable<\/em>\u00ab\u00a0, affirme encore Philippe Bobola.<\/p>\n<p>Avant de conclure : \u00ab\u00a0<em>Ce qui est quand m\u00eame un peu emb\u00eatant, c&rsquo;est que finalement on bascule un peu sur une sorte de haine de nos constituants, et la haine de la vie puisque la vie c&rsquo;est le carbone, qu&rsquo;on le veuille ou pas, et la plante est une grosse consommatrice de gaz carbonique.<\/em>\u00a0\u00bb<\/p>\n<p>Ce faisant, le conf\u00e9rencier reprend ainsi plusieurs \u00e9l\u00e9ments rh\u00e9toriques souvent repris <a href=\"https:\/\/factuel.afp.com\/doc.afp.com.33777QF\" target=\"_blank\" rel=\"noopener\" shape=\"rect\">dans les discours climato-sceptiques<\/a>, qui s&rsquo;av\u00e8rent toutefois soit faux, soit trompeurs ou d\u00e9contextualis\u00e9s, ainsi que l&rsquo;expliquent plusieurs sp\u00e9cialistes \u00e0 l&rsquo;AFP.<\/p>\n<p><strong>\u00ab\u00a0<em>Le soleil est le param\u00e8tre le plus important pour le climat, mais pas pour le changement climatique. Il s&rsquo;agit ici d&rsquo;un raccourci destin\u00e9 \u00e0 donner au soleil un r\u00f4le qu&rsquo;il n&rsquo;a pas<\/em>\u00ab\u00a0,<\/strong> expliquait notamment le 12 mai 2023 \u00e0 l&rsquo;AFP Gilles Delaygue, enseignant-chercheur \u00e0 l\u2019Universit\u00e9 Grenoble-Alpes, sp\u00e9cialiste de la reconstitution des climats.<\/p>\n<p>\u00ab\u00a0<em>La temp\u00e9rature globale de la Terre d\u00e9pend du rayonnement solaire qu\u2019elle re\u00e7oit. Ainsi, une r\u00e9duction du rayonnement solaire a pu \u00eatre responsable du refroidissement de quelques dixi\u00e8mes de degr\u00e9s \u00e0 la fin du Moyen-Age appel\u00e9 \u00ab petit \u00e2ge glaciaire \u00bb<\/em>\u00ab\u00a0, soulignait le 12 mai 2023 \u00e0 l&rsquo;AFP Camille Risi,\u00a0 charg\u00e9e de recherche CNRS au Laboratoire de m\u00e9t\u00e9orologie dynamique, tout en pr\u00e9cisant : \u00ab\u00a0<em>Ca reste tr\u00e8s faible par rapport au r\u00e9chauffement climatique en cours, qui d\u00e9passe 1\u00b0C et qui d\u00e9passera les 3\u00b0C en 2100 si plus d\u2019efforts ne sont pas engag\u00e9s. <strong>Actuellement toutefois, les variations de rayonnement solaire ne contribuent pas au r\u00e9chauffement climatique en cours.<\/strong><\/em>\u00a0\u00bb<\/p>\n<p>Contact\u00e9 par l&rsquo;AFP le 11 mai 2023, Patrick Chazette, climatologue, directeur de recherche au CEA et sp\u00e9cialiste du sondage de l&rsquo;atmosph\u00e8re par laser, souligne quant \u00e0 lui : \u00ab\u00a0<em>Le soleil est la source \u00e9nerg\u00e9tique de la Terre qu&rsquo;il r\u00e9chauffe principalement dans les zones tropicales, et les mouvements de l&rsquo;air et des oc\u00e9ans vont r\u00e9partir cette \u00e9nergie sur l&rsquo;ensemble de la plan\u00e8te. La communaut\u00e9 scientifique surveille la constante solaire et plus particuli\u00e8rement les cycles <\/em>[comme le]<em><a href=\"https:\/\/climate.nasa.gov\/news\/2948\/milankovitch-orbital-cycles-and-their-role-in-earths-climate\/\" target=\"_blank\" rel=\"noopener\" shape=\"rect\"> cycle de Milankovitch<\/a>.<\/em><strong><em> Nous ne sommes pas dans une p\u00e9riode de forte variation de cette constante et la contribution climatique additionnelle du soleil n&rsquo;est pas la cause du r\u00e9chauffement.<\/em>\u00ab\u00a0<\/strong><\/p>\n<p><b>Un impact \u00ab\u00a0n\u00e9gligeable\u00a0\u00bb des variations du rayonnement solaire sur le r\u00e9chauffement climatique<\/b><\/p>\n<p>Comme le souligne en outre Camille Risi, contrairement \u00e0 ce qui est affirm\u00e9 dans la vid\u00e9o, \u00ab\u00a0<em>la communaut\u00e9 scientifique, y compris le GIEC, consid\u00e8re ces variations<\/em> [du rayonnement solaire] <em>avec beaucoup de s\u00e9rieux.<\/em>\u00a0\u00bb<\/p>\n<p>\u00ab\u00a0<em>Les variations du rayonnement solaire sont mesur\u00e9es, leur impact sur le climat est quantifi\u00e9, les r\u00e9sultats sont rapport\u00e9s dans les rapports du GIEC<\/em>\u00ab\u00a0, poursuit la sp\u00e9cialiste.<\/p>\n<p>Comme on peut notamment le voir sur la figure 7.8 du <a href=\"https:\/\/www.ipcc.ch\/report\/ar6\/wg1\/chapter\/chapter-7\/\" target=\"_blank\" rel=\"noopener\" shape=\"rect\">chapitre 7 du GIEC<\/a> (<a href=\"https:\/\/archive.ph\/KlpPJ\" target=\"_blank\" rel=\"noopener\" shape=\"rect\">lien archiv\u00e9<\/a> ; section 7.3.5.3), la contribution de ces variations au r\u00e9chauffement climatique est \u00ab\u00a0<em>n\u00e9gligeable<\/em>\u00ab\u00a0.<\/p>\n<div class=\"g2image\">\n<figure><img src=\"https:\/\/belux-edmo.s3-accelerate.amazonaws.com\/wp-content\/uploads\/2023\/05\/846723c1ddff50172f75a8fe340eec5b03aaffe6-ipad.jpg\" \/><figcaption>Capture d&rsquo;\u00e9cran r\u00e9alis\u00e9e sur le site du GIEC, le 12 mai 2023.<\/figcaption><\/figure>\n<\/div>\n<p>\u00ab\u00a0<em>L\u2018effet des variations du rayonnement solaire de 1750 \u00e0 2020 est la courbe orange qui oscille tr\u00e8s proche de la ligne pointill\u00e9e noire, qui repr\u00e9sente le 0. Ces toutes petites oscillations sont caus\u00e9es par des cycles solaires qui ont une p\u00e9riodicit\u00e9 de 11 ans. On voit que l\u2018impact sur la temp\u00e9rature est n\u00e9gligeable par rapport \u00e0 l\u2018impact de la concentration croissante en CO2 (courbe violette) et au r\u00e9chauffement total (courbe noire fine)<\/em>\u00ab\u00a0, explique Camille Risi.<\/p>\n<p><b>Une activit\u00e9 solaire en stagnation, voire en baisse ces derni\u00e8res ann\u00e9es<\/b><\/p>\n<p>Comme nous l&rsquo;expliquions d\u00e9j\u00e0 dans <a href=\"https:\/\/factuel.afp.com\/doc.afp.com.327U8QT\" target=\"_blank\" rel=\"noopener\" shape=\"rect\">un article d&rsquo;avril 2022<\/a>, l&rsquo;activit\u00e9 solaire a plut\u00f4t tendance \u00e0 stagner, voire \u00e0 diminuer ces derni\u00e8res ann\u00e9es.<\/p>\n<p>Ainsi que le rappelle la NASA <a href=\"https:\/\/www.nasa.gov\/mission_pages\/sunearth\/solar-events-news\/Does-the-Solar-Cycle-Affect-Earths-Climate.html#Q3\" target=\"_blank\" rel=\"noopener\" shape=\"rect\">sur une page<\/a> de son site (<a href=\"https:\/\/archive.ph\/PWm5a\" target=\"_blank\" rel=\"noopener\" shape=\"rect\">lien archiv\u00e9<\/a>) d\u00e9di\u00e9e \u00e0 l&rsquo;impact des cycles solaires sur le climat de la Terre<em>, \u00ab\u00a0les scientifiques s&rsquo;accordent \u00e0 dire que le cycle solaire et les variations \u00e0 court terme de l&rsquo;irradiance qui lui sont associ\u00e9es ne peuvent \u00eatre la principale force \u00e0 l&rsquo;origine des changements climatiques que nous observons actuellement sur Terre\u00a0\u00bb,\u00a0<\/em>rappelant que<em>\u00a0\u00ab\u00a0la production d&rsquo;\u00e9nergie du Soleil ne varie que de 0,15 % au cours du cycle, soit moins que ce qui serait n\u00e9cessaire pour provoquer le changement climatique que nous observons\u00a0\u00bb.<\/em><\/p>\n<p><em>\u00ab\u00a0Les variations solaires ont un effet sur le climat. Seulement,\u00a0<strong>les variations qu&rsquo;on a observ\u00e9es au cours des derniers si\u00e8cles li\u00e9es \u00e0 l&rsquo;\u00e9nergie solaire sont faibles et ne sont pas suffisantes pour expliquer les variations de temp\u00e9ratures qu&rsquo;on observe aujourd&rsquo;hui<\/strong>. Ces derni\u00e8res d\u00e9cennies il y a plut\u00f4t eu une diminution de l&rsquo;activit\u00e9 solaire\u00a0\u00bb,<\/em> r\u00e9sumait \u00e0 l&rsquo;AFP <a href=\"https:\/\/www.ulb.be\/fr\/frank-pattyn\" target=\"_blank\" rel=\"noopener\" shape=\"rect\">Frank Pattyn<\/a>, directeur du Laboratoire de glaciologie \u00e0 l&rsquo;Universit\u00e9 libre de Bruxelles, le 31 mars 2022.<\/p>\n<p>C&rsquo;est \u00e9galement ce qu&rsquo;expliquait le directeur de l&rsquo;Institut Goddard d&rsquo;\u00e9tudes spatiales d\u00e9pendant de la NASA\u00a0<a href=\"https:\/\/www.giss.nasa.gov\/staff\/gschmidt\/\" target=\"_blank\" rel=\"noopener\" shape=\"rect\">Gavin Schmidt<\/a>\u00a0dans\u00a0<a href=\"https:\/\/www.carbonbrief.org\/why-the-sun-is-not-responsible-for-recent-climate-change\" target=\"_blank\" rel=\"noopener\" shape=\"rect\">un article<\/a>\u00a0publi\u00e9 sur la plateforme Carbon Brief (financ\u00e9e par la Fondation europ\u00e9enne pour le climat):\u00a0<em>\u00ab\u00a0La p\u00e9riode de r\u00e9chauffement (de la plan\u00e8te) la plus importante &#8211; depuis 1975 environ &#8211; a co\u00efncid\u00e9 avec une l\u00e9g\u00e8re diminution de l&rsquo;activit\u00e9 solaire\u00a0\u00bb.<\/em><\/p>\n<p>L&rsquo;Organisation m\u00e9t\u00e9orologique mondiale (WMO) rappelle \u00e9galement\u00a0<a href=\"https:\/\/public.wmo.int\/en\/sun-and-climate-change\" target=\"_blank\" rel=\"noopener\" shape=\"rect\">sur son site<\/a>\u00a0que\u00a0<em>\u00ab\u00a0les mesures par satellite effectu\u00e9es au cours des 30 derni\u00e8res ann\u00e9es montrent que la production d&rsquo;\u00e9nergie du Soleil n&rsquo;a pas augment\u00e9 et que le r\u00e9cent r\u00e9chauffement observ\u00e9 sur Terre ne peut \u00eatre attribu\u00e9 \u00e0 des changements dans l&rsquo;activit\u00e9 solaire\u00a0\u00bb.<\/em><\/p>\n<p>S&rsquo;il est<em>\u00a0\u00ab\u00a0parfaitement vrai que le soleil r\u00e9gule le climat de la Terre\u00a0\u00bb<\/em>, a expliqu\u00e9 Vincent Henri-Peuch, la temp\u00e9rature \u00e0 la surface de notre plan\u00e8te d\u00e9pend principalement des gaz \u00e0 effet de serre (d&rsquo;origine naturelle et humaine), sans lesquels\u00a0<em>\u00ab\u00a0la temp\u00e9rature moyenne \u00e0 la surface de la Terre avoisinerait les -18\u00b0\u00a0\u00bb.<\/em><\/p>\n<p>Pascal Yiou, climatologue et chercheur au Laboratoire des Sciences du Climat et de l&rsquo;Environnement (LSCE) expliquait aussi \u00e0 l&rsquo;AFP, en avril 2022, qu&rsquo;il existe \u00ab\u00a0<em>trois grandes mani\u00e8res d&rsquo;affecter le bilan d&rsquo;\u00e9nergie re\u00e7u \u00e0 la surface de la Terre\u00a0\u00bb <\/em>et donc d&rsquo;influencer le climat.<\/p>\n<p>Premi\u00e8rement : les \u00e9ruptions volcaniques, qui \u00e9mettent des gaz allant jusqu&rsquo;\u00e0 la haute atmosph\u00e8re et de la vapeur d&rsquo;eau, qui est aussi <a href=\"https:\/\/climate.nasa.gov\/ask-nasa-climate\/3143\/steamy-relationships-how-atmospheric-water-vapor-supercharges-earths-greenhouse-effect\/#:~:text=Water%20vapor%20is%20Earth's%20most,atmosphere%20trap%20the%20Sun's%20heat.\" target=\"_blank\" rel=\"noopener\" shape=\"rect\">un gaz \u00e0 effet de serre<\/a>. Par ailleurs, les poussi\u00e8res provoqu\u00e9es par les \u00e9ruptions volcaniques att\u00e9nuent le rayonnement solaire, cr\u00e9ant un d\u00e9s\u00e9quilibre entre la troposph\u00e8re (couche basse de l&rsquo;atmosph\u00e8re, o\u00f9 nous vivons) et la stratosph\u00e8re (couche haute de l&rsquo;atmosph\u00e8re):\u00a0<em>\u00ab\u00a0Lors d&rsquo;une \u00e9ruption volcanique, la haute atmosph\u00e8re se r\u00e9chauffe tandis que la surface de la Terre est plus froide\u00a0\u00bb, <\/em>explique Pascal Yiou.<\/p>\n<p>Le rayonnement solaire est un deuxi\u00e8me facteur naturel jouant sur le climat, poursuivait le chercheur. Celui-ci affecte toute l&rsquo;atmosph\u00e8re, troposph\u00e8re et stratosph\u00e8res confondues. Troisi\u00e8mement, les gaz \u00e0 effet de serre, comme le CO2, peuvent \u00e9galement d\u00e9r\u00e9gler le climat.\u00a0<em>\u00ab\u00a0Ces gaz sont \u00e9mis pr\u00e8s de la surface de la Terre et restent g\u00e9n\u00e9ralement dans les premiers kilom\u00e8tres de l&rsquo;atmosph\u00e8re, et r\u00e9chauffent ces basses couches\u00a0\u00bb,<\/em> d\u00e9taillait Pascal Yiou.<\/p>\n<p>Suivant ces principes, si le soleil \u00e9tait \u00e0 l&rsquo;origine du r\u00e9chauffement climatique, les scientifiques observeraient un r\u00e9chauffement \u00e9gal de la troposph\u00e8re et de la stratosph\u00e8re. Or,<em>\u00a0\u00ab\u00a0<strong>on observe une augmentation de la temp\u00e9rature dans la basse atmosph\u00e8re et une diminution dans la haute atmosph\u00e8re, ce qui signifie que le r\u00e9chauffement est principalement d\u00fb \u00e0 des gaz \u00e0 effet de serre\u00a0\u00bb,<\/strong>\u00a0<\/em>indiquait Frank Pattyn. Une observation mod\u00e9lis\u00e9e notamment <a href=\"https:\/\/www.bfmtv.com\/sciences\/un-nobel-de-physique-inedit-honore-des-travaux-sur-le-changement-climatique_AD-202110050473.html\" target=\"_blank\" rel=\"noopener\" shape=\"rect\">par le Prix Nobel de physique<\/a>\u00a0de 2021, Syuroko Manabe.<\/p>\n<div class=\"g2image\">\n<figure><img src=\"https:\/\/belux-edmo.s3-accelerate.amazonaws.com\/wp-content\/uploads\/2023\/05\/ac099016f49949bf686eb68a6426c865c3b5b53a-ipad.jpg\" \/><figcaption>Coucher de soleil \u00e0 Labuan Bajo (Indon\u00e9sie), le 11 mai 2023. &#8211; BAY ISMOYO \/ AFP<\/figcaption><\/figure>\n<\/div>\n<p><b>Des limites notables \u00e0 l&rsquo;effet fertilisant du CO2 sur les plantes\u00a0<\/b><\/p>\n<p>Les propos de Philippe Bobola autour d&rsquo;un suppos\u00e9 effet b\u00e9n\u00e9fique du gaz carbonique (ou dioxyde de carbone), qui \u00ab\u00a0[augmente]<em> la couverture v\u00e9g\u00e9tale<\/em>\u00ab\u00a0, sont eux aussi trompeurs.<\/p>\n<p>Si <a href=\"https:\/\/www.nature.com\/articles\/nclimate3004\" target=\"_blank\" rel=\"noopener\" shape=\"rect\">une \u00e9tude<\/a> (<a href=\"https:\/\/archive.ph\/oNmV3\" target=\"_blank\" rel=\"noopener\" shape=\"rect\">lien archiv\u00e9<\/a>) publi\u00e9e en 2016 dans la revue Nature Climate Change par une \u00e9quipe internationale de scientifiques et faisant \u00e9tat d&rsquo;un verdissement de la Terre sous l&rsquo;effet des \u00e9missions de CO2 continue d&rsquo;\u00eatre brandie sur les r\u00e9seaux sociaux par des internautes climato-sceptiques comme preuve de l&rsquo;inutilit\u00e9 de la lutte contre les \u00e9missions de gaz \u00e0 effet de serre, ces publications occultent une partie de <a href=\"https:\/\/www.lemonde.fr\/planete\/article\/2016\/04\/27\/la-terre-verdit-grace-aux-emissions-de-co2_4909274_3244.html\" target=\"_blank\" rel=\"noopener\" shape=\"rect\">l&rsquo;article du <em>Monde<\/em><\/a> (<a href=\"https:\/\/archive.ph\/bPAQc\" target=\"_blank\" rel=\"noopener\" shape=\"rect\">lien archiv\u00e9<\/a>) \u00e0 ce sujet, dans laquelle des auteurs de l&rsquo;\u00e9tude en question temp\u00e8rent le caract\u00e8re positif de l&rsquo;effet fertilisant du CO2 sur le climat.<\/p>\n<p><a href=\"https:\/\/factuel.afp.com\/doc.afp.com.33BA9YF\" target=\"_blank\" rel=\"noopener\" shape=\"rect\">Interrog\u00e9s par l&rsquo;AFP en mars 2023<\/a>, des sp\u00e9cialistes pointent effectivement les limites de la fertilisation par le carbone et mettent en avant des recherches plus r\u00e9centes r\u00e9v\u00e9lant un ralentissement du verdissement : si le CO2 peut bien avoir un effet positif sur les plantes, celui-ci est en trompe l&rsquo;oeil et se r\u00e9v\u00e8le \u00eatre bien plus complexe que ne le laissent entendre certains comptes sur les r\u00e9seaux sociaux. Ces derniers ne pr\u00e9cisent en effet pas que cet effet est variable, limit\u00e9 et conditionn\u00e9 \u00e0 certains facteurs.<\/p>\n<p>En f\u00e9vrier 2022, Eckhard George, professeur en physiologie nutritionnelle des cultures \u00e0 l&rsquo; Universit\u00e9 Humboldt de Berlin, et expert en m\u00e9tabolisme des plantes, pointait d\u00e9j\u00e0, <a href=\"https:\/\/faktencheck.afp.com\/doc.afp.com.32HC6BV\" target=\"_blank\" rel=\"noopener\" shape=\"rect\"><em>aupr\u00e8s<\/em> de l&rsquo;AFP<\/a>, les limites du caract\u00e8re positif de l&rsquo;effet fertilisant du CO2.<\/p>\n<p>En outre, comme nous l&rsquo;expliquions <a href=\"https:\/\/factuel.afp.com\/doc.afp.com.32BN72X\" target=\"_blank\" rel=\"noopener\" shape=\"rect\">dans un article de v\u00e9rification de juin 2022<\/a>, sur une publication virale qui soutenait l&rsquo;absence de lien entre les \u00e9missions de CO2 et le r\u00e9chauffement climatique, le CO2 est un gaz dit \u00ab\u00a0naturel\u00a0\u00bb, comme la vapeur d&rsquo;eau, qui existait d\u00e9j\u00e0 dans l&rsquo;atmosph\u00e8re bien avant l&rsquo;apparition de l&rsquo;homme sur la plan\u00e8te.<\/p>\n<p>Ce gaz participe \u00e9galement au fonctionnement de notre organisme :\u00a0<em>\u00ab\u00a0Quand on respire, on inspire de l\u2019oxyg\u00e8ne et on rel\u00e2che du CO2\u00a0\u00bb<\/em>, confirmait le directeur de recherche \u00e0 l\u2019ENS, expert carbone et climat, Pierre Friedlingstein.<\/p>\n<p>Le CO2 n&rsquo;est donc pas dangereux en tant que tel, mais\u00a0<strong>lorsque sa concentration dans l&rsquo;atmosph\u00e8re est \u00e9lev\u00e9e<\/strong>, il contribue au r\u00e9chauffement de la plan\u00e8te au m\u00eame titre que le m\u00e9thane ou le protoxyde d&rsquo;azote qui sont, eux aussi, des gaz \u00e0 effet de serre.<\/p>\n<p>Comme nous le d\u00e9taillions dans <a href=\"https:\/\/factuel.afp.com\/doc.afp.com.33DW3HT\" target=\"_blank\" rel=\"noopener\" shape=\"rect\">un article publi\u00e9 d\u00e9but mai 2023,<\/a> sous l&rsquo;effet de l&rsquo;activit\u00e9 humaine, la quantit\u00e9 de dioxyde de carbone dans l&rsquo;atmosph\u00e8re a <a href=\"https:\/\/climate.nasa.gov\/vital-signs\/carbon-dioxide\/\" target=\"_blank\" rel=\"noopener\" shape=\"rect\">augment\u00e9 d&rsquo;environ 50%<\/a> depuis le d\u00e9but de l&rsquo;\u00e8re industrielle au 18e si\u00e8cle, provoquant dans son sillage une intensification de l&rsquo;effet de serre.<\/p>\n<p>En mai 2022, la barre des 420 parties par million (ppm), unit\u00e9 de mesure utilis\u00e9e pour quantifier la pollution dans l&rsquo;air, a \u00e9t\u00e9 franchie, selon l&rsquo;agence am\u00e9ricaine d&rsquo;observation oc\u00e9anique et atmosph\u00e9rique (<a href=\"https:\/\/gml.noaa.gov\/ccgg\/trends\/\" target=\"_blank\" rel=\"noopener\" shape=\"rect\">NOAA<\/a>) (<a href=\"https:\/\/perma.cc\/WVP8-7E2L\" target=\"_blank\" rel=\"noopener\" shape=\"rect\">archive<\/a>). En mai 2021, ce taux \u00e9tait de 419 ppm, et en 2020, de 417 ppm. La derni\u00e8re mesure prise en mars 2023 fait \u00e9tat de 421 ppm.<\/p>\n<p>Si la quantit\u00e9 de CO2 sur Terre a \u00e9t\u00e9 bien plus importante par le pass\u00e9, comme le rel\u00e8ve Philippe Bobola, \u00ab\u00a0<em>les variations g\u00e9ologiques de CO2 ont eu lieu sur des millions \u00e0 centaines de millions d&rsquo;ann\u00e9es, tandis que la biosph\u00e8re est en train de subir un doublement en deux si\u00e8cles<\/em>\u00ab\u00a0, souligne Gilles Delaygue, tout en rappelant que \u00ab\u00a0<em>la corr\u00e9lation entre temp\u00e9rature moyenne du globe et teneur en CO2 atmosph\u00e9rique observ\u00e9e dans le pass\u00e9 provient de m\u00e9canismes qui jouent sur des \u00e9chelles de milliers \u00e0 millions d&rsquo;ann\u00e9es, pas sur des d\u00e9cennies<\/em>\u00ab\u00a0.<\/p>\n<p>Chlo\u00e9 Mar\u00e9chal, g\u00e9ochimiste, ma\u00eetresse de conf\u00e9rences au Laboratoire de G\u00e9ologie de Lyon, et co-autrice du livre Climats &#8211; Pass\u00e9, pr\u00e9sent, futur (\u00e9d. Belin, avec Marie-Antoinette M\u00e9li\u00e8res) indiquant quant \u00e0 elle \u00e0 l&rsquo;AFP, <a href=\"https:\/\/factuel.afp.com\/doc.afp.com.33777QF\" target=\"_blank\" rel=\"noopener\" shape=\"rect\">en janvier 2023<\/a>, que la probl\u00e9matique du r\u00e9chauffement climatique tient avant tout \u00e0 la rapidit\u00e9 \u00e0 laquelle le niveau de CO2 augmente depuis deux si\u00e8cles : \u00ab\u00a0<em>Par rapport \u00e0 l\u2019\u00e9volution du vivant sur Terre (dont l\u2019homme fait partie), le probl\u00e8me ne se situe donc pas tant dans les valeurs absolues de la teneur en CO2 atmosph\u00e9rique mais dans la vitesse de changement de ces teneurs. Ce n\u2019est pas trop un probl\u00e8me de voler \u00e0 900 km\/h ; c\u2019en est un autre de passer de 0 \u00e0 900 km\/h en quelques secondes !<\/em>\u00a0\u00bb<\/p>\n<div class=\"g2image\">\n<figure><img src=\"https:\/\/belux-edmo.s3-accelerate.amazonaws.com\/wp-content\/uploads\/2023\/05\/079a5c1183d48f42a3ce402a0d02e722eafac55d-ipad.jpg\" \/><figcaption>Des nuages \u00e0 Munich, en Allemagne, le 11 mai 2023. &#8211; CHRISTOF STACHE \/ AFP<\/figcaption><\/figure>\n<\/div>\n<p><b>Les nuages, plut\u00f4t amplificateurs du r\u00e9chauffement climatique<\/b><\/p>\n<p>Enfin, les nuages ont \u00ab\u00a0<em>plut\u00f4t un r\u00f4le d&rsquo;amplification du r\u00e9chauffement climatique<\/em>\u00ab\u00a0, explique Camille Risi : \u00ab\u00a0<em>Les nuages r\u00e9fl\u00e9chissent les rayons du soleil et, donc, font de l\u2019ombre \u00e0 la Terre, c\u2019est un effet refroidissant. Mais les nuages hauts contribuent \u00e0 l\u2019effet de serre, c\u2019est un effet r\u00e9chauffant.\u00a0\u00bb<\/em><\/p>\n<p>La sp\u00e9cialiste pr\u00e9cise toutefois que, bien que le r\u00f4le amplificateur des nuages dans le changement climatique reste un \u00ab\u00a0<em>sujet tr\u00e8s actif de recherche<\/em>\u00ab\u00a0, d\u00e9taill\u00e9 notamment dans <a href=\"https:\/\/www.ipcc.ch\/report\/ar6\/wg1\/chapter\/chapter-7\/\" target=\"_blank\" rel=\"noopener\" shape=\"rect\">le sixi\u00e8me rapport du GIEC<\/a> (<a href=\"https:\/\/archive.ph\/KlpPJ\" target=\"_blank\" rel=\"noopener\" shape=\"rect\">lien archiv\u00e9<\/a>), \u00ab\u00a0<em>cette amplification est toutefois mal quantifi\u00e9e \u00e0 ce jour : le r\u00f4le des nuages est la principale source d\u2018incertitude dans les projections climatiques<\/em>\u00ab\u00a0.<\/p>\n<p>Un constat partag\u00e9 par Patrick Chazette, qui indique : \u00ab\u00a0<em>Ce qui est certain, c&rsquo;est que le contenu en vapeur d&rsquo;eau de l&rsquo;atmosph\u00e8re augmente avec la temp\u00e9rature \u00a0et donc les risques de ph\u00e9nom\u00e8nes extr\u00eames. Il y a une comp\u00e9tition entre le rayonnement solaire r\u00e9fl\u00e9chi par les nuages et le rayonnement infrarouge qui vient de la Terre. Ce dernier est absorb\u00e9 par les nuages pour ensuite \u00eatre \u00e9mis vers la Terre <\/em>[&#8230;]<em>. Si on a des gaz \u00e0 effet de serre entre le nuage et la surface, on va donc avoir une amplification du r\u00e9chauffement.<\/em>\u00a0\u00bb<\/p>\n<p><b>Les rapports du GIEC, une synth\u00e8se de milliers d&rsquo;\u00e9tudes de climatologues<\/b><\/p>\n<p>Enfin, ainsi que le souligne Camille Risi, l&rsquo;argument avanc\u00e9 dans la vid\u00e9o, selon lequel il y aurait \u00ab\u00a0<em>d&rsquo;un c\u00f4t\u00e9 des climatologues \u00ab s\u00e9rieux \u00bb, et de l\u2019autre ceux du GIEC<\/em>\u00a0\u00bb t\u00e9moigne d&rsquo;une \u00ab\u00a0<em>m\u00e9connaissance totale de la communaut\u00e9 scientifique travaillant sur le climat<\/em>\u00a0\u00bb : \u00ab\u00a0<em>Les climatologues ayant contribu\u00e9 aux rapports du GIEC, en tant qu\u2019auteurs\/autrices, ou commentateurs\/commentatrices, sont des milliers dans le monde. Ensuite, parmi les climatologues restant, toutes et tous ont soit contribu\u00e9 \u00e0 des articles qui sont cit\u00e9s par les rapports du GIEC, soit travaill\u00e9 avec des coll\u00e8gues qui sont li\u00e9s au GIEC d\u2019une fa\u00e7on ont d\u2019une autre.<\/em>\u00a0\u00bb<\/p>\n<p>\u00ab\u00a0<em>Les rapports du GIEC n\u2019inventent rien. Ils sont juste la synth\u00e8se de milliers d\u2019\u00e9tudes r\u00e9alis\u00e9es par des milliers de climatologues<\/em>\u00ab\u00a0, pointe la sp\u00e9cialiste.<\/p>\n<p>Comme nous le rappelions <a href=\"https:\/\/factuel.afp.com\/doc.afp.com.32H29QP\" target=\"_blank\" rel=\"noopener\" shape=\"rect\">en ao\u00fbt 2022<\/a>, ce groupe d&rsquo;experts cr\u00e9\u00e9 en 1988 par l&rsquo;Organisation m\u00e9t\u00e9orologique mondiale (OMM) et le Programme des Nations unies pour l&rsquo;environnement (Pnue) r\u00e9unit des milliers de sp\u00e9cialistes des sciences de l&rsquo;atmosph\u00e8re, oc\u00e9anographes, glaciologues, \u00e9conomistes et a <a href=\"https:\/\/www.lemonde.fr\/planete\/article\/2007\/10\/12\/le-nobel-de-la-paix-decerne-conjointement-a-al-gore-et-au-giec_966148_3244.html\" target=\"_blank\" rel=\"noopener\" shape=\"rect\">re\u00e7u le prix Nobel de la Paix en 2007<\/a>.<\/p>\n<p>Le GIEC est divis\u00e9 en trois groupes d&rsquo;experts, nomm\u00e9s par les diff\u00e9rents gouvernements et organisations internationales : le premier \u00e9tudie les preuves scientifiques du r\u00e9chauffement, le deuxi\u00e8me ses impacts et le troisi\u00e8me pr\u00e9sente les solutions envisageables pour l&rsquo;att\u00e9nuer.<\/p>\n<p>Le budget annuel du GIEC est d&rsquo;environ six millions d&rsquo;euros et la base de contributions volontaires des Etats-membres, indique\u00a0<a href=\"https:\/\/www.ecologie.gouv.fr\/comprendre-giec\" target=\"_blank\" rel=\"noopener\" shape=\"rect\">le site<\/a>\u00a0du minist\u00e8re de la Transition \u00e9cologique. La contribution de la France s&rsquo;\u00e9l\u00e8ve \u00e0 un million d&rsquo;euros et est aliment\u00e9e par trois minist\u00e8res : celui de la Transition \u00e9cologique, celui des Affaires \u00e9trang\u00e8res, et celui de la Recherche.<\/p>\n<p>Le site du minist\u00e8re de la Transition \u00e9cologique pr\u00e9cise \u00e9galement que \u00ab\u00a0<em>les groupes de travail sont compos\u00e9s de scientifiques s&rsquo;engageant b\u00e9n\u00e9volement comme experts<\/em>\u00ab\u00a0. Comme\u00a0<a href=\"https:\/\/www.ensae.org\/fr\/variances\/article\/le-giec-et-le-consensus-scientifique\/2715#:~:text=Ils%20ne%20re%C3%A7oivent%20aucune%20r%C3%A9mun%C3%A9ration,de%20%C2%AB%20chercheurs%20du%20GIEC%20%C2%BB.\" target=\"_blank\" rel=\"noopener\" shape=\"rect\">le d\u00e9crit<\/a>\u00a0aussi l&rsquo;\u00c9cole nationale de la statistique et de l&rsquo;administration \u00e9conomique (Ensae), les scientifiques sont \u00ab\u00a0<em>s\u00e9lectionn\u00e9s par le bureau du GIEC sur la base de crit\u00e8res scientifiques \u00e0 partir d&rsquo;une liste propos\u00e9e par les Etats. Ils ne re\u00e7oivent aucune r\u00e9mun\u00e9ration suppl\u00e9mentaire pour ce travail<\/em>\u00ab\u00a0.<\/p>\n<p>Contrairement aux id\u00e9es re\u00e7ues, le GIEC ne produit pas d&rsquo;\u00e9tudes \u00e0 proprement parler. Son r\u00f4le est de\u00a0<strong>se plonger dans les milliers de publications scientifiques consacr\u00e9es au sujet, expertiser les derni\u00e8res connaissances, et pr\u00e9senter une synth\u00e8se \u00e9quilibr\u00e9e aux d\u00e9cideurs<\/strong>.<\/p>\n<p>\u00ab\u00a0<em>Les experts du GIEC se basent uniquement sur des papiers \u00e9valu\u00e9s par des pairs<\/em>\u00ab\u00a0, expliquait le 3 ao\u00fbt \u00e0 l&rsquo;AFP le climatologue Xavier Fettweis : \u00ab\u00a0<em>A chaque rapport, des scientifiques forment des \u00e9quipes charg\u00e9es de diff\u00e9rents chapitres. Ensuite, toute la communaut\u00e9 scientifique est appel\u00e9e \u00e0 examiner ces chapitres et il y a des r\u00e9unions dans chaque pays.<\/em>\u00a0\u00bb<\/p>\n<p>L&rsquo;origine humaine du changement climatique est r\u00e9guli\u00e8rement remise en question sur les r\u00e9seaux sociaux. L&rsquo;AFP a d\u00e9j\u00e0 d\u00e9mystifi\u00e9 des affirmations erron\u00e9es <a href=\"https:\/\/factuel.afp.com\/non-la-nasa-na-pas-admis-que-le-changement-climatique-est-du-aux-modifications-de-lorbite-terrestre\" target=\"_blank\" rel=\"noopener\" shape=\"rect\">pr\u00e9tendant que les modifications de l&rsquo;orbite terrestre <\/a>sont responsables du r\u00e9chauffement climatique ou encore que <a href=\"https:\/\/factuel.afp.com\/doc.afp.com.32BN72X\" target=\"_blank\" rel=\"noopener\" shape=\"rect\">les \u00e9missions de CO2<\/a> ne seraient pas responsables du changement climatique.<\/p>\n","protected":false},"excerpt":{"rendered":"<p>\u00ab\u00a0Le r\u00e9chauffement climatique d\u00e9pend principalement du soleil et de la couverture nuageuse. La temp\u00e9rature fait monter le CO2 (pas l\u2019inverse). Le CO2 fait monter la couverture v\u00e9g\u00e9tale. Le CO2 a d\u00e9j\u00e0 \u00e9t\u00e9 bien plus \u00e9lev\u00e9. On bascule sur une sorte de haine du vivant, la vie, c\u2019est le carbone\u00a0\u00bb, affirme un tweet partag\u00e9 plus de mille fois depuis le 11 mai 2023 et remettant en cause l&rsquo;origine humaine du r\u00e9chauffement climatique.\u00a0<\/p>\n","protected":false},"author":1,"featured_media":264523,"comment_status":"closed","ping_status":"open","sticky":false,"template":"","format":"standard","meta":{"_acf_changed":false,"footnotes":""},"categories":[126,125,135],"tags":[],"class_list":{"0":"post-264548","1":"post","2":"type-post","3":"status-publish","4":"format-standard","5":"has-post-thumbnail","7":"category-environnement","8":"category-fact-check-fr","9":"category-science-fr"},"acf":{"show_metatags":true,"id":"http:\/\/doc.afp.com\/33EU9D2","authors":"Alexis ORSINI \/ AFP France","organization":"AFP","featured_image_copyright":"Lever de soleil \u00e0 Santa Rosa (Philippines), le 31 mars 2023. - TED ALJIBE \/ AFP","text_copyright":"\u00a9 AGENCE FRANCE-PRESSE | 2023 | Tous droits r\u00e9serv\u00e9s. L\u2019acc\u00e8s aux contenus de l'AFP publi\u00e9s sur ce site et, le cas \u00e9ch\u00e9ant, leur utilisation sont soumis aux conditions g\u00e9n\u00e9rales d'utilisation disponibles sur <a href='https:\/\/www.afp.com\/fr\/cgu' target='_blank'>CGU<\/a>. Par cons\u00e9quent, en acc\u00e9dant aux contenus de l\u2019AFP publi\u00e9s sur ce site, et en les utilisant, le cas \u00e9ch\u00e9ant, vous acceptez d'\u00eatre li\u00e9 par les conditions g\u00e9n\u00e9rales d'utilisation susmentionn\u00e9es. L\u2019utilisation de contenus de l'AFP se fait sous votre seule et enti\u00e8re responsabilit\u00e9.","source":"https:\/\/factuel.afp.com\/doc.afp.com.33EU9D2","fact_checker":"https:\/\/belux.wpengine.com\/wp-content\/uploads\/2021\/12\/afp_logo.png","type":"\u00c9v\u00e9nement ferm\u00e9","location":"","start_date":"","start_date_event_begins_at":"","start_date_event_ends_at":"","end_date":"","end_date_event_begins_at":"","end_date_event_ends_at":"","organizer":"","fact_checker_logo_image":false},"yoast_head":"<!-- This site is optimized with the Yoast SEO plugin v27.0 - https:\/\/yoast.com\/product\/yoast-seo-wordpress\/ -->\n<title>Non, le r\u00e9chauffement climatique n&#039;est pas &quot;principalement&quot; d\u00fb au soleil et \u00e0 la couverture nuageuse - EDMO Belux<\/title>\n<meta name=\"robots\" content=\"index, follow, max-snippet:-1, max-image-preview:large, max-video-preview:-1\" \/>\n<link rel=\"canonical\" href=\"https:\/\/belux.edmo.eu\/fr\/non-le-rchauffement-climatique-nest-pas-principalement-d-au-soleil-et-la-couverture-nuageuse\/\" \/>\n<meta property=\"og:locale\" content=\"fr_FR\" \/>\n<meta property=\"og:type\" content=\"article\" \/>\n<meta property=\"og:title\" content=\"Non, le r\u00e9chauffement climatique n&#039;est pas &quot;principalement&quot; d\u00fb au soleil et \u00e0 la couverture nuageuse - EDMO Belux\" \/>\n<meta property=\"og:description\" content=\"&quot;Le r\u00e9chauffement climatique d\u00e9pend principalement du soleil et de la couverture nuageuse. La temp\u00e9rature fait monter le CO2 (pas l\u2019inverse). Le CO2 fait monter la couverture v\u00e9g\u00e9tale. Le CO2 a d\u00e9j\u00e0 \u00e9t\u00e9 bien plus \u00e9lev\u00e9. On bascule sur une sorte de haine du vivant, la vie, c\u2019est le carbone&quot;, affirme un tweet partag\u00e9 plus de mille fois depuis le 11 mai 2023 et remettant en cause l&#039;origine humaine du r\u00e9chauffement climatique.\u00a0\" \/>\n<meta property=\"og:url\" content=\"https:\/\/belux.edmo.eu\/fr\/non-le-rchauffement-climatique-nest-pas-principalement-d-au-soleil-et-la-couverture-nuageuse\/\" \/>\n<meta property=\"og:site_name\" content=\"EDMO Belux\" \/>\n<meta property=\"article:published_time\" content=\"2023-05-22T08:04:20+00:00\" \/>\n<meta property=\"article:modified_time\" content=\"2023-05-22T10:59:16+00:00\" \/>\n<meta property=\"og:image\" content=\"https:\/\/belux-edmo.s3-accelerate.amazonaws.com\/wp-content\/uploads\/2023\/05\/a261da53ee58115bdb9eb2b049d104067f3f0bb3-ipad.jpg\" \/>\n\t<meta property=\"og:image:width\" content=\"1080\" \/>\n\t<meta property=\"og:image:height\" content=\"720\" \/>\n\t<meta property=\"og:image:type\" content=\"image\/jpeg\" \/>\n<meta name=\"author\" content=\"master\" \/>\n<meta name=\"twitter:card\" content=\"summary_large_image\" \/>\n<meta name=\"twitter:creator\" content=\"@Edmo_Belux\" \/>\n<meta name=\"twitter:site\" content=\"@Edmo_Belux\" \/>\n<meta name=\"twitter:label1\" content=\"\u00c9crit par\" \/>\n\t<meta name=\"twitter:data1\" content=\"master\" \/>\n\t<meta name=\"twitter:label2\" content=\"Dur\u00e9e de lecture estim\u00e9e\" \/>\n\t<meta name=\"twitter:data2\" content=\"17 minutes\" \/>\n<script type=\"application\/ld+json\" class=\"yoast-schema-graph\">{\"@context\":\"https:\/\/schema.org\",\"@graph\":[{\"@type\":\"Article\",\"@id\":\"https:\/\/belux.edmo.eu\/fr\/non-le-rchauffement-climatique-nest-pas-principalement-d-au-soleil-et-la-couverture-nuageuse\/#article\",\"isPartOf\":{\"@id\":\"https:\/\/belux.edmo.eu\/fr\/non-le-rchauffement-climatique-nest-pas-principalement-d-au-soleil-et-la-couverture-nuageuse\/\"},\"author\":{\"name\":\"master\",\"@id\":\"https:\/\/belux.edmo.eu\/#\/schema\/person\/dbe3b252258537fd318f9b5645a30342\"},\"headline\":\"Non, le r\u00e9chauffement climatique n&rsquo;est pas \u00ab\u00a0principalement\u00a0\u00bb d\u00fb au soleil et \u00e0 la couverture nuageuse\",\"datePublished\":\"2023-05-22T08:04:20+00:00\",\"dateModified\":\"2023-05-22T10:59:16+00:00\",\"mainEntityOfPage\":{\"@id\":\"https:\/\/belux.edmo.eu\/fr\/non-le-rchauffement-climatique-nest-pas-principalement-d-au-soleil-et-la-couverture-nuageuse\/\"},\"wordCount\":3608,\"publisher\":{\"@id\":\"https:\/\/belux.edmo.eu\/#organization\"},\"image\":{\"@id\":\"https:\/\/belux.edmo.eu\/fr\/non-le-rchauffement-climatique-nest-pas-principalement-d-au-soleil-et-la-couverture-nuageuse\/#primaryimage\"},\"thumbnailUrl\":\"https:\/\/belux-edmo.s3-accelerate.amazonaws.com\/wp-content\/uploads\/2023\/05\/a261da53ee58115bdb9eb2b049d104067f3f0bb3-ipad.jpg\",\"articleSection\":[\"Environnement\",\"Fact-Check\",\"Science\"],\"inLanguage\":\"fr-FR\"},{\"@type\":\"WebPage\",\"@id\":\"https:\/\/belux.edmo.eu\/fr\/non-le-rchauffement-climatique-nest-pas-principalement-d-au-soleil-et-la-couverture-nuageuse\/\",\"url\":\"https:\/\/belux.edmo.eu\/fr\/non-le-rchauffement-climatique-nest-pas-principalement-d-au-soleil-et-la-couverture-nuageuse\/\",\"name\":\"Non, le r\u00e9chauffement climatique n'est pas \\\"principalement\\\" d\u00fb au soleil et \u00e0 la couverture nuageuse - EDMO Belux\",\"isPartOf\":{\"@id\":\"https:\/\/belux.edmo.eu\/#website\"},\"primaryImageOfPage\":{\"@id\":\"https:\/\/belux.edmo.eu\/fr\/non-le-rchauffement-climatique-nest-pas-principalement-d-au-soleil-et-la-couverture-nuageuse\/#primaryimage\"},\"image\":{\"@id\":\"https:\/\/belux.edmo.eu\/fr\/non-le-rchauffement-climatique-nest-pas-principalement-d-au-soleil-et-la-couverture-nuageuse\/#primaryimage\"},\"thumbnailUrl\":\"https:\/\/belux-edmo.s3-accelerate.amazonaws.com\/wp-content\/uploads\/2023\/05\/a261da53ee58115bdb9eb2b049d104067f3f0bb3-ipad.jpg\",\"datePublished\":\"2023-05-22T08:04:20+00:00\",\"dateModified\":\"2023-05-22T10:59:16+00:00\",\"breadcrumb\":{\"@id\":\"https:\/\/belux.edmo.eu\/fr\/non-le-rchauffement-climatique-nest-pas-principalement-d-au-soleil-et-la-couverture-nuageuse\/#breadcrumb\"},\"inLanguage\":\"fr-FR\",\"potentialAction\":[{\"@type\":\"ReadAction\",\"target\":[\"https:\/\/belux.edmo.eu\/fr\/non-le-rchauffement-climatique-nest-pas-principalement-d-au-soleil-et-la-couverture-nuageuse\/\"]}]},{\"@type\":\"ImageObject\",\"inLanguage\":\"fr-FR\",\"@id\":\"https:\/\/belux.edmo.eu\/fr\/non-le-rchauffement-climatique-nest-pas-principalement-d-au-soleil-et-la-couverture-nuageuse\/#primaryimage\",\"url\":\"https:\/\/belux-edmo.s3-accelerate.amazonaws.com\/wp-content\/uploads\/2023\/05\/a261da53ee58115bdb9eb2b049d104067f3f0bb3-ipad.jpg\",\"contentUrl\":\"https:\/\/belux-edmo.s3-accelerate.amazonaws.com\/wp-content\/uploads\/2023\/05\/a261da53ee58115bdb9eb2b049d104067f3f0bb3-ipad.jpg\",\"width\":1080,\"height\":720,\"caption\":\"Non, le r\u00e9chauffement climatique n'est pas \\\"principalement\\\" d\u00fb au soleil et \u00e0 la couverture nuageuse - Featured image\"},{\"@type\":\"BreadcrumbList\",\"@id\":\"https:\/\/belux.edmo.eu\/fr\/non-le-rchauffement-climatique-nest-pas-principalement-d-au-soleil-et-la-couverture-nuageuse\/#breadcrumb\",\"itemListElement\":[{\"@type\":\"ListItem\",\"position\":1,\"name\":\"Home\",\"item\":\"https:\/\/belux.edmo.eu\/fr\/\"},{\"@type\":\"ListItem\",\"position\":2,\"name\":\"Non, le r\u00e9chauffement climatique n&#8217;est pas &#8220;principalement&#8221; d\u00fb au soleil et \u00e0 la couverture nuageuse\"}]},{\"@type\":\"WebSite\",\"@id\":\"https:\/\/belux.edmo.eu\/#website\",\"url\":\"https:\/\/belux.edmo.eu\/\",\"name\":\"EDMO Belux\",\"description\":\"Monitoring Disinformation in Belgium and Luxembourg\",\"publisher\":{\"@id\":\"https:\/\/belux.edmo.eu\/#organization\"},\"potentialAction\":[{\"@type\":\"SearchAction\",\"target\":{\"@type\":\"EntryPoint\",\"urlTemplate\":\"https:\/\/belux.edmo.eu\/?s={search_term_string}\"},\"query-input\":{\"@type\":\"PropertyValueSpecification\",\"valueRequired\":true,\"valueName\":\"search_term_string\"}}],\"inLanguage\":\"fr-FR\"},{\"@type\":\"Organization\",\"@id\":\"https:\/\/belux.edmo.eu\/#organization\",\"name\":\"EDMO Belux\",\"url\":\"https:\/\/belux.edmo.eu\/\",\"logo\":{\"@type\":\"ImageObject\",\"inLanguage\":\"fr-FR\",\"@id\":\"https:\/\/belux.edmo.eu\/#\/schema\/logo\/image\/\",\"url\":\"https:\/\/belux.edmo.eu\/wp-content\/uploads\/2021\/12\/belux-logo-full-color-rgb.svg\",\"contentUrl\":\"https:\/\/belux.edmo.eu\/wp-content\/uploads\/2021\/12\/belux-logo-full-color-rgb.svg\",\"width\":1,\"height\":1,\"caption\":\"EDMO Belux\"},\"image\":{\"@id\":\"https:\/\/belux.edmo.eu\/#\/schema\/logo\/image\/\"},\"sameAs\":[\"https:\/\/x.com\/Edmo_Belux\"]},{\"@type\":\"Person\",\"@id\":\"https:\/\/belux.edmo.eu\/#\/schema\/person\/dbe3b252258537fd318f9b5645a30342\",\"name\":\"master\",\"sameAs\":[\"https:\/\/belux.wpengine.com\"],\"url\":\"https:\/\/belux.edmo.eu\/fr\/author\/master\/\"}]}<\/script>\n<!-- \/ Yoast SEO plugin. -->","yoast_head_json":{"title":"Non, le r\u00e9chauffement climatique n'est pas \"principalement\" d\u00fb au soleil et \u00e0 la couverture nuageuse - EDMO Belux","robots":{"index":"index","follow":"follow","max-snippet":"max-snippet:-1","max-image-preview":"max-image-preview:large","max-video-preview":"max-video-preview:-1"},"canonical":"https:\/\/belux.edmo.eu\/fr\/non-le-rchauffement-climatique-nest-pas-principalement-d-au-soleil-et-la-couverture-nuageuse\/","og_locale":"fr_FR","og_type":"article","og_title":"Non, le r\u00e9chauffement climatique n'est pas \"principalement\" d\u00fb au soleil et \u00e0 la couverture nuageuse - EDMO Belux","og_description":"\"Le r\u00e9chauffement climatique d\u00e9pend principalement du soleil et de la couverture nuageuse. La temp\u00e9rature fait monter le CO2 (pas l\u2019inverse). Le CO2 fait monter la couverture v\u00e9g\u00e9tale. Le CO2 a d\u00e9j\u00e0 \u00e9t\u00e9 bien plus \u00e9lev\u00e9. On bascule sur une sorte de haine du vivant, la vie, c\u2019est le carbone\", affirme un tweet partag\u00e9 plus de mille fois depuis le 11 mai 2023 et remettant en cause l'origine humaine du r\u00e9chauffement climatique.\u00a0","og_url":"https:\/\/belux.edmo.eu\/fr\/non-le-rchauffement-climatique-nest-pas-principalement-d-au-soleil-et-la-couverture-nuageuse\/","og_site_name":"EDMO Belux","article_published_time":"2023-05-22T08:04:20+00:00","article_modified_time":"2023-05-22T10:59:16+00:00","og_image":[{"width":1080,"height":720,"url":"https:\/\/belux-edmo.s3-accelerate.amazonaws.com\/wp-content\/uploads\/2023\/05\/a261da53ee58115bdb9eb2b049d104067f3f0bb3-ipad.jpg","type":"image\/jpeg"}],"author":"master","twitter_card":"summary_large_image","twitter_creator":"@Edmo_Belux","twitter_site":"@Edmo_Belux","twitter_misc":{"\u00c9crit par":"master","Dur\u00e9e de lecture estim\u00e9e":"17 minutes"},"schema":{"@context":"https:\/\/schema.org","@graph":[{"@type":"Article","@id":"https:\/\/belux.edmo.eu\/fr\/non-le-rchauffement-climatique-nest-pas-principalement-d-au-soleil-et-la-couverture-nuageuse\/#article","isPartOf":{"@id":"https:\/\/belux.edmo.eu\/fr\/non-le-rchauffement-climatique-nest-pas-principalement-d-au-soleil-et-la-couverture-nuageuse\/"},"author":{"name":"master","@id":"https:\/\/belux.edmo.eu\/#\/schema\/person\/dbe3b252258537fd318f9b5645a30342"},"headline":"Non, le r\u00e9chauffement climatique n&rsquo;est pas \u00ab\u00a0principalement\u00a0\u00bb d\u00fb au soleil et \u00e0 la couverture nuageuse","datePublished":"2023-05-22T08:04:20+00:00","dateModified":"2023-05-22T10:59:16+00:00","mainEntityOfPage":{"@id":"https:\/\/belux.edmo.eu\/fr\/non-le-rchauffement-climatique-nest-pas-principalement-d-au-soleil-et-la-couverture-nuageuse\/"},"wordCount":3608,"publisher":{"@id":"https:\/\/belux.edmo.eu\/#organization"},"image":{"@id":"https:\/\/belux.edmo.eu\/fr\/non-le-rchauffement-climatique-nest-pas-principalement-d-au-soleil-et-la-couverture-nuageuse\/#primaryimage"},"thumbnailUrl":"https:\/\/belux-edmo.s3-accelerate.amazonaws.com\/wp-content\/uploads\/2023\/05\/a261da53ee58115bdb9eb2b049d104067f3f0bb3-ipad.jpg","articleSection":["Environnement","Fact-Check","Science"],"inLanguage":"fr-FR"},{"@type":"WebPage","@id":"https:\/\/belux.edmo.eu\/fr\/non-le-rchauffement-climatique-nest-pas-principalement-d-au-soleil-et-la-couverture-nuageuse\/","url":"https:\/\/belux.edmo.eu\/fr\/non-le-rchauffement-climatique-nest-pas-principalement-d-au-soleil-et-la-couverture-nuageuse\/","name":"Non, le r\u00e9chauffement climatique n'est pas \"principalement\" d\u00fb au soleil et \u00e0 la couverture nuageuse - EDMO Belux","isPartOf":{"@id":"https:\/\/belux.edmo.eu\/#website"},"primaryImageOfPage":{"@id":"https:\/\/belux.edmo.eu\/fr\/non-le-rchauffement-climatique-nest-pas-principalement-d-au-soleil-et-la-couverture-nuageuse\/#primaryimage"},"image":{"@id":"https:\/\/belux.edmo.eu\/fr\/non-le-rchauffement-climatique-nest-pas-principalement-d-au-soleil-et-la-couverture-nuageuse\/#primaryimage"},"thumbnailUrl":"https:\/\/belux-edmo.s3-accelerate.amazonaws.com\/wp-content\/uploads\/2023\/05\/a261da53ee58115bdb9eb2b049d104067f3f0bb3-ipad.jpg","datePublished":"2023-05-22T08:04:20+00:00","dateModified":"2023-05-22T10:59:16+00:00","breadcrumb":{"@id":"https:\/\/belux.edmo.eu\/fr\/non-le-rchauffement-climatique-nest-pas-principalement-d-au-soleil-et-la-couverture-nuageuse\/#breadcrumb"},"inLanguage":"fr-FR","potentialAction":[{"@type":"ReadAction","target":["https:\/\/belux.edmo.eu\/fr\/non-le-rchauffement-climatique-nest-pas-principalement-d-au-soleil-et-la-couverture-nuageuse\/"]}]},{"@type":"ImageObject","inLanguage":"fr-FR","@id":"https:\/\/belux.edmo.eu\/fr\/non-le-rchauffement-climatique-nest-pas-principalement-d-au-soleil-et-la-couverture-nuageuse\/#primaryimage","url":"https:\/\/belux-edmo.s3-accelerate.amazonaws.com\/wp-content\/uploads\/2023\/05\/a261da53ee58115bdb9eb2b049d104067f3f0bb3-ipad.jpg","contentUrl":"https:\/\/belux-edmo.s3-accelerate.amazonaws.com\/wp-content\/uploads\/2023\/05\/a261da53ee58115bdb9eb2b049d104067f3f0bb3-ipad.jpg","width":1080,"height":720,"caption":"Non, le r\u00e9chauffement climatique n'est pas \"principalement\" d\u00fb au soleil et \u00e0 la couverture nuageuse - Featured image"},{"@type":"BreadcrumbList","@id":"https:\/\/belux.edmo.eu\/fr\/non-le-rchauffement-climatique-nest-pas-principalement-d-au-soleil-et-la-couverture-nuageuse\/#breadcrumb","itemListElement":[{"@type":"ListItem","position":1,"name":"Home","item":"https:\/\/belux.edmo.eu\/fr\/"},{"@type":"ListItem","position":2,"name":"Non, le r\u00e9chauffement climatique n&#8217;est pas &#8220;principalement&#8221; d\u00fb au soleil et \u00e0 la couverture nuageuse"}]},{"@type":"WebSite","@id":"https:\/\/belux.edmo.eu\/#website","url":"https:\/\/belux.edmo.eu\/","name":"EDMO Belux","description":"Monitoring Disinformation in Belgium and Luxembourg","publisher":{"@id":"https:\/\/belux.edmo.eu\/#organization"},"potentialAction":[{"@type":"SearchAction","target":{"@type":"EntryPoint","urlTemplate":"https:\/\/belux.edmo.eu\/?s={search_term_string}"},"query-input":{"@type":"PropertyValueSpecification","valueRequired":true,"valueName":"search_term_string"}}],"inLanguage":"fr-FR"},{"@type":"Organization","@id":"https:\/\/belux.edmo.eu\/#organization","name":"EDMO Belux","url":"https:\/\/belux.edmo.eu\/","logo":{"@type":"ImageObject","inLanguage":"fr-FR","@id":"https:\/\/belux.edmo.eu\/#\/schema\/logo\/image\/","url":"https:\/\/belux.edmo.eu\/wp-content\/uploads\/2021\/12\/belux-logo-full-color-rgb.svg","contentUrl":"https:\/\/belux.edmo.eu\/wp-content\/uploads\/2021\/12\/belux-logo-full-color-rgb.svg","width":1,"height":1,"caption":"EDMO Belux"},"image":{"@id":"https:\/\/belux.edmo.eu\/#\/schema\/logo\/image\/"},"sameAs":["https:\/\/x.com\/Edmo_Belux"]},{"@type":"Person","@id":"https:\/\/belux.edmo.eu\/#\/schema\/person\/dbe3b252258537fd318f9b5645a30342","name":"master","sameAs":["https:\/\/belux.wpengine.com"],"url":"https:\/\/belux.edmo.eu\/fr\/author\/master\/"}]}},"menu_order":0,"_links":{"self":[{"href":"https:\/\/belux.edmo.eu\/fr\/wp-json\/wp\/v2\/posts\/264548","targetHints":{"allow":["GET"]}}],"collection":[{"href":"https:\/\/belux.edmo.eu\/fr\/wp-json\/wp\/v2\/posts"}],"about":[{"href":"https:\/\/belux.edmo.eu\/fr\/wp-json\/wp\/v2\/types\/post"}],"author":[{"embeddable":true,"href":"https:\/\/belux.edmo.eu\/fr\/wp-json\/wp\/v2\/users\/1"}],"replies":[{"embeddable":true,"href":"https:\/\/belux.edmo.eu\/fr\/wp-json\/wp\/v2\/comments?post=264548"}],"version-history":[{"count":0,"href":"https:\/\/belux.edmo.eu\/fr\/wp-json\/wp\/v2\/posts\/264548\/revisions"}],"wp:featuredmedia":[{"embeddable":true,"href":"https:\/\/belux.edmo.eu\/fr\/wp-json\/wp\/v2\/media\/264523"}],"wp:attachment":[{"href":"https:\/\/belux.edmo.eu\/fr\/wp-json\/wp\/v2\/media?parent=264548"}],"wp:term":[{"taxonomy":"category","embeddable":true,"href":"https:\/\/belux.edmo.eu\/fr\/wp-json\/wp\/v2\/categories?post=264548"},{"taxonomy":"post_tag","embeddable":true,"href":"https:\/\/belux.edmo.eu\/fr\/wp-json\/wp\/v2\/tags?post=264548"}],"curies":[{"name":"wp","href":"https:\/\/api.w.org\/{rel}","templated":true}]}}