{"id":264880,"date":"2023-05-17T11:22:43","date_gmt":"2023-05-17T11:22:43","guid":{"rendered":"https:\/\/belux.edmo.eu\/?p=264880"},"modified":"2023-05-17T13:31:37","modified_gmt":"2023-05-17T13:31:37","slug":"cette-vido-ne-montre-par-un-incendie-dglise-en-ukraine-en-2023-elle-a-t-filme-en-2013-en-russie","status":"publish","type":"post","link":"https:\/\/belux.edmo.eu\/fr\/cette-vido-ne-montre-par-un-incendie-dglise-en-ukraine-en-2023-elle-a-t-filme-en-2013-en-russie\/","title":{"rendered":"Cette vid\u00e9o ne montre par un incendie d&rsquo;\u00e9glise en Ukraine en 2023 : elle a \u00e9t\u00e9 film\u00e9e en 2013 en Russie"},"content":{"rendered":"<p><b>Cette vid\u00e9o d&rsquo;une \u00e9glise en feu n&rsquo;a pas \u00e9t\u00e9 tourn\u00e9e en Ukraine en 2023, mais en Russie en 2013. Pourtant, depuis d\u00e9but avril, plusieurs publications en diff\u00e9rentes langues affirment que ces images ont \u00e9t\u00e9 film\u00e9es dans le village ukrainien de Novopoltavka au cours de cette ann\u00e9e et que l&rsquo;\u00e9glise avait \u00e9t\u00e9 incendi\u00e9e car elle appartenait au Patriarcat de Moscou. En r\u00e9alit\u00e9, cette sc\u00e8ne, qui date de 2013, a \u00e9t\u00e9 film\u00e9e dans la r\u00e9gion d&rsquo;Astrakhan en Russie, pr\u00e8s de la fronti\u00e8re avec le Kazakhstan. La vid\u00e9o circule dans un contexte de tension entre les autorit\u00e9s ukrainiennes et l&rsquo;\u00e9glise orthodoxe ukrainienne li\u00e9e au Patriarcat de Moscou.\u00a0<\/b><\/p>\n<p>\u00ab\u00a0<em>Dans le village de Novopoltavka, des partisans radicaux de l&rsquo;\u00c9glise ukrainienne ont incendi\u00e9 l&rsquo;\u00e9glise du Patriarcat de Moscou<\/em>\u00ab\u00a0, accuse un <a href=\"https:\/\/archive.is\/0g4xF\" target=\"_blank\" rel=\"noopener\" shape=\"rect\">tweet<\/a> publi\u00e9 sur Twitter le 5 avril 2023, et partag\u00e9 plus de 350 fois.<\/p>\n<p>Le post, qui relaye la vid\u00e9o d&rsquo;une \u00e9glise en bois au clocher enflamm\u00e9, pr\u00e9tend que l&rsquo;incendie est li\u00e9 aux tensions entre l&rsquo;Ukraine et l&rsquo;\u00e9glise orthodoxe ukrainienne li\u00e9e au Patriarcat de Moscou. Le tweet affirme notamment qu&rsquo;un leader d&rsquo;extr\u00eame-droite, Dmitry Korchinsky, aurait \u00ab\u00a0<em>appel\u00e9 \u00e0 l&rsquo;incendie des \u00e9glises si le russe y \u00e9tait entendu<\/em>\u00ab\u00a0.<\/p>\n<div class=\"g2image\">\n<figure><img src=\"https:\/\/belux-edmo.s3-accelerate.amazonaws.com\/wp-content\/uploads\/2023\/05\/2ce9ffa61af06088cd51e4e02fbd43146d0b3b7f-ipad.jpg\" \/><figcaption>Tweet qui pr\u00e9tend que la vid\u00e9o a \u00e9t\u00e9 tourn\u00e9e en Ukraine en 2023 (capture d&rsquo;\u00e9cran du 16 mai 2023)<\/figcaption><\/figure>\n<\/div>\n<p>Un argument aussi repris en plusieurs langues (en <a href=\"https:\/\/archive.is\/67ybS\" target=\"_blank\" rel=\"noopener\" shape=\"rect\">anglais<\/a> comme en <a href=\"https:\/\/archive.is\/LesOR\" target=\"_blank\" rel=\"noopener\" shape=\"rect\">grec<\/a> ou en <a href=\"https:\/\/archive.md\/T5gU5\" target=\"_blank\" rel=\"noopener\" shape=\"rect\">polonais<\/a>) par d&rsquo;autres publications partag\u00e9es plusieurs centaines de fois sur Twitter et Facebook. \u00ab\u00a0<em>L&rsquo;Occident silencieux alors que l&rsquo;Ukraine m\u00e8ne une pers\u00e9cution religieuse totale<\/em>\u00ab\u00a0, d\u00e9nonce par exemple un <a href=\"https:\/\/archive.is\/iZmXo\" target=\"_blank\" rel=\"noopener\" shape=\"rect\">tweet<\/a> en espagnol publi\u00e9 le m\u00eame jour.<\/p>\n<p><b>Un incendie en Russie, pas en Ukraine<\/b><\/p>\n<p>En r\u00e9alit\u00e9, cet incendie ne s&rsquo;est pas produit dans le village de Novopoltavka en 2023 en pleine guerre russo-ukrainienne, mais en Russie en 2013.<\/p>\n<p>A partir d&rsquo;une recherche invers\u00e9e de captures d&rsquo;\u00e9cran de la vid\u00e9o via le moteur de recherche Yandex, il est possible de retrouver l&rsquo;origine de cette s\u00e9quence.<\/p>\n<p>Les r\u00e9sultats conduisent \u00e0 <a href=\"https:\/\/twitter.com\/fusesswho\/status\/1644593791184125953\" target=\"_blank\" rel=\"noopener\" shape=\"rect\">un fil de discussion sur Twitter<\/a>, dans lequel un utilisateur partage la <a href=\"https:\/\/archive.is\/FZ0lZ#selection-2766.0-2813.10\" target=\"_blank\" rel=\"noopener\" shape=\"rect\">capture d&rsquo;\u00e9cran<\/a> d&rsquo;une vid\u00e9o t\u00e9l\u00e9charg\u00e9e sur YouTube intitul\u00e9e : \u00a0\u00bb <em>L&rsquo;\u00e9glise orthodoxe en feu \u00e0 Ilinka 4.<\/em> \u00a0\u00bb Une recherche YouTube renvoie \u00e0 la vid\u00e9o originale, t\u00e9l\u00e9charg\u00e9e le 23 janvier 2013 sur la plateforme, par une utilisatrice du nom d&rsquo;Elena Kurganova.<\/p>\n<p>Au total, ce compte a post\u00e9 neuf vid\u00e9os d&rsquo;une \u00e9glise en feu les 23 et 24 janvier 2013. Dans la vid\u00e9o 4, on distingue les diff\u00e9rents \u00e9l\u00e9ments de la vid\u00e9o partag\u00e9e, des cloches dispos\u00e9es devant l&rsquo;\u00e9glise aux silhouettes qui observent l&rsquo;\u00e9difice en feu en passant par les flammes du clocher. (voir ci-dessous)<\/p>\n<div class=\"g2image\">\n<figure><img src=\"https:\/\/belux-edmo.s3-accelerate.amazonaws.com\/wp-content\/uploads\/2023\/05\/f366fac02821c5f572a602414e44215abe0e8615-ipad.jpg\" \/><figcaption>La vid\u00e9o originelle publi\u00e9e le 23 janvier 2013 sur Youtube (capture d&rsquo;\u00e9cran du 17 mai 2023) &#8211; Nathan GALLO<\/figcaption><\/figure>\n<\/div>\n<p>Toutes ces vid\u00e9os indiquent que l&rsquo;incendie s&rsquo;est d\u00e9roul\u00e9 \u00e0 \u00ab\u00a0Ilinka\u00a0\u00bb, <a href=\"https:\/\/www.google.com\/maps\/place\/Il'inka,+%CE%91%CF%83%CF%84%CF%81%CE%B1%CE%BA%CE%AC%CE%BD%CF%83%CE%BA%CE%B1%CE%B3%CE%B9%CE%B1+%CE%BF%CE%BC%CF%80%CE%BB%CE%AC%CF%83%CF%84,+%CE%A1%CF%89%CF%83%CE%AF%CE%B1\/@46.3616926,48.6429869,14.25z\/data=!4m6!3m5!1s0x41a8dd74fb218c8f:0x91069729cee6118a!8m2!3d46.365624!4d48.6312006!16s%2Fg%2F11dzdv887k\" target=\"_blank\" rel=\"noopener\" shape=\"rect\">petite ville<\/a> de la r\u00e9gion russe d&rsquo;Astrakhan, \u00e0 la fronti\u00e8re avec le Kazakhstan. A partir des diff\u00e9rents \u00e9l\u00e9ments observ\u00e9s sur les vid\u00e9os, l&rsquo;AFP a retrouv\u00e9 sur Google Maps que l&rsquo;\u00e9difice en flammes \u00e9tait l&rsquo;\u00e9glise <a href=\"https:\/\/www.google.com\/maps\/place\/Church+of+the+Kazan+Mother+of+God\/@46.3638576,48.6381563,15.5z\/data=!4m15!1m8!3m7!1s0x41a8dd74fb218c8f:0x91069729cee6118a!2zSWwnaW5rYSwgzpHPg8-Ez4HOsc66zqzOvc-DzrrOsc6zzrnOsSDOv868z4DOu86sz4PPhCwgzqHPic-Dzq_OsQ!3b1!8m2!3d46.365624!4d48.6312006!16s%2Fg%2F11dzdv887k!3m5!1s0x41a8dd74a9d4a2b7:0xa08ebfd81d0c24bb!8m2!3d46.3651298!4d48.6355511!16s%2Fg%2F11bxg9nn1k\" target=\"_blank\" rel=\"noopener\" shape=\"rect\">Notre-Dame de Kazan<\/a>. Une information confirm\u00e9e par la lecture de plusieurs articles publi\u00e9s sur le sujet \u00e0 l&rsquo;\u00e9poque des faits, le 22 janvier 2013.<\/p>\n<p>L&rsquo;un des\u00a0<a href=\"https:\/\/punkt-a.info\/news\/novosti-kratko\/otkryt-schet-dlya-sbora-sredstv-na-vosstanovlenie-sgorevshego-v-ilinke-khrama\" target=\"_blank\" rel=\"noopener\" shape=\"rect\">articles<\/a> comprend notamment une image de l&rsquo;\u00e9glise avant l&rsquo;incendie, ce qui a permis d&rsquo;identifier les similitudes avec celle montr\u00e9e dans la vid\u00e9o. D&rsquo;autres photos plus anciennes indiquent montrent aussi une architecture similaire (comme <a href=\"https:\/\/web.archive.org\/web\/2\/https:\/\/commons.m.wikimedia.org\/wiki\/File:%D0%A6%D0%B5%D1%80%D0%BA%D0%BE%D0%B2%D1%8C_%D0%B2_%D1%87%D0%B5%D1%81%D1%82%D1%8C_%D0%9A%D0%B0%D0%B7%D0%B0%D0%BD%D1%81%D0%BA%D0%BE%D0%B9_%D0%B8%D0%BA%D0%BE%D0%BD%D1%8B_%D0%91%D0%BE%D0%B6%D0%B8%D0%B5%D0%B9_%D0%9C%D0%B0%D1%82%D0%B5%D1%80%D0%B8_%D0%B2_%D1%81%D0%B5%D0%BB%D0%B5_%D0%98%D0%BB%D1%8C%D0%B8%D0%BD%D0%BA%D0%B0_%D0%92%D0%BE%D0%BB%D0%BE%D0%B4%D0%B0%D1%80%D0%BE%D0%B2%D1%81%D0%BA%D0%BE%D0%B3%D0%BE_%D1%80%D0%B0%D0%B9%D0%BE%D0%BD%D0%B0.jpg\" target=\"_blank\" rel=\"noopener\" shape=\"rect\">ici<\/a> ou <a href=\"https:\/\/perma.cc\/9WWN-W59A\" target=\"_blank\" rel=\"noopener\" shape=\"rect\">ici<\/a>)<\/p>\n<div class=\"g2image\">\n<figure><img src=\"https:\/\/belux-edmo.s3-accelerate.amazonaws.com\/wp-content\/uploads\/2023\/05\/5dc16087eee1bdb161f069a450c9b3b0a079dd35-ipad.jpg\" \/><figcaption>Comparaison entre une image de l&rsquo;\u00e9glise d&rsquo;Ilinka en Russie avant l&rsquo;incendie (\u00e0 gauche) et une capture d&rsquo;\u00e9cran d&rsquo;une des vid\u00e9os de l&rsquo;\u00e9glise en feu d&rsquo;Ilinka (capture r\u00e9alis\u00e9e le 12 mai 2023)<\/figcaption><\/figure>\n<\/div>\n<p><a href=\"https:\/\/bestpeople.name\/geroi\/galereya-slavy\/mindiev-batyrshin-gafurovich\/\" target=\"_blank\" rel=\"noopener\" shape=\"rect\">Batyrshin Mindiev<\/a> , le chef de l&rsquo;administration de Volodarski, un district tr\u00e8s proche d&rsquo;Ilinka dans la r\u00e9gion d&rsquo;Astrakhan, avait d\u00e9clar\u00e9 \u00e0 l&rsquo;\u00e9poque que l&rsquo;incendie avait tr\u00e8s probablement \u00e9t\u00e9 caus\u00e9 par une bougie ou par un court-circuit dans le syst\u00e8me \u00e9lectrique, dans un <a href=\"https:\/\/www.volgograd.kp.ru\/online\/news\/1348414\/\" target=\"_blank\" rel=\"noopener\" shape=\"rect\">article<\/a> publi\u00e9 le 23 janvier 2013.<\/p>\n<p>Par ailleurs, l&rsquo;AFP a recherch\u00e9 sur Google Maps les \u00e9glises orthodoxes de la ville ukrainienne de Novopoltavka et\u00a0<a href=\"https:\/\/www.google.com\/maps\/place\/Khram+Svyatoyi+Rivnoapostol%CA%B9noyi+Myronosytsi+Mariyi+Mahdalyny\/@47.547413,32.5026185,14.75z\/data=!4m15!1m8!3m7!1s0x40c517cc78f11009:0xe30b23b0d3c4ecb1!2zTm92b3BvbHRhdmthLCBNeWtvbGHDr3ZzJ2thLCDOn8-FzrrPgc6xzr3Or86xLCA1NTY0Mg!3b1!8m2!3d47.5476079!4d32.4986092!16s%2Fm%2F0wyngdb!3m5!1s0x40c5171fe8137903:0xaa42cfa25c7aacf8!8m2!3d47.5468401!4d32.5037196!16s%2Fg%2F11n__7fxqg\" target=\"_blank\" rel=\"noopener\" shape=\"rect\">n&rsquo;en a trouv\u00e9 qu&rsquo;une<\/a> : les images disponibles montrent un \u00e9difice religieux en brique avec un clocher diff\u00e9rent de celui visible dans la vid\u00e9o.<\/p>\n<div class=\"g2image\">\n<figure><img src=\"https:\/\/belux-edmo.s3-accelerate.amazonaws.com\/wp-content\/uploads\/2023\/05\/7348e92d9b5e2937e943069d73a8d9e2f7cb4cb3-ipad.jpg\" \/><\/figure>\n<\/div>\n<p><b>L&rsquo;orthodoxie russe pers\u00e9cut\u00e9e en Ukraine ?<\/b><\/p>\n<p>La plupart des publications qui diffusent la vid\u00e9o pr\u00e9tendent d\u00e8s lors \u00e0 tort que le b\u00e2timent en flammes appartenait \u00e0 l&rsquo;\u00c9glise orthodoxe ukrainienne du Patriarcat de Moscou, au coeur de nombreuses tensions depuis l&rsquo;invasion russe en Ukraine en f\u00e9vrier 2022.<\/p>\n<p>L&rsquo;orthodoxie est la branche dominante du christianisme en Ukraine.\u00a0Selon\u00a0<a href=\"https:\/\/ratinggroup.ua\/en\/research\/ukraine\/religioznye_predpochteniya_naseleniya_ukrainy.html\" target=\"_blank\" rel=\"noopener\" shape=\"rect\">les donn\u00e9es<\/a> du centre de recherche Rating en 2015 (lien archiv\u00e9 <a href=\"https:\/\/web.archive.org\/web\/2\/https:\/\/ratinggroup.ua\/en\/research\/ukraine\/religioznye_predpochteniya_naseleniya_ukrainy.html\" target=\"_blank\" rel=\"noopener\" shape=\"rect\">ici<\/a>), 74% des Ukrainiens s&rsquo;identifient comme orthodoxes. Il existe deux \u00e9glises orthodoxes principales en Ukraine : d&rsquo;une part, l&rsquo;\u00c9glise orthodoxe ukrainienne devenue autoc\u00e9phale en 2019, c&rsquo;est-\u00e0-dire ind\u00e9pendante. De l&rsquo;autre, l&rsquo;\u00e9glise orthodoxe ukrainienne li\u00e9e au Patriarcat de Moscou.<\/p>\n<p>Si cette derni\u00e8re faisait partie de l&rsquo;\u00c9glise orthodoxe russe jusqu&rsquo;en mai 2022, elle a depuis officiellement d\u00e9clar\u00e9 son ind\u00e9pendance, sans toutefois parler d'\u00a0\u00bb<em>autoc\u00e9phalie<\/em>\u00ab\u00a0.<\/p>\n<p>N\u00e9anmoins, le gouvernement ukrainien consid\u00e8re que cette Eglise reste toujours d\u00e9pendante de la Russie. Le 1er d\u00e9cembre, Volodymyr Zelensky a notamment annonc\u00e9 que l\u2019Ukraine allait limiter les activit\u00e9s sur son territoire des organisations religieuses affili\u00e9es \u00e0 la Russie.<\/p>\n<p>\u00ab\u00a0<em>Le Conseil de s\u00e9curit\u00e9 nationale et de d\u00e9fense a charg\u00e9 le gouvernement de proposer \u00e0 la Verkhovna Rada <\/em>(le Parlement, NDLR) <em>un projet de loi pour rendre impossibles les activit\u00e9s en Ukraine des organisations religieuses affili\u00e9es aux centres d\u2019influence en Russie\u00a0\u00bb<\/em>, a ainsi d\u00e9clar\u00e9 le pr\u00e9sident ukrainien dans un discours vid\u00e9o.<\/p>\n<p>En mars dernier, les autorit\u00e9s ukrainiennes ont aussi provoqu\u00e9 la col\u00e8re de l&rsquo;Eglise russe en annon\u00e7ant, en plein conflit, l&rsquo;expulsion des moines occupant actuellement le c\u00e9l\u00e8bre monast\u00e8re de la Laure des Grottes de Kiev, qualifi\u00e9e de \u00ab\u00a0<em>berceau<\/em>\u00a0\u00bb de l&rsquo;orthodoxie russe. Le patriarche Kirill, qui est un important soutien du pr\u00e9sident russe Vladimir Poutine, avait d\u00e9nonc\u00e9 en mars cette expulsion annonc\u00e9e comme \u00ab\u00a0<em>monstrueuse<\/em>\u00ab\u00a0.<\/p>\n","protected":false},"excerpt":{"rendered":"<p>\u00ab\u00a0Dans le village de Novopoltavka, des partisans radicaux de l&rsquo;\u00c9glise ukrainienne ont incendi\u00e9 l&rsquo;\u00e9glise du Patriarcat de Moscou\u00a0\u00bb, accuse un tweet publi\u00e9 sur Twitter le 5 avril 2023, et partag\u00e9 plus de 350 fois.<\/p>\n","protected":false},"author":1,"featured_media":264855,"comment_status":"closed","ping_status":"open","sticky":false,"template":"","format":"standard","meta":{"_acf_changed":false,"footnotes":""},"categories":[125,132,214],"tags":[],"class_list":{"0":"post-264880","1":"post","2":"type-post","3":"status-publish","4":"format-standard","5":"has-post-thumbnail","7":"category-fact-check-fr","8":"category-politique","9":"category-ukraine-fr"},"acf":{"show_metatags":true,"id":"http:\/\/doc.afp.com\/33FA3RC","authors":"Petros KONSTANTINIDIS \/ Nathan GALLO \/ AFP Gr\u00e8ce \/ AFP Argentine \/ AFP Pologne","organization":"AFP","featured_image_copyright":"","text_copyright":"\u00a9 AGENCE FRANCE-PRESSE | 2023 | Tous droits r\u00e9serv\u00e9s. L\u2019acc\u00e8s aux contenus de l'AFP publi\u00e9s sur ce site et, le cas \u00e9ch\u00e9ant, leur utilisation sont soumis aux conditions g\u00e9n\u00e9rales d'utilisation disponibles sur <a href='https:\/\/www.afp.com\/fr\/cgu' target='_blank'>CGU<\/a>. Par cons\u00e9quent, en acc\u00e9dant aux contenus de l\u2019AFP publi\u00e9s sur ce site, et en les utilisant, le cas \u00e9ch\u00e9ant, vous acceptez d'\u00eatre li\u00e9 par les conditions g\u00e9n\u00e9rales d'utilisation susmentionn\u00e9es. L\u2019utilisation de contenus de l'AFP se fait sous votre seule et enti\u00e8re responsabilit\u00e9.","source":"https:\/\/factuel.afp.com\/doc.afp.com.33FA3RC","fact_checker":"https:\/\/belux.wpengine.com\/wp-content\/uploads\/2021\/12\/afp_logo.png","type":"\u00c9v\u00e9nement ferm\u00e9","location":"","start_date":"","start_date_event_begins_at":"","start_date_event_ends_at":"","end_date":"","end_date_event_begins_at":"","end_date_event_ends_at":"","organizer":"","fact_checker_logo_image":false},"yoast_head":"<!-- This site is optimized with the Yoast SEO plugin v27.0 - https:\/\/yoast.com\/product\/yoast-seo-wordpress\/ -->\n<title>Cette vid\u00e9o ne montre par un incendie d&#039;\u00e9glise en Ukraine en 2023 : elle a \u00e9t\u00e9 film\u00e9e en 2013 en Russie - EDMO Belux<\/title>\n<meta name=\"robots\" content=\"index, follow, max-snippet:-1, max-image-preview:large, max-video-preview:-1\" \/>\n<link rel=\"canonical\" href=\"https:\/\/belux.edmo.eu\/fr\/cette-vido-ne-montre-par-un-incendie-dglise-en-ukraine-en-2023-elle-a-t-filme-en-2013-en-russie\/\" \/>\n<meta property=\"og:locale\" content=\"fr_FR\" \/>\n<meta property=\"og:type\" content=\"article\" \/>\n<meta property=\"og:title\" content=\"Cette vid\u00e9o ne montre par un incendie d&#039;\u00e9glise en Ukraine en 2023 : elle a \u00e9t\u00e9 film\u00e9e en 2013 en Russie - EDMO Belux\" \/>\n<meta property=\"og:description\" content=\"&quot;Dans le village de Novopoltavka, des partisans radicaux de l&#039;\u00c9glise ukrainienne ont incendi\u00e9 l&#039;\u00e9glise du Patriarcat de Moscou&quot;, accuse un tweet publi\u00e9 sur Twitter le 5 avril 2023, et partag\u00e9 plus de 350 fois.\" \/>\n<meta property=\"og:url\" content=\"https:\/\/belux.edmo.eu\/fr\/cette-vido-ne-montre-par-un-incendie-dglise-en-ukraine-en-2023-elle-a-t-filme-en-2013-en-russie\/\" \/>\n<meta property=\"og:site_name\" content=\"EDMO Belux\" \/>\n<meta property=\"article:published_time\" content=\"2023-05-17T11:22:43+00:00\" \/>\n<meta property=\"article:modified_time\" content=\"2023-05-17T13:31:37+00:00\" \/>\n<meta property=\"og:image\" content=\"https:\/\/belux-edmo.s3-accelerate.amazonaws.com\/wp-content\/uploads\/2023\/05\/93934a3dcecc77dca19b96ca2b92ef09d8407be2-ipad.jpg\" \/>\n\t<meta property=\"og:image:width\" content=\"1080\" \/>\n\t<meta property=\"og:image:height\" content=\"540\" \/>\n\t<meta property=\"og:image:type\" content=\"image\/jpeg\" \/>\n<meta name=\"author\" content=\"master\" \/>\n<meta name=\"twitter:card\" content=\"summary_large_image\" \/>\n<meta name=\"twitter:creator\" content=\"@Edmo_Belux\" \/>\n<meta name=\"twitter:site\" content=\"@Edmo_Belux\" \/>\n<meta name=\"twitter:label1\" content=\"\u00c9crit par\" \/>\n\t<meta name=\"twitter:data1\" content=\"master\" \/>\n\t<meta name=\"twitter:label2\" content=\"Dur\u00e9e de lecture estim\u00e9e\" \/>\n\t<meta name=\"twitter:data2\" content=\"5 minutes\" \/>\n<script type=\"application\/ld+json\" class=\"yoast-schema-graph\">{\"@context\":\"https:\/\/schema.org\",\"@graph\":[{\"@type\":\"Article\",\"@id\":\"https:\/\/belux.edmo.eu\/fr\/cette-vido-ne-montre-par-un-incendie-dglise-en-ukraine-en-2023-elle-a-t-filme-en-2013-en-russie\/#article\",\"isPartOf\":{\"@id\":\"https:\/\/belux.edmo.eu\/fr\/cette-vido-ne-montre-par-un-incendie-dglise-en-ukraine-en-2023-elle-a-t-filme-en-2013-en-russie\/\"},\"author\":{\"name\":\"master\",\"@id\":\"https:\/\/belux.edmo.eu\/#\/schema\/person\/dbe3b252258537fd318f9b5645a30342\"},\"headline\":\"Cette vid\u00e9o ne montre par un incendie d&rsquo;\u00e9glise en Ukraine en 2023 : elle a \u00e9t\u00e9 film\u00e9e en 2013 en Russie\",\"datePublished\":\"2023-05-17T11:22:43+00:00\",\"dateModified\":\"2023-05-17T13:31:37+00:00\",\"mainEntityOfPage\":{\"@id\":\"https:\/\/belux.edmo.eu\/fr\/cette-vido-ne-montre-par-un-incendie-dglise-en-ukraine-en-2023-elle-a-t-filme-en-2013-en-russie\/\"},\"wordCount\":1102,\"publisher\":{\"@id\":\"https:\/\/belux.edmo.eu\/#organization\"},\"image\":{\"@id\":\"https:\/\/belux.edmo.eu\/fr\/cette-vido-ne-montre-par-un-incendie-dglise-en-ukraine-en-2023-elle-a-t-filme-en-2013-en-russie\/#primaryimage\"},\"thumbnailUrl\":\"https:\/\/belux-edmo.s3-accelerate.amazonaws.com\/wp-content\/uploads\/2023\/05\/93934a3dcecc77dca19b96ca2b92ef09d8407be2-ipad.jpg\",\"articleSection\":[\"Fact-Check\",\"Politique\",\"Ukraine\"],\"inLanguage\":\"fr-FR\"},{\"@type\":\"WebPage\",\"@id\":\"https:\/\/belux.edmo.eu\/fr\/cette-vido-ne-montre-par-un-incendie-dglise-en-ukraine-en-2023-elle-a-t-filme-en-2013-en-russie\/\",\"url\":\"https:\/\/belux.edmo.eu\/fr\/cette-vido-ne-montre-par-un-incendie-dglise-en-ukraine-en-2023-elle-a-t-filme-en-2013-en-russie\/\",\"name\":\"Cette vid\u00e9o ne montre par un incendie d'\u00e9glise en Ukraine en 2023 : elle a \u00e9t\u00e9 film\u00e9e en 2013 en Russie - EDMO Belux\",\"isPartOf\":{\"@id\":\"https:\/\/belux.edmo.eu\/#website\"},\"primaryImageOfPage\":{\"@id\":\"https:\/\/belux.edmo.eu\/fr\/cette-vido-ne-montre-par-un-incendie-dglise-en-ukraine-en-2023-elle-a-t-filme-en-2013-en-russie\/#primaryimage\"},\"image\":{\"@id\":\"https:\/\/belux.edmo.eu\/fr\/cette-vido-ne-montre-par-un-incendie-dglise-en-ukraine-en-2023-elle-a-t-filme-en-2013-en-russie\/#primaryimage\"},\"thumbnailUrl\":\"https:\/\/belux-edmo.s3-accelerate.amazonaws.com\/wp-content\/uploads\/2023\/05\/93934a3dcecc77dca19b96ca2b92ef09d8407be2-ipad.jpg\",\"datePublished\":\"2023-05-17T11:22:43+00:00\",\"dateModified\":\"2023-05-17T13:31:37+00:00\",\"breadcrumb\":{\"@id\":\"https:\/\/belux.edmo.eu\/fr\/cette-vido-ne-montre-par-un-incendie-dglise-en-ukraine-en-2023-elle-a-t-filme-en-2013-en-russie\/#breadcrumb\"},\"inLanguage\":\"fr-FR\",\"potentialAction\":[{\"@type\":\"ReadAction\",\"target\":[\"https:\/\/belux.edmo.eu\/fr\/cette-vido-ne-montre-par-un-incendie-dglise-en-ukraine-en-2023-elle-a-t-filme-en-2013-en-russie\/\"]}]},{\"@type\":\"ImageObject\",\"inLanguage\":\"fr-FR\",\"@id\":\"https:\/\/belux.edmo.eu\/fr\/cette-vido-ne-montre-par-un-incendie-dglise-en-ukraine-en-2023-elle-a-t-filme-en-2013-en-russie\/#primaryimage\",\"url\":\"https:\/\/belux-edmo.s3-accelerate.amazonaws.com\/wp-content\/uploads\/2023\/05\/93934a3dcecc77dca19b96ca2b92ef09d8407be2-ipad.jpg\",\"contentUrl\":\"https:\/\/belux-edmo.s3-accelerate.amazonaws.com\/wp-content\/uploads\/2023\/05\/93934a3dcecc77dca19b96ca2b92ef09d8407be2-ipad.jpg\",\"width\":1080,\"height\":540,\"caption\":\"Cette vid\u00e9o ne montre par un incendie d'\u00e9glise en Ukraine en 2023 : elle a \u00e9t\u00e9 film\u00e9e en 2013 en Russie - Featured image\"},{\"@type\":\"BreadcrumbList\",\"@id\":\"https:\/\/belux.edmo.eu\/fr\/cette-vido-ne-montre-par-un-incendie-dglise-en-ukraine-en-2023-elle-a-t-filme-en-2013-en-russie\/#breadcrumb\",\"itemListElement\":[{\"@type\":\"ListItem\",\"position\":1,\"name\":\"Home\",\"item\":\"https:\/\/belux.edmo.eu\/fr\/\"},{\"@type\":\"ListItem\",\"position\":2,\"name\":\"Cette vid\u00e9o ne montre par un incendie d&#8217;\u00e9glise en Ukraine en 2023 : elle a \u00e9t\u00e9 film\u00e9e en 2013 en Russie\"}]},{\"@type\":\"WebSite\",\"@id\":\"https:\/\/belux.edmo.eu\/#website\",\"url\":\"https:\/\/belux.edmo.eu\/\",\"name\":\"EDMO Belux\",\"description\":\"Monitoring Disinformation in Belgium and Luxembourg\",\"publisher\":{\"@id\":\"https:\/\/belux.edmo.eu\/#organization\"},\"potentialAction\":[{\"@type\":\"SearchAction\",\"target\":{\"@type\":\"EntryPoint\",\"urlTemplate\":\"https:\/\/belux.edmo.eu\/?s={search_term_string}\"},\"query-input\":{\"@type\":\"PropertyValueSpecification\",\"valueRequired\":true,\"valueName\":\"search_term_string\"}}],\"inLanguage\":\"fr-FR\"},{\"@type\":\"Organization\",\"@id\":\"https:\/\/belux.edmo.eu\/#organization\",\"name\":\"EDMO Belux\",\"url\":\"https:\/\/belux.edmo.eu\/\",\"logo\":{\"@type\":\"ImageObject\",\"inLanguage\":\"fr-FR\",\"@id\":\"https:\/\/belux.edmo.eu\/#\/schema\/logo\/image\/\",\"url\":\"https:\/\/belux.edmo.eu\/wp-content\/uploads\/2021\/12\/belux-logo-full-color-rgb.svg\",\"contentUrl\":\"https:\/\/belux.edmo.eu\/wp-content\/uploads\/2021\/12\/belux-logo-full-color-rgb.svg\",\"width\":1,\"height\":1,\"caption\":\"EDMO Belux\"},\"image\":{\"@id\":\"https:\/\/belux.edmo.eu\/#\/schema\/logo\/image\/\"},\"sameAs\":[\"https:\/\/x.com\/Edmo_Belux\"]},{\"@type\":\"Person\",\"@id\":\"https:\/\/belux.edmo.eu\/#\/schema\/person\/dbe3b252258537fd318f9b5645a30342\",\"name\":\"master\",\"sameAs\":[\"https:\/\/belux.wpengine.com\"],\"url\":\"https:\/\/belux.edmo.eu\/fr\/author\/master\/\"}]}<\/script>\n<!-- \/ Yoast SEO plugin. -->","yoast_head_json":{"title":"Cette vid\u00e9o ne montre par un incendie d'\u00e9glise en Ukraine en 2023 : elle a \u00e9t\u00e9 film\u00e9e en 2013 en Russie - EDMO Belux","robots":{"index":"index","follow":"follow","max-snippet":"max-snippet:-1","max-image-preview":"max-image-preview:large","max-video-preview":"max-video-preview:-1"},"canonical":"https:\/\/belux.edmo.eu\/fr\/cette-vido-ne-montre-par-un-incendie-dglise-en-ukraine-en-2023-elle-a-t-filme-en-2013-en-russie\/","og_locale":"fr_FR","og_type":"article","og_title":"Cette vid\u00e9o ne montre par un incendie d'\u00e9glise en Ukraine en 2023 : elle a \u00e9t\u00e9 film\u00e9e en 2013 en Russie - EDMO Belux","og_description":"\"Dans le village de Novopoltavka, des partisans radicaux de l'\u00c9glise ukrainienne ont incendi\u00e9 l'\u00e9glise du Patriarcat de Moscou\", accuse un tweet publi\u00e9 sur Twitter le 5 avril 2023, et partag\u00e9 plus de 350 fois.","og_url":"https:\/\/belux.edmo.eu\/fr\/cette-vido-ne-montre-par-un-incendie-dglise-en-ukraine-en-2023-elle-a-t-filme-en-2013-en-russie\/","og_site_name":"EDMO Belux","article_published_time":"2023-05-17T11:22:43+00:00","article_modified_time":"2023-05-17T13:31:37+00:00","og_image":[{"width":1080,"height":540,"url":"https:\/\/belux-edmo.s3-accelerate.amazonaws.com\/wp-content\/uploads\/2023\/05\/93934a3dcecc77dca19b96ca2b92ef09d8407be2-ipad.jpg","type":"image\/jpeg"}],"author":"master","twitter_card":"summary_large_image","twitter_creator":"@Edmo_Belux","twitter_site":"@Edmo_Belux","twitter_misc":{"\u00c9crit par":"master","Dur\u00e9e de lecture estim\u00e9e":"5 minutes"},"schema":{"@context":"https:\/\/schema.org","@graph":[{"@type":"Article","@id":"https:\/\/belux.edmo.eu\/fr\/cette-vido-ne-montre-par-un-incendie-dglise-en-ukraine-en-2023-elle-a-t-filme-en-2013-en-russie\/#article","isPartOf":{"@id":"https:\/\/belux.edmo.eu\/fr\/cette-vido-ne-montre-par-un-incendie-dglise-en-ukraine-en-2023-elle-a-t-filme-en-2013-en-russie\/"},"author":{"name":"master","@id":"https:\/\/belux.edmo.eu\/#\/schema\/person\/dbe3b252258537fd318f9b5645a30342"},"headline":"Cette vid\u00e9o ne montre par un incendie d&rsquo;\u00e9glise en Ukraine en 2023 : elle a \u00e9t\u00e9 film\u00e9e en 2013 en Russie","datePublished":"2023-05-17T11:22:43+00:00","dateModified":"2023-05-17T13:31:37+00:00","mainEntityOfPage":{"@id":"https:\/\/belux.edmo.eu\/fr\/cette-vido-ne-montre-par-un-incendie-dglise-en-ukraine-en-2023-elle-a-t-filme-en-2013-en-russie\/"},"wordCount":1102,"publisher":{"@id":"https:\/\/belux.edmo.eu\/#organization"},"image":{"@id":"https:\/\/belux.edmo.eu\/fr\/cette-vido-ne-montre-par-un-incendie-dglise-en-ukraine-en-2023-elle-a-t-filme-en-2013-en-russie\/#primaryimage"},"thumbnailUrl":"https:\/\/belux-edmo.s3-accelerate.amazonaws.com\/wp-content\/uploads\/2023\/05\/93934a3dcecc77dca19b96ca2b92ef09d8407be2-ipad.jpg","articleSection":["Fact-Check","Politique","Ukraine"],"inLanguage":"fr-FR"},{"@type":"WebPage","@id":"https:\/\/belux.edmo.eu\/fr\/cette-vido-ne-montre-par-un-incendie-dglise-en-ukraine-en-2023-elle-a-t-filme-en-2013-en-russie\/","url":"https:\/\/belux.edmo.eu\/fr\/cette-vido-ne-montre-par-un-incendie-dglise-en-ukraine-en-2023-elle-a-t-filme-en-2013-en-russie\/","name":"Cette vid\u00e9o ne montre par un incendie d'\u00e9glise en Ukraine en 2023 : elle a \u00e9t\u00e9 film\u00e9e en 2013 en Russie - EDMO Belux","isPartOf":{"@id":"https:\/\/belux.edmo.eu\/#website"},"primaryImageOfPage":{"@id":"https:\/\/belux.edmo.eu\/fr\/cette-vido-ne-montre-par-un-incendie-dglise-en-ukraine-en-2023-elle-a-t-filme-en-2013-en-russie\/#primaryimage"},"image":{"@id":"https:\/\/belux.edmo.eu\/fr\/cette-vido-ne-montre-par-un-incendie-dglise-en-ukraine-en-2023-elle-a-t-filme-en-2013-en-russie\/#primaryimage"},"thumbnailUrl":"https:\/\/belux-edmo.s3-accelerate.amazonaws.com\/wp-content\/uploads\/2023\/05\/93934a3dcecc77dca19b96ca2b92ef09d8407be2-ipad.jpg","datePublished":"2023-05-17T11:22:43+00:00","dateModified":"2023-05-17T13:31:37+00:00","breadcrumb":{"@id":"https:\/\/belux.edmo.eu\/fr\/cette-vido-ne-montre-par-un-incendie-dglise-en-ukraine-en-2023-elle-a-t-filme-en-2013-en-russie\/#breadcrumb"},"inLanguage":"fr-FR","potentialAction":[{"@type":"ReadAction","target":["https:\/\/belux.edmo.eu\/fr\/cette-vido-ne-montre-par-un-incendie-dglise-en-ukraine-en-2023-elle-a-t-filme-en-2013-en-russie\/"]}]},{"@type":"ImageObject","inLanguage":"fr-FR","@id":"https:\/\/belux.edmo.eu\/fr\/cette-vido-ne-montre-par-un-incendie-dglise-en-ukraine-en-2023-elle-a-t-filme-en-2013-en-russie\/#primaryimage","url":"https:\/\/belux-edmo.s3-accelerate.amazonaws.com\/wp-content\/uploads\/2023\/05\/93934a3dcecc77dca19b96ca2b92ef09d8407be2-ipad.jpg","contentUrl":"https:\/\/belux-edmo.s3-accelerate.amazonaws.com\/wp-content\/uploads\/2023\/05\/93934a3dcecc77dca19b96ca2b92ef09d8407be2-ipad.jpg","width":1080,"height":540,"caption":"Cette vid\u00e9o ne montre par un incendie d'\u00e9glise en Ukraine en 2023 : elle a \u00e9t\u00e9 film\u00e9e en 2013 en Russie - Featured image"},{"@type":"BreadcrumbList","@id":"https:\/\/belux.edmo.eu\/fr\/cette-vido-ne-montre-par-un-incendie-dglise-en-ukraine-en-2023-elle-a-t-filme-en-2013-en-russie\/#breadcrumb","itemListElement":[{"@type":"ListItem","position":1,"name":"Home","item":"https:\/\/belux.edmo.eu\/fr\/"},{"@type":"ListItem","position":2,"name":"Cette vid\u00e9o ne montre par un incendie d&#8217;\u00e9glise en Ukraine en 2023 : elle a \u00e9t\u00e9 film\u00e9e en 2013 en Russie"}]},{"@type":"WebSite","@id":"https:\/\/belux.edmo.eu\/#website","url":"https:\/\/belux.edmo.eu\/","name":"EDMO Belux","description":"Monitoring Disinformation in Belgium and Luxembourg","publisher":{"@id":"https:\/\/belux.edmo.eu\/#organization"},"potentialAction":[{"@type":"SearchAction","target":{"@type":"EntryPoint","urlTemplate":"https:\/\/belux.edmo.eu\/?s={search_term_string}"},"query-input":{"@type":"PropertyValueSpecification","valueRequired":true,"valueName":"search_term_string"}}],"inLanguage":"fr-FR"},{"@type":"Organization","@id":"https:\/\/belux.edmo.eu\/#organization","name":"EDMO Belux","url":"https:\/\/belux.edmo.eu\/","logo":{"@type":"ImageObject","inLanguage":"fr-FR","@id":"https:\/\/belux.edmo.eu\/#\/schema\/logo\/image\/","url":"https:\/\/belux.edmo.eu\/wp-content\/uploads\/2021\/12\/belux-logo-full-color-rgb.svg","contentUrl":"https:\/\/belux.edmo.eu\/wp-content\/uploads\/2021\/12\/belux-logo-full-color-rgb.svg","width":1,"height":1,"caption":"EDMO Belux"},"image":{"@id":"https:\/\/belux.edmo.eu\/#\/schema\/logo\/image\/"},"sameAs":["https:\/\/x.com\/Edmo_Belux"]},{"@type":"Person","@id":"https:\/\/belux.edmo.eu\/#\/schema\/person\/dbe3b252258537fd318f9b5645a30342","name":"master","sameAs":["https:\/\/belux.wpengine.com"],"url":"https:\/\/belux.edmo.eu\/fr\/author\/master\/"}]}},"menu_order":0,"_links":{"self":[{"href":"https:\/\/belux.edmo.eu\/fr\/wp-json\/wp\/v2\/posts\/264880","targetHints":{"allow":["GET"]}}],"collection":[{"href":"https:\/\/belux.edmo.eu\/fr\/wp-json\/wp\/v2\/posts"}],"about":[{"href":"https:\/\/belux.edmo.eu\/fr\/wp-json\/wp\/v2\/types\/post"}],"author":[{"embeddable":true,"href":"https:\/\/belux.edmo.eu\/fr\/wp-json\/wp\/v2\/users\/1"}],"replies":[{"embeddable":true,"href":"https:\/\/belux.edmo.eu\/fr\/wp-json\/wp\/v2\/comments?post=264880"}],"version-history":[{"count":0,"href":"https:\/\/belux.edmo.eu\/fr\/wp-json\/wp\/v2\/posts\/264880\/revisions"}],"wp:featuredmedia":[{"embeddable":true,"href":"https:\/\/belux.edmo.eu\/fr\/wp-json\/wp\/v2\/media\/264855"}],"wp:attachment":[{"href":"https:\/\/belux.edmo.eu\/fr\/wp-json\/wp\/v2\/media?parent=264880"}],"wp:term":[{"taxonomy":"category","embeddable":true,"href":"https:\/\/belux.edmo.eu\/fr\/wp-json\/wp\/v2\/categories?post=264880"},{"taxonomy":"post_tag","embeddable":true,"href":"https:\/\/belux.edmo.eu\/fr\/wp-json\/wp\/v2\/tags?post=264880"}],"curies":[{"name":"wp","href":"https:\/\/api.w.org\/{rel}","templated":true}]}}