{"id":267261,"date":"2023-06-06T07:00:27","date_gmt":"2023-06-06T07:00:27","guid":{"rendered":"https:\/\/belux.edmo.eu\/?p=267261"},"modified":"2023-06-06T08:33:38","modified_gmt":"2023-06-06T08:33:38","slug":"non-cet-extrait-vido-tronqu-de-lci-ne-prouve-pas-que-zelensky-a-dtourn-400-millions-de-dollars-daide-lukraine","status":"publish","type":"post","link":"https:\/\/belux.edmo.eu\/fr\/non-cet-extrait-vido-tronqu-de-lci-ne-prouve-pas-que-zelensky-a-dtourn-400-millions-de-dollars-daide-lukraine\/","title":{"rendered":"Non, cet extrait vid\u00e9o tronqu\u00e9 de LCI ne prouve pas que Zelensky a d\u00e9tourn\u00e9 400 millions de dollars d&rsquo;aide \u00e0 l&rsquo;Ukraine"},"content":{"rendered":"<p><b>Depuis le d\u00e9but de l&rsquo;attaque de l&rsquo;Ukraine par la Russie en f\u00e9vrier 2022, le pr\u00e9sident ukrainien Volodymyr Zelensky fait l&rsquo;objet de nombreuses rumeurs, en particulier celles l&rsquo;accusant -sans preuves- d&rsquo;en profiter pour s&rsquo;enrichir. Depuis fin mai 2023, des publications sur Facebook et Twitter l&rsquo;accusent par exemple d&rsquo;avoir <em>\u00ab\u00a0d\u00e9tourn\u00e9 plus de 400 millions de dollars des aides occidentales pour acqu\u00e9rir des biens immobiliers\u00a0\u00bb.\u00a0<\/em>En guise de preuve, les internautes joignent l&rsquo;extrait d&rsquo;une \u00e9mission de la cha\u00eene LCI, qui \u00e9voque trois demeures luxueuses achet\u00e9e en Crim\u00e9e, en Italie et en Angleterre gr\u00e2ce aux fonds d&rsquo;aide \u00e0 l&rsquo;Ukraine. En r\u00e9alit\u00e9, l&rsquo;extrait est tronqu\u00e9 : loin de confirmer ces accusations, l&rsquo;\u00e9mission vient au contraire expliquer qu&rsquo;elles sont infond\u00e9es.\u00a0De plus, aucune source officielle ne permet de conna\u00eetre les revenus et biens immobiliers de Volodymyr Zelensky depuis le d\u00e9but de la guerre et la suspension des d\u00e9clarations de patrimoine des fonctionnaires ukrainiens.\u00a0<\/b><\/p>\n<p>\u00ab\u00a0<em>Ukraine : \u00ab\u00a0C&rsquo;est officiel, Volodymyr Zelensky a d\u00e9tourn\u00e9 plus de 400 millions de dollars des aides occidentales pour acqu\u00e9rir des biens immobiliers un peu partout dans le monde<\/em>\u00ab\u00a0, soutiennent, sur Twitter (<a href=\"https:\/\/archive.ph\/9yGy9\" target=\"_blank\" rel=\"noopener\" shape=\"rect\">1<\/a>, <a href=\"https:\/\/archive.ph\/5Pfom\" target=\"_blank\" rel=\"noopener\" shape=\"rect\">2<\/a>, <a href=\"https:\/\/archive.ph\/YdTe9\" target=\"_blank\" rel=\"noopener\" shape=\"rect\">3<\/a>) comme sur Facebook (<a href=\"https:\/\/archive.is\/ODVo5\" target=\"_blank\" rel=\"noopener\" shape=\"rect\">4<\/a>, <a href=\"https:\/\/archive.is\/ZngAn\" target=\"_blank\" rel=\"noopener\" shape=\"rect\">5<\/a>, <a href=\"https:\/\/archive.ph\/l7uhM\" target=\"_blank\" rel=\"noopener\" shape=\"rect\">6<\/a>) et sur Telegram (<a href=\"https:\/\/archive.ph\/JMyx8\" target=\"_blank\" rel=\"noopener\" shape=\"rect\">7<\/a>), des publications partag\u00e9es des milliers de fois depuis fin mai 2023.<\/p>\n<p>Elles s&rsquo;appuient, en guise de preuve, sur un extrait vid\u00e9o d&rsquo;environ deux minutes d&rsquo;un sujet de la cha\u00eene d&rsquo;information en continu LCI, dans lequel David Pujadas affirme : \u00ab\u00a0<em>Volodymyr Zelensky aurait tout simplement d\u00e9tourn\u00e9 des sommes colossales de l&rsquo;aide occidentale et il se serait constitu\u00e9 un patrimoine immobilier rutilant. Voyons de quoi il s&rsquo;agit, faisons la contre-enqu\u00eate, voici \u00ab\u00a0Les indispensables\u00a0\u00bb <\/em>[&#8230;] <em>Quelles sont ces accusations et qui les porte ?<\/em>\u00a0\u00bb<\/p>\n<div class=\"g2image\">\n<figure><img src=\"https:\/\/belux-edmo.s3-accelerate.amazonaws.com\/wp-content\/uploads\/2023\/06\/4c58e21ae415449f0f25d7211d49119403eb03d3-ipad.jpg\" \/><figcaption>Captures d&rsquo;\u00e9cran r\u00e9alis\u00e9es sur Twitter le 1er juin 2023.<\/figcaption><\/figure>\n<\/div>\n<p>Son confr\u00e8re pr\u00e9sent en plateau d\u00e9taille alors les all\u00e9gations formul\u00e9es contre le pr\u00e9sident ukrainien dans la vid\u00e9o (<a href=\"https:\/\/archive.ph\/C3Ao4\" target=\"_blank\" rel=\"noopener\" shape=\"rect\">lien archiv\u00e9<\/a>) d&rsquo;un \u00ab\u00a0<em>internaute allemand<\/em>\u00ab\u00a0,\u00a0 \u00ab\u00a0<em>largement partag\u00e9e et repartag\u00e9e<\/em>\u00a0\u00bb &#8211; notamment par des internautes fran\u00e7ais &#8211; qui soutient l&rsquo;existence d&rsquo;un \u00ab\u00a0<em>soi-disant patrimoine immobilier cach\u00e9 de Volodymyr Zelensky, qui aurait d\u00e9tourn\u00e9 l&rsquo;argent occidental destin\u00e9 \u00e0 l&rsquo;Ukraine pour l&rsquo;aide dans sa guerre.<\/em>\u00a0\u00bb<\/p>\n<p>Apr\u00e8s avoir diffus\u00e9 l&rsquo;extrait viral en question, le journaliste de LCI en r\u00e9sume donc les affirmations au conditionnel : \u00a0\u00bb <em>Volodymyr Zelensky aurait achet\u00e9 pendant la guerre en Ukraine trois villas de luxe. Une en Crim\u00e9e<\/em> [\u00e0 Livadia]<em>, 23 millions d&rsquo;euros, vous l&rsquo;avez entendu. Celle-ci \u00e9galement en Italie <\/em>[\u00e0 Forte dei Mami]<em>, 20 millions d&rsquo;euros. Et une derni\u00e8re en Angleterre, 31 millions d&rsquo;euros. Le tout en d\u00e9tournant 400 millions de dollars d&rsquo;aide venus des Etats-Unis, une somme qui devait initialement servir \u00e0 l&rsquo;Ukraine pour qu&rsquo;elle ach\u00e8te du carburant pour ses v\u00e9hicules de combat.<\/em>\u00a0\u00bb<\/p>\n<p>Or, si ce segment de LCI s&rsquo;arr\u00eate \u00e0 ce moment pr\u00e9cis dans l&rsquo;extrait relay\u00e9 par les internautes, ce qui peut laisser penser que la cha\u00eene confirme la v\u00e9racit\u00e9 de ces accusations, <strong>le journaliste d\u00e9montrait au contraire, dans la suite de la s\u00e9quence, en quoi elles sont fausses<\/strong>, comme on peut le voir dans le replay de <a href=\"https:\/\/www.tf1info.fr\/replay-lci\/video-24h-pujadas-du-jeudi-25-mai-2023-2258343.html\" target=\"_blank\" rel=\"noopener\" shape=\"rect\">l&rsquo;\u00e9mission originelle \u00ab\u00a024H Pujadas\u00a0\u00bb<\/a> du jeudi 25 mai 2023 (<a href=\"https:\/\/perma.cc\/EBM8-PCQP\" target=\"_blank\" rel=\"noopener\" shape=\"rect\">lien archiv\u00e9<\/a>).<\/p>\n<p>A partir de 58 minutes, l&rsquo;\u00e9quipe de LCI revient en effet point par point sur les trois r\u00e9sidences pr\u00e9tendument achet\u00e9es par Zelensky apr\u00e8s l&rsquo;invasion de l&rsquo;Ukraine par la Russie, d\u00e9but\u00e9e fin f\u00e9vrier 2022 : \u00a0\u00ab\u00a0<em>D&rsquo;abord la r\u00e9sidence en Crim\u00e9e, regardez. Elle existe bel et bien, elle est situ\u00e9e \u00e0 Yalta, sur la c\u00f4te sud est de la p\u00e9ninsule. <\/em>[&#8230;] <em>Apr\u00e8s v\u00e9rification, Volodymyr Zelensky n&rsquo;en est pas propri\u00e9taire. En r\u00e9alit\u00e9, il poss\u00e8de un appartement dans cette r\u00e9sidence. <\/em>[&#8230;]<em> Valeur du bien : 163.000 dollars, on est donc loin, tr\u00e8s loin des 25 millions de dollars indiqu\u00e9s dans la vid\u00e9o. Surtout, la propri\u00e9t\u00e9 a \u00e9t\u00e9 achet\u00e9e en 2013. Huit ans avant la guerre!<\/em>\u00a0\u00bb<\/p>\n<p>Apr\u00e8s avoir effectu\u00e9 cette d\u00e9monstration sur chacun des biens immobiliers, LCI revient sur les m\u00e9canismes au coeur de cette rumeur, tout en indiquant clairement, sur ses bandeaux successifs, qu&rsquo;il s&rsquo;agit d&rsquo;une fausse affirmation : \u00ab\u00a0<em>Villas de Zelensky : retour sur une intox russe<\/em>\u00ab\u00a0, \u00ab\u00a0<em>Non, Zelensky n&rsquo;a pas 400 millions de patrimoine<\/em>\u00ab\u00a0&#8230;<\/p>\n<div class=\"g2image\">\n<figure><img src=\"https:\/\/belux-edmo.s3-accelerate.amazonaws.com\/wp-content\/uploads\/2023\/06\/b21b3d0a1957c9d5d3aa1c8c4e0d495d9d8f9002-ipad.jpg\" \/><figcaption>Captures d&rsquo;\u00e9cran r\u00e9alis\u00e9es sur le site de LCI le 1er juin 2023.<\/figcaption><\/figure>\n<\/div>\n<p>De fait, aucune preuve ne permet d&rsquo;\u00e9tayer ces accusations de d\u00e9tournement de fonds d&rsquo;aide \u00e0 l&rsquo;Ukraine contre Volodymyr Zelensky en vue d&rsquo;enrichir son patrimoine personnel, comme l&rsquo;AFP <a href=\"https:\/\/factuel.afp.com\/doc.afp.com.336Q8Y6\" target=\"_blank\" rel=\"noopener\" shape=\"rect\">l&rsquo;a d\u00e9j\u00e0 montr\u00e9<\/a> ces derniers mois dans <a href=\"https:\/\/factuel.afp.com\/doc.afp.com.336Q8Y6\" target=\"_blank\" rel=\"noopener\" shape=\"rect\">plusieurs articles<\/a>, lorsque le pr\u00e9sident ukrainien \u00e9tait d\u00e9j\u00e0 cibl\u00e9 par de telles all\u00e9gations.<\/p>\n<p>Ainsi que l&rsquo;expliquait une porte-parole de l&rsquo;<a href=\"https:\/\/antac.org.ua\/en\/about-us\/\" target=\"_blank\" rel=\"noopener\" shape=\"rect\">Anti-corruption Action Center<\/a>, (<a href=\"https:\/\/archive.ph\/Cll5f\" target=\"_blank\" rel=\"noopener\" shape=\"rect\">archive<\/a>) une ONG ukrainienne de lutte contre la corruption, si les fonctionnaires ukrainiens sont oblig\u00e9s de soumettre leur d\u00e9claration de revenus \u00ab\u00a0<em>chaque ann\u00e9e ou apr\u00e8s avoir quitt\u00e9 leur poste<\/em>\u00ab\u00a0, celles-ci ne sont plus consultables sur le site du Nazk, l&rsquo;Agence nationale de pr\u00e9vention de la corruption, depuis l&rsquo;invasion de l&rsquo;Ukraine : \u00ab\u00a0<em>Le 24 f\u00e9vrier 2022, l&rsquo;Ukraine\u00a0<a href=\"https:\/\/nazk.gov.ua\/uk\/novyny\/dostup-do-publichnoyi-chastyny-reyestru-deklaratsij-reyestru-zvitiv-partij-politdata-ta-reyestru-koruptsioneriv-obmezheno\/\" target=\"_blank\" rel=\"noopener\" shape=\"rect\">a d\u00fb restreindre l&rsquo;acc\u00e8s au registre<\/a> <\/em>(<a href=\"https:\/\/web.archive.org\/web\/20230602131533\/https:\/\/nazk.gov.ua\/uk\/novyny\/dostup-do-publichnoyi-chastyny-reyestru-deklaratsij-reyestru-zvitiv-partij-politdata-ta-reyestru-koruptsioneriv-obmezheno\/\" target=\"_blank\" rel=\"noopener\" shape=\"rect\">archive<\/a>)<em> en ligne des d\u00e9clarations de revenus de fonctionnaires \u00e0 cause de la guerre, car ces informations auraient pu \u00eatre utilis\u00e9es par les Russes pour faire pression sur les fonctionnaires, notamment locaux.<\/em>\u00a0\u00bb<\/p>\n<p>En cons\u00e9quence, les informations relatives au patrimoine financier et immobilier 2022 ou 2023 de Volodymyr Zelensky ne sont pas connues puisque ces d\u00e9clarations doivent \u00eatre fournies par les fonctionnaires au d\u00e9but de l&rsquo;ann\u00e9e suivante. \u00ab\u00a0<em>Par cons\u00e9quent, aucune source officielle n&rsquo;est en mesure de fournir des donn\u00e9es sp\u00e9cifiques<\/em>\u00a0\u00bb pour l&rsquo;ann\u00e9e 2022, pr\u00e9cisait encore la porte-parole de l&rsquo;Anti-corruption Action center.<strong> Les d\u00e9clarations les plus r\u00e9centes des revenus de Volodymyr Zelensky ont donc \u00e9t\u00e9 fournies en 2021 et concernent l&rsquo;ann\u00e9e 2020, avant l&rsquo;invasion russe en Ukraine et le versement d&rsquo;aides financi\u00e8res au pays.<\/strong><\/p>\n<p><b>Deux propri\u00e9t\u00e9s achet\u00e9es bien avant la guerre<\/b><\/p>\n<p>Dans le cas pr\u00e9cis des propri\u00e9t\u00e9s \u00e9voqu\u00e9es sur LCI, une recherche de mots cl\u00e9 en anglais (\u00ab\u00a0<em>Livadia Zelenskyy<\/em>\u00ab\u00a0) fait remonter plusieurs articles de presse r\u00e9cents sur le bien immobilier situ\u00e9 en Crim\u00e9e.<\/p>\n<p>Le 24 mai 2023, <a href=\"https:\/\/uk.news.yahoo.com\/crimean-occupation-authorities-declare-intent-103500079.html\" target=\"_blank\" rel=\"noopener\" shape=\"rect\">The New Voice of Ukraine<\/a> (<a href=\"https:\/\/perma.cc\/4UK2-52CS\" target=\"_blank\" rel=\"noopener\" shape=\"rect\">lien archiv\u00e9<\/a>) indiquait ainsi que les autorit\u00e9s d&rsquo;occupation russes ont annonc\u00e9 leur intention de \u00ab\u00a0<em>nationaliser<\/em>\u00a0\u00bb l&rsquo;appartement de \u00ab\u00a0<em>la femme du pr\u00e9sident Zelensky, Olena <\/em>[Zelenska]<em>, qui se situe dans le complexe r\u00e9sidentiel Imperator, et qu&rsquo;elle a achet\u00e9 en avril 2013<\/em>\u00ab\u00a0.<\/p>\n<p>Une acquisition \u00ab\u00a0<em>pour la moiti\u00e9 du prix du march\u00e9<\/em>\u00ab\u00a0, soit environ 163.000 dollars, dont Reuters s&rsquo;\u00e9tait fait l&rsquo;\u00e9cho dans <a href=\"https:\/\/www.reuters.com\/article\/us-ukraine-election-zelenskiy-property-e-idUSKCN1S7373\" target=\"_blank\" rel=\"noopener\" shape=\"rect\">un article de mai 2019<\/a> (<a href=\"https:\/\/perma.cc\/3R3Y-7D8P\" target=\"_blank\" rel=\"noopener\" shape=\"rect\">lien archiv\u00e9<\/a>), peu apr\u00e8s l&rsquo;\u00e9lection de Volodymyr Zelensky au poste de pr\u00e9sident, en se basant sur les informations contenues dans la d\u00e9claration de patrimoine annuelle du pr\u00e9sident.<\/p>\n<p>Comme on peut le v\u00e9rifier <a href=\"https:\/\/public.nazk.gov.ua\/documents\/bfa337db-cb89-4986-8724-c9c3b9f467fb\" target=\"_blank\" rel=\"noopener\" shape=\"rect\">sur sa derni\u00e8re d\u00e9claration en date<\/a> (<a href=\"https:\/\/web.archive.org\/web\/20210401112932\/https:\/\/public.nazk.gov.ua\/documents\/bfa337db-cb89-4986-8724-c9c3b9f467fb\" target=\"_blank\" rel=\"noopener\" shape=\"rect\">lien archiv\u00e9<\/a>), publi\u00e9e en 2021 et portant sur l&rsquo;ann\u00e9e 2020, Olena Zelenska a acquis cet appartement le 24 avril 2013, soit bien avant la guerre en Ukraine &#8211; et plusieurs ann\u00e9es \u00e9galement avant l&rsquo;\u00e9lection de son mari \u00e0 la t\u00eate du pays.<\/p>\n<p>Il en est de m\u00eame pour la pr\u00e9tendue propri\u00e9t\u00e9 \u00e0 20 millions d&rsquo;euros de Volodymyr Zelensky situ\u00e9e en Italie : comme l&rsquo;expliquent nos confr\u00e8res <a href=\"https:\/\/observers.france24.com\/fr\/europe\/20230519-ce-que-l-on-sait-de-ces-villas-pr%C3%A9tendument-achet%C3%A9es-par-volodymyr-zelensky-avec-l-argent-des-occidentaux\" target=\"_blank\" rel=\"noopener\" shape=\"rect\">des Observateurs<\/a> (<a href=\"https:\/\/perma.cc\/U84K-HMEX\" target=\"_blank\" rel=\"noopener\" shape=\"rect\">lien archiv\u00e9<\/a>), une recherche de mots cl\u00e9 (\u00ab\u00a0<em>Villa Forte dei Marmi Zelensky<\/em>\u00ab\u00a0) en ukrainien permet de remonter \u00e0 <a href=\"https:\/\/www.slidstvo.info\/articles\/ze-villa-italijskyj-majetok-zelenskoho-v-otochenni-rosijskyh-oliharhiv\/\" target=\"_blank\" rel=\"noopener\" shape=\"rect\">un article de mai 2019<\/a> (<a href=\"https:\/\/perma.cc\/MJ6D-4QFD\" target=\"_blank\" rel=\"noopener\" shape=\"rect\">lien archiv\u00e9<\/a>) du m\u00e9dia d&rsquo;investigation local Slidstvo, r\u00e9v\u00e9lant l&rsquo;achat de cette demeure toscane de 15 pi\u00e8ces par une soci\u00e9t\u00e9 italienne de Volodymyr Zelensky.<\/p>\n<p>Une acquisition r\u00e9alis\u00e9e bien avant la guerre en Ukraine pour 3,8 millions d&rsquo;euros (et non pas 20 millions, comme le pr\u00e9tend la vid\u00e9o), et un bien que l&rsquo;on retrouve &#8211; au nom d&rsquo;Olena Zelenska &#8211; dans les d\u00e9clarations de patrimoine les plus r\u00e9centes du pr\u00e9sident ukrainien.<\/p>\n<p>Une recherche d&rsquo;images invers\u00e9es autour de la luxueuse villa en Angleterre visible dans la vid\u00e9o permet de constater qu&rsquo;elle est encore en vente aujourd&rsquo;hui <a href=\"https:\/\/www.turksandcaicossir.com\/eng\/sales\/detail\/10-l-691-tfnzez\/moor-place-manor-much-hadham-hertfordshire-sg10-much-hadham-en-sg10-6aa\" target=\"_blank\" rel=\"noopener\" shape=\"rect\">sur le site d&rsquo;une agence immobili\u00e8re<\/a> (<a href=\"https:\/\/perma.cc\/Y5RL-VHS3\" target=\"_blank\" rel=\"noopener\" shape=\"rect\">lien archiv\u00e9<\/a>), plusieurs mois apr\u00e8s que <a href=\"https:\/\/mykolaiv.news\/britanskie-smi-zelenskij-podaril-zhene-osobnyak-v-hartfilde-i-obgovoril-s-trass-puti-begstva\/\" target=\"_blank\" rel=\"noopener\" shape=\"rect\">la presse russe<\/a> (<a href=\"https:\/\/perma.cc\/J35H-BAPG\" target=\"_blank\" rel=\"noopener\" shape=\"rect\">lien archiv\u00e9<\/a>) a pr\u00e9tendu qu&rsquo;elle avait \u00e9t\u00e9 achet\u00e9e par Volodymyr Zelensky 14 millions d&rsquo;euros pour l&rsquo;offrir \u00e0 son \u00e9pouse.<\/p>\n<p>Enfin, si le chiffre de 400 millions de dollars d&rsquo;aide \u00e0 l&rsquo;Ukraine pr\u00e9tendument d\u00e9tourn\u00e9s par le pr\u00e9sident ukrainien \u00e9manerait de \u00ab\u00a0<em>la CIA\u00a0\u00bb<\/em>, selon la vid\u00e9o en allemand, celle-ci reprend en fait un montant avanc\u00e9 en avril 2023 par l&rsquo;ancien journaliste d&rsquo;investigation am\u00e9ricain Seymour Hersh dans un article (<a href=\"https:\/\/perma.cc\/9FVC-5BKL\" target=\"_blank\" rel=\"noopener\" shape=\"rect\">lien archiv\u00e9<\/a>) publi\u00e9 sur la plateforme Substack. Il y citait, sans plus de pr\u00e9cision, une \u00ab\u00a0<em>estimation d&rsquo;analystes de la Central Intelligence Agency <\/em>[CIA]\u00a0\u00bb.<\/p>\n<p>Contact\u00e9e, la CIA n&rsquo;avait pas donn\u00e9 suite aux sollicitations de l&rsquo;AFP au moment de la publication de cet article.<\/p>\n<p>&nbsp;<\/p>\n<div class=\"g2image\">\n<figure><img src=\"https:\/\/belux-edmo.s3-accelerate.amazonaws.com\/wp-content\/uploads\/2023\/06\/1d3391988fd222fbc2c4673f54686fa995b11acb-ipad.jpg\" \/><figcaption>Le pr\u00e9sident ukrainien Volodymyr Zelensky lors d&rsquo;une conf\u00e9rence de presse \u00e0 Kiev, le 2 juin 2023. &#8211; SERGEI SUPINSKY \/ AFP<\/figcaption><\/figure>\n<\/div>\n<p>&nbsp;<\/p>\n<p><b>Des accusations r\u00e9currentes sur le patrimoine du pr\u00e9sident ukrainien<\/b><\/p>\n<p><a href=\"https:\/\/factuel.afp.com\/doc.afp.com.33B99QJ\" target=\"_blank\" rel=\"noopener\" shape=\"rect\">Fin f\u00e9vrier 2023<\/a>, apr\u00e8s l&rsquo;annonce par le gouvernement am\u00e9ricain d&rsquo;un <a href=\"https:\/\/www.lalibre.be\/international\/europe\/guerre-ukraine-russie\/2023\/02\/03\/guerre-en-ukraine-les-etats-unis-annoncent-une-nouvelle-aide-militaire-de-plus-de-2-milliards-de-dollars-GT2AZ2AMABCODE7CINM2LL5TMY\/\" target=\"_blank\" rel=\"noopener\" shape=\"rect\">nouveau plan d&rsquo;aide<\/a>\u00a0(<a href=\"https:\/\/perma.cc\/4EL9-C9ZU\" target=\"_blank\" rel=\"noopener\" shape=\"rect\">lien archiv\u00e9<\/a>) de 2 milliards de dollars \u00e0 l&rsquo;Ukraine, un message pr\u00e9sentant Volodymyr Zelensky comme un milliardaire dot\u00e9 d&rsquo;un patrimoine massif, avait commenc\u00e9 \u00e0 circuler sur les r\u00e9seaux sociaux, alors que les Etats-Unis avaient, \u00e0 ce stade, selon le Pentagone, fourni plus de la moiti\u00e9 des 50 milliards de dollars d&rsquo;aide militaire re\u00e7us par Kiev depuis le d\u00e9but de la guerre. Un soutien qui a suscit\u00e9 de nombreuses critiques de politiques am\u00e9ricains.<\/p>\n<p>Dans <a href=\"https:\/\/www.forbes.com\/sites\/mattdurot\/2022\/04\/20\/president-zelensky-is-not-a-billionaire-so-how-much-is-he-worth\/?sh=3d5b71645bb0\" target=\"_blank\" rel=\"noopener\" shape=\"rect\">un article paru en avril 2022<\/a> (<a href=\"https:\/\/perma.cc\/8HQX-4GUZ\" target=\"_blank\" rel=\"noopener\" shape=\"rect\">lien archiv\u00e9<\/a>), le magazine Forbes a estim\u00e9 la fortune totale du pr\u00e9sident ukrainien entre 20 et 29 millions de dollars. Plusieurs m\u00e9dias, dont certains ukrainiens, sont parvenus \u00e0 une estimation similaire (<a href=\"https:\/\/www.logically.ai\/factchecks\/library\/436ead16\" target=\"_blank\" rel=\"noopener\" shape=\"rect\">1<\/a>,\u00a0<a href=\"https:\/\/mythdetector.ge\/en\/what-is-the-actual-net-worth-of-zelenskyy-and-is-it-linked-to-his-political-career\/\" target=\"_blank\" rel=\"noopener\" shape=\"rect\">2<\/a>,\u00a0<a href=\"https:\/\/www.stopfake.org\/en\/fake-zelensky-s-fortune-estimated-at-850-million\/\" target=\"_blank\" rel=\"noopener\" shape=\"rect\">3<\/a> &#8211; liens archiv\u00e9s <a href=\"https:\/\/perma.cc\/W6HV-GZJQ?type=image\" target=\"_blank\" rel=\"noopener\" shape=\"rect\">1<\/a>, <a href=\"https:\/\/perma.cc\/6MUY-7DJL\" target=\"_blank\" rel=\"noopener\" shape=\"rect\">2<\/a>, <a href=\"https:\/\/perma.cc\/J7JL-AR43\" target=\"_blank\" rel=\"noopener\" shape=\"rect\">3<\/a>).<\/p>\n<p>Selon le magazine, son patrimoine immobilier vaudrait\u00a04 millions de dollars. Le magazine estime que l&rsquo;Ukraine compte sept milliardaires et souligne que Volodymyr Zelensky n&rsquo;en ferait pas partie, contrairement \u00e0 ce qui est affirm\u00e9 sur les r\u00e9seaux sociaux.<\/p>\n<p>D\u00e9j\u00e0 accus\u00e9 \u00e0 l&rsquo;\u00e9t\u00e9 2022 par certains internautes d&rsquo;\u00eatre corrompu sur la foi\u00a0<a href=\"https:\/\/factuel.afp.com\/doc.afp.com.32EA2MA\" target=\"_blank\" rel=\"noopener\" shape=\"rect\">d&rsquo;une couverture de magazine falsifi\u00e9e<\/a>, le pr\u00e9sident ukrainien Volodymyr Zelensky, qui a fond\u00e9 son image sur la lutte contre la corruption &#8211; l&rsquo;Ukraine a \u00e9t\u00e9 class\u00e9e 122e sur 180 pays dans <a href=\"https:\/\/www.transparency.org\/en\/cpi\/2021\" target=\"_blank\" rel=\"noopener\" shape=\"rect\">le rapport 2021<\/a> (<a href=\"https:\/\/perma.cc\/TL8U-FN5K\" target=\"_blank\" rel=\"noopener\" shape=\"rect\">lien archiv\u00e9<\/a>) sur la corruption de l&rsquo;ONG Transparency International -, a <a href=\"https:\/\/www.courrier-picard.fr\/id237478\/article\/2021-10-04\/qui-sont-les-politiques-stars-et-dirigeants-vises-par-le-scandale-des-pandora#:~:text=Plusieurs%20pays%20et%20dirigeants%20ont%20rejet%C3%A9%20ce%20lundi%204%20octobre,notamment%20%C3%A0%20des%20fins%20d\" target=\"_blank\" rel=\"noopener\" shape=\"rect\">\u00e9t\u00e9 mis en cause<\/a> (<a href=\"https:\/\/perma.cc\/9GCK-M3DC\" target=\"_blank\" rel=\"noopener\" shape=\"rect\">lien archiv\u00e9<\/a>) dans les r\u00e9v\u00e9lations des Pandora Papers, vaste enqu\u00eate du Consortium international des journalistes d&rsquo;investigation publi\u00e9e en 2021, et qui s&rsquo;appuyait sur quelque 12 millions de documents provenant de 14 soci\u00e9t\u00e9s de services financiers.<\/p>\n<p>L&rsquo;enqu\u00eate l&rsquo;accusait alors d&rsquo;avoir mis en place \u00e0 partir de 2012 un r\u00e9seau d&rsquo;entreprises offshore qui aurait notamment servi \u00e0 acheter trois propri\u00e9t\u00e9s cossues \u00e0 Londres. Selon la m\u00eame source, juste avant son \u00e9lection \u00e0 la pr\u00e9sidence ukrainienne en 2019, Volodymyr Zelensky a c\u00e9d\u00e9 ses parts dans l&rsquo;une de ces soci\u00e9t\u00e9s offshore, Maltex Multicapital, \u00e0 son associ\u00e9 de l&rsquo;\u00e9poque Sergu\u00ef Chefir, devenu ensuite son premier conseiller.<\/p>\n<p>Mais \u00ab\u00a0<em>rien n&rsquo;indique que le pr\u00e9sident lui-m\u00eame ait particip\u00e9 aux transactions immobili\u00e8res londoniennes\u00a0\u00bb<\/em>,\u00a0<a href=\"https:\/\/www.occrp.org\/en\/the-pandora-papers\/pandora-papers-reveal-offshore-holdings-of-ukrainian-president-and-his-inner-circle\" target=\"_blank\" rel=\"noopener\" shape=\"rect\">\u00e9crivait\u00a0<\/a>(<a href=\"https:\/\/perma.cc\/9E2P-WBLA\" target=\"_blank\" rel=\"noopener\" shape=\"rect\">lien archiv\u00e9<\/a>) \u00e0 l&rsquo;\u00e9poque l&rsquo;Organised Crime and Corruption Reporting Project (OCCRP).<\/p>\n<p>L&rsquo;administration pr\u00e9sidentielle ukrainienne avait argu\u00e9 \u00e0 l&rsquo;\u00e9poque que Volodymyr Zelensky et ses associ\u00e9s tentaient de se \u00ab\u00a0<em>prot\u00e9ger<\/em>\u00a0\u00bb contre les \u00ab\u00a0<em>actions agressives<\/em>\u00a0\u00bb du r\u00e9gime de l&rsquo;ex-pr\u00e9sident pro-russe Viktor Ianoukovitch.<\/p>\n<div class=\"g2image\">\n<figure><img src=\"https:\/\/belux-edmo.s3-accelerate.amazonaws.com\/wp-content\/uploads\/2023\/06\/4761db9177377ceeedb4db8f0740eff333efa375-ipad.jpg\" \/><figcaption>Le pr\u00e9sident ukrainien Volodymyr Zelensky avec Emmanuel Macron, le 14 mai 2023 \u00e0 l&rsquo;Elys\u00e9e, \u00e0 Paris<\/figcaption><\/figure>\n<\/div>\n<p><b>Pas de violations majeures li\u00e9es \u00e0 l&rsquo;aide occidentale<\/b><\/p>\n<p>L&rsquo;Ukraine, dont l&rsquo;effort de guerre d\u00e9pend en majeure partie du soutien occidental, a \u00e9t\u00e9 secou\u00e9e\u00a0<a href=\"https:\/\/www.lefigaro.fr\/international\/ukraine-soupconne-de-detournement-de-fonds-un-haut-responsable-ministeriel-limoge-20230122\" target=\"_blank\" rel=\"noopener\" shape=\"rect\">en janvier 2023<\/a> (<a href=\"https:\/\/perma.cc\/TCC5-ALRL\" target=\"_blank\" rel=\"noopener\" shape=\"rect\">lien archiv\u00e9<\/a>) par un important scandale de corruption pr\u00e9sum\u00e9e concernant des approvisionnements de l&rsquo;arm\u00e9e. Plusieurs responsables politiques ont \u00e9t\u00e9 limog\u00e9s.<\/p>\n<p><a href=\"https:\/\/www.laprovence.com\/article\/france-monde\/46889174540362\/linvasion-russe-a-etouffe-la-corruption-en-ukraine-selon-un-responsable-anticorruption\" target=\"_blank\" rel=\"noopener\" shape=\"rect\">Selon Oleksandre Novikov<\/a> (<a href=\"https:\/\/perma.cc\/K6L5-WN5X\" target=\"_blank\" rel=\"noopener\" shape=\"rect\">lien archiv\u00e9<\/a>), chef de l&rsquo;Agence nationale de pr\u00e9vention de la corruption (Nazk), les pertes financi\u00e8res de l&rsquo;Ukraine li\u00e9es \u00e0 la corruption \u00e9taient estim\u00e9es \u00e0 environ 7 milliards d&rsquo;euros par an en 2020. <em>\u00ab\u00a0La plupart de ces pertes \u00e9taient li\u00e9es au secteurs du fisc et des douanes. Depuis, aucun changement consid\u00e9rable n&rsquo;a eu lieu\u00a0\u00bb<\/em>, regrette le responsable.<\/p>\n<p>En revanche,\u00a0<a href=\"https:\/\/www.laprovence.com\/article\/france-monde\/46889174540362\/linvasion-russe-a-etouffe-la-corruption-en-ukraine-selon-un-responsable-anticorruption\" target=\"_blank\" rel=\"noopener\" shape=\"rect\">il a affirm\u00e9\u00a0<\/a>(<a href=\"https:\/\/perma.cc\/K6L5-WN5X\" target=\"_blank\" rel=\"noopener\" shape=\"rect\">lien archiv\u00e9<\/a>) que son agence<strong><em>\u00a0\u00ab\u00a0n&rsquo;a trouv\u00e9 aucune violation majeure dans l&rsquo;utilisation de l&rsquo;aide occidentale\u00a0\u00bb<\/em><\/strong>. Si des infractions concernant l&rsquo;assistance humanitaire ont \u00e9t\u00e9 d\u00e9couvertes, elles n&rsquo;ont pas \u00e9t\u00e9\u00a0<em>\u00ab\u00a0importantes ou syst\u00e9miques\u00a0\u00bb,<\/em>\u00a0assure Oleksandre Novikov.<\/p>\n","protected":false},"excerpt":{"rendered":"<p>\u00ab\u00a0Ukraine : \u00ab\u00a0C&rsquo;est officiel, Volodymyr Zelensky a d\u00e9tourn\u00e9 plus de 400 millions de dollars des aides occidentales pour acqu\u00e9rir des biens immobiliers un peu partout dans le monde\u00a0\u00bb, soutiennent, sur Twitter (1, 2, 3) comme sur Facebook (4, 5, 6) et sur Telegram (7), des publications partag\u00e9es des milliers de fois depuis fin mai 2023.\u00a0<\/p>\n","protected":false},"author":1,"featured_media":267236,"comment_status":"closed","ping_status":"open","sticky":false,"template":"","format":"standard","meta":{"_acf_changed":false,"footnotes":""},"categories":[125,132,214],"tags":[],"class_list":{"0":"post-267261","1":"post","2":"type-post","3":"status-publish","4":"format-standard","5":"has-post-thumbnail","7":"category-fact-check-fr","8":"category-politique","9":"category-ukraine-fr"},"acf":{"show_metatags":true,"id":"http:\/\/doc.afp.com\/33GQ4WA","authors":"Alexis ORSINI \/ AFP France","organization":"AFP","featured_image_copyright":"","text_copyright":"\u00a9 AGENCE FRANCE-PRESSE | 2023 | Tous droits r\u00e9serv\u00e9s. L\u2019acc\u00e8s aux contenus de l'AFP publi\u00e9s sur ce site et, le cas \u00e9ch\u00e9ant, leur utilisation sont soumis aux conditions g\u00e9n\u00e9rales d'utilisation disponibles sur <a href='https:\/\/www.afp.com\/fr\/cgu' target='_blank'>CGU<\/a>. Par cons\u00e9quent, en acc\u00e9dant aux contenus de l\u2019AFP publi\u00e9s sur ce site, et en les utilisant, le cas \u00e9ch\u00e9ant, vous acceptez d'\u00eatre li\u00e9 par les conditions g\u00e9n\u00e9rales d'utilisation susmentionn\u00e9es. L\u2019utilisation de contenus de l'AFP se fait sous votre seule et enti\u00e8re responsabilit\u00e9.","source":"https:\/\/factuel.afp.com\/doc.afp.com.33GQ4WA","fact_checker":"https:\/\/belux.wpengine.com\/wp-content\/uploads\/2021\/12\/afp_logo.png","type":"\u00c9v\u00e9nement ferm\u00e9","location":"","start_date":"","start_date_event_begins_at":"","start_date_event_ends_at":"","end_date":"","end_date_event_begins_at":"","end_date_event_ends_at":"","organizer":"","fact_checker_logo_image":false},"yoast_head":"<!-- This site is optimized with the Yoast SEO plugin v27.0 - https:\/\/yoast.com\/product\/yoast-seo-wordpress\/ -->\n<title>Non, cet extrait vid\u00e9o tronqu\u00e9 de LCI ne prouve pas que Zelensky a d\u00e9tourn\u00e9 400 millions de dollars d&#039;aide \u00e0 l&#039;Ukraine - EDMO Belux<\/title>\n<meta name=\"robots\" content=\"index, follow, max-snippet:-1, max-image-preview:large, max-video-preview:-1\" \/>\n<link rel=\"canonical\" href=\"https:\/\/belux.edmo.eu\/fr\/non-cet-extrait-vido-tronqu-de-lci-ne-prouve-pas-que-zelensky-a-dtourn-400-millions-de-dollars-daide-lukraine\/\" \/>\n<meta property=\"og:locale\" content=\"fr_FR\" \/>\n<meta property=\"og:type\" content=\"article\" \/>\n<meta property=\"og:title\" content=\"Non, cet extrait vid\u00e9o tronqu\u00e9 de LCI ne prouve pas que Zelensky a d\u00e9tourn\u00e9 400 millions de dollars d&#039;aide \u00e0 l&#039;Ukraine - EDMO Belux\" \/>\n<meta property=\"og:description\" content=\"&quot;Ukraine : &quot;C&#039;est officiel, Volodymyr Zelensky a d\u00e9tourn\u00e9 plus de 400 millions de dollars des aides occidentales pour acqu\u00e9rir des biens immobiliers un peu partout dans le monde&quot;, soutiennent, sur Twitter (1, 2, 3) comme sur Facebook (4, 5, 6) et sur Telegram (7), des publications partag\u00e9es des milliers de fois depuis fin mai 2023.\u00a0\" \/>\n<meta property=\"og:url\" content=\"https:\/\/belux.edmo.eu\/fr\/non-cet-extrait-vido-tronqu-de-lci-ne-prouve-pas-que-zelensky-a-dtourn-400-millions-de-dollars-daide-lukraine\/\" \/>\n<meta property=\"og:site_name\" content=\"EDMO Belux\" \/>\n<meta property=\"article:published_time\" content=\"2023-06-06T07:00:27+00:00\" \/>\n<meta property=\"article:modified_time\" content=\"2023-06-06T08:33:38+00:00\" \/>\n<meta property=\"og:image\" content=\"https:\/\/belux-edmo.s3-accelerate.amazonaws.com\/wp-content\/uploads\/2023\/06\/b59ab0f290c9e2871a2209cd1604d367cf87f613-ipad.jpg\" \/>\n\t<meta property=\"og:image:width\" content=\"1080\" \/>\n\t<meta property=\"og:image:height\" content=\"540\" \/>\n\t<meta property=\"og:image:type\" content=\"image\/jpeg\" \/>\n<meta name=\"author\" content=\"master\" \/>\n<meta name=\"twitter:card\" content=\"summary_large_image\" \/>\n<meta name=\"twitter:creator\" content=\"@Edmo_Belux\" \/>\n<meta name=\"twitter:site\" content=\"@Edmo_Belux\" \/>\n<meta name=\"twitter:label1\" content=\"\u00c9crit par\" \/>\n\t<meta name=\"twitter:data1\" content=\"master\" \/>\n\t<meta name=\"twitter:label2\" content=\"Dur\u00e9e de lecture estim\u00e9e\" \/>\n\t<meta name=\"twitter:data2\" content=\"10 minutes\" \/>\n<script type=\"application\/ld+json\" class=\"yoast-schema-graph\">{\"@context\":\"https:\/\/schema.org\",\"@graph\":[{\"@type\":\"Article\",\"@id\":\"https:\/\/belux.edmo.eu\/fr\/non-cet-extrait-vido-tronqu-de-lci-ne-prouve-pas-que-zelensky-a-dtourn-400-millions-de-dollars-daide-lukraine\/#article\",\"isPartOf\":{\"@id\":\"https:\/\/belux.edmo.eu\/fr\/non-cet-extrait-vido-tronqu-de-lci-ne-prouve-pas-que-zelensky-a-dtourn-400-millions-de-dollars-daide-lukraine\/\"},\"author\":{\"name\":\"master\",\"@id\":\"https:\/\/belux.edmo.eu\/#\/schema\/person\/dbe3b252258537fd318f9b5645a30342\"},\"headline\":\"Non, cet extrait vid\u00e9o tronqu\u00e9 de LCI ne prouve pas que Zelensky a d\u00e9tourn\u00e9 400 millions de dollars d&rsquo;aide \u00e0 l&rsquo;Ukraine\",\"datePublished\":\"2023-06-06T07:00:27+00:00\",\"dateModified\":\"2023-06-06T08:33:38+00:00\",\"mainEntityOfPage\":{\"@id\":\"https:\/\/belux.edmo.eu\/fr\/non-cet-extrait-vido-tronqu-de-lci-ne-prouve-pas-que-zelensky-a-dtourn-400-millions-de-dollars-daide-lukraine\/\"},\"wordCount\":2199,\"publisher\":{\"@id\":\"https:\/\/belux.edmo.eu\/#organization\"},\"image\":{\"@id\":\"https:\/\/belux.edmo.eu\/fr\/non-cet-extrait-vido-tronqu-de-lci-ne-prouve-pas-que-zelensky-a-dtourn-400-millions-de-dollars-daide-lukraine\/#primaryimage\"},\"thumbnailUrl\":\"https:\/\/belux-edmo.s3-accelerate.amazonaws.com\/wp-content\/uploads\/2023\/06\/b59ab0f290c9e2871a2209cd1604d367cf87f613-ipad.jpg\",\"articleSection\":[\"Fact-Check\",\"Politique\",\"Ukraine\"],\"inLanguage\":\"fr-FR\"},{\"@type\":\"WebPage\",\"@id\":\"https:\/\/belux.edmo.eu\/fr\/non-cet-extrait-vido-tronqu-de-lci-ne-prouve-pas-que-zelensky-a-dtourn-400-millions-de-dollars-daide-lukraine\/\",\"url\":\"https:\/\/belux.edmo.eu\/fr\/non-cet-extrait-vido-tronqu-de-lci-ne-prouve-pas-que-zelensky-a-dtourn-400-millions-de-dollars-daide-lukraine\/\",\"name\":\"Non, cet extrait vid\u00e9o tronqu\u00e9 de LCI ne prouve pas que Zelensky a d\u00e9tourn\u00e9 400 millions de dollars d'aide \u00e0 l'Ukraine - EDMO Belux\",\"isPartOf\":{\"@id\":\"https:\/\/belux.edmo.eu\/#website\"},\"primaryImageOfPage\":{\"@id\":\"https:\/\/belux.edmo.eu\/fr\/non-cet-extrait-vido-tronqu-de-lci-ne-prouve-pas-que-zelensky-a-dtourn-400-millions-de-dollars-daide-lukraine\/#primaryimage\"},\"image\":{\"@id\":\"https:\/\/belux.edmo.eu\/fr\/non-cet-extrait-vido-tronqu-de-lci-ne-prouve-pas-que-zelensky-a-dtourn-400-millions-de-dollars-daide-lukraine\/#primaryimage\"},\"thumbnailUrl\":\"https:\/\/belux-edmo.s3-accelerate.amazonaws.com\/wp-content\/uploads\/2023\/06\/b59ab0f290c9e2871a2209cd1604d367cf87f613-ipad.jpg\",\"datePublished\":\"2023-06-06T07:00:27+00:00\",\"dateModified\":\"2023-06-06T08:33:38+00:00\",\"breadcrumb\":{\"@id\":\"https:\/\/belux.edmo.eu\/fr\/non-cet-extrait-vido-tronqu-de-lci-ne-prouve-pas-que-zelensky-a-dtourn-400-millions-de-dollars-daide-lukraine\/#breadcrumb\"},\"inLanguage\":\"fr-FR\",\"potentialAction\":[{\"@type\":\"ReadAction\",\"target\":[\"https:\/\/belux.edmo.eu\/fr\/non-cet-extrait-vido-tronqu-de-lci-ne-prouve-pas-que-zelensky-a-dtourn-400-millions-de-dollars-daide-lukraine\/\"]}]},{\"@type\":\"ImageObject\",\"inLanguage\":\"fr-FR\",\"@id\":\"https:\/\/belux.edmo.eu\/fr\/non-cet-extrait-vido-tronqu-de-lci-ne-prouve-pas-que-zelensky-a-dtourn-400-millions-de-dollars-daide-lukraine\/#primaryimage\",\"url\":\"https:\/\/belux-edmo.s3-accelerate.amazonaws.com\/wp-content\/uploads\/2023\/06\/b59ab0f290c9e2871a2209cd1604d367cf87f613-ipad.jpg\",\"contentUrl\":\"https:\/\/belux-edmo.s3-accelerate.amazonaws.com\/wp-content\/uploads\/2023\/06\/b59ab0f290c9e2871a2209cd1604d367cf87f613-ipad.jpg\",\"width\":1080,\"height\":540,\"caption\":\"Non, cet extrait vid\u00e9o tronqu\u00e9 de LCI ne prouve pas que Zelensky a d\u00e9tourn\u00e9 400 millions de dollars d'aide \u00e0 l'Ukraine - Featured image\"},{\"@type\":\"BreadcrumbList\",\"@id\":\"https:\/\/belux.edmo.eu\/fr\/non-cet-extrait-vido-tronqu-de-lci-ne-prouve-pas-que-zelensky-a-dtourn-400-millions-de-dollars-daide-lukraine\/#breadcrumb\",\"itemListElement\":[{\"@type\":\"ListItem\",\"position\":1,\"name\":\"Home\",\"item\":\"https:\/\/belux.edmo.eu\/fr\/\"},{\"@type\":\"ListItem\",\"position\":2,\"name\":\"Non, cet extrait vid\u00e9o tronqu\u00e9 de LCI ne prouve pas que Zelensky a d\u00e9tourn\u00e9 400 millions de dollars d&#8217;aide \u00e0 l&#8217;Ukraine\"}]},{\"@type\":\"WebSite\",\"@id\":\"https:\/\/belux.edmo.eu\/#website\",\"url\":\"https:\/\/belux.edmo.eu\/\",\"name\":\"EDMO Belux\",\"description\":\"Monitoring Disinformation in Belgium and Luxembourg\",\"publisher\":{\"@id\":\"https:\/\/belux.edmo.eu\/#organization\"},\"potentialAction\":[{\"@type\":\"SearchAction\",\"target\":{\"@type\":\"EntryPoint\",\"urlTemplate\":\"https:\/\/belux.edmo.eu\/?s={search_term_string}\"},\"query-input\":{\"@type\":\"PropertyValueSpecification\",\"valueRequired\":true,\"valueName\":\"search_term_string\"}}],\"inLanguage\":\"fr-FR\"},{\"@type\":\"Organization\",\"@id\":\"https:\/\/belux.edmo.eu\/#organization\",\"name\":\"EDMO Belux\",\"url\":\"https:\/\/belux.edmo.eu\/\",\"logo\":{\"@type\":\"ImageObject\",\"inLanguage\":\"fr-FR\",\"@id\":\"https:\/\/belux.edmo.eu\/#\/schema\/logo\/image\/\",\"url\":\"https:\/\/belux.edmo.eu\/wp-content\/uploads\/2021\/12\/belux-logo-full-color-rgb.svg\",\"contentUrl\":\"https:\/\/belux.edmo.eu\/wp-content\/uploads\/2021\/12\/belux-logo-full-color-rgb.svg\",\"width\":1,\"height\":1,\"caption\":\"EDMO Belux\"},\"image\":{\"@id\":\"https:\/\/belux.edmo.eu\/#\/schema\/logo\/image\/\"},\"sameAs\":[\"https:\/\/x.com\/Edmo_Belux\"]},{\"@type\":\"Person\",\"@id\":\"https:\/\/belux.edmo.eu\/#\/schema\/person\/dbe3b252258537fd318f9b5645a30342\",\"name\":\"master\",\"sameAs\":[\"https:\/\/belux.wpengine.com\"],\"url\":\"https:\/\/belux.edmo.eu\/fr\/author\/master\/\"}]}<\/script>\n<!-- \/ Yoast SEO plugin. -->","yoast_head_json":{"title":"Non, cet extrait vid\u00e9o tronqu\u00e9 de LCI ne prouve pas que Zelensky a d\u00e9tourn\u00e9 400 millions de dollars d'aide \u00e0 l'Ukraine - EDMO Belux","robots":{"index":"index","follow":"follow","max-snippet":"max-snippet:-1","max-image-preview":"max-image-preview:large","max-video-preview":"max-video-preview:-1"},"canonical":"https:\/\/belux.edmo.eu\/fr\/non-cet-extrait-vido-tronqu-de-lci-ne-prouve-pas-que-zelensky-a-dtourn-400-millions-de-dollars-daide-lukraine\/","og_locale":"fr_FR","og_type":"article","og_title":"Non, cet extrait vid\u00e9o tronqu\u00e9 de LCI ne prouve pas que Zelensky a d\u00e9tourn\u00e9 400 millions de dollars d'aide \u00e0 l'Ukraine - EDMO Belux","og_description":"\"Ukraine : \"C'est officiel, Volodymyr Zelensky a d\u00e9tourn\u00e9 plus de 400 millions de dollars des aides occidentales pour acqu\u00e9rir des biens immobiliers un peu partout dans le monde\", soutiennent, sur Twitter (1, 2, 3) comme sur Facebook (4, 5, 6) et sur Telegram (7), des publications partag\u00e9es des milliers de fois depuis fin mai 2023.\u00a0","og_url":"https:\/\/belux.edmo.eu\/fr\/non-cet-extrait-vido-tronqu-de-lci-ne-prouve-pas-que-zelensky-a-dtourn-400-millions-de-dollars-daide-lukraine\/","og_site_name":"EDMO Belux","article_published_time":"2023-06-06T07:00:27+00:00","article_modified_time":"2023-06-06T08:33:38+00:00","og_image":[{"width":1080,"height":540,"url":"https:\/\/belux-edmo.s3-accelerate.amazonaws.com\/wp-content\/uploads\/2023\/06\/b59ab0f290c9e2871a2209cd1604d367cf87f613-ipad.jpg","type":"image\/jpeg"}],"author":"master","twitter_card":"summary_large_image","twitter_creator":"@Edmo_Belux","twitter_site":"@Edmo_Belux","twitter_misc":{"\u00c9crit par":"master","Dur\u00e9e de lecture estim\u00e9e":"10 minutes"},"schema":{"@context":"https:\/\/schema.org","@graph":[{"@type":"Article","@id":"https:\/\/belux.edmo.eu\/fr\/non-cet-extrait-vido-tronqu-de-lci-ne-prouve-pas-que-zelensky-a-dtourn-400-millions-de-dollars-daide-lukraine\/#article","isPartOf":{"@id":"https:\/\/belux.edmo.eu\/fr\/non-cet-extrait-vido-tronqu-de-lci-ne-prouve-pas-que-zelensky-a-dtourn-400-millions-de-dollars-daide-lukraine\/"},"author":{"name":"master","@id":"https:\/\/belux.edmo.eu\/#\/schema\/person\/dbe3b252258537fd318f9b5645a30342"},"headline":"Non, cet extrait vid\u00e9o tronqu\u00e9 de LCI ne prouve pas que Zelensky a d\u00e9tourn\u00e9 400 millions de dollars d&rsquo;aide \u00e0 l&rsquo;Ukraine","datePublished":"2023-06-06T07:00:27+00:00","dateModified":"2023-06-06T08:33:38+00:00","mainEntityOfPage":{"@id":"https:\/\/belux.edmo.eu\/fr\/non-cet-extrait-vido-tronqu-de-lci-ne-prouve-pas-que-zelensky-a-dtourn-400-millions-de-dollars-daide-lukraine\/"},"wordCount":2199,"publisher":{"@id":"https:\/\/belux.edmo.eu\/#organization"},"image":{"@id":"https:\/\/belux.edmo.eu\/fr\/non-cet-extrait-vido-tronqu-de-lci-ne-prouve-pas-que-zelensky-a-dtourn-400-millions-de-dollars-daide-lukraine\/#primaryimage"},"thumbnailUrl":"https:\/\/belux-edmo.s3-accelerate.amazonaws.com\/wp-content\/uploads\/2023\/06\/b59ab0f290c9e2871a2209cd1604d367cf87f613-ipad.jpg","articleSection":["Fact-Check","Politique","Ukraine"],"inLanguage":"fr-FR"},{"@type":"WebPage","@id":"https:\/\/belux.edmo.eu\/fr\/non-cet-extrait-vido-tronqu-de-lci-ne-prouve-pas-que-zelensky-a-dtourn-400-millions-de-dollars-daide-lukraine\/","url":"https:\/\/belux.edmo.eu\/fr\/non-cet-extrait-vido-tronqu-de-lci-ne-prouve-pas-que-zelensky-a-dtourn-400-millions-de-dollars-daide-lukraine\/","name":"Non, cet extrait vid\u00e9o tronqu\u00e9 de LCI ne prouve pas que Zelensky a d\u00e9tourn\u00e9 400 millions de dollars d'aide \u00e0 l'Ukraine - EDMO Belux","isPartOf":{"@id":"https:\/\/belux.edmo.eu\/#website"},"primaryImageOfPage":{"@id":"https:\/\/belux.edmo.eu\/fr\/non-cet-extrait-vido-tronqu-de-lci-ne-prouve-pas-que-zelensky-a-dtourn-400-millions-de-dollars-daide-lukraine\/#primaryimage"},"image":{"@id":"https:\/\/belux.edmo.eu\/fr\/non-cet-extrait-vido-tronqu-de-lci-ne-prouve-pas-que-zelensky-a-dtourn-400-millions-de-dollars-daide-lukraine\/#primaryimage"},"thumbnailUrl":"https:\/\/belux-edmo.s3-accelerate.amazonaws.com\/wp-content\/uploads\/2023\/06\/b59ab0f290c9e2871a2209cd1604d367cf87f613-ipad.jpg","datePublished":"2023-06-06T07:00:27+00:00","dateModified":"2023-06-06T08:33:38+00:00","breadcrumb":{"@id":"https:\/\/belux.edmo.eu\/fr\/non-cet-extrait-vido-tronqu-de-lci-ne-prouve-pas-que-zelensky-a-dtourn-400-millions-de-dollars-daide-lukraine\/#breadcrumb"},"inLanguage":"fr-FR","potentialAction":[{"@type":"ReadAction","target":["https:\/\/belux.edmo.eu\/fr\/non-cet-extrait-vido-tronqu-de-lci-ne-prouve-pas-que-zelensky-a-dtourn-400-millions-de-dollars-daide-lukraine\/"]}]},{"@type":"ImageObject","inLanguage":"fr-FR","@id":"https:\/\/belux.edmo.eu\/fr\/non-cet-extrait-vido-tronqu-de-lci-ne-prouve-pas-que-zelensky-a-dtourn-400-millions-de-dollars-daide-lukraine\/#primaryimage","url":"https:\/\/belux-edmo.s3-accelerate.amazonaws.com\/wp-content\/uploads\/2023\/06\/b59ab0f290c9e2871a2209cd1604d367cf87f613-ipad.jpg","contentUrl":"https:\/\/belux-edmo.s3-accelerate.amazonaws.com\/wp-content\/uploads\/2023\/06\/b59ab0f290c9e2871a2209cd1604d367cf87f613-ipad.jpg","width":1080,"height":540,"caption":"Non, cet extrait vid\u00e9o tronqu\u00e9 de LCI ne prouve pas que Zelensky a d\u00e9tourn\u00e9 400 millions de dollars d'aide \u00e0 l'Ukraine - Featured image"},{"@type":"BreadcrumbList","@id":"https:\/\/belux.edmo.eu\/fr\/non-cet-extrait-vido-tronqu-de-lci-ne-prouve-pas-que-zelensky-a-dtourn-400-millions-de-dollars-daide-lukraine\/#breadcrumb","itemListElement":[{"@type":"ListItem","position":1,"name":"Home","item":"https:\/\/belux.edmo.eu\/fr\/"},{"@type":"ListItem","position":2,"name":"Non, cet extrait vid\u00e9o tronqu\u00e9 de LCI ne prouve pas que Zelensky a d\u00e9tourn\u00e9 400 millions de dollars d&#8217;aide \u00e0 l&#8217;Ukraine"}]},{"@type":"WebSite","@id":"https:\/\/belux.edmo.eu\/#website","url":"https:\/\/belux.edmo.eu\/","name":"EDMO Belux","description":"Monitoring Disinformation in Belgium and Luxembourg","publisher":{"@id":"https:\/\/belux.edmo.eu\/#organization"},"potentialAction":[{"@type":"SearchAction","target":{"@type":"EntryPoint","urlTemplate":"https:\/\/belux.edmo.eu\/?s={search_term_string}"},"query-input":{"@type":"PropertyValueSpecification","valueRequired":true,"valueName":"search_term_string"}}],"inLanguage":"fr-FR"},{"@type":"Organization","@id":"https:\/\/belux.edmo.eu\/#organization","name":"EDMO Belux","url":"https:\/\/belux.edmo.eu\/","logo":{"@type":"ImageObject","inLanguage":"fr-FR","@id":"https:\/\/belux.edmo.eu\/#\/schema\/logo\/image\/","url":"https:\/\/belux.edmo.eu\/wp-content\/uploads\/2021\/12\/belux-logo-full-color-rgb.svg","contentUrl":"https:\/\/belux.edmo.eu\/wp-content\/uploads\/2021\/12\/belux-logo-full-color-rgb.svg","width":1,"height":1,"caption":"EDMO Belux"},"image":{"@id":"https:\/\/belux.edmo.eu\/#\/schema\/logo\/image\/"},"sameAs":["https:\/\/x.com\/Edmo_Belux"]},{"@type":"Person","@id":"https:\/\/belux.edmo.eu\/#\/schema\/person\/dbe3b252258537fd318f9b5645a30342","name":"master","sameAs":["https:\/\/belux.wpengine.com"],"url":"https:\/\/belux.edmo.eu\/fr\/author\/master\/"}]}},"menu_order":0,"_links":{"self":[{"href":"https:\/\/belux.edmo.eu\/fr\/wp-json\/wp\/v2\/posts\/267261","targetHints":{"allow":["GET"]}}],"collection":[{"href":"https:\/\/belux.edmo.eu\/fr\/wp-json\/wp\/v2\/posts"}],"about":[{"href":"https:\/\/belux.edmo.eu\/fr\/wp-json\/wp\/v2\/types\/post"}],"author":[{"embeddable":true,"href":"https:\/\/belux.edmo.eu\/fr\/wp-json\/wp\/v2\/users\/1"}],"replies":[{"embeddable":true,"href":"https:\/\/belux.edmo.eu\/fr\/wp-json\/wp\/v2\/comments?post=267261"}],"version-history":[{"count":0,"href":"https:\/\/belux.edmo.eu\/fr\/wp-json\/wp\/v2\/posts\/267261\/revisions"}],"wp:featuredmedia":[{"embeddable":true,"href":"https:\/\/belux.edmo.eu\/fr\/wp-json\/wp\/v2\/media\/267236"}],"wp:attachment":[{"href":"https:\/\/belux.edmo.eu\/fr\/wp-json\/wp\/v2\/media?parent=267261"}],"wp:term":[{"taxonomy":"category","embeddable":true,"href":"https:\/\/belux.edmo.eu\/fr\/wp-json\/wp\/v2\/categories?post=267261"},{"taxonomy":"post_tag","embeddable":true,"href":"https:\/\/belux.edmo.eu\/fr\/wp-json\/wp\/v2\/tags?post=267261"}],"curies":[{"name":"wp","href":"https:\/\/api.w.org\/{rel}","templated":true}]}}