{"id":274988,"date":"2023-07-17T06:27:36","date_gmt":"2023-07-17T06:27:36","guid":{"rendered":"https:\/\/belux.edmo.eu\/?p=274988"},"modified":"2023-07-18T09:25:07","modified_gmt":"2023-07-18T09:25:07","slug":"fact-check-une-dlgation-luxembourgeoise-se-trouvait-elle-bord-dun-avion-de-depeche-mode","status":"publish","type":"post","link":"https:\/\/belux.edmo.eu\/fr\/fact-check-une-dlgation-luxembourgeoise-se-trouvait-elle-bord-dun-avion-de-depeche-mode\/","title":{"rendered":"Fact check: Une d\u00e9l\u00e9gation luxembourgeoise se trouvait-elle \u00e0 bord d&rsquo;un avion de Depeche Mode ?"},"content":{"rendered":"<article>\n<div>\n<div>\n<p><b>\u00a9 Screenshot Reuters<\/b><\/p>\n<\/div>\n<div>\n<p>Un Sommet de l&rsquo;OTAN se tient actuellement dans la capitale de la Lituanie. Comme ont pu le remarquer des curieux, la d\u00e9l\u00e9gation luxembourgeoise s&rsquo;y est rendue \u00e0 bord d&rsquo;un vol de la tourn\u00e9e de Depeche Mode.<\/p>\n<p>Lorsque mardi apr\u00e8s-midi le Premier ministre Xavier Bettel, le ministre des Affaires \u00e9trang\u00e8res Jean Asselborn et le ministre de la D\u00e9fense Fran\u00e7ois Bausch, ont \u00e9t\u00e9 vus dans le livestream de Reuters en train de descendre d&rsquo;un avion sur le tarmac de Vilnius, les journalistes se sont demand\u00e9 de quel appareil il s&rsquo;agissait. A c\u00f4t\u00e9 du cockpit figure sur la carlingue une t\u00eate de mort peinte en rouge avec quatre lettres en dessous (DM &#8211; MM). Une simple recherche en ligne permet de d\u00e9terminer rapidement que ce sigle signifie Depeche Mode et Memento Mori.<\/p>\n<p class=\"article-title\">Depeche Mode effectue actuellement une tourn\u00e9e mondiale<\/p>\n<p>Apr\u00e8s une pause de cinq ans, le groupe anglais effectue une nouvelle tourn\u00e9e mondiale. Le titre de son dernier album est Memento Mori. Pour sa tourn\u00e9e, le groupe se d\u00e9place \u00e0 travers le monde avec un appareil de \u00ab\u00a0Global Reach Aviation\u00a0\u00bb, comme l&rsquo;\u00e9crit le portail suisse <a href=\"https:\/\/skynews.ch\/allgemein\/bruce-springsteen-mit-757-in-zuerich-depeche-mode-mit-crj-200-in-bern\/\" target=\"_blank\" rel=\"noopener\">skynews.ch<\/a>, il s&rsquo;agirait d&rsquo;un Bombardier CRJ-200LR OY-CRJ. Depuis mars 2023, Depeche Mode utilise cet avion et c&rsquo;est la raison pour laquelle cet autocollant figure sur sa carlingue. Le groupe a donn\u00e9 son premier concert \u00e0 Sacramento aux Etats-Unis, de nombreux autres ont suivi, notamment \u00e0 New York et il y a peu \u00e0 Bordeaux. 78 concerts sont pr\u00e9vus. La tourn\u00e9e se terminera le 17 d\u00e9cembre.<\/p>\n<p><img src=\"https:\/\/belux-edmo.s3-accelerate.amazonaws.com\/wp-content\/uploads\/2023\/07\/FUkNvNsX-c8e93452ed962cd3dd7b484d0d73eab2.jpeg\" alt=\"RTL\" \/> \u00a9 Depeche Mode<\/p>\n<p class=\"article-title\">De nouveaux membres luxembourgeois dans le groupe?<\/p>\n<p>Non, Xavier Bettel, Jean Asselborn et Fran\u00e7ois Bausch ne sont pas devenus membres de Depeche Mode. Mais la d\u00e9l\u00e9gation luxembourgeoise a bien d\u00e9coll\u00e9 du Findel \u00e0 bord de cet avion pour se rendre \u00e0 Vilnius. L&rsquo;arm\u00e9e luxembourgeoise aurait r\u00e9serv\u00e9 un vol via l&rsquo;EATC (l&rsquo;European Air Transport Command). Mais comme tellement d&rsquo;avions militaires \u00e9taient utilis\u00e9s pour ce sommet, un appareil a d\u00fb \u00eatre affr\u00e9t\u00e9, a-t-il \u00e9t\u00e9 pr\u00e9cis\u00e9 \u00e0 l&rsquo;\u00e9quipe de RTL actuellement pr\u00e9sente en Lituanie.<\/p>\n<p><img src=\"https:\/\/belux-edmo.s3-accelerate.amazonaws.com\/wp-content\/uploads\/2023\/07\/UxKSwKwV-25eb7a5385c592d7baeb289950005ec8.jpeg\" alt=\"RTL\" \/> \u00a9 Screenshot Reuters<\/p>\n<p class=\"article-title\">Un Sommet important de l&rsquo;OTAN en Lituanie<\/p>\n<p>Un sommet de l&rsquo;OTAN se tient actuellement en Lituanie, dans un contexte tr\u00e8s s\u00e9rieux. La politique de d\u00e9fense commune de l&rsquo;alliance militaire devrait \u00eatre encore renforc\u00e9e. La demande d&rsquo;adh\u00e9sion de l&rsquo;Ukraine \u00e0 l&rsquo;OTAN figure aussi au programme du Sommet des chefs d&rsquo;\u00e9tat et de gouvernement \u00e0 Vilnius. Dans ce dossier, <a href=\"https:\/\/infos.rtl.lu\/actu\/luxembourg\/a\/2084519.html\" target=\"_blank\" rel=\"noopener\">le Luxembourg est toujours un partisan d\u00e9termin\u00e9 du \u00ab\u00a0Non\u00a0\u00bb, comme l&rsquo;a r\u00e9p\u00e9t\u00e9 en Lituanie le Premier ministre<\/a>, Xavier Bettel, au micro de RTL.<\/p>\n<\/div>\n<\/div>\n<\/article>\n","protected":false},"excerpt":{"rendered":"<p>Un Sommet de l&rsquo;OTAN se tient actuellement dans la capitale de la Lituanie. Comme ont pu le remarquer des curieux, la d\u00e9l\u00e9gation luxembourgeoise s&rsquo;y est rendue \u00e0 bord d&rsquo;un vol de la tourn\u00e9e de Depeche Mode.<\/p>\n","protected":false},"author":1,"featured_media":274973,"comment_status":"closed","ping_status":"open","sticky":false,"template":"","format":"standard","meta":{"_acf_changed":false,"footnotes":""},"categories":[116,132,138],"tags":[],"class_list":{"0":"post-274988","1":"post","2":"type-post","3":"status-publish","4":"format-standard","5":"has-post-thumbnail","7":"category-non-classifiee","8":"category-politique","9":"category-societe"},"acf":{"show_metatags":true,"id":"2084800","authors":"RTL L\u00ebtzebuerg","organization":"RTL","featured_image_copyright":"","text_copyright":"Copyright RTL \/ CLT-UFA S.A.","source":"https:\/\/infos.rtl.lu\/actu\/fact-check\/a\/2084800.html","fact_checker":"https:\/\/belux.wpengine.com\/wp-content\/uploads\/2021\/12\/rtl_logo.png","type":"\u00c9v\u00e9nement ferm\u00e9","location":"","start_date":"","start_date_event_begins_at":"","start_date_event_ends_at":"","end_date":"","end_date_event_begins_at":"","end_date_event_ends_at":"","organizer":"","fact_checker_logo_image":false},"yoast_head":"<!-- This site is optimized with the Yoast SEO plugin v27.0 - https:\/\/yoast.com\/product\/yoast-seo-wordpress\/ -->\n<title>Fact check: Une d\u00e9l\u00e9gation luxembourgeoise se trouvait-elle \u00e0 bord d&#039;un avion de Depeche Mode ? - EDMO Belux<\/title>\n<meta name=\"robots\" content=\"index, follow, max-snippet:-1, max-image-preview:large, max-video-preview:-1\" \/>\n<link rel=\"canonical\" href=\"https:\/\/belux.edmo.eu\/fr\/fact-check-une-dlgation-luxembourgeoise-se-trouvait-elle-bord-dun-avion-de-depeche-mode\/\" \/>\n<meta property=\"og:locale\" content=\"fr_FR\" \/>\n<meta property=\"og:type\" content=\"article\" \/>\n<meta property=\"og:title\" content=\"Fact check: Une d\u00e9l\u00e9gation luxembourgeoise se trouvait-elle \u00e0 bord d&#039;un avion de Depeche Mode ? - EDMO Belux\" \/>\n<meta property=\"og:description\" content=\"Un Sommet de l&#039;OTAN se tient actuellement dans la capitale de la Lituanie. Comme ont pu le remarquer des curieux, la d\u00e9l\u00e9gation luxembourgeoise s&#039;y est rendue \u00e0 bord d&#039;un vol de la tourn\u00e9e de Depeche Mode.\" \/>\n<meta property=\"og:url\" content=\"https:\/\/belux.edmo.eu\/fr\/fact-check-une-dlgation-luxembourgeoise-se-trouvait-elle-bord-dun-avion-de-depeche-mode\/\" \/>\n<meta property=\"og:site_name\" content=\"EDMO Belux\" \/>\n<meta property=\"article:published_time\" content=\"2023-07-17T06:27:36+00:00\" \/>\n<meta property=\"article:modified_time\" content=\"2023-07-18T09:25:07+00:00\" \/>\n<meta property=\"og:image\" content=\"https:\/\/belux-edmo.s3-accelerate.amazonaws.com\/wp-content\/uploads\/2023\/07\/8PNJSU4O-7d6ec865b038f6009fdfa199c96018c8.jpeg\" \/>\n\t<meta property=\"og:image:width\" content=\"1024\" \/>\n\t<meta property=\"og:image:height\" content=\"576\" \/>\n\t<meta property=\"og:image:type\" content=\"image\/jpeg\" \/>\n<meta name=\"author\" content=\"master\" \/>\n<meta name=\"twitter:card\" content=\"summary_large_image\" \/>\n<meta name=\"twitter:creator\" content=\"@Edmo_Belux\" \/>\n<meta name=\"twitter:site\" content=\"@Edmo_Belux\" \/>\n<meta name=\"twitter:label1\" content=\"\u00c9crit par\" \/>\n\t<meta name=\"twitter:data1\" content=\"master\" \/>\n\t<meta name=\"twitter:label2\" content=\"Dur\u00e9e de lecture estim\u00e9e\" \/>\n\t<meta name=\"twitter:data2\" content=\"2 minutes\" \/>\n<script type=\"application\/ld+json\" class=\"yoast-schema-graph\">{\"@context\":\"https:\/\/schema.org\",\"@graph\":[{\"@type\":\"Article\",\"@id\":\"https:\/\/belux.edmo.eu\/fr\/fact-check-une-dlgation-luxembourgeoise-se-trouvait-elle-bord-dun-avion-de-depeche-mode\/#article\",\"isPartOf\":{\"@id\":\"https:\/\/belux.edmo.eu\/fr\/fact-check-une-dlgation-luxembourgeoise-se-trouvait-elle-bord-dun-avion-de-depeche-mode\/\"},\"author\":{\"name\":\"master\",\"@id\":\"https:\/\/belux.edmo.eu\/#\/schema\/person\/dbe3b252258537fd318f9b5645a30342\"},\"headline\":\"Fact check: Une d\u00e9l\u00e9gation luxembourgeoise se trouvait-elle \u00e0 bord d&rsquo;un avion de Depeche Mode ?\",\"datePublished\":\"2023-07-17T06:27:36+00:00\",\"dateModified\":\"2023-07-18T09:25:07+00:00\",\"mainEntityOfPage\":{\"@id\":\"https:\/\/belux.edmo.eu\/fr\/fact-check-une-dlgation-luxembourgeoise-se-trouvait-elle-bord-dun-avion-de-depeche-mode\/\"},\"wordCount\":477,\"publisher\":{\"@id\":\"https:\/\/belux.edmo.eu\/#organization\"},\"image\":{\"@id\":\"https:\/\/belux.edmo.eu\/fr\/fact-check-une-dlgation-luxembourgeoise-se-trouvait-elle-bord-dun-avion-de-depeche-mode\/#primaryimage\"},\"thumbnailUrl\":\"https:\/\/belux-edmo.s3-accelerate.amazonaws.com\/wp-content\/uploads\/2023\/07\/8PNJSU4O-7d6ec865b038f6009fdfa199c96018c8.jpeg\",\"articleSection\":[\"Non classifi\u00e9(e)\",\"Politique\",\"Societe\"],\"inLanguage\":\"fr-FR\"},{\"@type\":\"WebPage\",\"@id\":\"https:\/\/belux.edmo.eu\/fr\/fact-check-une-dlgation-luxembourgeoise-se-trouvait-elle-bord-dun-avion-de-depeche-mode\/\",\"url\":\"https:\/\/belux.edmo.eu\/fr\/fact-check-une-dlgation-luxembourgeoise-se-trouvait-elle-bord-dun-avion-de-depeche-mode\/\",\"name\":\"Fact check: Une d\u00e9l\u00e9gation luxembourgeoise se trouvait-elle \u00e0 bord d'un avion de Depeche Mode ? - EDMO Belux\",\"isPartOf\":{\"@id\":\"https:\/\/belux.edmo.eu\/#website\"},\"primaryImageOfPage\":{\"@id\":\"https:\/\/belux.edmo.eu\/fr\/fact-check-une-dlgation-luxembourgeoise-se-trouvait-elle-bord-dun-avion-de-depeche-mode\/#primaryimage\"},\"image\":{\"@id\":\"https:\/\/belux.edmo.eu\/fr\/fact-check-une-dlgation-luxembourgeoise-se-trouvait-elle-bord-dun-avion-de-depeche-mode\/#primaryimage\"},\"thumbnailUrl\":\"https:\/\/belux-edmo.s3-accelerate.amazonaws.com\/wp-content\/uploads\/2023\/07\/8PNJSU4O-7d6ec865b038f6009fdfa199c96018c8.jpeg\",\"datePublished\":\"2023-07-17T06:27:36+00:00\",\"dateModified\":\"2023-07-18T09:25:07+00:00\",\"breadcrumb\":{\"@id\":\"https:\/\/belux.edmo.eu\/fr\/fact-check-une-dlgation-luxembourgeoise-se-trouvait-elle-bord-dun-avion-de-depeche-mode\/#breadcrumb\"},\"inLanguage\":\"fr-FR\",\"potentialAction\":[{\"@type\":\"ReadAction\",\"target\":[\"https:\/\/belux.edmo.eu\/fr\/fact-check-une-dlgation-luxembourgeoise-se-trouvait-elle-bord-dun-avion-de-depeche-mode\/\"]}]},{\"@type\":\"ImageObject\",\"inLanguage\":\"fr-FR\",\"@id\":\"https:\/\/belux.edmo.eu\/fr\/fact-check-une-dlgation-luxembourgeoise-se-trouvait-elle-bord-dun-avion-de-depeche-mode\/#primaryimage\",\"url\":\"https:\/\/belux-edmo.s3-accelerate.amazonaws.com\/wp-content\/uploads\/2023\/07\/8PNJSU4O-7d6ec865b038f6009fdfa199c96018c8.jpeg\",\"contentUrl\":\"https:\/\/belux-edmo.s3-accelerate.amazonaws.com\/wp-content\/uploads\/2023\/07\/8PNJSU4O-7d6ec865b038f6009fdfa199c96018c8.jpeg\",\"width\":1024,\"height\":576,\"caption\":\"Fact check: Une d\u00e9l\u00e9gation luxembourgeoise se trouvait-elle \u00e0 bord d'un avion de Depeche Mode ? - Featured image\"},{\"@type\":\"BreadcrumbList\",\"@id\":\"https:\/\/belux.edmo.eu\/fr\/fact-check-une-dlgation-luxembourgeoise-se-trouvait-elle-bord-dun-avion-de-depeche-mode\/#breadcrumb\",\"itemListElement\":[{\"@type\":\"ListItem\",\"position\":1,\"name\":\"Home\",\"item\":\"https:\/\/belux.edmo.eu\/fr\/\"},{\"@type\":\"ListItem\",\"position\":2,\"name\":\"Fact check: Une d\u00e9l\u00e9gation luxembourgeoise se trouvait-elle \u00e0 bord d&#8217;un avion de Depeche Mode ?\"}]},{\"@type\":\"WebSite\",\"@id\":\"https:\/\/belux.edmo.eu\/#website\",\"url\":\"https:\/\/belux.edmo.eu\/\",\"name\":\"EDMO Belux\",\"description\":\"Monitoring Disinformation in Belgium and Luxembourg\",\"publisher\":{\"@id\":\"https:\/\/belux.edmo.eu\/#organization\"},\"potentialAction\":[{\"@type\":\"SearchAction\",\"target\":{\"@type\":\"EntryPoint\",\"urlTemplate\":\"https:\/\/belux.edmo.eu\/?s={search_term_string}\"},\"query-input\":{\"@type\":\"PropertyValueSpecification\",\"valueRequired\":true,\"valueName\":\"search_term_string\"}}],\"inLanguage\":\"fr-FR\"},{\"@type\":\"Organization\",\"@id\":\"https:\/\/belux.edmo.eu\/#organization\",\"name\":\"EDMO Belux\",\"url\":\"https:\/\/belux.edmo.eu\/\",\"logo\":{\"@type\":\"ImageObject\",\"inLanguage\":\"fr-FR\",\"@id\":\"https:\/\/belux.edmo.eu\/#\/schema\/logo\/image\/\",\"url\":\"https:\/\/belux.edmo.eu\/wp-content\/uploads\/2021\/12\/belux-logo-full-color-rgb.svg\",\"contentUrl\":\"https:\/\/belux.edmo.eu\/wp-content\/uploads\/2021\/12\/belux-logo-full-color-rgb.svg\",\"width\":1,\"height\":1,\"caption\":\"EDMO Belux\"},\"image\":{\"@id\":\"https:\/\/belux.edmo.eu\/#\/schema\/logo\/image\/\"},\"sameAs\":[\"https:\/\/x.com\/Edmo_Belux\"]},{\"@type\":\"Person\",\"@id\":\"https:\/\/belux.edmo.eu\/#\/schema\/person\/dbe3b252258537fd318f9b5645a30342\",\"name\":\"master\",\"sameAs\":[\"https:\/\/belux.wpengine.com\"],\"url\":\"https:\/\/belux.edmo.eu\/fr\/author\/master\/\"}]}<\/script>\n<!-- \/ Yoast SEO plugin. -->","yoast_head_json":{"title":"Fact check: Une d\u00e9l\u00e9gation luxembourgeoise se trouvait-elle \u00e0 bord d'un avion de Depeche Mode ? - EDMO Belux","robots":{"index":"index","follow":"follow","max-snippet":"max-snippet:-1","max-image-preview":"max-image-preview:large","max-video-preview":"max-video-preview:-1"},"canonical":"https:\/\/belux.edmo.eu\/fr\/fact-check-une-dlgation-luxembourgeoise-se-trouvait-elle-bord-dun-avion-de-depeche-mode\/","og_locale":"fr_FR","og_type":"article","og_title":"Fact check: Une d\u00e9l\u00e9gation luxembourgeoise se trouvait-elle \u00e0 bord d'un avion de Depeche Mode ? - EDMO Belux","og_description":"Un Sommet de l'OTAN se tient actuellement dans la capitale de la Lituanie. Comme ont pu le remarquer des curieux, la d\u00e9l\u00e9gation luxembourgeoise s'y est rendue \u00e0 bord d'un vol de la tourn\u00e9e de Depeche Mode.","og_url":"https:\/\/belux.edmo.eu\/fr\/fact-check-une-dlgation-luxembourgeoise-se-trouvait-elle-bord-dun-avion-de-depeche-mode\/","og_site_name":"EDMO Belux","article_published_time":"2023-07-17T06:27:36+00:00","article_modified_time":"2023-07-18T09:25:07+00:00","og_image":[{"width":1024,"height":576,"url":"https:\/\/belux-edmo.s3-accelerate.amazonaws.com\/wp-content\/uploads\/2023\/07\/8PNJSU4O-7d6ec865b038f6009fdfa199c96018c8.jpeg","type":"image\/jpeg"}],"author":"master","twitter_card":"summary_large_image","twitter_creator":"@Edmo_Belux","twitter_site":"@Edmo_Belux","twitter_misc":{"\u00c9crit par":"master","Dur\u00e9e de lecture estim\u00e9e":"2 minutes"},"schema":{"@context":"https:\/\/schema.org","@graph":[{"@type":"Article","@id":"https:\/\/belux.edmo.eu\/fr\/fact-check-une-dlgation-luxembourgeoise-se-trouvait-elle-bord-dun-avion-de-depeche-mode\/#article","isPartOf":{"@id":"https:\/\/belux.edmo.eu\/fr\/fact-check-une-dlgation-luxembourgeoise-se-trouvait-elle-bord-dun-avion-de-depeche-mode\/"},"author":{"name":"master","@id":"https:\/\/belux.edmo.eu\/#\/schema\/person\/dbe3b252258537fd318f9b5645a30342"},"headline":"Fact check: Une d\u00e9l\u00e9gation luxembourgeoise se trouvait-elle \u00e0 bord d&rsquo;un avion de Depeche Mode ?","datePublished":"2023-07-17T06:27:36+00:00","dateModified":"2023-07-18T09:25:07+00:00","mainEntityOfPage":{"@id":"https:\/\/belux.edmo.eu\/fr\/fact-check-une-dlgation-luxembourgeoise-se-trouvait-elle-bord-dun-avion-de-depeche-mode\/"},"wordCount":477,"publisher":{"@id":"https:\/\/belux.edmo.eu\/#organization"},"image":{"@id":"https:\/\/belux.edmo.eu\/fr\/fact-check-une-dlgation-luxembourgeoise-se-trouvait-elle-bord-dun-avion-de-depeche-mode\/#primaryimage"},"thumbnailUrl":"https:\/\/belux-edmo.s3-accelerate.amazonaws.com\/wp-content\/uploads\/2023\/07\/8PNJSU4O-7d6ec865b038f6009fdfa199c96018c8.jpeg","articleSection":["Non classifi\u00e9(e)","Politique","Societe"],"inLanguage":"fr-FR"},{"@type":"WebPage","@id":"https:\/\/belux.edmo.eu\/fr\/fact-check-une-dlgation-luxembourgeoise-se-trouvait-elle-bord-dun-avion-de-depeche-mode\/","url":"https:\/\/belux.edmo.eu\/fr\/fact-check-une-dlgation-luxembourgeoise-se-trouvait-elle-bord-dun-avion-de-depeche-mode\/","name":"Fact check: Une d\u00e9l\u00e9gation luxembourgeoise se trouvait-elle \u00e0 bord d'un avion de Depeche Mode ? - EDMO Belux","isPartOf":{"@id":"https:\/\/belux.edmo.eu\/#website"},"primaryImageOfPage":{"@id":"https:\/\/belux.edmo.eu\/fr\/fact-check-une-dlgation-luxembourgeoise-se-trouvait-elle-bord-dun-avion-de-depeche-mode\/#primaryimage"},"image":{"@id":"https:\/\/belux.edmo.eu\/fr\/fact-check-une-dlgation-luxembourgeoise-se-trouvait-elle-bord-dun-avion-de-depeche-mode\/#primaryimage"},"thumbnailUrl":"https:\/\/belux-edmo.s3-accelerate.amazonaws.com\/wp-content\/uploads\/2023\/07\/8PNJSU4O-7d6ec865b038f6009fdfa199c96018c8.jpeg","datePublished":"2023-07-17T06:27:36+00:00","dateModified":"2023-07-18T09:25:07+00:00","breadcrumb":{"@id":"https:\/\/belux.edmo.eu\/fr\/fact-check-une-dlgation-luxembourgeoise-se-trouvait-elle-bord-dun-avion-de-depeche-mode\/#breadcrumb"},"inLanguage":"fr-FR","potentialAction":[{"@type":"ReadAction","target":["https:\/\/belux.edmo.eu\/fr\/fact-check-une-dlgation-luxembourgeoise-se-trouvait-elle-bord-dun-avion-de-depeche-mode\/"]}]},{"@type":"ImageObject","inLanguage":"fr-FR","@id":"https:\/\/belux.edmo.eu\/fr\/fact-check-une-dlgation-luxembourgeoise-se-trouvait-elle-bord-dun-avion-de-depeche-mode\/#primaryimage","url":"https:\/\/belux-edmo.s3-accelerate.amazonaws.com\/wp-content\/uploads\/2023\/07\/8PNJSU4O-7d6ec865b038f6009fdfa199c96018c8.jpeg","contentUrl":"https:\/\/belux-edmo.s3-accelerate.amazonaws.com\/wp-content\/uploads\/2023\/07\/8PNJSU4O-7d6ec865b038f6009fdfa199c96018c8.jpeg","width":1024,"height":576,"caption":"Fact check: Une d\u00e9l\u00e9gation luxembourgeoise se trouvait-elle \u00e0 bord d'un avion de Depeche Mode ? - Featured image"},{"@type":"BreadcrumbList","@id":"https:\/\/belux.edmo.eu\/fr\/fact-check-une-dlgation-luxembourgeoise-se-trouvait-elle-bord-dun-avion-de-depeche-mode\/#breadcrumb","itemListElement":[{"@type":"ListItem","position":1,"name":"Home","item":"https:\/\/belux.edmo.eu\/fr\/"},{"@type":"ListItem","position":2,"name":"Fact check: Une d\u00e9l\u00e9gation luxembourgeoise se trouvait-elle \u00e0 bord d&#8217;un avion de Depeche Mode ?"}]},{"@type":"WebSite","@id":"https:\/\/belux.edmo.eu\/#website","url":"https:\/\/belux.edmo.eu\/","name":"EDMO Belux","description":"Monitoring Disinformation in Belgium and Luxembourg","publisher":{"@id":"https:\/\/belux.edmo.eu\/#organization"},"potentialAction":[{"@type":"SearchAction","target":{"@type":"EntryPoint","urlTemplate":"https:\/\/belux.edmo.eu\/?s={search_term_string}"},"query-input":{"@type":"PropertyValueSpecification","valueRequired":true,"valueName":"search_term_string"}}],"inLanguage":"fr-FR"},{"@type":"Organization","@id":"https:\/\/belux.edmo.eu\/#organization","name":"EDMO Belux","url":"https:\/\/belux.edmo.eu\/","logo":{"@type":"ImageObject","inLanguage":"fr-FR","@id":"https:\/\/belux.edmo.eu\/#\/schema\/logo\/image\/","url":"https:\/\/belux.edmo.eu\/wp-content\/uploads\/2021\/12\/belux-logo-full-color-rgb.svg","contentUrl":"https:\/\/belux.edmo.eu\/wp-content\/uploads\/2021\/12\/belux-logo-full-color-rgb.svg","width":1,"height":1,"caption":"EDMO Belux"},"image":{"@id":"https:\/\/belux.edmo.eu\/#\/schema\/logo\/image\/"},"sameAs":["https:\/\/x.com\/Edmo_Belux"]},{"@type":"Person","@id":"https:\/\/belux.edmo.eu\/#\/schema\/person\/dbe3b252258537fd318f9b5645a30342","name":"master","sameAs":["https:\/\/belux.wpengine.com"],"url":"https:\/\/belux.edmo.eu\/fr\/author\/master\/"}]}},"menu_order":0,"_links":{"self":[{"href":"https:\/\/belux.edmo.eu\/fr\/wp-json\/wp\/v2\/posts\/274988","targetHints":{"allow":["GET"]}}],"collection":[{"href":"https:\/\/belux.edmo.eu\/fr\/wp-json\/wp\/v2\/posts"}],"about":[{"href":"https:\/\/belux.edmo.eu\/fr\/wp-json\/wp\/v2\/types\/post"}],"author":[{"embeddable":true,"href":"https:\/\/belux.edmo.eu\/fr\/wp-json\/wp\/v2\/users\/1"}],"replies":[{"embeddable":true,"href":"https:\/\/belux.edmo.eu\/fr\/wp-json\/wp\/v2\/comments?post=274988"}],"version-history":[{"count":0,"href":"https:\/\/belux.edmo.eu\/fr\/wp-json\/wp\/v2\/posts\/274988\/revisions"}],"wp:featuredmedia":[{"embeddable":true,"href":"https:\/\/belux.edmo.eu\/fr\/wp-json\/wp\/v2\/media\/274973"}],"wp:attachment":[{"href":"https:\/\/belux.edmo.eu\/fr\/wp-json\/wp\/v2\/media?parent=274988"}],"wp:term":[{"taxonomy":"category","embeddable":true,"href":"https:\/\/belux.edmo.eu\/fr\/wp-json\/wp\/v2\/categories?post=274988"},{"taxonomy":"post_tag","embeddable":true,"href":"https:\/\/belux.edmo.eu\/fr\/wp-json\/wp\/v2\/tags?post=274988"}],"curies":[{"name":"wp","href":"https:\/\/api.w.org\/{rel}","templated":true}]}}