{"id":275477,"date":"2023-07-20T07:00:04","date_gmt":"2023-07-20T07:00:04","guid":{"rendered":"https:\/\/belux.edmo.eu\/?p=275477"},"modified":"2023-07-20T08:42:29","modified_gmt":"2023-07-20T08:42:29","slug":"les-variations-climatiques-ninvalident-pas-lexistence-du-rchauffement-climatique-global","status":"publish","type":"post","link":"https:\/\/belux.edmo.eu\/fr\/les-variations-climatiques-ninvalident-pas-lexistence-du-rchauffement-climatique-global\/","title":{"rendered":"Les variations climatiques n&rsquo;invalident pas l&rsquo;existence du r\u00e9chauffement climatique global"},"content":{"rendered":"<p><b>Le r\u00f4le des activit\u00e9s humaines dans le r\u00e9chauffement climatique fait l&rsquo;objet d&rsquo;un consensus scientifique depuis de nombreuses ann\u00e9es. Pourtant, une vid\u00e9o dat\u00e9e de 2007, dans laquelle un homme pr\u00e9sent\u00e9 comme climatologue affirme qu&rsquo;il serait impossible d&rsquo;\u00e9tablir l&rsquo;existence du r\u00e9chauffement climatique, continue de circuler sur les r\u00e9seaux sociaux. Il ajoutait que les variations du climat \u00e9taient exclusivement dues \u00e0 des param\u00e8tres \u00ab\u00a0naturels\u00a0\u00bb,dont l&rsquo;activit\u00e9 solaire ou le volcanisme, et n&rsquo;avaient rien \u00e0 voir avec les \u00e9missions de CO2 ou l&rsquo;effet de serre. Mais ces propos \u00e9taient d\u00e9j\u00e0 trompeurs \u00e0 l&rsquo;\u00e9poque : l&rsquo;impact des activit\u00e9s humaines \u00e9tait d\u00e9j\u00e0 connu, et s&rsquo;est confirm\u00e9 depuis. Selon les conclusions des experts du GIEC, r\u00e9f\u00e9rences en mati\u00e8re de climat, la temp\u00e9rature a d\u00e9j\u00e0 grimp\u00e9 de pr\u00e8s de 1,2\u00b0C en moyenne par rapport \u00e0 l&rsquo;\u00e8re pr\u00e9-industrielle. Et il est aujourd&rsquo;hui \u00e9tabli que les \u00e9missions de CO2 d&rsquo;origine humaine sont responsables de l&rsquo;effet de serre et du changement climatique r\u00e9cent, ont rappel\u00e9 trois climatologues aupr\u00e8s de l&rsquo;AFP.<\/b><\/p>\n<p>Des internautes ont exhum\u00e9 <a href=\"https:\/\/archive.is\/btuhx\" target=\"_blank\" rel=\"noopener\" shape=\"rect\">une ancienne vid\u00e9o<\/a> dans laquelle s&rsquo;exprime Marcel Leroux, pr\u00e9sent\u00e9 comme un \u00ab\u00a0<em>climatologue fran\u00e7ais<\/em>\u00ab\u00a0, d\u00e9c\u00e9d\u00e9 en 2008. Il y assure, \u00e0 l&rsquo;encontre du consensus scientifique, qu&rsquo;il est impossible d&rsquo;\u00e9tablir que la Terre se r\u00e9chauffe dans sa globalit\u00e9, ni que les \u00e9missions humaines de CO2 sont responsables du r\u00e9chauffement du climat.<\/p>\n<div class=\"grid-with-margin\">\n<div class=\"e-afp-col-layout\">\n<div class=\"g2image\">\n<figure><img src=\"https:\/\/belux-edmo.s3-accelerate.amazonaws.com\/wp-content\/uploads\/2023\/07\/42c410bc87b5131277a05ed24aece861e8137b93-ipad.jpg\" \/><figcaption>Capture d&rsquo;\u00e9cran prise sur Facebook, le 18\/07\/2023<\/figcaption><\/figure>\n<\/div>\n<\/div>\n<div class=\"e-afp-col-layout\">\n<div class=\"g2image\">\n<figure><img src=\"https:\/\/belux-edmo.s3-accelerate.amazonaws.com\/wp-content\/uploads\/2023\/07\/f6c9dc2a72da486751d0cfa6a7dc1b092344a839-ipad.jpg\" \/><figcaption>Capture d&rsquo;\u00e9cran prise sur Twitter, le 18\/07\/2023<\/figcaption><\/figure>\n<\/div>\n<\/div>\n<\/div>\n<p>Des extraits de cette vid\u00e9o, qui mentionne la date de 2007, sont r\u00e9guli\u00e8rement relay\u00e9s sur Facebook, Telegram et <a href=\"https:\/\/archive.is\/K4ssK\" target=\"_blank\" rel=\"noopener\" shape=\"rect\">TikTok<\/a> par des internautes en France (<a href=\"https:\/\/archive.is\/zVZGB\" target=\"_blank\" rel=\"noopener\" shape=\"rect\">1<\/a>, <a href=\"https:\/\/perma.cc\/B3DB-AJ2J\" target=\"_blank\" rel=\"noopener\" shape=\"rect\">2<\/a>, <a href=\"https:\/\/archive.is\/hiftI\" target=\"_blank\" rel=\"noopener\" shape=\"rect\">3<\/a>) au Qu\u00e9bec (<a href=\"https:\/\/perma.cc\/HCF4-QY74\" target=\"_blank\" rel=\"noopener\" shape=\"rect\">1<\/a>, <a href=\"https:\/\/archive.is\/y9Ys8\" target=\"_blank\" rel=\"noopener\" shape=\"rect\">2<\/a>, <a href=\"https:\/\/archive.is\/xc8fn\" target=\"_blank\" rel=\"noopener\" shape=\"rect\">3<\/a>) et en <a href=\"https:\/\/archive.is\/2ZIom\" target=\"_blank\" rel=\"noopener\" shape=\"rect\">Alg\u00e9rie<\/a>.<\/p>\n<p>Pourtant, les diff\u00e9rentes all\u00e9gations qui y sont avanc\u00e9es sont fausses ou trompeuses : il existe aujourd&rsquo;hui un consensus scientifique \u00e9tablissant que le d\u00e9r\u00e8glement du climat est li\u00e9 aux \u00e9missions de CO2 produites par les humains.<\/p>\n<p><b>Le climat a toujours chang\u00e9, donc parler de r\u00e9chauffement climatique ne \u00ab\u00a0sert \u00e0 rien\u00a0\u00bb : <span style=\"color: #e67e23;\">Trompeur<\/span><\/b><\/p>\n<p>Marcel Leroux commence par affirmer que \u00ab\u00a0<em>le climat a toujours chang\u00e9<\/em>\u00ab\u00a0, et donc que parler de \u00ab\u00a0<em>r\u00e9chauffement climatique, c&rsquo;est un truisme qui ne sert strictement \u00e0 rien<\/em>\u00ab\u00a0, car le climat \u00ab\u00a0<em>change \u00e0 toutes les \u00e9chelles de temps et d&rsquo;espace<\/em>\u00ab\u00a0.<\/p>\n<p>Le climat a en effet toujours subi des variations. Mais cela ne remet pas en cause le fait que<strong> les \u00e9missions d&rsquo;origine humaine participent \u00e0 un r\u00e9chauffement particuli\u00e8rement rapide depuis la p\u00e9riode pr\u00e9-industrielle<\/strong>, ce qui fait aujourd&rsquo;hui l&rsquo;objet d&rsquo;un consensus scientifique. <strong>Omettre de mentionner cela est trompeur<\/strong>, selon les climatologues interrog\u00e9s par l&rsquo;AFP.<\/p>\n<p>\u00ab\u00a0<em>Il y a eu des p\u00e9riodes plus chaudes qu&rsquo;aujourd&rsquo;hui. Mais ce qui est bien document\u00e9, c&rsquo;est que <strong>l&rsquo;action des humains est responsable du r\u00e9chauffement actuel<\/strong><\/em>\u00ab\u00a0, explique le climatologue <a href=\"https:\/\/www.lsce.ipsl.fr\/Phocea\/Pisp\/index.php?nom=jean.jouzel\" target=\"_blank\" rel=\"noopener\" shape=\"rect\">Jean Jouzel<\/a>\u00a0(<a href=\"https:\/\/perma.cc\/WRN9-K9GV\" target=\"_blank\" rel=\"noopener\" shape=\"rect\">lien archiv\u00e9<\/a>), ancien vice-pr\u00e9sident du GIEC, le 13 juillet \u00e0 l&rsquo;AFP.<\/p>\n<p>\u00ab\u00a0<em>Pour le climat, on parle de variabilit\u00e9 sur des centaines voire milliers, voire millions d&rsquo;ann\u00e9es. Et c&rsquo;est vrai que le climat varie \u00e0 toutes ces \u00e9chelles de temps<\/em>\u00ab\u00a0, d\u00e9taille <a href=\"https:\/\/trajectories.univ-grenoble-alpes.fr\/menegoz-martin-725011.kjsp\" target=\"_blank\" rel=\"noopener\" shape=\"rect\">Martin M\u00e9n\u00e9goz<\/a>, <a href=\"https:\/\/perma.cc\/5RW5-VM3A\" target=\"_blank\" rel=\"noopener\" shape=\"rect\">climatologue<\/a> et chercheur \u00e0 l&rsquo;Institut des G\u00e9osciences de l\u2019Environnement (IGE) et au CNRS, le 13 juillet \u00e0 l&rsquo;AFP.<\/p>\n<p>\u00ab\u00a0<em>Il y a deux processus qui font varier le climat<\/em>\u00ab\u00a0, d\u00e9veloppe-t-il. D&rsquo;une part, \u00ab\u00a0<em>la variabilit\u00e9 climatique interne, c&rsquo;est-\u00e0-dire l&rsquo;aspect chaotique du climat, notamment de l&rsquo;oc\u00e9an et de l&rsquo;atmosph\u00e8re, qui fait que d&rsquo;une ann\u00e9e sur l&rsquo;autre dans une r\u00e9gion, il va y avoir des temp\u00e9ratures ou des pr\u00e9cipitations un peu diff\u00e9rentes de l&rsquo;ann\u00e9e d&rsquo;avant<\/em>\u00a0\u00bb et d&rsquo;autre part \u00ab\u00a0<em>la variabilit\u00e9 forc\u00e9e, qui est induite par des changements de for\u00e7age<\/em><em> \u00a0<\/em>[<a href=\"https:\/\/www.climat-en-questions.fr\/reponse\/forcage-climatique-par-david-saint-martin-olivier-boucher\/\" target=\"_blank\" rel=\"noopener\" shape=\"rect\">perturbation d\u2019origine ext\u00e9rieure au syst\u00e8me climatique<\/a>, NDLR] <em>qui sont soit naturels soit d&rsquo;origine humaine<\/em>\u00a0\u00bb <em>(<a href=\"https:\/\/archive.is\/vFXHY\" target=\"_blank\" rel=\"noopener\" shape=\"rect\">lien archiv\u00e9<\/a>).\u00a0<\/em><\/p>\n<p>\u00ab\u00a0<em>Et ce que l&rsquo;on sait tr\u00e8s bien aujourd&rsquo;hui, c&rsquo;est que depuis 1850, les humains \u00e9mettent des gaz \u00e0 effets de serre<\/em>\u00ab\u00a0, ce qui fait qu'\u00a0\u00bb<em>artificiellement, on augmente la teneur en gaz \u00e0 effet de serre, ce qui induit directement un r\u00e9chauffement de l&rsquo;ensemble de la moyenne de temp\u00e9ratures proches de la surface de la Terre<\/em>\u00ab\u00a0, d\u00e9veloppe le chercheur.<\/p>\n<div class=\"g2image\">\n<figure><img src=\"https:\/\/belux-edmo.s3-accelerate.amazonaws.com\/wp-content\/uploads\/2023\/07\/f7c1a0b36a7e0a235f7c37869ec621bbf06da445-ipad.jpg\" \/><figcaption>\u00c9volution de la temp\u00e9rature annuelle moyenne par rapport aux niveaux pr\u00e9industriels (1850-1900) de 1850 \u00e0 2022, selon le rapport annuel sur l&rsquo;\u00e9tat du climat mondial de l&rsquo;Organisation m\u00e9t\u00e9orologique mondiale (OMM) &#8211; AFP<\/figcaption><\/figure>\n<\/div>\n<p><b>Il est impossible de \u00ab\u00a0d\u00e9montrer que la Terre se r\u00e9chauffe dans sa globalit\u00e9\u00a0\u00bb : <span style=\"color: #e03e2d;\">Faux<\/span><\/b><\/p>\n<p>Marcel Leroux pr\u00e9tend qu'\u00a0\u00bb<em>on n&rsquo;a jamais d\u00e9montr\u00e9 que le climat de la Terre se r\u00e9chauffe dans sa globalit\u00e9. Il n&rsquo;y a pas de climat global donc il n&rsquo;y a pas de r\u00e9chauffement global, \u00e7a n&rsquo;existe pas<\/em>\u00ab\u00a0.<\/p>\n<p>\u00ab\u00a0<em>Dans la r\u00e9alit\u00e9, il y a des r\u00e9gions qui se r\u00e9chauffent, d&rsquo;autres qui se refroidissent. Ce n&rsquo;est pas parce qu&rsquo;on fera la somme entre une r\u00e9gion qui se r\u00e9chauffe et une qui se refroidit qu&rsquo;on va obtenir une temp\u00e9rature moyenne<\/em>\u00ab\u00a0, assure-t-il.<\/p>\n<p>Ces affirmations vont n\u00e9anmoins \u00e0 l&rsquo;encontre des conclusions des experts du <a href=\"https:\/\/www.ipcc.ch\/site\/assets\/uploads\/2018\/04\/FS_what_ipcc_fr.pdf\" target=\"_blank\" rel=\"noopener\" shape=\"rect\">Groupement international d&rsquo;experts sur le climat<\/a>\u00a0(<a href=\"https:\/\/perma.cc\/7R4E-Y4DL\" target=\"_blank\" rel=\"noopener\" shape=\"rect\">GIEC<\/a>).<\/p>\n<div class=\"g2image\">\n<figure><img src=\"https:\/\/belux-edmo.s3-accelerate.amazonaws.com\/wp-content\/uploads\/2023\/07\/f05480ec2cfb65f214c4b3622513bb7a7c92b077-ipad.jpg\" \/><figcaption>Cinq sc\u00e9narios d&rsquo;\u00e9volution de la temp\u00e9rature \u00e0 la surface de la Terre \u00e0 l&rsquo;\u00e9chelle des g\u00e9n\u00e9rations qui se succ\u00e8dent, selon le Giec &#8211; AFP<\/figcaption><\/figure>\n<\/div>\n<p>Cr\u00e9\u00e9 en 1988 par l&rsquo;Organisation m\u00e9t\u00e9orologique mondiale (OMM) et le Programme des Nations unies pour l&rsquo;environnement (PNUE), le GIEC r\u00e9unit des milliers de sp\u00e9cialistes des sciences de l&rsquo;atmosph\u00e8re, des oc\u00e9anographes, des glaciologues, des \u00e9conomistes ; et a <a href=\"https:\/\/www.lemonde.fr\/planete\/article\/2007\/10\/12\/le-nobel-de-la-paix-decerne-conjointement-a-al-gore-et-au-giec_966148_3244.html\" target=\"_blank\" rel=\"noopener\" shape=\"rect\">re\u00e7u le prix Nobel de la Paix en 2007<\/a>\u00a0(<a href=\"https:\/\/perma.cc\/NNU4-PHHY\" target=\"_blank\" rel=\"noopener\" shape=\"rect\">lien archiv\u00e9<\/a>).<\/p>\n<p>Il est divis\u00e9 en trois groupes d&rsquo;experts, nomm\u00e9s par les diff\u00e9rents gouvernements et organisations internationales : le premier \u00e9tudie les preuves scientifiques du r\u00e9chauffement, le deuxi\u00e8me ses impacts et le troisi\u00e8me pr\u00e9sente les solutions envisageables pour l&rsquo;att\u00e9nuer.<\/p>\n<p>Depuis 1990, les scientifiques du GIEC ont publi\u00e9 six rapports r\u00e9sumant les connaissances sur le climat. Ces derni\u00e8res ont \u00e9volu\u00e9 au fil des recherches, tout comme les conclusions des experts.<\/p>\n<p>En 1990, les sp\u00e9cialistes restaient prudents en concluant qu&rsquo;il n&rsquo;\u00e9tait pas possible d&rsquo;affirmer que les activit\u00e9s humaines \u00e9taient responsables du r\u00e9chauffement climatique. C&rsquo;est en 2007 qu&rsquo;il ont consid\u00e9r\u00e9 comme \u00ab\u00a0<em>tr\u00e8s probable<\/em>\u00a0\u00bb que ce soit le cas ; puis \u00ab\u00a0<em>extr\u00eamement probable<\/em>\u00a0\u00bb en 2013.<\/p>\n<p>Dans le\u00a0<a href=\"https:\/\/www.ipcc.ch\/report\/ar6\/wg1\/downloads\/report\/IPCC_AR6_WGI_SPM_final.pdf#page=8*\" target=\"_blank\" rel=\"noopener\" shape=\"rect\">premier volet<\/a>\u00a0du\u00a0<a href=\"https:\/\/perma.cc\/NGB6-9XP8\" target=\"_blank\" rel=\"noopener\" shape=\"rect\">dernier rapport en date<\/a>, publi\u00e9 en ao\u00fbt 2021,\u00a0<strong>les experts du GIEC ont conclu que le r\u00e9chauffement climatique est \u00ab\u00a0<em>sans \u00e9quivoque<\/em>\u00a0\u00bb et qu&rsquo;il est\u00a0<\/strong>\u00ab\u00a0<strong><em>incontestable que l&rsquo;influence humaine a r\u00e9chauff\u00e9 l&rsquo;atmosph\u00e8re, les oc\u00e9ans et les terres<\/em><\/strong>\u00ab\u00a0.<\/p>\n<p>Et comme le montre l&rsquo;<a href=\"https:\/\/www.ipcc.ch\/report\/ar6\/wg1\/chapter\/chapter-2\/#figure-2-11\" shape=\"rect\">une des figures<\/a> du <a href=\"https:\/\/perma.cc\/H5AN-D6VP\" target=\"_blank\" rel=\"noopener\" shape=\"rect\">chapitre 2<\/a> du rapport, <strong>ce r\u00e9chauffement est observable sur pratiquement toutes les r\u00e9gions de la Terre<\/strong>.<\/p>\n<div class=\"g2image\">\n<figure><img src=\"https:\/\/belux-edmo.s3-accelerate.amazonaws.com\/wp-content\/uploads\/2023\/07\/f62b12eeb8743621c30511f701d8d5105d396950-ipad.jpg\" \/><figcaption>Reproduction de la figure 2.11 du sixi\u00e8me rapport du GIEC<\/figcaption><\/figure>\n<\/div>\n<p>Cette tendance apparaissait d\u00e9j\u00e0 dans <a href=\"https:\/\/www.ipcc.ch\/report\/ar4\/wg1\/observations-atmospheric-surface-and-climate-change\/\" target=\"_blank\" rel=\"noopener\" shape=\"rect\">le rapport<\/a> publi\u00e9 <a href=\"https:\/\/perma.cc\/R3D3-VUG8\" target=\"_blank\" rel=\"noopener\" shape=\"rect\">en 2007<\/a>.<\/p>\n<p>\u00ab\u00a0<strong><em>Il y a un r\u00e9chauffement global : toute la Terre se r\u00e9chauffe, m\u00eame si ce r\u00e9chauffement n&rsquo;intervient pas au m\u00eame rythme partout<\/em><\/strong>\u00ab\u00a0, d\u00e9veloppe Fran\u00e7ois-Marie Br\u00e9on, chercheur au Laboratoire des Sciences du Climat et de l&rsquo;Environnement (LSCE) et pr\u00e9sident de l&rsquo;<a href=\"https:\/\/www.afis.org\/\" target=\"_blank\" rel=\"noopener\" shape=\"rect\">Association fran\u00e7aise pour l&rsquo;information scientifique<\/a> (<a href=\"https:\/\/perma.cc\/X3UJ-9GQZ\" target=\"_blank\" rel=\"noopener\" shape=\"rect\">Afis<\/a>), \u00e9galement l&rsquo;un des auteurs du cinqui\u00e8me rapport du GIEC, le 17 juillet \u00e0 l&rsquo;AFP.<\/p>\n<p>Les cons\u00e9quences de ce d\u00e9r\u00e8glement sont par ailleurs d\u00e9j\u00e0 observables dans l&rsquo;atmosph\u00e8re, les oc\u00e9ans, la cryosph\u00e8re et la biosph\u00e8re, menant \u00e0 de \u00ab\u00a0<em>nombreux ph\u00e9nom\u00e8nes m\u00e9t\u00e9orologiques et climatiques extr\u00eames dans toutes les r\u00e9gions du globe<\/em>\u00ab\u00a0, et causant \u00ab\u00a0<em>des r\u00e9percussions n\u00e9gatives et pertes \u00e0 grande \u00e9chelle pour la nature et les populations<\/em>\u00ab\u00a0, souligne <a href=\"https:\/\/www.ipcc.ch\/report\/ar6\/syr\/downloads\/report\/IPCC_AR6_SYR_SPM.pdf\" target=\"_blank\" rel=\"noopener\" shape=\"rect\">le r\u00e9sum\u00e9<\/a> du <a href=\"https:\/\/perma.cc\/T4SF-MWRP\" target=\"_blank\" rel=\"noopener\" shape=\"rect\">dernier rapport<\/a> du GIEC.<\/p>\n<p><b>Le gaz carbonique n&rsquo;est pas \u00e0 l&rsquo;origine de variations climatiques, c&rsquo;est la vapeur d&rsquo;eau : <span style=\"color: #e67e23;\">Trompeur<\/span><\/b><\/p>\n<p>Marcel Leroux pr\u00e9tend que \u00ab\u00a0<em>dire que le gaz carbonique est \u00e0 l&rsquo;origine de variations climatiques, c&rsquo;est (&#8230;) sans fondement. Le principal gaz \u00e0 effet de serre n&rsquo;est pas le gaz carbonique, c&rsquo;est la vapeur d\u2019eau. La vapeur d&rsquo;eau agit \u00e0 95% sur ce que l&rsquo;on appelle l&rsquo;effet de serre<\/em>\u00ab\u00a0.<\/p>\n<p>L&rsquo;<a href=\"https:\/\/www.cnrs.fr\/cw\/dossiers\/dosclim\/contenu\/alternative\/alter2_textes.html\" target=\"_blank\" rel=\"noopener\" shape=\"rect\">effet de serre<\/a> est un <a href=\"https:\/\/perma.cc\/6U7K-CBE4\" target=\"_blank\" rel=\"noopener\" shape=\"rect\">ph\u00e9nom\u00e8ne naturel<\/a> qui permet \u00e0 la Terre de se r\u00e9chauffer, en absorbant une partie de l&rsquo;\u00e9nergie solaire.\u00a0\u00ab\u00a0<em>Sans l&rsquo;effet de serre, la temp\u00e9rature de la Terre serait de -18 degr\u00e9s<\/em>\u00ab\u00a0, tandis qu&rsquo;elle est de 15 degr\u00e9s environ gr\u00e2ce \u00e0 ce dernier, rappelle Martin M\u00e9n\u00e9goz.<\/p>\n<div class=\"g2image\">\n<figure><img src=\"https:\/\/belux-edmo.s3-accelerate.amazonaws.com\/wp-content\/uploads\/2023\/07\/027e83bd8984fa98e7628b66eda915adbe79dcab-ipad.jpg\" \/><figcaption>Graphique expliquant l&rsquo;effet de serre, qui contribue au r\u00e9chauffement de la plan\u00e8te &#8211; AFP<\/figcaption><\/figure>\n<\/div>\n<p>C&rsquo;est bien la vapeur d&rsquo;eau qui est le principal gaz \u00e0 effet de serre, selon les climatologues interrog\u00e9s par l&rsquo;AFP. N\u00e9anmoins, <strong>\u00ab\u00a0<em>ce qui est important pour le changement climatique,\u00a0ce n&rsquo;est pas le niveau absolu, mais l&rsquo;augmentation<\/em>\u00a0\u00bb de quantit\u00e9 de gaz \u00e0 effet de serre<\/strong>, souligne Fran\u00e7ois-Marie Br\u00e9on, qui estime par ailleurs que le pourcentage de \u00ab\u00a0<em>95%<\/em>\u00a0\u00bb cit\u00e9 par Marcel Leroux est sur\u00e9valu\u00e9.<\/p>\n<p>Il ajoute que les \u00e9missions de CO2 \u00ab\u00a0<em>restent dans l&rsquo;atmosph\u00e8re<\/em>\u00a0\u00bb tandis que \u00ab\u00a0<em>la vapeur d&rsquo;eau atmosph\u00e9rique est \u00e9limin\u00e9e par les pluies<\/em>\u00ab\u00a0, ce qui r\u00e9duit son \u00ab\u00a0<em>impact sur l&rsquo;effet de serre<\/em>\u00ab\u00a0.<\/p>\n<p>Les activit\u00e9s humaines dont l&rsquo;industrialisation, la production d&rsquo;\u00e9lectricit\u00e9 \u00e0 l&rsquo;aide d&rsquo;\u00e9nergies fossiles, les combustibles utilis\u00e9s dans les transports ou encore la d\u00e9forestation font augmenter le CO2.<\/p>\n<p>Ce dernier est un gaz dit<em>\u00a0<\/em>\u00ab\u00a0<em>naturel<\/em>\u00ab\u00a0<em>\u00a0<\/em>participant entre autres au fonctionnement de notre organisme, comme indiqu\u00e9 dans <a href=\"https:\/\/factuel.afp.com\/doc.afp.com.33BA9YF\" target=\"_blank\" rel=\"noopener\" shape=\"rect\">ce pr\u00e9c\u00e9dent article<\/a> de v\u00e9rification de l&rsquo;AFP. Il n&rsquo;est pas consid\u00e9r\u00e9 comme un polluant et n&rsquo;est pas dangereux en tant que tel, mais lorsque sa concentration dans l&rsquo;atmosph\u00e8re est \u00e9lev\u00e9e, il contribue au r\u00e9chauffement de la plan\u00e8te.<\/p>\n<p>La concentration de CO2 est g\u00e9n\u00e9ralement mesur\u00e9e en \u00ab\u00a0<em>partie par million<\/em>\u00a0\u00bb ou ppm -un indicateur qui permet de calculer combien de mol\u00e9cules de polluant se trouvent sur un million de mol\u00e9cules d&rsquo;air-. <strong>Elle est pass\u00e9e d&rsquo;environ 280 ppm en 1800 \u00e0 pr\u00e8s de <a href=\"https:\/\/www.liberation.fr\/environnement\/climat\/le-niveau-de-co2-jamais-vu-sur-terre-depuis-4-millions-dannees-20220604_KJXMYN7LVVEBPDB3J3KDLNKABU\/\" target=\"_blank\" rel=\"noopener\" shape=\"rect\">420 ppm<\/a> en <a href=\"https:\/\/perma.cc\/Z8XZ-MXTG\" target=\"_blank\" rel=\"noopener\" shape=\"rect\">2022<\/a> et ne cesse d&rsquo;augmenter<\/strong>, rappelle Martin M\u00e9n\u00e9goz.<\/p>\n<p><b>Les causes du changement climatique n&rsquo;ont pas de lien avec l&rsquo;effet de serre et l&rsquo;activit\u00e9 humaine : <span style=\"color: #e03e2d;\">Faux<\/span><\/b><\/p>\n<p>Marcel Leroux remet \u00e9galement en cause le lien entre le changement climatique et l&rsquo;effet de serre, assurant que l&rsquo;on \u00ab\u00a0<em>conna\u00eet les causes du changement climatique : elles se trouvent dans tous les manuels de climatologie, que ce soit les param\u00e8tres de Milankovitch, que ce soit les variations de l&rsquo;activit\u00e9 solaire, que ce soit le g\u00e9omagn\u00e9tisme (&#8230;), que ce soit le rayonnement cosmique et (&#8230;) le volcanisme qui, au contraire des autres, peut entra\u00eener des refroidissements de plusieurs ann\u00e9es<\/em>\u00ab\u00a0.<\/p>\n<p>De telles affirmations, qui reposent sur un raisonnement trompeur, sont r\u00e9guli\u00e8rement relay\u00e9es sur les r\u00e9seaux sociaux, et l&rsquo;AFP avait par exemple d\u00e9j\u00e0 v\u00e9rifi\u00e9 des assertions similaires dans <a href=\"https:\/\/factuel.afp.com\/doc.afp.com.32JF2PD\" target=\"_blank\" rel=\"noopener\" shape=\"rect\">cet article<\/a> de septembre 2022 ou dans <a href=\"https:\/\/factuel.afp.com\/doc.afp.com.32GB76A\" target=\"_blank\" rel=\"noopener\" shape=\"rect\">cet autre<\/a> d&rsquo;ao\u00fbt 2022.<\/p>\n<p>Le climat change selon de nombreux param\u00e8tres, dont font partie certains de ceux cit\u00e9s par Marcel Leroux : les param\u00e8tres de Milankovitch (qui font r\u00e9f\u00e9rence aux variations de l&rsquo;orbite de la Terre), l&rsquo;activit\u00e9 solaire ou le volcanisme. Ils sont pris en compte dans la mod\u00e9lisation du climat, souligne Fran\u00e7ois-Marie Br\u00e9on. En revanche, \u00ab\u00a0<em>le g\u00e9omagn\u00e9tisme et le rayonnement cosmique ne sont pas pas des facteurs connus de variation climatique<\/em>\u00ab\u00a0, ajoute-t-il.<\/p>\n<p>Comme nous l&rsquo;expliquions d\u00e9j\u00e0 dans\u00a0<a href=\"https:\/\/factuel.afp.com\/doc.afp.com.327U8QT\" target=\"_blank\" rel=\"noopener\" shape=\"rect\">un article d&rsquo;avril 2022<\/a> et <a href=\"https:\/\/factuel.afp.com\/doc.afp.com.33EU9D2\" target=\"_blank\" rel=\"noopener\" shape=\"rect\">un autre de mai 2023<\/a>, l&rsquo;activit\u00e9 solaire a plut\u00f4t tendance \u00e0 stagner, voire \u00e0 diminuer ces derni\u00e8res ann\u00e9es.<\/p>\n<p>Les variations de l&rsquo;orbite terrestre sont elles minimes, et feraient varier les temp\u00e9ratures \u00e0 un rythme bien plus lent que le r\u00e9chauffement observ\u00e9 ces 150 derni\u00e8res ann\u00e9es, comme d\u00e9taill\u00e9 dans <a href=\"https:\/\/factuel.afp.com\/non-la-nasa-na-pas-admis-que-le-changement-climatique-est-du-aux-modifications-de-lorbite-terrestre\" target=\"_blank\" rel=\"noopener\" shape=\"rect\">cet autre article<\/a> de 2019.\u00a0En outre, \u00ab\u00a0<em>selon les facteurs de Milankovitch, on serait plut\u00f4t dans une p\u00e9riode de l\u00e9ger refroidissement<\/em>\u00ab\u00a0, note Jean Jouzel.<\/p>\n<p>\u00ab\u00a0<em>Le r\u00e9chauffement climatique r\u00e9cent de plus de un degr\u00e9 est li\u00e9 aux activit\u00e9s humaines. Les autres causes naturelles cit\u00e9es ne peuvent jouer que pour un ou deux dixi\u00e8mes de degr\u00e9s sur la m\u00eame p\u00e9riode<\/em>\u00ab\u00a0, ajoute-t-il.<\/p>\n<p>\u00ab\u00a0<em>Depuis 1850, le seul processus qui explique le r\u00e9chauffement climatique qui est observ\u00e9 est l&rsquo;activit\u00e9 humaine<\/em>\u00ab\u00a0, ajoute Martin M\u00e9n\u00e9goz.<\/p>\n<p>En faisant augmenter le CO2, les \u00e9missions g\u00e9n\u00e9r\u00e9es par les humains ont cr\u00e9\u00e9 un d\u00e9s\u00e9quilibre dans le <a href=\"https:\/\/bonpote.com\/forcage-radiatif-a-la-base-du-changement-climatique\/\" target=\"_blank\" rel=\"noopener\" shape=\"rect\">bilan radiatif<\/a> (<a href=\"https:\/\/perma.cc\/D9WB-F4JZ\" target=\"_blank\" rel=\"noopener\" shape=\"rect\">\u00e9nerg\u00e9tique<\/a>) de la Terre. Ce dernier d\u00e9signe les facteurs qui influent sur la temp\u00e9rature de la Terre, qui re\u00e7oit le rayonnement du Soleil, en absorbe une partie tandis qu&rsquo;une autre partie est r\u00e9\u00e9mise vers l&rsquo;espace sous forme d&rsquo;infrarouges, ce qui permet \u00e0 la Terre de conna\u00eetre une temp\u00e9rature vivable. Mais certains facteurs, en particulier les gaz \u00e0 effet de serre, viennent perturber cet \u00e9quilibre en limitant la r\u00e9\u00e9mission des infrarouges vers l&rsquo;espace.<\/p>\n<p>\u00ab\u00a0<em>Les activit\u00e9s humaines ont augment\u00e9 l&rsquo;effet de serre. Donc, il y a plus d&rsquo;\u00e9nergie pour assurer l&rsquo;\u00e9quilibre thermodynamique de l&rsquo;atmosph\u00e8re, de l&rsquo;oc\u00e9an et des surfaces continentales et des glaces<\/em>\u00ab\u00a0, ce qui contribue \u00e0 d\u00e9r\u00e9gler le climat, r\u00e9sume Jean Jouzel.<\/p>\n<div class=\"g2image\">\n<figure><img src=\"https:\/\/belux-edmo.s3-accelerate.amazonaws.com\/wp-content\/uploads\/2023\/07\/9b2cc03738b2dd9752ff51394e5a5b3ffd27fc03-ipad.jpg\" \/><figcaption>Graphiques sur l&rsquo;\u00e9volution des temp\u00e9ratures depuis 1850 et les simulations incluant et excluant l&rsquo;influence humaine, et sur la concentration de CO2 dans l&rsquo;atmosph\u00e8re au cours des 400 000 derni\u00e8res ann\u00e9es &#8211; AFP<\/figcaption><\/figure>\n<\/div>\n<p>L&rsquo;origine humaine du changement climatique et ses effets sont r\u00e9guli\u00e8rement remis en question sur les r\u00e9seaux sociaux. L&rsquo;AFP a d\u00e9j\u00e0 v\u00e9rifi\u00e9 des affirmations erron\u00e9es pr\u00e9tendant ce n&rsquo;est pas l&rsquo;activit\u00e9 humaine mais <a href=\"https:\/\/factuel.afp.com\/doc.afp.com.32CA3HZ\" target=\"_blank\" rel=\"noopener\" shape=\"rect\">le soleil<\/a>\u00a0ou\u00a0<a href=\"https:\/\/factuel.afp.com\/non-la-nasa-na-pas-admis-que-le-changement-climatique-est-du-aux-modifications-de-lorbite-terrestre\" target=\"_blank\" rel=\"noopener\" shape=\"rect\">les modifications de l&rsquo;orbite terrestre\u00a0<\/a>qui sont responsables du r\u00e9chauffement climatique ou encore que\u00a0<a href=\"https:\/\/factuel.afp.com\/doc.afp.com.32BN72X\" target=\"_blank\" rel=\"noopener\" shape=\"rect\">les \u00e9missions de CO2<\/a> ne seraient pas responsables du changement climatique.<\/p>\n","protected":false},"excerpt":{"rendered":"<p>Des internautes ont exhum\u00e9 une ancienne vid\u00e9o dans laquelle s&rsquo;exprime Marcel Leroux, pr\u00e9sent\u00e9 comme un \u00ab\u00a0climatologue fran\u00e7ais\u00a0\u00bb, d\u00e9c\u00e9d\u00e9 en 2008. Il y assure, \u00e0 l&rsquo;encontre du consensus scientifique, qu&rsquo;il est impossible d&rsquo;\u00e9tablir que la Terre se r\u00e9chauffe dans sa globalit\u00e9, ni que les \u00e9missions humaines de CO2 sont responsables du r\u00e9chauffement du climat.<\/p>\n","protected":false},"author":1,"featured_media":275437,"comment_status":"closed","ping_status":"open","sticky":false,"template":"","format":"standard","meta":{"_acf_changed":false,"footnotes":""},"categories":[126,125],"tags":[],"class_list":{"0":"post-275477","1":"post","2":"type-post","3":"status-publish","4":"format-standard","5":"has-post-thumbnail","7":"category-environnement","8":"category-fact-check-fr"},"acf":{"show_metatags":true,"id":"http:\/\/doc.afp.com\/33NX6MG","authors":"Claire-Line NASS \/ AFP France","organization":"AFP","featured_image_copyright":"","text_copyright":"\u00a9 AGENCE FRANCE-PRESSE | 2023 | Tous droits r\u00e9serv\u00e9s. L\u2019acc\u00e8s aux contenus de l'AFP publi\u00e9s sur ce site et, le cas \u00e9ch\u00e9ant, leur utilisation sont soumis aux conditions g\u00e9n\u00e9rales d'utilisation disponibles sur <a href='https:\/\/www.afp.com\/fr\/cgu' target='_blank'>CGU<\/a>. Par cons\u00e9quent, en acc\u00e9dant aux contenus de l\u2019AFP publi\u00e9s sur ce site, et en les utilisant, le cas \u00e9ch\u00e9ant, vous acceptez d'\u00eatre li\u00e9 par les conditions g\u00e9n\u00e9rales d'utilisation susmentionn\u00e9es. L\u2019utilisation de contenus de l'AFP se fait sous votre seule et enti\u00e8re responsabilit\u00e9.","source":"https:\/\/factuel.afp.com\/doc.afp.com.33NX6MG","fact_checker":"https:\/\/belux.wpengine.com\/wp-content\/uploads\/2021\/12\/afp_logo.png","type":"\u00c9v\u00e9nement ferm\u00e9","location":"","start_date":"","start_date_event_begins_at":"","start_date_event_ends_at":"","end_date":"","end_date_event_begins_at":"","end_date_event_ends_at":"","organizer":"","fact_checker_logo_image":false},"yoast_head":"<!-- This site is optimized with the Yoast SEO plugin v27.0 - https:\/\/yoast.com\/product\/yoast-seo-wordpress\/ -->\n<title>Les variations climatiques n&#039;invalident pas l&#039;existence du r\u00e9chauffement climatique global - EDMO Belux<\/title>\n<meta name=\"robots\" content=\"index, follow, max-snippet:-1, max-image-preview:large, max-video-preview:-1\" \/>\n<link rel=\"canonical\" href=\"https:\/\/belux.edmo.eu\/fr\/les-variations-climatiques-ninvalident-pas-lexistence-du-rchauffement-climatique-global\/\" \/>\n<meta property=\"og:locale\" content=\"fr_FR\" \/>\n<meta property=\"og:type\" content=\"article\" \/>\n<meta property=\"og:title\" content=\"Les variations climatiques n&#039;invalident pas l&#039;existence du r\u00e9chauffement climatique global - EDMO Belux\" \/>\n<meta property=\"og:description\" content=\"Des internautes ont exhum\u00e9 une ancienne vid\u00e9o dans laquelle s&#039;exprime Marcel Leroux, pr\u00e9sent\u00e9 comme un &quot;climatologue fran\u00e7ais&quot;, d\u00e9c\u00e9d\u00e9 en 2008. Il y assure, \u00e0 l&#039;encontre du consensus scientifique, qu&#039;il est impossible d&#039;\u00e9tablir que la Terre se r\u00e9chauffe dans sa globalit\u00e9, ni que les \u00e9missions humaines de CO2 sont responsables du r\u00e9chauffement du climat.\" \/>\n<meta property=\"og:url\" content=\"https:\/\/belux.edmo.eu\/fr\/les-variations-climatiques-ninvalident-pas-lexistence-du-rchauffement-climatique-global\/\" \/>\n<meta property=\"og:site_name\" content=\"EDMO Belux\" \/>\n<meta property=\"article:published_time\" content=\"2023-07-20T07:00:04+00:00\" \/>\n<meta property=\"article:modified_time\" content=\"2023-07-20T08:42:29+00:00\" \/>\n<meta property=\"og:image\" content=\"https:\/\/belux-edmo.s3-accelerate.amazonaws.com\/wp-content\/uploads\/2023\/07\/4a5ac35f4efa2c643a9b78a44bb970a5eba6c488-ipad.jpg\" \/>\n\t<meta property=\"og:image:width\" content=\"1080\" \/>\n\t<meta property=\"og:image:height\" content=\"540\" \/>\n\t<meta property=\"og:image:type\" content=\"image\/jpeg\" \/>\n<meta name=\"author\" content=\"master\" \/>\n<meta name=\"twitter:card\" content=\"summary_large_image\" \/>\n<meta name=\"twitter:creator\" content=\"@Edmo_Belux\" \/>\n<meta name=\"twitter:site\" content=\"@Edmo_Belux\" \/>\n<meta name=\"twitter:label1\" content=\"\u00c9crit par\" \/>\n\t<meta name=\"twitter:data1\" content=\"master\" \/>\n\t<meta name=\"twitter:label2\" content=\"Dur\u00e9e de lecture estim\u00e9e\" \/>\n\t<meta name=\"twitter:data2\" content=\"11 minutes\" \/>\n<script type=\"application\/ld+json\" class=\"yoast-schema-graph\">{\"@context\":\"https:\/\/schema.org\",\"@graph\":[{\"@type\":\"Article\",\"@id\":\"https:\/\/belux.edmo.eu\/fr\/les-variations-climatiques-ninvalident-pas-lexistence-du-rchauffement-climatique-global\/#article\",\"isPartOf\":{\"@id\":\"https:\/\/belux.edmo.eu\/fr\/les-variations-climatiques-ninvalident-pas-lexistence-du-rchauffement-climatique-global\/\"},\"author\":{\"name\":\"master\",\"@id\":\"https:\/\/belux.edmo.eu\/#\/schema\/person\/dbe3b252258537fd318f9b5645a30342\"},\"headline\":\"Les variations climatiques n&rsquo;invalident pas l&rsquo;existence du r\u00e9chauffement climatique global\",\"datePublished\":\"2023-07-20T07:00:04+00:00\",\"dateModified\":\"2023-07-20T08:42:29+00:00\",\"mainEntityOfPage\":{\"@id\":\"https:\/\/belux.edmo.eu\/fr\/les-variations-climatiques-ninvalident-pas-lexistence-du-rchauffement-climatique-global\/\"},\"wordCount\":2425,\"publisher\":{\"@id\":\"https:\/\/belux.edmo.eu\/#organization\"},\"image\":{\"@id\":\"https:\/\/belux.edmo.eu\/fr\/les-variations-climatiques-ninvalident-pas-lexistence-du-rchauffement-climatique-global\/#primaryimage\"},\"thumbnailUrl\":\"https:\/\/belux-edmo.s3-accelerate.amazonaws.com\/wp-content\/uploads\/2023\/07\/4a5ac35f4efa2c643a9b78a44bb970a5eba6c488-ipad.jpg\",\"articleSection\":[\"Environnement\",\"Fact-Check\"],\"inLanguage\":\"fr-FR\"},{\"@type\":\"WebPage\",\"@id\":\"https:\/\/belux.edmo.eu\/fr\/les-variations-climatiques-ninvalident-pas-lexistence-du-rchauffement-climatique-global\/\",\"url\":\"https:\/\/belux.edmo.eu\/fr\/les-variations-climatiques-ninvalident-pas-lexistence-du-rchauffement-climatique-global\/\",\"name\":\"Les variations climatiques n'invalident pas l'existence du r\u00e9chauffement climatique global - EDMO Belux\",\"isPartOf\":{\"@id\":\"https:\/\/belux.edmo.eu\/#website\"},\"primaryImageOfPage\":{\"@id\":\"https:\/\/belux.edmo.eu\/fr\/les-variations-climatiques-ninvalident-pas-lexistence-du-rchauffement-climatique-global\/#primaryimage\"},\"image\":{\"@id\":\"https:\/\/belux.edmo.eu\/fr\/les-variations-climatiques-ninvalident-pas-lexistence-du-rchauffement-climatique-global\/#primaryimage\"},\"thumbnailUrl\":\"https:\/\/belux-edmo.s3-accelerate.amazonaws.com\/wp-content\/uploads\/2023\/07\/4a5ac35f4efa2c643a9b78a44bb970a5eba6c488-ipad.jpg\",\"datePublished\":\"2023-07-20T07:00:04+00:00\",\"dateModified\":\"2023-07-20T08:42:29+00:00\",\"breadcrumb\":{\"@id\":\"https:\/\/belux.edmo.eu\/fr\/les-variations-climatiques-ninvalident-pas-lexistence-du-rchauffement-climatique-global\/#breadcrumb\"},\"inLanguage\":\"fr-FR\",\"potentialAction\":[{\"@type\":\"ReadAction\",\"target\":[\"https:\/\/belux.edmo.eu\/fr\/les-variations-climatiques-ninvalident-pas-lexistence-du-rchauffement-climatique-global\/\"]}]},{\"@type\":\"ImageObject\",\"inLanguage\":\"fr-FR\",\"@id\":\"https:\/\/belux.edmo.eu\/fr\/les-variations-climatiques-ninvalident-pas-lexistence-du-rchauffement-climatique-global\/#primaryimage\",\"url\":\"https:\/\/belux-edmo.s3-accelerate.amazonaws.com\/wp-content\/uploads\/2023\/07\/4a5ac35f4efa2c643a9b78a44bb970a5eba6c488-ipad.jpg\",\"contentUrl\":\"https:\/\/belux-edmo.s3-accelerate.amazonaws.com\/wp-content\/uploads\/2023\/07\/4a5ac35f4efa2c643a9b78a44bb970a5eba6c488-ipad.jpg\",\"width\":1080,\"height\":540,\"caption\":\"Les variations climatiques n'invalident pas l'existence du r\u00e9chauffement climatique global - Featured image\"},{\"@type\":\"BreadcrumbList\",\"@id\":\"https:\/\/belux.edmo.eu\/fr\/les-variations-climatiques-ninvalident-pas-lexistence-du-rchauffement-climatique-global\/#breadcrumb\",\"itemListElement\":[{\"@type\":\"ListItem\",\"position\":1,\"name\":\"Home\",\"item\":\"https:\/\/belux.edmo.eu\/fr\/\"},{\"@type\":\"ListItem\",\"position\":2,\"name\":\"Les variations climatiques n&#8217;invalident pas l&#8217;existence du r\u00e9chauffement climatique global\"}]},{\"@type\":\"WebSite\",\"@id\":\"https:\/\/belux.edmo.eu\/#website\",\"url\":\"https:\/\/belux.edmo.eu\/\",\"name\":\"EDMO Belux\",\"description\":\"Monitoring Disinformation in Belgium and Luxembourg\",\"publisher\":{\"@id\":\"https:\/\/belux.edmo.eu\/#organization\"},\"potentialAction\":[{\"@type\":\"SearchAction\",\"target\":{\"@type\":\"EntryPoint\",\"urlTemplate\":\"https:\/\/belux.edmo.eu\/?s={search_term_string}\"},\"query-input\":{\"@type\":\"PropertyValueSpecification\",\"valueRequired\":true,\"valueName\":\"search_term_string\"}}],\"inLanguage\":\"fr-FR\"},{\"@type\":\"Organization\",\"@id\":\"https:\/\/belux.edmo.eu\/#organization\",\"name\":\"EDMO Belux\",\"url\":\"https:\/\/belux.edmo.eu\/\",\"logo\":{\"@type\":\"ImageObject\",\"inLanguage\":\"fr-FR\",\"@id\":\"https:\/\/belux.edmo.eu\/#\/schema\/logo\/image\/\",\"url\":\"https:\/\/belux.edmo.eu\/wp-content\/uploads\/2021\/12\/belux-logo-full-color-rgb.svg\",\"contentUrl\":\"https:\/\/belux.edmo.eu\/wp-content\/uploads\/2021\/12\/belux-logo-full-color-rgb.svg\",\"width\":1,\"height\":1,\"caption\":\"EDMO Belux\"},\"image\":{\"@id\":\"https:\/\/belux.edmo.eu\/#\/schema\/logo\/image\/\"},\"sameAs\":[\"https:\/\/x.com\/Edmo_Belux\"]},{\"@type\":\"Person\",\"@id\":\"https:\/\/belux.edmo.eu\/#\/schema\/person\/dbe3b252258537fd318f9b5645a30342\",\"name\":\"master\",\"sameAs\":[\"https:\/\/belux.wpengine.com\"],\"url\":\"https:\/\/belux.edmo.eu\/fr\/author\/master\/\"}]}<\/script>\n<!-- \/ Yoast SEO plugin. -->","yoast_head_json":{"title":"Les variations climatiques n'invalident pas l'existence du r\u00e9chauffement climatique global - EDMO Belux","robots":{"index":"index","follow":"follow","max-snippet":"max-snippet:-1","max-image-preview":"max-image-preview:large","max-video-preview":"max-video-preview:-1"},"canonical":"https:\/\/belux.edmo.eu\/fr\/les-variations-climatiques-ninvalident-pas-lexistence-du-rchauffement-climatique-global\/","og_locale":"fr_FR","og_type":"article","og_title":"Les variations climatiques n'invalident pas l'existence du r\u00e9chauffement climatique global - EDMO Belux","og_description":"Des internautes ont exhum\u00e9 une ancienne vid\u00e9o dans laquelle s'exprime Marcel Leroux, pr\u00e9sent\u00e9 comme un \"climatologue fran\u00e7ais\", d\u00e9c\u00e9d\u00e9 en 2008. Il y assure, \u00e0 l'encontre du consensus scientifique, qu'il est impossible d'\u00e9tablir que la Terre se r\u00e9chauffe dans sa globalit\u00e9, ni que les \u00e9missions humaines de CO2 sont responsables du r\u00e9chauffement du climat.","og_url":"https:\/\/belux.edmo.eu\/fr\/les-variations-climatiques-ninvalident-pas-lexistence-du-rchauffement-climatique-global\/","og_site_name":"EDMO Belux","article_published_time":"2023-07-20T07:00:04+00:00","article_modified_time":"2023-07-20T08:42:29+00:00","og_image":[{"width":1080,"height":540,"url":"https:\/\/belux-edmo.s3-accelerate.amazonaws.com\/wp-content\/uploads\/2023\/07\/4a5ac35f4efa2c643a9b78a44bb970a5eba6c488-ipad.jpg","type":"image\/jpeg"}],"author":"master","twitter_card":"summary_large_image","twitter_creator":"@Edmo_Belux","twitter_site":"@Edmo_Belux","twitter_misc":{"\u00c9crit par":"master","Dur\u00e9e de lecture estim\u00e9e":"11 minutes"},"schema":{"@context":"https:\/\/schema.org","@graph":[{"@type":"Article","@id":"https:\/\/belux.edmo.eu\/fr\/les-variations-climatiques-ninvalident-pas-lexistence-du-rchauffement-climatique-global\/#article","isPartOf":{"@id":"https:\/\/belux.edmo.eu\/fr\/les-variations-climatiques-ninvalident-pas-lexistence-du-rchauffement-climatique-global\/"},"author":{"name":"master","@id":"https:\/\/belux.edmo.eu\/#\/schema\/person\/dbe3b252258537fd318f9b5645a30342"},"headline":"Les variations climatiques n&rsquo;invalident pas l&rsquo;existence du r\u00e9chauffement climatique global","datePublished":"2023-07-20T07:00:04+00:00","dateModified":"2023-07-20T08:42:29+00:00","mainEntityOfPage":{"@id":"https:\/\/belux.edmo.eu\/fr\/les-variations-climatiques-ninvalident-pas-lexistence-du-rchauffement-climatique-global\/"},"wordCount":2425,"publisher":{"@id":"https:\/\/belux.edmo.eu\/#organization"},"image":{"@id":"https:\/\/belux.edmo.eu\/fr\/les-variations-climatiques-ninvalident-pas-lexistence-du-rchauffement-climatique-global\/#primaryimage"},"thumbnailUrl":"https:\/\/belux-edmo.s3-accelerate.amazonaws.com\/wp-content\/uploads\/2023\/07\/4a5ac35f4efa2c643a9b78a44bb970a5eba6c488-ipad.jpg","articleSection":["Environnement","Fact-Check"],"inLanguage":"fr-FR"},{"@type":"WebPage","@id":"https:\/\/belux.edmo.eu\/fr\/les-variations-climatiques-ninvalident-pas-lexistence-du-rchauffement-climatique-global\/","url":"https:\/\/belux.edmo.eu\/fr\/les-variations-climatiques-ninvalident-pas-lexistence-du-rchauffement-climatique-global\/","name":"Les variations climatiques n'invalident pas l'existence du r\u00e9chauffement climatique global - EDMO Belux","isPartOf":{"@id":"https:\/\/belux.edmo.eu\/#website"},"primaryImageOfPage":{"@id":"https:\/\/belux.edmo.eu\/fr\/les-variations-climatiques-ninvalident-pas-lexistence-du-rchauffement-climatique-global\/#primaryimage"},"image":{"@id":"https:\/\/belux.edmo.eu\/fr\/les-variations-climatiques-ninvalident-pas-lexistence-du-rchauffement-climatique-global\/#primaryimage"},"thumbnailUrl":"https:\/\/belux-edmo.s3-accelerate.amazonaws.com\/wp-content\/uploads\/2023\/07\/4a5ac35f4efa2c643a9b78a44bb970a5eba6c488-ipad.jpg","datePublished":"2023-07-20T07:00:04+00:00","dateModified":"2023-07-20T08:42:29+00:00","breadcrumb":{"@id":"https:\/\/belux.edmo.eu\/fr\/les-variations-climatiques-ninvalident-pas-lexistence-du-rchauffement-climatique-global\/#breadcrumb"},"inLanguage":"fr-FR","potentialAction":[{"@type":"ReadAction","target":["https:\/\/belux.edmo.eu\/fr\/les-variations-climatiques-ninvalident-pas-lexistence-du-rchauffement-climatique-global\/"]}]},{"@type":"ImageObject","inLanguage":"fr-FR","@id":"https:\/\/belux.edmo.eu\/fr\/les-variations-climatiques-ninvalident-pas-lexistence-du-rchauffement-climatique-global\/#primaryimage","url":"https:\/\/belux-edmo.s3-accelerate.amazonaws.com\/wp-content\/uploads\/2023\/07\/4a5ac35f4efa2c643a9b78a44bb970a5eba6c488-ipad.jpg","contentUrl":"https:\/\/belux-edmo.s3-accelerate.amazonaws.com\/wp-content\/uploads\/2023\/07\/4a5ac35f4efa2c643a9b78a44bb970a5eba6c488-ipad.jpg","width":1080,"height":540,"caption":"Les variations climatiques n'invalident pas l'existence du r\u00e9chauffement climatique global - Featured image"},{"@type":"BreadcrumbList","@id":"https:\/\/belux.edmo.eu\/fr\/les-variations-climatiques-ninvalident-pas-lexistence-du-rchauffement-climatique-global\/#breadcrumb","itemListElement":[{"@type":"ListItem","position":1,"name":"Home","item":"https:\/\/belux.edmo.eu\/fr\/"},{"@type":"ListItem","position":2,"name":"Les variations climatiques n&#8217;invalident pas l&#8217;existence du r\u00e9chauffement climatique global"}]},{"@type":"WebSite","@id":"https:\/\/belux.edmo.eu\/#website","url":"https:\/\/belux.edmo.eu\/","name":"EDMO Belux","description":"Monitoring Disinformation in Belgium and Luxembourg","publisher":{"@id":"https:\/\/belux.edmo.eu\/#organization"},"potentialAction":[{"@type":"SearchAction","target":{"@type":"EntryPoint","urlTemplate":"https:\/\/belux.edmo.eu\/?s={search_term_string}"},"query-input":{"@type":"PropertyValueSpecification","valueRequired":true,"valueName":"search_term_string"}}],"inLanguage":"fr-FR"},{"@type":"Organization","@id":"https:\/\/belux.edmo.eu\/#organization","name":"EDMO Belux","url":"https:\/\/belux.edmo.eu\/","logo":{"@type":"ImageObject","inLanguage":"fr-FR","@id":"https:\/\/belux.edmo.eu\/#\/schema\/logo\/image\/","url":"https:\/\/belux.edmo.eu\/wp-content\/uploads\/2021\/12\/belux-logo-full-color-rgb.svg","contentUrl":"https:\/\/belux.edmo.eu\/wp-content\/uploads\/2021\/12\/belux-logo-full-color-rgb.svg","width":1,"height":1,"caption":"EDMO Belux"},"image":{"@id":"https:\/\/belux.edmo.eu\/#\/schema\/logo\/image\/"},"sameAs":["https:\/\/x.com\/Edmo_Belux"]},{"@type":"Person","@id":"https:\/\/belux.edmo.eu\/#\/schema\/person\/dbe3b252258537fd318f9b5645a30342","name":"master","sameAs":["https:\/\/belux.wpengine.com"],"url":"https:\/\/belux.edmo.eu\/fr\/author\/master\/"}]}},"menu_order":0,"_links":{"self":[{"href":"https:\/\/belux.edmo.eu\/fr\/wp-json\/wp\/v2\/posts\/275477","targetHints":{"allow":["GET"]}}],"collection":[{"href":"https:\/\/belux.edmo.eu\/fr\/wp-json\/wp\/v2\/posts"}],"about":[{"href":"https:\/\/belux.edmo.eu\/fr\/wp-json\/wp\/v2\/types\/post"}],"author":[{"embeddable":true,"href":"https:\/\/belux.edmo.eu\/fr\/wp-json\/wp\/v2\/users\/1"}],"replies":[{"embeddable":true,"href":"https:\/\/belux.edmo.eu\/fr\/wp-json\/wp\/v2\/comments?post=275477"}],"version-history":[{"count":0,"href":"https:\/\/belux.edmo.eu\/fr\/wp-json\/wp\/v2\/posts\/275477\/revisions"}],"wp:featuredmedia":[{"embeddable":true,"href":"https:\/\/belux.edmo.eu\/fr\/wp-json\/wp\/v2\/media\/275437"}],"wp:attachment":[{"href":"https:\/\/belux.edmo.eu\/fr\/wp-json\/wp\/v2\/media?parent=275477"}],"wp:term":[{"taxonomy":"category","embeddable":true,"href":"https:\/\/belux.edmo.eu\/fr\/wp-json\/wp\/v2\/categories?post=275477"},{"taxonomy":"post_tag","embeddable":true,"href":"https:\/\/belux.edmo.eu\/fr\/wp-json\/wp\/v2\/tags?post=275477"}],"curies":[{"name":"wp","href":"https:\/\/api.w.org\/{rel}","templated":true}]}}