{"id":276175,"date":"2023-07-25T10:29:20","date_gmt":"2023-07-25T10:29:20","guid":{"rendered":"https:\/\/belux.edmo.eu\/?p=276175"},"modified":"2023-07-25T14:16:58","modified_gmt":"2023-07-25T14:16:58","slug":"la-premire-cause-daccidents-mortels-est-lie-au-facteur-humain-et-non-aux-infrastructures","status":"publish","type":"post","link":"https:\/\/belux.edmo.eu\/fr\/la-premire-cause-daccidents-mortels-est-lie-au-facteur-humain-et-non-aux-infrastructures\/","title":{"rendered":"La premi\u00e8re cause d&rsquo;accidents mortels est li\u00e9e au facteur humain et non aux infrastructures"},"content":{"rendered":"<p><b>Le 17 juillet dernier, Elisabeth Borne, a annonc\u00e9 la requalification de \u00ab\u00a0<em>l&rsquo;homicide involontaire<\/em>\u00a0\u00bb par conducteur en \u00ab\u00a0<em>homicide routier<\/em>\u00ab\u00a0. Cette mesure a \u00e9t\u00e9 accompagn\u00e9e d&rsquo;une s\u00e9rie d&rsquo;autres initiatives ayant pour objectif de r\u00e9duire le nombre d&rsquo;accidents. Interrog\u00e9 par RMC ce m\u00eame jour sur l&rsquo;homicide routier, le d\u00e9put\u00e9 du Rassemblement National S\u00e9bastien Chenu a affirm\u00e9 <strong>que la premi\u00e8re cause d&rsquo;accidents de la route en France \u00e9tait li\u00e9e aux infrastructures, plaidant pour un plan de r\u00e9novation<\/strong><strong>. Mais attention<\/strong>, expliquent des sp\u00e9cialistes de la s\u00e9curit\u00e9 routi\u00e8re interrog\u00e9s par l&rsquo;AFP : le premier facteur de mortalit\u00e9 routi\u00e8re est le facteur humain.<\/b><\/p>\n<p>Interrog\u00e9 quelques heures avant qu&rsquo;Elisabeth Borne n&rsquo;annonce officiellement la mise en place du <a href=\"https:\/\/www.lemonde.fr\/societe\/article\/2023\/07\/17\/securite-routiere-le-permis-sera-suspendu-automatiquement-en-cas-de-conduite-sous-stupefiants-annonce-elisabeth-borne_6182288_3225.html\" target=\"_blank\" rel=\"noopener\" shape=\"rect\">d\u00e9lit <em>\u00ab\u00a0d&rsquo;homicide routier\u00a0\u00bb<\/em><\/a> pour remplacer celui \u00ab\u00a0<em>d&rsquo;homicide involontaire<\/em>\u00a0\u00bb par conducteur (d\u00e9p\u00eache archiv\u00e9e <a href=\"https:\/\/archive.ph\/wip\/Jan1z\" target=\"_blank\" rel=\"noopener\" shape=\"rect\">ici<\/a>), le d\u00e9put\u00e9 du Rassemblement National, vice-pr\u00e9sident de l&rsquo;Assembl\u00e9e, S\u00e9bastien Chenu, a estim\u00e9 que la politique de s\u00e9curit\u00e9 routi\u00e8re du gouvernement devrait aussi se concentrer sur la r\u00e9novation des infrastructures.<\/p>\n<p>\u00ab\u00a0<em>On doit avoir une politique de r\u00e9novation des infrastructures qui doit \u00eatre importante puisque je vous rappelle que la premi\u00e8re cause des accidents, 30% d&rsquo;entre eux, est li\u00e9e aux infrastructures<\/em>\u00ab\u00a0, \u00a0a-t-il soutenu le 17 juillet dans <a href=\"https:\/\/rmc.bfmtv.com\/replay-emissions\/apolline-matin\/l-invite-du-jour-sebastien-chenu-17-07_EN-202307170129.html\" target=\"_blank\" rel=\"noopener\" shape=\"rect\">la matinale de RMC<\/a> (archiv\u00e9e <a href=\"https:\/\/archive.ph\/MzMbW\" target=\"_blank\" rel=\"noopener\" shape=\"rect\">ici<\/a>), interrog\u00e9 sur les peines en vigueur lors d&rsquo;accidents routiers meurtriers.<\/p>\n<p>Le d\u00e9put\u00e9 et porte-parole du Rassemblement National a ensuite partag\u00e9 son interview sur sa page <a href=\"https:\/\/archive.ph\/wip\/EohP5\" target=\"_blank\" rel=\"noopener\" shape=\"rect\">Facebook<\/a>, cumulant plusieurs centaines de partages et plus de 20.000 vues.<\/p>\n<p>Concernant les accidents mat\u00e9riels et corporels non-mortels, il n&rsquo;existe pas de statistiques sur leurs causes principales car tous ne font pas l&rsquo;objet d&rsquo;enqu\u00eates et de recherches de causes, ont indiqu\u00e9 plusieurs experts de la s\u00e9curit\u00e9 routi\u00e8re \u00e0 l&rsquo;AFP. En revanche, les causes des accidents mortels, elles, sont r\u00e9pertori\u00e9es et des statistiques \u00e9tablies.<\/p>\n<p>Ainsi, dans le dernier <a href=\"https:\/\/www.onisr.securite-routiere.gouv.fr\/etat-de-linsecurite-routiere\/bilans-annuels-de-la-securite-routiere\/bilan-2022-de-la-securite-routiere\" target=\"_blank\" rel=\"noopener\" shape=\"rect\">bilan 2022 de l&rsquo;observatoire national interminist\u00e9riel de la s\u00e9curit\u00e9 routi\u00e8re<\/a> (ONISR), archiv\u00e9 <a href=\"https:\/\/perma.cc\/S6TP-2JXS\" target=\"_blank\" rel=\"noopener\" shape=\"rect\">ici<\/a>, on retrouve le chiffre de 30%. Les facteurs li\u00e9s \u00e0 l&rsquo;infrastructure contribuent effectivement \u00e0 30% des accidents mortels. <strong>Mais, selon ce bilan, le facteur humain est de loin la premi\u00e8re cause d&rsquo;accidents en France<\/strong>, puisqu&rsquo;il est impliqu\u00e9 dans 92% des accidents mortels, d&rsquo;apr\u00e8s l&rsquo;ONISR.<\/p>\n<p>Un <a href=\"https:\/\/www.ccomptes.fr\/sites\/default\/files\/2021-06\/20210701-rapport-securite-routiere.pdf\" target=\"_blank\" rel=\"noopener\" shape=\"rect\">rapport<\/a> (archiv\u00e9 <a href=\"https:\/\/perma.cc\/KX2Z-2KRK\" target=\"_blank\" rel=\"noopener\" shape=\"rect\">ici<\/a>) dat\u00e9 de 2021, la Cour des comptes confirme que le principal facteur d&rsquo;accidents est li\u00e9 au comportement humain : \u00ab\u00a0<em>La connaissance des d\u00e9terminants de l\u2019accidentalit\u00e9 routi\u00e8re a fait, depuis les ann\u00e9es soixante-dix, l\u2019objet de nombreux travaux scientifiques, qui classent les causes d\u2019accidents en trois grandes familles : celle se rapportant au comportement (H), celle relevant de l\u2019environnement et des infrastructures (E), la derni\u00e8re \u00e9tant celle aff\u00e9rant au v\u00e9hicule (V). <strong>De fa\u00e7on constante, ces travaux mettent en \u00e9vidence une pr\u00e9sence d\u00e9terminante des facteurs appartenant \u00e0 la famille H<\/strong><\/em>\u00ab\u00a0.<\/p>\n<p>Sollicit\u00e9 par l&rsquo;AFP, S\u00e9bastien Chenu n&rsquo;avait pas donn\u00e9 suite au moment de la publication de cet article.<\/p>\n<p><b>Une large majorit\u00e9 d&rsquo;accidents sont li\u00e9s au facteur humain<\/b><\/p>\n<p>\u00ab\u00a0<em>Un accident est dans la grande majorit\u00e9 des cas &lsquo;plurifactoriel&rsquo; et les diff\u00e9rents facteurs peuvent \u00eatre attribu\u00e9s aux trois composantes du syst\u00e8me, \u00e0 savoir : la composante humaine, le v\u00e9hicule et l&rsquo;environnement, dont l&rsquo;infrastructure<\/em>\u00ab\u00a0, explique Thierry Serre, directeur adjoint et chercheur du Laboratoire M\u00e9canismes d&rsquo;Accidents (LMA) \u00e0 l&rsquo;Universit\u00e9 Gustave Eiffel.<\/p>\n<p>\u00ab\u00a0<em>Plusieurs \u00e9tudes ont montr\u00e9 que dans environ 95% des cas d&rsquo;accidents, il y avait au moins une erreur humaine mais cela ne veut pas dire qu&rsquo;elle soit la seule et il peut y avoir aussi dans 30% des cas un lien avec l&rsquo;infrastructure<\/em>\u00ab\u00a0, d\u00e9taille-t-il \u00e0 l&rsquo;AFP.<\/p>\n<p>\u00ab\u00a0<em>L\u2019accident est multifactoriel : en France, l&rsquo;\u00e9tude sur les facteurs d&rsquo;accidents mortels (FLAM) sur les facteurs d\u00e9clenchants des accidents mortels de 2015 a identifi\u00e9 que les facteurs humains contribuent pour 92% des accidents mortels, les facteurs li\u00e9s \u00e0 l\u2019infrastructure pour 30%, les facteurs li\u00e9s au v\u00e9hicule pour 20% et les conditions de circulation pour 18%<\/em>\u00ab\u00a0, confirme de son c\u00f4t\u00e9 la D\u00e9l\u00e9gation \u00e0 la s\u00e9curit\u00e9 routi\u00e8re (DSR) \u00e0 l&rsquo;AFP.<\/p>\n<p>Pour \u00e9tablir ce constat, la DSR et l&rsquo;ONISR reprennent le <a href=\"https:\/\/doc.cerema.fr\/Default\/doc\/SYRACUSE\/21406\/les-facteurs-d-accidents-mortels-en-2015-exploitation-de-la-base-flam-aout-2021-rapport-d-etude?_lg=fr-FR\" target=\"_blank\" rel=\"noopener\" shape=\"rect\">rapport d&rsquo;\u00e9tude sur les facteurs d&rsquo;accidents mortels FLAM<\/a> (archiv\u00e9 <a href=\"https:\/\/perma.cc\/8B6J-3JDK\" target=\"_blank\" rel=\"noopener\" shape=\"rect\">ici<\/a>), publi\u00e9 en 2021, par le Centre d\u2019\u00e9tudes et d\u2019expertise sur les risques, l\u2019environnement, la mobilit\u00e9 et l\u2019am\u00e9nagement (Cerema).<\/p>\n<p>\u00ab\u00a0<em>Nous nous sommes int\u00e9ress\u00e9s aux accidents mortels de la circulation routi\u00e8re, autrement dit, ceux recens\u00e9s par les forces de l\u2019ordre sur l&rsquo;ann\u00e9e 2015<\/em>\u00ab\u00a0, explique Vincent Ledoux au sujet de l&rsquo;\u00e9tude, auteur du rapport d&rsquo;\u00e9tude FLAM et directeur de projets s\u00e9curit\u00e9-nouvelles technologies au Cerema.<\/p>\n<p>\u00ab\u00a0<em>Nous avions une liste de facteurs, associ\u00e9s \u00e0 diff\u00e9rentes composantes du syst\u00e8me de circulation : humaine, infrastructure, environnement, v\u00e9hicule\u00a0\u00bb, <\/em>compl\u00e8te-t-il. Au total, la liste comprend 153 facteurs.<\/p>\n<p>Parmi les facteurs li\u00e9s \u00e0 l&rsquo;infrastructure, le Cerema a notamment pris en compte les d\u00e9fauts de visibilit\u00e9, les probl\u00e8mes d&rsquo;\u00e9clairage public, l&rsquo;absence de possibilit\u00e9 d&rsquo;\u00e9vitement, ou encore la mauvaise ad\u00e9quation de l&rsquo;infrastructure par rapport \u00e0 l&rsquo;environnement.<\/p>\n<p><em>\u00ab\u00a0On a montr\u00e9 que dans 92% des accidents, au moins un facteur humain explique la survenue de l\u2019accident alors que 30% des accidents comprennent un facteur infrastructure qui joue dans la survenue de l\u2019accident<\/em>\u00ab\u00a0, conclut Vincent Ledoux. \u00ab\u00a0<em>La vitesse est le facteur qui survient le plus fr\u00e9quemment dans les accidents mortels<\/em>, <em>tandis que les accidents qui <\/em><em>impliquent uniquement le facteur infrastructure ne repr\u00e9sentent qu&rsquo;1% des accidents<\/em>\u00ab\u00a0, souligne-t-il.<\/p>\n<div class=\"g2web\" style=\"text-align: center;\">\n<p><iframe class=\"flourish-embed-iframe\" style=\"width: 100%; height: 600px;\" title=\"Interactive or visual content\" src=\"https:\/\/flo.uri.sh\/visualisation\/14481935\/embed\" frameborder=\"0\" scrolling=\"no\" sandbox=\"allow-same-origin allow-forms allow-scripts allow-downloads allow-popups allow-popups-to-escape-sandbox allow-top-navigation-by-user-activation\" data-mce-fragment=\"1\"><\/iframe><\/p>\n<div style=\"width: 100%!; margin-top: 4px!important; text-align: right!important;\"><\/div>\n<\/div>\n<p><b>La vitesse est le premier facteur \u00e0 l&rsquo;origine d&rsquo;accidents mortels<\/b><\/p>\n<p>Parmi la quarantaine de mesures pr\u00e9sent\u00e9es par la premi\u00e8re ministre lundi 17 juillet, <a href=\"https:\/\/www.nouvelobs.com\/societe\/20230717.OBS75884\/le-permis-de-conduire-sera-suspendu-automatiquement-en-cas-de-conduite-sous-stupefiants-annonce-borne.html\" target=\"_blank\" rel=\"noopener\" shape=\"rect\">le gouvernement pr\u00e9voit plus de s\u00e9v\u00e9rit\u00e9<\/a> \u00e0 l&rsquo;encontre des exc\u00e8s de vitesse qui \u00ab\u00a0<em>restent la premi\u00e8re cause d\u2019accidents sur les routes fran\u00e7aises<\/em>\u00ab\u00a0, selon Elisabeth Borne (d\u00e9p\u00eache archiv\u00e9e <a href=\"https:\/\/archive.md\/wip\/eMnlY\" target=\"_blank\" rel=\"noopener\" shape=\"rect\">ici<\/a>).<\/p>\n<p>Les autoroutes notamment ont enregistr\u00e9 une forte hausse de la mortalit\u00e9 (+12 %), passant de 263 \u00e0 294 tu\u00e9s entre 2019 et 2022. Ce n\u2019est toutefois pas sur les routes les plus rapides que l\u2019on recense le plus d\u2019accidents mortels.<\/p>\n<p>En 2022, l&rsquo;ONISR rapportait 300 d\u00e9c\u00e8s sur les autoroutes, tandis que le nombre de d\u00e9c\u00e8s sur le reste du r\u00e9seau routier fran\u00e7ais s&rsquo;\u00e9levait \u00e0 2960. Cette disparit\u00e9 s&rsquo;explique notamment par le statut sp\u00e9cifique des autoroutes, qui r\u00e9duit les risques d&rsquo;accidents gr\u00e2ce \u00e0 plusieurs facteurs : voies larges, sans croisements, r\u00e9serv\u00e9es aux v\u00e9hicules autoris\u00e9s (excluant les pi\u00e9tons, les v\u00e9los et les usagers lents), pr\u00e9sentent des pentes et des virages limit\u00e9s, et disposent d&rsquo;une bande d&rsquo;arr\u00eat d&rsquo;urgence.<\/p>\n<p>Diverses \u00e9tudes (<a href=\"https:\/\/www.toi.no\/getfile.php?mmfileid=1007\" target=\"_blank\" rel=\"noopener\" shape=\"rect\">1<\/a>, <a href=\"https:\/\/perma.cc\/W4ZL-WD6B\" target=\"_blank\" rel=\"noopener\" shape=\"rect\">2<\/a>, <a href=\"https:\/\/perma.cc\/SSM7-UNE4\" target=\"_blank\" rel=\"noopener\" shape=\"rect\">3<\/a>) ont confirm\u00e9 que le nombre d&rsquo;accidents mortels est directement li\u00e9 \u00e0 l&rsquo;augmentation de la vitesse sur les routes. En 1982, le chercheur su\u00e9dois sp\u00e9cialiste des transports, G\u00f6ran Nilsson, <a href=\"https:\/\/web.archive.org\/web\/20220703091604\/http:\/\/vti.diva-portal.org\/smash\/get\/diva2:671036\/FULLTEXT01.pdf\" target=\"_blank\" rel=\"noopener\" shape=\"rect\">a \u00e9tabli<\/a> une relation empirique connue sous le nom de \u00ab\u00a0<em>mod\u00e8le puissance de Nilsson<\/em>\u00ab\u00a0. Cette relation montre que lorsque la vitesse augmente de 5 %, cela entra\u00eene approximativement une hausse de 10% du nombre total d\u2019accidents corporels et de 20% du nombre d\u2019accidents mortels.<\/p>\n<p><b>Un durcissement des sanctions concernant la conduite sous emprise de stup\u00e9fiants\u00a0<\/b><\/p>\n<p>\u00ab\u00a0<em>En 2022, la vitesse excessive ou inadapt\u00e9e et l\u2019alcool restent les deux premiers facteurs cit\u00e9s (respectivement pour 28 % et 23% des pr\u00e9sum\u00e9s responsables). Les stup\u00e9fiants et l\u2019inattention sont cit\u00e9s chez 13% des pr\u00e9sum\u00e9s responsables, les malaises chez 10% des pr\u00e9sum\u00e9s responsables et les refus de priorit\u00e9 chez 9% des pr\u00e9sum\u00e9s responsables<\/em>\u00ab\u00a0, pr\u00e9cise la DSR \u00e0 l&rsquo;AFP.<\/p>\n<p>Pour lutter contre les stup\u00e9fiants au volant, le gouvernement a durci le ton en annon\u00e7ant aussi la suspension automatique du permis en cas de conduite sous l&rsquo;effet de drogues, une mesure jug\u00e9e insuffisante par des avocats et association.<\/p>\n<p>Ceux qui prendront la route apr\u00e8s avoir consomm\u00e9 des drogues perdront huit points sur leur permis de conduire, contre six actuellement et devront se soumettre \u00e0 un stage obligatoire.<\/p>\n<div class=\"g2image\">\n<figure><img src=\"https:\/\/belux-edmo.s3-accelerate.amazonaws.com\/wp-content\/uploads\/2023\/07\/e692a2c5af640f1cf41ef94c22bb83f3d4d6375d-ipad.jpg\" \/><figcaption>Contr\u00f4le routier en France en 2016 &#8211; Loic VENANCE \/ AFP<\/figcaption><\/figure>\n<\/div>\n<p>Elisabeth Borne a par ailleurs confirm\u00e9 que la qualification d'\u00a0\u00bb<em>homicide routier<\/em>\u00a0\u00bb remplacerait celle d'\u00a0\u00bb<em>homicide involontaire<\/em>\u00a0\u00bb par conducteur, qui choquait les associations et proches de victimes.<\/p>\n<p>Cette nouvelle infraction sp\u00e9cifique s&rsquo;appliquera que le conducteur ait consomm\u00e9, ou non, de l\u2019alcool ou des stup\u00e9fiants et interviendra apr\u00e8s modification du code p\u00e9nal.<\/p>\n<p><b>L&rsquo;impact des politiques de s\u00e9curit\u00e9 routi\u00e8re<\/b><\/p>\n<p>Les grandes politiques de s\u00e9curit\u00e9 routi\u00e8re entreprises ces cinquante derni\u00e8res ann\u00e9es ont eu des effets tr\u00e8s nets sur l\u2019accidentologie et la mortalit\u00e9.<\/p>\n<p>\u00ab\u00a0<em>D\u00e8s lors qu\u2019il y a des grandes d\u00e9cisions majeures en mati\u00e8re de s\u00e9curit\u00e9 routi\u00e8re, on sent nettement une baisse de l\u2019accidentalit\u00e9, c\u2019est pour \u00e7a qu\u2019on est pass\u00e9 de 16.000 morts \u00e0 3.000<\/em>\u00ab\u00a0, analyse Christian Machu, membre du conseil national de s\u00e9curit\u00e9 routi\u00e8re (CNSR) et anciennement charge du comit\u00e9 des experts du CNSR \u00e0 l&rsquo;AFP, \u00ab\u00a0<em>\u00e0 chaque fois qu\u2019il y a des grandes mesures, on voit nettement un impact sur l\u2019accidentalit\u00e9<\/em>\u00ab\u00a0.<\/p>\n<div class=\"g2web\" style=\"text-align: center;\">\n<p><iframe class=\"flourish-embed-iframe\" style=\"width: 100%; height: 600px;\" title=\"Interactive or visual content\" src=\"https:\/\/flo.uri.sh\/story\/1981125\/embed\" frameborder=\"0\" scrolling=\"no\" sandbox=\"allow-same-origin allow-forms allow-scripts allow-downloads allow-popups allow-popups-to-escape-sandbox allow-top-navigation-by-user-activation\" data-mce-fragment=\"1\"><\/iframe><\/p>\n<div style=\"width: 100%!; margin-top: 4px!important; text-align: right!important;\"><\/div>\n<\/div>\n<p>Pour autant, les experts interrog\u00e9s mettent en avant l&rsquo;importance des infrastructures.<\/p>\n<p>\u00ab\u00a0<em>Malgr\u00e9 tout, on a tendance \u00e0 n\u00e9gliger la s\u00e9curit\u00e9 des infrastructures, on a principalement une politique forte ax\u00e9e sur le comportement des usagers<\/em>\u00ab\u00a0, soutient Christian Machu. D&rsquo;apr\u00e8s lui, \u00ab\u00a0<em>les fameux 30% mis en avant pourraient \u00eatre r\u00e9duits si on introduit un contr\u00f4le de s\u00e9curit\u00e9 des infrastructures<\/em>\u00ab\u00a0.<\/p>\n<p>\u00ab\u00a0<em>Le conseil national de s\u00e9curit\u00e9 routi\u00e8re a \u00e9mis une recommandation pour demander que l\u2019on respecte les r\u00e8gles de conceptions propos\u00e9es par le Cerema<\/em>\u00ab\u00a0, pr\u00e9cise-t-il.<\/p>\n<p>En 2021, dans son \u00a0<a href=\"https:\/\/www.ccomptes.fr\/sites\/default\/files\/2021-06\/20210701-rapport-securite-routiere.pdf\" target=\"_blank\" rel=\"noopener\" shape=\"rect\">rapport<\/a>, archiv\u00e9 <a href=\"https:\/\/perma.cc\/KX2Z-2KRK\" target=\"_blank\" rel=\"noopener\" shape=\"rect\">ici<\/a>, \u00ab\u00a0<em>Evaluation de la politique publique de s\u00e9curit\u00e9 routi\u00e8re<\/em>\u00ab\u00a0, la Cour des Comptes estimait \u00e9galement que la politique de s\u00e9curit\u00e9 routi\u00e8re est \u00ab\u00a0<em>centr\u00e9e sur les usagers<\/em>\u00a0\u00bb et soutient que : \u00ab\u00a0<em>Pertinent au fond, le choix d\u2019une action prioritaire sur les comportements \u00e9tait aussi un choix par d\u00e9faut, qui refl\u00e9tait les difficult\u00e9s de l\u2019\u00c9tat \u00e0 agir sur d\u2019autres facteurs et notamment les infrastructures routi\u00e8res<\/em>\u00ab\u00a0.<\/p>\n","protected":false},"excerpt":{"rendered":"<p>Interrog\u00e9 quelques heures avant qu&rsquo;Elisabeth Borne n&rsquo;annonce officiellement la mise en place du d\u00e9lit \u00ab\u00a0d&rsquo;homicide routier\u00a0\u00bb pour remplacer celui \u00ab\u00a0d&rsquo;homicide involontaire\u00a0\u00bb par conducteur (d\u00e9p\u00eache archiv\u00e9e ici), le d\u00e9put\u00e9 du Rassemblement National, vice-pr\u00e9sident de l&rsquo;Assembl\u00e9e, S\u00e9bastien Chenu, a estim\u00e9 que la politique de s\u00e9curit\u00e9 routi\u00e8re du gouvernement devrait aussi se concentrer sur la r\u00e9novation des infrastructures.<\/p>\n","protected":false},"author":1,"featured_media":276165,"comment_status":"closed","ping_status":"open","sticky":false,"template":"","format":"standard","meta":{"_acf_changed":false,"footnotes":""},"categories":[125,132,138],"tags":[],"class_list":{"0":"post-276175","1":"post","2":"type-post","3":"status-publish","4":"format-standard","5":"has-post-thumbnail","7":"category-fact-check-fr","8":"category-politique","9":"category-societe"},"acf":{"show_metatags":true,"id":"http:\/\/doc.afp.com\/33PB9A8","authors":"Marine DELRUE \/ AFP France","organization":"AFP","featured_image_copyright":"Accident sur l'A9 en 2021 - Sylvain THOMAS \/ AFP","text_copyright":"\u00a9 AGENCE FRANCE-PRESSE | 2023 | Tous droits r\u00e9serv\u00e9s. L\u2019acc\u00e8s aux contenus de l'AFP publi\u00e9s sur ce site et, le cas \u00e9ch\u00e9ant, leur utilisation sont soumis aux conditions g\u00e9n\u00e9rales d'utilisation disponibles sur <a href='https:\/\/www.afp.com\/fr\/cgu' target='_blank'>CGU<\/a>. Par cons\u00e9quent, en acc\u00e9dant aux contenus de l\u2019AFP publi\u00e9s sur ce site, et en les utilisant, le cas \u00e9ch\u00e9ant, vous acceptez d'\u00eatre li\u00e9 par les conditions g\u00e9n\u00e9rales d'utilisation susmentionn\u00e9es. L\u2019utilisation de contenus de l'AFP se fait sous votre seule et enti\u00e8re responsabilit\u00e9.","source":"https:\/\/factuel.afp.com\/doc.afp.com.33PB9A8","fact_checker":"https:\/\/belux.wpengine.com\/wp-content\/uploads\/2021\/12\/afp_logo.png","type":"\u00c9v\u00e9nement ferm\u00e9","location":"","start_date":"","start_date_event_begins_at":"","start_date_event_ends_at":"","end_date":"","end_date_event_begins_at":"","end_date_event_ends_at":"","organizer":"","fact_checker_logo_image":false},"yoast_head":"<!-- This site is optimized with the Yoast SEO plugin v27.0 - https:\/\/yoast.com\/product\/yoast-seo-wordpress\/ -->\n<title>La premi\u00e8re cause d&#039;accidents mortels est li\u00e9e au facteur humain et non aux infrastructures - EDMO Belux<\/title>\n<meta name=\"robots\" content=\"index, follow, max-snippet:-1, max-image-preview:large, max-video-preview:-1\" \/>\n<link rel=\"canonical\" href=\"https:\/\/belux.edmo.eu\/fr\/la-premire-cause-daccidents-mortels-est-lie-au-facteur-humain-et-non-aux-infrastructures\/\" \/>\n<meta property=\"og:locale\" content=\"fr_FR\" \/>\n<meta property=\"og:type\" content=\"article\" \/>\n<meta property=\"og:title\" content=\"La premi\u00e8re cause d&#039;accidents mortels est li\u00e9e au facteur humain et non aux infrastructures - EDMO Belux\" \/>\n<meta property=\"og:description\" content=\"Interrog\u00e9 quelques heures avant qu&#039;Elisabeth Borne n&#039;annonce officiellement la mise en place du d\u00e9lit &quot;d&#039;homicide routier&quot; pour remplacer celui &quot;d&#039;homicide involontaire&quot; par conducteur (d\u00e9p\u00eache archiv\u00e9e ici), le d\u00e9put\u00e9 du Rassemblement National, vice-pr\u00e9sident de l&#039;Assembl\u00e9e, S\u00e9bastien Chenu, a estim\u00e9 que la politique de s\u00e9curit\u00e9 routi\u00e8re du gouvernement devrait aussi se concentrer sur la r\u00e9novation des infrastructures.\" \/>\n<meta property=\"og:url\" content=\"https:\/\/belux.edmo.eu\/fr\/la-premire-cause-daccidents-mortels-est-lie-au-facteur-humain-et-non-aux-infrastructures\/\" \/>\n<meta property=\"og:site_name\" content=\"EDMO Belux\" \/>\n<meta property=\"article:published_time\" content=\"2023-07-25T10:29:20+00:00\" \/>\n<meta property=\"article:modified_time\" content=\"2023-07-25T14:16:58+00:00\" \/>\n<meta property=\"og:image\" content=\"https:\/\/belux-edmo.s3-accelerate.amazonaws.com\/wp-content\/uploads\/2023\/07\/2cabfc751b6e69188b6f5af414b0a3baa3d763b7-ipad.jpg\" \/>\n\t<meta property=\"og:image:width\" content=\"1080\" \/>\n\t<meta property=\"og:image:height\" content=\"719\" \/>\n\t<meta property=\"og:image:type\" content=\"image\/jpeg\" \/>\n<meta name=\"author\" content=\"master\" \/>\n<meta name=\"twitter:card\" content=\"summary_large_image\" \/>\n<meta name=\"twitter:creator\" content=\"@Edmo_Belux\" \/>\n<meta name=\"twitter:site\" content=\"@Edmo_Belux\" \/>\n<meta name=\"twitter:label1\" content=\"\u00c9crit par\" \/>\n\t<meta name=\"twitter:data1\" content=\"master\" \/>\n\t<meta name=\"twitter:label2\" content=\"Dur\u00e9e de lecture estim\u00e9e\" \/>\n\t<meta name=\"twitter:data2\" content=\"8 minutes\" \/>\n<script type=\"application\/ld+json\" class=\"yoast-schema-graph\">{\"@context\":\"https:\/\/schema.org\",\"@graph\":[{\"@type\":\"Article\",\"@id\":\"https:\/\/belux.edmo.eu\/fr\/la-premire-cause-daccidents-mortels-est-lie-au-facteur-humain-et-non-aux-infrastructures\/#article\",\"isPartOf\":{\"@id\":\"https:\/\/belux.edmo.eu\/fr\/la-premire-cause-daccidents-mortels-est-lie-au-facteur-humain-et-non-aux-infrastructures\/\"},\"author\":{\"name\":\"master\",\"@id\":\"https:\/\/belux.edmo.eu\/#\/schema\/person\/dbe3b252258537fd318f9b5645a30342\"},\"headline\":\"La premi\u00e8re cause d&rsquo;accidents mortels est li\u00e9e au facteur humain et non aux infrastructures\",\"datePublished\":\"2023-07-25T10:29:20+00:00\",\"dateModified\":\"2023-07-25T14:16:58+00:00\",\"mainEntityOfPage\":{\"@id\":\"https:\/\/belux.edmo.eu\/fr\/la-premire-cause-daccidents-mortels-est-lie-au-facteur-humain-et-non-aux-infrastructures\/\"},\"wordCount\":1738,\"publisher\":{\"@id\":\"https:\/\/belux.edmo.eu\/#organization\"},\"image\":{\"@id\":\"https:\/\/belux.edmo.eu\/fr\/la-premire-cause-daccidents-mortels-est-lie-au-facteur-humain-et-non-aux-infrastructures\/#primaryimage\"},\"thumbnailUrl\":\"https:\/\/belux-edmo.s3-accelerate.amazonaws.com\/wp-content\/uploads\/2023\/07\/2cabfc751b6e69188b6f5af414b0a3baa3d763b7-ipad.jpg\",\"articleSection\":[\"Fact-Check\",\"Politique\",\"Societe\"],\"inLanguage\":\"fr-FR\"},{\"@type\":\"WebPage\",\"@id\":\"https:\/\/belux.edmo.eu\/fr\/la-premire-cause-daccidents-mortels-est-lie-au-facteur-humain-et-non-aux-infrastructures\/\",\"url\":\"https:\/\/belux.edmo.eu\/fr\/la-premire-cause-daccidents-mortels-est-lie-au-facteur-humain-et-non-aux-infrastructures\/\",\"name\":\"La premi\u00e8re cause d'accidents mortels est li\u00e9e au facteur humain et non aux infrastructures - EDMO Belux\",\"isPartOf\":{\"@id\":\"https:\/\/belux.edmo.eu\/#website\"},\"primaryImageOfPage\":{\"@id\":\"https:\/\/belux.edmo.eu\/fr\/la-premire-cause-daccidents-mortels-est-lie-au-facteur-humain-et-non-aux-infrastructures\/#primaryimage\"},\"image\":{\"@id\":\"https:\/\/belux.edmo.eu\/fr\/la-premire-cause-daccidents-mortels-est-lie-au-facteur-humain-et-non-aux-infrastructures\/#primaryimage\"},\"thumbnailUrl\":\"https:\/\/belux-edmo.s3-accelerate.amazonaws.com\/wp-content\/uploads\/2023\/07\/2cabfc751b6e69188b6f5af414b0a3baa3d763b7-ipad.jpg\",\"datePublished\":\"2023-07-25T10:29:20+00:00\",\"dateModified\":\"2023-07-25T14:16:58+00:00\",\"breadcrumb\":{\"@id\":\"https:\/\/belux.edmo.eu\/fr\/la-premire-cause-daccidents-mortels-est-lie-au-facteur-humain-et-non-aux-infrastructures\/#breadcrumb\"},\"inLanguage\":\"fr-FR\",\"potentialAction\":[{\"@type\":\"ReadAction\",\"target\":[\"https:\/\/belux.edmo.eu\/fr\/la-premire-cause-daccidents-mortels-est-lie-au-facteur-humain-et-non-aux-infrastructures\/\"]}]},{\"@type\":\"ImageObject\",\"inLanguage\":\"fr-FR\",\"@id\":\"https:\/\/belux.edmo.eu\/fr\/la-premire-cause-daccidents-mortels-est-lie-au-facteur-humain-et-non-aux-infrastructures\/#primaryimage\",\"url\":\"https:\/\/belux-edmo.s3-accelerate.amazonaws.com\/wp-content\/uploads\/2023\/07\/2cabfc751b6e69188b6f5af414b0a3baa3d763b7-ipad.jpg\",\"contentUrl\":\"https:\/\/belux-edmo.s3-accelerate.amazonaws.com\/wp-content\/uploads\/2023\/07\/2cabfc751b6e69188b6f5af414b0a3baa3d763b7-ipad.jpg\",\"width\":1080,\"height\":719,\"caption\":\"La premi\u00e8re cause d'accidents mortels est li\u00e9e au facteur humain et non aux infrastructures - Featured image\"},{\"@type\":\"BreadcrumbList\",\"@id\":\"https:\/\/belux.edmo.eu\/fr\/la-premire-cause-daccidents-mortels-est-lie-au-facteur-humain-et-non-aux-infrastructures\/#breadcrumb\",\"itemListElement\":[{\"@type\":\"ListItem\",\"position\":1,\"name\":\"Home\",\"item\":\"https:\/\/belux.edmo.eu\/fr\/\"},{\"@type\":\"ListItem\",\"position\":2,\"name\":\"La premi\u00e8re cause d&#8217;accidents mortels est li\u00e9e au facteur humain et non aux infrastructures\"}]},{\"@type\":\"WebSite\",\"@id\":\"https:\/\/belux.edmo.eu\/#website\",\"url\":\"https:\/\/belux.edmo.eu\/\",\"name\":\"EDMO Belux\",\"description\":\"Monitoring Disinformation in Belgium and Luxembourg\",\"publisher\":{\"@id\":\"https:\/\/belux.edmo.eu\/#organization\"},\"potentialAction\":[{\"@type\":\"SearchAction\",\"target\":{\"@type\":\"EntryPoint\",\"urlTemplate\":\"https:\/\/belux.edmo.eu\/?s={search_term_string}\"},\"query-input\":{\"@type\":\"PropertyValueSpecification\",\"valueRequired\":true,\"valueName\":\"search_term_string\"}}],\"inLanguage\":\"fr-FR\"},{\"@type\":\"Organization\",\"@id\":\"https:\/\/belux.edmo.eu\/#organization\",\"name\":\"EDMO Belux\",\"url\":\"https:\/\/belux.edmo.eu\/\",\"logo\":{\"@type\":\"ImageObject\",\"inLanguage\":\"fr-FR\",\"@id\":\"https:\/\/belux.edmo.eu\/#\/schema\/logo\/image\/\",\"url\":\"https:\/\/belux.edmo.eu\/wp-content\/uploads\/2021\/12\/belux-logo-full-color-rgb.svg\",\"contentUrl\":\"https:\/\/belux.edmo.eu\/wp-content\/uploads\/2021\/12\/belux-logo-full-color-rgb.svg\",\"width\":1,\"height\":1,\"caption\":\"EDMO Belux\"},\"image\":{\"@id\":\"https:\/\/belux.edmo.eu\/#\/schema\/logo\/image\/\"},\"sameAs\":[\"https:\/\/x.com\/Edmo_Belux\"]},{\"@type\":\"Person\",\"@id\":\"https:\/\/belux.edmo.eu\/#\/schema\/person\/dbe3b252258537fd318f9b5645a30342\",\"name\":\"master\",\"sameAs\":[\"https:\/\/belux.wpengine.com\"],\"url\":\"https:\/\/belux.edmo.eu\/fr\/author\/master\/\"}]}<\/script>\n<!-- \/ Yoast SEO plugin. -->","yoast_head_json":{"title":"La premi\u00e8re cause d'accidents mortels est li\u00e9e au facteur humain et non aux infrastructures - EDMO Belux","robots":{"index":"index","follow":"follow","max-snippet":"max-snippet:-1","max-image-preview":"max-image-preview:large","max-video-preview":"max-video-preview:-1"},"canonical":"https:\/\/belux.edmo.eu\/fr\/la-premire-cause-daccidents-mortels-est-lie-au-facteur-humain-et-non-aux-infrastructures\/","og_locale":"fr_FR","og_type":"article","og_title":"La premi\u00e8re cause d'accidents mortels est li\u00e9e au facteur humain et non aux infrastructures - EDMO Belux","og_description":"Interrog\u00e9 quelques heures avant qu'Elisabeth Borne n'annonce officiellement la mise en place du d\u00e9lit \"d'homicide routier\" pour remplacer celui \"d'homicide involontaire\" par conducteur (d\u00e9p\u00eache archiv\u00e9e ici), le d\u00e9put\u00e9 du Rassemblement National, vice-pr\u00e9sident de l'Assembl\u00e9e, S\u00e9bastien Chenu, a estim\u00e9 que la politique de s\u00e9curit\u00e9 routi\u00e8re du gouvernement devrait aussi se concentrer sur la r\u00e9novation des infrastructures.","og_url":"https:\/\/belux.edmo.eu\/fr\/la-premire-cause-daccidents-mortels-est-lie-au-facteur-humain-et-non-aux-infrastructures\/","og_site_name":"EDMO Belux","article_published_time":"2023-07-25T10:29:20+00:00","article_modified_time":"2023-07-25T14:16:58+00:00","og_image":[{"width":1080,"height":719,"url":"https:\/\/belux-edmo.s3-accelerate.amazonaws.com\/wp-content\/uploads\/2023\/07\/2cabfc751b6e69188b6f5af414b0a3baa3d763b7-ipad.jpg","type":"image\/jpeg"}],"author":"master","twitter_card":"summary_large_image","twitter_creator":"@Edmo_Belux","twitter_site":"@Edmo_Belux","twitter_misc":{"\u00c9crit par":"master","Dur\u00e9e de lecture estim\u00e9e":"8 minutes"},"schema":{"@context":"https:\/\/schema.org","@graph":[{"@type":"Article","@id":"https:\/\/belux.edmo.eu\/fr\/la-premire-cause-daccidents-mortels-est-lie-au-facteur-humain-et-non-aux-infrastructures\/#article","isPartOf":{"@id":"https:\/\/belux.edmo.eu\/fr\/la-premire-cause-daccidents-mortels-est-lie-au-facteur-humain-et-non-aux-infrastructures\/"},"author":{"name":"master","@id":"https:\/\/belux.edmo.eu\/#\/schema\/person\/dbe3b252258537fd318f9b5645a30342"},"headline":"La premi\u00e8re cause d&rsquo;accidents mortels est li\u00e9e au facteur humain et non aux infrastructures","datePublished":"2023-07-25T10:29:20+00:00","dateModified":"2023-07-25T14:16:58+00:00","mainEntityOfPage":{"@id":"https:\/\/belux.edmo.eu\/fr\/la-premire-cause-daccidents-mortels-est-lie-au-facteur-humain-et-non-aux-infrastructures\/"},"wordCount":1738,"publisher":{"@id":"https:\/\/belux.edmo.eu\/#organization"},"image":{"@id":"https:\/\/belux.edmo.eu\/fr\/la-premire-cause-daccidents-mortels-est-lie-au-facteur-humain-et-non-aux-infrastructures\/#primaryimage"},"thumbnailUrl":"https:\/\/belux-edmo.s3-accelerate.amazonaws.com\/wp-content\/uploads\/2023\/07\/2cabfc751b6e69188b6f5af414b0a3baa3d763b7-ipad.jpg","articleSection":["Fact-Check","Politique","Societe"],"inLanguage":"fr-FR"},{"@type":"WebPage","@id":"https:\/\/belux.edmo.eu\/fr\/la-premire-cause-daccidents-mortels-est-lie-au-facteur-humain-et-non-aux-infrastructures\/","url":"https:\/\/belux.edmo.eu\/fr\/la-premire-cause-daccidents-mortels-est-lie-au-facteur-humain-et-non-aux-infrastructures\/","name":"La premi\u00e8re cause d'accidents mortels est li\u00e9e au facteur humain et non aux infrastructures - EDMO Belux","isPartOf":{"@id":"https:\/\/belux.edmo.eu\/#website"},"primaryImageOfPage":{"@id":"https:\/\/belux.edmo.eu\/fr\/la-premire-cause-daccidents-mortels-est-lie-au-facteur-humain-et-non-aux-infrastructures\/#primaryimage"},"image":{"@id":"https:\/\/belux.edmo.eu\/fr\/la-premire-cause-daccidents-mortels-est-lie-au-facteur-humain-et-non-aux-infrastructures\/#primaryimage"},"thumbnailUrl":"https:\/\/belux-edmo.s3-accelerate.amazonaws.com\/wp-content\/uploads\/2023\/07\/2cabfc751b6e69188b6f5af414b0a3baa3d763b7-ipad.jpg","datePublished":"2023-07-25T10:29:20+00:00","dateModified":"2023-07-25T14:16:58+00:00","breadcrumb":{"@id":"https:\/\/belux.edmo.eu\/fr\/la-premire-cause-daccidents-mortels-est-lie-au-facteur-humain-et-non-aux-infrastructures\/#breadcrumb"},"inLanguage":"fr-FR","potentialAction":[{"@type":"ReadAction","target":["https:\/\/belux.edmo.eu\/fr\/la-premire-cause-daccidents-mortels-est-lie-au-facteur-humain-et-non-aux-infrastructures\/"]}]},{"@type":"ImageObject","inLanguage":"fr-FR","@id":"https:\/\/belux.edmo.eu\/fr\/la-premire-cause-daccidents-mortels-est-lie-au-facteur-humain-et-non-aux-infrastructures\/#primaryimage","url":"https:\/\/belux-edmo.s3-accelerate.amazonaws.com\/wp-content\/uploads\/2023\/07\/2cabfc751b6e69188b6f5af414b0a3baa3d763b7-ipad.jpg","contentUrl":"https:\/\/belux-edmo.s3-accelerate.amazonaws.com\/wp-content\/uploads\/2023\/07\/2cabfc751b6e69188b6f5af414b0a3baa3d763b7-ipad.jpg","width":1080,"height":719,"caption":"La premi\u00e8re cause d'accidents mortels est li\u00e9e au facteur humain et non aux infrastructures - Featured image"},{"@type":"BreadcrumbList","@id":"https:\/\/belux.edmo.eu\/fr\/la-premire-cause-daccidents-mortels-est-lie-au-facteur-humain-et-non-aux-infrastructures\/#breadcrumb","itemListElement":[{"@type":"ListItem","position":1,"name":"Home","item":"https:\/\/belux.edmo.eu\/fr\/"},{"@type":"ListItem","position":2,"name":"La premi\u00e8re cause d&#8217;accidents mortels est li\u00e9e au facteur humain et non aux infrastructures"}]},{"@type":"WebSite","@id":"https:\/\/belux.edmo.eu\/#website","url":"https:\/\/belux.edmo.eu\/","name":"EDMO Belux","description":"Monitoring Disinformation in Belgium and Luxembourg","publisher":{"@id":"https:\/\/belux.edmo.eu\/#organization"},"potentialAction":[{"@type":"SearchAction","target":{"@type":"EntryPoint","urlTemplate":"https:\/\/belux.edmo.eu\/?s={search_term_string}"},"query-input":{"@type":"PropertyValueSpecification","valueRequired":true,"valueName":"search_term_string"}}],"inLanguage":"fr-FR"},{"@type":"Organization","@id":"https:\/\/belux.edmo.eu\/#organization","name":"EDMO Belux","url":"https:\/\/belux.edmo.eu\/","logo":{"@type":"ImageObject","inLanguage":"fr-FR","@id":"https:\/\/belux.edmo.eu\/#\/schema\/logo\/image\/","url":"https:\/\/belux.edmo.eu\/wp-content\/uploads\/2021\/12\/belux-logo-full-color-rgb.svg","contentUrl":"https:\/\/belux.edmo.eu\/wp-content\/uploads\/2021\/12\/belux-logo-full-color-rgb.svg","width":1,"height":1,"caption":"EDMO Belux"},"image":{"@id":"https:\/\/belux.edmo.eu\/#\/schema\/logo\/image\/"},"sameAs":["https:\/\/x.com\/Edmo_Belux"]},{"@type":"Person","@id":"https:\/\/belux.edmo.eu\/#\/schema\/person\/dbe3b252258537fd318f9b5645a30342","name":"master","sameAs":["https:\/\/belux.wpengine.com"],"url":"https:\/\/belux.edmo.eu\/fr\/author\/master\/"}]}},"menu_order":0,"_links":{"self":[{"href":"https:\/\/belux.edmo.eu\/fr\/wp-json\/wp\/v2\/posts\/276175","targetHints":{"allow":["GET"]}}],"collection":[{"href":"https:\/\/belux.edmo.eu\/fr\/wp-json\/wp\/v2\/posts"}],"about":[{"href":"https:\/\/belux.edmo.eu\/fr\/wp-json\/wp\/v2\/types\/post"}],"author":[{"embeddable":true,"href":"https:\/\/belux.edmo.eu\/fr\/wp-json\/wp\/v2\/users\/1"}],"replies":[{"embeddable":true,"href":"https:\/\/belux.edmo.eu\/fr\/wp-json\/wp\/v2\/comments?post=276175"}],"version-history":[{"count":0,"href":"https:\/\/belux.edmo.eu\/fr\/wp-json\/wp\/v2\/posts\/276175\/revisions"}],"wp:featuredmedia":[{"embeddable":true,"href":"https:\/\/belux.edmo.eu\/fr\/wp-json\/wp\/v2\/media\/276165"}],"wp:attachment":[{"href":"https:\/\/belux.edmo.eu\/fr\/wp-json\/wp\/v2\/media?parent=276175"}],"wp:term":[{"taxonomy":"category","embeddable":true,"href":"https:\/\/belux.edmo.eu\/fr\/wp-json\/wp\/v2\/categories?post=276175"},{"taxonomy":"post_tag","embeddable":true,"href":"https:\/\/belux.edmo.eu\/fr\/wp-json\/wp\/v2\/tags?post=276175"}],"curies":[{"name":"wp","href":"https:\/\/api.w.org\/{rel}","templated":true}]}}