{"id":279132,"date":"2023-08-22T06:00:30","date_gmt":"2023-08-22T06:00:30","guid":{"rendered":"https:\/\/belux.edmo.eu\/?p=279132"},"modified":"2023-08-22T09:20:42","modified_gmt":"2023-08-22T09:20:42","slug":"reglementer-la-desinformation-regard-sur-le-cadre-legal-en-belgique","status":"publish","type":"post","link":"https:\/\/belux.edmo.eu\/fr\/reglementer-la-desinformation-regard-sur-le-cadre-legal-en-belgique\/","title":{"rendered":"R\u00e9glementer la d\u00e9sinformation : regard sur le cadre l\u00e9gal en Belgique"},"content":{"rendered":"<div class=\"wpb-content-wrapper\"><p>[vc_row][vc_column][vc_column_text]La d\u00e9sinformation est devenue l&rsquo;un des d\u00e9fis centraux des d\u00e9mocraties modernes. Avec la multiplication des espaces de discussion ainsi que l&rsquo;explosion du contenu g\u00e9n\u00e9r\u00e9 par les utilisateurs, la quantit\u00e9 &#8211; et la vitesse \u00e0 laquelle &#8211; la d\u00e9sinformation est cr\u00e9\u00e9e et diffus\u00e9e est sans pr\u00e9c\u00e9dent. Face \u00e0 ce d\u00e9fi en constante \u00e9volution (la d\u00e9sinformation n&rsquo;est pas quelque chose de nouveau), de multiples cadres juridiques et non juridiques ont \u00e9t\u00e9 mis en place tant au niveau europ\u00e9en que national dans les \u00c9tats membres de l&rsquo;UE.<\/p>\n<p>Ce document vise \u00e0 rassembler les questions cl\u00e9s concernant le cadre juridique applicable en Belgique, en juin 2023.<\/p>\n<p><strong>T\u00e9l\u00e9chargez le PDF complet (en anglais) <a href=\"https:\/\/belux-edmo.s3-accelerate.amazonaws.com\/wp-content\/uploads\/2023\/08\/Regulating_disinformation_legal_framework_Belgium.pdf\" target=\"_blank\" rel=\"noopener\">ici<\/a>.<\/strong>[\/vc_column_text][\/vc_column][\/vc_row]<\/p>\n<\/div>","protected":false},"excerpt":{"rendered":"<p>[vc_row][vc_column][vc_column_text]La d\u00e9sinformation est devenue l&rsquo;un des d\u00e9fis centraux des d\u00e9mocraties modernes. Avec la multiplication des espaces de discussion ainsi que&#8230;<\/p>\n","protected":false},"author":21,"featured_media":279135,"comment_status":"closed","ping_status":"open","sticky":false,"template":"","format":"standard","meta":{"_acf_changed":false,"footnotes":""},"categories":[232],"tags":[],"class_list":{"0":"post-279132","1":"post","2":"type-post","3":"status-publish","4":"format-standard","5":"has-post-thumbnail","7":"category-recherche-etudes"},"acf":{"type":"\u00c9v\u00e9nement ferm\u00e9","location":"","start_date":"","start_date_event_begins_at":"","start_date_event_ends_at":"","end_date":"","end_date_event_begins_at":"","end_date_event_ends_at":"","organizer":"","show_metatags":false,"id":"","authors":"","organization":"","featured_image_copyright":"","text_copyright":"","source":"","fact_checker":"https:\/\/belux.wpengine.com\/wp-content\/uploads\/2021\/12\/afp_logo.png","fact_checker_logo_image":false},"yoast_head":"<!-- This site is optimized with the Yoast SEO plugin v27.0 - https:\/\/yoast.com\/product\/yoast-seo-wordpress\/ -->\n<title>R\u00e9glementer la d\u00e9sinformation : regard sur le cadre l\u00e9gal en Belgique - EDMO Belux<\/title>\n<meta name=\"robots\" content=\"index, follow, max-snippet:-1, max-image-preview:large, max-video-preview:-1\" \/>\n<link rel=\"canonical\" href=\"https:\/\/belux.edmo.eu\/fr\/reglementer-la-desinformation-regard-sur-le-cadre-legal-en-belgique\/\" \/>\n<meta property=\"og:locale\" content=\"fr_FR\" \/>\n<meta property=\"og:type\" content=\"article\" \/>\n<meta property=\"og:title\" content=\"R\u00e9glementer la d\u00e9sinformation : regard sur le cadre l\u00e9gal en Belgique - EDMO Belux\" \/>\n<meta property=\"og:description\" content=\"[vc_row][vc_column][vc_column_text]La d\u00e9sinformation est devenue l&rsquo;un des d\u00e9fis centraux des d\u00e9mocraties modernes. Avec la multiplication des espaces de discussion ainsi que...\" \/>\n<meta property=\"og:url\" content=\"https:\/\/belux.edmo.eu\/fr\/reglementer-la-desinformation-regard-sur-le-cadre-legal-en-belgique\/\" \/>\n<meta property=\"og:site_name\" content=\"EDMO Belux\" \/>\n<meta property=\"article:published_time\" content=\"2023-08-22T06:00:30+00:00\" \/>\n<meta property=\"article:modified_time\" content=\"2023-08-22T09:20:42+00:00\" \/>\n<meta property=\"og:image\" content=\"https:\/\/belux-edmo.s3-accelerate.amazonaws.com\/wp-content\/uploads\/2023\/08\/vPMSTA45-Regulating-disinformation-BE.png\" \/>\n\t<meta property=\"og:image:width\" content=\"1600\" \/>\n\t<meta property=\"og:image:height\" content=\"690\" \/>\n\t<meta property=\"og:image:type\" content=\"image\/png\" \/>\n<meta name=\"author\" content=\"Heini J\u00e4rvinen\" \/>\n<meta name=\"twitter:card\" content=\"summary_large_image\" \/>\n<meta name=\"twitter:creator\" content=\"@Edmo_Belux\" \/>\n<meta name=\"twitter:site\" content=\"@Edmo_Belux\" \/>\n<meta name=\"twitter:label1\" content=\"\u00c9crit par\" \/>\n\t<meta name=\"twitter:data1\" content=\"Heini J\u00e4rvinen\" \/>\n\t<meta name=\"twitter:label2\" content=\"Dur\u00e9e de lecture estim\u00e9e\" \/>\n\t<meta name=\"twitter:data2\" content=\"1 minute\" \/>\n<script type=\"application\/ld+json\" class=\"yoast-schema-graph\">{\"@context\":\"https:\/\/schema.org\",\"@graph\":[{\"@type\":\"Article\",\"@id\":\"https:\/\/belux.edmo.eu\/fr\/reglementer-la-desinformation-regard-sur-le-cadre-legal-en-belgique\/#article\",\"isPartOf\":{\"@id\":\"https:\/\/belux.edmo.eu\/fr\/reglementer-la-desinformation-regard-sur-le-cadre-legal-en-belgique\/\"},\"author\":{\"name\":\"Heini J\u00e4rvinen\",\"@id\":\"https:\/\/belux.edmo.eu\/#\/schema\/person\/76f73c254cfa71ce3f67b61d2852b401\"},\"headline\":\"R\u00e9glementer la d\u00e9sinformation : regard sur le cadre l\u00e9gal en Belgique\",\"datePublished\":\"2023-08-22T06:00:30+00:00\",\"dateModified\":\"2023-08-22T09:20:42+00:00\",\"mainEntityOfPage\":{\"@id\":\"https:\/\/belux.edmo.eu\/fr\/reglementer-la-desinformation-regard-sur-le-cadre-legal-en-belgique\/\"},\"wordCount\":152,\"publisher\":{\"@id\":\"https:\/\/belux.edmo.eu\/#organization\"},\"image\":{\"@id\":\"https:\/\/belux.edmo.eu\/fr\/reglementer-la-desinformation-regard-sur-le-cadre-legal-en-belgique\/#primaryimage\"},\"thumbnailUrl\":\"https:\/\/belux-edmo.s3-accelerate.amazonaws.com\/wp-content\/uploads\/2023\/08\/vPMSTA45-Regulating-disinformation-BE.png\",\"articleSection\":[\"Recherche &amp; Etudes\"],\"inLanguage\":\"fr-FR\"},{\"@type\":\"WebPage\",\"@id\":\"https:\/\/belux.edmo.eu\/fr\/reglementer-la-desinformation-regard-sur-le-cadre-legal-en-belgique\/\",\"url\":\"https:\/\/belux.edmo.eu\/fr\/reglementer-la-desinformation-regard-sur-le-cadre-legal-en-belgique\/\",\"name\":\"R\u00e9glementer la d\u00e9sinformation : regard sur le cadre l\u00e9gal en Belgique - EDMO Belux\",\"isPartOf\":{\"@id\":\"https:\/\/belux.edmo.eu\/#website\"},\"primaryImageOfPage\":{\"@id\":\"https:\/\/belux.edmo.eu\/fr\/reglementer-la-desinformation-regard-sur-le-cadre-legal-en-belgique\/#primaryimage\"},\"image\":{\"@id\":\"https:\/\/belux.edmo.eu\/fr\/reglementer-la-desinformation-regard-sur-le-cadre-legal-en-belgique\/#primaryimage\"},\"thumbnailUrl\":\"https:\/\/belux-edmo.s3-accelerate.amazonaws.com\/wp-content\/uploads\/2023\/08\/vPMSTA45-Regulating-disinformation-BE.png\",\"datePublished\":\"2023-08-22T06:00:30+00:00\",\"dateModified\":\"2023-08-22T09:20:42+00:00\",\"breadcrumb\":{\"@id\":\"https:\/\/belux.edmo.eu\/fr\/reglementer-la-desinformation-regard-sur-le-cadre-legal-en-belgique\/#breadcrumb\"},\"inLanguage\":\"fr-FR\",\"potentialAction\":[{\"@type\":\"ReadAction\",\"target\":[\"https:\/\/belux.edmo.eu\/fr\/reglementer-la-desinformation-regard-sur-le-cadre-legal-en-belgique\/\"]}]},{\"@type\":\"ImageObject\",\"inLanguage\":\"fr-FR\",\"@id\":\"https:\/\/belux.edmo.eu\/fr\/reglementer-la-desinformation-regard-sur-le-cadre-legal-en-belgique\/#primaryimage\",\"url\":\"https:\/\/belux-edmo.s3-accelerate.amazonaws.com\/wp-content\/uploads\/2023\/08\/vPMSTA45-Regulating-disinformation-BE.png\",\"contentUrl\":\"https:\/\/belux-edmo.s3-accelerate.amazonaws.com\/wp-content\/uploads\/2023\/08\/vPMSTA45-Regulating-disinformation-BE.png\",\"width\":1600,\"height\":690},{\"@type\":\"BreadcrumbList\",\"@id\":\"https:\/\/belux.edmo.eu\/fr\/reglementer-la-desinformation-regard-sur-le-cadre-legal-en-belgique\/#breadcrumb\",\"itemListElement\":[{\"@type\":\"ListItem\",\"position\":1,\"name\":\"Home\",\"item\":\"https:\/\/belux.edmo.eu\/fr\/\"},{\"@type\":\"ListItem\",\"position\":2,\"name\":\"R\u00e9glementer la d\u00e9sinformation : regard sur le cadre l\u00e9gal en Belgique\"}]},{\"@type\":\"WebSite\",\"@id\":\"https:\/\/belux.edmo.eu\/#website\",\"url\":\"https:\/\/belux.edmo.eu\/\",\"name\":\"EDMO Belux\",\"description\":\"Monitoring Disinformation in Belgium and Luxembourg\",\"publisher\":{\"@id\":\"https:\/\/belux.edmo.eu\/#organization\"},\"potentialAction\":[{\"@type\":\"SearchAction\",\"target\":{\"@type\":\"EntryPoint\",\"urlTemplate\":\"https:\/\/belux.edmo.eu\/?s={search_term_string}\"},\"query-input\":{\"@type\":\"PropertyValueSpecification\",\"valueRequired\":true,\"valueName\":\"search_term_string\"}}],\"inLanguage\":\"fr-FR\"},{\"@type\":\"Organization\",\"@id\":\"https:\/\/belux.edmo.eu\/#organization\",\"name\":\"EDMO Belux\",\"url\":\"https:\/\/belux.edmo.eu\/\",\"logo\":{\"@type\":\"ImageObject\",\"inLanguage\":\"fr-FR\",\"@id\":\"https:\/\/belux.edmo.eu\/#\/schema\/logo\/image\/\",\"url\":\"https:\/\/belux.edmo.eu\/wp-content\/uploads\/2021\/12\/belux-logo-full-color-rgb.svg\",\"contentUrl\":\"https:\/\/belux.edmo.eu\/wp-content\/uploads\/2021\/12\/belux-logo-full-color-rgb.svg\",\"width\":1,\"height\":1,\"caption\":\"EDMO Belux\"},\"image\":{\"@id\":\"https:\/\/belux.edmo.eu\/#\/schema\/logo\/image\/\"},\"sameAs\":[\"https:\/\/x.com\/Edmo_Belux\"]},{\"@type\":\"Person\",\"@id\":\"https:\/\/belux.edmo.eu\/#\/schema\/person\/76f73c254cfa71ce3f67b61d2852b401\",\"name\":\"Heini J\u00e4rvinen\",\"url\":\"https:\/\/belux.edmo.eu\/fr\/author\/h-jarvinen\/\"}]}<\/script>\n<!-- \/ Yoast SEO plugin. -->","yoast_head_json":{"title":"R\u00e9glementer la d\u00e9sinformation : regard sur le cadre l\u00e9gal en Belgique - EDMO Belux","robots":{"index":"index","follow":"follow","max-snippet":"max-snippet:-1","max-image-preview":"max-image-preview:large","max-video-preview":"max-video-preview:-1"},"canonical":"https:\/\/belux.edmo.eu\/fr\/reglementer-la-desinformation-regard-sur-le-cadre-legal-en-belgique\/","og_locale":"fr_FR","og_type":"article","og_title":"R\u00e9glementer la d\u00e9sinformation : regard sur le cadre l\u00e9gal en Belgique - EDMO Belux","og_description":"[vc_row][vc_column][vc_column_text]La d\u00e9sinformation est devenue l&rsquo;un des d\u00e9fis centraux des d\u00e9mocraties modernes. Avec la multiplication des espaces de discussion ainsi que...","og_url":"https:\/\/belux.edmo.eu\/fr\/reglementer-la-desinformation-regard-sur-le-cadre-legal-en-belgique\/","og_site_name":"EDMO Belux","article_published_time":"2023-08-22T06:00:30+00:00","article_modified_time":"2023-08-22T09:20:42+00:00","og_image":[{"width":1600,"height":690,"url":"https:\/\/belux-edmo.s3-accelerate.amazonaws.com\/wp-content\/uploads\/2023\/08\/vPMSTA45-Regulating-disinformation-BE.png","type":"image\/png"}],"author":"Heini J\u00e4rvinen","twitter_card":"summary_large_image","twitter_creator":"@Edmo_Belux","twitter_site":"@Edmo_Belux","twitter_misc":{"\u00c9crit par":"Heini J\u00e4rvinen","Dur\u00e9e de lecture estim\u00e9e":"1 minute"},"schema":{"@context":"https:\/\/schema.org","@graph":[{"@type":"Article","@id":"https:\/\/belux.edmo.eu\/fr\/reglementer-la-desinformation-regard-sur-le-cadre-legal-en-belgique\/#article","isPartOf":{"@id":"https:\/\/belux.edmo.eu\/fr\/reglementer-la-desinformation-regard-sur-le-cadre-legal-en-belgique\/"},"author":{"name":"Heini J\u00e4rvinen","@id":"https:\/\/belux.edmo.eu\/#\/schema\/person\/76f73c254cfa71ce3f67b61d2852b401"},"headline":"R\u00e9glementer la d\u00e9sinformation : regard sur le cadre l\u00e9gal en Belgique","datePublished":"2023-08-22T06:00:30+00:00","dateModified":"2023-08-22T09:20:42+00:00","mainEntityOfPage":{"@id":"https:\/\/belux.edmo.eu\/fr\/reglementer-la-desinformation-regard-sur-le-cadre-legal-en-belgique\/"},"wordCount":152,"publisher":{"@id":"https:\/\/belux.edmo.eu\/#organization"},"image":{"@id":"https:\/\/belux.edmo.eu\/fr\/reglementer-la-desinformation-regard-sur-le-cadre-legal-en-belgique\/#primaryimage"},"thumbnailUrl":"https:\/\/belux-edmo.s3-accelerate.amazonaws.com\/wp-content\/uploads\/2023\/08\/vPMSTA45-Regulating-disinformation-BE.png","articleSection":["Recherche &amp; Etudes"],"inLanguage":"fr-FR"},{"@type":"WebPage","@id":"https:\/\/belux.edmo.eu\/fr\/reglementer-la-desinformation-regard-sur-le-cadre-legal-en-belgique\/","url":"https:\/\/belux.edmo.eu\/fr\/reglementer-la-desinformation-regard-sur-le-cadre-legal-en-belgique\/","name":"R\u00e9glementer la d\u00e9sinformation : regard sur le cadre l\u00e9gal en Belgique - EDMO Belux","isPartOf":{"@id":"https:\/\/belux.edmo.eu\/#website"},"primaryImageOfPage":{"@id":"https:\/\/belux.edmo.eu\/fr\/reglementer-la-desinformation-regard-sur-le-cadre-legal-en-belgique\/#primaryimage"},"image":{"@id":"https:\/\/belux.edmo.eu\/fr\/reglementer-la-desinformation-regard-sur-le-cadre-legal-en-belgique\/#primaryimage"},"thumbnailUrl":"https:\/\/belux-edmo.s3-accelerate.amazonaws.com\/wp-content\/uploads\/2023\/08\/vPMSTA45-Regulating-disinformation-BE.png","datePublished":"2023-08-22T06:00:30+00:00","dateModified":"2023-08-22T09:20:42+00:00","breadcrumb":{"@id":"https:\/\/belux.edmo.eu\/fr\/reglementer-la-desinformation-regard-sur-le-cadre-legal-en-belgique\/#breadcrumb"},"inLanguage":"fr-FR","potentialAction":[{"@type":"ReadAction","target":["https:\/\/belux.edmo.eu\/fr\/reglementer-la-desinformation-regard-sur-le-cadre-legal-en-belgique\/"]}]},{"@type":"ImageObject","inLanguage":"fr-FR","@id":"https:\/\/belux.edmo.eu\/fr\/reglementer-la-desinformation-regard-sur-le-cadre-legal-en-belgique\/#primaryimage","url":"https:\/\/belux-edmo.s3-accelerate.amazonaws.com\/wp-content\/uploads\/2023\/08\/vPMSTA45-Regulating-disinformation-BE.png","contentUrl":"https:\/\/belux-edmo.s3-accelerate.amazonaws.com\/wp-content\/uploads\/2023\/08\/vPMSTA45-Regulating-disinformation-BE.png","width":1600,"height":690},{"@type":"BreadcrumbList","@id":"https:\/\/belux.edmo.eu\/fr\/reglementer-la-desinformation-regard-sur-le-cadre-legal-en-belgique\/#breadcrumb","itemListElement":[{"@type":"ListItem","position":1,"name":"Home","item":"https:\/\/belux.edmo.eu\/fr\/"},{"@type":"ListItem","position":2,"name":"R\u00e9glementer la d\u00e9sinformation : regard sur le cadre l\u00e9gal en Belgique"}]},{"@type":"WebSite","@id":"https:\/\/belux.edmo.eu\/#website","url":"https:\/\/belux.edmo.eu\/","name":"EDMO Belux","description":"Monitoring Disinformation in Belgium and Luxembourg","publisher":{"@id":"https:\/\/belux.edmo.eu\/#organization"},"potentialAction":[{"@type":"SearchAction","target":{"@type":"EntryPoint","urlTemplate":"https:\/\/belux.edmo.eu\/?s={search_term_string}"},"query-input":{"@type":"PropertyValueSpecification","valueRequired":true,"valueName":"search_term_string"}}],"inLanguage":"fr-FR"},{"@type":"Organization","@id":"https:\/\/belux.edmo.eu\/#organization","name":"EDMO Belux","url":"https:\/\/belux.edmo.eu\/","logo":{"@type":"ImageObject","inLanguage":"fr-FR","@id":"https:\/\/belux.edmo.eu\/#\/schema\/logo\/image\/","url":"https:\/\/belux.edmo.eu\/wp-content\/uploads\/2021\/12\/belux-logo-full-color-rgb.svg","contentUrl":"https:\/\/belux.edmo.eu\/wp-content\/uploads\/2021\/12\/belux-logo-full-color-rgb.svg","width":1,"height":1,"caption":"EDMO Belux"},"image":{"@id":"https:\/\/belux.edmo.eu\/#\/schema\/logo\/image\/"},"sameAs":["https:\/\/x.com\/Edmo_Belux"]},{"@type":"Person","@id":"https:\/\/belux.edmo.eu\/#\/schema\/person\/76f73c254cfa71ce3f67b61d2852b401","name":"Heini J\u00e4rvinen","url":"https:\/\/belux.edmo.eu\/fr\/author\/h-jarvinen\/"}]}},"menu_order":0,"_links":{"self":[{"href":"https:\/\/belux.edmo.eu\/fr\/wp-json\/wp\/v2\/posts\/279132","targetHints":{"allow":["GET"]}}],"collection":[{"href":"https:\/\/belux.edmo.eu\/fr\/wp-json\/wp\/v2\/posts"}],"about":[{"href":"https:\/\/belux.edmo.eu\/fr\/wp-json\/wp\/v2\/types\/post"}],"author":[{"embeddable":true,"href":"https:\/\/belux.edmo.eu\/fr\/wp-json\/wp\/v2\/users\/21"}],"replies":[{"embeddable":true,"href":"https:\/\/belux.edmo.eu\/fr\/wp-json\/wp\/v2\/comments?post=279132"}],"version-history":[{"count":0,"href":"https:\/\/belux.edmo.eu\/fr\/wp-json\/wp\/v2\/posts\/279132\/revisions"}],"wp:featuredmedia":[{"embeddable":true,"href":"https:\/\/belux.edmo.eu\/fr\/wp-json\/wp\/v2\/media\/279135"}],"wp:attachment":[{"href":"https:\/\/belux.edmo.eu\/fr\/wp-json\/wp\/v2\/media?parent=279132"}],"wp:term":[{"taxonomy":"category","embeddable":true,"href":"https:\/\/belux.edmo.eu\/fr\/wp-json\/wp\/v2\/categories?post=279132"},{"taxonomy":"post_tag","embeddable":true,"href":"https:\/\/belux.edmo.eu\/fr\/wp-json\/wp\/v2\/tags?post=279132"}],"curies":[{"name":"wp","href":"https:\/\/api.w.org\/{rel}","templated":true}]}}