{"id":280856,"date":"2023-08-18T08:32:17","date_gmt":"2023-08-18T08:32:17","guid":{"rendered":"https:\/\/belux.edmo.eu\/?p=280856"},"modified":"2023-08-18T09:21:51","modified_gmt":"2023-08-18T09:21:51","slug":"des-incendies-hawa-pour-permettre-une-refonte-annonce-de-maui-en-smart-city-cest-trompeur","status":"publish","type":"post","link":"https:\/\/belux.edmo.eu\/fr\/des-incendies-hawa-pour-permettre-une-refonte-annonce-de-maui-en-smart-city-cest-trompeur\/","title":{"rendered":"Des incendies \u00e0 Hawa\u00ef pour permettre une refonte annonc\u00e9e de Maui en \u00ab\u00a0smart city\u00a0\u00bb? C&rsquo;est trompeur"},"content":{"rendered":"<p><b>Le 8 ao\u00fbt 2023, des incendies ont ravag\u00e9 l&rsquo;\u00eele hawa\u00efenne de Maui, d\u00e9truisant notamment sa ville principale Lahaina, et causant la mort de plus de 110 personnes. Depuis, des internautes pr\u00e9tendent d\u00e9montrer que les \u00ab\u00a0administrateurs de la ville\u00a0\u00bb avaient organis\u00e9 une r\u00e9union en janvier 2023 pour pr\u00e9senter un projet de \u00ab\u00a0refonte totale\u00a0\u00bb de la ville en \u00ab\u00a0smart city\u00a0\u00bb, un concept de d\u00e9veloppement urbain visant \u00e0 am\u00e9liorer la vie en ville gr\u00e2ce aux nouvelles technologies. Ces internautes font r\u00e9f\u00e9rence \u00e0 l&rsquo;organisation, \u00e0 cette date, \u00e0 Hawa\u00ef, de la 56e \u00e9dition de la Conf\u00e9rence internationale de Hawa\u00ef sur les Sciences du syst\u00e8me (HICSS), un \u00e9v\u00e9nement annuel qui rassemble des chercheurs du monde entier dans ce domaine. Si des conf\u00e9rences autour du concept de \u00ab\u00a0smart city\u00a0\u00bb y ont eu lieu, aucune ne faisait r\u00e9f\u00e9rence \u00e0 sa mise en place sur l&rsquo;\u00eele de Maui, comme l&rsquo;AFP a pu le v\u00e9rifier dans le programme de l&rsquo;\u00e9v\u00e9nement, et comme l&rsquo;ont confirm\u00e9 des organisateurs de l&rsquo;HICSS et un chercheur pr\u00e9sent \u00e0 cette \u00e9dition.\u00a0<\/b><\/p>\n<p>\u00ab\u00a0<em>En janvier 2023, les administrateurs de la ville<\/em> [sic] <em>de Maui\/Hawa\u00ef, avaient organis\u00e9 une r\u00e9union au cours de laquelle ils ont pr\u00e9sent\u00e9 un projet de refonte totale de la ville en smart city. Par les miracles des co\u00efncidences gr\u00e2ce \u00e0 un super incendie, plus rien ne s&rsquo;oppose au projet<\/em>\u00a0\u00bb : \u00e0 en croire ce message <a href=\"https:\/\/archive.ph\/QTKuc\" target=\"_blank\" rel=\"noopener\" shape=\"rect\">relay\u00e9 sur X<\/a> (ex-Twitter) et Facebook (<a href=\"https:\/\/archive.ph\/uY99V\" target=\"_blank\" rel=\"noopener\" shape=\"rect\">1<\/a>, <a href=\"https:\/\/archive.ph\/qkyB9\" target=\"_blank\" rel=\"noopener\" shape=\"rect\">2<\/a>, <a href=\"https:\/\/archive.ph\/uY99V\" target=\"_blank\" rel=\"noopener\" shape=\"rect\">3<\/a>), les incendies qui ont quasiment ras\u00e9 la cit\u00e9 portuaire de Lahaina, sur l&rsquo;\u00eele de Maui, <a href=\"https:\/\/perma.cc\/58SL-ZNC2\" target=\"_blank\" rel=\"noopener\" shape=\"rect\">le 8 ao\u00fbt 2023<\/a>, et provoqu\u00e9 au moins 110 morts, ouvriraient la voie \u00e0 une transformation consid\u00e9rable de la localit\u00e9, qui aurait \u00e9t\u00e9 ouvertement annonc\u00e9e d\u00e9but 2023.<\/p>\n<div class=\"g2image\">\n<figure><img src=\"https:\/\/belux-edmo.s3-accelerate.amazonaws.com\/wp-content\/uploads\/2023\/08\/7e352bede913d66276a3db1e600b38c5279304a0-ipad.jpg\" \/><figcaption>Captures d&rsquo;\u00e9cran r\u00e9alis\u00e9es sur X (ex-Twitter), \u00e0 gauche, et sur Facebook, le 17 ao\u00fbt 2023.<\/figcaption><\/figure>\n<\/div>\n<p>Selon ces publications, une telle m\u00e9tamorphose de Lahaina en une \u00ab\u00a0ville intelligente\u00a0\u00bb &#8211; un \u00ab\u00a0<em>nouveau concept de d\u00e9veloppement urbain<\/em>\u00a0\u00bb consistant \u00e0 \u00ab\u00a0<em>am\u00e9liorer la qualit\u00e9 de vie des citadins<\/em>\u00a0\u00bb en rendant la ville \u00ab\u00a0<em>plus adaptative et efficace<\/em>\u00a0\u00bb gr\u00e2ce \u00e0 de \u00ab\u00a0<em>nouvelles technologies<\/em>\u00ab\u00a0, comme le d\u00e9taille la Commission nationale de l&rsquo;informatique et des libert\u00e9s (CNIL) <a href=\"https:\/\/www.cnil.fr\/fr\/definition\/smart-city\" target=\"_blank\" rel=\"noopener\" shape=\"rect\">sur son site<\/a> (<a href=\"https:\/\/perma.cc\/JJZ8-Q6YJ\" target=\"_blank\" rel=\"noopener\" shape=\"rect\">lien archiv\u00e9<\/a>) &#8211; aurait en effet \u00e9t\u00e9 publiquement d\u00e9taill\u00e9e en janvier 2023 lors de la tenue, \u00e0 Hawa\u00ef, de la 56e \u00e9dition de la Conf\u00e9rence internationale de Hawa\u00ef sur les Sciences du syst\u00e8me (HICSS).<\/p>\n<p>Ces messages partagent, en guise d&rsquo;illustration, une image en anglais indiquant : \u00ab\u00a0<em>Maui a tenu une conf\u00e9rence sur la &lsquo;smart city&rsquo; en janvier 2023<\/em>\u00ab\u00a0, accompagn\u00e9e d&rsquo;une photo de l&rsquo;h\u00f4tel Hyatt Regency Maui, o\u00f9 se d\u00e9roulait l&rsquo;\u00e9v\u00e9nement.<\/p>\n<p>Mais si l&rsquo;HICSS 56 a bien eu lieu sur l&rsquo;\u00eele de Maui, \u00e0 Hawa\u00ef, entre le 3 et le 6 janvier 2023, les discussions qui y ont lieu entre chercheurs autour du concept de \u00ab\u00a0smart city\u00a0\u00bb n&rsquo;ont en rien \u00e9voqu\u00e9 une transformation de Maui en ce sens, comme on peut le voir <a href=\"https:\/\/drive.google.com\/file\/d\/1G7X75N73RLygCB3zVv78e-PeJHULseJj\/view?pli=1\" target=\"_blank\" rel=\"noopener\" shape=\"rect\">sur le programme de l&rsquo;\u00e9v\u00e9nement<\/a> (<a href=\"https:\/\/archive.ph\/3YFwr\" target=\"_blank\" rel=\"noopener\" shape=\"rect\">lien archiv\u00e9<\/a>).<\/p>\n<p>Plusieurs conf\u00e9rences portaient <a href=\"https:\/\/scholarspace.manoa.hawaii.edu\/collections\/14850305-1cb7-4f55-abc6-ce2cff25cf8e\" target=\"_blank\" rel=\"noopener\" shape=\"rect\">sur le th\u00e8me de la \u00ab\u00a0ville intelligente\u00a0\u00bb<\/a> (<a href=\"https:\/\/perma.cc\/98DE-D6EJ\" target=\"_blank\" rel=\"noopener\" shape=\"rect\">lien archiv\u00e9<\/a>) mais aucune n&rsquo;\u00e9voquait l&rsquo;\u00eele de Maui, chacune portant soit sur des discussions th\u00e9oriques autour des \u00ab\u00a0smart cities\u00a0\u00bb ou sur des exemples concrets situ\u00e9s dans d&rsquo;autres parties du globe (le Costa Rica, Montgomery, San Diego, New York, Calgary, Londres, Vienne, Singapour).<\/p>\n<div class=\"g2image\">\n<figure><img src=\"https:\/\/belux-edmo.s3-accelerate.amazonaws.com\/wp-content\/uploads\/2023\/08\/27e1701eac5ccf679dca9b3d7fcae7e7fd929313-ipad.jpg\" \/><figcaption>Capture d&rsquo;\u00e9cran, r\u00e9alis\u00e9e sur le site de l&rsquo;IHCSS le 17 ao\u00fbt 2023, des conf\u00e9rences consacr\u00e9es au th\u00e8me de la \u00ab\u00a0smart city\u00a0\u00bb<\/figcaption><\/figure>\n<\/div>\n<p>Comme l&rsquo;indique <a href=\"https:\/\/www.nsa.gov\/Press-Room\/News-Highlights\/Article\/Article\/3306917\/nsa-engages-with-partners-public-during-top-scientific-conference-in-hawaii\/\" target=\"_blank\" rel=\"noopener\" shape=\"rect\">sur son site<\/a> (<a href=\"https:\/\/perma.cc\/J9KN-PKQZ\" target=\"_blank\" rel=\"noopener\" shape=\"rect\">lien archiv\u00e9<\/a>) l&rsquo;Agence nationale de la s\u00e9curit\u00e9 (NSA) am\u00e9ricaine, qui sponsorisait cette \u00e9dition de l&rsquo;HICSS, cet \u00e9v\u00e9nement \u00ab\u00a0<em>qui a lieu pour la premi\u00e8re fois en 1968<\/em>\u00a0\u00bb rassemble en effet les \u00ab\u00a0<em>meilleurs experts acad\u00e9miques et professionnels de plus de 60 pays diff\u00e9rents pour partager leurs connaissances dans les domaines de l&rsquo;informatique, de l&rsquo;information et des sciences du syst\u00e8me<\/em>\u00ab\u00a0.<\/p>\n<p><strong>\u00ab\u00a0<em>Notre conf\u00e9rence n&rsquo;est pas une &lsquo;conf\u00e9rence smart city visant \u00e0 transformer Maui int\u00e9gralement en \u00eele intelligente<\/em>&lsquo;\u00a0\u00bb, indiquait \u00e0 l&rsquo;AFP le 15 ao\u00fbt 2023 Thayanan Phuaphantong, coordinateur de programme \u00e0 l&rsquo;HICSS.\u00a0<\/strong><\/p>\n<p>Joint par l&rsquo;AFP le 16 ao\u00fbt 2023, Tung Bui, coordinateur des conf\u00e9rences de l&rsquo;HICSS, pr\u00e9cisait pour sa part : \u00ab\u00a0<em>Le concept des &lsquo;smart cities&rsquo; fait l&rsquo;objet de d\u00e9bats depuis au moins trois d\u00e9cennies, ce qui co\u00efncide avec l&rsquo;\u00e9mergence de l&rsquo;utilisation, par les gouvernements, de bases de donn\u00e9es et autres outils technologiques afin d&rsquo;am\u00e9liorer les services publics touchant au transport, \u00e0 la sant\u00e9 publique, et plus encore. Sur les plus de 2.000 chercheurs qui viennent pr\u00e9senter chaque ann\u00e9e leur travail \u00e0 notre<\/em> [\u00e9v\u00e9nement]<em>, certains travaillent sur l&rsquo;e-gouvernement, et quelques-uns sur les smart cities. <\/em>[&#8230;] <strong><em>Nous n&rsquo;avons eu aucune discussion sp\u00e9cifique sur le fait de transformer Maui en smart city.<\/em><\/strong>\u00a0\u00bb<\/p>\n<p>Matti Rossi, professeur des syst\u00e8mes d&rsquo;information \u00e0 l&rsquo;Ecole de commerce de l&rsquo;universit\u00e9 finlandaise d&rsquo;Aalto, et co-auteur de l&rsquo;une des \u00e9tudes sur les smart cities pr\u00e9sent\u00e9es \u00e0 l&rsquo;HICSS 56, indiquait le m\u00eame jour \u00e0 l&rsquo;AFP : \u00ab\u00a0<em>C&rsquo;est moi qui ait pr\u00e9sent\u00e9 notre \u00e9tude \u00e0 la conf\u00e9rence et je peux confirmer que nous n&rsquo;avons aucunement discut\u00e9 de Maui en tant que smart city. Nous avons en revanche d\u00e9battu avec entrain des th\u00e9ories et concepts autour des smart cities et de leur mise en place dans le monde.<\/em>\u00a0\u00bb<\/p>\n<p>Le chercheur estime par ailleurs que de tels d\u00e9veloppements, \u00ab\u00a0<em>\u00e9volutifs et tr\u00e8s progressifs<\/em>\u00ab\u00a0, ne seraient nullement aid\u00e9s ou favoris\u00e9s par le fait que des \u00ab\u00a0<em>infrastructures soient endommag\u00e9es<\/em>\u00ab\u00a0, comme cela a \u00e9t\u00e9 le cas \u00e0 Maui avec les r\u00e9cents incendies.<\/p>\n<p><b>Des incendies \u00e0 l&rsquo;origine de nombreuses rumeurs infond\u00e9es sur les r\u00e9seaux sociaux<\/b><\/p>\n<p>Depuis ces incendies, l&rsquo;AFP a consacr\u00e9 plusieurs articles de v\u00e9rification aux rumeurs infond\u00e9es ou fausses circulant sur les r\u00e9seaux sociaux depuis la catastrophe, telles que des<a href=\"https:\/\/factuel.afp.com\/doc.afp.com.33RA2BZ\" target=\"_blank\" rel=\"noopener\" shape=\"rect\"> images d\u00e9contextualis\u00e9es pr\u00e9tendant prouver que les incendies ont \u00e9t\u00e9 provoqu\u00e9s par des \u00ab\u00a0tirs de lasers\u00a0\u00bb<\/a><strong>.<\/strong><\/p>\n<p>Le feu qui a englouti la cit\u00e9 portuaire de Lahaina, ex-capitale du royaume d&rsquo;Hawa\u00ef, est l&rsquo;incendie le plus meurtrier depuis plus d&rsquo;un si\u00e8cle aux Etats-Unis.<\/p>\n<div class=\"g2image\">\n<figure><img src=\"https:\/\/belux-edmo.s3-accelerate.amazonaws.com\/wp-content\/uploads\/2023\/08\/4fc58e1ad3cbb9f30656afc9d4d65ff31dcac704-ipad.jpg\" \/><figcaption>Feux de for\u00eat ayant caus\u00e9 au moins un d\u00e9c\u00e8s depuis 2000, selon les donn\u00e9es de l&rsquo;International disaster database EM-DAT &#8211; AFP<\/figcaption><\/figure>\n<\/div>\n<p>Depuis une semaine, un proc\u00e8s en incomp\u00e9tence est fait aux autorit\u00e9s locales, notamment car les sir\u00e8nes d&rsquo;alarme n&rsquo;ont pas retenti sur Maui. Mais cela ne relevait pas d&rsquo;un oubli ou d&rsquo;une n\u00e9gligence et a \u00e9t\u00e9 publiquement assum\u00e9 le 16 ao\u00fbt 2023.<\/p>\n<p>Si l&rsquo;origine des incendies d\u00e9vastateurs restait encore inconnue \u00e0 la date du 17 ao\u00fbt 2023, l&rsquo;enqu\u00eate sur la gestion de la crise ouverte par l&rsquo;avocate g\u00e9n\u00e9rale de l&rsquo;archipel am\u00e9ricain le 11 ao\u00fbt doit tenter de la d\u00e9terminer.<\/p>\n<p>Le fournisseur d&rsquo;\u00e9lectricit\u00e9 Hawaiian Electric est \u00e9galement vis\u00e9 par une plainte, car il n&rsquo;a pas coup\u00e9 volontairement le courant, ce qui a pu augmenter le risque d&rsquo;incendies \u00e0 cause de la chute de nombreux poteaux \u00e9lectriques.<\/p>\n<p>A Lahaina, des dizaines d&rsquo;habitants pris de court se sont jet\u00e9s \u00e0 la mer pour \u00e9chapper aux flammes.<\/p>\n<p>Dans ce contexte, la Maison Blanche a annonc\u00e9 le 16 ao\u00fbt 2023 que Joe Biden allait se rendre sur l&rsquo;archipel le 21 ao\u00fbt, pour rencontrer survivants, secouristes et responsables.<\/p>\n<p>Joe Biden avait rapidement d\u00e9clar\u00e9 l&rsquo;\u00e9tat de catastrophe naturelle \u00e0 Hawa\u00ef, ce qui a permis de d\u00e9ployer des moyens d&rsquo;assistance d&rsquo;urgence de l&rsquo;Etat f\u00e9d\u00e9ral.<\/p>\n","protected":false},"excerpt":{"rendered":"<p>\u00ab\u00a0En janvier 2023, les administrateurs de la ville [sic] de Maui\/Hawa\u00ef, avaient organis\u00e9 une r\u00e9union au cours de laquelle ils ont pr\u00e9sent\u00e9 un projet de refonte totale de la ville en smart city. Par les miracles des co\u00efncidences gr\u00e2ce \u00e0 un super incendie, plus rien ne s&rsquo;oppose au projet\u00a0\u00bb : \u00e0 en croire ce message relay\u00e9 sur X (ex-Twitter) et Facebook (1, 2, 3), les incendies qui ont quasiment ras\u00e9 la cit\u00e9 portuaire de Lahaina, sur l&rsquo;\u00eele de Maui, le 8 ao\u00fbt 2023, et provoqu\u00e9 au moins 110 morts, ouvriraient la voie \u00e0 une transformation consid\u00e9rable de la localit\u00e9, qui aurait \u00e9t\u00e9 ouvertement annonc\u00e9e d\u00e9but 2023.\u00a0<\/p>\n","protected":false},"author":1,"featured_media":280836,"comment_status":"closed","ping_status":"open","sticky":false,"template":"","format":"standard","meta":{"_acf_changed":false,"footnotes":""},"categories":[125,138],"tags":[],"class_list":{"0":"post-280856","1":"post","2":"type-post","3":"status-publish","4":"format-standard","5":"has-post-thumbnail","7":"category-fact-check-fr","8":"category-societe"},"acf":{"show_metatags":true,"id":"http:\/\/doc.afp.com\/33RB94C","authors":"Alexis ORSINI \/ AFP France","organization":"AFP","featured_image_copyright":"","text_copyright":"\u00a9 AGENCE FRANCE-PRESSE | 2023 | Tous droits r\u00e9serv\u00e9s. L\u2019acc\u00e8s aux contenus de l'AFP publi\u00e9s sur ce site et, le cas \u00e9ch\u00e9ant, leur utilisation sont soumis aux conditions g\u00e9n\u00e9rales d'utilisation disponibles sur <a href='https:\/\/www.afp.com\/fr\/cgu' target='_blank'>CGU<\/a>. Par cons\u00e9quent, en acc\u00e9dant aux contenus de l\u2019AFP publi\u00e9s sur ce site, et en les utilisant, le cas \u00e9ch\u00e9ant, vous acceptez d'\u00eatre li\u00e9 par les conditions g\u00e9n\u00e9rales d'utilisation susmentionn\u00e9es. L\u2019utilisation de contenus de l'AFP se fait sous votre seule et enti\u00e8re responsabilit\u00e9.","source":"https:\/\/factuel.afp.com\/doc.afp.com.33RB94C","fact_checker":"https:\/\/belux.wpengine.com\/wp-content\/uploads\/2021\/12\/afp_logo.png","type":"\u00c9v\u00e9nement ferm\u00e9","location":"","start_date":"","start_date_event_begins_at":"","start_date_event_ends_at":"","end_date":"","end_date_event_begins_at":"","end_date_event_ends_at":"","organizer":"","fact_checker_logo_image":false},"yoast_head":"<!-- This site is optimized with the Yoast SEO plugin v27.0 - https:\/\/yoast.com\/product\/yoast-seo-wordpress\/ -->\n<title>Des incendies \u00e0 Hawa\u00ef pour permettre une refonte annonc\u00e9e de Maui en &quot;smart city&quot;? C&#039;est trompeur - EDMO Belux<\/title>\n<meta name=\"robots\" content=\"index, follow, max-snippet:-1, max-image-preview:large, max-video-preview:-1\" \/>\n<link rel=\"canonical\" href=\"https:\/\/belux.edmo.eu\/fr\/des-incendies-hawa-pour-permettre-une-refonte-annonce-de-maui-en-smart-city-cest-trompeur\/\" \/>\n<meta property=\"og:locale\" content=\"fr_FR\" \/>\n<meta property=\"og:type\" content=\"article\" \/>\n<meta property=\"og:title\" content=\"Des incendies \u00e0 Hawa\u00ef pour permettre une refonte annonc\u00e9e de Maui en &quot;smart city&quot;? C&#039;est trompeur - EDMO Belux\" \/>\n<meta property=\"og:description\" content=\"&quot;En janvier 2023, les administrateurs de la ville [sic] de Maui\/Hawa\u00ef, avaient organis\u00e9 une r\u00e9union au cours de laquelle ils ont pr\u00e9sent\u00e9 un projet de refonte totale de la ville en smart city. Par les miracles des co\u00efncidences gr\u00e2ce \u00e0 un super incendie, plus rien ne s&#039;oppose au projet&quot; : \u00e0 en croire ce message relay\u00e9 sur X (ex-Twitter) et Facebook (1, 2, 3), les incendies qui ont quasiment ras\u00e9 la cit\u00e9 portuaire de Lahaina, sur l&#039;\u00eele de Maui, le 8 ao\u00fbt 2023, et provoqu\u00e9 au moins 110 morts, ouvriraient la voie \u00e0 une transformation consid\u00e9rable de la localit\u00e9, qui aurait \u00e9t\u00e9 ouvertement annonc\u00e9e d\u00e9but 2023.\u00a0\" \/>\n<meta property=\"og:url\" content=\"https:\/\/belux.edmo.eu\/fr\/des-incendies-hawa-pour-permettre-une-refonte-annonce-de-maui-en-smart-city-cest-trompeur\/\" \/>\n<meta property=\"og:site_name\" content=\"EDMO Belux\" \/>\n<meta property=\"article:published_time\" content=\"2023-08-18T08:32:17+00:00\" \/>\n<meta property=\"article:modified_time\" content=\"2023-08-18T09:21:51+00:00\" \/>\n<meta property=\"og:image\" content=\"https:\/\/belux-edmo.s3-accelerate.amazonaws.com\/wp-content\/uploads\/2023\/08\/46aa651a9b4e520d2fe8005c9183a26545bc1198-ipad.jpg\" \/>\n\t<meta property=\"og:image:width\" content=\"1080\" \/>\n\t<meta property=\"og:image:height\" content=\"540\" \/>\n\t<meta property=\"og:image:type\" content=\"image\/jpeg\" \/>\n<meta name=\"author\" content=\"master\" \/>\n<meta name=\"twitter:card\" content=\"summary_large_image\" \/>\n<meta name=\"twitter:creator\" content=\"@Edmo_Belux\" \/>\n<meta name=\"twitter:site\" content=\"@Edmo_Belux\" \/>\n<meta name=\"twitter:label1\" content=\"\u00c9crit par\" \/>\n\t<meta name=\"twitter:data1\" content=\"master\" \/>\n\t<meta name=\"twitter:label2\" content=\"Dur\u00e9e de lecture estim\u00e9e\" \/>\n\t<meta name=\"twitter:data2\" content=\"6 minutes\" \/>\n<script type=\"application\/ld+json\" class=\"yoast-schema-graph\">{\"@context\":\"https:\/\/schema.org\",\"@graph\":[{\"@type\":\"Article\",\"@id\":\"https:\/\/belux.edmo.eu\/fr\/des-incendies-hawa-pour-permettre-une-refonte-annonce-de-maui-en-smart-city-cest-trompeur\/#article\",\"isPartOf\":{\"@id\":\"https:\/\/belux.edmo.eu\/fr\/des-incendies-hawa-pour-permettre-une-refonte-annonce-de-maui-en-smart-city-cest-trompeur\/\"},\"author\":{\"name\":\"master\",\"@id\":\"https:\/\/belux.edmo.eu\/#\/schema\/person\/dbe3b252258537fd318f9b5645a30342\"},\"headline\":\"Des incendies \u00e0 Hawa\u00ef pour permettre une refonte annonc\u00e9e de Maui en \u00ab\u00a0smart city\u00a0\u00bb? C&rsquo;est trompeur\",\"datePublished\":\"2023-08-18T08:32:17+00:00\",\"dateModified\":\"2023-08-18T09:21:51+00:00\",\"mainEntityOfPage\":{\"@id\":\"https:\/\/belux.edmo.eu\/fr\/des-incendies-hawa-pour-permettre-une-refonte-annonce-de-maui-en-smart-city-cest-trompeur\/\"},\"wordCount\":1300,\"publisher\":{\"@id\":\"https:\/\/belux.edmo.eu\/#organization\"},\"image\":{\"@id\":\"https:\/\/belux.edmo.eu\/fr\/des-incendies-hawa-pour-permettre-une-refonte-annonce-de-maui-en-smart-city-cest-trompeur\/#primaryimage\"},\"thumbnailUrl\":\"https:\/\/belux-edmo.s3-accelerate.amazonaws.com\/wp-content\/uploads\/2023\/08\/46aa651a9b4e520d2fe8005c9183a26545bc1198-ipad.jpg\",\"articleSection\":[\"Fact-Check\",\"Societe\"],\"inLanguage\":\"fr-FR\"},{\"@type\":\"WebPage\",\"@id\":\"https:\/\/belux.edmo.eu\/fr\/des-incendies-hawa-pour-permettre-une-refonte-annonce-de-maui-en-smart-city-cest-trompeur\/\",\"url\":\"https:\/\/belux.edmo.eu\/fr\/des-incendies-hawa-pour-permettre-une-refonte-annonce-de-maui-en-smart-city-cest-trompeur\/\",\"name\":\"Des incendies \u00e0 Hawa\u00ef pour permettre une refonte annonc\u00e9e de Maui en \\\"smart city\\\"? C'est trompeur - EDMO Belux\",\"isPartOf\":{\"@id\":\"https:\/\/belux.edmo.eu\/#website\"},\"primaryImageOfPage\":{\"@id\":\"https:\/\/belux.edmo.eu\/fr\/des-incendies-hawa-pour-permettre-une-refonte-annonce-de-maui-en-smart-city-cest-trompeur\/#primaryimage\"},\"image\":{\"@id\":\"https:\/\/belux.edmo.eu\/fr\/des-incendies-hawa-pour-permettre-une-refonte-annonce-de-maui-en-smart-city-cest-trompeur\/#primaryimage\"},\"thumbnailUrl\":\"https:\/\/belux-edmo.s3-accelerate.amazonaws.com\/wp-content\/uploads\/2023\/08\/46aa651a9b4e520d2fe8005c9183a26545bc1198-ipad.jpg\",\"datePublished\":\"2023-08-18T08:32:17+00:00\",\"dateModified\":\"2023-08-18T09:21:51+00:00\",\"breadcrumb\":{\"@id\":\"https:\/\/belux.edmo.eu\/fr\/des-incendies-hawa-pour-permettre-une-refonte-annonce-de-maui-en-smart-city-cest-trompeur\/#breadcrumb\"},\"inLanguage\":\"fr-FR\",\"potentialAction\":[{\"@type\":\"ReadAction\",\"target\":[\"https:\/\/belux.edmo.eu\/fr\/des-incendies-hawa-pour-permettre-une-refonte-annonce-de-maui-en-smart-city-cest-trompeur\/\"]}]},{\"@type\":\"ImageObject\",\"inLanguage\":\"fr-FR\",\"@id\":\"https:\/\/belux.edmo.eu\/fr\/des-incendies-hawa-pour-permettre-une-refonte-annonce-de-maui-en-smart-city-cest-trompeur\/#primaryimage\",\"url\":\"https:\/\/belux-edmo.s3-accelerate.amazonaws.com\/wp-content\/uploads\/2023\/08\/46aa651a9b4e520d2fe8005c9183a26545bc1198-ipad.jpg\",\"contentUrl\":\"https:\/\/belux-edmo.s3-accelerate.amazonaws.com\/wp-content\/uploads\/2023\/08\/46aa651a9b4e520d2fe8005c9183a26545bc1198-ipad.jpg\",\"width\":1080,\"height\":540,\"caption\":\"Des incendies \u00e0 Hawa\u00ef pour permettre une refonte annonc\u00e9e de Maui en \\\"smart city\\\"? C'est trompeur - Featured image\"},{\"@type\":\"BreadcrumbList\",\"@id\":\"https:\/\/belux.edmo.eu\/fr\/des-incendies-hawa-pour-permettre-une-refonte-annonce-de-maui-en-smart-city-cest-trompeur\/#breadcrumb\",\"itemListElement\":[{\"@type\":\"ListItem\",\"position\":1,\"name\":\"Home\",\"item\":\"https:\/\/belux.edmo.eu\/fr\/\"},{\"@type\":\"ListItem\",\"position\":2,\"name\":\"Des incendies \u00e0 Hawa\u00ef pour permettre une refonte annonc\u00e9e de Maui en &#8220;smart city&#8221;? C&#8217;est trompeur\"}]},{\"@type\":\"WebSite\",\"@id\":\"https:\/\/belux.edmo.eu\/#website\",\"url\":\"https:\/\/belux.edmo.eu\/\",\"name\":\"EDMO Belux\",\"description\":\"Monitoring Disinformation in Belgium and Luxembourg\",\"publisher\":{\"@id\":\"https:\/\/belux.edmo.eu\/#organization\"},\"potentialAction\":[{\"@type\":\"SearchAction\",\"target\":{\"@type\":\"EntryPoint\",\"urlTemplate\":\"https:\/\/belux.edmo.eu\/?s={search_term_string}\"},\"query-input\":{\"@type\":\"PropertyValueSpecification\",\"valueRequired\":true,\"valueName\":\"search_term_string\"}}],\"inLanguage\":\"fr-FR\"},{\"@type\":\"Organization\",\"@id\":\"https:\/\/belux.edmo.eu\/#organization\",\"name\":\"EDMO Belux\",\"url\":\"https:\/\/belux.edmo.eu\/\",\"logo\":{\"@type\":\"ImageObject\",\"inLanguage\":\"fr-FR\",\"@id\":\"https:\/\/belux.edmo.eu\/#\/schema\/logo\/image\/\",\"url\":\"https:\/\/belux.edmo.eu\/wp-content\/uploads\/2021\/12\/belux-logo-full-color-rgb.svg\",\"contentUrl\":\"https:\/\/belux.edmo.eu\/wp-content\/uploads\/2021\/12\/belux-logo-full-color-rgb.svg\",\"width\":1,\"height\":1,\"caption\":\"EDMO Belux\"},\"image\":{\"@id\":\"https:\/\/belux.edmo.eu\/#\/schema\/logo\/image\/\"},\"sameAs\":[\"https:\/\/x.com\/Edmo_Belux\"]},{\"@type\":\"Person\",\"@id\":\"https:\/\/belux.edmo.eu\/#\/schema\/person\/dbe3b252258537fd318f9b5645a30342\",\"name\":\"master\",\"sameAs\":[\"https:\/\/belux.wpengine.com\"],\"url\":\"https:\/\/belux.edmo.eu\/fr\/author\/master\/\"}]}<\/script>\n<!-- \/ Yoast SEO plugin. -->","yoast_head_json":{"title":"Des incendies \u00e0 Hawa\u00ef pour permettre une refonte annonc\u00e9e de Maui en \"smart city\"? C'est trompeur - EDMO Belux","robots":{"index":"index","follow":"follow","max-snippet":"max-snippet:-1","max-image-preview":"max-image-preview:large","max-video-preview":"max-video-preview:-1"},"canonical":"https:\/\/belux.edmo.eu\/fr\/des-incendies-hawa-pour-permettre-une-refonte-annonce-de-maui-en-smart-city-cest-trompeur\/","og_locale":"fr_FR","og_type":"article","og_title":"Des incendies \u00e0 Hawa\u00ef pour permettre une refonte annonc\u00e9e de Maui en \"smart city\"? C'est trompeur - EDMO Belux","og_description":"\"En janvier 2023, les administrateurs de la ville [sic] de Maui\/Hawa\u00ef, avaient organis\u00e9 une r\u00e9union au cours de laquelle ils ont pr\u00e9sent\u00e9 un projet de refonte totale de la ville en smart city. Par les miracles des co\u00efncidences gr\u00e2ce \u00e0 un super incendie, plus rien ne s'oppose au projet\" : \u00e0 en croire ce message relay\u00e9 sur X (ex-Twitter) et Facebook (1, 2, 3), les incendies qui ont quasiment ras\u00e9 la cit\u00e9 portuaire de Lahaina, sur l'\u00eele de Maui, le 8 ao\u00fbt 2023, et provoqu\u00e9 au moins 110 morts, ouvriraient la voie \u00e0 une transformation consid\u00e9rable de la localit\u00e9, qui aurait \u00e9t\u00e9 ouvertement annonc\u00e9e d\u00e9but 2023.\u00a0","og_url":"https:\/\/belux.edmo.eu\/fr\/des-incendies-hawa-pour-permettre-une-refonte-annonce-de-maui-en-smart-city-cest-trompeur\/","og_site_name":"EDMO Belux","article_published_time":"2023-08-18T08:32:17+00:00","article_modified_time":"2023-08-18T09:21:51+00:00","og_image":[{"width":1080,"height":540,"url":"https:\/\/belux-edmo.s3-accelerate.amazonaws.com\/wp-content\/uploads\/2023\/08\/46aa651a9b4e520d2fe8005c9183a26545bc1198-ipad.jpg","type":"image\/jpeg"}],"author":"master","twitter_card":"summary_large_image","twitter_creator":"@Edmo_Belux","twitter_site":"@Edmo_Belux","twitter_misc":{"\u00c9crit par":"master","Dur\u00e9e de lecture estim\u00e9e":"6 minutes"},"schema":{"@context":"https:\/\/schema.org","@graph":[{"@type":"Article","@id":"https:\/\/belux.edmo.eu\/fr\/des-incendies-hawa-pour-permettre-une-refonte-annonce-de-maui-en-smart-city-cest-trompeur\/#article","isPartOf":{"@id":"https:\/\/belux.edmo.eu\/fr\/des-incendies-hawa-pour-permettre-une-refonte-annonce-de-maui-en-smart-city-cest-trompeur\/"},"author":{"name":"master","@id":"https:\/\/belux.edmo.eu\/#\/schema\/person\/dbe3b252258537fd318f9b5645a30342"},"headline":"Des incendies \u00e0 Hawa\u00ef pour permettre une refonte annonc\u00e9e de Maui en \u00ab\u00a0smart city\u00a0\u00bb? C&rsquo;est trompeur","datePublished":"2023-08-18T08:32:17+00:00","dateModified":"2023-08-18T09:21:51+00:00","mainEntityOfPage":{"@id":"https:\/\/belux.edmo.eu\/fr\/des-incendies-hawa-pour-permettre-une-refonte-annonce-de-maui-en-smart-city-cest-trompeur\/"},"wordCount":1300,"publisher":{"@id":"https:\/\/belux.edmo.eu\/#organization"},"image":{"@id":"https:\/\/belux.edmo.eu\/fr\/des-incendies-hawa-pour-permettre-une-refonte-annonce-de-maui-en-smart-city-cest-trompeur\/#primaryimage"},"thumbnailUrl":"https:\/\/belux-edmo.s3-accelerate.amazonaws.com\/wp-content\/uploads\/2023\/08\/46aa651a9b4e520d2fe8005c9183a26545bc1198-ipad.jpg","articleSection":["Fact-Check","Societe"],"inLanguage":"fr-FR"},{"@type":"WebPage","@id":"https:\/\/belux.edmo.eu\/fr\/des-incendies-hawa-pour-permettre-une-refonte-annonce-de-maui-en-smart-city-cest-trompeur\/","url":"https:\/\/belux.edmo.eu\/fr\/des-incendies-hawa-pour-permettre-une-refonte-annonce-de-maui-en-smart-city-cest-trompeur\/","name":"Des incendies \u00e0 Hawa\u00ef pour permettre une refonte annonc\u00e9e de Maui en \"smart city\"? C'est trompeur - EDMO Belux","isPartOf":{"@id":"https:\/\/belux.edmo.eu\/#website"},"primaryImageOfPage":{"@id":"https:\/\/belux.edmo.eu\/fr\/des-incendies-hawa-pour-permettre-une-refonte-annonce-de-maui-en-smart-city-cest-trompeur\/#primaryimage"},"image":{"@id":"https:\/\/belux.edmo.eu\/fr\/des-incendies-hawa-pour-permettre-une-refonte-annonce-de-maui-en-smart-city-cest-trompeur\/#primaryimage"},"thumbnailUrl":"https:\/\/belux-edmo.s3-accelerate.amazonaws.com\/wp-content\/uploads\/2023\/08\/46aa651a9b4e520d2fe8005c9183a26545bc1198-ipad.jpg","datePublished":"2023-08-18T08:32:17+00:00","dateModified":"2023-08-18T09:21:51+00:00","breadcrumb":{"@id":"https:\/\/belux.edmo.eu\/fr\/des-incendies-hawa-pour-permettre-une-refonte-annonce-de-maui-en-smart-city-cest-trompeur\/#breadcrumb"},"inLanguage":"fr-FR","potentialAction":[{"@type":"ReadAction","target":["https:\/\/belux.edmo.eu\/fr\/des-incendies-hawa-pour-permettre-une-refonte-annonce-de-maui-en-smart-city-cest-trompeur\/"]}]},{"@type":"ImageObject","inLanguage":"fr-FR","@id":"https:\/\/belux.edmo.eu\/fr\/des-incendies-hawa-pour-permettre-une-refonte-annonce-de-maui-en-smart-city-cest-trompeur\/#primaryimage","url":"https:\/\/belux-edmo.s3-accelerate.amazonaws.com\/wp-content\/uploads\/2023\/08\/46aa651a9b4e520d2fe8005c9183a26545bc1198-ipad.jpg","contentUrl":"https:\/\/belux-edmo.s3-accelerate.amazonaws.com\/wp-content\/uploads\/2023\/08\/46aa651a9b4e520d2fe8005c9183a26545bc1198-ipad.jpg","width":1080,"height":540,"caption":"Des incendies \u00e0 Hawa\u00ef pour permettre une refonte annonc\u00e9e de Maui en \"smart city\"? C'est trompeur - Featured image"},{"@type":"BreadcrumbList","@id":"https:\/\/belux.edmo.eu\/fr\/des-incendies-hawa-pour-permettre-une-refonte-annonce-de-maui-en-smart-city-cest-trompeur\/#breadcrumb","itemListElement":[{"@type":"ListItem","position":1,"name":"Home","item":"https:\/\/belux.edmo.eu\/fr\/"},{"@type":"ListItem","position":2,"name":"Des incendies \u00e0 Hawa\u00ef pour permettre une refonte annonc\u00e9e de Maui en &#8220;smart city&#8221;? C&#8217;est trompeur"}]},{"@type":"WebSite","@id":"https:\/\/belux.edmo.eu\/#website","url":"https:\/\/belux.edmo.eu\/","name":"EDMO Belux","description":"Monitoring Disinformation in Belgium and Luxembourg","publisher":{"@id":"https:\/\/belux.edmo.eu\/#organization"},"potentialAction":[{"@type":"SearchAction","target":{"@type":"EntryPoint","urlTemplate":"https:\/\/belux.edmo.eu\/?s={search_term_string}"},"query-input":{"@type":"PropertyValueSpecification","valueRequired":true,"valueName":"search_term_string"}}],"inLanguage":"fr-FR"},{"@type":"Organization","@id":"https:\/\/belux.edmo.eu\/#organization","name":"EDMO Belux","url":"https:\/\/belux.edmo.eu\/","logo":{"@type":"ImageObject","inLanguage":"fr-FR","@id":"https:\/\/belux.edmo.eu\/#\/schema\/logo\/image\/","url":"https:\/\/belux.edmo.eu\/wp-content\/uploads\/2021\/12\/belux-logo-full-color-rgb.svg","contentUrl":"https:\/\/belux.edmo.eu\/wp-content\/uploads\/2021\/12\/belux-logo-full-color-rgb.svg","width":1,"height":1,"caption":"EDMO Belux"},"image":{"@id":"https:\/\/belux.edmo.eu\/#\/schema\/logo\/image\/"},"sameAs":["https:\/\/x.com\/Edmo_Belux"]},{"@type":"Person","@id":"https:\/\/belux.edmo.eu\/#\/schema\/person\/dbe3b252258537fd318f9b5645a30342","name":"master","sameAs":["https:\/\/belux.wpengine.com"],"url":"https:\/\/belux.edmo.eu\/fr\/author\/master\/"}]}},"menu_order":0,"_links":{"self":[{"href":"https:\/\/belux.edmo.eu\/fr\/wp-json\/wp\/v2\/posts\/280856","targetHints":{"allow":["GET"]}}],"collection":[{"href":"https:\/\/belux.edmo.eu\/fr\/wp-json\/wp\/v2\/posts"}],"about":[{"href":"https:\/\/belux.edmo.eu\/fr\/wp-json\/wp\/v2\/types\/post"}],"author":[{"embeddable":true,"href":"https:\/\/belux.edmo.eu\/fr\/wp-json\/wp\/v2\/users\/1"}],"replies":[{"embeddable":true,"href":"https:\/\/belux.edmo.eu\/fr\/wp-json\/wp\/v2\/comments?post=280856"}],"version-history":[{"count":0,"href":"https:\/\/belux.edmo.eu\/fr\/wp-json\/wp\/v2\/posts\/280856\/revisions"}],"wp:featuredmedia":[{"embeddable":true,"href":"https:\/\/belux.edmo.eu\/fr\/wp-json\/wp\/v2\/media\/280836"}],"wp:attachment":[{"href":"https:\/\/belux.edmo.eu\/fr\/wp-json\/wp\/v2\/media?parent=280856"}],"wp:term":[{"taxonomy":"category","embeddable":true,"href":"https:\/\/belux.edmo.eu\/fr\/wp-json\/wp\/v2\/categories?post=280856"},{"taxonomy":"post_tag","embeddable":true,"href":"https:\/\/belux.edmo.eu\/fr\/wp-json\/wp\/v2\/tags?post=280856"}],"curies":[{"name":"wp","href":"https:\/\/api.w.org\/{rel}","templated":true}]}}