{"id":281219,"date":"2023-08-21T09:13:12","date_gmt":"2023-08-21T09:13:12","guid":{"rendered":"https:\/\/belux.edmo.eu\/?p=281219"},"modified":"2023-08-21T09:14:38","modified_gmt":"2023-08-21T09:14:38","slug":"cette-vido-ne-montre-pas-des-soldats-ukrainiens-se-rendre-sans-combattre","status":"publish","type":"post","link":"https:\/\/belux.edmo.eu\/fr\/cette-vido-ne-montre-pas-des-soldats-ukrainiens-se-rendre-sans-combattre\/","title":{"rendered":"Cette vid\u00e9o ne montre pas des soldats ukrainiens se rendre sans combattre"},"content":{"rendered":"<p><b>Depuis la fin du mois de juillet 2023, une vid\u00e9o tr\u00e8s partag\u00e9e sur les r\u00e9seaux sociaux montre des soldats agitant des drapeaux blancs, encercl\u00e9s par des chars. Les internautes qui partagent la vid\u00e9o pr\u00e9tendent qu&rsquo;il s&rsquo;agit de soldats ukrainiens se rendant \u00e0 l&rsquo;arm\u00e9e russe sans m\u00eame combattre. Mais cette vid\u00e9o a \u00e9t\u00e9 d\u00e9contextualis\u00e9e, permettent de d\u00e9terminer les recherches de l&rsquo;AFP. Ces images ont \u00e9t\u00e9 tourn\u00e9es le 25 mai 2023 lors d&rsquo;un \u00e9change de prisonniers entre l&rsquo;arm\u00e9e ukrainienne et le groupe paramilitaire russe Wagner, vers Bakhmout, dans l&rsquo;est de l&rsquo;Ukraine.<\/b><\/p>\n<p>La vid\u00e9o, d&rsquo;un peu moins d&rsquo;une minute, qui semble film\u00e9e par un dr\u00f4ne, montre des soldats en uniforme marcher en rang, sur une route, entour\u00e9s par des drapeaux blancs et une dizaine de chars, au milieu de champs. A premi\u00e8re vue, peu d&rsquo;indices visuels permettent de d\u00e9terminer o\u00f9 se d\u00e9roule la sc\u00e8ne.<\/p>\n<p>\u00ab\u00a0<em>Les soldats ukrainiens ne veulent pas mourir pour Zelensky. Ils se rendent sans combattre !<\/em>\u00a0\u00bb\u00a0affirme sur <a href=\"https:\/\/perma.cc\/VTZ5-CF4D?type=image\" shape=\"rect\">X<\/a> (ex-Twitter) un internaute au sujet de cette vid\u00e9o. Sa publication a \u00e9t\u00e9 partag\u00e9e plus d&rsquo;un millier de fois depuis fin juillet.<\/p>\n<div class=\"g2image\">\n<figure><img src=\"https:\/\/belux-edmo.s3-accelerate.amazonaws.com\/wp-content\/uploads\/2023\/08\/d4cae850337f719fc520c666649f296a2a635b74-ipad.jpg\" \/><figcaption>Capture d&rsquo;\u00e9cran effectu\u00e9e sur X (ex-Twitter) le 18\/08\/2023.<\/figcaption><\/figure>\n<\/div>\n<p>La vid\u00e9o circule \u00e9galement sur TikTok (<a href=\"https:\/\/archive.ph\/wip\/3fUUM\" shape=\"rect\">1<\/a>, <a href=\"https:\/\/archive.ph\/wip\/W5ffU\" shape=\"rect\">2<\/a>), <a href=\"https:\/\/perma.cc\/3RB9-6TBV\" shape=\"rect\">Vkontakt<\/a> et sur <a href=\"https:\/\/archive.ph\/7A18R\" target=\"_blank\" rel=\"noopener\" shape=\"rect\">Facebook<\/a> en fran\u00e7ais, mais \u00e9galement en <a href=\"https:\/\/archive.is\/T2ipp\" shape=\"rect\">allemand<\/a>, en <a href=\"https:\/\/perma.cc\/JRQ6-VEAB\" shape=\"rect\">slovaque<\/a>, en <a href=\"https:\/\/perma.cc\/BLX6-W7X6\" shape=\"rect\">serbe<\/a> ou encore en anglais (<a href=\"https:\/\/web.archive.org\/web\/20230731170150\/https:\/\/twitter.com\/cirnosad\/status\/1683253882397552641\" shape=\"rect\">1<\/a>, <a href=\"https:\/\/archive.is\/7HMZS\" shape=\"rect\">2<\/a>, <a href=\"https:\/\/archive.is\/nOGvm\" shape=\"rect\">3<\/a>).<\/p>\n<p>Elle a \u00e9t\u00e9 publi\u00e9e \u00e0 la fin du mois de juillet 2023, quelques jours apr\u00e8s que la Russie se soit <a href=\"https:\/\/www.huffingtonpost.fr\/international\/article\/guerre-en-ukraine-la-mer-noire-devient-avec-la-fin-de-l-accord-sur-les-cereales-de-nouveau-le-coeur-du-conflit_220864.html\" shape=\"rect\">retir\u00e9e<\/a> unilat\u00e9ralement de l&rsquo;accord c\u00e9r\u00e9alier, engendrant de nouvelles tensions, notamment dans la mer Noire (comme l&rsquo;explique cette d\u00e9p\u00eache de l&rsquo;AFP archiv\u00e9e <a href=\"https:\/\/perma.cc\/QBR4-9AZM\" shape=\"rect\">ici<\/a>).<\/p>\n<p>Mais cette vid\u00e9o a \u00e9t\u00e9 d\u00e9contextualis\u00e9e : contrairement \u00e0 ce que pr\u00e9tendent certains utilisateurs, elle montre un \u00e9change de prisonniers et non des soldats Ukrainiens capituler sans se battre.<\/p>\n<p><b>Un \u00e9change de prisonniers qui s&rsquo;est tenu le 25 mai 2023<\/b><\/p>\n<p>Nous avons utilis\u00e9 l&rsquo;outil\u00a0<a href=\"https:\/\/www.invid-project.eu\/tools-and-services\/invid-verification-plugin\/\" target=\"_blank\" rel=\"noopener\" shape=\"rect\">InVID<\/a>, co-d\u00e9velopp\u00e9 par l&rsquo;AFP, et notamment la fonctionnalit\u00e9 \u00ab\u00a0video keyframes\u00a0\u00bb, pour segmenter la vid\u00e9o en imagettes que l&rsquo;on soumet \u00e0 des moteurs de recherche sous forme de recherche d&rsquo;image invers\u00e9e pour savoir si cette vid\u00e9o a d\u00e9j\u00e0 \u00e9t\u00e9 diffus\u00e9e sur internet avant.<\/p>\n<div class=\"g2web\" style=\"text-align: center;\"><iframe title=\"YouTube video player\" src=\"https:\/\/www.youtube.com\/embed\/v-phbvbk3G4\" width=\"560\" height=\"315\" frameborder=\"0\" scrolling=\"auto\" allowfullscreen=\"allowfullscreen\" data-mce-fragment=\"1\"><\/iframe><\/div>\n<p>Parmi les r\u00e9sultats de la recherche, une <a href=\"https:\/\/www.reddit.com\/r\/ukraine\/comments\/156faks\/video_showing_prisoner_exchange_between_rf_and_ua\/\" shape=\"rect\">discussion sur Reddit <\/a>de juillet 2023 (archiv\u00e9e <a href=\"https:\/\/archive.ph\/XFrUj\" shape=\"rect\">ici<\/a>) contient la vid\u00e9o et mentionne qu&rsquo;il s&rsquo;agirait d&rsquo;un \u00e9change de prisonniers entre la Russie et l&rsquo;Ukraine.<\/p>\n<p>Une autre <a href=\"https:\/\/youtu.be\/9YhVAcGobaA\" target=\"_blank\" rel=\"noopener\" shape=\"rect\">vid\u00e9o<\/a> YouTube (archiv\u00e9e <a href=\"https:\/\/perma.cc\/2NTP-3UPT\" target=\"_blank\" rel=\"noopener\" shape=\"rect\">ici<\/a>), trouv\u00e9e depuis la recherche d&rsquo;image invers\u00e9e du moteur de recherche russe Yandex, montre la m\u00eame sc\u00e8ne, mais film\u00e9e sous un angle diff\u00e9rent.<\/p>\n<p>La premi\u00e8re occurrence de la vid\u00e9o que nous v\u00e9rifions retrouv\u00e9e par l&rsquo;AFP a \u00e9t\u00e9 post\u00e9e sur YouTube le 28 mai 2023, par la cha\u00eene Kanal 13. Elle s&rsquo;accompagne de sous-titres en anglais selon lesquels cette sc\u00e8ne montrerait un \u00e9change de prisonniers qui se serait tenu le 25 mai 2023.<\/p>\n<p><a href=\"https:\/\/www.youtube.com\/watch?v=Fqec2zlzjdk\" target=\"_blank\" rel=\"noopener\" shape=\"rect\">Une recherche par mots-cl\u00e9s<\/a> sur Google, en utilisant les termes \u00ab\u00a0<em>\u00e9change de prisonniers<\/em>\u00ab\u00a0, \u00ab\u00a0<em>25 mai 2023<\/em>\u00ab\u00a0, \u00ab\u00a0<em>Russie<\/em>\u00a0\u00bb et \u00ab\u00a0<em>Ukraine<\/em>\u00a0\u00bb en anglais, fran\u00e7ais, russe et ukrainien m\u00e8ne \u00e0\u00a0<a href=\"https:\/\/www.youtube.com\/watch?v=eeH6NNeXB3g&amp;t=34s\" target=\"_blank\" rel=\"noopener\" shape=\"rect\">une vid\u00e9o<\/a> du m\u00e9dia britannique The Telegraph (archiv\u00e9e <a href=\"https:\/\/perma.cc\/KDW3-8J4Z\" target=\"_blank\" rel=\"noopener\" shape=\"rect\">ici<\/a>), qui montre des images tr\u00e8s similaires mais avec une prise de vue diff\u00e9rente.<\/p>\n<div class=\"g2web\" style=\"text-align: center;\"><iframe title=\"YouTube video player\" src=\"https:\/\/www.youtube.com\/embed\/eeH6NNeXB3g?start=34\" width=\"560\" height=\"315\" frameborder=\"0\" scrolling=\"auto\" allowfullscreen=\"allowfullscreen\" data-mce-fragment=\"1\"><\/iframe><\/div>\n<p>Le journal britannique<em>\u00a0<\/em>indique que cette sc\u00e8ne date du 25 mai 2023 et montre un \u00e9change de prisonniers entre l&rsquo;arm\u00e9e ukrainienne et le groupe paramilitaire russe Wagner, qui combat aux c\u00f4t\u00e9s de l&rsquo;arm\u00e9e russe en Ukraine.<\/p>\n<p>Plusieurs autres m\u00e9dias se sont saisis du sujet (<a href=\"https:\/\/fr.euronews.com\/2023\/05\/26\/guerre-en-ukraine-kyiv-obtient-la-liberation-de-106-prisonniers-dans-un-echange-avec-la-ru\" target=\"_blank\" rel=\"noopener\" shape=\"rect\">1<\/a>, <a href=\"https:\/\/www.dw.com\/en\/ukraine-russia-swap-prisoners-near-bakhmut\/video-65743031\" target=\"_blank\" rel=\"noopener\" shape=\"rect\">2<\/a>, <a href=\"https:\/\/www.wsj.com\/video\/watch-ukraine-swaps-prisoners-with-russian-paramilitary-group-wagner\/CC1F337F-EBE9-42F2-97AE-391F973806A4.html\" target=\"_blank\" rel=\"noopener\" shape=\"rect\">3<\/a>, <a href=\"https:\/\/newsroom.ap.org\/editorial-photos-videos\/detail?itemid=43e0e1085d8a47e485ba0cf00345fa10\" target=\"_blank\" rel=\"noopener\" shape=\"rect\">4<\/a>, dont les articles sont archiv\u00e9s ici <a href=\"https:\/\/perma.cc\/98QH-UQ4R\" target=\"_blank\" rel=\"noopener\" shape=\"rect\">1<\/a>, <a href=\"https:\/\/perma.cc\/MR55-4LRM\" target=\"_blank\" rel=\"noopener\" shape=\"rect\">2<\/a>, <a href=\"https:\/\/perma.cc\/ZG7E-EFX2\" target=\"_blank\" rel=\"noopener\" shape=\"rect\">3<\/a>, <a href=\"https:\/\/archive.ph\/wip\/QGgJl\" target=\"_blank\" rel=\"noopener\" shape=\"rect\">4<\/a>) et ont \u00e9galement rapport\u00e9 que 106 prisonniers ukrainiens avaient \u00e9t\u00e9 lib\u00e9r\u00e9s dans le cadre d&rsquo;un \u00e9change avec la Russie.<\/p>\n<p>Ces chiffres correspondent \u00e0 ceux donn\u00e9s par le pr\u00e9sident ukrainien Volodymyr Zelensky, qui a <a href=\"https:\/\/www.mil.gov.ua\/en\/news\/2023\/05\/25\/the-more-russian-prisoners-of-war-we-will-take-the-more-of-our-people-we-will-return-%E2%80%93-address-by-the-president-of-ukraine\/\" target=\"_blank\" rel=\"noopener\" shape=\"rect\">d\u00e9clar\u00e9<\/a> dans un discours du 25 mai que 106 Ukrainiens \u2013 98 soldats et sergents et huit officiers \u2013 avaient \u00e9t\u00e9 lib\u00e9r\u00e9s lors de l&rsquo;\u00e9change (archiv\u00e9 <a href=\"https:\/\/web.archive.org\/web\/20230529150825\/https:\/\/www.mil.gov.ua\/en\/news\/2023\/05\/25\/the-more-russian-prisoners-of-war-we-will-take-the-more-of-our-people-we-will-return-%E2%80%93-address-by-the-president-of-ukraine\/\" target=\"_blank\" rel=\"noopener\" shape=\"rect\">ici<\/a>).<\/p>\n<p>L&rsquo;op\u00e9ration s&rsquo;\u00e9tait d\u00e9roul\u00e9e quelques jours apr\u00e8s la <a href=\"https:\/\/www.huffingtonpost.fr\/international\/article\/guerre-en-ukraine-a-bakhmout-le-chef-de-wagner-revendique-la-prise-totale-de-la-ville_218086.html\" target=\"_blank\" rel=\"noopener\" shape=\"rect\">revendication <\/a>par le chef de Wagner, Evgu\u00e9ni Prigojine, du contr\u00f4le de la ville de Bakhmout, dans l&rsquo;est de l&rsquo;Ukraine, le 20 mai 2023 (d\u00e9p\u00eache archiv\u00e9e <a href=\"https:\/\/archive.ph\/wip\/lhH30\" target=\"_blank\" rel=\"noopener\" shape=\"rect\">ici<\/a>).<\/p>\n<p>A partir de ces informations, l&rsquo;AFP a pu retrouver d&rsquo;autres vid\u00e9os de l&rsquo;\u00e9v\u00e9nement. Le quartier g\u00e9n\u00e9ral de coordination pour le traitement des prisonniers de guerre a publi\u00e9 une vid\u00e9o des prisonniers lib\u00e9r\u00e9s sur sa <a href=\"https:\/\/www.youtube.com\/watch?v=SyY-6wc1OEk\" target=\"_blank\" rel=\"noopener\" shape=\"rect\">cha\u00eene YouTube<\/a>\u00a0(archiv\u00e9e\u00a0<a href=\"https:\/\/perma.cc\/Z2DF-GGNH\" target=\"_blank\" rel=\"noopener\" shape=\"rect\">ici<\/a>) et Wagner a \u00e9galement post\u00e9 une vid\u00e9o sur son <a href=\"https:\/\/t.me\/wagner_group_pmc\/32101\" target=\"_blank\" rel=\"noopener\" shape=\"rect\">compte Telegram<\/a>\u00a0le jour de l&rsquo;\u00e9change (archiv\u00e9e\u00a0<a href=\"https:\/\/perma.cc\/FSP5-ZS4F\" target=\"_blank\" rel=\"noopener\" shape=\"rect\">ici<\/a>).<\/p>\n<p>La 93e brigade m\u00e9canis\u00e9e de l&rsquo;arm\u00e9e ukrainienne a \u00e9galement\u00a0<a href=\"https:\/\/www.youtube.com\/watch?v=xGHDQTOlr8U\" target=\"_blank\" rel=\"noopener\" shape=\"rect\">post\u00e9<\/a>\u00a0une vid\u00e9o de l&rsquo;op\u00e9ration sur YouTube (archiv\u00e9e\u00a0<a href=\"https:\/\/perma.cc\/BY72-KRMA\" target=\"_blank\" rel=\"noopener\" shape=\"rect\">ici<\/a>).<\/p>\n<div class=\"g2web\" style=\"text-align: center;\"><iframe title=\"YouTube video player\" src=\"https:\/\/www.youtube.com\/embed\/xGHDQTOlr8U\" width=\"560\" height=\"315\" frameborder=\"0\" scrolling=\"auto\" allowfullscreen=\"allowfullscreen\" data-mce-fragment=\"1\"><\/iframe><\/div>\n<p>Des vid\u00e9os de l&rsquo;\u00e9change ont circul\u00e9 sur Telegram (<a href=\"https:\/\/perma.cc\/NJ9B-SU6B\" target=\"_blank\" rel=\"noopener\" shape=\"rect\">1<\/a>, <a href=\"https:\/\/perma.cc\/6X3C-BTU5\" target=\"_blank\" rel=\"noopener\" shape=\"rect\">2<\/a>) et sur <a href=\"https:\/\/twitter.com\/Militarylandnet\/status\/1661703314608619520?s=20;\" target=\"_blank\" rel=\"noopener\" shape=\"rect\">X<\/a> (ex-Twitter), mais l&rsquo;origine exacte de la vid\u00e9o que nous v\u00e9rifions n&rsquo;a pas pu \u00eatre d\u00e9termin\u00e9e.<\/p>\n<p><b>Plusieurs indices g\u00e9ographiques et visuels permettent de localiser la vid\u00e9o vers Bakhmout\u00a0<\/b><\/p>\n<p>Les prises de vue a\u00e9riennes des vid\u00e9os dont nous disposons permettent de confirmer qu&rsquo;elles d\u00e9peignent toutes le m\u00eame \u00e9v\u00e9nement, sous des angles diff\u00e9rents.<\/p>\n<p>La disposition des v\u00e9hicules (en bleu ci-dessous), la tache blanche sur la route (en rouge), ainsi que les colonnes de soldats pr\u00e8s de l&rsquo;herbe (en vert), apparaissent \u00e0 la fois sur la vid\u00e9o qui circule en ligne et dont nous ignorons l&rsquo;origine, et sur les vid\u00e9os film\u00e9es sous un autre angles qui ont montr\u00e9 l&rsquo;\u00e9change de prisonniers.<\/p>\n<div class=\"g2image\">\n<figure><img src=\"https:\/\/belux-edmo.s3-accelerate.amazonaws.com\/wp-content\/uploads\/2023\/08\/VQOVxGZW-11f8b40e221765de7d49abcec12ac0f42e6d5ae4-ipad.jpg\" \/><figcaption>Captures d&rsquo;\u00e9cran effectu\u00e9es le 26 juillet 2023. A gauche, une vid\u00e9o partag\u00e9e sur Facebook et \u00e0 droite, la vid\u00e9o du patron de Wagner Yevgeny Prigozhin. Les cercles et les rectangles ont \u00e9t\u00e9 ajout\u00e9s par l&rsquo;AFP.<\/figcaption><\/figure>\n<\/div>\n<p>Parmi les \u00e9l\u00e9ments visuels, on reconna\u00eet\u00a0 sur toutes les vid\u00e9os un chemin de terre entre les champs (en vert).<\/p>\n<div class=\"g2image\">\n<figure><img src=\"https:\/\/belux-edmo.s3-accelerate.amazonaws.com\/wp-content\/uploads\/2023\/08\/lkErQqcR-adcf37bf8170f45edd47887d9f353dc17639fe05-ipad.jpg\" \/><figcaption>Captures d&rsquo;\u00e9cran prises le 26 juillet 2023. A gauche : une vid\u00e9o partag\u00e9e sur X et \u00e0 droite : une capture d&rsquo;\u00e9cran d&rsquo;une vid\u00e9o du Concord Press Service, qui appartient au chef de Wagner Evgu\u00e9ni Prigojine.<\/figcaption><\/figure>\n<\/div>\n<p>Gr\u00e2ce \u00e0 ce chemin, l&rsquo;AFP a pu g\u00e9olocaliser pr\u00e9cis\u00e9ment que l&rsquo;\u00e9change de prisonniers a eu lieu sur un <a href=\"https:\/\/www.google.com\/maps\/place\/48%C2%B035'26.9%22N+37%C2%B056'37.2%22E\/@48.590816,37.943677,660m\/data=!3m1!1e3!4m4!3m3!8m2!3d48.590816!4d37.943677?entry=ttu\" target=\"_blank\" rel=\"noopener\" shape=\"rect\">une route secondaire<\/a> reliant Bakhmout au village d&rsquo;Ivanivske (archive <a href=\"https:\/\/perma.cc\/5BM8-3LMR?type=image\" target=\"_blank\" rel=\"noopener\" shape=\"rect\">ici<\/a>).<\/p>\n<p>Pour retrouver le lieu, l&rsquo;AFP est parti d&rsquo;une carte de Bakhmout qui d\u00e9taille les zones sous contr\u00f4le des parties impliqu\u00e9es dans le conflit.<\/p>\n<p>Selon la carte publi\u00e9e le 25 mai 2023 par l&rsquo;<a href=\"https:\/\/www.understandingwar.org\/backgrounder\/russian-offensive-campaign-assessment-may-25-2023\" target=\"_blank\" rel=\"noopener\" shape=\"rect\">Institut pour l&rsquo;\u00e9tude de la guerre<\/a>\u00a0(archiv\u00e9e <a href=\"https:\/\/perma.cc\/D576-HZAE\" target=\"_blank\" rel=\"noopener\" shape=\"rect\">ici<\/a>), un groupe de r\u00e9flexion bas\u00e9 aux \u00c9tats-Unis qui fournit des recherches sur les conflits,\u00a0la majeure partie de la ville \u00e9tait contr\u00f4l\u00e9e par les troupes russes ce jour-l\u00e0.<\/p>\n<p>Si l&rsquo;\u00e9change devait avoir lieu sur un territoire neutre, il se serait donc probablement d\u00e9roul\u00e9 \u00e0 l&rsquo;ext\u00e9rieur de la ville, c\u00f4t\u00e9 ouest, o\u00f9 les russes n&rsquo;avaient pas le contr\u00f4le. Il ressort \u00e9galement des vid\u00e9os que l&rsquo;\u00e9change n&rsquo;a pas eu lieu sur une autoroute, donc l&rsquo; <a href=\"https:\/\/perma.cc\/CB38-ZQSP\" target=\"_blank\" rel=\"noopener\" shape=\"rect\">autoroute T0504<\/a> a pu \u00eatre exclue des recherches.<\/p>\n<p>A partir de tous ces indices et apr\u00e8s avoir \u00e9tudi\u00e9 les diff\u00e9rentes routes de la r\u00e9gion,\u00a0 l&rsquo;AFP a trouv\u00e9 le lieu exact o\u00f9 s&rsquo;est tenu l&rsquo;\u00e9change de prisonniers (lien archiv\u00e9 <a href=\"https:\/\/perma.cc\/5BM8-3LMR?type=image\" target=\"_blank\" rel=\"noopener\" shape=\"rect\">ici<\/a>). En comparant les s\u00e9quences de la vid\u00e9o et\u00a0la vue de Google Maps, on retrouve l&rsquo;intersection entre la route et le chemin de terre (en rouge).<\/p>\n<div class=\"g2image\">\n<figure><img src=\"https:\/\/belux-edmo.s3-accelerate.amazonaws.com\/wp-content\/uploads\/2023\/08\/2wKOnI6e-65842e9da62f39489d1d32abaee3f0b9c61a7af8-ipad.jpg\" \/><figcaption>Captures d&rsquo;\u00e9cran effectu\u00e9es le 26 juillet 2023. A gauche : une vid\u00e9o partag\u00e9e sur Facebook et \u00e0 droite : une capture d&rsquo;\u00e9cran de Google Maps.<\/figcaption><\/figure>\n<\/div>\n<p>Le compte GeoConfirmed, sp\u00e9cialis\u00e9 dans la localisation de contenus \u00e0 partir d&rsquo;indices visuels, est parvenu \u00e0 la m\u00eame <a href=\"https:\/\/twitter.com\/GeoConfirmed\/status\/1661712101696499721\" target=\"_blank\" rel=\"noopener\" shape=\"rect\">conclusion<\/a> que l&rsquo;AFP (archiv\u00e9e <a href=\"https:\/\/perma.cc\/8FHU-75LT\" target=\"_blank\" rel=\"noopener\" shape=\"rect\">ici<\/a>).<\/p>\n<div class=\"g2web\" style=\"text-align: center;\">\n<blockquote class=\"twitter-tweet\">\n<p dir=\"ltr\" lang=\"en\">GeoLocation:<br clear=\"none\" \/><br clear=\"none\" \/>(proof by <a href=\"https:\/\/twitter.com\/COUPSURE?ref_src=twsrc%5Etfw\" shape=\"rect\">@COUPSURE<\/a>) <a href=\"https:\/\/t.co\/hLu7ukL0TY\" shape=\"rect\">pic.twitter.com\/hLu7ukL0TY<\/a><\/p>\n<p>\u2014 GeoConfirmed (@GeoConfirmed)<br \/>\n<a href=\"https:\/\/twitter.com\/GeoConfirmed\/status\/1661712107664990210?ref_src=twsrc%5Etfw\" shape=\"rect\">May 25, 2023<\/a><\/p><\/blockquote>\n<p><script async=\"\" charset=\"utf-8\" src=\"https:\/\/platform.twitter.com\/widgets.js\" xml:space=\"preserve\"><\/script><\/p>\n<\/div>\n<p><b>Le drapeau blanc n&rsquo;est pas synonyme de reddition\u00a0<\/b><\/p>\n<p>Contrairement \u00e0 ce que certains internautes ont pu interpr\u00e9ter en voyant des soldats entour\u00e9s de drapeaux blancs sur la vid\u00e9o que nous v\u00e9rifions, ces fanions ne sont pas synonymes de reddition.<\/p>\n<p>Ils peuvent \u00e9galement signifier que les factions bellig\u00e9rantes ne se tireront pas dessus lors d&rsquo;une rencontre, comme un \u00e9change de prisonniers.<\/p>\n<p><a href=\"https:\/\/perma.cc\/PH9F-8NJP\" target=\"_blank\" rel=\"noopener noreferrer\" shape=\"rect\" data-sk=\"tooltip_parent\" data-stringify-link=\"https:\/\/perma.cc\/PH9F-8NJP\">Dans son r\u00e8glement sur le Droit international humanitaire dans les conflits arm\u00e9s<\/a> , le minist\u00e8re f\u00e9d\u00e9ral de la D\u00e9fense allemand mentionne le drapeau blanc comme symbole utilis\u00e9 dans le cadre des n\u00e9gociations.<\/p>\n<p>Selon <a href=\"https:\/\/perma.cc\/AA3Y-MBGT\" target=\"_blank\" rel=\"noopener\" shape=\"rect\">Julia Grignon<\/a>, chercheuse en droit des conflits arm\u00e9s \u00e0 Institut de recherche strat\u00e9gique de l&rsquo;\u00c9cole militaire (Irsem) et professeure \u00e0 l&rsquo;universit\u00e9 Laval au Canada, interrog\u00e9e par l&rsquo;AFP le 18 ao\u00fbt \u00ab\u00a0<em>\u00e0 l&rsquo;origine, le drapeau blanc est un<strong> symbole parlementaire<\/strong><\/em>\u00ab\u00a0, autrement dit, l&rsquo;usage du drapeau blanc permet une situation de pour-parler, pour parlementer.<\/p>\n<p>\u00ab\u00a0<em>Il n&rsquo;y a pas de r\u00e8gles qui r\u00e9gissent les \u00e9changes de prisonniers<\/em>\u00ab\u00a0, pr\u00e9cise Julia Grignon \u00ab\u00a0<em>mais dans cette vid\u00e9o, on peut supposer que les drapeaux sont utilis\u00e9s pour signifier une tr\u00eave des hostilit\u00e9<\/em>s\u00a0\u00bb.<\/p>\n<p><b>La contre-offensive ukrainienne lanc\u00e9e en juin<\/b><\/p>\n<p>L&rsquo;Ukraine <a href=\"https:\/\/www.lepoint.fr\/monde\/guerre-en-ukraine-volodymyr-zelensky-admet-une-contre-offensive-difficile-03-08-2023-2530548_24.php\" target=\"_blank\" rel=\"noopener\" shape=\"rect\">a lanc\u00e9<\/a> en juin une contre-offensive pour repousser les forces russes des territoires de l&rsquo;est et du sud (d\u00e9p\u00eache archiv\u00e9e <a href=\"https:\/\/perma.cc\/F8BP-ZMBG\" target=\"_blank\" rel=\"noopener\" shape=\"rect\">ici<\/a>). L&rsquo;un des objectifs \u00e9tant de r\u00e9cup\u00e9rer la ville de Bakhmout, actuellement aux mains des russes.<\/p>\n<div class=\"g2image\">\n<figure><img src=\"https:\/\/belux-edmo.s3-accelerate.amazonaws.com\/wp-content\/uploads\/2023\/08\/80019c93ae192c37af9daa2e6449fa76b3ccbcb3-ipad.jpg\" \/><figcaption>Comparaison du contr\u00f4le territorial en Ukraine dans quatre zones cl\u00e9s entre la veille du d\u00e9but de la contre-offensive (le 3 juin) et le 17 ao\u00fbt 2023 (AFP \/ Nalini LEPETIT-CHELLA, Paz PIZARRO, Maya EL CHTAIO).<\/figcaption><\/figure>\n<\/div>\n<p>Cette contre-offensive a pour \u00ab\u00a0<em>objectif\u00a0\u00bb<\/em> de lib\u00e9rer toute l&rsquo;Ukraine, \u00ab\u00a0<em>peu importe le temps que cela prendra\u00a0\u00bb<\/em>, a d\u00e9clar\u00e9 le 16 ao\u00fbt 2023 \u00e0 l&rsquo;AFP le chef de la diplomatie ukrainienne, Dmytro Kouleba.<\/p>\n<p>L&rsquo;AFP <a href=\"https:\/\/factuel.afp.com\/list\/all\/all\/39405\/all\/1814\" target=\"_blank\" rel=\"noopener\" shape=\"rect\">a v\u00e9rifi\u00e9<\/a> de nombreuses d\u00e9clarations et images d\u00e9contextualis\u00e9es sur la guerre en Ukraine depuis l&rsquo;invasion par la Russie du pays, le 24 f\u00e9vrier 2022.<\/p>\n","protected":false},"excerpt":{"rendered":"<p>La vid\u00e9o, d&rsquo;un peu moins d&rsquo;une minute, qui semble film\u00e9e par un dr\u00f4ne, montre des soldats en uniforme marcher en rang, sur une route, entour\u00e9s par des drapeaux blancs et une dizaine de chars, au milieu de champs. A premi\u00e8re vue, peu d&rsquo;indices visuels permettent de d\u00e9terminer o\u00f9 se d\u00e9roule la sc\u00e8ne.\u00a0<\/p>\n","protected":false},"author":1,"featured_media":281189,"comment_status":"closed","ping_status":"open","sticky":false,"template":"","format":"standard","meta":{"_acf_changed":false,"footnotes":""},"categories":[125,132,214],"tags":[],"class_list":{"0":"post-281219","1":"post","2":"type-post","3":"status-publish","4":"format-standard","5":"has-post-thumbnail","7":"category-fact-check-fr","8":"category-politique","9":"category-ukraine-fr"},"acf":{"show_metatags":true,"id":"http:\/\/doc.afp.com\/33RC324","authors":"Matus KRCMARIK \/ Marine DELRUE \/ AFP Slovaquie \/ AFP Etats-Unis \/ AFP Allemagne","organization":"AFP","featured_image_copyright":"","text_copyright":"\u00a9 AGENCE FRANCE-PRESSE | 2023 | Tous droits r\u00e9serv\u00e9s. L\u2019acc\u00e8s aux contenus de l'AFP publi\u00e9s sur ce site et, le cas \u00e9ch\u00e9ant, leur utilisation sont soumis aux conditions g\u00e9n\u00e9rales d'utilisation disponibles sur <a href='https:\/\/www.afp.com\/fr\/cgu' target='_blank'>CGU<\/a>. Par cons\u00e9quent, en acc\u00e9dant aux contenus de l\u2019AFP publi\u00e9s sur ce site, et en les utilisant, le cas \u00e9ch\u00e9ant, vous acceptez d'\u00eatre li\u00e9 par les conditions g\u00e9n\u00e9rales d'utilisation susmentionn\u00e9es. L\u2019utilisation de contenus de l'AFP se fait sous votre seule et enti\u00e8re responsabilit\u00e9.","source":"https:\/\/factuel.afp.com\/doc.afp.com.33RC324","fact_checker":"https:\/\/belux.wpengine.com\/wp-content\/uploads\/2021\/12\/afp_logo.png","type":"\u00c9v\u00e9nement ferm\u00e9","location":"","start_date":"","start_date_event_begins_at":"","start_date_event_ends_at":"","end_date":"","end_date_event_begins_at":"","end_date_event_ends_at":"","organizer":"","fact_checker_logo_image":false},"yoast_head":"<!-- This site is optimized with the Yoast SEO plugin v27.0 - https:\/\/yoast.com\/product\/yoast-seo-wordpress\/ -->\n<title>Cette vid\u00e9o ne montre pas des soldats ukrainiens se rendre sans combattre - EDMO Belux<\/title>\n<meta name=\"robots\" content=\"index, follow, max-snippet:-1, max-image-preview:large, max-video-preview:-1\" \/>\n<link rel=\"canonical\" href=\"https:\/\/belux.edmo.eu\/fr\/cette-vido-ne-montre-pas-des-soldats-ukrainiens-se-rendre-sans-combattre\/\" \/>\n<meta property=\"og:locale\" content=\"fr_FR\" \/>\n<meta property=\"og:type\" content=\"article\" \/>\n<meta property=\"og:title\" content=\"Cette vid\u00e9o ne montre pas des soldats ukrainiens se rendre sans combattre - EDMO Belux\" \/>\n<meta property=\"og:description\" content=\"La vid\u00e9o, d&#039;un peu moins d&#039;une minute, qui semble film\u00e9e par un dr\u00f4ne, montre des soldats en uniforme marcher en rang, sur une route, entour\u00e9s par des drapeaux blancs et une dizaine de chars, au milieu de champs. A premi\u00e8re vue, peu d&#039;indices visuels permettent de d\u00e9terminer o\u00f9 se d\u00e9roule la sc\u00e8ne.\u00a0\" \/>\n<meta property=\"og:url\" content=\"https:\/\/belux.edmo.eu\/fr\/cette-vido-ne-montre-pas-des-soldats-ukrainiens-se-rendre-sans-combattre\/\" \/>\n<meta property=\"og:site_name\" content=\"EDMO Belux\" \/>\n<meta property=\"article:published_time\" content=\"2023-08-21T09:13:12+00:00\" \/>\n<meta property=\"article:modified_time\" content=\"2023-08-21T09:14:38+00:00\" \/>\n<meta property=\"og:image\" content=\"https:\/\/belux-edmo.s3-accelerate.amazonaws.com\/wp-content\/uploads\/2023\/08\/2995dc59ac7003738de0769b1188342f214fddee-ipad.jpg\" \/>\n\t<meta property=\"og:image:width\" content=\"1080\" \/>\n\t<meta property=\"og:image:height\" content=\"540\" \/>\n\t<meta property=\"og:image:type\" content=\"image\/jpeg\" \/>\n<meta name=\"author\" content=\"master\" \/>\n<meta name=\"twitter:card\" content=\"summary_large_image\" \/>\n<meta name=\"twitter:creator\" content=\"@Edmo_Belux\" \/>\n<meta name=\"twitter:site\" content=\"@Edmo_Belux\" \/>\n<meta name=\"twitter:label1\" content=\"\u00c9crit par\" \/>\n\t<meta name=\"twitter:data1\" content=\"master\" \/>\n\t<meta name=\"twitter:label2\" content=\"Dur\u00e9e de lecture estim\u00e9e\" \/>\n\t<meta name=\"twitter:data2\" content=\"8 minutes\" \/>\n<script type=\"application\/ld+json\" class=\"yoast-schema-graph\">{\"@context\":\"https:\/\/schema.org\",\"@graph\":[{\"@type\":\"Article\",\"@id\":\"https:\/\/belux.edmo.eu\/fr\/cette-vido-ne-montre-pas-des-soldats-ukrainiens-se-rendre-sans-combattre\/#article\",\"isPartOf\":{\"@id\":\"https:\/\/belux.edmo.eu\/fr\/cette-vido-ne-montre-pas-des-soldats-ukrainiens-se-rendre-sans-combattre\/\"},\"author\":{\"name\":\"master\",\"@id\":\"https:\/\/belux.edmo.eu\/#\/schema\/person\/dbe3b252258537fd318f9b5645a30342\"},\"headline\":\"Cette vid\u00e9o ne montre pas des soldats ukrainiens se rendre sans combattre\",\"datePublished\":\"2023-08-21T09:13:12+00:00\",\"dateModified\":\"2023-08-21T09:14:38+00:00\",\"mainEntityOfPage\":{\"@id\":\"https:\/\/belux.edmo.eu\/fr\/cette-vido-ne-montre-pas-des-soldats-ukrainiens-se-rendre-sans-combattre\/\"},\"wordCount\":1747,\"publisher\":{\"@id\":\"https:\/\/belux.edmo.eu\/#organization\"},\"image\":{\"@id\":\"https:\/\/belux.edmo.eu\/fr\/cette-vido-ne-montre-pas-des-soldats-ukrainiens-se-rendre-sans-combattre\/#primaryimage\"},\"thumbnailUrl\":\"https:\/\/belux-edmo.s3-accelerate.amazonaws.com\/wp-content\/uploads\/2023\/08\/2995dc59ac7003738de0769b1188342f214fddee-ipad.jpg\",\"articleSection\":[\"Fact-Check\",\"Politique\",\"Ukraine\"],\"inLanguage\":\"fr-FR\"},{\"@type\":\"WebPage\",\"@id\":\"https:\/\/belux.edmo.eu\/fr\/cette-vido-ne-montre-pas-des-soldats-ukrainiens-se-rendre-sans-combattre\/\",\"url\":\"https:\/\/belux.edmo.eu\/fr\/cette-vido-ne-montre-pas-des-soldats-ukrainiens-se-rendre-sans-combattre\/\",\"name\":\"Cette vid\u00e9o ne montre pas des soldats ukrainiens se rendre sans combattre - EDMO Belux\",\"isPartOf\":{\"@id\":\"https:\/\/belux.edmo.eu\/#website\"},\"primaryImageOfPage\":{\"@id\":\"https:\/\/belux.edmo.eu\/fr\/cette-vido-ne-montre-pas-des-soldats-ukrainiens-se-rendre-sans-combattre\/#primaryimage\"},\"image\":{\"@id\":\"https:\/\/belux.edmo.eu\/fr\/cette-vido-ne-montre-pas-des-soldats-ukrainiens-se-rendre-sans-combattre\/#primaryimage\"},\"thumbnailUrl\":\"https:\/\/belux-edmo.s3-accelerate.amazonaws.com\/wp-content\/uploads\/2023\/08\/2995dc59ac7003738de0769b1188342f214fddee-ipad.jpg\",\"datePublished\":\"2023-08-21T09:13:12+00:00\",\"dateModified\":\"2023-08-21T09:14:38+00:00\",\"breadcrumb\":{\"@id\":\"https:\/\/belux.edmo.eu\/fr\/cette-vido-ne-montre-pas-des-soldats-ukrainiens-se-rendre-sans-combattre\/#breadcrumb\"},\"inLanguage\":\"fr-FR\",\"potentialAction\":[{\"@type\":\"ReadAction\",\"target\":[\"https:\/\/belux.edmo.eu\/fr\/cette-vido-ne-montre-pas-des-soldats-ukrainiens-se-rendre-sans-combattre\/\"]}]},{\"@type\":\"ImageObject\",\"inLanguage\":\"fr-FR\",\"@id\":\"https:\/\/belux.edmo.eu\/fr\/cette-vido-ne-montre-pas-des-soldats-ukrainiens-se-rendre-sans-combattre\/#primaryimage\",\"url\":\"https:\/\/belux-edmo.s3-accelerate.amazonaws.com\/wp-content\/uploads\/2023\/08\/2995dc59ac7003738de0769b1188342f214fddee-ipad.jpg\",\"contentUrl\":\"https:\/\/belux-edmo.s3-accelerate.amazonaws.com\/wp-content\/uploads\/2023\/08\/2995dc59ac7003738de0769b1188342f214fddee-ipad.jpg\",\"width\":1080,\"height\":540,\"caption\":\"Cette vid\u00e9o ne montre pas des soldats ukrainiens se rendre sans combattre - Featured image\"},{\"@type\":\"BreadcrumbList\",\"@id\":\"https:\/\/belux.edmo.eu\/fr\/cette-vido-ne-montre-pas-des-soldats-ukrainiens-se-rendre-sans-combattre\/#breadcrumb\",\"itemListElement\":[{\"@type\":\"ListItem\",\"position\":1,\"name\":\"Home\",\"item\":\"https:\/\/belux.edmo.eu\/fr\/\"},{\"@type\":\"ListItem\",\"position\":2,\"name\":\"Cette vid\u00e9o ne montre pas des soldats ukrainiens se rendre sans combattre\"}]},{\"@type\":\"WebSite\",\"@id\":\"https:\/\/belux.edmo.eu\/#website\",\"url\":\"https:\/\/belux.edmo.eu\/\",\"name\":\"EDMO Belux\",\"description\":\"Monitoring Disinformation in Belgium and Luxembourg\",\"publisher\":{\"@id\":\"https:\/\/belux.edmo.eu\/#organization\"},\"potentialAction\":[{\"@type\":\"SearchAction\",\"target\":{\"@type\":\"EntryPoint\",\"urlTemplate\":\"https:\/\/belux.edmo.eu\/?s={search_term_string}\"},\"query-input\":{\"@type\":\"PropertyValueSpecification\",\"valueRequired\":true,\"valueName\":\"search_term_string\"}}],\"inLanguage\":\"fr-FR\"},{\"@type\":\"Organization\",\"@id\":\"https:\/\/belux.edmo.eu\/#organization\",\"name\":\"EDMO Belux\",\"url\":\"https:\/\/belux.edmo.eu\/\",\"logo\":{\"@type\":\"ImageObject\",\"inLanguage\":\"fr-FR\",\"@id\":\"https:\/\/belux.edmo.eu\/#\/schema\/logo\/image\/\",\"url\":\"https:\/\/belux.edmo.eu\/wp-content\/uploads\/2021\/12\/belux-logo-full-color-rgb.svg\",\"contentUrl\":\"https:\/\/belux.edmo.eu\/wp-content\/uploads\/2021\/12\/belux-logo-full-color-rgb.svg\",\"width\":1,\"height\":1,\"caption\":\"EDMO Belux\"},\"image\":{\"@id\":\"https:\/\/belux.edmo.eu\/#\/schema\/logo\/image\/\"},\"sameAs\":[\"https:\/\/x.com\/Edmo_Belux\"]},{\"@type\":\"Person\",\"@id\":\"https:\/\/belux.edmo.eu\/#\/schema\/person\/dbe3b252258537fd318f9b5645a30342\",\"name\":\"master\",\"sameAs\":[\"https:\/\/belux.wpengine.com\"],\"url\":\"https:\/\/belux.edmo.eu\/fr\/author\/master\/\"}]}<\/script>\n<!-- \/ Yoast SEO plugin. -->","yoast_head_json":{"title":"Cette vid\u00e9o ne montre pas des soldats ukrainiens se rendre sans combattre - EDMO Belux","robots":{"index":"index","follow":"follow","max-snippet":"max-snippet:-1","max-image-preview":"max-image-preview:large","max-video-preview":"max-video-preview:-1"},"canonical":"https:\/\/belux.edmo.eu\/fr\/cette-vido-ne-montre-pas-des-soldats-ukrainiens-se-rendre-sans-combattre\/","og_locale":"fr_FR","og_type":"article","og_title":"Cette vid\u00e9o ne montre pas des soldats ukrainiens se rendre sans combattre - EDMO Belux","og_description":"La vid\u00e9o, d'un peu moins d'une minute, qui semble film\u00e9e par un dr\u00f4ne, montre des soldats en uniforme marcher en rang, sur une route, entour\u00e9s par des drapeaux blancs et une dizaine de chars, au milieu de champs. A premi\u00e8re vue, peu d'indices visuels permettent de d\u00e9terminer o\u00f9 se d\u00e9roule la sc\u00e8ne.\u00a0","og_url":"https:\/\/belux.edmo.eu\/fr\/cette-vido-ne-montre-pas-des-soldats-ukrainiens-se-rendre-sans-combattre\/","og_site_name":"EDMO Belux","article_published_time":"2023-08-21T09:13:12+00:00","article_modified_time":"2023-08-21T09:14:38+00:00","og_image":[{"width":1080,"height":540,"url":"https:\/\/belux-edmo.s3-accelerate.amazonaws.com\/wp-content\/uploads\/2023\/08\/2995dc59ac7003738de0769b1188342f214fddee-ipad.jpg","type":"image\/jpeg"}],"author":"master","twitter_card":"summary_large_image","twitter_creator":"@Edmo_Belux","twitter_site":"@Edmo_Belux","twitter_misc":{"\u00c9crit par":"master","Dur\u00e9e de lecture estim\u00e9e":"8 minutes"},"schema":{"@context":"https:\/\/schema.org","@graph":[{"@type":"Article","@id":"https:\/\/belux.edmo.eu\/fr\/cette-vido-ne-montre-pas-des-soldats-ukrainiens-se-rendre-sans-combattre\/#article","isPartOf":{"@id":"https:\/\/belux.edmo.eu\/fr\/cette-vido-ne-montre-pas-des-soldats-ukrainiens-se-rendre-sans-combattre\/"},"author":{"name":"master","@id":"https:\/\/belux.edmo.eu\/#\/schema\/person\/dbe3b252258537fd318f9b5645a30342"},"headline":"Cette vid\u00e9o ne montre pas des soldats ukrainiens se rendre sans combattre","datePublished":"2023-08-21T09:13:12+00:00","dateModified":"2023-08-21T09:14:38+00:00","mainEntityOfPage":{"@id":"https:\/\/belux.edmo.eu\/fr\/cette-vido-ne-montre-pas-des-soldats-ukrainiens-se-rendre-sans-combattre\/"},"wordCount":1747,"publisher":{"@id":"https:\/\/belux.edmo.eu\/#organization"},"image":{"@id":"https:\/\/belux.edmo.eu\/fr\/cette-vido-ne-montre-pas-des-soldats-ukrainiens-se-rendre-sans-combattre\/#primaryimage"},"thumbnailUrl":"https:\/\/belux-edmo.s3-accelerate.amazonaws.com\/wp-content\/uploads\/2023\/08\/2995dc59ac7003738de0769b1188342f214fddee-ipad.jpg","articleSection":["Fact-Check","Politique","Ukraine"],"inLanguage":"fr-FR"},{"@type":"WebPage","@id":"https:\/\/belux.edmo.eu\/fr\/cette-vido-ne-montre-pas-des-soldats-ukrainiens-se-rendre-sans-combattre\/","url":"https:\/\/belux.edmo.eu\/fr\/cette-vido-ne-montre-pas-des-soldats-ukrainiens-se-rendre-sans-combattre\/","name":"Cette vid\u00e9o ne montre pas des soldats ukrainiens se rendre sans combattre - EDMO Belux","isPartOf":{"@id":"https:\/\/belux.edmo.eu\/#website"},"primaryImageOfPage":{"@id":"https:\/\/belux.edmo.eu\/fr\/cette-vido-ne-montre-pas-des-soldats-ukrainiens-se-rendre-sans-combattre\/#primaryimage"},"image":{"@id":"https:\/\/belux.edmo.eu\/fr\/cette-vido-ne-montre-pas-des-soldats-ukrainiens-se-rendre-sans-combattre\/#primaryimage"},"thumbnailUrl":"https:\/\/belux-edmo.s3-accelerate.amazonaws.com\/wp-content\/uploads\/2023\/08\/2995dc59ac7003738de0769b1188342f214fddee-ipad.jpg","datePublished":"2023-08-21T09:13:12+00:00","dateModified":"2023-08-21T09:14:38+00:00","breadcrumb":{"@id":"https:\/\/belux.edmo.eu\/fr\/cette-vido-ne-montre-pas-des-soldats-ukrainiens-se-rendre-sans-combattre\/#breadcrumb"},"inLanguage":"fr-FR","potentialAction":[{"@type":"ReadAction","target":["https:\/\/belux.edmo.eu\/fr\/cette-vido-ne-montre-pas-des-soldats-ukrainiens-se-rendre-sans-combattre\/"]}]},{"@type":"ImageObject","inLanguage":"fr-FR","@id":"https:\/\/belux.edmo.eu\/fr\/cette-vido-ne-montre-pas-des-soldats-ukrainiens-se-rendre-sans-combattre\/#primaryimage","url":"https:\/\/belux-edmo.s3-accelerate.amazonaws.com\/wp-content\/uploads\/2023\/08\/2995dc59ac7003738de0769b1188342f214fddee-ipad.jpg","contentUrl":"https:\/\/belux-edmo.s3-accelerate.amazonaws.com\/wp-content\/uploads\/2023\/08\/2995dc59ac7003738de0769b1188342f214fddee-ipad.jpg","width":1080,"height":540,"caption":"Cette vid\u00e9o ne montre pas des soldats ukrainiens se rendre sans combattre - Featured image"},{"@type":"BreadcrumbList","@id":"https:\/\/belux.edmo.eu\/fr\/cette-vido-ne-montre-pas-des-soldats-ukrainiens-se-rendre-sans-combattre\/#breadcrumb","itemListElement":[{"@type":"ListItem","position":1,"name":"Home","item":"https:\/\/belux.edmo.eu\/fr\/"},{"@type":"ListItem","position":2,"name":"Cette vid\u00e9o ne montre pas des soldats ukrainiens se rendre sans combattre"}]},{"@type":"WebSite","@id":"https:\/\/belux.edmo.eu\/#website","url":"https:\/\/belux.edmo.eu\/","name":"EDMO Belux","description":"Monitoring Disinformation in Belgium and Luxembourg","publisher":{"@id":"https:\/\/belux.edmo.eu\/#organization"},"potentialAction":[{"@type":"SearchAction","target":{"@type":"EntryPoint","urlTemplate":"https:\/\/belux.edmo.eu\/?s={search_term_string}"},"query-input":{"@type":"PropertyValueSpecification","valueRequired":true,"valueName":"search_term_string"}}],"inLanguage":"fr-FR"},{"@type":"Organization","@id":"https:\/\/belux.edmo.eu\/#organization","name":"EDMO Belux","url":"https:\/\/belux.edmo.eu\/","logo":{"@type":"ImageObject","inLanguage":"fr-FR","@id":"https:\/\/belux.edmo.eu\/#\/schema\/logo\/image\/","url":"https:\/\/belux.edmo.eu\/wp-content\/uploads\/2021\/12\/belux-logo-full-color-rgb.svg","contentUrl":"https:\/\/belux.edmo.eu\/wp-content\/uploads\/2021\/12\/belux-logo-full-color-rgb.svg","width":1,"height":1,"caption":"EDMO Belux"},"image":{"@id":"https:\/\/belux.edmo.eu\/#\/schema\/logo\/image\/"},"sameAs":["https:\/\/x.com\/Edmo_Belux"]},{"@type":"Person","@id":"https:\/\/belux.edmo.eu\/#\/schema\/person\/dbe3b252258537fd318f9b5645a30342","name":"master","sameAs":["https:\/\/belux.wpengine.com"],"url":"https:\/\/belux.edmo.eu\/fr\/author\/master\/"}]}},"menu_order":0,"_links":{"self":[{"href":"https:\/\/belux.edmo.eu\/fr\/wp-json\/wp\/v2\/posts\/281219","targetHints":{"allow":["GET"]}}],"collection":[{"href":"https:\/\/belux.edmo.eu\/fr\/wp-json\/wp\/v2\/posts"}],"about":[{"href":"https:\/\/belux.edmo.eu\/fr\/wp-json\/wp\/v2\/types\/post"}],"author":[{"embeddable":true,"href":"https:\/\/belux.edmo.eu\/fr\/wp-json\/wp\/v2\/users\/1"}],"replies":[{"embeddable":true,"href":"https:\/\/belux.edmo.eu\/fr\/wp-json\/wp\/v2\/comments?post=281219"}],"version-history":[{"count":0,"href":"https:\/\/belux.edmo.eu\/fr\/wp-json\/wp\/v2\/posts\/281219\/revisions"}],"wp:featuredmedia":[{"embeddable":true,"href":"https:\/\/belux.edmo.eu\/fr\/wp-json\/wp\/v2\/media\/281189"}],"wp:attachment":[{"href":"https:\/\/belux.edmo.eu\/fr\/wp-json\/wp\/v2\/media?parent=281219"}],"wp:term":[{"taxonomy":"category","embeddable":true,"href":"https:\/\/belux.edmo.eu\/fr\/wp-json\/wp\/v2\/categories?post=281219"},{"taxonomy":"post_tag","embeddable":true,"href":"https:\/\/belux.edmo.eu\/fr\/wp-json\/wp\/v2\/tags?post=281219"}],"curies":[{"name":"wp","href":"https:\/\/api.w.org\/{rel}","templated":true}]}}