{"id":284695,"date":"2023-09-04T17:02:23","date_gmt":"2023-09-04T17:02:23","guid":{"rendered":"https:\/\/belux.edmo.eu\/?p=284695"},"modified":"2023-09-04T17:03:21","modified_gmt":"2023-09-04T17:03:21","slug":"la-dlgation-rwandaise-chasse-du-sommet-des-brics-non-ces-images-ont-t-tournes-au-kenya","status":"publish","type":"post","link":"https:\/\/belux.edmo.eu\/fr\/la-dlgation-rwandaise-chasse-du-sommet-des-brics-non-ces-images-ont-t-tournes-au-kenya\/","title":{"rendered":"La d\u00e9l\u00e9gation rwandaise chass\u00e9e du sommet des Brics ? Non, ces images ont \u00e9t\u00e9 tourn\u00e9es au Kenya"},"content":{"rendered":"<p><b><strong>Selon des publications virales sur Facebook, une vid\u00e9o montrerait une d\u00e9l\u00e9gation du Rwanda se faisant refouler du sommet du Brics (Br\u00e9sil, Russie, Inde, Chine, Afrique du Sud), qui s&rsquo;est tenu fin ao\u00fbt en Afrique du Sud. Attention, cette vid\u00e9o n\u2019a aucun lien avec le sommet des pays \u00e9mergents, elle a \u00e9t\u00e9 tourn\u00e9e au Kenya en 2020.<\/strong><\/b><\/p>\n<p>Une <a href=\"https:\/\/www.facebook.com\/plugins\/video.php?height=308&amp;href=https%3A%2F%2Fwww.facebook.com%2Fjames.mpala.7%2Fvideos%2F925954675926496%2F&amp;show_text=true&amp;width=560&amp;t=0\" shape=\"rect\">vid\u00e9o<\/a> (lien archiv\u00e9 <a href=\"https:\/\/archive.ph\/I366r\" shape=\"rect\">ici<\/a>) cens\u00e9e montrer la \u201c<em>honte<\/em>\u201d de la d\u00e9l\u00e9gation rwandaise a \u00e9t\u00e9 partag\u00e9e avec plusieurs descriptions, dont : \u00ab\u00a0<em>La d\u00e9l\u00e9gation Rwandaise chass\u00e9e <\/em>(sic)<em> comme des rats au sommet de BRICS. Que Dieu b\u00e9nisse la RD Congo et prot\u00e8ge le pr\u00e9sident<\/em>\u00ab\u00a0, ou encore \u00ab\u00a0<em>La d\u00e9l\u00e9gation rwandaise est chass\u00e9e au sommet de Brics. La honte internationale et l\u2019\u00e9chec total de leur boiteuse diplomatie<\/em>\u00ab\u00a0.<\/p>\n<div class=\"g2image\">\n<figure><img src=\"https:\/\/belux-edmo.s3-accelerate.amazonaws.com\/wp-content\/uploads\/2023\/09\/bae1db07fb2d39691a44e8d71b0011d5d6d8d27d-ipad.jpg\" \/><\/figure>\n<\/div>\n<p>Capture d\u2019\u00e9cran Facebook effectu\u00e9e le 1er septembre 2023<\/p>\n<p>Sur les images, on peut voir des hommes en costume poussant vers la sortie un groupe d&rsquo;individus qui tiennent entre leurs mains des documents.<\/p>\n<p>La vid\u00e9o est tr\u00e8s partag\u00e9e par des pages et comptes Facebook bas\u00e9s en R\u00e9publique d\u00e9mocratique du Congo (RDC), voisin du Rwanda avec qui Kigali entretient des relations ex\u00e9crables.<\/p>\n<p><b><strong>Images de 2020<\/strong><\/b><\/p>\n<p>Cette sc\u00e8ne a-t-elle r\u00e9ellement eu lieu lors du 15\u00e8me sommet du Brics (Br\u00e9sil, Russie, Inde, Chine, Afrique du Sud), qui s\u2019est tenu au Sandton Convention Center de Johannesburg du 22 au 24 ao\u00fbt ? Ce sommet qui r\u00e9unissait les pays \u00e9mergents en qu\u00eate d&rsquo;une plus grande influence pour contrebalancer celle des Etats-Unis et de l&rsquo;Union europ\u00e9enne, a accueilli de nombreuses d\u00e9l\u00e9gations et chefs d&rsquo;Etats africains.<\/p>\n<p>Pour le savoir, nous avons r\u00e9alis\u00e9 une recherche par image invers\u00e9e gr\u00e2ce \u00e0 l\u2019outil de v\u00e9rification <a href=\"about:blank\" shape=\"rect\">InVID-WeVerify<\/a>. Les r\u00e9sultats nous renvoient \u00e0 deux vid\u00e9os (<a href=\"https:\/\/www.youtube.com\/watch?v=xsuTjVQhRaM\" shape=\"rect\">vid\u00e9o 1<\/a>, <a href=\"https:\/\/youtu.be\/GgRuCfsWVEU\" shape=\"rect\">vid\u00e9o 2<\/a>) publi\u00e9es sur YouTube en juin 2020 (liens archiv\u00e9s <a href=\"https:\/\/perma.cc\/2N2E-2NVD\" shape=\"rect\">ici<\/a> et <a href=\"https:\/\/perma.cc\/MT3M-AJC8\" shape=\"rect\">ici<\/a>).<\/p>\n<div class=\"g2image\">\n<figure><img src=\"https:\/\/belux-edmo.s3-accelerate.amazonaws.com\/wp-content\/uploads\/2023\/09\/e33ec5c45aac828ac7d9c2ce53057079fe04dbf8-ipad.jpg\" \/><\/figure>\n<\/div>\n<p>Capture d\u2019\u00e9cran Yandex effectu\u00e9e 1er septembre 2023<\/p>\n<p>En comparant les images de ces deux vid\u00e9os sur YouTube avec celles partag\u00e9es sur Facebook, nous constatons qu\u2019il s\u2019agit bien de la m\u00eame sc\u00e8ne. Elles comportent les m\u00eames agents en uniforme escortant de fa\u00e7on muscl\u00e9e des personnes vers un portail noir.<\/p>\n<p>Ces images ont \u00e9t\u00e9 publi\u00e9es sur YouTube trois ans avant le sommet du Brics \u00e0 Johannesburg. Mais que montrent-elles ?<\/p>\n<p>Leurs descriptions sur YouTube font r\u00e9f\u00e9rence \u00e0 des \u00e9v\u00e8nements qui ont eu lieu \u00e0 Kitui, au Kenya. En effectuant une recherche par mot-cl\u00e9 en anglais avec des \u00e9l\u00e9ments tir\u00e9s des titres de ces vid\u00e9os (\u00ab\u00a0drama at kitui county assembly\u00a0\u00bb + \u00ab\u00a0ngilu lawyers chased by security\u00a0\u00bb), nous retrouvons une s\u00e9rie d\u2019articles de la presse kenyane (<a href=\"https:\/\/nation.africa\/kenya\/news\/politics\/ngilu-ouster-bid-drama-as-lawyers-kicked-out-of-kitui-assembly-1317186\" shape=\"rect\">1<\/a>, <a href=\"https:\/\/www.standardmedia.co.ke\/politics\/article\/2001376912\/chaos-as-ngilus-lawyers-flushed-out-of-kitui-county-assembly-premises\" shape=\"rect\">2<\/a>; liens archiv\u00e9s <a href=\"https:\/\/perma.cc\/XP7F-DL7J\" shape=\"rect\">ici<\/a> et <a href=\"https:\/\/perma.cc\/T3DR-JXNS\" shape=\"rect\">ici<\/a>).<\/p>\n<p>Selon ces articles, les faits se sont d\u00e9roul\u00e9s en 2020 dans le comt\u00e9 du Kitui. Des agents de s\u00e9curit\u00e9 avaient alors expuls\u00e9 les avocats du gouverneur Charity Ngilu des locaux du Parlement r\u00e9gional.<\/p>\n<p>\u00ab\u00a0<em>Les avocats Morris Kimuli et Martin Oloo s&rsquo;\u00e9taient pr\u00e9sent\u00e9s au Parlement pour repr\u00e9senter le gouverneur Ngilu\u201d<\/em>, somm\u00e9 de compara\u00eetre le 29 juin 2020 dans le cadre d\u2019une motion de destitution, indique un <a href=\"https:\/\/archive.ph\/MSfug\" shape=\"rect\">article<\/a> publi\u00e9 sur le site du journal Nation.<\/p>\n<p>Par ailleurs, les agents dans la vid\u00e9o portent des uniformes de policiers k\u00e9nyans, et non sud-africains.<\/p>\n<p>Une recherche Google Lens avec les mots-cl\u00e9s \u00ab\u00a0uniformes police pays africains\u00a0\u00bb nous permet de retrouver l\u2019uniforme en question, compos\u00e9 d&rsquo;une veste camouflage et d&rsquo;un pantalon vert.<\/p>\n<p>Il s\u2019agit bien de l\u2019uniforme de la police du Kenya, comme le montre cette image sur le <a href=\"https:\/\/www.un.org\/africarenewal\/fr\/magazine\/july-2007\/l%E2%80%99afrique-et-le-crime-organis%C3%A9\" shape=\"rect\">site<\/a> des Nations Unies (lien archiv\u00e9 <a href=\"https:\/\/perma.cc\/THU2-WL8E\" shape=\"rect\">ici<\/a>).<\/p>\n<div class=\"g2image\">\n<figure><img src=\"https:\/\/belux-edmo.s3-accelerate.amazonaws.com\/wp-content\/uploads\/2023\/09\/66c20b643fcdc06fc20d13b0c836774748241059-ipad.jpg\" \/><\/figure>\n<\/div>\n<p>Capture d\u2019\u00e9cran Google effectu\u00e9e 1er septembre 2023<\/p>\n<p><b><strong>Tentatives de d\u00e9sinformation<\/strong><\/b><\/p>\n<p>Cette vid\u00e9o, qui a donc \u00e9t\u00e9 film\u00e9e au Kenya et non au sommet du Brics en Afrique du Sud, a \u00e9t\u00e9 partag\u00e9e sur Facebook dans un contexte de vives tensions entre la R\u00e9publique d\u00e9mocratique du Congo (RDC) et le Rwanda, qui ont donn\u00e9 lieu \u00e0 de nombreuses tentatives de d\u00e9sinformation sur les r\u00e9seaux sociaux.<\/p>\n<p>La RDC accuse son voisin le Rwanda de soutenir les rebelles du M23 qui op\u00e8rent dans l\u2019est du pays, ce qui est corrobor\u00e9 par des <a href=\"https:\/\/www.rtbf.be\/article\/massacre-de-civils-en-rdc-en-novembre-2022-171-morts-selon-un-nouveau-bilan-de-l-onu-11149008\" shape=\"rect\">experts de l&rsquo;ONU<\/a>, bien que Kigali s&rsquo;en d\u00e9fende.<\/p>\n<p>Ce n\u2019est pas la premi\u00e8re fois que l\u2019AFP traite d\u2019une tentative de d\u00e9sinformation en lien avec cette courte vid\u00e9o. En 2022, elle avait \u00e9t\u00e9 pr\u00e9sent\u00e9e comme montrant des avocats de <a href=\"https:\/\/factcheck.afp.com\/doc.afp.com.32HZ82Q\" shape=\"rect\">quatre commissaires \u00e9lectoraux<\/a> dissidents expuls\u00e9s de la Cour supr\u00eame du Kenya lors d\u2019un recours relatif au r\u00e9sultat du scrutin pr\u00e9sidentiel d\u2019ao\u00fbt 2022.<\/p>\n","protected":false},"excerpt":{"rendered":"<p>Une vid\u00e9o (lien archiv\u00e9 ici) cens\u00e9e montrer la \u201chonte\u201d de la d\u00e9l\u00e9gation rwandaise a \u00e9t\u00e9 partag\u00e9e avec plusieurs descriptions, dont : \u00ab\u00a0La d\u00e9l\u00e9gation Rwandaise chass\u00e9e (sic) comme des rats au sommet de BRICS. Que Dieu b\u00e9nisse la RD Congo et prot\u00e8ge le pr\u00e9sident\u00a0\u00bb, ou encore \u00ab\u00a0La d\u00e9l\u00e9gation rwandaise est chass\u00e9e au sommet de Brics. La honte internationale et l\u2019\u00e9chec total de leur boiteuse diplomatie\u00a0\u00bb.<\/p>\n","protected":false},"author":1,"featured_media":284675,"comment_status":"closed","ping_status":"open","sticky":false,"template":"","format":"standard","meta":{"_acf_changed":false,"footnotes":""},"categories":[125,132],"tags":[],"class_list":{"0":"post-284695","1":"post","2":"type-post","3":"status-publish","4":"format-standard","5":"has-post-thumbnail","7":"category-fact-check-fr","8":"category-politique"},"acf":{"show_metatags":true,"id":"http:\/\/doc.afp.com\/33U774Z","authors":"SUY Kahofi \/ AFP C\u00f4te d'Ivoire","organization":"AFP","featured_image_copyright":"","text_copyright":"\u00a9 AGENCE FRANCE-PRESSE | 2023 | Tous droits r\u00e9serv\u00e9s. L\u2019acc\u00e8s aux contenus de l'AFP publi\u00e9s sur ce site et, le cas \u00e9ch\u00e9ant, leur utilisation sont soumis aux conditions g\u00e9n\u00e9rales d'utilisation disponibles sur <a href='https:\/\/www.afp.com\/fr\/cgu' target='_blank'>CGU<\/a>. Par cons\u00e9quent, en acc\u00e9dant aux contenus de l\u2019AFP publi\u00e9s sur ce site, et en les utilisant, le cas \u00e9ch\u00e9ant, vous acceptez d'\u00eatre li\u00e9 par les conditions g\u00e9n\u00e9rales d'utilisation susmentionn\u00e9es. L\u2019utilisation de contenus de l'AFP se fait sous votre seule et enti\u00e8re responsabilit\u00e9.","source":"https:\/\/factuel.afp.com\/doc.afp.com.33U774Z","fact_checker":"https:\/\/belux.wpengine.com\/wp-content\/uploads\/2021\/12\/afp_logo.png","type":"\u00c9v\u00e9nement ferm\u00e9","location":"","start_date":"","start_date_event_begins_at":"","start_date_event_ends_at":"","end_date":"","end_date_event_begins_at":"","end_date_event_ends_at":"","organizer":"","fact_checker_logo_image":false},"yoast_head":"<!-- This site is optimized with the Yoast SEO plugin v27.0 - https:\/\/yoast.com\/product\/yoast-seo-wordpress\/ -->\n<title>La d\u00e9l\u00e9gation rwandaise chass\u00e9e du sommet des Brics ? Non, ces images ont \u00e9t\u00e9 tourn\u00e9es au Kenya - EDMO Belux<\/title>\n<meta name=\"robots\" content=\"index, follow, max-snippet:-1, max-image-preview:large, max-video-preview:-1\" \/>\n<link rel=\"canonical\" href=\"https:\/\/belux.edmo.eu\/fr\/la-dlgation-rwandaise-chasse-du-sommet-des-brics-non-ces-images-ont-t-tournes-au-kenya\/\" \/>\n<meta property=\"og:locale\" content=\"fr_FR\" \/>\n<meta property=\"og:type\" content=\"article\" \/>\n<meta property=\"og:title\" content=\"La d\u00e9l\u00e9gation rwandaise chass\u00e9e du sommet des Brics ? Non, ces images ont \u00e9t\u00e9 tourn\u00e9es au Kenya - EDMO Belux\" \/>\n<meta property=\"og:description\" content=\"Une vid\u00e9o (lien archiv\u00e9 ici) cens\u00e9e montrer la \u201chonte\u201d de la d\u00e9l\u00e9gation rwandaise a \u00e9t\u00e9 partag\u00e9e avec plusieurs descriptions, dont : &quot;La d\u00e9l\u00e9gation Rwandaise chass\u00e9e (sic) comme des rats au sommet de BRICS. Que Dieu b\u00e9nisse la RD Congo et prot\u00e8ge le pr\u00e9sident&quot;, ou encore &quot;La d\u00e9l\u00e9gation rwandaise est chass\u00e9e au sommet de Brics. La honte internationale et l\u2019\u00e9chec total de leur boiteuse diplomatie&quot;.\" \/>\n<meta property=\"og:url\" content=\"https:\/\/belux.edmo.eu\/fr\/la-dlgation-rwandaise-chasse-du-sommet-des-brics-non-ces-images-ont-t-tournes-au-kenya\/\" \/>\n<meta property=\"og:site_name\" content=\"EDMO Belux\" \/>\n<meta property=\"article:published_time\" content=\"2023-09-04T17:02:23+00:00\" \/>\n<meta property=\"article:modified_time\" content=\"2023-09-04T17:03:21+00:00\" \/>\n<meta property=\"og:image\" content=\"https:\/\/belux-edmo.s3-accelerate.amazonaws.com\/wp-content\/uploads\/2023\/09\/12caeeddede93eb97f9200c8ae12a7a9a4915a93-ipad.jpg\" \/>\n\t<meta property=\"og:image:width\" content=\"1080\" \/>\n\t<meta property=\"og:image:height\" content=\"540\" \/>\n\t<meta property=\"og:image:type\" content=\"image\/jpeg\" \/>\n<meta name=\"author\" content=\"master\" \/>\n<meta name=\"twitter:card\" content=\"summary_large_image\" \/>\n<meta name=\"twitter:creator\" content=\"@Edmo_Belux\" \/>\n<meta name=\"twitter:site\" content=\"@Edmo_Belux\" \/>\n<meta name=\"twitter:label1\" content=\"\u00c9crit par\" \/>\n\t<meta name=\"twitter:data1\" content=\"master\" \/>\n\t<meta name=\"twitter:label2\" content=\"Dur\u00e9e de lecture estim\u00e9e\" \/>\n\t<meta name=\"twitter:data2\" content=\"4 minutes\" \/>\n<script type=\"application\/ld+json\" class=\"yoast-schema-graph\">{\"@context\":\"https:\/\/schema.org\",\"@graph\":[{\"@type\":\"Article\",\"@id\":\"https:\/\/belux.edmo.eu\/fr\/la-dlgation-rwandaise-chasse-du-sommet-des-brics-non-ces-images-ont-t-tournes-au-kenya\/#article\",\"isPartOf\":{\"@id\":\"https:\/\/belux.edmo.eu\/fr\/la-dlgation-rwandaise-chasse-du-sommet-des-brics-non-ces-images-ont-t-tournes-au-kenya\/\"},\"author\":{\"name\":\"master\",\"@id\":\"https:\/\/belux.edmo.eu\/#\/schema\/person\/dbe3b252258537fd318f9b5645a30342\"},\"headline\":\"La d\u00e9l\u00e9gation rwandaise chass\u00e9e du sommet des Brics ? Non, ces images ont \u00e9t\u00e9 tourn\u00e9es au Kenya\",\"datePublished\":\"2023-09-04T17:02:23+00:00\",\"dateModified\":\"2023-09-04T17:03:21+00:00\",\"mainEntityOfPage\":{\"@id\":\"https:\/\/belux.edmo.eu\/fr\/la-dlgation-rwandaise-chasse-du-sommet-des-brics-non-ces-images-ont-t-tournes-au-kenya\/\"},\"wordCount\":824,\"publisher\":{\"@id\":\"https:\/\/belux.edmo.eu\/#organization\"},\"image\":{\"@id\":\"https:\/\/belux.edmo.eu\/fr\/la-dlgation-rwandaise-chasse-du-sommet-des-brics-non-ces-images-ont-t-tournes-au-kenya\/#primaryimage\"},\"thumbnailUrl\":\"https:\/\/belux-edmo.s3-accelerate.amazonaws.com\/wp-content\/uploads\/2023\/09\/12caeeddede93eb97f9200c8ae12a7a9a4915a93-ipad.jpg\",\"articleSection\":[\"Fact-Check\",\"Politique\"],\"inLanguage\":\"fr-FR\"},{\"@type\":\"WebPage\",\"@id\":\"https:\/\/belux.edmo.eu\/fr\/la-dlgation-rwandaise-chasse-du-sommet-des-brics-non-ces-images-ont-t-tournes-au-kenya\/\",\"url\":\"https:\/\/belux.edmo.eu\/fr\/la-dlgation-rwandaise-chasse-du-sommet-des-brics-non-ces-images-ont-t-tournes-au-kenya\/\",\"name\":\"La d\u00e9l\u00e9gation rwandaise chass\u00e9e du sommet des Brics ? Non, ces images ont \u00e9t\u00e9 tourn\u00e9es au Kenya - EDMO Belux\",\"isPartOf\":{\"@id\":\"https:\/\/belux.edmo.eu\/#website\"},\"primaryImageOfPage\":{\"@id\":\"https:\/\/belux.edmo.eu\/fr\/la-dlgation-rwandaise-chasse-du-sommet-des-brics-non-ces-images-ont-t-tournes-au-kenya\/#primaryimage\"},\"image\":{\"@id\":\"https:\/\/belux.edmo.eu\/fr\/la-dlgation-rwandaise-chasse-du-sommet-des-brics-non-ces-images-ont-t-tournes-au-kenya\/#primaryimage\"},\"thumbnailUrl\":\"https:\/\/belux-edmo.s3-accelerate.amazonaws.com\/wp-content\/uploads\/2023\/09\/12caeeddede93eb97f9200c8ae12a7a9a4915a93-ipad.jpg\",\"datePublished\":\"2023-09-04T17:02:23+00:00\",\"dateModified\":\"2023-09-04T17:03:21+00:00\",\"breadcrumb\":{\"@id\":\"https:\/\/belux.edmo.eu\/fr\/la-dlgation-rwandaise-chasse-du-sommet-des-brics-non-ces-images-ont-t-tournes-au-kenya\/#breadcrumb\"},\"inLanguage\":\"fr-FR\",\"potentialAction\":[{\"@type\":\"ReadAction\",\"target\":[\"https:\/\/belux.edmo.eu\/fr\/la-dlgation-rwandaise-chasse-du-sommet-des-brics-non-ces-images-ont-t-tournes-au-kenya\/\"]}]},{\"@type\":\"ImageObject\",\"inLanguage\":\"fr-FR\",\"@id\":\"https:\/\/belux.edmo.eu\/fr\/la-dlgation-rwandaise-chasse-du-sommet-des-brics-non-ces-images-ont-t-tournes-au-kenya\/#primaryimage\",\"url\":\"https:\/\/belux-edmo.s3-accelerate.amazonaws.com\/wp-content\/uploads\/2023\/09\/12caeeddede93eb97f9200c8ae12a7a9a4915a93-ipad.jpg\",\"contentUrl\":\"https:\/\/belux-edmo.s3-accelerate.amazonaws.com\/wp-content\/uploads\/2023\/09\/12caeeddede93eb97f9200c8ae12a7a9a4915a93-ipad.jpg\",\"width\":1080,\"height\":540,\"caption\":\"La d\u00e9l\u00e9gation rwandaise chass\u00e9e du sommet des Brics ? Non, ces images ont \u00e9t\u00e9 tourn\u00e9es au Kenya - Featured image\"},{\"@type\":\"BreadcrumbList\",\"@id\":\"https:\/\/belux.edmo.eu\/fr\/la-dlgation-rwandaise-chasse-du-sommet-des-brics-non-ces-images-ont-t-tournes-au-kenya\/#breadcrumb\",\"itemListElement\":[{\"@type\":\"ListItem\",\"position\":1,\"name\":\"Home\",\"item\":\"https:\/\/belux.edmo.eu\/fr\/\"},{\"@type\":\"ListItem\",\"position\":2,\"name\":\"La d\u00e9l\u00e9gation rwandaise chass\u00e9e du sommet des Brics ? Non, ces images ont \u00e9t\u00e9 tourn\u00e9es au Kenya\"}]},{\"@type\":\"WebSite\",\"@id\":\"https:\/\/belux.edmo.eu\/#website\",\"url\":\"https:\/\/belux.edmo.eu\/\",\"name\":\"EDMO Belux\",\"description\":\"Monitoring Disinformation in Belgium and Luxembourg\",\"publisher\":{\"@id\":\"https:\/\/belux.edmo.eu\/#organization\"},\"potentialAction\":[{\"@type\":\"SearchAction\",\"target\":{\"@type\":\"EntryPoint\",\"urlTemplate\":\"https:\/\/belux.edmo.eu\/?s={search_term_string}\"},\"query-input\":{\"@type\":\"PropertyValueSpecification\",\"valueRequired\":true,\"valueName\":\"search_term_string\"}}],\"inLanguage\":\"fr-FR\"},{\"@type\":\"Organization\",\"@id\":\"https:\/\/belux.edmo.eu\/#organization\",\"name\":\"EDMO Belux\",\"url\":\"https:\/\/belux.edmo.eu\/\",\"logo\":{\"@type\":\"ImageObject\",\"inLanguage\":\"fr-FR\",\"@id\":\"https:\/\/belux.edmo.eu\/#\/schema\/logo\/image\/\",\"url\":\"https:\/\/belux.edmo.eu\/wp-content\/uploads\/2021\/12\/belux-logo-full-color-rgb.svg\",\"contentUrl\":\"https:\/\/belux.edmo.eu\/wp-content\/uploads\/2021\/12\/belux-logo-full-color-rgb.svg\",\"width\":1,\"height\":1,\"caption\":\"EDMO Belux\"},\"image\":{\"@id\":\"https:\/\/belux.edmo.eu\/#\/schema\/logo\/image\/\"},\"sameAs\":[\"https:\/\/x.com\/Edmo_Belux\"]},{\"@type\":\"Person\",\"@id\":\"https:\/\/belux.edmo.eu\/#\/schema\/person\/dbe3b252258537fd318f9b5645a30342\",\"name\":\"master\",\"sameAs\":[\"https:\/\/belux.wpengine.com\"],\"url\":\"https:\/\/belux.edmo.eu\/fr\/author\/master\/\"}]}<\/script>\n<!-- \/ Yoast SEO plugin. -->","yoast_head_json":{"title":"La d\u00e9l\u00e9gation rwandaise chass\u00e9e du sommet des Brics ? Non, ces images ont \u00e9t\u00e9 tourn\u00e9es au Kenya - EDMO Belux","robots":{"index":"index","follow":"follow","max-snippet":"max-snippet:-1","max-image-preview":"max-image-preview:large","max-video-preview":"max-video-preview:-1"},"canonical":"https:\/\/belux.edmo.eu\/fr\/la-dlgation-rwandaise-chasse-du-sommet-des-brics-non-ces-images-ont-t-tournes-au-kenya\/","og_locale":"fr_FR","og_type":"article","og_title":"La d\u00e9l\u00e9gation rwandaise chass\u00e9e du sommet des Brics ? Non, ces images ont \u00e9t\u00e9 tourn\u00e9es au Kenya - EDMO Belux","og_description":"Une vid\u00e9o (lien archiv\u00e9 ici) cens\u00e9e montrer la \u201chonte\u201d de la d\u00e9l\u00e9gation rwandaise a \u00e9t\u00e9 partag\u00e9e avec plusieurs descriptions, dont : \"La d\u00e9l\u00e9gation Rwandaise chass\u00e9e (sic) comme des rats au sommet de BRICS. Que Dieu b\u00e9nisse la RD Congo et prot\u00e8ge le pr\u00e9sident\", ou encore \"La d\u00e9l\u00e9gation rwandaise est chass\u00e9e au sommet de Brics. La honte internationale et l\u2019\u00e9chec total de leur boiteuse diplomatie\".","og_url":"https:\/\/belux.edmo.eu\/fr\/la-dlgation-rwandaise-chasse-du-sommet-des-brics-non-ces-images-ont-t-tournes-au-kenya\/","og_site_name":"EDMO Belux","article_published_time":"2023-09-04T17:02:23+00:00","article_modified_time":"2023-09-04T17:03:21+00:00","og_image":[{"width":1080,"height":540,"url":"https:\/\/belux-edmo.s3-accelerate.amazonaws.com\/wp-content\/uploads\/2023\/09\/12caeeddede93eb97f9200c8ae12a7a9a4915a93-ipad.jpg","type":"image\/jpeg"}],"author":"master","twitter_card":"summary_large_image","twitter_creator":"@Edmo_Belux","twitter_site":"@Edmo_Belux","twitter_misc":{"\u00c9crit par":"master","Dur\u00e9e de lecture estim\u00e9e":"4 minutes"},"schema":{"@context":"https:\/\/schema.org","@graph":[{"@type":"Article","@id":"https:\/\/belux.edmo.eu\/fr\/la-dlgation-rwandaise-chasse-du-sommet-des-brics-non-ces-images-ont-t-tournes-au-kenya\/#article","isPartOf":{"@id":"https:\/\/belux.edmo.eu\/fr\/la-dlgation-rwandaise-chasse-du-sommet-des-brics-non-ces-images-ont-t-tournes-au-kenya\/"},"author":{"name":"master","@id":"https:\/\/belux.edmo.eu\/#\/schema\/person\/dbe3b252258537fd318f9b5645a30342"},"headline":"La d\u00e9l\u00e9gation rwandaise chass\u00e9e du sommet des Brics ? Non, ces images ont \u00e9t\u00e9 tourn\u00e9es au Kenya","datePublished":"2023-09-04T17:02:23+00:00","dateModified":"2023-09-04T17:03:21+00:00","mainEntityOfPage":{"@id":"https:\/\/belux.edmo.eu\/fr\/la-dlgation-rwandaise-chasse-du-sommet-des-brics-non-ces-images-ont-t-tournes-au-kenya\/"},"wordCount":824,"publisher":{"@id":"https:\/\/belux.edmo.eu\/#organization"},"image":{"@id":"https:\/\/belux.edmo.eu\/fr\/la-dlgation-rwandaise-chasse-du-sommet-des-brics-non-ces-images-ont-t-tournes-au-kenya\/#primaryimage"},"thumbnailUrl":"https:\/\/belux-edmo.s3-accelerate.amazonaws.com\/wp-content\/uploads\/2023\/09\/12caeeddede93eb97f9200c8ae12a7a9a4915a93-ipad.jpg","articleSection":["Fact-Check","Politique"],"inLanguage":"fr-FR"},{"@type":"WebPage","@id":"https:\/\/belux.edmo.eu\/fr\/la-dlgation-rwandaise-chasse-du-sommet-des-brics-non-ces-images-ont-t-tournes-au-kenya\/","url":"https:\/\/belux.edmo.eu\/fr\/la-dlgation-rwandaise-chasse-du-sommet-des-brics-non-ces-images-ont-t-tournes-au-kenya\/","name":"La d\u00e9l\u00e9gation rwandaise chass\u00e9e du sommet des Brics ? Non, ces images ont \u00e9t\u00e9 tourn\u00e9es au Kenya - EDMO Belux","isPartOf":{"@id":"https:\/\/belux.edmo.eu\/#website"},"primaryImageOfPage":{"@id":"https:\/\/belux.edmo.eu\/fr\/la-dlgation-rwandaise-chasse-du-sommet-des-brics-non-ces-images-ont-t-tournes-au-kenya\/#primaryimage"},"image":{"@id":"https:\/\/belux.edmo.eu\/fr\/la-dlgation-rwandaise-chasse-du-sommet-des-brics-non-ces-images-ont-t-tournes-au-kenya\/#primaryimage"},"thumbnailUrl":"https:\/\/belux-edmo.s3-accelerate.amazonaws.com\/wp-content\/uploads\/2023\/09\/12caeeddede93eb97f9200c8ae12a7a9a4915a93-ipad.jpg","datePublished":"2023-09-04T17:02:23+00:00","dateModified":"2023-09-04T17:03:21+00:00","breadcrumb":{"@id":"https:\/\/belux.edmo.eu\/fr\/la-dlgation-rwandaise-chasse-du-sommet-des-brics-non-ces-images-ont-t-tournes-au-kenya\/#breadcrumb"},"inLanguage":"fr-FR","potentialAction":[{"@type":"ReadAction","target":["https:\/\/belux.edmo.eu\/fr\/la-dlgation-rwandaise-chasse-du-sommet-des-brics-non-ces-images-ont-t-tournes-au-kenya\/"]}]},{"@type":"ImageObject","inLanguage":"fr-FR","@id":"https:\/\/belux.edmo.eu\/fr\/la-dlgation-rwandaise-chasse-du-sommet-des-brics-non-ces-images-ont-t-tournes-au-kenya\/#primaryimage","url":"https:\/\/belux-edmo.s3-accelerate.amazonaws.com\/wp-content\/uploads\/2023\/09\/12caeeddede93eb97f9200c8ae12a7a9a4915a93-ipad.jpg","contentUrl":"https:\/\/belux-edmo.s3-accelerate.amazonaws.com\/wp-content\/uploads\/2023\/09\/12caeeddede93eb97f9200c8ae12a7a9a4915a93-ipad.jpg","width":1080,"height":540,"caption":"La d\u00e9l\u00e9gation rwandaise chass\u00e9e du sommet des Brics ? Non, ces images ont \u00e9t\u00e9 tourn\u00e9es au Kenya - Featured image"},{"@type":"BreadcrumbList","@id":"https:\/\/belux.edmo.eu\/fr\/la-dlgation-rwandaise-chasse-du-sommet-des-brics-non-ces-images-ont-t-tournes-au-kenya\/#breadcrumb","itemListElement":[{"@type":"ListItem","position":1,"name":"Home","item":"https:\/\/belux.edmo.eu\/fr\/"},{"@type":"ListItem","position":2,"name":"La d\u00e9l\u00e9gation rwandaise chass\u00e9e du sommet des Brics ? Non, ces images ont \u00e9t\u00e9 tourn\u00e9es au Kenya"}]},{"@type":"WebSite","@id":"https:\/\/belux.edmo.eu\/#website","url":"https:\/\/belux.edmo.eu\/","name":"EDMO Belux","description":"Monitoring Disinformation in Belgium and Luxembourg","publisher":{"@id":"https:\/\/belux.edmo.eu\/#organization"},"potentialAction":[{"@type":"SearchAction","target":{"@type":"EntryPoint","urlTemplate":"https:\/\/belux.edmo.eu\/?s={search_term_string}"},"query-input":{"@type":"PropertyValueSpecification","valueRequired":true,"valueName":"search_term_string"}}],"inLanguage":"fr-FR"},{"@type":"Organization","@id":"https:\/\/belux.edmo.eu\/#organization","name":"EDMO Belux","url":"https:\/\/belux.edmo.eu\/","logo":{"@type":"ImageObject","inLanguage":"fr-FR","@id":"https:\/\/belux.edmo.eu\/#\/schema\/logo\/image\/","url":"https:\/\/belux.edmo.eu\/wp-content\/uploads\/2021\/12\/belux-logo-full-color-rgb.svg","contentUrl":"https:\/\/belux.edmo.eu\/wp-content\/uploads\/2021\/12\/belux-logo-full-color-rgb.svg","width":1,"height":1,"caption":"EDMO Belux"},"image":{"@id":"https:\/\/belux.edmo.eu\/#\/schema\/logo\/image\/"},"sameAs":["https:\/\/x.com\/Edmo_Belux"]},{"@type":"Person","@id":"https:\/\/belux.edmo.eu\/#\/schema\/person\/dbe3b252258537fd318f9b5645a30342","name":"master","sameAs":["https:\/\/belux.wpengine.com"],"url":"https:\/\/belux.edmo.eu\/fr\/author\/master\/"}]}},"menu_order":0,"_links":{"self":[{"href":"https:\/\/belux.edmo.eu\/fr\/wp-json\/wp\/v2\/posts\/284695","targetHints":{"allow":["GET"]}}],"collection":[{"href":"https:\/\/belux.edmo.eu\/fr\/wp-json\/wp\/v2\/posts"}],"about":[{"href":"https:\/\/belux.edmo.eu\/fr\/wp-json\/wp\/v2\/types\/post"}],"author":[{"embeddable":true,"href":"https:\/\/belux.edmo.eu\/fr\/wp-json\/wp\/v2\/users\/1"}],"replies":[{"embeddable":true,"href":"https:\/\/belux.edmo.eu\/fr\/wp-json\/wp\/v2\/comments?post=284695"}],"version-history":[{"count":0,"href":"https:\/\/belux.edmo.eu\/fr\/wp-json\/wp\/v2\/posts\/284695\/revisions"}],"wp:featuredmedia":[{"embeddable":true,"href":"https:\/\/belux.edmo.eu\/fr\/wp-json\/wp\/v2\/media\/284675"}],"wp:attachment":[{"href":"https:\/\/belux.edmo.eu\/fr\/wp-json\/wp\/v2\/media?parent=284695"}],"wp:term":[{"taxonomy":"category","embeddable":true,"href":"https:\/\/belux.edmo.eu\/fr\/wp-json\/wp\/v2\/categories?post=284695"},{"taxonomy":"post_tag","embeddable":true,"href":"https:\/\/belux.edmo.eu\/fr\/wp-json\/wp\/v2\/tags?post=284695"}],"curies":[{"name":"wp","href":"https:\/\/api.w.org\/{rel}","templated":true}]}}