{"id":285778,"date":"2023-09-11T15:08:36","date_gmt":"2023-09-11T15:08:36","guid":{"rendered":"https:\/\/belux.edmo.eu\/?p=285778"},"modified":"2023-09-11T15:09:49","modified_gmt":"2023-09-11T15:09:49","slug":"cette-vido-date-de-2022-et-na-aucun-lien-avec-le-sisme-meurtrier-qui-a-frapp-le-maroc","status":"publish","type":"post","link":"https:\/\/belux.edmo.eu\/fr\/cette-vido-date-de-2022-et-na-aucun-lien-avec-le-sisme-meurtrier-qui-a-frapp-le-maroc\/","title":{"rendered":"Cette vid\u00e9o date de 2022 et n&rsquo;a aucun lien avec le s\u00e9isme meurtrier qui a frapp\u00e9 le Maroc"},"content":{"rendered":"<p><b>Depuis\u00a0 le puissant s\u00e9isme tr\u00e8s meurtrier au Maroc le 8 septembre 2023, des messages diffus\u00e9s sur les r\u00e9seaux sociaux pr\u00e9tendent montrer les images d&rsquo;un immeuble s&rsquo;effondrant lors de la catastrophe, vid\u00e9o \u00e0 l&rsquo;appui. Attention : ces images amateurs sont anciennes et n&rsquo;ont aucun lien avec le tremblement de terre survenu au sud-ouest de la ville touristique Marrakech. En r\u00e9alit\u00e9, elles datent de d\u00e9cembre 2022, lorsqu&rsquo;un immeuble d&rsquo;habitation s&rsquo;\u00e9tait effondr\u00e9 dans un quartier de la cit\u00e9 marocaine Casablanca.\u00a0<\/b><\/p>\n<p>Sur ces images amateurs tourn\u00e9es de nuit, un immeuble d&rsquo;habitation s&rsquo;effondre, formant dans sa chute un \u00e9pais nuage de poussi\u00e8re.<\/p>\n<p>\u00ab\u00a0<em>ALERTE Des images choquantes du s\u00e9isme \u00e0 #Marrakech montrent un b\u00e2timent s&rsquo;effondrant juste apr\u00e8s que deux r\u00e9sidents ont pu s&rsquo;en \u00e9chapper. Restons vigilants et prions pour la s\u00e9curit\u00e9 de tous<\/em>\u00ab\u00a0, affirme une publication (lien archiv\u00e9 <a href=\"https:\/\/archive.ph\/KKaDs\" target=\"_blank\" rel=\"noopener\" shape=\"rect\">ici<\/a>) diffus\u00e9e pr\u00e8s de 900 fois sur X (ex-Twitter) depuis le 9 septembre 2023, vid\u00e9o \u00e0 l&rsquo;appui.<\/p>\n<div class=\"g2image\">\n<figure><img src=\"https:\/\/belux-edmo.s3-accelerate.amazonaws.com\/wp-content\/uploads\/2023\/09\/add314a29a132148ddcfb29c400f8d783b8e5380-ipad.jpg\" \/><figcaption>Capture d&rsquo;\u00e9cran prise sur Twitter le 11 septembre 2023<\/figcaption><\/figure>\n<\/div>\n<p>Egalement relay\u00e9s en arabe sur Facebook (lien archiv\u00e9 <a href=\"https:\/\/perma.cc\/73HA-6S7H?type=image\" target=\"_blank\" rel=\"noopener\" shape=\"rect\">ici<\/a>), ces messages font suite au s\u00e9isme de magnitude 7 survenu au Maroc le 8 septembre, qui a fait plus de 2.500 morts. Ce s\u00e9isme est le plus meurtrier du pays depuis celui qui avait d\u00e9truit Agadir, sur la c\u00f4te ouest, le 29 f\u00e9vrier 1960.<\/p>\n<p>Les secouristes marocains, appuy\u00e9s par des \u00e9quipes \u00e9trang\u00e8res, poursuivent encore une <a href=\"https:\/\/information.tv5monde.com\/afrique\/seisme-au-maroc-course-contre-la-montre-pour-retrouver-des-survivants-2667329#:~:text=Les%20secouristes%20marocains%2C%20appuy%C3%A9s%20par,fait%20plus%20de%202.100%20morts.\" target=\"_blank\" rel=\"noopener\" shape=\"rect\">course contre la montre<\/a> (lien archiv\u00e9 <a href=\"https:\/\/perma.cc\/3CTZ-FGCS\" target=\"_blank\" rel=\"noopener\" shape=\"rect\">ici<\/a>) pour retrouver des survivants et fournir l&rsquo;assistance \u00e0 des centaines de sans-abris dont les maisons ont \u00e9t\u00e9 ras\u00e9es.<\/p>\n<div class=\"g2image\">\n<figure><img src=\"https:\/\/belux-edmo.s3-accelerate.amazonaws.com\/wp-content\/uploads\/2023\/09\/683abab517305043b0e78a3f87ff689e76789839-ipad.jpg\" \/><figcaption>Des volontaires r\u00e9cup\u00e8rent un corps dans les d\u00e9combres dans le centre du Maroc, apr\u00e8s le s\u00e9isme meurtrier du 8 septembre, le 10 septembre 2023 &#8211; FADEL SENNA \/ AFP<\/figcaption><\/figure>\n<\/div>\n<p><strong>Les images que nous examinons n&rsquo;ont cependant aucun lien avec cette catastrophe<\/strong> : elles datent de d\u00e9cembre 2022, lors de l&rsquo;effondrement d&rsquo;un immeuble dans un quartier de la ville de Casablanca.<\/p>\n<p><b>Une vid\u00e9o ancienne<\/b><\/p>\n<p>Sur la vid\u00e9o relay\u00e9e sur les r\u00e9seaux sociaux, un cours texte en arabe est appos\u00e9, en filigrane. \u00ab\u00a0<em>Moment de chute d&rsquo;une habitation \u00e0 al-Bayda<\/em>\u00ab\u00a0, peut-on y lire.<\/p>\n<p>En arabe, \u00ab\u00a0<em>Dar al-Bayda<\/em>\u00a0\u00bb soit la \u00ab\u00a0<em>maison blanche<\/em>\u00a0\u00bb en fran\u00e7ais, d\u00e9signe la ville marocaine Casablanca. En effectuant une recherche sur Google \u00e0 partir de mots-cl\u00e9s en arabe, on retrouve une occurrence plus ancienne de la vid\u00e9o, publi\u00e9e sur <a href=\"https:\/\/www.youtube.com\/watch?v=AaClxVDaqtY\" target=\"_blank\" rel=\"noopener\" shape=\"rect\">YouTube<\/a> (lien archiv\u00e9 <a href=\"https:\/\/perma.cc\/XM7R-2NMW\" target=\"_blank\" rel=\"noopener\" shape=\"rect\">ici<\/a>) le 27 d\u00e9cembre 2022. Sa l\u00e9gende indique : \u00ab\u00a0<em>L&rsquo;effondrement d&rsquo;une maison dans le quartier Mohammadi \u00e0 Casablanca<\/em>.\u00a0\u00bb<\/p>\n<div class=\"g2web\" style=\"text-align: center;\"><iframe title=\"YouTube video player\" src=\"https:\/\/www.youtube.com\/embed\/AaClxVDaqtY?si=KJwJkwQ5TmOfRKf5\" width=\"560\" height=\"315\" frameborder=\"0\" scrolling=\"auto\" allowfullscreen=\"allowfullscreen\" data-mce-fragment=\"1\"><\/iframe><\/div>\n<p><a href=\"https:\/\/www.hespress.com\/%D8%AA%D9%88%D8%A7%D9%84%D9%8A-%D8%A7%D9%86%D9%87%D9%8A%D8%A7%D8%B1-%D8%A7%D9%84%D9%85%D9%86%D8%A7%D8%B2%D9%84-%D9%8A%D8%B3%D8%A7%D8%A6%D9%84-%D9%85%D8%AC%D9%84%D8%B3-%D8%A7%D9%84%D8%A8%D9%8A%D8%B6-1098801.html\" target=\"_blank\" rel=\"noopener\" shape=\"rect\">Plusieurs m\u00e9dias locaux<\/a> (lien archiv\u00e9 <a href=\"https:\/\/perma.cc\/7BTD-JLX5\" target=\"_blank\" rel=\"noopener\" shape=\"rect\">ici<\/a> et <a href=\"https:\/\/perma.cc\/Z5KC-KH5B\" target=\"_blank\" rel=\"noopener\" shape=\"rect\">ici<\/a>) ont document\u00e9 l&rsquo;\u00e9v\u00e9nement. Des responsables locaux avaient notamment indiqu\u00e9, le 27 d\u00e9cembre 2022, qu&rsquo;aucun d\u00e9c\u00e8s ni aucun bless\u00e9 n&rsquo;avait \u00e9t\u00e9 enregistr\u00e9 \u00e0 la suite de l&rsquo;effondrement de l&rsquo;immeuble de trois \u00e9tages \u00e0 Casablanca.<\/p>\n<p>Celui-ci \u00e9tait class\u00e9 comme b\u00e2timent \u00e0 risque d&rsquo;effondrement.<\/p>\n<p><b>S\u00e9isme au sud-ouest de Marrakech<\/b><\/p>\n<p>Le s\u00e9isme survenu le 8 septembre dernier au Maroc, le plus meurtrier dans le royaume depuis plus de soixante ans, a d\u00e9vast\u00e9 des villages entiers dans une r\u00e9gion situ\u00e9e au sud-ouest de la cit\u00e9 touristique de Marrakech (centre). A plus de 200 km, donc, au sud de Casablanca.<\/p>\n<div class=\"g2image\">\n<figure><img src=\"https:\/\/belux-edmo.s3-accelerate.amazonaws.com\/wp-content\/uploads\/2023\/09\/98ec1bfb4c86dceba7f04be27b1ab77e2d8dcde7-ipad.jpg\" \/><figcaption>Carte du Maroc montrant Marrakech et ses environs, touch\u00e9s par un puissant s\u00e9isme dans la nuit du 8 au 9 septembre<\/figcaption><\/figure>\n<\/div>\n<p>Dans plusieurs localit\u00e9s, des membres des forces de s\u00e9curit\u00e9 continuent d&rsquo;aider \u00e0 creuser des tombes pour les victimes, alors que d&rsquo;autres installent des tentes jaunes pour les sinistr\u00e9s <a href=\"https:\/\/information.tv5monde.com\/afrique\/seisme-au-maroc-course-contre-la-montre-pour-retrouver-des-survivants-2667329#:~:text=Les%20secouristes%20marocains%2C%20appuy%C3%A9s%20par,fait%20plus%20de%202.100%20morts.\" target=\"_blank\" rel=\"noopener\" shape=\"rect\">qui ont perdu leur logement<\/a> (lien archiv\u00e9 <a href=\"https:\/\/perma.cc\/3CTZ-FGCS\" target=\"_blank\" rel=\"noopener\" shape=\"rect\">ici<\/a>). A Marrakech, sur l&rsquo;avenue Mohamed VI, des dizaines de personnes ont encore pass\u00e9 la nuit \u00e0 l&rsquo;ext\u00e9rieur, allong\u00e9es sur le terre-plein central ou au pied de leurs voitures stationn\u00e9es sur des parkings.<\/p>\n<p>Dans la r\u00e9gion sinistr\u00e9e, des secouristes, volontaires et membres des forces arm\u00e9es s&rsquo;activent de leur c\u00f4t\u00e9 pour retrouver des survivants et extraire des corps des d\u00e9combres, notamment dans des villages de la province d&rsquo;Al-Haouz, \u00e9picentre du s\u00e9isme au sud de Marrakech.<\/p>\n<p>Dimanche soir, le Maroc a annonc\u00e9 avoir r\u00e9pondu favorablement, \u00ab\u00a0<em>\u00e0 ce stade<\/em>\u00ab\u00a0, aux offres de quatre pays d&rsquo;envoyer des \u00e9quipes de recherche et sauvetage : l&rsquo;Espagne, la Grande-Bretagne, le Qatar et les Emirats arabes unis.<\/p>\n","protected":false},"excerpt":{"rendered":"<p>Sur ces images amateurs tourn\u00e9es de nuit, un immeuble d&rsquo;habitation s&rsquo;effondre, formant dans sa chute un \u00e9pais nuage de poussi\u00e8re.\u00a0<\/p>\n","protected":false},"author":1,"featured_media":285758,"comment_status":"closed","ping_status":"open","sticky":false,"template":"","format":"standard","meta":{"_acf_changed":false,"footnotes":""},"categories":[125],"tags":[],"class_list":{"0":"post-285778","1":"post","2":"type-post","3":"status-publish","4":"format-standard","5":"has-post-thumbnail","7":"category-fact-check-fr"},"acf":{"show_metatags":true,"id":"http:\/\/doc.afp.com\/33UW7DW","authors":"Afrique du Nord \/ Emilie Beraud \/ AFP Moyen Orient \/ AFP France","organization":"AFP","featured_image_copyright":"","text_copyright":"\u00a9 AGENCE FRANCE-PRESSE | 2023 | Tous droits r\u00e9serv\u00e9s. L\u2019acc\u00e8s aux contenus de l'AFP publi\u00e9s sur ce site et, le cas \u00e9ch\u00e9ant, leur utilisation sont soumis aux conditions g\u00e9n\u00e9rales d'utilisation disponibles sur <a href='https:\/\/www.afp.com\/fr\/cgu' target='_blank'>CGU<\/a>. Par cons\u00e9quent, en acc\u00e9dant aux contenus de l\u2019AFP publi\u00e9s sur ce site, et en les utilisant, le cas \u00e9ch\u00e9ant, vous acceptez d'\u00eatre li\u00e9 par les conditions g\u00e9n\u00e9rales d'utilisation susmentionn\u00e9es. L\u2019utilisation de contenus de l'AFP se fait sous votre seule et enti\u00e8re responsabilit\u00e9.","source":"https:\/\/factuel.afp.com\/doc.afp.com.33UW7DW","fact_checker":"https:\/\/belux.wpengine.com\/wp-content\/uploads\/2021\/12\/afp_logo.png","type":"\u00c9v\u00e9nement ferm\u00e9","location":"","start_date":"","start_date_event_begins_at":"","start_date_event_ends_at":"","end_date":"","end_date_event_begins_at":"","end_date_event_ends_at":"","organizer":"","fact_checker_logo_image":false},"yoast_head":"<!-- This site is optimized with the Yoast SEO plugin v27.0 - https:\/\/yoast.com\/product\/yoast-seo-wordpress\/ -->\n<title>Cette vid\u00e9o date de 2022 et n&#039;a aucun lien avec le s\u00e9isme meurtrier qui a frapp\u00e9 le Maroc - EDMO Belux<\/title>\n<meta name=\"robots\" content=\"index, follow, max-snippet:-1, max-image-preview:large, max-video-preview:-1\" \/>\n<link rel=\"canonical\" href=\"https:\/\/belux.edmo.eu\/fr\/cette-vido-date-de-2022-et-na-aucun-lien-avec-le-sisme-meurtrier-qui-a-frapp-le-maroc\/\" \/>\n<meta property=\"og:locale\" content=\"fr_FR\" \/>\n<meta property=\"og:type\" content=\"article\" \/>\n<meta property=\"og:title\" content=\"Cette vid\u00e9o date de 2022 et n&#039;a aucun lien avec le s\u00e9isme meurtrier qui a frapp\u00e9 le Maroc - EDMO Belux\" \/>\n<meta property=\"og:description\" content=\"Sur ces images amateurs tourn\u00e9es de nuit, un immeuble d&#039;habitation s&#039;effondre, formant dans sa chute un \u00e9pais nuage de poussi\u00e8re.\u00a0\" \/>\n<meta property=\"og:url\" content=\"https:\/\/belux.edmo.eu\/fr\/cette-vido-date-de-2022-et-na-aucun-lien-avec-le-sisme-meurtrier-qui-a-frapp-le-maroc\/\" \/>\n<meta property=\"og:site_name\" content=\"EDMO Belux\" \/>\n<meta property=\"article:published_time\" content=\"2023-09-11T15:08:36+00:00\" \/>\n<meta property=\"article:modified_time\" content=\"2023-09-11T15:09:49+00:00\" \/>\n<meta property=\"og:image\" content=\"https:\/\/belux-edmo.s3-accelerate.amazonaws.com\/wp-content\/uploads\/2023\/09\/6de206e723128291334e14e167c4a248913f5a2b-ipad.jpg\" \/>\n\t<meta property=\"og:image:width\" content=\"1080\" \/>\n\t<meta property=\"og:image:height\" content=\"540\" \/>\n\t<meta property=\"og:image:type\" content=\"image\/jpeg\" \/>\n<meta name=\"author\" content=\"master\" \/>\n<meta name=\"twitter:card\" content=\"summary_large_image\" \/>\n<meta name=\"twitter:creator\" content=\"@Edmo_Belux\" \/>\n<meta name=\"twitter:site\" content=\"@Edmo_Belux\" \/>\n<meta name=\"twitter:label1\" content=\"\u00c9crit par\" \/>\n\t<meta name=\"twitter:data1\" content=\"master\" \/>\n\t<meta name=\"twitter:label2\" content=\"Dur\u00e9e de lecture estim\u00e9e\" \/>\n\t<meta name=\"twitter:data2\" content=\"3 minutes\" \/>\n<script type=\"application\/ld+json\" class=\"yoast-schema-graph\">{\"@context\":\"https:\/\/schema.org\",\"@graph\":[{\"@type\":\"Article\",\"@id\":\"https:\/\/belux.edmo.eu\/fr\/cette-vido-date-de-2022-et-na-aucun-lien-avec-le-sisme-meurtrier-qui-a-frapp-le-maroc\/#article\",\"isPartOf\":{\"@id\":\"https:\/\/belux.edmo.eu\/fr\/cette-vido-date-de-2022-et-na-aucun-lien-avec-le-sisme-meurtrier-qui-a-frapp-le-maroc\/\"},\"author\":{\"name\":\"master\",\"@id\":\"https:\/\/belux.edmo.eu\/#\/schema\/person\/dbe3b252258537fd318f9b5645a30342\"},\"headline\":\"Cette vid\u00e9o date de 2022 et n&rsquo;a aucun lien avec le s\u00e9isme meurtrier qui a frapp\u00e9 le Maroc\",\"datePublished\":\"2023-09-11T15:08:36+00:00\",\"dateModified\":\"2023-09-11T15:09:49+00:00\",\"mainEntityOfPage\":{\"@id\":\"https:\/\/belux.edmo.eu\/fr\/cette-vido-date-de-2022-et-na-aucun-lien-avec-le-sisme-meurtrier-qui-a-frapp-le-maroc\/\"},\"wordCount\":744,\"publisher\":{\"@id\":\"https:\/\/belux.edmo.eu\/#organization\"},\"image\":{\"@id\":\"https:\/\/belux.edmo.eu\/fr\/cette-vido-date-de-2022-et-na-aucun-lien-avec-le-sisme-meurtrier-qui-a-frapp-le-maroc\/#primaryimage\"},\"thumbnailUrl\":\"https:\/\/belux-edmo.s3-accelerate.amazonaws.com\/wp-content\/uploads\/2023\/09\/6de206e723128291334e14e167c4a248913f5a2b-ipad.jpg\",\"articleSection\":[\"Fact-Check\"],\"inLanguage\":\"fr-FR\"},{\"@type\":\"WebPage\",\"@id\":\"https:\/\/belux.edmo.eu\/fr\/cette-vido-date-de-2022-et-na-aucun-lien-avec-le-sisme-meurtrier-qui-a-frapp-le-maroc\/\",\"url\":\"https:\/\/belux.edmo.eu\/fr\/cette-vido-date-de-2022-et-na-aucun-lien-avec-le-sisme-meurtrier-qui-a-frapp-le-maroc\/\",\"name\":\"Cette vid\u00e9o date de 2022 et n'a aucun lien avec le s\u00e9isme meurtrier qui a frapp\u00e9 le Maroc - EDMO Belux\",\"isPartOf\":{\"@id\":\"https:\/\/belux.edmo.eu\/#website\"},\"primaryImageOfPage\":{\"@id\":\"https:\/\/belux.edmo.eu\/fr\/cette-vido-date-de-2022-et-na-aucun-lien-avec-le-sisme-meurtrier-qui-a-frapp-le-maroc\/#primaryimage\"},\"image\":{\"@id\":\"https:\/\/belux.edmo.eu\/fr\/cette-vido-date-de-2022-et-na-aucun-lien-avec-le-sisme-meurtrier-qui-a-frapp-le-maroc\/#primaryimage\"},\"thumbnailUrl\":\"https:\/\/belux-edmo.s3-accelerate.amazonaws.com\/wp-content\/uploads\/2023\/09\/6de206e723128291334e14e167c4a248913f5a2b-ipad.jpg\",\"datePublished\":\"2023-09-11T15:08:36+00:00\",\"dateModified\":\"2023-09-11T15:09:49+00:00\",\"breadcrumb\":{\"@id\":\"https:\/\/belux.edmo.eu\/fr\/cette-vido-date-de-2022-et-na-aucun-lien-avec-le-sisme-meurtrier-qui-a-frapp-le-maroc\/#breadcrumb\"},\"inLanguage\":\"fr-FR\",\"potentialAction\":[{\"@type\":\"ReadAction\",\"target\":[\"https:\/\/belux.edmo.eu\/fr\/cette-vido-date-de-2022-et-na-aucun-lien-avec-le-sisme-meurtrier-qui-a-frapp-le-maroc\/\"]}]},{\"@type\":\"ImageObject\",\"inLanguage\":\"fr-FR\",\"@id\":\"https:\/\/belux.edmo.eu\/fr\/cette-vido-date-de-2022-et-na-aucun-lien-avec-le-sisme-meurtrier-qui-a-frapp-le-maroc\/#primaryimage\",\"url\":\"https:\/\/belux-edmo.s3-accelerate.amazonaws.com\/wp-content\/uploads\/2023\/09\/6de206e723128291334e14e167c4a248913f5a2b-ipad.jpg\",\"contentUrl\":\"https:\/\/belux-edmo.s3-accelerate.amazonaws.com\/wp-content\/uploads\/2023\/09\/6de206e723128291334e14e167c4a248913f5a2b-ipad.jpg\",\"width\":1080,\"height\":540,\"caption\":\"Cette vid\u00e9o date de 2022 et n'a aucun lien avec le s\u00e9isme meurtrier qui a frapp\u00e9 le Maroc - Featured image\"},{\"@type\":\"BreadcrumbList\",\"@id\":\"https:\/\/belux.edmo.eu\/fr\/cette-vido-date-de-2022-et-na-aucun-lien-avec-le-sisme-meurtrier-qui-a-frapp-le-maroc\/#breadcrumb\",\"itemListElement\":[{\"@type\":\"ListItem\",\"position\":1,\"name\":\"Home\",\"item\":\"https:\/\/belux.edmo.eu\/fr\/\"},{\"@type\":\"ListItem\",\"position\":2,\"name\":\"Cette vid\u00e9o date de 2022 et n&#8217;a aucun lien avec le s\u00e9isme meurtrier qui a frapp\u00e9 le Maroc\"}]},{\"@type\":\"WebSite\",\"@id\":\"https:\/\/belux.edmo.eu\/#website\",\"url\":\"https:\/\/belux.edmo.eu\/\",\"name\":\"EDMO Belux\",\"description\":\"Monitoring Disinformation in Belgium and Luxembourg\",\"publisher\":{\"@id\":\"https:\/\/belux.edmo.eu\/#organization\"},\"potentialAction\":[{\"@type\":\"SearchAction\",\"target\":{\"@type\":\"EntryPoint\",\"urlTemplate\":\"https:\/\/belux.edmo.eu\/?s={search_term_string}\"},\"query-input\":{\"@type\":\"PropertyValueSpecification\",\"valueRequired\":true,\"valueName\":\"search_term_string\"}}],\"inLanguage\":\"fr-FR\"},{\"@type\":\"Organization\",\"@id\":\"https:\/\/belux.edmo.eu\/#organization\",\"name\":\"EDMO Belux\",\"url\":\"https:\/\/belux.edmo.eu\/\",\"logo\":{\"@type\":\"ImageObject\",\"inLanguage\":\"fr-FR\",\"@id\":\"https:\/\/belux.edmo.eu\/#\/schema\/logo\/image\/\",\"url\":\"https:\/\/belux.edmo.eu\/wp-content\/uploads\/2021\/12\/belux-logo-full-color-rgb.svg\",\"contentUrl\":\"https:\/\/belux.edmo.eu\/wp-content\/uploads\/2021\/12\/belux-logo-full-color-rgb.svg\",\"width\":1,\"height\":1,\"caption\":\"EDMO Belux\"},\"image\":{\"@id\":\"https:\/\/belux.edmo.eu\/#\/schema\/logo\/image\/\"},\"sameAs\":[\"https:\/\/x.com\/Edmo_Belux\"]},{\"@type\":\"Person\",\"@id\":\"https:\/\/belux.edmo.eu\/#\/schema\/person\/dbe3b252258537fd318f9b5645a30342\",\"name\":\"master\",\"sameAs\":[\"https:\/\/belux.wpengine.com\"],\"url\":\"https:\/\/belux.edmo.eu\/fr\/author\/master\/\"}]}<\/script>\n<!-- \/ Yoast SEO plugin. -->","yoast_head_json":{"title":"Cette vid\u00e9o date de 2022 et n'a aucun lien avec le s\u00e9isme meurtrier qui a frapp\u00e9 le Maroc - EDMO Belux","robots":{"index":"index","follow":"follow","max-snippet":"max-snippet:-1","max-image-preview":"max-image-preview:large","max-video-preview":"max-video-preview:-1"},"canonical":"https:\/\/belux.edmo.eu\/fr\/cette-vido-date-de-2022-et-na-aucun-lien-avec-le-sisme-meurtrier-qui-a-frapp-le-maroc\/","og_locale":"fr_FR","og_type":"article","og_title":"Cette vid\u00e9o date de 2022 et n'a aucun lien avec le s\u00e9isme meurtrier qui a frapp\u00e9 le Maroc - EDMO Belux","og_description":"Sur ces images amateurs tourn\u00e9es de nuit, un immeuble d'habitation s'effondre, formant dans sa chute un \u00e9pais nuage de poussi\u00e8re.\u00a0","og_url":"https:\/\/belux.edmo.eu\/fr\/cette-vido-date-de-2022-et-na-aucun-lien-avec-le-sisme-meurtrier-qui-a-frapp-le-maroc\/","og_site_name":"EDMO Belux","article_published_time":"2023-09-11T15:08:36+00:00","article_modified_time":"2023-09-11T15:09:49+00:00","og_image":[{"width":1080,"height":540,"url":"https:\/\/belux-edmo.s3-accelerate.amazonaws.com\/wp-content\/uploads\/2023\/09\/6de206e723128291334e14e167c4a248913f5a2b-ipad.jpg","type":"image\/jpeg"}],"author":"master","twitter_card":"summary_large_image","twitter_creator":"@Edmo_Belux","twitter_site":"@Edmo_Belux","twitter_misc":{"\u00c9crit par":"master","Dur\u00e9e de lecture estim\u00e9e":"3 minutes"},"schema":{"@context":"https:\/\/schema.org","@graph":[{"@type":"Article","@id":"https:\/\/belux.edmo.eu\/fr\/cette-vido-date-de-2022-et-na-aucun-lien-avec-le-sisme-meurtrier-qui-a-frapp-le-maroc\/#article","isPartOf":{"@id":"https:\/\/belux.edmo.eu\/fr\/cette-vido-date-de-2022-et-na-aucun-lien-avec-le-sisme-meurtrier-qui-a-frapp-le-maroc\/"},"author":{"name":"master","@id":"https:\/\/belux.edmo.eu\/#\/schema\/person\/dbe3b252258537fd318f9b5645a30342"},"headline":"Cette vid\u00e9o date de 2022 et n&rsquo;a aucun lien avec le s\u00e9isme meurtrier qui a frapp\u00e9 le Maroc","datePublished":"2023-09-11T15:08:36+00:00","dateModified":"2023-09-11T15:09:49+00:00","mainEntityOfPage":{"@id":"https:\/\/belux.edmo.eu\/fr\/cette-vido-date-de-2022-et-na-aucun-lien-avec-le-sisme-meurtrier-qui-a-frapp-le-maroc\/"},"wordCount":744,"publisher":{"@id":"https:\/\/belux.edmo.eu\/#organization"},"image":{"@id":"https:\/\/belux.edmo.eu\/fr\/cette-vido-date-de-2022-et-na-aucun-lien-avec-le-sisme-meurtrier-qui-a-frapp-le-maroc\/#primaryimage"},"thumbnailUrl":"https:\/\/belux-edmo.s3-accelerate.amazonaws.com\/wp-content\/uploads\/2023\/09\/6de206e723128291334e14e167c4a248913f5a2b-ipad.jpg","articleSection":["Fact-Check"],"inLanguage":"fr-FR"},{"@type":"WebPage","@id":"https:\/\/belux.edmo.eu\/fr\/cette-vido-date-de-2022-et-na-aucun-lien-avec-le-sisme-meurtrier-qui-a-frapp-le-maroc\/","url":"https:\/\/belux.edmo.eu\/fr\/cette-vido-date-de-2022-et-na-aucun-lien-avec-le-sisme-meurtrier-qui-a-frapp-le-maroc\/","name":"Cette vid\u00e9o date de 2022 et n'a aucun lien avec le s\u00e9isme meurtrier qui a frapp\u00e9 le Maroc - EDMO Belux","isPartOf":{"@id":"https:\/\/belux.edmo.eu\/#website"},"primaryImageOfPage":{"@id":"https:\/\/belux.edmo.eu\/fr\/cette-vido-date-de-2022-et-na-aucun-lien-avec-le-sisme-meurtrier-qui-a-frapp-le-maroc\/#primaryimage"},"image":{"@id":"https:\/\/belux.edmo.eu\/fr\/cette-vido-date-de-2022-et-na-aucun-lien-avec-le-sisme-meurtrier-qui-a-frapp-le-maroc\/#primaryimage"},"thumbnailUrl":"https:\/\/belux-edmo.s3-accelerate.amazonaws.com\/wp-content\/uploads\/2023\/09\/6de206e723128291334e14e167c4a248913f5a2b-ipad.jpg","datePublished":"2023-09-11T15:08:36+00:00","dateModified":"2023-09-11T15:09:49+00:00","breadcrumb":{"@id":"https:\/\/belux.edmo.eu\/fr\/cette-vido-date-de-2022-et-na-aucun-lien-avec-le-sisme-meurtrier-qui-a-frapp-le-maroc\/#breadcrumb"},"inLanguage":"fr-FR","potentialAction":[{"@type":"ReadAction","target":["https:\/\/belux.edmo.eu\/fr\/cette-vido-date-de-2022-et-na-aucun-lien-avec-le-sisme-meurtrier-qui-a-frapp-le-maroc\/"]}]},{"@type":"ImageObject","inLanguage":"fr-FR","@id":"https:\/\/belux.edmo.eu\/fr\/cette-vido-date-de-2022-et-na-aucun-lien-avec-le-sisme-meurtrier-qui-a-frapp-le-maroc\/#primaryimage","url":"https:\/\/belux-edmo.s3-accelerate.amazonaws.com\/wp-content\/uploads\/2023\/09\/6de206e723128291334e14e167c4a248913f5a2b-ipad.jpg","contentUrl":"https:\/\/belux-edmo.s3-accelerate.amazonaws.com\/wp-content\/uploads\/2023\/09\/6de206e723128291334e14e167c4a248913f5a2b-ipad.jpg","width":1080,"height":540,"caption":"Cette vid\u00e9o date de 2022 et n'a aucun lien avec le s\u00e9isme meurtrier qui a frapp\u00e9 le Maroc - Featured image"},{"@type":"BreadcrumbList","@id":"https:\/\/belux.edmo.eu\/fr\/cette-vido-date-de-2022-et-na-aucun-lien-avec-le-sisme-meurtrier-qui-a-frapp-le-maroc\/#breadcrumb","itemListElement":[{"@type":"ListItem","position":1,"name":"Home","item":"https:\/\/belux.edmo.eu\/fr\/"},{"@type":"ListItem","position":2,"name":"Cette vid\u00e9o date de 2022 et n&#8217;a aucun lien avec le s\u00e9isme meurtrier qui a frapp\u00e9 le Maroc"}]},{"@type":"WebSite","@id":"https:\/\/belux.edmo.eu\/#website","url":"https:\/\/belux.edmo.eu\/","name":"EDMO Belux","description":"Monitoring Disinformation in Belgium and Luxembourg","publisher":{"@id":"https:\/\/belux.edmo.eu\/#organization"},"potentialAction":[{"@type":"SearchAction","target":{"@type":"EntryPoint","urlTemplate":"https:\/\/belux.edmo.eu\/?s={search_term_string}"},"query-input":{"@type":"PropertyValueSpecification","valueRequired":true,"valueName":"search_term_string"}}],"inLanguage":"fr-FR"},{"@type":"Organization","@id":"https:\/\/belux.edmo.eu\/#organization","name":"EDMO Belux","url":"https:\/\/belux.edmo.eu\/","logo":{"@type":"ImageObject","inLanguage":"fr-FR","@id":"https:\/\/belux.edmo.eu\/#\/schema\/logo\/image\/","url":"https:\/\/belux.edmo.eu\/wp-content\/uploads\/2021\/12\/belux-logo-full-color-rgb.svg","contentUrl":"https:\/\/belux.edmo.eu\/wp-content\/uploads\/2021\/12\/belux-logo-full-color-rgb.svg","width":1,"height":1,"caption":"EDMO Belux"},"image":{"@id":"https:\/\/belux.edmo.eu\/#\/schema\/logo\/image\/"},"sameAs":["https:\/\/x.com\/Edmo_Belux"]},{"@type":"Person","@id":"https:\/\/belux.edmo.eu\/#\/schema\/person\/dbe3b252258537fd318f9b5645a30342","name":"master","sameAs":["https:\/\/belux.wpengine.com"],"url":"https:\/\/belux.edmo.eu\/fr\/author\/master\/"}]}},"menu_order":0,"_links":{"self":[{"href":"https:\/\/belux.edmo.eu\/fr\/wp-json\/wp\/v2\/posts\/285778","targetHints":{"allow":["GET"]}}],"collection":[{"href":"https:\/\/belux.edmo.eu\/fr\/wp-json\/wp\/v2\/posts"}],"about":[{"href":"https:\/\/belux.edmo.eu\/fr\/wp-json\/wp\/v2\/types\/post"}],"author":[{"embeddable":true,"href":"https:\/\/belux.edmo.eu\/fr\/wp-json\/wp\/v2\/users\/1"}],"replies":[{"embeddable":true,"href":"https:\/\/belux.edmo.eu\/fr\/wp-json\/wp\/v2\/comments?post=285778"}],"version-history":[{"count":0,"href":"https:\/\/belux.edmo.eu\/fr\/wp-json\/wp\/v2\/posts\/285778\/revisions"}],"wp:featuredmedia":[{"embeddable":true,"href":"https:\/\/belux.edmo.eu\/fr\/wp-json\/wp\/v2\/media\/285758"}],"wp:attachment":[{"href":"https:\/\/belux.edmo.eu\/fr\/wp-json\/wp\/v2\/media?parent=285778"}],"wp:term":[{"taxonomy":"category","embeddable":true,"href":"https:\/\/belux.edmo.eu\/fr\/wp-json\/wp\/v2\/categories?post=285778"},{"taxonomy":"post_tag","embeddable":true,"href":"https:\/\/belux.edmo.eu\/fr\/wp-json\/wp\/v2\/tags?post=285778"}],"curies":[{"name":"wp","href":"https:\/\/api.w.org\/{rel}","templated":true}]}}