{"id":289811,"date":"2023-10-04T07:00:12","date_gmt":"2023-10-04T07:00:12","guid":{"rendered":"https:\/\/belux.edmo.eu\/?p=289811"},"modified":"2023-10-04T08:28:08","modified_gmt":"2023-10-04T08:28:08","slug":"une-vido-dusa-today-propos-dun-scandale-dans-un-bar-new-yorkais-dclench-par-lentourage-de-zelensky-cest-faux","status":"publish","type":"post","link":"https:\/\/belux.edmo.eu\/fr\/une-vido-dusa-today-propos-dun-scandale-dans-un-bar-new-yorkais-dclench-par-lentourage-de-zelensky-cest-faux\/","title":{"rendered":"Une vid\u00e9o d&rsquo;USA Today \u00e0 propos d&rsquo;un \u00ab\u00a0scandale\u00a0\u00bb dans un bar new-yorkais d\u00e9clench\u00e9 par l&rsquo;entourage de Zelensky ? C&rsquo;est faux"},"content":{"rendered":"<p><b>Les chartes graphiques, logos et sites de m\u00e9dias occidentaux sont r\u00e9guli\u00e8rement instrumentalis\u00e9s dans le but de diffuser des messages anti-ukrainiens. R\u00e9cemment, une vid\u00e9o sur laquelle a \u00e9t\u00e9 appos\u00e9 un logo du m\u00e9dia USA Today, pr\u00e9tendant montrer un <em>\u00ab\u00a0scandale\u00a0\u00bb<\/em> caus\u00e9 par un membre de l&rsquo;entourage de Volodymyr Zelensky dans un <em>\u00ab\u00a0bar am\u00e9ricain\u00a0\u00bb<\/em> en marge de la r\u00e9cente visite du pr\u00e9sident ukrainien \u00e0 New York, a largement \u00e9t\u00e9 relay\u00e9e sur les r\u00e9seaux sociaux. Mais USA Today a d\u00e9menti\u00a0aupr\u00e8s de l&rsquo;AFP\u00a0avoir publi\u00e9 une telle vid\u00e9o. La police new-yorkaise et le bar dans lequel aurait eu lieu cette bagarre ont \u00e9galement confirm\u00e9 qu&rsquo;aucun incident en lien avec le pr\u00e9sident ukrainien n&rsquo;avaient \u00e9t\u00e9 rapport\u00e9s pendant la visite de ce dernier en septembre 2023.\u00a0<\/b><\/p>\n<p>\u00ab\u00a0<em>La tourn\u00e9e de Zelensky aux \u00c9tats-Unis s&rsquo;est termin\u00e9e par un scandale. Un membre de ses services de s\u00e9curit\u00e9 s&rsquo;est saoul\u00e9, a commenc\u00e9 \u00e0 exiger que les Am\u00e9ricains crient &lsquo;Gloire \u00e0 l&rsquo;Ukraine&rsquo; dans le bar et a commenc\u00e9 \u00e0 se battre. En cons\u00e9quence, il a \u00e9t\u00e9 battu par une foule d&rsquo;Am\u00e9ricains ordinaires<\/em>\u00ab\u00a0, pr\u00e9tend <a href=\"https:\/\/web.archive.org\/web\/20231003130258\/https:\/\/twitter.com\/BPartisans\/status\/1705961315225768207\" target=\"_blank\" rel=\"noopener\" shape=\"rect\">un post<\/a> sur X (ex-Twitter), partag\u00e9 plus de 1.000 fois depuis le 24 septembre.<\/p>\n<div class=\"g2image\">\n<figure><img src=\"https:\/\/belux-edmo.s3-accelerate.amazonaws.com\/wp-content\/uploads\/2023\/10\/b355fc32c67590251747fac894eab34c3eda515d-ipad.jpg\" \/><figcaption>Capture d&rsquo;\u00e9cran de la vid\u00e9o trompeuse prise sur X (ex-Twitter), le 03\/01\/2023<\/figcaption><\/figure>\n<\/div>\n<p>Des publications similaires ont circul\u00e9 sur <a href=\"https:\/\/perma.cc\/MM2Y-WJRC\" target=\"_blank\" rel=\"noopener\" shape=\"rect\">Facebook<\/a>, et ont aussi \u00e9t\u00e9 relay\u00e9es <a href=\"https:\/\/factcheck.afp.com\/doc.afp.com.33X99PW\" target=\"_blank\" rel=\"noopener\" shape=\"rect\">en anglais<\/a>, notamment par l&rsquo;ambassade de Russie en Afrique du Sud, ainsi qu&rsquo;en <a href=\"https:\/\/factual.afp.com\/doc.afp.com.33X43AF\" target=\"_blank\" rel=\"noopener\" shape=\"rect\">espagnol<\/a>, sur X.<\/p>\n<p>Volodymyr Zelensky s&rsquo;est rendu aux Etats-Unis \u00e0 partir du 18 septembre, d&rsquo;abord \u00e0 New York o\u00f9 il a particip\u00e9 \u00e0 la 78\u00e8me assembl\u00e9e g\u00e9n\u00e9rale des Nations Unies &#8211; et <a href=\"https:\/\/fr.euronews.com\/2023\/09\/20\/apres-un-premier-discours-volodymyr-zelensky-au-conseil-de-securite-de-lonu\" target=\"_blank\" rel=\"noopener\" shape=\"rect\">accus\u00e9<\/a> la Russie de commettre un \u00ab\u00a0<em>g\u00e9nocide<\/em>\u00a0\u00bb en Ukraine (<a href=\"https:\/\/perma.cc\/24J9-BLSP\" target=\"_blank\" rel=\"noopener\" shape=\"rect\">lien archiv\u00e9<\/a>). Puis, il s&rsquo;est rendu \u00e0 Washington o\u00f9 il s&rsquo;est notamment exprim\u00e9 devant le <a href=\"https:\/\/www.youtube.com\/watch?v=VakrpNTjknI\" target=\"_blank\" rel=\"noopener\" shape=\"rect\">Congr\u00e8s<\/a> (<a href=\"https:\/\/perma.cc\/2K8B-VHXQ\" target=\"_blank\" rel=\"noopener\" shape=\"rect\">lien archiv\u00e9<\/a>), pour tenter de s&rsquo;assurer de la poursuite du soutien am\u00e9ricain \u00e0 l&rsquo;Ukraine.<\/p>\n<p>Mais la vid\u00e9o que nous examinons n&rsquo;a pas \u00e9t\u00e9 publi\u00e9e par USA Today, a indiqu\u00e9 le m\u00e9dia. Et un tel incident n&rsquo;a pas \u00e9t\u00e9 rapport\u00e9, ont assur\u00e9 \u00e0 l&rsquo;AFP les forces de l&rsquo;ordre de New York, ainsi que le bar dans lequel il serait cens\u00e9 s&rsquo;\u00eatre d\u00e9roul\u00e9.<\/p>\n<p>Caricaturer, diaboliser et ridiculiser le pr\u00e9sident Zelensky sont devenus ces derniers mois des tendances r\u00e9currentes dans la guerre informationnelle qui accompagne l&rsquo;invasion russe de l&rsquo;Ukraine depuis f\u00e9vrier 2022, tr\u00e8s souvent au travers de l&rsquo;imitation de m\u00e9dias. Le but est de le d\u00e9cr\u00e9dibiliser et d&rsquo;accr\u00e9diter l&rsquo;id\u00e9e que le soutien des pays occidentaux faiblit dans l&rsquo;opinion publique.<\/p>\n<p>On peut voir des exemples de cette strat\u00e9gie au travers de <a href=\"https:\/\/factuel.afp.com\/doc.afp.com.33VY4CU\" target=\"_blank\" rel=\"noopener\" shape=\"rect\">pr\u00e9tendus<\/a>\u00a0<a href=\"https:\/\/factuel.afp.com\/doc.afp.com.33VA8T9\" target=\"_blank\" rel=\"noopener\" shape=\"rect\">graffitis<\/a> ou <a href=\"https:\/\/factuel.afp.com\/doc.afp.com.33WJ2G3\" target=\"_blank\" rel=\"noopener\" shape=\"rect\">publicit\u00e9s <\/a><a href=\"https:\/\/factuel.afp.com\/doc.afp.com.33U447C\" target=\"_blank\" rel=\"noopener\" shape=\"rect\">anti-Zelensky .\u00a0<\/a><\/p>\n<p><b>Pas d&rsquo;incident au Campbell bar<\/b><\/p>\n<p>La vid\u00e9o d&rsquo;une minute et trois secondes alterne entre des images d&rsquo;archives du pr\u00e9sident ukrainien, du si\u00e8ge des Nations Unies \u00e0 New York, de l&rsquo;int\u00e9rieur d&rsquo;un bar et ce qui semble \u00eatre une bagarre de nuit dans une rue.<\/p>\n<p>Les sous-titres de la vid\u00e9o pr\u00e9tendent que cet incident se serait d\u00e9roul\u00e9 au \u00ab\u00a0<a href=\"https:\/\/www.thecampbellnyc.com\/about\/\" target=\"_blank\" rel=\"noopener\" shape=\"rect\">Campbell bar<\/a>\u00a0\u00bb (<a href=\"https:\/\/perma.cc\/B65R-8VKV\" target=\"_blank\" rel=\"noopener\" shape=\"rect\">lien archiv\u00e9<\/a>), au coeur de Manhattan, situ\u00e9 dans la c\u00e9l\u00e8bre gare Grand Central.<\/p>\n<p>Liv Meyers, \u00e0 la t\u00eate\u00a0 de cet \u00e9tablissement, a n\u00e9anmoins expliqu\u00e9 \u00e0 l&rsquo;AFP le 27 septembre que la vid\u00e9o est \u00ab\u00a0<em>mensong\u00e8re<\/em>\u00ab\u00a0, et qu'\u00a0\u00bb<em>aucun incident de ce type ne s&rsquo;est produit \u00e0 l&rsquo;int\u00e9rieur ou \u00e0 proximit\u00e9 du Campbell<\/em>\u00ab\u00a0.<\/p>\n<p>Ce bar est situ\u00e9 au 15 Vanderbilt Ave, <a href=\"https:\/\/www.google.com\/maps\/dir\/Organisation+des+Nations+unies,+East+45th+Street,+New+York,+%C3%89tat+de+New+York,+%C3%89tats-Unis\/15+Vanderbilt+Ave,+New+York,+NY+10017,+%C3%89tats-Unis\/@40.7509207,-73.9754445,17z\/data=!3m2!4b1!5s0x89c2590220b4c1bf:0x7edf0a3a9c152ffc!4m14!4m13!1m5!1m1!1s0x89c2591ce0874d11:0xc5fae28bdd3df635!2m2!1d-73.9679241!2d40.7493281!1m5!1m1!1s0x89c2590189300cbd:0xb94e6b9642523640!2m2!1d-73.977815!2d40.752606!3e2?entry=ttu\" target=\"_blank\" rel=\"noopener\" shape=\"rect\">non loin du si\u00e8ge de l&rsquo;ONU<\/a>. Mais les images disponibles sur Google Maps de <a href=\"https:\/\/www.google.com\/maps\/@40.7528598,-73.9779638,3a,75y,49.27h,79.79t\/data=!3m6!1e1!3m4!1sfzkXnFVaZFnXTrNpUY0AXQ!2e0!7i16384!8i8192?entry=ttu\" target=\"_blank\" rel=\"noopener\" shape=\"rect\">sa devanture<\/a>\u00a0ne semblent pas correspondre aux images de l&rsquo;incident montr\u00e9es dans la vid\u00e9o qui a circul\u00e9 sur les r\u00e9seaux sociaux.<\/p>\n<p>Dans cette derni\u00e8re, on peut apercevoir plusieurs devantures de magasins avec des enseignes, dont celle d&rsquo;un magasin de v\u00eatements appel\u00e9 \u00ab\u00a0<em>SoHo Boutique<\/em>\u00a0\u00bb (autour de 30 secondes).<\/p>\n<p>En cherchant ces mots sur Google avec le mot \u00ab\u00a0<em>New York<\/em>\u00ab\u00a0, on peut retrouver la boutique, et le lieu qui semble correspondre \u00e0 celui de la vid\u00e9o.<\/p>\n<p>Ce dernier se situe dans un <a href=\"https:\/\/www.google.com\/maps\/@40.6078489,-73.9611841,3a,90y,307.53h,86.62t\/data=!3m7!1e1!3m5!1sJHdIgtTNSRJ2uXUx1mHvbw!2e0!6shttps:%2F%2Fstreetviewpixels-pa.googleapis.com%2Fv1%2Fthumbnail%3Fpanoid%3DJHdIgtTNSRJ2uXUx1mHvbw%26cb_client%3Dsearch.gws-prod.gps%26w%3D86%26h%3D86%26yaw%3D329.23828%26pitch%3D0%26thumbfov%3D100!7i16384!8i8192?entry=ttu\" target=\"_blank\" rel=\"noopener\" shape=\"rect\">autre quartier<\/a> de New York, aux alentours de la Quentin Road, \u00e0 Brooklyn, \u00e0 une vingtaine de kilom\u00e8tres du Campbell bar.<\/p>\n<p>D&rsquo;autres \u00e9l\u00e9ments, dont une enseigne de la <a href=\"https:\/\/nyscas.touro.edu\/\" target=\"_blank\" rel=\"noopener\" shape=\"rect\">New York School of Career and Applied Studies<\/a> (<a href=\"https:\/\/perma.cc\/9GJ8-GAU8\" target=\"_blank\" rel=\"noopener\" shape=\"rect\">NYSCAS<\/a>) visible un peu plus loin dans la vid\u00e9o, permettent de confirmer que les images ont \u00e9t\u00e9 tourn\u00e9es \u00e0 cet endroit \u00e0 Brooklyn.<\/p>\n<div class=\"grid-with-margin\">\n<div class=\"e-afp-col-layout\">\n<div class=\"g2image\">\n<figure><img src=\"https:\/\/belux-edmo.s3-accelerate.amazonaws.com\/wp-content\/uploads\/2023\/10\/7065d51483f8492000ee4af72d5881729f80c5db-ipad.jpg\" \/><figcaption>Capture d&rsquo;\u00e9cran de la vid\u00e9o trompeuse prise sur X (ex-Twitter), le 03\/01\/2023<\/figcaption><\/figure>\n<\/div>\n<\/div>\n<div class=\"e-afp-col-layout\">\n<div class=\"g2image\">\n<figure><img src=\"https:\/\/belux-edmo.s3-accelerate.amazonaws.com\/wp-content\/uploads\/2023\/10\/0fba36c13a30d18d63f4ce34e41b1ee07f8e558e-ipad.jpg\" \/><figcaption>Capture d&rsquo;\u00e9cran prise sur Google maps, le 03\/01\/2023<\/figcaption><\/figure>\n<\/div>\n<\/div>\n<\/div>\n<p>L&rsquo;AFP n&rsquo;a pas pu retrouver de r\u00e9centes mentions d&rsquo;une bagarre \u00e0 cette endroit, et la police de New York (NYPD) n&rsquo;a pas \u00e9t\u00e9 en mesure de donner d&rsquo;informations sur une telle altercation.<\/p>\n<p>Un porte-parole de la NYPD a toutefois indiqu\u00e9 \u00e0 l&rsquo;AFP le 27 septembre qu&rsquo;il n&rsquo;y avait eu \u00ab\u00a0<em>aucun rapport de police<\/em>\u00a0\u00bb au sujet d&rsquo;un incident qui aurait impliqu\u00e9 le garde du corps ou un membre de l&rsquo;entourage de Volodymyr Zelensky pendant sa visite dans la ville.<\/p>\n<p>Notre recherche dans les actualit\u00e9s sur le <a href=\"https:\/\/www.nyc.gov\/site\/nypd\/stats\/reports-analysis\/reports-landing.page\" target=\"_blank\" rel=\"noopener\" shape=\"rect\">site<\/a> (<a href=\"https:\/\/perma.cc\/GQX9-UXE6\" target=\"_blank\" rel=\"noopener\" shape=\"rect\">lien archiv\u00e9<\/a>) de la police new-yorkaise sur ce sujet n&rsquo;a donn\u00e9 aucun r\u00e9sultat.<\/p>\n<p>D&rsquo;autres \u00e9quipes de v\u00e9rification de m\u00e9dias fran\u00e7ais dont les <a href=\"https:\/\/observers.france24.com\/fr\/am%C3%A9riques\/20230928-une-bagarre-d%C3%A9clench%C3%A9e-par-la-d%C3%A9l%C3%A9gation-ukrainienne-aux-%C3%A9tats-unis-ce-reportage-est-un-faux\" target=\"_blank\" rel=\"noopener\" shape=\"rect\">Observateurs<\/a> de France 24 (<a href=\"https:\/\/perma.cc\/N73D-XKXX\" target=\"_blank\" rel=\"noopener\" shape=\"rect\">lien archiv\u00e9<\/a>) et les <a href=\"https:\/\/www.tf1info.fr\/international\/etats-unis-des-membres-de-la-securite-de-volodymyr-zelensky-ont-ils-provoque-une-bagarre-dans-un-bar-a-new-york-2271391.html\" target=\"_blank\" rel=\"noopener\" shape=\"rect\">V\u00e9rificateurs<\/a> de TF1 (<a href=\"https:\/\/perma.cc\/835M-SKLD\" target=\"_blank\" rel=\"noopener\" shape=\"rect\">lien archiv\u00e9<\/a>) \u00e9taient aussi parvenus \u00e0 la conclusion que ces images ont \u00e9t\u00e9 d\u00e9contextualis\u00e9es.<\/p>\n<p><b>Pas un reportage d&rsquo;USA Today<\/b><\/p>\n<p>Le logo d&rsquo;USA Today figure en haut \u00e0 droite de toutes les images de cette vid\u00e9o. Mais le m\u00e9dia am\u00e9ricain a indiqu\u00e9 <a href=\"https:\/\/eu.usatoday.com\/story\/news\/politics\/elections\/2023\/09\/25\/usa-today-didnt-report-zelenskyy-security-guard-brawl-fact-check\/70962920007\/\" target=\"_blank\" rel=\"noopener\" shape=\"rect\">sur son site<\/a> (<a href=\"https:\/\/perma.cc\/6QVP-TWKD\" target=\"_blank\" rel=\"noopener\" shape=\"rect\">lien archiv\u00e9<\/a>) ne jamais les avoir publi\u00e9es.<\/p>\n<p>\u00ab\u00a0<em>La vid\u00e9o circulant sur X utilisant le logo et la charte graphique d&rsquo;USA Today est un faux<\/em>\u00ab\u00a0, a confirm\u00e9 un porte-parole du m\u00e9dia \u00e0 l&rsquo;AFP le 28 septembre, ajoutant que le m\u00e9dia a d\u00e9pos\u00e9 \u00ab\u00a0<em>un signalement pour fausse information sur la plateforme pour faire cesser imm\u00e9diatement la diffusion de d\u00e9sinformation<\/em>\u00ab\u00a0.<\/p>\n<p>En outre, de l\u00e9g\u00e8res diff\u00e9rences de police de caract\u00e8res peuvent \u00eatre remarqu\u00e9es entre les vid\u00e9os habituellement publi\u00e9es par le m\u00e9dia et la vid\u00e9o sur la pr\u00e9tendue bagarre impliquant un membre de l&rsquo;entourage de Volodymyr Zelensky : les lettres \u00ab\u00a0i,\u00a0\u00bb \u00ab\u00a0g\u00a0\u00bb and \u00ab\u00a0f\u00a0\u00bb sont l\u00e9g\u00e8rement diff\u00e9rentes.<\/p>\n<div class=\"g2image\">\n<figure><img src=\"https:\/\/belux-edmo.s3-accelerate.amazonaws.com\/wp-content\/uploads\/2023\/10\/SRz5g44Z-16f8e1cf91bb17e13017c2083719e9f14f2d3fb0-ipad.jpg\" \/><figcaption>Comparaison entre des captures d&rsquo;\u00e9cran de la vid\u00e9o trompeuse sur X et d&rsquo;une s\u00e9quence d&rsquo;USA Today, prises le 28 septembre 2023<\/figcaption><\/figure>\n<\/div>\n<p><b>Op\u00e9rations de d\u00e9sinformation<\/b><\/p>\n<p>Cette fausse vid\u00e9o attribu\u00e9e \u00e0 USA Today n&rsquo;est pas un cas isol\u00e9.<\/p>\n<p>En juin 2023, la France a accus\u00e9 la Russie de mener une vaste op\u00e9ration d&rsquo;interf\u00e9rence num\u00e9rique en publiant de faux articles de grands quotidiens fran\u00e7ais \u00e0 la tonalit\u00e9 hostile \u00e0 l&rsquo;Ukraine, comme l&rsquo;avait <a href=\"https:\/\/www.paris-normandie.fr\/id422835\/article\/2023-06-13\/paris-denonce-une-vaste-campagne-de-desinformation-russe-visant-notamment-de\" target=\"_blank\" rel=\"noopener\" shape=\"rect\">rapport\u00e9<\/a> l&rsquo;AFP (<a href=\"https:\/\/web.archive.org\/web\/20230913093631\/https:\/\/www.paris-normandie.fr\/id422835\/article\/2023-06-13\/paris-denonce-une-vaste-campagne-de-desinformation-russe-visant-notamment-de\" target=\"_blank\" rel=\"noopener\" shape=\"rect\">lien archiv\u00e9<\/a>).<\/p>\n<p>Au moins quatre quotidiens fran\u00e7ais, Le Parisien, Le Figaro, Le Monde et 20 Minutes ont \u00e9t\u00e9 victimes de l\u2019op\u00e9ration, mais d\u2019autres grands m\u00e9dias \u00e9trangers ont \u00e9galement \u00e9t\u00e9 vis\u00e9s, notamment en Allemagne (FAZ, Der Spiegel, Bild, Die Welt&#8230;).<\/p>\n<p>En 2022, une op\u00e9ration similaire avait \u00e9galement \u00e9t\u00e9 <a href=\"https:\/\/www.disinfo.eu\/doppelganger\/\" target=\"_blank\" rel=\"noopener\" shape=\"rect\">document\u00e9e<\/a> par l&rsquo;organisation europ\u00e9enne d&rsquo;analyse de la d\u00e9sinformation en ligne <a href=\"https:\/\/archive.ph\/zvzm4\" target=\"_blank\" rel=\"noopener\" shape=\"rect\">EU Disinfo Lab<\/a> (<a href=\"https:\/\/perma.cc\/B8ND-X3RW\" target=\"_blank\" rel=\"noopener\" shape=\"rect\">lien archiv\u00e9<\/a>) et par Meta, maison-m\u00e8re de Facebook, qui a <a href=\"https:\/\/about.fb.com\/wp-content\/uploads\/2022\/09\/CIB-Report_-China-Russia_Sept-2022-1.pdf#%5B%7B%22num%22%3A140%2C%22gen%22%3A0%7D%2C%7B%22name%22%3A%22XYZ%22%7D%2C46.5%2C738%2Cnull%5Dhttps:\/\/about.fb.com\/wp-content\/uploads\/2022\/09\/CIB-Report_-China-Russia_Sept-2022-1.pdf#%5B%7B%22num%22%3A140%2C%22gen%22%3A0%7D%2C%7B%22name%22%3A%22XYZ%22%7D%2C46.5%2C738%2Cnull%5D\" target=\"_blank\" rel=\"noopener\" shape=\"rect\">annonc\u00e9<\/a> (<a href=\"https:\/\/perma.cc\/DPY5-LUPV\" target=\"_blank\" rel=\"noopener\" shape=\"rect\">lien archiv\u00e9<\/a>) la suppression d&rsquo;un<em>\u00a0<\/em>\u00ab\u00a0<em>r\u00e9seau tentaculaire<\/em>\u00ab\u00a0, usurpant l&rsquo;identit\u00e9 de vrais m\u00e9dias pour diffuser des messages prorusses.<\/p>\n<p>Les articles sont apparus sur des sites qui ressemblaient \u00e0 ceux des m\u00e9dias grand public authentiques, avec un nom de domaine similaire. Des publicit\u00e9s payantes ou de faux comptes diffusent ensuite les articles, notamment sur Facebook, Instagram, Telegram et Twitter, comme racont\u00e9 dans <a href=\"https:\/\/factuel.afp.com\/doc.afp.com.33J829J\" target=\"_blank\" rel=\"noopener\" shape=\"rect\">ce pr\u00e9c\u00e9dent article<\/a> d&rsquo;AFP Factuel.<\/p>\n<p>Les diff\u00e9rentes \u00e9quipes de l&rsquo;AFP dans le monde ont d\u00e9j\u00e0 v\u00e9rifi\u00e9 d&rsquo;autres fausses informations ciblant par exemple <a href=\"https:\/\/cinjenice.afp.com\/doc.afp.com.32NR33L\" target=\"_blank\" rel=\"noopener\" shape=\"rect\">Euronews<\/a>\u00a0et\u00a0<a href=\"https:\/\/cinjenice.afp.com\/doc.afp.com.32W26EE\" target=\"_blank\" rel=\"noopener\" shape=\"rect\">Al-Jazeera<\/a>.<\/p>\n<p>R\u00e9cemment, l&rsquo;\u00e9quipe de v\u00e9rification de l&rsquo;AFP en Pologne a <a href=\"https:\/\/sprawdzam.afp.com\/doc.afp.com.33UY28N\" target=\"_blank\" rel=\"noopener\" shape=\"rect\">d\u00e9mystifi\u00e9 un faux reportage de Reuters<\/a> selon lequel un artiste ukrainien aurait plac\u00e9 de la viande crue dans des coffres-forts dans plusieurs banques polonaises pour attirer l&rsquo;attention sur la guerre.<\/p>\n","protected":false},"excerpt":{"rendered":"<p>\u00ab\u00a0La tourn\u00e9e de Zelensky aux \u00c9tats-Unis s&rsquo;est termin\u00e9e par un scandale. Un membre de ses services de s\u00e9curit\u00e9 s&rsquo;est saoul\u00e9, a commenc\u00e9 \u00e0 exiger que les Am\u00e9ricains crient &lsquo;Gloire \u00e0 l&rsquo;Ukraine&rsquo; dans le bar et a commenc\u00e9 \u00e0 se battre. En cons\u00e9quence, il a \u00e9t\u00e9 battu par une foule d&rsquo;Am\u00e9ricains ordinaires\u00a0\u00bb, pr\u00e9tend un post sur X (ex-Twitter), partag\u00e9 plus de 1.000 fois depuis le 24 septembre.<\/p>\n","protected":false},"author":1,"featured_media":289786,"comment_status":"closed","ping_status":"open","sticky":false,"template":"","format":"standard","meta":{"_acf_changed":false,"footnotes":""},"categories":[125,132,138,214],"tags":[],"class_list":{"0":"post-289811","1":"post","2":"type-post","3":"status-publish","4":"format-standard","5":"has-post-thumbnail","7":"category-fact-check-fr","8":"category-politique","9":"category-societe","10":"category-ukraine-fr"},"acf":{"show_metatags":true,"id":"http:\/\/doc.afp.com\/33X99RR","authors":"Nahiara S. ALONSO \/ Claire-Line NASS \/ AFP Etats-Unis \/ AFP France","organization":"AFP","featured_image_copyright":"","text_copyright":"\u00a9 AGENCE FRANCE-PRESSE | 2023 | Tous droits r\u00e9serv\u00e9s. L\u2019acc\u00e8s aux contenus de l'AFP publi\u00e9s sur ce site et, le cas \u00e9ch\u00e9ant, leur utilisation sont soumis aux conditions g\u00e9n\u00e9rales d'utilisation disponibles sur <a href='https:\/\/www.afp.com\/fr\/cgu' target='_blank'>CGU<\/a>. Par cons\u00e9quent, en acc\u00e9dant aux contenus de l\u2019AFP publi\u00e9s sur ce site, et en les utilisant, le cas \u00e9ch\u00e9ant, vous acceptez d'\u00eatre li\u00e9 par les conditions g\u00e9n\u00e9rales d'utilisation susmentionn\u00e9es. L\u2019utilisation de contenus de l'AFP se fait sous votre seule et enti\u00e8re responsabilit\u00e9.","source":"https:\/\/factuel.afp.com\/doc.afp.com.33X99RR","fact_checker":"https:\/\/belux.wpengine.com\/wp-content\/uploads\/2021\/12\/afp_logo.png","type":"\u00c9v\u00e9nement ferm\u00e9","location":"","start_date":"","start_date_event_begins_at":"","start_date_event_ends_at":"","end_date":"","end_date_event_begins_at":"","end_date_event_ends_at":"","organizer":"","fact_checker_logo_image":false},"yoast_head":"<!-- This site is optimized with the Yoast SEO plugin v27.0 - https:\/\/yoast.com\/product\/yoast-seo-wordpress\/ -->\n<title>Une vid\u00e9o d&#039;USA Today \u00e0 propos d&#039;un &quot;scandale&quot; dans un bar new-yorkais d\u00e9clench\u00e9 par l&#039;entourage de Zelensky ? C&#039;est faux - EDMO Belux<\/title>\n<meta name=\"robots\" content=\"index, follow, max-snippet:-1, max-image-preview:large, max-video-preview:-1\" \/>\n<link rel=\"canonical\" href=\"https:\/\/belux.edmo.eu\/fr\/une-vido-dusa-today-propos-dun-scandale-dans-un-bar-new-yorkais-dclench-par-lentourage-de-zelensky-cest-faux\/\" \/>\n<meta property=\"og:locale\" content=\"fr_FR\" \/>\n<meta property=\"og:type\" content=\"article\" \/>\n<meta property=\"og:title\" content=\"Une vid\u00e9o d&#039;USA Today \u00e0 propos d&#039;un &quot;scandale&quot; dans un bar new-yorkais d\u00e9clench\u00e9 par l&#039;entourage de Zelensky ? C&#039;est faux - EDMO Belux\" \/>\n<meta property=\"og:description\" content=\"&quot;La tourn\u00e9e de Zelensky aux \u00c9tats-Unis s&#039;est termin\u00e9e par un scandale. Un membre de ses services de s\u00e9curit\u00e9 s&#039;est saoul\u00e9, a commenc\u00e9 \u00e0 exiger que les Am\u00e9ricains crient &#039;Gloire \u00e0 l&#039;Ukraine&#039; dans le bar et a commenc\u00e9 \u00e0 se battre. En cons\u00e9quence, il a \u00e9t\u00e9 battu par une foule d&#039;Am\u00e9ricains ordinaires&quot;, pr\u00e9tend un post sur X (ex-Twitter), partag\u00e9 plus de 1.000 fois depuis le 24 septembre.\" \/>\n<meta property=\"og:url\" content=\"https:\/\/belux.edmo.eu\/fr\/une-vido-dusa-today-propos-dun-scandale-dans-un-bar-new-yorkais-dclench-par-lentourage-de-zelensky-cest-faux\/\" \/>\n<meta property=\"og:site_name\" content=\"EDMO Belux\" \/>\n<meta property=\"article:published_time\" content=\"2023-10-04T07:00:12+00:00\" \/>\n<meta property=\"article:modified_time\" content=\"2023-10-04T08:28:08+00:00\" \/>\n<meta property=\"og:image\" content=\"https:\/\/belux-edmo.s3-accelerate.amazonaws.com\/wp-content\/uploads\/2023\/10\/65c59d6c94c700db617d94ce9bd9e908b1eedad1-ipad.jpg\" \/>\n\t<meta property=\"og:image:width\" content=\"1080\" \/>\n\t<meta property=\"og:image:height\" content=\"540\" \/>\n\t<meta property=\"og:image:type\" content=\"image\/jpeg\" \/>\n<meta name=\"author\" content=\"master\" \/>\n<meta name=\"twitter:card\" content=\"summary_large_image\" \/>\n<meta name=\"twitter:creator\" content=\"@Edmo_Belux\" \/>\n<meta name=\"twitter:site\" content=\"@Edmo_Belux\" \/>\n<meta name=\"twitter:label1\" content=\"\u00c9crit par\" \/>\n\t<meta name=\"twitter:data1\" content=\"master\" \/>\n\t<meta name=\"twitter:label2\" content=\"Dur\u00e9e de lecture estim\u00e9e\" \/>\n\t<meta name=\"twitter:data2\" content=\"7 minutes\" \/>\n<script type=\"application\/ld+json\" class=\"yoast-schema-graph\">{\"@context\":\"https:\/\/schema.org\",\"@graph\":[{\"@type\":\"Article\",\"@id\":\"https:\/\/belux.edmo.eu\/fr\/une-vido-dusa-today-propos-dun-scandale-dans-un-bar-new-yorkais-dclench-par-lentourage-de-zelensky-cest-faux\/#article\",\"isPartOf\":{\"@id\":\"https:\/\/belux.edmo.eu\/fr\/une-vido-dusa-today-propos-dun-scandale-dans-un-bar-new-yorkais-dclench-par-lentourage-de-zelensky-cest-faux\/\"},\"author\":{\"name\":\"master\",\"@id\":\"https:\/\/belux.edmo.eu\/#\/schema\/person\/dbe3b252258537fd318f9b5645a30342\"},\"headline\":\"Une vid\u00e9o d&rsquo;USA Today \u00e0 propos d&rsquo;un \u00ab\u00a0scandale\u00a0\u00bb dans un bar new-yorkais d\u00e9clench\u00e9 par l&rsquo;entourage de Zelensky ? C&rsquo;est faux\",\"datePublished\":\"2023-10-04T07:00:12+00:00\",\"dateModified\":\"2023-10-04T08:28:08+00:00\",\"mainEntityOfPage\":{\"@id\":\"https:\/\/belux.edmo.eu\/fr\/une-vido-dusa-today-propos-dun-scandale-dans-un-bar-new-yorkais-dclench-par-lentourage-de-zelensky-cest-faux\/\"},\"wordCount\":1426,\"publisher\":{\"@id\":\"https:\/\/belux.edmo.eu\/#organization\"},\"image\":{\"@id\":\"https:\/\/belux.edmo.eu\/fr\/une-vido-dusa-today-propos-dun-scandale-dans-un-bar-new-yorkais-dclench-par-lentourage-de-zelensky-cest-faux\/#primaryimage\"},\"thumbnailUrl\":\"https:\/\/belux-edmo.s3-accelerate.amazonaws.com\/wp-content\/uploads\/2023\/10\/65c59d6c94c700db617d94ce9bd9e908b1eedad1-ipad.jpg\",\"articleSection\":[\"Fact-Check\",\"Politique\",\"Societe\",\"Ukraine\"],\"inLanguage\":\"fr-FR\"},{\"@type\":\"WebPage\",\"@id\":\"https:\/\/belux.edmo.eu\/fr\/une-vido-dusa-today-propos-dun-scandale-dans-un-bar-new-yorkais-dclench-par-lentourage-de-zelensky-cest-faux\/\",\"url\":\"https:\/\/belux.edmo.eu\/fr\/une-vido-dusa-today-propos-dun-scandale-dans-un-bar-new-yorkais-dclench-par-lentourage-de-zelensky-cest-faux\/\",\"name\":\"Une vid\u00e9o d'USA Today \u00e0 propos d'un \\\"scandale\\\" dans un bar new-yorkais d\u00e9clench\u00e9 par l'entourage de Zelensky ? C'est faux - EDMO Belux\",\"isPartOf\":{\"@id\":\"https:\/\/belux.edmo.eu\/#website\"},\"primaryImageOfPage\":{\"@id\":\"https:\/\/belux.edmo.eu\/fr\/une-vido-dusa-today-propos-dun-scandale-dans-un-bar-new-yorkais-dclench-par-lentourage-de-zelensky-cest-faux\/#primaryimage\"},\"image\":{\"@id\":\"https:\/\/belux.edmo.eu\/fr\/une-vido-dusa-today-propos-dun-scandale-dans-un-bar-new-yorkais-dclench-par-lentourage-de-zelensky-cest-faux\/#primaryimage\"},\"thumbnailUrl\":\"https:\/\/belux-edmo.s3-accelerate.amazonaws.com\/wp-content\/uploads\/2023\/10\/65c59d6c94c700db617d94ce9bd9e908b1eedad1-ipad.jpg\",\"datePublished\":\"2023-10-04T07:00:12+00:00\",\"dateModified\":\"2023-10-04T08:28:08+00:00\",\"breadcrumb\":{\"@id\":\"https:\/\/belux.edmo.eu\/fr\/une-vido-dusa-today-propos-dun-scandale-dans-un-bar-new-yorkais-dclench-par-lentourage-de-zelensky-cest-faux\/#breadcrumb\"},\"inLanguage\":\"fr-FR\",\"potentialAction\":[{\"@type\":\"ReadAction\",\"target\":[\"https:\/\/belux.edmo.eu\/fr\/une-vido-dusa-today-propos-dun-scandale-dans-un-bar-new-yorkais-dclench-par-lentourage-de-zelensky-cest-faux\/\"]}]},{\"@type\":\"ImageObject\",\"inLanguage\":\"fr-FR\",\"@id\":\"https:\/\/belux.edmo.eu\/fr\/une-vido-dusa-today-propos-dun-scandale-dans-un-bar-new-yorkais-dclench-par-lentourage-de-zelensky-cest-faux\/#primaryimage\",\"url\":\"https:\/\/belux-edmo.s3-accelerate.amazonaws.com\/wp-content\/uploads\/2023\/10\/65c59d6c94c700db617d94ce9bd9e908b1eedad1-ipad.jpg\",\"contentUrl\":\"https:\/\/belux-edmo.s3-accelerate.amazonaws.com\/wp-content\/uploads\/2023\/10\/65c59d6c94c700db617d94ce9bd9e908b1eedad1-ipad.jpg\",\"width\":1080,\"height\":540,\"caption\":\"Une vid\u00e9o d'USA Today \u00e0 propos d'un \\\"scandale\\\" dans un bar new-yorkais d\u00e9clench\u00e9 par l'entourage de Zelensky ? C'est faux - Featured image\"},{\"@type\":\"BreadcrumbList\",\"@id\":\"https:\/\/belux.edmo.eu\/fr\/une-vido-dusa-today-propos-dun-scandale-dans-un-bar-new-yorkais-dclench-par-lentourage-de-zelensky-cest-faux\/#breadcrumb\",\"itemListElement\":[{\"@type\":\"ListItem\",\"position\":1,\"name\":\"Home\",\"item\":\"https:\/\/belux.edmo.eu\/fr\/\"},{\"@type\":\"ListItem\",\"position\":2,\"name\":\"Une vid\u00e9o d&#8217;USA Today \u00e0 propos d&#8217;un &#8220;scandale&#8221; dans un bar new-yorkais d\u00e9clench\u00e9 par l&#8217;entourage de Zelensky ? C&#8217;est faux\"}]},{\"@type\":\"WebSite\",\"@id\":\"https:\/\/belux.edmo.eu\/#website\",\"url\":\"https:\/\/belux.edmo.eu\/\",\"name\":\"EDMO Belux\",\"description\":\"Monitoring Disinformation in Belgium and Luxembourg\",\"publisher\":{\"@id\":\"https:\/\/belux.edmo.eu\/#organization\"},\"potentialAction\":[{\"@type\":\"SearchAction\",\"target\":{\"@type\":\"EntryPoint\",\"urlTemplate\":\"https:\/\/belux.edmo.eu\/?s={search_term_string}\"},\"query-input\":{\"@type\":\"PropertyValueSpecification\",\"valueRequired\":true,\"valueName\":\"search_term_string\"}}],\"inLanguage\":\"fr-FR\"},{\"@type\":\"Organization\",\"@id\":\"https:\/\/belux.edmo.eu\/#organization\",\"name\":\"EDMO Belux\",\"url\":\"https:\/\/belux.edmo.eu\/\",\"logo\":{\"@type\":\"ImageObject\",\"inLanguage\":\"fr-FR\",\"@id\":\"https:\/\/belux.edmo.eu\/#\/schema\/logo\/image\/\",\"url\":\"https:\/\/belux.edmo.eu\/wp-content\/uploads\/2021\/12\/belux-logo-full-color-rgb.svg\",\"contentUrl\":\"https:\/\/belux.edmo.eu\/wp-content\/uploads\/2021\/12\/belux-logo-full-color-rgb.svg\",\"width\":1,\"height\":1,\"caption\":\"EDMO Belux\"},\"image\":{\"@id\":\"https:\/\/belux.edmo.eu\/#\/schema\/logo\/image\/\"},\"sameAs\":[\"https:\/\/x.com\/Edmo_Belux\"]},{\"@type\":\"Person\",\"@id\":\"https:\/\/belux.edmo.eu\/#\/schema\/person\/dbe3b252258537fd318f9b5645a30342\",\"name\":\"master\",\"sameAs\":[\"https:\/\/belux.wpengine.com\"],\"url\":\"https:\/\/belux.edmo.eu\/fr\/author\/master\/\"}]}<\/script>\n<!-- \/ Yoast SEO plugin. -->","yoast_head_json":{"title":"Une vid\u00e9o d'USA Today \u00e0 propos d'un \"scandale\" dans un bar new-yorkais d\u00e9clench\u00e9 par l'entourage de Zelensky ? C'est faux - EDMO Belux","robots":{"index":"index","follow":"follow","max-snippet":"max-snippet:-1","max-image-preview":"max-image-preview:large","max-video-preview":"max-video-preview:-1"},"canonical":"https:\/\/belux.edmo.eu\/fr\/une-vido-dusa-today-propos-dun-scandale-dans-un-bar-new-yorkais-dclench-par-lentourage-de-zelensky-cest-faux\/","og_locale":"fr_FR","og_type":"article","og_title":"Une vid\u00e9o d'USA Today \u00e0 propos d'un \"scandale\" dans un bar new-yorkais d\u00e9clench\u00e9 par l'entourage de Zelensky ? C'est faux - EDMO Belux","og_description":"\"La tourn\u00e9e de Zelensky aux \u00c9tats-Unis s'est termin\u00e9e par un scandale. Un membre de ses services de s\u00e9curit\u00e9 s'est saoul\u00e9, a commenc\u00e9 \u00e0 exiger que les Am\u00e9ricains crient 'Gloire \u00e0 l'Ukraine' dans le bar et a commenc\u00e9 \u00e0 se battre. En cons\u00e9quence, il a \u00e9t\u00e9 battu par une foule d'Am\u00e9ricains ordinaires\", pr\u00e9tend un post sur X (ex-Twitter), partag\u00e9 plus de 1.000 fois depuis le 24 septembre.","og_url":"https:\/\/belux.edmo.eu\/fr\/une-vido-dusa-today-propos-dun-scandale-dans-un-bar-new-yorkais-dclench-par-lentourage-de-zelensky-cest-faux\/","og_site_name":"EDMO Belux","article_published_time":"2023-10-04T07:00:12+00:00","article_modified_time":"2023-10-04T08:28:08+00:00","og_image":[{"width":1080,"height":540,"url":"https:\/\/belux-edmo.s3-accelerate.amazonaws.com\/wp-content\/uploads\/2023\/10\/65c59d6c94c700db617d94ce9bd9e908b1eedad1-ipad.jpg","type":"image\/jpeg"}],"author":"master","twitter_card":"summary_large_image","twitter_creator":"@Edmo_Belux","twitter_site":"@Edmo_Belux","twitter_misc":{"\u00c9crit par":"master","Dur\u00e9e de lecture estim\u00e9e":"7 minutes"},"schema":{"@context":"https:\/\/schema.org","@graph":[{"@type":"Article","@id":"https:\/\/belux.edmo.eu\/fr\/une-vido-dusa-today-propos-dun-scandale-dans-un-bar-new-yorkais-dclench-par-lentourage-de-zelensky-cest-faux\/#article","isPartOf":{"@id":"https:\/\/belux.edmo.eu\/fr\/une-vido-dusa-today-propos-dun-scandale-dans-un-bar-new-yorkais-dclench-par-lentourage-de-zelensky-cest-faux\/"},"author":{"name":"master","@id":"https:\/\/belux.edmo.eu\/#\/schema\/person\/dbe3b252258537fd318f9b5645a30342"},"headline":"Une vid\u00e9o d&rsquo;USA Today \u00e0 propos d&rsquo;un \u00ab\u00a0scandale\u00a0\u00bb dans un bar new-yorkais d\u00e9clench\u00e9 par l&rsquo;entourage de Zelensky ? C&rsquo;est faux","datePublished":"2023-10-04T07:00:12+00:00","dateModified":"2023-10-04T08:28:08+00:00","mainEntityOfPage":{"@id":"https:\/\/belux.edmo.eu\/fr\/une-vido-dusa-today-propos-dun-scandale-dans-un-bar-new-yorkais-dclench-par-lentourage-de-zelensky-cest-faux\/"},"wordCount":1426,"publisher":{"@id":"https:\/\/belux.edmo.eu\/#organization"},"image":{"@id":"https:\/\/belux.edmo.eu\/fr\/une-vido-dusa-today-propos-dun-scandale-dans-un-bar-new-yorkais-dclench-par-lentourage-de-zelensky-cest-faux\/#primaryimage"},"thumbnailUrl":"https:\/\/belux-edmo.s3-accelerate.amazonaws.com\/wp-content\/uploads\/2023\/10\/65c59d6c94c700db617d94ce9bd9e908b1eedad1-ipad.jpg","articleSection":["Fact-Check","Politique","Societe","Ukraine"],"inLanguage":"fr-FR"},{"@type":"WebPage","@id":"https:\/\/belux.edmo.eu\/fr\/une-vido-dusa-today-propos-dun-scandale-dans-un-bar-new-yorkais-dclench-par-lentourage-de-zelensky-cest-faux\/","url":"https:\/\/belux.edmo.eu\/fr\/une-vido-dusa-today-propos-dun-scandale-dans-un-bar-new-yorkais-dclench-par-lentourage-de-zelensky-cest-faux\/","name":"Une vid\u00e9o d'USA Today \u00e0 propos d'un \"scandale\" dans un bar new-yorkais d\u00e9clench\u00e9 par l'entourage de Zelensky ? C'est faux - EDMO Belux","isPartOf":{"@id":"https:\/\/belux.edmo.eu\/#website"},"primaryImageOfPage":{"@id":"https:\/\/belux.edmo.eu\/fr\/une-vido-dusa-today-propos-dun-scandale-dans-un-bar-new-yorkais-dclench-par-lentourage-de-zelensky-cest-faux\/#primaryimage"},"image":{"@id":"https:\/\/belux.edmo.eu\/fr\/une-vido-dusa-today-propos-dun-scandale-dans-un-bar-new-yorkais-dclench-par-lentourage-de-zelensky-cest-faux\/#primaryimage"},"thumbnailUrl":"https:\/\/belux-edmo.s3-accelerate.amazonaws.com\/wp-content\/uploads\/2023\/10\/65c59d6c94c700db617d94ce9bd9e908b1eedad1-ipad.jpg","datePublished":"2023-10-04T07:00:12+00:00","dateModified":"2023-10-04T08:28:08+00:00","breadcrumb":{"@id":"https:\/\/belux.edmo.eu\/fr\/une-vido-dusa-today-propos-dun-scandale-dans-un-bar-new-yorkais-dclench-par-lentourage-de-zelensky-cest-faux\/#breadcrumb"},"inLanguage":"fr-FR","potentialAction":[{"@type":"ReadAction","target":["https:\/\/belux.edmo.eu\/fr\/une-vido-dusa-today-propos-dun-scandale-dans-un-bar-new-yorkais-dclench-par-lentourage-de-zelensky-cest-faux\/"]}]},{"@type":"ImageObject","inLanguage":"fr-FR","@id":"https:\/\/belux.edmo.eu\/fr\/une-vido-dusa-today-propos-dun-scandale-dans-un-bar-new-yorkais-dclench-par-lentourage-de-zelensky-cest-faux\/#primaryimage","url":"https:\/\/belux-edmo.s3-accelerate.amazonaws.com\/wp-content\/uploads\/2023\/10\/65c59d6c94c700db617d94ce9bd9e908b1eedad1-ipad.jpg","contentUrl":"https:\/\/belux-edmo.s3-accelerate.amazonaws.com\/wp-content\/uploads\/2023\/10\/65c59d6c94c700db617d94ce9bd9e908b1eedad1-ipad.jpg","width":1080,"height":540,"caption":"Une vid\u00e9o d'USA Today \u00e0 propos d'un \"scandale\" dans un bar new-yorkais d\u00e9clench\u00e9 par l'entourage de Zelensky ? C'est faux - Featured image"},{"@type":"BreadcrumbList","@id":"https:\/\/belux.edmo.eu\/fr\/une-vido-dusa-today-propos-dun-scandale-dans-un-bar-new-yorkais-dclench-par-lentourage-de-zelensky-cest-faux\/#breadcrumb","itemListElement":[{"@type":"ListItem","position":1,"name":"Home","item":"https:\/\/belux.edmo.eu\/fr\/"},{"@type":"ListItem","position":2,"name":"Une vid\u00e9o d&#8217;USA Today \u00e0 propos d&#8217;un &#8220;scandale&#8221; dans un bar new-yorkais d\u00e9clench\u00e9 par l&#8217;entourage de Zelensky ? C&#8217;est faux"}]},{"@type":"WebSite","@id":"https:\/\/belux.edmo.eu\/#website","url":"https:\/\/belux.edmo.eu\/","name":"EDMO Belux","description":"Monitoring Disinformation in Belgium and Luxembourg","publisher":{"@id":"https:\/\/belux.edmo.eu\/#organization"},"potentialAction":[{"@type":"SearchAction","target":{"@type":"EntryPoint","urlTemplate":"https:\/\/belux.edmo.eu\/?s={search_term_string}"},"query-input":{"@type":"PropertyValueSpecification","valueRequired":true,"valueName":"search_term_string"}}],"inLanguage":"fr-FR"},{"@type":"Organization","@id":"https:\/\/belux.edmo.eu\/#organization","name":"EDMO Belux","url":"https:\/\/belux.edmo.eu\/","logo":{"@type":"ImageObject","inLanguage":"fr-FR","@id":"https:\/\/belux.edmo.eu\/#\/schema\/logo\/image\/","url":"https:\/\/belux.edmo.eu\/wp-content\/uploads\/2021\/12\/belux-logo-full-color-rgb.svg","contentUrl":"https:\/\/belux.edmo.eu\/wp-content\/uploads\/2021\/12\/belux-logo-full-color-rgb.svg","width":1,"height":1,"caption":"EDMO Belux"},"image":{"@id":"https:\/\/belux.edmo.eu\/#\/schema\/logo\/image\/"},"sameAs":["https:\/\/x.com\/Edmo_Belux"]},{"@type":"Person","@id":"https:\/\/belux.edmo.eu\/#\/schema\/person\/dbe3b252258537fd318f9b5645a30342","name":"master","sameAs":["https:\/\/belux.wpengine.com"],"url":"https:\/\/belux.edmo.eu\/fr\/author\/master\/"}]}},"menu_order":0,"_links":{"self":[{"href":"https:\/\/belux.edmo.eu\/fr\/wp-json\/wp\/v2\/posts\/289811","targetHints":{"allow":["GET"]}}],"collection":[{"href":"https:\/\/belux.edmo.eu\/fr\/wp-json\/wp\/v2\/posts"}],"about":[{"href":"https:\/\/belux.edmo.eu\/fr\/wp-json\/wp\/v2\/types\/post"}],"author":[{"embeddable":true,"href":"https:\/\/belux.edmo.eu\/fr\/wp-json\/wp\/v2\/users\/1"}],"replies":[{"embeddable":true,"href":"https:\/\/belux.edmo.eu\/fr\/wp-json\/wp\/v2\/comments?post=289811"}],"version-history":[{"count":0,"href":"https:\/\/belux.edmo.eu\/fr\/wp-json\/wp\/v2\/posts\/289811\/revisions"}],"wp:featuredmedia":[{"embeddable":true,"href":"https:\/\/belux.edmo.eu\/fr\/wp-json\/wp\/v2\/media\/289786"}],"wp:attachment":[{"href":"https:\/\/belux.edmo.eu\/fr\/wp-json\/wp\/v2\/media?parent=289811"}],"wp:term":[{"taxonomy":"category","embeddable":true,"href":"https:\/\/belux.edmo.eu\/fr\/wp-json\/wp\/v2\/categories?post=289811"},{"taxonomy":"post_tag","embeddable":true,"href":"https:\/\/belux.edmo.eu\/fr\/wp-json\/wp\/v2\/tags?post=289811"}],"curies":[{"name":"wp","href":"https:\/\/api.w.org\/{rel}","templated":true}]}}