{"id":291191,"date":"2023-10-12T11:47:10","date_gmt":"2023-10-12T11:47:10","guid":{"rendered":"https:\/\/belux.edmo.eu\/?p=291191"},"modified":"2023-10-19T13:50:57","modified_gmt":"2023-10-19T13:50:57","slug":"attention-cette-vido-dcontextualise-sur-une-prtendue-mise-en-scne-de-la-guerre-entre-le-hamas-et-isral","status":"publish","type":"post","link":"https:\/\/belux.edmo.eu\/fr\/attention-cette-vido-dcontextualise-sur-une-prtendue-mise-en-scne-de-la-guerre-entre-le-hamas-et-isral\/","title":{"rendered":"Attention \u00e0 cette vid\u00e9o d\u00e9contextualis\u00e9e sur une pr\u00e9tendue \u00ab\u00a0mise en sc\u00e8ne\u00a0\u00bb de la guerre entre le Hamas et Isra\u00ebl"},"content":{"rendered":"<p><b>Une vid\u00e9o montrant un enfant visiblement bless\u00e9, entour\u00e9 d&rsquo;une \u00e9quipe de tournage, ne prouve pas que \u00ab\u00a0la guerre entre la Palestine et Isra\u00ebl\u00a0\u00bb est \u00ab\u00a0mise en sc\u00e8ne\u00a0\u00bb, contrairement \u00e0 ce qu&rsquo;affirment des publications relayant cette s\u00e9quence. Ces images ont \u00e9t\u00e9 film\u00e9es lors du tournage d&rsquo;un court-m\u00e9trage consacr\u00e9 \u00e0 un fait divers qui avait \u00e9mu l&rsquo;opinion palestinienne et isra\u00e9lienne en 2015. Depuis que le Hamas a lanc\u00e9 son offensive le 7 octobre 2023 contre Isra\u00ebl, entra\u00eenant sa riposte, la guerre a fait &#8211; au 5e jour du conflit &#8211; plus de 3.700 morts de part et d&rsquo;autre, civils, soldats isra\u00e9liens et combattants du Hamas.\u00a0<\/b><\/p>\n<p>\u00ab\u00a0<em>Une vid\u00e9o montre que la guerre entre la Palestine et Isra\u00ebl est mise en sc\u00e8ne comme un film<\/em>\u00ab\u00a0, soutiennent des publications Facebook (<a href=\"https:\/\/perma.cc\/A3QX-H9B3\" target=\"_blank\" rel=\"noopener\" shape=\"rect\">1<\/a>, <a href=\"https:\/\/perma.cc\/53KV-T7XF\" target=\"_blank\" rel=\"noopener\" shape=\"rect\">2<\/a>, <a href=\"https:\/\/perma.cc\/7J58-YEFX\" target=\"_blank\" rel=\"noopener\" shape=\"rect\">3<\/a>) et X (ex-Twitter) &#8211; <a href=\"https:\/\/perma.cc\/728V-STT9\" target=\"_blank\" rel=\"noopener\" shape=\"rect\">4<\/a>, <a href=\"https:\/\/perma.cc\/8EEW-JHFG\" target=\"_blank\" rel=\"noopener\" shape=\"rect\">5 <\/a>&#8211; qui relaient, depuis le 9 octobre 2023 &#8211; soit deux jours <a href=\"https:\/\/information.tv5monde.com\/international\/ce-que-lon-sait-de-la-guerre-entre-israel-et-gaza-apres-lassaut-du-hamas-2671001\" target=\"_blank\" rel=\"noopener\" shape=\"rect\">apr\u00e8s l&rsquo;attaque surprise du mouvement islamiste palestinien Hamas contre Isra\u00ebl<\/a> -, une m\u00eame s\u00e9quence d&rsquo;une quarantaine de secondes.<\/p>\n<div class=\"g2image\">\n<figure><img src=\"https:\/\/belux-edmo.s3-accelerate.amazonaws.com\/wp-content\/uploads\/2023\/10\/b6178cc7f2fb458898322301be4544e36913e8b3-ipad.jpg\" \/><figcaption>Captures d&rsquo;\u00e9cran de Facebook (\u00e0 gauche) et X (\u00e0 droite), faites le 11 octobre 2023<\/figcaption><\/figure>\n<\/div>\n<p>On y voit un enfant ensanglant\u00e9 allong\u00e9 sur le dos, au sol, \u00e0 proximit\u00e9 d&rsquo;une cam\u00e9ra et entour\u00e9 d&rsquo;un groupe d&rsquo;hommes. Apr\u00e8s que l&rsquo;un d&rsquo;entre eux l&rsquo;a aid\u00e9 \u00e0 repositionner son bras, on aper\u00e7oit, au sein du groupe, deux hommes arm\u00e9s en tenue militaire.<\/p>\n<p>Sur X, la vid\u00e9o &#8211; qui circule aussi <a href=\"https:\/\/perma.cc\/MC52-AMPR\" target=\"_blank\" rel=\"noopener\" shape=\"rect\">en anglais<\/a> &#8211; <a href=\"https:\/\/web.archive.org\/web\/20231011093252\/https:\/\/webcache.googleusercontent.com\/search?q=cache:lUq2kUioxSsJ:https:\/\/twitter.com\/dzdream213\/status\/1711451749632868690&amp;cd=8&amp;hl=fr&amp;ct=clnk&amp;gl=fr\" target=\"_blank\" rel=\"noopener\" shape=\"rect\">a par ailleurs \u00e9t\u00e9 partag\u00e9e <\/a>(puis supprim\u00e9e) par un internaute qui l&rsquo;utilisait pour affirmer que \u00ab\u00a0<em>des Isra\u00e9liens falsifi<\/em>[ent] <em>les faits au monde avec des mise en sc\u00e8ne pour justifier les agressions sur la bande de Gaza<\/em>\u00ab\u00a0.<\/p>\n<p>Une autre utilisatrice du r\u00e9seau social <a href=\"https:\/\/perma.cc\/43BL-XGLB\" target=\"_blank\" rel=\"noopener\" shape=\"rect\">partageant ces images<\/a> soutient \u00e0 l&rsquo;inverse, en l\u00e9gende : \u00ab\u00a0<em>Les Arabes se d\u00e9guisent en soldats juifs et font des films de propagande pour d\u00e9noncer les Juifs comme des meurtriers devant le monde entier !!<\/em>\u00a0\u00bb<\/p>\n<p>Mais cette vid\u00e9o sortie de son contexte n&rsquo;a rien \u00e0 voir avec les r\u00e9cents \u00e9v\u00e9nements : elle est ant\u00e9rieure \u00e0 la guerre actuelle entre le Hamas et Isra\u00ebl et montre le tournage d&rsquo;un court-m\u00e9trage de 2022.<\/p>\n<p><b>Un court-m\u00e9trage inspir\u00e9 d&rsquo;un fait divers de 2015\u00a0<\/b><\/p>\n<p>Une recherche d&rsquo;image invers\u00e9e permet de retrouver la m\u00eame vid\u00e9o <a href=\"https:\/\/www.tiktok.com\/@awawdehproduction\/video\/7089020991434804481\" target=\"_blank\" rel=\"noopener\" shape=\"rect\">sur TikTok <\/a>(<a href=\"https:\/\/perma.cc\/K92X-Z8N3?type=image\" target=\"_blank\" rel=\"noopener\" shape=\"rect\">lien archiv\u00e9<\/a>), o\u00f9 elle a \u00e9t\u00e9 mise en ligne le 21 avril 2022 par un certain \u00ab\u00a0Mohamad Awawdeh\u00a0\u00bb, qui se pr\u00e9sente comme un producteur.<\/p>\n<p>\u00ab\u00a0<em>Tournage de la sc\u00e8ne montrant des colons attaquant l&rsquo;enfant Ahmed Manasra<\/em>\u00ab\u00a0, indique la l\u00e9gende de cette s\u00e9quence.<\/p>\n<p>Comme rep\u00e9r\u00e9\u00a0 par l&rsquo;agence Reuters (<a href=\"https:\/\/perma.cc\/4BWA-JWC3\" target=\"_blank\" rel=\"noopener\" shape=\"rect\">lien archiv\u00e9<\/a>) dans cet <a href=\"https:\/\/www.reuters.com\/article\/factcheck-palestine-film\/fact-check-video-of-alleged-fake-palestinian-killing-is-from-a-short-film-idUSL2N2WP1N7\" target=\"_blank\" rel=\"noopener\" shape=\"rect\">un article de v\u00e9rification,<\/a>\u00a0ces images ont \u00e9t\u00e9 film\u00e9es sur le tournage d&rsquo;un court-m\u00e9trage intitul\u00e9 \u00ab\u00a0Empty Place\u00a0\u00bb, <a href=\"https:\/\/www.youtube.com\/watch?v=t90fUoHd-8A\" target=\"_blank\" rel=\"noopener\" shape=\"rect\">visionnable sur YouTube<\/a> (<a href=\"https:\/\/perma.cc\/N4MD-P5VP\" target=\"_blank\" rel=\"noopener\" shape=\"rect\">lien archiv\u00e9<\/a>).<\/p>\n<p>On y retrouve notamment, \u00e0 1:15, l&rsquo;enfant bless\u00e9 visible dans la vid\u00e9o d\u00e9contextualis\u00e9e sur les r\u00e9seaux sociaux. Dans le montage final de la sc\u00e8ne visible sur YouTube, la foule entourant l&rsquo;adolescent l&rsquo;invective, notamment en lui criant : \u00ab\u00a0<em>Meurs!<\/em>\u00a0\u00bb<\/p>\n<div class=\"g2image\">\n<figure><img src=\"https:\/\/belux-edmo.s3-accelerate.amazonaws.com\/wp-content\/uploads\/2023\/10\/274b4803c07299293ae223a99f0bd721e989b68e-ipad.jpg\" \/><figcaption>Capture d&rsquo;\u00e9cran r\u00e9alis\u00e9e sur YouTube, le 11 octobre 2023.<\/figcaption><\/figure>\n<\/div>\n<p>R\u00e9alis\u00e9 par Awni Eshtaiwe &#8211; qui a confirm\u00e9 \u00e0 Reuters le d\u00e9tournement de son oeuvre originale -, ce court-m\u00e9trage d&rsquo;un peu moins de deux minutes relate le parcours d&rsquo;Ahmad Manasra, un adolescent palestinien devenu tristement c\u00e9l\u00e8bre en octobre 2015, \u00e0 l&rsquo;\u00e2ge de 13 ans, apr\u00e8s la diffusion sur les r\u00e9seaux sociaux d&rsquo;une vid\u00e9o qui le montrait baignant dans son sang, semble-t-il agonisant, tandis qu&rsquo;un homme l&rsquo;insulte et lui crie : \u00ab\u00a0<em>Meurs!<\/em>\u00a0\u00bb<\/p>\n<p>Il a \u00e9t\u00e9 condamn\u00e9 en 2016 \u00e0 12 ans de prison avant de voir sa peine r\u00e9duite.<\/p>\n<p>Les images d&rsquo;Ahmed Manasra et de son cousin Hassan (15 ans) poursuivant avec des couteaux deux jeunes juifs, dont un de 12 ans, le 12 octobre 2015 \u00e0 J\u00e9rusalem-Est, avaient marqu\u00e9 les esprits en raison du jeune \u00e2ge des assaillants et des bless\u00e9s.<\/p>\n<p>Hassan Manasra avait \u00e9t\u00e9 tu\u00e9 alors qu&rsquo;il tentait de s&rsquo;enfuir. Ahmed Manasra, originaire de J\u00e9rusalem-Est comme son cousin, avait \u00e9t\u00e9 gri\u00e8vement bless\u00e9.<\/p>\n<p>Des images de vid\u00e9osurveillance ont montr\u00e9 les deux Palestiniens pourchassant une de leurs victimes dans la rue. D&rsquo;autres images ont montr\u00e9 l&rsquo;un des agresseurs se ruer sur des policiers qui l&rsquo;ont stopp\u00e9 en lui tirant dessus \u00e0 plusieurs reprises.<\/p>\n<p>Les images avaient ensuite \u00e9t\u00e9 abondamment partag\u00e9es sur les r\u00e9seaux sociaux, d&rsquo;Ahmed Manasra baignant dans son sang tandis qu&rsquo;un homme l&rsquo;insultait et lui criait: \u00ab\u00a0<em>Meurs!<\/em>\u00a0\u00bb<\/p>\n<p><b>Un conflit qui a d\u00e9j\u00e0 fait plus de 3.700 morts en quelques jours<\/b><\/p>\n<p>Depuis que le Hamas a lanc\u00e9 son offensive le 7 octobre 2023 contre Isra\u00ebl, entra\u00eenant sa riposte, <a href=\"https:\/\/information.tv5monde.com\/international\/ce-que-lon-sait-de-la-guerre-entre-israel-et-gaza-apres-lassaut-du-hamas-2671001\" target=\"_blank\" rel=\"noopener\" shape=\"rect\">la guerre a fait<\/a> &#8211; au 5e jour du conflit &#8211; plus de 3.700 morts de part et d&rsquo;autre, civils, soldats isra\u00e9liens et combattants palestiniens.<\/p>\n<p>En Isra\u00ebl, plus de 1.200 personnes ont \u00e9t\u00e9 tu\u00e9es, dont au moins 169 soldats dans des combats contre le Hamas, selon le porte-parole de l&rsquo;arm\u00e9e isra\u00e9lienne.<\/p>\n<p>Selon des ONG, plus de 100 personnes ont \u00e9t\u00e9 tu\u00e9es dans un seul kibboutz dans le sud d&rsquo;Isra\u00ebl et 250 lors d&rsquo;un festival de musique auquel participaient des centaines d&rsquo;Isra\u00e9liens pr\u00e8s de Gaza.<\/p>\n<p>C\u00f4t\u00e9 palestinien, 1.055 personnes ont \u00e9t\u00e9 tu\u00e9es, d&rsquo;apr\u00e8s un nouveau bilan des autorit\u00e9s de Gaza communiqu\u00e9 le 11 octobre 2023.<\/p>\n","protected":false},"excerpt":{"rendered":"<p>\u00ab\u00a0Une vid\u00e9o montre que la guerre entre la Palestine et Isra\u00ebl est mise en sc\u00e8ne comme un film\u00a0\u00bb, soutiennent des publications Facebook (1, 2, 3) et X (ex-Twitter) &#8211; 4, 5 &#8211; qui relaient, depuis le 9 octobre 2023 &#8211; soit deux jours apr\u00e8s l&rsquo;attaque surprise du mouvement islamiste palestinien Hamas contre Isra\u00ebl -, une m\u00eame s\u00e9quence d&rsquo;une quarantaine de secondes.<\/p>\n","protected":false},"author":1,"featured_media":291176,"comment_status":"closed","ping_status":"open","sticky":false,"template":"","format":"standard","meta":{"_acf_changed":false,"footnotes":""},"categories":[125,403,132],"tags":[],"class_list":{"0":"post-291191","1":"post","2":"type-post","3":"status-publish","4":"format-standard","5":"has-post-thumbnail","7":"category-fact-check-fr","8":"category-moyen-orient","9":"category-politique"},"acf":{"show_metatags":true,"id":"http:\/\/doc.afp.com\/33XY4UW","authors":"AFP France","organization":"AFP","featured_image_copyright":"","text_copyright":"\u00a9 AGENCE FRANCE-PRESSE | 2023 | Tous droits r\u00e9serv\u00e9s. L\u2019acc\u00e8s aux contenus de l'AFP publi\u00e9s sur ce site et, le cas \u00e9ch\u00e9ant, leur utilisation sont soumis aux conditions g\u00e9n\u00e9rales d'utilisation disponibles sur <a href='https:\/\/www.afp.com\/fr\/cgu' target='_blank'>CGU<\/a>. Par cons\u00e9quent, en acc\u00e9dant aux contenus de l\u2019AFP publi\u00e9s sur ce site, et en les utilisant, le cas \u00e9ch\u00e9ant, vous acceptez d'\u00eatre li\u00e9 par les conditions g\u00e9n\u00e9rales d'utilisation susmentionn\u00e9es. L\u2019utilisation de contenus de l'AFP se fait sous votre seule et enti\u00e8re responsabilit\u00e9.","source":"https:\/\/factuel.afp.com\/doc.afp.com.33XY4UW","fact_checker":"https:\/\/belux.wpengine.com\/wp-content\/uploads\/2021\/12\/afp_logo.png","type":"\u00c9v\u00e9nement ferm\u00e9","location":"","start_date":"","start_date_event_begins_at":"","start_date_event_ends_at":"","end_date":"","end_date_event_begins_at":"","end_date_event_ends_at":"","organizer":"","fact_checker_logo_image":false},"yoast_head":"<!-- This site is optimized with the Yoast SEO plugin v27.0 - https:\/\/yoast.com\/product\/yoast-seo-wordpress\/ -->\n<title>Attention \u00e0 cette vid\u00e9o d\u00e9contextualis\u00e9e sur une pr\u00e9tendue &quot;mise en sc\u00e8ne&quot; de la guerre entre le Hamas et Isra\u00ebl - EDMO Belux<\/title>\n<meta name=\"robots\" content=\"index, follow, max-snippet:-1, max-image-preview:large, max-video-preview:-1\" \/>\n<link rel=\"canonical\" href=\"https:\/\/belux.edmo.eu\/fr\/attention-cette-vido-dcontextualise-sur-une-prtendue-mise-en-scne-de-la-guerre-entre-le-hamas-et-isral\/\" \/>\n<meta property=\"og:locale\" content=\"fr_FR\" \/>\n<meta property=\"og:type\" content=\"article\" \/>\n<meta property=\"og:title\" content=\"Attention \u00e0 cette vid\u00e9o d\u00e9contextualis\u00e9e sur une pr\u00e9tendue &quot;mise en sc\u00e8ne&quot; de la guerre entre le Hamas et Isra\u00ebl - EDMO Belux\" \/>\n<meta property=\"og:description\" content=\"&quot;Une vid\u00e9o montre que la guerre entre la Palestine et Isra\u00ebl est mise en sc\u00e8ne comme un film&quot;, soutiennent des publications Facebook (1, 2, 3) et X (ex-Twitter) - 4, 5 - qui relaient, depuis le 9 octobre 2023 - soit deux jours apr\u00e8s l&#039;attaque surprise du mouvement islamiste palestinien Hamas contre Isra\u00ebl -, une m\u00eame s\u00e9quence d&#039;une quarantaine de secondes.\" \/>\n<meta property=\"og:url\" content=\"https:\/\/belux.edmo.eu\/fr\/attention-cette-vido-dcontextualise-sur-une-prtendue-mise-en-scne-de-la-guerre-entre-le-hamas-et-isral\/\" \/>\n<meta property=\"og:site_name\" content=\"EDMO Belux\" \/>\n<meta property=\"article:published_time\" content=\"2023-10-12T11:47:10+00:00\" \/>\n<meta property=\"article:modified_time\" content=\"2023-10-19T13:50:57+00:00\" \/>\n<meta property=\"og:image\" content=\"https:\/\/belux-edmo.s3-accelerate.amazonaws.com\/wp-content\/uploads\/2023\/10\/f2f230691024b62d2586fc1593b0afc91a48e8ca-ipad.jpg\" \/>\n\t<meta property=\"og:image:width\" content=\"1080\" \/>\n\t<meta property=\"og:image:height\" content=\"540\" \/>\n\t<meta property=\"og:image:type\" content=\"image\/jpeg\" \/>\n<meta name=\"author\" content=\"master\" \/>\n<meta name=\"twitter:card\" content=\"summary_large_image\" \/>\n<meta name=\"twitter:creator\" content=\"@Edmo_Belux\" \/>\n<meta name=\"twitter:site\" content=\"@Edmo_Belux\" \/>\n<meta name=\"twitter:label1\" content=\"\u00c9crit par\" \/>\n\t<meta name=\"twitter:data1\" content=\"master\" \/>\n\t<meta name=\"twitter:label2\" content=\"Dur\u00e9e de lecture estim\u00e9e\" \/>\n\t<meta name=\"twitter:data2\" content=\"4 minutes\" \/>\n<script type=\"application\/ld+json\" class=\"yoast-schema-graph\">{\"@context\":\"https:\/\/schema.org\",\"@graph\":[{\"@type\":\"Article\",\"@id\":\"https:\/\/belux.edmo.eu\/fr\/attention-cette-vido-dcontextualise-sur-une-prtendue-mise-en-scne-de-la-guerre-entre-le-hamas-et-isral\/#article\",\"isPartOf\":{\"@id\":\"https:\/\/belux.edmo.eu\/fr\/attention-cette-vido-dcontextualise-sur-une-prtendue-mise-en-scne-de-la-guerre-entre-le-hamas-et-isral\/\"},\"author\":{\"name\":\"master\",\"@id\":\"https:\/\/belux.edmo.eu\/#\/schema\/person\/dbe3b252258537fd318f9b5645a30342\"},\"headline\":\"Attention \u00e0 cette vid\u00e9o d\u00e9contextualis\u00e9e sur une pr\u00e9tendue \u00ab\u00a0mise en sc\u00e8ne\u00a0\u00bb de la guerre entre le Hamas et Isra\u00ebl\",\"datePublished\":\"2023-10-12T11:47:10+00:00\",\"dateModified\":\"2023-10-19T13:50:57+00:00\",\"mainEntityOfPage\":{\"@id\":\"https:\/\/belux.edmo.eu\/fr\/attention-cette-vido-dcontextualise-sur-une-prtendue-mise-en-scne-de-la-guerre-entre-le-hamas-et-isral\/\"},\"wordCount\":937,\"publisher\":{\"@id\":\"https:\/\/belux.edmo.eu\/#organization\"},\"image\":{\"@id\":\"https:\/\/belux.edmo.eu\/fr\/attention-cette-vido-dcontextualise-sur-une-prtendue-mise-en-scne-de-la-guerre-entre-le-hamas-et-isral\/#primaryimage\"},\"thumbnailUrl\":\"https:\/\/belux-edmo.s3-accelerate.amazonaws.com\/wp-content\/uploads\/2023\/10\/f2f230691024b62d2586fc1593b0afc91a48e8ca-ipad.jpg\",\"articleSection\":[\"Fact-Check\",\"Moyen-Orient\",\"Politique\"],\"inLanguage\":\"fr-FR\"},{\"@type\":\"WebPage\",\"@id\":\"https:\/\/belux.edmo.eu\/fr\/attention-cette-vido-dcontextualise-sur-une-prtendue-mise-en-scne-de-la-guerre-entre-le-hamas-et-isral\/\",\"url\":\"https:\/\/belux.edmo.eu\/fr\/attention-cette-vido-dcontextualise-sur-une-prtendue-mise-en-scne-de-la-guerre-entre-le-hamas-et-isral\/\",\"name\":\"Attention \u00e0 cette vid\u00e9o d\u00e9contextualis\u00e9e sur une pr\u00e9tendue \\\"mise en sc\u00e8ne\\\" de la guerre entre le Hamas et Isra\u00ebl - EDMO Belux\",\"isPartOf\":{\"@id\":\"https:\/\/belux.edmo.eu\/#website\"},\"primaryImageOfPage\":{\"@id\":\"https:\/\/belux.edmo.eu\/fr\/attention-cette-vido-dcontextualise-sur-une-prtendue-mise-en-scne-de-la-guerre-entre-le-hamas-et-isral\/#primaryimage\"},\"image\":{\"@id\":\"https:\/\/belux.edmo.eu\/fr\/attention-cette-vido-dcontextualise-sur-une-prtendue-mise-en-scne-de-la-guerre-entre-le-hamas-et-isral\/#primaryimage\"},\"thumbnailUrl\":\"https:\/\/belux-edmo.s3-accelerate.amazonaws.com\/wp-content\/uploads\/2023\/10\/f2f230691024b62d2586fc1593b0afc91a48e8ca-ipad.jpg\",\"datePublished\":\"2023-10-12T11:47:10+00:00\",\"dateModified\":\"2023-10-19T13:50:57+00:00\",\"breadcrumb\":{\"@id\":\"https:\/\/belux.edmo.eu\/fr\/attention-cette-vido-dcontextualise-sur-une-prtendue-mise-en-scne-de-la-guerre-entre-le-hamas-et-isral\/#breadcrumb\"},\"inLanguage\":\"fr-FR\",\"potentialAction\":[{\"@type\":\"ReadAction\",\"target\":[\"https:\/\/belux.edmo.eu\/fr\/attention-cette-vido-dcontextualise-sur-une-prtendue-mise-en-scne-de-la-guerre-entre-le-hamas-et-isral\/\"]}]},{\"@type\":\"ImageObject\",\"inLanguage\":\"fr-FR\",\"@id\":\"https:\/\/belux.edmo.eu\/fr\/attention-cette-vido-dcontextualise-sur-une-prtendue-mise-en-scne-de-la-guerre-entre-le-hamas-et-isral\/#primaryimage\",\"url\":\"https:\/\/belux-edmo.s3-accelerate.amazonaws.com\/wp-content\/uploads\/2023\/10\/f2f230691024b62d2586fc1593b0afc91a48e8ca-ipad.jpg\",\"contentUrl\":\"https:\/\/belux-edmo.s3-accelerate.amazonaws.com\/wp-content\/uploads\/2023\/10\/f2f230691024b62d2586fc1593b0afc91a48e8ca-ipad.jpg\",\"width\":1080,\"height\":540,\"caption\":\"Attention \u00e0 cette vid\u00e9o d\u00e9contextualis\u00e9e sur une pr\u00e9tendue \\\"mise en sc\u00e8ne\\\" de la guerre entre le Hamas et Isra\u00ebl - Featured image\"},{\"@type\":\"BreadcrumbList\",\"@id\":\"https:\/\/belux.edmo.eu\/fr\/attention-cette-vido-dcontextualise-sur-une-prtendue-mise-en-scne-de-la-guerre-entre-le-hamas-et-isral\/#breadcrumb\",\"itemListElement\":[{\"@type\":\"ListItem\",\"position\":1,\"name\":\"Home\",\"item\":\"https:\/\/belux.edmo.eu\/fr\/\"},{\"@type\":\"ListItem\",\"position\":2,\"name\":\"Attention \u00e0 cette vid\u00e9o d\u00e9contextualis\u00e9e sur une pr\u00e9tendue &#8220;mise en sc\u00e8ne&#8221; de la guerre entre le Hamas et Isra\u00ebl\"}]},{\"@type\":\"WebSite\",\"@id\":\"https:\/\/belux.edmo.eu\/#website\",\"url\":\"https:\/\/belux.edmo.eu\/\",\"name\":\"EDMO Belux\",\"description\":\"Monitoring Disinformation in Belgium and Luxembourg\",\"publisher\":{\"@id\":\"https:\/\/belux.edmo.eu\/#organization\"},\"potentialAction\":[{\"@type\":\"SearchAction\",\"target\":{\"@type\":\"EntryPoint\",\"urlTemplate\":\"https:\/\/belux.edmo.eu\/?s={search_term_string}\"},\"query-input\":{\"@type\":\"PropertyValueSpecification\",\"valueRequired\":true,\"valueName\":\"search_term_string\"}}],\"inLanguage\":\"fr-FR\"},{\"@type\":\"Organization\",\"@id\":\"https:\/\/belux.edmo.eu\/#organization\",\"name\":\"EDMO Belux\",\"url\":\"https:\/\/belux.edmo.eu\/\",\"logo\":{\"@type\":\"ImageObject\",\"inLanguage\":\"fr-FR\",\"@id\":\"https:\/\/belux.edmo.eu\/#\/schema\/logo\/image\/\",\"url\":\"https:\/\/belux.edmo.eu\/wp-content\/uploads\/2021\/12\/belux-logo-full-color-rgb.svg\",\"contentUrl\":\"https:\/\/belux.edmo.eu\/wp-content\/uploads\/2021\/12\/belux-logo-full-color-rgb.svg\",\"width\":1,\"height\":1,\"caption\":\"EDMO Belux\"},\"image\":{\"@id\":\"https:\/\/belux.edmo.eu\/#\/schema\/logo\/image\/\"},\"sameAs\":[\"https:\/\/x.com\/Edmo_Belux\"]},{\"@type\":\"Person\",\"@id\":\"https:\/\/belux.edmo.eu\/#\/schema\/person\/dbe3b252258537fd318f9b5645a30342\",\"name\":\"master\",\"sameAs\":[\"https:\/\/belux.wpengine.com\"],\"url\":\"https:\/\/belux.edmo.eu\/fr\/author\/master\/\"}]}<\/script>\n<!-- \/ Yoast SEO plugin. -->","yoast_head_json":{"title":"Attention \u00e0 cette vid\u00e9o d\u00e9contextualis\u00e9e sur une pr\u00e9tendue \"mise en sc\u00e8ne\" de la guerre entre le Hamas et Isra\u00ebl - EDMO Belux","robots":{"index":"index","follow":"follow","max-snippet":"max-snippet:-1","max-image-preview":"max-image-preview:large","max-video-preview":"max-video-preview:-1"},"canonical":"https:\/\/belux.edmo.eu\/fr\/attention-cette-vido-dcontextualise-sur-une-prtendue-mise-en-scne-de-la-guerre-entre-le-hamas-et-isral\/","og_locale":"fr_FR","og_type":"article","og_title":"Attention \u00e0 cette vid\u00e9o d\u00e9contextualis\u00e9e sur une pr\u00e9tendue \"mise en sc\u00e8ne\" de la guerre entre le Hamas et Isra\u00ebl - EDMO Belux","og_description":"\"Une vid\u00e9o montre que la guerre entre la Palestine et Isra\u00ebl est mise en sc\u00e8ne comme un film\", soutiennent des publications Facebook (1, 2, 3) et X (ex-Twitter) - 4, 5 - qui relaient, depuis le 9 octobre 2023 - soit deux jours apr\u00e8s l'attaque surprise du mouvement islamiste palestinien Hamas contre Isra\u00ebl -, une m\u00eame s\u00e9quence d'une quarantaine de secondes.","og_url":"https:\/\/belux.edmo.eu\/fr\/attention-cette-vido-dcontextualise-sur-une-prtendue-mise-en-scne-de-la-guerre-entre-le-hamas-et-isral\/","og_site_name":"EDMO Belux","article_published_time":"2023-10-12T11:47:10+00:00","article_modified_time":"2023-10-19T13:50:57+00:00","og_image":[{"width":1080,"height":540,"url":"https:\/\/belux-edmo.s3-accelerate.amazonaws.com\/wp-content\/uploads\/2023\/10\/f2f230691024b62d2586fc1593b0afc91a48e8ca-ipad.jpg","type":"image\/jpeg"}],"author":"master","twitter_card":"summary_large_image","twitter_creator":"@Edmo_Belux","twitter_site":"@Edmo_Belux","twitter_misc":{"\u00c9crit par":"master","Dur\u00e9e de lecture estim\u00e9e":"4 minutes"},"schema":{"@context":"https:\/\/schema.org","@graph":[{"@type":"Article","@id":"https:\/\/belux.edmo.eu\/fr\/attention-cette-vido-dcontextualise-sur-une-prtendue-mise-en-scne-de-la-guerre-entre-le-hamas-et-isral\/#article","isPartOf":{"@id":"https:\/\/belux.edmo.eu\/fr\/attention-cette-vido-dcontextualise-sur-une-prtendue-mise-en-scne-de-la-guerre-entre-le-hamas-et-isral\/"},"author":{"name":"master","@id":"https:\/\/belux.edmo.eu\/#\/schema\/person\/dbe3b252258537fd318f9b5645a30342"},"headline":"Attention \u00e0 cette vid\u00e9o d\u00e9contextualis\u00e9e sur une pr\u00e9tendue \u00ab\u00a0mise en sc\u00e8ne\u00a0\u00bb de la guerre entre le Hamas et Isra\u00ebl","datePublished":"2023-10-12T11:47:10+00:00","dateModified":"2023-10-19T13:50:57+00:00","mainEntityOfPage":{"@id":"https:\/\/belux.edmo.eu\/fr\/attention-cette-vido-dcontextualise-sur-une-prtendue-mise-en-scne-de-la-guerre-entre-le-hamas-et-isral\/"},"wordCount":937,"publisher":{"@id":"https:\/\/belux.edmo.eu\/#organization"},"image":{"@id":"https:\/\/belux.edmo.eu\/fr\/attention-cette-vido-dcontextualise-sur-une-prtendue-mise-en-scne-de-la-guerre-entre-le-hamas-et-isral\/#primaryimage"},"thumbnailUrl":"https:\/\/belux-edmo.s3-accelerate.amazonaws.com\/wp-content\/uploads\/2023\/10\/f2f230691024b62d2586fc1593b0afc91a48e8ca-ipad.jpg","articleSection":["Fact-Check","Moyen-Orient","Politique"],"inLanguage":"fr-FR"},{"@type":"WebPage","@id":"https:\/\/belux.edmo.eu\/fr\/attention-cette-vido-dcontextualise-sur-une-prtendue-mise-en-scne-de-la-guerre-entre-le-hamas-et-isral\/","url":"https:\/\/belux.edmo.eu\/fr\/attention-cette-vido-dcontextualise-sur-une-prtendue-mise-en-scne-de-la-guerre-entre-le-hamas-et-isral\/","name":"Attention \u00e0 cette vid\u00e9o d\u00e9contextualis\u00e9e sur une pr\u00e9tendue \"mise en sc\u00e8ne\" de la guerre entre le Hamas et Isra\u00ebl - EDMO Belux","isPartOf":{"@id":"https:\/\/belux.edmo.eu\/#website"},"primaryImageOfPage":{"@id":"https:\/\/belux.edmo.eu\/fr\/attention-cette-vido-dcontextualise-sur-une-prtendue-mise-en-scne-de-la-guerre-entre-le-hamas-et-isral\/#primaryimage"},"image":{"@id":"https:\/\/belux.edmo.eu\/fr\/attention-cette-vido-dcontextualise-sur-une-prtendue-mise-en-scne-de-la-guerre-entre-le-hamas-et-isral\/#primaryimage"},"thumbnailUrl":"https:\/\/belux-edmo.s3-accelerate.amazonaws.com\/wp-content\/uploads\/2023\/10\/f2f230691024b62d2586fc1593b0afc91a48e8ca-ipad.jpg","datePublished":"2023-10-12T11:47:10+00:00","dateModified":"2023-10-19T13:50:57+00:00","breadcrumb":{"@id":"https:\/\/belux.edmo.eu\/fr\/attention-cette-vido-dcontextualise-sur-une-prtendue-mise-en-scne-de-la-guerre-entre-le-hamas-et-isral\/#breadcrumb"},"inLanguage":"fr-FR","potentialAction":[{"@type":"ReadAction","target":["https:\/\/belux.edmo.eu\/fr\/attention-cette-vido-dcontextualise-sur-une-prtendue-mise-en-scne-de-la-guerre-entre-le-hamas-et-isral\/"]}]},{"@type":"ImageObject","inLanguage":"fr-FR","@id":"https:\/\/belux.edmo.eu\/fr\/attention-cette-vido-dcontextualise-sur-une-prtendue-mise-en-scne-de-la-guerre-entre-le-hamas-et-isral\/#primaryimage","url":"https:\/\/belux-edmo.s3-accelerate.amazonaws.com\/wp-content\/uploads\/2023\/10\/f2f230691024b62d2586fc1593b0afc91a48e8ca-ipad.jpg","contentUrl":"https:\/\/belux-edmo.s3-accelerate.amazonaws.com\/wp-content\/uploads\/2023\/10\/f2f230691024b62d2586fc1593b0afc91a48e8ca-ipad.jpg","width":1080,"height":540,"caption":"Attention \u00e0 cette vid\u00e9o d\u00e9contextualis\u00e9e sur une pr\u00e9tendue \"mise en sc\u00e8ne\" de la guerre entre le Hamas et Isra\u00ebl - Featured image"},{"@type":"BreadcrumbList","@id":"https:\/\/belux.edmo.eu\/fr\/attention-cette-vido-dcontextualise-sur-une-prtendue-mise-en-scne-de-la-guerre-entre-le-hamas-et-isral\/#breadcrumb","itemListElement":[{"@type":"ListItem","position":1,"name":"Home","item":"https:\/\/belux.edmo.eu\/fr\/"},{"@type":"ListItem","position":2,"name":"Attention \u00e0 cette vid\u00e9o d\u00e9contextualis\u00e9e sur une pr\u00e9tendue &#8220;mise en sc\u00e8ne&#8221; de la guerre entre le Hamas et Isra\u00ebl"}]},{"@type":"WebSite","@id":"https:\/\/belux.edmo.eu\/#website","url":"https:\/\/belux.edmo.eu\/","name":"EDMO Belux","description":"Monitoring Disinformation in Belgium and Luxembourg","publisher":{"@id":"https:\/\/belux.edmo.eu\/#organization"},"potentialAction":[{"@type":"SearchAction","target":{"@type":"EntryPoint","urlTemplate":"https:\/\/belux.edmo.eu\/?s={search_term_string}"},"query-input":{"@type":"PropertyValueSpecification","valueRequired":true,"valueName":"search_term_string"}}],"inLanguage":"fr-FR"},{"@type":"Organization","@id":"https:\/\/belux.edmo.eu\/#organization","name":"EDMO Belux","url":"https:\/\/belux.edmo.eu\/","logo":{"@type":"ImageObject","inLanguage":"fr-FR","@id":"https:\/\/belux.edmo.eu\/#\/schema\/logo\/image\/","url":"https:\/\/belux.edmo.eu\/wp-content\/uploads\/2021\/12\/belux-logo-full-color-rgb.svg","contentUrl":"https:\/\/belux.edmo.eu\/wp-content\/uploads\/2021\/12\/belux-logo-full-color-rgb.svg","width":1,"height":1,"caption":"EDMO Belux"},"image":{"@id":"https:\/\/belux.edmo.eu\/#\/schema\/logo\/image\/"},"sameAs":["https:\/\/x.com\/Edmo_Belux"]},{"@type":"Person","@id":"https:\/\/belux.edmo.eu\/#\/schema\/person\/dbe3b252258537fd318f9b5645a30342","name":"master","sameAs":["https:\/\/belux.wpengine.com"],"url":"https:\/\/belux.edmo.eu\/fr\/author\/master\/"}]}},"menu_order":0,"_links":{"self":[{"href":"https:\/\/belux.edmo.eu\/fr\/wp-json\/wp\/v2\/posts\/291191","targetHints":{"allow":["GET"]}}],"collection":[{"href":"https:\/\/belux.edmo.eu\/fr\/wp-json\/wp\/v2\/posts"}],"about":[{"href":"https:\/\/belux.edmo.eu\/fr\/wp-json\/wp\/v2\/types\/post"}],"author":[{"embeddable":true,"href":"https:\/\/belux.edmo.eu\/fr\/wp-json\/wp\/v2\/users\/1"}],"replies":[{"embeddable":true,"href":"https:\/\/belux.edmo.eu\/fr\/wp-json\/wp\/v2\/comments?post=291191"}],"version-history":[{"count":0,"href":"https:\/\/belux.edmo.eu\/fr\/wp-json\/wp\/v2\/posts\/291191\/revisions"}],"wp:featuredmedia":[{"embeddable":true,"href":"https:\/\/belux.edmo.eu\/fr\/wp-json\/wp\/v2\/media\/291176"}],"wp:attachment":[{"href":"https:\/\/belux.edmo.eu\/fr\/wp-json\/wp\/v2\/media?parent=291191"}],"wp:term":[{"taxonomy":"category","embeddable":true,"href":"https:\/\/belux.edmo.eu\/fr\/wp-json\/wp\/v2\/categories?post=291191"},{"taxonomy":"post_tag","embeddable":true,"href":"https:\/\/belux.edmo.eu\/fr\/wp-json\/wp\/v2\/tags?post=291191"}],"curies":[{"name":"wp","href":"https:\/\/api.w.org\/{rel}","templated":true}]}}