{"id":297688,"date":"2023-11-27T11:47:44","date_gmt":"2023-11-27T11:47:44","guid":{"rendered":"https:\/\/belux.edmo.eu\/?p=297688"},"modified":"2023-11-27T14:00:39","modified_gmt":"2023-11-27T14:00:39","slug":"non-cette-vido-ne-montre-pas-des-excutions-de-civils-palestiniens-par-larme-isralienne-mais-un-massacre-perptr-en-syrie-en-2013","status":"publish","type":"post","link":"https:\/\/belux.edmo.eu\/fr\/non-cette-vido-ne-montre-pas-des-excutions-de-civils-palestiniens-par-larme-isralienne-mais-un-massacre-perptr-en-syrie-en-2013\/","title":{"rendered":"Non, cette vid\u00e9o ne montre pas des ex\u00e9cutions de civils palestiniens par l&rsquo;arm\u00e9e isra\u00e9lienne, mais un massacre perp\u00e9tr\u00e9 en Syrie en 2013"},"content":{"rendered":"<p><b>La guerre entre Isra\u00ebl et le Hamas a caus\u00e9 des milliers de mort depuis l&rsquo;attaque du Hamas le 7 octobre et les repr\u00e9sailles de l&rsquo;arm\u00e9e isra\u00e9lienne sur la bande de Gaza. Les informations et les images du conflit circulent massivement sur les r\u00e9seaux sociaux et sont partag\u00e9es par les soutiens des deux camps, afin de mobiliser l\u2019opinion. Mais circulent aussi de nombreuses infox et images sorties de leur contexte. Ainsi par exemple des internautes partagent une vid\u00e9o depuis d\u00e9but novembre 2023 en affirmant qu&rsquo;elle montre des soldats isra\u00e9liens ex\u00e9cuter des civils palestiniens puis les jeter dans une fosse commune. Mais ces images -tr\u00e8s violentes- ont \u00e9t\u00e9 sorties de leur contexte : elles datent en r\u00e9alit\u00e9 de 2013, et montrent un massacre perp\u00e9tr\u00e9 par l\u2019arm\u00e9e syrienne dans la banlieue de Damas.<\/b><br \/>\n<b><strong>Attention <\/strong>: images choquantes.<\/b><\/p>\n<p>Des milliers de personnes sont mortes depuis le d\u00e9clenchement de l&rsquo;engrenage de violence provoqu\u00e9 par l&rsquo;attaque d&rsquo;Isra\u00ebl le 7 octobre par le Hamas, au pouvoir \u00e0 Gaza.<\/p>\n<p>Au moins 1.200 personnes ont \u00e9t\u00e9 tu\u00e9es par le Hamas sur le territoire isra\u00e9lien, en majorit\u00e9 des civils tu\u00e9s le jour de l&rsquo;attaque d&rsquo;une violence et d&rsquo;une ampleur in\u00e9dite depuis la cr\u00e9ation d&rsquo;Isra\u00ebl en 1948, selon les derniers chiffres officiels isra\u00e9liens.<\/p>\n<p>L&rsquo;arm\u00e9e isra\u00e9lienne estime que quelque 240 personnes ont \u00e9t\u00e9 emmen\u00e9es comme otages dans la bande de Gaza au cours de l&rsquo;attaque initiale du Hamas. Parmi ces captifs figurent au moins trente mineurs, dont des enfants en bas \u00e2ge, selon des m\u00e9dias isra\u00e9liens.<\/p>\n<p>Les attaques men\u00e9es en repr\u00e9sailles par Isra\u00ebl \u00e0 Gaza ont quant \u00e0 elles tu\u00e9 plus de 11.000 personnes, dont une majorit\u00e9 de civils, selon le minist\u00e8re de la Sant\u00e9 du Hamas, tandis que de violents combats au sol font rage dans ce petit territoire tr\u00e8s peupl\u00e9 et en \u00e9tat de si\u00e8ge complet depuis le 9 octobre.<\/p>\n<p>Au moins 1,5 million de Palestiniens de Gaza ont \u00e9t\u00e9 d\u00e9plac\u00e9s depuis le d\u00e9but de la guerre, selon l&rsquo;ONU.<\/p>\n<p>Dans ce contexte, et alors que des images d\u2019atrocit\u00e9s circulent tr\u00e8s massivement sur les r\u00e9seaux sociaux, une vid\u00e9o particuli\u00e8rement explicite et violente est partag\u00e9e en plusieurs langues depuis d\u00e9but novembre 2023 sur <a href=\"https:\/\/web.archive.org\/web\/20231110135516\/https:\/\/twitter.com\/ouf_rid\/status\/1721702619196862735\" shape=\"rect\">X (ex-Twitter)<\/a>\u00a0Facebook ou TikTok<\/p>\n<div class=\"g2image\">\n<figure><img src=\"https:\/\/belux-edmo.s3-accelerate.amazonaws.com\/wp-content\/uploads\/2023\/11\/a2fd4f62e81b3587ade9ab5a97b99ee78ef6d155-ipad.jpg\" \/><figcaption>Capture d&rsquo;\u00e9cran r\u00e9alis\u00e9e sur Facebook, le 10\/11\/2023<\/figcaption><\/figure>\n<\/div>\n<p><b>Exactions en Syrie en 2013<\/b><\/p>\n<p>On y voit un homme en treillis conduire un homme v\u00eatu de bleu jusqu\u2019au bord d\u2019une fosse dans laquelle s\u2019empilent de nombreux cadavres, et l\u2019y jeter, yeux band\u00e9s et mains attach\u00e9es.<\/p>\n<p>Quelques secondes plus tard, un claquement d\u2019arme \u00e0 feu se fait entendre et la victime s\u2019immobilise. La vid\u00e9o s&rsquo;interrompt alors que le m\u00eame homme en treillis am\u00e8ne une deuxi\u00e8me personne au bord du gouffre.<\/p>\n<p>La l\u00e9gende qui l\u2019accompagne, traduite d\u2019un texte en anglais incrust\u00e9 sur une vid\u00e9o TikTok supprim\u00e9e depuis, est copi\u00e9e-coll\u00e9e d\u2019un message \u00e0 l\u2019autre. On y lit : \u00a0\u00bb<em>l&rsquo;arm\u00e9e isra\u00e9lienne m\u00e8ne une op\u00e9ration terrestre de crime de guerre \u00e0 Gaza. Elle fait exactement ce qu&rsquo;Hitler lui a fait. S&rsquo;il vous pla\u00eet, partagez-le avant qu&rsquo;ils ne le retirent des r\u00e9seaux sociaux, car ils contr\u00f4lent les messages<\/em>\u00a0\u00bb.<\/p>\n<p>Mais la vid\u00e9o date de 2013 et se d\u00e9roule en Syrie. Et ce n\u2019est pas la premi\u00e8re fois que ses images sont sorties de leur contexte.<\/p>\n<p><b>Les images d\u2019un massacre commis par les soldats du r\u00e9gime de Bachar Al-Assad pendant la guerre civile\u00a0<\/b><\/p>\n<p>Une recherche d\u2019images invers\u00e9e r\u00e9alis\u00e9e \u00e0 partir de diff\u00e9rents plans de la vid\u00e9o permet de trouver <a href=\"https:\/\/www.theguardian.com\/world\/2022\/apr\/27\/massacre-in-tadamon-how-two-academics-hunted-down-a-syrian-war-criminal\" shape=\"rect\">une enqu\u00eate<\/a> du quotidien britannique The Guardian dat\u00e9e du 7 avril 2022, consacr\u00e9e \u00e0 la vid\u00e9o en question (<a href=\"https:\/\/perma.cc\/A3UD-RZVS\" shape=\"rect\">archive<\/a>).<\/p>\n<p>D\u2019apr\u00e8s les recherches du Guardian, les m\u00e9tadonn\u00e9es extraites du fichier vid\u00e9o indiquent qu\u2019elle a \u00e9t\u00e9 r\u00e9alis\u00e9e le 16 avril 2013.<\/p>\n<p>Il s\u2019agit d&rsquo;images d&rsquo;un massacre commis par la branche 227 de la Direction de l\u2019Intelligence militaire, une section des forces arm\u00e9es de l\u2019Etat syrien de Bachar Al-Assad. On y voit un officier du renseignement syrien ex\u00e9cuter plusieurs personnes par balle, avant d&rsquo;incendier la fosse commune afin d&rsquo;effacer les traces des exactions.<\/p>\n<p>L\u2019enqu\u00eate du Guardian montre que la vid\u00e9o a \u00e9t\u00e9 r\u00e9alis\u00e9e dans la banlieue de Damas, par les soldats du r\u00e9gime eux-m\u00eames.<\/p>\n<p>Une comparaison entre des captures d\u2019\u00e9crans r\u00e9alis\u00e9es des deux vid\u00e9os permet de s\u2019assurer qu\u2019il s\u2019agit bien de la m\u00eame, aujourd\u2019hui partag\u00e9e par des internautes dans le cadre de la guerre entre Isra\u00ebl et le Hamas, comme le montrent les deux exemples ci-dessous:<\/p>\n<div class=\"g2image\">\n<figure><img src=\"https:\/\/belux-edmo.s3-accelerate.amazonaws.com\/wp-content\/uploads\/2023\/11\/02d3db7c30e7212c92ac2b6a048c0b6068edecb7-ipad.jpg\" \/><\/figure>\n<\/div>\n<p><br clear=\"none\" \/><br clear=\"none\" \/><br clear=\"none\" \/><\/p>\n<div class=\"g2image\">\n<figure><img src=\"https:\/\/belux-edmo.s3-accelerate.amazonaws.com\/wp-content\/uploads\/2023\/11\/470771db0305b9298417e282bf992cdbcdf538d1-ipad.jpg\" \/><figcaption>Comparaison entre des captures r\u00e9alis\u00e9es sur X (\u00e0 gauche) et la vid\u00e9o publi\u00e9e par The Guardian (\u00e0 droite), le 10\/11\/2023.<\/figcaption><\/figure>\n<\/div>\n<p>La Syrie conna\u00eet depuis 2011 <a href=\"https:\/\/www.europe1.fr\/international\/sept-ans-de-guerre-en-syrie-racontes-en-sept-images-3599495\" shape=\"rect\">une guerre civile sanglante<\/a>, opposant le r\u00e9gime de Bachar Al-Assad, au pouvoir, \u00e0 une n\u00e9buleuse de groupes arm\u00e9s et de mouvements politiques et religieux divers (<a href=\"https:\/\/www.europe1.fr\/international\/sept-ans-de-guerre-en-syrie-racontes-en-sept-images-3599495\" shape=\"rect\">archive<\/a>).<\/p>\n<p>D\u2019apr\u00e8s des estimations probablement sous-\u00e9valu\u00e9es, plus de 500.000 personnes sont mortes durant le conflit, et des millions de personnes ont \u00e9t\u00e9 d\u00e9plac\u00e9es.<\/p>\n<p><b>Une vid\u00e9o d\u00e9j\u00e0 sortie de son contexte \u00e0 la suite des s\u00e9isme meurtriers en Turquie, en f\u00e9vrier 2023<\/b><\/p>\n<p>Ce n\u2019est pas la premi\u00e8re fois que cette vid\u00e9o de 2013 est attribu\u00e9e \u00e0 tort \u00e0 un autre \u00e9v\u00e9nement sans rapport avec la Syrie.<\/p>\n<p>En mars 2023, l\u2019AFP a publi\u00e9 deux articles de v\u00e9rification, en <a href=\"https:\/\/factual.afp.com\/doc.afp.com.33AN43T\" shape=\"rect\">espagnol <\/a>et en <a href=\"https:\/\/factcheck.afp.com\/doc.afp.com.33CP3GB\" shape=\"rect\">anglais<\/a>, sur de fausses informations li\u00e9es aux s\u00e9ismes qui ont frapp\u00e9 la Turquie en f\u00e9vrier de la m\u00eame ann\u00e9e (archives <a href=\"https:\/\/perma.cc\/C7TP-5TST\" shape=\"rect\">1<\/a>, <a href=\"https:\/\/perma.cc\/9VMW-VQK4\" shape=\"rect\">2<\/a>).<\/p>\n<p>Des publications virales sur les r\u00e9seaux sociaux affirmaient alors que la vid\u00e9o du massacre de 2013 montrait l\u2019ex\u00e9cution par l\u2019arm\u00e9e turque d\u2019entrepreneurs n\u2019ayant pas respect\u00e9 les normes antisismiques lors de la construction de b\u00e2timents dans le sud-est du pays.<\/p>\n<p>Le 6 f\u00e9vrier 2023, <a href=\"https:\/\/www.france24.com\/fr\/moyen-orient\/20230306-s%C3%A9isme-en-turquie-et-en-syrie-le-bilan-humain-et-%C3%A9conomique-de-la-catastrophe-un-mois-apr%C3%A8shttps:\/\/www.france24.com\/fr\/moyen-orient\/20230306-s%C3%A9isme-en-turquie-et-en-syrie-le-bilan-humain-et-%C3%A9conomique-de-la-catastrophe-un-mois-apr%C3%A8s\" shape=\"rect\">un s\u00e9isme de magnitude 7,8<\/a> a frapp\u00e9 la province turque de Kahramanmaras, dans le sud, et le nord de la Syrie, \u00e0 Hatay (<a href=\"https:\/\/perma.cc\/5U98-4DDG\" shape=\"rect\">archive<\/a>).<\/p>\n<p>Il s\u2019agit d\u2019un des tremblements de terre les plus meurtriers de l\u2019Histoire moderne, et la catastrophe ainsi que les r\u00e9pliques qui ont suivi ont caus\u00e9 la mort de plus de 50.000 personnes en Turquie et plus de 5.000 en Syrie.<\/p>\n<p>L\u2019Etat turc avait annonc\u00e9 \u00e0 la suite de la catastrophe une s\u00e9rie d\u2019enqu\u00eates menant \u00e0 <a href=\"https:\/\/www.letemps.ch\/monde\/seisme-plus-35-000-morts-turquie-se-retourne-contre-promoteurs\" shape=\"rect\">l\u2019arrestation de promoteurs immobiliers<\/a>, accus\u00e9s de n\u2019avoir pas respect\u00e9 le code de l\u2019urbanisme afin d\u2019\u00e9conomiser sur la construction de b\u00e2timents, effondr\u00e9s pendant le s\u00e9isme (<a href=\"https:\/\/www.letemps.ch\/monde\/seisme-plus-35-000-morts-turquie-se-retourne-contre-promoteurs\" shape=\"rect\">archive<\/a>).<\/p>\n<p>De nombreuses autres fausses information en lien avec le conflit ont \u00e9t\u00e9 v\u00e9rifi\u00e9es par l&rsquo;AFP, \u00e0 retrouver sur le site\u00a0<a href=\"https:\/\/factuel.afp.com\/list\/all\/all\/all\/38563\/16\" target=\"_blank\" rel=\"noopener\" shape=\"rect\">AFP Factuel<\/a>.<\/p>\n","protected":false},"excerpt":{"rendered":"<p>Des milliers de personnes sont mortes depuis le d\u00e9clenchement de l&rsquo;engrenage de violence provoqu\u00e9 par l&rsquo;attaque d&rsquo;Isra\u00ebl le 7 octobre par le Hamas, au pouvoir \u00e0 Gaza.<\/p>\n","protected":false},"author":1,"featured_media":297668,"comment_status":"closed","ping_status":"open","sticky":false,"template":"","format":"standard","meta":{"_acf_changed":false,"footnotes":""},"categories":[125,403,132],"tags":[],"class_list":{"0":"post-297688","1":"post","2":"type-post","3":"status-publish","4":"format-standard","5":"has-post-thumbnail","7":"category-fact-check-fr","8":"category-moyen-orient","9":"category-politique"},"acf":{"show_metatags":true,"id":"http:\/\/doc.afp.com\/343E4CN","authors":"Pierre MOUTOT \/ AFP France","organization":"AFP","featured_image_copyright":"","text_copyright":"\u00a9 AGENCE FRANCE-PRESSE | 2024 | Tous droits r\u00e9serv\u00e9s. L\u2019acc\u00e8s aux contenus de l'AFP publi\u00e9s sur ce site et, le cas \u00e9ch\u00e9ant, leur utilisation sont soumis aux conditions g\u00e9n\u00e9rales d'utilisation disponibles sur <a href='https:\/\/www.afp.com\/fr\/cgu' target='_blank'>CGU<\/a>. Par cons\u00e9quent, en acc\u00e9dant aux contenus de l\u2019AFP publi\u00e9s sur ce site, et en les utilisant, le cas \u00e9ch\u00e9ant, vous acceptez d'\u00eatre li\u00e9 par les conditions g\u00e9n\u00e9rales d'utilisation susmentionn\u00e9es. L\u2019utilisation de contenus de l'AFP se fait sous votre seule et enti\u00e8re responsabilit\u00e9.","source":"https:\/\/factuel.afp.com\/doc.afp.com.343E4CN","fact_checker":"https:\/\/belux.wpengine.com\/wp-content\/uploads\/2021\/12\/afp_logo.png","type":"\u00c9v\u00e9nement ferm\u00e9","location":"","start_date":"","start_date_event_begins_at":"","start_date_event_ends_at":"","end_date":"","end_date_event_begins_at":"","end_date_event_ends_at":"","organizer":"","fact_checker_logo_image":false},"yoast_head":"<!-- This site is optimized with the Yoast SEO plugin v27.0 - https:\/\/yoast.com\/product\/yoast-seo-wordpress\/ -->\n<title>Non, cette vid\u00e9o ne montre pas des ex\u00e9cutions de civils palestiniens par l&#039;arm\u00e9e isra\u00e9lienne, mais un massacre perp\u00e9tr\u00e9 en Syrie en 2013 - EDMO Belux<\/title>\n<meta name=\"robots\" content=\"index, follow, max-snippet:-1, max-image-preview:large, max-video-preview:-1\" \/>\n<link rel=\"canonical\" href=\"https:\/\/belux.edmo.eu\/fr\/non-cette-vido-ne-montre-pas-des-excutions-de-civils-palestiniens-par-larme-isralienne-mais-un-massacre-perptr-en-syrie-en-2013\/\" \/>\n<meta property=\"og:locale\" content=\"fr_FR\" \/>\n<meta property=\"og:type\" content=\"article\" \/>\n<meta property=\"og:title\" content=\"Non, cette vid\u00e9o ne montre pas des ex\u00e9cutions de civils palestiniens par l&#039;arm\u00e9e isra\u00e9lienne, mais un massacre perp\u00e9tr\u00e9 en Syrie en 2013 - EDMO Belux\" \/>\n<meta property=\"og:description\" content=\"Des milliers de personnes sont mortes depuis le d\u00e9clenchement de l&#039;engrenage de violence provoqu\u00e9 par l&#039;attaque d&#039;Isra\u00ebl le 7 octobre par le Hamas, au pouvoir \u00e0 Gaza.\" \/>\n<meta property=\"og:url\" content=\"https:\/\/belux.edmo.eu\/fr\/non-cette-vido-ne-montre-pas-des-excutions-de-civils-palestiniens-par-larme-isralienne-mais-un-massacre-perptr-en-syrie-en-2013\/\" \/>\n<meta property=\"og:site_name\" content=\"EDMO Belux\" \/>\n<meta property=\"article:published_time\" content=\"2023-11-27T11:47:44+00:00\" \/>\n<meta property=\"article:modified_time\" content=\"2023-11-27T14:00:39+00:00\" \/>\n<meta property=\"og:image\" content=\"https:\/\/belux-edmo.s3-accelerate.amazonaws.com\/wp-content\/uploads\/2023\/11\/829d4e05cedb5f476481227b2942f841c2d1a7a6-ipad.jpg\" \/>\n\t<meta property=\"og:image:width\" content=\"1080\" \/>\n\t<meta property=\"og:image:height\" content=\"540\" \/>\n\t<meta property=\"og:image:type\" content=\"image\/jpeg\" \/>\n<meta name=\"author\" content=\"master\" \/>\n<meta name=\"twitter:card\" content=\"summary_large_image\" \/>\n<meta name=\"twitter:creator\" content=\"@Edmo_Belux\" \/>\n<meta name=\"twitter:site\" content=\"@Edmo_Belux\" \/>\n<meta name=\"twitter:label1\" content=\"\u00c9crit par\" \/>\n\t<meta name=\"twitter:data1\" content=\"master\" \/>\n\t<meta name=\"twitter:label2\" content=\"Dur\u00e9e de lecture estim\u00e9e\" \/>\n\t<meta name=\"twitter:data2\" content=\"6 minutes\" \/>\n<script type=\"application\/ld+json\" class=\"yoast-schema-graph\">{\"@context\":\"https:\/\/schema.org\",\"@graph\":[{\"@type\":\"Article\",\"@id\":\"https:\/\/belux.edmo.eu\/fr\/non-cette-vido-ne-montre-pas-des-excutions-de-civils-palestiniens-par-larme-isralienne-mais-un-massacre-perptr-en-syrie-en-2013\/#article\",\"isPartOf\":{\"@id\":\"https:\/\/belux.edmo.eu\/fr\/non-cette-vido-ne-montre-pas-des-excutions-de-civils-palestiniens-par-larme-isralienne-mais-un-massacre-perptr-en-syrie-en-2013\/\"},\"author\":{\"name\":\"master\",\"@id\":\"https:\/\/belux.edmo.eu\/#\/schema\/person\/dbe3b252258537fd318f9b5645a30342\"},\"headline\":\"Non, cette vid\u00e9o ne montre pas des ex\u00e9cutions de civils palestiniens par l&rsquo;arm\u00e9e isra\u00e9lienne, mais un massacre perp\u00e9tr\u00e9 en Syrie en 2013\",\"datePublished\":\"2023-11-27T11:47:44+00:00\",\"dateModified\":\"2023-11-27T14:00:39+00:00\",\"mainEntityOfPage\":{\"@id\":\"https:\/\/belux.edmo.eu\/fr\/non-cette-vido-ne-montre-pas-des-excutions-de-civils-palestiniens-par-larme-isralienne-mais-un-massacre-perptr-en-syrie-en-2013\/\"},\"wordCount\":1209,\"publisher\":{\"@id\":\"https:\/\/belux.edmo.eu\/#organization\"},\"image\":{\"@id\":\"https:\/\/belux.edmo.eu\/fr\/non-cette-vido-ne-montre-pas-des-excutions-de-civils-palestiniens-par-larme-isralienne-mais-un-massacre-perptr-en-syrie-en-2013\/#primaryimage\"},\"thumbnailUrl\":\"https:\/\/belux-edmo.s3-accelerate.amazonaws.com\/wp-content\/uploads\/2023\/11\/829d4e05cedb5f476481227b2942f841c2d1a7a6-ipad.jpg\",\"articleSection\":[\"Fact-Check\",\"Moyen-Orient\",\"Politique\"],\"inLanguage\":\"fr-FR\"},{\"@type\":\"WebPage\",\"@id\":\"https:\/\/belux.edmo.eu\/fr\/non-cette-vido-ne-montre-pas-des-excutions-de-civils-palestiniens-par-larme-isralienne-mais-un-massacre-perptr-en-syrie-en-2013\/\",\"url\":\"https:\/\/belux.edmo.eu\/fr\/non-cette-vido-ne-montre-pas-des-excutions-de-civils-palestiniens-par-larme-isralienne-mais-un-massacre-perptr-en-syrie-en-2013\/\",\"name\":\"Non, cette vid\u00e9o ne montre pas des ex\u00e9cutions de civils palestiniens par l'arm\u00e9e isra\u00e9lienne, mais un massacre perp\u00e9tr\u00e9 en Syrie en 2013 - EDMO Belux\",\"isPartOf\":{\"@id\":\"https:\/\/belux.edmo.eu\/#website\"},\"primaryImageOfPage\":{\"@id\":\"https:\/\/belux.edmo.eu\/fr\/non-cette-vido-ne-montre-pas-des-excutions-de-civils-palestiniens-par-larme-isralienne-mais-un-massacre-perptr-en-syrie-en-2013\/#primaryimage\"},\"image\":{\"@id\":\"https:\/\/belux.edmo.eu\/fr\/non-cette-vido-ne-montre-pas-des-excutions-de-civils-palestiniens-par-larme-isralienne-mais-un-massacre-perptr-en-syrie-en-2013\/#primaryimage\"},\"thumbnailUrl\":\"https:\/\/belux-edmo.s3-accelerate.amazonaws.com\/wp-content\/uploads\/2023\/11\/829d4e05cedb5f476481227b2942f841c2d1a7a6-ipad.jpg\",\"datePublished\":\"2023-11-27T11:47:44+00:00\",\"dateModified\":\"2023-11-27T14:00:39+00:00\",\"breadcrumb\":{\"@id\":\"https:\/\/belux.edmo.eu\/fr\/non-cette-vido-ne-montre-pas-des-excutions-de-civils-palestiniens-par-larme-isralienne-mais-un-massacre-perptr-en-syrie-en-2013\/#breadcrumb\"},\"inLanguage\":\"fr-FR\",\"potentialAction\":[{\"@type\":\"ReadAction\",\"target\":[\"https:\/\/belux.edmo.eu\/fr\/non-cette-vido-ne-montre-pas-des-excutions-de-civils-palestiniens-par-larme-isralienne-mais-un-massacre-perptr-en-syrie-en-2013\/\"]}]},{\"@type\":\"ImageObject\",\"inLanguage\":\"fr-FR\",\"@id\":\"https:\/\/belux.edmo.eu\/fr\/non-cette-vido-ne-montre-pas-des-excutions-de-civils-palestiniens-par-larme-isralienne-mais-un-massacre-perptr-en-syrie-en-2013\/#primaryimage\",\"url\":\"https:\/\/belux-edmo.s3-accelerate.amazonaws.com\/wp-content\/uploads\/2023\/11\/829d4e05cedb5f476481227b2942f841c2d1a7a6-ipad.jpg\",\"contentUrl\":\"https:\/\/belux-edmo.s3-accelerate.amazonaws.com\/wp-content\/uploads\/2023\/11\/829d4e05cedb5f476481227b2942f841c2d1a7a6-ipad.jpg\",\"width\":1080,\"height\":540,\"caption\":\"Non, cette vid\u00e9o ne montre pas des ex\u00e9cutions de civils palestiniens par l'arm\u00e9e isra\u00e9lienne, mais un massacre perp\u00e9tr\u00e9 en Syrie en 2013 - Featured image\"},{\"@type\":\"BreadcrumbList\",\"@id\":\"https:\/\/belux.edmo.eu\/fr\/non-cette-vido-ne-montre-pas-des-excutions-de-civils-palestiniens-par-larme-isralienne-mais-un-massacre-perptr-en-syrie-en-2013\/#breadcrumb\",\"itemListElement\":[{\"@type\":\"ListItem\",\"position\":1,\"name\":\"Home\",\"item\":\"https:\/\/belux.edmo.eu\/fr\/\"},{\"@type\":\"ListItem\",\"position\":2,\"name\":\"Non, cette vid\u00e9o ne montre pas des ex\u00e9cutions de civils palestiniens par l&#8217;arm\u00e9e isra\u00e9lienne, mais un massacre perp\u00e9tr\u00e9 en Syrie en 2013\"}]},{\"@type\":\"WebSite\",\"@id\":\"https:\/\/belux.edmo.eu\/#website\",\"url\":\"https:\/\/belux.edmo.eu\/\",\"name\":\"EDMO Belux\",\"description\":\"Monitoring Disinformation in Belgium and Luxembourg\",\"publisher\":{\"@id\":\"https:\/\/belux.edmo.eu\/#organization\"},\"potentialAction\":[{\"@type\":\"SearchAction\",\"target\":{\"@type\":\"EntryPoint\",\"urlTemplate\":\"https:\/\/belux.edmo.eu\/?s={search_term_string}\"},\"query-input\":{\"@type\":\"PropertyValueSpecification\",\"valueRequired\":true,\"valueName\":\"search_term_string\"}}],\"inLanguage\":\"fr-FR\"},{\"@type\":\"Organization\",\"@id\":\"https:\/\/belux.edmo.eu\/#organization\",\"name\":\"EDMO Belux\",\"url\":\"https:\/\/belux.edmo.eu\/\",\"logo\":{\"@type\":\"ImageObject\",\"inLanguage\":\"fr-FR\",\"@id\":\"https:\/\/belux.edmo.eu\/#\/schema\/logo\/image\/\",\"url\":\"https:\/\/belux.edmo.eu\/wp-content\/uploads\/2021\/12\/belux-logo-full-color-rgb.svg\",\"contentUrl\":\"https:\/\/belux.edmo.eu\/wp-content\/uploads\/2021\/12\/belux-logo-full-color-rgb.svg\",\"width\":1,\"height\":1,\"caption\":\"EDMO Belux\"},\"image\":{\"@id\":\"https:\/\/belux.edmo.eu\/#\/schema\/logo\/image\/\"},\"sameAs\":[\"https:\/\/x.com\/Edmo_Belux\"]},{\"@type\":\"Person\",\"@id\":\"https:\/\/belux.edmo.eu\/#\/schema\/person\/dbe3b252258537fd318f9b5645a30342\",\"name\":\"master\",\"sameAs\":[\"https:\/\/belux.wpengine.com\"],\"url\":\"https:\/\/belux.edmo.eu\/fr\/author\/master\/\"}]}<\/script>\n<!-- \/ Yoast SEO plugin. -->","yoast_head_json":{"title":"Non, cette vid\u00e9o ne montre pas des ex\u00e9cutions de civils palestiniens par l'arm\u00e9e isra\u00e9lienne, mais un massacre perp\u00e9tr\u00e9 en Syrie en 2013 - EDMO Belux","robots":{"index":"index","follow":"follow","max-snippet":"max-snippet:-1","max-image-preview":"max-image-preview:large","max-video-preview":"max-video-preview:-1"},"canonical":"https:\/\/belux.edmo.eu\/fr\/non-cette-vido-ne-montre-pas-des-excutions-de-civils-palestiniens-par-larme-isralienne-mais-un-massacre-perptr-en-syrie-en-2013\/","og_locale":"fr_FR","og_type":"article","og_title":"Non, cette vid\u00e9o ne montre pas des ex\u00e9cutions de civils palestiniens par l'arm\u00e9e isra\u00e9lienne, mais un massacre perp\u00e9tr\u00e9 en Syrie en 2013 - EDMO Belux","og_description":"Des milliers de personnes sont mortes depuis le d\u00e9clenchement de l'engrenage de violence provoqu\u00e9 par l'attaque d'Isra\u00ebl le 7 octobre par le Hamas, au pouvoir \u00e0 Gaza.","og_url":"https:\/\/belux.edmo.eu\/fr\/non-cette-vido-ne-montre-pas-des-excutions-de-civils-palestiniens-par-larme-isralienne-mais-un-massacre-perptr-en-syrie-en-2013\/","og_site_name":"EDMO Belux","article_published_time":"2023-11-27T11:47:44+00:00","article_modified_time":"2023-11-27T14:00:39+00:00","og_image":[{"width":1080,"height":540,"url":"https:\/\/belux-edmo.s3-accelerate.amazonaws.com\/wp-content\/uploads\/2023\/11\/829d4e05cedb5f476481227b2942f841c2d1a7a6-ipad.jpg","type":"image\/jpeg"}],"author":"master","twitter_card":"summary_large_image","twitter_creator":"@Edmo_Belux","twitter_site":"@Edmo_Belux","twitter_misc":{"\u00c9crit par":"master","Dur\u00e9e de lecture estim\u00e9e":"6 minutes"},"schema":{"@context":"https:\/\/schema.org","@graph":[{"@type":"Article","@id":"https:\/\/belux.edmo.eu\/fr\/non-cette-vido-ne-montre-pas-des-excutions-de-civils-palestiniens-par-larme-isralienne-mais-un-massacre-perptr-en-syrie-en-2013\/#article","isPartOf":{"@id":"https:\/\/belux.edmo.eu\/fr\/non-cette-vido-ne-montre-pas-des-excutions-de-civils-palestiniens-par-larme-isralienne-mais-un-massacre-perptr-en-syrie-en-2013\/"},"author":{"name":"master","@id":"https:\/\/belux.edmo.eu\/#\/schema\/person\/dbe3b252258537fd318f9b5645a30342"},"headline":"Non, cette vid\u00e9o ne montre pas des ex\u00e9cutions de civils palestiniens par l&rsquo;arm\u00e9e isra\u00e9lienne, mais un massacre perp\u00e9tr\u00e9 en Syrie en 2013","datePublished":"2023-11-27T11:47:44+00:00","dateModified":"2023-11-27T14:00:39+00:00","mainEntityOfPage":{"@id":"https:\/\/belux.edmo.eu\/fr\/non-cette-vido-ne-montre-pas-des-excutions-de-civils-palestiniens-par-larme-isralienne-mais-un-massacre-perptr-en-syrie-en-2013\/"},"wordCount":1209,"publisher":{"@id":"https:\/\/belux.edmo.eu\/#organization"},"image":{"@id":"https:\/\/belux.edmo.eu\/fr\/non-cette-vido-ne-montre-pas-des-excutions-de-civils-palestiniens-par-larme-isralienne-mais-un-massacre-perptr-en-syrie-en-2013\/#primaryimage"},"thumbnailUrl":"https:\/\/belux-edmo.s3-accelerate.amazonaws.com\/wp-content\/uploads\/2023\/11\/829d4e05cedb5f476481227b2942f841c2d1a7a6-ipad.jpg","articleSection":["Fact-Check","Moyen-Orient","Politique"],"inLanguage":"fr-FR"},{"@type":"WebPage","@id":"https:\/\/belux.edmo.eu\/fr\/non-cette-vido-ne-montre-pas-des-excutions-de-civils-palestiniens-par-larme-isralienne-mais-un-massacre-perptr-en-syrie-en-2013\/","url":"https:\/\/belux.edmo.eu\/fr\/non-cette-vido-ne-montre-pas-des-excutions-de-civils-palestiniens-par-larme-isralienne-mais-un-massacre-perptr-en-syrie-en-2013\/","name":"Non, cette vid\u00e9o ne montre pas des ex\u00e9cutions de civils palestiniens par l'arm\u00e9e isra\u00e9lienne, mais un massacre perp\u00e9tr\u00e9 en Syrie en 2013 - EDMO Belux","isPartOf":{"@id":"https:\/\/belux.edmo.eu\/#website"},"primaryImageOfPage":{"@id":"https:\/\/belux.edmo.eu\/fr\/non-cette-vido-ne-montre-pas-des-excutions-de-civils-palestiniens-par-larme-isralienne-mais-un-massacre-perptr-en-syrie-en-2013\/#primaryimage"},"image":{"@id":"https:\/\/belux.edmo.eu\/fr\/non-cette-vido-ne-montre-pas-des-excutions-de-civils-palestiniens-par-larme-isralienne-mais-un-massacre-perptr-en-syrie-en-2013\/#primaryimage"},"thumbnailUrl":"https:\/\/belux-edmo.s3-accelerate.amazonaws.com\/wp-content\/uploads\/2023\/11\/829d4e05cedb5f476481227b2942f841c2d1a7a6-ipad.jpg","datePublished":"2023-11-27T11:47:44+00:00","dateModified":"2023-11-27T14:00:39+00:00","breadcrumb":{"@id":"https:\/\/belux.edmo.eu\/fr\/non-cette-vido-ne-montre-pas-des-excutions-de-civils-palestiniens-par-larme-isralienne-mais-un-massacre-perptr-en-syrie-en-2013\/#breadcrumb"},"inLanguage":"fr-FR","potentialAction":[{"@type":"ReadAction","target":["https:\/\/belux.edmo.eu\/fr\/non-cette-vido-ne-montre-pas-des-excutions-de-civils-palestiniens-par-larme-isralienne-mais-un-massacre-perptr-en-syrie-en-2013\/"]}]},{"@type":"ImageObject","inLanguage":"fr-FR","@id":"https:\/\/belux.edmo.eu\/fr\/non-cette-vido-ne-montre-pas-des-excutions-de-civils-palestiniens-par-larme-isralienne-mais-un-massacre-perptr-en-syrie-en-2013\/#primaryimage","url":"https:\/\/belux-edmo.s3-accelerate.amazonaws.com\/wp-content\/uploads\/2023\/11\/829d4e05cedb5f476481227b2942f841c2d1a7a6-ipad.jpg","contentUrl":"https:\/\/belux-edmo.s3-accelerate.amazonaws.com\/wp-content\/uploads\/2023\/11\/829d4e05cedb5f476481227b2942f841c2d1a7a6-ipad.jpg","width":1080,"height":540,"caption":"Non, cette vid\u00e9o ne montre pas des ex\u00e9cutions de civils palestiniens par l'arm\u00e9e isra\u00e9lienne, mais un massacre perp\u00e9tr\u00e9 en Syrie en 2013 - Featured image"},{"@type":"BreadcrumbList","@id":"https:\/\/belux.edmo.eu\/fr\/non-cette-vido-ne-montre-pas-des-excutions-de-civils-palestiniens-par-larme-isralienne-mais-un-massacre-perptr-en-syrie-en-2013\/#breadcrumb","itemListElement":[{"@type":"ListItem","position":1,"name":"Home","item":"https:\/\/belux.edmo.eu\/fr\/"},{"@type":"ListItem","position":2,"name":"Non, cette vid\u00e9o ne montre pas des ex\u00e9cutions de civils palestiniens par l&#8217;arm\u00e9e isra\u00e9lienne, mais un massacre perp\u00e9tr\u00e9 en Syrie en 2013"}]},{"@type":"WebSite","@id":"https:\/\/belux.edmo.eu\/#website","url":"https:\/\/belux.edmo.eu\/","name":"EDMO Belux","description":"Monitoring Disinformation in Belgium and Luxembourg","publisher":{"@id":"https:\/\/belux.edmo.eu\/#organization"},"potentialAction":[{"@type":"SearchAction","target":{"@type":"EntryPoint","urlTemplate":"https:\/\/belux.edmo.eu\/?s={search_term_string}"},"query-input":{"@type":"PropertyValueSpecification","valueRequired":true,"valueName":"search_term_string"}}],"inLanguage":"fr-FR"},{"@type":"Organization","@id":"https:\/\/belux.edmo.eu\/#organization","name":"EDMO Belux","url":"https:\/\/belux.edmo.eu\/","logo":{"@type":"ImageObject","inLanguage":"fr-FR","@id":"https:\/\/belux.edmo.eu\/#\/schema\/logo\/image\/","url":"https:\/\/belux.edmo.eu\/wp-content\/uploads\/2021\/12\/belux-logo-full-color-rgb.svg","contentUrl":"https:\/\/belux.edmo.eu\/wp-content\/uploads\/2021\/12\/belux-logo-full-color-rgb.svg","width":1,"height":1,"caption":"EDMO Belux"},"image":{"@id":"https:\/\/belux.edmo.eu\/#\/schema\/logo\/image\/"},"sameAs":["https:\/\/x.com\/Edmo_Belux"]},{"@type":"Person","@id":"https:\/\/belux.edmo.eu\/#\/schema\/person\/dbe3b252258537fd318f9b5645a30342","name":"master","sameAs":["https:\/\/belux.wpengine.com"],"url":"https:\/\/belux.edmo.eu\/fr\/author\/master\/"}]}},"menu_order":0,"_links":{"self":[{"href":"https:\/\/belux.edmo.eu\/fr\/wp-json\/wp\/v2\/posts\/297688","targetHints":{"allow":["GET"]}}],"collection":[{"href":"https:\/\/belux.edmo.eu\/fr\/wp-json\/wp\/v2\/posts"}],"about":[{"href":"https:\/\/belux.edmo.eu\/fr\/wp-json\/wp\/v2\/types\/post"}],"author":[{"embeddable":true,"href":"https:\/\/belux.edmo.eu\/fr\/wp-json\/wp\/v2\/users\/1"}],"replies":[{"embeddable":true,"href":"https:\/\/belux.edmo.eu\/fr\/wp-json\/wp\/v2\/comments?post=297688"}],"version-history":[{"count":0,"href":"https:\/\/belux.edmo.eu\/fr\/wp-json\/wp\/v2\/posts\/297688\/revisions"}],"wp:featuredmedia":[{"embeddable":true,"href":"https:\/\/belux.edmo.eu\/fr\/wp-json\/wp\/v2\/media\/297668"}],"wp:attachment":[{"href":"https:\/\/belux.edmo.eu\/fr\/wp-json\/wp\/v2\/media?parent=297688"}],"wp:term":[{"taxonomy":"category","embeddable":true,"href":"https:\/\/belux.edmo.eu\/fr\/wp-json\/wp\/v2\/categories?post=297688"},{"taxonomy":"post_tag","embeddable":true,"href":"https:\/\/belux.edmo.eu\/fr\/wp-json\/wp\/v2\/tags?post=297688"}],"curies":[{"name":"wp","href":"https:\/\/api.w.org\/{rel}","templated":true}]}}