{"id":317294,"date":"2024-02-05T08:26:37","date_gmt":"2024-02-05T08:26:37","guid":{"rendered":"https:\/\/belux.edmo.eu\/?p=317294"},"modified":"2024-02-05T09:35:45","modified_gmt":"2024-02-05T09:35:45","slug":"non-les-migrants-en-allemagne-nont-pas-envoy-43-milliards-deuros-dans-leur-pays-dorigine","status":"publish","type":"post","link":"https:\/\/belux.edmo.eu\/fr\/non-les-migrants-en-allemagne-nont-pas-envoy-43-milliards-deuros-dans-leur-pays-dorigine\/","title":{"rendered":"Non, les migrants en Allemagne n&rsquo;ont pas envoy\u00e9 43 milliards d&rsquo;euros dans leur pays d&rsquo;origine"},"content":{"rendered":"<p><b>En Allemagne, le nombre de demandes d&rsquo;asile a bondi de 50% entre 2022 et 2023, selon des chiffres d\u00e9voil\u00e9s en janvier par l&rsquo;Office f\u00e9d\u00e9ral pour la migration et les r\u00e9fugi\u00e9s. Dans ce contexte, plusieurs internautes assurent que les migrants pr\u00e9sents sur le sol allemand auraient envoy\u00e9 43,5 milliards d&rsquo;euros \u00e0 leur famille rest\u00e9e dans leur pays d&rsquo;origine. Mais c&rsquo;est faux. Il s&rsquo;agit ici de chiffres portant sur l&rsquo;ensemble des transferts r\u00e9alis\u00e9s depuis l&rsquo;Union europ\u00e9enne vers des pays en dehors de l&rsquo;UE. Les envois effectu\u00e9s par les migrants en Allemagne, essentiels au d\u00e9veloppement \u00e9conomique de nombreux pays selon des \u00e9conomistes contact\u00e9s par l&rsquo;AFP, repr\u00e9sentaient 7 milliards d&rsquo;euros en 2023.<\/b><\/p>\n<p><em>\u00ab\u00a0Allemagne : Les migrants re\u00e7oivent tellement d&rsquo;aide sociale qu&rsquo;ils envoient environ 43,5 milliards d&rsquo;euros dans leur pays d&rsquo;origine vers des membres de leur famille\u00a0\u00bb<\/em>, \u00e9crit sur X un internaute dans une\u00a0<a href=\"https:\/\/perma.cc\/EJ4J-GTVH\" target=\"_blank\" rel=\"noopener\" shape=\"rect\">publication<\/a> partag\u00e9e plusieurs milliers de fois depuis le 27 janvier.<\/p>\n<p>Une image dont les codes visuels reprennent ceux de la cha\u00eene de t\u00e9l\u00e9vision allemande <a href=\"https:\/\/www.youtube.com\/@WELTVideoTV\" target=\"_blank\" rel=\"noopener\" shape=\"rect\">Welt<\/a> accompagne ce message.\u00a0L&rsquo;AFP n&rsquo;a pas \u00e9t\u00e9 en mesure de retrouver cet extrait dans les archives vid\u00e9os de la cha\u00eene de t\u00e9l\u00e9vision.<\/p>\n<p><em>\u00ab\u00a0Transfert d&rsquo;argent \u00e0 domicile : Les migrants envoient 43,5 milliards \u00e0 l&rsquo;\u00e9tranger\u00a0\u00bb<\/em>, peut-on lire sur le bandeau explicatif.<\/p>\n<div class=\"g2picture\">\n<figure><img src=\"https:\/\/belux-edmo.s3-accelerate.amazonaws.com\/wp-content\/uploads\/2024\/02\/9d4cef732ae055f79a1c0b2e6f867c812b460813-ipad.jpg\" \/><figcaption>Capture d&rsquo;\u00e9cran r\u00e9alis\u00e9e sur X le 01\/02\/2024<\/figcaption><\/figure>\n<\/div>\n<p>Cette affirmation est \u00e9galement relay\u00e9e sur <a href=\"https:\/\/perma.cc\/BY2W-2ZWD\" target=\"_blank\" rel=\"noopener\" shape=\"rect\">Facebook<\/a>, dans d&rsquo;autres langues, comme en <a href=\"https:\/\/perma.cc\/3V67-LR49\" target=\"_blank\" rel=\"noopener\" shape=\"rect\">allemand<\/a> et en <a href=\"https:\/\/perma.cc\/64GS-FTF3\" target=\"_blank\" rel=\"noopener\" shape=\"rect\">n\u00e9erlandais<\/a>.<\/p>\n<p>Le partage de ces messages intervient alors que l&rsquo;extr\u00eame droite allemande a essuy\u00e9 le 28 janvier un\u00a0<a href=\"https:\/\/www.ouest-france.fr\/actualite-en-continu\/allemagne-l-extreme-droite-essuie-un-revers-electoral-apres-des-manifestations-f9fc5e33-b941-441a-8115-c2d88a7e9f75\" target=\"_blank\" rel=\"noopener\" shape=\"rect\">revers \u00e9lectoral<\/a> dans le sillage de manifestations d&rsquo;une ampleur in\u00e9dite dans le pays contre son programme, alors qu&rsquo;elle semblait depuis des mois sur une dynamique ascendante inarr\u00eatable (lien archiv\u00e9 <a href=\"https:\/\/perma.cc\/R2XV-LBDZ\" target=\"_blank\" rel=\"noopener\" shape=\"rect\">ici<\/a>).<\/p>\n<p><b>Chiffres europ\u00e9ens<\/b><\/p>\n<p>Le chiffre de 43,5 milliards d&rsquo;euros avanc\u00e9 dans les publications virales correspond en r\u00e9alit\u00e9 aux\u00a0<em>\u00ab\u00a0transferts personnels\u00a0\u00bb<\/em> depuis tous les pays de l&rsquo;UE vers l&rsquo;ext\u00e9rieur pour l&rsquo;ann\u00e9e 2023, comme l&rsquo;indique l&rsquo;<a href=\"https:\/\/ec.europa.eu\/eurostat\/fr\/web\/products-eurostat-news\/w\/ddn-20231213-1\" target=\"_blank\" rel=\"noopener\" shape=\"rect\">institut europ\u00e9en de statistiques<\/a> Eurostat (lien archiv\u00e9 <a href=\"https:\/\/perma.cc\/9DCU-3F9Y\" target=\"_blank\" rel=\"noopener\" shape=\"rect\">ici<\/a>). En clair : l&rsquo;addition de tous les envois et virements r\u00e9alis\u00e9s par les foyers de l&rsquo;Union europ\u00e9enne vers des foyers situ\u00e9s en dehors de l&rsquo;UE. Ceci exclut par exemple les mouvements financiers entre Etats ou entreprises.<\/p>\n<p>Sont ainsi comptabilis\u00e9s aussi bien les versements pour payer l&rsquo;\u00e9ducation d&rsquo;un enfant \u00e0 l&rsquo;\u00e9tranger, les h\u00e9ritages ou bien les sommes d&rsquo;argent que certains migrants peuvent envoyer \u00e0 leur famille rest\u00e9e dans leur pays d&rsquo;origine.<\/p>\n<p>Ces transferts personnels de l&rsquo;UE vers l&rsquo;ext\u00e9rieur ont grimp\u00e9 de plus de 41% depuis 2018 et de 14% entre 2021 et 2022.<\/p>\n<div class=\"g2picture\">\n<figure><img src=\"https:\/\/belux-edmo.s3-accelerate.amazonaws.com\/wp-content\/uploads\/2024\/02\/7f301d811cb1a9ed3b260e3c3cf6aa85a23dab3f-ipad.jpg\" \/><figcaption>Capture d&rsquo;\u00e9cran r\u00e9alis\u00e9e le 01\/02\/2024 sur le site d&rsquo;Eurostat repr\u00e9sentant les flux d&rsquo;argent entrant et sortant de l&rsquo;Union europ\u00e9enne<\/figcaption><\/figure>\n<\/div>\n<p>Les sommes d&rsquo;argent effectuant le chemin inverse ont aussi augment\u00e9 sur la m\u00eame p\u00e9riode, mais dans une proportion moindre (+15%), ce qui induit <em>\u00ab\u00a0un solde n\u00e9gatif croissant [&#8230;] atteignant 30 milliards d&rsquo;euros en 2022\u00a0\u00bb<\/em>, selon Eurostat.<\/p>\n<p>Ces chiffres cachent toutefois de grandes disparit\u00e9s entre les pays, Chypre, Malte et l&rsquo;Espagne pr\u00e9sentant par exemple des flux d&rsquo;argent sortants bien plus importants que ceux entrants. Au contraire, les foyers croates et bulgares re\u00e7oivent bien plus d&rsquo;argent que ce qu&rsquo;ils n&rsquo;envoient, permettant \u00e0 ces deux pays d&rsquo;afficher un solde largement positif (respectivement 2,8% et 1,4% de leur Produit int\u00e9rieur brut, PIB).<\/p>\n<p>Concernant l&rsquo;Allemagne, les donn\u00e9es de l&rsquo;Union europ\u00e9enne pointent un solde l\u00e9g\u00e8rement n\u00e9gatif, repr\u00e9sentant 0,2% du PIB du pays.<\/p>\n<div class=\"g2picture\">\n<figure><img src=\"https:\/\/belux-edmo.s3-accelerate.amazonaws.com\/wp-content\/uploads\/2024\/02\/5f8131ab86af25a3559235e7d5c36a5202469383-ipad.jpg\" \/><figcaption>Capture d&rsquo;\u00e9cran r\u00e9alis\u00e9e le 01\/02\/2024 sur le site d&rsquo;Eurostat repr\u00e9sentant les soldes de transferts d&rsquo;argent en pourcentage de PIB<\/figcaption><\/figure>\n<\/div>\n<p>Il n&rsquo;existe pas de suivi exhaustif des transferts d&rsquo;argent de l&rsquo;Allemagne vers d&rsquo;autres pays. Mais la banque f\u00e9d\u00e9rale, la banque centrale du pays, compile diff\u00e9rentes statistiques pour arriver \u00e0 une <a href=\"https:\/\/www.bundesbank.de\/de\/statistiken\/aussenwirtschaft\/zahlungsbilanz\/zahlungsbilanz-772298\" target=\"_blank\" rel=\"noopener\" shape=\"rect\">estimation annuelle<\/a> (lien archiv\u00e9 <a href=\"https:\/\/perma.cc\/HKP8-RE7N\" target=\"_blank\" rel=\"noopener\" shape=\"rect\">ici<\/a>).<\/p>\n<p>Selon l&rsquo;institution, en 2022 plus de 7,1 milliards d&rsquo;euros auraient ainsi \u00e9t\u00e9 transf\u00e9r\u00e9s en dehors du pays, contre 5,1 milliards en 2018.\u00a0La Turquie, la Roumanie, la Pologne et la Syrie sont les principales destinations de ces envois.<\/p>\n<p>Il est possible de remarquer des similitudes avec l&rsquo;origine des personnes immigrant en Allemagne.<\/p>\n<p>Parmi les <a href=\"https:\/\/www.destatis.de\/DE\/Themen\/Gesellschaft-Umwelt\/Bevoelkerung\/Migration-Integration\/Publikationen\/Downloads-Migration\/statistischer-bericht-migrationshintergrund-erst-2010220227005.html\" target=\"_blank\" rel=\"noopener\" shape=\"rect\">23,8 millions<\/a> de personnes d&rsquo;origine \u00e9trang\u00e8re vivant en Allemagne, dont pr\u00e8s de deux-tiers sont des migrants de premi\u00e8re g\u00e9n\u00e9ration, 11,9% viennent de Turquie, 9,2% de Pologne, 5,1% de Syrie et 4,6% de Roumanie (lien archiv\u00e9 <a href=\"https:\/\/perma.cc\/HBF6-EFKH\" target=\"_blank\" rel=\"noopener\" shape=\"rect\">ici<\/a>).<\/p>\n<p>Autres pays de d\u00e9part de nombreux migrants, la Russie, l&rsquo;Ukraine et le Kazakhstan font moins l&rsquo;objet de transferts de fonds.<\/p>\n<p>En ajoutant \u00e0 ces transferts personnels les salaires vers\u00e9s \u00e0 des travailleurs en Allemagne vivant \u00e0 l&rsquo;\u00e9tranger (comme les frontaliers), la banque f\u00e9d\u00e9rale allemande aboutit pour le pays \u00e0 un total de pr\u00e8s de 23,5 milliards d&rsquo;euros de fonds transf\u00e9r\u00e9s en 2023.<\/p>\n<p>De son c\u00f4t\u00e9, la <a href=\"https:\/\/www.knomad.org\/data\/remittances\" target=\"_blank\" rel=\"noopener\" shape=\"rect\">Banque mondiale<\/a>, dont les donn\u00e9es les plus r\u00e9centes datent de 2022, tablait sur 17 milliards de dollars, soit environ 15,75 milliards d&rsquo;euros (lien archiv\u00e9 <a href=\"https:\/\/perma.cc\/SA46-92YT\" target=\"_blank\" rel=\"noopener\" shape=\"rect\">ici<\/a>).<\/p>\n<p><b>\u00ab\u00a0Obligation morale\u00a0\u00bb<\/b><\/p>\n<p>Loin d&rsquo;\u00eatre anodins, ces transferts d&rsquo;argent ont repr\u00e9sent\u00e9, en 2023, 669 milliards de dollars \u00e0 l&rsquo;\u00e9chelle de la plan\u00e8te, un record selon la <a href=\"https:\/\/www.knomad.org\/sites\/default\/files\/publication-doc\/migration_development_brief_39.pdf\" target=\"_blank\" rel=\"noopener\" shape=\"rect\">Banque mondiale<\/a> (lien archiv\u00e9 <a href=\"https:\/\/perma.cc\/7MPJ-BQPE\" target=\"_blank\" rel=\"noopener\" shape=\"rect\">ici<\/a>). Une nouvelle hausse est anticip\u00e9e pour 2024.<\/p>\n<p>Cette manne financi\u00e8re a \u00e9t\u00e9 <em>\u00ab\u00a0la premi\u00e8re source de financement pour les pays \u00e0 revenu faible ou interm\u00e9diaire, d\u00e9passant les investissements directs \u00e9trangers (IDE) de plus de 250 milliards de dollars\u00a0\u00bb<\/em> rel\u00e8ve la Banque mondiale.<\/p>\n<p>Aujourd&rsquo;hui, <em>\u00ab\u00a0environ 800 millions de personnes dans le monde \u2013 soit une personne sur neuf \u2013 re\u00e7oivent ces flux d\u2019argent envoy\u00e9s par les membres de leur famille ayant \u00e9migr\u00e9 pour travailler\u00a0\u00bb<\/em>, pointe de son c\u00f4t\u00e9 l&rsquo;<a href=\"https:\/\/www.un.org\/sw\/desa\/remittances-matter-8-facts-you-don%E2%80%99t-know-about-money-migrants-send-back-home\" target=\"_blank\" rel=\"noopener\" shape=\"rect\">ONU<\/a> (lien archiv\u00e9 <a href=\"https:\/\/perma.cc\/JT2A-UWGS\" target=\"_blank\" rel=\"noopener\" shape=\"rect\">ici<\/a>).<\/p>\n<p><em>\u00ab\u00a0En moyenne, les travailleurs migrants envoient entre 200 et 300 dollars chez eux tous les un ou deux mois. Contrairement peut-\u00eatre \u00e0 la croyance populaire, cela ne repr\u00e9sente que 15 % de ce qu\u2019ils gagnent : le reste \u2013 85 % \u2013 reste dans les pays o\u00f9 ils gagnent r\u00e9ellement cet argent et est r\u00e9inject\u00e9 dans l\u2019\u00e9conomie locale ou \u00e9pargn\u00e9\u00a0\u00bb,\u00a0<\/em> ajoutent les Nations unies.<\/p>\n<p>Pour les familles de migrants rest\u00e9es dans leur pays d&rsquo;origine, <em>\u00ab\u00a0il y a une r\u00e9elle attente\u00a0\u00bb<\/em> envers ces transferts d&rsquo;argent explique \u00e0 l&rsquo;AFP Matthias L\u00fccke, chercheur sur la migration \u00e0 l&rsquo;Institut de Kiel sur l&rsquo;\u00e9conomie mondiale. Du c\u00f4t\u00e9 des migrants,\u00a0<em>\u00ab\u00a0il y a en quelque sorte une obligation morale, puisqu&rsquo;ils sont relativement plus riches\u00a0\u00bb<\/em> que leurs proches, assure l&rsquo;universitaire.<\/p>\n<p>Ces fonds <em>\u00ab\u00a0repr\u00e9sentent souvent une part importante du revenu total d\u2019un m\u00e9nage dans les pays d\u2019origine et, \u00e0 ce titre, repr\u00e9sentent une bou\u00e9e de sauvetage pour des millions de familles\u00a0\u00bb<\/em>, explique l&rsquo;ONU.<\/p>\n<p><em>\u00ab\u00a0Utilis\u00e9 par les familles pour am\u00e9liorer leur qualit\u00e9 de vie, comme en investissant dans l&rsquo;\u00e9ducation, cet argent peut aider certains pays \u00e0 se d\u00e9velopper\u00a0\u00bb<\/em>, rel\u00e8ve pour l&rsquo;AFP Herbert Br\u00fccker, chef du d\u00e9partement Migrations \u00e0 l&rsquo;Institut de recherche sur le march\u00e9 du travail et les professions de Nuremberg.<\/p>\n<p><b>Carte de paiement<\/b><\/p>\n<p>L&rsquo;Allemagne a connu en 2023 une hausse de plus de 50% des demandes d&rsquo;asile par rapport \u00e0 l&rsquo;ann\u00e9e pr\u00e9c\u00e9dente, avec <a href=\"https:\/\/www.bamf.de\/SharedDocs\/Anlagen\/DE\/Statistik\/SchluesselzahlenAsyl\/flyer-schluesselzahlen-asyl-2023.pdf?__blob=publicationFile&amp;v=3\" target=\"_blank\" rel=\"noopener\" shape=\"rect\">plus de 350.000 dossiers d\u00e9pos\u00e9s<\/a> selon des chiffres de l&rsquo;Office f\u00e9d\u00e9ral pour la migration et les r\u00e9fugi\u00e9s (lien archiv\u00e9 <a href=\"https:\/\/perma.cc\/PU9F-DNA7?type=image\" target=\"_blank\" rel=\"noopener\" shape=\"rect\">ici<\/a>).<\/p>\n<div class=\"g2picture\">\n<figure><img src=\"https:\/\/belux-edmo.s3-accelerate.amazonaws.com\/wp-content\/uploads\/2024\/02\/92685c86a568f7ab17fa00f45c412aaadbeb3e0e-ipad.jpg\" \/><figcaption>Un r\u00e9fugi\u00e9 est assis pendant que ses v\u00eatements s\u00e8chent dans l&rsquo;enceinte du centre d&rsquo;arriv\u00e9e du centre d&rsquo;accueil initial du Land de Brandebourg, dans l&rsquo;est de l&rsquo;Allemagne, \u00e0 Eisenhuettenstadt, le 25 octobre 2021 &#8211; JENS SCHLUETER \/ AFP &#8211; JENS SCHLUETER \/ AFP<\/figcaption><\/figure>\n<\/div>\n<p>Jusqu&rsquo;ici, tout \u00e9tranger arriv\u00e9 dans un centre de premier accueil &#8211; o\u00f9 il est nourri et log\u00e9 &#8211; recevait 182 euros en liquide par mois <em>\u00ab\u00a0pour ses besoins personnels n\u00e9cessaires\u00a0\u00bb<\/em>.<\/p>\n<p>Mais plusieurs voix, notamment celle de l&rsquo;opposition conservatrice, reprochaient \u00e0 ce syst\u00e8me d&rsquo;\u00eatre trop attrayant, incitant les \u00e9trangers \u00e0 venir en Allemagne: selon elles, l&rsquo;argent vers\u00e9 en liquide \u00e9tait envoy\u00e9 par les r\u00e9fugi\u00e9s dans leur pays d&rsquo;origine au lieu de servir \u00e0 acheter des produits de premi\u00e8re n\u00e9cessit\u00e9.<\/p>\n<p>Un accord conclut mercredi entre quatorze des seize Etats r\u00e9gionaux pr\u00e9voit donc l&rsquo;<a href=\"https:\/\/www.lorientlejour.com\/article\/1366411\/allemagne-une-carte-de-paiement-pour-les-refugies-bientot-introduite.html\" target=\"_blank\" rel=\"noopener\" shape=\"rect\">introduction<\/a> d&rsquo;ici l&rsquo;\u00e9t\u00e9 d&rsquo;une carte de paiement aux d\u00e9bouch\u00e9s limit\u00e9s (lien archiv\u00e9 <a href=\"https:\/\/perma.cc\/Q5XY-TCF7\" shape=\"rect\">ici<\/a>).<\/p>\n<p>Cette carte donnant la possibilit\u00e9 aux \u00e9trangers de faire des achats de premi\u00e8re n\u00e9cessit\u00e9 dans les magasins (produits d&rsquo;hygi\u00e8ne par exemple) fait partie des mesures d\u00e9cid\u00e9es en novembre dernier par le chancelier Olaf Scholz et les chefs des 16 L\u00e4nder.<\/p>\n<p>Chaque Etat r\u00e9gional d\u00e9cidera lui m\u00eame du montant affect\u00e9 \u00e0 la carte qui fonctionne sans \u00eatre li\u00e9e \u00e0 un compte bancaire. Cette carte ne pourra pas \u00eatre utilis\u00e9e \u00e0 l&rsquo;\u00e9tranger et il ne sera pas non plus possible de l&rsquo;utiliser pour des virements d&rsquo;Allemagne vers l&rsquo;\u00e9tranger.<\/p>\n","protected":false},"excerpt":{"rendered":"<p>\u00ab\u00a0Allemagne : Les migrants re\u00e7oivent tellement d&rsquo;aide sociale qu&rsquo;ils envoient environ 43,5 milliards d&rsquo;euros dans leur pays d&rsquo;origine vers des membres de leur famille\u00a0\u00bb, \u00e9crit sur X un internaute dans une\u00a0publication partag\u00e9e plusieurs milliers de fois depuis le 27 janvier.<\/p>\n","protected":false},"author":1,"featured_media":317269,"comment_status":"closed","ping_status":"open","sticky":false,"template":"","format":"standard","meta":{"_acf_changed":false,"footnotes":""},"categories":[171,125,132,138],"tags":[],"class_list":{"0":"post-317294","1":"post","2":"type-post","3":"status-publish","4":"format-standard","5":"has-post-thumbnail","7":"category-economie","8":"category-fact-check-fr","9":"category-politique","10":"category-societe"},"acf":{"show_metatags":true,"id":"http:\/\/doc.afp.com\/34H99YV","authors":"Th\u00e9o MARIE-COURTOIS \/ AFP France","organization":"AFP","featured_image_copyright":"","text_copyright":"\u00a9 AGENCE FRANCE-PRESSE | 2024 | Tous droits r\u00e9serv\u00e9s. L\u2019acc\u00e8s aux contenus de l'AFP publi\u00e9s sur ce site et, le cas \u00e9ch\u00e9ant, leur utilisation sont soumis aux conditions g\u00e9n\u00e9rales d'utilisation disponibles sur <a href='https:\/\/www.afp.com\/fr\/cgu' target='_blank'>CGU<\/a>. Par cons\u00e9quent, en acc\u00e9dant aux contenus de l\u2019AFP publi\u00e9s sur ce site, et en les utilisant, le cas \u00e9ch\u00e9ant, vous acceptez d'\u00eatre li\u00e9 par les conditions g\u00e9n\u00e9rales d'utilisation susmentionn\u00e9es. L\u2019utilisation de contenus de l'AFP se fait sous votre seule et enti\u00e8re responsabilit\u00e9.","source":"https:\/\/factuel.afp.com\/doc.afp.com.34H99YV","fact_checker":"https:\/\/belux.wpengine.com\/wp-content\/uploads\/2021\/12\/afp_logo.png","type":"\u00c9v\u00e9nement ferm\u00e9","location":"","start_date":"","start_date_event_begins_at":"","start_date_event_ends_at":"","end_date":"","end_date_event_begins_at":"","end_date_event_ends_at":"","organizer":"","fact_checker_logo_image":false},"yoast_head":"<!-- This site is optimized with the Yoast SEO plugin v27.0 - https:\/\/yoast.com\/product\/yoast-seo-wordpress\/ -->\n<title>Non, les migrants en Allemagne n&#039;ont pas envoy\u00e9 43 milliards d&#039;euros dans leur pays d&#039;origine - EDMO Belux<\/title>\n<meta name=\"robots\" content=\"index, follow, max-snippet:-1, max-image-preview:large, max-video-preview:-1\" \/>\n<link rel=\"canonical\" href=\"https:\/\/belux.edmo.eu\/fr\/non-les-migrants-en-allemagne-nont-pas-envoy-43-milliards-deuros-dans-leur-pays-dorigine\/\" \/>\n<meta property=\"og:locale\" content=\"fr_FR\" \/>\n<meta property=\"og:type\" content=\"article\" \/>\n<meta property=\"og:title\" content=\"Non, les migrants en Allemagne n&#039;ont pas envoy\u00e9 43 milliards d&#039;euros dans leur pays d&#039;origine - EDMO Belux\" \/>\n<meta property=\"og:description\" content=\"&quot;Allemagne : Les migrants re\u00e7oivent tellement d&#039;aide sociale qu&#039;ils envoient environ 43,5 milliards d&#039;euros dans leur pays d&#039;origine vers des membres de leur famille&quot;, \u00e9crit sur X un internaute dans une\u00a0publication partag\u00e9e plusieurs milliers de fois depuis le 27 janvier.\" \/>\n<meta property=\"og:url\" content=\"https:\/\/belux.edmo.eu\/fr\/non-les-migrants-en-allemagne-nont-pas-envoy-43-milliards-deuros-dans-leur-pays-dorigine\/\" \/>\n<meta property=\"og:site_name\" content=\"EDMO Belux\" \/>\n<meta property=\"article:published_time\" content=\"2024-02-05T08:26:37+00:00\" \/>\n<meta property=\"article:modified_time\" content=\"2024-02-05T09:35:45+00:00\" \/>\n<meta property=\"og:image\" content=\"https:\/\/belux-edmo.s3-accelerate.amazonaws.com\/wp-content\/uploads\/2024\/02\/1003e7dc7dadb1aa50a183a73872468b019e9123-ipad.jpg\" \/>\n\t<meta property=\"og:image:width\" content=\"1080\" \/>\n\t<meta property=\"og:image:height\" content=\"540\" \/>\n\t<meta property=\"og:image:type\" content=\"image\/jpeg\" \/>\n<meta name=\"author\" content=\"master\" \/>\n<meta name=\"twitter:card\" content=\"summary_large_image\" \/>\n<meta name=\"twitter:creator\" content=\"@Edmo_Belux\" \/>\n<meta name=\"twitter:site\" content=\"@Edmo_Belux\" \/>\n<meta name=\"twitter:label1\" content=\"\u00c9crit par\" \/>\n\t<meta name=\"twitter:data1\" content=\"master\" \/>\n\t<meta name=\"twitter:label2\" content=\"Dur\u00e9e de lecture estim\u00e9e\" \/>\n\t<meta name=\"twitter:data2\" content=\"7 minutes\" \/>\n<script type=\"application\/ld+json\" class=\"yoast-schema-graph\">{\"@context\":\"https:\/\/schema.org\",\"@graph\":[{\"@type\":\"Article\",\"@id\":\"https:\/\/belux.edmo.eu\/fr\/non-les-migrants-en-allemagne-nont-pas-envoy-43-milliards-deuros-dans-leur-pays-dorigine\/#article\",\"isPartOf\":{\"@id\":\"https:\/\/belux.edmo.eu\/fr\/non-les-migrants-en-allemagne-nont-pas-envoy-43-milliards-deuros-dans-leur-pays-dorigine\/\"},\"author\":{\"name\":\"master\",\"@id\":\"https:\/\/belux.edmo.eu\/#\/schema\/person\/dbe3b252258537fd318f9b5645a30342\"},\"headline\":\"Non, les migrants en Allemagne n&rsquo;ont pas envoy\u00e9 43 milliards d&rsquo;euros dans leur pays d&rsquo;origine\",\"datePublished\":\"2024-02-05T08:26:37+00:00\",\"dateModified\":\"2024-02-05T09:35:45+00:00\",\"mainEntityOfPage\":{\"@id\":\"https:\/\/belux.edmo.eu\/fr\/non-les-migrants-en-allemagne-nont-pas-envoy-43-milliards-deuros-dans-leur-pays-dorigine\/\"},\"wordCount\":1545,\"publisher\":{\"@id\":\"https:\/\/belux.edmo.eu\/#organization\"},\"image\":{\"@id\":\"https:\/\/belux.edmo.eu\/fr\/non-les-migrants-en-allemagne-nont-pas-envoy-43-milliards-deuros-dans-leur-pays-dorigine\/#primaryimage\"},\"thumbnailUrl\":\"https:\/\/belux-edmo.s3-accelerate.amazonaws.com\/wp-content\/uploads\/2024\/02\/1003e7dc7dadb1aa50a183a73872468b019e9123-ipad.jpg\",\"articleSection\":[\"Economie\",\"Fact-Check\",\"Politique\",\"Societe\"],\"inLanguage\":\"fr-FR\"},{\"@type\":\"WebPage\",\"@id\":\"https:\/\/belux.edmo.eu\/fr\/non-les-migrants-en-allemagne-nont-pas-envoy-43-milliards-deuros-dans-leur-pays-dorigine\/\",\"url\":\"https:\/\/belux.edmo.eu\/fr\/non-les-migrants-en-allemagne-nont-pas-envoy-43-milliards-deuros-dans-leur-pays-dorigine\/\",\"name\":\"Non, les migrants en Allemagne n'ont pas envoy\u00e9 43 milliards d'euros dans leur pays d'origine - EDMO Belux\",\"isPartOf\":{\"@id\":\"https:\/\/belux.edmo.eu\/#website\"},\"primaryImageOfPage\":{\"@id\":\"https:\/\/belux.edmo.eu\/fr\/non-les-migrants-en-allemagne-nont-pas-envoy-43-milliards-deuros-dans-leur-pays-dorigine\/#primaryimage\"},\"image\":{\"@id\":\"https:\/\/belux.edmo.eu\/fr\/non-les-migrants-en-allemagne-nont-pas-envoy-43-milliards-deuros-dans-leur-pays-dorigine\/#primaryimage\"},\"thumbnailUrl\":\"https:\/\/belux-edmo.s3-accelerate.amazonaws.com\/wp-content\/uploads\/2024\/02\/1003e7dc7dadb1aa50a183a73872468b019e9123-ipad.jpg\",\"datePublished\":\"2024-02-05T08:26:37+00:00\",\"dateModified\":\"2024-02-05T09:35:45+00:00\",\"breadcrumb\":{\"@id\":\"https:\/\/belux.edmo.eu\/fr\/non-les-migrants-en-allemagne-nont-pas-envoy-43-milliards-deuros-dans-leur-pays-dorigine\/#breadcrumb\"},\"inLanguage\":\"fr-FR\",\"potentialAction\":[{\"@type\":\"ReadAction\",\"target\":[\"https:\/\/belux.edmo.eu\/fr\/non-les-migrants-en-allemagne-nont-pas-envoy-43-milliards-deuros-dans-leur-pays-dorigine\/\"]}]},{\"@type\":\"ImageObject\",\"inLanguage\":\"fr-FR\",\"@id\":\"https:\/\/belux.edmo.eu\/fr\/non-les-migrants-en-allemagne-nont-pas-envoy-43-milliards-deuros-dans-leur-pays-dorigine\/#primaryimage\",\"url\":\"https:\/\/belux-edmo.s3-accelerate.amazonaws.com\/wp-content\/uploads\/2024\/02\/1003e7dc7dadb1aa50a183a73872468b019e9123-ipad.jpg\",\"contentUrl\":\"https:\/\/belux-edmo.s3-accelerate.amazonaws.com\/wp-content\/uploads\/2024\/02\/1003e7dc7dadb1aa50a183a73872468b019e9123-ipad.jpg\",\"width\":1080,\"height\":540,\"caption\":\"Non, les migrants en Allemagne n'ont pas envoy\u00e9 43 milliards d'euros dans leur pays d'origine - Featured image\"},{\"@type\":\"BreadcrumbList\",\"@id\":\"https:\/\/belux.edmo.eu\/fr\/non-les-migrants-en-allemagne-nont-pas-envoy-43-milliards-deuros-dans-leur-pays-dorigine\/#breadcrumb\",\"itemListElement\":[{\"@type\":\"ListItem\",\"position\":1,\"name\":\"Home\",\"item\":\"https:\/\/belux.edmo.eu\/fr\/\"},{\"@type\":\"ListItem\",\"position\":2,\"name\":\"Non, les migrants en Allemagne n&#8217;ont pas envoy\u00e9 43 milliards d&#8217;euros dans leur pays d&#8217;origine\"}]},{\"@type\":\"WebSite\",\"@id\":\"https:\/\/belux.edmo.eu\/#website\",\"url\":\"https:\/\/belux.edmo.eu\/\",\"name\":\"EDMO Belux\",\"description\":\"Monitoring Disinformation in Belgium and Luxembourg\",\"publisher\":{\"@id\":\"https:\/\/belux.edmo.eu\/#organization\"},\"potentialAction\":[{\"@type\":\"SearchAction\",\"target\":{\"@type\":\"EntryPoint\",\"urlTemplate\":\"https:\/\/belux.edmo.eu\/?s={search_term_string}\"},\"query-input\":{\"@type\":\"PropertyValueSpecification\",\"valueRequired\":true,\"valueName\":\"search_term_string\"}}],\"inLanguage\":\"fr-FR\"},{\"@type\":\"Organization\",\"@id\":\"https:\/\/belux.edmo.eu\/#organization\",\"name\":\"EDMO Belux\",\"url\":\"https:\/\/belux.edmo.eu\/\",\"logo\":{\"@type\":\"ImageObject\",\"inLanguage\":\"fr-FR\",\"@id\":\"https:\/\/belux.edmo.eu\/#\/schema\/logo\/image\/\",\"url\":\"https:\/\/belux.edmo.eu\/wp-content\/uploads\/2021\/12\/belux-logo-full-color-rgb.svg\",\"contentUrl\":\"https:\/\/belux.edmo.eu\/wp-content\/uploads\/2021\/12\/belux-logo-full-color-rgb.svg\",\"width\":1,\"height\":1,\"caption\":\"EDMO Belux\"},\"image\":{\"@id\":\"https:\/\/belux.edmo.eu\/#\/schema\/logo\/image\/\"},\"sameAs\":[\"https:\/\/x.com\/Edmo_Belux\"]},{\"@type\":\"Person\",\"@id\":\"https:\/\/belux.edmo.eu\/#\/schema\/person\/dbe3b252258537fd318f9b5645a30342\",\"name\":\"master\",\"sameAs\":[\"https:\/\/belux.wpengine.com\"],\"url\":\"https:\/\/belux.edmo.eu\/fr\/author\/master\/\"}]}<\/script>\n<!-- \/ Yoast SEO plugin. -->","yoast_head_json":{"title":"Non, les migrants en Allemagne n'ont pas envoy\u00e9 43 milliards d'euros dans leur pays d'origine - EDMO Belux","robots":{"index":"index","follow":"follow","max-snippet":"max-snippet:-1","max-image-preview":"max-image-preview:large","max-video-preview":"max-video-preview:-1"},"canonical":"https:\/\/belux.edmo.eu\/fr\/non-les-migrants-en-allemagne-nont-pas-envoy-43-milliards-deuros-dans-leur-pays-dorigine\/","og_locale":"fr_FR","og_type":"article","og_title":"Non, les migrants en Allemagne n'ont pas envoy\u00e9 43 milliards d'euros dans leur pays d'origine - EDMO Belux","og_description":"\"Allemagne : Les migrants re\u00e7oivent tellement d'aide sociale qu'ils envoient environ 43,5 milliards d'euros dans leur pays d'origine vers des membres de leur famille\", \u00e9crit sur X un internaute dans une\u00a0publication partag\u00e9e plusieurs milliers de fois depuis le 27 janvier.","og_url":"https:\/\/belux.edmo.eu\/fr\/non-les-migrants-en-allemagne-nont-pas-envoy-43-milliards-deuros-dans-leur-pays-dorigine\/","og_site_name":"EDMO Belux","article_published_time":"2024-02-05T08:26:37+00:00","article_modified_time":"2024-02-05T09:35:45+00:00","og_image":[{"width":1080,"height":540,"url":"https:\/\/belux-edmo.s3-accelerate.amazonaws.com\/wp-content\/uploads\/2024\/02\/1003e7dc7dadb1aa50a183a73872468b019e9123-ipad.jpg","type":"image\/jpeg"}],"author":"master","twitter_card":"summary_large_image","twitter_creator":"@Edmo_Belux","twitter_site":"@Edmo_Belux","twitter_misc":{"\u00c9crit par":"master","Dur\u00e9e de lecture estim\u00e9e":"7 minutes"},"schema":{"@context":"https:\/\/schema.org","@graph":[{"@type":"Article","@id":"https:\/\/belux.edmo.eu\/fr\/non-les-migrants-en-allemagne-nont-pas-envoy-43-milliards-deuros-dans-leur-pays-dorigine\/#article","isPartOf":{"@id":"https:\/\/belux.edmo.eu\/fr\/non-les-migrants-en-allemagne-nont-pas-envoy-43-milliards-deuros-dans-leur-pays-dorigine\/"},"author":{"name":"master","@id":"https:\/\/belux.edmo.eu\/#\/schema\/person\/dbe3b252258537fd318f9b5645a30342"},"headline":"Non, les migrants en Allemagne n&rsquo;ont pas envoy\u00e9 43 milliards d&rsquo;euros dans leur pays d&rsquo;origine","datePublished":"2024-02-05T08:26:37+00:00","dateModified":"2024-02-05T09:35:45+00:00","mainEntityOfPage":{"@id":"https:\/\/belux.edmo.eu\/fr\/non-les-migrants-en-allemagne-nont-pas-envoy-43-milliards-deuros-dans-leur-pays-dorigine\/"},"wordCount":1545,"publisher":{"@id":"https:\/\/belux.edmo.eu\/#organization"},"image":{"@id":"https:\/\/belux.edmo.eu\/fr\/non-les-migrants-en-allemagne-nont-pas-envoy-43-milliards-deuros-dans-leur-pays-dorigine\/#primaryimage"},"thumbnailUrl":"https:\/\/belux-edmo.s3-accelerate.amazonaws.com\/wp-content\/uploads\/2024\/02\/1003e7dc7dadb1aa50a183a73872468b019e9123-ipad.jpg","articleSection":["Economie","Fact-Check","Politique","Societe"],"inLanguage":"fr-FR"},{"@type":"WebPage","@id":"https:\/\/belux.edmo.eu\/fr\/non-les-migrants-en-allemagne-nont-pas-envoy-43-milliards-deuros-dans-leur-pays-dorigine\/","url":"https:\/\/belux.edmo.eu\/fr\/non-les-migrants-en-allemagne-nont-pas-envoy-43-milliards-deuros-dans-leur-pays-dorigine\/","name":"Non, les migrants en Allemagne n'ont pas envoy\u00e9 43 milliards d'euros dans leur pays d'origine - EDMO Belux","isPartOf":{"@id":"https:\/\/belux.edmo.eu\/#website"},"primaryImageOfPage":{"@id":"https:\/\/belux.edmo.eu\/fr\/non-les-migrants-en-allemagne-nont-pas-envoy-43-milliards-deuros-dans-leur-pays-dorigine\/#primaryimage"},"image":{"@id":"https:\/\/belux.edmo.eu\/fr\/non-les-migrants-en-allemagne-nont-pas-envoy-43-milliards-deuros-dans-leur-pays-dorigine\/#primaryimage"},"thumbnailUrl":"https:\/\/belux-edmo.s3-accelerate.amazonaws.com\/wp-content\/uploads\/2024\/02\/1003e7dc7dadb1aa50a183a73872468b019e9123-ipad.jpg","datePublished":"2024-02-05T08:26:37+00:00","dateModified":"2024-02-05T09:35:45+00:00","breadcrumb":{"@id":"https:\/\/belux.edmo.eu\/fr\/non-les-migrants-en-allemagne-nont-pas-envoy-43-milliards-deuros-dans-leur-pays-dorigine\/#breadcrumb"},"inLanguage":"fr-FR","potentialAction":[{"@type":"ReadAction","target":["https:\/\/belux.edmo.eu\/fr\/non-les-migrants-en-allemagne-nont-pas-envoy-43-milliards-deuros-dans-leur-pays-dorigine\/"]}]},{"@type":"ImageObject","inLanguage":"fr-FR","@id":"https:\/\/belux.edmo.eu\/fr\/non-les-migrants-en-allemagne-nont-pas-envoy-43-milliards-deuros-dans-leur-pays-dorigine\/#primaryimage","url":"https:\/\/belux-edmo.s3-accelerate.amazonaws.com\/wp-content\/uploads\/2024\/02\/1003e7dc7dadb1aa50a183a73872468b019e9123-ipad.jpg","contentUrl":"https:\/\/belux-edmo.s3-accelerate.amazonaws.com\/wp-content\/uploads\/2024\/02\/1003e7dc7dadb1aa50a183a73872468b019e9123-ipad.jpg","width":1080,"height":540,"caption":"Non, les migrants en Allemagne n'ont pas envoy\u00e9 43 milliards d'euros dans leur pays d'origine - Featured image"},{"@type":"BreadcrumbList","@id":"https:\/\/belux.edmo.eu\/fr\/non-les-migrants-en-allemagne-nont-pas-envoy-43-milliards-deuros-dans-leur-pays-dorigine\/#breadcrumb","itemListElement":[{"@type":"ListItem","position":1,"name":"Home","item":"https:\/\/belux.edmo.eu\/fr\/"},{"@type":"ListItem","position":2,"name":"Non, les migrants en Allemagne n&#8217;ont pas envoy\u00e9 43 milliards d&#8217;euros dans leur pays d&#8217;origine"}]},{"@type":"WebSite","@id":"https:\/\/belux.edmo.eu\/#website","url":"https:\/\/belux.edmo.eu\/","name":"EDMO Belux","description":"Monitoring Disinformation in Belgium and Luxembourg","publisher":{"@id":"https:\/\/belux.edmo.eu\/#organization"},"potentialAction":[{"@type":"SearchAction","target":{"@type":"EntryPoint","urlTemplate":"https:\/\/belux.edmo.eu\/?s={search_term_string}"},"query-input":{"@type":"PropertyValueSpecification","valueRequired":true,"valueName":"search_term_string"}}],"inLanguage":"fr-FR"},{"@type":"Organization","@id":"https:\/\/belux.edmo.eu\/#organization","name":"EDMO Belux","url":"https:\/\/belux.edmo.eu\/","logo":{"@type":"ImageObject","inLanguage":"fr-FR","@id":"https:\/\/belux.edmo.eu\/#\/schema\/logo\/image\/","url":"https:\/\/belux.edmo.eu\/wp-content\/uploads\/2021\/12\/belux-logo-full-color-rgb.svg","contentUrl":"https:\/\/belux.edmo.eu\/wp-content\/uploads\/2021\/12\/belux-logo-full-color-rgb.svg","width":1,"height":1,"caption":"EDMO Belux"},"image":{"@id":"https:\/\/belux.edmo.eu\/#\/schema\/logo\/image\/"},"sameAs":["https:\/\/x.com\/Edmo_Belux"]},{"@type":"Person","@id":"https:\/\/belux.edmo.eu\/#\/schema\/person\/dbe3b252258537fd318f9b5645a30342","name":"master","sameAs":["https:\/\/belux.wpengine.com"],"url":"https:\/\/belux.edmo.eu\/fr\/author\/master\/"}]}},"menu_order":0,"_links":{"self":[{"href":"https:\/\/belux.edmo.eu\/fr\/wp-json\/wp\/v2\/posts\/317294","targetHints":{"allow":["GET"]}}],"collection":[{"href":"https:\/\/belux.edmo.eu\/fr\/wp-json\/wp\/v2\/posts"}],"about":[{"href":"https:\/\/belux.edmo.eu\/fr\/wp-json\/wp\/v2\/types\/post"}],"author":[{"embeddable":true,"href":"https:\/\/belux.edmo.eu\/fr\/wp-json\/wp\/v2\/users\/1"}],"replies":[{"embeddable":true,"href":"https:\/\/belux.edmo.eu\/fr\/wp-json\/wp\/v2\/comments?post=317294"}],"version-history":[{"count":0,"href":"https:\/\/belux.edmo.eu\/fr\/wp-json\/wp\/v2\/posts\/317294\/revisions"}],"wp:featuredmedia":[{"embeddable":true,"href":"https:\/\/belux.edmo.eu\/fr\/wp-json\/wp\/v2\/media\/317269"}],"wp:attachment":[{"href":"https:\/\/belux.edmo.eu\/fr\/wp-json\/wp\/v2\/media?parent=317294"}],"wp:term":[{"taxonomy":"category","embeddable":true,"href":"https:\/\/belux.edmo.eu\/fr\/wp-json\/wp\/v2\/categories?post=317294"},{"taxonomy":"post_tag","embeddable":true,"href":"https:\/\/belux.edmo.eu\/fr\/wp-json\/wp\/v2\/tags?post=317294"}],"curies":[{"name":"wp","href":"https:\/\/api.w.org\/{rel}","templated":true}]}}