{"id":324678,"date":"2024-03-18T09:00:39","date_gmt":"2024-03-18T09:00:39","guid":{"rendered":"https:\/\/belux.edmo.eu\/?p=324678"},"modified":"2024-03-18T10:50:58","modified_gmt":"2024-03-18T10:50:58","slug":"le-quotidien-luxueux-du-fils-dun-clbre-procureur-ukrainien-attention-il-sagit-de-vidos-satiriques","status":"publish","type":"post","link":"https:\/\/belux.edmo.eu\/fr\/le-quotidien-luxueux-du-fils-dun-clbre-procureur-ukrainien-attention-il-sagit-de-vidos-satiriques\/","title":{"rendered":"Le quotidien luxueux du \u00ab\u00a0fils d&rsquo;un c\u00e9l\u00e8bre procureur ukrainien\u00a0\u00bb ? Attention, il s&rsquo;agit de vid\u00e9os satiriques"},"content":{"rendered":"<p><b>Alors que la guerre en Ukraine a entam\u00e9 sa troisi\u00e8me ann\u00e9e, la d\u00e9sinformation pro-russe inonde les r\u00e9seaux sociaux. Sur X, Facebook et Telegram, circulent abondamment, notamment via des comptes pro-russes, des vid\u00e9os d&rsquo;un homme exhibant une voiture de luxe dans une destination de r\u00eave et pr\u00e9sent\u00e9 comme \u00ab\u00a0<em>fils d&rsquo;un c\u00e9l\u00e8bre procureur ukrainien<\/em>\u00ab\u00a0. Il s&rsquo;agit en r\u00e9alit\u00e9 de reprises au premier degr\u00e9 de vid\u00e9os satiriques partag\u00e9es dans le cadre d&rsquo;une tendance humoristique sur TikTok. Selon les recherches men\u00e9es par l&rsquo;AFP, l&rsquo;homme repr\u00e9sent\u00e9 dans ces vid\u00e9os est un entrepreneur ukrainien dont la soci\u00e9t\u00e9 est bas\u00e9e aux Emirats arabes unis et qui n&rsquo;a pas de lien de parent\u00e9 av\u00e9r\u00e9 avec un procureur ukrainien. Il indique lui-m\u00eame parfois en r\u00e9ponse \u00e0 des internautes qu&rsquo;il s&rsquo;agit bien de vid\u00e9os humoristiques.<\/b><\/p>\n<p><em>\u00ab\u00a0Le fils du procureur ukrainien remercie la chair \u00e0 canon qui meurt au front pour la &lsquo;<\/em>d\u00e9mocratie<em>&lsquo;. R\u00e9jouissez-vous : vos imp\u00f4ts assurent la s\u00e9curit\u00e9 des riches ukrainiens et de leurs prostitu\u00e9es\u00a0\u00bb<\/em>, assure la l\u00e9gende d&rsquo;une <a href=\"https:\/\/archive.ph\/c4PtT\" shape=\"rect\">vid\u00e9o<\/a> publi\u00e9e sur X le 14 janvier et partag\u00e9e plusieurs milliers de fois.<\/p>\n<p><em>\u00ab\u00a0Bataillon &lsquo;<\/em>Monaco<em>&lsquo; : le fils d&rsquo;un c\u00e9l\u00e8bre procureur ukrainien sillonne les rues d&rsquo;Europe pendant que papa gagne de l&rsquo;argent gr\u00e2ce \u00e0 la guerre\u00a0\u00bb<\/em>, commentent d&rsquo;autres internautes, relayant cette m\u00eame vid\u00e9o sur <a href=\"https:\/\/archive.ph\/YKDcK\" shape=\"rect\">Facebook<\/a> et <a href=\"https:\/\/perma.cc\/6DRZ-8MTK\" shape=\"rect\">Telegram<\/a>.<\/p>\n<p>Sur ces images, on voit un couple compos\u00e9 d&rsquo;un homme et d&rsquo;une femme marcher, de nuit, en direction d&rsquo;un luxueux 4&#215;4 violet. Visiblement surpris et agac\u00e9 d&rsquo;\u00eatre film\u00e9, l&rsquo;homme semble \u00e9changer quelques mots avec la personne qui filme, avant de s&rsquo;installer au volant de son v\u00e9hicule.<\/p>\n<p>Virale en fran\u00e7ais, la vid\u00e9o a \u00e9galement \u00e9t\u00e9 partag\u00e9e en <a href=\"https:\/\/perma.cc\/Y5AU-2ECB?type=image\" shape=\"rect\">tch\u00e8que<\/a>, <a href=\"https:\/\/fakty.afp.com\/doc.afp.com.34KU9B6\" shape=\"rect\">slovaque<\/a> et <a href=\"https:\/\/perma.cc\/ZF4S-EF95\" shape=\"rect\">anglais<\/a> pour appuyer des affirmations tr\u00e8s proches. On la retrouve aussi sur de nombreuses cha\u00eenes Telegram russes connues pour diffuser les narratifs pro-Kremlin comme <a href=\"https:\/\/perma.cc\/EE6F-U2N9\" shape=\"rect\">ici<\/a> ainsi que sur le site\u00a0<a href=\"https:\/\/perma.cc\/JN6S-T24M\" shape=\"rect\">\u00ab\u00a0pravda-fr.com\u00a0\u00bb<\/a> qui appartient \u00e0 un\u00a0<a href=\"https:\/\/www.europe1.fr\/societe\/guerre-en-ukraine-ce-reseau-coordonne-pour-servir-la-propagande-russe-en-europe-et-aux-etats-unis-4230280\" target=\"_blank\" rel=\"noopener\" shape=\"rect\">r\u00e9seau\u00a0<\/a><em>\u00ab\u00a0structur\u00e9 et coordonn\u00e9\u00a0\u00bb<\/em>\u00a0de 193 sites diffusant de la propagande russe en Europe et aux Etats-Unis, selon Viginum, l&rsquo;organisme fran\u00e7ais de lutte contre les ing\u00e9rences num\u00e9riques \u00e9trang\u00e8res (lien archiv\u00e9\u00a0<a href=\"https:\/\/perma.cc\/7V5V-A348\" target=\"_blank\" rel=\"noopener\" shape=\"rect\">ici<\/a>).<\/p>\n<div class=\"g2picture\">\n<figure><img src=\"https:\/\/belux-edmo.s3-accelerate.amazonaws.com\/wp-content\/uploads\/2024\/03\/4ae562c762833fd88ef2f794fec0ee5470e48051-ipad.jpg\" \/><figcaption>Captures d&rsquo;\u00e9cran r\u00e9alis\u00e9es sur X le 15 mars 2024<\/figcaption><\/figure>\n<\/div>\n<p>En septembre, une autre vid\u00e9o similaire avait d\u00e9j\u00e0 \u00e9t\u00e9 relay\u00e9e. On y voyait le m\u00eame homme, seul cette fois, entrer dans un SUV gris de luxe en s&rsquo;aga\u00e7ant contre l&rsquo;auteur de la vid\u00e9o. <em>\u00ab\u00a0A Monaco, des blogueurs ont arr\u00eat\u00e9 le fils d&rsquo;un c\u00e9l\u00e8bre procureur ukrainien. Il conduit des voitures ch\u00e8res \u00e0 travers l&rsquo;Europe pendant que son p\u00e8re travaille \u00e0 la maison\u00a0\u00bb<\/em>, <em>\u00ab\u00a0Le fils d&rsquo;un c\u00e9l\u00e8bre procureur ukrainien a \u00e9t\u00e9 aper\u00e7u \u00e0 Monaco en train de dire quelque chose en russe\u00a0\u00bb<\/em>, commentaient alors sur X plusieurs internautes (<a href=\"https:\/\/archive.ph\/oVy0A\" shape=\"rect\">ici<\/a> et <a href=\"https:\/\/archive.ph\/L0A3t\" shape=\"rect\">ici<\/a>).<\/p>\n<p>Le pr\u00e9sentateur Vladimir Soloviev, l&rsquo;une des principales voix de la machine m\u00e9diatique russe, s&rsquo;est \u00e9galement fait le relais de ces images sur sa cha\u00eene <a href=\"https:\/\/perma.cc\/6F8W-RY2P\" shape=\"rect\">Telegram<\/a>.<\/p>\n<p>Outre le fait que la situation (un homme agac\u00e9 par la cam\u00e9ra, montant dans une voiture de luxe) soit identique dans les deux vid\u00e9os, celles-ci sont \u00e9galement accompagn\u00e9es du m\u00eame son : \u00a0on y entend deux hommes \u00e9changer en russe. <em>\u00ab\u00a0Bataillon Monaco, les gars, le fils d&rsquo;un procureur ukrainien bien connu expose des voitures ch\u00e8res en Europe pendant que son p\u00e8re travaille. Et voil\u00e0\u00a0\u00bb<\/em>, d\u00e9clare le premier individu, non visible. <em>\u00ab\u00a0Pourquoi tu me filmes, esp\u00e8ce de clown ?\u00a0\u00bb<\/em>, semble lui r\u00e9pondre l&rsquo;homme \u00e0 l&rsquo;\u00e9cran.<\/p>\n<div class=\"g2picture\">\n<figure><img src=\"https:\/\/belux-edmo.s3-accelerate.amazonaws.com\/wp-content\/uploads\/2024\/03\/eea629176f9f444d6107e7fce3231dbb5b0dfded-ipad.jpg\" \/><figcaption>Captures d&rsquo;\u00e9cran r\u00e9alis\u00e9es sur X le 15 mars 2024<\/figcaption><\/figure>\n<\/div>\n<p><b>Tendance TikTok<\/b><\/p>\n<p>En utilisant la <a href=\"https:\/\/www.youtube.com\/watch?v=w6tpIBHhZLw\" shape=\"rect\">recherche par image invers\u00e9e<\/a> et la <a href=\"https:\/\/www.youtube.com\/watch?v=uqr4IGtfOiU\" shape=\"rect\">recherche avanc\u00e9e sur le web<\/a> avec les mots-cl\u00e9s <em>\u00ab\u00a0fils du procureur\u00a0\u00bb<\/em> dans diff\u00e9rentes langues, nous avons pu identifier que la vid\u00e9o en question fait partie d&rsquo;une tendance plus large sur TikTok o\u00f9 des centaines d&rsquo;utilisateurs se filment avec des voitures de luxe, reprenant \u00e0 chaque fois la m\u00eame piste audio pour faire croire qu&rsquo;ils sont eux-m\u00eames le <em>\u00ab\u00a0fils d&rsquo;un procureur ukrainien bien connu\u00a0\u00bb<\/em>.<\/p>\n<p>La vid\u00e9o originale a \u00e9t\u00e9 publi\u00e9e le <a href=\"https:\/\/www.tiktok.com\/@n.perepechaev27\/video\/7261288263871237382\" shape=\"rect\">29 juillet 2023<\/a> par le compte \u00ab\u00a0N.perepechaev27\u00a0\u00bb et a accumul\u00e9 plus de 1,8 million de vues (lien archiv\u00e9 <a href=\"https:\/\/perma.cc\/AT9Z-CQW9\" shape=\"rect\">ici<\/a>). C&rsquo;est toutefois un autre profil qui se d\u00e9marque sur cette tendance aux 669 vid\u00e9os r\u00e9pertori\u00e9es sur TikTok. Baptis\u00e9 <a href=\"https:\/\/www.tiktok.com\/@tolanshinkarev?lang=fr\" shape=\"rect\">\u00ab\u00a0tolanshinkarev\u00a0\u00bb<\/a>, il a partag\u00e9 depuis ao\u00fbt 2023 plusieurs dizaines de vid\u00e9os reprenant les m\u00eames sc\u00e9nario et audio, changeant simplement de v\u00e9hicule de luxe (lien archiv\u00e9 <a href=\"https:\/\/perma.cc\/F7S4-X3EU?type=standard\" target=\"_blank\" rel=\"noopener\" shape=\"rect\">ici<\/a>).<\/p>\n<div class=\"g2picture\">\n<figure><img src=\"https:\/\/belux-edmo.s3-accelerate.amazonaws.com\/wp-content\/uploads\/2024\/03\/d65c6a856339b28c8a9a6282175e6752328ef379-ipad.jpg\" \/><figcaption>Capture d&rsquo;\u00e9cran r\u00e9alis\u00e9e sur TikTok le 15 mars 2024<\/figcaption><\/figure>\n<\/div>\n<p>Les deux vid\u00e9os virales que nous examinons proviennent de son compte. La premi\u00e8re, publi\u00e9e le <a href=\"https:\/\/www.tiktok.com\/@tolanshinkarev\/video\/7318547932708359429\" shape=\"rect\">31 d\u00e9cembre 2023<\/a>, cumule plus de 4 millions de vues (lien archiv\u00e9 <a href=\"https:\/\/perma.cc\/VK5J-W4N3\" target=\"_blank\" rel=\"noopener\" shape=\"rect\">ici<\/a>). La seconde, partag\u00e9e en\u00a0<a href=\"https:\/\/www.tiktok.com\/@tolanshinkarev\/video\/7275927014010326277\" shape=\"rect\">septembre<\/a> de la m\u00eame ann\u00e9e, affiche quant \u00e0 elle 3 millions de vues (lien archiv\u00e9 <a href=\"https:\/\/perma.cc\/AV45-Z3ZC\" target=\"_blank\" rel=\"noopener\" shape=\"rect\">ici<\/a>).<\/p>\n<div class=\"g2picture\">\n<figure><img src=\"https:\/\/belux-edmo.s3-accelerate.amazonaws.com\/wp-content\/uploads\/2024\/03\/216802ac46062c63e9d383e845a8cb5a532d1983-ipad.jpg\" \/><figcaption>Captures d&rsquo;\u00e9cran r\u00e9alis\u00e9es sur TikTok le 15 mars 2024<\/figcaption><\/figure>\n<\/div>\n<p><b>Entrepreneur dans les cryptomonnaies<\/b><\/p>\n<p>Aupr\u00e8s de ses 94.000 abonn\u00e9s, Anatoly \u00ab\u00a0Tolan\u00a0\u00bb Chinkarev reste tr\u00e8s \u00e9vasif sur ses activit\u00e9s : <em>\u00ab\u00a0Qui suis je ? Quelqu&rsquo;un qui r\u00e9ussit tr\u00e8s bien dans la vie\u00a0\u00bb<\/em>, indique-t-il dans sa biographie TikTok.<\/p>\n<p>Contact\u00e9 sur ses diff\u00e9rents r\u00e9seaux sociaux, il n&rsquo;avait pas donn\u00e9 suite aux sollicitations de l&rsquo;AFP au moment de la publication de cet article.<\/p>\n<p>Sur l&rsquo;un des comptes Instagram li\u00e9s \u00e0 son profil TikTok, Anatoly Chinkarev se d\u00e9crit comme <a href=\"https:\/\/www.instagram.com\/tolan_shinkarev\/\" shape=\"rect\"><em>\u00ab\u00a0investisseur\u00a0\u00bb<\/em><\/a> (lien archiv\u00e9 <a href=\"https:\/\/perma.cc\/AR6M-KE7D\" target=\"_blank\" rel=\"noopener\" shape=\"rect\">ici<\/a>). La biographie d&rsquo;un <a href=\"https:\/\/www.instagram.com\/svetmiratolan\/\" shape=\"rect\">autre profil<\/a> fait mention de <em>\u00ab\u00a0Ukraine, Donestk-Kyiv\u00a0\u00bb<\/em>.<\/p>\n<p>Selon son profil de 2016 sur une <a href=\"https:\/\/www.acmodasi.com.ua\/a_301409.html\" shape=\"rect\">agence de mannequin<\/a> ukrainienne, Anatoly Chinkarev serait aujourd&rsquo;hui \u00e2g\u00e9 de 31 ans (lien archiv\u00e9 <a href=\"https:\/\/perma.cc\/PU7E-TU8A\" shape=\"rect\">ici<\/a>).<\/p>\n<p>En recherchant son nom dans plusieurs moteurs de recherche, dont le russe Yandex, nous avons pu retrouver <a href=\"https:\/\/dev.ua\/blogs\/posts\/bloh-1679387943\" shape=\"rect\">plusieurs <\/a><a href=\"https:\/\/mc.today\/author\/anatolii-shynkarov\/\" shape=\"rect\">sources<\/a> ukrainiennes indiquant qu&rsquo;Anatoly Chinkarev est un entrepreneur et le cofondateur de l&rsquo;entreprise IT Freedom (liens archiv\u00e9s <a href=\"https:\/\/perma.cc\/RP77-2752\" target=\"_blank\" rel=\"noopener\" shape=\"rect\">ici<\/a> et <a href=\"https:\/\/perma.cc\/PLZ7-U6LU\" target=\"_blank\" rel=\"noopener\" shape=\"rect\">ici<\/a>). L&rsquo;homme est aussi d\u00e9crit comme <em>\u00ab\u00a0pr\u00e9sident\u00a0\u00bb<\/em> dans l&rsquo;une des publications Instagram de la page <a href=\"https:\/\/www.instagram.com\/p\/Ck65xEdKpyY\/\" shape=\"rect\">\u00ab\u00a0it_freedom_official\u00a0\u00bb<\/a> (lien archiv\u00e9 <a href=\"https:\/\/perma.cc\/52K2-PH7X\" shape=\"rect\">ici<\/a>).<\/p>\n<p>En septembre 2023, un article sponsoris\u00e9 sur le site <a href=\"https:\/\/usreporter.com\/anatolii-shynkarov-and-it-freedom-forging-technological-frontiers-in-blockchain-development-and-cyber-security\/?fbclid=IwAR3EhczMdps_y-O8wEJQeAjRpipn1_gQcPgu8eeLiDnHGUgl8vRCqogmQ4k\" shape=\"rect\">\u00ab\u00a0usreporter.com\u00a0\u00bb<\/a> assurait qu&rsquo;Anatoly Chinkarev \u00e9tait originaire de Donetsk mais qu&rsquo;il aurait d\u00e9m\u00e9nag\u00e9 \u00e0 Kiev en 2014 (lien archiv\u00e9 <a href=\"https:\/\/usreporter.com\/anatolii-shynkarov-and-it-freedom-forging-technological-frontiers-in-blockchain-development-and-cyber-security\/?fbclid=IwAR3EhczMdps_y-O8wEJQeAjRpipn1_gQcPgu8eeLiDnHGUgl8vRCqogmQ4k\" target=\"_blank\" rel=\"noopener\" shape=\"rect\">ici<\/a>). Selon le document, l&rsquo;entreprise du trentenaire est sp\u00e9cialis\u00e9e dans la cybers\u00e9curit\u00e9 et la technologie blockchain. <em>\u00ab\u00a0L\u2019invention d\u2019Anatoly a travers\u00e9 les fronti\u00e8res, avec une forte pr\u00e9sence \u00e0 Duba\u00ef et un r\u00e9seau de bureaux dans de nombreux pays. Leur qu\u00eate incessante de qualit\u00e9 se refl\u00e8te dans leur initiative ambitieuse, un portefeuille crypto d\u00e9centralis\u00e9 (&#8230;)\u00a0\u00bb<\/em>, y est-il \u00e9crit.<\/p>\n<p>Sur le site ukrainien <a href=\"https:\/\/speka.media\/anatolii.shynkarov\" shape=\"rect\">\u00ab\u00a0speka.media\u00a0\u00bb<\/a>, Anatoly Chinkarev est d\u00e9crit comme <em>\u00ab\u00a0le fondateur de WOLLT\u00a0\u00bb<\/em> (lien archiv\u00e9 <a href=\"https:\/\/perma.cc\/8HX8-JYYT\" shape=\"rect\">ici<\/a>). Dans les <a href=\"https:\/\/wollt.io\/terms-of-services.pdf\" shape=\"rect\">conditions g\u00e9n\u00e9rales d&rsquo;utilisation<\/a> de cette plateforme de portefeuille de cryptomonnaies, l&rsquo;entreprise \u00ab\u00a0IT FREEDOM FZCO\u00a0\u00bb est mentionn\u00e9e comme fournisseur du logiciel (lien archiv\u00e9 <a href=\"https:\/\/perma.cc\/8WW7-A65E\" target=\"_blank\" rel=\"noopener\" shape=\"rect\">ici<\/a>).<\/p>\n<p>L&rsquo;AFP a \u00e9galement retrouv\u00e9 sur le site du <a href=\"https:\/\/ner.economy.ae\/Search_By_BN.aspx\" shape=\"rect\">minist\u00e8re de l&rsquo;Economie des Emirats Arabes Unis<\/a> que l&rsquo;entreprise avait une licence commerciale dans le pays entre septembre 2022 et septembre 2023, mais la licence a depuis expir\u00e9.<\/p>\n<div class=\"g2picture\">\n<figure><img src=\"https:\/\/belux-edmo.s3-accelerate.amazonaws.com\/wp-content\/uploads\/2024\/03\/ec5499d3a6624256939f3a87060397fefa725621-ipad.jpg\" \/><figcaption>Capture d&rsquo;\u00e9cran du site du minist\u00e8re de l&rsquo;Economie des Emirats arabes unis r\u00e9alis\u00e9e le 15 mars 2024<\/figcaption><\/figure>\n<\/div>\n<p><b>Propagande pro-russe<\/b><\/p>\n<p>Centrale dans la tendance TikTok, l&rsquo;expression <em>\u00ab\u00a0fils de procureur\u00a0\u00bb<\/em> sert \u00e0 d\u00e9signer en Ukraine les personnes b\u00e9n\u00e9ficiant d&rsquo;une protection offerte par le statut de certains membres de leur famille.<\/p>\n<p>Selon Olena Churanova, journaliste au sein du site de v\u00e9rification <a href=\"https:\/\/www.stopfake.org\/en\/main\/\" shape=\"rect\">StopFake.org<\/a>, <em>\u00ab\u00a0le concept de &lsquo;<\/em>fils de procureur&rsquo;<em> est utilis\u00e9 pour d\u00e9signer quelqu&rsquo;un qui peut tout faire, et <\/em>[\u00e0 qui] <em>les lois et les normes g\u00e9n\u00e9rales &#8211; sur lesquelles la soci\u00e9t\u00e9 a par ailleurs convenu &#8211; ne semblent pas s&rsquo;appliquer. Le concept lui-m\u00eame s&rsquo;est form\u00e9 principalement dans les ann\u00e9es 90, lorsque l&rsquo;impunit\u00e9 et la corruption au sein du gouvernement \u00e9taient \u00e9lev\u00e9es\u00a0\u00bb\u00a0<\/em>(lien archiv\u00e9 <a href=\"https:\/\/perma.cc\/3C5T-7585\" target=\"_blank\" rel=\"noopener\" shape=\"rect\">ici<\/a>).<\/p>\n<p>Son utilisation r\u00e9sonne donc \u00e9motionnellement dans la soci\u00e9t\u00e9 ukrainienne, pointe-t-elle.<\/p>\n<p>Depuis l&rsquo;invasion russe en Ukraine, le narratif sur les enfants de haut-plac\u00e9s \u00e9chappant au service militaire tandis que<em> \u00ab\u00a0les Ukrainiens ordinaires originaires des villages servent <\/em>[dans l&rsquo;arm\u00e9e]<em>, est tr\u00e8s utilis\u00e9e par la propagande russe\u00a0\u00bb<\/em>, assure la journaliste.<\/p>\n<p><em>\u00ab\u00a0De nombreux utilisateurs de TikTok utilisent l&rsquo;audio comme m\u00e8me <\/em>[\u00e9l\u00e9ment humoristique viral sur internet, NDLR]<em>. Cependant, il est \u00e9galement utilis\u00e9 par les propagandistes russes pour leur propre int\u00e9r\u00eat contre les Ukrainiens\u00a0\u00bb<\/em>, a indiqu\u00e9 \u00e0 l&rsquo;AFP un repr\u00e9sentant de <a href=\"https:\/\/molfar.com\/en\" shape=\"rect\">Molfar<\/a>, une des principales agences ukrainiennes de renseignement en source ouverte (OSINT, lien archiv\u00e9 <a href=\"https:\/\/perma.cc\/QK85-JHBL\" target=\"_blank\" rel=\"noopener\" shape=\"rect\">ici<\/a>).<\/p>\n<p>Molfar a expliqu\u00e9 \u00e0 l&rsquo;AFP que ces vid\u00e9os utilis\u00e9es par la propagande pro-russe visent <em>\u00ab\u00a0\u00e0 discr\u00e9diter les Ukrainiens en Occident\u00a0\u00bb<\/em>, notamment dans les pays offrant un soutien financier \u00e0 l&rsquo;Ukraine. <em>\u00ab\u00a0L&rsquo;intention est de pr\u00e9senter les Ukrainiens sous un jour n\u00e9gatif, c&rsquo;est-\u00e0-dire de laisser entendre que pendant que les pays europ\u00e9ens, les Etats-Unis et d&rsquo;autres alli\u00e9s cl\u00e9s soutiennent financi\u00e8rement l&rsquo;Ukraine, certains individus associ\u00e9s \u00e0 des responsables gouvernementaux font des folies en achetant des voitures de luxe\u00a0\u00bb<\/em>, a d\u00e9clar\u00e9 un repr\u00e9sentant de l&rsquo;agence.<\/p>\n<p>Cette technique s&rsquo;imbrique parfaitement dans la strat\u00e9gie de d\u00e9sinformation massive visant \u00e0 affaiblir le soutien occidental \u00e0 l&rsquo;Ukraine d\u00e9ploy\u00e9e par la propagande pro-russe et document\u00e9e par l&rsquo;AFP <a href=\"https:\/\/factuel.afp.com\/doc.afp.com.33YH629\" shape=\"rect\">ici<\/a> et <a href=\"https:\/\/factuel.afp.com\/doc.afp.com.34H32VP\" shape=\"rect\">ici<\/a>.<\/p>\n<p>Apr\u00e8s enqu\u00eate, l&rsquo;agence Molfar a assur\u00e9 n&rsquo;avoir trouv\u00e9 aucun lien entre Anatoly Chinkarev et les procureurs ukrainiens.<\/p>\n<p><b>Duba\u00ef et Floride<\/b><\/p>\n<p>Parmi les internautes relayant les vid\u00e9os virales que nous examinons, certains assurent qu&rsquo;elles ont \u00e9t\u00e9 tourn\u00e9es \u00e0 Monaco. C&rsquo;est aussi sous-entendu dans les descriptions post\u00e9es par Anatoly Chinkarev sur son compte. Mais plusieurs \u00e9l\u00e9ments visuels permettent d&rsquo;affirmer le contraire.<\/p>\n<p>Sur le premi\u00e8re vid\u00e9o, tourn\u00e9e de nuit avec le 4&#215;4 violet, on remarque des panneaux avec des inscriptions en Arabe ainsi que les lettres \u00ab\u00a0MAG\u00a0\u00bb peintes sur la devanture d&rsquo;un b\u00e2timent.<\/p>\n<p>Une recherche sur Google Maps nous permet de remonter \u00e0 un building, <a href=\"https:\/\/www.google.fr\/maps\/place\/MAG+318+Residential+Tower\/@25.1905774,55.2839635,3a,75y,139.15h,87.31t\/data=!3m6!1e1!3m4!1saMnxTz5-Y3-FGWC0Bd9QhQ!2e0!7i16384!8i8192!4m7!3m6!1s0x3e5f68250514a95f:0x7f7816b0ff21eb68!8m2!3d25.1905143!4d55.2830458!10e5!16s%2Fg%2F11g7z7rdct?entry=ttu\" shape=\"rect\">la tour MAG 318<\/a>, situ\u00e9 \u00e0 Duba\u00ef aux Emirats Arabes Unis.<\/p>\n<div class=\"g2picture\">\n<figure><img src=\"https:\/\/belux-edmo.s3-accelerate.amazonaws.com\/wp-content\/uploads\/2024\/03\/d52053e0353bd0d3925e38063c814fbd52cc66d2-ipad.jpg\" \/><figcaption>Comparaison entre la vid\u00e9o TikTok (\u00e0 gauche) et Google Maps (\u00e0 droite)<\/figcaption><\/figure>\n<\/div>\n<div class=\"g2picture\">\n<figure><img src=\"https:\/\/belux-edmo.s3-accelerate.amazonaws.com\/wp-content\/uploads\/2024\/03\/96dea1aa6659498b7835e8cb438be49dee991c24-ipad.jpg\" \/><figcaption>Comparaison entre la vid\u00e9o TikTok (\u00e0 gauche) et Google Maps (\u00e0 droite)<\/figcaption><\/figure>\n<\/div>\n<p>Pour la deuxi\u00e8me vid\u00e9o, c&rsquo;est la plaque d&rsquo;immatriculation du v\u00e9hicule visible au tout d\u00e9but de l&rsquo;extrait qui nous met sur la piste d&rsquo;une localisation autre que Monaco. On peut en effet observer de nombreuses similitudes avec une<a href=\"https:\/\/www.flhsmv.gov\/motor-vehicles-tags-titles\/license-plates-registration\/\" shape=\"rect\"> plaque d&rsquo;immatriculation<\/a> de l&rsquo;Etat de Floride, aux Etats-Unis (lien archiv\u00e9 <a href=\"https:\/\/perma.cc\/B23S-A7KX\" target=\"_blank\" rel=\"noopener\" shape=\"rect\">ici<\/a>).<\/p>\n<div class=\"g2picture\">\n<figure><img src=\"https:\/\/belux-edmo.s3-accelerate.amazonaws.com\/wp-content\/uploads\/2024\/03\/5032962281c539fe58d338fa0339f6015c261033-ipad.jpg\" \/><figcaption>Comparaison entre la vid\u00e9o TikTok (\u00e0 gauche) et une plaque d&rsquo;immatriculation de Floride (\u00e0 droite)<\/figcaption><\/figure>\n<\/div>\n<p>Un peu plus loin dans la s\u00e9quence, on observe un b\u00e2timent ressemblant \u00e0 un h\u00f4tel, avec le num\u00e9ro 1830 sur la devanture.<\/p>\n<p>En effectuant des recherches avec les mots cl\u00e9s \u00ab\u00a0Floride\u00a0\u00bb, \u00ab\u00a0h\u00f4tel\u00a0\u00bb, \u00ab\u00a01830\u00a0\u00bb, nous pouvons remonter au <a href=\"https:\/\/www.beachclubhallandale.com\/\" shape=\"rect\">\u00ab\u00a0Beach Club\u00a0\u00bb<\/a> de Hallandale Beach, une ville situ\u00e9e juste au nord de Miami (lien archiv\u00e9 <a href=\"https:\/\/perma.cc\/H5B2-SE7T\" target=\"_blank\" rel=\"noopener\" shape=\"rect\">ici<\/a>). Le complexe s&rsquo;\u00e9tant sur plusieurs num\u00e9ros de l&rsquo;Ocean Drive, du 1800 au 1850 en passant par le 1830.<\/p>\n<p>Via l&rsquo;outil <a href=\"https:\/\/www.google.com\/maps\/@25.9844833,-80.1190374,3a,75y,9.57h,88.12t\/data=!3m6!1e1!3m4!1sbumO4u7HMscH0Wbcnrp-hA!2e0!7i13312!8i6656?entry=ttu\" shape=\"rect\">Street View<\/a> de Google Maps, plusieurs rep\u00e8res visuels permettent de confirmer cette localisation, que cela soit la forme du b\u00e2timent, la disposition des plaques d&rsquo;\u00e9gout ou l&rsquo;oeuvre d&rsquo;art que l&rsquo;on aper\u00e7oit en arri\u00e8re-plan (lien archiv\u00e9 <a href=\"https:\/\/perma.cc\/A8AK-PTRD?type=image\" target=\"_blank\" rel=\"noopener\" shape=\"rect\">ici<\/a>).<\/p>\n<div class=\"g2picture\">\n<figure><img src=\"https:\/\/belux-edmo.s3-accelerate.amazonaws.com\/wp-content\/uploads\/2024\/03\/26f35d80611921f12aa67a45b271e64dfabad476-ipad.jpg\" \/><figcaption>Comparaison entre la vid\u00e9o TikTok (\u00e0 gauche) et Google Maps (\u00e0 droite)<\/figcaption><\/figure>\n<\/div>\n<div class=\"g2picture\">\n<figure><img src=\"https:\/\/belux-edmo.s3-accelerate.amazonaws.com\/wp-content\/uploads\/2024\/03\/e024d76ab80ac4652386748c74b2861a8403d441-ipad.jpg\" \/><figcaption>Comparaison entre la vid\u00e9o TikTok (\u00e0 gauche) et Google Maps (\u00e0 droite)<\/figcaption><\/figure>\n<\/div>\n<p>En commentaire, beaucoup d&rsquo;internautes semblent d&rsquo;ailleurs douter qu&rsquo;Anatoly Chinkarev soit vraiment \u00e0 Monaco. En <a href=\"https:\/\/www.instagram.com\/p\/C2CkktlIZwD\/c\/18094783231378873\/\" shape=\"rect\">r\u00e9ponse<\/a> \u00e0 <a href=\"https:\/\/www.instagram.com\/p\/C141w6eI_a9\/c\/17865105138021786\/\" shape=\"rect\">certains<\/a>, l&rsquo;entrepreneur confirme qu&rsquo;il s&rsquo;agit bien de vid\u00e9os humoristiques.<\/p>\n<p>S&rsquo;amusant du ph\u00e9nom\u00e8ne engendr\u00e9 par ses multiples vid\u00e9os, Anatoly Chinkarev a aussi <a href=\"https:\/\/www.tiktok.com\/@tolanshinkarev\/video\/7318392439541189893\" shape=\"rect\">d\u00e9clar\u00e9<\/a> que\u00a0<em>\u00ab\u00a0ce serait merveilleux d&rsquo;\u00eatre le fils de Dieu, mais \u00eatre le fils d&rsquo;un procureur, c&rsquo;est encore mieux\u00a0\u00bb\u00a0<\/em>(lien archiv\u00e9 <a href=\"https:\/\/perma.cc\/Q2Z2-YAW5\" shape=\"rect\">ici<\/a>).<\/p>\n<p>L&rsquo;AFP a \u00e9galement retrouv\u00e9 au moins une occurrence o\u00f9 l&rsquo;entrepreneur semble \u00eatre conscient de la reprise de ses vid\u00e9os par des relais de la propagande pro-russe. Dans un <a href=\"https:\/\/www.instagram.com\/p\/C2CkktlIZwD\/c\/18094783231378873\/r\/17855157549101158\/\" shape=\"rect\">commentaire<\/a> sous une publication Instagram, il demande \u00e0 ses abonn\u00e9s de lui envoyer <em>\u00ab\u00a0les publications o\u00f9 la propagande du Kremlin d\u00e9tourne <\/em>[ses]<em> vid\u00e9os\u00a0\u00bb<\/em>.<\/p>\n<p><b>\u00ab\u00a0Bataillon\u00a0\u00bb mon\u00e9gasque<\/b><\/p>\n<p>Le terme <em>\u00ab\u00a0\u0411\u0430\u0442\u0430\u043b\u044c\u043e\u043d \u041c\u043e\u043d\u0430\u043a\u043e\u00a0\u00bb<\/em> (bataillon de Monaco) \u00e9voqu\u00e9 dans la tendance TikTok fait r\u00e9f\u00e9rence \u00e0 une s\u00e9rie d&rsquo;enqu\u00eates r\u00e9alis\u00e9es par le journaliste ukrainien Mykhailo Tkach et ses coll\u00e8gues du media en ligne \u00ab\u00a0Ukrainska Pravda\u00a0\u00bb.<\/p>\n<p>Au cours des ann\u00e9es 2022 et 2023, ces journalistes ont d\u00e9voil\u00e9 comment des dizaines d&rsquo;anciens et actuels hommes politiques, fonctionnaires, d\u00e9put\u00e9s ou hommes d&rsquo;affaires influents et leurs proches ont quitt\u00e9 l&rsquo;Ukraine avant ou apr\u00e8s l&rsquo;imposition de la loi martiale le 24 f\u00e9vrier 2022 en r\u00e9ponse \u00e0 l&rsquo;invasion russe. Ces Ukrainiens se sont install\u00e9s temporairement ou durablement dans la principaut\u00e9 de Monaco, \u00e0 Nice ou dans d&rsquo;autres villes de la C\u00f4te d&rsquo;Azur.<\/p>\n<p>Ukrainska Pravda a publi\u00e9 sa s\u00e9rie d&rsquo;enqu\u00eates en trois parties sur le soi-disant bataillon mon\u00e9gasque sous forme de vid\u00e9os YouTube (<a href=\"https:\/\/www.youtube.com\/watch?v=P2ZOBFFvXFw&amp;amp;t=1408s\" shape=\"rect\">ici<\/a>, <a href=\"https:\/\/www.youtube.com\/watch?v=cxYvvUzP7Qw\" shape=\"rect\">ici<\/a>, <a href=\"https:\/\/www.youtube.com\/watch?v=afSfjFcTHTc\" shape=\"rect\">ici<\/a>) et a r\u00e9alis\u00e9 d&rsquo;autres volets sur <a href=\"https:\/\/www.youtube.com\/watch?v=nycQqa5Z4w4\" shape=\"rect\">Duba\u00ef<\/a>, <a href=\"https:\/\/www.youtube.com\/watch?v=CBPzv-BAFVo\" shape=\"rect\">Londres<\/a> et <a href=\"https:\/\/www.youtube.com\/watch?v=t_m2ZWZ1LrU\" shape=\"rect\">Vienne<\/a> (liens archiv\u00e9s <a href=\"https:\/\/perma.cc\/XKT4-KESJ\" shape=\"rect\">ici<\/a>, <a href=\"https:\/\/perma.cc\/HMB6-XARR\" shape=\"rect\">ici<\/a>, <a href=\"https:\/\/perma.cc\/43B9-N5AF\" shape=\"rect\">ici<\/a>, <a href=\"https:\/\/perma.cc\/YY9Q-Z9F3\" shape=\"rect\">ici<\/a>, <a href=\"https:\/\/perma.cc\/T5RC-V5NA\" shape=\"rect\">ici<\/a> et <a href=\"https:\/\/perma.cc\/DN79-FSE8\" shape=\"rect\">ici<\/a>). Plusieurs mois apr\u00e8s la publication des premi\u00e8res enqu\u00eates, l&rsquo;Ukraine a interdit aux fonctionnaires de <a href=\"https:\/\/www.sudinfo.be\/id609885\/article\/2023-01-30\/guerre-en-ukraine-les-hauts-fonctionnaires-interdits-de-partir-en-vacances\" shape=\"rect\">voyager hors d&rsquo;Ukraine<\/a> pendant la p\u00e9riode de la loi martiale, \u00e0 l&rsquo;exception des voyages d&rsquo;affaires (lien archiv\u00e9 <a href=\"https:\/\/perma.cc\/7ZB5-HZ8Y\" target=\"_blank\" rel=\"noopener\" shape=\"rect\">ici<\/a>).<\/p>\n<p>Parmi les Ukrainiens mentionn\u00e9s dans l&rsquo;enqu\u00eate sur le bataillon de Monaco, il n&rsquo;y avait qu&rsquo;un seul ancien procureur : Ihor Protsenko qui fut procureur sous la pr\u00e9sidence de Viktor Ianoukovitch entre 2010 et 2014 et qui dirigea le parquet d&rsquo;Odessa. Aucun procureur actif n&rsquo;est mentionn\u00e9 parmi ces investigations.<\/p>\n<p>De m\u00eame, le nom d&rsquo;Anatoly Chinkarev n&rsquo;y figure pas, mais nous n&rsquo;avons pas \u00e9t\u00e9 en mesure de d\u00e9terminer si l&rsquo;entrepreneur avait quitt\u00e9 l&rsquo;Ukraine avant ou apr\u00e8s l&rsquo;imposition de la loi martiale.<\/p>\n<p><b>Procureur g\u00e9n\u00e9ral<\/b><\/p>\n<p>L&rsquo;actuel procureur g\u00e9n\u00e9ral d&rsquo;Ukraine est Andriy Kostin, ancien haut responsable du parti Serviteur du peuple du pr\u00e9sident Volodymyr Zelensky, nomm\u00e9 en <a href=\"https:\/\/www.7sur7.be\/monde\/le-parlement-ukrainien-approuve-le-nouveau-procureur-general-recommande-par-zelensky~a6e5946d\/\" shape=\"rect\">juillet 2022<\/a>. Avant de devenir d\u00e9put\u00e9 en 2019 et chef du comit\u00e9 de politique juridique de la Rada en <a href=\"https:\/\/www.radiosvoboda.org\/a\/genprokuror-kostin-sluga-narodu-ermak\/31959280.html\" shape=\"rect\">2020<\/a>, il a dirig\u00e9 un <a href=\"https:\/\/www.nato-pa.int\/node\/390288\" shape=\"rect\">cabinet d&rsquo;avocats<\/a> priv\u00e9\u00a0<em>\u00ab\u00a0Pravo\u00a0\u00bb<\/em> \u00e0 Odessa et a \u00e9t\u00e9 vice-pr\u00e9sident du Conseil du barreau de la r\u00e9gion d&rsquo;Odessa (liens archiv\u00e9s <a href=\"https:\/\/perma.cc\/M87E-F7WF\" shape=\"rect\">ici<\/a> et <a href=\"https:\/\/perma.cc\/C7Q8-FZVT\" shape=\"rect\">ici<\/a>).<\/p>\n<div class=\"g2picture\">\n<figure><img src=\"https:\/\/belux-edmo.s3-accelerate.amazonaws.com\/wp-content\/uploads\/2024\/03\/c4c9ee49c984ff7e5846bf57259383528aead723-ipad.jpg\" \/><figcaption>Le procureur g\u00e9n\u00e9ral ukrainien Andriy Kostin participe au forum \u00ab Ukraine Ann\u00e9e 2024 \u00bb \u00e0 Kiev le 25 f\u00e9vrier 2024. Sergue\u00ef SUPINSKI \/ AFP &#8211; SERGEI SUPINSKY \/ AFP<\/figcaption><\/figure>\n<\/div>\n<p>Andriy Kostin est <a href=\"https:\/\/gp.gov.ua\/ua\/posts\/kerivnictvo\" shape=\"rect\">n\u00e9 en 1973<\/a> \u00e0 Odessa et, selon sa <a href=\"https:\/\/lb.ua\/file\/person\/4823_kostin_andriy_ievgenovich.html\" shape=\"rect\">biographie<\/a> publi\u00e9e sur le site ukrainien Livy Bereg, a trois enfants (liens archiv\u00e9s <a href=\"https:\/\/perma.cc\/3LJM-BRB5\" shape=\"rect\">ici<\/a> et <a href=\"https:\/\/perma.cc\/PH8Z-XJEX\" shape=\"rect\">ici<\/a>). D&rsquo;apr\u00e8s le media ukrainien <a href=\"https:\/\/intent.press\/amp\/0\/dvi-prodani-kvartiri-donka-u-verhovnij-radi-ta-dohodi-nardep-kostin-vidzvituvav-pro-svoyi-statki\/\" shape=\"rect\">Intent<\/a>, le procureur aurait deux filles et un fils (lien archiv\u00e9 <a href=\"https:\/\/perma.cc\/D8U2-5CEW\" shape=\"rect\">ici<\/a>).<\/p>\n<p>L&rsquo;AFP n&rsquo;a pas retrouv\u00e9 d&rsquo;occurrences indiquant que ce fils serait Anatoly Chinkarev, et n&rsquo;a pas non trouv\u00e9 d&rsquo;autre lien entre les deux hommes ou entre l&rsquo;entrepreneur et un autre procureur ukrainien.<\/p>\n<p>En ao\u00fbt 2023, des <a href=\"https:\/\/parlament.ua\/ru\/news\/ne-otstaet-ot-sestry-v-smi-rasskazali-o-roskoshnoj-zhizni-za-graniczej-syna-genprokurora-kostina\/\" shape=\"rect\">journalistes ukrainiens<\/a>\u00a0ont rapport\u00e9 que le fils d&rsquo;Andriy Kostin, Mykhailo, avait f\u00eat\u00e9 ses 18 ans en juin 2023, mais avait quitt\u00e9 le pays avant d&rsquo;atteindre l&rsquo;\u00e2ge militaire et aurait partag\u00e9 une vid\u00e9o des gratte-ciel de New York sur ses r\u00e9seaux sociaux (lien archiv\u00e9 <a href=\"https:\/\/perma.cc\/ANC2-HP8E\" shape=\"rect\">ici<\/a>).<\/p>\n<p>Des m\u00e9dias ukrainiens ont <a href=\"https:\/\/www.youtube.com\/watch?v=27SkrqWAr8c\" shape=\"rect\">rapport\u00e9 en 2021<\/a> que la fille d&rsquo;Andriy Kostin, Anastasia, travaillait comme assistante du d\u00e9put\u00e9 Andriy Zadorozhny, un proche du procureur g\u00e9n\u00e9ral (lien archiv\u00e9 <a href=\"https:\/\/perma.cc\/SW6B-4FBU\" shape=\"rect\">ici<\/a>). Apr\u00e8s l&rsquo;invasion russe, les m\u00e9dias ont assurait qu&rsquo;elle <a href=\"https:\/\/tabloid.pravda.com.ua\/focus\/64d236892476a\/\" shape=\"rect\">vivait en Europe<\/a> et que sur son compte Instagram, elle se plaignait du fait que <em>\u00ab\u00a0sa maison \u00e0 Monaco lui manquait\u00a0\u00bb\u00a0<\/em>(lien archiv\u00e9 <a href=\"https:\/\/perma.cc\/7WWC-KQ76\" shape=\"rect\">ici<\/a>). Elle s&rsquo;\u00e9tait ensuite <a href=\"https:\/\/parlament.ua\/ru\/news\/u-nas-zdes-tochno-ne-roskoshno-doch-genprokurora-kostina-opravdalas-za-svoi-shutki-v-soczsetyah\/\" shape=\"rect\">excus\u00e9e<\/a> et avait d\u00e9clar\u00e9 qu&rsquo;elle plaisantait, expliquant qu&rsquo;elle vivait en Finlande avec son petit ami et qu&rsquo;elle faisait du b\u00e9n\u00e9volat pour des projets en faveur de l&rsquo;Ukraine (lien archiv\u00e9 <a href=\"https:\/\/perma.cc\/6RAS-7PL2\" target=\"_blank\" rel=\"noopener\" shape=\"rect\">ici<\/a>).<\/p>\n<p>L&rsquo;AFP n&rsquo;a pas retrouv\u00e9 d&rsquo;informations sur l&rsquo;autre fille d&rsquo;Andriy Kostin.<\/p>\n","protected":false},"excerpt":{"rendered":"<p>\u00ab\u00a0Le fils du procureur ukrainien remercie la chair \u00e0 canon qui meurt au front pour la &lsquo;d\u00e9mocratie&rsquo;. R\u00e9jouissez-vous : vos imp\u00f4ts assurent la s\u00e9curit\u00e9 des riches ukrainiens et de leurs prostitu\u00e9es\u00a0\u00bb, assure la l\u00e9gende d&rsquo;une vid\u00e9o publi\u00e9e sur X le 14 janvier et partag\u00e9e plusieurs milliers de fois.<\/p>\n","protected":false},"author":1,"featured_media":324618,"comment_status":"closed","ping_status":"open","sticky":false,"template":"","format":"standard","meta":{"_acf_changed":false,"footnotes":""},"categories":[125,132,138,214],"tags":[],"class_list":{"0":"post-324678","1":"post","2":"type-post","3":"status-publish","4":"format-standard","5":"has-post-thumbnail","7":"category-fact-check-fr","8":"category-politique","9":"category-societe","10":"category-ukraine-fr"},"acf":{"show_metatags":true,"id":"http:\/\/doc.afp.com\/34LG3QY","authors":"Robert BARCA \/ Th\u00e9o MARIE-COURTOIS \/ AFP Slovaquie \/ AFP France","organization":"AFP","featured_image_copyright":"","text_copyright":"\u00a9 AGENCE FRANCE-PRESSE | 2024 | Tous droits r\u00e9serv\u00e9s. L\u2019acc\u00e8s aux contenus de l'AFP publi\u00e9s sur ce site et, le cas \u00e9ch\u00e9ant, leur utilisation sont soumis aux conditions g\u00e9n\u00e9rales d'utilisation disponibles sur <a href='https:\/\/www.afp.com\/fr\/cgu' target='_blank'>CGU<\/a>. Par cons\u00e9quent, en acc\u00e9dant aux contenus de l\u2019AFP publi\u00e9s sur ce site, et en les utilisant, le cas \u00e9ch\u00e9ant, vous acceptez d'\u00eatre li\u00e9 par les conditions g\u00e9n\u00e9rales d'utilisation susmentionn\u00e9es. L\u2019utilisation de contenus de l'AFP se fait sous votre seule et enti\u00e8re responsabilit\u00e9.","source":"https:\/\/factuel.afp.com\/doc.afp.com.34LG3QY","fact_checker":"https:\/\/belux.wpengine.com\/wp-content\/uploads\/2021\/12\/afp_logo.png","type":"\u00c9v\u00e9nement ferm\u00e9","location":"","start_date":"","start_date_event_begins_at":"","start_date_event_ends_at":"","end_date":"","end_date_event_begins_at":"","end_date_event_ends_at":"","organizer":"","fact_checker_logo_image":false},"yoast_head":"<!-- This site is optimized with the Yoast SEO plugin v27.0 - https:\/\/yoast.com\/product\/yoast-seo-wordpress\/ -->\n<title>Le quotidien luxueux du &quot;fils d&#039;un c\u00e9l\u00e8bre procureur ukrainien&quot; ? Attention, il s&#039;agit de vid\u00e9os satiriques - EDMO Belux<\/title>\n<meta name=\"robots\" content=\"index, follow, max-snippet:-1, max-image-preview:large, max-video-preview:-1\" \/>\n<link rel=\"canonical\" href=\"https:\/\/belux.edmo.eu\/fr\/le-quotidien-luxueux-du-fils-dun-clbre-procureur-ukrainien-attention-il-sagit-de-vidos-satiriques\/\" \/>\n<meta property=\"og:locale\" content=\"fr_FR\" \/>\n<meta property=\"og:type\" content=\"article\" \/>\n<meta property=\"og:title\" content=\"Le quotidien luxueux du &quot;fils d&#039;un c\u00e9l\u00e8bre procureur ukrainien&quot; ? Attention, il s&#039;agit de vid\u00e9os satiriques - EDMO Belux\" \/>\n<meta property=\"og:description\" content=\"&quot;Le fils du procureur ukrainien remercie la chair \u00e0 canon qui meurt au front pour la &#039;d\u00e9mocratie&#039;. R\u00e9jouissez-vous : vos imp\u00f4ts assurent la s\u00e9curit\u00e9 des riches ukrainiens et de leurs prostitu\u00e9es&quot;, assure la l\u00e9gende d&#039;une vid\u00e9o publi\u00e9e sur X le 14 janvier et partag\u00e9e plusieurs milliers de fois.\" \/>\n<meta property=\"og:url\" content=\"https:\/\/belux.edmo.eu\/fr\/le-quotidien-luxueux-du-fils-dun-clbre-procureur-ukrainien-attention-il-sagit-de-vidos-satiriques\/\" \/>\n<meta property=\"og:site_name\" content=\"EDMO Belux\" \/>\n<meta property=\"article:published_time\" content=\"2024-03-18T09:00:39+00:00\" \/>\n<meta property=\"article:modified_time\" content=\"2024-03-18T10:50:58+00:00\" \/>\n<meta property=\"og:image\" content=\"https:\/\/belux-edmo.s3-accelerate.amazonaws.com\/wp-content\/uploads\/2024\/03\/1e253ee094e6868b9db5c2769c42b4cddaee3688-ipad.jpg\" \/>\n\t<meta property=\"og:image:width\" content=\"1080\" \/>\n\t<meta property=\"og:image:height\" content=\"540\" \/>\n\t<meta property=\"og:image:type\" content=\"image\/jpeg\" \/>\n<meta name=\"author\" content=\"master\" \/>\n<meta name=\"twitter:card\" content=\"summary_large_image\" \/>\n<meta name=\"twitter:creator\" content=\"@Edmo_Belux\" \/>\n<meta name=\"twitter:site\" content=\"@Edmo_Belux\" \/>\n<meta name=\"twitter:label1\" content=\"\u00c9crit par\" \/>\n\t<meta name=\"twitter:data1\" content=\"master\" \/>\n\t<meta name=\"twitter:label2\" content=\"Dur\u00e9e de lecture estim\u00e9e\" \/>\n\t<meta name=\"twitter:data2\" content=\"13 minutes\" \/>\n<script type=\"application\/ld+json\" class=\"yoast-schema-graph\">{\"@context\":\"https:\/\/schema.org\",\"@graph\":[{\"@type\":\"Article\",\"@id\":\"https:\/\/belux.edmo.eu\/fr\/le-quotidien-luxueux-du-fils-dun-clbre-procureur-ukrainien-attention-il-sagit-de-vidos-satiriques\/#article\",\"isPartOf\":{\"@id\":\"https:\/\/belux.edmo.eu\/fr\/le-quotidien-luxueux-du-fils-dun-clbre-procureur-ukrainien-attention-il-sagit-de-vidos-satiriques\/\"},\"author\":{\"name\":\"master\",\"@id\":\"https:\/\/belux.edmo.eu\/#\/schema\/person\/dbe3b252258537fd318f9b5645a30342\"},\"headline\":\"Le quotidien luxueux du \u00ab\u00a0fils d&rsquo;un c\u00e9l\u00e8bre procureur ukrainien\u00a0\u00bb ? Attention, il s&rsquo;agit de vid\u00e9os satiriques\",\"datePublished\":\"2024-03-18T09:00:39+00:00\",\"dateModified\":\"2024-03-18T10:50:58+00:00\",\"mainEntityOfPage\":{\"@id\":\"https:\/\/belux.edmo.eu\/fr\/le-quotidien-luxueux-du-fils-dun-clbre-procureur-ukrainien-attention-il-sagit-de-vidos-satiriques\/\"},\"wordCount\":2808,\"publisher\":{\"@id\":\"https:\/\/belux.edmo.eu\/#organization\"},\"image\":{\"@id\":\"https:\/\/belux.edmo.eu\/fr\/le-quotidien-luxueux-du-fils-dun-clbre-procureur-ukrainien-attention-il-sagit-de-vidos-satiriques\/#primaryimage\"},\"thumbnailUrl\":\"https:\/\/belux-edmo.s3-accelerate.amazonaws.com\/wp-content\/uploads\/2024\/03\/1e253ee094e6868b9db5c2769c42b4cddaee3688-ipad.jpg\",\"articleSection\":[\"Fact-Check\",\"Politique\",\"Societe\",\"Ukraine\"],\"inLanguage\":\"fr-FR\"},{\"@type\":\"WebPage\",\"@id\":\"https:\/\/belux.edmo.eu\/fr\/le-quotidien-luxueux-du-fils-dun-clbre-procureur-ukrainien-attention-il-sagit-de-vidos-satiriques\/\",\"url\":\"https:\/\/belux.edmo.eu\/fr\/le-quotidien-luxueux-du-fils-dun-clbre-procureur-ukrainien-attention-il-sagit-de-vidos-satiriques\/\",\"name\":\"Le quotidien luxueux du \\\"fils d'un c\u00e9l\u00e8bre procureur ukrainien\\\" ? Attention, il s'agit de vid\u00e9os satiriques - EDMO Belux\",\"isPartOf\":{\"@id\":\"https:\/\/belux.edmo.eu\/#website\"},\"primaryImageOfPage\":{\"@id\":\"https:\/\/belux.edmo.eu\/fr\/le-quotidien-luxueux-du-fils-dun-clbre-procureur-ukrainien-attention-il-sagit-de-vidos-satiriques\/#primaryimage\"},\"image\":{\"@id\":\"https:\/\/belux.edmo.eu\/fr\/le-quotidien-luxueux-du-fils-dun-clbre-procureur-ukrainien-attention-il-sagit-de-vidos-satiriques\/#primaryimage\"},\"thumbnailUrl\":\"https:\/\/belux-edmo.s3-accelerate.amazonaws.com\/wp-content\/uploads\/2024\/03\/1e253ee094e6868b9db5c2769c42b4cddaee3688-ipad.jpg\",\"datePublished\":\"2024-03-18T09:00:39+00:00\",\"dateModified\":\"2024-03-18T10:50:58+00:00\",\"breadcrumb\":{\"@id\":\"https:\/\/belux.edmo.eu\/fr\/le-quotidien-luxueux-du-fils-dun-clbre-procureur-ukrainien-attention-il-sagit-de-vidos-satiriques\/#breadcrumb\"},\"inLanguage\":\"fr-FR\",\"potentialAction\":[{\"@type\":\"ReadAction\",\"target\":[\"https:\/\/belux.edmo.eu\/fr\/le-quotidien-luxueux-du-fils-dun-clbre-procureur-ukrainien-attention-il-sagit-de-vidos-satiriques\/\"]}]},{\"@type\":\"ImageObject\",\"inLanguage\":\"fr-FR\",\"@id\":\"https:\/\/belux.edmo.eu\/fr\/le-quotidien-luxueux-du-fils-dun-clbre-procureur-ukrainien-attention-il-sagit-de-vidos-satiriques\/#primaryimage\",\"url\":\"https:\/\/belux-edmo.s3-accelerate.amazonaws.com\/wp-content\/uploads\/2024\/03\/1e253ee094e6868b9db5c2769c42b4cddaee3688-ipad.jpg\",\"contentUrl\":\"https:\/\/belux-edmo.s3-accelerate.amazonaws.com\/wp-content\/uploads\/2024\/03\/1e253ee094e6868b9db5c2769c42b4cddaee3688-ipad.jpg\",\"width\":1080,\"height\":540,\"caption\":\"Le quotidien luxueux du \\\"fils d'un c\u00e9l\u00e8bre procureur ukrainien\\\" ? Attention, il s'agit de vid\u00e9os satiriques - Featured image\"},{\"@type\":\"BreadcrumbList\",\"@id\":\"https:\/\/belux.edmo.eu\/fr\/le-quotidien-luxueux-du-fils-dun-clbre-procureur-ukrainien-attention-il-sagit-de-vidos-satiriques\/#breadcrumb\",\"itemListElement\":[{\"@type\":\"ListItem\",\"position\":1,\"name\":\"Home\",\"item\":\"https:\/\/belux.edmo.eu\/fr\/\"},{\"@type\":\"ListItem\",\"position\":2,\"name\":\"Le quotidien luxueux du &#8220;fils d&#8217;un c\u00e9l\u00e8bre procureur ukrainien&#8221; ? Attention, il s&#8217;agit de vid\u00e9os satiriques\"}]},{\"@type\":\"WebSite\",\"@id\":\"https:\/\/belux.edmo.eu\/#website\",\"url\":\"https:\/\/belux.edmo.eu\/\",\"name\":\"EDMO Belux\",\"description\":\"Monitoring Disinformation in Belgium and Luxembourg\",\"publisher\":{\"@id\":\"https:\/\/belux.edmo.eu\/#organization\"},\"potentialAction\":[{\"@type\":\"SearchAction\",\"target\":{\"@type\":\"EntryPoint\",\"urlTemplate\":\"https:\/\/belux.edmo.eu\/?s={search_term_string}\"},\"query-input\":{\"@type\":\"PropertyValueSpecification\",\"valueRequired\":true,\"valueName\":\"search_term_string\"}}],\"inLanguage\":\"fr-FR\"},{\"@type\":\"Organization\",\"@id\":\"https:\/\/belux.edmo.eu\/#organization\",\"name\":\"EDMO Belux\",\"url\":\"https:\/\/belux.edmo.eu\/\",\"logo\":{\"@type\":\"ImageObject\",\"inLanguage\":\"fr-FR\",\"@id\":\"https:\/\/belux.edmo.eu\/#\/schema\/logo\/image\/\",\"url\":\"https:\/\/belux.edmo.eu\/wp-content\/uploads\/2021\/12\/belux-logo-full-color-rgb.svg\",\"contentUrl\":\"https:\/\/belux.edmo.eu\/wp-content\/uploads\/2021\/12\/belux-logo-full-color-rgb.svg\",\"width\":1,\"height\":1,\"caption\":\"EDMO Belux\"},\"image\":{\"@id\":\"https:\/\/belux.edmo.eu\/#\/schema\/logo\/image\/\"},\"sameAs\":[\"https:\/\/x.com\/Edmo_Belux\"]},{\"@type\":\"Person\",\"@id\":\"https:\/\/belux.edmo.eu\/#\/schema\/person\/dbe3b252258537fd318f9b5645a30342\",\"name\":\"master\",\"sameAs\":[\"https:\/\/belux.wpengine.com\"],\"url\":\"https:\/\/belux.edmo.eu\/fr\/author\/master\/\"}]}<\/script>\n<!-- \/ Yoast SEO plugin. -->","yoast_head_json":{"title":"Le quotidien luxueux du \"fils d'un c\u00e9l\u00e8bre procureur ukrainien\" ? Attention, il s'agit de vid\u00e9os satiriques - EDMO Belux","robots":{"index":"index","follow":"follow","max-snippet":"max-snippet:-1","max-image-preview":"max-image-preview:large","max-video-preview":"max-video-preview:-1"},"canonical":"https:\/\/belux.edmo.eu\/fr\/le-quotidien-luxueux-du-fils-dun-clbre-procureur-ukrainien-attention-il-sagit-de-vidos-satiriques\/","og_locale":"fr_FR","og_type":"article","og_title":"Le quotidien luxueux du \"fils d'un c\u00e9l\u00e8bre procureur ukrainien\" ? Attention, il s'agit de vid\u00e9os satiriques - EDMO Belux","og_description":"\"Le fils du procureur ukrainien remercie la chair \u00e0 canon qui meurt au front pour la 'd\u00e9mocratie'. R\u00e9jouissez-vous : vos imp\u00f4ts assurent la s\u00e9curit\u00e9 des riches ukrainiens et de leurs prostitu\u00e9es\", assure la l\u00e9gende d'une vid\u00e9o publi\u00e9e sur X le 14 janvier et partag\u00e9e plusieurs milliers de fois.","og_url":"https:\/\/belux.edmo.eu\/fr\/le-quotidien-luxueux-du-fils-dun-clbre-procureur-ukrainien-attention-il-sagit-de-vidos-satiriques\/","og_site_name":"EDMO Belux","article_published_time":"2024-03-18T09:00:39+00:00","article_modified_time":"2024-03-18T10:50:58+00:00","og_image":[{"width":1080,"height":540,"url":"https:\/\/belux-edmo.s3-accelerate.amazonaws.com\/wp-content\/uploads\/2024\/03\/1e253ee094e6868b9db5c2769c42b4cddaee3688-ipad.jpg","type":"image\/jpeg"}],"author":"master","twitter_card":"summary_large_image","twitter_creator":"@Edmo_Belux","twitter_site":"@Edmo_Belux","twitter_misc":{"\u00c9crit par":"master","Dur\u00e9e de lecture estim\u00e9e":"13 minutes"},"schema":{"@context":"https:\/\/schema.org","@graph":[{"@type":"Article","@id":"https:\/\/belux.edmo.eu\/fr\/le-quotidien-luxueux-du-fils-dun-clbre-procureur-ukrainien-attention-il-sagit-de-vidos-satiriques\/#article","isPartOf":{"@id":"https:\/\/belux.edmo.eu\/fr\/le-quotidien-luxueux-du-fils-dun-clbre-procureur-ukrainien-attention-il-sagit-de-vidos-satiriques\/"},"author":{"name":"master","@id":"https:\/\/belux.edmo.eu\/#\/schema\/person\/dbe3b252258537fd318f9b5645a30342"},"headline":"Le quotidien luxueux du \u00ab\u00a0fils d&rsquo;un c\u00e9l\u00e8bre procureur ukrainien\u00a0\u00bb ? Attention, il s&rsquo;agit de vid\u00e9os satiriques","datePublished":"2024-03-18T09:00:39+00:00","dateModified":"2024-03-18T10:50:58+00:00","mainEntityOfPage":{"@id":"https:\/\/belux.edmo.eu\/fr\/le-quotidien-luxueux-du-fils-dun-clbre-procureur-ukrainien-attention-il-sagit-de-vidos-satiriques\/"},"wordCount":2808,"publisher":{"@id":"https:\/\/belux.edmo.eu\/#organization"},"image":{"@id":"https:\/\/belux.edmo.eu\/fr\/le-quotidien-luxueux-du-fils-dun-clbre-procureur-ukrainien-attention-il-sagit-de-vidos-satiriques\/#primaryimage"},"thumbnailUrl":"https:\/\/belux-edmo.s3-accelerate.amazonaws.com\/wp-content\/uploads\/2024\/03\/1e253ee094e6868b9db5c2769c42b4cddaee3688-ipad.jpg","articleSection":["Fact-Check","Politique","Societe","Ukraine"],"inLanguage":"fr-FR"},{"@type":"WebPage","@id":"https:\/\/belux.edmo.eu\/fr\/le-quotidien-luxueux-du-fils-dun-clbre-procureur-ukrainien-attention-il-sagit-de-vidos-satiriques\/","url":"https:\/\/belux.edmo.eu\/fr\/le-quotidien-luxueux-du-fils-dun-clbre-procureur-ukrainien-attention-il-sagit-de-vidos-satiriques\/","name":"Le quotidien luxueux du \"fils d'un c\u00e9l\u00e8bre procureur ukrainien\" ? Attention, il s'agit de vid\u00e9os satiriques - EDMO Belux","isPartOf":{"@id":"https:\/\/belux.edmo.eu\/#website"},"primaryImageOfPage":{"@id":"https:\/\/belux.edmo.eu\/fr\/le-quotidien-luxueux-du-fils-dun-clbre-procureur-ukrainien-attention-il-sagit-de-vidos-satiriques\/#primaryimage"},"image":{"@id":"https:\/\/belux.edmo.eu\/fr\/le-quotidien-luxueux-du-fils-dun-clbre-procureur-ukrainien-attention-il-sagit-de-vidos-satiriques\/#primaryimage"},"thumbnailUrl":"https:\/\/belux-edmo.s3-accelerate.amazonaws.com\/wp-content\/uploads\/2024\/03\/1e253ee094e6868b9db5c2769c42b4cddaee3688-ipad.jpg","datePublished":"2024-03-18T09:00:39+00:00","dateModified":"2024-03-18T10:50:58+00:00","breadcrumb":{"@id":"https:\/\/belux.edmo.eu\/fr\/le-quotidien-luxueux-du-fils-dun-clbre-procureur-ukrainien-attention-il-sagit-de-vidos-satiriques\/#breadcrumb"},"inLanguage":"fr-FR","potentialAction":[{"@type":"ReadAction","target":["https:\/\/belux.edmo.eu\/fr\/le-quotidien-luxueux-du-fils-dun-clbre-procureur-ukrainien-attention-il-sagit-de-vidos-satiriques\/"]}]},{"@type":"ImageObject","inLanguage":"fr-FR","@id":"https:\/\/belux.edmo.eu\/fr\/le-quotidien-luxueux-du-fils-dun-clbre-procureur-ukrainien-attention-il-sagit-de-vidos-satiriques\/#primaryimage","url":"https:\/\/belux-edmo.s3-accelerate.amazonaws.com\/wp-content\/uploads\/2024\/03\/1e253ee094e6868b9db5c2769c42b4cddaee3688-ipad.jpg","contentUrl":"https:\/\/belux-edmo.s3-accelerate.amazonaws.com\/wp-content\/uploads\/2024\/03\/1e253ee094e6868b9db5c2769c42b4cddaee3688-ipad.jpg","width":1080,"height":540,"caption":"Le quotidien luxueux du \"fils d'un c\u00e9l\u00e8bre procureur ukrainien\" ? Attention, il s'agit de vid\u00e9os satiriques - Featured image"},{"@type":"BreadcrumbList","@id":"https:\/\/belux.edmo.eu\/fr\/le-quotidien-luxueux-du-fils-dun-clbre-procureur-ukrainien-attention-il-sagit-de-vidos-satiriques\/#breadcrumb","itemListElement":[{"@type":"ListItem","position":1,"name":"Home","item":"https:\/\/belux.edmo.eu\/fr\/"},{"@type":"ListItem","position":2,"name":"Le quotidien luxueux du &#8220;fils d&#8217;un c\u00e9l\u00e8bre procureur ukrainien&#8221; ? Attention, il s&#8217;agit de vid\u00e9os satiriques"}]},{"@type":"WebSite","@id":"https:\/\/belux.edmo.eu\/#website","url":"https:\/\/belux.edmo.eu\/","name":"EDMO Belux","description":"Monitoring Disinformation in Belgium and Luxembourg","publisher":{"@id":"https:\/\/belux.edmo.eu\/#organization"},"potentialAction":[{"@type":"SearchAction","target":{"@type":"EntryPoint","urlTemplate":"https:\/\/belux.edmo.eu\/?s={search_term_string}"},"query-input":{"@type":"PropertyValueSpecification","valueRequired":true,"valueName":"search_term_string"}}],"inLanguage":"fr-FR"},{"@type":"Organization","@id":"https:\/\/belux.edmo.eu\/#organization","name":"EDMO Belux","url":"https:\/\/belux.edmo.eu\/","logo":{"@type":"ImageObject","inLanguage":"fr-FR","@id":"https:\/\/belux.edmo.eu\/#\/schema\/logo\/image\/","url":"https:\/\/belux.edmo.eu\/wp-content\/uploads\/2021\/12\/belux-logo-full-color-rgb.svg","contentUrl":"https:\/\/belux.edmo.eu\/wp-content\/uploads\/2021\/12\/belux-logo-full-color-rgb.svg","width":1,"height":1,"caption":"EDMO Belux"},"image":{"@id":"https:\/\/belux.edmo.eu\/#\/schema\/logo\/image\/"},"sameAs":["https:\/\/x.com\/Edmo_Belux"]},{"@type":"Person","@id":"https:\/\/belux.edmo.eu\/#\/schema\/person\/dbe3b252258537fd318f9b5645a30342","name":"master","sameAs":["https:\/\/belux.wpengine.com"],"url":"https:\/\/belux.edmo.eu\/fr\/author\/master\/"}]}},"menu_order":0,"_links":{"self":[{"href":"https:\/\/belux.edmo.eu\/fr\/wp-json\/wp\/v2\/posts\/324678","targetHints":{"allow":["GET"]}}],"collection":[{"href":"https:\/\/belux.edmo.eu\/fr\/wp-json\/wp\/v2\/posts"}],"about":[{"href":"https:\/\/belux.edmo.eu\/fr\/wp-json\/wp\/v2\/types\/post"}],"author":[{"embeddable":true,"href":"https:\/\/belux.edmo.eu\/fr\/wp-json\/wp\/v2\/users\/1"}],"replies":[{"embeddable":true,"href":"https:\/\/belux.edmo.eu\/fr\/wp-json\/wp\/v2\/comments?post=324678"}],"version-history":[{"count":0,"href":"https:\/\/belux.edmo.eu\/fr\/wp-json\/wp\/v2\/posts\/324678\/revisions"}],"wp:featuredmedia":[{"embeddable":true,"href":"https:\/\/belux.edmo.eu\/fr\/wp-json\/wp\/v2\/media\/324618"}],"wp:attachment":[{"href":"https:\/\/belux.edmo.eu\/fr\/wp-json\/wp\/v2\/media?parent=324678"}],"wp:term":[{"taxonomy":"category","embeddable":true,"href":"https:\/\/belux.edmo.eu\/fr\/wp-json\/wp\/v2\/categories?post=324678"},{"taxonomy":"post_tag","embeddable":true,"href":"https:\/\/belux.edmo.eu\/fr\/wp-json\/wp\/v2\/tags?post=324678"}],"curies":[{"name":"wp","href":"https:\/\/api.w.org\/{rel}","templated":true}]}}