{"id":326418,"date":"2024-03-26T14:51:53","date_gmt":"2024-03-26T14:51:53","guid":{"rendered":"https:\/\/belux.edmo.eu\/?p=326418"},"modified":"2024-03-26T15:51:17","modified_gmt":"2024-03-26T15:51:17","slug":"non-cette-vido-ne-montre-pas-un-responsable-ukrainien-confirmant-limplication-de-lukraine-dans-lattentat-contre-une-salle-de-concert","status":"publish","type":"post","link":"https:\/\/belux.edmo.eu\/fr\/non-cette-vido-ne-montre-pas-un-responsable-ukrainien-confirmant-limplication-de-lukraine-dans-lattentat-contre-une-salle-de-concert\/","title":{"rendered":"Non, cette vid\u00e9o ne montre pas un responsable ukrainien confirmant l&rsquo;implication de l&rsquo;Ukraine dans l&rsquo;attentat contre une salle de concert"},"content":{"rendered":"<p><b>Un attentat contre une salle de concert en banlieue de Moscou a fait au moins 139 morts vendredi 22 mars 2024. Il a \u00e9t\u00e9 revendiqu\u00e9 par l&rsquo;Etat islamique, mais les autorit\u00e9s russes, tout en parlant d&rsquo;actes commis par des \u00ab\u00a0<em>islamistes radicaux<\/em>\u00ab\u00a0, ont n\u00e9anmoins \u00e9voqu\u00e9 une possible responsabilit\u00e9 de l&rsquo;Ukraine. Dans ce contexte, une vid\u00e9o dans laquelle le secr\u00e9taire g\u00e9n\u00e9ral du Conseil de s\u00e9curit\u00e9 et de d\u00e9fense ukrainien, Oleksi\u00ef Danilov, affirmerait que l&rsquo;Ukraine est responsable de l&rsquo;attentat, tout en ironisant sur les victimes, a \u00e9t\u00e9 largement partag\u00e9e. Mais il s&rsquo;agit d&rsquo;un montage m\u00e9langeant deux vid\u00e9os ant\u00e9rieures \u00e0 l&rsquo;attentat et un audio g\u00e9n\u00e9r\u00e9 par intelligence artificielle.<\/b><\/p>\n<p>\u00ab\u00a0<em>Le secr\u00e9taire du Conseil national de s\u00e9curit\u00e9 et de d\u00e9fense de l&rsquo;Ukraine, Alexe\u00ef Danilov, a confirm\u00e9 l&rsquo;implication de l&rsquo;Ukraine dans l&rsquo;attaque terroriste de Crocus : &lsquo;Est-ce que c&rsquo;est amusant \u00e0 Moscou aujourd&rsquo;hui ? Je pense que c&rsquo;est tr\u00e8s amusant. J&rsquo;aimerais croire que nous organiserons de tels divertissements pour eux plus souvent&rsquo;<\/em>\u00ab\u00a0, assure la l\u00e9gende d&rsquo;une vid\u00e9o partag\u00e9e plusieurs centaines de fois <a href=\"https:\/\/archive.is\/L6oRi\" target=\"_blank\" rel=\"noopener\" shape=\"rect\">sur X<\/a> depuis le 22 mars.<\/p>\n<p>La m\u00eame vid\u00e9o a \u00e9t\u00e9 relay\u00e9e avec des l\u00e9gendes semblables dans d&rsquo;autres publications sur X (<a href=\"https:\/\/archive.ph\/8hfG7\" shape=\"rect\">ici<\/a>, <a href=\"https:\/\/archive.is\/2suuW\" shape=\"rect\">ici<\/a>, <a href=\"https:\/\/archive.ph\/mQKnJ\" shape=\"rect\">l\u00e0<\/a>), sur Telegram (<a href=\"https:\/\/perma.cc\/V8JK-LPEC\" shape=\"rect\">ici<\/a>, <a href=\"https:\/\/perma.cc\/3DHU-HLTY\" shape=\"rect\">ici<\/a>, <a href=\"https:\/\/perma.cc\/DXC9-Z9YB\" shape=\"rect\">ici<\/a>, <a href=\"https:\/\/perma.cc\/58QN-2YG8\" shape=\"rect\">l\u00e0<\/a>), sur Facebook et sur le site \u00ab\u00a0<a href=\"https:\/\/perma.cc\/X5G4-F2TE\" shape=\"rect\">pravda-fr<\/a>\u00ab\u00a0, qui appartient \u00e0 un\u00a0<a href=\"https:\/\/www.europe1.fr\/societe\/guerre-en-ukraine-ce-reseau-coordonne-pour-servir-la-propagande-russe-en-europe-et-aux-etats-unis-4230280\" target=\"_blank\" rel=\"noopener\" shape=\"rect\">r\u00e9seau\u00a0<\/a>\u00ab\u00a0<em>structur\u00e9 et coordonn\u00e9<\/em>\u00a0\u00bb\u00a0de 193 sites diffusant de la propagande russe en Europe et aux Etats-Unis, selon Viginum, l&rsquo;organisme fran\u00e7ais de lutte contre les ing\u00e9rences num\u00e9riques \u00e9trang\u00e8res (lien archiv\u00e9\u00a0<a href=\"https:\/\/perma.cc\/7V5V-A348\" target=\"_blank\" rel=\"noopener\" shape=\"rect\">ici<\/a>).<\/p>\n<div class=\"g2picture\">\n<figure><img src=\"https:\/\/belux-edmo.s3-accelerate.amazonaws.com\/wp-content\/uploads\/2024\/03\/07bbb14cc0fcaddcae55643496ab2337eeebf3b8-ipad.jpg\" \/><figcaption>Capture d&rsquo;\u00e9cran du site \u00ab\u00a0pravda-fr\u00a0\u00bb, prise le 26 mars 2024<\/figcaption><\/figure>\n<\/div>\n<p>Les m\u00eames all\u00e9gations ont aussi circul\u00e9 en d&rsquo;autres langues dont l&rsquo;<a href=\"https:\/\/archive.is\/xq46C\" shape=\"rect\">espagnol<\/a>, l&rsquo;<a href=\"https:\/\/archive.is\/GKVOe\" target=\"_blank\" rel=\"noopener\" shape=\"rect\">allemand<\/a>, le\u00a0<a href=\"https:\/\/perma.cc\/S56X-URVX\" shape=\"rect\">polonais<\/a> et l&rsquo;<a href=\"https:\/\/archive.ph\/vTK7m\" target=\"_blank\" rel=\"noopener\" shape=\"rect\">anglais<\/a>.<\/p>\n<p>Elles ont aussi \u00e9t\u00e9 diffus\u00e9es en russe, notamment par des m\u00e9dias d\u00e8s le 22 mars, notamment par la cha\u00eene priv\u00e9e NTV, comme le rel\u00e8ve le m\u00e9dia russophone Meduza, bas\u00e9 en Lettonie, dans <a href=\"https:\/\/meduza.io\/news\/2024\/03\/23\/ntv-pokazal-v-novostyah-feykovoe-video-gde-sekretar-snbo-ukrainy-podtverdil-prichastnost-kievskogo-rezhima-k-teraktu-v-krokus-siti-holle\" shape=\"rect\">un article<\/a> (archiv\u00e9 <a href=\"https:\/\/perma.cc\/PQ6P-U63L\" shape=\"rect\">ici<\/a>) v\u00e9rifiant l&rsquo;authenticit\u00e9 de cette vid\u00e9o publi\u00e9 le 23 mars.<\/p>\n<p>Mais ces l\u00e9gendes sont trompeuses : la vid\u00e9o est compos\u00e9e de deux s\u00e9quences sans lien entre elles diffus\u00e9es par des m\u00e9dias diff\u00e9rents en amont de l&rsquo;attaque du 22 mars, et les propos pr\u00eat\u00e9s au responsable ukrainien ont \u00e9t\u00e9 manipul\u00e9s.<\/p>\n<p>Le 22 mars, un attentat dans une salle de concert, le Crocus City Hall, de la banlieue de Moscou a fait au moins 139 morts. Il a \u00e9t\u00e9 revendiqu\u00e9 par l&rsquo;organisation jihadiste Etat islamique. Les autorit\u00e9s russes n&rsquo;avaient dans un premier temps pas r\u00e9agi \u00e0 cette revendication, \u00e9voquant une \u00ab\u00a0<em>piste ukrainienne<\/em>\u00ab\u00a0, qui a aussit\u00f4t \u00e9t\u00e9 d\u00e9mentie par Kiev.<\/p>\n<p>Lundi 25 mars, Vladimir Poutine a reconnu pour la premi\u00e8re fois que l&rsquo;attentat avait \u00e9t\u00e9 commis par des \u00ab\u00a0<em>islamistes radicaux<\/em>\u00ab\u00a0, tout en continuant \u00e0 sous-entendre un lien avec l&rsquo;Ukraine.<\/p>\n<p>Ces publications qui visent \u00e0 bl\u00e2mer l&rsquo;Ukraine s&rsquo;inscrivent pr\u00e9cis\u00e9ment dans la rh\u00e9torique pro-Kremlin, qui tente aussi de saper le soutien occidental \u00e0 l&rsquo;Ukraine en pr\u00e9sentant cette derni\u00e8re comme \u00ab\u00a0<em>responsable<\/em>\u00a0\u00bb de la guerre, plus de deux ans apr\u00e8s le d\u00e9but de l&rsquo;invasion militaire russe de l&rsquo;Ukraine.<\/p>\n<p><b>Un montage de vid\u00e9os ant\u00e9rieures<\/b><\/p>\n<p>En effectuant une recherche d&rsquo;image invers\u00e9e \u00e0 partir de Google Lens en se focalisant sur la partie de la vid\u00e9o dans laquelle apparait Oleksi\u00ef Danilov, on peut aujourd&rsquo;hui trouver des articles de v\u00e9rification en plusieurs langues, dont l&rsquo;espagnol <a href=\"https:\/\/maldita.es\/malditobulo\/20240324\/ucrania-participacion-atentados-moscu-video\/\" shape=\"rect\">Maldita<\/a> (archiv\u00e9 <a href=\"https:\/\/perma.cc\/6T93-8Q6F\" shape=\"rect\">ici<\/a>) ou encore l&rsquo;italien\u00a0<a href=\"https:\/\/www.cdt.ch\/news\/mondo\/attentato-al-crocus-city-hall-la-tv-russa-incolpa-kiev-ma-con-un-filmato-fake-346781\" shape=\"rect\">Corriere del Ticino<\/a> (archiv\u00e9 <a href=\"https:\/\/perma.cc\/4D53-PMFF\" shape=\"rect\">ici<\/a>), qui indiquent clairement que la vid\u00e9o a \u00e9t\u00e9 manipul\u00e9e et est un composite d&rsquo;autres interventions sans rapport.<\/p>\n<p>Ces derniers soulignent que l&rsquo;image d&rsquo;Oleksi\u00ef Danilov correspond en r\u00e9alit\u00e9 \u00e0 <a href=\"https:\/\/www.youtube.com\/watch?v=XGDrPbBHUxQ\" shape=\"rect\">une interview<\/a> publi\u00e9e le 19 mars sur la cha\u00eene YouTube du m\u00e9dia ukrainien Ukrainska Pravda (archiv\u00e9e <a href=\"https:\/\/archive.is\/yhyWy\" shape=\"rect\">ici<\/a>), soit trois jours avant l&rsquo;attaque du Crocus City Hall.<\/p>\n<p>En visionnant la vid\u00e9o, on constate que le secr\u00e9taire g\u00e9n\u00e9ral du Conseil de s\u00e9curit\u00e9 et de d\u00e9fense ukrainien appara\u00eet en dans la m\u00eame position, avec les m\u00eames v\u00eatements et devant le m\u00eame fond que dans la vid\u00e9o diffus\u00e9e sur les r\u00e9seaux sociaux apr\u00e8s l&rsquo;attentat du 22 mars.<\/p>\n<p>Mais si les mouvements du haut du corps sont bien les m\u00eames, les paroles prononc\u00e9es sont diff\u00e9rentes : il \u00e9tait en r\u00e9alit\u00e9 interrog\u00e9 sur un potentiel envoi de troupes fran\u00e7aises en Ukraine apr\u00e8s les propos d&rsquo;Emmanuel Macron, qui avait indiqu\u00e9 <a href=\"https:\/\/www.lepoint.fr\/monde\/guerre-en-ukraine-emmanuel-macron-clarifie-ses-propos-sur-l-envoi-de-troupes-05-03-2024-2554219_24.php\" shape=\"rect\">d\u00e9but mars<\/a> ne <a href=\"https:\/\/perma.cc\/MF63-NQY4\" shape=\"rect\">pas l&rsquo;exclure<\/a>.<\/p>\n<p>Les personnes \u00e0 gauche, qui semblent mener l&rsquo;interview, n&rsquo;apparaissent par ailleurs pas dans cette vid\u00e9o. A la place, appara\u00eet un pr\u00e9sentateur du m\u00e9dia Ukrainska Pravda.<\/p>\n<div class=\"g2picture\">\n<figure><img src=\"https:\/\/belux-edmo.s3-accelerate.amazonaws.com\/wp-content\/uploads\/2024\/03\/2a4ed6fa5b5c2a0c4522f8f28ba438e62fbbc2d2-ipad.jpg\" \/><figcaption>Comparaison de l&rsquo;interview authentique (\u00e0 gauche) sur Ukrainska Pravda et de la vid\u00e9o manipul\u00e9e (\u00e0 droite), captures d&rsquo;\u00e9cran prises le 26\/03\/2024<\/figcaption><\/figure>\n<\/div>\n<p>Quant aux personnes figurant \u00e0 gauche des vid\u00e9os trompeuses, il s&rsquo;agit de pr\u00e9sentateurs d&rsquo;un autre m\u00e9dia ukrainien, My Ukraina. On peut les retrouver dans <a href=\"https:\/\/www.youtube.com\/watch?v=ULwYjaqFsCU\" shape=\"rect\">une vid\u00e9o<\/a> (archiv\u00e9e <a href=\"https:\/\/perma.cc\/5HWD-JPUJ\" shape=\"rect\">ici<\/a>) sans rapport avec l&rsquo;intervention d&rsquo;Oleksi\u00ef Danilov, publi\u00e9e le 16 mars sur la cha\u00eene YouTube de My Ukraina.<\/p>\n<p>A partir de 44 secondes, on peut en effet observer une configuration semblable \u00e0 celle de l&rsquo;image partag\u00e9e sur les r\u00e9seaux sociaux, avec les pr\u00e9sentateurs sur la gauche, sauf qu&rsquo;Oleksi\u00ef Danilov n&rsquo;est pas la personne interrog\u00e9e.<\/p>\n<p>Il s&rsquo;agit d&rsquo;un autre responsable ukrainien : Kyrylo Boudanov, le chef du renseignement militaire ukrainien, et la discussion n&rsquo;avait aucun rapport avec l&rsquo;attaque meurtri\u00e8re du 22 mars &#8211; qui n&rsquo;avait pas encore eu lieu.<\/p>\n<div class=\"g2picture\">\n<figure><img src=\"https:\/\/belux-edmo.s3-accelerate.amazonaws.com\/wp-content\/uploads\/2024\/03\/2b58767173006e331fa0915402c3b29a7a4c4c2c-ipad.jpg\" \/><figcaption>Comparaison de l&rsquo;interview authentique (\u00e0 gauche) sur My Ukraina et de la vid\u00e9o manipul\u00e9e (\u00e0 droite), captures d&rsquo;\u00e9cran prises le 26\/03\/2024<\/figcaption><\/figure>\n<\/div>\n<p><b>Des propos g\u00e9n\u00e9r\u00e9s par IA<\/b><\/p>\n<p>Les propos pr\u00e9tendus d&rsquo;Oleksi\u00ef Danilov dans cette vid\u00e9o vont par ailleurs \u00e0 l&rsquo;encontre des prises de parole officielles de Kiev, qui avait tr\u00e8s vite apr\u00e8s l&rsquo;annonce de l&rsquo;attentat d\u00e9menti toute implication ukrainienne.<\/p>\n<p>Ces incoh\u00e9rences accr\u00e9ditent l&rsquo;id\u00e9e que cette vid\u00e9o soit en r\u00e9alit\u00e9 un <em>deepfake<\/em>, c&rsquo;est-\u00e0-dire un contenu audiovisuel truqu\u00e9 gr\u00e2ce \u00e0 des technologies utilisant l&rsquo;intelligence artificielle (IA), qui peut par exemple permettre de faire faire ou faire dire \u00e0 des personnes des choses qu&rsquo;elles n&rsquo;ont pas dites ou faites.<\/p>\n<p>L&rsquo;AFP a analys\u00e9 le fichier \u00e0 l&rsquo;aide du logiciel <a href=\"https:\/\/elevenlabs.io\/ai-speech-classifier\" shape=\"rect\">ElevenLabs Speech classifier<\/a>, qui a <a href=\"https:\/\/perma.cc\/BEN4-ZUZT\" shape=\"rect\">estim\u00e9<\/a> la probabilit\u00e9 que la voix de l&rsquo;enregistrement ait \u00e9t\u00e9 g\u00e9n\u00e9r\u00e9e par IA \u00e0 98%.<\/p>\n<p>Le logiciel indique aussi qu&rsquo;il est \u00ab\u00a0<em>tr\u00e8s probable<\/em>\u00a0\u00bb que l&rsquo;audio ait \u00e9t\u00e9 g\u00e9n\u00e9r\u00e9 directement par cette m\u00eame plateforme ElevenLabs, qui permet de cloner des voix, en se fondant sur des extraits sonores r\u00e9els.<\/p>\n<div class=\"g2picture\">\n<figure><img src=\"https:\/\/belux-edmo.s3-accelerate.amazonaws.com\/wp-content\/uploads\/2024\/03\/c925cbfd5262b48fe1966e56bc874b016181d318-ipad.jpg\" \/><figcaption>Capture d&rsquo;\u00e9cran du logiciel elevenlabs.io, prise le 25\/03\/2024<\/figcaption><\/figure>\n<\/div>\n<p>L&rsquo;AFP avait par exemple r\u00e9alis\u00e9 \u00e0 titre d&rsquo;exemple dans cet <a href=\"https:\/\/factuel.afp.com\/doc.afp.com.33QB37K\" shape=\"rect\">autre article de v\u00e9rification<\/a>, une voix clon\u00e9e d&rsquo;Emmanuel Macron \u00e0 partir de discours de ce dernier trouv\u00e9s en ligne puis t\u00e9l\u00e9charg\u00e9s dans le logiciel.<\/p>\n<p>En quelques secondes, il est facile de cr\u00e9er un enregistrement avec une voix semblable \u00e0 celle d&rsquo;une personnalit\u00e9.<\/p>\n<p>\u00ab\u00a0<em>Cette technologie s&rsquo;appelle le\u00a0<\/em>&lsquo;voice cloning'\u00a0\u00bb, avait expliqu\u00e9 Manel Terraza, fondateur de\u00a0<a href=\"https:\/\/www.loccus.ai\/\" shape=\"rect\">Loccus.ai<\/a>, un <a href=\"https:\/\/perma.cc\/LA63-SUWW\" shape=\"rect\">outil<\/a> d&rsquo;identification de voix g\u00e9n\u00e9r\u00e9es par intelligence artificielle, aupr\u00e8s de l&rsquo;AFP <a href=\"https:\/\/factuel.afp.com\/doc.afp.com.348D4KU\" shape=\"rect\">fin d\u00e9cembre<\/a>.<\/p>\n<p>Pour reproduire une voix, il suffit de \u00ab\u00a0<em>se procurer un extrait audio de la personne et de le t\u00e9l\u00e9charger sur un logiciel. On r\u00e9dige ensuite le texte souhait\u00e9, que le syst\u00e8me va lire avec une intonation se rapprochant le plus possible de la voix de la personne. Et vou<\/em>s\u00a0<em>pouvez \u00e9crire dans diff\u00e9rentes langues<\/em>\u00ab\u00a0, d\u00e9veloppait-il.<\/p>\n<p>L&rsquo;AFP a aussi soumis l&rsquo;enregistrement \u00e0 l&rsquo;analyse du d\u00e9tecteur de Loccus.ai, qui a \u00e9galement indiqu\u00e9 que cet enregistrement \u00e9tait \u00ab\u00a0<em>tr\u00e8s probablement<\/em>\u00a0\u00bb g\u00e9n\u00e9r\u00e9 par intelligence artificielle.<\/p>\n<p>Un sp\u00e9cialiste des contenus g\u00e9n\u00e9r\u00e9s par IA avait aussi <a href=\"https:\/\/www.bbc.com\/news\/live\/world-68642036\" target=\"_blank\" rel=\"noopener\" shape=\"rect\">estim\u00e9<\/a> (lien archiv\u00e9 <a href=\"https:\/\/perma.cc\/C47X-22H2\" shape=\"rect\">ici<\/a>) aupr\u00e8s de l&rsquo;\u00e9quipe de v\u00e9rification de la BBC que l&rsquo;audio avait \u00e9t\u00e9 g\u00e9n\u00e9r\u00e9 par intelligence artificielle le 23 mars.<\/p>\n<p><b>L&rsquo;attaque du 22 mars<\/b><\/p>\n<p>Le 22 mars au soir, vers 20H15 \u00e0 Moscou (17H15 GMT), plusieurs individus arm\u00e9s ont <a href=\"https:\/\/www.lemonde.fr\/international\/article\/2024\/03\/23\/ce-que-l-on-sait-de-l-attaque-terroriste-dans-une-salle-de-concert-pres-de-moscou-qui-a-fait-plus-de-130-morts_6223609_3211.html\" target=\"_blank\" rel=\"noopener\" shape=\"rect\">men\u00e9 un assaut<\/a>\u00a0sur le Crocus City Hall, une salle de concert situ\u00e9e \u00e0 Krasnogorsk, \u00e0 la sortie nord-ouest de la capitale russe (lien archiv\u00e9\u00a0<a href=\"https:\/\/perma.cc\/N65Y-5TNM\" target=\"_blank\" rel=\"noopener\" shape=\"rect\">ici<\/a>).<\/p>\n<p>Les auteurs auraient utilis\u00e9 des\u00a0\u00ab\u00a0<em>armes automatiques<\/em>\u00a0\u00bb\u00a0et incendi\u00e9 le b\u00e2timent \u00e0 l&rsquo;aide d&rsquo;un\u00a0\u00ab\u00a0<em>liquide inflammable<\/em>\u00ab\u00a0, a d\u00e9clar\u00e9 le Comit\u00e9 d&rsquo;enqu\u00eate le 23 mars. Les services de secours, cit\u00e9s par l&rsquo;agence Interfax, ont indiqu\u00e9 que les assaillants avaient \u00ab\u00a0<em>ouvert le feu sur les agents de s\u00e9curit\u00e9 \u00e0 l&rsquo;entr\u00e9e de la salle de concert<\/em>\u00ab\u00a0, avant de\u00a0\u00ab\u00a0<em>commencer \u00e0 tirer sur le public<\/em>\u00ab\u00a0.<\/p>\n<p>Selon le bilan officiel communiqu\u00e9 le soir du 25 mars, cette attaque a fait au moins 139 morts et 182 bless\u00e9s.<\/p>\n<div class=\"g2picture\">\n<figure><img src=\"https:\/\/belux-edmo.s3-accelerate.amazonaws.com\/wp-content\/uploads\/2024\/03\/000_34M97BW-ipad.jpg\" \/><figcaption>Photo de fleurs comm\u00e9morant les victimes de l&rsquo;attaque du Crocus City Hall, \u00e0 Krasnogorsk, pr\u00e8s de Moscou, le 25 mars 2024 &#8211; Olga MALTSEVA \/ AFP<\/figcaption><\/figure>\n<\/div>\n<p>Quelques heures apr\u00e8s l&rsquo;assaut, le groupe Etat islamique (EI), que la Russie combat en Syrie et qui est actif dans le Caucase russe, a revendiqu\u00e9 l&rsquo;attentat. Les autorit\u00e9s russes ont\u00a0<a href=\"https:\/\/www.leparisien.fr\/international\/attentat-de-moscou-les-assaillants-tentaient-de-fuir-vers-lukraine-accuse-vladimir-poutine-23-03-2024-N2E7GA5RVJBB7KTYMUVIRIOGA4.php\" target=\"_blank\" rel=\"noopener\" shape=\"rect\">affirm\u00e9<\/a>\u00a0que les 4 tueurs pr\u00e9sum\u00e9s tentaient de rejoindre le territoire ukrainien (lien archiv\u00e9\u00a0<a href=\"https:\/\/perma.cc\/QWW2-XDY9\" target=\"_blank\" rel=\"noopener\" shape=\"rect\">ici<\/a>).<\/p>\n<p>\u00ab\u00a0<em>Ils se dirigeaient vers l&rsquo;Ukraine o\u00f9, selon des donn\u00e9es pr\u00e9liminaires (des enqu\u00eateurs), une &lsquo;<\/em>fen\u00eatre<em>&lsquo; avait \u00e9t\u00e9 pr\u00e9par\u00e9e pour qu&rsquo;ils franchissent la fronti\u00e8re<\/em>\u00ab\u00a0, avait accus\u00e9 lors d&rsquo;une allocation t\u00e9l\u00e9vis\u00e9e le pr\u00e9sident Vladimir Poutine le 23 mars, avant d&rsquo;assurer que \u00ab\u00a0<em>ceux qui sont derri\u00e8re ces terroristes seront punis<\/em>\u00a0\u00bb\u00a0et qu&rsquo;ils\u00a0\u00ab\u00a0<em>n&rsquo;auront pas un destin enviable<\/em>\u00ab\u00a0.<\/p>\n<p>Cette version des faits avait d\u00e9j\u00e0 \u00e9t\u00e9 pr\u00e9sent\u00e9e un plus t\u00f4t par les services de s\u00e9curit\u00e9 russes (FSB), qui avaient \u00e9galement affirm\u00e9 dans la matin\u00e9e que les suspects avaient des \u00ab\u00a0<em>contacts<\/em>\u00a0\u00bb en Ukraine et comptaient s&rsquo;y rendre, sans preuve de ces liens suppos\u00e9s. Ils avaient seulement indiqu\u00e9 avoir arr\u00eat\u00e9 les quatre assaillants pr\u00e9sum\u00e9s dans la r\u00e9gion de Briansk, frontali\u00e8re de la Bi\u00e9lorussie et de l&rsquo;Ukraine, alors qu&rsquo;ils tentaient de s&rsquo;enfuir \u00e0 bord d&rsquo;une voiture.<\/p>\n<p>Une pluie d&rsquo;accusations rejet\u00e9es en bloc par l&rsquo;Ukraine, qui a fustig\u00e9 des propos \u00ab\u00a0<em>absurdes<\/em>\u00ab\u00a0.\u00a0\u00ab\u00a0<em>L&rsquo;Ukraine n&rsquo;a pas le moindre lien avec l&rsquo;incident<\/em>\u00ab\u00a0, avait martel\u00e9 le conseiller de la pr\u00e9sidence ukrainienne, Mykhailo Podoliak, le 23 mars. Dans la foul\u00e9e de l&rsquo;attaque, il avait d\u00e9j\u00e0 assur\u00e9 que son pays n&rsquo;avait \u00ab\u00a0<em>absolument rien \u00e0 voir<\/em>\u00a0\u00bb\u00a0avec cet\u00a0\u00ab\u00a0<em>acte terroriste<\/em>\u00ab\u00a0.<\/p>\n<p>Le 25 mars au soir, Vladimir Poutine a reconnu pour la premi\u00e8re fois que l&rsquo;attentat avait \u00e9t\u00e9 commis par des \u00ab\u00a0<em>islamistes radicaux<\/em>\u00ab\u00a0, tout en continuant \u00e0 sous-entendre un lien avec l&rsquo;Ukraine.<\/p>\n<p>Le 26 mars, le patron du FSB a \u00e0 nouveau accus\u00e9 l&rsquo;Ukraine, cette fois associ\u00e9e \u00e0 l&rsquo;Occident, d&rsquo;avoir facilit\u00e9 l&rsquo;attentat. \u00ab\u00a0<em>Nous pensons que l&rsquo;action a \u00e9t\u00e9 pr\u00e9par\u00e9e \u00e0 la fois par des islamistes radicaux eux-m\u00eames et, bien entendu, facilit\u00e9e par les services secrets occidentaux et que les services secrets ukrainiens eux-m\u00eames sont directement impliqu\u00e9s<\/em>\u00ab\u00a0, a d\u00e9clar\u00e9 Alexandre Bortnikov, cit\u00e9 par l&rsquo;agence de presse russe Ria Novosti.<\/p>\n<p>L&rsquo;attentat est survenu quelques jours \u00e0 peine apr\u00e8s la r\u00e9\u00e9lection de Vladimir Poutine \u00e0 la pr\u00e9sidence de la Russie, sans opposition pour six ans, alors qu&rsquo;il avait promis la s\u00e9curit\u00e9 \u00e0 ses concitoyens en pleine recrudescence des attaques en provenance d&rsquo;Ukraine sur le sol russe.<\/p>\n<p>Cette attaque contre la salle de concert Crocus City Hall est aussi la plus meurtri\u00e8re en Russie depuis une vingtaine d&rsquo;ann\u00e9es, ainsi que la plus sanglante \u00e0 avoir \u00e9t\u00e9 revendiqu\u00e9e par l&rsquo;EI en Europe.<\/p>\n","protected":false},"excerpt":{"rendered":"<p>\u00ab\u00a0Le secr\u00e9taire du Conseil national de s\u00e9curit\u00e9 et de d\u00e9fense de l&rsquo;Ukraine, Alexe\u00ef Danilov, a confirm\u00e9 l&rsquo;implication de l&rsquo;Ukraine dans l&rsquo;attaque terroriste de Crocus : &lsquo;Est-ce que c&rsquo;est amusant \u00e0 Moscou aujourd&rsquo;hui ? Je pense que c&rsquo;est tr\u00e8s amusant. J&rsquo;aimerais croire que nous organiserons de tels divertissements pour eux plus souvent'\u00a0\u00bb, assure la l\u00e9gende d&rsquo;une vid\u00e9o partag\u00e9e plusieurs centaines de fois sur X depuis le 22 mars.\u00a0<\/p>\n","protected":false},"author":1,"featured_media":326388,"comment_status":"closed","ping_status":"open","sticky":false,"template":"","format":"standard","meta":{"_acf_changed":false,"footnotes":""},"categories":[125,132,138,214],"tags":[],"class_list":{"0":"post-326418","1":"post","2":"type-post","3":"status-publish","4":"format-standard","5":"has-post-thumbnail","7":"category-fact-check-fr","8":"category-politique","9":"category-societe","10":"category-ukraine-fr"},"acf":{"show_metatags":true,"id":"http:\/\/doc.afp.com\/34M98Q8","authors":"Claire-Line NASS \/ AFP France","organization":"AFP","featured_image_copyright":"","text_copyright":"\u00a9 AGENCE FRANCE-PRESSE | 2024 | Tous droits r\u00e9serv\u00e9s. L\u2019acc\u00e8s aux contenus de l'AFP publi\u00e9s sur ce site et, le cas \u00e9ch\u00e9ant, leur utilisation sont soumis aux conditions g\u00e9n\u00e9rales d'utilisation disponibles sur <a href='https:\/\/www.afp.com\/fr\/cgu' target='_blank'>CGU<\/a>. Par cons\u00e9quent, en acc\u00e9dant aux contenus de l\u2019AFP publi\u00e9s sur ce site, et en les utilisant, le cas \u00e9ch\u00e9ant, vous acceptez d'\u00eatre li\u00e9 par les conditions g\u00e9n\u00e9rales d'utilisation susmentionn\u00e9es. L\u2019utilisation de contenus de l'AFP se fait sous votre seule et enti\u00e8re responsabilit\u00e9.","source":"https:\/\/factuel.afp.com\/doc.afp.com.34M98Q8","fact_checker":"https:\/\/belux.wpengine.com\/wp-content\/uploads\/2021\/12\/afp_logo.png","type":"\u00c9v\u00e9nement ferm\u00e9","location":"","start_date":"","start_date_event_begins_at":"","start_date_event_ends_at":"","end_date":"","end_date_event_begins_at":"","end_date_event_ends_at":"","organizer":"","fact_checker_logo_image":false},"yoast_head":"<!-- This site is optimized with the Yoast SEO plugin v27.0 - https:\/\/yoast.com\/product\/yoast-seo-wordpress\/ -->\n<title>Non, cette vid\u00e9o ne montre pas un responsable ukrainien confirmant l&#039;implication de l&#039;Ukraine dans l&#039;attentat contre une salle de concert - EDMO Belux<\/title>\n<meta name=\"robots\" content=\"index, follow, max-snippet:-1, max-image-preview:large, max-video-preview:-1\" \/>\n<link rel=\"canonical\" href=\"https:\/\/belux.edmo.eu\/fr\/non-cette-vido-ne-montre-pas-un-responsable-ukrainien-confirmant-limplication-de-lukraine-dans-lattentat-contre-une-salle-de-concert\/\" \/>\n<meta property=\"og:locale\" content=\"fr_FR\" \/>\n<meta property=\"og:type\" content=\"article\" \/>\n<meta property=\"og:title\" content=\"Non, cette vid\u00e9o ne montre pas un responsable ukrainien confirmant l&#039;implication de l&#039;Ukraine dans l&#039;attentat contre une salle de concert - EDMO Belux\" \/>\n<meta property=\"og:description\" content=\"&quot;Le secr\u00e9taire du Conseil national de s\u00e9curit\u00e9 et de d\u00e9fense de l&#039;Ukraine, Alexe\u00ef Danilov, a confirm\u00e9 l&#039;implication de l&#039;Ukraine dans l&#039;attaque terroriste de Crocus : &#039;Est-ce que c&#039;est amusant \u00e0 Moscou aujourd&#039;hui ? Je pense que c&#039;est tr\u00e8s amusant. J&#039;aimerais croire que nous organiserons de tels divertissements pour eux plus souvent&#039;&quot;, assure la l\u00e9gende d&#039;une vid\u00e9o partag\u00e9e plusieurs centaines de fois sur X depuis le 22 mars.\u00a0\" \/>\n<meta property=\"og:url\" content=\"https:\/\/belux.edmo.eu\/fr\/non-cette-vido-ne-montre-pas-un-responsable-ukrainien-confirmant-limplication-de-lukraine-dans-lattentat-contre-une-salle-de-concert\/\" \/>\n<meta property=\"og:site_name\" content=\"EDMO Belux\" \/>\n<meta property=\"article:published_time\" content=\"2024-03-26T14:51:53+00:00\" \/>\n<meta property=\"article:modified_time\" content=\"2024-03-26T15:51:17+00:00\" \/>\n<meta property=\"og:image\" content=\"https:\/\/belux-edmo.s3-accelerate.amazonaws.com\/wp-content\/uploads\/2024\/03\/09ba08180b7e20029f18b4730bd2d754f03b6250-ipad.jpg\" \/>\n\t<meta property=\"og:image:width\" content=\"1080\" \/>\n\t<meta property=\"og:image:height\" content=\"540\" \/>\n\t<meta property=\"og:image:type\" content=\"image\/jpeg\" \/>\n<meta name=\"author\" content=\"master\" \/>\n<meta name=\"twitter:card\" content=\"summary_large_image\" \/>\n<meta name=\"twitter:creator\" content=\"@Edmo_Belux\" \/>\n<meta name=\"twitter:site\" content=\"@Edmo_Belux\" \/>\n<meta name=\"twitter:label1\" content=\"\u00c9crit par\" \/>\n\t<meta name=\"twitter:data1\" content=\"master\" \/>\n\t<meta name=\"twitter:label2\" content=\"Dur\u00e9e de lecture estim\u00e9e\" \/>\n\t<meta name=\"twitter:data2\" content=\"9 minutes\" \/>\n<script type=\"application\/ld+json\" class=\"yoast-schema-graph\">{\"@context\":\"https:\/\/schema.org\",\"@graph\":[{\"@type\":\"Article\",\"@id\":\"https:\/\/belux.edmo.eu\/fr\/non-cette-vido-ne-montre-pas-un-responsable-ukrainien-confirmant-limplication-de-lukraine-dans-lattentat-contre-une-salle-de-concert\/#article\",\"isPartOf\":{\"@id\":\"https:\/\/belux.edmo.eu\/fr\/non-cette-vido-ne-montre-pas-un-responsable-ukrainien-confirmant-limplication-de-lukraine-dans-lattentat-contre-une-salle-de-concert\/\"},\"author\":{\"name\":\"master\",\"@id\":\"https:\/\/belux.edmo.eu\/#\/schema\/person\/dbe3b252258537fd318f9b5645a30342\"},\"headline\":\"Non, cette vid\u00e9o ne montre pas un responsable ukrainien confirmant l&rsquo;implication de l&rsquo;Ukraine dans l&rsquo;attentat contre une salle de concert\",\"datePublished\":\"2024-03-26T14:51:53+00:00\",\"dateModified\":\"2024-03-26T15:51:17+00:00\",\"mainEntityOfPage\":{\"@id\":\"https:\/\/belux.edmo.eu\/fr\/non-cette-vido-ne-montre-pas-un-responsable-ukrainien-confirmant-limplication-de-lukraine-dans-lattentat-contre-une-salle-de-concert\/\"},\"wordCount\":2069,\"publisher\":{\"@id\":\"https:\/\/belux.edmo.eu\/#organization\"},\"image\":{\"@id\":\"https:\/\/belux.edmo.eu\/fr\/non-cette-vido-ne-montre-pas-un-responsable-ukrainien-confirmant-limplication-de-lukraine-dans-lattentat-contre-une-salle-de-concert\/#primaryimage\"},\"thumbnailUrl\":\"https:\/\/belux-edmo.s3-accelerate.amazonaws.com\/wp-content\/uploads\/2024\/03\/09ba08180b7e20029f18b4730bd2d754f03b6250-ipad.jpg\",\"articleSection\":[\"Fact-Check\",\"Politique\",\"Societe\",\"Ukraine\"],\"inLanguage\":\"fr-FR\"},{\"@type\":\"WebPage\",\"@id\":\"https:\/\/belux.edmo.eu\/fr\/non-cette-vido-ne-montre-pas-un-responsable-ukrainien-confirmant-limplication-de-lukraine-dans-lattentat-contre-une-salle-de-concert\/\",\"url\":\"https:\/\/belux.edmo.eu\/fr\/non-cette-vido-ne-montre-pas-un-responsable-ukrainien-confirmant-limplication-de-lukraine-dans-lattentat-contre-une-salle-de-concert\/\",\"name\":\"Non, cette vid\u00e9o ne montre pas un responsable ukrainien confirmant l'implication de l'Ukraine dans l'attentat contre une salle de concert - EDMO Belux\",\"isPartOf\":{\"@id\":\"https:\/\/belux.edmo.eu\/#website\"},\"primaryImageOfPage\":{\"@id\":\"https:\/\/belux.edmo.eu\/fr\/non-cette-vido-ne-montre-pas-un-responsable-ukrainien-confirmant-limplication-de-lukraine-dans-lattentat-contre-une-salle-de-concert\/#primaryimage\"},\"image\":{\"@id\":\"https:\/\/belux.edmo.eu\/fr\/non-cette-vido-ne-montre-pas-un-responsable-ukrainien-confirmant-limplication-de-lukraine-dans-lattentat-contre-une-salle-de-concert\/#primaryimage\"},\"thumbnailUrl\":\"https:\/\/belux-edmo.s3-accelerate.amazonaws.com\/wp-content\/uploads\/2024\/03\/09ba08180b7e20029f18b4730bd2d754f03b6250-ipad.jpg\",\"datePublished\":\"2024-03-26T14:51:53+00:00\",\"dateModified\":\"2024-03-26T15:51:17+00:00\",\"breadcrumb\":{\"@id\":\"https:\/\/belux.edmo.eu\/fr\/non-cette-vido-ne-montre-pas-un-responsable-ukrainien-confirmant-limplication-de-lukraine-dans-lattentat-contre-une-salle-de-concert\/#breadcrumb\"},\"inLanguage\":\"fr-FR\",\"potentialAction\":[{\"@type\":\"ReadAction\",\"target\":[\"https:\/\/belux.edmo.eu\/fr\/non-cette-vido-ne-montre-pas-un-responsable-ukrainien-confirmant-limplication-de-lukraine-dans-lattentat-contre-une-salle-de-concert\/\"]}]},{\"@type\":\"ImageObject\",\"inLanguage\":\"fr-FR\",\"@id\":\"https:\/\/belux.edmo.eu\/fr\/non-cette-vido-ne-montre-pas-un-responsable-ukrainien-confirmant-limplication-de-lukraine-dans-lattentat-contre-une-salle-de-concert\/#primaryimage\",\"url\":\"https:\/\/belux-edmo.s3-accelerate.amazonaws.com\/wp-content\/uploads\/2024\/03\/09ba08180b7e20029f18b4730bd2d754f03b6250-ipad.jpg\",\"contentUrl\":\"https:\/\/belux-edmo.s3-accelerate.amazonaws.com\/wp-content\/uploads\/2024\/03\/09ba08180b7e20029f18b4730bd2d754f03b6250-ipad.jpg\",\"width\":1080,\"height\":540,\"caption\":\"Non, cette vid\u00e9o ne montre pas un responsable ukrainien confirmant l'implication de l'Ukraine dans l'attentat contre une salle de concert - Featured image\"},{\"@type\":\"BreadcrumbList\",\"@id\":\"https:\/\/belux.edmo.eu\/fr\/non-cette-vido-ne-montre-pas-un-responsable-ukrainien-confirmant-limplication-de-lukraine-dans-lattentat-contre-une-salle-de-concert\/#breadcrumb\",\"itemListElement\":[{\"@type\":\"ListItem\",\"position\":1,\"name\":\"Home\",\"item\":\"https:\/\/belux.edmo.eu\/fr\/\"},{\"@type\":\"ListItem\",\"position\":2,\"name\":\"Non, cette vid\u00e9o ne montre pas un responsable ukrainien confirmant l&#8217;implication de l&#8217;Ukraine dans l&#8217;attentat contre une salle de concert\"}]},{\"@type\":\"WebSite\",\"@id\":\"https:\/\/belux.edmo.eu\/#website\",\"url\":\"https:\/\/belux.edmo.eu\/\",\"name\":\"EDMO Belux\",\"description\":\"Monitoring Disinformation in Belgium and Luxembourg\",\"publisher\":{\"@id\":\"https:\/\/belux.edmo.eu\/#organization\"},\"potentialAction\":[{\"@type\":\"SearchAction\",\"target\":{\"@type\":\"EntryPoint\",\"urlTemplate\":\"https:\/\/belux.edmo.eu\/?s={search_term_string}\"},\"query-input\":{\"@type\":\"PropertyValueSpecification\",\"valueRequired\":true,\"valueName\":\"search_term_string\"}}],\"inLanguage\":\"fr-FR\"},{\"@type\":\"Organization\",\"@id\":\"https:\/\/belux.edmo.eu\/#organization\",\"name\":\"EDMO Belux\",\"url\":\"https:\/\/belux.edmo.eu\/\",\"logo\":{\"@type\":\"ImageObject\",\"inLanguage\":\"fr-FR\",\"@id\":\"https:\/\/belux.edmo.eu\/#\/schema\/logo\/image\/\",\"url\":\"https:\/\/belux.edmo.eu\/wp-content\/uploads\/2021\/12\/belux-logo-full-color-rgb.svg\",\"contentUrl\":\"https:\/\/belux.edmo.eu\/wp-content\/uploads\/2021\/12\/belux-logo-full-color-rgb.svg\",\"width\":1,\"height\":1,\"caption\":\"EDMO Belux\"},\"image\":{\"@id\":\"https:\/\/belux.edmo.eu\/#\/schema\/logo\/image\/\"},\"sameAs\":[\"https:\/\/x.com\/Edmo_Belux\"]},{\"@type\":\"Person\",\"@id\":\"https:\/\/belux.edmo.eu\/#\/schema\/person\/dbe3b252258537fd318f9b5645a30342\",\"name\":\"master\",\"sameAs\":[\"https:\/\/belux.wpengine.com\"],\"url\":\"https:\/\/belux.edmo.eu\/fr\/author\/master\/\"}]}<\/script>\n<!-- \/ Yoast SEO plugin. -->","yoast_head_json":{"title":"Non, cette vid\u00e9o ne montre pas un responsable ukrainien confirmant l'implication de l'Ukraine dans l'attentat contre une salle de concert - EDMO Belux","robots":{"index":"index","follow":"follow","max-snippet":"max-snippet:-1","max-image-preview":"max-image-preview:large","max-video-preview":"max-video-preview:-1"},"canonical":"https:\/\/belux.edmo.eu\/fr\/non-cette-vido-ne-montre-pas-un-responsable-ukrainien-confirmant-limplication-de-lukraine-dans-lattentat-contre-une-salle-de-concert\/","og_locale":"fr_FR","og_type":"article","og_title":"Non, cette vid\u00e9o ne montre pas un responsable ukrainien confirmant l'implication de l'Ukraine dans l'attentat contre une salle de concert - EDMO Belux","og_description":"\"Le secr\u00e9taire du Conseil national de s\u00e9curit\u00e9 et de d\u00e9fense de l'Ukraine, Alexe\u00ef Danilov, a confirm\u00e9 l'implication de l'Ukraine dans l'attaque terroriste de Crocus : 'Est-ce que c'est amusant \u00e0 Moscou aujourd'hui ? Je pense que c'est tr\u00e8s amusant. J'aimerais croire que nous organiserons de tels divertissements pour eux plus souvent'\", assure la l\u00e9gende d'une vid\u00e9o partag\u00e9e plusieurs centaines de fois sur X depuis le 22 mars.\u00a0","og_url":"https:\/\/belux.edmo.eu\/fr\/non-cette-vido-ne-montre-pas-un-responsable-ukrainien-confirmant-limplication-de-lukraine-dans-lattentat-contre-une-salle-de-concert\/","og_site_name":"EDMO Belux","article_published_time":"2024-03-26T14:51:53+00:00","article_modified_time":"2024-03-26T15:51:17+00:00","og_image":[{"width":1080,"height":540,"url":"https:\/\/belux-edmo.s3-accelerate.amazonaws.com\/wp-content\/uploads\/2024\/03\/09ba08180b7e20029f18b4730bd2d754f03b6250-ipad.jpg","type":"image\/jpeg"}],"author":"master","twitter_card":"summary_large_image","twitter_creator":"@Edmo_Belux","twitter_site":"@Edmo_Belux","twitter_misc":{"\u00c9crit par":"master","Dur\u00e9e de lecture estim\u00e9e":"9 minutes"},"schema":{"@context":"https:\/\/schema.org","@graph":[{"@type":"Article","@id":"https:\/\/belux.edmo.eu\/fr\/non-cette-vido-ne-montre-pas-un-responsable-ukrainien-confirmant-limplication-de-lukraine-dans-lattentat-contre-une-salle-de-concert\/#article","isPartOf":{"@id":"https:\/\/belux.edmo.eu\/fr\/non-cette-vido-ne-montre-pas-un-responsable-ukrainien-confirmant-limplication-de-lukraine-dans-lattentat-contre-une-salle-de-concert\/"},"author":{"name":"master","@id":"https:\/\/belux.edmo.eu\/#\/schema\/person\/dbe3b252258537fd318f9b5645a30342"},"headline":"Non, cette vid\u00e9o ne montre pas un responsable ukrainien confirmant l&rsquo;implication de l&rsquo;Ukraine dans l&rsquo;attentat contre une salle de concert","datePublished":"2024-03-26T14:51:53+00:00","dateModified":"2024-03-26T15:51:17+00:00","mainEntityOfPage":{"@id":"https:\/\/belux.edmo.eu\/fr\/non-cette-vido-ne-montre-pas-un-responsable-ukrainien-confirmant-limplication-de-lukraine-dans-lattentat-contre-une-salle-de-concert\/"},"wordCount":2069,"publisher":{"@id":"https:\/\/belux.edmo.eu\/#organization"},"image":{"@id":"https:\/\/belux.edmo.eu\/fr\/non-cette-vido-ne-montre-pas-un-responsable-ukrainien-confirmant-limplication-de-lukraine-dans-lattentat-contre-une-salle-de-concert\/#primaryimage"},"thumbnailUrl":"https:\/\/belux-edmo.s3-accelerate.amazonaws.com\/wp-content\/uploads\/2024\/03\/09ba08180b7e20029f18b4730bd2d754f03b6250-ipad.jpg","articleSection":["Fact-Check","Politique","Societe","Ukraine"],"inLanguage":"fr-FR"},{"@type":"WebPage","@id":"https:\/\/belux.edmo.eu\/fr\/non-cette-vido-ne-montre-pas-un-responsable-ukrainien-confirmant-limplication-de-lukraine-dans-lattentat-contre-une-salle-de-concert\/","url":"https:\/\/belux.edmo.eu\/fr\/non-cette-vido-ne-montre-pas-un-responsable-ukrainien-confirmant-limplication-de-lukraine-dans-lattentat-contre-une-salle-de-concert\/","name":"Non, cette vid\u00e9o ne montre pas un responsable ukrainien confirmant l'implication de l'Ukraine dans l'attentat contre une salle de concert - EDMO Belux","isPartOf":{"@id":"https:\/\/belux.edmo.eu\/#website"},"primaryImageOfPage":{"@id":"https:\/\/belux.edmo.eu\/fr\/non-cette-vido-ne-montre-pas-un-responsable-ukrainien-confirmant-limplication-de-lukraine-dans-lattentat-contre-une-salle-de-concert\/#primaryimage"},"image":{"@id":"https:\/\/belux.edmo.eu\/fr\/non-cette-vido-ne-montre-pas-un-responsable-ukrainien-confirmant-limplication-de-lukraine-dans-lattentat-contre-une-salle-de-concert\/#primaryimage"},"thumbnailUrl":"https:\/\/belux-edmo.s3-accelerate.amazonaws.com\/wp-content\/uploads\/2024\/03\/09ba08180b7e20029f18b4730bd2d754f03b6250-ipad.jpg","datePublished":"2024-03-26T14:51:53+00:00","dateModified":"2024-03-26T15:51:17+00:00","breadcrumb":{"@id":"https:\/\/belux.edmo.eu\/fr\/non-cette-vido-ne-montre-pas-un-responsable-ukrainien-confirmant-limplication-de-lukraine-dans-lattentat-contre-une-salle-de-concert\/#breadcrumb"},"inLanguage":"fr-FR","potentialAction":[{"@type":"ReadAction","target":["https:\/\/belux.edmo.eu\/fr\/non-cette-vido-ne-montre-pas-un-responsable-ukrainien-confirmant-limplication-de-lukraine-dans-lattentat-contre-une-salle-de-concert\/"]}]},{"@type":"ImageObject","inLanguage":"fr-FR","@id":"https:\/\/belux.edmo.eu\/fr\/non-cette-vido-ne-montre-pas-un-responsable-ukrainien-confirmant-limplication-de-lukraine-dans-lattentat-contre-une-salle-de-concert\/#primaryimage","url":"https:\/\/belux-edmo.s3-accelerate.amazonaws.com\/wp-content\/uploads\/2024\/03\/09ba08180b7e20029f18b4730bd2d754f03b6250-ipad.jpg","contentUrl":"https:\/\/belux-edmo.s3-accelerate.amazonaws.com\/wp-content\/uploads\/2024\/03\/09ba08180b7e20029f18b4730bd2d754f03b6250-ipad.jpg","width":1080,"height":540,"caption":"Non, cette vid\u00e9o ne montre pas un responsable ukrainien confirmant l'implication de l'Ukraine dans l'attentat contre une salle de concert - Featured image"},{"@type":"BreadcrumbList","@id":"https:\/\/belux.edmo.eu\/fr\/non-cette-vido-ne-montre-pas-un-responsable-ukrainien-confirmant-limplication-de-lukraine-dans-lattentat-contre-une-salle-de-concert\/#breadcrumb","itemListElement":[{"@type":"ListItem","position":1,"name":"Home","item":"https:\/\/belux.edmo.eu\/fr\/"},{"@type":"ListItem","position":2,"name":"Non, cette vid\u00e9o ne montre pas un responsable ukrainien confirmant l&#8217;implication de l&#8217;Ukraine dans l&#8217;attentat contre une salle de concert"}]},{"@type":"WebSite","@id":"https:\/\/belux.edmo.eu\/#website","url":"https:\/\/belux.edmo.eu\/","name":"EDMO Belux","description":"Monitoring Disinformation in Belgium and Luxembourg","publisher":{"@id":"https:\/\/belux.edmo.eu\/#organization"},"potentialAction":[{"@type":"SearchAction","target":{"@type":"EntryPoint","urlTemplate":"https:\/\/belux.edmo.eu\/?s={search_term_string}"},"query-input":{"@type":"PropertyValueSpecification","valueRequired":true,"valueName":"search_term_string"}}],"inLanguage":"fr-FR"},{"@type":"Organization","@id":"https:\/\/belux.edmo.eu\/#organization","name":"EDMO Belux","url":"https:\/\/belux.edmo.eu\/","logo":{"@type":"ImageObject","inLanguage":"fr-FR","@id":"https:\/\/belux.edmo.eu\/#\/schema\/logo\/image\/","url":"https:\/\/belux.edmo.eu\/wp-content\/uploads\/2021\/12\/belux-logo-full-color-rgb.svg","contentUrl":"https:\/\/belux.edmo.eu\/wp-content\/uploads\/2021\/12\/belux-logo-full-color-rgb.svg","width":1,"height":1,"caption":"EDMO Belux"},"image":{"@id":"https:\/\/belux.edmo.eu\/#\/schema\/logo\/image\/"},"sameAs":["https:\/\/x.com\/Edmo_Belux"]},{"@type":"Person","@id":"https:\/\/belux.edmo.eu\/#\/schema\/person\/dbe3b252258537fd318f9b5645a30342","name":"master","sameAs":["https:\/\/belux.wpengine.com"],"url":"https:\/\/belux.edmo.eu\/fr\/author\/master\/"}]}},"menu_order":0,"_links":{"self":[{"href":"https:\/\/belux.edmo.eu\/fr\/wp-json\/wp\/v2\/posts\/326418","targetHints":{"allow":["GET"]}}],"collection":[{"href":"https:\/\/belux.edmo.eu\/fr\/wp-json\/wp\/v2\/posts"}],"about":[{"href":"https:\/\/belux.edmo.eu\/fr\/wp-json\/wp\/v2\/types\/post"}],"author":[{"embeddable":true,"href":"https:\/\/belux.edmo.eu\/fr\/wp-json\/wp\/v2\/users\/1"}],"replies":[{"embeddable":true,"href":"https:\/\/belux.edmo.eu\/fr\/wp-json\/wp\/v2\/comments?post=326418"}],"version-history":[{"count":0,"href":"https:\/\/belux.edmo.eu\/fr\/wp-json\/wp\/v2\/posts\/326418\/revisions"}],"wp:featuredmedia":[{"embeddable":true,"href":"https:\/\/belux.edmo.eu\/fr\/wp-json\/wp\/v2\/media\/326388"}],"wp:attachment":[{"href":"https:\/\/belux.edmo.eu\/fr\/wp-json\/wp\/v2\/media?parent=326418"}],"wp:term":[{"taxonomy":"category","embeddable":true,"href":"https:\/\/belux.edmo.eu\/fr\/wp-json\/wp\/v2\/categories?post=326418"},{"taxonomy":"post_tag","embeddable":true,"href":"https:\/\/belux.edmo.eu\/fr\/wp-json\/wp\/v2\/tags?post=326418"}],"curies":[{"name":"wp","href":"https:\/\/api.w.org\/{rel}","templated":true}]}}