{"id":327631,"date":"2024-04-23T14:25:01","date_gmt":"2024-04-23T14:25:01","guid":{"rendered":"https:\/\/belux.edmo.eu\/?p=327631"},"modified":"2024-04-24T09:08:07","modified_gmt":"2024-04-24T09:08:07","slug":"la-belgique-taxe-t-elle-les-revenus-50-ou-70-comme-affirm-dans-des-vidos-virales-sur-instagram","status":"publish","type":"post","link":"https:\/\/belux.edmo.eu\/fr\/la-belgique-taxe-t-elle-les-revenus-50-ou-70-comme-affirm-dans-des-vidos-virales-sur-instagram\/","title":{"rendered":"La Belgique taxe-t-elle les revenus \u00e0 50 ou 70%, comme affirm\u00e9 dans des vid\u00e9os virales sur Instagram\u00a0?"},"content":{"rendered":"<p><strong>Des vid\u00e9os virales sur Instagram ciblent la Belgique et son taux d&rsquo;imposition. Un internaute y affirme que les r\u00e9sidents belges doivent payer \u00ab\u00a0la moiti\u00e9 de leurs revenus au gouvernement\u00a0\u00bb, voire 70% dans une publication ant\u00e9rieure. Si le taux de taxation globale sur le travail en Belgique fait bien partie des plus \u00e9lev\u00e9s dans le monde (autour des 50%), il s\u2019agit de l\u2019ensemble des charges qui p\u00e8sent sur l\u2019employ\u00e9 mais aussi sur l\u2019employeur. \u00c0 titre individuel, l\u2019imp\u00f4t sur les personnes physiques (IPP) est progressif en Belgique avec quatre tranches : de 25 \u00e0 50% pour la plus \u00e9lev\u00e9e. Cette derni\u00e8re ne concerne que les revenus sup\u00e9rieurs \u00e0 48.320 euros, en 2024.<\/strong><\/p>\n<div>\n<div>\n<div>\n<div>\n<p>Sur Instagram, un internaute affirme dans une vid\u00e9o en anglais que les travailleurs en\u00a0Belgique sont trop impos\u00e9s et qu\u2019ils devraient quitter le pays.\u00a0Le compte Instagram qui diffuse ce \u00ab\u00a0reel\u00a0\u00bb est actif sous le nom \u00ab\u00a0lowertax\u00a0\u00bb (des taxes moins \u00e9lev\u00e9es, en fran\u00e7ais) et a publi\u00e9 des dizaines de vid\u00e9os, ciblant des pays sp\u00e9cifiques pour faire la promotion de Chypre et de ses avantages fiscaux.<\/p>\n<p>\u00ab\u00a0Belgique, je suis d\u00e9sol\u00e9 pour vous. Vous avez le taux d\u2019imposition le plus \u00e9lev\u00e9 d\u2019Europe et peut-\u00eatre m\u00eame dans le monde entier. Tout habitant dans ce pays doit \u00eatre volontairement d\u00e9ment. Comment pouvez-vous abandonner 70% de votre argent durement gagn\u00e9\u00a0? Vous feriez mieux de quitter ce pays aussi vite que possible\u00a0\u00bb, indique un internaute dans\u00a0<a href=\"https:\/\/perma.cc\/RG23-K8NE?type=image\" target=\"_blank\" rel=\"noopener\">une publication<\/a>\u00a0dat\u00e9e du 17\u00a0novembre 2023\u00a0qui\u00a0a fait plus de 450.000 \u00ab\u00a0vues\u00a0\u00bb.<\/p>\n<p>Plus r\u00e9cemment, dans\u00a0<a href=\"https:\/\/perma.cc\/5RJ4-AAL5?type=image\" target=\"_blank\" rel=\"noopener\">cette autre vid\u00e9o virale<\/a>\u00a0qui comptabilise plus de 460.000 \u00ab\u00a0vues\u00a0\u00bb, ce m\u00eame \u00ab\u00a0instagrameur\u00a0\u00bb affirme\u00a0: \u00ab\u00a0Si vous vivez toujours en Belgique, vous devez absolument quitter le pays tant que c\u2019est encore possible. Le pays est litt\u00e9ralement le pays avec le taux de taxation le plus \u00e9lev\u00e9 au monde. Vous devez\u00a0retourner la moiti\u00e9 de vos revenus durement gagn\u00e9s au gouvernement.\u00a0Quel type de personne accepte simplement les choses en l\u2019\u00e9tat\u00a0?\u00a0\u00bb.<\/p>\n<p>Dans la suite de cette vid\u00e9o publi\u00e9e le 19\u00a0mars 2024, l\u2019internaute fait \u00e9galement l\u2019\u00e9loge du r\u00e9gime de taxation chypriote\u00a0: \u00ab\u00a0Ici \u00e0 Chypre, il y a 0% de taxe sur les dividendes, 0% de taxe sur les revenus du capital et l\u2019imp\u00f4t des soci\u00e9t\u00e9s est faible, \u00e0 hauteur de 2,5%\u00a0\u00bb.<\/p>\n<\/div>\n<\/div>\n<\/div>\n<\/div>\n<div>\n<div>\n<div>\n<h2>Confusion entre les diff\u00e9rentes formes d\u2019imposition<\/h2>\n<\/div>\n<\/div>\n<\/div>\n<div>\n<div>\n<div>\n<div>\n<p>Tout d\u2019abord, ces d\u00e9clarations sur le taux d\u2019imposition en Belgique ne sont pas claires.<\/p>\n<p>L\u2019internaute \u00e9voque dans un premier temps \u00ab\u00a0les revenus durement gagn\u00e9s\u00a0\u00bb, ce qui fait r\u00e9f\u00e9rence aux revenus li\u00e9s au travail, les revenus professionnels.<\/p>\n<p>Comme indiqu\u00e9 dans <a href=\"https:\/\/www.rtbf.be\/article\/elections-2024-nous-avons-verifie-20-affirmations-de-magnette-bouchez-hedebouw-nollet-prevot-et-de-smet-sur-le-pouvoir-dachat-11347052#2\">un pr\u00e9c\u00e9dent article de Faky<\/a>, la Belgique est bien en t\u00eate d\u2019<a href=\"https:\/\/www.oecd.org\/fr\/fiscalite\/les-salaries-sont-doublement-frappes-par-linflation-qui-entraine-a-la-fois-une-baisse-des-salaires-reels-et-une-hausse-des-impots-sur-le-travail.htm\" target=\"_blank\" rel=\"noopener\">un classement<\/a>\u00a0publi\u00e9 par l\u2019OCDE en\u00a02022. Dans cette \u00e9tude, l\u2019OCDE (l\u2019Organisation de coop\u00e9ration et de d\u00e9veloppement \u00e9conomiques) a\u00a0compar\u00e9\u00a0le \u00ab\u00a0coin fiscal\u00a0\u00bb sur le salaire dans 38 pays europ\u00e9ens et non europ\u00e9ens. Le \u00ab\u00a0coin fiscal\u00a0\u00bb\u00a0sur le travail est d\u00e9fini comme \u00ab\u00a0la somme des imp\u00f4ts sur le travail acquitt\u00e9s par les salari\u00e9s et par les employeurs, minor\u00e9e des prestations familiales, exprim\u00e9 en pourcentage du co\u00fbt du travail pour l\u2019employeur\u00a0\u00bb, indique l\u2019organisation.<\/p>\n<p>Selon l\u2019OCDE, la Belgique a le\u00a0\u00ab\u00a0coin fiscal\u00a0\u00bb le plus \u00e9lev\u00e9 parmi\u00a0tous les pays de l\u2019OCDE pour un salari\u00e9 c\u00e9libataire au salaire moyen,\u00a0avec 53% du co\u00fbt de la main-d\u2019\u0153uvre qui part en cotisations et imp\u00f4ts. Ceci veut dire que pour ce profil, 47% de ce que d\u00e9bourse l\u2019employeur arrive finalement en revenu net chez le travailleur. Le pr\u00e9l\u00e8vement global en taxes est donc de 53%.<\/p>\n<p>La premi\u00e8re affirmation de l\u2019internaute est donc plut\u00f4t correcte lorsqu\u2019il indique que la Belgique est \u00ab\u00a0le pays avec le taux de taxation le plus \u00e9lev\u00e9 au monde\u00a0\u00bb, s\u2019il se r\u00e9f\u00e8re \u00e0 la taxation globale sur le travail.\u00a0Cependant, il s\u2019agit dans les chiffres de l\u2019OCDE du montant des charges cumul\u00e9es de\u00a0l\u2019employeur et de l\u2019employ\u00e9\u00a0: cotisations sociales et imp\u00f4ts sur le revenu.<\/p>\n<p>Pour ce qui est du travailleur et de ses \u00ab\u00a0revenus durement gagn\u00e9s\u00a0\u00bb, la Belgique fonctionne avec un syst\u00e8me de\u00a0taux d\u2019imposition progressifs, ce qui\u00a0signifie qu&rsquo;il \u00e9volue au fur et \u00e0 mesure que les revenus augmentent. Il y a donc une confusion.<\/p>\n<\/div>\n<\/div>\n<\/div>\n<\/div>\n<div>\n<div>\n<div>\n<h2>Seule la tranche la plus \u00e9lev\u00e9e de l\u2019imp\u00f4t des personnes physiques s\u2019\u00e9tablit \u00e0 50%<\/h2>\n<\/div>\n<\/div>\n<\/div>\n<div>\n<div>\n<div>\n<div>\n<p>Dans\u00a0<a href=\"https:\/\/finances.belgium.be\/fr\/particuliers\/declaration_impot\/taux-imposition-revenus\/taux-imposition#q1\" target=\"_blank\" rel=\"noopener\">ce syst\u00e8me belge d\u2019imp\u00f4t sur les personnes physiques<\/a>\u00a0qui touche le\u00a0revenu global des habitants de Belgique, notamment les revenus professionnels, il y a quatre \u00ab\u00a0tranches\u00a0\u00bb. Pour les revenus des r\u00e9sidents belges pour l\u2019ann\u00e9e\u00a02023 et\u00a02024, il s\u2019\u00e9tablit comme suit\u00a0:<\/p>\n<table>\n<thead>\n<tr>\n<th><\/th>\n<th>Tranche de revenus (exercice 2024, revenus 2023)<\/th>\n<th>Taux d\u2019imposition<\/th>\n<th>Tranche de revenus (exercice 2025, revenus 2024)<\/th>\n<\/tr>\n<\/thead>\n<tbody>\n<tr>\n<th>Tranche 1<\/th>\n<td>De 0,01\u00a0euro \u00e0 15.200\u00a0euros<\/td>\n<td>25%<\/td>\n<td>De 0,01\u00a0euro \u00e0 15.820\u00a0euros<\/td>\n<\/tr>\n<tr>\n<th>Tranche 2<\/th>\n<td>De 15.200\u00a0euro \u00e0 26.830\u00a0euros<\/td>\n<td>40%<\/td>\n<td>De 15.820\u00a0euro \u00e0 27.920\u00a0euros<\/td>\n<\/tr>\n<tr>\n<th>Tranche 3<\/th>\n<td>De 26.830\u00a0euro \u00e0 46.440\u00a0euros<\/td>\n<td>45%<\/td>\n<td>De 27.920\u00a0euro \u00e0 48.320\u00a0euros<\/td>\n<\/tr>\n<tr>\n<th>Tranche 4<\/th>\n<td>Plus de 46.440\u00a0euros<\/td>\n<td>50%<\/td>\n<td>Plus de 48.320\u00a0euros<\/td>\n<\/tr>\n<\/tbody>\n<\/table>\n<p>(Source\u00a0: SPF Finances, 30\u00a0mars 2024)<\/p>\n<p>Par ailleurs, m\u00eame si un travailleur atteint le plafond de revenus\u00a0de 48.320\u00a0euros bruts\u00a0en\u00a02024, cela ne veut pas dire que l\u2019ensemble de ces revenus seront\u00a0tax\u00e9s \u00e0 50%. En effet, il paiera 25% pour les premiers 15.820\u00a0euros pay\u00e9s et paiera donc le taux d\u2019imposition ad hoc pour chaque tranche d\u2019imposition suivante (40%, 45% et ensuite 50%).<\/p>\n<p>Ensuite, cet \u00ab\u00a0imp\u00f4t de base\u00a0\u00bb sera diminu\u00e9 d\u2019une \u00ab\u00a0quotit\u00e9\u00a0exempt\u00e9e\u00a0\u00bb qui s\u2019\u00e9l\u00e8ve \u00e0 10.570\u00a0euros pour les revenus de\u00a02024. En fonction de son statut (s\u2019il a\u00a0des enfants \u00e0 charge, par exemple), le r\u00e9sident belge peut obtenir une majoration de cette quotit\u00e9 exempt\u00e9e d\u2019imp\u00f4ts.<\/p>\n<p>Compte tenu de ces \u00e9l\u00e9ments, il est\u00a0impossible qu\u2019un\u00a0r\u00e9sident soit tax\u00e9 en Belgique \u00e0 un taux global sur les revenus de son travail \u00e0 70%, ni \u00e0 50%.<\/p>\n<\/div>\n<\/div>\n<\/div>\n<\/div>\n<div>\n<div>\n<div>\n<h2>Une comparaison des taux globaux d\u2019imposition par pays est complexe<\/h2>\n<\/div>\n<\/div>\n<\/div>\n<div>\n<div>\n<div>\n<div>\n<p>Pour revenir au\u00a0\u00ab\u00a0taux de taxation le plus \u00e9lev\u00e9 au monde\u00a0\u00bb,\u00a0la comparaison des\u00a0taux d\u2019imposition globaux\u00a0par pays est un exercice difficile et quelque peu subjectif, car les r\u00e9gimes fiscaux sont complexes dans la plupart des pays du monde.<\/p>\n<p>En fonction de chaque \u00c9tat, la charge fiscale globale\u00a0est r\u00e9partie diff\u00e9remment et sur diff\u00e9rents groupes de personnes.\u00a0C\u2019est parfois le cas, m\u00eame au sein des propres r\u00e9gions de ces \u00c9tats, comme en Belgique.<\/p>\n<p>Par ailleurs, les imp\u00f4ts peuvent prendre diff\u00e9rentes formes\u00a0: imp\u00f4t sur les soci\u00e9t\u00e9s, imp\u00f4t sur le revenu des particuliers ou taxe sur les ventes, comme la TVA, par exemple. Cette TVA a parfois elle-m\u00eame des taux qui varient.\u00a0En Belgique, par exemple, ils oscillent entre\u00a0<a href=\"https:\/\/www.belgium.be\/fr\/impots\/tva\/taux#:~:text=La%20TVA%20est%20calcul%C3%A9e%20sur,la%20TVA%20est%20de%2021%20%25.\" target=\"_blank\" rel=\"noopener\">0% \u00e0 21%<\/a>, selon les services.<\/p>\n<p>Il existe \u00e9galement, selon les pays, des imp\u00f4ts sur le\u00a0capital comme\u00a0: les taxes\u00a0sur les plus-values, l\u2019imp\u00f4t sur la fortune ou les droits de\u00a0successions, dont les modalit\u00e9s varient \u00e9galement d\u2019un \u00c9tat \u00e0 l\u2019autre.<\/p>\n<p>Enfin, les taux d\u2019impositions\u00a0sont \u00e9galement \u00e0 mettre en rapport avec les\u00a0<a href=\"https:\/\/www.rtbf.be\/article\/declaration-fiscale-a-quoi-servent-nos-impots-11020256\">\u00ab\u00a0services re\u00e7us par l\u2019\u00c9tat\u00a0\u00bb en retour,<\/a>\u00a0comme la qualit\u00e9 de la s\u00e9curit\u00e9 sociale ou de l\u2019enseignement public.<\/p>\n<\/div>\n<\/div>\n<\/div>\n<\/div>\n<div>\n<div>\n<div>\n<h2>De la promotion pour une soci\u00e9t\u00e9 de conseils sur la fiscalit\u00e9 chypriote<\/h2>\n<\/div>\n<\/div>\n<\/div>\n<div>\n<div>\n<div>\n<div>\n<p>Derri\u00e8re ces vid\u00e9os Instagram, les liens redirigent les internautes vers\u00a0<a href=\"https:\/\/perma.cc\/L224-E9LY\" target=\"_blank\" rel=\"noopener\">une soci\u00e9t\u00e9 qui fait la promotion du r\u00e9gime fiscal de Chypre<\/a>\u00a0et dont\u00a0<a href=\"https:\/\/perma.cc\/39PY-EY2A\" target=\"_blank\" rel=\"noopener\">le slogan<\/a>\u00a0est \u00ab\u00a0moins de taxes, plus de richesse pour tout le monde\u00a0\u00bb.\u00a0La soci\u00e9t\u00e9 propose\u00a0<a href=\"https:\/\/perma.cc\/EJ5D-44AH\" target=\"_blank\" rel=\"noopener\">des formations<\/a>\u00a0ou\u00a0<a href=\"https:\/\/perma.cc\/2X3Y-HPUR\" target=\"_blank\" rel=\"noopener\">des conf\u00e9rences en ligne payantes<\/a>\u00a0afin d\u2019attirer de potentiels investisseurs.<\/p>\n<p>Ce qu\u2019elle ne mentionne pas\u00a0c\u2019est que Chypre, membre de l\u2019Union europ\u00e9enne depuis\u00a02004, fait l\u2019objet d\u2019enqu\u00eates de journalistes sur \u00ab\u00a0les d\u00e9rives du mod\u00e8le \u00e9conomique\u00a0de l\u2019\u00eele\u00a0\u00bb, comme l\u2019indiquait\u00a0<a href=\"https:\/\/www.lemonde.fr\/les-decodeurs\/article\/2023\/11\/14\/a-chypre-argent-sale-et-fortunes-russes-continuent-de-narguer-l-europe_6200064_4355770.html\" target=\"_blank\" rel=\"noopener\">Le Monde<\/a>\u00a0en novembre\u00a02023.<\/p>\n<p>A travers\u00a0notamment le consortium ICIJ (qui rassemble 69 m\u00e9dias), les enqu\u00eateurs ont \u00e9tabli comment le pays\u00a0a accord\u00e9 la citoyennet\u00e9 chypriote \u2013 et donc europ\u00e9enne \u2013 \u00e0\u00a02869 ressortissants russes et comment ce programme a permis \u00e0 Chypre \u00ab\u00a0d\u2019attirer sept milliards de dollars dans l\u2019\u00eele, gonflant ainsi les d\u00e9p\u00f4ts des grandes banques chypriotes\u00a0\u00bb. Nos confr\u00e8res de\u00a0<a href=\"https:\/\/www.francetvinfo.fr\/economie\/impots\/paradis-fiscaux\/enquete-cyprus-confidential-comment-chypre-est-devenue-moscou-sur-mediterranee_6183414.html\" target=\"_blank\" rel=\"noopener\">France Info<\/a>, ont \u00e9galement d\u00e9taill\u00e9 la fa\u00e7on dont\u00a0le pays\u00a0\u00ab\u00a0a servi de coffre-fort \u00e0 la Russie, m\u00eame apr\u00e8s le d\u00e9but de la guerre en Ukraine\u00a0\u00bb.<\/p>\n<\/div>\n<\/div>\n<\/div>\n<\/div>\n<div>\n<div>\n<div>\n<h2>Des chiffres trompeurs<\/h2>\n<\/div>\n<\/div>\n<\/div>\n<div>\n<div>\n<div>\n<div>\n<p>Concernant les taux d\u2019imposition de\u00a070% ou 50% en Belgique sur les revenus, avanc\u00e9s dans les deux vid\u00e9os Instagram, ils sont largement exag\u00e9r\u00e9s.<\/p>\n<p>Si notre pays fait\u00a0bien partie des pays qui ont\u00a0le \u00ab\u00a0coin fiscal\u00a0\u00bb le plus \u00e9lev\u00e9 du monde avec un taux autour des 50%, celui-ci ne repr\u00e9sente pas que les \u00ab\u00a0revenus durement gagn\u00e9s\u00a0\u00bb,\u00a0mais aussi les charges pay\u00e9es par l\u2019employeur.<\/p>\n<p>Pour les personnes physiques, seule la partie des montants annuels qui d\u00e9passe 46.640\u00a0euros en\u00a02023 (48.320\u00a0euros pour les revenus de\u00a02024) est impos\u00e9e \u00e0 50%.\u00a0Ces publications sont donc trompeuses.<\/p>\n<\/div>\n<\/div>\n<\/div>\n<\/div>\n","protected":false},"excerpt":{"rendered":"<p>Des vid\u00e9os virales sur Instagram ciblent la Belgique et son taux d&rsquo;imposition. Un internaute y affirme que les r\u00e9sidents belges&#8230;<\/p>\n","protected":false},"author":1,"featured_media":327626,"comment_status":"closed","ping_status":"open","sticky":false,"template":"","format":"standard","meta":{"_acf_changed":false,"footnotes":""},"categories":[171,125,116,138],"tags":[],"class_list":{"0":"post-327631","1":"post","2":"type-post","3":"status-publish","4":"format-standard","5":"has-post-thumbnail","7":"category-economie","8":"category-fact-check-fr","9":"category-non-classifiee","10":"category-societe"},"acf":{"show_metatags":true,"id":"https:\/\/www.rtbf.be\/article\/la-belgique-taxe-t-elle-les-revenus-a-50-ou-70-comme-affirme-dans-des-videos-virales-sur-instagram-11352026","authors":"Gr\u00e9goire Ryckmans","organization":"RTBF","featured_image_copyright":"","text_copyright":"Copyright: (C)RTBF Radio, Television Belge Francophone, plus d'infos: https:\/\/www.rtbf.be\/cgu\/","source":"https:\/\/www.rtbf.be\/article\/la-belgique-taxe-t-elle-les-revenus-a-50-ou-70-comme-affirme-dans-des-videos-virales-sur-instagram-11352026","fact_checker":"https:\/\/belux.wpengine.com\/wp-content\/uploads\/2022\/01\/rtbf-logo.jpg","type":"\u00c9v\u00e9nement ferm\u00e9","location":"","start_date":"","start_date_event_begins_at":"","start_date_event_ends_at":"","end_date":"","end_date_event_begins_at":"","end_date_event_ends_at":"","organizer":"","fact_checker_logo_image":false},"yoast_head":"<!-- This site is optimized with the Yoast SEO plugin v27.0 - https:\/\/yoast.com\/product\/yoast-seo-wordpress\/ -->\n<title>La Belgique taxe-t-elle les revenus \u00e0 50 ou 70%, comme affirm\u00e9 dans des vid\u00e9os virales sur Instagram\u00a0? - EDMO Belux<\/title>\n<meta name=\"robots\" content=\"index, follow, max-snippet:-1, max-image-preview:large, max-video-preview:-1\" \/>\n<link rel=\"canonical\" href=\"https:\/\/belux.edmo.eu\/fr\/la-belgique-taxe-t-elle-les-revenus-50-ou-70-comme-affirm-dans-des-vidos-virales-sur-instagram\/\" \/>\n<meta property=\"og:locale\" content=\"fr_FR\" \/>\n<meta property=\"og:type\" content=\"article\" \/>\n<meta property=\"og:title\" content=\"La Belgique taxe-t-elle les revenus \u00e0 50 ou 70%, comme affirm\u00e9 dans des vid\u00e9os virales sur Instagram\u00a0? - EDMO Belux\" \/>\n<meta property=\"og:description\" content=\"Des vid\u00e9os virales sur Instagram ciblent la Belgique et son taux d&rsquo;imposition. Un internaute y affirme que les r\u00e9sidents belges...\" \/>\n<meta property=\"og:url\" content=\"https:\/\/belux.edmo.eu\/fr\/la-belgique-taxe-t-elle-les-revenus-50-ou-70-comme-affirm-dans-des-vidos-virales-sur-instagram\/\" \/>\n<meta property=\"og:site_name\" content=\"EDMO Belux\" \/>\n<meta property=\"article:published_time\" content=\"2024-04-23T14:25:01+00:00\" \/>\n<meta property=\"article:modified_time\" content=\"2024-04-24T09:08:07+00:00\" \/>\n<meta property=\"og:image\" content=\"https:\/\/belux-edmo.s3-accelerate.amazonaws.com\/wp-content\/uploads\/2024\/03\/0e095e054ee94774d6a496099eb1cf6a-1711789849.jpg\" \/>\n\t<meta property=\"og:image:width\" content=\"770\" \/>\n\t<meta property=\"og:image:height\" content=\"433\" \/>\n\t<meta property=\"og:image:type\" content=\"image\/jpeg\" \/>\n<meta name=\"author\" content=\"master\" \/>\n<meta name=\"twitter:card\" content=\"summary_large_image\" \/>\n<meta name=\"twitter:creator\" content=\"@Edmo_Belux\" \/>\n<meta name=\"twitter:site\" content=\"@Edmo_Belux\" \/>\n<meta name=\"twitter:label1\" content=\"\u00c9crit par\" \/>\n\t<meta name=\"twitter:data1\" content=\"master\" \/>\n\t<meta name=\"twitter:label2\" content=\"Dur\u00e9e de lecture estim\u00e9e\" \/>\n\t<meta name=\"twitter:data2\" content=\"7 minutes\" \/>\n<script type=\"application\/ld+json\" class=\"yoast-schema-graph\">{\"@context\":\"https:\/\/schema.org\",\"@graph\":[{\"@type\":\"Article\",\"@id\":\"https:\/\/belux.edmo.eu\/fr\/la-belgique-taxe-t-elle-les-revenus-50-ou-70-comme-affirm-dans-des-vidos-virales-sur-instagram\/#article\",\"isPartOf\":{\"@id\":\"https:\/\/belux.edmo.eu\/fr\/la-belgique-taxe-t-elle-les-revenus-50-ou-70-comme-affirm-dans-des-vidos-virales-sur-instagram\/\"},\"author\":{\"name\":\"master\",\"@id\":\"https:\/\/belux.edmo.eu\/#\/schema\/person\/dbe3b252258537fd318f9b5645a30342\"},\"headline\":\"La Belgique taxe-t-elle les revenus \u00e0 50 ou 70%, comme affirm\u00e9 dans des vid\u00e9os virales sur Instagram\u00a0?\",\"datePublished\":\"2024-04-23T14:25:01+00:00\",\"dateModified\":\"2024-04-24T09:08:07+00:00\",\"mainEntityOfPage\":{\"@id\":\"https:\/\/belux.edmo.eu\/fr\/la-belgique-taxe-t-elle-les-revenus-50-ou-70-comme-affirm-dans-des-vidos-virales-sur-instagram\/\"},\"wordCount\":1519,\"publisher\":{\"@id\":\"https:\/\/belux.edmo.eu\/#organization\"},\"image\":{\"@id\":\"https:\/\/belux.edmo.eu\/fr\/la-belgique-taxe-t-elle-les-revenus-50-ou-70-comme-affirm-dans-des-vidos-virales-sur-instagram\/#primaryimage\"},\"thumbnailUrl\":\"https:\/\/belux-edmo.s3-accelerate.amazonaws.com\/wp-content\/uploads\/2024\/03\/0e095e054ee94774d6a496099eb1cf6a-1711789849.jpg\",\"articleSection\":[\"Economie\",\"Fact-Check\",\"Non classifi\u00e9(e)\",\"Societe\"],\"inLanguage\":\"fr-FR\"},{\"@type\":\"WebPage\",\"@id\":\"https:\/\/belux.edmo.eu\/fr\/la-belgique-taxe-t-elle-les-revenus-50-ou-70-comme-affirm-dans-des-vidos-virales-sur-instagram\/\",\"url\":\"https:\/\/belux.edmo.eu\/fr\/la-belgique-taxe-t-elle-les-revenus-50-ou-70-comme-affirm-dans-des-vidos-virales-sur-instagram\/\",\"name\":\"La Belgique taxe-t-elle les revenus \u00e0 50 ou 70%, comme affirm\u00e9 dans des vid\u00e9os virales sur Instagram\u00a0? - EDMO Belux\",\"isPartOf\":{\"@id\":\"https:\/\/belux.edmo.eu\/#website\"},\"primaryImageOfPage\":{\"@id\":\"https:\/\/belux.edmo.eu\/fr\/la-belgique-taxe-t-elle-les-revenus-50-ou-70-comme-affirm-dans-des-vidos-virales-sur-instagram\/#primaryimage\"},\"image\":{\"@id\":\"https:\/\/belux.edmo.eu\/fr\/la-belgique-taxe-t-elle-les-revenus-50-ou-70-comme-affirm-dans-des-vidos-virales-sur-instagram\/#primaryimage\"},\"thumbnailUrl\":\"https:\/\/belux-edmo.s3-accelerate.amazonaws.com\/wp-content\/uploads\/2024\/03\/0e095e054ee94774d6a496099eb1cf6a-1711789849.jpg\",\"datePublished\":\"2024-04-23T14:25:01+00:00\",\"dateModified\":\"2024-04-24T09:08:07+00:00\",\"breadcrumb\":{\"@id\":\"https:\/\/belux.edmo.eu\/fr\/la-belgique-taxe-t-elle-les-revenus-50-ou-70-comme-affirm-dans-des-vidos-virales-sur-instagram\/#breadcrumb\"},\"inLanguage\":\"fr-FR\",\"potentialAction\":[{\"@type\":\"ReadAction\",\"target\":[\"https:\/\/belux.edmo.eu\/fr\/la-belgique-taxe-t-elle-les-revenus-50-ou-70-comme-affirm-dans-des-vidos-virales-sur-instagram\/\"]}]},{\"@type\":\"ImageObject\",\"inLanguage\":\"fr-FR\",\"@id\":\"https:\/\/belux.edmo.eu\/fr\/la-belgique-taxe-t-elle-les-revenus-50-ou-70-comme-affirm-dans-des-vidos-virales-sur-instagram\/#primaryimage\",\"url\":\"https:\/\/belux-edmo.s3-accelerate.amazonaws.com\/wp-content\/uploads\/2024\/03\/0e095e054ee94774d6a496099eb1cf6a-1711789849.jpg\",\"contentUrl\":\"https:\/\/belux-edmo.s3-accelerate.amazonaws.com\/wp-content\/uploads\/2024\/03\/0e095e054ee94774d6a496099eb1cf6a-1711789849.jpg\",\"width\":770,\"height\":433,\"caption\":\"La Belgique taxe-t-elle les revenus \u00e0 50 ou 70%, comme affirm\u00e9 dans des vid\u00e9os virales sur Instagram\u00a0? - Featured image\"},{\"@type\":\"BreadcrumbList\",\"@id\":\"https:\/\/belux.edmo.eu\/fr\/la-belgique-taxe-t-elle-les-revenus-50-ou-70-comme-affirm-dans-des-vidos-virales-sur-instagram\/#breadcrumb\",\"itemListElement\":[{\"@type\":\"ListItem\",\"position\":1,\"name\":\"Home\",\"item\":\"https:\/\/belux.edmo.eu\/fr\/\"},{\"@type\":\"ListItem\",\"position\":2,\"name\":\"La Belgique taxe-t-elle les revenus \u00e0 50 ou 70%, comme affirm\u00e9 dans des vid\u00e9os virales sur Instagram\u00a0?\"}]},{\"@type\":\"WebSite\",\"@id\":\"https:\/\/belux.edmo.eu\/#website\",\"url\":\"https:\/\/belux.edmo.eu\/\",\"name\":\"EDMO Belux\",\"description\":\"Monitoring Disinformation in Belgium and Luxembourg\",\"publisher\":{\"@id\":\"https:\/\/belux.edmo.eu\/#organization\"},\"potentialAction\":[{\"@type\":\"SearchAction\",\"target\":{\"@type\":\"EntryPoint\",\"urlTemplate\":\"https:\/\/belux.edmo.eu\/?s={search_term_string}\"},\"query-input\":{\"@type\":\"PropertyValueSpecification\",\"valueRequired\":true,\"valueName\":\"search_term_string\"}}],\"inLanguage\":\"fr-FR\"},{\"@type\":\"Organization\",\"@id\":\"https:\/\/belux.edmo.eu\/#organization\",\"name\":\"EDMO Belux\",\"url\":\"https:\/\/belux.edmo.eu\/\",\"logo\":{\"@type\":\"ImageObject\",\"inLanguage\":\"fr-FR\",\"@id\":\"https:\/\/belux.edmo.eu\/#\/schema\/logo\/image\/\",\"url\":\"https:\/\/belux.edmo.eu\/wp-content\/uploads\/2021\/12\/belux-logo-full-color-rgb.svg\",\"contentUrl\":\"https:\/\/belux.edmo.eu\/wp-content\/uploads\/2021\/12\/belux-logo-full-color-rgb.svg\",\"width\":1,\"height\":1,\"caption\":\"EDMO Belux\"},\"image\":{\"@id\":\"https:\/\/belux.edmo.eu\/#\/schema\/logo\/image\/\"},\"sameAs\":[\"https:\/\/x.com\/Edmo_Belux\"]},{\"@type\":\"Person\",\"@id\":\"https:\/\/belux.edmo.eu\/#\/schema\/person\/dbe3b252258537fd318f9b5645a30342\",\"name\":\"master\",\"sameAs\":[\"https:\/\/belux.wpengine.com\"],\"url\":\"https:\/\/belux.edmo.eu\/fr\/author\/master\/\"}]}<\/script>\n<!-- \/ Yoast SEO plugin. -->","yoast_head_json":{"title":"La Belgique taxe-t-elle les revenus \u00e0 50 ou 70%, comme affirm\u00e9 dans des vid\u00e9os virales sur Instagram\u00a0? - EDMO Belux","robots":{"index":"index","follow":"follow","max-snippet":"max-snippet:-1","max-image-preview":"max-image-preview:large","max-video-preview":"max-video-preview:-1"},"canonical":"https:\/\/belux.edmo.eu\/fr\/la-belgique-taxe-t-elle-les-revenus-50-ou-70-comme-affirm-dans-des-vidos-virales-sur-instagram\/","og_locale":"fr_FR","og_type":"article","og_title":"La Belgique taxe-t-elle les revenus \u00e0 50 ou 70%, comme affirm\u00e9 dans des vid\u00e9os virales sur Instagram\u00a0? - EDMO Belux","og_description":"Des vid\u00e9os virales sur Instagram ciblent la Belgique et son taux d&rsquo;imposition. Un internaute y affirme que les r\u00e9sidents belges...","og_url":"https:\/\/belux.edmo.eu\/fr\/la-belgique-taxe-t-elle-les-revenus-50-ou-70-comme-affirm-dans-des-vidos-virales-sur-instagram\/","og_site_name":"EDMO Belux","article_published_time":"2024-04-23T14:25:01+00:00","article_modified_time":"2024-04-24T09:08:07+00:00","og_image":[{"width":770,"height":433,"url":"https:\/\/belux-edmo.s3-accelerate.amazonaws.com\/wp-content\/uploads\/2024\/03\/0e095e054ee94774d6a496099eb1cf6a-1711789849.jpg","type":"image\/jpeg"}],"author":"master","twitter_card":"summary_large_image","twitter_creator":"@Edmo_Belux","twitter_site":"@Edmo_Belux","twitter_misc":{"\u00c9crit par":"master","Dur\u00e9e de lecture estim\u00e9e":"7 minutes"},"schema":{"@context":"https:\/\/schema.org","@graph":[{"@type":"Article","@id":"https:\/\/belux.edmo.eu\/fr\/la-belgique-taxe-t-elle-les-revenus-50-ou-70-comme-affirm-dans-des-vidos-virales-sur-instagram\/#article","isPartOf":{"@id":"https:\/\/belux.edmo.eu\/fr\/la-belgique-taxe-t-elle-les-revenus-50-ou-70-comme-affirm-dans-des-vidos-virales-sur-instagram\/"},"author":{"name":"master","@id":"https:\/\/belux.edmo.eu\/#\/schema\/person\/dbe3b252258537fd318f9b5645a30342"},"headline":"La Belgique taxe-t-elle les revenus \u00e0 50 ou 70%, comme affirm\u00e9 dans des vid\u00e9os virales sur Instagram\u00a0?","datePublished":"2024-04-23T14:25:01+00:00","dateModified":"2024-04-24T09:08:07+00:00","mainEntityOfPage":{"@id":"https:\/\/belux.edmo.eu\/fr\/la-belgique-taxe-t-elle-les-revenus-50-ou-70-comme-affirm-dans-des-vidos-virales-sur-instagram\/"},"wordCount":1519,"publisher":{"@id":"https:\/\/belux.edmo.eu\/#organization"},"image":{"@id":"https:\/\/belux.edmo.eu\/fr\/la-belgique-taxe-t-elle-les-revenus-50-ou-70-comme-affirm-dans-des-vidos-virales-sur-instagram\/#primaryimage"},"thumbnailUrl":"https:\/\/belux-edmo.s3-accelerate.amazonaws.com\/wp-content\/uploads\/2024\/03\/0e095e054ee94774d6a496099eb1cf6a-1711789849.jpg","articleSection":["Economie","Fact-Check","Non classifi\u00e9(e)","Societe"],"inLanguage":"fr-FR"},{"@type":"WebPage","@id":"https:\/\/belux.edmo.eu\/fr\/la-belgique-taxe-t-elle-les-revenus-50-ou-70-comme-affirm-dans-des-vidos-virales-sur-instagram\/","url":"https:\/\/belux.edmo.eu\/fr\/la-belgique-taxe-t-elle-les-revenus-50-ou-70-comme-affirm-dans-des-vidos-virales-sur-instagram\/","name":"La Belgique taxe-t-elle les revenus \u00e0 50 ou 70%, comme affirm\u00e9 dans des vid\u00e9os virales sur Instagram\u00a0? - EDMO Belux","isPartOf":{"@id":"https:\/\/belux.edmo.eu\/#website"},"primaryImageOfPage":{"@id":"https:\/\/belux.edmo.eu\/fr\/la-belgique-taxe-t-elle-les-revenus-50-ou-70-comme-affirm-dans-des-vidos-virales-sur-instagram\/#primaryimage"},"image":{"@id":"https:\/\/belux.edmo.eu\/fr\/la-belgique-taxe-t-elle-les-revenus-50-ou-70-comme-affirm-dans-des-vidos-virales-sur-instagram\/#primaryimage"},"thumbnailUrl":"https:\/\/belux-edmo.s3-accelerate.amazonaws.com\/wp-content\/uploads\/2024\/03\/0e095e054ee94774d6a496099eb1cf6a-1711789849.jpg","datePublished":"2024-04-23T14:25:01+00:00","dateModified":"2024-04-24T09:08:07+00:00","breadcrumb":{"@id":"https:\/\/belux.edmo.eu\/fr\/la-belgique-taxe-t-elle-les-revenus-50-ou-70-comme-affirm-dans-des-vidos-virales-sur-instagram\/#breadcrumb"},"inLanguage":"fr-FR","potentialAction":[{"@type":"ReadAction","target":["https:\/\/belux.edmo.eu\/fr\/la-belgique-taxe-t-elle-les-revenus-50-ou-70-comme-affirm-dans-des-vidos-virales-sur-instagram\/"]}]},{"@type":"ImageObject","inLanguage":"fr-FR","@id":"https:\/\/belux.edmo.eu\/fr\/la-belgique-taxe-t-elle-les-revenus-50-ou-70-comme-affirm-dans-des-vidos-virales-sur-instagram\/#primaryimage","url":"https:\/\/belux-edmo.s3-accelerate.amazonaws.com\/wp-content\/uploads\/2024\/03\/0e095e054ee94774d6a496099eb1cf6a-1711789849.jpg","contentUrl":"https:\/\/belux-edmo.s3-accelerate.amazonaws.com\/wp-content\/uploads\/2024\/03\/0e095e054ee94774d6a496099eb1cf6a-1711789849.jpg","width":770,"height":433,"caption":"La Belgique taxe-t-elle les revenus \u00e0 50 ou 70%, comme affirm\u00e9 dans des vid\u00e9os virales sur Instagram\u00a0? - Featured image"},{"@type":"BreadcrumbList","@id":"https:\/\/belux.edmo.eu\/fr\/la-belgique-taxe-t-elle-les-revenus-50-ou-70-comme-affirm-dans-des-vidos-virales-sur-instagram\/#breadcrumb","itemListElement":[{"@type":"ListItem","position":1,"name":"Home","item":"https:\/\/belux.edmo.eu\/fr\/"},{"@type":"ListItem","position":2,"name":"La Belgique taxe-t-elle les revenus \u00e0 50 ou 70%, comme affirm\u00e9 dans des vid\u00e9os virales sur Instagram\u00a0?"}]},{"@type":"WebSite","@id":"https:\/\/belux.edmo.eu\/#website","url":"https:\/\/belux.edmo.eu\/","name":"EDMO Belux","description":"Monitoring Disinformation in Belgium and Luxembourg","publisher":{"@id":"https:\/\/belux.edmo.eu\/#organization"},"potentialAction":[{"@type":"SearchAction","target":{"@type":"EntryPoint","urlTemplate":"https:\/\/belux.edmo.eu\/?s={search_term_string}"},"query-input":{"@type":"PropertyValueSpecification","valueRequired":true,"valueName":"search_term_string"}}],"inLanguage":"fr-FR"},{"@type":"Organization","@id":"https:\/\/belux.edmo.eu\/#organization","name":"EDMO Belux","url":"https:\/\/belux.edmo.eu\/","logo":{"@type":"ImageObject","inLanguage":"fr-FR","@id":"https:\/\/belux.edmo.eu\/#\/schema\/logo\/image\/","url":"https:\/\/belux.edmo.eu\/wp-content\/uploads\/2021\/12\/belux-logo-full-color-rgb.svg","contentUrl":"https:\/\/belux.edmo.eu\/wp-content\/uploads\/2021\/12\/belux-logo-full-color-rgb.svg","width":1,"height":1,"caption":"EDMO Belux"},"image":{"@id":"https:\/\/belux.edmo.eu\/#\/schema\/logo\/image\/"},"sameAs":["https:\/\/x.com\/Edmo_Belux"]},{"@type":"Person","@id":"https:\/\/belux.edmo.eu\/#\/schema\/person\/dbe3b252258537fd318f9b5645a30342","name":"master","sameAs":["https:\/\/belux.wpengine.com"],"url":"https:\/\/belux.edmo.eu\/fr\/author\/master\/"}]}},"menu_order":0,"_links":{"self":[{"href":"https:\/\/belux.edmo.eu\/fr\/wp-json\/wp\/v2\/posts\/327631","targetHints":{"allow":["GET"]}}],"collection":[{"href":"https:\/\/belux.edmo.eu\/fr\/wp-json\/wp\/v2\/posts"}],"about":[{"href":"https:\/\/belux.edmo.eu\/fr\/wp-json\/wp\/v2\/types\/post"}],"author":[{"embeddable":true,"href":"https:\/\/belux.edmo.eu\/fr\/wp-json\/wp\/v2\/users\/1"}],"replies":[{"embeddable":true,"href":"https:\/\/belux.edmo.eu\/fr\/wp-json\/wp\/v2\/comments?post=327631"}],"version-history":[{"count":0,"href":"https:\/\/belux.edmo.eu\/fr\/wp-json\/wp\/v2\/posts\/327631\/revisions"}],"wp:featuredmedia":[{"embeddable":true,"href":"https:\/\/belux.edmo.eu\/fr\/wp-json\/wp\/v2\/media\/327626"}],"wp:attachment":[{"href":"https:\/\/belux.edmo.eu\/fr\/wp-json\/wp\/v2\/media?parent=327631"}],"wp:term":[{"taxonomy":"category","embeddable":true,"href":"https:\/\/belux.edmo.eu\/fr\/wp-json\/wp\/v2\/categories?post=327631"},{"taxonomy":"post_tag","embeddable":true,"href":"https:\/\/belux.edmo.eu\/fr\/wp-json\/wp\/v2\/tags?post=327631"}],"curies":[{"name":"wp","href":"https:\/\/api.w.org\/{rel}","templated":true}]}}