{"id":328758,"date":"2024-04-10T10:29:55","date_gmt":"2024-04-10T10:29:55","guid":{"rendered":"https:\/\/belux.edmo.eu\/?p=328758"},"modified":"2024-04-11T11:11:56","modified_gmt":"2024-04-11T11:11:56","slug":"non-cette-image-ne-prouve-pas-une-mise-en-scne-de-faux-blesss-gaza-elle-a-t-retouche","status":"publish","type":"post","link":"https:\/\/belux.edmo.eu\/fr\/non-cette-image-ne-prouve-pas-une-mise-en-scne-de-faux-blesss-gaza-elle-a-t-retouche\/","title":{"rendered":"Non, cette image ne prouve pas une mise en sc\u00e8ne de \u00ab\u00a0faux bless\u00e9s\u00a0\u00bb \u00e0 Gaza, elle a \u00e9t\u00e9 retouch\u00e9e"},"content":{"rendered":"<p><b>La guerre entre Isra\u00ebl et le Hamas a caus\u00e9 des milliers de morts depuis l&rsquo;attaque du Hamas le 7 octobre et les repr\u00e9sailles de l&rsquo;arm\u00e9e isra\u00e9lienne sur la bande de Gaza. Depuis le d\u00e9but de la campagne militaire d&rsquo;Isra\u00ebl contre l&rsquo;enclave palestinienne, de nombreuses images et vid\u00e9os sont d\u00e9tourn\u00e9es afin d&rsquo;affirmer &#8211; \u00e0 tort &#8211; que les morts et les bless\u00e9s palestiniens \u00e0 Gaza sont mis en sc\u00e8ne pour \u00e9mouvoir l&rsquo;opinion. L&rsquo;une d&rsquo;entre elle montre deux Palestiniens bless\u00e9s en chaise roulante, l&rsquo;un d&rsquo;eux avec trois jambes. Mais sur le clich\u00e9 d&rsquo;origine, retrouv\u00e9 par l&rsquo;AFP, et sur des images de la m\u00eame sc\u00e8ne film\u00e9e par le m\u00e9dia Al jazeera, le m\u00eame homme n&rsquo;a bien que deux jambes. La troisi\u00e8me a \u00e9t\u00e9 ajout\u00e9e a posteriori pour faire croire \u00e0 une mise en sc\u00e8ne.\u00a0<\/b><\/p>\n<p>Au moins 1.200 personnes ont \u00e9t\u00e9 tu\u00e9es le 7 octobre par le Hamas en Isra\u00ebl et environ 240 personnes -dont des enfants- emmen\u00e9es comme otages dans la bande de Gaza, selon les derniers chiffres officiels isra\u00e9liens, et plus de 33.000 personnes tu\u00e9es par les attaques men\u00e9es en repr\u00e9sailles \u00e0 Gaza par Isra\u00ebl, dont une majorit\u00e9 de civils et pr\u00e8s de la moiti\u00e9 d&rsquo;enfants, selon le minist\u00e8re de la Sant\u00e9 du Hamas.<\/p>\n<p>Dans ce contexte, depuis le d\u00e9but du conflit, de nombreuses images fausses ou d\u00e9tourn\u00e9es sont relay\u00e9es par des internautes, souvent pour d\u00e9cr\u00e9dibiliser l&rsquo;un des deux camps. Parmi les infox r\u00e9currentes, de nombreuses publications assurent que de faux cadavres de civils palestiniens seraient utilis\u00e9s pour \u00e9mouvoir l&rsquo;opinion.<\/p>\n<p>C&rsquo;est le cas d&rsquo;une image montrant deux personnes en fauteuil roulant. L&rsquo;un des deux bless\u00e9s a eu une troisi\u00e8me jambe, preuve d&rsquo;une mise en sc\u00e8ne pour les internautes qui partagent\u00a0 l&rsquo;image sur X (ex-Twitter) (<a href=\"https:\/\/perma.cc\/SX6S-6B2P\" shape=\"rect\">1<\/a>, <a href=\"https:\/\/perma.cc\/SW5C-2YKE\" shape=\"rect\">2<\/a>) et sur Facebook(<a href=\"https:\/\/perma.cc\/T9BM-2UMQ\" shape=\"rect\">1<\/a>, <a href=\"https:\/\/perma.cc\/LX3X-5QCJ?type=image\" shape=\"rect\">2<\/a>, <a href=\"https:\/\/perma.cc\/WSQ8-YXEC?type=image\" shape=\"rect\">3<\/a>) en fran\u00e7ais et en anglais.<\/p>\n<div class=\"g2picture\">\n<figure><img src=\"https:\/\/belux-edmo.s3-accelerate.amazonaws.com\/wp-content\/uploads\/2024\/04\/b511d959345060be4404cf7d416ac339f4511f07-ipad.jpg\" \/><figcaption>Capture d&rsquo;\u00e9cran prise le 8 avril 2024 sur Facebook<\/figcaption><\/figure>\n<\/div>\n<p>D&rsquo;autres internautes assurent que l&rsquo;image a \u00e9t\u00e9 g\u00e9n\u00e9r\u00e9e par intelligence artificielle.<\/p>\n<div class=\"g2picture\">\n<figure><img src=\"https:\/\/belux-edmo.s3-accelerate.amazonaws.com\/wp-content\/uploads\/2024\/04\/4bb69abbb06947d5783ebb3551f8bb1b45114608-ipad.jpg\" \/><figcaption>Capture d&rsquo;\u00e9cran prise le 8 avril 2024 sur X<\/figcaption><\/figure>\n<\/div>\n<p>Mais cette image a \u00e9t\u00e9 retouch\u00e9e : l&rsquo;AFP a retrouv\u00e9 la photo d&rsquo;origine qui montre deux Palestiniens bless\u00e9s avec chacun deux jambes.<\/p>\n<p><b>Une photo prise \u00e0 l&rsquo;h\u00f4pital al-Chifa<\/b><\/p>\n<p>Une recherche invers\u00e9e permet de retrouver une occurrence plus ancienne de l&rsquo;image, publi\u00e9e le 1er avril sur X (ex-Twitter) o\u00f9 on voit le m\u00eame homme bless\u00e9 mais avec deux jambes. Une troisi\u00e8me jambe a \u00e9t\u00e9 donc ajout\u00e9e a posteriori \u00e0 l&rsquo;image (<a href=\"https:\/\/perma.cc\/BG5G-EGJK\" target=\"_blank\" rel=\"noopener\" shape=\"rect\">lien archiv\u00e9<\/a>).<\/p>\n<p>Selon les publications dans lesquelles appara\u00eet l&rsquo;image, il s&rsquo;agit de bless\u00e9s assi\u00e9g\u00e9s au sein de l&rsquo;h\u00f4pital al-Chifa de la ville de Gaza.<\/p>\n<div class=\"g2web\" style=\"text-align: center;\">\n<blockquote class=\"twitter-tweet\">\n<p dir=\"rtl\" lang=\"ar\">\u25fe\u0635\u0648\u0631<br clear=\"none\" \/>\u0645\u0635\u0627\u0628\u0648\u0646 \u0648 \u0645\u062d\u0627\u0635\u0631\u0648\u0646 \u062f\u0627\u062e\u0644 \u0623\u062d\u062f \u0645\u0628\u0627\u0646\u064a \u0645\u062c\u0645\u0639 \u0627\u0644\u0634\u0641\u0627\u0621 \u0627\u0644\u0637\u0628\u064a \u0641\u064a \u063a\u0632\u0629 \u0639\u0644\u0649 \u0645\u062f\u0627\u0631 \u0623\u0633\u0628\u0648\u0639\u064a\u0646 <a href=\"https:\/\/t.co\/ZF34eOdtVv\" shape=\"rect\">pic.twitter.com\/ZF34eOdtVv<\/a><\/p>\n<p>\u2014 \u0627\u0644\u0645\u0631\u0643\u0632 \u0627\u0644\u0641\u0644\u0633\u0637\u064a\u0646\u064a \u0644\u0644\u0625\u0639\u0644\u0627\u0645 (@PalinfoAr)<br \/>\n<a href=\"https:\/\/twitter.com\/PalinfoAr\/status\/1774663538994229705?ref_src=twsrc%5Etfw\" shape=\"rect\">April 1, 2024<\/a><\/p><\/blockquote>\n<p><script async=\"\" charset=\"utf-8\" src=\"https:\/\/platform.twitter.com\/widgets.js\" type=\"text\/javascript\" xml:space=\"preserve\"><\/script><\/p>\n<\/div>\n<p>En l\u00e9gende est \u00e9crit le nom du photographe\u00a0<a href=\"https:\/\/www.instagram.com\/mahmoud._.shalha20?igsh=azB1OWRtaWRobjUy\" target=\"_blank\" rel=\"noopener\" shape=\"rect\">Mahmoud Shalha<\/a>.<\/p>\n<p>Contact\u00e9 par l\u2019AFP le 6 avril, Mahmoud Shalha confirme avoir pris cette image le 1er avril au complexe hospitalier d&rsquo;al-Chifa apr\u00e8s le retrait de l&rsquo;arm\u00e9e isra\u00e9lienne.<\/p>\n<p><em>\u00ab\u00a0Je me suis dirig\u00e9 vers l&rsquo;h\u00f4pital al-Chifa pour documenter\u00a0\u00bb <\/em>la sc\u00e8ne, a-t-il expliqu\u00e9 \u00e0 l&rsquo;AFP, rapportant que les bless\u00e9s avaient \u00e9t\u00e9 assi\u00e9g\u00e9s pendant 14 jours<em>\u00ab\u00a0<\/em><em>sans nourriture, eau, m\u00e9dicaments ou aucun soin m\u00e9dical. Les blessures initialement l\u00e9g\u00e8res sont devenues des blessures graves \u00e0 cause de ce qu&rsquo;ils ont subi<\/em>\u00ab\u00a0.<\/p>\n<p>\u00ab\u00a0<em>Les <\/em><em>deux jeunes hommes sur la photo font partie des bless\u00e9s<\/em>\u00ab\u00a0, a-t-il encore poursuivi.<\/p>\n<p>Une recherche permet de retrouver la m\u00eame sc\u00e8ne que celle du clich\u00e9. Les deux m\u00eames hommes sont film\u00e9s \u00e0 partir de 3&rsquo;19, dans <a href=\"https:\/\/youtu.be\/Q5ULo552d7I?t=196\" shape=\"rect\">un reportage<\/a> d&rsquo;Al jazeera publi\u00e9 sur leur cha\u00eene Youtube le 1er avril (<a href=\"https:\/\/perma.cc\/4QWK-9PS4\" target=\"_blank\" rel=\"noopener\" shape=\"rect\">lien archiv\u00e9<\/a>).<\/p>\n<div class=\"g2web\" style=\"text-align: center;\"><iframe title=\"YouTube video player\" src=\"https:\/\/www.youtube.com\/embed\/Q5ULo552d7I?si=mwXb6uLxc0n9DF-O\" width=\"560\" height=\"315\" frameborder=\"0\" scrolling=\"auto\" allowfullscreen=\"allowfullscreen\"><\/iframe><\/div>\n<p>Le reportage faisait t\u00e9moigner des bless\u00e9s au complexe hospitalier d&rsquo;al-Chifa apr\u00e8s le retrait des forces isra\u00e9liennes.<\/p>\n<p>Le plus grand h\u00f4pital de Gaza a \u00e9t\u00e9 r\u00e9duit \u00e0 une \u00ab\u00a0coquille vide\u00a0\u00bb parsem\u00e9e de d\u00e9pouilles humaines par la derni\u00e8re op\u00e9ration isra\u00e9lienne contre lui, a d\u00e9nonc\u00e9 le 6 avril l&rsquo;Organisation mondiale de la sant\u00e9 (OMS).<\/p>\n<p>Les forces isra\u00e9liennes se sont retir\u00e9es de l&rsquo;h\u00f4pital al-Chifa de la ville de Gaza le 1er avril, apr\u00e8s une op\u00e9ration de deux semaines, durant laquelle elles ont d\u00e9clar\u00e9 avoir lutt\u00e9 contre des combattants palestiniens \u00e0 l&rsquo;int\u00e9rieur de ce qui \u00e9tait le plus important complexe m\u00e9dical du territoire palestinien.<\/p>\n<p>Une mission dirig\u00e9e par l&rsquo;OMS a pu acc\u00e9der \u00e0 l&rsquo;h\u00f4pital vendredi, a indiqu\u00e9 cette agence des Nations unies.<\/p>\n<p><em>\u00ab\u00a0Al-Chifa, autrefois l&rsquo;\u00e9pine dorsale du syst\u00e8me de sant\u00e9 \u00e0 Gaza, n&rsquo;est plus qu&rsquo;une coquille vide avec des tombes\u00a0\u00bb <\/em>a \u00e9crit le chef de l&rsquo;OMS, Tedros Adhanom Ghebreyesus, sur X.<\/p>\n<p>Dans un communiqu\u00e9, l&rsquo;OMS indique qu&rsquo;il n&rsquo;y avait plus aucun patient dans l&rsquo;h\u00f4pital, o\u00f9 \u00ab\u00a0de nombreuses tombes peu profondes\u00a0\u00bb ont \u00e9t\u00e9 creus\u00e9es \u00e0 l&rsquo;ext\u00e9rieur du service des urgences et des b\u00e2timents administratifs et chirurgicaux.<\/p>\n<p>Seuls 10, sur 36 des principaux h\u00f4pitaux de Gaza, sont encore partiellement fonctionnels, selon l&rsquo;OMS.<\/p>\n","protected":false},"excerpt":{"rendered":"<p>Au moins 1.200 personnes ont \u00e9t\u00e9 tu\u00e9es le 7 octobre par le Hamas en Isra\u00ebl et environ 240 personnes -dont des enfants- emmen\u00e9es comme otages dans la bande de Gaza, selon les derniers chiffres officiels isra\u00e9liens, et plus de 33.000 personnes tu\u00e9es par les attaques men\u00e9es en repr\u00e9sailles \u00e0 Gaza par Isra\u00ebl, dont une majorit\u00e9 de civils et pr\u00e8s de la moiti\u00e9 d&rsquo;enfants, selon le minist\u00e8re de la Sant\u00e9 du Hamas.\u00a0<\/p>\n","protected":false},"author":1,"featured_media":328743,"comment_status":"closed","ping_status":"open","sticky":false,"template":"","format":"standard","meta":{"_acf_changed":false,"footnotes":""},"categories":[125,403,132,389],"tags":[],"class_list":{"0":"post-328758","1":"post","2":"type-post","3":"status-publish","4":"format-standard","5":"has-post-thumbnail","7":"category-fact-check-fr","8":"category-moyen-orient","9":"category-politique","10":"category-technologie-fact-check-fr-2"},"acf":{"show_metatags":true,"id":"http:\/\/doc.afp.com\/34NW3Q8","authors":"Afrique du Nord \/ Yasmine LAABI \/ AFP Moyen Orient","organization":"AFP","featured_image_copyright":"","text_copyright":"\u00a9 AGENCE FRANCE-PRESSE | 2024 | Tous droits r\u00e9serv\u00e9s. L\u2019acc\u00e8s aux contenus de l'AFP publi\u00e9s sur ce site et, le cas \u00e9ch\u00e9ant, leur utilisation sont soumis aux conditions g\u00e9n\u00e9rales d'utilisation disponibles sur <a href='https:\/\/www.afp.com\/fr\/cgu' target='_blank'>CGU<\/a>. Par cons\u00e9quent, en acc\u00e9dant aux contenus de l\u2019AFP publi\u00e9s sur ce site, et en les utilisant, le cas \u00e9ch\u00e9ant, vous acceptez d'\u00eatre li\u00e9 par les conditions g\u00e9n\u00e9rales d'utilisation susmentionn\u00e9es. L\u2019utilisation de contenus de l'AFP se fait sous votre seule et enti\u00e8re responsabilit\u00e9.","source":"https:\/\/factuel.afp.com\/doc.afp.com.34NW3Q8","fact_checker":"https:\/\/belux.wpengine.com\/wp-content\/uploads\/2021\/12\/afp_logo.png","type":"\u00c9v\u00e9nement ferm\u00e9","location":"","start_date":"","start_date_event_begins_at":"","start_date_event_ends_at":"","end_date":"","end_date_event_begins_at":"","end_date_event_ends_at":"","organizer":"","fact_checker_logo_image":false},"yoast_head":"<!-- This site is optimized with the Yoast SEO plugin v27.0 - https:\/\/yoast.com\/product\/yoast-seo-wordpress\/ -->\n<title>Non, cette image ne prouve pas une mise en sc\u00e8ne de &quot;faux bless\u00e9s&quot; \u00e0 Gaza, elle a \u00e9t\u00e9 retouch\u00e9e - EDMO Belux<\/title>\n<meta name=\"robots\" content=\"index, follow, max-snippet:-1, max-image-preview:large, max-video-preview:-1\" \/>\n<link rel=\"canonical\" href=\"https:\/\/belux.edmo.eu\/fr\/non-cette-image-ne-prouve-pas-une-mise-en-scne-de-faux-blesss-gaza-elle-a-t-retouche\/\" \/>\n<meta property=\"og:locale\" content=\"fr_FR\" \/>\n<meta property=\"og:type\" content=\"article\" \/>\n<meta property=\"og:title\" content=\"Non, cette image ne prouve pas une mise en sc\u00e8ne de &quot;faux bless\u00e9s&quot; \u00e0 Gaza, elle a \u00e9t\u00e9 retouch\u00e9e - EDMO Belux\" \/>\n<meta property=\"og:description\" content=\"Au moins 1.200 personnes ont \u00e9t\u00e9 tu\u00e9es le 7 octobre par le Hamas en Isra\u00ebl et environ 240 personnes -dont des enfants- emmen\u00e9es comme otages dans la bande de Gaza, selon les derniers chiffres officiels isra\u00e9liens, et plus de 33.000 personnes tu\u00e9es par les attaques men\u00e9es en repr\u00e9sailles \u00e0 Gaza par Isra\u00ebl, dont une majorit\u00e9 de civils et pr\u00e8s de la moiti\u00e9 d&#039;enfants, selon le minist\u00e8re de la Sant\u00e9 du Hamas.\u00a0\" \/>\n<meta property=\"og:url\" content=\"https:\/\/belux.edmo.eu\/fr\/non-cette-image-ne-prouve-pas-une-mise-en-scne-de-faux-blesss-gaza-elle-a-t-retouche\/\" \/>\n<meta property=\"og:site_name\" content=\"EDMO Belux\" \/>\n<meta property=\"article:published_time\" content=\"2024-04-10T10:29:55+00:00\" \/>\n<meta property=\"article:modified_time\" content=\"2024-04-11T11:11:56+00:00\" \/>\n<meta property=\"og:image\" content=\"https:\/\/belux-edmo.s3-accelerate.amazonaws.com\/wp-content\/uploads\/2024\/04\/0decd7e68dccd9b577a714bed49469940dfe9c2e-ipad.jpg\" \/>\n\t<meta property=\"og:image:width\" content=\"1080\" \/>\n\t<meta property=\"og:image:height\" content=\"540\" \/>\n\t<meta property=\"og:image:type\" content=\"image\/jpeg\" \/>\n<meta name=\"author\" content=\"master\" \/>\n<meta name=\"twitter:card\" content=\"summary_large_image\" \/>\n<meta name=\"twitter:creator\" content=\"@Edmo_Belux\" \/>\n<meta name=\"twitter:site\" content=\"@Edmo_Belux\" \/>\n<meta name=\"twitter:label1\" content=\"\u00c9crit par\" \/>\n\t<meta name=\"twitter:data1\" content=\"master\" \/>\n\t<meta name=\"twitter:label2\" content=\"Dur\u00e9e de lecture estim\u00e9e\" \/>\n\t<meta name=\"twitter:data2\" content=\"4 minutes\" \/>\n<script type=\"application\/ld+json\" class=\"yoast-schema-graph\">{\"@context\":\"https:\/\/schema.org\",\"@graph\":[{\"@type\":\"Article\",\"@id\":\"https:\/\/belux.edmo.eu\/fr\/non-cette-image-ne-prouve-pas-une-mise-en-scne-de-faux-blesss-gaza-elle-a-t-retouche\/#article\",\"isPartOf\":{\"@id\":\"https:\/\/belux.edmo.eu\/fr\/non-cette-image-ne-prouve-pas-une-mise-en-scne-de-faux-blesss-gaza-elle-a-t-retouche\/\"},\"author\":{\"name\":\"master\",\"@id\":\"https:\/\/belux.edmo.eu\/#\/schema\/person\/dbe3b252258537fd318f9b5645a30342\"},\"headline\":\"Non, cette image ne prouve pas une mise en sc\u00e8ne de \u00ab\u00a0faux bless\u00e9s\u00a0\u00bb \u00e0 Gaza, elle a \u00e9t\u00e9 retouch\u00e9e\",\"datePublished\":\"2024-04-10T10:29:55+00:00\",\"dateModified\":\"2024-04-11T11:11:56+00:00\",\"mainEntityOfPage\":{\"@id\":\"https:\/\/belux.edmo.eu\/fr\/non-cette-image-ne-prouve-pas-une-mise-en-scne-de-faux-blesss-gaza-elle-a-t-retouche\/\"},\"wordCount\":903,\"publisher\":{\"@id\":\"https:\/\/belux.edmo.eu\/#organization\"},\"image\":{\"@id\":\"https:\/\/belux.edmo.eu\/fr\/non-cette-image-ne-prouve-pas-une-mise-en-scne-de-faux-blesss-gaza-elle-a-t-retouche\/#primaryimage\"},\"thumbnailUrl\":\"https:\/\/belux-edmo.s3-accelerate.amazonaws.com\/wp-content\/uploads\/2024\/04\/0decd7e68dccd9b577a714bed49469940dfe9c2e-ipad.jpg\",\"articleSection\":[\"Fact-Check\",\"Moyen-Orient\",\"Politique\",\"Technologie\"],\"inLanguage\":\"fr-FR\"},{\"@type\":\"WebPage\",\"@id\":\"https:\/\/belux.edmo.eu\/fr\/non-cette-image-ne-prouve-pas-une-mise-en-scne-de-faux-blesss-gaza-elle-a-t-retouche\/\",\"url\":\"https:\/\/belux.edmo.eu\/fr\/non-cette-image-ne-prouve-pas-une-mise-en-scne-de-faux-blesss-gaza-elle-a-t-retouche\/\",\"name\":\"Non, cette image ne prouve pas une mise en sc\u00e8ne de \\\"faux bless\u00e9s\\\" \u00e0 Gaza, elle a \u00e9t\u00e9 retouch\u00e9e - EDMO Belux\",\"isPartOf\":{\"@id\":\"https:\/\/belux.edmo.eu\/#website\"},\"primaryImageOfPage\":{\"@id\":\"https:\/\/belux.edmo.eu\/fr\/non-cette-image-ne-prouve-pas-une-mise-en-scne-de-faux-blesss-gaza-elle-a-t-retouche\/#primaryimage\"},\"image\":{\"@id\":\"https:\/\/belux.edmo.eu\/fr\/non-cette-image-ne-prouve-pas-une-mise-en-scne-de-faux-blesss-gaza-elle-a-t-retouche\/#primaryimage\"},\"thumbnailUrl\":\"https:\/\/belux-edmo.s3-accelerate.amazonaws.com\/wp-content\/uploads\/2024\/04\/0decd7e68dccd9b577a714bed49469940dfe9c2e-ipad.jpg\",\"datePublished\":\"2024-04-10T10:29:55+00:00\",\"dateModified\":\"2024-04-11T11:11:56+00:00\",\"breadcrumb\":{\"@id\":\"https:\/\/belux.edmo.eu\/fr\/non-cette-image-ne-prouve-pas-une-mise-en-scne-de-faux-blesss-gaza-elle-a-t-retouche\/#breadcrumb\"},\"inLanguage\":\"fr-FR\",\"potentialAction\":[{\"@type\":\"ReadAction\",\"target\":[\"https:\/\/belux.edmo.eu\/fr\/non-cette-image-ne-prouve-pas-une-mise-en-scne-de-faux-blesss-gaza-elle-a-t-retouche\/\"]}]},{\"@type\":\"ImageObject\",\"inLanguage\":\"fr-FR\",\"@id\":\"https:\/\/belux.edmo.eu\/fr\/non-cette-image-ne-prouve-pas-une-mise-en-scne-de-faux-blesss-gaza-elle-a-t-retouche\/#primaryimage\",\"url\":\"https:\/\/belux-edmo.s3-accelerate.amazonaws.com\/wp-content\/uploads\/2024\/04\/0decd7e68dccd9b577a714bed49469940dfe9c2e-ipad.jpg\",\"contentUrl\":\"https:\/\/belux-edmo.s3-accelerate.amazonaws.com\/wp-content\/uploads\/2024\/04\/0decd7e68dccd9b577a714bed49469940dfe9c2e-ipad.jpg\",\"width\":1080,\"height\":540,\"caption\":\"Non, cette image ne prouve pas une mise en sc\u00e8ne de \\\"faux bless\u00e9s\\\" \u00e0 Gaza, elle a \u00e9t\u00e9 retouch\u00e9e - Featured image\"},{\"@type\":\"BreadcrumbList\",\"@id\":\"https:\/\/belux.edmo.eu\/fr\/non-cette-image-ne-prouve-pas-une-mise-en-scne-de-faux-blesss-gaza-elle-a-t-retouche\/#breadcrumb\",\"itemListElement\":[{\"@type\":\"ListItem\",\"position\":1,\"name\":\"Home\",\"item\":\"https:\/\/belux.edmo.eu\/fr\/\"},{\"@type\":\"ListItem\",\"position\":2,\"name\":\"Non, cette image ne prouve pas une mise en sc\u00e8ne de &#8220;faux bless\u00e9s&#8221; \u00e0 Gaza, elle a \u00e9t\u00e9 retouch\u00e9e\"}]},{\"@type\":\"WebSite\",\"@id\":\"https:\/\/belux.edmo.eu\/#website\",\"url\":\"https:\/\/belux.edmo.eu\/\",\"name\":\"EDMO Belux\",\"description\":\"Monitoring Disinformation in Belgium and Luxembourg\",\"publisher\":{\"@id\":\"https:\/\/belux.edmo.eu\/#organization\"},\"potentialAction\":[{\"@type\":\"SearchAction\",\"target\":{\"@type\":\"EntryPoint\",\"urlTemplate\":\"https:\/\/belux.edmo.eu\/?s={search_term_string}\"},\"query-input\":{\"@type\":\"PropertyValueSpecification\",\"valueRequired\":true,\"valueName\":\"search_term_string\"}}],\"inLanguage\":\"fr-FR\"},{\"@type\":\"Organization\",\"@id\":\"https:\/\/belux.edmo.eu\/#organization\",\"name\":\"EDMO Belux\",\"url\":\"https:\/\/belux.edmo.eu\/\",\"logo\":{\"@type\":\"ImageObject\",\"inLanguage\":\"fr-FR\",\"@id\":\"https:\/\/belux.edmo.eu\/#\/schema\/logo\/image\/\",\"url\":\"https:\/\/belux.edmo.eu\/wp-content\/uploads\/2021\/12\/belux-logo-full-color-rgb.svg\",\"contentUrl\":\"https:\/\/belux.edmo.eu\/wp-content\/uploads\/2021\/12\/belux-logo-full-color-rgb.svg\",\"width\":1,\"height\":1,\"caption\":\"EDMO Belux\"},\"image\":{\"@id\":\"https:\/\/belux.edmo.eu\/#\/schema\/logo\/image\/\"},\"sameAs\":[\"https:\/\/x.com\/Edmo_Belux\"]},{\"@type\":\"Person\",\"@id\":\"https:\/\/belux.edmo.eu\/#\/schema\/person\/dbe3b252258537fd318f9b5645a30342\",\"name\":\"master\",\"sameAs\":[\"https:\/\/belux.wpengine.com\"],\"url\":\"https:\/\/belux.edmo.eu\/fr\/author\/master\/\"}]}<\/script>\n<!-- \/ Yoast SEO plugin. -->","yoast_head_json":{"title":"Non, cette image ne prouve pas une mise en sc\u00e8ne de \"faux bless\u00e9s\" \u00e0 Gaza, elle a \u00e9t\u00e9 retouch\u00e9e - EDMO Belux","robots":{"index":"index","follow":"follow","max-snippet":"max-snippet:-1","max-image-preview":"max-image-preview:large","max-video-preview":"max-video-preview:-1"},"canonical":"https:\/\/belux.edmo.eu\/fr\/non-cette-image-ne-prouve-pas-une-mise-en-scne-de-faux-blesss-gaza-elle-a-t-retouche\/","og_locale":"fr_FR","og_type":"article","og_title":"Non, cette image ne prouve pas une mise en sc\u00e8ne de \"faux bless\u00e9s\" \u00e0 Gaza, elle a \u00e9t\u00e9 retouch\u00e9e - EDMO Belux","og_description":"Au moins 1.200 personnes ont \u00e9t\u00e9 tu\u00e9es le 7 octobre par le Hamas en Isra\u00ebl et environ 240 personnes -dont des enfants- emmen\u00e9es comme otages dans la bande de Gaza, selon les derniers chiffres officiels isra\u00e9liens, et plus de 33.000 personnes tu\u00e9es par les attaques men\u00e9es en repr\u00e9sailles \u00e0 Gaza par Isra\u00ebl, dont une majorit\u00e9 de civils et pr\u00e8s de la moiti\u00e9 d'enfants, selon le minist\u00e8re de la Sant\u00e9 du Hamas.\u00a0","og_url":"https:\/\/belux.edmo.eu\/fr\/non-cette-image-ne-prouve-pas-une-mise-en-scne-de-faux-blesss-gaza-elle-a-t-retouche\/","og_site_name":"EDMO Belux","article_published_time":"2024-04-10T10:29:55+00:00","article_modified_time":"2024-04-11T11:11:56+00:00","og_image":[{"width":1080,"height":540,"url":"https:\/\/belux-edmo.s3-accelerate.amazonaws.com\/wp-content\/uploads\/2024\/04\/0decd7e68dccd9b577a714bed49469940dfe9c2e-ipad.jpg","type":"image\/jpeg"}],"author":"master","twitter_card":"summary_large_image","twitter_creator":"@Edmo_Belux","twitter_site":"@Edmo_Belux","twitter_misc":{"\u00c9crit par":"master","Dur\u00e9e de lecture estim\u00e9e":"4 minutes"},"schema":{"@context":"https:\/\/schema.org","@graph":[{"@type":"Article","@id":"https:\/\/belux.edmo.eu\/fr\/non-cette-image-ne-prouve-pas-une-mise-en-scne-de-faux-blesss-gaza-elle-a-t-retouche\/#article","isPartOf":{"@id":"https:\/\/belux.edmo.eu\/fr\/non-cette-image-ne-prouve-pas-une-mise-en-scne-de-faux-blesss-gaza-elle-a-t-retouche\/"},"author":{"name":"master","@id":"https:\/\/belux.edmo.eu\/#\/schema\/person\/dbe3b252258537fd318f9b5645a30342"},"headline":"Non, cette image ne prouve pas une mise en sc\u00e8ne de \u00ab\u00a0faux bless\u00e9s\u00a0\u00bb \u00e0 Gaza, elle a \u00e9t\u00e9 retouch\u00e9e","datePublished":"2024-04-10T10:29:55+00:00","dateModified":"2024-04-11T11:11:56+00:00","mainEntityOfPage":{"@id":"https:\/\/belux.edmo.eu\/fr\/non-cette-image-ne-prouve-pas-une-mise-en-scne-de-faux-blesss-gaza-elle-a-t-retouche\/"},"wordCount":903,"publisher":{"@id":"https:\/\/belux.edmo.eu\/#organization"},"image":{"@id":"https:\/\/belux.edmo.eu\/fr\/non-cette-image-ne-prouve-pas-une-mise-en-scne-de-faux-blesss-gaza-elle-a-t-retouche\/#primaryimage"},"thumbnailUrl":"https:\/\/belux-edmo.s3-accelerate.amazonaws.com\/wp-content\/uploads\/2024\/04\/0decd7e68dccd9b577a714bed49469940dfe9c2e-ipad.jpg","articleSection":["Fact-Check","Moyen-Orient","Politique","Technologie"],"inLanguage":"fr-FR"},{"@type":"WebPage","@id":"https:\/\/belux.edmo.eu\/fr\/non-cette-image-ne-prouve-pas-une-mise-en-scne-de-faux-blesss-gaza-elle-a-t-retouche\/","url":"https:\/\/belux.edmo.eu\/fr\/non-cette-image-ne-prouve-pas-une-mise-en-scne-de-faux-blesss-gaza-elle-a-t-retouche\/","name":"Non, cette image ne prouve pas une mise en sc\u00e8ne de \"faux bless\u00e9s\" \u00e0 Gaza, elle a \u00e9t\u00e9 retouch\u00e9e - EDMO Belux","isPartOf":{"@id":"https:\/\/belux.edmo.eu\/#website"},"primaryImageOfPage":{"@id":"https:\/\/belux.edmo.eu\/fr\/non-cette-image-ne-prouve-pas-une-mise-en-scne-de-faux-blesss-gaza-elle-a-t-retouche\/#primaryimage"},"image":{"@id":"https:\/\/belux.edmo.eu\/fr\/non-cette-image-ne-prouve-pas-une-mise-en-scne-de-faux-blesss-gaza-elle-a-t-retouche\/#primaryimage"},"thumbnailUrl":"https:\/\/belux-edmo.s3-accelerate.amazonaws.com\/wp-content\/uploads\/2024\/04\/0decd7e68dccd9b577a714bed49469940dfe9c2e-ipad.jpg","datePublished":"2024-04-10T10:29:55+00:00","dateModified":"2024-04-11T11:11:56+00:00","breadcrumb":{"@id":"https:\/\/belux.edmo.eu\/fr\/non-cette-image-ne-prouve-pas-une-mise-en-scne-de-faux-blesss-gaza-elle-a-t-retouche\/#breadcrumb"},"inLanguage":"fr-FR","potentialAction":[{"@type":"ReadAction","target":["https:\/\/belux.edmo.eu\/fr\/non-cette-image-ne-prouve-pas-une-mise-en-scne-de-faux-blesss-gaza-elle-a-t-retouche\/"]}]},{"@type":"ImageObject","inLanguage":"fr-FR","@id":"https:\/\/belux.edmo.eu\/fr\/non-cette-image-ne-prouve-pas-une-mise-en-scne-de-faux-blesss-gaza-elle-a-t-retouche\/#primaryimage","url":"https:\/\/belux-edmo.s3-accelerate.amazonaws.com\/wp-content\/uploads\/2024\/04\/0decd7e68dccd9b577a714bed49469940dfe9c2e-ipad.jpg","contentUrl":"https:\/\/belux-edmo.s3-accelerate.amazonaws.com\/wp-content\/uploads\/2024\/04\/0decd7e68dccd9b577a714bed49469940dfe9c2e-ipad.jpg","width":1080,"height":540,"caption":"Non, cette image ne prouve pas une mise en sc\u00e8ne de \"faux bless\u00e9s\" \u00e0 Gaza, elle a \u00e9t\u00e9 retouch\u00e9e - Featured image"},{"@type":"BreadcrumbList","@id":"https:\/\/belux.edmo.eu\/fr\/non-cette-image-ne-prouve-pas-une-mise-en-scne-de-faux-blesss-gaza-elle-a-t-retouche\/#breadcrumb","itemListElement":[{"@type":"ListItem","position":1,"name":"Home","item":"https:\/\/belux.edmo.eu\/fr\/"},{"@type":"ListItem","position":2,"name":"Non, cette image ne prouve pas une mise en sc\u00e8ne de &#8220;faux bless\u00e9s&#8221; \u00e0 Gaza, elle a \u00e9t\u00e9 retouch\u00e9e"}]},{"@type":"WebSite","@id":"https:\/\/belux.edmo.eu\/#website","url":"https:\/\/belux.edmo.eu\/","name":"EDMO Belux","description":"Monitoring Disinformation in Belgium and Luxembourg","publisher":{"@id":"https:\/\/belux.edmo.eu\/#organization"},"potentialAction":[{"@type":"SearchAction","target":{"@type":"EntryPoint","urlTemplate":"https:\/\/belux.edmo.eu\/?s={search_term_string}"},"query-input":{"@type":"PropertyValueSpecification","valueRequired":true,"valueName":"search_term_string"}}],"inLanguage":"fr-FR"},{"@type":"Organization","@id":"https:\/\/belux.edmo.eu\/#organization","name":"EDMO Belux","url":"https:\/\/belux.edmo.eu\/","logo":{"@type":"ImageObject","inLanguage":"fr-FR","@id":"https:\/\/belux.edmo.eu\/#\/schema\/logo\/image\/","url":"https:\/\/belux.edmo.eu\/wp-content\/uploads\/2021\/12\/belux-logo-full-color-rgb.svg","contentUrl":"https:\/\/belux.edmo.eu\/wp-content\/uploads\/2021\/12\/belux-logo-full-color-rgb.svg","width":1,"height":1,"caption":"EDMO Belux"},"image":{"@id":"https:\/\/belux.edmo.eu\/#\/schema\/logo\/image\/"},"sameAs":["https:\/\/x.com\/Edmo_Belux"]},{"@type":"Person","@id":"https:\/\/belux.edmo.eu\/#\/schema\/person\/dbe3b252258537fd318f9b5645a30342","name":"master","sameAs":["https:\/\/belux.wpengine.com"],"url":"https:\/\/belux.edmo.eu\/fr\/author\/master\/"}]}},"menu_order":0,"_links":{"self":[{"href":"https:\/\/belux.edmo.eu\/fr\/wp-json\/wp\/v2\/posts\/328758","targetHints":{"allow":["GET"]}}],"collection":[{"href":"https:\/\/belux.edmo.eu\/fr\/wp-json\/wp\/v2\/posts"}],"about":[{"href":"https:\/\/belux.edmo.eu\/fr\/wp-json\/wp\/v2\/types\/post"}],"author":[{"embeddable":true,"href":"https:\/\/belux.edmo.eu\/fr\/wp-json\/wp\/v2\/users\/1"}],"replies":[{"embeddable":true,"href":"https:\/\/belux.edmo.eu\/fr\/wp-json\/wp\/v2\/comments?post=328758"}],"version-history":[{"count":0,"href":"https:\/\/belux.edmo.eu\/fr\/wp-json\/wp\/v2\/posts\/328758\/revisions"}],"wp:featuredmedia":[{"embeddable":true,"href":"https:\/\/belux.edmo.eu\/fr\/wp-json\/wp\/v2\/media\/328743"}],"wp:attachment":[{"href":"https:\/\/belux.edmo.eu\/fr\/wp-json\/wp\/v2\/media?parent=328758"}],"wp:term":[{"taxonomy":"category","embeddable":true,"href":"https:\/\/belux.edmo.eu\/fr\/wp-json\/wp\/v2\/categories?post=328758"},{"taxonomy":"post_tag","embeddable":true,"href":"https:\/\/belux.edmo.eu\/fr\/wp-json\/wp\/v2\/tags?post=328758"}],"curies":[{"name":"wp","href":"https:\/\/api.w.org\/{rel}","templated":true}]}}