{"id":329972,"date":"2024-04-24T09:26:02","date_gmt":"2024-04-24T09:26:02","guid":{"rendered":"https:\/\/belux.edmo.eu\/?p=329972"},"modified":"2024-12-09T15:27:31","modified_gmt":"2024-12-09T15:27:31","slug":"la-pollution-de-lair-engendre-t-elle-7000-dcs-prmaturs-en-belgique-chaque-anne","status":"publish","type":"post","link":"https:\/\/belux.edmo.eu\/fr\/la-pollution-de-lair-engendre-t-elle-7000-dcs-prmaturs-en-belgique-chaque-anne\/","title":{"rendered":"La pollution de l\u2019air engendre-t-elle 7000 d\u00e9c\u00e8s pr\u00e9matur\u00e9s en Belgique chaque ann\u00e9e\u00a0?"},"content":{"rendered":"<p><strong>Alain Maron a affirm\u00e9 \u00e0 plusieurs reprises ces derniers jours, dans le d\u00e9bat sur le maintien du calendrier de la LEZ bruxelloise, que la pollution de l\u2019air est responsable de 7000 d\u00e9c\u00e8s pr\u00e9matur\u00e9s en Belgique par an. Le ministre bruxellois de l\u2019Environnement (Ecolo) base ces d\u00e9clarations sur des chiffres tir\u00e9s d\u2019un rapport annuel de l\u2019Agence Europ\u00e9enne de l\u2019Environnement (AEE). Si la somme des d\u00e9c\u00e8s attribuables \u00e0 la pr\u00e9sence dans l\u2019air de particules fines, de dioxyde d\u2019azote et \u00e0 l\u2019ozone r\u00e9pertori\u00e9s dans ce rapport de 2023 fait bien 6810, soit pr\u00e8s de 7000, la terminologie utilis\u00e9e a \u00e9volu\u00e9. Par ailleurs, l\u2019AEE pr\u00e9cise que les diff\u00e9rentes valeurs sont des estimations qui se basent sur des analyses statistiques et que ces valeurs ne doivent pas \u00eatre additionn\u00e9es car elles se recoupent potentiellement.<\/strong><\/p>\n<div>\n<div>\n<div>\n<div>\n<p>Dans plusieurs articles de presse publi\u00e9s ces derniers jours (<a href=\"https:\/\/bx1.be\/categories\/news\/maron\/\" target=\"_blank\" rel=\"noopener\">1<\/a>,\u00a0<a href=\"https:\/\/www.nieuwsblad.be\/cnt\/dmf20240408_94614776\" target=\"_blank\" rel=\"noopener\">2<\/a>,\u00a0<a href=\"https:\/\/www.standaard.be\/cnt\/DMF20240407_95977333\">3<\/a>,\u00a0<a href=\"https:\/\/www.lalibre.be\/regions\/bruxelles\/2024\/04\/03\/linterdiction-des-diesel-euro-5-pour-2025-remis-en-question-a-bruxelles-le-ps-demande-un-report-de-deux-ans-defi-veut-des-exceptions-QUSL6SJHBJG3DINP6EUHKDMOJE\/\" target=\"_blank\" rel=\"noopener\">4<\/a>), ainsi que\u00a0<a href=\"https:\/\/perma.cc\/CS9C-XF4X\" target=\"_blank\" rel=\"noopener\">sur le r\u00e9seau social \u00ab\u00a0X\u00a0\u00bb<\/a>, le ministre bruxellois\u00a0en charge de la Transition climatique, de l\u2019Environnement, de l\u2019\u00c9nergie et de la Propret\u00e9 publique, Alain Maron (Ecolo) a affirm\u00e9\u00a0: \u00ab\u00a0En Belgique, la qualit\u00e9 de l\u2019air est \u00e0 l\u2019origine de\u00a07000 d\u00e9c\u00e8s pr\u00e9matur\u00e9s\/an.\u00a0\u00bb<\/p>\n<p>Ces chiffres ont \u00e9t\u00e9 avanc\u00e9s par le ministre dans\u00a0<a href=\"https:\/\/www.rtbf.be\/article\/zone-de-basses-emissions-a-bruxelles-le-ps-veut-reporter-de-deux-ans-linterdiction-des-vehicules-diesel-euro-5-11353353\">le d\u00e9bat qui entoure la zone de basses \u00e9missions \u00e0 Bruxelles (LEZ)<\/a>, apr\u00e8s\u00a0<a href=\"https:\/\/www.rtbf.be\/article\/touring-demande-un-moratoire-sur-linterdiction-des-vehicules-euro-5-a-bruxelles-cest-non-pour-le-ministre-maron-11349590\" target=\"_blank\" rel=\"noopener\">la demande de Touring<\/a>\u00a0(l\u2019organisation de d\u00e9fense des usagers de la route) de reporter le calendrier de mise en place\u00a0des interdictions\u00a0des v\u00e9hicules\u00a0diesel Euro 5\u00a0dans la capitale, au 1er\u00a0janvier 2025. Dans la foul\u00e9e, le PS, partenaire d\u2019Ecolo dans la majorit\u00e9 bruxelloise, a \u00e9galement plaid\u00e9 pour un moratoire.<\/p>\n<p>Interrog\u00e9e sur la source\u00a0de ces \u00ab\u00a07000 d\u00e9c\u00e8s pr\u00e9matur\u00e9s\/an\u00a0\u00bb avanc\u00e9s par le ministre \u00e9cologiste, l\u2019\u00e9quipe d\u2019Alain Maron\u00a0nous a indiqu\u00e9 qu\u2019ils provenaient\u00a0de\u00a0l\u2019Agence europ\u00e9enne de l\u2019Environnement (AEE).<\/p>\n<\/div>\n<\/div>\n<\/div>\n<\/div>\n<div>\n<div>\n<div>\n<h2>Qu\u2019indique le dernier rapport de l\u2019Agence europ\u00e9enne de l\u2019Environnement\u00a0?<\/h2>\n<\/div>\n<\/div>\n<\/div>\n<div>\n<div>\n<div>\n<div>\n<p>Sur son site internet, nous avons retrouv\u00e9\u00a0<a href=\"https:\/\/www.eea.europa.eu\/publications\/europes-air-quality-status-2023\" target=\"_blank\" rel=\"noopener\">le dernier\u00a0rapport en date de l\u2019Agence europ\u00e9enne de l\u2019Environnement (AEE)<\/a>\u00a0sur la qualit\u00e9 de l\u2019air en Europe. Il s\u2019agit de celui de l\u2019ann\u00e9e\u00a02023. Chaque ann\u00e9e, l\u2019AEE r\u00e9pertorie et analyse des donn\u00e9es li\u00e9es \u00e0 la qualit\u00e9 de l\u2019air dans les diff\u00e9rents pays europ\u00e9ens, dont les membres de l\u2019Union europ\u00e9enne. Toutes les informations de l\u2019AEE\u00a0que nous avons\u00a0r\u00e9f\u00e9renc\u00e9es dans cet article sont en anglais.<\/p>\n<p>Parmi les donn\u00e9es pr\u00e9sent\u00e9es,\u00a0<a href=\"https:\/\/www.eea.europa.eu\/publications\/harm-to-human-health-from-air-pollution\/table-2\" target=\"_blank\" rel=\"noopener\">une page est d\u00e9di\u00e9e \u00e0 l\u2019impact de la pollution de l\u2019air sur la sant\u00e9<\/a>\u00a0et, sur celle-ci, un\u00a0lien redirige vers\u00a0<a href=\"https:\/\/www.eea.europa.eu\/publications\/harm-to-human-health-from-air-pollution\/table-2\" target=\"_blank\" rel=\"noopener\">une page reprenant une estimation du nombre de &lsquo;d\u00e9c\u00e8s attribuables&rsquo; \u00e0 la qualit\u00e9 de l\u2019air<\/a>, pays par pays.\u00a0Dans le d\u00e9tail, le tableau expose le nombre de \u00ab\u00a0d\u00e9c\u00e8s attribuables\u00a0\u00bb, li\u00e9s \u00e0 la pr\u00e9sence de particules fines (PM 2,5) de dioxyde d\u2019azote (NO2) et \u00e0 l\u2019ozone (03) dans l\u2019air pour chaque pays observ\u00e9, pour l\u2019ann\u00e9e\u00a02021.<\/p>\n<p>Pour la Belgique, le d\u00e9compte recense les \u00ab\u00a0d\u00e9c\u00e8s attribuables estim\u00e9s\u00a0\u00bb de la mani\u00e8re suivant\u00a0: 5100 sont li\u00e9s aux \u00e9missions de particules fines, 1400\u00a0aux \u00e9missions de\u00a0dioxyde d\u2019azote et 310 aux \u00e9missions d\u2019ozone.<\/p>\n<p>L\u2019addition de ces diff\u00e9rents chiffres fait un\u00a0total de\u00a06810 \u00ab\u00a0d\u00e9c\u00e8s attribuables\u00a0\u00bb \u00e0 la pollution de l\u2019air. Par rapport aux \u00ab\u00a07000 d\u00e9c\u00e8s pr\u00e9matur\u00e9s par an\u00a0\u00bb, annonc\u00e9s par M. Maron, la somme des chiffres a \u00e9t\u00e9 arrondie\u00a0mais se trouve dans le bon ordre de grandeur.<\/p>\n<\/div>\n<\/div>\n<\/div>\n<\/div>\n<div>\n<div>\n<div>\n<div>\n<div>\n<div data-src=\"visualisation\/17470456\">\n<p><iframe title=\"Interactive or visual content\" src=\"https:\/\/flo.uri.sh\/visualisation\/17470456\/embed?auto=1\" frameborder=\"0\" scrolling=\"no\" sandbox=\"allow-same-origin allow-forms allow-scripts allow-downloads allow-popups allow-popups-to-escape-sandbox allow-top-navigation-by-user-activation\" data-mce-fragment=\"1\"><\/iframe><\/p>\n<div><a href=\"https:\/\/flourish.studio\/visualisations\/line-bar-pie-charts\/?utm_source=showcase&amp;utm_campaign=visualisation\/17470456\" target=\"_top\" rel=\"noopener\"><img src=\"https:\/\/public.flourish.studio\/resources\/bosh.svg\" alt=\"Flourish logo\" \/>A Flourish chart<\/a><\/div>\n<\/div>\n<\/div>\n<\/div>\n<\/div>\n<\/div>\n<\/div>\n<div>\n<div>\n<div>\n<div>\n<p>&nbsp;<\/p>\n<p>Cependant, d\u2019une part la terminologie utilis\u00e9e par l\u2019AEE\u00a0concernant ces \u00ab\u00a0d\u00e9c\u00e8s pr\u00e9matur\u00e9s\u00a0\u00bb a \u00e9volu\u00e9, d\u2019autre part ces chiffres sont construits \u00e0 partir de calculs statistiques et\u00a0l\u2019AEE indique qu\u2019ils ne \u00ab\u00a0devraient pas \u00eatre additionn\u00e9s\u00a0\u00bb.<\/p>\n<\/div>\n<\/div>\n<\/div>\n<\/div>\n<div>\n<div>\n<div>\n<h2>Une nouvelle terminologie pour mieux comprendre comment interpr\u00e9ter les chiffres<\/h2>\n<\/div>\n<\/div>\n<\/div>\n<div>\n<div>\n<div>\n<div>\n<p>Le\u00a0terme \u00ab\u00a0d\u00e9c\u00e8s pr\u00e9matur\u00e9\u00a0\u00bb est\u00a0<a href=\"https:\/\/www.eea.europa.eu\/publications\/harm-to-human-health-from-air-pollution\/\" target=\"_blank\" rel=\"noopener\">d\u00e9fini par l\u2019AEE<\/a>\u00a0comme \u00ab\u00a0les d\u00e9c\u00e8s qui surviennent avant qu\u2019une personne n\u2019atteigne l\u2019\u00e2ge pr\u00e9vu. Cet \u00e2ge attendu est g\u00e9n\u00e9ralement l\u2019esp\u00e9rance de vie d\u2019un pays, stratifi\u00e9e par sexe et par \u00e2ge.\u00a0\u00bb\u00a0Par exemple,\u00a0<a href=\"https:\/\/www.rtbf.be\/article\/evolution-de-lesperance-de-vie-en-belgique-malgre-le-progres-des-disparites-marquees-par-les-inegalites-11314984\">l\u2019esp\u00e9rance de vie d\u2019une femme en Belgique \u00e9tait de 83,8\u00a0ans en\u00a02022<\/a>.<\/p>\n<p>Si dans le pass\u00e9, l\u2019AEE reprenait dans ses rapports\u00a0ce terme de \u00ab\u00a0d\u00e9c\u00e8s pr\u00e9matur\u00e9\u00a0\u00bb (comme\u00a0<a href=\"https:\/\/www.eea.europa.eu\/publications\/air-quality-in-europe-2022\/health-impacts-of-air-pollution\" target=\"_blank\" rel=\"noopener\">dans\u00a0le rapport de\u00a02022<\/a>), la terminologie a \u00e9volu\u00e9 dans le dernier rapport de\u00a02023, pour plus de pr\u00e9cision.<\/p>\n<p>L\u2019AEE indique\u00a0:\u00a0\u00ab\u00a0[\u2026] Tout d\u00e9c\u00e8s est pr\u00e9matur\u00e9, en ce sens qu\u2019il reste toujours une esp\u00e9rance de vie pour tous les \u00e2ges. Par cons\u00e9quent, lorsque l\u2019on utilise l\u2019approche de\u00a0<a href=\"https:\/\/www.eea.europa.eu\/publications\/harm-to-human-health-from-air-pollution\/\" target=\"_blank\" rel=\"noopener\">la charge de morbidit\u00e9 environnementale<\/a>\u00a0(ndlr\u00a0: qui estime\u00a0la part de la charge de morbidit\u00e9 attribu\u00e9e \u00e0 l\u2019exposition \u00e0 la pollution atmosph\u00e9rique)\u00a0il est plus correct d\u2019utiliser le terme \u00ab\u00a0d\u00e9c\u00e8s attribuable\u00a0\u00bb.<\/p>\n<p>Ces \u00ab\u00a0d\u00e9c\u00e8s attribuables\u00a0\u00bb sont\u00a0<a href=\"https:\/\/www.eea.europa.eu\/publications\/harm-to-human-health-from-air-pollution\/\" target=\"_blank\" rel=\"noopener\">d\u00e9finis par l\u2019AEE<\/a>\u00a0comme \u00ab\u00a0des d\u00e9c\u00e8s statistiquement attribuables \u00e0 l\u2019exposition \u00e0 un facteur de risque, (par exemple la pollution de l\u2019air). L\u2019attribution est bas\u00e9e sur la preuve du lien de causalit\u00e9 entre un facteur de risque et un r\u00e9sultat sanitaire conduisant au d\u00e9c\u00e8s. Les d\u00e9c\u00e8s attribuables sont consid\u00e9r\u00e9s comme \u00e9vitables si leur cause peut \u00eatre \u00e9limin\u00e9e.\u00a0\u00bb<\/p>\n<p>N\u00e9anmoins, l\u2019agence europ\u00e9enne\u00a0a d\u00e9cid\u00e9 de conserver l\u2019utilisation du terme \u00ab\u00a0d\u00e9c\u00e8s pr\u00e9matur\u00e9s\u00a0\u00bb pour \u00ab\u00a0rester en relation\u00a0\u00bb (ndlr\u00a0: pour garder le terme utilis\u00e9 dans le texte officiel europ\u00e9en) avec l\u2019objectif politique fix\u00e9 dans\u00a0<a href=\"https:\/\/environment.ec.europa.eu\/strategy\/zero-pollution-action-plan_en?prefLang=fr&amp;etrans=fr\" target=\"_blank\" rel=\"noopener\">le plan d\u2019action \u00ab\u00a0Z\u00e9ro Pollution\u00a0\u00bb de l\u2019UE<\/a>, dont l\u2019un des objectifs est de r\u00e9duire de 55% le nombre de d\u00e9c\u00e8s pr\u00e9matur\u00e9s caus\u00e9s par la pollution de l\u2019air\u00a0\u00e0 l\u2019horizon 2030.<\/p>\n<\/div>\n<\/div>\n<\/div>\n<\/div>\n<div>\n<div>\n<div>\n<h2>Le lien entre la pollution et les d\u00e9c\u00e8s de l\u2019AEE suit des recommandations de l\u2019OMS<\/h2>\n<\/div>\n<\/div>\n<\/div>\n<div>\n<div>\n<div>\n<div>\n<p>Dans son\u00a0document, l\u2019AEE\u00a0indique suivre\u00a0<a href=\"https:\/\/iris.who.int\/handle\/10665\/345329\" target=\"_blank\" rel=\"noopener\">les lignes directrices de l\u2019OMS sur la qualit\u00e9 de l\u2019air pour\u00a02021<\/a>\u00a0pour publier ses chiffres. Ces \u00ab\u00a0guidelines\u00a0\u00bb d\u00e9finissent l\u2019impact des taux de polluants dans l\u2019air et leur impact \u00e9tudi\u00e9s sur la sant\u00e9.<\/p>\n<p>Elle pr\u00e9cise aussi\u00a0: \u00ab\u00a0Il est important de noter que les d\u00e9c\u00e8s attribuables pr\u00e9sent\u00e9s [\u2026] ne tiennent pas compte des \u00e9ventuels d\u00e9c\u00e8s suppl\u00e9mentaires caus\u00e9s par l\u2019exposition \u00e0 des concentrations de PM2,5 et de NO2 inf\u00e9rieures aux niveaux indicatifs de l\u2019OMS pour\u00a02021\u00a0\u00bb. Elle explique que \u00ab\u00a0les preuves scientifiques des effets\u00a0(ndlr\u00a0: des polluants dans l\u2019air)\u00a0sont moins certaines pour les expositions inf\u00e9rieures aux niveaux indicatifs de l\u2019OMS que pour les effets sur la sant\u00e9 sup\u00e9rieurs \u00e0 ces niveaux\u00a0\u00bb.<\/p>\n<p>Faute de certaines donn\u00e9es scientifiques suffisantes, certains risques ne sont donc pas pris en compte. D\u00e8s lors, les chiffres des \u00ab\u00a0d\u00e9c\u00e8s attribuables\u00a0\u00bb pourraient \u00eatre sup\u00e9rieurs \u00e0 ceux publi\u00e9s par l\u2019agence.<\/p>\n<\/div>\n<\/div>\n<\/div>\n<\/div>\n<div>\n<div>\n<div>\n<h2>Comment est fait le calcul\u00a0?<\/h2>\n<\/div>\n<\/div>\n<\/div>\n<div>\n<div>\n<div>\n<div>\n<p>Interrog\u00e9\u00a0sur la fa\u00e7on dont le rapport fait le lien entre les diff\u00e9rents types de pollution atmosph\u00e9rique et les d\u00e9c\u00e8s, le service presse de l\u2019AEE estime que c\u2019est \u00ab\u00a0un peu technique\u00a0\u00bb et nous renvoie \u00e0 la\u00a0section \u00ab\u00a0m\u00e9thodologie\u00a0\u00bb du rapport\u00a0qui aborde les \u00ab\u00a0fonctions concentration-r\u00e9ponse\u00a0\u00bb.<\/p>\n<p>Sur\u00a0<a href=\"https:\/\/www.eea.europa.eu\/publications\/harm-to-human-health-from-air-pollution\/\" target=\"_blank\" rel=\"noopener\">cette page<\/a>, l\u2019Agence Europ\u00e9enne de l\u2019Environnement indique\u00a0: \u00ab\u00a0Les fonctions concentration-r\u00e9ponse sont utilis\u00e9es pour attribuer un risque sanitaire \u00e0 l\u2019exposition \u00e0 la pollution atmosph\u00e9rique. Ces fonctions sont bas\u00e9es sur des \u00e9tudes \u00e9pid\u00e9miologiques et estiment l\u2019augmentation du risque par unit\u00e9 de concentration d\u2019un certain polluant atmosph\u00e9rique\u00a0\u00bb.<\/p>\n<p>Nos confr\u00e8res de la\u00a0<a href=\"https:\/\/www.vrt.be\/vrtnws\/nl\/2024\/04\/12\/factcheck-toerekenbare-sterfgevallen-luchtvervuiling\/\" target=\"_blank\" rel=\"noopener\">VRT<\/a>\u00a0ont interrog\u00e9 Brecht Deleeschauwer, \u00e9pid\u00e9miologiste pour Sciensano. Il explique comment ces estimations sont r\u00e9alis\u00e9es\u00a0: \u00ab\u00a0Les chiffres sont calcul\u00e9s au niveau d\u2019une population enti\u00e8re, et non d\u2019un seul individu. On ne peut donc pas dire que le d\u00e9c\u00e8s\u00a0du cancer du poumon d\u2019une personne donn\u00e9e est d\u00fb \u00e0 la pollution atmosph\u00e9rique\u00a0\u00bb.<\/p>\n<p>Toutefois, les scientifiques peuvent \u00e9tablir un lien entre les d\u00e9c\u00e8s et la pollution atmosph\u00e9rique au moyen\u00a0d\u2019associations statistiques. La pollution de l\u2019air par les particules est associ\u00e9e \u00e0 un certain nombre de maladies, comme le cancer du poumon. Cependant, tous les cas de cancer du poumon ne peuvent pas \u00eatre directement attribu\u00e9s \u00e0 cette pollution atmosph\u00e9rique. Le tabagisme, par exemple, en est \u00e9galement une cause majeure.<\/p>\n<p>Si un scientifique sait combien de personnes meurent chaque ann\u00e9e d\u2019un cancer du poumon, il peut \u00e9tablir un lien avec les concentrations de particules mesur\u00e9es cette ann\u00e9e-l\u00e0. Il est donc possible d\u2019effectuer une analyse statistique pour d\u00e9terminer combien de ces d\u00e9c\u00e8s peuvent \u00eatre li\u00e9s \u00e0 ces \u00e9missions.<\/p>\n<\/div>\n<\/div>\n<\/div>\n<\/div>\n<div>\n<div>\n<div>\n<h2>Pas d\u2019addition des chiffres car il existe un risque de double comptage<\/h2>\n<\/div>\n<\/div>\n<\/div>\n<div>\n<div>\n<div>\n<div>\n<p>Le\u00a0<a href=\"https:\/\/www.eea.europa.eu\/publications\/harm-to-human-health-from-air-pollution\/\">rapport de l\u2019AEE<\/a>\u00a0pointe \u00e9galement le fait que les chiffres de d\u00e9c\u00e8s attribuables ne doivent pas \u00eatre additionn\u00e9s parce qu\u2019ils peuvent montrer une certaine corr\u00e9lation, particuli\u00e8rement pour les \u00e9missions de particules fines et de dioxyde d\u2019azote. En d\u2019autres termes, un \u00ab\u00a0d\u00e9c\u00e8s attribuable\u00a0\u00bb\u00a0pourrait \u00eatre comptabilis\u00e9\u00a0deux fois.<\/p>\n<p>Dans son\u00a0<a href=\"https:\/\/www.eea.europa.eu\/en\/newsroom\/news\/health-impacts-from-air-pollution\" target=\"_blank\" rel=\"noopener\">communiqu\u00e9 de presse publi\u00e9 en lien avec le dernier rapport de\u00a02023<\/a>, l\u2019AEE mentionne clairement\u00a0: \u00ab\u00a0Comme les ann\u00e9es pr\u00e9c\u00e9dentes, les effets sur la sant\u00e9 des diff\u00e9rents polluants atmosph\u00e9riques ne doivent pas \u00eatre additionn\u00e9s, afin d\u2019\u00e9viter les doubles comptages dus \u00e0 certains chevauchements de donn\u00e9es. C\u2019est le cas pour la mortalit\u00e9 et les\u00a0maladies.\u00a0\u00bb<\/p>\n<p>Brecht Devleesschauwer confirme \u00e9galement\u00a0qu\u2019il ne faut pas faire l\u2019addition de ces d\u00e9c\u00e8s\u00a0\u00e0 cause du risque de d\u00e9doublement de comptage\u00a0:\u00a0\u00ab\u00a0Ces chiffres conviennent surtout pour comparer diff\u00e9rentes causes de d\u00e9c\u00e8s entre elles ou pour \u00e9tudier les \u00e9volutions au fil des ans\u00a0\u00bb, pr\u00e9cise l\u2019\u00e9pid\u00e9miologiste de Sciensano.<\/p>\n<p>En faisant l\u2019addition des trois chiffres des d\u00e9c\u00e8s attribuables aux particules fines (PM 2,5) de dioxyde d\u2019azote (NO2) et \u00e0 l\u2019ozone (03), M. Maron ne prend pas en compte la remarque m\u00e9thodologique de l\u2019agence qui a r\u00e9dig\u00e9 le rapport sur lequel il se base.<\/p>\n<\/div>\n<\/div>\n<\/div>\n<\/div>\n<div>\n<div>\n<div>\n<h2>Conclusion<\/h2>\n<\/div>\n<\/div>\n<\/div>\n<div>\n<div>\n<div>\n<div>\n<p>Si les chiffres annonc\u00e9s par le ministre Maron manquent de contexte, il est pour autant actuellement impossible\u00a0\u00e0 ce stade de faire un d\u00e9compte pr\u00e9cis des d\u00e9c\u00e8s attribuables \u00e0 la pollution atmosph\u00e9rique en Belgique.<\/p>\n<p>Selon les diff\u00e9rents \u00e9l\u00e9ments pr\u00e9cis\u00e9s dans les chiffres et notes m\u00e9thodologiques de l\u2019AEE, le chiffre avanc\u00e9\u00a0par le ministre bruxellois manque de pr\u00e9cision par rapport au fait qu\u2019un \u00ab\u00a0d\u00e9c\u00e8s attribuables\u00a0\u00bb \u00e0 l\u2019un des polluants de l\u2019air pris en compte pourrait \u00eatre compt\u00e9 deux fois. Par contre, selon les chiffres officiels il y a bien des milliers de d\u00e9c\u00e8s en Belgique li\u00e9s \u00e0 la pollution atmosph\u00e9rique et les chiffres se rapprochent des chiffres officiels, son affirmation est donc plut\u00f4t vraie.<\/p>\n<\/div>\n<\/div>\n<\/div>\n<\/div>\n","protected":false},"excerpt":{"rendered":"<p>Alain Maron a affirm\u00e9 \u00e0 plusieurs reprises ces derniers jours, dans le d\u00e9bat sur le maintien du calendrier de la&#8230;<\/p>\n","protected":false},"author":1,"featured_media":329967,"comment_status":"closed","ping_status":"closed","sticky":false,"template":"","format":"standard","meta":{"_acf_changed":false,"footnotes":""},"categories":[],"tags":[],"class_list":["post-329972","post","type-post","status-publish","format-standard","has-post-thumbnail"],"acf":{"show_metatags":true,"id":"https:\/\/www.rtbf.be\/article\/la-pollution-de-l-air-engendre-t-elle-7000-deces-prematures-en-belgique-chaque-annee-11355927","authors":"Gr\u00e9goire Ryckmans","organization":"RTBF","featured_image_copyright":"","text_copyright":"Copyright: (C)RTBF Radio, Television Belge Francophone, plus d'infos: https:\/\/www.rtbf.be\/cgu\/","source":"https:\/\/www.rtbf.be\/article\/la-pollution-de-l-air-engendre-t-elle-7000-deces-prematures-en-belgique-chaque-annee-11355927","fact_checker":"https:\/\/belux.wpengine.com\/wp-content\/uploads\/2022\/01\/rtbf-logo.jpg","type":"\u00c9v\u00e9nement ferm\u00e9","location":"","start_date":"","start_date_event_begins_at":"","start_date_event_ends_at":"","end_date":"","end_date_event_begins_at":"","end_date_event_ends_at":"","organizer":"","fact_checker_logo_image":false},"yoast_head":"<!-- This site is optimized with the Yoast SEO plugin v27.0 - https:\/\/yoast.com\/product\/yoast-seo-wordpress\/ -->\n<title>La pollution de l\u2019air engendre-t-elle 7000 d\u00e9c\u00e8s pr\u00e9matur\u00e9s en Belgique chaque ann\u00e9e\u00a0? - EDMO Belux<\/title>\n<meta name=\"robots\" content=\"index, follow, max-snippet:-1, max-image-preview:large, max-video-preview:-1\" \/>\n<link rel=\"canonical\" href=\"https:\/\/belux.edmo.eu\/fr\/la-pollution-de-lair-engendre-t-elle-7000-dcs-prmaturs-en-belgique-chaque-anne\/\" \/>\n<meta property=\"og:locale\" content=\"fr_FR\" \/>\n<meta property=\"og:type\" content=\"article\" \/>\n<meta property=\"og:title\" content=\"La pollution de l\u2019air engendre-t-elle 7000 d\u00e9c\u00e8s pr\u00e9matur\u00e9s en Belgique chaque ann\u00e9e\u00a0? - EDMO Belux\" \/>\n<meta property=\"og:description\" content=\"Alain Maron a affirm\u00e9 \u00e0 plusieurs reprises ces derniers jours, dans le d\u00e9bat sur le maintien du calendrier de la...\" \/>\n<meta property=\"og:url\" content=\"https:\/\/belux.edmo.eu\/fr\/la-pollution-de-lair-engendre-t-elle-7000-dcs-prmaturs-en-belgique-chaque-anne\/\" \/>\n<meta property=\"og:site_name\" content=\"EDMO Belux\" \/>\n<meta property=\"article:published_time\" content=\"2024-04-24T09:26:02+00:00\" \/>\n<meta property=\"article:modified_time\" content=\"2024-12-09T15:27:31+00:00\" \/>\n<meta property=\"og:image\" content=\"https:\/\/belux-edmo.s3-accelerate.amazonaws.com\/wp-content\/uploads\/2024\/04\/5d616dd38211ebb5d6ec52986674b6e4-1712580656.jpg\" \/>\n\t<meta property=\"og:image:width\" content=\"770\" \/>\n\t<meta property=\"og:image:height\" content=\"433\" \/>\n\t<meta property=\"og:image:type\" content=\"image\/jpeg\" \/>\n<meta name=\"author\" content=\"master\" \/>\n<meta name=\"twitter:card\" content=\"summary_large_image\" \/>\n<meta name=\"twitter:creator\" content=\"@Edmo_Belux\" \/>\n<meta name=\"twitter:site\" content=\"@Edmo_Belux\" \/>\n<meta name=\"twitter:label1\" content=\"\u00c9crit par\" \/>\n\t<meta name=\"twitter:data1\" content=\"master\" \/>\n\t<meta name=\"twitter:label2\" content=\"Dur\u00e9e de lecture estim\u00e9e\" \/>\n\t<meta name=\"twitter:data2\" content=\"8 minutes\" \/>\n<script type=\"application\/ld+json\" class=\"yoast-schema-graph\">{\"@context\":\"https:\/\/schema.org\",\"@graph\":[{\"@type\":\"Article\",\"@id\":\"https:\/\/belux.edmo.eu\/fr\/la-pollution-de-lair-engendre-t-elle-7000-dcs-prmaturs-en-belgique-chaque-anne\/#article\",\"isPartOf\":{\"@id\":\"https:\/\/belux.edmo.eu\/fr\/la-pollution-de-lair-engendre-t-elle-7000-dcs-prmaturs-en-belgique-chaque-anne\/\"},\"author\":{\"name\":\"master\",\"@id\":\"https:\/\/belux.edmo.eu\/#\/schema\/person\/dbe3b252258537fd318f9b5645a30342\"},\"headline\":\"La pollution de l\u2019air engendre-t-elle 7000 d\u00e9c\u00e8s pr\u00e9matur\u00e9s en Belgique chaque ann\u00e9e\u00a0?\",\"datePublished\":\"2024-04-24T09:26:02+00:00\",\"dateModified\":\"2024-12-09T15:27:31+00:00\",\"mainEntityOfPage\":{\"@id\":\"https:\/\/belux.edmo.eu\/fr\/la-pollution-de-lair-engendre-t-elle-7000-dcs-prmaturs-en-belgique-chaque-anne\/\"},\"wordCount\":1894,\"publisher\":{\"@id\":\"https:\/\/belux.edmo.eu\/#organization\"},\"image\":{\"@id\":\"https:\/\/belux.edmo.eu\/fr\/la-pollution-de-lair-engendre-t-elle-7000-dcs-prmaturs-en-belgique-chaque-anne\/#primaryimage\"},\"thumbnailUrl\":\"https:\/\/belux-edmo.s3-accelerate.amazonaws.com\/wp-content\/uploads\/2024\/04\/5d616dd38211ebb5d6ec52986674b6e4-1712580656.jpg\",\"inLanguage\":\"fr-FR\"},{\"@type\":\"WebPage\",\"@id\":\"https:\/\/belux.edmo.eu\/fr\/la-pollution-de-lair-engendre-t-elle-7000-dcs-prmaturs-en-belgique-chaque-anne\/\",\"url\":\"https:\/\/belux.edmo.eu\/fr\/la-pollution-de-lair-engendre-t-elle-7000-dcs-prmaturs-en-belgique-chaque-anne\/\",\"name\":\"La pollution de l\u2019air engendre-t-elle 7000 d\u00e9c\u00e8s pr\u00e9matur\u00e9s en Belgique chaque ann\u00e9e\u00a0? - EDMO Belux\",\"isPartOf\":{\"@id\":\"https:\/\/belux.edmo.eu\/#website\"},\"primaryImageOfPage\":{\"@id\":\"https:\/\/belux.edmo.eu\/fr\/la-pollution-de-lair-engendre-t-elle-7000-dcs-prmaturs-en-belgique-chaque-anne\/#primaryimage\"},\"image\":{\"@id\":\"https:\/\/belux.edmo.eu\/fr\/la-pollution-de-lair-engendre-t-elle-7000-dcs-prmaturs-en-belgique-chaque-anne\/#primaryimage\"},\"thumbnailUrl\":\"https:\/\/belux-edmo.s3-accelerate.amazonaws.com\/wp-content\/uploads\/2024\/04\/5d616dd38211ebb5d6ec52986674b6e4-1712580656.jpg\",\"datePublished\":\"2024-04-24T09:26:02+00:00\",\"dateModified\":\"2024-12-09T15:27:31+00:00\",\"breadcrumb\":{\"@id\":\"https:\/\/belux.edmo.eu\/fr\/la-pollution-de-lair-engendre-t-elle-7000-dcs-prmaturs-en-belgique-chaque-anne\/#breadcrumb\"},\"inLanguage\":\"fr-FR\",\"potentialAction\":[{\"@type\":\"ReadAction\",\"target\":[\"https:\/\/belux.edmo.eu\/fr\/la-pollution-de-lair-engendre-t-elle-7000-dcs-prmaturs-en-belgique-chaque-anne\/\"]}]},{\"@type\":\"ImageObject\",\"inLanguage\":\"fr-FR\",\"@id\":\"https:\/\/belux.edmo.eu\/fr\/la-pollution-de-lair-engendre-t-elle-7000-dcs-prmaturs-en-belgique-chaque-anne\/#primaryimage\",\"url\":\"https:\/\/belux-edmo.s3-accelerate.amazonaws.com\/wp-content\/uploads\/2024\/04\/5d616dd38211ebb5d6ec52986674b6e4-1712580656.jpg\",\"contentUrl\":\"https:\/\/belux-edmo.s3-accelerate.amazonaws.com\/wp-content\/uploads\/2024\/04\/5d616dd38211ebb5d6ec52986674b6e4-1712580656.jpg\",\"width\":770,\"height\":433,\"caption\":\"La pollution de l\u2019air engendre-t-elle 7000 d\u00e9c\u00e8s pr\u00e9matur\u00e9s en Belgique chaque ann\u00e9e\u00a0? - Featured image\"},{\"@type\":\"BreadcrumbList\",\"@id\":\"https:\/\/belux.edmo.eu\/fr\/la-pollution-de-lair-engendre-t-elle-7000-dcs-prmaturs-en-belgique-chaque-anne\/#breadcrumb\",\"itemListElement\":[{\"@type\":\"ListItem\",\"position\":1,\"name\":\"Home\",\"item\":\"https:\/\/belux.edmo.eu\/fr\/\"},{\"@type\":\"ListItem\",\"position\":2,\"name\":\"La pollution de l\u2019air engendre-t-elle 7000 d\u00e9c\u00e8s pr\u00e9matur\u00e9s en Belgique chaque ann\u00e9e\u00a0?\"}]},{\"@type\":\"WebSite\",\"@id\":\"https:\/\/belux.edmo.eu\/#website\",\"url\":\"https:\/\/belux.edmo.eu\/\",\"name\":\"EDMO Belux\",\"description\":\"Monitoring Disinformation in Belgium and Luxembourg\",\"publisher\":{\"@id\":\"https:\/\/belux.edmo.eu\/#organization\"},\"potentialAction\":[{\"@type\":\"SearchAction\",\"target\":{\"@type\":\"EntryPoint\",\"urlTemplate\":\"https:\/\/belux.edmo.eu\/?s={search_term_string}\"},\"query-input\":{\"@type\":\"PropertyValueSpecification\",\"valueRequired\":true,\"valueName\":\"search_term_string\"}}],\"inLanguage\":\"fr-FR\"},{\"@type\":\"Organization\",\"@id\":\"https:\/\/belux.edmo.eu\/#organization\",\"name\":\"EDMO Belux\",\"url\":\"https:\/\/belux.edmo.eu\/\",\"logo\":{\"@type\":\"ImageObject\",\"inLanguage\":\"fr-FR\",\"@id\":\"https:\/\/belux.edmo.eu\/#\/schema\/logo\/image\/\",\"url\":\"https:\/\/belux.edmo.eu\/wp-content\/uploads\/2021\/12\/belux-logo-full-color-rgb.svg\",\"contentUrl\":\"https:\/\/belux.edmo.eu\/wp-content\/uploads\/2021\/12\/belux-logo-full-color-rgb.svg\",\"width\":1,\"height\":1,\"caption\":\"EDMO Belux\"},\"image\":{\"@id\":\"https:\/\/belux.edmo.eu\/#\/schema\/logo\/image\/\"},\"sameAs\":[\"https:\/\/x.com\/Edmo_Belux\"]},{\"@type\":\"Person\",\"@id\":\"https:\/\/belux.edmo.eu\/#\/schema\/person\/dbe3b252258537fd318f9b5645a30342\",\"name\":\"master\",\"sameAs\":[\"https:\/\/belux.wpengine.com\"],\"url\":\"https:\/\/belux.edmo.eu\/fr\/author\/master\/\"}]}<\/script>\n<!-- \/ Yoast SEO plugin. -->","yoast_head_json":{"title":"La pollution de l\u2019air engendre-t-elle 7000 d\u00e9c\u00e8s pr\u00e9matur\u00e9s en Belgique chaque ann\u00e9e\u00a0? - EDMO Belux","robots":{"index":"index","follow":"follow","max-snippet":"max-snippet:-1","max-image-preview":"max-image-preview:large","max-video-preview":"max-video-preview:-1"},"canonical":"https:\/\/belux.edmo.eu\/fr\/la-pollution-de-lair-engendre-t-elle-7000-dcs-prmaturs-en-belgique-chaque-anne\/","og_locale":"fr_FR","og_type":"article","og_title":"La pollution de l\u2019air engendre-t-elle 7000 d\u00e9c\u00e8s pr\u00e9matur\u00e9s en Belgique chaque ann\u00e9e\u00a0? - EDMO Belux","og_description":"Alain Maron a affirm\u00e9 \u00e0 plusieurs reprises ces derniers jours, dans le d\u00e9bat sur le maintien du calendrier de la...","og_url":"https:\/\/belux.edmo.eu\/fr\/la-pollution-de-lair-engendre-t-elle-7000-dcs-prmaturs-en-belgique-chaque-anne\/","og_site_name":"EDMO Belux","article_published_time":"2024-04-24T09:26:02+00:00","article_modified_time":"2024-12-09T15:27:31+00:00","og_image":[{"width":770,"height":433,"url":"https:\/\/belux-edmo.s3-accelerate.amazonaws.com\/wp-content\/uploads\/2024\/04\/5d616dd38211ebb5d6ec52986674b6e4-1712580656.jpg","type":"image\/jpeg"}],"author":"master","twitter_card":"summary_large_image","twitter_creator":"@Edmo_Belux","twitter_site":"@Edmo_Belux","twitter_misc":{"\u00c9crit par":"master","Dur\u00e9e de lecture estim\u00e9e":"8 minutes"},"schema":{"@context":"https:\/\/schema.org","@graph":[{"@type":"Article","@id":"https:\/\/belux.edmo.eu\/fr\/la-pollution-de-lair-engendre-t-elle-7000-dcs-prmaturs-en-belgique-chaque-anne\/#article","isPartOf":{"@id":"https:\/\/belux.edmo.eu\/fr\/la-pollution-de-lair-engendre-t-elle-7000-dcs-prmaturs-en-belgique-chaque-anne\/"},"author":{"name":"master","@id":"https:\/\/belux.edmo.eu\/#\/schema\/person\/dbe3b252258537fd318f9b5645a30342"},"headline":"La pollution de l\u2019air engendre-t-elle 7000 d\u00e9c\u00e8s pr\u00e9matur\u00e9s en Belgique chaque ann\u00e9e\u00a0?","datePublished":"2024-04-24T09:26:02+00:00","dateModified":"2024-12-09T15:27:31+00:00","mainEntityOfPage":{"@id":"https:\/\/belux.edmo.eu\/fr\/la-pollution-de-lair-engendre-t-elle-7000-dcs-prmaturs-en-belgique-chaque-anne\/"},"wordCount":1894,"publisher":{"@id":"https:\/\/belux.edmo.eu\/#organization"},"image":{"@id":"https:\/\/belux.edmo.eu\/fr\/la-pollution-de-lair-engendre-t-elle-7000-dcs-prmaturs-en-belgique-chaque-anne\/#primaryimage"},"thumbnailUrl":"https:\/\/belux-edmo.s3-accelerate.amazonaws.com\/wp-content\/uploads\/2024\/04\/5d616dd38211ebb5d6ec52986674b6e4-1712580656.jpg","inLanguage":"fr-FR"},{"@type":"WebPage","@id":"https:\/\/belux.edmo.eu\/fr\/la-pollution-de-lair-engendre-t-elle-7000-dcs-prmaturs-en-belgique-chaque-anne\/","url":"https:\/\/belux.edmo.eu\/fr\/la-pollution-de-lair-engendre-t-elle-7000-dcs-prmaturs-en-belgique-chaque-anne\/","name":"La pollution de l\u2019air engendre-t-elle 7000 d\u00e9c\u00e8s pr\u00e9matur\u00e9s en Belgique chaque ann\u00e9e\u00a0? - EDMO Belux","isPartOf":{"@id":"https:\/\/belux.edmo.eu\/#website"},"primaryImageOfPage":{"@id":"https:\/\/belux.edmo.eu\/fr\/la-pollution-de-lair-engendre-t-elle-7000-dcs-prmaturs-en-belgique-chaque-anne\/#primaryimage"},"image":{"@id":"https:\/\/belux.edmo.eu\/fr\/la-pollution-de-lair-engendre-t-elle-7000-dcs-prmaturs-en-belgique-chaque-anne\/#primaryimage"},"thumbnailUrl":"https:\/\/belux-edmo.s3-accelerate.amazonaws.com\/wp-content\/uploads\/2024\/04\/5d616dd38211ebb5d6ec52986674b6e4-1712580656.jpg","datePublished":"2024-04-24T09:26:02+00:00","dateModified":"2024-12-09T15:27:31+00:00","breadcrumb":{"@id":"https:\/\/belux.edmo.eu\/fr\/la-pollution-de-lair-engendre-t-elle-7000-dcs-prmaturs-en-belgique-chaque-anne\/#breadcrumb"},"inLanguage":"fr-FR","potentialAction":[{"@type":"ReadAction","target":["https:\/\/belux.edmo.eu\/fr\/la-pollution-de-lair-engendre-t-elle-7000-dcs-prmaturs-en-belgique-chaque-anne\/"]}]},{"@type":"ImageObject","inLanguage":"fr-FR","@id":"https:\/\/belux.edmo.eu\/fr\/la-pollution-de-lair-engendre-t-elle-7000-dcs-prmaturs-en-belgique-chaque-anne\/#primaryimage","url":"https:\/\/belux-edmo.s3-accelerate.amazonaws.com\/wp-content\/uploads\/2024\/04\/5d616dd38211ebb5d6ec52986674b6e4-1712580656.jpg","contentUrl":"https:\/\/belux-edmo.s3-accelerate.amazonaws.com\/wp-content\/uploads\/2024\/04\/5d616dd38211ebb5d6ec52986674b6e4-1712580656.jpg","width":770,"height":433,"caption":"La pollution de l\u2019air engendre-t-elle 7000 d\u00e9c\u00e8s pr\u00e9matur\u00e9s en Belgique chaque ann\u00e9e\u00a0? - Featured image"},{"@type":"BreadcrumbList","@id":"https:\/\/belux.edmo.eu\/fr\/la-pollution-de-lair-engendre-t-elle-7000-dcs-prmaturs-en-belgique-chaque-anne\/#breadcrumb","itemListElement":[{"@type":"ListItem","position":1,"name":"Home","item":"https:\/\/belux.edmo.eu\/fr\/"},{"@type":"ListItem","position":2,"name":"La pollution de l\u2019air engendre-t-elle 7000 d\u00e9c\u00e8s pr\u00e9matur\u00e9s en Belgique chaque ann\u00e9e\u00a0?"}]},{"@type":"WebSite","@id":"https:\/\/belux.edmo.eu\/#website","url":"https:\/\/belux.edmo.eu\/","name":"EDMO Belux","description":"Monitoring Disinformation in Belgium and Luxembourg","publisher":{"@id":"https:\/\/belux.edmo.eu\/#organization"},"potentialAction":[{"@type":"SearchAction","target":{"@type":"EntryPoint","urlTemplate":"https:\/\/belux.edmo.eu\/?s={search_term_string}"},"query-input":{"@type":"PropertyValueSpecification","valueRequired":true,"valueName":"search_term_string"}}],"inLanguage":"fr-FR"},{"@type":"Organization","@id":"https:\/\/belux.edmo.eu\/#organization","name":"EDMO Belux","url":"https:\/\/belux.edmo.eu\/","logo":{"@type":"ImageObject","inLanguage":"fr-FR","@id":"https:\/\/belux.edmo.eu\/#\/schema\/logo\/image\/","url":"https:\/\/belux.edmo.eu\/wp-content\/uploads\/2021\/12\/belux-logo-full-color-rgb.svg","contentUrl":"https:\/\/belux.edmo.eu\/wp-content\/uploads\/2021\/12\/belux-logo-full-color-rgb.svg","width":1,"height":1,"caption":"EDMO Belux"},"image":{"@id":"https:\/\/belux.edmo.eu\/#\/schema\/logo\/image\/"},"sameAs":["https:\/\/x.com\/Edmo_Belux"]},{"@type":"Person","@id":"https:\/\/belux.edmo.eu\/#\/schema\/person\/dbe3b252258537fd318f9b5645a30342","name":"master","sameAs":["https:\/\/belux.wpengine.com"],"url":"https:\/\/belux.edmo.eu\/fr\/author\/master\/"}]}},"menu_order":0,"_links":{"self":[{"href":"https:\/\/belux.edmo.eu\/fr\/wp-json\/wp\/v2\/posts\/329972","targetHints":{"allow":["GET"]}}],"collection":[{"href":"https:\/\/belux.edmo.eu\/fr\/wp-json\/wp\/v2\/posts"}],"about":[{"href":"https:\/\/belux.edmo.eu\/fr\/wp-json\/wp\/v2\/types\/post"}],"author":[{"embeddable":true,"href":"https:\/\/belux.edmo.eu\/fr\/wp-json\/wp\/v2\/users\/1"}],"replies":[{"embeddable":true,"href":"https:\/\/belux.edmo.eu\/fr\/wp-json\/wp\/v2\/comments?post=329972"}],"version-history":[{"count":0,"href":"https:\/\/belux.edmo.eu\/fr\/wp-json\/wp\/v2\/posts\/329972\/revisions"}],"wp:featuredmedia":[{"embeddable":true,"href":"https:\/\/belux.edmo.eu\/fr\/wp-json\/wp\/v2\/media\/329967"}],"wp:attachment":[{"href":"https:\/\/belux.edmo.eu\/fr\/wp-json\/wp\/v2\/media?parent=329972"}],"wp:term":[{"taxonomy":"category","embeddable":true,"href":"https:\/\/belux.edmo.eu\/fr\/wp-json\/wp\/v2\/categories?post=329972"},{"taxonomy":"post_tag","embeddable":true,"href":"https:\/\/belux.edmo.eu\/fr\/wp-json\/wp\/v2\/tags?post=329972"}],"curies":[{"name":"wp","href":"https:\/\/api.w.org\/{rel}","templated":true}]}}