{"id":335485,"date":"2024-05-17T11:38:38","date_gmt":"2024-05-17T11:38:38","guid":{"rendered":"https:\/\/belux.edmo.eu\/?p=335485"},"modified":"2024-05-17T11:38:38","modified_gmt":"2024-05-17T11:38:38","slug":"on-vous-laisse-rever-ces-photos-des-aurores-boreales-au-mont-saint-michel-sont-fausses","status":"publish","type":"post","link":"https:\/\/belux.edmo.eu\/fr\/on-vous-laisse-rever-ces-photos-des-aurores-boreales-au-mont-saint-michel-sont-fausses\/","title":{"rendered":"\u00ab\u00a0On vous laisse r\u00eaver\u00a0\u00bb: ces photos des aurores bor\u00e9ales au Mont-Saint-Michel sont fausses"},"content":{"rendered":"<p><strong>Des photos des aurores bor\u00e9ales au Mont-Saint-Michel largement diffus\u00e9es sur les r\u00e9seaux sociaux ont \u00e9t\u00e9 cr\u00e9\u00e9es par une intelligence artificielle (IA). Une conclusion \u00e9tay\u00e9e par des outils de d\u00e9tection d&rsquo;images ainsi que l&rsquo;absence d&rsquo;authenticit\u00e9 de leur source.<\/strong><\/p>\n<p>Rose, bleu, vert, ou mauve\u2026 Ce vendredi soir, le ciel europ\u00e9en a rev\u00eatu son manteau multicolore. C\u2019est le r\u00e9sultat d\u2019un ph\u00e9nom\u00e8ne rare\u00a0\u00e0 nos latitudes\u00a0: celui des\u00a0aurores bor\u00e9ales.\u00a0<a href=\"https:\/\/www.rtbf.be\/article\/des-aurores-boreales-en-belgique-vos-plus-belles-photos-11372100\">Ces derni\u00e8res\u00a0se produisent\u00a0lorsque le soleil laisse s\u2019\u00e9chapper une s\u00e9rie d\u2019\u00e9jections\u00a0de masse coronale (<\/a><a href=\"https:\/\/www.rtbf.be\/article\/des-aurores-boreales-en-belgique-vos-plus-belles-photos-11372100\"><em>qui sont des explosions de particules \u00e9nerg\u00e9tiques et de champs mag<\/em><em>n\u00e9tiques)\u00a0<\/em><\/a><a href=\"https:\/\/www.rtbf.be\/article\/des-aurores-boreales-en-belgique-vos-plus-belles-photos-11372100\">vers la Terre<\/a>.\u00a0Ces particules, en arrivant dans l\u2019atmosph\u00e8re, font r\u00e9agir un tas de gaz qui se manifestent par ces couleurs chatoyantes.<\/p>\n<p><a href=\"https:\/\/www.rtbf.be\/article\/des-aurores-boreales-en-belgique-vos-plus-belles-photos-11372100\">Une myriade de magnifiques clich\u00e9s<\/a>\u00a0a inond\u00e9\u00a0les r\u00e9seaux sociaux, notamment sur\u00a0<a href=\"https:\/\/www.facebook.com\/groups\/meteortbf\">le groupe RTBF, ciel partag\u00e9<\/a>, et dans des\u00a0articles\u00a0de presse.<\/p>\n<p>Mais certaines photos sont trompeuses. C\u2019est le cas de celles-ci pr\u00e9sentant des aurores bor\u00e9ales dans le ciel normand du Mont-Saint-Michel, en France ce vendredi 10\u00a0mai 2024. Elles ont \u00e9t\u00e9\u00a0partag\u00e9es des milliers de fois comme dans\u00a0<a href=\"https:\/\/twitter.com\/HistoiredeFran7\/status\/1789742523251929268\">cette publication<\/a>,\u00a0<a href=\"https:\/\/www.facebook.com\/photo\/?fbid=458846523383119&amp;set=a.267977412470032&amp;paipv=0&amp;eav=AfZPeBvUpo20Kjs4OEwBWeg1rDQaH0E1DO2MCZ1oek1Go_cQHBg1NCgXH8x_zVIoX-U&amp;_rdr\">celle-ci<\/a>\u00a0ou\u00a0<a href=\"https:\/\/www.facebook.com\/photo\/?fbid=750188280628213&amp;set=a.400665982247113&amp;paipv=0&amp;eav=Afa9n38DG-lvkwxxWsb6oyDIci6Ey2Mjdpq38S1UeoIKO2ePxcbguRw1KdN-cmHNfbE&amp;_rdr\">encore celle-ci<\/a>.<\/p>\n<p><img class=\"alignnone size-medium wp-image-335502\" src=\"https:\/\/belux-edmo.s3-accelerate.amazonaws.com\/wp-content\/uploads\/2024\/05\/U1SJhTqs-ad9c827078b80dca6bb5c79b4ae2beb7-1715591976-720x402.jpg\" alt=\"\" width=\"720\" height=\"720\" srcset=\"https:\/\/belux-edmo.s3-accelerate.amazonaws.com\/wp-content\/uploads\/2024\/05\/U1SJhTqs-ad9c827078b80dca6bb5c79b4ae2beb7-1715591976-256x256.jpg 256w, https:\/\/belux-edmo.s3-accelerate.amazonaws.com\/wp-content\/uploads\/2024\/05\/U1SJhTqs-ad9c827078b80dca6bb5c79b4ae2beb7-1715591976-45x45.jpg 45w\" sizes=\"(max-width: 720px) 100vw, 720px\" \/><\/p>\n<div class=\"box-border flex w-full flex-wrap justify-center bg-background-light dark:bg-background-dark py-6 sm:py-8 md:py-12 max-w-row\">\n<div class=\"container box-border max-w-[720px] py-10 px-6 sm:p-8 md:p-12\">\n<div class=\"js-block-text max-w-none text-content-900 prose leading-loose font-normal prose-headings:font-bold prose-a:font-semibold prose-strong:font-bold prose-li:text-18 prose-li:leading-32 dark:text-content-100 dark:prose-headings:text-content-100 dark:prose-a:bg-navy-blue-700 dark:prose-a:text-navy-blue-100 dark:prose-a:visited:bg-navy-blue-700 dark:prose-a:visited:text-teal-200 dark:prose-a:hover:bg-navy-blue-500 dark:prose-a:hover:text-navy-blue-100 dark:prose-a:focus:outline-focus dark:prose-blockquote:text-sand-100 dark:prose-code:text-sand-100 dark:prose-pre:bg-[#1f2227] dark:prose-pre:text-[#639bee] dark:prose-thead:bg-purple-500 dark:prose-thead:text-primary dark:prose-tr:border-b-purple-500 dark:prose-hr:border-navy-blue-800 md:prose-md lg:prose-lg lg:prose-h1:text-36 lg:prose-h1:leading-[2.75rem] lg:prose-h2:text-28 lg:prose-h2:leading-[2.125rem] lg:prose-h3:text-24 lg:prose-h3:leading-[1.8125rem] lg:prose-p:text-16 lg:prose-p:leading-32 lg:prose-blockquote:py-60 lg:prose-blockquote:pr-80 lg:prose-blockquote:pl-[6rem] lg:prose-li:text-16 lg:prose-li:leading-32\">\n<h2 class=\"text-purple-900 dark:text-white\">\u00ab\u00a0On vous laisse r\u00eaver en voyant ces photos\u00a0\u00bb<\/h2>\n<\/div>\n<\/div>\n<\/div>\n<div class=\"box-border flex w-full flex-wrap justify-center bg-background-light dark:bg-background-dark py-6 sm:py-8 md:py-12 max-w-row\">\n<div class=\"container box-border max-w-[720px] py-10 px-6 sm:p-8 md:p-12\">\n<div class=\"js-block-text max-w-none text-content-900 prose leading-loose font-normal prose-headings:font-bold prose-a:font-semibold prose-strong:font-bold prose-li:text-18 prose-li:leading-32 dark:text-content-100 dark:prose-headings:text-content-100 dark:prose-a:bg-navy-blue-700 dark:prose-a:text-navy-blue-100 dark:prose-a:visited:bg-navy-blue-700 dark:prose-a:visited:text-teal-200 dark:prose-a:hover:bg-navy-blue-500 dark:prose-a:hover:text-navy-blue-100 dark:prose-a:focus:outline-focus dark:prose-blockquote:text-sand-100 dark:prose-code:text-sand-100 dark:prose-pre:bg-[#1f2227] dark:prose-pre:text-[#639bee] dark:prose-thead:bg-purple-500 dark:prose-thead:text-primary dark:prose-tr:border-b-purple-500 dark:prose-hr:border-navy-blue-800 md:prose-md lg:prose-lg lg:prose-h1:text-36 lg:prose-h1:leading-[2.75rem] lg:prose-h2:text-28 lg:prose-h2:leading-[2.125rem] lg:prose-h3:text-24 lg:prose-h3:leading-[1.8125rem] lg:prose-p:text-16 lg:prose-p:leading-32 lg:prose-blockquote:py-60 lg:prose-blockquote:pr-80 lg:prose-blockquote:pl-[6rem] lg:prose-li:text-16 lg:prose-li:leading-32\">\n<p>La Soci\u00e9t\u00e9 Astronomique de Li\u00e8ge,\u00a0<a href=\"http:\/\/societeastronomique.uliege.be\/accueil\/qui-sommes-nous\/presentation\/\">qui r\u00e9unit<\/a>\u00a0des passionn\u00e9es du \u201c<em>ciel \u00e9toil\u00e9, autant pour son observation pratique que pour sa connaissance th\u00e9orique<\/em>\u201c, ne s\u2019est pas laiss\u00e9 berner.\u00a0Sur Facebook, elle a not\u00e9 en l\u00e9gende d\u2019une publication ce dimanche\u00a0: \u201c<em>FAUX\u2026.FAUSSES IMAGES\u2026 FAKE NEWS\u00a0! On vous laisse r\u00eaver en voyant ces photos mais toutes les images du\u00a0Mont-Saint-Michel\u00a0de ce 10\u00a0mai 2024 sont des fausses images.<\/em>\u201d<\/p>\n<p>&nbsp;<\/p>\n<\/div>\n<\/div>\n<\/div>\n<p><iframe style=\"border: none; overflow: hidden;\" src=\"https:\/\/www.facebook.com\/plugins\/post.php?href=https%3A%2F%2Fwww.facebook.com%2FSocieteAstronomiqueLiege%2Fposts%2Fpfbid02pETHex39yj3sy4AYuxYuYBx11RPf7kG9TPELSPCaTx4x8q4KCkC1zXhf2eT3radGl&amp;show_text=true&amp;width=500&amp;is_preview=true\" width=\"500\" height=\"624\" frameborder=\"0\" scrolling=\"no\" allowfullscreen=\"allowfullscreen\"><\/iframe><\/p>\n<p>Et pour cause\u00a0:\u00a0ces images sont \u00ab\u00a0<em>tr\u00e8s probablement g\u00e9n\u00e9r\u00e9e par l\u2019IA (Intelligence Artificielle)<\/em>\u00a0\u00bb conclut\u00a0<a href=\"https:\/\/isitai.com\/ai-image-detector\/\">l\u2019outil de d\u00e9tection d\u2019IA \u00ab\u00a0Is It AI\u00a0?\u00a0\u00bb<\/a>\u00a0qui a analys\u00e9 ces images pour d\u00e9terminer si elles ont \u00e9t\u00e9 g\u00e9n\u00e9r\u00e9es par un humain ou par un algorithme d\u2019IA. Selon lui, la probabilit\u00e9 que ce soit une machine qui soit \u00e0 l\u2019origine de ces deux photos est de 83,84% pour celle de gauche et 77,07%\u00a0pour celle de droite.<\/p>\n<p><img class=\"alignnone size-medium wp-image-335507\" src=\"https:\/\/belux-edmo.s3-accelerate.amazonaws.com\/wp-content\/uploads\/2024\/05\/39cd7b469beae7c617c73e0d008195ef-1715593661-720x405.jpg\" alt=\"\" width=\"720\" height=\"720\" srcset=\"https:\/\/belux-edmo.s3-accelerate.amazonaws.com\/wp-content\/uploads\/2024\/05\/39cd7b469beae7c617c73e0d008195ef-1715593661-256x256.jpg 256w, https:\/\/belux-edmo.s3-accelerate.amazonaws.com\/wp-content\/uploads\/2024\/05\/39cd7b469beae7c617c73e0d008195ef-1715593661-45x45.jpg 45w\" sizes=\"(max-width: 720px) 100vw, 720px\" \/><\/p>\n<p>Le premier d\u00e9tail qui a fait tiquer l&rsquo;\u0153il aiguis\u00e9 de\u00a0Pierre Ponsard,\u00a0l&rsquo;un des administrateurs de la Soci\u00e9t\u00e9 Astronomique de Li\u00e8ge\u00a0est la disposition des \u00e9toiles dans le ciel de ces photos.\u00a0\u00ab\u00a0<em>Je ne reconnais aucune des constellations\u00a0dans le champ<\/em>\u00ab\u00a0, souligne-t-il.<\/p>\n<p>Il a aussi\u00a0compar\u00e9\u00a0ces images avec les clich\u00e9s pris par des photographes en chair et en os.<\/p>\n<blockquote><p><em>On n&rsquo;a pas eu cette chance de voir la base des draperies vertes<\/em>.<\/p><\/blockquote>\n<p><strong>Pierre Ponsard,\u00a0administrateur\u00a0de la Soci\u00e9t\u00e9 Astronomique de Li\u00e8ge<\/strong><\/p>\n<p>L\u2019un d\u2019eux,\u00a0<a href=\"https:\/\/twitter.com\/mathieurivrin\">Mathieu Rivrin<\/a>, a pass\u00e9 une \u00ab\u00a0nuit blanche\u00a0\u00bb ce vendredi pour mitrailler\u00a0l\u2019\u00eelot rocheux avec son appareil.\u00a0Ce trentenaire originaire de Brest explique d&rsquo;abord que les photos factices \u00ab\u00a0<em>sont prises en grand angle<\/em>\u00a0\u00bb et donc \u00ab\u00a0<em>les stries des aurores ne peuvent pas \u00eatre aussi importantes<\/em>\u00a0\u00bb avec ce point de vue, observe-t-il. Autre d\u00e9tail qui cloche selon\u00a0ce passionn\u00e9 des grands espaces et des ph\u00e9nom\u00e8nes naturels\u00a0:\u00a0les couleurs. \u00ab\u00a0<em>Le vert\u00a0des aurores sur ces fausses photos n&rsquo;arrive que dans certaines latitudes du\u00a0Grand Nord<\/em>\u00ab\u00a0.<\/p>\n<p>En effet, plut\u00f4t que des \u00ab\u00a0<em>draperies vertes<\/em>\u00a0\u00bb\u00a0que l&rsquo;on voit sur les fausses images,\u00a0<a href=\"https:\/\/twitter.com\/mathieurivrin\/status\/1789159828683632997\">les photos de\u00a0<\/a><a href=\"https:\/\/twitter.com\/mathieurivrin\/status\/1789159828683632997\">Mathieu Rivrin<\/a>\u00a0montrent des \u00ab\u00a0<em>panaches<\/em>\u00a0\u00bb lin\u00e9aires roses, bleus et verts, note de son c\u00f4t\u00e9 Pierre Ponsard.\u00a0Ces panaches, comme il les d\u00e9crit,\u00a0ne sont que \u00ab\u00a0<em>le sommet de ces aurores bor\u00e9ales<\/em>\u00ab\u00a0, tandis que les \u00ab\u00a0<em>draperies<\/em>\u00a0\u00bb apparaissent \u00e0 l&rsquo;endroit m\u00eame o\u00f9 l&rsquo;aurore se forme. En l&rsquo;occurrence\u00a0\u00ab\u00a0<em>\u00e0 200 ou 300 kilom\u00e8tres [du Mont],\u00a0grosso modo au nord des Pays-Bas<\/em>\u00ab\u00a0. \u00ab\u00a0<em>On n&rsquo;a pas eu cette chance de voir la base des draperies vertes<\/em>\u00ab\u00a0, poursuit l&rsquo;administrateur de l&rsquo;asbl li\u00e9geoise.<\/p>\n<blockquote class=\"twitter-tweet\">\n<p dir=\"ltr\" lang=\"fr\">???????????????????????????? ???????????????????????????????? ???????? ???????????????????????? &#8211; Mont Saint-Michel &#8211; Nuit du 10 au 11 Mai 2024 <a href=\"https:\/\/twitter.com\/hashtag\/auroresboreales?src=hash&amp;ref_src=twsrc%5Etfw\">#auroresboreales<\/a> <a href=\"https:\/\/twitter.com\/hashtag\/aurores?src=hash&amp;ref_src=twsrc%5Etfw\">#aurores<\/a> <a href=\"https:\/\/twitter.com\/hashtag\/aurore?src=hash&amp;ref_src=twsrc%5Etfw\">#aurore<\/a> <a href=\"https:\/\/twitter.com\/hashtag\/montsaintmichel?src=hash&amp;ref_src=twsrc%5Etfw\">#montsaintmichel<\/a> <a href=\"https:\/\/t.co\/165s5Sumfz\">pic.twitter.com\/165s5Sumfz<\/a><\/p>\n<p>\u2014 Mathieu Rivrin &#8211; Photographies (@mathieurivrin) <a href=\"https:\/\/twitter.com\/mathieurivrin\/status\/1789159828683632997?ref_src=twsrc%5Etfw\">May 11, 2024<\/a><\/p><\/blockquote>\n<p><script async src=\"https:\/\/platform.twitter.com\/widgets.js\" charset=\"utf-8\"><\/script><\/p>\n<p>Dernier indice, et pas des moindres, les photos de\u00a0<a href=\"https:\/\/twitter.com\/mathieurivrin\">Mathieu Rivrin<\/a>, tout comme celles de \u00ab\u00a0vrais\u00a0\u00bb\u00a0photographes professionnels ou amateurs,\u00a0sont sign\u00e9es pour d\u00e9signer qu\u2019il en est l\u2019auteur. Ce qui n\u2019est pas le cas des images\u00a0g\u00e9n\u00e9r\u00e9es par IA qui ne cr\u00e9dite aucun photographe.\u00a0Pour\u00a0<a href=\"https:\/\/twitter.com\/mathieurivrin\">Mathieu Rivrin<\/a>, ces photos g\u00e9n\u00e9r\u00e9es par IA\u00a0\u00ab\u00a0<em>g\u00e2che un peu son plaisir<\/em>\u00a0\u00bb d&rsquo;avoir pris ce clich\u00e9, notamment car en terme de visibilit\u00e9,\u00a0\u00ab\u00a0<em>ce n&rsquo;est pas \u00e9vident de constater qu&rsquo;elles sont parfois davantage partag\u00e9es que\u00a0[ses] photos<\/em>\u00a0\u00bb authentiques.<\/p>\n<p>La recherche de la source est un bon moyen de savoir si une image a \u00e9t\u00e9 g\u00e9n\u00e9r\u00e9e par l\u2019IA.\u00a0Si vous ne parvenez pas \u00e0 mettre la main dessus ou si cette source n\u2019est pas fiable ni confirm\u00e9e par d\u2019autres,\u00a0<a href=\"https:\/\/www.rtbf.be\/article\/deepfakes-fakes-audio-images-generees-par-intelligence-artificielle-voici-quelques-astuces-pour-demeler-le-vrai-du-faux-11351583\">c\u2019est qu\u2019il y a probablement quelque chose de louche.<\/a><\/p>\n<blockquote class=\"twitter-tweet\">\n<p dir=\"ltr\" lang=\"fr\">On a eu de superbes images des aurores, mais m\u00e9fiez-vous des images g\u00e9n\u00e9r\u00e9es par IA comme celles-ci.<br \/>\nElles ne ressemblent pas du tout \u00e0 ce qui a \u00e9t\u00e9 vu et, aucun photographe n&rsquo;est cr\u00e9dit\u00e9 !<br \/>\nLes plus belles photos du Mt St Michel (en Normandie ;)) viennent de <a href=\"https:\/\/twitter.com\/mathieurivrin?ref_src=twsrc%5Etfw\">@mathieurivrin<\/a> <a href=\"https:\/\/t.co\/cTVCZNRAxo\">pic.twitter.com\/cTVCZNRAxo<\/a><\/p>\n<p>\u2014 Eric Lagadec\u2728???? (@EricLagadec) <a href=\"https:\/\/twitter.com\/EricLagadec\/status\/1789784627151876117?ref_src=twsrc%5Etfw\">May 12, 2024<\/a><\/p><\/blockquote>\n<p><script async src=\"https:\/\/platform.twitter.com\/widgets.js\" charset=\"utf-8\"><\/script><\/p>\n<p>En r\u00e9sum\u00e9, ces photos des aurores bor\u00e9ales, largement partag\u00e9es sur les r\u00e9seaux sociaux ont\u00a0\u00e9t\u00e9 g\u00e9n\u00e9r\u00e9es par l\u2019intelligence artificielle. Des outils de d\u00e9tections ainsi que des indices sur sa source permettent d\u2019arriver \u00e0 cette conclusion. Pour conna\u00eetre toutes les\u00a0astuces pour d\u00e9m\u00ealer le vrai du faux, Faky <a href=\"https:\/\/www.rtbf.be\/article\/deepfakes-fakes-audio-images-generees-par-intelligence-artificielle-voici-quelques-astuces-pour-demeler-le-vrai-du-faux-11351583\" data-cke-saved-href=\"https:\/\/www.rtbf.be\/article\/deepfakes-fakes-audio-images-generees-par-intelligence-artificielle-voici-quelques-astuces-pour-demeler-le-vrai-du-faux-11351583\">vous\u00a0avait\u00a0partag\u00e9 plusieurs\u00a0conseils il y a quelques mois<\/a>.<\/p>\n<p>Si vous voulez voir, avec vos propres yeux,\u00a0de vraies aurores bor\u00e9ales, elles pourraient \u00e0 nouveau faire leur apparition dans nos cieux europ\u00e9ens dans\u00a0la nuit de lundi \u00e0 mardi.<\/p>\n","protected":false},"excerpt":{"rendered":"<p>Des photos des aurores bor\u00e9ales au Mont-Saint-Michel largement diffus\u00e9es sur les r\u00e9seaux sociaux ont \u00e9t\u00e9 cr\u00e9\u00e9es par une intelligence artificielle&#8230;<\/p>\n","protected":false},"author":7,"featured_media":335512,"comment_status":"closed","ping_status":"open","sticky":false,"template":"","format":"standard","meta":{"_acf_changed":false,"footnotes":""},"categories":[125,135,138],"tags":[],"class_list":{"0":"post-335485","1":"post","2":"type-post","3":"status-publish","4":"format-standard","5":"has-post-thumbnail","7":"category-fact-check-fr","8":"category-science-fr","9":"category-societe"},"acf":{"type":"\u00c9v\u00e9nement ferm\u00e9","location":"","start_date":"","start_date_event_begins_at":"","start_date_event_ends_at":"","end_date":"","end_date_event_begins_at":"","end_date_event_ends_at":"","organizer":"","show_metatags":false,"id":"https:\/\/www.rtbf.be\/article\/on-vous-laisse-rever-ces-photos-des-aurores-boreales-au-mont-saint-michel-sont-fausses-11372836","authors":"Romane Bonnem\u00e9","organization":"RTBF","featured_image_copyright":"RTBF","text_copyright":"Copyright: (C)RTBF Radio, Television Belge Francophone, plus d'infos: https:\/\/www.rtbf.be\/cgu\/","source":"https:\/\/www.rtbf.be\/article\/on-vous-laisse-rever-ces-photos-des-aurores-boreales-au-mont-saint-michel-sont-fausses-11372836","fact_checker":"https:\/\/belux.wpengine.com\/wp-content\/uploads\/2022\/01\/rtbf-logo.jpg","fact_checker_logo_image":false},"yoast_head":"<!-- This site is optimized with the Yoast SEO plugin v27.0 - https:\/\/yoast.com\/product\/yoast-seo-wordpress\/ -->\n<title>&quot;On vous laisse r\u00eaver&quot;: ces photos des aurores bor\u00e9ales au Mont-Saint-Michel sont fausses - EDMO Belux<\/title>\n<meta name=\"robots\" content=\"index, follow, max-snippet:-1, max-image-preview:large, max-video-preview:-1\" \/>\n<link rel=\"canonical\" href=\"https:\/\/belux.edmo.eu\/fr\/on-vous-laisse-rever-ces-photos-des-aurores-boreales-au-mont-saint-michel-sont-fausses\/\" \/>\n<meta property=\"og:locale\" content=\"fr_FR\" \/>\n<meta property=\"og:type\" content=\"article\" \/>\n<meta property=\"og:title\" content=\"&quot;On vous laisse r\u00eaver&quot;: ces photos des aurores bor\u00e9ales au Mont-Saint-Michel sont fausses - EDMO Belux\" \/>\n<meta property=\"og:description\" content=\"Des photos des aurores bor\u00e9ales au Mont-Saint-Michel largement diffus\u00e9es sur les r\u00e9seaux sociaux ont \u00e9t\u00e9 cr\u00e9\u00e9es par une intelligence artificielle...\" \/>\n<meta property=\"og:url\" content=\"https:\/\/belux.edmo.eu\/fr\/on-vous-laisse-rever-ces-photos-des-aurores-boreales-au-mont-saint-michel-sont-fausses\/\" \/>\n<meta property=\"og:site_name\" content=\"EDMO Belux\" \/>\n<meta property=\"article:published_time\" content=\"2024-05-17T11:38:38+00:00\" \/>\n<meta property=\"og:image\" content=\"https:\/\/belux-edmo.s3-accelerate.amazonaws.com\/wp-content\/uploads\/2024\/05\/f87e955fd6b89f8963b6934beb077d6e-1715604857.jpg\" \/>\n\t<meta property=\"og:image:width\" content=\"3000\" \/>\n\t<meta property=\"og:image:height\" content=\"2000\" \/>\n\t<meta property=\"og:image:type\" content=\"image\/jpeg\" \/>\n<meta name=\"author\" content=\"ambroise\" \/>\n<meta name=\"twitter:card\" content=\"summary_large_image\" \/>\n<meta name=\"twitter:creator\" content=\"@Edmo_Belux\" \/>\n<meta name=\"twitter:site\" content=\"@Edmo_Belux\" \/>\n<meta name=\"twitter:label1\" content=\"\u00c9crit par\" \/>\n\t<meta name=\"twitter:data1\" content=\"ambroise\" \/>\n\t<meta name=\"twitter:label2\" content=\"Dur\u00e9e de lecture estim\u00e9e\" \/>\n\t<meta name=\"twitter:data2\" content=\"5 minutes\" \/>\n<script type=\"application\/ld+json\" class=\"yoast-schema-graph\">{\"@context\":\"https:\/\/schema.org\",\"@graph\":[{\"@type\":\"Article\",\"@id\":\"https:\/\/belux.edmo.eu\/fr\/on-vous-laisse-rever-ces-photos-des-aurores-boreales-au-mont-saint-michel-sont-fausses\/#article\",\"isPartOf\":{\"@id\":\"https:\/\/belux.edmo.eu\/fr\/on-vous-laisse-rever-ces-photos-des-aurores-boreales-au-mont-saint-michel-sont-fausses\/\"},\"author\":{\"name\":\"ambroise\",\"@id\":\"https:\/\/belux.edmo.eu\/#\/schema\/person\/8e3437bb0c5097b301f550b16bfaa4c1\"},\"headline\":\"\u00ab\u00a0On vous laisse r\u00eaver\u00a0\u00bb: ces photos des aurores bor\u00e9ales au Mont-Saint-Michel sont fausses\",\"datePublished\":\"2024-05-17T11:38:38+00:00\",\"mainEntityOfPage\":{\"@id\":\"https:\/\/belux.edmo.eu\/fr\/on-vous-laisse-rever-ces-photos-des-aurores-boreales-au-mont-saint-michel-sont-fausses\/\"},\"wordCount\":1015,\"publisher\":{\"@id\":\"https:\/\/belux.edmo.eu\/#organization\"},\"image\":{\"@id\":\"https:\/\/belux.edmo.eu\/fr\/on-vous-laisse-rever-ces-photos-des-aurores-boreales-au-mont-saint-michel-sont-fausses\/#primaryimage\"},\"thumbnailUrl\":\"https:\/\/belux-edmo.s3-accelerate.amazonaws.com\/wp-content\/uploads\/2024\/05\/f87e955fd6b89f8963b6934beb077d6e-1715604857.jpg\",\"articleSection\":[\"Fact-Check\",\"Science\",\"Societe\"],\"inLanguage\":\"fr-FR\"},{\"@type\":\"WebPage\",\"@id\":\"https:\/\/belux.edmo.eu\/fr\/on-vous-laisse-rever-ces-photos-des-aurores-boreales-au-mont-saint-michel-sont-fausses\/\",\"url\":\"https:\/\/belux.edmo.eu\/fr\/on-vous-laisse-rever-ces-photos-des-aurores-boreales-au-mont-saint-michel-sont-fausses\/\",\"name\":\"\\\"On vous laisse r\u00eaver\\\": ces photos des aurores bor\u00e9ales au Mont-Saint-Michel sont fausses - EDMO Belux\",\"isPartOf\":{\"@id\":\"https:\/\/belux.edmo.eu\/#website\"},\"primaryImageOfPage\":{\"@id\":\"https:\/\/belux.edmo.eu\/fr\/on-vous-laisse-rever-ces-photos-des-aurores-boreales-au-mont-saint-michel-sont-fausses\/#primaryimage\"},\"image\":{\"@id\":\"https:\/\/belux.edmo.eu\/fr\/on-vous-laisse-rever-ces-photos-des-aurores-boreales-au-mont-saint-michel-sont-fausses\/#primaryimage\"},\"thumbnailUrl\":\"https:\/\/belux-edmo.s3-accelerate.amazonaws.com\/wp-content\/uploads\/2024\/05\/f87e955fd6b89f8963b6934beb077d6e-1715604857.jpg\",\"datePublished\":\"2024-05-17T11:38:38+00:00\",\"breadcrumb\":{\"@id\":\"https:\/\/belux.edmo.eu\/fr\/on-vous-laisse-rever-ces-photos-des-aurores-boreales-au-mont-saint-michel-sont-fausses\/#breadcrumb\"},\"inLanguage\":\"fr-FR\",\"potentialAction\":[{\"@type\":\"ReadAction\",\"target\":[\"https:\/\/belux.edmo.eu\/fr\/on-vous-laisse-rever-ces-photos-des-aurores-boreales-au-mont-saint-michel-sont-fausses\/\"]}]},{\"@type\":\"ImageObject\",\"inLanguage\":\"fr-FR\",\"@id\":\"https:\/\/belux.edmo.eu\/fr\/on-vous-laisse-rever-ces-photos-des-aurores-boreales-au-mont-saint-michel-sont-fausses\/#primaryimage\",\"url\":\"https:\/\/belux-edmo.s3-accelerate.amazonaws.com\/wp-content\/uploads\/2024\/05\/f87e955fd6b89f8963b6934beb077d6e-1715604857.jpg\",\"contentUrl\":\"https:\/\/belux-edmo.s3-accelerate.amazonaws.com\/wp-content\/uploads\/2024\/05\/f87e955fd6b89f8963b6934beb077d6e-1715604857.jpg\",\"width\":3000,\"height\":2000},{\"@type\":\"BreadcrumbList\",\"@id\":\"https:\/\/belux.edmo.eu\/fr\/on-vous-laisse-rever-ces-photos-des-aurores-boreales-au-mont-saint-michel-sont-fausses\/#breadcrumb\",\"itemListElement\":[{\"@type\":\"ListItem\",\"position\":1,\"name\":\"Home\",\"item\":\"https:\/\/belux.edmo.eu\/fr\/\"},{\"@type\":\"ListItem\",\"position\":2,\"name\":\"&#8220;On vous laisse r\u00eaver&#8221;: ces photos des aurores bor\u00e9ales au Mont-Saint-Michel sont fausses\"}]},{\"@type\":\"WebSite\",\"@id\":\"https:\/\/belux.edmo.eu\/#website\",\"url\":\"https:\/\/belux.edmo.eu\/\",\"name\":\"EDMO Belux\",\"description\":\"Monitoring Disinformation in Belgium and Luxembourg\",\"publisher\":{\"@id\":\"https:\/\/belux.edmo.eu\/#organization\"},\"potentialAction\":[{\"@type\":\"SearchAction\",\"target\":{\"@type\":\"EntryPoint\",\"urlTemplate\":\"https:\/\/belux.edmo.eu\/?s={search_term_string}\"},\"query-input\":{\"@type\":\"PropertyValueSpecification\",\"valueRequired\":true,\"valueName\":\"search_term_string\"}}],\"inLanguage\":\"fr-FR\"},{\"@type\":\"Organization\",\"@id\":\"https:\/\/belux.edmo.eu\/#organization\",\"name\":\"EDMO Belux\",\"url\":\"https:\/\/belux.edmo.eu\/\",\"logo\":{\"@type\":\"ImageObject\",\"inLanguage\":\"fr-FR\",\"@id\":\"https:\/\/belux.edmo.eu\/#\/schema\/logo\/image\/\",\"url\":\"https:\/\/belux.edmo.eu\/wp-content\/uploads\/2021\/12\/belux-logo-full-color-rgb.svg\",\"contentUrl\":\"https:\/\/belux.edmo.eu\/wp-content\/uploads\/2021\/12\/belux-logo-full-color-rgb.svg\",\"width\":1,\"height\":1,\"caption\":\"EDMO Belux\"},\"image\":{\"@id\":\"https:\/\/belux.edmo.eu\/#\/schema\/logo\/image\/\"},\"sameAs\":[\"https:\/\/x.com\/Edmo_Belux\"]},{\"@type\":\"Person\",\"@id\":\"https:\/\/belux.edmo.eu\/#\/schema\/person\/8e3437bb0c5097b301f550b16bfaa4c1\",\"name\":\"ambroise\",\"url\":\"https:\/\/belux.edmo.eu\/fr\/author\/ambroise\/\"}]}<\/script>\n<!-- \/ Yoast SEO plugin. -->","yoast_head_json":{"title":"\"On vous laisse r\u00eaver\": ces photos des aurores bor\u00e9ales au Mont-Saint-Michel sont fausses - EDMO Belux","robots":{"index":"index","follow":"follow","max-snippet":"max-snippet:-1","max-image-preview":"max-image-preview:large","max-video-preview":"max-video-preview:-1"},"canonical":"https:\/\/belux.edmo.eu\/fr\/on-vous-laisse-rever-ces-photos-des-aurores-boreales-au-mont-saint-michel-sont-fausses\/","og_locale":"fr_FR","og_type":"article","og_title":"\"On vous laisse r\u00eaver\": ces photos des aurores bor\u00e9ales au Mont-Saint-Michel sont fausses - EDMO Belux","og_description":"Des photos des aurores bor\u00e9ales au Mont-Saint-Michel largement diffus\u00e9es sur les r\u00e9seaux sociaux ont \u00e9t\u00e9 cr\u00e9\u00e9es par une intelligence artificielle...","og_url":"https:\/\/belux.edmo.eu\/fr\/on-vous-laisse-rever-ces-photos-des-aurores-boreales-au-mont-saint-michel-sont-fausses\/","og_site_name":"EDMO Belux","article_published_time":"2024-05-17T11:38:38+00:00","og_image":[{"width":3000,"height":2000,"url":"https:\/\/belux-edmo.s3-accelerate.amazonaws.com\/wp-content\/uploads\/2024\/05\/f87e955fd6b89f8963b6934beb077d6e-1715604857.jpg","type":"image\/jpeg"}],"author":"ambroise","twitter_card":"summary_large_image","twitter_creator":"@Edmo_Belux","twitter_site":"@Edmo_Belux","twitter_misc":{"\u00c9crit par":"ambroise","Dur\u00e9e de lecture estim\u00e9e":"5 minutes"},"schema":{"@context":"https:\/\/schema.org","@graph":[{"@type":"Article","@id":"https:\/\/belux.edmo.eu\/fr\/on-vous-laisse-rever-ces-photos-des-aurores-boreales-au-mont-saint-michel-sont-fausses\/#article","isPartOf":{"@id":"https:\/\/belux.edmo.eu\/fr\/on-vous-laisse-rever-ces-photos-des-aurores-boreales-au-mont-saint-michel-sont-fausses\/"},"author":{"name":"ambroise","@id":"https:\/\/belux.edmo.eu\/#\/schema\/person\/8e3437bb0c5097b301f550b16bfaa4c1"},"headline":"\u00ab\u00a0On vous laisse r\u00eaver\u00a0\u00bb: ces photos des aurores bor\u00e9ales au Mont-Saint-Michel sont fausses","datePublished":"2024-05-17T11:38:38+00:00","mainEntityOfPage":{"@id":"https:\/\/belux.edmo.eu\/fr\/on-vous-laisse-rever-ces-photos-des-aurores-boreales-au-mont-saint-michel-sont-fausses\/"},"wordCount":1015,"publisher":{"@id":"https:\/\/belux.edmo.eu\/#organization"},"image":{"@id":"https:\/\/belux.edmo.eu\/fr\/on-vous-laisse-rever-ces-photos-des-aurores-boreales-au-mont-saint-michel-sont-fausses\/#primaryimage"},"thumbnailUrl":"https:\/\/belux-edmo.s3-accelerate.amazonaws.com\/wp-content\/uploads\/2024\/05\/f87e955fd6b89f8963b6934beb077d6e-1715604857.jpg","articleSection":["Fact-Check","Science","Societe"],"inLanguage":"fr-FR"},{"@type":"WebPage","@id":"https:\/\/belux.edmo.eu\/fr\/on-vous-laisse-rever-ces-photos-des-aurores-boreales-au-mont-saint-michel-sont-fausses\/","url":"https:\/\/belux.edmo.eu\/fr\/on-vous-laisse-rever-ces-photos-des-aurores-boreales-au-mont-saint-michel-sont-fausses\/","name":"\"On vous laisse r\u00eaver\": ces photos des aurores bor\u00e9ales au Mont-Saint-Michel sont fausses - EDMO Belux","isPartOf":{"@id":"https:\/\/belux.edmo.eu\/#website"},"primaryImageOfPage":{"@id":"https:\/\/belux.edmo.eu\/fr\/on-vous-laisse-rever-ces-photos-des-aurores-boreales-au-mont-saint-michel-sont-fausses\/#primaryimage"},"image":{"@id":"https:\/\/belux.edmo.eu\/fr\/on-vous-laisse-rever-ces-photos-des-aurores-boreales-au-mont-saint-michel-sont-fausses\/#primaryimage"},"thumbnailUrl":"https:\/\/belux-edmo.s3-accelerate.amazonaws.com\/wp-content\/uploads\/2024\/05\/f87e955fd6b89f8963b6934beb077d6e-1715604857.jpg","datePublished":"2024-05-17T11:38:38+00:00","breadcrumb":{"@id":"https:\/\/belux.edmo.eu\/fr\/on-vous-laisse-rever-ces-photos-des-aurores-boreales-au-mont-saint-michel-sont-fausses\/#breadcrumb"},"inLanguage":"fr-FR","potentialAction":[{"@type":"ReadAction","target":["https:\/\/belux.edmo.eu\/fr\/on-vous-laisse-rever-ces-photos-des-aurores-boreales-au-mont-saint-michel-sont-fausses\/"]}]},{"@type":"ImageObject","inLanguage":"fr-FR","@id":"https:\/\/belux.edmo.eu\/fr\/on-vous-laisse-rever-ces-photos-des-aurores-boreales-au-mont-saint-michel-sont-fausses\/#primaryimage","url":"https:\/\/belux-edmo.s3-accelerate.amazonaws.com\/wp-content\/uploads\/2024\/05\/f87e955fd6b89f8963b6934beb077d6e-1715604857.jpg","contentUrl":"https:\/\/belux-edmo.s3-accelerate.amazonaws.com\/wp-content\/uploads\/2024\/05\/f87e955fd6b89f8963b6934beb077d6e-1715604857.jpg","width":3000,"height":2000},{"@type":"BreadcrumbList","@id":"https:\/\/belux.edmo.eu\/fr\/on-vous-laisse-rever-ces-photos-des-aurores-boreales-au-mont-saint-michel-sont-fausses\/#breadcrumb","itemListElement":[{"@type":"ListItem","position":1,"name":"Home","item":"https:\/\/belux.edmo.eu\/fr\/"},{"@type":"ListItem","position":2,"name":"&#8220;On vous laisse r\u00eaver&#8221;: ces photos des aurores bor\u00e9ales au Mont-Saint-Michel sont fausses"}]},{"@type":"WebSite","@id":"https:\/\/belux.edmo.eu\/#website","url":"https:\/\/belux.edmo.eu\/","name":"EDMO Belux","description":"Monitoring Disinformation in Belgium and Luxembourg","publisher":{"@id":"https:\/\/belux.edmo.eu\/#organization"},"potentialAction":[{"@type":"SearchAction","target":{"@type":"EntryPoint","urlTemplate":"https:\/\/belux.edmo.eu\/?s={search_term_string}"},"query-input":{"@type":"PropertyValueSpecification","valueRequired":true,"valueName":"search_term_string"}}],"inLanguage":"fr-FR"},{"@type":"Organization","@id":"https:\/\/belux.edmo.eu\/#organization","name":"EDMO Belux","url":"https:\/\/belux.edmo.eu\/","logo":{"@type":"ImageObject","inLanguage":"fr-FR","@id":"https:\/\/belux.edmo.eu\/#\/schema\/logo\/image\/","url":"https:\/\/belux.edmo.eu\/wp-content\/uploads\/2021\/12\/belux-logo-full-color-rgb.svg","contentUrl":"https:\/\/belux.edmo.eu\/wp-content\/uploads\/2021\/12\/belux-logo-full-color-rgb.svg","width":1,"height":1,"caption":"EDMO Belux"},"image":{"@id":"https:\/\/belux.edmo.eu\/#\/schema\/logo\/image\/"},"sameAs":["https:\/\/x.com\/Edmo_Belux"]},{"@type":"Person","@id":"https:\/\/belux.edmo.eu\/#\/schema\/person\/8e3437bb0c5097b301f550b16bfaa4c1","name":"ambroise","url":"https:\/\/belux.edmo.eu\/fr\/author\/ambroise\/"}]}},"menu_order":0,"_links":{"self":[{"href":"https:\/\/belux.edmo.eu\/fr\/wp-json\/wp\/v2\/posts\/335485","targetHints":{"allow":["GET"]}}],"collection":[{"href":"https:\/\/belux.edmo.eu\/fr\/wp-json\/wp\/v2\/posts"}],"about":[{"href":"https:\/\/belux.edmo.eu\/fr\/wp-json\/wp\/v2\/types\/post"}],"author":[{"embeddable":true,"href":"https:\/\/belux.edmo.eu\/fr\/wp-json\/wp\/v2\/users\/7"}],"replies":[{"embeddable":true,"href":"https:\/\/belux.edmo.eu\/fr\/wp-json\/wp\/v2\/comments?post=335485"}],"version-history":[{"count":0,"href":"https:\/\/belux.edmo.eu\/fr\/wp-json\/wp\/v2\/posts\/335485\/revisions"}],"wp:featuredmedia":[{"embeddable":true,"href":"https:\/\/belux.edmo.eu\/fr\/wp-json\/wp\/v2\/media\/335512"}],"wp:attachment":[{"href":"https:\/\/belux.edmo.eu\/fr\/wp-json\/wp\/v2\/media?parent=335485"}],"wp:term":[{"taxonomy":"category","embeddable":true,"href":"https:\/\/belux.edmo.eu\/fr\/wp-json\/wp\/v2\/categories?post=335485"},{"taxonomy":"post_tag","embeddable":true,"href":"https:\/\/belux.edmo.eu\/fr\/wp-json\/wp\/v2\/tags?post=335485"}],"curies":[{"name":"wp","href":"https:\/\/api.w.org\/{rel}","templated":true}]}}