{"id":339239,"date":"2024-06-12T05:00:15","date_gmt":"2024-06-12T05:00:15","guid":{"rendered":"https:\/\/belux.edmo.eu\/?p=339239"},"modified":"2024-06-12T10:46:57","modified_gmt":"2024-06-12T10:46:57","slug":"la-gratuit-la-stib-a-fait-augmenter-le-nombre-dabonnements-mais-trs-peu-le-nombre-dutilisateurs-des-transports-en-commun","status":"publish","type":"post","link":"https:\/\/belux.edmo.eu\/fr\/la-gratuit-la-stib-a-fait-augmenter-le-nombre-dabonnements-mais-trs-peu-le-nombre-dutilisateurs-des-transports-en-commun\/","title":{"rendered":"La gratuit\u00e9 \u00e0 la STIB a fait augmenter le nombre d\u2019abonnements mais tr\u00e8s peu le nombre d\u2019utilisateurs des transports en commun"},"content":{"rendered":"<p><strong>Entre 2021 et 2023, les abonnements STIB des jeunes de -25 ans et de seniors de +65 ans sont pass\u00e9s \u00e0 1\u20ac\/mois. D\u2019apr\u00e8s la t\u00eate de liste r\u00e9gionale bruxelloise PS Ahmed Laaouej,\u00a0<a href=\"https:\/\/www.rtbf.be\/article\/duel-entre-partis-politiques-on-paie-encore-le-definancement-de-la-police-du-gouvernement-precedent-selon-ahmed-laaouej-ps-et-joelle-maison-defi-11377693\">cette d\u00e9cision a permis d\u2019augmenter le nombre d\u2019abonnements vendus par la STIB de 40%<\/a>. Il indique que c\u2019est une fa\u00e7on d\u2019habituer progressivement la jeunesse \u00e0 recourir aux transports en commun. Cette d\u00e9claration est plut\u00f4t fausse. Si le chiffre de 40% a bien \u00e9t\u00e9 communiqu\u00e9 dans les m\u00e9dias, il s&rsquo;agit d&rsquo;un chiffre partiel sur un trimestre et non sur une ann\u00e9e. L&rsquo;augmentation du nombre d&rsquo;abonnements pour les Bruxellois de moins de 18 ans entre 2019 et 2023 est de 28%.\u00a0\u00a0Par ailleurs, le nombre de trajets n&rsquo;a augment\u00e9 que de 7% pour les 12-17 ans et de 1% pour les 18-24 ans ce qui implique que ces nouveaux abonnements n&rsquo;ont eu qu&rsquo;un faible impact sur l&rsquo;augmentation du nombre de voyages r\u00e9ellement effectu\u00e9s.\u00a0Enfin, les \u00e9tudes d\u00e9montrent que la gratuit\u00e9 des transports en commun r\u00e9duit davantage les d\u00e9placements \u00e0 pied et \u00e0 v\u00e9lo qu\u2019en voiture.<\/strong><\/p>\n<div>\n<div>\n<div>\n<div data-elbcontext=\"area:link\" data-elb-navigation=\"url:#href\">\n<p>Depuis le 1er\u00a0mars 2021, le prix de l\u2019abonnement STIB pour les 12-18 a \u00e9t\u00e9 r\u00e9duit en passant de 50\u20ac par an \u00e0 12\u20ac, soit 1\u20ac par mois.\u00a0Le 1er\u00a0f\u00e9vrier 2022 et le 1er\u00a0juillet 2023, ce m\u00eame tarif a ensuite \u00e9t\u00e9 appliqu\u00e9 respectivement aux jeunes de 18 \u00e0 24 ans ainsi qu\u2019aux personnes de plus de 65 ans. La STIB et les pouvoirs publics parlent d\u00e9sormais de \u00ab\u00a0quasi-gratuit\u00e9\u00a0\u00bb pour ces publics. Cette mesure \u00e9tait une promesse de la campagne du PS et d\u2019Ecolo qui gouvernent ensemble (avec D\u00e9FI, Open Vld, Groen et Vooruit) \u00e0 la r\u00e9gion bruxelloise depuis l\u2019\u00e9lection r\u00e9gionale de\u00a02019.<\/p>\n<p><a href=\"https:\/\/www.rtbf.be\/article\/duel-entre-partis-politiques-on-paie-encore-le-definancement-de-la-police-du-gouvernement-precedent-selon-ahmed-laaouej-ps-et-joelle-maison-defi-11377693\">Lors d\u2019un d\u00e9bat sur la mobilit\u00e9 bruxelloise tenu le 23\u00a0mai sur La Premi\u00e8re (RTBF)<\/a>, Ahmed Laaouej a avanc\u00e9 que selon lui, ce genre de mesure \u00e9tait plus positive pour la mobilit\u00e9 que le plan Good Move auquel il est oppos\u00e9, alors qu\u2019il est port\u00e9 par le gouvernement bruxellois dont le PS fait partie.<\/p>\n<p>Ahmed Laaouej indiquait ainsi que \u00ab\u00a0lorsqu\u2019on a mis, gr\u00e2ce au Parti Socialiste, l\u2019abonnement \u00e0 1\u20ac de la STIB pour les jeunes et pour les seniors, il y a eu une augmentation de 40% du nombre d\u2019abonnements.\u00a0\u00bb\u00a0Il nous pr\u00e9cise aujourd&rsquo;hui qu&rsquo;il parlait des jeunes et non des plus de 65 ans.<\/p>\n<p>Dans le d\u00e9bat, il ajoute que cette mesure est positive pour le transfert modal car \u00ab\u00a0\u00e7a veut dire qu\u2019on habitue progressivement notre jeunesse \u00e0 recourir aux transports publics.\u00a0\u00bb<\/p>\n<p>Son opposante dans ce d\u00e9bat, Jo\u00eblle Maison, d\u00e9put\u00e9e bruxelloise D\u00e9FI et 2e sur la liste bruxelloise aux prochaines \u00e9lections r\u00e9gionales, a remis en doute l\u2019efficacit\u00e9 d\u2019une telle mesure, d\u2019abord sur le plan social\u00a0: \u00ab\u00a0dans dix ans, je serai senior, je ne vois pas pourquoi je b\u00e9n\u00e9ficierais d\u2019un abonnement \u00e0 1\u00a0euro\u00a0\u00bb, sugg\u00e9rant qu\u2019il vaut mieux baisser les prix pour ceux qui en ont vraiment besoin que pour tout le monde.<\/p>\n<p>Ensuite, elle a aussi contest\u00e9 que la (quasi) gratuit\u00e9 favorise le report modal depuis la voiture vers les transports en commun. \u00ab\u00a0(Concernant) les politiques de gratuit\u00e9 et les abonnements pour les seniors, plusieurs \u00e9tudes d\u00e9montrent qu\u2019elles n\u2019op\u00e8rent pas un transfert modal de la voiture vers les transports en commun mais plut\u00f4t de la marche vers les transports en commun.\u00a0\u00bb<\/p>\n<\/div>\n<\/div>\n<\/div>\n<\/div>\n<div>\n<div>\n<div>\n<h2>40% d\u2019abonnements en plus\u00a0?<\/h2>\n<\/div>\n<\/div>\n<\/div>\n<div>\n<div>\n<div>\n<div data-elbcontext=\"area:link\" data-elb-navigation=\"url:#href\">\n<p>Contact\u00e9, Ahmed Laaouej nous indique que la source qu\u2019il utilise est un communiqu\u00e9 de presse de la ministre bruxelloise de la Mobilit\u00e9 Elke Van Den Brandt (Groen) diffus\u00e9 en septembre\u00a02021, et relay\u00e9 par de nombreux m\u00e9dias comme\u00a0<a href=\"https:\/\/www.rtbf.be\/article\/abonnement-stib-a-12-euros-pour-les-moins-de-18-ans-40-d-abonnements-scolaires-supplementaires-vendus-10843082\">la RTBF<\/a>,\u00a0<a href=\"https:\/\/www.lalibre.be\/belgique\/mobilite\/2021\/09\/16\/le-tarif-jeune-a-induit-une-hausse-de-40-des-ventes-dabonnements-scolaires-de-la-stib-GCQ6WDZBVVDPZGMDOJNCBP3YVU\/\">la Libre<\/a>,\u00a0<a href=\"https:\/\/www.dhnet.be\/regions\/bruxelles\/bruxelles-mobilite\/2021\/09\/16\/le-tarif-a-12-par-an-a-fait-bondir-le-nombre-dabonnements-scolaires-40-CIS2BNIGJZA6PCUGTBII5BHQSM\/\">la Derni\u00e8re Heure<\/a>\u00a0ou\u00a0<a href=\"https:\/\/www.sudinfo.be\/id416855\/article\/2021-09-16\/mobilite-bruxelles-le-tarif-jeune-de-la-stib-induit-une-hausse-de-40-des-ventes\">Sud Info<\/a>\u00a0via l\u2019agence Belga. Ce communiqu\u00e9 indique que le nombre d\u2019abonnements scolaires vendus en\u00a02021 pour les 12-17 ans\u00a0\u00e9tait de 35.812, soit 40% de plus qu\u2019en\u00a02020 (25.615 abonnements scolaires) et 46% de plus qu\u2019en\u00a02019 (24.447 abonnements), comme le relaient La Libre et Sud Info.<\/p>\n<p>La STIB nous indique cependant qu&rsquo;il s&rsquo;agit probablement de chiffres partiels, enregistr\u00e9s entre juin et septembre 2021 par rapport \u00e0 la m\u00eame p\u00e9riode de 2020 ou de 2019. \u00ab\u00a0Or les abonnements s&rsquo;ach\u00e8tent de date \u00e0 date et donc sur toute l&rsquo;ann\u00e9e\u00a0\u00bb, nous pr\u00e9cise la porte-parole.<\/p>\n<p>Lorsqu&rsquo;on analyse les chiffres sur toute l&rsquo;ann\u00e9e, on constate bien une augmentation des ventes d&rsquo;abonnements scolaires aupr\u00e8s des moins de 18 ans de 33%\u00a0(mais uniquement de 28% chez les Bruxellois qui sont les seuls \u00e0 profiter de la mesure et de 54% chez les non-Bruxellois qui ne peuvent pas profiter de la quasi-gratuit\u00e9). L&rsquo;augmentation est donc moindre que les 40% annonc\u00e9s.<\/p>\n<p>La STIB nous communique aussi d\u2019autres chiffres pour une autre tranche d\u2019\u00e2ge\u00a0: les 18-24 ans. La soci\u00e9t\u00e9 indique\u00a0: \u00ab\u00a0Le nombre de jeunes Bruxellois dans la tranche d\u2019\u00e2ge 18-24 ans qui sont abonn\u00e9s \u00e0 la STIB est pass\u00e9 de 70% \u00e0 90% (suite \u00e0 la mesure de quasi-gratuit\u00e9). Sur ces 20% d\u2019abonn\u00e9s suppl\u00e9mentaires, la moiti\u00e9 \u00e9tait d\u00e9j\u00e0 des abonn\u00e9s mais qui utilisaient un autre type d\u2019abonnement (mensuel principalement). L\u2019autre moiti\u00e9 est constitu\u00e9e de\u00a0nouveaux clients qui\u00a0utilisaient des titres \u00e0 la prestation (cartes 10 voyages et titres anonymes donc impossibles \u00e0 estimer).\u00a0\u00bb Autrement dit, pour cette tranche d\u2019\u00e2ge, si les abonnements annuels ont effectivement augment\u00e9, il n\u2019y aurait que quelques pourcentages d\u2019utilisateurs nouveaux en plus.<\/p>\n<p>Nous n&rsquo;avons pas eu de\u00a0chiffres pour la derni\u00e8re tranche d&rsquo;\u00e2ge concern\u00e9e par la mesure, les plus de 65 ans.<\/p>\n<\/div>\n<\/div>\n<\/div>\n<\/div>\n<div>\n<div>\n<div>\n<h2>Davantage d\u2019utilisation des transports en commun\u00a0?<\/h2>\n<\/div>\n<\/div>\n<\/div>\n<div>\n<div>\n<div>\n<div data-elbcontext=\"area:link\" data-elb-navigation=\"url:#href\">\n<p>Dans la deuxi\u00e8me partie de sa phrase, Ahmed Laaouej pr\u00e9cisait que ces abonnements \u00e0 1\u20ac par mois \u00e9taient une bonne fa\u00e7on d\u2019habituer \u00ab\u00a0notre jeunesse \u00e0 recourir aux transports en commun\u00a0\u00bb. Autrement dit, que la quasi-gratuit\u00e9 encouragerait l\u2019utilisation des transports en commun au d\u00e9triment des autres modes de transport, en particulier de la voiture, ce qu\u2019on appelle le \u00ab\u00a0report modal\u00a0\u00bb.<\/p>\n<p>Pourtant, si le nombre d\u2019abonnements a augment\u00e9, \u00ab\u00a0le nombre de voyages r\u00e9alis\u00e9s par les jeunes Bruxellois de 18 \u00e0 24 ans a augment\u00e9 de 1%\u00a0\u00bb, nous indique la STIB. L\u2019augmentation semble minime par rapport au nombre d\u2019abonnements.<\/p>\n<p>Et concernant les 12-17 ans, la STIB nous indique que si le nombre de voyages a augment\u00e9 entre 2019 et 2023, passant de 23,4 millions \u00e0 24,9\u00a0millions (+7%), le nombre de voyages par utilisateur\u00a0par mois a baiss\u00e9 :<\/p>\n<ul>\n<li>2019 : 17,75 voyages par utilisateur de 12-17 ans par mois<\/li>\n<li>2023 : 13,4 voyages par utilisateur de 12-17 ans par mois<\/li>\n<\/ul>\n<p>\u00ab\u00a0Cela signifie que les nouveaux abonn\u00e9s utilisent de mani\u00e8re occasionnelle leur titre de transport\u00a0\u00bb, conclut la STIB.<\/p>\n<p>Autrement dit, si le nombre d&rsquo;abonnements a augment\u00e9 de 33% entre 2019 et 2023, le nombre de voyages n&rsquo;a augment\u00e9 que de 7%.<\/p>\n<\/div>\n<\/div>\n<\/div>\n<\/div>\n<div>\n<div>\n<div>\n<h2>\u00ab\u00a0Le prix n&rsquo;est pas le premier frein aux transports en commun\u00a0\u00bb<\/h2>\n<\/div>\n<\/div>\n<\/div>\n<div>\n<div>\n<div>\n<div data-elbcontext=\"area:link\" data-elb-navigation=\"url:#href\">\n<p>\u00ab\u00a0Les jeunes, et a fortiori \u00e0 Bruxelles, utilisent d\u00e9j\u00e0 les transports en commun d\u00e8s qu\u2019ils ont 12 ans ou qu\u2019ils sont en \u00e2ge de prendre les transports en commun de mani\u00e8re autonome, commente Xavier Tackoen, administrateur-d\u00e9l\u00e9gu\u00e9 d\u2019Espaces-Mobilit\u00e9, un bureau de conseil en mobilit\u00e9.\u00a0Il n\u2019y a donc pas d\u2019augmentation spectaculaire \u00e0 attendre d\u2019une telle mesure. Par ailleurs, lorsqu\u2019on m\u00e8ne des enqu\u00eates sur les freins aux transports en commun, ce n\u2019est pas le prix qui arrive en premier, mais l\u2019accessibilit\u00e9, la ponctualit\u00e9, l\u2019efficacit\u00e9.\u00a0\u00bb<\/p>\n<p>Xavier Tackoen ne rejette pas compl\u00e8tement l\u2019hypoth\u00e8se que certains jeunes aient pu d\u00e9couvrir les transports en commun gr\u00e2ce \u00e0 cette formule, mais plut\u00f4t de fa\u00e7on marginale. \u00ab\u00a0Probablement des jeunes qui n\u2019en avaient pas vraiment besoin jusqu\u2019ici, parce qu\u2019ils se d\u00e9pla\u00e7aient principalement \u00e0 pied ou \u00e0 v\u00e9lo et qui vont profiter de cette opportunit\u00e9. Et c\u2019est une bonne chose, parce qu\u2019on sait que ceux qui apprennent t\u00f4t \u00e0 voyager en transports en commun continueront \u00e0 le faire quand ils seront plus \u00e2g\u00e9s.\u00a0\u00bb<\/p>\n<p>Il n\u2019est par ailleurs pas possible de mesurer une augmentation du nombre de voyages \u00e0 la STIB en raison de\u00a0la gratuit\u00e9 pour les 12-25 ans ou les +65 ans puisque le nombre annuel de trajets varie de fa\u00e7on importante ind\u00e9pendamment. La STIB n\u2019a par ailleurs toujours pas retrouv\u00e9 son nombre de trajets annuels de\u00a02019, avant la pand\u00e9mie du Covid-19.<\/p>\n<\/div>\n<\/div>\n<\/div>\n<\/div>\n<div>\n<div>\n<div>\n<div>\n<div><iframe id=\"datawrapper-chart-fuVdW\" title=\"Nombre de trajets annuels \u00e0 la STIB depuis 2000\" src=\"https:\/\/datawrapper.dwcdn.net\/fuVdW\/1\/\" height=\"421\" frameborder=\"0\" scrolling=\"no\" aria-label=\"Interactive line chart\" data-external=\"1\" data-mce-fragment=\"1\"><\/iframe><\/div>\n<\/div>\n<\/div>\n<\/div>\n<\/div>\n<div>\n<div>\n<div>\n<div data-elbcontext=\"area:link\" data-elb-navigation=\"url:#href\">\n<p>\u00ab\u00a0L\u2019abonnement semble donc achet\u00e9 pour l\u2019attractivit\u00e9 du prix mais n\u2019a pas sp\u00e9cialement d\u2019effet sur les habitudes des d\u00e9placements. Ce constat est similaire pour les autres produits \u00e0 tarif pr\u00e9f\u00e9rentiel (abonnement pour les plus de 65 ans\u00a0par exemple)\u00a0\u00bb, conclut la STIB. La soci\u00e9t\u00e9 de transports en commun bruxelloise qui pr\u00e9cise que cette d\u00e9cision a impliqu\u00e9 une perte de recettes li\u00e9es aux ventes\u00a0: -5,1\u00a0millions d\u2019euros par an sur les abonnements scolaires, soit une baisse de 64% des rentr\u00e9es sur cette tranche d\u2019\u00e2ge.<\/p>\n<\/div>\n<\/div>\n<\/div>\n<\/div>\n<div>\n<div>\n<div>\n<h2>Une r\u00e9duction des autres modes de transports\u00a0?<\/h2>\n<\/div>\n<\/div>\n<\/div>\n<div>\n<div>\n<div>\n<div data-elbcontext=\"area:link\" data-elb-navigation=\"url:#href\">\n<p>L\u2019objectif affich\u00e9 par ce type de mesure est, comme le dit Ahmed Laaouej, d\u2019habituer \u00ab\u00a0\u00e0 recourir aux transports en commun\u00a0\u00bb\u00a0pour r\u00e9duire notamment l\u2019utilisation de la voiture. Un objectif que remettait en doute l\u2019opposante d\u2019Ahmed Laaouej dans le d\u00e9bat, Jo\u00eblle Maison (D\u00e9FI)\u00a0: \u00ab\u00a0(Concernant) les politiques de gratuit\u00e9 et les abonnements pour les seniors, plusieurs \u00e9tudes d\u00e9montrent qu\u2019elles n\u2019op\u00e8rent pas un transfert modal de la voiture vers les transports en commun mais plut\u00f4t de la marche vers les transports en commun.\u00a0\u00bb<\/p>\n<p>C\u2019est ce que d\u00e9montre en effet une \u00e9tude de\u00a02020 men\u00e9e par Fr\u00e9d\u00e9ric H\u00e9ran qui a analys\u00e9 le report modal dans ces cinq villes qui ont instaur\u00e9 la gratuit\u00e9 des transports publics\u00a0: Hasselt en Belgique, Ch\u00e2teauroux et Dunkerque en France, Avesta en Su\u00e8de, Templin en Allemagne. Il a rassembl\u00e9 les chiffr\u00e9s calcul\u00e9s par des \u00e9tudes, toutes ind\u00e9pendantes les unes des autres, et en conclut que la gratuit\u00e9 des transports en commun a davantage fait baisser les d\u00e9placements \u00e0 pied et \u00e0 v\u00e9lo qu\u2019en voiture.<\/p>\n<\/div>\n<\/div>\n<\/div>\n<\/div>\n<div>\n<div>\n<div>\n<div>\n<div><iframe id=\"datawrapper-chart-bQo2h\" title=\"R\u00e9duction de la part modale de ces modes de d\u00e9placement apr\u00e8s l'instauration de la gratuit\u00e9 des transports en commun\" src=\"https:\/\/datawrapper.dwcdn.net\/bQo2h\/1\/\" height=\"289\" frameborder=\"0\" scrolling=\"no\" aria-label=\"Tableau\" data-external=\"1\" data-mce-fragment=\"1\"><\/iframe><\/div>\n<\/div>\n<\/div>\n<\/div>\n<\/div>\n<div>\n<div>\n<div>\n<div data-elbcontext=\"area:link\" data-elb-navigation=\"url:#href\">\n<p>La gratuit\u00e9 des transports en commun a r\u00e9duit l\u2019utilisation de la voiture de 0,9% \u00e0 Hasselt et Templin \u00e0 3% \u00e0 Dunkerque. Cependant, pour cette ville, \u00ab\u00a0l\u2019impact ne serait d\u00fb qu\u2019\u00e0 42% \u00e0 la gratuit\u00e9 car d\u2019importants investissements (65\u00a0millions d\u2019euros) ont permis d\u2019accro\u00eetre l\u2019offre de 30%, de porter la fr\u00e9quence \u00e0 10\u00a0minutes sur 5 lignes \u201cchrono\u201d, de donner la priorit\u00e9 aux bus \u00e0 certains carrefours \u00e0 feux et de cr\u00e9er quelques voies r\u00e9serv\u00e9es\u00a0\u00bb, \u00e9crit Fr\u00e9d\u00e9ric H\u00e9ran.<\/p>\n<p>Dans tous les cas aussi, il s\u2019av\u00e8re que la gratuit\u00e9 des transports en commun a r\u00e9duit aussi les d\u00e9placements \u00e0 pied et \u00e0 v\u00e9lo, dans des plus grandes proportions que la r\u00e9duction des d\u00e9placements en voitures\u00a0: de 2,6% \u00e0 12% de r\u00e9duction dans le cas de Dunkerque de r\u00e9duction des transports actifs.<\/p>\n<p>Ceci concorde avec\u00a0<a href=\"https:\/\/www.senat.fr\/rap\/r18-744\/r18-7447.html#toc222\">un rapport du S\u00e9nat fran\u00e7ais de\u00a02019<\/a>\u00a0consacr\u00e9 aux transports en commun gratuit qui conclut son chapitre sur le report modal de la fa\u00e7on suivante\u00a0: \u00ab\u00a0mesur\u00e9e en proportion, la gratuit\u00e9 totale n\u2019aboutit qu\u2019\u00e0 marginalement diminuer la part modale de la voiture, alors qu\u2019elle r\u00e9duit sensiblement celle de la marche et fait chuter celle du v\u00e9lo.\u00a0\u00bb<\/p>\n<p>Pour Xavier Tackoen, la gratuit\u00e9 n\u2019est donc pas le meilleur moyen d\u2019encourager une meilleure mobilit\u00e9. \u201cLa gratuit\u00e9 peut \u00eatre accord\u00e9e \u00e0 des profils cibl\u00e9s, pour qui le prix est vraiment un frein, mais pas \u00e0 toute la population car ce genre de mesure co\u00fbte alors tr\u00e8s cher en regard du report modal qu\u2019on peut esp\u00e9rer. Il est plus efficace d\u2019utiliser ce budget destin\u00e9 \u00e0 la gratuit\u00e9 pour apprendre \u00e0 se d\u00e9placer autrement, notamment \u00e0 pied o\u00f9 \u00e0 v\u00e9lo.\u201d<\/p>\n<\/div>\n<\/div>\n<\/div>\n<\/div>\n<div>\n<div>\n<div>\n<h2>\u201cUn peu t\u00f4t pour faire un bilan\u201d<\/h2>\n<\/div>\n<\/div>\n<\/div>\n<div>\n<div>\n<div>\n<div data-elbcontext=\"area:link\" data-elb-navigation=\"url:#href\">\n<p>Pour Ahmed Laaouej, il est un peu t\u00f4t pour faire le bilan de la gratuit\u00e9 des transports en commun \u00e0 la STIB puisque la fr\u00e9quentation n\u2019a toujours pas retrouv\u00e9 ses niveaux d\u2019avant Covid. \u00ab\u00a0N\u00e9anmoins, on voit que l\u2019impact n\u2019est certainement pas n\u00e9gatif puisqu\u2019il y a plus d\u2019abonnements achet\u00e9s, plus de trajets et\u00a0on tend vers 100% de jeunes Bruxellois qui ont d\u00e9sormais un abonnement ce dont on peut se r\u00e9jouir.\u00a0\u00bb<\/p>\n<p>Enfin, sur le report modal, la t\u00eate de liste bruxelloise aux prochaines \u00e9lections nous r\u00e9pond qu\u2019il n\u2019\u00e9tait pas le seul objectif de la mesure. \u00ab\u00a0L\u2019objectif \u00e9tait surtout social\u00a0: pour une famille de quatre enfants qui payait 4 fois 50\u20ac, elle paie d\u00e9sormais 4 fois 12\u20ac, l\u2019\u00e9conomie annuelle pour la famille est donc de 150\u20ac.\u00a0\u00bb Cependant, avant\u00a02021\u00a0<a href=\"https:\/\/www.stib-mivb.be\/article.html?l=fr&amp;_guid=a0054b7b-6341-3a10-e798-c919ee85ab8b\">comme aujourd\u2019hui<\/a>, le troisi\u00e8me abonnement familial et les suivants sont gratuits.<\/p>\n<p>\u00ab\u00a0Le fait d\u2019accorder la gratuit\u00e9 \u00e0 toute la population \u00e9vite la paperasserie administrative pour les familles et le non-recours aux droits \u00e0 cause de celle-ci\u00a0\u00bb, pr\u00e9cise encore Ahmed Laaouej pour qui le manque \u00e0 gagner de 5\u00a0millions d\u2019euros li\u00e9s \u00e0 la gratuit\u00e9 sur les 18-25 ans est relativement marginal\u00a0dans le budget global de la STIB.<\/p>\n<\/div>\n<\/div>\n<\/div>\n<\/div>\n<div>\n<div>\n<div>\n<h2>Conclusion<\/h2>\n<\/div>\n<\/div>\n<\/div>\n<div>\n<div>\n<div>\n<div data-elbcontext=\"area:link\" data-elb-navigation=\"url:#href\">\n<ul>\n<li>Ahmed Laaouej a d\u00e9clar\u00e9 que la gratuit\u00e9 \u00e0 la STIB pour les -25 ans\u00a0avait permis d&rsquo;augmenter de 40% le nombre d\u2019abonnements vendus par la STIB et que cela encourageait l\u2019utilisation des transports en commun.<\/li>\n<li>Cette augmentation du nombre d&rsquo;abonnements aupr\u00e8s des\u00a0Bruxellois \u00e2g\u00e9s de 12 \u00e0 17 ans\u00a0entre 2019 et 2023 est en r\u00e9alit\u00e9 de 28%.\u00a0Nous n&rsquo;avons pas obtenu de chiffres pour les 18-24 ans ou pour les plus de 65 ans.<\/li>\n<li>Pour les 18-25 ans, la STIB estime que le nombre de jeunes bruxellois abonn\u00e9s est pass\u00e9 de 70% \u00e0 90%, mais qu\u2019une majorit\u00e9 de ces nouveaux abonn\u00e9s \u00e9taient d\u00e9j\u00e0 des utilisateurs des transports en commun.<\/li>\n<li>D&rsquo;apr\u00e8s la STIB, le nombre de voyages effectu\u00e9s par les 12-17 ans a augment\u00e9 de 7% et celui des 18-24 ans de seulement 1%, ce qui implique que l&rsquo;augmentation du nombre d&rsquo;abonnements n&rsquo;a eu qu&rsquo;un faible impact sur l&rsquo;augmentation du nombre de voyages r\u00e9ellement effectu\u00e9s.<\/li>\n<li>Enfin, diff\u00e9rentes \u00e9tudes d\u00e9montrent que la gratuit\u00e9 des transports en commun r\u00e9duit davantage les d\u00e9placements en v\u00e9lo et \u00e0 pied qu\u2019en voiture.<\/li>\n<\/ul>\n<\/div>\n<\/div>\n<\/div>\n<\/div>\n","protected":false},"excerpt":{"rendered":"<p>Entre 2021 et 2023, les abonnements STIB des jeunes de -25 ans et de seniors de +65 ans sont pass\u00e9s&#8230;<\/p>\n","protected":false},"author":1,"featured_media":339234,"comment_status":"closed","ping_status":"open","sticky":false,"template":"","format":"standard","meta":{"_acf_changed":false,"footnotes":""},"categories":[171,125,116,138],"tags":[],"class_list":{"0":"post-339239","1":"post","2":"type-post","3":"status-publish","4":"format-standard","5":"has-post-thumbnail","7":"category-economie","8":"category-fact-check-fr","9":"category-non-classifiee","10":"category-societe"},"acf":{"show_metatags":true,"id":"https:\/\/www.rtbf.be\/article\/la-gratuite-a-la-stib-a-fait-augmenter-le-nombre-d-abonnements-mais-tres-peu-le-nombre-d-utilisateurs-des-transports-en-commun-11382027","authors":"Guillaume Woelfle","organization":"RTBF","featured_image_copyright":"","text_copyright":"Copyright: (C)RTBF Radio, Television Belge Francophone, plus d'infos: https:\/\/www.rtbf.be\/cgu\/","source":"https:\/\/www.rtbf.be\/article\/la-gratuite-a-la-stib-a-fait-augmenter-le-nombre-d-abonnements-mais-tres-peu-le-nombre-d-utilisateurs-des-transports-en-commun-11382027","fact_checker":"https:\/\/belux.wpengine.com\/wp-content\/uploads\/2022\/01\/rtbf-logo.jpg","type":"\u00c9v\u00e9nement ferm\u00e9","location":"","start_date":"","start_date_event_begins_at":"","start_date_event_ends_at":"","end_date":"","end_date_event_begins_at":"","end_date_event_ends_at":"","organizer":"","fact_checker_logo_image":false},"yoast_head":"<!-- This site is optimized with the Yoast SEO plugin v27.0 - https:\/\/yoast.com\/product\/yoast-seo-wordpress\/ -->\n<title>La gratuit\u00e9 \u00e0 la STIB a fait augmenter le nombre d\u2019abonnements mais tr\u00e8s peu le nombre d\u2019utilisateurs des transports en commun - EDMO Belux<\/title>\n<meta name=\"robots\" content=\"index, follow, max-snippet:-1, max-image-preview:large, max-video-preview:-1\" \/>\n<link rel=\"canonical\" href=\"https:\/\/belux.edmo.eu\/fr\/la-gratuit-la-stib-a-fait-augmenter-le-nombre-dabonnements-mais-trs-peu-le-nombre-dutilisateurs-des-transports-en-commun\/\" \/>\n<meta property=\"og:locale\" content=\"fr_FR\" \/>\n<meta property=\"og:type\" content=\"article\" \/>\n<meta property=\"og:title\" content=\"La gratuit\u00e9 \u00e0 la STIB a fait augmenter le nombre d\u2019abonnements mais tr\u00e8s peu le nombre d\u2019utilisateurs des transports en commun - EDMO Belux\" \/>\n<meta property=\"og:description\" content=\"Entre 2021 et 2023, les abonnements STIB des jeunes de -25 ans et de seniors de +65 ans sont pass\u00e9s...\" \/>\n<meta property=\"og:url\" content=\"https:\/\/belux.edmo.eu\/fr\/la-gratuit-la-stib-a-fait-augmenter-le-nombre-dabonnements-mais-trs-peu-le-nombre-dutilisateurs-des-transports-en-commun\/\" \/>\n<meta property=\"og:site_name\" content=\"EDMO Belux\" \/>\n<meta property=\"article:published_time\" content=\"2024-06-12T05:00:15+00:00\" \/>\n<meta property=\"article:modified_time\" content=\"2024-06-12T10:46:57+00:00\" \/>\n<meta property=\"og:image\" content=\"https:\/\/belux-edmo.s3-accelerate.amazonaws.com\/wp-content\/uploads\/2024\/06\/83dc55aeb13cc9f621dcbaa80304d506-1717147916.jpg\" \/>\n\t<meta property=\"og:image:width\" content=\"770\" \/>\n\t<meta property=\"og:image:height\" content=\"433\" \/>\n\t<meta property=\"og:image:type\" content=\"image\/jpeg\" \/>\n<meta name=\"author\" content=\"master\" \/>\n<meta name=\"twitter:card\" content=\"summary_large_image\" \/>\n<meta name=\"twitter:creator\" content=\"@Edmo_Belux\" \/>\n<meta name=\"twitter:site\" content=\"@Edmo_Belux\" \/>\n<meta name=\"twitter:label1\" content=\"\u00c9crit par\" \/>\n\t<meta name=\"twitter:data1\" content=\"master\" \/>\n\t<meta name=\"twitter:label2\" content=\"Dur\u00e9e de lecture estim\u00e9e\" \/>\n\t<meta name=\"twitter:data2\" content=\"10 minutes\" \/>\n<script type=\"application\/ld+json\" class=\"yoast-schema-graph\">{\"@context\":\"https:\/\/schema.org\",\"@graph\":[{\"@type\":\"Article\",\"@id\":\"https:\/\/belux.edmo.eu\/fr\/la-gratuit-la-stib-a-fait-augmenter-le-nombre-dabonnements-mais-trs-peu-le-nombre-dutilisateurs-des-transports-en-commun\/#article\",\"isPartOf\":{\"@id\":\"https:\/\/belux.edmo.eu\/fr\/la-gratuit-la-stib-a-fait-augmenter-le-nombre-dabonnements-mais-trs-peu-le-nombre-dutilisateurs-des-transports-en-commun\/\"},\"author\":{\"name\":\"master\",\"@id\":\"https:\/\/belux.edmo.eu\/#\/schema\/person\/dbe3b252258537fd318f9b5645a30342\"},\"headline\":\"La gratuit\u00e9 \u00e0 la STIB a fait augmenter le nombre d\u2019abonnements mais tr\u00e8s peu le nombre d\u2019utilisateurs des transports en commun\",\"datePublished\":\"2024-06-12T05:00:15+00:00\",\"dateModified\":\"2024-06-12T10:46:57+00:00\",\"mainEntityOfPage\":{\"@id\":\"https:\/\/belux.edmo.eu\/fr\/la-gratuit-la-stib-a-fait-augmenter-le-nombre-dabonnements-mais-trs-peu-le-nombre-dutilisateurs-des-transports-en-commun\/\"},\"wordCount\":2396,\"publisher\":{\"@id\":\"https:\/\/belux.edmo.eu\/#organization\"},\"image\":{\"@id\":\"https:\/\/belux.edmo.eu\/fr\/la-gratuit-la-stib-a-fait-augmenter-le-nombre-dabonnements-mais-trs-peu-le-nombre-dutilisateurs-des-transports-en-commun\/#primaryimage\"},\"thumbnailUrl\":\"https:\/\/belux-edmo.s3-accelerate.amazonaws.com\/wp-content\/uploads\/2024\/06\/83dc55aeb13cc9f621dcbaa80304d506-1717147916.jpg\",\"articleSection\":[\"Economie\",\"Fact-Check\",\"Non classifi\u00e9(e)\",\"Societe\"],\"inLanguage\":\"fr-FR\"},{\"@type\":\"WebPage\",\"@id\":\"https:\/\/belux.edmo.eu\/fr\/la-gratuit-la-stib-a-fait-augmenter-le-nombre-dabonnements-mais-trs-peu-le-nombre-dutilisateurs-des-transports-en-commun\/\",\"url\":\"https:\/\/belux.edmo.eu\/fr\/la-gratuit-la-stib-a-fait-augmenter-le-nombre-dabonnements-mais-trs-peu-le-nombre-dutilisateurs-des-transports-en-commun\/\",\"name\":\"La gratuit\u00e9 \u00e0 la STIB a fait augmenter le nombre d\u2019abonnements mais tr\u00e8s peu le nombre d\u2019utilisateurs des transports en commun - EDMO Belux\",\"isPartOf\":{\"@id\":\"https:\/\/belux.edmo.eu\/#website\"},\"primaryImageOfPage\":{\"@id\":\"https:\/\/belux.edmo.eu\/fr\/la-gratuit-la-stib-a-fait-augmenter-le-nombre-dabonnements-mais-trs-peu-le-nombre-dutilisateurs-des-transports-en-commun\/#primaryimage\"},\"image\":{\"@id\":\"https:\/\/belux.edmo.eu\/fr\/la-gratuit-la-stib-a-fait-augmenter-le-nombre-dabonnements-mais-trs-peu-le-nombre-dutilisateurs-des-transports-en-commun\/#primaryimage\"},\"thumbnailUrl\":\"https:\/\/belux-edmo.s3-accelerate.amazonaws.com\/wp-content\/uploads\/2024\/06\/83dc55aeb13cc9f621dcbaa80304d506-1717147916.jpg\",\"datePublished\":\"2024-06-12T05:00:15+00:00\",\"dateModified\":\"2024-06-12T10:46:57+00:00\",\"breadcrumb\":{\"@id\":\"https:\/\/belux.edmo.eu\/fr\/la-gratuit-la-stib-a-fait-augmenter-le-nombre-dabonnements-mais-trs-peu-le-nombre-dutilisateurs-des-transports-en-commun\/#breadcrumb\"},\"inLanguage\":\"fr-FR\",\"potentialAction\":[{\"@type\":\"ReadAction\",\"target\":[\"https:\/\/belux.edmo.eu\/fr\/la-gratuit-la-stib-a-fait-augmenter-le-nombre-dabonnements-mais-trs-peu-le-nombre-dutilisateurs-des-transports-en-commun\/\"]}]},{\"@type\":\"ImageObject\",\"inLanguage\":\"fr-FR\",\"@id\":\"https:\/\/belux.edmo.eu\/fr\/la-gratuit-la-stib-a-fait-augmenter-le-nombre-dabonnements-mais-trs-peu-le-nombre-dutilisateurs-des-transports-en-commun\/#primaryimage\",\"url\":\"https:\/\/belux-edmo.s3-accelerate.amazonaws.com\/wp-content\/uploads\/2024\/06\/83dc55aeb13cc9f621dcbaa80304d506-1717147916.jpg\",\"contentUrl\":\"https:\/\/belux-edmo.s3-accelerate.amazonaws.com\/wp-content\/uploads\/2024\/06\/83dc55aeb13cc9f621dcbaa80304d506-1717147916.jpg\",\"width\":770,\"height\":433,\"caption\":\"La gratuit\u00e9 \u00e0 la STIB a fait augmenter le nombre d\u2019abonnements mais tr\u00e8s peu le nombre d\u2019utilisateurs des transports en commun - Featured image\"},{\"@type\":\"BreadcrumbList\",\"@id\":\"https:\/\/belux.edmo.eu\/fr\/la-gratuit-la-stib-a-fait-augmenter-le-nombre-dabonnements-mais-trs-peu-le-nombre-dutilisateurs-des-transports-en-commun\/#breadcrumb\",\"itemListElement\":[{\"@type\":\"ListItem\",\"position\":1,\"name\":\"Home\",\"item\":\"https:\/\/belux.edmo.eu\/fr\/\"},{\"@type\":\"ListItem\",\"position\":2,\"name\":\"La gratuit\u00e9 \u00e0 la STIB a fait augmenter le nombre d\u2019abonnements mais tr\u00e8s peu le nombre d\u2019utilisateurs des transports en commun\"}]},{\"@type\":\"WebSite\",\"@id\":\"https:\/\/belux.edmo.eu\/#website\",\"url\":\"https:\/\/belux.edmo.eu\/\",\"name\":\"EDMO Belux\",\"description\":\"Monitoring Disinformation in Belgium and Luxembourg\",\"publisher\":{\"@id\":\"https:\/\/belux.edmo.eu\/#organization\"},\"potentialAction\":[{\"@type\":\"SearchAction\",\"target\":{\"@type\":\"EntryPoint\",\"urlTemplate\":\"https:\/\/belux.edmo.eu\/?s={search_term_string}\"},\"query-input\":{\"@type\":\"PropertyValueSpecification\",\"valueRequired\":true,\"valueName\":\"search_term_string\"}}],\"inLanguage\":\"fr-FR\"},{\"@type\":\"Organization\",\"@id\":\"https:\/\/belux.edmo.eu\/#organization\",\"name\":\"EDMO Belux\",\"url\":\"https:\/\/belux.edmo.eu\/\",\"logo\":{\"@type\":\"ImageObject\",\"inLanguage\":\"fr-FR\",\"@id\":\"https:\/\/belux.edmo.eu\/#\/schema\/logo\/image\/\",\"url\":\"https:\/\/belux.edmo.eu\/wp-content\/uploads\/2021\/12\/belux-logo-full-color-rgb.svg\",\"contentUrl\":\"https:\/\/belux.edmo.eu\/wp-content\/uploads\/2021\/12\/belux-logo-full-color-rgb.svg\",\"width\":1,\"height\":1,\"caption\":\"EDMO Belux\"},\"image\":{\"@id\":\"https:\/\/belux.edmo.eu\/#\/schema\/logo\/image\/\"},\"sameAs\":[\"https:\/\/x.com\/Edmo_Belux\"]},{\"@type\":\"Person\",\"@id\":\"https:\/\/belux.edmo.eu\/#\/schema\/person\/dbe3b252258537fd318f9b5645a30342\",\"name\":\"master\",\"sameAs\":[\"https:\/\/belux.wpengine.com\"],\"url\":\"https:\/\/belux.edmo.eu\/fr\/author\/master\/\"}]}<\/script>\n<!-- \/ Yoast SEO plugin. -->","yoast_head_json":{"title":"La gratuit\u00e9 \u00e0 la STIB a fait augmenter le nombre d\u2019abonnements mais tr\u00e8s peu le nombre d\u2019utilisateurs des transports en commun - EDMO Belux","robots":{"index":"index","follow":"follow","max-snippet":"max-snippet:-1","max-image-preview":"max-image-preview:large","max-video-preview":"max-video-preview:-1"},"canonical":"https:\/\/belux.edmo.eu\/fr\/la-gratuit-la-stib-a-fait-augmenter-le-nombre-dabonnements-mais-trs-peu-le-nombre-dutilisateurs-des-transports-en-commun\/","og_locale":"fr_FR","og_type":"article","og_title":"La gratuit\u00e9 \u00e0 la STIB a fait augmenter le nombre d\u2019abonnements mais tr\u00e8s peu le nombre d\u2019utilisateurs des transports en commun - EDMO Belux","og_description":"Entre 2021 et 2023, les abonnements STIB des jeunes de -25 ans et de seniors de +65 ans sont pass\u00e9s...","og_url":"https:\/\/belux.edmo.eu\/fr\/la-gratuit-la-stib-a-fait-augmenter-le-nombre-dabonnements-mais-trs-peu-le-nombre-dutilisateurs-des-transports-en-commun\/","og_site_name":"EDMO Belux","article_published_time":"2024-06-12T05:00:15+00:00","article_modified_time":"2024-06-12T10:46:57+00:00","og_image":[{"width":770,"height":433,"url":"https:\/\/belux-edmo.s3-accelerate.amazonaws.com\/wp-content\/uploads\/2024\/06\/83dc55aeb13cc9f621dcbaa80304d506-1717147916.jpg","type":"image\/jpeg"}],"author":"master","twitter_card":"summary_large_image","twitter_creator":"@Edmo_Belux","twitter_site":"@Edmo_Belux","twitter_misc":{"\u00c9crit par":"master","Dur\u00e9e de lecture estim\u00e9e":"10 minutes"},"schema":{"@context":"https:\/\/schema.org","@graph":[{"@type":"Article","@id":"https:\/\/belux.edmo.eu\/fr\/la-gratuit-la-stib-a-fait-augmenter-le-nombre-dabonnements-mais-trs-peu-le-nombre-dutilisateurs-des-transports-en-commun\/#article","isPartOf":{"@id":"https:\/\/belux.edmo.eu\/fr\/la-gratuit-la-stib-a-fait-augmenter-le-nombre-dabonnements-mais-trs-peu-le-nombre-dutilisateurs-des-transports-en-commun\/"},"author":{"name":"master","@id":"https:\/\/belux.edmo.eu\/#\/schema\/person\/dbe3b252258537fd318f9b5645a30342"},"headline":"La gratuit\u00e9 \u00e0 la STIB a fait augmenter le nombre d\u2019abonnements mais tr\u00e8s peu le nombre d\u2019utilisateurs des transports en commun","datePublished":"2024-06-12T05:00:15+00:00","dateModified":"2024-06-12T10:46:57+00:00","mainEntityOfPage":{"@id":"https:\/\/belux.edmo.eu\/fr\/la-gratuit-la-stib-a-fait-augmenter-le-nombre-dabonnements-mais-trs-peu-le-nombre-dutilisateurs-des-transports-en-commun\/"},"wordCount":2396,"publisher":{"@id":"https:\/\/belux.edmo.eu\/#organization"},"image":{"@id":"https:\/\/belux.edmo.eu\/fr\/la-gratuit-la-stib-a-fait-augmenter-le-nombre-dabonnements-mais-trs-peu-le-nombre-dutilisateurs-des-transports-en-commun\/#primaryimage"},"thumbnailUrl":"https:\/\/belux-edmo.s3-accelerate.amazonaws.com\/wp-content\/uploads\/2024\/06\/83dc55aeb13cc9f621dcbaa80304d506-1717147916.jpg","articleSection":["Economie","Fact-Check","Non classifi\u00e9(e)","Societe"],"inLanguage":"fr-FR"},{"@type":"WebPage","@id":"https:\/\/belux.edmo.eu\/fr\/la-gratuit-la-stib-a-fait-augmenter-le-nombre-dabonnements-mais-trs-peu-le-nombre-dutilisateurs-des-transports-en-commun\/","url":"https:\/\/belux.edmo.eu\/fr\/la-gratuit-la-stib-a-fait-augmenter-le-nombre-dabonnements-mais-trs-peu-le-nombre-dutilisateurs-des-transports-en-commun\/","name":"La gratuit\u00e9 \u00e0 la STIB a fait augmenter le nombre d\u2019abonnements mais tr\u00e8s peu le nombre d\u2019utilisateurs des transports en commun - EDMO Belux","isPartOf":{"@id":"https:\/\/belux.edmo.eu\/#website"},"primaryImageOfPage":{"@id":"https:\/\/belux.edmo.eu\/fr\/la-gratuit-la-stib-a-fait-augmenter-le-nombre-dabonnements-mais-trs-peu-le-nombre-dutilisateurs-des-transports-en-commun\/#primaryimage"},"image":{"@id":"https:\/\/belux.edmo.eu\/fr\/la-gratuit-la-stib-a-fait-augmenter-le-nombre-dabonnements-mais-trs-peu-le-nombre-dutilisateurs-des-transports-en-commun\/#primaryimage"},"thumbnailUrl":"https:\/\/belux-edmo.s3-accelerate.amazonaws.com\/wp-content\/uploads\/2024\/06\/83dc55aeb13cc9f621dcbaa80304d506-1717147916.jpg","datePublished":"2024-06-12T05:00:15+00:00","dateModified":"2024-06-12T10:46:57+00:00","breadcrumb":{"@id":"https:\/\/belux.edmo.eu\/fr\/la-gratuit-la-stib-a-fait-augmenter-le-nombre-dabonnements-mais-trs-peu-le-nombre-dutilisateurs-des-transports-en-commun\/#breadcrumb"},"inLanguage":"fr-FR","potentialAction":[{"@type":"ReadAction","target":["https:\/\/belux.edmo.eu\/fr\/la-gratuit-la-stib-a-fait-augmenter-le-nombre-dabonnements-mais-trs-peu-le-nombre-dutilisateurs-des-transports-en-commun\/"]}]},{"@type":"ImageObject","inLanguage":"fr-FR","@id":"https:\/\/belux.edmo.eu\/fr\/la-gratuit-la-stib-a-fait-augmenter-le-nombre-dabonnements-mais-trs-peu-le-nombre-dutilisateurs-des-transports-en-commun\/#primaryimage","url":"https:\/\/belux-edmo.s3-accelerate.amazonaws.com\/wp-content\/uploads\/2024\/06\/83dc55aeb13cc9f621dcbaa80304d506-1717147916.jpg","contentUrl":"https:\/\/belux-edmo.s3-accelerate.amazonaws.com\/wp-content\/uploads\/2024\/06\/83dc55aeb13cc9f621dcbaa80304d506-1717147916.jpg","width":770,"height":433,"caption":"La gratuit\u00e9 \u00e0 la STIB a fait augmenter le nombre d\u2019abonnements mais tr\u00e8s peu le nombre d\u2019utilisateurs des transports en commun - Featured image"},{"@type":"BreadcrumbList","@id":"https:\/\/belux.edmo.eu\/fr\/la-gratuit-la-stib-a-fait-augmenter-le-nombre-dabonnements-mais-trs-peu-le-nombre-dutilisateurs-des-transports-en-commun\/#breadcrumb","itemListElement":[{"@type":"ListItem","position":1,"name":"Home","item":"https:\/\/belux.edmo.eu\/fr\/"},{"@type":"ListItem","position":2,"name":"La gratuit\u00e9 \u00e0 la STIB a fait augmenter le nombre d\u2019abonnements mais tr\u00e8s peu le nombre d\u2019utilisateurs des transports en commun"}]},{"@type":"WebSite","@id":"https:\/\/belux.edmo.eu\/#website","url":"https:\/\/belux.edmo.eu\/","name":"EDMO Belux","description":"Monitoring Disinformation in Belgium and Luxembourg","publisher":{"@id":"https:\/\/belux.edmo.eu\/#organization"},"potentialAction":[{"@type":"SearchAction","target":{"@type":"EntryPoint","urlTemplate":"https:\/\/belux.edmo.eu\/?s={search_term_string}"},"query-input":{"@type":"PropertyValueSpecification","valueRequired":true,"valueName":"search_term_string"}}],"inLanguage":"fr-FR"},{"@type":"Organization","@id":"https:\/\/belux.edmo.eu\/#organization","name":"EDMO Belux","url":"https:\/\/belux.edmo.eu\/","logo":{"@type":"ImageObject","inLanguage":"fr-FR","@id":"https:\/\/belux.edmo.eu\/#\/schema\/logo\/image\/","url":"https:\/\/belux.edmo.eu\/wp-content\/uploads\/2021\/12\/belux-logo-full-color-rgb.svg","contentUrl":"https:\/\/belux.edmo.eu\/wp-content\/uploads\/2021\/12\/belux-logo-full-color-rgb.svg","width":1,"height":1,"caption":"EDMO Belux"},"image":{"@id":"https:\/\/belux.edmo.eu\/#\/schema\/logo\/image\/"},"sameAs":["https:\/\/x.com\/Edmo_Belux"]},{"@type":"Person","@id":"https:\/\/belux.edmo.eu\/#\/schema\/person\/dbe3b252258537fd318f9b5645a30342","name":"master","sameAs":["https:\/\/belux.wpengine.com"],"url":"https:\/\/belux.edmo.eu\/fr\/author\/master\/"}]}},"menu_order":0,"_links":{"self":[{"href":"https:\/\/belux.edmo.eu\/fr\/wp-json\/wp\/v2\/posts\/339239","targetHints":{"allow":["GET"]}}],"collection":[{"href":"https:\/\/belux.edmo.eu\/fr\/wp-json\/wp\/v2\/posts"}],"about":[{"href":"https:\/\/belux.edmo.eu\/fr\/wp-json\/wp\/v2\/types\/post"}],"author":[{"embeddable":true,"href":"https:\/\/belux.edmo.eu\/fr\/wp-json\/wp\/v2\/users\/1"}],"replies":[{"embeddable":true,"href":"https:\/\/belux.edmo.eu\/fr\/wp-json\/wp\/v2\/comments?post=339239"}],"version-history":[{"count":0,"href":"https:\/\/belux.edmo.eu\/fr\/wp-json\/wp\/v2\/posts\/339239\/revisions"}],"wp:featuredmedia":[{"embeddable":true,"href":"https:\/\/belux.edmo.eu\/fr\/wp-json\/wp\/v2\/media\/339234"}],"wp:attachment":[{"href":"https:\/\/belux.edmo.eu\/fr\/wp-json\/wp\/v2\/media?parent=339239"}],"wp:term":[{"taxonomy":"category","embeddable":true,"href":"https:\/\/belux.edmo.eu\/fr\/wp-json\/wp\/v2\/categories?post=339239"},{"taxonomy":"post_tag","embeddable":true,"href":"https:\/\/belux.edmo.eu\/fr\/wp-json\/wp\/v2\/tags?post=339239"}],"curies":[{"name":"wp","href":"https:\/\/api.w.org\/{rel}","templated":true}]}}