{"id":339279,"date":"2024-06-13T09:13:55","date_gmt":"2024-06-13T09:13:55","guid":{"rendered":"https:\/\/belux.edmo.eu\/?p=339279"},"modified":"2024-06-12T10:47:44","modified_gmt":"2024-06-12T10:47:44","slug":"non-le-halal-nest-pas-obligatoire-dans-les-coles","status":"publish","type":"post","link":"https:\/\/belux.edmo.eu\/fr\/non-le-halal-nest-pas-obligatoire-dans-les-coles\/","title":{"rendered":"Non, le halal n\u2019est pas obligatoire dans les \u00e9coles"},"content":{"rendered":"<p><strong>Dans une vid\u00e9o sponsoris\u00e9e sur les r\u00e9seaux sociaux de Meta \u00e0 destination des Bruxellois, le Vlaams Belang affirme que l\u2019alimentation halal est \u00ab\u00a0obligatoire\u00a0\u00bb \u00e0 l\u2019\u00e9cole. Si des \u00e9coles proposent bien des menus exclusivement sans porc ou halal, il n\u2019y a cependant aucun d\u00e9cret ou aucune loi qui oblige les \u00e9coles \u00e0 proposer ce type de menu dans leurs cantines \u00e0 Bruxelles ou ailleurs en Belgique.<\/strong><\/p>\n<div>\n<div>\n<div>\n<div data-elbcontext=\"area:link\" data-elb-navigation=\"url:#href\">\n<p>Une vid\u00e9o diffus\u00e9e depuis le d\u00e9but du mois de juin\u00a0par\u00a0la section r\u00e9gionale bruxelloise du Vlaams Belang circule sur Instagram et Facebook. Dans celle-ci, un texte et une voix\u00a0OFF en fran\u00e7ais\u00a0mentionnent\u00a0que\u00a0: \u00ab\u00a0Le visage de Bruxelles a chang\u00e9. Un bouleversement sociologique sans pr\u00e9c\u00e9dent a transform\u00e9 le visage de la capitale et du reste du pays\u00a0\u00bb. Parmi les changements \u00e9nonc\u00e9s ensuite, se situe en premi\u00e8re place de la liste\u00a0: \u00ab\u00a0Le halal obligatoire \u00e0 l\u2019\u00e9cole\u00a0\u00bb.<\/p>\n<\/div>\n<\/div>\n<\/div>\n<\/div>\n<div>\n<div>\n<div>\n<div data-elbcontext=\"area:link\" data-elb-navigation=\"url:#href\">\n<p>Que sait-on sur cette vid\u00e9o\u00a0?\u00a0La vid\u00e9o est\u00a0sponsoris\u00e9e par le \u00ab\u00a0Vlaams Belang Brussel\u00a0\u00bb\u00a0sur\u00a0deux des r\u00e9seaux sociaux appartenant au groupe Meta\u00a0: Instagram et Facebook. Il est d\u00e8s lors possible d\u2019en consulter les d\u00e9tails via l\u2019outil\u00a0<a href=\"https:\/\/www.facebook.com\/ads\/library\/?active_status=all&amp;ad_type=political_and_issue_ads&amp;country=BE&amp;media_type=all\" target=\"_blank\" rel=\"noopener\">Ads\u00a0Library<\/a>\u00a0qui r\u00e9pertorie les contenus qui sont pay\u00e9s par les comptes pour les montrer \u00e0 des\u00a0utilisateurs cibl\u00e9s.<\/p>\n<p>\u00c0 l\u2019heure de publier cet\u00a0article,\u00a0<a href=\"https:\/\/ds1.static.rtbf.be\/uploader\/image\/3\/7\/d\/beta_30c31efe773f9a654ceb58ebd2d162d3.jpg\">cette vid\u00e9o\u00a0avait touch\u00e9 entre 90.000 et 100.000 utilisateurs de Facebook et Instagram situ\u00e9s en R\u00e9gion bruxelloise<\/a>.<\/p>\n<hr \/>\n<\/div>\n<\/div>\n<\/div>\n<\/div>\n<div>\n<div>\n<div>\n<div>\n<div>\n<div>\n<p>Les informations disponibles indiquent que la vid\u00e9o est diffus\u00e9e via quatre publicit\u00e9s, c\u2019est-\u00e0-dire quatre versions diff\u00e9rentes\u00a0propos\u00e9es par Meta, et qu\u2019elle a \u00e9t\u00e9 mise en ligne le 31\u00a0mai 2024.<br \/>\nLe montant d\u00e9pens\u00e9 par le parti pour la diffusion\u00a0de cette vid\u00e9o est estim\u00e9\u00a0par la plateforme Meta entre 800 et 899\u00a0euros, \u00e0 ce stade. La publicit\u00e9 est\u00a0toujours en cours de diffusion et affiche un \u00ab\u00a0potentiel\u00a0\u00bb de 210.000 \u00e0 plus de 2.000.000 d\u2019impressions, le crit\u00e8re retenu par Meta pour comptabiliser les \u00ab\u00a0vues\u00a0\u00bb. Il s\u2019agit du nombre de fois que la publication apparait dans le fil d\u2019un utilisateur.<\/p>\n<hr \/>\n<\/div>\n<\/div>\n<\/div>\n<\/div>\n<\/div>\n<\/div>\n<div>\n<div>\n<div>\n<h2>Le Vlaams Belang se base sur sa propre enqu\u00eate, men\u00e9e en\u00a02010<\/h2>\n<\/div>\n<\/div>\n<\/div>\n<div>\n<div>\n<div>\n<div data-elbcontext=\"area:link\" data-elb-navigation=\"url:#href\">\n<p>La r\u00e9daction de Faky a contact\u00e9 le Vlaams Belang, pour savoir si la d\u00e9claration concernant l\u2019obligation de servir des repas halal dans les cantines scolaires porte\u00a0sur la Belgique ou uniquement sur Bruxelles, ainsi que sur les sources de cette affirmation.<\/p>\n<p>Dominiek Lootens-Stal, d\u00e9put\u00e9 au Parlement de la R\u00e9gion de Bruxelles-Capitale explique\u00a0que cette d\u00e9claration se base\u00a0sur une enqu\u00eate r\u00e9alis\u00e9e par son propre parti\u00a0:\u00a0\u00ab\u00a0On a fait il y a quelques ann\u00e9es une enqu\u00eate aupr\u00e8s de 61 \u00e9coles n\u00e9erlandophones libres et officielles flamandes \u00e0 Bruxelles et on leur a demand\u00e9 quel \u00e9tait le r\u00e9gime\u00a0: il y avait beaucoup de halal.\u00a0\u00bb.<\/p>\n<p>Nous avons retrouv\u00e9\u00a0<a href=\"https:\/\/perma.cc\/47Y4-KS5M\" target=\"_blank\" rel=\"noopener\">un article de Het Laatste Nieuws dat\u00e9 du 19\u00a0octobre 2010 qui \u00e9voque la communication du parti \u00e0 ce sujet<\/a>.\u00a0Celle-ci indiquait\u00a0que parmi ces 61 \u00e9coles interrog\u00e9es, 12% d\u2019entre elles ne proposaient que des repas halal. Pour le d\u00e9put\u00e9 bruxellois du Vlaams Belang, ce serait\u00a0\u00ab\u00a0peut-\u00eatre\u00a0plus aujourd\u2019hui\u00a0\u00bb.<\/p>\n<p>M. Lootens-Stal, a \u00e9galement fourni\u00a0<a href=\"https:\/\/ds1.static.rtbf.be\/uploader\/image\/d\/f\/4\/beta_c6c11b9dd386cce5edc4f8a8ff6b1824.jpg\" target=\"_blank\" rel=\"noopener\">une copie d\u2019un article<\/a>\u00a0publi\u00e9 dans la revue du Vlaams Blok (l\u2019ancien nom du Vlaams Belang)\u00a0: \u00ab\u00a0Brussels Nieuws\u00a0\u00bb. Dans cette publication dat\u00e9e \u00e9galement de\u00a02010, on retrouve les chiffres cit\u00e9s dans l\u2019article de HLN. L\u2019article est sign\u00e9 par le d\u00e9put\u00e9 bruxellois du Vlaams Belang lui-m\u00eame.<\/p>\n<p>Interrog\u00e9 sur la m\u00e9thodologie de leur enqu\u00eate, M. Lootens-Stal a pr\u00e9cis\u00e9 que celle-ci avait \u00e9t\u00e9 faite par t\u00e9l\u00e9phone. Il n\u2019a cependant pas pu nous fournir les autres \u00e9l\u00e9ments de ce sondage r\u00e9alis\u00e9 par son propre parti.<\/p>\n<p>Par ailleurs, au sujet de l\u2019inad\u00e9quation\u00a0entre les 12% cit\u00e9s (les \u00e9coles qui ne serviraient que des repas\u00a0halal) dans l\u2019enqu\u00eate et l\u2019obligation annonc\u00e9e (une obligation\u00a0signifierait 100%), il indique que pour lui le probl\u00e8me est que les \u00e9coles qui servent ces repas halal ne communiquent pas sur le sujet.\u00a0\u00ab\u00a0De facto on mange du halal mais comme on ne le sait pas, cela revient \u00e0 une obligation\u00a0\u00bb.<\/p>\n<\/div>\n<\/div>\n<\/div>\n<\/div>\n<div>\n<div>\n<div>\n<div>\n<div>\n<div>\n<hr \/>\n<p>C&rsquo;est quoi le halal ?<\/p>\n<p>Le\u00a0<a href=\"https:\/\/www.rtbf.be\/article\/dix-questions-sur-les-pratiques-halal-en-belgique-9053247\" target=\"_blank\" rel=\"noopener\">\u00ab\u00a0halal\u00a0\u00bb<\/a>, est un r\u00e9gime alimentaire, respect\u00e9 par certains musulmans pratiquants, qui proscrit le porc et l\u2019alcool et conditionne la fa\u00e7on dont les animaux sont abattus en vue de leur consommation.<\/p>\n<p>Aucun texte ne pr\u00e9cise l\u2019origine de l\u2019interdit alimentaire, mais les pistes sont nombreuses. De mani\u00e8re pragmatique l\u2019Islam, arriv\u00e9 comme troisi\u00e8me religion du livre, aurait repris les interdits religieux des deux religions pr\u00e9c\u00e9dentes.<\/p>\n<p>L\u2019origine de l\u2019abattage rituel serait, pour une bonne part, anthropologique\u00a0: le rituel d\u2019abattage doit permettre un contr\u00f4le spirituel \u00ab\u00a0car on ne tue pas gratuitement\u00a0\u00bb. Il faudrait y voir une forme de respect pour la vie.<\/p>\n<p>Pour qu\u2019un produit soit consid\u00e9r\u00e9 comme halal, les conditions\u00a0portent sur l\u2019absence de porc, d\u2019alcool et de leurs d\u00e9riv\u00e9s (comme la g\u00e9latine de porc utilis\u00e9es dans la confection de certaines p\u00e2tisseries\u00a0ou des m\u00e9dicaments qui contiennent des r\u00e9sidus d\u2019alcool, par exemple).<\/p>\n<p>Au niveau de la viande, \u00e0 l\u2019exception donc du porc, il s\u2019agit aussi de respecter les rituels d\u2019abattages du culte musulman\u00a0: l\u2019\u00e9gorgement des animaux est effectu\u00e9 sans \u00e9tourdissement. Par ailleurs, la b\u00eate doit \u00eatre \u00e9gorg\u00e9e en une seule fois et ne doit notamment pas voir les autres animaux destin\u00e9s \u00e0 conna\u00eetre le m\u00eame destin que lui.<\/p>\n<hr \/>\n<\/div>\n<\/div>\n<\/div>\n<\/div>\n<\/div>\n<\/div>\n<div>\n<div>\n<div>\n<h2>Qu\u2019en est-il dans l\u2019enseignement flamand \u00e0 Bruxelles\u00a0?<\/h2>\n<\/div>\n<\/div>\n<\/div>\n<div>\n<div>\n<div>\n<div data-elbcontext=\"area:link\" data-elb-navigation=\"url:#href\">\n<p>Au niveau des r\u00e8gles qui r\u00e9gissent\u00a0les repas servis dans le cadre des \u00e9coles, ce sont les communaut\u00e9s qui sont comp\u00e9tentes en Belgique, notamment au travers des minist\u00e8res de l\u2019Enseignement.<\/p>\n<p>Du c\u00f4t\u00e9 de l\u2019enseignement flamand \u00e0 Bruxelles, c\u2019est le ministre Sven Gatz (Open Vld) qui est responsable en mati\u00e8re d\u2019\u00c9ducation, via le coll\u00e8ge de la Vlaamse Gemeenschap Commisie (VGC), la Commission Communautaire flamande.<\/p>\n<p>Interrog\u00e9e par la r\u00e9daction de Faky, la porte-parole du ministre Gatz indique\u00a0:\u00a0\u00ab\u00a0aucune obligation\u00a0n\u2019est impos\u00e9e par la VGC \u00e0 l\u2019\u00e9gard du halal dans les \u00e9coles\u00a0\u00bb.\u00a0Eva Vanhengel confirme qu\u2019il existe bien des \u00e9coles flamandes \u00e0 Bruxelles qui proposent des menus halal\u00a0: \u00ab\u00a0Par exemple, la cuisine centrale Agape de l\u2019enseignement communautaire propose l\u2019option halal, en plus des menus v\u00e9g\u00e9tariens, hybrides, di\u00e9t\u00e9tiques\u2026\u00a0\u00bb,\u00a0mais que ces choix sont exclusivement\u00a0\u00e0 l\u2019initiative des \u00e9coles.<\/p>\n<p>\u00ab\u00a0Prendre des dispositions pour les repas scolaires et les communiquer aux parents fait partie des attributions des pouvoirs organisateurs. Ce sont donc les \u00e9coles elles-m\u00eames qui d\u00e9cident de leur offre de repas \u00e0 la cantine\u00a0\u00bb.<\/p>\n<\/div>\n<\/div>\n<\/div>\n<\/div>\n<div>\n<div>\n<div>\n<div>\n<div>\n<div>\n<hr \/>\n<p>C&rsquo;est quoi un pouvoir organisateur ?<\/p>\n<p>Le\u00a0<a href=\"https:\/\/www.wbe.be\/wbe\/wbe-pouvoir-organisateur\/les-reseaux-denseignement-en-wallonie-et-a-bruxelles\/\" target=\"_blank\" rel=\"noopener\">pouvoir organisateur<\/a>, en abr\u00e9g\u00e9 \u00ab\u00a0PO\u00a0\u00bb, d\u2019un \u00e9tablissement d\u2019enseignement est l\u2019autorit\u00e9, les personnes\u00a0physiques\u00a0ou morales, publiques\u00a0ou priv\u00e9es, qui en assument\u00a0la responsabilit\u00e9.\u00a0C\u2019est ce \u00ab\u00a0PO\u00a0\u00bb qui d\u00e9termine notamment le choix des m\u00e9thodes p\u00e9dagogiques, le programme, l\u2019engagement des enseignants, les valeurs principalement v\u00e9hicul\u00e9es,\u00a0etc. ,<\/p>\n<\/div>\n<\/div>\n<\/div>\n<\/div>\n<\/div>\n<\/div>\n<div>\n<div>\n<div>\n<div data-elbcontext=\"area:link\" data-elb-navigation=\"url:#href\">\n<p>Mme\u00a0Vanhengel\u00a0indique \u00e9galement que le minist\u00e8re ne collecte pas de chiffres sur le nombre d\u2019\u00e9coles qui proposent une offre halal aux enfants.<\/p>\n<p>Le\u00a0<a href=\"https:\/\/www.wbe.be\/wbe\/wbe-pouvoir-organisateur\/les-reseaux-denseignement-en-wallonie-et-a-bruxelles\/\" target=\"_blank\" rel=\"noopener\">pouvoir organisateur,<\/a>\u00a0en abr\u00e9g\u00e9 \u00ab\u00a0PO\u00a0\u00bb, d\u2019un \u00e9tablissement d\u2019enseignement est l\u2019autorit\u00e9, les personnes\u00a0physiques\u00a0ou morales, publiques\u00a0ou priv\u00e9es, qui en assument\u00a0la responsabilit\u00e9.\u00a0C\u2019est ce \u00ab\u00a0PO\u00a0\u00bb qui d\u00e9termine notamment le choix des m\u00e9thodes p\u00e9dagogiques, le programme, l\u2019engagement des enseignants, les valeurs principalement v\u00e9hicul\u00e9es,\u00a0etc.<\/p>\n<hr \/>\n<\/div>\n<\/div>\n<\/div>\n<\/div>\n<div>\n<div>\n<div>\n<h2>Aucun d\u00e9cret de l\u2019Enseignement en Belgique ne mentionne le halal<\/h2>\n<\/div>\n<\/div>\n<\/div>\n<div>\n<div>\n<div>\n<div data-elbcontext=\"area:link\" data-elb-navigation=\"url:#href\">\n<p>Pour savoir ce qu\u2019il en \u00e9tait dans les autres \u00e9coles en Belgique, nous avons interrog\u00e9 les autres ministres comp\u00e9tents pour les \u00e9l\u00e8ves francophones et n\u00e9erlandophones du pays.<\/p>\n<p>C\u00f4t\u00e9 francophone, la r\u00e9daction de Faky a contact\u00e9 le cabinet de la ministre de l\u2019\u00c9ducation, Caroline D\u00e9sir (PS).\u00a0\u00ab\u00a0\u00c0 l&rsquo;exception du d\u00e9cret &lsquo;cantines gratuites&rsquo;, qui pr\u00e9voit une alternative v\u00e9g\u00e9tarienne et ne s&rsquo;adresse qu&rsquo;aux \u00e9coles qui font le choix d&rsquo;int\u00e9grer le dispositif, aucun texte l\u00e9gal ne d\u00e9termine quel type de repas doit \u00eatre servi \u00e0 l&rsquo;\u00e9cole. Et aucune instruction n&rsquo;a jamais \u00e9t\u00e9 communiqu\u00e9e \u00e0 ce sujet\u00a0\u00bb,\u00a0explique Jean-Fran\u00e7ois Mahieu, porte-parole et responsable de la communication de\u00a0Mme\u00a0D\u00e9sir.<\/p>\n<p>Dans les \u00e9coles francophones, il\u00a0y a\u00a0bien des \u00e9tablissements\u00a0qui ont fait le choix du halal ou du sans porc. D\u2019autres \u00e9coles font le choix de proposer des menus alternatifs\u00a0ou\u00a0<a href=\"https:\/\/perma.cc\/269K-3YN2\" target=\"_blank\" rel=\"noopener\">des menus sans viande<\/a>.\u00a0Il ne s\u2019agit cependant pas d\u2019une obligation mais, l\u00e0 aussi, d\u2019un choix d\u00e9lib\u00e9r\u00e9 de leurs PO.<\/p>\n<p>Du c\u00f4t\u00e9 de la Flandre, Micha\u00ebl Devoldere, porte-parole du ministre flamand de l\u2019enseignement Ben Weyts (N-VA), explique que les \u00e9coles de l\u2019enseignement flamand en Flandre\u00a0n\u2019ont, eux non plus, aucune obligation d\u2019offrir des repas halal. \u00ab\u00a0En fait, les \u00e9coles ne sont m\u00eame pas du tout oblig\u00e9es de proposer un repas chaud aux \u00e9l\u00e8ves. Il est possible que certaines \u00e9coles servent de la nourriture halal, mais il s\u2019agit alors d\u2019un choix propre \u00e0 l\u2019\u00e9tablissement\u00a0\u00bb.<\/p>\n<\/div>\n<\/div>\n<\/div>\n<\/div>\n<div>\n<div>\n<div>\n<h2>Conclusion<\/h2>\n<\/div>\n<\/div>\n<\/div>\n<div>\n<div>\n<div>\n<div data-elbcontext=\"area:link\" data-elb-navigation=\"url:#href\">\n<p>La section bruxelloise du Vlaams Belang diffuse une vid\u00e9o sponsoris\u00e9e sur les r\u00e9seaux sociaux dans laquelle elle estime qu\u2019u\u00a0\u00ab\u00a0bouleversement sociologique sans pr\u00e9c\u00e9dent a transform\u00e9 le visage de la capitale et du reste du pays\u00a0\u00bb. Le premier exemple de ce bouleversement serait \u00ab\u00a0le halal obligatoire dans les \u00e9coles\u00a0\u00bb.<\/p>\n<p>Pour fonder cette affirmation, le Vlaams Belang se base sur une enqu\u00eate r\u00e9alis\u00e9e par son propre parti par t\u00e9l\u00e9phone, il y a plus de treize ans et sans en d\u00e9tailler la m\u00e9thodologie. Par ailleurs, cette enqu\u00eate ne confirme en aucun cas qu\u2019il y aurait une \u00ab\u00a0obligation\u00a0\u00bb. Le Vlaams Belang interpr\u00e8te ses r\u00e9sultats (12% des \u00e9coles qui n\u2019offriraient que des repas halal), en estimant que dans ces cas, les parents qui inscrivent leurs enfants au repas chauds (facultatifs) ne sont pas au courant qu\u2019il s\u2019agit de repas halal, que \u00e7a se ferait donc \u00e0 leur insu, et que \u00e7a reviendrait \u00e0 une obligation \u00ab\u00a0de facto\u00a0\u00bb.<\/p>\n<p>Aucun d\u00e9cret ne stipule cependant la moindre obligation de servir des repas halal dans les cantines scolaires. Si certains \u00e9tablissements le font, il s\u2019agit de d\u00e9cisions au cas par cas, prises de fa\u00e7on ind\u00e9pendante par les pouvoirs organisateurs des \u00e9coles.<\/p>\n<p>Nous estimons que l\u2019affirmation contenue dans la vid\u00e9o de la section bruxelloise du Vlaams Belang\u00a0est\u00a0fausse.<\/p>\n<\/div>\n<\/div>\n<\/div>\n<\/div>\n","protected":false},"excerpt":{"rendered":"<p>Dans une vid\u00e9o sponsoris\u00e9e sur les r\u00e9seaux sociaux de Meta \u00e0 destination des Bruxellois, le Vlaams Belang affirme que l\u2019alimentation&#8230;<\/p>\n","protected":false},"author":1,"featured_media":339274,"comment_status":"closed","ping_status":"open","sticky":false,"template":"","format":"standard","meta":{"_acf_changed":false,"footnotes":""},"categories":[125,116,132,138],"tags":[],"class_list":{"0":"post-339279","1":"post","2":"type-post","3":"status-publish","4":"format-standard","5":"has-post-thumbnail","7":"category-fact-check-fr","8":"category-non-classifiee","9":"category-politique","10":"category-societe"},"acf":{"show_metatags":true,"id":"https:\/\/www.rtbf.be\/article\/non-le-halal-n-est-pas-obligatoire-dans-les-ecoles-11383185","authors":"Gr\u00e9goire Ryckmans","organization":"RTBF","featured_image_copyright":"","text_copyright":"Copyright: (C)RTBF Radio, Television Belge Francophone, plus d'infos: https:\/\/www.rtbf.be\/cgu\/","source":"https:\/\/www.rtbf.be\/article\/non-le-halal-n-est-pas-obligatoire-dans-les-ecoles-11383185","fact_checker":"https:\/\/belux.wpengine.com\/wp-content\/uploads\/2022\/01\/rtbf-logo.jpg","type":"\u00c9v\u00e9nement ferm\u00e9","location":"","start_date":"","start_date_event_begins_at":"","start_date_event_ends_at":"","end_date":"","end_date_event_begins_at":"","end_date_event_ends_at":"","organizer":"","fact_checker_logo_image":false},"yoast_head":"<!-- This site is optimized with the Yoast SEO plugin v27.0 - https:\/\/yoast.com\/product\/yoast-seo-wordpress\/ -->\n<title>Non, le halal n\u2019est pas obligatoire dans les \u00e9coles - EDMO Belux<\/title>\n<meta name=\"robots\" content=\"index, follow, max-snippet:-1, max-image-preview:large, max-video-preview:-1\" \/>\n<link rel=\"canonical\" href=\"https:\/\/belux.edmo.eu\/fr\/non-le-halal-nest-pas-obligatoire-dans-les-coles\/\" \/>\n<meta property=\"og:locale\" content=\"fr_FR\" \/>\n<meta property=\"og:type\" content=\"article\" \/>\n<meta property=\"og:title\" content=\"Non, le halal n\u2019est pas obligatoire dans les \u00e9coles - EDMO Belux\" \/>\n<meta property=\"og:description\" content=\"Dans une vid\u00e9o sponsoris\u00e9e sur les r\u00e9seaux sociaux de Meta \u00e0 destination des Bruxellois, le Vlaams Belang affirme que l\u2019alimentation...\" \/>\n<meta property=\"og:url\" content=\"https:\/\/belux.edmo.eu\/fr\/non-le-halal-nest-pas-obligatoire-dans-les-coles\/\" \/>\n<meta property=\"og:site_name\" content=\"EDMO Belux\" \/>\n<meta property=\"article:published_time\" content=\"2024-06-13T09:13:55+00:00\" \/>\n<meta property=\"og:image\" content=\"https:\/\/belux-edmo.s3-accelerate.amazonaws.com\/wp-content\/uploads\/2024\/06\/e698959e9b93e4de823526327ffed84a-1717425557.jpg\" \/>\n\t<meta property=\"og:image:width\" content=\"770\" \/>\n\t<meta property=\"og:image:height\" content=\"433\" \/>\n\t<meta property=\"og:image:type\" content=\"image\/jpeg\" \/>\n<meta name=\"author\" content=\"master\" \/>\n<meta name=\"twitter:card\" content=\"summary_large_image\" \/>\n<meta name=\"twitter:creator\" content=\"@Edmo_Belux\" \/>\n<meta name=\"twitter:site\" content=\"@Edmo_Belux\" \/>\n<meta name=\"twitter:label1\" content=\"\u00c9crit par\" \/>\n\t<meta name=\"twitter:data1\" content=\"master\" \/>\n\t<meta name=\"twitter:label2\" content=\"Dur\u00e9e de lecture estim\u00e9e\" \/>\n\t<meta name=\"twitter:data2\" content=\"8 minutes\" \/>\n<script type=\"application\/ld+json\" class=\"yoast-schema-graph\">{\"@context\":\"https:\/\/schema.org\",\"@graph\":[{\"@type\":\"Article\",\"@id\":\"https:\/\/belux.edmo.eu\/fr\/non-le-halal-nest-pas-obligatoire-dans-les-coles\/#article\",\"isPartOf\":{\"@id\":\"https:\/\/belux.edmo.eu\/fr\/non-le-halal-nest-pas-obligatoire-dans-les-coles\/\"},\"author\":{\"name\":\"master\",\"@id\":\"https:\/\/belux.edmo.eu\/#\/schema\/person\/dbe3b252258537fd318f9b5645a30342\"},\"headline\":\"Non, le halal n\u2019est pas obligatoire dans les \u00e9coles\",\"datePublished\":\"2024-06-13T09:13:55+00:00\",\"mainEntityOfPage\":{\"@id\":\"https:\/\/belux.edmo.eu\/fr\/non-le-halal-nest-pas-obligatoire-dans-les-coles\/\"},\"wordCount\":1801,\"publisher\":{\"@id\":\"https:\/\/belux.edmo.eu\/#organization\"},\"image\":{\"@id\":\"https:\/\/belux.edmo.eu\/fr\/non-le-halal-nest-pas-obligatoire-dans-les-coles\/#primaryimage\"},\"thumbnailUrl\":\"https:\/\/belux-edmo.s3-accelerate.amazonaws.com\/wp-content\/uploads\/2024\/06\/e698959e9b93e4de823526327ffed84a-1717425557.jpg\",\"articleSection\":[\"Fact-Check\",\"Non classifi\u00e9(e)\",\"Politique\",\"Societe\"],\"inLanguage\":\"fr-FR\"},{\"@type\":\"WebPage\",\"@id\":\"https:\/\/belux.edmo.eu\/fr\/non-le-halal-nest-pas-obligatoire-dans-les-coles\/\",\"url\":\"https:\/\/belux.edmo.eu\/fr\/non-le-halal-nest-pas-obligatoire-dans-les-coles\/\",\"name\":\"Non, le halal n\u2019est pas obligatoire dans les \u00e9coles - EDMO Belux\",\"isPartOf\":{\"@id\":\"https:\/\/belux.edmo.eu\/#website\"},\"primaryImageOfPage\":{\"@id\":\"https:\/\/belux.edmo.eu\/fr\/non-le-halal-nest-pas-obligatoire-dans-les-coles\/#primaryimage\"},\"image\":{\"@id\":\"https:\/\/belux.edmo.eu\/fr\/non-le-halal-nest-pas-obligatoire-dans-les-coles\/#primaryimage\"},\"thumbnailUrl\":\"https:\/\/belux-edmo.s3-accelerate.amazonaws.com\/wp-content\/uploads\/2024\/06\/e698959e9b93e4de823526327ffed84a-1717425557.jpg\",\"datePublished\":\"2024-06-13T09:13:55+00:00\",\"breadcrumb\":{\"@id\":\"https:\/\/belux.edmo.eu\/fr\/non-le-halal-nest-pas-obligatoire-dans-les-coles\/#breadcrumb\"},\"inLanguage\":\"fr-FR\",\"potentialAction\":[{\"@type\":\"ReadAction\",\"target\":[\"https:\/\/belux.edmo.eu\/fr\/non-le-halal-nest-pas-obligatoire-dans-les-coles\/\"]}]},{\"@type\":\"ImageObject\",\"inLanguage\":\"fr-FR\",\"@id\":\"https:\/\/belux.edmo.eu\/fr\/non-le-halal-nest-pas-obligatoire-dans-les-coles\/#primaryimage\",\"url\":\"https:\/\/belux-edmo.s3-accelerate.amazonaws.com\/wp-content\/uploads\/2024\/06\/e698959e9b93e4de823526327ffed84a-1717425557.jpg\",\"contentUrl\":\"https:\/\/belux-edmo.s3-accelerate.amazonaws.com\/wp-content\/uploads\/2024\/06\/e698959e9b93e4de823526327ffed84a-1717425557.jpg\",\"width\":770,\"height\":433,\"caption\":\"Non, le halal n\u2019est pas obligatoire dans les \u00e9coles - Featured image\"},{\"@type\":\"BreadcrumbList\",\"@id\":\"https:\/\/belux.edmo.eu\/fr\/non-le-halal-nest-pas-obligatoire-dans-les-coles\/#breadcrumb\",\"itemListElement\":[{\"@type\":\"ListItem\",\"position\":1,\"name\":\"Home\",\"item\":\"https:\/\/belux.edmo.eu\/fr\/\"},{\"@type\":\"ListItem\",\"position\":2,\"name\":\"Non, le halal n\u2019est pas obligatoire dans les \u00e9coles\"}]},{\"@type\":\"WebSite\",\"@id\":\"https:\/\/belux.edmo.eu\/#website\",\"url\":\"https:\/\/belux.edmo.eu\/\",\"name\":\"EDMO Belux\",\"description\":\"Monitoring Disinformation in Belgium and Luxembourg\",\"publisher\":{\"@id\":\"https:\/\/belux.edmo.eu\/#organization\"},\"potentialAction\":[{\"@type\":\"SearchAction\",\"target\":{\"@type\":\"EntryPoint\",\"urlTemplate\":\"https:\/\/belux.edmo.eu\/?s={search_term_string}\"},\"query-input\":{\"@type\":\"PropertyValueSpecification\",\"valueRequired\":true,\"valueName\":\"search_term_string\"}}],\"inLanguage\":\"fr-FR\"},{\"@type\":\"Organization\",\"@id\":\"https:\/\/belux.edmo.eu\/#organization\",\"name\":\"EDMO Belux\",\"url\":\"https:\/\/belux.edmo.eu\/\",\"logo\":{\"@type\":\"ImageObject\",\"inLanguage\":\"fr-FR\",\"@id\":\"https:\/\/belux.edmo.eu\/#\/schema\/logo\/image\/\",\"url\":\"https:\/\/belux.edmo.eu\/wp-content\/uploads\/2021\/12\/belux-logo-full-color-rgb.svg\",\"contentUrl\":\"https:\/\/belux.edmo.eu\/wp-content\/uploads\/2021\/12\/belux-logo-full-color-rgb.svg\",\"width\":1,\"height\":1,\"caption\":\"EDMO Belux\"},\"image\":{\"@id\":\"https:\/\/belux.edmo.eu\/#\/schema\/logo\/image\/\"},\"sameAs\":[\"https:\/\/x.com\/Edmo_Belux\"]},{\"@type\":\"Person\",\"@id\":\"https:\/\/belux.edmo.eu\/#\/schema\/person\/dbe3b252258537fd318f9b5645a30342\",\"name\":\"master\",\"sameAs\":[\"https:\/\/belux.wpengine.com\"],\"url\":\"https:\/\/belux.edmo.eu\/fr\/author\/master\/\"}]}<\/script>\n<!-- \/ Yoast SEO plugin. -->","yoast_head_json":{"title":"Non, le halal n\u2019est pas obligatoire dans les \u00e9coles - EDMO Belux","robots":{"index":"index","follow":"follow","max-snippet":"max-snippet:-1","max-image-preview":"max-image-preview:large","max-video-preview":"max-video-preview:-1"},"canonical":"https:\/\/belux.edmo.eu\/fr\/non-le-halal-nest-pas-obligatoire-dans-les-coles\/","og_locale":"fr_FR","og_type":"article","og_title":"Non, le halal n\u2019est pas obligatoire dans les \u00e9coles - EDMO Belux","og_description":"Dans une vid\u00e9o sponsoris\u00e9e sur les r\u00e9seaux sociaux de Meta \u00e0 destination des Bruxellois, le Vlaams Belang affirme que l\u2019alimentation...","og_url":"https:\/\/belux.edmo.eu\/fr\/non-le-halal-nest-pas-obligatoire-dans-les-coles\/","og_site_name":"EDMO Belux","article_published_time":"2024-06-13T09:13:55+00:00","og_image":[{"width":770,"height":433,"url":"https:\/\/belux-edmo.s3-accelerate.amazonaws.com\/wp-content\/uploads\/2024\/06\/e698959e9b93e4de823526327ffed84a-1717425557.jpg","type":"image\/jpeg"}],"author":"master","twitter_card":"summary_large_image","twitter_creator":"@Edmo_Belux","twitter_site":"@Edmo_Belux","twitter_misc":{"\u00c9crit par":"master","Dur\u00e9e de lecture estim\u00e9e":"8 minutes"},"schema":{"@context":"https:\/\/schema.org","@graph":[{"@type":"Article","@id":"https:\/\/belux.edmo.eu\/fr\/non-le-halal-nest-pas-obligatoire-dans-les-coles\/#article","isPartOf":{"@id":"https:\/\/belux.edmo.eu\/fr\/non-le-halal-nest-pas-obligatoire-dans-les-coles\/"},"author":{"name":"master","@id":"https:\/\/belux.edmo.eu\/#\/schema\/person\/dbe3b252258537fd318f9b5645a30342"},"headline":"Non, le halal n\u2019est pas obligatoire dans les \u00e9coles","datePublished":"2024-06-13T09:13:55+00:00","mainEntityOfPage":{"@id":"https:\/\/belux.edmo.eu\/fr\/non-le-halal-nest-pas-obligatoire-dans-les-coles\/"},"wordCount":1801,"publisher":{"@id":"https:\/\/belux.edmo.eu\/#organization"},"image":{"@id":"https:\/\/belux.edmo.eu\/fr\/non-le-halal-nest-pas-obligatoire-dans-les-coles\/#primaryimage"},"thumbnailUrl":"https:\/\/belux-edmo.s3-accelerate.amazonaws.com\/wp-content\/uploads\/2024\/06\/e698959e9b93e4de823526327ffed84a-1717425557.jpg","articleSection":["Fact-Check","Non classifi\u00e9(e)","Politique","Societe"],"inLanguage":"fr-FR"},{"@type":"WebPage","@id":"https:\/\/belux.edmo.eu\/fr\/non-le-halal-nest-pas-obligatoire-dans-les-coles\/","url":"https:\/\/belux.edmo.eu\/fr\/non-le-halal-nest-pas-obligatoire-dans-les-coles\/","name":"Non, le halal n\u2019est pas obligatoire dans les \u00e9coles - EDMO Belux","isPartOf":{"@id":"https:\/\/belux.edmo.eu\/#website"},"primaryImageOfPage":{"@id":"https:\/\/belux.edmo.eu\/fr\/non-le-halal-nest-pas-obligatoire-dans-les-coles\/#primaryimage"},"image":{"@id":"https:\/\/belux.edmo.eu\/fr\/non-le-halal-nest-pas-obligatoire-dans-les-coles\/#primaryimage"},"thumbnailUrl":"https:\/\/belux-edmo.s3-accelerate.amazonaws.com\/wp-content\/uploads\/2024\/06\/e698959e9b93e4de823526327ffed84a-1717425557.jpg","datePublished":"2024-06-13T09:13:55+00:00","breadcrumb":{"@id":"https:\/\/belux.edmo.eu\/fr\/non-le-halal-nest-pas-obligatoire-dans-les-coles\/#breadcrumb"},"inLanguage":"fr-FR","potentialAction":[{"@type":"ReadAction","target":["https:\/\/belux.edmo.eu\/fr\/non-le-halal-nest-pas-obligatoire-dans-les-coles\/"]}]},{"@type":"ImageObject","inLanguage":"fr-FR","@id":"https:\/\/belux.edmo.eu\/fr\/non-le-halal-nest-pas-obligatoire-dans-les-coles\/#primaryimage","url":"https:\/\/belux-edmo.s3-accelerate.amazonaws.com\/wp-content\/uploads\/2024\/06\/e698959e9b93e4de823526327ffed84a-1717425557.jpg","contentUrl":"https:\/\/belux-edmo.s3-accelerate.amazonaws.com\/wp-content\/uploads\/2024\/06\/e698959e9b93e4de823526327ffed84a-1717425557.jpg","width":770,"height":433,"caption":"Non, le halal n\u2019est pas obligatoire dans les \u00e9coles - Featured image"},{"@type":"BreadcrumbList","@id":"https:\/\/belux.edmo.eu\/fr\/non-le-halal-nest-pas-obligatoire-dans-les-coles\/#breadcrumb","itemListElement":[{"@type":"ListItem","position":1,"name":"Home","item":"https:\/\/belux.edmo.eu\/fr\/"},{"@type":"ListItem","position":2,"name":"Non, le halal n\u2019est pas obligatoire dans les \u00e9coles"}]},{"@type":"WebSite","@id":"https:\/\/belux.edmo.eu\/#website","url":"https:\/\/belux.edmo.eu\/","name":"EDMO Belux","description":"Monitoring Disinformation in Belgium and Luxembourg","publisher":{"@id":"https:\/\/belux.edmo.eu\/#organization"},"potentialAction":[{"@type":"SearchAction","target":{"@type":"EntryPoint","urlTemplate":"https:\/\/belux.edmo.eu\/?s={search_term_string}"},"query-input":{"@type":"PropertyValueSpecification","valueRequired":true,"valueName":"search_term_string"}}],"inLanguage":"fr-FR"},{"@type":"Organization","@id":"https:\/\/belux.edmo.eu\/#organization","name":"EDMO Belux","url":"https:\/\/belux.edmo.eu\/","logo":{"@type":"ImageObject","inLanguage":"fr-FR","@id":"https:\/\/belux.edmo.eu\/#\/schema\/logo\/image\/","url":"https:\/\/belux.edmo.eu\/wp-content\/uploads\/2021\/12\/belux-logo-full-color-rgb.svg","contentUrl":"https:\/\/belux.edmo.eu\/wp-content\/uploads\/2021\/12\/belux-logo-full-color-rgb.svg","width":1,"height":1,"caption":"EDMO Belux"},"image":{"@id":"https:\/\/belux.edmo.eu\/#\/schema\/logo\/image\/"},"sameAs":["https:\/\/x.com\/Edmo_Belux"]},{"@type":"Person","@id":"https:\/\/belux.edmo.eu\/#\/schema\/person\/dbe3b252258537fd318f9b5645a30342","name":"master","sameAs":["https:\/\/belux.wpengine.com"],"url":"https:\/\/belux.edmo.eu\/fr\/author\/master\/"}]}},"menu_order":0,"_links":{"self":[{"href":"https:\/\/belux.edmo.eu\/fr\/wp-json\/wp\/v2\/posts\/339279","targetHints":{"allow":["GET"]}}],"collection":[{"href":"https:\/\/belux.edmo.eu\/fr\/wp-json\/wp\/v2\/posts"}],"about":[{"href":"https:\/\/belux.edmo.eu\/fr\/wp-json\/wp\/v2\/types\/post"}],"author":[{"embeddable":true,"href":"https:\/\/belux.edmo.eu\/fr\/wp-json\/wp\/v2\/users\/1"}],"replies":[{"embeddable":true,"href":"https:\/\/belux.edmo.eu\/fr\/wp-json\/wp\/v2\/comments?post=339279"}],"version-history":[{"count":0,"href":"https:\/\/belux.edmo.eu\/fr\/wp-json\/wp\/v2\/posts\/339279\/revisions"}],"wp:featuredmedia":[{"embeddable":true,"href":"https:\/\/belux.edmo.eu\/fr\/wp-json\/wp\/v2\/media\/339274"}],"wp:attachment":[{"href":"https:\/\/belux.edmo.eu\/fr\/wp-json\/wp\/v2\/media?parent=339279"}],"wp:term":[{"taxonomy":"category","embeddable":true,"href":"https:\/\/belux.edmo.eu\/fr\/wp-json\/wp\/v2\/categories?post=339279"},{"taxonomy":"post_tag","embeddable":true,"href":"https:\/\/belux.edmo.eu\/fr\/wp-json\/wp\/v2\/tags?post=339279"}],"curies":[{"name":"wp","href":"https:\/\/api.w.org\/{rel}","templated":true}]}}