{"id":340441,"date":"2024-06-11T12:43:06","date_gmt":"2024-06-11T12:43:06","guid":{"rendered":"https:\/\/belux.edmo.eu\/?p=340441"},"modified":"2024-06-12T08:25:44","modified_gmt":"2024-06-12T08:25:44","slug":"non-ce-nest-pas-grce-au-soutien-des-belges-dorigine-marocaine-et-sa-position-sur-le-sahara-occidental-que-le-mr-a-gagn-en-wallonie-et-bruxelles","status":"publish","type":"post","link":"https:\/\/belux.edmo.eu\/fr\/non-ce-nest-pas-grce-au-soutien-des-belges-dorigine-marocaine-et-sa-position-sur-le-sahara-occidental-que-le-mr-a-gagn-en-wallonie-et-bruxelles\/","title":{"rendered":"Non, ce n&rsquo;est pas gr\u00e2ce au soutien des Belges d&rsquo;origine marocaine et \u00e0 sa \u00ab\u00a0position\u00a0\u00bb sur le Sahara occidental que le MR a gagn\u00e9 en Wallonie et \u00e0 Bruxelles"},"content":{"rendered":"<p><strong>Une publication sur \u00ab\u00a0X\u00a0\u00bb stipulant que le parti MR est arriv\u00e9 en t\u00eate en Wallonie et \u00e0 Bruxelles gr\u00e2ce au vote des Belges d\u2019origine marocaine et sa \u00ab\u00a0position\u00a0\u00bb sur le Sahara occidental relayait une information non v\u00e9rifi\u00e9e d\u2019un autre compte \u00ab\u00a0X\u00a0\u00bb qui a, depuis, supprim\u00e9 ce message suite \u00e0 notre prise de contact. Une analyse des r\u00e9sultats \u00e9lectoraux montre que les communes wallonnes et bruxelloises avec une forte population d\u2019origine marocaine n\u2019ont pas plac\u00e9 le MR en t\u00eate lors des \u00e9lections du 9 juin dernier, rendant cette affirmation fausse.\u00a0<\/strong><\/p>\n<div>\n<div>\n<div>\n<div data-elbcontext=\"area:link\" data-elb-navigation=\"url:#href\">\n<p>Au lendemain des \u00e9lections r\u00e9gionales, le Mouvement R\u00e9formateur (MR) devient le premier parti politique aux Parlements\u00a0<a href=\"https:\/\/www.rtbf.be\/elections-2024\/resultats?parlement=bruxellois\">bruxellois (21,5%)<\/a>\u00a0et\u00a0<a href=\"https:\/\/www.rtbf.be\/elections-2024\/resultats?parlement=wallon\">wallon (29,6%)<\/a>.<\/p>\n<p>Sur les r\u00e9seaux sociaux des internautes avancent des raisons \u00e0 ce succ\u00e8s. \u00ab\u00a0Le parti de centre droit MR \u00e9merge en premi\u00e8re position en Wallonie et \u00e0 Bruxelles, notamment gr\u00e2ce au vote massif des Belges d\u2019origine marocaine.\u00a0Un vote motiv\u00e9 en partie par le soutien du MR \u00e0 la marocanit\u00e9 du Sahara\u00a0\u00bb, mentionne ainsi dans\u00a0<a href=\"https:\/\/perma.cc\/4MWP-UAA2\">une<\/a><a href=\"https:\/\/perma.cc\/4MWP-UAA2\">\u00a0publication post\u00e9e sur \u00ab\u00a0X\u00a0\u00bb ce dimanche soir<\/a>. Une publication d\u00e9j\u00e0 vue par plus de 200.000 personnes et partag\u00e9e\u00a0plus de 400 fois.<\/p>\n<p>Premi\u00e8re v\u00e9rification : est-ce que le MR arrive en t\u00eate dans les circonscriptions compos\u00e9es d\u2019une\u00a0forte\u00a0population d\u2019origine marocaine, comme l\u2019affirme cette publication\u00a0?<\/p>\n<\/div>\n<\/div>\n<\/div>\n<\/div>\n<div>\n<div>\n<div>\n<div>\n<div><img src=\"https:\/\/ds.static.rtbf.be\/article\/image\/1920xAuto\/2\/0\/0\/927c22d53be4c1e95520e5fa4027810e-1718031598.png\" sizes=\"(min-width: 760px) 656px, calc(90.91vw - 17px)\" srcset=\"https:\/\/ds.static.rtbf.be\/article\/image\/180xAuto\/2\/0\/0\/927c22d53be4c1e95520e5fa4027810e-1718031598.png 180w, https:\/\/ds.static.rtbf.be\/article\/image\/370xAuto\/2\/0\/0\/927c22d53be4c1e95520e5fa4027810e-1718031598.png 370w, https:\/\/ds.static.rtbf.be\/article\/image\/770xAuto\/2\/0\/0\/927c22d53be4c1e95520e5fa4027810e-1718031598.png 770w, https:\/\/ds.static.rtbf.be\/article\/image\/1248xAuto\/2\/0\/0\/927c22d53be4c1e95520e5fa4027810e-1718031598.png 1248w, https:\/\/ds.static.rtbf.be\/article\/image\/1920xAuto\/2\/0\/0\/927c22d53be4c1e95520e5fa4027810e-1718031598.png 1920w\" data-nimg=\"fill\" \/><\/div>\n<\/div>\n<div>\u00a9\u00a0Capture d&rsquo;\u00e9cran \u00ab\u00a0X\u00a0\u00bb<\/div>\n<\/div>\n<\/div>\n<\/div>\n<div>\n<div>\n<div>\n<div data-elbcontext=\"area:link\" data-elb-navigation=\"url:#href\">\n<p>Pour savoir sur quelle base factuelle repose cette analyse, nous remontons \u00e0 sa source.<\/p>\n<p>Cette publication \u00e9mane du compte \u00ab\u00a0X\u00a0\u00bb \u00ab\u00a0Morocco Intelligence\u00a0\u00bb qui compte pr\u00e8s de 70.000 abonn\u00e9s et qui se d\u00e9finit comme \u00e9tant un \u00ab\u00a0M\u00e9dia num\u00e9rique ind\u00e9pendant couvrant l\u2019actualit\u00e9 et des informations exclusives n\u00e9cessaires \u00e0 la compr\u00e9hension des enjeux en Afrique du Nord\u00a0\u00bb.\u00a0Ce m\u00e9dia, dont les auteurs sont inconnus, compte aussi une cha\u00eene YouTube\u00a0<a href=\"https:\/\/www.youtube.com\/channel\/UCU7Oeh1KQxhjIyW1UUVrayA\">qui diffuse des vid\u00e9os sur \u00ab\u00a0la beaut\u00e9 du monde marocain et de l\u2019Islam\u00a0\u00bb<\/a>. Par ailleurs, aucun de leurs comptes r\u00e9f\u00e9renc\u00e9s sur\u00a0TikTok et Instagram ne sont valides. Enfin,\u00a0<a href=\"https:\/\/ds1.static.rtbf.be\/uploader\/image\/9\/2\/c\/beta_4e19b4a56757a7f3691875e1889e4f6f.png\">son compte Telegram est inactif depuis mars\u00a02023<\/a>. Nous n&rsquo;avons donc pas eu de possibilit\u00e9 de contacter les auteurs du tweet.<\/p>\n<p>Le post de \u00ab\u00a0Morocco Intelligence\u00a0\u00bb relaye\u00a0<a href=\"https:\/\/perma.cc\/V8UE-HAEB\">une information publi\u00e9e quelques minutes plus t\u00f4t par un autre compte \u00ab\u00a0X\u00a0\u00bb<\/a>, \u00ab\u00a0EuropeElectsContext\u00a0\u00bb.\u00a0Plus pr\u00e9cis\u00e9ment, cette information relay\u00e9e par \u00ab\u00a0Morocco Intelligence\u00a0\u00bb est\u00a0un commentaire \u00e9manant de @EuropeElectsContext\u00a0\u00e0 une publication de\u00a0\u00ab\u00a0EuropeElects\u00a0\u00bb.<\/p>\n<\/div>\n<\/div>\n<\/div>\n<\/div>\n<div>\n<div>\n<div>\n<div>\n<div><img src=\"https:\/\/ds.static.rtbf.be\/article\/image\/1920xAuto\/6\/a\/1\/043ab0ec0976b0963523d742dc22973c-1718028777.png\" sizes=\"(min-width: 760px) 656px, calc(90.91vw - 17px)\" srcset=\"https:\/\/ds.static.rtbf.be\/article\/image\/180xAuto\/6\/a\/1\/043ab0ec0976b0963523d742dc22973c-1718028777.png 180w, https:\/\/ds.static.rtbf.be\/article\/image\/370xAuto\/6\/a\/1\/043ab0ec0976b0963523d742dc22973c-1718028777.png 370w, https:\/\/ds.static.rtbf.be\/article\/image\/770xAuto\/6\/a\/1\/043ab0ec0976b0963523d742dc22973c-1718028777.png 770w, https:\/\/ds.static.rtbf.be\/article\/image\/1248xAuto\/6\/a\/1\/043ab0ec0976b0963523d742dc22973c-1718028777.png 1248w, https:\/\/ds.static.rtbf.be\/article\/image\/1920xAuto\/6\/a\/1\/043ab0ec0976b0963523d742dc22973c-1718028777.png 1920w\" alt=\"\" data-nimg=\"fill\" \/><\/div>\n<\/div>\n<div>\u00a9\u00a0Capture d\u2019\u00e9cran \u00ab\u00a0X\u00a0\u00bb<\/div>\n<\/div>\n<\/div>\n<\/div>\n<div>\n<div>\n<div>\n<div data-elbcontext=\"area:link\" data-elb-navigation=\"url:#href\">\n<p>\u00ab\u00a0EuropeElects\u00a0\u00bb est un compte \u00ab\u00a0de service public\u00a0\u00bb\u00a0<a href=\"https:\/\/europeelects.eu\/team\/\">qui agr\u00e8ge des<\/a>\u00a0<a href=\"https:\/\/europeelects.eu\/team\/\">sondages et analyse des \u00e9lections en Europe<\/a>. Ce dernier, par la voix de son gestionnaire, n\u2019est \u00ab\u00a0en aucun cas responsable [du compte\u00a0\u00ab\u00a0EuropeElectsContext\u00a0\u00bb], nous ne savons pas qui le g\u00e8re ni quelles sont les sources de ses affirmations.\u00a0\u00bb<\/p>\n<p>Dans le commentaire de\u00a0\u00ab\u00a0EuropeElectsContext\u00a0\u00bb, on peut lire en anglais en r\u00e9action aux r\u00e9sultats des \u00e9lections europ\u00e9ennes en Belgique du 9\u00a0juin 2024\u00a0:\u00a0\u00ab\u00a0Interestingly, they gained a lot of votes in Brussels from the Moroccan community, coming out in support of Morocco\u2019s control of the Western Sahara.\u00a0\u00bb (\u00ab\u00a0Il est int\u00e9ressant de noter qu\u2019ils ont obtenu de nombreuses voix \u00e0 Bruxelles aupr\u00e8s de la communaut\u00e9 marocaine, se pronon\u00e7ant en faveur du contr\u00f4le du Maroc sur le Sahara occidental.\u00a0\u00bb).<\/p>\n<p>Il est donc uniquement question de Bruxelles dans cette publication, alors que la publication de \u00ab\u00a0Morocco Intelligence\u00a0\u00bb fait aussi \u00e9tat de la Wallonie.<\/p>\n<p>Quoi qu\u2019il en soit, sur quoi se base\u00a0\u00ab\u00a0EuropeElectsContext\u00a0\u00bb pour affirmer cela\u00a0? Pour le savoir, nous tentons de\u00a0savoir qui se cache derri\u00e8re.\u00a0Ce\u00a0compte, suivi par 3100 personnes,\u00a0se d\u00e9finit dans sa biographie comme \u00e9tant compos\u00e9\u00a0d&rsquo; \u00ab\u00a0une bande de nerds\u00a0\u00bb qui donnent du \u00ab\u00a0contexte\u00a0\u00bb aux chiffres de\u00a0@EuropeElects\u00a0sans\u00a0y \u00eatre \u00ab\u00a0officiellement affili\u00e9\u00a0\u00bb.<\/p>\n<p>\u00ab\u00a0EuropeElectsContext\u00a0\u00bb\u00a0dispose aussi d\u2019un compte Discord, une\u00a0plateforme de communication en\u00a0ligne qui\u00a0permet \u00e0 une communaut\u00e9 de se retrouver pour \u00e9changer. En l\u2019occurrence, il s\u2019agit d\u2019une communaut\u00e9 qui s\u2019intitule \u00ab\u00a0Campaign updates\u00a0\u00bb et qui commente de nombreuses campagnes politiques \u00e0 travers le monde.\u00a0Parmi elles, figurent les diff\u00e9rentes \u00e9lections belges se d\u00e9roulant en 2024.<\/p>\n<p>Nous avons contact\u00e9 l\u2019un des gestionnaires du compte Discord de\u00a0\u00ab\u00a0EuropeElectsContext\u00a0\u00bb. Lequel a r\u00e9pondu\u00a0: \u00ab\u00a0L\u2019auteur de ce message est un idiot, je n\u2019ai rien post\u00e9 hier.\u00a0\u00bb Interrog\u00e9 sur l\u2019identit\u00e9 de l\u2019auteur de cette publication, il confirme la conna\u00eetre sans la r\u00e9v\u00e9ler avant d\u2019ajouter\u00a0: \u00ab\u00a0j\u2019ai supprim\u00e9 toutes les occurrences de cette affirmation que j\u2019ai pu trouver, et j\u2019ai publi\u00e9 la correction.\u00a0\u00bb Voici une capture d\u2019\u00e9cran de cette rectification\u00a0:<\/p>\n<\/div>\n<\/div>\n<\/div>\n<\/div>\n<div>\n<div>\n<div>\n<div>\n<div><img src=\"https:\/\/ds.static.rtbf.be\/article\/image\/1920xAuto\/4\/b\/8\/1d8332000ac66587ab17c8b94375f38c-1718029279.png\" sizes=\"(min-width: 760px) 656px, calc(90.91vw - 17px)\" srcset=\"https:\/\/ds.static.rtbf.be\/article\/image\/180xAuto\/4\/b\/8\/1d8332000ac66587ab17c8b94375f38c-1718029279.png 180w, https:\/\/ds.static.rtbf.be\/article\/image\/370xAuto\/4\/b\/8\/1d8332000ac66587ab17c8b94375f38c-1718029279.png 370w, https:\/\/ds.static.rtbf.be\/article\/image\/770xAuto\/4\/b\/8\/1d8332000ac66587ab17c8b94375f38c-1718029279.png 770w, https:\/\/ds.static.rtbf.be\/article\/image\/1248xAuto\/4\/b\/8\/1d8332000ac66587ab17c8b94375f38c-1718029279.png 1248w, https:\/\/ds.static.rtbf.be\/article\/image\/1920xAuto\/4\/b\/8\/1d8332000ac66587ab17c8b94375f38c-1718029279.png 1920w\" alt=\"\" data-nimg=\"fill\" \/><\/div>\n<\/div>\n<div>\u00a9\u00a0Capture d\u2019\u00e9cran \u00ab\u00a0X\u00a0\u00bb<\/div>\n<\/div>\n<\/div>\n<\/div>\n<div>\n<div>\n<div>\n<div data-elbcontext=\"area:link\" data-elb-navigation=\"url:#href\">\n<p>Ces publications ne proposent donc aucune source factuelle\u00a0permettant d\u2019affirmer que \u00ab\u00a0le\u00a0MR \u00e9merge en premi\u00e8re position en Wallonie et \u00e0 Bruxelles, notamment gr\u00e2ce au vote massif des Belges d\u2019origine marocaine\u00a0\u00bb.<\/p>\n<p>Que nous disent les sources factuelle existantes ? Pour le savoir, nous avons d\u00e9cortiqu\u00e9 les donn\u00e9es statistiques des instituts bruxellois et wallons de statistiques. Et nous avons pos\u00e9 les bases, \u00e0 commencer par la d\u00e9finition de \u00ab\u00a0Belges d\u2019origine marocaine\u00a0\u00bb et du concept d\u2019origine.<\/p>\n<\/div>\n<\/div>\n<\/div>\n<\/div>\n<div>\n<div>\n<div>\n<div>\n<div>\n<div>\n<p>L\u2019origine a tout sauf une d\u00e9finition unique<\/p>\n<p>Comme l&rsquo;indique\u00a0<a href=\"https:\/\/ibsa.brussels\/sites\/default\/files\/publication\/documents\/FOCUS-20-FR-V5.pdf\" target=\"_blank\" rel=\"noopener\">un rapport de l&rsquo;Institut Bruxellois de Statistique et d&rsquo;Analyse (IBSA)<\/a>, il existe plusieurs d\u00e9finitions du concept d&rsquo;origine, en voici trois\u00a0:<\/p>\n<ul>\n<li>\u00ab\u00a0Certaines d\u00e9finitions sont bas\u00e9es sur la nationalit\u00e9.\u00a0Dans ces cas, seule la nationalit\u00e9 \u00e0 la naissance de l\u2019individu en question est examin\u00e9e pour d\u00e9terminer son origine.<\/li>\n<\/ul>\n<ul>\n<li>Certains \u00e9largissent ce crit\u00e8re \u00e0 la prise en compte de la nationalit\u00e9 \u00e0 la naissance des parents, voire des grands-parents.<\/li>\n<\/ul>\n<ul>\n<li>D\u2019autres d\u00e9finitions sont bas\u00e9es sur le parcours migratoire. Dans ces cas, on examine si la personne en question a immigr\u00e9 en Belgique ou pas. Ici aussi, le crit\u00e8re peut \u00eatre \u00e9largi aux \u00e9ventuelles immigrations des parents, voire des grands-parents.\u00a0\u00bb<\/li>\n<\/ul>\n<p>&nbsp;<\/p>\n<\/div>\n<\/div>\n<\/div>\n<\/div>\n<\/div>\n<\/div>\n<div>\n<div>\n<div>\n<div data-elbcontext=\"area:link\" data-elb-navigation=\"url:#href\">\n<p>Si l\u2019on s\u2019en tient \u00e0 la d\u00e9finition restrictive du concept d\u2019origine, \u00ab\u00a0seule la nationalit\u00e9 \u00e0 la naissance de l\u2019individu en question est examin\u00e9e pour d\u00e9terminer son origine\u00a0\u00bb,\u00a0<a href=\"https:\/\/ibsa.brussels\/sites\/default\/files\/publication\/documents\/FOCUS-20-FR-V5.pdf\">selon l\u2019IBSA<\/a>.<\/p>\n<p>Dans ce cas, les communes wallonnes et bruxelloises, ayant la part la plus importante de\u00a0personnes d\u00e9tentrices de la nationalit\u00e9 marocaine, ont-elles plac\u00e9 le MR\u00a0en t\u00eate\u00a0aux \u00e9lections du 9\u00a0juin dernier\u00a0?<\/p>\n<p>La r\u00e9ponse est \u00ab\u00a0non\u00a0\u00bb, que ce soit pour Bruxelles ou la Wallonie.<\/p>\n<\/div>\n<\/div>\n<\/div>\n<\/div>\n<div>\n<div>\n<div>\n<div>\n<div><iframe id=\"datawrapper-chart-JOAte\" title=\"Les quatre communes qui comptent le plus de r\u00e9sidents porteurs d'une nationalit\u00e9 marocaine (actuelle ou \u00e0 la naissance) n'ont pas plac\u00e9 le MR en t\u00eate des \u00e9lections r\u00e9gionales\" src=\"https:\/\/datawrapper.dwcdn.net\/JOAte\/1\/\" height=\"1116\" frameborder=\"0\" scrolling=\"no\" aria-label=\"Table\" data-external=\"1\" data-mce-fragment=\"1\"><\/iframe><\/div>\n<\/div>\n<\/div>\n<\/div>\n<\/div>\n<div>\n<div>\n<div>\n<div data-elbcontext=\"area:link\" data-elb-navigation=\"url:#href\">\n<p>Si l\u2019on regarde dans le d\u00e9tail, on observe que les communes de Bruxelles, Molenbeek-Saint-Jean, Anderlecht et\u00a0Schaerbeek \u2013 qui comptent respectivement 30.551, 25.397, 22.177 et 15.756 r\u00e9sidents qui sont n\u00e9s avec la nationalit\u00e9 marocaine \u2013 n\u2019ont pas plac\u00e9 le MR en premi\u00e8re position des \u00e9lections r\u00e9gionales du 9\u00a0juin 2024.<\/p>\n<p>En\u00a0cinqui\u00e8me position, la commune de Forest et ses 7436 r\u00e9sidents qui sont n\u00e9s avec\u00a0la\u00a0nationalit\u00e9 marocaine, a\u00a0pl\u00e9biscit\u00e9 le MR.<\/p>\n<\/div>\n<\/div>\n<\/div>\n<\/div>\n<div>\n<div>\n<div>\n<div>\n<div><iframe id=\"datawrapper-chart-PGNbI\" title=\"Les dix communes wallonnes o\u00f9 le nombre de r\u00e9sidents de nationalit\u00e9 marocaine est le plus important n'ont majoritairement pas pl\u00e9biscit\u00e9 le MR\" src=\"https:\/\/datawrapper.dwcdn.net\/PGNbI\/1\/\" height=\"550\" frameborder=\"0\" scrolling=\"no\" aria-label=\"Table\" data-external=\"1\" data-mce-fragment=\"1\"><\/iframe><\/div>\n<\/div>\n<\/div>\n<\/div>\n<\/div>\n<div>\n<div>\n<div>\n<div data-elbcontext=\"area:link\" data-elb-navigation=\"url:#href\">\n<p>De la m\u00eame mani\u00e8re, sur les dix communes wallonnes qui comptent le plus de r\u00e9sidents ayant la nationalit\u00e9 marocaine, neuf n\u2019ont pas plac\u00e9 le MR en premi\u00e8re position le 9\u00a0juin dernier. Seule la commune de Verviers, o\u00f9 vivent 657 habitants de nationalit\u00e9 marocaine, a pl\u00e9biscit\u00e9 le MR (<a href=\"https:\/\/elections2024.belgium.be\/fr\/resultats-graphiques?el=WL&amp;id=WLK63079\">28,96% des voix<\/a>).<\/p>\n<p>Par ailleurs, il faut noter que le Maroc n\u2019est pas la premi\u00e8re nationalit\u00e9 \u00e9trang\u00e8re\u00a0repr\u00e9sent\u00e9e en Wallonie. Au 1er\u00a0janvier 2023, elle se pla\u00e7ait \u00e0 la 6e place, loin derri\u00e8re l\u2019Italie (90.728 r\u00e9sidents) et la France (86.579 r\u00e9sidents) avec 17.423 r\u00e9sidents,\u00a0<a href=\"https:\/\/www.iweps.be\/wp-content\/uploads\/2024\/06\/D014-POP.ETR-062024_Full1.pdf\">selon l\u2019IWEPS<\/a>. Cela ne repr\u00e9sente que\u00a00.47% de la population wallonne. En excluant les mineurs et les abstentionnistes, seule une partie de ces 17.42 personnes s\u2019est rendue aux urnes ce dimanche.<\/p>\n<p>Compte-tenu de ces chiffres, le lien avec\u00a0<a href=\"https:\/\/www.rtbf.be\/article\/investigation-le-voyage-secret-de-georges-louis-bouchez-au-sahara-occidental-11258940\">la \u00ab\u00a0position\u00a0\u00bb du MR\u00a0sur la question du Sahara occidental<\/a>\u00a0n&rsquo;est pas pertinente et aucune analyse d\u00e9taill\u00e9e ne permet d&rsquo;appuyer cet argumentaire.<\/p>\n<\/div>\n<\/div>\n<\/div>\n<\/div>\n<div>\n<div>\n<div>\n<h2>Conclusion<\/h2>\n<\/div>\n<\/div>\n<\/div>\n<div>\n<div>\n<div>\n<div data-elbcontext=\"area:link\" data-elb-navigation=\"url:#href\">\n<p>La publication du compte \u00ab\u00a0X\u00a0\u00bb \u00ab\u00a0Morocco Intelligence\u00a0\u00bb stipulant que \u00ab\u00a0Le parti de centre droit MR \u00e9merge en premi\u00e8re position en Wallonie et \u00e0 Bruxelles, notamment gr\u00e2ce au vote massif des Belges d\u2019origine marocaine.\u00a0Un vote motiv\u00e9 en partie par le soutien du MR \u00e0 la marocanit\u00e9 du Sahara\u00a0\u00bb, relaye une information d\u2019un\u00a0autre compte \u00ab\u00a0X\u00a0\u00bb \u00ab\u00a0EuropeElectsContext\u00a0\u00bb. Ce dernier, ne se basant\u00a0sur aucune source\u00a0factuelle pour affirmer cela, a supprim\u00e9 cette publication, suite \u00e0 nos sollicitations.<\/p>\n<p>Une rectification\u00a0n\u00e9cessaire\u00a0sachant que l\u2019analyse des r\u00e9sultats \u00e9lectoraux au sein des communes wallonnes et bruxelloises ayant la part la plus importante de\u00a0personnes porteuses de la nationalit\u00e9 marocaine ne r\u00e9v\u00e8le pas que ces derni\u00e8res\u00a0ont\u00a0plac\u00e9 le MR\u00a0en t\u00eate\u00a0aux \u00e9lections du 9\u00a0juin dernier.<\/p>\n<p>Cette affirmation publi\u00e9e par \u00ab\u00a0Morocco Intelligence\u00a0\u00bb est donc\u00a0fausse.<\/p>\n<\/div>\n<\/div>\n<\/div>\n<\/div>\n","protected":false},"excerpt":{"rendered":"<p>Une publication sur \u00ab\u00a0X\u00a0\u00bb stipulant que le parti MR est arriv\u00e9 en t\u00eate en Wallonie et \u00e0 Bruxelles gr\u00e2ce au&#8230;<\/p>\n","protected":false},"author":1,"featured_media":340436,"comment_status":"closed","ping_status":"open","sticky":false,"template":"","format":"standard","meta":{"_acf_changed":false,"footnotes":""},"categories":[125,116,132,138,423],"tags":[],"class_list":{"0":"post-340441","1":"post","2":"type-post","3":"status-publish","4":"format-standard","5":"has-post-thumbnail","7":"category-fact-check-fr","8":"category-non-classifiee","9":"category-politique","10":"category-societe","11":"category-eu-fr"},"acf":{"show_metatags":true,"id":"https:\/\/www.rtbf.be\/article\/le-mr-n-a-pas-gagne-en-wallonie-et-a-bruxelles-grace-au-soutien-des-belges-d-origine-marocaine-et-a-sa-position-sur-le-sahara-occidental-11386880","authors":"Romane Bonnem\u00e9","organization":"RTBF","featured_image_copyright":"AFP","text_copyright":"Copyright: (C)RTBF Radio, Television Belge Francophone, plus d'infos: https:\/\/www.rtbf.be\/cgu\/","source":"https:\/\/www.rtbf.be\/article\/le-mr-n-a-pas-gagne-en-wallonie-et-a-bruxelles-grace-au-soutien-des-belges-d-origine-marocaine-et-a-sa-position-sur-le-sahara-occidental-11386880","fact_checker":"https:\/\/belux.wpengine.com\/wp-content\/uploads\/2022\/01\/rtbf-logo.jpg","type":"\u00c9v\u00e9nement ferm\u00e9","location":"","start_date":"","start_date_event_begins_at":"","start_date_event_ends_at":"","end_date":"","end_date_event_begins_at":"","end_date_event_ends_at":"","organizer":"","fact_checker_logo_image":false},"yoast_head":"<!-- This site is optimized with the Yoast SEO plugin v27.0 - https:\/\/yoast.com\/product\/yoast-seo-wordpress\/ -->\n<title>Non, ce n&#039;est pas gr\u00e2ce au soutien des Belges d&#039;origine marocaine et \u00e0 sa &quot;position&quot; sur le Sahara occidental que le MR a gagn\u00e9 en Wallonie et \u00e0 Bruxelles - EDMO Belux<\/title>\n<meta name=\"robots\" content=\"index, follow, max-snippet:-1, max-image-preview:large, max-video-preview:-1\" \/>\n<link rel=\"canonical\" href=\"https:\/\/belux.edmo.eu\/fr\/non-ce-nest-pas-grce-au-soutien-des-belges-dorigine-marocaine-et-sa-position-sur-le-sahara-occidental-que-le-mr-a-gagn-en-wallonie-et-bruxelles\/\" \/>\n<meta property=\"og:locale\" content=\"fr_FR\" \/>\n<meta property=\"og:type\" content=\"article\" \/>\n<meta property=\"og:title\" content=\"Non, ce n&#039;est pas gr\u00e2ce au soutien des Belges d&#039;origine marocaine et \u00e0 sa &quot;position&quot; sur le Sahara occidental que le MR a gagn\u00e9 en Wallonie et \u00e0 Bruxelles - EDMO Belux\" \/>\n<meta property=\"og:description\" content=\"Une publication sur \u00ab\u00a0X\u00a0\u00bb stipulant que le parti MR est arriv\u00e9 en t\u00eate en Wallonie et \u00e0 Bruxelles gr\u00e2ce au...\" \/>\n<meta property=\"og:url\" content=\"https:\/\/belux.edmo.eu\/fr\/non-ce-nest-pas-grce-au-soutien-des-belges-dorigine-marocaine-et-sa-position-sur-le-sahara-occidental-que-le-mr-a-gagn-en-wallonie-et-bruxelles\/\" \/>\n<meta property=\"og:site_name\" content=\"EDMO Belux\" \/>\n<meta property=\"article:published_time\" content=\"2024-06-11T12:43:06+00:00\" \/>\n<meta property=\"article:modified_time\" content=\"2024-06-12T08:25:44+00:00\" \/>\n<meta property=\"og:image\" content=\"https:\/\/belux-edmo.s3-accelerate.amazonaws.com\/wp-content\/uploads\/2024\/06\/ygiIUJQr-203cb085a5c2c3faf8e4f60131817256-1718030644.jpg\" \/>\n\t<meta property=\"og:image:width\" content=\"770\" \/>\n\t<meta property=\"og:image:height\" content=\"433\" \/>\n\t<meta property=\"og:image:type\" content=\"image\/jpeg\" \/>\n<meta name=\"author\" content=\"master\" \/>\n<meta name=\"twitter:card\" content=\"summary_large_image\" \/>\n<meta name=\"twitter:creator\" content=\"@Edmo_Belux\" \/>\n<meta name=\"twitter:site\" content=\"@Edmo_Belux\" \/>\n<meta name=\"twitter:label1\" content=\"\u00c9crit par\" \/>\n\t<meta name=\"twitter:data1\" content=\"master\" \/>\n\t<meta name=\"twitter:label2\" content=\"Dur\u00e9e de lecture estim\u00e9e\" \/>\n\t<meta name=\"twitter:data2\" content=\"7 minutes\" \/>\n<script type=\"application\/ld+json\" class=\"yoast-schema-graph\">{\"@context\":\"https:\/\/schema.org\",\"@graph\":[{\"@type\":\"Article\",\"@id\":\"https:\/\/belux.edmo.eu\/fr\/non-ce-nest-pas-grce-au-soutien-des-belges-dorigine-marocaine-et-sa-position-sur-le-sahara-occidental-que-le-mr-a-gagn-en-wallonie-et-bruxelles\/#article\",\"isPartOf\":{\"@id\":\"https:\/\/belux.edmo.eu\/fr\/non-ce-nest-pas-grce-au-soutien-des-belges-dorigine-marocaine-et-sa-position-sur-le-sahara-occidental-que-le-mr-a-gagn-en-wallonie-et-bruxelles\/\"},\"author\":{\"name\":\"master\",\"@id\":\"https:\/\/belux.edmo.eu\/#\/schema\/person\/dbe3b252258537fd318f9b5645a30342\"},\"headline\":\"Non, ce n&rsquo;est pas gr\u00e2ce au soutien des Belges d&rsquo;origine marocaine et \u00e0 sa \u00ab\u00a0position\u00a0\u00bb sur le Sahara occidental que le MR a gagn\u00e9 en Wallonie et \u00e0 Bruxelles\",\"datePublished\":\"2024-06-11T12:43:06+00:00\",\"dateModified\":\"2024-06-12T08:25:44+00:00\",\"mainEntityOfPage\":{\"@id\":\"https:\/\/belux.edmo.eu\/fr\/non-ce-nest-pas-grce-au-soutien-des-belges-dorigine-marocaine-et-sa-position-sur-le-sahara-occidental-que-le-mr-a-gagn-en-wallonie-et-bruxelles\/\"},\"wordCount\":1463,\"publisher\":{\"@id\":\"https:\/\/belux.edmo.eu\/#organization\"},\"image\":{\"@id\":\"https:\/\/belux.edmo.eu\/fr\/non-ce-nest-pas-grce-au-soutien-des-belges-dorigine-marocaine-et-sa-position-sur-le-sahara-occidental-que-le-mr-a-gagn-en-wallonie-et-bruxelles\/#primaryimage\"},\"thumbnailUrl\":\"https:\/\/belux-edmo.s3-accelerate.amazonaws.com\/wp-content\/uploads\/2024\/06\/ygiIUJQr-203cb085a5c2c3faf8e4f60131817256-1718030644.jpg\",\"articleSection\":[\"Fact-Check\",\"Non classifi\u00e9(e)\",\"Politique\",\"Societe\",\"UE\"],\"inLanguage\":\"fr-FR\"},{\"@type\":\"WebPage\",\"@id\":\"https:\/\/belux.edmo.eu\/fr\/non-ce-nest-pas-grce-au-soutien-des-belges-dorigine-marocaine-et-sa-position-sur-le-sahara-occidental-que-le-mr-a-gagn-en-wallonie-et-bruxelles\/\",\"url\":\"https:\/\/belux.edmo.eu\/fr\/non-ce-nest-pas-grce-au-soutien-des-belges-dorigine-marocaine-et-sa-position-sur-le-sahara-occidental-que-le-mr-a-gagn-en-wallonie-et-bruxelles\/\",\"name\":\"Non, ce n'est pas gr\u00e2ce au soutien des Belges d'origine marocaine et \u00e0 sa \\\"position\\\" sur le Sahara occidental que le MR a gagn\u00e9 en Wallonie et \u00e0 Bruxelles - EDMO Belux\",\"isPartOf\":{\"@id\":\"https:\/\/belux.edmo.eu\/#website\"},\"primaryImageOfPage\":{\"@id\":\"https:\/\/belux.edmo.eu\/fr\/non-ce-nest-pas-grce-au-soutien-des-belges-dorigine-marocaine-et-sa-position-sur-le-sahara-occidental-que-le-mr-a-gagn-en-wallonie-et-bruxelles\/#primaryimage\"},\"image\":{\"@id\":\"https:\/\/belux.edmo.eu\/fr\/non-ce-nest-pas-grce-au-soutien-des-belges-dorigine-marocaine-et-sa-position-sur-le-sahara-occidental-que-le-mr-a-gagn-en-wallonie-et-bruxelles\/#primaryimage\"},\"thumbnailUrl\":\"https:\/\/belux-edmo.s3-accelerate.amazonaws.com\/wp-content\/uploads\/2024\/06\/ygiIUJQr-203cb085a5c2c3faf8e4f60131817256-1718030644.jpg\",\"datePublished\":\"2024-06-11T12:43:06+00:00\",\"dateModified\":\"2024-06-12T08:25:44+00:00\",\"breadcrumb\":{\"@id\":\"https:\/\/belux.edmo.eu\/fr\/non-ce-nest-pas-grce-au-soutien-des-belges-dorigine-marocaine-et-sa-position-sur-le-sahara-occidental-que-le-mr-a-gagn-en-wallonie-et-bruxelles\/#breadcrumb\"},\"inLanguage\":\"fr-FR\",\"potentialAction\":[{\"@type\":\"ReadAction\",\"target\":[\"https:\/\/belux.edmo.eu\/fr\/non-ce-nest-pas-grce-au-soutien-des-belges-dorigine-marocaine-et-sa-position-sur-le-sahara-occidental-que-le-mr-a-gagn-en-wallonie-et-bruxelles\/\"]}]},{\"@type\":\"ImageObject\",\"inLanguage\":\"fr-FR\",\"@id\":\"https:\/\/belux.edmo.eu\/fr\/non-ce-nest-pas-grce-au-soutien-des-belges-dorigine-marocaine-et-sa-position-sur-le-sahara-occidental-que-le-mr-a-gagn-en-wallonie-et-bruxelles\/#primaryimage\",\"url\":\"https:\/\/belux-edmo.s3-accelerate.amazonaws.com\/wp-content\/uploads\/2024\/06\/ygiIUJQr-203cb085a5c2c3faf8e4f60131817256-1718030644.jpg\",\"contentUrl\":\"https:\/\/belux-edmo.s3-accelerate.amazonaws.com\/wp-content\/uploads\/2024\/06\/ygiIUJQr-203cb085a5c2c3faf8e4f60131817256-1718030644.jpg\",\"width\":770,\"height\":433,\"caption\":\"Non, ce n'est pas gr\u00e2ce au soutien des Belges d'origine marocaine et \u00e0 sa \\\"position\\\" sur le Sahara occidental que le MR a gagn\u00e9 en Wallonie et \u00e0 Bruxelles - Featured image\"},{\"@type\":\"BreadcrumbList\",\"@id\":\"https:\/\/belux.edmo.eu\/fr\/non-ce-nest-pas-grce-au-soutien-des-belges-dorigine-marocaine-et-sa-position-sur-le-sahara-occidental-que-le-mr-a-gagn-en-wallonie-et-bruxelles\/#breadcrumb\",\"itemListElement\":[{\"@type\":\"ListItem\",\"position\":1,\"name\":\"Home\",\"item\":\"https:\/\/belux.edmo.eu\/fr\/\"},{\"@type\":\"ListItem\",\"position\":2,\"name\":\"Non, ce n&#8217;est pas gr\u00e2ce au soutien des Belges d&#8217;origine marocaine et \u00e0 sa &#8220;position&#8221; sur le Sahara occidental que le MR a gagn\u00e9 en Wallonie et \u00e0 Bruxelles\"}]},{\"@type\":\"WebSite\",\"@id\":\"https:\/\/belux.edmo.eu\/#website\",\"url\":\"https:\/\/belux.edmo.eu\/\",\"name\":\"EDMO Belux\",\"description\":\"Monitoring Disinformation in Belgium and Luxembourg\",\"publisher\":{\"@id\":\"https:\/\/belux.edmo.eu\/#organization\"},\"potentialAction\":[{\"@type\":\"SearchAction\",\"target\":{\"@type\":\"EntryPoint\",\"urlTemplate\":\"https:\/\/belux.edmo.eu\/?s={search_term_string}\"},\"query-input\":{\"@type\":\"PropertyValueSpecification\",\"valueRequired\":true,\"valueName\":\"search_term_string\"}}],\"inLanguage\":\"fr-FR\"},{\"@type\":\"Organization\",\"@id\":\"https:\/\/belux.edmo.eu\/#organization\",\"name\":\"EDMO Belux\",\"url\":\"https:\/\/belux.edmo.eu\/\",\"logo\":{\"@type\":\"ImageObject\",\"inLanguage\":\"fr-FR\",\"@id\":\"https:\/\/belux.edmo.eu\/#\/schema\/logo\/image\/\",\"url\":\"https:\/\/belux.edmo.eu\/wp-content\/uploads\/2021\/12\/belux-logo-full-color-rgb.svg\",\"contentUrl\":\"https:\/\/belux.edmo.eu\/wp-content\/uploads\/2021\/12\/belux-logo-full-color-rgb.svg\",\"width\":1,\"height\":1,\"caption\":\"EDMO Belux\"},\"image\":{\"@id\":\"https:\/\/belux.edmo.eu\/#\/schema\/logo\/image\/\"},\"sameAs\":[\"https:\/\/x.com\/Edmo_Belux\"]},{\"@type\":\"Person\",\"@id\":\"https:\/\/belux.edmo.eu\/#\/schema\/person\/dbe3b252258537fd318f9b5645a30342\",\"name\":\"master\",\"sameAs\":[\"https:\/\/belux.wpengine.com\"],\"url\":\"https:\/\/belux.edmo.eu\/fr\/author\/master\/\"}]}<\/script>\n<!-- \/ Yoast SEO plugin. -->","yoast_head_json":{"title":"Non, ce n'est pas gr\u00e2ce au soutien des Belges d'origine marocaine et \u00e0 sa \"position\" sur le Sahara occidental que le MR a gagn\u00e9 en Wallonie et \u00e0 Bruxelles - EDMO Belux","robots":{"index":"index","follow":"follow","max-snippet":"max-snippet:-1","max-image-preview":"max-image-preview:large","max-video-preview":"max-video-preview:-1"},"canonical":"https:\/\/belux.edmo.eu\/fr\/non-ce-nest-pas-grce-au-soutien-des-belges-dorigine-marocaine-et-sa-position-sur-le-sahara-occidental-que-le-mr-a-gagn-en-wallonie-et-bruxelles\/","og_locale":"fr_FR","og_type":"article","og_title":"Non, ce n'est pas gr\u00e2ce au soutien des Belges d'origine marocaine et \u00e0 sa \"position\" sur le Sahara occidental que le MR a gagn\u00e9 en Wallonie et \u00e0 Bruxelles - EDMO Belux","og_description":"Une publication sur \u00ab\u00a0X\u00a0\u00bb stipulant que le parti MR est arriv\u00e9 en t\u00eate en Wallonie et \u00e0 Bruxelles gr\u00e2ce au...","og_url":"https:\/\/belux.edmo.eu\/fr\/non-ce-nest-pas-grce-au-soutien-des-belges-dorigine-marocaine-et-sa-position-sur-le-sahara-occidental-que-le-mr-a-gagn-en-wallonie-et-bruxelles\/","og_site_name":"EDMO Belux","article_published_time":"2024-06-11T12:43:06+00:00","article_modified_time":"2024-06-12T08:25:44+00:00","og_image":[{"width":770,"height":433,"url":"https:\/\/belux-edmo.s3-accelerate.amazonaws.com\/wp-content\/uploads\/2024\/06\/ygiIUJQr-203cb085a5c2c3faf8e4f60131817256-1718030644.jpg","type":"image\/jpeg"}],"author":"master","twitter_card":"summary_large_image","twitter_creator":"@Edmo_Belux","twitter_site":"@Edmo_Belux","twitter_misc":{"\u00c9crit par":"master","Dur\u00e9e de lecture estim\u00e9e":"7 minutes"},"schema":{"@context":"https:\/\/schema.org","@graph":[{"@type":"Article","@id":"https:\/\/belux.edmo.eu\/fr\/non-ce-nest-pas-grce-au-soutien-des-belges-dorigine-marocaine-et-sa-position-sur-le-sahara-occidental-que-le-mr-a-gagn-en-wallonie-et-bruxelles\/#article","isPartOf":{"@id":"https:\/\/belux.edmo.eu\/fr\/non-ce-nest-pas-grce-au-soutien-des-belges-dorigine-marocaine-et-sa-position-sur-le-sahara-occidental-que-le-mr-a-gagn-en-wallonie-et-bruxelles\/"},"author":{"name":"master","@id":"https:\/\/belux.edmo.eu\/#\/schema\/person\/dbe3b252258537fd318f9b5645a30342"},"headline":"Non, ce n&rsquo;est pas gr\u00e2ce au soutien des Belges d&rsquo;origine marocaine et \u00e0 sa \u00ab\u00a0position\u00a0\u00bb sur le Sahara occidental que le MR a gagn\u00e9 en Wallonie et \u00e0 Bruxelles","datePublished":"2024-06-11T12:43:06+00:00","dateModified":"2024-06-12T08:25:44+00:00","mainEntityOfPage":{"@id":"https:\/\/belux.edmo.eu\/fr\/non-ce-nest-pas-grce-au-soutien-des-belges-dorigine-marocaine-et-sa-position-sur-le-sahara-occidental-que-le-mr-a-gagn-en-wallonie-et-bruxelles\/"},"wordCount":1463,"publisher":{"@id":"https:\/\/belux.edmo.eu\/#organization"},"image":{"@id":"https:\/\/belux.edmo.eu\/fr\/non-ce-nest-pas-grce-au-soutien-des-belges-dorigine-marocaine-et-sa-position-sur-le-sahara-occidental-que-le-mr-a-gagn-en-wallonie-et-bruxelles\/#primaryimage"},"thumbnailUrl":"https:\/\/belux-edmo.s3-accelerate.amazonaws.com\/wp-content\/uploads\/2024\/06\/ygiIUJQr-203cb085a5c2c3faf8e4f60131817256-1718030644.jpg","articleSection":["Fact-Check","Non classifi\u00e9(e)","Politique","Societe","UE"],"inLanguage":"fr-FR"},{"@type":"WebPage","@id":"https:\/\/belux.edmo.eu\/fr\/non-ce-nest-pas-grce-au-soutien-des-belges-dorigine-marocaine-et-sa-position-sur-le-sahara-occidental-que-le-mr-a-gagn-en-wallonie-et-bruxelles\/","url":"https:\/\/belux.edmo.eu\/fr\/non-ce-nest-pas-grce-au-soutien-des-belges-dorigine-marocaine-et-sa-position-sur-le-sahara-occidental-que-le-mr-a-gagn-en-wallonie-et-bruxelles\/","name":"Non, ce n'est pas gr\u00e2ce au soutien des Belges d'origine marocaine et \u00e0 sa \"position\" sur le Sahara occidental que le MR a gagn\u00e9 en Wallonie et \u00e0 Bruxelles - EDMO Belux","isPartOf":{"@id":"https:\/\/belux.edmo.eu\/#website"},"primaryImageOfPage":{"@id":"https:\/\/belux.edmo.eu\/fr\/non-ce-nest-pas-grce-au-soutien-des-belges-dorigine-marocaine-et-sa-position-sur-le-sahara-occidental-que-le-mr-a-gagn-en-wallonie-et-bruxelles\/#primaryimage"},"image":{"@id":"https:\/\/belux.edmo.eu\/fr\/non-ce-nest-pas-grce-au-soutien-des-belges-dorigine-marocaine-et-sa-position-sur-le-sahara-occidental-que-le-mr-a-gagn-en-wallonie-et-bruxelles\/#primaryimage"},"thumbnailUrl":"https:\/\/belux-edmo.s3-accelerate.amazonaws.com\/wp-content\/uploads\/2024\/06\/ygiIUJQr-203cb085a5c2c3faf8e4f60131817256-1718030644.jpg","datePublished":"2024-06-11T12:43:06+00:00","dateModified":"2024-06-12T08:25:44+00:00","breadcrumb":{"@id":"https:\/\/belux.edmo.eu\/fr\/non-ce-nest-pas-grce-au-soutien-des-belges-dorigine-marocaine-et-sa-position-sur-le-sahara-occidental-que-le-mr-a-gagn-en-wallonie-et-bruxelles\/#breadcrumb"},"inLanguage":"fr-FR","potentialAction":[{"@type":"ReadAction","target":["https:\/\/belux.edmo.eu\/fr\/non-ce-nest-pas-grce-au-soutien-des-belges-dorigine-marocaine-et-sa-position-sur-le-sahara-occidental-que-le-mr-a-gagn-en-wallonie-et-bruxelles\/"]}]},{"@type":"ImageObject","inLanguage":"fr-FR","@id":"https:\/\/belux.edmo.eu\/fr\/non-ce-nest-pas-grce-au-soutien-des-belges-dorigine-marocaine-et-sa-position-sur-le-sahara-occidental-que-le-mr-a-gagn-en-wallonie-et-bruxelles\/#primaryimage","url":"https:\/\/belux-edmo.s3-accelerate.amazonaws.com\/wp-content\/uploads\/2024\/06\/ygiIUJQr-203cb085a5c2c3faf8e4f60131817256-1718030644.jpg","contentUrl":"https:\/\/belux-edmo.s3-accelerate.amazonaws.com\/wp-content\/uploads\/2024\/06\/ygiIUJQr-203cb085a5c2c3faf8e4f60131817256-1718030644.jpg","width":770,"height":433,"caption":"Non, ce n'est pas gr\u00e2ce au soutien des Belges d'origine marocaine et \u00e0 sa \"position\" sur le Sahara occidental que le MR a gagn\u00e9 en Wallonie et \u00e0 Bruxelles - Featured image"},{"@type":"BreadcrumbList","@id":"https:\/\/belux.edmo.eu\/fr\/non-ce-nest-pas-grce-au-soutien-des-belges-dorigine-marocaine-et-sa-position-sur-le-sahara-occidental-que-le-mr-a-gagn-en-wallonie-et-bruxelles\/#breadcrumb","itemListElement":[{"@type":"ListItem","position":1,"name":"Home","item":"https:\/\/belux.edmo.eu\/fr\/"},{"@type":"ListItem","position":2,"name":"Non, ce n&#8217;est pas gr\u00e2ce au soutien des Belges d&#8217;origine marocaine et \u00e0 sa &#8220;position&#8221; sur le Sahara occidental que le MR a gagn\u00e9 en Wallonie et \u00e0 Bruxelles"}]},{"@type":"WebSite","@id":"https:\/\/belux.edmo.eu\/#website","url":"https:\/\/belux.edmo.eu\/","name":"EDMO Belux","description":"Monitoring Disinformation in Belgium and Luxembourg","publisher":{"@id":"https:\/\/belux.edmo.eu\/#organization"},"potentialAction":[{"@type":"SearchAction","target":{"@type":"EntryPoint","urlTemplate":"https:\/\/belux.edmo.eu\/?s={search_term_string}"},"query-input":{"@type":"PropertyValueSpecification","valueRequired":true,"valueName":"search_term_string"}}],"inLanguage":"fr-FR"},{"@type":"Organization","@id":"https:\/\/belux.edmo.eu\/#organization","name":"EDMO Belux","url":"https:\/\/belux.edmo.eu\/","logo":{"@type":"ImageObject","inLanguage":"fr-FR","@id":"https:\/\/belux.edmo.eu\/#\/schema\/logo\/image\/","url":"https:\/\/belux.edmo.eu\/wp-content\/uploads\/2021\/12\/belux-logo-full-color-rgb.svg","contentUrl":"https:\/\/belux.edmo.eu\/wp-content\/uploads\/2021\/12\/belux-logo-full-color-rgb.svg","width":1,"height":1,"caption":"EDMO Belux"},"image":{"@id":"https:\/\/belux.edmo.eu\/#\/schema\/logo\/image\/"},"sameAs":["https:\/\/x.com\/Edmo_Belux"]},{"@type":"Person","@id":"https:\/\/belux.edmo.eu\/#\/schema\/person\/dbe3b252258537fd318f9b5645a30342","name":"master","sameAs":["https:\/\/belux.wpengine.com"],"url":"https:\/\/belux.edmo.eu\/fr\/author\/master\/"}]}},"menu_order":0,"_links":{"self":[{"href":"https:\/\/belux.edmo.eu\/fr\/wp-json\/wp\/v2\/posts\/340441","targetHints":{"allow":["GET"]}}],"collection":[{"href":"https:\/\/belux.edmo.eu\/fr\/wp-json\/wp\/v2\/posts"}],"about":[{"href":"https:\/\/belux.edmo.eu\/fr\/wp-json\/wp\/v2\/types\/post"}],"author":[{"embeddable":true,"href":"https:\/\/belux.edmo.eu\/fr\/wp-json\/wp\/v2\/users\/1"}],"replies":[{"embeddable":true,"href":"https:\/\/belux.edmo.eu\/fr\/wp-json\/wp\/v2\/comments?post=340441"}],"version-history":[{"count":0,"href":"https:\/\/belux.edmo.eu\/fr\/wp-json\/wp\/v2\/posts\/340441\/revisions"}],"wp:featuredmedia":[{"embeddable":true,"href":"https:\/\/belux.edmo.eu\/fr\/wp-json\/wp\/v2\/media\/340436"}],"wp:attachment":[{"href":"https:\/\/belux.edmo.eu\/fr\/wp-json\/wp\/v2\/media?parent=340441"}],"wp:term":[{"taxonomy":"category","embeddable":true,"href":"https:\/\/belux.edmo.eu\/fr\/wp-json\/wp\/v2\/categories?post=340441"},{"taxonomy":"post_tag","embeddable":true,"href":"https:\/\/belux.edmo.eu\/fr\/wp-json\/wp\/v2\/tags?post=340441"}],"curies":[{"name":"wp","href":"https:\/\/api.w.org\/{rel}","templated":true}]}}