{"id":347577,"date":"2024-07-16T10:00:08","date_gmt":"2024-07-16T10:00:08","guid":{"rendered":"https:\/\/belux.edmo.eu\/?p=347577"},"modified":"2024-10-11T10:33:43","modified_gmt":"2024-10-11T10:33:43","slug":"tentative-dassassinat-de-donald-trump-un-dferlement-dinfox-et-thories-infondes","status":"publish","type":"post","link":"https:\/\/belux.edmo.eu\/fr\/tentative-dassassinat-de-donald-trump-un-dferlement-dinfox-et-thories-infondes\/","title":{"rendered":"Tentative d&rsquo;assassinat de Donald Trump : un d\u00e9ferlement d&rsquo;infox et th\u00e9ories infond\u00e9es"},"content":{"rendered":"<p><b>Dans la foul\u00e9e de la tentative d&rsquo;assassinat contre Donald Trump lors d&rsquo;un meeting \u00e9lectoral en Pennsylvanie le 13 juillet, des internautes partagent des contenus trompeurs autour de cet \u00e9v\u00e9nement, telles qu&rsquo;une photo manipul\u00e9e montrant les agents charg\u00e9s de sa s\u00e9curit\u00e9 tout sourire au moment d&rsquo;escorter l&rsquo;ancien pr\u00e9sident am\u00e9ricain hors de la sc\u00e8ne, un pr\u00e9tendu impact de balle sur sa veste ou encore de fausses affirmations sur l&rsquo;identit\u00e9 du tireur pr\u00e9sum\u00e9. L&rsquo;AFP a v\u00e9rifi\u00e9 ces diff\u00e9rentes assertions.\u00a0\u00a0<\/b><\/p>\n<p>A la suite\u00a0<a href=\"https:\/\/www.la-croix.com\/trump-evacue-d-un-meeting-de-campagne-avec-du-sang-sur-l-oreille-des-detonations-entendues-20240713\" shape=\"rect\">de la tentative d&rsquo;assassinat<\/a> contre l&rsquo;ex-pr\u00e9sident am\u00e9ricain Donald Trump, bless\u00e9 \u00e0 l&rsquo;oreille le 13 juillet \u00e0 Butler, en Pennsylvanie, de nombreuses images et affirmations fausses ou trompeuses autour de l&rsquo;\u00e9v\u00e9nement circulent sur les r\u00e9seaux sociaux.<\/p>\n<p>Si le FBI a identifi\u00e9 le tireur comme \u00e9tant Thomas Matthew Crooks, \u00e2g\u00e9 de \u00ab\u00a0<em>20 ans, de Bethel Park, Pennsylvanie<\/em>\u00ab\u00a0, selon <a href=\"https:\/\/www.fbi.gov\/news\/press-releases\/fbi-statement-on-incident-in-butler-pennsylvania\" shape=\"rect\">un communiqu\u00e9<\/a> du FBI (archiv\u00e9 <a href=\"https:\/\/archive.is\/PgRJo\" shape=\"rect\">ici<\/a>), ses motivations restaient inconnues \u00e0 la date du 15 juillet 2024. Mais le FBI a confirm\u00e9 que les tirs \u00e9taient bien une \u00ab\u00a0<em>tentative d&rsquo;assassinat<\/em>\u00ab\u00a0.<\/p>\n<p>Le tireur et un participant au rassemblement ont \u00e9t\u00e9 tu\u00e9s et deux autres spectateurs ont \u00e9t\u00e9 gri\u00e8vement bless\u00e9s, tous des hommes adultes, selon la police.<\/p>\n<p>D\u00e8s les premi\u00e8res minutes apr\u00e8s la tentative d&rsquo;assassinat, de multiples rumeurs, images d\u00e9contextualis\u00e9es et th\u00e9ories du complot ont d\u00e9ferl\u00e9 sur internet. L&rsquo;AFP en a v\u00e9rifi\u00e9 plusieurs.<\/p>\n<p><b>Un impact de balle dans la veste de Donald Trump ?\u00a0<\/b><\/p>\n<p>\u00ab\u00a0<em>Manifestement deux balles auraient pu tuer Trump. L\u2019une a travers\u00e9 sa veste<\/em>\u00ab\u00a0, soutient\u00a0<a href=\"https:\/\/perma.cc\/W6GA-ABKW\" shape=\"rect\">un message<\/a> partag\u00e9 le 14 juillet 2024 sur X, en avan\u00e7ant comme suppos\u00e9e preuve une photo de mauvaise r\u00e9solution, montrant, encercl\u00e9 en jaune, ce qui semble \u00eatre un impact de balle dans la veste du candidat r\u00e9publicain.<\/p>\n<p>Cette image est \u00e9galement partag\u00e9e\u00a0<a href=\"https:\/\/perma.cc\/3RNC-4FZF\" shape=\"rect\">avec une l\u00e9gende similaire en anglais<\/a> (\u00ab\u00a0<em>Quand on a tir\u00e9 sur Trump, il semble que les balles ont transperc\u00e9 sa veste<\/em>\u00ab\u00a0) sur la plateforme.<\/p>\n<p>Mais elle ne montre pas un impact de balle sur la veste de Trump. Ainsi qu&rsquo;on peut le voir sur le clich\u00e9 original, en haute r\u00e9solution, photographi\u00e9 par Evan Vucci de l&rsquo;agence am\u00e9ricaine Associated Press (<a href=\"https:\/\/perma.cc\/S8F8-H6SP\" shape=\"rect\">lien archiv\u00e9<\/a>), le suppos\u00e9 impact est en fait <strong>le pli de la veste de l&rsquo;agente du \u00ab\u00a0<em>Secret service<\/em>\u00a0\u00bb <\/strong>(<a href=\"https:\/\/www.secretservice.gov\/\" target=\"_blank\" rel=\"noopener\" shape=\"rect\">l&rsquo;agence gouvernementale<\/a> am\u00e9ricaine charg\u00e9e notamment de la <a href=\"https:\/\/perma.cc\/KAM6-T34T\" shape=\"rect\">protection<\/a> des plus hautes personnalit\u00e9s de l&rsquo;Etat) qui prot\u00e8ge Donald Trump au moment de l&rsquo;\u00e9vacuer de la tribune.<\/p>\n<div class=\"g2picture\">\n<figure><img src=\"https:\/\/belux-edmo.s3-accelerate.amazonaws.com\/wp-content\/uploads\/2024\/07\/9f73ba3506861014e30b2588f368412f497d10b4-ipad.jpg\" \/><figcaption>A gauche, la photo originale d&rsquo;Evan Vucci, de l&rsquo;Associated Press ; \u00e0 droite, l&rsquo;image d\u00e9contextualis\u00e9e circulant sur les r\u00e9seaux sociaux (captures d&rsquo;\u00e9cran prises le 15 juillet 2024)<\/figcaption><\/figure>\n<\/div>\n<p>On peut en outre constater, sur cette<a href=\"https:\/\/x.com\/evanvucci\/status\/1812330828371763638\" shape=\"rect\"> autre photo d&rsquo;Evan Vucci<\/a> (<a href=\"https:\/\/perma.cc\/P4X9-PW72\" shape=\"rect\">lien archiv\u00e9<\/a>) prise apr\u00e8s la tentative d&rsquo;assassinat et ayant fait le tour du monde, que la veste de Donald Trump ne comporte aucun impact de balle.<\/p>\n<div class=\"g2web\" style=\"text-align: center;\">\n<blockquote class=\"twitter-tweet\" data-media-max-width=\"560\">\n<p dir=\"ltr\" lang=\"en\">Republican presidential candidate former President Donald Trump raises his fist as he is rushed off stage after an assassination attempt during a campaign rally in Butler, Pa. <a href=\"https:\/\/twitter.com\/APNews?ref_src=twsrc%5Etfw\" shape=\"rect\">@apnews<\/a><a href=\"https:\/\/t.co\/VoAYqRC4QV\" shape=\"rect\">pic.twitter.com\/VoAYqRC4QV<\/a><\/p>\n<p>\u2014 Evan Vucci (@evanvucci)<br \/>\n<a href=\"https:\/\/twitter.com\/evanvucci\/status\/1812330828371763638?ref_src=twsrc%5Etfw\" shape=\"rect\">July 14, 2024<\/a><\/p><\/blockquote>\n<p><script async=\"\" charset=\"utf-8\" src=\"https:\/\/platform.twitter.com\/widgets.js\" type=\"text\/javascript\" xml:space=\"preserve\"><\/script><\/p>\n<\/div>\n<p>Si plusieurs balles ont bien \u00e9t\u00e9 tir\u00e9es par le tireur pr\u00e9sum\u00e9, Thomas Matthew Crooks, selon les \u00e9l\u00e9ments connus \u00e0 ce stade, tout indique que seule la balle blessant Donald Trump \u00e0 l&rsquo;oreille l&rsquo;a touch\u00e9, comme il l&rsquo;a lui-m\u00eame \u00e9voqu\u00e9 dans un message publi\u00e9\u00a0<a href=\"https:\/\/truthsocial.com\/@realDonaldTrump\/posts\/112782066045321247\" shape=\"rect\">sur la plateforme Truth Social<\/a> (<a href=\"https:\/\/web.archive.org\/web\/20240715021740\/https:\/\/truthsocial.com\/@realDonaldTrump\/posts\/112782066045321247\" shape=\"rect\">lien archiv\u00e9<\/a>) le 14 juillet : \u00ab\u00a0<em>J&rsquo;ai \u00e9t\u00e9 touch\u00e9 par une balle qui a transperc\u00e9 le haut de mon oreille droite<\/em>\u00ab\u00a0.<\/p>\n<p><b>Les agents du \u00ab\u00a0Secret service\u00a0\u00bb tout sourire ?\u00a0<\/b><\/p>\n<p>Parmi les th\u00e9ories et rumeurs largement reprises sur les r\u00e9seaux sociaux, figurent aussi de nombreuses allusions \u00e0 un complot voulant faire croire \u00e0 une fausse tentative d\u2019assassinat, qui aurait \u00e9t\u00e9 men\u00e9 avec l\u2019aide des membres du \u00ab\u00a0<em>Secret service<\/em>\u00a0\u00bb\u00a0pr\u00e9sents lors du rassemblement de Donald Trump.<\/p>\n<p>Dans ce contexte, une photo manipul\u00e9e montrant des agents du \u00ab\u00a0<em>Secret service<\/em>\u00a0\u00bb\u00a0tout sourires en train d&rsquo;entourer l&rsquo;ancien pr\u00e9sident am\u00e9ricain apr\u00e8s qu&rsquo;il a \u00e9t\u00e9 touch\u00e9 a largement circul\u00e9.<\/p>\n<p>\u00ab\u00a0<em>Pourquoi sont-ils tout sourires ?<\/em>\u00ab\u00a0, s&rsquo;interrogent des publications en anglais partag\u00e9es plus de 4.000 fois\u00a0<a href=\"https:\/\/perma.cc\/FK7V-EUPP\" shape=\"rect\">sur X<\/a> et <a href=\"https:\/\/perma.cc\/VRL6-GFZM\" shape=\"rect\">Threads<\/a>.<\/p>\n<div class=\"g2picture\">\n<figure><img src=\"https:\/\/belux-edmo.s3-accelerate.amazonaws.com\/wp-content\/uploads\/2024\/07\/3683816c69b32f302bb477754e2c739823900b85-ipad.jpg\" \/><figcaption>Capture d&rsquo;\u00e9cran prise le 15\/07\/2024<\/figcaption><\/figure>\n<\/div>\n<p>Mais il s&rsquo;agit d&rsquo;une photographie retouch\u00e9e. Une recherche d&rsquo;image invers\u00e9e nous a permis de remonter \u00e0\u00a0<a href=\"https:\/\/apnews.com\/article\/trump-rally-shooting-photo-gallery-561478b3f90c950c741eeaa24c6dc159\" shape=\"rect\">la m\u00eame image<\/a> mentionn\u00e9e plus haut (lien archiv\u00e9\u00a0<a href=\"https:\/\/perma.cc\/2PBG-BZVS\" shape=\"rect\">ici<\/a>), prise par le photographe de l&rsquo;agence AP, Evan Vucci.<\/p>\n<p>Elle ressemble presque en tous points \u00e0 la photo diffus\u00e9e sur les r\u00e9seaux sociaux avec les visages souriants : on y voit les agents du S dans la m\u00eame position autour de Donald Trump qui brandit son poing en l&rsquo;air. La diff\u00e9rence principale est qu&rsquo;<strong>aucun d&rsquo;entre eux ne sourit<\/strong>, ce qui permet de mettre sur la piste d&rsquo;une image retouch\u00e9e.<\/p>\n<div class=\"g2picture\">\n<figure><img src=\"https:\/\/belux-edmo.s3-accelerate.amazonaws.com\/wp-content\/uploads\/2024\/07\/c795010f9a5f91c8b90111312438f10d3a3d1c79-ipad.jpg\" \/><figcaption>Comparaison de la photo prise par un photographe d&rsquo;AP (\u00e0 gauche) et l&rsquo;image retouch\u00e9e diffus\u00e9e sur les r\u00e9seaux sociaux (\u00e0 droite)<\/figcaption><\/figure>\n<\/div>\n<p>En utilisant l&rsquo;outil \u00ab\u00a0<em>CheckGif<\/em>\u00a0\u00bb de l&rsquo;outil InVid-WeVerify, qui permet de comparer deux images, on peut par ailleurs remarquer que la photo montrant les agents souriants semble avoir \u00e9t\u00e9 cr\u00e9\u00e9e \u00e0 partir de l&rsquo;image d&rsquo;AP, et que les figures des trois agents de s\u00e9curit\u00e9 semblent avoir \u00e9t\u00e9 retouch\u00e9es pour y faire appara\u00eetre des sourires.<\/p>\n<div class=\"g2video\">\n<figure><video poster=\"https:\/\/hosting.afp.com\/factcheck-rss-draft\/FR\/medias\/e4c3b391-f265-4174-90c8-cc124a207324-low.jpg\" width=\"300\" height=\"150\"><source src=\"https:\/\/hosting.afp.com\/factcheck-rss-draft\/FR\/medias\/e4c3b391-f265-4174-90c8-cc124a207324-640x360.mp4\" \/><\/video><\/figure>\n<\/div>\n<p>Le moment o\u00f9 Donald Trump a \u00e9t\u00e9 touch\u00e9, ainsi que les instants qui ont suivi pendant lesquels plusieurs agents l&rsquo;ont rejoint pour l&rsquo;entourer, ont par ailleurs \u00e9t\u00e9 film\u00e9s par les cam\u00e9ras de m\u00e9dias pr\u00e9sents sur place.<\/p>\n<p>L\u2019AFP a visionn\u00e9 ces images et constat\u00e9 qu&rsquo;\u00e0 aucun moment entre l&rsquo;instant o\u00f9 l&rsquo;ex-pr\u00e9sident am\u00e9ricain est touch\u00e9 \u00e0 l&rsquo;oreille, se baisse puis finit par quitter le podium entour\u00e9 d&rsquo;agents, on ne voit les membres des services de s\u00e9curit\u00e9 avec un grand sourire comme sur les images.<\/p>\n<p>Au contraire, ils ont les traits crisp\u00e9s, y compris quand le pr\u00e9sident s&rsquo;adresse \u00e0 ses partisans en sortant pour la saluer, le poing lev\u00e9.<\/p>\n<p>Ni dans les images prises par les photographes de l\u2019AFP ni sur celles diffus\u00e9es par d\u2019autres m\u00e9dias am\u00e9ricains ce jour-l\u00e0 (<a href=\"https:\/\/www.npr.org\/sections\/the-picture-show\/2024\/07\/14\/g-s1-10096\/photos-see-how-trump-rally-shooting-unfolded\" shape=\"rect\">ici<\/a> &#8211; archiv\u00e9 <a href=\"https:\/\/perma.cc\/2YBZ-YYPR\" shape=\"rect\">ici<\/a> ; <a href=\"https:\/\/www.youtube.com\/watch?v=tQsaxV3ux8U\" shape=\"rect\">ici<\/a> &#8211; archiv\u00e9 <a href=\"https:\/\/perma.cc\/R67T-AYVF\" target=\"_blank\" rel=\"noopener\" shape=\"rect\">ici<\/a> ; ou\u00a0<a href=\"https:\/\/www.nbcnews.com\/politics\/politics-news\/trump-rally-shooting-how-it-unfolded-in-photos-rcna161741\" shape=\"rect\">l\u00e0<\/a> &#8211; archiv\u00e9 <a href=\"https:\/\/web.archive.org\/web\/20240715112658\/https:\/\/www.nbcnews.com\/politics\/politics-news\/trump-rally-shooting-how-it-unfolded-in-photos-rcna161741\" shape=\"rect\">l\u00e0<\/a>) ne figurent de photographies montrant les agents en train de sourire.<\/p>\n<div class=\"g2web\" style=\"text-align: center;\"><iframe title=\"YouTube video player\" src=\"https:\/\/www.youtube.com\/embed\/TlzdjpKqUcw?si=_uOJ2oLSjpoYhBot\" width=\"560\" height=\"315\" frameborder=\"0\" scrolling=\"auto\" allowfullscreen=\"allowfullscreen\"><\/iframe><\/div>\n<p><b>Des fausses identit\u00e9s pr\u00eat\u00e9es au tireur<\/b><\/p>\n<p>L&rsquo;identit\u00e9 du tireur a aussi \u00e9t\u00e9 l&rsquo;objet de th\u00e9ories infond\u00e9es sur les r\u00e9seaux sociaux. Plusieurs publications ont assur\u00e9 que le tireur pr\u00e9sum\u00e9 \u00e9tait \u00ab\u00a0<em>antifa<\/em>\u00a0\u00bb (pour \u00ab\u00a0militant antifasciste\u00a0\u00bb) mais toutes ne renvoient pas vers le m\u00eame profil.<\/p>\n<p>\u00ab\u00a0<em>Le terroriste qui a tent\u00e9 d&rsquo;assassiner Donald Trump est Maxwell Yearick<\/em>\u00ab\u00a0, \u00e9crit par exemple un internaute dans\u00a0<a href=\"https:\/\/perma.cc\/JBV2-2G6K\" shape=\"rect\">une publication<\/a> post\u00e9e sur X le 14 juillet 2024, partag\u00e9e depuis plus d&rsquo;un millier de fois.<\/p>\n<p>Un compte qui se pr\u00e9sente comme le \u00ab\u00a0<em>Comit\u00e9 Trump France<\/em>\u00a0\u00bb assure ensuite que c&rsquo;est \u00ab\u00a0<em>\u00e9videmment un ANTIFA d&rsquo;extr\u00eame gauche<\/em>\u00ab\u00a0.<\/p>\n<div class=\"g2picture\">\n<figure><img src=\"https:\/\/belux-edmo.s3-accelerate.amazonaws.com\/wp-content\/uploads\/2024\/07\/f7b079652e871ad85ba714102b8b43fc054ca419-ipad.jpg\" \/><figcaption>Capture d&rsquo;\u00e9cran prise sur X le 15\/07\/2024<\/figcaption><\/figure>\n<\/div>\n<p>Certaines publications relaient une photo de Maxwell Yearick. L&rsquo;homme n&rsquo;est pas inconnu aux Etats-Unis : il avait \u00e9t\u00e9 arr\u00eat\u00e9 et condamn\u00e9 pour agression lors d&rsquo;une altercation avec des policiers lors d&rsquo;une manifestation anti-Trump en 2016, comme l&rsquo;avaient relay\u00e9 diff\u00e9rents m\u00e9dias <a href=\"https:\/\/apnews.com\/article\/4bf754c2a6a6415089246a88a6c63ba6\" shape=\"rect\">ici<\/a> et <a href=\"https:\/\/www.digitaljournal.com\/world\/trump-protesters-arrested-for-assaulting-police-in-pittsburgh\/article\/462798\" shape=\"rect\">ici<\/a> (liens archiv\u00e9s\u00a0<a href=\"https:\/\/perma.cc\/FVD3-3H2Z\" shape=\"rect\">ici<\/a> et <a href=\"https:\/\/archive.is\/jiUsE\" shape=\"rect\">ici<\/a>).<\/p>\n<p>Mais cette all\u00e9gation, qui a aussi circul\u00e9 en\u00a0<a href=\"https:\/\/perma.cc\/5WKD-GX2U\" shape=\"rect\">anglais<\/a>, est fausse.<\/p>\n<p>Le FBI a identifi\u00e9 l&rsquo;auteur du tir qui a \u00e9t\u00e9 abattu comme \u00e9tant \u00ab\u00a0<em>Thomas Matthew Crooks, \u00e2g\u00e9 20 ans, de Bethel Park, Pennsylvanie<\/em>\u00ab\u00a0.<\/p>\n<p>Le FBI a aussi indiqu\u00e9 que Thomas Matthew Crooks n&rsquo;a pas \u00ab\u00a0<em>d&rsquo;appartenance id\u00e9ologique identifi\u00e9e<\/em>\u00ab\u00a0, contrairement \u00e0 ce qu&rsquo;affirme l&rsquo;internaute.<\/p>\n<p>Autre suppos\u00e9e identit\u00e9 massivement relay\u00e9e sur les r\u00e9seaux sociaux, celle de \u00ab\u00a0<em>Mark Violets<\/em>\u00a0\u00bb (parfois orthographi\u00e9 \u00ab\u00a0<em>Violet<\/em>\u00ab\u00a0) : \u00ab\u00a0<em>selon le d\u00e9partement de police de Butler, le tireur de #Trump a \u00e9t\u00e9 tu\u00e9 sur les lieux et identifi\u00e9 comme \u00e9tant #MarkViolet, membre d&rsquo;Antifa<\/em> [sic]<em>. Avant la fusillade, Mark Violets a mis en ligne une vid\u00e9o sur YouTube dans laquelle il affirmait que &lsquo;<\/em>la justice arrive<em>&lsquo;\u00a0\u00bb<\/em>, ont par exemple assur\u00e9 plusieurs publications en <a href=\"https:\/\/perma.cc\/HM5V-ETGT\" shape=\"rect\">fran\u00e7ais<\/a>, <a href=\"https:\/\/perma.cc\/62YP-H2NS\" shape=\"rect\">portugais<\/a> et <a href=\"https:\/\/perma.cc\/RE4S-SGJA\" shape=\"rect\">anglais<\/a>.<\/p>\n<div class=\"g2picture\">\n<figure><img src=\"https:\/\/belux-edmo.s3-accelerate.amazonaws.com\/wp-content\/uploads\/2024\/07\/8908fba105324c2a4d131aa8b7835c6cf438e4a0-ipad.jpg\" \/><figcaption>Capture d&rsquo;\u00e9cran prise le 15\/07\/2024<\/figcaption><\/figure>\n<\/div>\n<p>Ces messages, accompagn\u00e9s d&rsquo;une photo d&rsquo;un homme coiff\u00e9 d&rsquo;un bonnet noir et portant des lunettes de soleil, ont \u00e9t\u00e9 publi\u00e9s avant que les autorit\u00e9s ne r\u00e9v\u00e8lent que le tireur pr\u00e9sum\u00e9 \u00e9tait Thomas Matthew Crooks.<\/p>\n<p>En r\u00e9alit\u00e9, ce \u00ab\u00a0<em>Mark Violet\u00a0\u00bb<\/em> a \u00e9t\u00e9 invent\u00e9 de toutes pi\u00e8ces par un <a href=\"https:\/\/perma.cc\/K625-5Z23\" shape=\"rect\">troll sur X<\/a>, qui se vante depuis d\u2019avoir \u00ab\u00a0<em>failli d\u00e9clencher une guerre civile en Am\u00e9rique<\/em>\u00a0\u00bb et se f\u00e9licite que son infox ait fait le tour du monde.<\/p>\n<p>La photo partag\u00e9e comme celle de Mark Violet montre en r\u00e9alit\u00e9 Marco Violi, un journaliste italien. Fan de football et supporter de l&rsquo;AS Roma, ce dernier anime une <a href=\"https:\/\/www.youtube.com\/@RomaGiallorossaTV\" shape=\"rect\">cha\u00eene YouTube<\/a> consacr\u00e9e au club de la capitale italienne (lien archiv\u00e9 <a href=\"https:\/\/perma.cc\/QC5R-G5TE\" shape=\"rect\">ici<\/a>). Sur <a href=\"https:\/\/www.youtube.com\/watch?v=mFCiv9KL7g4\" shape=\"rect\">plusieurs<\/a>\u00a0<a href=\"https:\/\/www.youtube.com\/watch?v=MgclUj06hu0\" shape=\"rect\">vid\u00e9os<\/a>, on peut rep\u00e9rer le m\u00eame d\u00e9cor que celui dans la photo virale (liens archiv\u00e9s <a href=\"https:\/\/perma.cc\/CN3D-96QC\" shape=\"rect\">ici<\/a> et <a href=\"https:\/\/perma.cc\/TAN8-F8PE\" shape=\"rect\">ici<\/a>).<\/p>\n<div class=\"g2picture\">\n<figure><img src=\"https:\/\/belux-edmo.s3-accelerate.amazonaws.com\/wp-content\/uploads\/2024\/07\/e499fd1f2e78de6f21a66de91639407de866d278-ipad.jpg\" \/><figcaption>Captures d&rsquo;\u00e9cran prises le 15\/07\/2024<\/figcaption><\/figure>\n<\/div>\n<p>Sur\u00a0<a href=\"https:\/\/www.instagram.com\/stories\/highlights\/18048991867356963\/\" shape=\"rect\">Instagram<\/a>, Marco Violi a dit \u00ab\u00a0<em>nie<\/em>[r] <em>cat\u00e9goriquement \u00eatre impliqu\u00e9 dans cette situation<\/em>\u00ab\u00a0. Selon lui, ces rumeurs \u00ab\u00a0<em>sont totalement infond\u00e9es et sont organis\u00e9es par un groupe de personnes haineuses qui ruinent <\/em>[sa]<em> vie depuis 2018<\/em>\u00a0\u00bb (lien archiv\u00e9 <a href=\"https:\/\/perma.cc\/FZ2P-A4N7\" shape=\"rect\">ici<\/a>).<\/p>\n<p>Le journaliste a \u00e9galement indiqu\u00e9 son intention de porter plainte contre les comptes partageant sa photo comme celle du suspect.<\/p>\n<p><b>Un d\u00e9ferlement de th\u00e9ories du complot<\/b><\/p>\n<p>L&rsquo;\u00e9v\u00e9nement a aussi suscit\u00e9 une vague de th\u00e9ories du complot, certaines \u00e9voquant un tireur aux \u00ab\u00a0<em>ordres<\/em>\u00a0\u00bb\u00a0<a href=\"https:\/\/perma.cc\/3BDE-HBWS\" shape=\"rect\">du pr\u00e9sident Biden<\/a> ou de <a href=\"https:\/\/perma.cc\/G7XA-DLLK\" shape=\"rect\">l'\u00a0\u00bb<em>Etat profond<\/em>\u00ab\u00a0,<\/a> d&rsquo;autres d\u00e9non\u00e7ant un \u00ab\u00a0<em><a href=\"https:\/\/x.com\/LakotaMan1\/status\/1812511583781941586\" shape=\"rect\">simulacre<\/a><\/em>\u00a0\u00bb destin\u00e9 \u00e0 faire de l&rsquo;ex-pr\u00e9sident un h\u00e9ros.<\/p>\n<p>Pour le chercheur en sciences politiques Julien Giry, joint par l&rsquo;AFP le 15 juillet 2024, l&rsquo;hyst\u00e9rie collective du weekend autour de cet \u00e9v\u00e9nement n&rsquo;est pas une surprise, \u00ab\u00a0<em>\u00e0 un moment pareil et avec un personnage pareil<\/em>\u00ab\u00a0. \u00ab\u00a0<em>C&rsquo;est presque l&rsquo;absence de th\u00e9ories conspirationnistes qui aurait constitu\u00e9 une surprise, une anomalie<\/em>\u00ab\u00a0, poursuit-il.<\/p>\n<p>D&rsquo;autant que la multitude d&rsquo;images, officielles et amateur, de l&rsquo;\u00e9v\u00e9nement, fournit \u00ab\u00a0<em>la possibilit\u00e9 de cr\u00e9er un discours alternatif<\/em>\u00a0\u00bb selon lui.<\/p>\n<p>La tentative d&rsquo;assassinat en elle-m\u00eame, le chercheur, \u00ab\u00a0<em>apporte du cr\u00e9dit au fait que c&rsquo;est un homme qui est menac\u00e9, qu&rsquo;il a peut-\u00eatre voulu aussi mener des combats trop puissants contre les forces pr\u00e9tendument occultes \u2013 l&rsquo;<\/em>&lsquo;Etat profond&rsquo; <em>par exemple<\/em>\u00ab\u00a0.<\/p>\n<p>L'\u00a0\u00bb<em>Etat profond<\/em>\u00a0\u00bb ou \u00ab\u00a0<em>Deep State<\/em>\u00a0\u00bb est une croyance en vogue dans les milieux complotistes am\u00e9ricains d&rsquo;extr\u00eame droite, en particulier la mouvance QAnon, qui pr\u00e9tend qu&rsquo;il existerait une sorte d&rsquo;Etat parall\u00e8le, tirant les ficelles du monde au profit d&rsquo;int\u00e9r\u00eats de groupes priv\u00e9s.<\/p>\n<p>Le journaliste Anthony Mansuy, sp\u00e9cialiste de la sph\u00e8re complotiste am\u00e9ricaine, souligne lui \u00ab\u00a0<em>la r\u00e9action assez incroyable des cercles centristes et d\u00e9mocrates<\/em>\u00ab\u00a0, qui ont aussit\u00f4t d\u00e9nonc\u00e9 un simulacre, avec le mot-cl\u00e9 #staged (mis en sc\u00e8ne).<\/p>\n<p>Tr\u00e8s vite, des comptes pro-d\u00e9mocrates ont assur\u00e9 que le sang sur le visage de Donald Trump \u00e9tait faux, et que les agents du \u00ab\u00a0<em>Secret service<\/em>\u00a0\u00bb (charg\u00e9s de la protection de Donald Trump) avaient orchestr\u00e9 ce moment avec l&rsquo;ancien pr\u00e9sident.<\/p>\n<div class=\"g2picture\">\n<figure><img src=\"https:\/\/belux-edmo.s3-accelerate.amazonaws.com\/wp-content\/uploads\/2024\/07\/000_36442TM-ipad.jpg\" \/><figcaption>Donald Trump, le visage ensanglant\u00e9, entour\u00e9 des agents du Secret service lors de son meeting \u00e0 Butler en Pennsylvanie le 13 juillet 2024 &#8211; Rebecca DROKE \/ AFP<\/figcaption><\/figure>\n<\/div>\n<p>Ce qui montre, selon Anthony Mansuy, \u00ab\u00a0<em>que personne n&rsquo;est immunis\u00e9 contre les fantasmes des th\u00e9ories du complot<\/em>\u00ab\u00a0. \u00ab\u00a0<em>L&rsquo;\u00e9v\u00e8nement peut pr\u00eater \u00e0 se poser des questions<\/em>\u00ab\u00a0, temp\u00e8re-t-il, \u00ab\u00a0<em>mais on bascule dans le complot quand on part en croisade \u00e0 partir d&rsquo;\u00e9l\u00e9ments pas v\u00e9rifi\u00e9s<\/em>\u00ab\u00a0.<\/p>\n<p>Un travers dans lequel certains sont tomb\u00e9s du fait, selon lui, \u00ab\u00a0<em>d&rsquo;une combinaison de trois facteurs r\u00e9unis de la machine complotiste : un activisme tr\u00e8s fort, un traumatisme socio-politique et des d\u00e9gradations syst\u00e9miques<\/em>\u00ab\u00a0, qui pousse les individus, \u00ab\u00a0<em>quand ils ne peuvent plus, \u00e0 cause de ces facteurs, attendre des infos de m\u00e9dias, \u00e0 se demander : &lsquo;\u00e0 qui profite le crime ?&rsquo;<\/em>\u00ab\u00a0.<\/p>\n<p>La facilit\u00e9 d&rsquo;acc\u00e8s des r\u00e9seaux sociaux, ajoute-t-il, peut galvaniser les individus dans l&rsquo;id\u00e9e qu'\u00a0\u00bb<em>on participe tous \u00e0 l&rsquo;enqu\u00eate\/hyst\u00e9rie collective<\/em>\u00ab\u00a0.<\/p>\n<p><span class=\"e-afp-update-note\"><time datetime=\"2024-07-15T16:58:00+0200\">15 juillet 2024<\/time>Remplace les termes \u00ab\u00a0services secrets\u00a0\u00bb par \u00ab\u00a0Secret service\u00a0\u00bb dans le 3\u00e8me paragraphe apr\u00e8s le premier intertitre et dans la l\u00e9gende de la derni\u00e8re photo<\/span><\/p>\n","protected":false},"excerpt":{"rendered":"<p>A la suite\u00a0de la tentative d&rsquo;assassinat contre l&rsquo;ex-pr\u00e9sident am\u00e9ricain Donald Trump, bless\u00e9 \u00e0 l&rsquo;oreille le 13 juillet \u00e0 Butler, en Pennsylvanie, de nombreuses images et affirmations fausses ou trompeuses autour de l&rsquo;\u00e9v\u00e9nement circulent sur les r\u00e9seaux sociaux.<\/p>\n","protected":false},"author":1,"featured_media":347537,"comment_status":"closed","ping_status":"closed","sticky":false,"template":"","format":"standard","meta":{"_acf_changed":false,"footnotes":""},"categories":[452,125,132,138],"tags":[490],"class_list":{"0":"post-347577","1":"post","2":"type-post","3":"status-publish","4":"format-standard","5":"has-post-thumbnail","7":"category-editors-choice-fr","8":"category-fact-check-fr","9":"category-politique","10":"category-societe","11":"tag-focus"},"acf":{"show_metatags":true,"id":"http:\/\/doc.afp.com\/36479ZG","authors":"AFP France","organization":"AFP","featured_image_copyright":"Rebecca DROKE \/ AFP","text_copyright":"\u00a9 AGENCE FRANCE-PRESSE | 2024 | Tous droits r\u00e9serv\u00e9s. L\u2019acc\u00e8s aux contenus de l'AFP publi\u00e9s sur ce site et, le cas \u00e9ch\u00e9ant, leur utilisation sont soumis aux conditions g\u00e9n\u00e9rales d'utilisation disponibles sur <a href='https:\/\/www.afp.com\/fr\/cgu' target='_blank'>CGU<\/a>. Par cons\u00e9quent, en acc\u00e9dant aux contenus de l\u2019AFP publi\u00e9s sur ce site, et en les utilisant, le cas \u00e9ch\u00e9ant, vous acceptez d'\u00eatre li\u00e9 par les conditions g\u00e9n\u00e9rales d'utilisation susmentionn\u00e9es. L\u2019utilisation de contenus de l'AFP se fait sous votre seule et enti\u00e8re responsabilit\u00e9.","source":"https:\/\/factuel.afp.com\/doc.afp.com.36479ZG","fact_checker":"https:\/\/belux.wpengine.com\/wp-content\/uploads\/2021\/12\/afp_logo.png","type":"\u00c9v\u00e9nement ferm\u00e9","location":"","start_date":"","start_date_event_begins_at":"","start_date_event_ends_at":"","end_date":"","end_date_event_begins_at":"","end_date_event_ends_at":"","organizer":"","fact_checker_logo_image":false},"yoast_head":"<!-- This site is optimized with the Yoast SEO plugin v27.0 - https:\/\/yoast.com\/product\/yoast-seo-wordpress\/ -->\n<title>Tentative d&#039;assassinat de Donald Trump : un d\u00e9ferlement d&#039;infox et th\u00e9ories infond\u00e9es - EDMO Belux<\/title>\n<meta name=\"robots\" content=\"index, follow, max-snippet:-1, max-image-preview:large, max-video-preview:-1\" \/>\n<link rel=\"canonical\" href=\"https:\/\/belux.edmo.eu\/fr\/tentative-dassassinat-de-donald-trump-un-dferlement-dinfox-et-thories-infondes\/\" \/>\n<meta property=\"og:locale\" content=\"fr_FR\" \/>\n<meta property=\"og:type\" content=\"article\" \/>\n<meta property=\"og:title\" content=\"Tentative d&#039;assassinat de Donald Trump : un d\u00e9ferlement d&#039;infox et th\u00e9ories infond\u00e9es - EDMO Belux\" \/>\n<meta property=\"og:description\" content=\"A la suite\u00a0de la tentative d&#039;assassinat contre l&#039;ex-pr\u00e9sident am\u00e9ricain Donald Trump, bless\u00e9 \u00e0 l&#039;oreille le 13 juillet \u00e0 Butler, en Pennsylvanie, de nombreuses images et affirmations fausses ou trompeuses autour de l&#039;\u00e9v\u00e9nement circulent sur les r\u00e9seaux sociaux.\" \/>\n<meta property=\"og:url\" content=\"https:\/\/belux.edmo.eu\/fr\/tentative-dassassinat-de-donald-trump-un-dferlement-dinfox-et-thories-infondes\/\" \/>\n<meta property=\"og:site_name\" content=\"EDMO Belux\" \/>\n<meta property=\"article:published_time\" content=\"2024-07-16T10:00:08+00:00\" \/>\n<meta property=\"article:modified_time\" content=\"2024-10-11T10:33:43+00:00\" \/>\n<meta property=\"og:image\" content=\"https:\/\/belux-edmo.s3-accelerate.amazonaws.com\/wp-content\/uploads\/2024\/07\/000_36442TK-ipad.jpg\" \/>\n\t<meta property=\"og:image:width\" content=\"1080\" \/>\n\t<meta property=\"og:image:height\" content=\"735\" \/>\n\t<meta property=\"og:image:type\" content=\"image\/jpeg\" \/>\n<meta name=\"author\" content=\"master\" \/>\n<meta name=\"twitter:card\" content=\"summary_large_image\" \/>\n<meta name=\"twitter:creator\" content=\"@Edmo_Belux\" \/>\n<meta name=\"twitter:site\" content=\"@Edmo_Belux\" \/>\n<meta name=\"twitter:label1\" content=\"\u00c9crit par\" \/>\n\t<meta name=\"twitter:data1\" content=\"master\" \/>\n\t<meta name=\"twitter:label2\" content=\"Dur\u00e9e de lecture estim\u00e9e\" \/>\n\t<meta name=\"twitter:data2\" content=\"10 minutes\" \/>\n<script type=\"application\/ld+json\" class=\"yoast-schema-graph\">{\"@context\":\"https:\/\/schema.org\",\"@graph\":[{\"@type\":\"Article\",\"@id\":\"https:\/\/belux.edmo.eu\/fr\/tentative-dassassinat-de-donald-trump-un-dferlement-dinfox-et-thories-infondes\/#article\",\"isPartOf\":{\"@id\":\"https:\/\/belux.edmo.eu\/fr\/tentative-dassassinat-de-donald-trump-un-dferlement-dinfox-et-thories-infondes\/\"},\"author\":{\"name\":\"master\",\"@id\":\"https:\/\/belux.edmo.eu\/#\/schema\/person\/dbe3b252258537fd318f9b5645a30342\"},\"headline\":\"Tentative d&rsquo;assassinat de Donald Trump : un d\u00e9ferlement d&rsquo;infox et th\u00e9ories infond\u00e9es\",\"datePublished\":\"2024-07-16T10:00:08+00:00\",\"dateModified\":\"2024-10-11T10:33:43+00:00\",\"mainEntityOfPage\":{\"@id\":\"https:\/\/belux.edmo.eu\/fr\/tentative-dassassinat-de-donald-trump-un-dferlement-dinfox-et-thories-infondes\/\"},\"wordCount\":2156,\"publisher\":{\"@id\":\"https:\/\/belux.edmo.eu\/#organization\"},\"image\":{\"@id\":\"https:\/\/belux.edmo.eu\/fr\/tentative-dassassinat-de-donald-trump-un-dferlement-dinfox-et-thories-infondes\/#primaryimage\"},\"thumbnailUrl\":\"https:\/\/belux-edmo.s3-accelerate.amazonaws.com\/wp-content\/uploads\/2024\/07\/000_36442TK-ipad.jpg\",\"keywords\":[\"Focus\"],\"articleSection\":[\"Editor's Choice Slider FR\",\"Fact-Check\",\"Politique\",\"Societe\"],\"inLanguage\":\"fr-FR\"},{\"@type\":\"WebPage\",\"@id\":\"https:\/\/belux.edmo.eu\/fr\/tentative-dassassinat-de-donald-trump-un-dferlement-dinfox-et-thories-infondes\/\",\"url\":\"https:\/\/belux.edmo.eu\/fr\/tentative-dassassinat-de-donald-trump-un-dferlement-dinfox-et-thories-infondes\/\",\"name\":\"Tentative d'assassinat de Donald Trump : un d\u00e9ferlement d'infox et th\u00e9ories infond\u00e9es - EDMO Belux\",\"isPartOf\":{\"@id\":\"https:\/\/belux.edmo.eu\/#website\"},\"primaryImageOfPage\":{\"@id\":\"https:\/\/belux.edmo.eu\/fr\/tentative-dassassinat-de-donald-trump-un-dferlement-dinfox-et-thories-infondes\/#primaryimage\"},\"image\":{\"@id\":\"https:\/\/belux.edmo.eu\/fr\/tentative-dassassinat-de-donald-trump-un-dferlement-dinfox-et-thories-infondes\/#primaryimage\"},\"thumbnailUrl\":\"https:\/\/belux-edmo.s3-accelerate.amazonaws.com\/wp-content\/uploads\/2024\/07\/000_36442TK-ipad.jpg\",\"datePublished\":\"2024-07-16T10:00:08+00:00\",\"dateModified\":\"2024-10-11T10:33:43+00:00\",\"breadcrumb\":{\"@id\":\"https:\/\/belux.edmo.eu\/fr\/tentative-dassassinat-de-donald-trump-un-dferlement-dinfox-et-thories-infondes\/#breadcrumb\"},\"inLanguage\":\"fr-FR\",\"potentialAction\":[{\"@type\":\"ReadAction\",\"target\":[\"https:\/\/belux.edmo.eu\/fr\/tentative-dassassinat-de-donald-trump-un-dferlement-dinfox-et-thories-infondes\/\"]}]},{\"@type\":\"ImageObject\",\"inLanguage\":\"fr-FR\",\"@id\":\"https:\/\/belux.edmo.eu\/fr\/tentative-dassassinat-de-donald-trump-un-dferlement-dinfox-et-thories-infondes\/#primaryimage\",\"url\":\"https:\/\/belux-edmo.s3-accelerate.amazonaws.com\/wp-content\/uploads\/2024\/07\/000_36442TK-ipad.jpg\",\"contentUrl\":\"https:\/\/belux-edmo.s3-accelerate.amazonaws.com\/wp-content\/uploads\/2024\/07\/000_36442TK-ipad.jpg\",\"width\":1080,\"height\":735,\"caption\":\"Tentative d'assassinat de Donald Trump : un d\u00e9ferlement d'infox et th\u00e9ories infond\u00e9es - Featured image\"},{\"@type\":\"BreadcrumbList\",\"@id\":\"https:\/\/belux.edmo.eu\/fr\/tentative-dassassinat-de-donald-trump-un-dferlement-dinfox-et-thories-infondes\/#breadcrumb\",\"itemListElement\":[{\"@type\":\"ListItem\",\"position\":1,\"name\":\"Home\",\"item\":\"https:\/\/belux.edmo.eu\/fr\/\"},{\"@type\":\"ListItem\",\"position\":2,\"name\":\"Tentative d&#8217;assassinat de Donald Trump : un d\u00e9ferlement d&#8217;infox et th\u00e9ories infond\u00e9es\"}]},{\"@type\":\"WebSite\",\"@id\":\"https:\/\/belux.edmo.eu\/#website\",\"url\":\"https:\/\/belux.edmo.eu\/\",\"name\":\"EDMO Belux\",\"description\":\"Monitoring Disinformation in Belgium and Luxembourg\",\"publisher\":{\"@id\":\"https:\/\/belux.edmo.eu\/#organization\"},\"potentialAction\":[{\"@type\":\"SearchAction\",\"target\":{\"@type\":\"EntryPoint\",\"urlTemplate\":\"https:\/\/belux.edmo.eu\/?s={search_term_string}\"},\"query-input\":{\"@type\":\"PropertyValueSpecification\",\"valueRequired\":true,\"valueName\":\"search_term_string\"}}],\"inLanguage\":\"fr-FR\"},{\"@type\":\"Organization\",\"@id\":\"https:\/\/belux.edmo.eu\/#organization\",\"name\":\"EDMO Belux\",\"url\":\"https:\/\/belux.edmo.eu\/\",\"logo\":{\"@type\":\"ImageObject\",\"inLanguage\":\"fr-FR\",\"@id\":\"https:\/\/belux.edmo.eu\/#\/schema\/logo\/image\/\",\"url\":\"https:\/\/belux.edmo.eu\/wp-content\/uploads\/2021\/12\/belux-logo-full-color-rgb.svg\",\"contentUrl\":\"https:\/\/belux.edmo.eu\/wp-content\/uploads\/2021\/12\/belux-logo-full-color-rgb.svg\",\"width\":1,\"height\":1,\"caption\":\"EDMO Belux\"},\"image\":{\"@id\":\"https:\/\/belux.edmo.eu\/#\/schema\/logo\/image\/\"},\"sameAs\":[\"https:\/\/x.com\/Edmo_Belux\"]},{\"@type\":\"Person\",\"@id\":\"https:\/\/belux.edmo.eu\/#\/schema\/person\/dbe3b252258537fd318f9b5645a30342\",\"name\":\"master\",\"sameAs\":[\"https:\/\/belux.wpengine.com\"],\"url\":\"https:\/\/belux.edmo.eu\/fr\/author\/master\/\"}]}<\/script>\n<!-- \/ Yoast SEO plugin. -->","yoast_head_json":{"title":"Tentative d'assassinat de Donald Trump : un d\u00e9ferlement d'infox et th\u00e9ories infond\u00e9es - EDMO Belux","robots":{"index":"index","follow":"follow","max-snippet":"max-snippet:-1","max-image-preview":"max-image-preview:large","max-video-preview":"max-video-preview:-1"},"canonical":"https:\/\/belux.edmo.eu\/fr\/tentative-dassassinat-de-donald-trump-un-dferlement-dinfox-et-thories-infondes\/","og_locale":"fr_FR","og_type":"article","og_title":"Tentative d'assassinat de Donald Trump : un d\u00e9ferlement d'infox et th\u00e9ories infond\u00e9es - EDMO Belux","og_description":"A la suite\u00a0de la tentative d'assassinat contre l'ex-pr\u00e9sident am\u00e9ricain Donald Trump, bless\u00e9 \u00e0 l'oreille le 13 juillet \u00e0 Butler, en Pennsylvanie, de nombreuses images et affirmations fausses ou trompeuses autour de l'\u00e9v\u00e9nement circulent sur les r\u00e9seaux sociaux.","og_url":"https:\/\/belux.edmo.eu\/fr\/tentative-dassassinat-de-donald-trump-un-dferlement-dinfox-et-thories-infondes\/","og_site_name":"EDMO Belux","article_published_time":"2024-07-16T10:00:08+00:00","article_modified_time":"2024-10-11T10:33:43+00:00","og_image":[{"width":1080,"height":735,"url":"https:\/\/belux-edmo.s3-accelerate.amazonaws.com\/wp-content\/uploads\/2024\/07\/000_36442TK-ipad.jpg","type":"image\/jpeg"}],"author":"master","twitter_card":"summary_large_image","twitter_creator":"@Edmo_Belux","twitter_site":"@Edmo_Belux","twitter_misc":{"\u00c9crit par":"master","Dur\u00e9e de lecture estim\u00e9e":"10 minutes"},"schema":{"@context":"https:\/\/schema.org","@graph":[{"@type":"Article","@id":"https:\/\/belux.edmo.eu\/fr\/tentative-dassassinat-de-donald-trump-un-dferlement-dinfox-et-thories-infondes\/#article","isPartOf":{"@id":"https:\/\/belux.edmo.eu\/fr\/tentative-dassassinat-de-donald-trump-un-dferlement-dinfox-et-thories-infondes\/"},"author":{"name":"master","@id":"https:\/\/belux.edmo.eu\/#\/schema\/person\/dbe3b252258537fd318f9b5645a30342"},"headline":"Tentative d&rsquo;assassinat de Donald Trump : un d\u00e9ferlement d&rsquo;infox et th\u00e9ories infond\u00e9es","datePublished":"2024-07-16T10:00:08+00:00","dateModified":"2024-10-11T10:33:43+00:00","mainEntityOfPage":{"@id":"https:\/\/belux.edmo.eu\/fr\/tentative-dassassinat-de-donald-trump-un-dferlement-dinfox-et-thories-infondes\/"},"wordCount":2156,"publisher":{"@id":"https:\/\/belux.edmo.eu\/#organization"},"image":{"@id":"https:\/\/belux.edmo.eu\/fr\/tentative-dassassinat-de-donald-trump-un-dferlement-dinfox-et-thories-infondes\/#primaryimage"},"thumbnailUrl":"https:\/\/belux-edmo.s3-accelerate.amazonaws.com\/wp-content\/uploads\/2024\/07\/000_36442TK-ipad.jpg","keywords":["Focus"],"articleSection":["Editor's Choice Slider FR","Fact-Check","Politique","Societe"],"inLanguage":"fr-FR"},{"@type":"WebPage","@id":"https:\/\/belux.edmo.eu\/fr\/tentative-dassassinat-de-donald-trump-un-dferlement-dinfox-et-thories-infondes\/","url":"https:\/\/belux.edmo.eu\/fr\/tentative-dassassinat-de-donald-trump-un-dferlement-dinfox-et-thories-infondes\/","name":"Tentative d'assassinat de Donald Trump : un d\u00e9ferlement d'infox et th\u00e9ories infond\u00e9es - EDMO Belux","isPartOf":{"@id":"https:\/\/belux.edmo.eu\/#website"},"primaryImageOfPage":{"@id":"https:\/\/belux.edmo.eu\/fr\/tentative-dassassinat-de-donald-trump-un-dferlement-dinfox-et-thories-infondes\/#primaryimage"},"image":{"@id":"https:\/\/belux.edmo.eu\/fr\/tentative-dassassinat-de-donald-trump-un-dferlement-dinfox-et-thories-infondes\/#primaryimage"},"thumbnailUrl":"https:\/\/belux-edmo.s3-accelerate.amazonaws.com\/wp-content\/uploads\/2024\/07\/000_36442TK-ipad.jpg","datePublished":"2024-07-16T10:00:08+00:00","dateModified":"2024-10-11T10:33:43+00:00","breadcrumb":{"@id":"https:\/\/belux.edmo.eu\/fr\/tentative-dassassinat-de-donald-trump-un-dferlement-dinfox-et-thories-infondes\/#breadcrumb"},"inLanguage":"fr-FR","potentialAction":[{"@type":"ReadAction","target":["https:\/\/belux.edmo.eu\/fr\/tentative-dassassinat-de-donald-trump-un-dferlement-dinfox-et-thories-infondes\/"]}]},{"@type":"ImageObject","inLanguage":"fr-FR","@id":"https:\/\/belux.edmo.eu\/fr\/tentative-dassassinat-de-donald-trump-un-dferlement-dinfox-et-thories-infondes\/#primaryimage","url":"https:\/\/belux-edmo.s3-accelerate.amazonaws.com\/wp-content\/uploads\/2024\/07\/000_36442TK-ipad.jpg","contentUrl":"https:\/\/belux-edmo.s3-accelerate.amazonaws.com\/wp-content\/uploads\/2024\/07\/000_36442TK-ipad.jpg","width":1080,"height":735,"caption":"Tentative d'assassinat de Donald Trump : un d\u00e9ferlement d'infox et th\u00e9ories infond\u00e9es - Featured image"},{"@type":"BreadcrumbList","@id":"https:\/\/belux.edmo.eu\/fr\/tentative-dassassinat-de-donald-trump-un-dferlement-dinfox-et-thories-infondes\/#breadcrumb","itemListElement":[{"@type":"ListItem","position":1,"name":"Home","item":"https:\/\/belux.edmo.eu\/fr\/"},{"@type":"ListItem","position":2,"name":"Tentative d&#8217;assassinat de Donald Trump : un d\u00e9ferlement d&#8217;infox et th\u00e9ories infond\u00e9es"}]},{"@type":"WebSite","@id":"https:\/\/belux.edmo.eu\/#website","url":"https:\/\/belux.edmo.eu\/","name":"EDMO Belux","description":"Monitoring Disinformation in Belgium and Luxembourg","publisher":{"@id":"https:\/\/belux.edmo.eu\/#organization"},"potentialAction":[{"@type":"SearchAction","target":{"@type":"EntryPoint","urlTemplate":"https:\/\/belux.edmo.eu\/?s={search_term_string}"},"query-input":{"@type":"PropertyValueSpecification","valueRequired":true,"valueName":"search_term_string"}}],"inLanguage":"fr-FR"},{"@type":"Organization","@id":"https:\/\/belux.edmo.eu\/#organization","name":"EDMO Belux","url":"https:\/\/belux.edmo.eu\/","logo":{"@type":"ImageObject","inLanguage":"fr-FR","@id":"https:\/\/belux.edmo.eu\/#\/schema\/logo\/image\/","url":"https:\/\/belux.edmo.eu\/wp-content\/uploads\/2021\/12\/belux-logo-full-color-rgb.svg","contentUrl":"https:\/\/belux.edmo.eu\/wp-content\/uploads\/2021\/12\/belux-logo-full-color-rgb.svg","width":1,"height":1,"caption":"EDMO Belux"},"image":{"@id":"https:\/\/belux.edmo.eu\/#\/schema\/logo\/image\/"},"sameAs":["https:\/\/x.com\/Edmo_Belux"]},{"@type":"Person","@id":"https:\/\/belux.edmo.eu\/#\/schema\/person\/dbe3b252258537fd318f9b5645a30342","name":"master","sameAs":["https:\/\/belux.wpengine.com"],"url":"https:\/\/belux.edmo.eu\/fr\/author\/master\/"}]}},"menu_order":0,"_links":{"self":[{"href":"https:\/\/belux.edmo.eu\/fr\/wp-json\/wp\/v2\/posts\/347577","targetHints":{"allow":["GET"]}}],"collection":[{"href":"https:\/\/belux.edmo.eu\/fr\/wp-json\/wp\/v2\/posts"}],"about":[{"href":"https:\/\/belux.edmo.eu\/fr\/wp-json\/wp\/v2\/types\/post"}],"author":[{"embeddable":true,"href":"https:\/\/belux.edmo.eu\/fr\/wp-json\/wp\/v2\/users\/1"}],"replies":[{"embeddable":true,"href":"https:\/\/belux.edmo.eu\/fr\/wp-json\/wp\/v2\/comments?post=347577"}],"version-history":[{"count":0,"href":"https:\/\/belux.edmo.eu\/fr\/wp-json\/wp\/v2\/posts\/347577\/revisions"}],"wp:featuredmedia":[{"embeddable":true,"href":"https:\/\/belux.edmo.eu\/fr\/wp-json\/wp\/v2\/media\/347537"}],"wp:attachment":[{"href":"https:\/\/belux.edmo.eu\/fr\/wp-json\/wp\/v2\/media?parent=347577"}],"wp:term":[{"taxonomy":"category","embeddable":true,"href":"https:\/\/belux.edmo.eu\/fr\/wp-json\/wp\/v2\/categories?post=347577"},{"taxonomy":"post_tag","embeddable":true,"href":"https:\/\/belux.edmo.eu\/fr\/wp-json\/wp\/v2\/tags?post=347577"}],"curies":[{"name":"wp","href":"https:\/\/api.w.org\/{rel}","templated":true}]}}