{"id":348156,"date":"2024-07-17T09:24:41","date_gmt":"2024-07-17T09:24:41","guid":{"rendered":"https:\/\/belux.edmo.eu\/?p=348156"},"modified":"2024-09-02T13:16:23","modified_gmt":"2024-09-02T13:16:23","slug":"60-000euros-par-mois-pour-un-dput-europen-il-ne-faut-pas-confondre-salaire-budget-de-fonctionnement-et-remboursement","status":"publish","type":"post","link":"https:\/\/belux.edmo.eu\/fr\/60-000euros-par-mois-pour-un-dput-europen-il-ne-faut-pas-confondre-salaire-budget-de-fonctionnement-et-remboursement\/","title":{"rendered":"60.000\u00a0euros par mois pour un d\u00e9put\u00e9 europ\u00e9en\u00a0? Il ne faut pas confondre salaire, budget de fonctionnement et remboursement"},"content":{"rendered":"<p><strong>Dans une vid\u00e9o partag\u00e9e sur Tiktok, un Youtubeur chypriote de 24 ans r\u00e9cemment \u00e9lu au Parlement europ\u00e9en fait le d\u00e9tail des montants financiers qui lui sont consacr\u00e9s pour exercer son mandat. Le nouveau d\u00e9put\u00e9 arrive \u00e0 un montant total de 60.000\u20ac par mois. Plusieurs m\u00e9dias ont conclu que ce d\u00e9put\u00e9 gagnait ce montant par mois, ce qui n\u2019est pas correct. Ce montant comprend aussi les salaires de ses collaborateurs ou les frais de d\u00e9placements li\u00e9s \u00e0 sa fonction.<\/strong><\/p>\n<div>\n<div>\n<div>\n<div data-elbcontext=\"area:link\" data-elb-navigation=\"url:#href\">\n<p>Fidias Panayiotou se d\u00e9finit lui-m\u00eame comme \u00ab\u00a0faiseur d\u2019erreur professionnel\u00a0\u00bb, selon des propos rapport\u00e9s par l\u2019AFP. \u00c0 24 ans, il compte\u00a02,6\u00a0millions d\u2019abonn\u00e9s sur YouTube, 211.000 abonn\u00e9s sur TikTok et s\u2019est fait \u00e9lire au Parlement europ\u00e9en en juin dernier, sans programme, ni parti, ni exp\u00e9rience politique en rassemblant 20% des voix \u00e0 Chypre.<\/p>\n<p>\u00ab\u00a0J\u2019en ai assez que les responsables politiques ne servent que leurs int\u00e9r\u00eats personnels ou de leur parti, en ignorant les int\u00e9r\u00eats de la soci\u00e9t\u00e9\u00a0\u00bb, d\u00e9clarait-il \u00e0 la presse chypriote en avril. Il pr\u00f4ne sur sa cha\u00eene la \u00ab\u00a0d\u00e9mocratie directe\u00a0\u00bb. Il a ainsi demand\u00e9 \u00e0 ses abonn\u00e9s s\u2019il devait rejoindre le groupe \u00e9cologiste au Parlement ou rester non affili\u00e9, avant finalement de rester ind\u00e9pendant.<\/p>\n<\/div>\n<\/div>\n<\/div>\n<\/div>\n<div>\n<div>\n<div>\n<h2>60.000\u00a0euros par mois au Parlement europ\u00e9en<\/h2>\n<\/div>\n<\/div>\n<\/div>\n<div>\n<div>\n<div>\n<div data-elbcontext=\"area:link\" data-elb-navigation=\"url:#href\">\n<p>Dans\u00a0<a href=\"http:\/\/archive.today\/oSYPt\">une vid\u00e9o publi\u00e9e\u00a0le 6\u00a0juillet sur le r\u00e9seau social TikTok<\/a>\u00a0qui totalisait pr\u00e8s de 800.000 vues ce mercredi matin (et dans\u00a0<a href=\"http:\/\/archive.today\/n4Obf\">une version anglaise qui totalise 7 millions de vues<\/a>), il fait le d\u00e9tail en une minute des montants mis \u00e0 disposition pour son mandat. \u00ab\u00a0Le monde entier devrait savoir ce qui se passe au Parlement europ\u00e9en\u00a0\u00bb, dit-il avant d\u2019entrer dans le d\u00e9tail. \u00ab\u00a0Notre salaire mensuel est de\u00a08000\u00a0euros par mois. [\u2026] Si vous allez au Parlement europ\u00e9en et que vous apposez votre signature, vous touchez 350\u00a0euros, soit 3000\u00a0euros de plus.\u00a0\u00bb Il cite aussi le chiffre de 30.000\u00a0euros pour les salaires de son \u00e9quipe.<\/p>\n<p>Il continue\u00a0: \u00ab\u00a05000\u00a0euros pour votre bureau \u00e0 Chypre et vos frais de bureau, 4000\u00a0euros par mois pour faire votre travail au Parlement europ\u00e9en. 10.000\u00a0euros pour amener qui vous voulez au Parlement europ\u00e9en afin de conna\u00eetre un peu l\u2019Europe\u00a0\u00bb, soit un total arrondi de 60.000\u00a0euros.<\/p>\n<p><a href=\"http:\/\/archive.today\/s4HfD\">Un m\u00e9dia chypriote de langue anglaise<\/a>\u00a0a\u00a0fait ses\u00a0gros titres sur ce montant de 60.000\u00a0euros, tandis que\u00a0<a href=\"http:\/\/archive.today\/G4vgD\">nos confr\u00e8res de l\u2019Avenir, sur leur site internet<\/a>, laissent entendre qu\u2019il s\u2019agissait du montant que ce nouveau d\u00e9put\u00e9 touchait personnellement chaque mois puisqu\u2019ils \u00e9crivent, entre guillemets\u00a0: \u00ab\u00a0Je gagne en tout 60.000\u20ac par mois.\u00a0\u00bb<\/p>\n<p>Le youtubeur\u00a0conclut son intervention en indiquant qu\u2019il ferait une vid\u00e9o tous les trois mois pour expliquer d\u2019o\u00f9 vient cet argent, comment il aura \u00e9t\u00e9 d\u00e9pens\u00e9 et qui il aura engag\u00e9.<\/p>\n<\/div>\n<\/div>\n<\/div>\n<\/div>\n<div>\n<div>\n<div>\n<div>\n<div><iframe><\/iframe><\/div>\n<\/div>\n<\/div>\n<\/div>\n<\/div>\n<div>\n<div>\n<div>\n<h2>Un montant de 60.000\u20ac par mois exag\u00e9r\u00e9<\/h2>\n<\/div>\n<\/div>\n<\/div>\n<div>\n<div>\n<div>\n<div data-elbcontext=\"area:link\" data-elb-navigation=\"url:#href\">\n<p>Pour v\u00e9rifier les montants indiqu\u00e9s par\u00a0Fidias Panayiotou, nous avons contact\u00e9 le service de presse du Parlement europ\u00e9en et consult\u00e9 son site internet qui d\u00e9taille\u00a0<a href=\"https:\/\/www.europarl.europa.eu\/news\/fr\/faq\/8\/indemnite-et-pensions-de-retraite\">les montants<\/a>\u00a0et\u00a0<a href=\"https:\/\/www.europarl.europa.eu\/news\/fr\/faq\/9\/allocations-et-indemnites\">indemnit\u00e9s<\/a>.<\/p>\n<ul>\n<li>Salaire mensuel\u00a0: 8089,63\u20ac, parfois tax\u00e9s dans le pays d\u2019origine<\/li>\n<\/ul>\n<p>Le service de presse du Parlement europ\u00e9en nous indique par e-mail que depuis\u00a02009, \u00ab\u00a0tous les d\u00e9put\u00e9s re\u00e7oivent la m\u00eame r\u00e9mun\u00e9ration pour l\u2019exercice de leurs fonctions\u00a0\u00bb. Ce salaire est fix\u00e9 \u00e0 38,5% du traitement de base d\u2019un juge \u00e0 la cour de Justice des Communaut\u00e9s europ\u00e9ennes.<\/p>\n<p>\u00c0 partir du 1er\u00a0janvier 2024, le salaire mensuel avant imp\u00f4t des d\u00e9put\u00e9s s\u2019\u00e9l\u00e8ve \u00e0 10.377,43\u00a0euros brut, soit 8089,63\u00a0euros net apr\u00e8s d\u00e9duction des cotisations sociales et imp\u00f4ts europ\u00e9ens.\u00a0\u00ab\u00a0Il faut noter que le salaire peut \u00e9galement \u00eatre soumis \u00e0 des imp\u00f4ts nationaux, de sorte que le salaire final apr\u00e8s imp\u00f4ts d\u2019un d\u00e9put\u00e9 d\u00e9pend des r\u00e8gles fiscales en vigueur dans son pays d\u2019origine\u00a0\u00bb, nous pr\u00e9cise encore le parlement.\u00a0<a href=\"https:\/\/finances.belgium.be\/fr\/particuliers\/international\/travailler-en-belgique-ou-etranger\/personnel-organisation-internationale-declaration-revenus#q1\">Les d\u00e9put\u00e9s europ\u00e9ens belges sont par exemple encore tax\u00e9s en Belgique sur leur salaire<\/a>. Le salaire net est alors plus bas que 8000\u00a0euros.<\/p>\n<ul>\n<li>Indemnit\u00e9 journali\u00e8re\u00a0: 350\u20ac\u00a0par jour<\/li>\n<\/ul>\n<p>Afin de couvrir les frais de logement, les repas et frais connexes \u00e0 l\u2019activit\u00e9 parlementaire, les d\u00e9put\u00e9s re\u00e7oivent 350\u00a0euros nets par jour d\u2019activit\u00e9 officielle au Parlement europ\u00e9en, c\u2019est-\u00e0-dire en cas\u00a0de r\u00e9union de commission et de s\u00e9ance pl\u00e9ni\u00e8re.<\/p>\n<p>Nous n\u2019avons pas pu obtenir le d\u00e9tail du nombre de jours d\u2019activit\u00e9 officielle au Parlement europ\u00e9en chaque mois. Cela d\u00e9pend du nombre de s\u00e9ances pl\u00e9ni\u00e8res \u00e0 Strasbourg (une s\u00e9ance de quatre jours par mois, sauf au mois d\u2019ao\u00fbt), mais aussi \u00e0 Bruxelles ou du nombre de s\u00e9ances en commission,\u00a0etc.<\/p>\n<p>Cette somme n\u2019est cependant pas un \u00ab\u00a0bonus\u00a0\u00bb de la r\u00e9mun\u00e9ration. Elle sert \u00e0 couvrir certains frais engendr\u00e9s par la tenue d\u2019une s\u00e9ance \u00e0 Strasbourg ou \u00e0 Bruxelles\u00a0: louer une nuit d\u2019h\u00f4tel, se nourrir,\u00a0etc.<\/p>\n<p>Pour obtenir cette indemnit\u00e9, les d\u00e9put\u00e9s doivent signer\u00a0un registre de pr\u00e9sence. Cette indemnit\u00e9 est aussi activ\u00e9e lorsque le d\u00e9put\u00e9 se connecte \u00e0 une r\u00e9union du parlement en\u00a0t\u00e9l\u00e9travail, sauf en dehors de l\u2019Union europ\u00e9enne o\u00f9 elle est r\u00e9duite de moiti\u00e9.<\/p>\n<p>\u00ab\u00a0L\u2019indemnit\u00e9 journali\u00e8re est r\u00e9duite de moiti\u00e9 si les d\u00e9put\u00e9s manquent plus de la moiti\u00e9 des votes par appel nominal les jours de vote en s\u00e9ance pl\u00e9ni\u00e8re, m\u00eame s\u2019ils sont pr\u00e9sents et ont sign\u00e9 la liste de pr\u00e9sence.\u00a0\u00bb<\/p>\n<p>L\u2019estimation de\u00a03000\u00a0euros par mois faite par\u00a0Fidias Panayiotou sera donc reprise dans nos prochains calculs.<\/p>\n<ul>\n<li>Indemnit\u00e9 frais g\u00e9n\u00e9raux\u00a0: 4950\u20ac par mois<\/li>\n<\/ul>\n<p>Les d\u00e9put\u00e9s per\u00e7oivent aussi un montant de\u00a04950\u20ac nets par mois en tant que\u00a0\u00ab\u00a0somme forfaitaire\u00a0destin\u00e9e \u00e0 couvrir les d\u00e9penses telles que la location de bureaux dans l\u2019\u00c9tat membre d\u2019\u00e9lection, l\u2019achat de mat\u00e9riel informatique et de fournitures de bureau, ou encore les abonnements de t\u00e9l\u00e9phone ou internet\u00a0\u00bb, pr\u00e9cise\u00a0<a href=\"https:\/\/www.europarl.europa.eu\/news\/fr\/faq\/9\/allocations-et-indemnites\">le site du Parlement europ\u00e9en<\/a>. Celui-ci pr\u00e9cise qu\u2019il est\u00a0\u00ab\u00a0important que les d\u00e9put\u00e9s aient la possibilit\u00e9 d\u2019organiser leurs activit\u00e9s aussi dans leur circonscription, et pas seulement \u00e0 Bruxelles et \u00e0 Strasbourg.\u00a0\u00bb<\/p>\n<p>Le site pr\u00e9cise que le choix d\u2019un montant forfaitaire au d\u00e9triment d\u2019un remboursement au co\u00fbt par co\u00fbt \u00ab\u00a0vient de la n\u00e9cessit\u00e9 de pr\u00e9server l\u2019ind\u00e9pendance du mandat et s\u2019explique aussi par le fait qu\u2019il s\u2019agit du type de versement pr\u00e9sentant le meilleur rapport co\u00fbt\/efficacit\u00e9\u00a0\u00bb. Outre les questions d\u2019ind\u00e9pendances, ceci signifie par exemple que\u00a0l\u2019\u00e9ventuelle \u00e9conomie esp\u00e9r\u00e9e avec un meilleur contr\u00f4le des d\u00e9penses serait perdue dans les co\u00fbts humains li\u00e9s au contr\u00f4le de ces d\u00e9penses par l\u2019administration du parlement. Cette somme peut donc th\u00e9oriquement \u00eatre conserv\u00e9e par le d\u00e9put\u00e9 en tant que r\u00e9mun\u00e9ration s\u2019il n\u2019en utilise pas la totalit\u00e9 pour ses frais divers.<\/p>\n<p>Enfin, ce montant forfaitaire est divis\u00e9 par deux dans le cas o\u00f9 le d\u00e9put\u00e9 assiste \u00e0 moins de la moiti\u00e9 des s\u00e9ances pl\u00e9ni\u00e8res au cours d\u2019une ann\u00e9e parlementaire sans justification valable.<\/p>\n<ul>\n<li>Les assistants parlementaires\u00a0: 29.557\u00a0euros par mois<\/li>\n<\/ul>\n<p>Le site du Parlement europ\u00e9en pr\u00e9cise que les \u00ab\u00a0d\u00e9put\u00e9s sont libres de choisir leurs assistants\u00a0\u00bb qui sont r\u00e9mun\u00e9r\u00e9s gr\u00e2ce \u00e0\u00a0une dotation fix\u00e9e par le parlement \u00e0 29.557\u20ac par mois brut. Cela peut repr\u00e9senter une \u00e9quipe quatre ou cinq personnes \u00e0 temps plein.<\/p>\n<p>\u00ab\u00a0Tous les d\u00e9put\u00e9s au Parlement europ\u00e9en ont droit au m\u00eame montant et ne touchent pas eux-m\u00eames de fonds\u00a0\u00bb, pr\u00e9cise le site du parlement.\u00a0Autrement dit, c\u2019est l\u2019assistant parlementaire qui touche directement cette somme.<\/p>\n<p>Par ailleurs, les d\u00e9put\u00e9s europ\u00e9ens\u00a0\u00ab\u00a0ne\u00a0peuvent pas employer de parents proches, et les assistants ne doivent pas exercer d\u2019activit\u00e9s susceptibles de cr\u00e9er un conflit d\u2019int\u00e9r\u00eats.\u00a0\u00bb\u00a0Ainsi, afin de le v\u00e9rifier, la liste\u00a0<a href=\"https:\/\/www.europarl.europa.eu\/meps\/fr\/assistants\">des assistants reli\u00e9s \u00e0 chaque d\u00e9put\u00e9<\/a>\u00a0est publi\u00e9e sur le site du Parlement europ\u00e9en.<\/p>\n<ul>\n<li>Frais de voyage et de d\u00e9placement\u00a0: 4886\u00a0euros par an<\/li>\n<\/ul>\n<p>Le Parlement europ\u00e9en prend en charge les frais de d\u00e9placement vers et depuis le parlement de Bruxelles ou de Strasbourg. Les d\u00e9put\u00e9s sont rembours\u00e9s du co\u00fbt r\u00e9el des titres de transport, sur pr\u00e9sentation des re\u00e7us. Il existe des plafonds lors de l\u2019achat de billets d\u2019avion, de train ou de d\u00e9placement en voiture. Il n\u2019y a donc pas d\u2019indemnit\u00e9 forfaitaire \u00e0 ce niveau, contrairement \u00e0 l\u2019indemnit\u00e9 journali\u00e8re ou aux frais g\u00e9n\u00e9raux.<\/p>\n<p>Des frais de voyages peuvent aussi \u00eatre rembours\u00e9s lorsque les d\u00e9put\u00e9s se d\u00e9placent pour repr\u00e9senter le parlement dans l\u2019Union ou en dehors.<\/p>\n<p>Enfin, ils peuvent effectuer des missions individuelles, en dehors des r\u00e9unions officielles du parlement, par exemple pour se rendre en visite dans un pays, assister \u00e0 une conf\u00e9rence,\u00a0etc.<\/p>\n<p>Si cette visite a lieu dans le pays du d\u00e9put\u00e9, le parlement rembourse les frais de voyages \u00ab\u00a0dans la limite d\u2019un montant annuel maximal d\u00e9termin\u00e9 en fonction du pays\u00a0\u00bb. Nous n\u2019avons pas pu obtenir\u00a0les diff\u00e9rents montants par pays. Si le d\u00e9placement se fait vers un autre pays que leur pays d\u2019origine, les d\u00e9put\u00e9s \u00ab\u00a0peuvent demander le\u00a0remboursement de leurs frais de voyage, d\u2019h\u00e9bergement et de frais connexes\u00a0\u00bb pour un maximum de\u00a04886\u00a0euros par an et non par mois\u00a0contrairement aux autres indemnit\u00e9s \u00e9voqu\u00e9es ici.<\/p>\n<p>Nous n\u2019avons pas identifi\u00e9 d\u2019autres revenus ou sources de budget mis \u00e0 disposition d\u2019un d\u00e9put\u00e9 europ\u00e9en. Le total de ces diff\u00e9rents montants (8089+\u00a03000+\u00a04950+\u00a029.557+\u00a04886\/12) atteint un peu plus de 46.000\u00a0euros m\u00eame s\u2019il nous manque le montant annuel maximal de frais de d\u00e9placement dans le pays du d\u00e9put\u00e9.<\/p>\n<\/div>\n<\/div>\n<\/div>\n<\/div>\n<div>\n<div>\n<div>\n<h2>Une grande confusion entre salaire, budget pour les assistants parlementaires et remboursement<\/h2>\n<\/div>\n<\/div>\n<\/div>\n<div>\n<div>\n<div>\n<div data-elbcontext=\"area:link\" data-elb-navigation=\"url:#href\">\n<p>Enfin, il faudrait distinguer ces\u00a046.000\u00a0euros\u00a0en trois types de budget.<\/p>\n<ul>\n<li>D\u2019une part, la r\u00e9mun\u00e9ration directe ou indirecte du d\u00e9put\u00e9 est\u00a0constitu\u00e9e de sa r\u00e9mun\u00e9ration (8089,63\u00a0euros par mois) et \u00e9ventuellement une partie de l\u2019indemnit\u00e9 forfaitaire journali\u00e8re (350\u00a0euros par jour) et une partie de l\u2019indemnit\u00e9 des frais g\u00e9n\u00e9raux (4950\u00a0euros par mois) dans les cas o\u00f9 ces deux indemnit\u00e9s seraient sup\u00e9rieures aux frais r\u00e9ellement engag\u00e9s. Il est \u00e9vident que si une partie des indemnit\u00e9s forfaitaires pourrait \u00eatre convertie\u00a0en revenus nets, le d\u00e9put\u00e9 est bien oblig\u00e9 de d\u00e9penser de l\u2019argent pour\u00a0se loger ou se nourrir lorsqu\u2019il se d\u00e9place \u00e0 Bruxelles ou \u00e0 Strasbourg, ou pour travailler dans son pays d\u2019origine. Sur 16.000\u00a0euros par mois qui sont vers\u00e9s\u00a0sur son compte, un peu plus de\u00a08000 correspond \u00e0 son salaire qui peut encore \u00eatre tax\u00e9 dans son pays et les 8000\u00a0euros restants servent en partie \u00e0 couvrir des frais qu\u2019il peut avoir\u00a0: nuits d\u2019h\u00f4tels lors des s\u00e9ances parlementaires \u00e0 Strasbourg ou Bruxelles, se nourrir, payer un bureau, un ordinateur, un t\u00e9l\u00e9phone,\u00a0etc. La partie non utilis\u00e9e sur ces 8000\u00a0euros de frais d\u00e9pendra donc de l\u2019utilisation qu\u2019en fait chaque d\u00e9put\u00e9 europ\u00e9en.<\/li>\n<li>D\u2019autre part, le budget li\u00e9 aux assistants parlementaires de 29.557\u00a0euros ne transite pas par le compte du d\u00e9put\u00e9 et ne peut donc pas \u00eatre converti \u00e0 son profit au cas o\u00f9 il ne serait pas utilis\u00e9. Cette somme ne peut donc pas \u00eatre compt\u00e9e comme de l\u2019argent qu\u2019il per\u00e7oit.<\/li>\n<li>Enfin, les frais de voyages et de d\u00e9placements sont rembours\u00e9s sur justificatif. Le d\u00e9put\u00e9 ne touche ces remboursements que s\u2019il a effectivement r\u00e9alis\u00e9 ces d\u00e9penses. Cela n\u2019engendre donc aucune r\u00e9mun\u00e9ration suppl\u00e9mentaire.<\/li>\n<\/ul>\n<\/div>\n<\/div>\n<\/div>\n<\/div>\n<div>\n<div>\n<div>\n<h2>Conclusion<\/h2>\n<\/div>\n<\/div>\n<\/div>\n<div>\n<div>\n<div>\n<div data-elbcontext=\"area:link\" data-elb-navigation=\"url:#href\">\n<ul>\n<li>Le d\u00e9compte r\u00e9alis\u00e9 par\u00a0Fidias Panayiotou dans une vid\u00e9o sur TikTok totalisant 60.000\u00a0euros par mois semble exag\u00e9r\u00e9 en comparaison des montants publi\u00e9s sur le site du Parlement europ\u00e9en. Notre calcul atteint plut\u00f4t les 46.000\u00a0euros par mois.<\/li>\n<li>Fidias Panayiotou introduit une grande confusion entre sa r\u00e9mun\u00e9ration, les indemnit\u00e9s forfaitaires octroy\u00e9es pour rembourser les frais engag\u00e9s pour r\u00e9aliser sa mission de d\u00e9put\u00e9, le budget disponible pour engager des collaborateurs ou les remboursements de frais de missions.<\/li>\n<li>Seule la premi\u00e8re cat\u00e9gorie de revenu (sa r\u00e9mun\u00e9ration de\u00a08089,63\u00a0euros par mois) \u00e9ventuellement augment\u00e9e des montants forfaitaires non d\u00e9pens\u00e9s pour son logement ou ses frais de bureaux d\u2019environ 8000\u00a0euros par mois peuvent \u00eatre consid\u00e9r\u00e9s comme de l\u2019argent net qu\u2019il touche.<\/li>\n<li>Le budget mis \u00e0 disposition pour engager des collaborateurs ne transite pas par le compte du parlementaire et ne peut donc pas \u00eatre capt\u00e9 par celui-ci. Les remboursements de frais de missions ne sont touch\u00e9s que lorsque le d\u00e9put\u00e9 a effectu\u00e9 une d\u00e9pense au pr\u00e9alable.<\/li>\n<li>En dehors de tout d\u00e9bat sur la juste r\u00e9mun\u00e9ration des d\u00e9put\u00e9s ou de la pertinence du caract\u00e8re forfaitaire des indemnit\u00e9s, il est donc\u00a0faux de sous-entendre qu\u2019un d\u00e9put\u00e9 europ\u00e9en touche 60.000\u00a0euros par mois. La r\u00e9alit\u00e9 se trouve entre\u00a08000\u00a0euros bruts et grand maximum 16.000\u00a0euros, dans l\u2019hypoth\u00e8se peu plausible o\u00f9 il n\u2019aurait aucun frais de bureau ou de logement pour exercer sa fonction de d\u00e9put\u00e9 ou assister aux s\u00e9ances \u00e0 Bruxelles et Strasbourg.<\/li>\n<\/ul>\n<\/div>\n<\/div>\n<\/div>\n<\/div>\n","protected":false},"excerpt":{"rendered":"<p>Fidias Panayiotou se d\u00e9finit lui-m\u00eame comme \u00ab\u00a0faiseur d\u2019erreur professionnel\u00a0\u00bb, selon des propos rapport\u00e9s par l\u2019AFP. \u00c0 24 ans, il compte\u00a02,6\u00a0millions d\u2019abonn\u00e9s sur YouTube, 211.000 abonn\u00e9s sur TikTok et s\u2019est fait \u00e9lire au Parlement europ\u00e9en en juin dernier, sans programme, ni parti, ni exp\u00e9rience politique en rassemblant 20% des voix \u00e0 Chypre.<\/p>\n","protected":false},"author":1,"featured_media":348151,"comment_status":"closed","ping_status":"closed","sticky":false,"template":"","format":"standard","meta":{"_acf_changed":false,"footnotes":""},"categories":[125,116,132,138,423],"tags":[],"class_list":{"0":"post-348156","1":"post","2":"type-post","3":"status-publish","4":"format-standard","5":"has-post-thumbnail","7":"category-fact-check-fr","8":"category-non-classifiee","9":"category-politique","10":"category-societe","11":"category-eu-fr"},"acf":{"show_metatags":true,"id":"https:\/\/www.rtbf.be\/article\/60-000-euros-par-mois-pour-un-depute-europeen-il-ne-faut-pas-confondre-salaire-budget-de-fonctionnement-et-remboursement-11405368","authors":"Guillaume Woelfle avec AFP","organization":"RTBF","featured_image_copyright":"","text_copyright":"Copyright: (C)RTBF Radio, Television Belge Francophone, plus d'infos: https:\/\/www.rtbf.be\/cgu\/","source":"https:\/\/www.rtbf.be\/article\/60-000-euros-par-mois-pour-un-depute-europeen-il-ne-faut-pas-confondre-salaire-budget-de-fonctionnement-et-remboursement-11405368","fact_checker":"https:\/\/belux.wpengine.com\/wp-content\/uploads\/2022\/01\/rtbf-logo.jpg","type":"\u00c9v\u00e9nement ferm\u00e9","location":"","start_date":"","start_date_event_begins_at":"","start_date_event_ends_at":"","end_date":"","end_date_event_begins_at":"","end_date_event_ends_at":"","organizer":"","fact_checker_logo_image":false},"yoast_head":"<!-- This site is optimized with the Yoast SEO plugin v27.0 - https:\/\/yoast.com\/product\/yoast-seo-wordpress\/ -->\n<title>60.000\u00a0euros par mois pour un d\u00e9put\u00e9 europ\u00e9en\u00a0? Il ne faut pas confondre salaire, budget de fonctionnement et remboursement - EDMO Belux<\/title>\n<meta name=\"robots\" content=\"index, follow, max-snippet:-1, max-image-preview:large, max-video-preview:-1\" \/>\n<link rel=\"canonical\" href=\"https:\/\/belux.edmo.eu\/fr\/60-000euros-par-mois-pour-un-dput-europen-il-ne-faut-pas-confondre-salaire-budget-de-fonctionnement-et-remboursement\/\" \/>\n<meta property=\"og:locale\" content=\"fr_FR\" \/>\n<meta property=\"og:type\" content=\"article\" \/>\n<meta property=\"og:title\" content=\"60.000\u00a0euros par mois pour un d\u00e9put\u00e9 europ\u00e9en\u00a0? Il ne faut pas confondre salaire, budget de fonctionnement et remboursement - EDMO Belux\" \/>\n<meta property=\"og:description\" content=\"Fidias Panayiotou se d\u00e9finit lui-m\u00eame comme &quot;faiseur d\u2019erreur professionnel&quot;, selon des propos rapport\u00e9s par l\u2019AFP. \u00c0 24 ans, il compte\u00a02,6\u00a0millions d\u2019abonn\u00e9s sur YouTube, 211.000 abonn\u00e9s sur TikTok et s\u2019est fait \u00e9lire au Parlement europ\u00e9en en juin dernier, sans programme, ni parti, ni exp\u00e9rience politique en rassemblant 20% des voix \u00e0 Chypre.\" \/>\n<meta property=\"og:url\" content=\"https:\/\/belux.edmo.eu\/fr\/60-000euros-par-mois-pour-un-dput-europen-il-ne-faut-pas-confondre-salaire-budget-de-fonctionnement-et-remboursement\/\" \/>\n<meta property=\"og:site_name\" content=\"EDMO Belux\" \/>\n<meta property=\"article:published_time\" content=\"2024-07-17T09:24:41+00:00\" \/>\n<meta property=\"article:modified_time\" content=\"2024-09-02T13:16:23+00:00\" \/>\n<meta property=\"og:image\" content=\"https:\/\/belux-edmo.s3-accelerate.amazonaws.com\/wp-content\/uploads\/2024\/07\/d1c373ab1570cfb9a7dbb53c186b37a2-1721118912.jpg\" \/>\n\t<meta property=\"og:image:width\" content=\"770\" \/>\n\t<meta property=\"og:image:height\" content=\"433\" \/>\n\t<meta property=\"og:image:type\" content=\"image\/jpeg\" \/>\n<meta name=\"author\" content=\"master\" \/>\n<meta name=\"twitter:card\" content=\"summary_large_image\" \/>\n<meta name=\"twitter:creator\" content=\"@Edmo_Belux\" \/>\n<meta name=\"twitter:site\" content=\"@Edmo_Belux\" \/>\n<meta name=\"twitter:label1\" content=\"\u00c9crit par\" \/>\n\t<meta name=\"twitter:data1\" content=\"master\" \/>\n\t<meta name=\"twitter:label2\" content=\"Dur\u00e9e de lecture estim\u00e9e\" \/>\n\t<meta name=\"twitter:data2\" content=\"9 minutes\" \/>\n<script type=\"application\/ld+json\" class=\"yoast-schema-graph\">{\"@context\":\"https:\/\/schema.org\",\"@graph\":[{\"@type\":\"Article\",\"@id\":\"https:\/\/belux.edmo.eu\/fr\/60-000euros-par-mois-pour-un-dput-europen-il-ne-faut-pas-confondre-salaire-budget-de-fonctionnement-et-remboursement\/#article\",\"isPartOf\":{\"@id\":\"https:\/\/belux.edmo.eu\/fr\/60-000euros-par-mois-pour-un-dput-europen-il-ne-faut-pas-confondre-salaire-budget-de-fonctionnement-et-remboursement\/\"},\"author\":{\"name\":\"master\",\"@id\":\"https:\/\/belux.edmo.eu\/#\/schema\/person\/dbe3b252258537fd318f9b5645a30342\"},\"headline\":\"60.000\u00a0euros par mois pour un d\u00e9put\u00e9 europ\u00e9en\u00a0? Il ne faut pas confondre salaire, budget de fonctionnement et remboursement\",\"datePublished\":\"2024-07-17T09:24:41+00:00\",\"dateModified\":\"2024-09-02T13:16:23+00:00\",\"mainEntityOfPage\":{\"@id\":\"https:\/\/belux.edmo.eu\/fr\/60-000euros-par-mois-pour-un-dput-europen-il-ne-faut-pas-confondre-salaire-budget-de-fonctionnement-et-remboursement\/\"},\"wordCount\":2313,\"publisher\":{\"@id\":\"https:\/\/belux.edmo.eu\/#organization\"},\"image\":{\"@id\":\"https:\/\/belux.edmo.eu\/fr\/60-000euros-par-mois-pour-un-dput-europen-il-ne-faut-pas-confondre-salaire-budget-de-fonctionnement-et-remboursement\/#primaryimage\"},\"thumbnailUrl\":\"https:\/\/belux-edmo.s3-accelerate.amazonaws.com\/wp-content\/uploads\/2024\/07\/d1c373ab1570cfb9a7dbb53c186b37a2-1721118912.jpg\",\"articleSection\":[\"Fact-Check\",\"Non classifi\u00e9(e)\",\"Politique\",\"Societe\",\"UE\"],\"inLanguage\":\"fr-FR\"},{\"@type\":\"WebPage\",\"@id\":\"https:\/\/belux.edmo.eu\/fr\/60-000euros-par-mois-pour-un-dput-europen-il-ne-faut-pas-confondre-salaire-budget-de-fonctionnement-et-remboursement\/\",\"url\":\"https:\/\/belux.edmo.eu\/fr\/60-000euros-par-mois-pour-un-dput-europen-il-ne-faut-pas-confondre-salaire-budget-de-fonctionnement-et-remboursement\/\",\"name\":\"60.000\u00a0euros par mois pour un d\u00e9put\u00e9 europ\u00e9en\u00a0? Il ne faut pas confondre salaire, budget de fonctionnement et remboursement - EDMO Belux\",\"isPartOf\":{\"@id\":\"https:\/\/belux.edmo.eu\/#website\"},\"primaryImageOfPage\":{\"@id\":\"https:\/\/belux.edmo.eu\/fr\/60-000euros-par-mois-pour-un-dput-europen-il-ne-faut-pas-confondre-salaire-budget-de-fonctionnement-et-remboursement\/#primaryimage\"},\"image\":{\"@id\":\"https:\/\/belux.edmo.eu\/fr\/60-000euros-par-mois-pour-un-dput-europen-il-ne-faut-pas-confondre-salaire-budget-de-fonctionnement-et-remboursement\/#primaryimage\"},\"thumbnailUrl\":\"https:\/\/belux-edmo.s3-accelerate.amazonaws.com\/wp-content\/uploads\/2024\/07\/d1c373ab1570cfb9a7dbb53c186b37a2-1721118912.jpg\",\"datePublished\":\"2024-07-17T09:24:41+00:00\",\"dateModified\":\"2024-09-02T13:16:23+00:00\",\"breadcrumb\":{\"@id\":\"https:\/\/belux.edmo.eu\/fr\/60-000euros-par-mois-pour-un-dput-europen-il-ne-faut-pas-confondre-salaire-budget-de-fonctionnement-et-remboursement\/#breadcrumb\"},\"inLanguage\":\"fr-FR\",\"potentialAction\":[{\"@type\":\"ReadAction\",\"target\":[\"https:\/\/belux.edmo.eu\/fr\/60-000euros-par-mois-pour-un-dput-europen-il-ne-faut-pas-confondre-salaire-budget-de-fonctionnement-et-remboursement\/\"]}]},{\"@type\":\"ImageObject\",\"inLanguage\":\"fr-FR\",\"@id\":\"https:\/\/belux.edmo.eu\/fr\/60-000euros-par-mois-pour-un-dput-europen-il-ne-faut-pas-confondre-salaire-budget-de-fonctionnement-et-remboursement\/#primaryimage\",\"url\":\"https:\/\/belux-edmo.s3-accelerate.amazonaws.com\/wp-content\/uploads\/2024\/07\/d1c373ab1570cfb9a7dbb53c186b37a2-1721118912.jpg\",\"contentUrl\":\"https:\/\/belux-edmo.s3-accelerate.amazonaws.com\/wp-content\/uploads\/2024\/07\/d1c373ab1570cfb9a7dbb53c186b37a2-1721118912.jpg\",\"width\":770,\"height\":433,\"caption\":\"60.000\u00a0euros par mois pour un d\u00e9put\u00e9 europ\u00e9en\u00a0? Il ne faut pas confondre salaire, budget de fonctionnement et remboursement - Featured image\"},{\"@type\":\"BreadcrumbList\",\"@id\":\"https:\/\/belux.edmo.eu\/fr\/60-000euros-par-mois-pour-un-dput-europen-il-ne-faut-pas-confondre-salaire-budget-de-fonctionnement-et-remboursement\/#breadcrumb\",\"itemListElement\":[{\"@type\":\"ListItem\",\"position\":1,\"name\":\"Home\",\"item\":\"https:\/\/belux.edmo.eu\/fr\/\"},{\"@type\":\"ListItem\",\"position\":2,\"name\":\"60.000\u00a0euros par mois pour un d\u00e9put\u00e9 europ\u00e9en\u00a0? Il ne faut pas confondre salaire, budget de fonctionnement et remboursement\"}]},{\"@type\":\"WebSite\",\"@id\":\"https:\/\/belux.edmo.eu\/#website\",\"url\":\"https:\/\/belux.edmo.eu\/\",\"name\":\"EDMO Belux\",\"description\":\"Monitoring Disinformation in Belgium and Luxembourg\",\"publisher\":{\"@id\":\"https:\/\/belux.edmo.eu\/#organization\"},\"potentialAction\":[{\"@type\":\"SearchAction\",\"target\":{\"@type\":\"EntryPoint\",\"urlTemplate\":\"https:\/\/belux.edmo.eu\/?s={search_term_string}\"},\"query-input\":{\"@type\":\"PropertyValueSpecification\",\"valueRequired\":true,\"valueName\":\"search_term_string\"}}],\"inLanguage\":\"fr-FR\"},{\"@type\":\"Organization\",\"@id\":\"https:\/\/belux.edmo.eu\/#organization\",\"name\":\"EDMO Belux\",\"url\":\"https:\/\/belux.edmo.eu\/\",\"logo\":{\"@type\":\"ImageObject\",\"inLanguage\":\"fr-FR\",\"@id\":\"https:\/\/belux.edmo.eu\/#\/schema\/logo\/image\/\",\"url\":\"https:\/\/belux.edmo.eu\/wp-content\/uploads\/2021\/12\/belux-logo-full-color-rgb.svg\",\"contentUrl\":\"https:\/\/belux.edmo.eu\/wp-content\/uploads\/2021\/12\/belux-logo-full-color-rgb.svg\",\"width\":1,\"height\":1,\"caption\":\"EDMO Belux\"},\"image\":{\"@id\":\"https:\/\/belux.edmo.eu\/#\/schema\/logo\/image\/\"},\"sameAs\":[\"https:\/\/x.com\/Edmo_Belux\"]},{\"@type\":\"Person\",\"@id\":\"https:\/\/belux.edmo.eu\/#\/schema\/person\/dbe3b252258537fd318f9b5645a30342\",\"name\":\"master\",\"sameAs\":[\"https:\/\/belux.wpengine.com\"],\"url\":\"https:\/\/belux.edmo.eu\/fr\/author\/master\/\"}]}<\/script>\n<!-- \/ Yoast SEO plugin. -->","yoast_head_json":{"title":"60.000\u00a0euros par mois pour un d\u00e9put\u00e9 europ\u00e9en\u00a0? Il ne faut pas confondre salaire, budget de fonctionnement et remboursement - EDMO Belux","robots":{"index":"index","follow":"follow","max-snippet":"max-snippet:-1","max-image-preview":"max-image-preview:large","max-video-preview":"max-video-preview:-1"},"canonical":"https:\/\/belux.edmo.eu\/fr\/60-000euros-par-mois-pour-un-dput-europen-il-ne-faut-pas-confondre-salaire-budget-de-fonctionnement-et-remboursement\/","og_locale":"fr_FR","og_type":"article","og_title":"60.000\u00a0euros par mois pour un d\u00e9put\u00e9 europ\u00e9en\u00a0? Il ne faut pas confondre salaire, budget de fonctionnement et remboursement - EDMO Belux","og_description":"Fidias Panayiotou se d\u00e9finit lui-m\u00eame comme \"faiseur d\u2019erreur professionnel\", selon des propos rapport\u00e9s par l\u2019AFP. \u00c0 24 ans, il compte\u00a02,6\u00a0millions d\u2019abonn\u00e9s sur YouTube, 211.000 abonn\u00e9s sur TikTok et s\u2019est fait \u00e9lire au Parlement europ\u00e9en en juin dernier, sans programme, ni parti, ni exp\u00e9rience politique en rassemblant 20% des voix \u00e0 Chypre.","og_url":"https:\/\/belux.edmo.eu\/fr\/60-000euros-par-mois-pour-un-dput-europen-il-ne-faut-pas-confondre-salaire-budget-de-fonctionnement-et-remboursement\/","og_site_name":"EDMO Belux","article_published_time":"2024-07-17T09:24:41+00:00","article_modified_time":"2024-09-02T13:16:23+00:00","og_image":[{"width":770,"height":433,"url":"https:\/\/belux-edmo.s3-accelerate.amazonaws.com\/wp-content\/uploads\/2024\/07\/d1c373ab1570cfb9a7dbb53c186b37a2-1721118912.jpg","type":"image\/jpeg"}],"author":"master","twitter_card":"summary_large_image","twitter_creator":"@Edmo_Belux","twitter_site":"@Edmo_Belux","twitter_misc":{"\u00c9crit par":"master","Dur\u00e9e de lecture estim\u00e9e":"9 minutes"},"schema":{"@context":"https:\/\/schema.org","@graph":[{"@type":"Article","@id":"https:\/\/belux.edmo.eu\/fr\/60-000euros-par-mois-pour-un-dput-europen-il-ne-faut-pas-confondre-salaire-budget-de-fonctionnement-et-remboursement\/#article","isPartOf":{"@id":"https:\/\/belux.edmo.eu\/fr\/60-000euros-par-mois-pour-un-dput-europen-il-ne-faut-pas-confondre-salaire-budget-de-fonctionnement-et-remboursement\/"},"author":{"name":"master","@id":"https:\/\/belux.edmo.eu\/#\/schema\/person\/dbe3b252258537fd318f9b5645a30342"},"headline":"60.000\u00a0euros par mois pour un d\u00e9put\u00e9 europ\u00e9en\u00a0? Il ne faut pas confondre salaire, budget de fonctionnement et remboursement","datePublished":"2024-07-17T09:24:41+00:00","dateModified":"2024-09-02T13:16:23+00:00","mainEntityOfPage":{"@id":"https:\/\/belux.edmo.eu\/fr\/60-000euros-par-mois-pour-un-dput-europen-il-ne-faut-pas-confondre-salaire-budget-de-fonctionnement-et-remboursement\/"},"wordCount":2313,"publisher":{"@id":"https:\/\/belux.edmo.eu\/#organization"},"image":{"@id":"https:\/\/belux.edmo.eu\/fr\/60-000euros-par-mois-pour-un-dput-europen-il-ne-faut-pas-confondre-salaire-budget-de-fonctionnement-et-remboursement\/#primaryimage"},"thumbnailUrl":"https:\/\/belux-edmo.s3-accelerate.amazonaws.com\/wp-content\/uploads\/2024\/07\/d1c373ab1570cfb9a7dbb53c186b37a2-1721118912.jpg","articleSection":["Fact-Check","Non classifi\u00e9(e)","Politique","Societe","UE"],"inLanguage":"fr-FR"},{"@type":"WebPage","@id":"https:\/\/belux.edmo.eu\/fr\/60-000euros-par-mois-pour-un-dput-europen-il-ne-faut-pas-confondre-salaire-budget-de-fonctionnement-et-remboursement\/","url":"https:\/\/belux.edmo.eu\/fr\/60-000euros-par-mois-pour-un-dput-europen-il-ne-faut-pas-confondre-salaire-budget-de-fonctionnement-et-remboursement\/","name":"60.000\u00a0euros par mois pour un d\u00e9put\u00e9 europ\u00e9en\u00a0? Il ne faut pas confondre salaire, budget de fonctionnement et remboursement - EDMO Belux","isPartOf":{"@id":"https:\/\/belux.edmo.eu\/#website"},"primaryImageOfPage":{"@id":"https:\/\/belux.edmo.eu\/fr\/60-000euros-par-mois-pour-un-dput-europen-il-ne-faut-pas-confondre-salaire-budget-de-fonctionnement-et-remboursement\/#primaryimage"},"image":{"@id":"https:\/\/belux.edmo.eu\/fr\/60-000euros-par-mois-pour-un-dput-europen-il-ne-faut-pas-confondre-salaire-budget-de-fonctionnement-et-remboursement\/#primaryimage"},"thumbnailUrl":"https:\/\/belux-edmo.s3-accelerate.amazonaws.com\/wp-content\/uploads\/2024\/07\/d1c373ab1570cfb9a7dbb53c186b37a2-1721118912.jpg","datePublished":"2024-07-17T09:24:41+00:00","dateModified":"2024-09-02T13:16:23+00:00","breadcrumb":{"@id":"https:\/\/belux.edmo.eu\/fr\/60-000euros-par-mois-pour-un-dput-europen-il-ne-faut-pas-confondre-salaire-budget-de-fonctionnement-et-remboursement\/#breadcrumb"},"inLanguage":"fr-FR","potentialAction":[{"@type":"ReadAction","target":["https:\/\/belux.edmo.eu\/fr\/60-000euros-par-mois-pour-un-dput-europen-il-ne-faut-pas-confondre-salaire-budget-de-fonctionnement-et-remboursement\/"]}]},{"@type":"ImageObject","inLanguage":"fr-FR","@id":"https:\/\/belux.edmo.eu\/fr\/60-000euros-par-mois-pour-un-dput-europen-il-ne-faut-pas-confondre-salaire-budget-de-fonctionnement-et-remboursement\/#primaryimage","url":"https:\/\/belux-edmo.s3-accelerate.amazonaws.com\/wp-content\/uploads\/2024\/07\/d1c373ab1570cfb9a7dbb53c186b37a2-1721118912.jpg","contentUrl":"https:\/\/belux-edmo.s3-accelerate.amazonaws.com\/wp-content\/uploads\/2024\/07\/d1c373ab1570cfb9a7dbb53c186b37a2-1721118912.jpg","width":770,"height":433,"caption":"60.000\u00a0euros par mois pour un d\u00e9put\u00e9 europ\u00e9en\u00a0? Il ne faut pas confondre salaire, budget de fonctionnement et remboursement - Featured image"},{"@type":"BreadcrumbList","@id":"https:\/\/belux.edmo.eu\/fr\/60-000euros-par-mois-pour-un-dput-europen-il-ne-faut-pas-confondre-salaire-budget-de-fonctionnement-et-remboursement\/#breadcrumb","itemListElement":[{"@type":"ListItem","position":1,"name":"Home","item":"https:\/\/belux.edmo.eu\/fr\/"},{"@type":"ListItem","position":2,"name":"60.000\u00a0euros par mois pour un d\u00e9put\u00e9 europ\u00e9en\u00a0? Il ne faut pas confondre salaire, budget de fonctionnement et remboursement"}]},{"@type":"WebSite","@id":"https:\/\/belux.edmo.eu\/#website","url":"https:\/\/belux.edmo.eu\/","name":"EDMO Belux","description":"Monitoring Disinformation in Belgium and Luxembourg","publisher":{"@id":"https:\/\/belux.edmo.eu\/#organization"},"potentialAction":[{"@type":"SearchAction","target":{"@type":"EntryPoint","urlTemplate":"https:\/\/belux.edmo.eu\/?s={search_term_string}"},"query-input":{"@type":"PropertyValueSpecification","valueRequired":true,"valueName":"search_term_string"}}],"inLanguage":"fr-FR"},{"@type":"Organization","@id":"https:\/\/belux.edmo.eu\/#organization","name":"EDMO Belux","url":"https:\/\/belux.edmo.eu\/","logo":{"@type":"ImageObject","inLanguage":"fr-FR","@id":"https:\/\/belux.edmo.eu\/#\/schema\/logo\/image\/","url":"https:\/\/belux.edmo.eu\/wp-content\/uploads\/2021\/12\/belux-logo-full-color-rgb.svg","contentUrl":"https:\/\/belux.edmo.eu\/wp-content\/uploads\/2021\/12\/belux-logo-full-color-rgb.svg","width":1,"height":1,"caption":"EDMO Belux"},"image":{"@id":"https:\/\/belux.edmo.eu\/#\/schema\/logo\/image\/"},"sameAs":["https:\/\/x.com\/Edmo_Belux"]},{"@type":"Person","@id":"https:\/\/belux.edmo.eu\/#\/schema\/person\/dbe3b252258537fd318f9b5645a30342","name":"master","sameAs":["https:\/\/belux.wpengine.com"],"url":"https:\/\/belux.edmo.eu\/fr\/author\/master\/"}]}},"menu_order":0,"_links":{"self":[{"href":"https:\/\/belux.edmo.eu\/fr\/wp-json\/wp\/v2\/posts\/348156","targetHints":{"allow":["GET"]}}],"collection":[{"href":"https:\/\/belux.edmo.eu\/fr\/wp-json\/wp\/v2\/posts"}],"about":[{"href":"https:\/\/belux.edmo.eu\/fr\/wp-json\/wp\/v2\/types\/post"}],"author":[{"embeddable":true,"href":"https:\/\/belux.edmo.eu\/fr\/wp-json\/wp\/v2\/users\/1"}],"replies":[{"embeddable":true,"href":"https:\/\/belux.edmo.eu\/fr\/wp-json\/wp\/v2\/comments?post=348156"}],"version-history":[{"count":0,"href":"https:\/\/belux.edmo.eu\/fr\/wp-json\/wp\/v2\/posts\/348156\/revisions"}],"wp:featuredmedia":[{"embeddable":true,"href":"https:\/\/belux.edmo.eu\/fr\/wp-json\/wp\/v2\/media\/348151"}],"wp:attachment":[{"href":"https:\/\/belux.edmo.eu\/fr\/wp-json\/wp\/v2\/media?parent=348156"}],"wp:term":[{"taxonomy":"category","embeddable":true,"href":"https:\/\/belux.edmo.eu\/fr\/wp-json\/wp\/v2\/categories?post=348156"},{"taxonomy":"post_tag","embeddable":true,"href":"https:\/\/belux.edmo.eu\/fr\/wp-json\/wp\/v2\/tags?post=348156"}],"curies":[{"name":"wp","href":"https:\/\/api.w.org\/{rel}","templated":true}]}}