{"id":350832,"date":"2024-07-31T07:15:33","date_gmt":"2024-07-31T07:15:33","guid":{"rendered":"https:\/\/belux.edmo.eu\/?p=350832"},"modified":"2024-07-31T07:19:14","modified_gmt":"2024-07-31T07:19:14","slug":"non-cet-ancien-journaliste-de-rfi-na-pas-t-dchu-de-la-nationalit-franaise","status":"publish","type":"post","link":"https:\/\/belux.edmo.eu\/fr\/non-cet-ancien-journaliste-de-rfi-na-pas-t-dchu-de-la-nationalit-franaise\/","title":{"rendered":"Non, cet ancien journaliste de RFI n&rsquo;a pas \u00e9t\u00e9 d\u00e9chu de la nationalit\u00e9 fran\u00e7aise"},"content":{"rendered":"<p><b>Le militant radical panafricain Kemi Seba a perdu sa nationalit\u00e9 fran\u00e7aise le 8 juillet 2024 apr\u00e8s une proc\u00e9dure extr\u00eamement rare engag\u00e9e par le minist\u00e8re de l&rsquo;Int\u00e9rieur fran\u00e7ais. Dans la foul\u00e9e, plusieurs publications sur les r\u00e9seaux sociaux soutiennent que l&rsquo;ancien pr\u00e9sentateur de Radio France Internationale (RFI) Alain Foka a \u00e9galement \u00e9t\u00e9 d\u00e9chu de la nationalit\u00e9 fran\u00e7aise. Mais c&rsquo;est faux, le journaliste d&rsquo;origine camerounaise qui jouit d&rsquo;une tr\u00e8s grande popularit\u00e9 en Afrique de l&rsquo;Ouest a d\u00e9menti, et aucune trace d&rsquo;un d\u00e9cret faisant \u00e9tat de la perte de sa qualit\u00e9 de Fran\u00e7ais n&rsquo;a \u00e9t\u00e9 publi\u00e9 r\u00e9cemment dans le Journal officiel de la R\u00e9publique fran\u00e7aise.\u00a0<\/b><\/p>\n<p>\u00ab\u00a0<em>Le gouvernement fran\u00e7ais vient de retirer au journaliste \u00e9ditorialiste Alain Foka sa nationalit\u00e9 fran\u00e7aise ce jeudi 11 juillet<\/em>\u00ab\u00a0, soutient l&rsquo;auteur d&rsquo;une <a href=\"https:\/\/perma.cc\/S628-X3WU?type=image\" shape=\"rect\">publication<\/a> partag\u00e9e des dizaines de fois sur Facebook depuis le 11 juillet 2024.<\/p>\n<p>Dans les commentaires, nombreux d\u00e9plorent cette soi-disant proc\u00e9dure engag\u00e9e par la France \u00e0 l&rsquo;encontre du journaliste d&rsquo;origine camerounaise. D\u2019autres, au contraire, semblent s&rsquo;en r\u00e9jouir.<\/p>\n<div class=\"grid-with-margin\">\n<div class=\"e-afp-col-layout\" style=\"text-align: center;\">\n<div class=\"g2picture\">\n<figure><img src=\"https:\/\/belux-edmo.s3-accelerate.amazonaws.com\/wp-content\/uploads\/2024\/07\/dce31426926698cab87c7cf1fc8cc886599a6373-ipad.jpg\" \/><figcaption>Capture d&rsquo;\u00e9cran Facebook effectu\u00e9e le 24\/07\/2024<\/figcaption><\/figure>\n<\/div>\n<\/div>\n<div class=\"e-afp-col-layout\" style=\"text-align: center;\">\n<div class=\"g2picture\">\n<figure><img src=\"https:\/\/belux-edmo.s3-accelerate.amazonaws.com\/wp-content\/uploads\/2024\/07\/269483c5b396b24f241ffede4dab20e420add16d-ipad.jpg\" \/><figcaption>Capture d&rsquo;\u00e9cran Facebook effectu\u00e9e le 24\/07\/2024<\/figcaption><\/figure>\n<\/div>\n<\/div>\n<\/div>\n<p>Plusieurs autres pages et comptes Facebook ont partag\u00e9 cette m\u00eame affirmation depuis le 11 juillet\u00a0(<a href=\"https:\/\/perma.cc\/SHM9-CZ5M\" shape=\"rect\">1<\/a>, <a href=\"https:\/\/perma.cc\/ZS8X-XZF2?type=image\" shape=\"rect\">2<\/a>, <a href=\"https:\/\/perma.cc\/3678-JYY3\" shape=\"rect\">3<\/a>, <a href=\"https:\/\/perma.cc\/2D7X-KZEW?type=image\" shape=\"rect\">4<\/a>).<\/p>\n<div class=\"g2picture\">\n<figure><img src=\"https:\/\/belux-edmo.s3-accelerate.amazonaws.com\/wp-content\/uploads\/2024\/07\/328b0e0cda1452abb124d8fc4d40afa9031e2893-ipad.jpg\" \/><\/figure>\n<\/div>\n<p>Capture d&rsquo;\u00e9cran Facebook effectu\u00e9e le 24\/07\/2024<\/p>\n<p>Durant trente ans, Alain Foka a \u00e9t\u00e9 l&rsquo;une des voix embl\u00e9matiques de la radio publique fran\u00e7aise RFI sur le continent africain. Arriv\u00e9 sur la cha\u00eene\u00a0 en 1994, il a produit et anim\u00e9 de nombreux magazines comme Archives d&rsquo;Afrique, Afrique Plus et Le d\u00e9bat Africain.<\/p>\n<p>Le 17 octobre 2023, il annonce son d\u00e9part de la radio dans une <a href=\"https:\/\/www.youtube.com\/watch?v=_3Y4SHGv-3I\" target=\"_blank\" rel=\"noopener\" shape=\"rect\">vid\u00e9o <\/a>intitul\u00e9e \u00ab\u00a0<em>Mes adieux \u00e0 RFI<\/em>\u00a0\u00bb sur sa cha\u00eene Youtube AFO MEDIA o\u00f9 il continue de proposer au public africain un grand nombre de contenus sur le continent.<\/p>\n<p>\u00ab\u00a0<em>L&rsquo;histoire de la chasse doit cesser d&rsquo;\u00eatre racont\u00e9e du seul point de vue du chasseur, l&rsquo;Afrique a plus que besoin de son outil de soft power pour faire entendre sa lecture, et sa vision du monde<\/em>\u00ab\u00a0, lance-t-il face cam\u00e9ra.<\/p>\n<p>C&rsquo;est plusieurs mois apr\u00e8s son d\u00e9part de RFI que les publications soutenant que le gouvernement aurait engag\u00e9 une proc\u00e9dure pour le d\u00e9choir de la nationalit\u00e9 fran\u00e7aise sont apparues sur les r\u00e9seaux sociaux. Mais qu&rsquo;en est-il ?<\/p>\n<p>D\u00e8s le 12 juillet, Alain Foka,\u00a0\u00e0 travers <a href=\"https:\/\/x.com\/alainfoka2005\/status\/1811757160205832261\" shape=\"rect\">un montage vid\u00e9o<\/a> partag\u00e9 sur les r\u00e9seaux sociaux, indique que cette assertion \u00e9tait un \u00ab\u00a0<em>fake<\/em>\u00a0\u00bb (archiv\u00e9 <a href=\"https:\/\/archive.ph\/LBKtX\" shape=\"rect\">ici<\/a>).<\/p>\n<div class=\"g2web\" style=\"text-align: center;\">\n<blockquote class=\"twitter-tweet\">\n<p dir=\"ltr\" lang=\"zxx\"><a href=\"https:\/\/t.co\/ft9MzOZ29W\" shape=\"rect\">pic.twitter.com\/ft9MzOZ29W<\/a><\/p>\n<p>\u2014 Foka Alain (@alainfoka2005)<br \/>\n<a href=\"https:\/\/twitter.com\/alainfoka2005\/status\/1811757160205832261?ref_src=twsrc%5Etfw\" shape=\"rect\">July 12, 2024<\/a><\/p><\/blockquote>\n<p><script async=\"\" charset=\"utf-8\" src=\"https:\/\/platform.twitter.com\/widgets.js\" type=\"text\/javascript\" xml:space=\"preserve\"><\/script><\/p>\n<\/div>\n<p>Contact\u00e9 par l\u2019AFP, Alain Foka a r\u00e9affirm\u00e9 qu\u2019il \u00ab\u00a0<em>s\u2019agissait d\u2019un fake des r\u00e9seaux sociaux. Personne n\u2019a entam\u00e9 une telle d\u00e9marche<\/em>\u00ab\u00a0.<\/p>\n<p>Sur le site\u00a0de l&rsquo;administration fran\u00e7aise service-public.fr, les conditions de perte de la nationalit\u00e9 pour un citoyen fran\u00e7ais sont d\u00e9taill\u00e9es:<\/p>\n<p data-test=\"contenu-texte\">\u00ab\u00a0<em>Vous pouvez perdre la nationalit\u00e9 fran\u00e7aise si les 3 conditions suivantes sont remplies : <\/em><br clear=\"none\" \/><em>&#8211; Vous avez la nationalit\u00e9 d&rsquo;un autre \u00c9tat<\/em><br clear=\"none\" \/><em>&#8211; Vous vous comportez comme le citoyen de cet \u00c9tat<\/em><br clear=\"none\" \/><em>&#8211; Vous avez commis des actes contraires aux int\u00e9r\u00eats de la France<\/em><\/p>\n<p data-test=\"contenu-texte\"><em>Les motifs justifiant la perte de votre nationalit\u00e9 fran\u00e7aise vous sont\u00a0<span tabindex=\"0\" data-definition=\"R14732\" data-original-title=\"Formalit\u00e9 par laquelle un acte de proc\u00e9dure ou une d\u00e9cision est port\u00e9 \u00e0 la connaissance d\u2019une personne\" data-toggle=\"tooltip\">notifi\u00e9s. <\/span>Vous avez alors 1 mois pour faire conna\u00eetre vos observations.\u00a0La d\u00e9cision est prise par d\u00e9cret apr\u00e8s avis conforme du Conseil d&rsquo;\u00c9tat<\/em>\u00ab\u00a0, peut-on ainsi lire.<\/p>\n<p data-test=\"contenu-texte\">En France, les lois, ordonnances, d\u00e9crets\u00a0et arr\u00eat\u00e9s sont publi\u00e9s au\u00a0Journal officiel de la R\u00e9publique fran\u00e7aise.<\/p>\n<p data-test=\"contenu-texte\">Nous avons donc cherch\u00e9 \u00e0 v\u00e9rifier si un tel d\u00e9cret avait \u00e9t\u00e9 publi\u00e9 r\u00e9cemment sur le site <a href=\"https:\/\/www.legifrance.gouv.fr\/\" shape=\"rect\">Legifrance<\/a>. En vain.<\/p>\n<p data-test=\"contenu-texte\">Aucun d\u00e9cret r\u00e9cent ne mentionne Alain Foka sur le site.<\/p>\n<p data-test=\"contenu-texte\">Une autre recherche par mot-cl\u00e9 via Google (Alain Foka + nationalit\u00e9 fran\u00e7aise) nous a aussi permis de constater qu\u2019aucune communication officielle sur cette soi-disant perte de nationalit\u00e9 n\u2019a \u00e9t\u00e9 faite par le gouvernement fran\u00e7ais.<\/p>\n<p>Contact\u00e9 par l&rsquo;AFP le 18 juillet, le minist\u00e8re de l&rsquo;Int\u00e9rieur n&rsquo;avait pas r\u00e9agi.<\/p>\n<p>Les publications erron\u00e9es ont \u00e9t\u00e9 publi\u00e9es deux jours apr\u00e8s la publication dans le Journal officiel d&rsquo;un\u00a0<a href=\"https:\/\/www.legifrance.gouv.fr\/jorf\/id\/JORFTEXT000049910334\" target=\"_blank\" rel=\"noopener\" shape=\"rect\">d\u00e9cret<\/a> pris le 8 juillet 2024 annon\u00e7ant la perte de la nationalit\u00e9 fran\u00e7aise du militant radical panafricaniste Kemi Seba\u00a0 (archiv\u00e9 <a href=\"https:\/\/archive.ph\/ZaRpm\" shape=\"rect\">ici<\/a>).<\/p>\n<p>Stellio Gilles Robert Capo Chichi &#8211; son vrai nom -, 42 ans, \u00ab\u00a0<em>est d\u00e9clar\u00e9 avoir perdu la nationalit\u00e9 fran\u00e7aise<\/em>\u00ab\u00a0, indique ce d\u00e9cret.<\/p>\n<div class=\"g2picture\">\n<figure><img src=\"https:\/\/belux-edmo.s3-accelerate.amazonaws.com\/wp-content\/uploads\/2024\/07\/1f41a49703c34f2a66389cf0e8612ede637e237c-ipad.jpg\" \/><figcaption>Le militant radical panafricaniste Kemi Seba le 26 juin 2020 &#8211; AFP<\/figcaption><\/figure>\n<\/div>\n<p>En mars dernier, la pr\u00e9fecture du d\u00e9partement de l&rsquo;Essonne avait tent\u00e9 d&rsquo;interdire une conf\u00e9rence de ce militant, alors d\u00e9j\u00e0 vis\u00e9 par une proc\u00e9dure de d\u00e9ch\u00e9ance de nationalit\u00e9, d\u00e9cision suspendue par le tribunal administratif, selon cette <a href=\"https:\/\/www.liberation.fr\/international\/afrique\/le-militant-radical-panafricain-kemi-seba-dechu-de-la-nationalite-francaise-20240710_NUCFIALWENAOJOCQ6S4EZPXYGU\/\" target=\"_blank\" rel=\"noopener\" shape=\"rect\">d\u00e9p\u00eache <\/a>de l&rsquo;AFP\u00a0 (archiv\u00e9 <a href=\"https:\/\/archive.ph\/6E9Gb\" shape=\"rect\">ici<\/a>).<\/p>\n<p>Dans la foul\u00e9e, Kemi Seba, qui poss\u00e8de \u00e9galement la nationalit\u00e9 b\u00e9ninoise, avait publi\u00e9 en ligne une vid\u00e9o o\u00f9 il br\u00fblait un document qu&rsquo;il d\u00e9signait comme \u00e9tant son passeport fran\u00e7ais.<\/p>\n<p>L&rsquo;ancien leader de la Tribu Ka, groupuscule qui revendiquait son antis\u00e9mitisme et pr\u00f4nait la s\u00e9paration entre Noirs et Blancs avant d&rsquo;\u00eatre dissout par le gouvernement fran\u00e7ais en 2006, a \u00e9t\u00e9 condamn\u00e9 plusieurs fois en France pour incitation \u00e0 la haine raciale.<\/p>\n<p>Il est aujourd&rsquo;hui \u00e0 la t\u00eate du groupe Urgences panafricanistes et dispose d&rsquo;une certaine aura sur les r\u00e9seaux sociaux.<\/p>\n<p>Ces derni\u00e8res ann\u00e9es, Kemi Seba\u00a0a organis\u00e9 ou particip\u00e9 \u00e0 plusieurs manifestations hostiles au franc CFA en Afrique, o\u00f9 il a \u00e9t\u00e9 r\u00e9guli\u00e8rement interpell\u00e9, expuls\u00e9 ou refoul\u00e9, notamment de C\u00f4te d&rsquo;Ivoire, du S\u00e9n\u00e9gal et de Guin\u00e9e.<\/p>\n<p>En France, il a \u00e9t\u00e9 accus\u00e9 l&rsquo;an dernier par le d\u00e9put\u00e9 Renaissance Thomas Gassilloud, alors pr\u00e9sident de la commission de la D\u00e9fense de l&rsquo;Assembl\u00e9e nationale, d&rsquo;\u00eatre un \u00ab\u00a0<em>relais de la propagande russe<\/em>\u00a0\u00bb et de servir \u00ab\u00a0<em>une puissance \u00e9trang\u00e8re qui alimente le sentiment antifran\u00e7ais<\/em>\u00ab\u00a0.<\/p>\n<p>Selon le quotidien fran\u00e7ais <a href=\"https:\/\/www.lemonde.fr\/societe\/article\/2024\/07\/10\/comment-l-activiste-supremaciste-noir-kemi-seba-s-est-vu-retirer-sa-nationalite-francaise_6248456_3224.html\" target=\"_blank\" rel=\"noopener\" shape=\"rect\">Le Monde<\/a>, qui cite un professeur de droit public, \u00ab\u00a0<em>c&rsquo;est la premi\u00e8re fois depuis les ann\u00e9es 60 que le gouvernement recourt \u00e0 l&rsquo;article 23-7 du code civil<\/em>\u00a0\u00bb .<\/p>\n<p>En ce qui concerne Alain Foka, aucune d\u00e9marche visant \u00e0 le d\u00e9choir de la nationalit\u00e9 fran\u00e7aise n\u2019a \u00e9t\u00e9 lanc\u00e9e. AFP Factuel a souhait\u00e9 savoir si le journaliste avait effectivement la nationalit\u00e9 fran\u00e7aise. M. Foka n\u2019a pas r\u00e9pondu \u00e0 cette question.<\/p>\n","protected":false},"excerpt":{"rendered":"<p>\u00ab\u00a0Le gouvernement fran\u00e7ais vient de retirer au journaliste \u00e9ditorialiste Alain Foka sa nationalit\u00e9 fran\u00e7aise ce jeudi 11 juillet\u00a0\u00bb, soutient l&rsquo;auteur d&rsquo;une publication partag\u00e9e des dizaines de fois sur Facebook depuis le 11 juillet 2024.\u00a0<\/p>\n","protected":false},"author":1,"featured_media":350807,"comment_status":"closed","ping_status":"open","sticky":false,"template":"","format":"standard","meta":{"_acf_changed":false,"footnotes":""},"categories":[125,132],"tags":[],"class_list":{"0":"post-350832","1":"post","2":"type-post","3":"status-publish","4":"format-standard","5":"has-post-thumbnail","7":"category-fact-check-fr","8":"category-politique"},"acf":{"show_metatags":true,"id":"http:\/\/doc.afp.com\/364V3YW","authors":"SUY Kahofi \/ AFP C\u00f4te d'Ivoire","organization":"AFP","featured_image_copyright":"","text_copyright":"\u00a9 AGENCE FRANCE-PRESSE | 2024 | Tous droits r\u00e9serv\u00e9s. L\u2019acc\u00e8s aux contenus de l'AFP publi\u00e9s sur ce site et, le cas \u00e9ch\u00e9ant, leur utilisation sont soumis aux conditions g\u00e9n\u00e9rales d'utilisation disponibles sur <a href='https:\/\/www.afp.com\/fr\/cgu' target='_blank'>CGU<\/a>. Par cons\u00e9quent, en acc\u00e9dant aux contenus de l\u2019AFP publi\u00e9s sur ce site, et en les utilisant, le cas \u00e9ch\u00e9ant, vous acceptez d'\u00eatre li\u00e9 par les conditions g\u00e9n\u00e9rales d'utilisation susmentionn\u00e9es. L\u2019utilisation de contenus de l'AFP se fait sous votre seule et enti\u00e8re responsabilit\u00e9.","source":"https:\/\/factuel.afp.com\/doc.afp.com.364V3YW","fact_checker":"https:\/\/belux.wpengine.com\/wp-content\/uploads\/2021\/12\/afp_logo.png","type":"\u00c9v\u00e9nement ferm\u00e9","location":"","start_date":"","start_date_event_begins_at":"","start_date_event_ends_at":"","end_date":"","end_date_event_begins_at":"","end_date_event_ends_at":"","organizer":"","fact_checker_logo_image":false},"yoast_head":"<!-- This site is optimized with the Yoast SEO plugin v27.0 - https:\/\/yoast.com\/product\/yoast-seo-wordpress\/ -->\n<title>Non, cet ancien journaliste de RFI n&#039;a pas \u00e9t\u00e9 d\u00e9chu de la nationalit\u00e9 fran\u00e7aise - EDMO Belux<\/title>\n<meta name=\"robots\" content=\"index, follow, max-snippet:-1, max-image-preview:large, max-video-preview:-1\" \/>\n<link rel=\"canonical\" href=\"https:\/\/belux.edmo.eu\/fr\/non-cet-ancien-journaliste-de-rfi-na-pas-t-dchu-de-la-nationalit-franaise\/\" \/>\n<meta property=\"og:locale\" content=\"fr_FR\" \/>\n<meta property=\"og:type\" content=\"article\" \/>\n<meta property=\"og:title\" content=\"Non, cet ancien journaliste de RFI n&#039;a pas \u00e9t\u00e9 d\u00e9chu de la nationalit\u00e9 fran\u00e7aise - EDMO Belux\" \/>\n<meta property=\"og:description\" content=\"&quot;Le gouvernement fran\u00e7ais vient de retirer au journaliste \u00e9ditorialiste Alain Foka sa nationalit\u00e9 fran\u00e7aise ce jeudi 11 juillet&quot;, soutient l&#039;auteur d&#039;une publication partag\u00e9e des dizaines de fois sur Facebook depuis le 11 juillet 2024.\u00a0\" \/>\n<meta property=\"og:url\" content=\"https:\/\/belux.edmo.eu\/fr\/non-cet-ancien-journaliste-de-rfi-na-pas-t-dchu-de-la-nationalit-franaise\/\" \/>\n<meta property=\"og:site_name\" content=\"EDMO Belux\" \/>\n<meta property=\"article:published_time\" content=\"2024-07-31T07:15:33+00:00\" \/>\n<meta property=\"article:modified_time\" content=\"2024-07-31T07:19:14+00:00\" \/>\n<meta property=\"og:image\" content=\"https:\/\/belux-edmo.s3-accelerate.amazonaws.com\/wp-content\/uploads\/2024\/07\/aaa98df26ce7e9301663993277bdcf506bab188c-ipad.jpg\" \/>\n\t<meta property=\"og:image:width\" content=\"1080\" \/>\n\t<meta property=\"og:image:height\" content=\"540\" \/>\n\t<meta property=\"og:image:type\" content=\"image\/jpeg\" \/>\n<meta name=\"author\" content=\"master\" \/>\n<meta name=\"twitter:card\" content=\"summary_large_image\" \/>\n<meta name=\"twitter:creator\" content=\"@Edmo_Belux\" \/>\n<meta name=\"twitter:site\" content=\"@Edmo_Belux\" \/>\n<meta name=\"twitter:label1\" content=\"\u00c9crit par\" \/>\n\t<meta name=\"twitter:data1\" content=\"master\" \/>\n\t<meta name=\"twitter:label2\" content=\"Dur\u00e9e de lecture estim\u00e9e\" \/>\n\t<meta name=\"twitter:data2\" content=\"6 minutes\" \/>\n<script type=\"application\/ld+json\" class=\"yoast-schema-graph\">{\"@context\":\"https:\/\/schema.org\",\"@graph\":[{\"@type\":\"Article\",\"@id\":\"https:\/\/belux.edmo.eu\/fr\/non-cet-ancien-journaliste-de-rfi-na-pas-t-dchu-de-la-nationalit-franaise\/#article\",\"isPartOf\":{\"@id\":\"https:\/\/belux.edmo.eu\/fr\/non-cet-ancien-journaliste-de-rfi-na-pas-t-dchu-de-la-nationalit-franaise\/\"},\"author\":{\"name\":\"master\",\"@id\":\"https:\/\/belux.edmo.eu\/#\/schema\/person\/dbe3b252258537fd318f9b5645a30342\"},\"headline\":\"Non, cet ancien journaliste de RFI n&rsquo;a pas \u00e9t\u00e9 d\u00e9chu de la nationalit\u00e9 fran\u00e7aise\",\"datePublished\":\"2024-07-31T07:15:33+00:00\",\"dateModified\":\"2024-07-31T07:19:14+00:00\",\"mainEntityOfPage\":{\"@id\":\"https:\/\/belux.edmo.eu\/fr\/non-cet-ancien-journaliste-de-rfi-na-pas-t-dchu-de-la-nationalit-franaise\/\"},\"wordCount\":1125,\"publisher\":{\"@id\":\"https:\/\/belux.edmo.eu\/#organization\"},\"image\":{\"@id\":\"https:\/\/belux.edmo.eu\/fr\/non-cet-ancien-journaliste-de-rfi-na-pas-t-dchu-de-la-nationalit-franaise\/#primaryimage\"},\"thumbnailUrl\":\"https:\/\/belux-edmo.s3-accelerate.amazonaws.com\/wp-content\/uploads\/2024\/07\/aaa98df26ce7e9301663993277bdcf506bab188c-ipad.jpg\",\"articleSection\":[\"Fact-Check\",\"Politique\"],\"inLanguage\":\"fr-FR\"},{\"@type\":\"WebPage\",\"@id\":\"https:\/\/belux.edmo.eu\/fr\/non-cet-ancien-journaliste-de-rfi-na-pas-t-dchu-de-la-nationalit-franaise\/\",\"url\":\"https:\/\/belux.edmo.eu\/fr\/non-cet-ancien-journaliste-de-rfi-na-pas-t-dchu-de-la-nationalit-franaise\/\",\"name\":\"Non, cet ancien journaliste de RFI n'a pas \u00e9t\u00e9 d\u00e9chu de la nationalit\u00e9 fran\u00e7aise - EDMO Belux\",\"isPartOf\":{\"@id\":\"https:\/\/belux.edmo.eu\/#website\"},\"primaryImageOfPage\":{\"@id\":\"https:\/\/belux.edmo.eu\/fr\/non-cet-ancien-journaliste-de-rfi-na-pas-t-dchu-de-la-nationalit-franaise\/#primaryimage\"},\"image\":{\"@id\":\"https:\/\/belux.edmo.eu\/fr\/non-cet-ancien-journaliste-de-rfi-na-pas-t-dchu-de-la-nationalit-franaise\/#primaryimage\"},\"thumbnailUrl\":\"https:\/\/belux-edmo.s3-accelerate.amazonaws.com\/wp-content\/uploads\/2024\/07\/aaa98df26ce7e9301663993277bdcf506bab188c-ipad.jpg\",\"datePublished\":\"2024-07-31T07:15:33+00:00\",\"dateModified\":\"2024-07-31T07:19:14+00:00\",\"breadcrumb\":{\"@id\":\"https:\/\/belux.edmo.eu\/fr\/non-cet-ancien-journaliste-de-rfi-na-pas-t-dchu-de-la-nationalit-franaise\/#breadcrumb\"},\"inLanguage\":\"fr-FR\",\"potentialAction\":[{\"@type\":\"ReadAction\",\"target\":[\"https:\/\/belux.edmo.eu\/fr\/non-cet-ancien-journaliste-de-rfi-na-pas-t-dchu-de-la-nationalit-franaise\/\"]}]},{\"@type\":\"ImageObject\",\"inLanguage\":\"fr-FR\",\"@id\":\"https:\/\/belux.edmo.eu\/fr\/non-cet-ancien-journaliste-de-rfi-na-pas-t-dchu-de-la-nationalit-franaise\/#primaryimage\",\"url\":\"https:\/\/belux-edmo.s3-accelerate.amazonaws.com\/wp-content\/uploads\/2024\/07\/aaa98df26ce7e9301663993277bdcf506bab188c-ipad.jpg\",\"contentUrl\":\"https:\/\/belux-edmo.s3-accelerate.amazonaws.com\/wp-content\/uploads\/2024\/07\/aaa98df26ce7e9301663993277bdcf506bab188c-ipad.jpg\",\"width\":1080,\"height\":540,\"caption\":\"Non, cet ancien journaliste de RFI n'a pas \u00e9t\u00e9 d\u00e9chu de la nationalit\u00e9 fran\u00e7aise - Featured image\"},{\"@type\":\"BreadcrumbList\",\"@id\":\"https:\/\/belux.edmo.eu\/fr\/non-cet-ancien-journaliste-de-rfi-na-pas-t-dchu-de-la-nationalit-franaise\/#breadcrumb\",\"itemListElement\":[{\"@type\":\"ListItem\",\"position\":1,\"name\":\"Home\",\"item\":\"https:\/\/belux.edmo.eu\/fr\/\"},{\"@type\":\"ListItem\",\"position\":2,\"name\":\"Non, cet ancien journaliste de RFI n&#8217;a pas \u00e9t\u00e9 d\u00e9chu de la nationalit\u00e9 fran\u00e7aise\"}]},{\"@type\":\"WebSite\",\"@id\":\"https:\/\/belux.edmo.eu\/#website\",\"url\":\"https:\/\/belux.edmo.eu\/\",\"name\":\"EDMO Belux\",\"description\":\"Monitoring Disinformation in Belgium and Luxembourg\",\"publisher\":{\"@id\":\"https:\/\/belux.edmo.eu\/#organization\"},\"potentialAction\":[{\"@type\":\"SearchAction\",\"target\":{\"@type\":\"EntryPoint\",\"urlTemplate\":\"https:\/\/belux.edmo.eu\/?s={search_term_string}\"},\"query-input\":{\"@type\":\"PropertyValueSpecification\",\"valueRequired\":true,\"valueName\":\"search_term_string\"}}],\"inLanguage\":\"fr-FR\"},{\"@type\":\"Organization\",\"@id\":\"https:\/\/belux.edmo.eu\/#organization\",\"name\":\"EDMO Belux\",\"url\":\"https:\/\/belux.edmo.eu\/\",\"logo\":{\"@type\":\"ImageObject\",\"inLanguage\":\"fr-FR\",\"@id\":\"https:\/\/belux.edmo.eu\/#\/schema\/logo\/image\/\",\"url\":\"https:\/\/belux.edmo.eu\/wp-content\/uploads\/2021\/12\/belux-logo-full-color-rgb.svg\",\"contentUrl\":\"https:\/\/belux.edmo.eu\/wp-content\/uploads\/2021\/12\/belux-logo-full-color-rgb.svg\",\"width\":1,\"height\":1,\"caption\":\"EDMO Belux\"},\"image\":{\"@id\":\"https:\/\/belux.edmo.eu\/#\/schema\/logo\/image\/\"},\"sameAs\":[\"https:\/\/x.com\/Edmo_Belux\"]},{\"@type\":\"Person\",\"@id\":\"https:\/\/belux.edmo.eu\/#\/schema\/person\/dbe3b252258537fd318f9b5645a30342\",\"name\":\"master\",\"sameAs\":[\"https:\/\/belux.wpengine.com\"],\"url\":\"https:\/\/belux.edmo.eu\/fr\/author\/master\/\"}]}<\/script>\n<!-- \/ Yoast SEO plugin. -->","yoast_head_json":{"title":"Non, cet ancien journaliste de RFI n'a pas \u00e9t\u00e9 d\u00e9chu de la nationalit\u00e9 fran\u00e7aise - EDMO Belux","robots":{"index":"index","follow":"follow","max-snippet":"max-snippet:-1","max-image-preview":"max-image-preview:large","max-video-preview":"max-video-preview:-1"},"canonical":"https:\/\/belux.edmo.eu\/fr\/non-cet-ancien-journaliste-de-rfi-na-pas-t-dchu-de-la-nationalit-franaise\/","og_locale":"fr_FR","og_type":"article","og_title":"Non, cet ancien journaliste de RFI n'a pas \u00e9t\u00e9 d\u00e9chu de la nationalit\u00e9 fran\u00e7aise - EDMO Belux","og_description":"\"Le gouvernement fran\u00e7ais vient de retirer au journaliste \u00e9ditorialiste Alain Foka sa nationalit\u00e9 fran\u00e7aise ce jeudi 11 juillet\", soutient l'auteur d'une publication partag\u00e9e des dizaines de fois sur Facebook depuis le 11 juillet 2024.\u00a0","og_url":"https:\/\/belux.edmo.eu\/fr\/non-cet-ancien-journaliste-de-rfi-na-pas-t-dchu-de-la-nationalit-franaise\/","og_site_name":"EDMO Belux","article_published_time":"2024-07-31T07:15:33+00:00","article_modified_time":"2024-07-31T07:19:14+00:00","og_image":[{"width":1080,"height":540,"url":"https:\/\/belux-edmo.s3-accelerate.amazonaws.com\/wp-content\/uploads\/2024\/07\/aaa98df26ce7e9301663993277bdcf506bab188c-ipad.jpg","type":"image\/jpeg"}],"author":"master","twitter_card":"summary_large_image","twitter_creator":"@Edmo_Belux","twitter_site":"@Edmo_Belux","twitter_misc":{"\u00c9crit par":"master","Dur\u00e9e de lecture estim\u00e9e":"6 minutes"},"schema":{"@context":"https:\/\/schema.org","@graph":[{"@type":"Article","@id":"https:\/\/belux.edmo.eu\/fr\/non-cet-ancien-journaliste-de-rfi-na-pas-t-dchu-de-la-nationalit-franaise\/#article","isPartOf":{"@id":"https:\/\/belux.edmo.eu\/fr\/non-cet-ancien-journaliste-de-rfi-na-pas-t-dchu-de-la-nationalit-franaise\/"},"author":{"name":"master","@id":"https:\/\/belux.edmo.eu\/#\/schema\/person\/dbe3b252258537fd318f9b5645a30342"},"headline":"Non, cet ancien journaliste de RFI n&rsquo;a pas \u00e9t\u00e9 d\u00e9chu de la nationalit\u00e9 fran\u00e7aise","datePublished":"2024-07-31T07:15:33+00:00","dateModified":"2024-07-31T07:19:14+00:00","mainEntityOfPage":{"@id":"https:\/\/belux.edmo.eu\/fr\/non-cet-ancien-journaliste-de-rfi-na-pas-t-dchu-de-la-nationalit-franaise\/"},"wordCount":1125,"publisher":{"@id":"https:\/\/belux.edmo.eu\/#organization"},"image":{"@id":"https:\/\/belux.edmo.eu\/fr\/non-cet-ancien-journaliste-de-rfi-na-pas-t-dchu-de-la-nationalit-franaise\/#primaryimage"},"thumbnailUrl":"https:\/\/belux-edmo.s3-accelerate.amazonaws.com\/wp-content\/uploads\/2024\/07\/aaa98df26ce7e9301663993277bdcf506bab188c-ipad.jpg","articleSection":["Fact-Check","Politique"],"inLanguage":"fr-FR"},{"@type":"WebPage","@id":"https:\/\/belux.edmo.eu\/fr\/non-cet-ancien-journaliste-de-rfi-na-pas-t-dchu-de-la-nationalit-franaise\/","url":"https:\/\/belux.edmo.eu\/fr\/non-cet-ancien-journaliste-de-rfi-na-pas-t-dchu-de-la-nationalit-franaise\/","name":"Non, cet ancien journaliste de RFI n'a pas \u00e9t\u00e9 d\u00e9chu de la nationalit\u00e9 fran\u00e7aise - EDMO Belux","isPartOf":{"@id":"https:\/\/belux.edmo.eu\/#website"},"primaryImageOfPage":{"@id":"https:\/\/belux.edmo.eu\/fr\/non-cet-ancien-journaliste-de-rfi-na-pas-t-dchu-de-la-nationalit-franaise\/#primaryimage"},"image":{"@id":"https:\/\/belux.edmo.eu\/fr\/non-cet-ancien-journaliste-de-rfi-na-pas-t-dchu-de-la-nationalit-franaise\/#primaryimage"},"thumbnailUrl":"https:\/\/belux-edmo.s3-accelerate.amazonaws.com\/wp-content\/uploads\/2024\/07\/aaa98df26ce7e9301663993277bdcf506bab188c-ipad.jpg","datePublished":"2024-07-31T07:15:33+00:00","dateModified":"2024-07-31T07:19:14+00:00","breadcrumb":{"@id":"https:\/\/belux.edmo.eu\/fr\/non-cet-ancien-journaliste-de-rfi-na-pas-t-dchu-de-la-nationalit-franaise\/#breadcrumb"},"inLanguage":"fr-FR","potentialAction":[{"@type":"ReadAction","target":["https:\/\/belux.edmo.eu\/fr\/non-cet-ancien-journaliste-de-rfi-na-pas-t-dchu-de-la-nationalit-franaise\/"]}]},{"@type":"ImageObject","inLanguage":"fr-FR","@id":"https:\/\/belux.edmo.eu\/fr\/non-cet-ancien-journaliste-de-rfi-na-pas-t-dchu-de-la-nationalit-franaise\/#primaryimage","url":"https:\/\/belux-edmo.s3-accelerate.amazonaws.com\/wp-content\/uploads\/2024\/07\/aaa98df26ce7e9301663993277bdcf506bab188c-ipad.jpg","contentUrl":"https:\/\/belux-edmo.s3-accelerate.amazonaws.com\/wp-content\/uploads\/2024\/07\/aaa98df26ce7e9301663993277bdcf506bab188c-ipad.jpg","width":1080,"height":540,"caption":"Non, cet ancien journaliste de RFI n'a pas \u00e9t\u00e9 d\u00e9chu de la nationalit\u00e9 fran\u00e7aise - Featured image"},{"@type":"BreadcrumbList","@id":"https:\/\/belux.edmo.eu\/fr\/non-cet-ancien-journaliste-de-rfi-na-pas-t-dchu-de-la-nationalit-franaise\/#breadcrumb","itemListElement":[{"@type":"ListItem","position":1,"name":"Home","item":"https:\/\/belux.edmo.eu\/fr\/"},{"@type":"ListItem","position":2,"name":"Non, cet ancien journaliste de RFI n&#8217;a pas \u00e9t\u00e9 d\u00e9chu de la nationalit\u00e9 fran\u00e7aise"}]},{"@type":"WebSite","@id":"https:\/\/belux.edmo.eu\/#website","url":"https:\/\/belux.edmo.eu\/","name":"EDMO Belux","description":"Monitoring Disinformation in Belgium and Luxembourg","publisher":{"@id":"https:\/\/belux.edmo.eu\/#organization"},"potentialAction":[{"@type":"SearchAction","target":{"@type":"EntryPoint","urlTemplate":"https:\/\/belux.edmo.eu\/?s={search_term_string}"},"query-input":{"@type":"PropertyValueSpecification","valueRequired":true,"valueName":"search_term_string"}}],"inLanguage":"fr-FR"},{"@type":"Organization","@id":"https:\/\/belux.edmo.eu\/#organization","name":"EDMO Belux","url":"https:\/\/belux.edmo.eu\/","logo":{"@type":"ImageObject","inLanguage":"fr-FR","@id":"https:\/\/belux.edmo.eu\/#\/schema\/logo\/image\/","url":"https:\/\/belux.edmo.eu\/wp-content\/uploads\/2021\/12\/belux-logo-full-color-rgb.svg","contentUrl":"https:\/\/belux.edmo.eu\/wp-content\/uploads\/2021\/12\/belux-logo-full-color-rgb.svg","width":1,"height":1,"caption":"EDMO Belux"},"image":{"@id":"https:\/\/belux.edmo.eu\/#\/schema\/logo\/image\/"},"sameAs":["https:\/\/x.com\/Edmo_Belux"]},{"@type":"Person","@id":"https:\/\/belux.edmo.eu\/#\/schema\/person\/dbe3b252258537fd318f9b5645a30342","name":"master","sameAs":["https:\/\/belux.wpengine.com"],"url":"https:\/\/belux.edmo.eu\/fr\/author\/master\/"}]}},"menu_order":0,"_links":{"self":[{"href":"https:\/\/belux.edmo.eu\/fr\/wp-json\/wp\/v2\/posts\/350832","targetHints":{"allow":["GET"]}}],"collection":[{"href":"https:\/\/belux.edmo.eu\/fr\/wp-json\/wp\/v2\/posts"}],"about":[{"href":"https:\/\/belux.edmo.eu\/fr\/wp-json\/wp\/v2\/types\/post"}],"author":[{"embeddable":true,"href":"https:\/\/belux.edmo.eu\/fr\/wp-json\/wp\/v2\/users\/1"}],"replies":[{"embeddable":true,"href":"https:\/\/belux.edmo.eu\/fr\/wp-json\/wp\/v2\/comments?post=350832"}],"version-history":[{"count":0,"href":"https:\/\/belux.edmo.eu\/fr\/wp-json\/wp\/v2\/posts\/350832\/revisions"}],"wp:featuredmedia":[{"embeddable":true,"href":"https:\/\/belux.edmo.eu\/fr\/wp-json\/wp\/v2\/media\/350807"}],"wp:attachment":[{"href":"https:\/\/belux.edmo.eu\/fr\/wp-json\/wp\/v2\/media?parent=350832"}],"wp:term":[{"taxonomy":"category","embeddable":true,"href":"https:\/\/belux.edmo.eu\/fr\/wp-json\/wp\/v2\/categories?post=350832"},{"taxonomy":"post_tag","embeddable":true,"href":"https:\/\/belux.edmo.eu\/fr\/wp-json\/wp\/v2\/tags?post=350832"}],"curies":[{"name":"wp","href":"https:\/\/api.w.org\/{rel}","templated":true}]}}