{"id":362122,"date":"2024-10-03T07:00:54","date_gmt":"2024-10-03T07:00:54","guid":{"rendered":"https:\/\/belux.edmo.eu\/?p=362122"},"modified":"2024-10-03T09:48:33","modified_gmt":"2024-10-03T09:48:33","slug":"attention-ces-images-du-public-venu-couter-zelensky-lonu","status":"publish","type":"post","link":"https:\/\/belux.edmo.eu\/fr\/attention-ces-images-du-public-venu-couter-zelensky-lonu\/","title":{"rendered":"Attention \u00e0 ces images du public venu \u00e9couter Zelensky \u00e0 l&rsquo;ONU"},"content":{"rendered":"<p><b>L&rsquo;Ukraine est en difficult\u00e9 dans sa guerre contre l&rsquo;invasion russe et son pr\u00e9sident Volodymyr Zelensky continue \u00e0 chercher tout le soutien international qu&rsquo;il peut trouver pour son pays, principalement aupr\u00e8s du bloc occidental. Dans ce contexte, il est venu aux Etats-Unis du 22 au 28 septembre 2024 pour rencontrer Joe Biden et participer \u00e0 l&rsquo;Assembl\u00e9e g\u00e9n\u00e9rale des Nations Unies. Certaines publications affirment sur les r\u00e9seaux sociaux qu&rsquo;il a prononc\u00e9 son discours devant une salle quasi-vide, alimentant l&rsquo;id\u00e9e d&rsquo;un isolement croissant de l&rsquo;Ukraine. S&rsquo;il est vrai que de nombreux pays non occidentaux observent une forme de neutralit\u00e9 dans le conflit, la photo utilis\u00e9e par ces publications n&rsquo;a pas \u00e9t\u00e9 prise en 2024 mais en 2023. Et s&rsquo;il est exact que l&rsquo;assistance \u00e9tait \u00e9galement clairsem\u00e9e pour son discours de 2024, de nombreux chefs d&rsquo;Etat s&rsquo;expriment dans cette enceinte devant des audiences \u00e9quivalentes.<\/b><\/p>\n<p><em>\u00ab\u00a0Les lamentations de Zelensky ont touch\u00e9 tout le monde : la salle de l&rsquo;ONU \u00e9tait presque vide pendant le discours du pr\u00e9sident ukrainien\u00a0\u00bb<\/em>, ironise sur Facebook le compte \u00ab\u00a0P\u00f4le politique Africa\u00a0\u00bb.<\/p>\n<p><em>\u00ab\u00a0L&rsquo;image que vos m\u00e9dias aux ordres ne vous montrerons\u00a0<\/em>[sic]<em> pas ! Discours de #Zelensky \u00e0 l&rsquo;#ONU salle vide\u00a0\u00bb<\/em>, ass\u00e8ne une utilisatrice sur X (archiv\u00e9s <a href=\"https:\/\/perma.cc\/7UZL-EZAW\" target=\"_blank\" rel=\"noopener\" shape=\"rect\">ici<\/a> et <a href=\"https:\/\/perma.cc\/5PSW-RG69\" target=\"_blank\" rel=\"noopener\" shape=\"rect\">ici<\/a>). Ces publications joignent une photo de la grande salle du si\u00e8ge des Nations Unies \u00e0 New York o\u00f9 l&rsquo;on voit Volodymyr Zelensky, v\u00eatu de sa d\u00e9sormais traditionnelle tenue militaire verte, parler devant une salle assez largement d\u00e9sert\u00e9e, avec de nombreux si\u00e8ges vides.<\/p>\n<p>Des publications similaires avec la m\u00eame photo ont circul\u00e9 sur X en anglais (archiv\u00e9 <a href=\"https:\/\/perma.cc\/KFM3-HKCU\" target=\"_blank\" rel=\"noopener\" shape=\"rect\">ici<\/a>).<\/p>\n<div class=\"g2picture\">\n<figure><img src=\"https:\/\/belux-edmo.s3-accelerate.amazonaws.com\/wp-content\/uploads\/2024\/09\/9b5f9357996337dc28587940c20d46010203d4fc-ipad.jpg\" \/><figcaption>Captures d&rsquo;\u00e9cran Facebook (\u00e0 gauche) et X (\u00e0 droite) r\u00e9alis\u00e9es le 26 septembre 2024<\/figcaption><\/figure>\n<\/div>\n<p>Via ces publications, comme le montre l&rsquo;ironie du compte P\u00f4le Politique Africa quand il \u00e9crit <em>\u00ab\u00a0Les lamentations de Zelensky ont touch\u00e9 tout le monde\u00a0\u00bb<\/em>, l&rsquo;id\u00e9e est d&rsquo;accr\u00e9diter l&rsquo;id\u00e9e que pr\u00e9sident ukrainien est de plus en plus isol\u00e9 sur la sc\u00e8ne internationale.<\/p>\n<p>Toutefois, s&rsquo;il est exact que l&rsquo;Ukraine est en difficult\u00e9 sur le terrain, qu&rsquo;elle a un besoin criant de soutien militaire international, que de nombreux pays dans le monde observent une forme de neutralit\u00e9 et que l&rsquo;attention internationale est aussi largement accapar\u00e9e par la situation au Moyen Orient, cette photo ne permet pas \u00e0 elle seule de conclure quoi que ce soit sur le soutien actuel \u00e0 l&rsquo;Ukraine.<\/p>\n<p>D&rsquo;une part parce qu&rsquo;elle a \u00e9t\u00e9 prise l&rsquo;ann\u00e9e derni\u00e8re et non en 2024, et d&rsquo;autre part parce que de nombreux chefs d&rsquo;Etats s&rsquo;expriment devant des audiences similaires, le fait que le public soit clairsem\u00e9 n&rsquo;est donc pas inhabituel.<\/p>\n<p><b>Une photo de 2023<\/b><\/p>\n<p>L&rsquo;AFP couvre toutes les Assembl\u00e9es g\u00e9n\u00e9rales de l&rsquo;ONU. Il est donc possible d&rsquo;essayer de retrouver quand a \u00e9t\u00e9 prise l&rsquo;image partag\u00e9e sur les r\u00e9seaux sociaux. Cette derni\u00e8re montre bien la salle de l&rsquo;ONU.<\/p>\n<p>Elle porte porte deux logos renvoyant \u00e0 un m\u00e9dia allemand, le programme t\u00e9l\u00e9vis\u00e9 <a href=\"https:\/\/www.tagesschau.de\/\" target=\"_blank\" rel=\"noopener\" shape=\"rect\">Taggeschau<\/a> de la cha\u00eene de la premi\u00e8re cha\u00eene allemande (lien <a href=\"https:\/\/perma.cc\/4CY4-4EQB\" target=\"_blank\" rel=\"noopener\" shape=\"rect\">archiv\u00e9<\/a>).<\/p>\n<p>En regardant les diff\u00e9rentes photos prises par les photographes de l&rsquo;AFP pr\u00e9sents \u00e0 l&rsquo;ONU en 2024, il appara\u00eet que le pr\u00e9sident ukrainien \u00e9tait v\u00eatu de noir lors de son discours devant l&rsquo;assembl\u00e9e g\u00e9n\u00e9rale. Or, sur la photo partag\u00e9e sur les r\u00e9seaux sociaux, il est v\u00eatu de vert. Elle n&rsquo;a donc pas \u00e9t\u00e9 prise pendant le discours devant l&rsquo;assembl\u00e9e g\u00e9n\u00e9rale en 2024 le 24 septembre.<\/p>\n<div class=\"g2picture\">\n<figure><img src=\"https:\/\/belux-edmo.s3-accelerate.amazonaws.com\/wp-content\/uploads\/2024\/09\/c806eb63ea00400d9e8da0309121b2544a4a5521-ipad.jpg\" \/><figcaption>Photos de l&rsquo;intervention de Volodymyr Zelensky \u00e0 l&rsquo;ONU le 24 septembre 2024. A gauche, une photo de l&rsquo;AFP, \u00e0 droite, une photo de Getty images. &#8211; Timothy A. CLARY \/ Spencer PLATT \/ AFP<\/figcaption><\/figure>\n<\/div>\n<p>Mais le pr\u00e9sident ukrainien s&rsquo;est aussi exprim\u00e9 lundi 23 septembre lors du \u00ab\u00a0Sommet de l&rsquo;avenir\u00a0\u00bb au si\u00e8ge des Nations unies, en marge de l&rsquo;assembl\u00e9e g\u00e9n\u00e9rale et l\u00e0, il \u00e9tait bien habill\u00e9 en vert, d&rsquo;apr\u00e8s les photos de l&rsquo;AFP.<\/p>\n<div class=\"g2picture\">\n<figure><img src=\"https:\/\/belux-edmo.s3-accelerate.amazonaws.com\/wp-content\/uploads\/2024\/09\/ce613d8567cbb0ef67398a6cf75261f023bde977-ipad.jpg\" \/><figcaption>Volodymyr Zelensky s&rsquo;exprimant \u00e0 l&rsquo;ONU lors du \u00ab\u00a0sommet de l&rsquo;avenir\u00a0\u00bb lundi 23 septembre 2024 &#8211; TIMOTHY A. CLARY \/ AFP<\/figcaption><\/figure>\n<\/div>\n<p>Mais pour autant, la photo des r\u00e9seaux n&rsquo;a pas \u00e9t\u00e9 prise \u00e0 cette occasion. En effet, on voit que le pr\u00e9sident ukrainien porte une tenue dont le col n&rsquo;a pas de rabats. Or, sur l&rsquo;image des r\u00e9seaux sociaux, il porte une chemise dont le col a des rabats.<\/p>\n<div class=\"g2picture\">\n<figure><img src=\"https:\/\/belux-edmo.s3-accelerate.amazonaws.com\/wp-content\/uploads\/2024\/09\/4e659a48b3d2405329f86f057a62b0af42dd1884-ipad.jpg\" \/><\/figure>\n<\/div>\n<p>En passant \u00e0 l&rsquo;Assembl\u00e9e g\u00e9n\u00e9rale de 2023, il appara\u00eet que le pr\u00e9sident ukrainien \u00e9tait bien habill\u00e9 en vert comme sur la photo publi\u00e9e sur les r\u00e9seaux sociaux et qu&rsquo;il portait une chemise identique.<\/p>\n<p>En comparant l&rsquo;image des r\u00e9seaux sociaux et une photo en plan large prise par l&rsquo;AFP pendant le discours du 19 septembre 2023, certains indices dans l&rsquo;assistance permettent de conclure que les deux photos ont bien \u00e9t\u00e9 prises le m\u00eame jour: au deuxi\u00e8me rang en haut de l&rsquo;image, on voit la m\u00eame personne habill\u00e9e de blanc, et aux rangs quatre et cinq en face du pr\u00e9sident ukrainien, on voit les m\u00eames personnes habill\u00e9es en jaune clair et en violet.<\/p>\n<div class=\"g2picture\">\n<figure><img src=\"https:\/\/belux-edmo.s3-accelerate.amazonaws.com\/wp-content\/uploads\/2024\/09\/3ddcf5a2d7a86f2475dbb5e9f500a56fe4cf46de-ipad.jpg\" \/><figcaption>A gauche, photo prise par l&rsquo;AFP de l&rsquo;intervention de Volodymyr Zelensky \u00e0 l&rsquo;ONU le 19 septembre 2023, \u00e0 droite, capture d&rsquo;\u00e9cran X r\u00e9alis\u00e9e le 26 septembre 2024 &#8211; Bryan R. Smith \/ AFP<\/figcaption><\/figure>\n<\/div>\n<p>L&rsquo;AFP n&rsquo;a pas pu retrouver l&rsquo;image de 2023 sur le site du m\u00e9dia allemand qui l&rsquo;aurait diffus\u00e9e, en revanche, une recherche par image invers\u00e9e sur le moteur russe Yandex permet de retrouver exactement cette photo dans un article en langue anglaise d&rsquo;un site russe,\u00a0<a href=\"https:\/\/en.topcor.ru\/39513-pochti-pustoj-zal-oon-v-hode-vystuplenija-zelenskogo-ukrainskaja-propaganda-prevratila-v-polnyj.html\" target=\"_blank\" rel=\"noopener\" shape=\"rect\">Reporter<\/a>, dat\u00e9 du 21 septembre 2023, accusant <em>\u00ab\u00a0la propagande ukrainienne d&rsquo;avoir fait de la salle presque vide de l&rsquo;ONU une salle comble\u00a0\u00bb\u00a0<\/em>(archiv\u00e9 <a href=\"https:\/\/perma.cc\/RS9Y-BHWP\" target=\"_blank\" rel=\"noopener\" shape=\"rect\">ici<\/a>).<\/p>\n<div class=\"g2picture\">\n<figure><img src=\"https:\/\/belux-edmo.s3-accelerate.amazonaws.com\/wp-content\/uploads\/2024\/09\/6aebd886be0029133d67ec939a13e9f6bcb6df15-ipad.jpg\" \/><figcaption>Capture d&rsquo;\u00e9cran du site russe Reporter r\u00e9alis\u00e9e le 26 septembre 2024<\/figcaption><\/figure>\n<\/div>\n<p>Sur le fond du propos, l&rsquo;assistance clairsem\u00e9e pour \u00e9couter le chef d&rsquo;Etat ukrainien, est comparable aux audiences d&rsquo;autres chefs d&rsquo;Etat d&rsquo;importance, comme il est possible de le constater en regardant les photos de l&rsquo;AFP ou les publications d&rsquo;autres m\u00e9dias prises pour l&rsquo;assembl\u00e9e g\u00e9n\u00e9rale de 2024.<\/p>\n<p>Ainsi du pr\u00e9sident iranien Massoud Pezeshkian, du pr\u00e9sident turc Recep Tayyip Erdogan ou du pr\u00e9sident fran\u00e7ais Emmanuel Macron.<\/p>\n<div class=\"g2picture\">\n<figure><img src=\"https:\/\/belux-edmo.s3-accelerate.amazonaws.com\/wp-content\/uploads\/2024\/09\/e3467535e4f4887ab999fd3f718f36dbeccd3e74-ipad.jpg\" \/><figcaption>A gauche, photo de l&rsquo;intervention de Recep Tayyip Erdogan \u00e0 l&rsquo;ONU le 24 septembre. A droite, intervention d&rsquo;Emmanuel Macron \u00e0 l&rsquo;ONU le 25 septembre. &#8211; Angela WEISS \/ Charly TRIBALLEAU \/ AFP<\/figcaption><\/figure>\n<\/div>\n<div class=\"g2picture\">\n<figure><img src=\"https:\/\/belux-edmo.s3-accelerate.amazonaws.com\/wp-content\/uploads\/2024\/09\/aef17be27feaac5285708d91ad0863b3a9c31b91-ipad.jpg\" \/><figcaption>Capture d&rsquo;\u00e9cran Youtube du discours du pr\u00e9sident iranien Massoud Pezeshkian \u00e0 l&rsquo;ONU le 23 septembre 2024 diffus\u00e9 par le m\u00e9dia PBS Newshour<\/figcaption><\/figure>\n<\/div>\n<p>Cette publication trompeuse circule alors que sur le terrain, la situation militaire est difficile pour l&rsquo;Ukraine et que les forces russes accroissent petit \u00e0 petit leurs gains territoriaux. Jeudi encore, Moscou a\u00a0<a href=\"https:\/\/www.lefigaro.fr\/flash-actu\/guerre-en-ukraine-la-russie-revendique-la-prise-d-une-ville-de-l-est-20240926\" target=\"_blank\" rel=\"noopener\" shape=\"rect\">revendiqu\u00e9<\/a> la prise d&rsquo;Oukra\u00efnsk, une ville de la r\u00e9gion de Donetsk, dans l&rsquo;Est de l&rsquo;Ukraine (archiv\u00e9 <a href=\"https:\/\/web.archive.org\/web\/20240926142754\/https:\/\/www.lefigaro.fr\/flash-actu\/guerre-en-ukraine-la-russie-revendique-la-prise-d-une-ville-de-l-est-20240926\" target=\"_blank\" rel=\"noopener\" shape=\"rect\">ici<\/a>).<\/p>\n<p>Lors de son voyage, le pr\u00e9sident ukrainien cherche aussi et surtout \u00e0 s&rsquo;assurer de plus d&rsquo;aide de ses alli\u00e9s les plus importants, au premier chef les Etats-Unis. Jeudi, Joe Biden a promis une <a href=\"https:\/\/www.europe1.fr\/international\/biden-annonce-une-aide-militaire-de-8-milliards-de-dollars-a-lukraine-avant-de-recevoir-zelensky-4269702\" target=\"_blank\" rel=\"noopener\" shape=\"rect\">augmentation<\/a> de 8 milliards de dollars de l&rsquo;aide am\u00e9ricaine (archiv\u00e9 <a href=\"https:\/\/www.europe1.fr\/international\/biden-annonce-une-aide-militaire-de-8-milliards-de-dollars-a-lukraine-avant-de-recevoir-zelensky-4269702\" target=\"_blank\" rel=\"noopener\" shape=\"rect\">ici<\/a>).<\/p>\n<p>L&rsquo;un des objectifs r\u00e9currents des pourvoyeurs de d\u00e9sinformation favorable \u00e0 la Russie sur les r\u00e9seaux sociaux consiste \u00e0 chercher \u00e0 saper le soutien internationale, et particuli\u00e8rement occidental \u00e0 Kiev, comme l&rsquo;AFP l&rsquo;a par exemple expliqu\u00e9 <a href=\"https:\/\/factuel.afp.com\/doc.afp.com.33YH629\" target=\"_blank\" rel=\"noopener\" shape=\"rect\">ici<\/a>.<\/p>\n<p>Les affrontements au Moyen Orient avec les frappes isra\u00e9liennes au Liban accaparent une bonne partie de l&rsquo;attention internationale, au point que des sources diplomatiques ukrainiennes avaient exprim\u00e9 en amont que la guerre d&rsquo;Ukraine soit rel\u00e9gu\u00e9e au second rang des pr\u00e9ocupations, comme cela est expliqu\u00e9 dans ce <a href=\"https:\/\/information.tv5monde.com\/international\/lonu-des-dirigeants-supplient-deviter-une-guerre-totale-au-liban-2741118\" target=\"_blank\" rel=\"noopener\" shape=\"rect\">papier<\/a> (archiv\u00e9 <a href=\"https:\/\/web.archive.org\/web\/20240926134834\/https:\/\/information.tv5monde.com\/international\/lonu-des-dirigeants-supplient-deviter-une-guerre-totale-au-liban-2741118\" target=\"_blank\" rel=\"noopener\" shape=\"rect\">ici<\/a>).<\/p>\n","protected":false},"excerpt":{"rendered":"<p>\u00ab\u00a0Les lamentations de Zelensky ont touch\u00e9 tout le monde : la salle de l&rsquo;ONU \u00e9tait presque vide pendant le discours du pr\u00e9sident ukrainien\u00a0\u00bb, ironise sur Facebook le compte \u00ab\u00a0P\u00f4le politique Africa\u00a0\u00bb.<\/p>\n","protected":false},"author":1,"featured_media":362077,"comment_status":"closed","ping_status":"closed","sticky":false,"template":"","format":"standard","meta":{"_acf_changed":false,"footnotes":""},"categories":[452,125,132,214],"tags":[],"class_list":{"0":"post-362122","1":"post","2":"type-post","3":"status-publish","4":"format-standard","5":"has-post-thumbnail","7":"category-editors-choice-fr","8":"category-fact-check-fr","9":"category-politique","10":"category-ukraine-fr"},"acf":{"show_metatags":true,"id":"http:\/\/doc.afp.com\/36H499X","authors":"AFP France","organization":"AFP","featured_image_copyright":"","text_copyright":"\u00a9 AGENCE FRANCE-PRESSE | 2024 | Tous droits r\u00e9serv\u00e9s. L\u2019acc\u00e8s aux contenus de l'AFP publi\u00e9s sur ce site et, le cas \u00e9ch\u00e9ant, leur utilisation sont soumis aux conditions g\u00e9n\u00e9rales d'utilisation disponibles sur <a href='https:\/\/www.afp.com\/fr\/cgu' target='_blank'>CGU<\/a>. Par cons\u00e9quent, en acc\u00e9dant aux contenus de l\u2019AFP publi\u00e9s sur ce site, et en les utilisant, le cas \u00e9ch\u00e9ant, vous acceptez d'\u00eatre li\u00e9 par les conditions g\u00e9n\u00e9rales d'utilisation susmentionn\u00e9es. L\u2019utilisation de contenus de l'AFP se fait sous votre seule et enti\u00e8re responsabilit\u00e9.","source":"https:\/\/factuel.afp.com\/doc.afp.com.36H499X","fact_checker":"https:\/\/belux.wpengine.com\/wp-content\/uploads\/2021\/12\/afp_logo.png","type":"\u00c9v\u00e9nement ferm\u00e9","location":"","start_date":"","start_date_event_begins_at":"","start_date_event_ends_at":"","end_date":"","end_date_event_begins_at":"","end_date_event_ends_at":"","organizer":"","fact_checker_logo_image":false},"yoast_head":"<!-- This site is optimized with the Yoast SEO plugin v27.0 - https:\/\/yoast.com\/product\/yoast-seo-wordpress\/ -->\n<title>Attention \u00e0 ces images du public venu \u00e9couter Zelensky \u00e0 l&#039;ONU - EDMO Belux<\/title>\n<meta name=\"robots\" content=\"index, follow, max-snippet:-1, max-image-preview:large, max-video-preview:-1\" \/>\n<link rel=\"canonical\" href=\"https:\/\/belux.edmo.eu\/fr\/attention-ces-images-du-public-venu-couter-zelensky-lonu\/\" \/>\n<meta property=\"og:locale\" content=\"fr_FR\" \/>\n<meta property=\"og:type\" content=\"article\" \/>\n<meta property=\"og:title\" content=\"Attention \u00e0 ces images du public venu \u00e9couter Zelensky \u00e0 l&#039;ONU - EDMO Belux\" \/>\n<meta property=\"og:description\" content=\"&quot;Les lamentations de Zelensky ont touch\u00e9 tout le monde : la salle de l&#039;ONU \u00e9tait presque vide pendant le discours du pr\u00e9sident ukrainien&quot;, ironise sur Facebook le compte &quot;P\u00f4le politique Africa&quot;.\" \/>\n<meta property=\"og:url\" content=\"https:\/\/belux.edmo.eu\/fr\/attention-ces-images-du-public-venu-couter-zelensky-lonu\/\" \/>\n<meta property=\"og:site_name\" content=\"EDMO Belux\" \/>\n<meta property=\"article:published_time\" content=\"2024-10-03T07:00:54+00:00\" \/>\n<meta property=\"article:modified_time\" content=\"2024-10-03T09:48:33+00:00\" \/>\n<meta property=\"og:image\" content=\"https:\/\/belux-edmo.s3-accelerate.amazonaws.com\/wp-content\/uploads\/2024\/09\/f92994045dfb83f3fdc9b6e7bcd3d69411524d46-ipad.jpg\" \/>\n\t<meta property=\"og:image:width\" content=\"1080\" \/>\n\t<meta property=\"og:image:height\" content=\"540\" \/>\n\t<meta property=\"og:image:type\" content=\"image\/jpeg\" \/>\n<meta name=\"author\" content=\"master\" \/>\n<meta name=\"twitter:card\" content=\"summary_large_image\" \/>\n<meta name=\"twitter:creator\" content=\"@Edmo_Belux\" \/>\n<meta name=\"twitter:site\" content=\"@Edmo_Belux\" \/>\n<meta name=\"twitter:label1\" content=\"\u00c9crit par\" \/>\n\t<meta name=\"twitter:data1\" content=\"master\" \/>\n\t<meta name=\"twitter:label2\" content=\"Dur\u00e9e de lecture estim\u00e9e\" \/>\n\t<meta name=\"twitter:data2\" content=\"8 minutes\" \/>\n<script type=\"application\/ld+json\" class=\"yoast-schema-graph\">{\"@context\":\"https:\/\/schema.org\",\"@graph\":[{\"@type\":\"Article\",\"@id\":\"https:\/\/belux.edmo.eu\/fr\/attention-ces-images-du-public-venu-couter-zelensky-lonu\/#article\",\"isPartOf\":{\"@id\":\"https:\/\/belux.edmo.eu\/fr\/attention-ces-images-du-public-venu-couter-zelensky-lonu\/\"},\"author\":{\"name\":\"master\",\"@id\":\"https:\/\/belux.edmo.eu\/#\/schema\/person\/dbe3b252258537fd318f9b5645a30342\"},\"headline\":\"Attention \u00e0 ces images du public venu \u00e9couter Zelensky \u00e0 l&rsquo;ONU\",\"datePublished\":\"2024-10-03T07:00:54+00:00\",\"dateModified\":\"2024-10-03T09:48:33+00:00\",\"mainEntityOfPage\":{\"@id\":\"https:\/\/belux.edmo.eu\/fr\/attention-ces-images-du-public-venu-couter-zelensky-lonu\/\"},\"wordCount\":1355,\"publisher\":{\"@id\":\"https:\/\/belux.edmo.eu\/#organization\"},\"image\":{\"@id\":\"https:\/\/belux.edmo.eu\/fr\/attention-ces-images-du-public-venu-couter-zelensky-lonu\/#primaryimage\"},\"thumbnailUrl\":\"https:\/\/belux-edmo.s3-accelerate.amazonaws.com\/wp-content\/uploads\/2024\/09\/f92994045dfb83f3fdc9b6e7bcd3d69411524d46-ipad.jpg\",\"articleSection\":[\"Editor's Choice Slider FR\",\"Fact-Check\",\"Politique\",\"Ukraine\"],\"inLanguage\":\"fr-FR\"},{\"@type\":\"WebPage\",\"@id\":\"https:\/\/belux.edmo.eu\/fr\/attention-ces-images-du-public-venu-couter-zelensky-lonu\/\",\"url\":\"https:\/\/belux.edmo.eu\/fr\/attention-ces-images-du-public-venu-couter-zelensky-lonu\/\",\"name\":\"Attention \u00e0 ces images du public venu \u00e9couter Zelensky \u00e0 l'ONU - EDMO Belux\",\"isPartOf\":{\"@id\":\"https:\/\/belux.edmo.eu\/#website\"},\"primaryImageOfPage\":{\"@id\":\"https:\/\/belux.edmo.eu\/fr\/attention-ces-images-du-public-venu-couter-zelensky-lonu\/#primaryimage\"},\"image\":{\"@id\":\"https:\/\/belux.edmo.eu\/fr\/attention-ces-images-du-public-venu-couter-zelensky-lonu\/#primaryimage\"},\"thumbnailUrl\":\"https:\/\/belux-edmo.s3-accelerate.amazonaws.com\/wp-content\/uploads\/2024\/09\/f92994045dfb83f3fdc9b6e7bcd3d69411524d46-ipad.jpg\",\"datePublished\":\"2024-10-03T07:00:54+00:00\",\"dateModified\":\"2024-10-03T09:48:33+00:00\",\"breadcrumb\":{\"@id\":\"https:\/\/belux.edmo.eu\/fr\/attention-ces-images-du-public-venu-couter-zelensky-lonu\/#breadcrumb\"},\"inLanguage\":\"fr-FR\",\"potentialAction\":[{\"@type\":\"ReadAction\",\"target\":[\"https:\/\/belux.edmo.eu\/fr\/attention-ces-images-du-public-venu-couter-zelensky-lonu\/\"]}]},{\"@type\":\"ImageObject\",\"inLanguage\":\"fr-FR\",\"@id\":\"https:\/\/belux.edmo.eu\/fr\/attention-ces-images-du-public-venu-couter-zelensky-lonu\/#primaryimage\",\"url\":\"https:\/\/belux-edmo.s3-accelerate.amazonaws.com\/wp-content\/uploads\/2024\/09\/f92994045dfb83f3fdc9b6e7bcd3d69411524d46-ipad.jpg\",\"contentUrl\":\"https:\/\/belux-edmo.s3-accelerate.amazonaws.com\/wp-content\/uploads\/2024\/09\/f92994045dfb83f3fdc9b6e7bcd3d69411524d46-ipad.jpg\",\"width\":1080,\"height\":540,\"caption\":\"Attention \u00e0 ces images du public venu \u00e9couter Zelensky \u00e0 l'ONU - Featured image\"},{\"@type\":\"BreadcrumbList\",\"@id\":\"https:\/\/belux.edmo.eu\/fr\/attention-ces-images-du-public-venu-couter-zelensky-lonu\/#breadcrumb\",\"itemListElement\":[{\"@type\":\"ListItem\",\"position\":1,\"name\":\"Home\",\"item\":\"https:\/\/belux.edmo.eu\/fr\/\"},{\"@type\":\"ListItem\",\"position\":2,\"name\":\"Attention \u00e0 ces images du public venu \u00e9couter Zelensky \u00e0 l&#8217;ONU\"}]},{\"@type\":\"WebSite\",\"@id\":\"https:\/\/belux.edmo.eu\/#website\",\"url\":\"https:\/\/belux.edmo.eu\/\",\"name\":\"EDMO Belux\",\"description\":\"Monitoring Disinformation in Belgium and Luxembourg\",\"publisher\":{\"@id\":\"https:\/\/belux.edmo.eu\/#organization\"},\"potentialAction\":[{\"@type\":\"SearchAction\",\"target\":{\"@type\":\"EntryPoint\",\"urlTemplate\":\"https:\/\/belux.edmo.eu\/?s={search_term_string}\"},\"query-input\":{\"@type\":\"PropertyValueSpecification\",\"valueRequired\":true,\"valueName\":\"search_term_string\"}}],\"inLanguage\":\"fr-FR\"},{\"@type\":\"Organization\",\"@id\":\"https:\/\/belux.edmo.eu\/#organization\",\"name\":\"EDMO Belux\",\"url\":\"https:\/\/belux.edmo.eu\/\",\"logo\":{\"@type\":\"ImageObject\",\"inLanguage\":\"fr-FR\",\"@id\":\"https:\/\/belux.edmo.eu\/#\/schema\/logo\/image\/\",\"url\":\"https:\/\/belux.edmo.eu\/wp-content\/uploads\/2021\/12\/belux-logo-full-color-rgb.svg\",\"contentUrl\":\"https:\/\/belux.edmo.eu\/wp-content\/uploads\/2021\/12\/belux-logo-full-color-rgb.svg\",\"width\":1,\"height\":1,\"caption\":\"EDMO Belux\"},\"image\":{\"@id\":\"https:\/\/belux.edmo.eu\/#\/schema\/logo\/image\/\"},\"sameAs\":[\"https:\/\/x.com\/Edmo_Belux\"]},{\"@type\":\"Person\",\"@id\":\"https:\/\/belux.edmo.eu\/#\/schema\/person\/dbe3b252258537fd318f9b5645a30342\",\"name\":\"master\",\"sameAs\":[\"https:\/\/belux.wpengine.com\"],\"url\":\"https:\/\/belux.edmo.eu\/fr\/author\/master\/\"}]}<\/script>\n<!-- \/ Yoast SEO plugin. -->","yoast_head_json":{"title":"Attention \u00e0 ces images du public venu \u00e9couter Zelensky \u00e0 l'ONU - EDMO Belux","robots":{"index":"index","follow":"follow","max-snippet":"max-snippet:-1","max-image-preview":"max-image-preview:large","max-video-preview":"max-video-preview:-1"},"canonical":"https:\/\/belux.edmo.eu\/fr\/attention-ces-images-du-public-venu-couter-zelensky-lonu\/","og_locale":"fr_FR","og_type":"article","og_title":"Attention \u00e0 ces images du public venu \u00e9couter Zelensky \u00e0 l'ONU - EDMO Belux","og_description":"\"Les lamentations de Zelensky ont touch\u00e9 tout le monde : la salle de l'ONU \u00e9tait presque vide pendant le discours du pr\u00e9sident ukrainien\", ironise sur Facebook le compte \"P\u00f4le politique Africa\".","og_url":"https:\/\/belux.edmo.eu\/fr\/attention-ces-images-du-public-venu-couter-zelensky-lonu\/","og_site_name":"EDMO Belux","article_published_time":"2024-10-03T07:00:54+00:00","article_modified_time":"2024-10-03T09:48:33+00:00","og_image":[{"width":1080,"height":540,"url":"https:\/\/belux-edmo.s3-accelerate.amazonaws.com\/wp-content\/uploads\/2024\/09\/f92994045dfb83f3fdc9b6e7bcd3d69411524d46-ipad.jpg","type":"image\/jpeg"}],"author":"master","twitter_card":"summary_large_image","twitter_creator":"@Edmo_Belux","twitter_site":"@Edmo_Belux","twitter_misc":{"\u00c9crit par":"master","Dur\u00e9e de lecture estim\u00e9e":"8 minutes"},"schema":{"@context":"https:\/\/schema.org","@graph":[{"@type":"Article","@id":"https:\/\/belux.edmo.eu\/fr\/attention-ces-images-du-public-venu-couter-zelensky-lonu\/#article","isPartOf":{"@id":"https:\/\/belux.edmo.eu\/fr\/attention-ces-images-du-public-venu-couter-zelensky-lonu\/"},"author":{"name":"master","@id":"https:\/\/belux.edmo.eu\/#\/schema\/person\/dbe3b252258537fd318f9b5645a30342"},"headline":"Attention \u00e0 ces images du public venu \u00e9couter Zelensky \u00e0 l&rsquo;ONU","datePublished":"2024-10-03T07:00:54+00:00","dateModified":"2024-10-03T09:48:33+00:00","mainEntityOfPage":{"@id":"https:\/\/belux.edmo.eu\/fr\/attention-ces-images-du-public-venu-couter-zelensky-lonu\/"},"wordCount":1355,"publisher":{"@id":"https:\/\/belux.edmo.eu\/#organization"},"image":{"@id":"https:\/\/belux.edmo.eu\/fr\/attention-ces-images-du-public-venu-couter-zelensky-lonu\/#primaryimage"},"thumbnailUrl":"https:\/\/belux-edmo.s3-accelerate.amazonaws.com\/wp-content\/uploads\/2024\/09\/f92994045dfb83f3fdc9b6e7bcd3d69411524d46-ipad.jpg","articleSection":["Editor's Choice Slider FR","Fact-Check","Politique","Ukraine"],"inLanguage":"fr-FR"},{"@type":"WebPage","@id":"https:\/\/belux.edmo.eu\/fr\/attention-ces-images-du-public-venu-couter-zelensky-lonu\/","url":"https:\/\/belux.edmo.eu\/fr\/attention-ces-images-du-public-venu-couter-zelensky-lonu\/","name":"Attention \u00e0 ces images du public venu \u00e9couter Zelensky \u00e0 l'ONU - EDMO Belux","isPartOf":{"@id":"https:\/\/belux.edmo.eu\/#website"},"primaryImageOfPage":{"@id":"https:\/\/belux.edmo.eu\/fr\/attention-ces-images-du-public-venu-couter-zelensky-lonu\/#primaryimage"},"image":{"@id":"https:\/\/belux.edmo.eu\/fr\/attention-ces-images-du-public-venu-couter-zelensky-lonu\/#primaryimage"},"thumbnailUrl":"https:\/\/belux-edmo.s3-accelerate.amazonaws.com\/wp-content\/uploads\/2024\/09\/f92994045dfb83f3fdc9b6e7bcd3d69411524d46-ipad.jpg","datePublished":"2024-10-03T07:00:54+00:00","dateModified":"2024-10-03T09:48:33+00:00","breadcrumb":{"@id":"https:\/\/belux.edmo.eu\/fr\/attention-ces-images-du-public-venu-couter-zelensky-lonu\/#breadcrumb"},"inLanguage":"fr-FR","potentialAction":[{"@type":"ReadAction","target":["https:\/\/belux.edmo.eu\/fr\/attention-ces-images-du-public-venu-couter-zelensky-lonu\/"]}]},{"@type":"ImageObject","inLanguage":"fr-FR","@id":"https:\/\/belux.edmo.eu\/fr\/attention-ces-images-du-public-venu-couter-zelensky-lonu\/#primaryimage","url":"https:\/\/belux-edmo.s3-accelerate.amazonaws.com\/wp-content\/uploads\/2024\/09\/f92994045dfb83f3fdc9b6e7bcd3d69411524d46-ipad.jpg","contentUrl":"https:\/\/belux-edmo.s3-accelerate.amazonaws.com\/wp-content\/uploads\/2024\/09\/f92994045dfb83f3fdc9b6e7bcd3d69411524d46-ipad.jpg","width":1080,"height":540,"caption":"Attention \u00e0 ces images du public venu \u00e9couter Zelensky \u00e0 l'ONU - Featured image"},{"@type":"BreadcrumbList","@id":"https:\/\/belux.edmo.eu\/fr\/attention-ces-images-du-public-venu-couter-zelensky-lonu\/#breadcrumb","itemListElement":[{"@type":"ListItem","position":1,"name":"Home","item":"https:\/\/belux.edmo.eu\/fr\/"},{"@type":"ListItem","position":2,"name":"Attention \u00e0 ces images du public venu \u00e9couter Zelensky \u00e0 l&#8217;ONU"}]},{"@type":"WebSite","@id":"https:\/\/belux.edmo.eu\/#website","url":"https:\/\/belux.edmo.eu\/","name":"EDMO Belux","description":"Monitoring Disinformation in Belgium and Luxembourg","publisher":{"@id":"https:\/\/belux.edmo.eu\/#organization"},"potentialAction":[{"@type":"SearchAction","target":{"@type":"EntryPoint","urlTemplate":"https:\/\/belux.edmo.eu\/?s={search_term_string}"},"query-input":{"@type":"PropertyValueSpecification","valueRequired":true,"valueName":"search_term_string"}}],"inLanguage":"fr-FR"},{"@type":"Organization","@id":"https:\/\/belux.edmo.eu\/#organization","name":"EDMO Belux","url":"https:\/\/belux.edmo.eu\/","logo":{"@type":"ImageObject","inLanguage":"fr-FR","@id":"https:\/\/belux.edmo.eu\/#\/schema\/logo\/image\/","url":"https:\/\/belux.edmo.eu\/wp-content\/uploads\/2021\/12\/belux-logo-full-color-rgb.svg","contentUrl":"https:\/\/belux.edmo.eu\/wp-content\/uploads\/2021\/12\/belux-logo-full-color-rgb.svg","width":1,"height":1,"caption":"EDMO Belux"},"image":{"@id":"https:\/\/belux.edmo.eu\/#\/schema\/logo\/image\/"},"sameAs":["https:\/\/x.com\/Edmo_Belux"]},{"@type":"Person","@id":"https:\/\/belux.edmo.eu\/#\/schema\/person\/dbe3b252258537fd318f9b5645a30342","name":"master","sameAs":["https:\/\/belux.wpengine.com"],"url":"https:\/\/belux.edmo.eu\/fr\/author\/master\/"}]}},"menu_order":0,"_links":{"self":[{"href":"https:\/\/belux.edmo.eu\/fr\/wp-json\/wp\/v2\/posts\/362122","targetHints":{"allow":["GET"]}}],"collection":[{"href":"https:\/\/belux.edmo.eu\/fr\/wp-json\/wp\/v2\/posts"}],"about":[{"href":"https:\/\/belux.edmo.eu\/fr\/wp-json\/wp\/v2\/types\/post"}],"author":[{"embeddable":true,"href":"https:\/\/belux.edmo.eu\/fr\/wp-json\/wp\/v2\/users\/1"}],"replies":[{"embeddable":true,"href":"https:\/\/belux.edmo.eu\/fr\/wp-json\/wp\/v2\/comments?post=362122"}],"version-history":[{"count":0,"href":"https:\/\/belux.edmo.eu\/fr\/wp-json\/wp\/v2\/posts\/362122\/revisions"}],"wp:featuredmedia":[{"embeddable":true,"href":"https:\/\/belux.edmo.eu\/fr\/wp-json\/wp\/v2\/media\/362077"}],"wp:attachment":[{"href":"https:\/\/belux.edmo.eu\/fr\/wp-json\/wp\/v2\/media?parent=362122"}],"wp:term":[{"taxonomy":"category","embeddable":true,"href":"https:\/\/belux.edmo.eu\/fr\/wp-json\/wp\/v2\/categories?post=362122"},{"taxonomy":"post_tag","embeddable":true,"href":"https:\/\/belux.edmo.eu\/fr\/wp-json\/wp\/v2\/tags?post=362122"}],"curies":[{"name":"wp","href":"https:\/\/api.w.org\/{rel}","templated":true}]}}