{"id":363612,"date":"2024-10-07T10:48:31","date_gmt":"2024-10-07T10:48:31","guid":{"rendered":"https:\/\/belux.edmo.eu\/?p=363612"},"modified":"2024-10-07T10:51:15","modified_gmt":"2024-10-07T10:51:15","slug":"semaine-de-leducation-aux-medias-2024-apprends-moi-aujourdhui-les-medias-de-demain","status":"publish","type":"post","link":"https:\/\/belux.edmo.eu\/fr\/semaine-de-leducation-aux-medias-2024-apprends-moi-aujourdhui-les-medias-de-demain\/","title":{"rendered":"SEMAINE DE L&rsquo;\u00c9DUCATION AUX M\u00c9DIAS 2024 : APPRENDS-MOI AUJOURD\u2019HUI LES M\u00c9DIAS DE DEMAIN"},"content":{"rendered":"<p><span data-contrast=\"auto\">Le Conseil Sup\u00e9rieur de l&rsquo;\u00c9ducation aux M\u00e9dias (CSEM) organise la deuxi\u00e8me \u00e9dition de la Semaine de l&rsquo;\u00c9ducation aux M\u00e9dias, qui se d\u00e9roulera du 16 au 24 novembre 2024 en F\u00e9d\u00e9ration Wallonie-Bruxelles. Cet \u00e9v\u00e9nement propose un ensemble d\u2019activit\u00e9s et d\u2019animations enti\u00e8rement gratuites, con\u00e7ues pour permettre aux jeunes de mieux appr\u00e9hender l&rsquo;univers des m\u00e9dias, de la presse et du num\u00e9rique.<\/span><span data-ccp-props=\"{&quot;201341983&quot;:0,&quot;335559739&quot;:160,&quot;335559740&quot;:259}\">\u00a0<\/span><\/p>\n<p><span data-contrast=\"auto\">Vous souhaitez visiter les coulisses d\u2019un m\u00e9dia, faire venir un journaliste dans votre classe, apprendre \u00e0 d\u00e9busquer des fausses informations, ou initier vos jeunes aux techniques de l\u2019audiovisuel ? Le CSEM a \u00e9galement produit un nouveau <\/span><a href=\"https:\/\/www.csem.be\/sites\/default\/files\/2024-09\/Dossier%20d%27accompagnement%202024%20WEB.pdf\" target=\"_blank\" rel=\"noopener\"><span data-contrast=\"none\">dossier d&rsquo;accompagnement<\/span><\/a><span data-contrast=\"auto\">, proposant des activit\u00e9s pour d\u00e9couvrir l\u2019\u00e9ducation aux m\u00e9dias et approfondir l\u2019exploitation du podcast, des jeux vid\u00e9o ou de l\u2019intelligence artificielle (IA).<\/span><span data-ccp-props=\"{&quot;201341983&quot;:0,&quot;335559739&quot;:160,&quot;335559740&quot;:259}\">\u00a0<\/span><\/p>\n<p><span data-contrast=\"auto\">Pour d\u00e9couvrir l&rsquo;ensemble des activit\u00e9s, rendez-vous <\/span><a href=\"https:\/\/www.csem.be\/eduquer-aux-medias\/operations\/semaine-de-lducation-aux-mdias\" target=\"_blank\" rel=\"noopener\"><span data-contrast=\"none\">sur cette page<\/span><\/a><span data-contrast=\"auto\">.<\/span><span data-ccp-props=\"{&quot;201341983&quot;:0,&quot;335559739&quot;:160,&quot;335559740&quot;:259}\">\u00a0<\/span><\/p>\n","protected":false},"excerpt":{"rendered":"<p>Le Conseil Sup\u00e9rieur de l&rsquo;\u00c9ducation aux M\u00e9dias (CSEM) organise la deuxi\u00e8me \u00e9dition de la Semaine de l&rsquo;\u00c9ducation aux M\u00e9dias, qui&#8230;<\/p>\n","protected":false},"author":26,"featured_media":363614,"comment_status":"closed","ping_status":"closed","sticky":false,"template":"","format":"standard","meta":{"_acf_changed":false,"footnotes":""},"categories":[142],"tags":[],"class_list":{"0":"post-363612","1":"post","2":"type-post","3":"status-publish","4":"format-standard","5":"has-post-thumbnail","7":"category-actualites"},"acf":{"source":"","show_metatags":false,"authors":"","organization":"","featured_image_copyright":"","text_copyright":"","fact_checker_logo_image":false,"fact_checker":"https:\/\/belux.wpengine.com\/wp-content\/uploads\/2021\/12\/afp_logo.png","id":"","type":"\u00c9v\u00e9nement ferm\u00e9","location":"","start_date":"","start_date_event_begins_at":"","start_date_event_ends_at":"","end_date":"","end_date_event_begins_at":"","end_date_event_ends_at":"","organizer":""},"yoast_head":"<!-- This site is optimized with the Yoast SEO plugin v27.0 - https:\/\/yoast.com\/product\/yoast-seo-wordpress\/ -->\n<title>SEMAINE DE L&#039;\u00c9DUCATION AUX M\u00c9DIAS 2024 : APPRENDS-MOI AUJOURD\u2019HUI LES M\u00c9DIAS DE DEMAIN - EDMO Belux<\/title>\n<meta name=\"robots\" content=\"index, follow, max-snippet:-1, max-image-preview:large, max-video-preview:-1\" \/>\n<link rel=\"canonical\" href=\"https:\/\/belux.edmo.eu\/fr\/semaine-de-leducation-aux-medias-2024-apprends-moi-aujourdhui-les-medias-de-demain\/\" \/>\n<meta property=\"og:locale\" content=\"fr_FR\" \/>\n<meta property=\"og:type\" content=\"article\" \/>\n<meta property=\"og:title\" content=\"SEMAINE DE L&#039;\u00c9DUCATION AUX M\u00c9DIAS 2024 : APPRENDS-MOI AUJOURD\u2019HUI LES M\u00c9DIAS DE DEMAIN - EDMO Belux\" \/>\n<meta property=\"og:description\" content=\"Le Conseil Sup\u00e9rieur de l&rsquo;\u00c9ducation aux M\u00e9dias (CSEM) organise la deuxi\u00e8me \u00e9dition de la Semaine de l&rsquo;\u00c9ducation aux M\u00e9dias, qui...\" \/>\n<meta property=\"og:url\" content=\"https:\/\/belux.edmo.eu\/fr\/semaine-de-leducation-aux-medias-2024-apprends-moi-aujourdhui-les-medias-de-demain\/\" \/>\n<meta property=\"og:site_name\" content=\"EDMO Belux\" \/>\n<meta property=\"article:published_time\" content=\"2024-10-07T10:48:31+00:00\" \/>\n<meta property=\"article:modified_time\" content=\"2024-10-07T10:51:15+00:00\" \/>\n<meta property=\"og:image\" content=\"https:\/\/belux-edmo.s3-accelerate.amazonaws.com\/wp-content\/uploads\/2024\/10\/Screenshot-2024-10-07-at-12.36.031.png\" \/>\n\t<meta property=\"og:image:width\" content=\"1600\" \/>\n\t<meta property=\"og:image:height\" content=\"900\" \/>\n\t<meta property=\"og:image:type\" content=\"image\/png\" \/>\n<meta name=\"author\" content=\"Ferruccio Barazzutti\" \/>\n<meta name=\"twitter:card\" content=\"summary_large_image\" \/>\n<meta name=\"twitter:creator\" content=\"@Edmo_Belux\" \/>\n<meta name=\"twitter:site\" content=\"@Edmo_Belux\" \/>\n<meta name=\"twitter:label1\" content=\"\u00c9crit par\" \/>\n\t<meta name=\"twitter:data1\" content=\"Ferruccio Barazzutti\" \/>\n\t<meta name=\"twitter:label2\" content=\"Dur\u00e9e de lecture estim\u00e9e\" \/>\n\t<meta name=\"twitter:data2\" content=\"1 minute\" \/>\n<script type=\"application\/ld+json\" class=\"yoast-schema-graph\">{\"@context\":\"https:\/\/schema.org\",\"@graph\":[{\"@type\":\"Article\",\"@id\":\"https:\/\/belux.edmo.eu\/fr\/semaine-de-leducation-aux-medias-2024-apprends-moi-aujourdhui-les-medias-de-demain\/#article\",\"isPartOf\":{\"@id\":\"https:\/\/belux.edmo.eu\/fr\/semaine-de-leducation-aux-medias-2024-apprends-moi-aujourdhui-les-medias-de-demain\/\"},\"author\":{\"name\":\"Ferruccio Barazzutti\",\"@id\":\"https:\/\/belux.edmo.eu\/#\/schema\/person\/6d94cc59eabcc7e6295c590229230bc4\"},\"headline\":\"SEMAINE DE L&rsquo;\u00c9DUCATION AUX M\u00c9DIAS 2024 : APPRENDS-MOI AUJOURD\u2019HUI LES M\u00c9DIAS DE DEMAIN\",\"datePublished\":\"2024-10-07T10:48:31+00:00\",\"dateModified\":\"2024-10-07T10:51:15+00:00\",\"mainEntityOfPage\":{\"@id\":\"https:\/\/belux.edmo.eu\/fr\/semaine-de-leducation-aux-medias-2024-apprends-moi-aujourdhui-les-medias-de-demain\/\"},\"wordCount\":170,\"publisher\":{\"@id\":\"https:\/\/belux.edmo.eu\/#organization\"},\"image\":{\"@id\":\"https:\/\/belux.edmo.eu\/fr\/semaine-de-leducation-aux-medias-2024-apprends-moi-aujourdhui-les-medias-de-demain\/#primaryimage\"},\"thumbnailUrl\":\"https:\/\/belux-edmo.s3-accelerate.amazonaws.com\/wp-content\/uploads\/2024\/10\/Screenshot-2024-10-07-at-12.36.031.png\",\"articleSection\":[\"Actualit\u00e9s\"],\"inLanguage\":\"fr-FR\"},{\"@type\":\"WebPage\",\"@id\":\"https:\/\/belux.edmo.eu\/fr\/semaine-de-leducation-aux-medias-2024-apprends-moi-aujourdhui-les-medias-de-demain\/\",\"url\":\"https:\/\/belux.edmo.eu\/fr\/semaine-de-leducation-aux-medias-2024-apprends-moi-aujourdhui-les-medias-de-demain\/\",\"name\":\"SEMAINE DE L'\u00c9DUCATION AUX M\u00c9DIAS 2024 : APPRENDS-MOI AUJOURD\u2019HUI LES M\u00c9DIAS DE DEMAIN - EDMO Belux\",\"isPartOf\":{\"@id\":\"https:\/\/belux.edmo.eu\/#website\"},\"primaryImageOfPage\":{\"@id\":\"https:\/\/belux.edmo.eu\/fr\/semaine-de-leducation-aux-medias-2024-apprends-moi-aujourdhui-les-medias-de-demain\/#primaryimage\"},\"image\":{\"@id\":\"https:\/\/belux.edmo.eu\/fr\/semaine-de-leducation-aux-medias-2024-apprends-moi-aujourdhui-les-medias-de-demain\/#primaryimage\"},\"thumbnailUrl\":\"https:\/\/belux-edmo.s3-accelerate.amazonaws.com\/wp-content\/uploads\/2024\/10\/Screenshot-2024-10-07-at-12.36.031.png\",\"datePublished\":\"2024-10-07T10:48:31+00:00\",\"dateModified\":\"2024-10-07T10:51:15+00:00\",\"breadcrumb\":{\"@id\":\"https:\/\/belux.edmo.eu\/fr\/semaine-de-leducation-aux-medias-2024-apprends-moi-aujourdhui-les-medias-de-demain\/#breadcrumb\"},\"inLanguage\":\"fr-FR\",\"potentialAction\":[{\"@type\":\"ReadAction\",\"target\":[\"https:\/\/belux.edmo.eu\/fr\/semaine-de-leducation-aux-medias-2024-apprends-moi-aujourdhui-les-medias-de-demain\/\"]}]},{\"@type\":\"ImageObject\",\"inLanguage\":\"fr-FR\",\"@id\":\"https:\/\/belux.edmo.eu\/fr\/semaine-de-leducation-aux-medias-2024-apprends-moi-aujourdhui-les-medias-de-demain\/#primaryimage\",\"url\":\"https:\/\/belux-edmo.s3-accelerate.amazonaws.com\/wp-content\/uploads\/2024\/10\/Screenshot-2024-10-07-at-12.36.031.png\",\"contentUrl\":\"https:\/\/belux-edmo.s3-accelerate.amazonaws.com\/wp-content\/uploads\/2024\/10\/Screenshot-2024-10-07-at-12.36.031.png\",\"width\":1600,\"height\":900,\"caption\":\"Semaine de l'education aux m\u00e9dias 2024\"},{\"@type\":\"BreadcrumbList\",\"@id\":\"https:\/\/belux.edmo.eu\/fr\/semaine-de-leducation-aux-medias-2024-apprends-moi-aujourdhui-les-medias-de-demain\/#breadcrumb\",\"itemListElement\":[{\"@type\":\"ListItem\",\"position\":1,\"name\":\"Home\",\"item\":\"https:\/\/belux.edmo.eu\/fr\/\"},{\"@type\":\"ListItem\",\"position\":2,\"name\":\"SEMAINE DE L&#8217;\u00c9DUCATION AUX M\u00c9DIAS 2024 : APPRENDS-MOI AUJOURD\u2019HUI LES M\u00c9DIAS DE DEMAIN\"}]},{\"@type\":\"WebSite\",\"@id\":\"https:\/\/belux.edmo.eu\/#website\",\"url\":\"https:\/\/belux.edmo.eu\/\",\"name\":\"EDMO Belux\",\"description\":\"Monitoring Disinformation in Belgium and Luxembourg\",\"publisher\":{\"@id\":\"https:\/\/belux.edmo.eu\/#organization\"},\"potentialAction\":[{\"@type\":\"SearchAction\",\"target\":{\"@type\":\"EntryPoint\",\"urlTemplate\":\"https:\/\/belux.edmo.eu\/?s={search_term_string}\"},\"query-input\":{\"@type\":\"PropertyValueSpecification\",\"valueRequired\":true,\"valueName\":\"search_term_string\"}}],\"inLanguage\":\"fr-FR\"},{\"@type\":\"Organization\",\"@id\":\"https:\/\/belux.edmo.eu\/#organization\",\"name\":\"EDMO Belux\",\"url\":\"https:\/\/belux.edmo.eu\/\",\"logo\":{\"@type\":\"ImageObject\",\"inLanguage\":\"fr-FR\",\"@id\":\"https:\/\/belux.edmo.eu\/#\/schema\/logo\/image\/\",\"url\":\"https:\/\/belux.edmo.eu\/wp-content\/uploads\/2021\/12\/belux-logo-full-color-rgb.svg\",\"contentUrl\":\"https:\/\/belux.edmo.eu\/wp-content\/uploads\/2021\/12\/belux-logo-full-color-rgb.svg\",\"width\":1,\"height\":1,\"caption\":\"EDMO Belux\"},\"image\":{\"@id\":\"https:\/\/belux.edmo.eu\/#\/schema\/logo\/image\/\"},\"sameAs\":[\"https:\/\/x.com\/Edmo_Belux\"]},{\"@type\":\"Person\",\"@id\":\"https:\/\/belux.edmo.eu\/#\/schema\/person\/6d94cc59eabcc7e6295c590229230bc4\",\"name\":\"Ferruccio Barazzutti\",\"url\":\"https:\/\/belux.edmo.eu\/fr\/author\/f-barazzutti\/\"}]}<\/script>\n<!-- \/ Yoast SEO plugin. -->","yoast_head_json":{"title":"SEMAINE DE L'\u00c9DUCATION AUX M\u00c9DIAS 2024 : APPRENDS-MOI AUJOURD\u2019HUI LES M\u00c9DIAS DE DEMAIN - EDMO Belux","robots":{"index":"index","follow":"follow","max-snippet":"max-snippet:-1","max-image-preview":"max-image-preview:large","max-video-preview":"max-video-preview:-1"},"canonical":"https:\/\/belux.edmo.eu\/fr\/semaine-de-leducation-aux-medias-2024-apprends-moi-aujourdhui-les-medias-de-demain\/","og_locale":"fr_FR","og_type":"article","og_title":"SEMAINE DE L'\u00c9DUCATION AUX M\u00c9DIAS 2024 : APPRENDS-MOI AUJOURD\u2019HUI LES M\u00c9DIAS DE DEMAIN - EDMO Belux","og_description":"Le Conseil Sup\u00e9rieur de l&rsquo;\u00c9ducation aux M\u00e9dias (CSEM) organise la deuxi\u00e8me \u00e9dition de la Semaine de l&rsquo;\u00c9ducation aux M\u00e9dias, qui...","og_url":"https:\/\/belux.edmo.eu\/fr\/semaine-de-leducation-aux-medias-2024-apprends-moi-aujourdhui-les-medias-de-demain\/","og_site_name":"EDMO Belux","article_published_time":"2024-10-07T10:48:31+00:00","article_modified_time":"2024-10-07T10:51:15+00:00","og_image":[{"width":1600,"height":900,"url":"https:\/\/belux-edmo.s3-accelerate.amazonaws.com\/wp-content\/uploads\/2024\/10\/Screenshot-2024-10-07-at-12.36.031.png","type":"image\/png"}],"author":"Ferruccio Barazzutti","twitter_card":"summary_large_image","twitter_creator":"@Edmo_Belux","twitter_site":"@Edmo_Belux","twitter_misc":{"\u00c9crit par":"Ferruccio Barazzutti","Dur\u00e9e de lecture estim\u00e9e":"1 minute"},"schema":{"@context":"https:\/\/schema.org","@graph":[{"@type":"Article","@id":"https:\/\/belux.edmo.eu\/fr\/semaine-de-leducation-aux-medias-2024-apprends-moi-aujourdhui-les-medias-de-demain\/#article","isPartOf":{"@id":"https:\/\/belux.edmo.eu\/fr\/semaine-de-leducation-aux-medias-2024-apprends-moi-aujourdhui-les-medias-de-demain\/"},"author":{"name":"Ferruccio Barazzutti","@id":"https:\/\/belux.edmo.eu\/#\/schema\/person\/6d94cc59eabcc7e6295c590229230bc4"},"headline":"SEMAINE DE L&rsquo;\u00c9DUCATION AUX M\u00c9DIAS 2024 : APPRENDS-MOI AUJOURD\u2019HUI LES M\u00c9DIAS DE DEMAIN","datePublished":"2024-10-07T10:48:31+00:00","dateModified":"2024-10-07T10:51:15+00:00","mainEntityOfPage":{"@id":"https:\/\/belux.edmo.eu\/fr\/semaine-de-leducation-aux-medias-2024-apprends-moi-aujourdhui-les-medias-de-demain\/"},"wordCount":170,"publisher":{"@id":"https:\/\/belux.edmo.eu\/#organization"},"image":{"@id":"https:\/\/belux.edmo.eu\/fr\/semaine-de-leducation-aux-medias-2024-apprends-moi-aujourdhui-les-medias-de-demain\/#primaryimage"},"thumbnailUrl":"https:\/\/belux-edmo.s3-accelerate.amazonaws.com\/wp-content\/uploads\/2024\/10\/Screenshot-2024-10-07-at-12.36.031.png","articleSection":["Actualit\u00e9s"],"inLanguage":"fr-FR"},{"@type":"WebPage","@id":"https:\/\/belux.edmo.eu\/fr\/semaine-de-leducation-aux-medias-2024-apprends-moi-aujourdhui-les-medias-de-demain\/","url":"https:\/\/belux.edmo.eu\/fr\/semaine-de-leducation-aux-medias-2024-apprends-moi-aujourdhui-les-medias-de-demain\/","name":"SEMAINE DE L'\u00c9DUCATION AUX M\u00c9DIAS 2024 : APPRENDS-MOI AUJOURD\u2019HUI LES M\u00c9DIAS DE DEMAIN - EDMO Belux","isPartOf":{"@id":"https:\/\/belux.edmo.eu\/#website"},"primaryImageOfPage":{"@id":"https:\/\/belux.edmo.eu\/fr\/semaine-de-leducation-aux-medias-2024-apprends-moi-aujourdhui-les-medias-de-demain\/#primaryimage"},"image":{"@id":"https:\/\/belux.edmo.eu\/fr\/semaine-de-leducation-aux-medias-2024-apprends-moi-aujourdhui-les-medias-de-demain\/#primaryimage"},"thumbnailUrl":"https:\/\/belux-edmo.s3-accelerate.amazonaws.com\/wp-content\/uploads\/2024\/10\/Screenshot-2024-10-07-at-12.36.031.png","datePublished":"2024-10-07T10:48:31+00:00","dateModified":"2024-10-07T10:51:15+00:00","breadcrumb":{"@id":"https:\/\/belux.edmo.eu\/fr\/semaine-de-leducation-aux-medias-2024-apprends-moi-aujourdhui-les-medias-de-demain\/#breadcrumb"},"inLanguage":"fr-FR","potentialAction":[{"@type":"ReadAction","target":["https:\/\/belux.edmo.eu\/fr\/semaine-de-leducation-aux-medias-2024-apprends-moi-aujourdhui-les-medias-de-demain\/"]}]},{"@type":"ImageObject","inLanguage":"fr-FR","@id":"https:\/\/belux.edmo.eu\/fr\/semaine-de-leducation-aux-medias-2024-apprends-moi-aujourdhui-les-medias-de-demain\/#primaryimage","url":"https:\/\/belux-edmo.s3-accelerate.amazonaws.com\/wp-content\/uploads\/2024\/10\/Screenshot-2024-10-07-at-12.36.031.png","contentUrl":"https:\/\/belux-edmo.s3-accelerate.amazonaws.com\/wp-content\/uploads\/2024\/10\/Screenshot-2024-10-07-at-12.36.031.png","width":1600,"height":900,"caption":"Semaine de l'education aux m\u00e9dias 2024"},{"@type":"BreadcrumbList","@id":"https:\/\/belux.edmo.eu\/fr\/semaine-de-leducation-aux-medias-2024-apprends-moi-aujourdhui-les-medias-de-demain\/#breadcrumb","itemListElement":[{"@type":"ListItem","position":1,"name":"Home","item":"https:\/\/belux.edmo.eu\/fr\/"},{"@type":"ListItem","position":2,"name":"SEMAINE DE L&#8217;\u00c9DUCATION AUX M\u00c9DIAS 2024 : APPRENDS-MOI AUJOURD\u2019HUI LES M\u00c9DIAS DE DEMAIN"}]},{"@type":"WebSite","@id":"https:\/\/belux.edmo.eu\/#website","url":"https:\/\/belux.edmo.eu\/","name":"EDMO Belux","description":"Monitoring Disinformation in Belgium and Luxembourg","publisher":{"@id":"https:\/\/belux.edmo.eu\/#organization"},"potentialAction":[{"@type":"SearchAction","target":{"@type":"EntryPoint","urlTemplate":"https:\/\/belux.edmo.eu\/?s={search_term_string}"},"query-input":{"@type":"PropertyValueSpecification","valueRequired":true,"valueName":"search_term_string"}}],"inLanguage":"fr-FR"},{"@type":"Organization","@id":"https:\/\/belux.edmo.eu\/#organization","name":"EDMO Belux","url":"https:\/\/belux.edmo.eu\/","logo":{"@type":"ImageObject","inLanguage":"fr-FR","@id":"https:\/\/belux.edmo.eu\/#\/schema\/logo\/image\/","url":"https:\/\/belux.edmo.eu\/wp-content\/uploads\/2021\/12\/belux-logo-full-color-rgb.svg","contentUrl":"https:\/\/belux.edmo.eu\/wp-content\/uploads\/2021\/12\/belux-logo-full-color-rgb.svg","width":1,"height":1,"caption":"EDMO Belux"},"image":{"@id":"https:\/\/belux.edmo.eu\/#\/schema\/logo\/image\/"},"sameAs":["https:\/\/x.com\/Edmo_Belux"]},{"@type":"Person","@id":"https:\/\/belux.edmo.eu\/#\/schema\/person\/6d94cc59eabcc7e6295c590229230bc4","name":"Ferruccio Barazzutti","url":"https:\/\/belux.edmo.eu\/fr\/author\/f-barazzutti\/"}]}},"menu_order":0,"_links":{"self":[{"href":"https:\/\/belux.edmo.eu\/fr\/wp-json\/wp\/v2\/posts\/363612","targetHints":{"allow":["GET"]}}],"collection":[{"href":"https:\/\/belux.edmo.eu\/fr\/wp-json\/wp\/v2\/posts"}],"about":[{"href":"https:\/\/belux.edmo.eu\/fr\/wp-json\/wp\/v2\/types\/post"}],"author":[{"embeddable":true,"href":"https:\/\/belux.edmo.eu\/fr\/wp-json\/wp\/v2\/users\/26"}],"replies":[{"embeddable":true,"href":"https:\/\/belux.edmo.eu\/fr\/wp-json\/wp\/v2\/comments?post=363612"}],"version-history":[{"count":0,"href":"https:\/\/belux.edmo.eu\/fr\/wp-json\/wp\/v2\/posts\/363612\/revisions"}],"wp:featuredmedia":[{"embeddable":true,"href":"https:\/\/belux.edmo.eu\/fr\/wp-json\/wp\/v2\/media\/363614"}],"wp:attachment":[{"href":"https:\/\/belux.edmo.eu\/fr\/wp-json\/wp\/v2\/media?parent=363612"}],"wp:term":[{"taxonomy":"category","embeddable":true,"href":"https:\/\/belux.edmo.eu\/fr\/wp-json\/wp\/v2\/categories?post=363612"},{"taxonomy":"post_tag","embeddable":true,"href":"https:\/\/belux.edmo.eu\/fr\/wp-json\/wp\/v2\/tags?post=363612"}],"curies":[{"name":"wp","href":"https:\/\/api.w.org\/{rel}","templated":true}]}}