{"id":37554,"date":"2022-05-11T12:13:10","date_gmt":"2022-05-11T12:13:10","guid":{"rendered":"https:\/\/belux.wpengine.com\/?p=37554"},"modified":"2022-05-11T16:06:41","modified_gmt":"2022-05-11T16:06:41","slug":"labello-challenge-linquitude-autour-du-nouveau-dfi-tiktok-des-jeunes-est-relativiser","status":"publish","type":"post","link":"https:\/\/belux.edmo.eu\/fr\/labello-challenge-linquitude-autour-du-nouveau-dfi-tiktok-des-jeunes-est-relativiser\/","title":{"rendered":"Labello Challenge\u00a0: l\u2019inqui\u00e9tude autour du nouveau d\u00e9fi TikTok des jeunes est \u00e0 relativiser"},"content":{"rendered":"<p><strong>Ces derniers jours, de nombreux m\u00e9dias belges et fran\u00e7ais ont mis en garde contre la \u00ab\u00a0dangerosit\u00e9\u00a0\u00bb du \u00ab\u00a0Labello\u00a0Challenge\u00a0\u00bb ou \u00ab\u00a0Jeu du Labello\u00a0\u00bb qui circule sur TikTok. Le nouveau d\u00e9fi consiste \u00e0 mettre du baume sur sa bouche ou \u00e0 en couper un bout d\u00e8s que l\u2019on a un coup de blues. Une fois le tube termin\u00e9, le jeune \u00ab\u00a0doit mettre fin \u00e0 ses jours\u00a0\u00bb.<\/strong><\/p>\n<p><strong>Or, le d\u00e9fi a un effet tr\u00e8s limit\u00e9 : la plupart des vid\u00e9os \u00e0 ce sujet sont essentiellement des messages de pr\u00e9vention. Ensuite, aucun cas de suicide en lien avec cette tendance n\u2019a \u00e9t\u00e9 rapport\u00e9 en Belgique. Enfin, \u00e0 l\u2019image de pr\u00e9c\u00e9dents \u00ab\u00a0challenges\u00a0\u00bb qui avaient circul\u00e9 sur le r\u00e9seau social chinois, certains m\u00e9dias ont particip\u00e9 \u00e0 l\u2019amplification du ph\u00e9nom\u00e8ne.<\/strong><\/p>\n<div class=\"box-border flex flex-wrap justify-center w-full max-w-row bg-background-light dark:bg-background-dark py-6 sm:py-8 md:py-12\">\n<div class=\"container box-border max-w-container max-w-[720px] py-10 px-6 sm:py-8 sm:px-8 md:py-12 md:px-12\">\n<div class=\"text-content-900 dark:text-content-100 leading-loose prose md:prose-md lg:prose-lg\">\n<p>Plusieurs parents ont exprim\u00e9 leur inqui\u00e9tude sur les r\u00e9seaux sociaux et dans les m\u00e9dias concernant un nouveau d\u00e9fi qui circule sur TikTok, intitul\u00e9 \u00ab\u00a0Le Labello Challenge\u00a0\u00bb.<\/p>\n<p>C\u2019est le cas d\u2019Anthony, interrog\u00e9 par\u00a0<a href=\"https:\/\/www.rtl.be\/info\/vous\/temoignages\/-labello-challenge-le-nouveau-defi-tiktok-aux-consequences-desastreuses-qui-inquiete-les-parents-1374029.aspx\" target=\"_blank\" rel=\"noopener\">RTL<\/a>\u00a0: \u00ab\u00a0<em>Ils sont des centaines, ils font \u00e7a dans leur chambre, \u00e0 l\u2019abri du regard de leurs parents<\/em>.\u201d<\/p>\n<p>Sur Facebook, le compte \u201c<a href=\"https:\/\/www.facebook.com\/page\/1558588031071785\/search\/?q=labello\" target=\"_blank\" rel=\"noopener\">Je suis une Maman<\/a>\u201d, un groupe de partage de conseils destin\u00e9s aux m\u00e8res et qui rassemble plus de 500.000 membres, a \u00e9galement publi\u00e9 un message de pr\u00e9vention\u00a0: \u00ab\u00a0<em>Attention je tiens \u00e0 avertir tous les parents\u00a0d\u2019une nouvelle \u00ab\u00a0tendance\u00a0\u00bb sur les r\u00e9seaux sociaux, un jeu idiot et dangereux\u00a0!\u00a0\u00bb.<\/em><\/p>\n<p>Enfin, sur TikTok, plusieurs dizaines de vid\u00e9os,\u00a0<a href=\"https:\/\/archive.ph\/tgejI\" target=\"_blank\" rel=\"noopener\">dont celle-ci<\/a>\u00a0qui figure dans le \u201ctop\u201d des contenus les plus regard\u00e9s, circulent et mettent en sc\u00e8ne des parents inqui\u00e9t\u00e9s par le ph\u00e9nom\u00e8ne.<\/p>\n<\/div>\n<\/div>\n<\/div>\n<div class=\"box-border flex flex-wrap justify-center w-full max-w-row bg-background-light dark:bg-background-dark py-6 sm:py-8 md:py-12\">\n<div class=\"container box-border max-w-container max-w-[720px] py-10 px-6 sm:py-8 sm:px-8 md:py-12 md:px-12\">\n<div class=\"w-full grid grid-cols-1 p-16 md:p-20 bg-card-light dark:bg-card-dark rounded-md shadow-base\">\n<div class=\"relative w-full aspect-w-9 aspect-h-12\">\n<div class=\"w-full image_container__kL_7f\"><img class=\"\" src=\"https:\/\/ds.static.rtbf.be\/article\/image\/1920xAuto\/2\/2\/0\/471684d6c43cfc529b30d600113dae63-1652181228.png\" sizes=\"(min-width: 760px) 656px, calc(90.91vw - 17px)\" srcset=\"https:\/\/ds.static.rtbf.be\/article\/image\/180xAuto\/2\/2\/0\/471684d6c43cfc529b30d600113dae63-1652181228.png 180w, https:\/\/ds.static.rtbf.be\/article\/image\/370xAuto\/2\/2\/0\/471684d6c43cfc529b30d600113dae63-1652181228.png 370w, https:\/\/ds.static.rtbf.be\/article\/image\/770xAuto\/2\/2\/0\/471684d6c43cfc529b30d600113dae63-1652181228.png 770w, https:\/\/ds.static.rtbf.be\/article\/image\/1248xAuto\/2\/2\/0\/471684d6c43cfc529b30d600113dae63-1652181228.png 1248w, https:\/\/ds.static.rtbf.be\/article\/image\/1920xAuto\/2\/2\/0\/471684d6c43cfc529b30d600113dae63-1652181228.png 1920w\" alt=\"\" data-nimg=\"fill\" \/><\/div>\n<\/div>\n<div class=\"pt-16 dark:text-white\"><em><span class=\"text-14 italic font-normal leading-normal\">\u00a9 Tous droits r\u00e9serv\u00e9s<\/span><\/em><\/div>\n<\/div>\n<\/div>\n<\/div>\n<div><\/div>\n<div><strong>L\u2019effet limit\u00e9 du #LabelloChallenge<\/strong><\/div>\n<div>\n<div class=\"box-border flex flex-wrap justify-center w-full max-w-row bg-background-light dark:bg-background-dark py-6 sm:py-8 md:py-12\">\n<div class=\"container box-border max-w-container max-w-[720px] py-10 px-6 sm:py-8 sm:px-8 md:py-12 md:px-12\">\n<div class=\"text-content-900 dark:text-content-100 leading-loose prose md:prose-md lg:prose-lg\">\n<p>La plupart des vid\u00e9os apparaissant sur\u00a0TikTok en lien avec le \u00ab\u00a0Labello Challenge\u00a0\u00bb\u00a0sont\u00a0des contenus davantage ax\u00e9s sur\u00a0la pr\u00e9vention\u00a0ou mettent en sc\u00e8ne des jeunes qui ont tourn\u00e9\u00a0le d\u00e9fi en d\u00e9rision. \u00ab\u00a0<a href=\"https:\/\/www.tiktok.com\/@eva.tu.spam\/video\/7094212287338122502?is_copy_url=1&amp;is_from_webapp=v1&amp;q=labello%20challenge&amp;t=1652096264833\" target=\"_blank\" rel=\"noopener\">Faut pas faire \u00e7a<\/a>\u00ab\u00a0, \u00ab\u00a0<a href=\"https:\/\/www.tiktok.com\/@cassandra._.01\/video\/7090952972653366534?is_copy_url=1&amp;is_from_webapp=v1&amp;q=labello%20presque%20fini&amp;t=1652094567837\" target=\"_blank\" rel=\"noopener\">Je ne vais rien faire<\/a>\u00a0\u00bb\u00a0ou \u00ab\u00a0<a href=\"https:\/\/archive.ph\/gpNDW\" target=\"_blank\" rel=\"noopener\">Restez tranquille, j\u2019ai juste les l\u00e8vres tr\u00e8s gerc\u00e9es<\/a>\u00a0\u00bb\u00a0ont totalis\u00e9 plusieurs centaines de vues.<\/p>\n<p>La grande majorit\u00e9\u00a0des\u00a0<a href=\"https:\/\/www.tiktok.com\/@lemoy__757\/video\/7094459547284147462?is_copy_url=1&amp;is_from_webapp=v1&amp;q=labello&amp;t=1652096887924\" target=\"_blank\" rel=\"noopener\">commentaires<\/a>\u00a0en dessous des vid\u00e9os\u00a0d\u00e9noncent d\u2019ailleurs\u00a0le ph\u00e9nom\u00e8ne. \u00ab\u00a0<em>Le Labello Challenge \u00e9tait l\u00e0 depuis longtemps, il a juste pris de la visibilit\u00e9<\/em>\u00ab\u00a0, affirme un utilisateur de la plateforme. \u00ab\u00a0<em>Je n\u2019en ai jamais entendu parler\u00a0\u00bb<\/em>, indique un autre. \u00ab\u00a0<em>Il n\u2019y a que des vid\u00e9os de pr\u00e9vention, il n\u2019y a pas de vid\u00e9o (de personnes qui font vraiment le challenge, ndlr)<\/em>\u201d, constate un troisi\u00e8me TikTokeur.<\/p>\n<\/div>\n<\/div>\n<\/div>\n<div class=\"box-border flex flex-wrap justify-center w-full max-w-row bg-background-light dark:bg-background-dark py-6 sm:py-8 md:py-12\">\n<div class=\"container box-border max-w-container max-w-[720px] py-10 px-6 sm:py-8 sm:px-8 md:py-12 md:px-12\">\n<div class=\"text-content-900 dark:text-content-100 leading-loose prose md:prose-md lg:prose-lg\">\n<p><img class=\"alignnone wp-image-37558\" src=\"https:\/\/belux.edmo.eu\/wp-content\/uploads\/2022\/05\/Capture-decran-2022-05-09-143730-300x121.png\" alt=\"\" width=\"640\" height=\"258\" \/><\/p>\n<p><em>\u00a9 Capture d&rsquo;\u00e9cran TikTok.<\/em><\/p>\n<p>En effet, rares sont les contenus o\u00f9 des jeunes se filment et affirment qu\u2019ils\u00a0<em>\u00ab\u00a0rel\u00e8vent le d\u00e9fi\u00a0\u00bb\u00a0<\/em>en appliquant du baume sur leurs l\u00e8vres.<\/p>\n<p>Pour trouver des r\u00e9sultats plus pertinents, il faut entrer le terme anglais pour d\u00e9signer du baume \u00e0 l\u00e8vres\u00a0: \u00ab\u00a0Chapstick\u00a0\u00bb.<\/p>\n<p>Ainsi,\u00a0<a href=\"https:\/\/www.tiktok.com\/@chapstick_challlenge\/video\/7084360339575393542?is_copy_url=1&amp;is_from_webapp=v1\" target=\"_blank\" rel=\"noopener\">cette vid\u00e9o<\/a>\u00a0a \u00e9t\u00e9 aim\u00e9e pr\u00e8s de sept mille fois et comment\u00e9e par plus de mille utilisateurs. \u00ab\u00a0<em>C\u2019est tout ce qui rest<\/em>e\u00a0\u00bb\u00a0est le message qui surplombe une image montrant un \u00ab\u00a0Labello\u00a0\u00bb presque termin\u00e9.<\/p>\n<p>Par ailleurs, tr\u00e8s peu d\u2019information concernant l\u2019auteur et l\u2019origine de la publication sont disponibles. De plus, rien n\u2019indique que le jeune a r\u00e9ellement l\u2019intention de commettre un suicide.<\/p>\n<p><strong>La vuln\u00e9rabilit\u00e9 des jeunes en hausse<\/strong><\/p>\n<p>\u00ab\u00a0<em>Suite \u00e0 la m\u00e9diatisation de ce challenge, une communication a \u00e9t\u00e9 faite au sein de notre service mais aucune alerte n\u2019a \u00e9t\u00e9 rapport\u00e9e pour le moment<\/em>\u00ab\u00a0, explique Deborah Deseck, charg\u00e9e de communication du\u00a0<a href=\"https:\/\/www.preventionsuicide.be\/fr\/centre-de-pr%C3%A9vention-du-suicide.html\">Centre de pr\u00e9vention suicide<\/a>\u00a0en Belgique.<\/p>\n<p>Selon elle, le ph\u00e9nom\u00e8ne ne doit pas pour autant\u00a0\u00eatre minimis\u00e9\u00a0:\u00a0<em>\u00ab\u00a0Les jeunes sont de plus en plus vuln\u00e9rables et ce genre de challenges, qui revient de mani\u00e8re cyclique, est une preuve qu\u2019ils cherchent \u00e0 se tester et se mettre au d\u00e9fi, y compris \u00e0 mettre leur vie en danger.<\/em>\u00a0\u00bb<\/p>\n<p>Depuis\u00a02020, le Centre de pr\u00e9vention suicide accueille un nouveau public sur ses lignes d\u2019\u00e9coute, celui des jeunes\u00a0: \u00ab\u00a0<em>Cela s\u2019explique, entre autres, par leur isolation durant la p\u00e9riode de confinement, o\u00f9 ils \u00e9taient coup\u00e9s de leur environnement social.\u00a0\u00bb<\/em><\/p>\n<p>Deborah Deseck insiste sur l\u2019importance du dialogue avec\u00a0les jeunes et de la mani\u00e8re dont le d\u00e9fi est m\u00e9diatis\u00e9\u00a0: \u00ab\u00a0<em>Il faut parler de mani\u00e8re juste et proportionn\u00e9e, en rappelant qu\u2019un suivi existe via notre ligne d\u2019\u00e9coute\u00a0: 0800\u00a032 123.<\/em>\u00a0\u00bb<\/p>\n<p><strong>L\u2019importance de la pr\u00e9vention<\/strong><\/p>\n<p>La position du\u00a0<a href=\"https:\/\/www.preventionsuicide.be\/fr\/centre-de-pr%C3%A9vention-du-suicide.html\">Centre de pr\u00e9vention suicide<\/a>\u00a0rejoint celle du\u00a0psychop\u00e9dagogue\u00a0Bruno Humbeeck\u00a0: \u00ab\u00a0<em>Il y a deux mani\u00e8res de traiter l\u2019information\u00a0: soit les m\u00e9dias n\u2019en parlent pas mais prennent le risque de ne pas relayer un enjeu important, soit ils en parlent en insistant sur le &lsquo;d\u00e9montage des m\u00e9canismes&rsquo;<\/em>.\u00a0\u00bb<\/p>\n<p>Bruno Humbeeck d\u00e9crit ces m\u00e9canismes comme une sorte de sc\u00e9nario dans lequel le jeune s\u2019enferme et qu\u2019il doit suivre \u00e0 tout prix\u00a0: \u00ab\u00a0<em>Par ce genre de d\u00e9fi, l\u2019adolescent met en jeu son identit\u00e9. S\u2019il sort du sc\u00e9nario, c\u2019est comme s\u2019il perdait la face devant ses camarades.<\/em>\u00a0\u00bb Le psychologue poursuit\u00a0: \u00ab\u00a0<em>Le jeune ne peut sortir de ce sc\u00e9nario que si une personne ext\u00e9rieure ne l\u2019y autorise, comme un adulte par exemple, par le biais de la pr\u00e9vention.<\/em>\u00a0\u00bb<\/p>\n<p>Le\u00a0psychop\u00e9dagogue\u00a0souligne ainsi l\u2019importance du r\u00f4le des parents\u00a0: \u00ab\u00a0<em>Il est important que les adultes s\u2019int\u00e9ressent \u00e0 ce que leurs ados font sur leur smartphone et qu\u2019ils puissent se montrer disponibles sans \u00eatre envahissant. Pour autant, il ne faut pas diaboliser les r\u00e9seaux sociaux et leur interdire l\u2019usage de tels outils.<\/em>\u00a0\u00bb<\/p>\n<p><em>In fine<\/em>, Bruno Humbeeck estime que le\u00a0r\u00f4le des m\u00e9dias est de sensibiliser le jeune public aux\u00a0d\u00e9rives possibles de TikTok en\u00a0d\u00e9construisant\u00a0les m\u00e9canismes de tels d\u00e9fis\u00a0: \u00ab\u00a0<em>Pour le moment, on a cr\u00e9\u00e9\u00a0un ph\u00e9nom\u00e8ne d\u2019attention mais pas encore un ph\u00e9nom\u00e8ne de pr\u00e9vention<\/em>\u00ab\u00a0.<\/p>\n<p><strong>Les nouvelles r\u00e8gles du \u201cjeu du Labello\u201d<\/strong><\/p>\n<p>Face au risque que repr\u00e9sente ce challenge, dans l\u2019espace des commentaires, une phrase est \u00e9pingl\u00e9e presque syst\u00e9matiquement par des utilisateurs\u00a0: \u00ab\u00a0<em>Nouvelles r\u00e8gles du jeu du Labello\u00a0: mets-toi du Labello chaque fois que tu te sens heureuse. Quand tu as fini ton tube, sois fi\u00e8re de toi<\/em><em>.\u00a0\u00bb<\/em><\/p>\n<p>D\u2019autres encore ont d\u00e9cid\u00e9 de transformer le concept et incitent les utilisateurs \u00ab\u00a0\u00e0 faire un v\u0153u\u00a0\u00bb\u00a0une fois que le tube de Labello est \u00e9puis\u00e9.<\/p>\n<p>Dans un autre registre,\u00a0<a href=\"https:\/\/www.tiktok.com\/@hoshi._.29\/video\/7095427304679017733?is_copy_url=1&amp;is_from_webapp=v1&amp;lang=fr&amp;q=labello%20crush&amp;t=1652106180953\" target=\"_blank\" rel=\"noopener\">cette vid\u00e9o TikTok<\/a>\u00a0propose de r\u00e9inventer le challenge\u00a0: \u00ab\u00a0<em>Mets-toi du Labello jusqu\u2019\u00e0 ce qu\u2019il soit vide, une fois qu\u2019il est vide, avoue tes sentiments \u00e0 ton crush (la personne pour laquelle tu \u00e9prouves des sentiments, ndlr).<\/em>\u201d<\/p>\n<p>Enfin, d\u2019autres utilisateurs proposent simplement d\u2019acheter un nouveau baume \u00e0 l\u00e8vres.<\/p>\n<p><strong>A l\u2019origine, le \u201cLabello Kiss Challenge\u201d<\/strong><\/p>\n<p>Le Labello Challenge n\u2019est pas un ph\u00e9nom\u00e8ne r\u00e9cent. Au d\u00e9part, le d\u00e9fi consistait \u00e0 faire deviner \u00e0 un ami le go\u00fbt du baume \u00e0 l\u00e8vres par l\u2019\u00e9change d\u2019un baiser sur la bouche.\u00a0On l\u2019appelle le \u00ab\u00a0Labello Kiss Challenge\u00a0\u00bb.<\/p>\n<p>A l\u2019heure o\u00f9 nous \u00e9crivons ces lignes, le #LabelloKissChallenge a une viralit\u00e9 beaucoup plus grande (avec\u00a0<a href=\"https:\/\/www.tiktok.com\/tag\/labellokisschallenge\" target=\"_blank\" rel=\"noopener\">36,7\u00a0millions de vues<\/a>) que le #LabelloChallenge (<a href=\"https:\/\/www.tiktok.com\/tag\/labellochallenge\" target=\"_blank\" rel=\"noopener\">10\u00a0millions de vues<\/a>). De plus, la majorit\u00e9 des contenus publi\u00e9s sont des vid\u00e9os de pr\u00e9vention.<\/p>\n<p><strong>D\u2019autres challenges \u00ab\u00a0dangereux\u00a0\u00bb m\u00e9diatis\u00e9s par le pass\u00e9<\/strong><\/p>\n<p>En\u00a02019, le \u00ab\u00a0<a href=\"https:\/\/www.rtbf.be\/article\/pourquoi-il-faut-arreter-avec-la-psychose-du-momo-challenge-10162978\" target=\"_blank\" rel=\"noopener\">Momo Challenge<\/a>\u00a0\u00bb avait fait l\u2019objet d\u2019une attention m\u00e9diatique particuli\u00e8re en raison de sa dangerosit\u00e9.<\/p>\n<p>Momo est une cr\u00e9ature qui s\u2019inspire d\u2019une sculpture r\u00e9alis\u00e9e par Miori Hayashi, un artiste japonais. Le jeu consiste \u00e0 entrer un \u00ab\u00a0num\u00e9ro maudit Whatsapp\u00a0\u00bb afin de parler avec une cr\u00e9ature \u00ab\u00a0hideuse\u00a0\u00bb et \u00ab\u00a0anxiog\u00e8ne\u00a0\u00bb qui incite \u00e0 l\u2019automutilation ou au suicide.<\/p>\n<p><a href=\"https:\/\/www.rtbf.be\/article\/pourquoi-il-faut-arreter-avec-la-psychose-du-momo-challenge-10162978\">Cet article de la RTBF<\/a>\u00a0publi\u00e9 en mars\u00a02019 indique que la police n\u2019avait, \u00e0 l\u2019\u00e9poque, recens\u00e9 aucune victime li\u00e9e\u00a0\u00e0 ce challenge en Belgique.<\/p>\n<p>A l\u2019\u00e9tranger, le quotidien britannique\u00a0<a href=\"https:\/\/www.theguardian.com\/technology\/2019\/feb\/28\/viral-momo-challenge-is-a-malicious-hoax-say-charities\" target=\"_blank\" rel=\"noopener\">The Guardian<\/a>\u00a0avait d\u00e9nonc\u00e9 la surm\u00e9diatisation du ph\u00e9nom\u00e8ne\u00a0: \u00ab\u00a0<em>L\u2019importante m\u00e9diatisation de l\u2019histoire a cr\u00e9\u00e9 une panique qui peut toucher les plus vuln\u00e9rables<\/em>\u00ab\u00a0.<\/p>\n<p>Plus t\u00f4t, en\u00a02016, le \u00ab\u00a0<a href=\"https:\/\/www.lemonde.fr\/pixels\/article\/2017\/03\/15\/blue-whale-challenge-itineraire-d-une-legende-urbaine-sur-internet_5094540_4408996.html\">Blue Whale Challenge<\/a>\u00a0\u00bb (en fran\u00e7ais\u00a0: le d\u00e9fi de la baleine bleue) \u00e9tait soup\u00e7onn\u00e9 d\u2019\u00eatre \u00e0 l\u2019origine de plusieurs accidents et suicides, notamment chez les adolescents. Enr\u00f4l\u00e9 par un \u00ab\u00a0tuteur\u00a0\u00bb, le joueur devait r\u00e9aliser un d\u00e9fi chaque jour pendant 50 jours, le dernier d\u00e9fi \u00e9tant le suicide.<\/p>\n<p>La\u00a0<a href=\"https:\/\/www.police.be\/5299\/actualites\/blue-whale-challenge-un-nouveau-challenge-en-ligne-qui-pousse-les-ados-au-suicide\" target=\"_blank\" rel=\"noopener\">police<\/a>\u00a0et les m\u00e9dias, dont la\u00a0<a href=\"https:\/\/www.rtbf.be\/article\/le-blue-whale-challenge-le-desespoir-des-baleines-9566336\">RTBF<\/a>, s\u2019\u00e9taient empar\u00e9s de l\u2019information en pr\u00f4nant la pr\u00e9vention. Un article de\u00a0<a href=\"https:\/\/www.liberation.fr\/france\/2017\/03\/31\/blue-whale-challenge-la-fabrique-de-la-rumeur_1559868\/\">Lib\u00e9ration<\/a>\u00a0rapportait \u00e0 l\u2019\u00e9poque qu\u2019aucune victime n\u2019\u00e9tait \u00e0 d\u00e9plorer en France.\u00a0Le quotidien fran\u00e7ais d\u00e9cryptait alors comment ce jeu originaire de Russie\u00a0avait pris de l\u2019ampleur en raison de\u00a0l\u2019emballement m\u00e9diatique.<\/p>\n<p><strong>Les m\u00e9dias participent \u00e0 la viralit\u00e9 du ph\u00e9nom\u00e8ne<\/strong><\/p>\n<p>Journaliste \u00e0 la VRT et pour Knack, Rien Emmery, sp\u00e9cialiste des questions relatives \u00e0 la d\u00e9sinformation, fait un parall\u00e8le entre le Labello challenge et les\u00a0<em>Momo\u00a0<\/em>et\u00a0<em>Blue Whale Challenges<\/em>\u00a0:\u00a0\u00ab\u00a0<em>Habituellement, ces &lsquo;jeux dangereux&rsquo;\u00a0ne deviennent vraiment viraux que lorsque les m\u00e9dias en parlent. Le ton des reportages des m\u00e9dias est donc important. En outre, une trop grande attention port\u00e9e \u00e0 ces all\u00e9gations peut d\u00e9tourner l\u2019attention de ph\u00e9nom\u00e8nes qui ont effectivement un impact sur la vie en ligne des jeunes \u2013 allant de la pornographie de vengeance (ou Porn Revenge) \u00e0 la cyberintimidation.\u00a0\u00bb<\/em><\/p>\n<p>Pour autant, il estime qu\u2019il ne s\u2019agit pas de d\u00e9sinformation\u00a0: \u00ab\u00a0<em>L\u2019inqui\u00e9tude, elle-m\u00eame, est r\u00e9elle. Bien entendu, il est important que les m\u00e9dias, dans la mesure du possible, apaisent ces inqui\u00e9tudes. Internet n\u2019est pas toujours un endroit s\u00fbr pour les enfants, mais il y a une diff\u00e9rence entre les dangers r\u00e9els et la &lsquo;panique morale&rsquo; face \u00e0 certains ph\u00e9nom\u00e8nes viraux.<\/em>\u00a0\u00bb<\/p>\n<p><strong>Une couverture m\u00e9diatique disproportionn\u00e9e<\/strong><\/p>\n<p>A l\u2019image des Momo Challenge et Blue Whale Challenge, le \u00ab\u00a0Jeu du Labello\u00a0\u00bb, ce ph\u00e9nom\u00e8ne marginal dont l\u2019existence d\u2019aucune victime n\u2019a pu \u00eatre rapport\u00e9e, a fait l\u2019objet d\u2019une attention m\u00e9diatique parfois disproportionn\u00e9e.<\/p>\n<p>Enfin, les sp\u00e9cialistes interrog\u00e9s \u00e0 ce sujet estiment qu\u2019il ne faut pas, pour autant, minimiser\u00a0l\u2019impact de ce d\u00e9fi sur\u00a0les jeunes. Ils insistent sur l\u2019importance de la pr\u00e9vention et du dialogue.<\/p>\n<hr \/>\n<p><em>Toute personne ayant des id\u00e9es suicidaires peut contacter la\u00a0<strong>ligne d\u2019\u00e9coute du Centre de Pr\u00e9vention du Suicide au 0800 32 123<\/strong>\u00a0(elle est anonyme, gratuite et disponible 24\u00a0heures\/24) ou se rendre sur le site\u00a0<a href=\"https:\/\/www.preventionsuicide.be\/\" target=\"_blank\" rel=\"noopener\">preventionsuicide.be<\/a>.<\/em><\/p>\n<\/div>\n<\/div>\n<\/div>\n<\/div>\n","protected":false},"excerpt":{"rendered":"<p>Ces derniers jours, de nombreux m\u00e9dias belges et fran\u00e7ais ont mis en garde contre la \u00ab\u00a0dangerosit\u00e9\u00a0\u00bb\u00a0du \u00ab\u00a0Labello&#8230;<\/p>\n","protected":false},"author":1,"featured_media":37549,"comment_status":"closed","ping_status":"open","sticky":false,"template":"","format":"standard","meta":{"_acf_changed":false,"footnotes":""},"categories":[125,129,138],"tags":[],"class_list":{"0":"post-37554","1":"post","2":"type-post","3":"status-publish","4":"format-standard","5":"has-post-thumbnail","7":"category-fact-check-fr","8":"category-sante","9":"category-societe"},"acf":{"show_metatags":true,"authors":"Laura Dubois","organization":"RTBF","featured_image_copyright":"Getty Images","text_copyright":"Copyright: (C)RTBF Radio, Television Belge Francophone, plus d'infos: https:\/\/www.rtbf.be\/cgu\/","source":"https:\/\/www.rtbf.be\/article\/labello-challenge-l-inquietude-autour-du-nouveau-defi-tiktok-des-jeunes-est-a-relativiser-10990144","fact_checker":"https:\/\/belux.wpengine.com\/wp-content\/uploads\/2022\/01\/rtbf-logo.jpg","id":"","fact_checker_logo_image":false},"yoast_head":"<!-- This site is optimized with the Yoast SEO plugin v27.0 - https:\/\/yoast.com\/product\/yoast-seo-wordpress\/ -->\n<title>Labello Challenge\u00a0: l\u2019inqui\u00e9tude autour du nouveau d\u00e9fi TikTok des jeunes est \u00e0 relativiser - EDMO Belux<\/title>\n<meta name=\"robots\" content=\"index, follow, max-snippet:-1, max-image-preview:large, max-video-preview:-1\" \/>\n<link rel=\"canonical\" href=\"https:\/\/belux.edmo.eu\/fr\/labello-challenge-linquitude-autour-du-nouveau-dfi-tiktok-des-jeunes-est-relativiser\/\" \/>\n<meta property=\"og:locale\" content=\"fr_FR\" \/>\n<meta property=\"og:type\" content=\"article\" \/>\n<meta property=\"og:title\" content=\"Labello Challenge\u00a0: l\u2019inqui\u00e9tude autour du nouveau d\u00e9fi TikTok des jeunes est \u00e0 relativiser - EDMO Belux\" \/>\n<meta property=\"og:description\" content=\"Ces derniers jours, de nombreux m\u00e9dias belges et fran\u00e7ais ont mis en garde contre la &quot;dangerosit\u00e9&quot;\u00a0du &quot;Labello...\" \/>\n<meta property=\"og:url\" content=\"https:\/\/belux.edmo.eu\/fr\/labello-challenge-linquitude-autour-du-nouveau-dfi-tiktok-des-jeunes-est-relativiser\/\" \/>\n<meta property=\"og:site_name\" content=\"EDMO Belux\" \/>\n<meta property=\"article:published_time\" content=\"2022-05-11T12:13:10+00:00\" \/>\n<meta property=\"article:modified_time\" content=\"2022-05-11T16:06:41+00:00\" \/>\n<meta property=\"og:image\" content=\"https:\/\/belux.edmo.eu\/wp-content\/uploads\/2022\/05\/de73998802680548b916f1947ffbad76-1652258726.jpg\" \/>\n\t<meta property=\"og:image:width\" content=\"770\" \/>\n\t<meta property=\"og:image:height\" content=\"433\" \/>\n\t<meta property=\"og:image:type\" content=\"image\/jpeg\" \/>\n<meta name=\"author\" content=\"master\" \/>\n<meta name=\"twitter:card\" content=\"summary_large_image\" \/>\n<meta name=\"twitter:creator\" content=\"@Edmo_Belux\" \/>\n<meta name=\"twitter:site\" content=\"@Edmo_Belux\" \/>\n<meta name=\"twitter:label1\" content=\"\u00c9crit par\" \/>\n\t<meta name=\"twitter:data1\" content=\"master\" \/>\n\t<meta name=\"twitter:label2\" content=\"Dur\u00e9e de lecture estim\u00e9e\" \/>\n\t<meta name=\"twitter:data2\" content=\"9 minutes\" \/>\n<script type=\"application\/ld+json\" class=\"yoast-schema-graph\">{\"@context\":\"https:\/\/schema.org\",\"@graph\":[{\"@type\":\"Article\",\"@id\":\"https:\/\/belux.edmo.eu\/fr\/labello-challenge-linquitude-autour-du-nouveau-dfi-tiktok-des-jeunes-est-relativiser\/#article\",\"isPartOf\":{\"@id\":\"https:\/\/belux.edmo.eu\/fr\/labello-challenge-linquitude-autour-du-nouveau-dfi-tiktok-des-jeunes-est-relativiser\/\"},\"author\":{\"name\":\"master\",\"@id\":\"https:\/\/belux.edmo.eu\/#\/schema\/person\/dbe3b252258537fd318f9b5645a30342\"},\"headline\":\"Labello Challenge\u00a0: l\u2019inqui\u00e9tude autour du nouveau d\u00e9fi TikTok des jeunes est \u00e0 relativiser\",\"datePublished\":\"2022-05-11T12:13:10+00:00\",\"dateModified\":\"2022-05-11T16:06:41+00:00\",\"mainEntityOfPage\":{\"@id\":\"https:\/\/belux.edmo.eu\/fr\/labello-challenge-linquitude-autour-du-nouveau-dfi-tiktok-des-jeunes-est-relativiser\/\"},\"wordCount\":1842,\"publisher\":{\"@id\":\"https:\/\/belux.edmo.eu\/#organization\"},\"image\":{\"@id\":\"https:\/\/belux.edmo.eu\/fr\/labello-challenge-linquitude-autour-du-nouveau-dfi-tiktok-des-jeunes-est-relativiser\/#primaryimage\"},\"thumbnailUrl\":\"https:\/\/belux.edmo.eu\/wp-content\/uploads\/2022\/05\/de73998802680548b916f1947ffbad76-1652258726.jpg\",\"articleSection\":[\"Fact-Check\",\"Sante\",\"Societe\"],\"inLanguage\":\"fr-FR\"},{\"@type\":\"WebPage\",\"@id\":\"https:\/\/belux.edmo.eu\/fr\/labello-challenge-linquitude-autour-du-nouveau-dfi-tiktok-des-jeunes-est-relativiser\/\",\"url\":\"https:\/\/belux.edmo.eu\/fr\/labello-challenge-linquitude-autour-du-nouveau-dfi-tiktok-des-jeunes-est-relativiser\/\",\"name\":\"Labello Challenge\u00a0: l\u2019inqui\u00e9tude autour du nouveau d\u00e9fi TikTok des jeunes est \u00e0 relativiser - EDMO Belux\",\"isPartOf\":{\"@id\":\"https:\/\/belux.edmo.eu\/#website\"},\"primaryImageOfPage\":{\"@id\":\"https:\/\/belux.edmo.eu\/fr\/labello-challenge-linquitude-autour-du-nouveau-dfi-tiktok-des-jeunes-est-relativiser\/#primaryimage\"},\"image\":{\"@id\":\"https:\/\/belux.edmo.eu\/fr\/labello-challenge-linquitude-autour-du-nouveau-dfi-tiktok-des-jeunes-est-relativiser\/#primaryimage\"},\"thumbnailUrl\":\"https:\/\/belux.edmo.eu\/wp-content\/uploads\/2022\/05\/de73998802680548b916f1947ffbad76-1652258726.jpg\",\"datePublished\":\"2022-05-11T12:13:10+00:00\",\"dateModified\":\"2022-05-11T16:06:41+00:00\",\"breadcrumb\":{\"@id\":\"https:\/\/belux.edmo.eu\/fr\/labello-challenge-linquitude-autour-du-nouveau-dfi-tiktok-des-jeunes-est-relativiser\/#breadcrumb\"},\"inLanguage\":\"fr-FR\",\"potentialAction\":[{\"@type\":\"ReadAction\",\"target\":[\"https:\/\/belux.edmo.eu\/fr\/labello-challenge-linquitude-autour-du-nouveau-dfi-tiktok-des-jeunes-est-relativiser\/\"]}]},{\"@type\":\"ImageObject\",\"inLanguage\":\"fr-FR\",\"@id\":\"https:\/\/belux.edmo.eu\/fr\/labello-challenge-linquitude-autour-du-nouveau-dfi-tiktok-des-jeunes-est-relativiser\/#primaryimage\",\"url\":\"https:\/\/belux.edmo.eu\/wp-content\/uploads\/2022\/05\/de73998802680548b916f1947ffbad76-1652258726.jpg\",\"contentUrl\":\"https:\/\/belux.edmo.eu\/wp-content\/uploads\/2022\/05\/de73998802680548b916f1947ffbad76-1652258726.jpg\",\"width\":770,\"height\":433,\"caption\":\"Labello Challenge\u00a0: l\u2019inqui\u00e9tude autour du nouveau d\u00e9fi TikTok des jeunes est \u00e0 relativiser - Featured image\"},{\"@type\":\"BreadcrumbList\",\"@id\":\"https:\/\/belux.edmo.eu\/fr\/labello-challenge-linquitude-autour-du-nouveau-dfi-tiktok-des-jeunes-est-relativiser\/#breadcrumb\",\"itemListElement\":[{\"@type\":\"ListItem\",\"position\":1,\"name\":\"Home\",\"item\":\"https:\/\/belux.edmo.eu\/fr\/\"},{\"@type\":\"ListItem\",\"position\":2,\"name\":\"Labello Challenge\u00a0: l\u2019inqui\u00e9tude autour du nouveau d\u00e9fi TikTok des jeunes est \u00e0 relativiser\"}]},{\"@type\":\"WebSite\",\"@id\":\"https:\/\/belux.edmo.eu\/#website\",\"url\":\"https:\/\/belux.edmo.eu\/\",\"name\":\"EDMO Belux\",\"description\":\"Monitoring Disinformation in Belgium and Luxembourg\",\"publisher\":{\"@id\":\"https:\/\/belux.edmo.eu\/#organization\"},\"potentialAction\":[{\"@type\":\"SearchAction\",\"target\":{\"@type\":\"EntryPoint\",\"urlTemplate\":\"https:\/\/belux.edmo.eu\/?s={search_term_string}\"},\"query-input\":{\"@type\":\"PropertyValueSpecification\",\"valueRequired\":true,\"valueName\":\"search_term_string\"}}],\"inLanguage\":\"fr-FR\"},{\"@type\":\"Organization\",\"@id\":\"https:\/\/belux.edmo.eu\/#organization\",\"name\":\"EDMO Belux\",\"url\":\"https:\/\/belux.edmo.eu\/\",\"logo\":{\"@type\":\"ImageObject\",\"inLanguage\":\"fr-FR\",\"@id\":\"https:\/\/belux.edmo.eu\/#\/schema\/logo\/image\/\",\"url\":\"https:\/\/belux.edmo.eu\/wp-content\/uploads\/2021\/12\/belux-logo-full-color-rgb.svg\",\"contentUrl\":\"https:\/\/belux.edmo.eu\/wp-content\/uploads\/2021\/12\/belux-logo-full-color-rgb.svg\",\"width\":1,\"height\":1,\"caption\":\"EDMO Belux\"},\"image\":{\"@id\":\"https:\/\/belux.edmo.eu\/#\/schema\/logo\/image\/\"},\"sameAs\":[\"https:\/\/x.com\/Edmo_Belux\"]},{\"@type\":\"Person\",\"@id\":\"https:\/\/belux.edmo.eu\/#\/schema\/person\/dbe3b252258537fd318f9b5645a30342\",\"name\":\"master\",\"sameAs\":[\"https:\/\/belux.wpengine.com\"],\"url\":\"https:\/\/belux.edmo.eu\/fr\/author\/master\/\"}]}<\/script>\n<!-- \/ Yoast SEO plugin. -->","yoast_head_json":{"title":"Labello Challenge\u00a0: l\u2019inqui\u00e9tude autour du nouveau d\u00e9fi TikTok des jeunes est \u00e0 relativiser - EDMO Belux","robots":{"index":"index","follow":"follow","max-snippet":"max-snippet:-1","max-image-preview":"max-image-preview:large","max-video-preview":"max-video-preview:-1"},"canonical":"https:\/\/belux.edmo.eu\/fr\/labello-challenge-linquitude-autour-du-nouveau-dfi-tiktok-des-jeunes-est-relativiser\/","og_locale":"fr_FR","og_type":"article","og_title":"Labello Challenge\u00a0: l\u2019inqui\u00e9tude autour du nouveau d\u00e9fi TikTok des jeunes est \u00e0 relativiser - EDMO Belux","og_description":"Ces derniers jours, de nombreux m\u00e9dias belges et fran\u00e7ais ont mis en garde contre la \"dangerosit\u00e9\"\u00a0du \"Labello...","og_url":"https:\/\/belux.edmo.eu\/fr\/labello-challenge-linquitude-autour-du-nouveau-dfi-tiktok-des-jeunes-est-relativiser\/","og_site_name":"EDMO Belux","article_published_time":"2022-05-11T12:13:10+00:00","article_modified_time":"2022-05-11T16:06:41+00:00","og_image":[{"width":770,"height":433,"url":"https:\/\/belux.edmo.eu\/wp-content\/uploads\/2022\/05\/de73998802680548b916f1947ffbad76-1652258726.jpg","type":"image\/jpeg"}],"author":"master","twitter_card":"summary_large_image","twitter_creator":"@Edmo_Belux","twitter_site":"@Edmo_Belux","twitter_misc":{"\u00c9crit par":"master","Dur\u00e9e de lecture estim\u00e9e":"9 minutes"},"schema":{"@context":"https:\/\/schema.org","@graph":[{"@type":"Article","@id":"https:\/\/belux.edmo.eu\/fr\/labello-challenge-linquitude-autour-du-nouveau-dfi-tiktok-des-jeunes-est-relativiser\/#article","isPartOf":{"@id":"https:\/\/belux.edmo.eu\/fr\/labello-challenge-linquitude-autour-du-nouveau-dfi-tiktok-des-jeunes-est-relativiser\/"},"author":{"name":"master","@id":"https:\/\/belux.edmo.eu\/#\/schema\/person\/dbe3b252258537fd318f9b5645a30342"},"headline":"Labello Challenge\u00a0: l\u2019inqui\u00e9tude autour du nouveau d\u00e9fi TikTok des jeunes est \u00e0 relativiser","datePublished":"2022-05-11T12:13:10+00:00","dateModified":"2022-05-11T16:06:41+00:00","mainEntityOfPage":{"@id":"https:\/\/belux.edmo.eu\/fr\/labello-challenge-linquitude-autour-du-nouveau-dfi-tiktok-des-jeunes-est-relativiser\/"},"wordCount":1842,"publisher":{"@id":"https:\/\/belux.edmo.eu\/#organization"},"image":{"@id":"https:\/\/belux.edmo.eu\/fr\/labello-challenge-linquitude-autour-du-nouveau-dfi-tiktok-des-jeunes-est-relativiser\/#primaryimage"},"thumbnailUrl":"https:\/\/belux.edmo.eu\/wp-content\/uploads\/2022\/05\/de73998802680548b916f1947ffbad76-1652258726.jpg","articleSection":["Fact-Check","Sante","Societe"],"inLanguage":"fr-FR"},{"@type":"WebPage","@id":"https:\/\/belux.edmo.eu\/fr\/labello-challenge-linquitude-autour-du-nouveau-dfi-tiktok-des-jeunes-est-relativiser\/","url":"https:\/\/belux.edmo.eu\/fr\/labello-challenge-linquitude-autour-du-nouveau-dfi-tiktok-des-jeunes-est-relativiser\/","name":"Labello Challenge\u00a0: l\u2019inqui\u00e9tude autour du nouveau d\u00e9fi TikTok des jeunes est \u00e0 relativiser - EDMO Belux","isPartOf":{"@id":"https:\/\/belux.edmo.eu\/#website"},"primaryImageOfPage":{"@id":"https:\/\/belux.edmo.eu\/fr\/labello-challenge-linquitude-autour-du-nouveau-dfi-tiktok-des-jeunes-est-relativiser\/#primaryimage"},"image":{"@id":"https:\/\/belux.edmo.eu\/fr\/labello-challenge-linquitude-autour-du-nouveau-dfi-tiktok-des-jeunes-est-relativiser\/#primaryimage"},"thumbnailUrl":"https:\/\/belux.edmo.eu\/wp-content\/uploads\/2022\/05\/de73998802680548b916f1947ffbad76-1652258726.jpg","datePublished":"2022-05-11T12:13:10+00:00","dateModified":"2022-05-11T16:06:41+00:00","breadcrumb":{"@id":"https:\/\/belux.edmo.eu\/fr\/labello-challenge-linquitude-autour-du-nouveau-dfi-tiktok-des-jeunes-est-relativiser\/#breadcrumb"},"inLanguage":"fr-FR","potentialAction":[{"@type":"ReadAction","target":["https:\/\/belux.edmo.eu\/fr\/labello-challenge-linquitude-autour-du-nouveau-dfi-tiktok-des-jeunes-est-relativiser\/"]}]},{"@type":"ImageObject","inLanguage":"fr-FR","@id":"https:\/\/belux.edmo.eu\/fr\/labello-challenge-linquitude-autour-du-nouveau-dfi-tiktok-des-jeunes-est-relativiser\/#primaryimage","url":"https:\/\/belux.edmo.eu\/wp-content\/uploads\/2022\/05\/de73998802680548b916f1947ffbad76-1652258726.jpg","contentUrl":"https:\/\/belux.edmo.eu\/wp-content\/uploads\/2022\/05\/de73998802680548b916f1947ffbad76-1652258726.jpg","width":770,"height":433,"caption":"Labello Challenge\u00a0: l\u2019inqui\u00e9tude autour du nouveau d\u00e9fi TikTok des jeunes est \u00e0 relativiser - Featured image"},{"@type":"BreadcrumbList","@id":"https:\/\/belux.edmo.eu\/fr\/labello-challenge-linquitude-autour-du-nouveau-dfi-tiktok-des-jeunes-est-relativiser\/#breadcrumb","itemListElement":[{"@type":"ListItem","position":1,"name":"Home","item":"https:\/\/belux.edmo.eu\/fr\/"},{"@type":"ListItem","position":2,"name":"Labello Challenge\u00a0: l\u2019inqui\u00e9tude autour du nouveau d\u00e9fi TikTok des jeunes est \u00e0 relativiser"}]},{"@type":"WebSite","@id":"https:\/\/belux.edmo.eu\/#website","url":"https:\/\/belux.edmo.eu\/","name":"EDMO Belux","description":"Monitoring Disinformation in Belgium and Luxembourg","publisher":{"@id":"https:\/\/belux.edmo.eu\/#organization"},"potentialAction":[{"@type":"SearchAction","target":{"@type":"EntryPoint","urlTemplate":"https:\/\/belux.edmo.eu\/?s={search_term_string}"},"query-input":{"@type":"PropertyValueSpecification","valueRequired":true,"valueName":"search_term_string"}}],"inLanguage":"fr-FR"},{"@type":"Organization","@id":"https:\/\/belux.edmo.eu\/#organization","name":"EDMO Belux","url":"https:\/\/belux.edmo.eu\/","logo":{"@type":"ImageObject","inLanguage":"fr-FR","@id":"https:\/\/belux.edmo.eu\/#\/schema\/logo\/image\/","url":"https:\/\/belux.edmo.eu\/wp-content\/uploads\/2021\/12\/belux-logo-full-color-rgb.svg","contentUrl":"https:\/\/belux.edmo.eu\/wp-content\/uploads\/2021\/12\/belux-logo-full-color-rgb.svg","width":1,"height":1,"caption":"EDMO Belux"},"image":{"@id":"https:\/\/belux.edmo.eu\/#\/schema\/logo\/image\/"},"sameAs":["https:\/\/x.com\/Edmo_Belux"]},{"@type":"Person","@id":"https:\/\/belux.edmo.eu\/#\/schema\/person\/dbe3b252258537fd318f9b5645a30342","name":"master","sameAs":["https:\/\/belux.wpengine.com"],"url":"https:\/\/belux.edmo.eu\/fr\/author\/master\/"}]}},"menu_order":0,"_links":{"self":[{"href":"https:\/\/belux.edmo.eu\/fr\/wp-json\/wp\/v2\/posts\/37554","targetHints":{"allow":["GET"]}}],"collection":[{"href":"https:\/\/belux.edmo.eu\/fr\/wp-json\/wp\/v2\/posts"}],"about":[{"href":"https:\/\/belux.edmo.eu\/fr\/wp-json\/wp\/v2\/types\/post"}],"author":[{"embeddable":true,"href":"https:\/\/belux.edmo.eu\/fr\/wp-json\/wp\/v2\/users\/1"}],"replies":[{"embeddable":true,"href":"https:\/\/belux.edmo.eu\/fr\/wp-json\/wp\/v2\/comments?post=37554"}],"version-history":[{"count":0,"href":"https:\/\/belux.edmo.eu\/fr\/wp-json\/wp\/v2\/posts\/37554\/revisions"}],"wp:featuredmedia":[{"embeddable":true,"href":"https:\/\/belux.edmo.eu\/fr\/wp-json\/wp\/v2\/media\/37549"}],"wp:attachment":[{"href":"https:\/\/belux.edmo.eu\/fr\/wp-json\/wp\/v2\/media?parent=37554"}],"wp:term":[{"taxonomy":"category","embeddable":true,"href":"https:\/\/belux.edmo.eu\/fr\/wp-json\/wp\/v2\/categories?post=37554"},{"taxonomy":"post_tag","embeddable":true,"href":"https:\/\/belux.edmo.eu\/fr\/wp-json\/wp\/v2\/tags?post=37554"}],"curies":[{"name":"wp","href":"https:\/\/api.w.org\/{rel}","templated":true}]}}