{"id":37670,"date":"2022-05-12T08:33:34","date_gmt":"2022-05-12T08:33:34","guid":{"rendered":"https:\/\/belux.wpengine.com\/?p=37670"},"modified":"2022-06-30T12:44:54","modified_gmt":"2022-06-30T12:44:54","slug":"attention-ces-articles-qui-prtendent-quune-tude-aurait-confirm-que-la-vaccination-provoque-des-hpatites-chez-les-enfants","status":"publish","type":"post","link":"https:\/\/belux.edmo.eu\/fr\/attention-ces-articles-qui-prtendent-quune-tude-aurait-confirm-que-la-vaccination-provoque-des-hpatites-chez-les-enfants\/","title":{"rendered":"Attention \u00e0 ces articles qui pr\u00e9tendent qu&rsquo;une \u00e9tude aurait confirm\u00e9 que la vaccination provoque des h\u00e9patites chez les enfants"},"content":{"rendered":"<p><b>Une \u00e9tude confirmerait que la vaccination contre le Covid-19 provoque \u00ab\u00a0une h\u00e9patite auto-immune s\u00e9v\u00e8re\u00a0\u00bb pr\u00e9tendent des articles de blogs partag\u00e9s plusieurs milliers de fois, alors que des cas d&rsquo;h\u00e9patite ont \u00e9t\u00e9 recens\u00e9s chez des enfants de plusieurs pays ces derni\u00e8res semaines. C&rsquo;est faux : l&rsquo;Organisation Mondiale de la Sant\u00e9, les autorit\u00e9s sanitaires de plusieurs pays et trois chercheurs ind\u00e9pendants ont expliqu\u00e9 \u00e0 l&rsquo;AFP que l&rsquo;hypoth\u00e8se d&rsquo;un lien entre ces h\u00e9patites et la vaccination n&rsquo;est pas \u00e9tay\u00e9e, puisque la plupart des enfants affect\u00e9s n&rsquo;\u00e9taient pas vaccin\u00e9s. Par ailleurs, l&rsquo;\u00e9tude cit\u00e9e dans les articles de blogs s&rsquo;int\u00e9resse au cas particulier d&rsquo;un adulte ayant d\u00e9velopp\u00e9 un type d&rsquo;h\u00e9patite diff\u00e9rent de celui des enfants affect\u00e9s.<\/b><\/p>\n<p>\u00ab\u00a0<em>Une \u00e9tude confirme que le vaccin COVID provoque une h\u00e9patite auto-immune s\u00e9v\u00e8re quelques jours apr\u00e8s que l&rsquo;OMS a publi\u00e9 une &lsquo;alerte mondiale&rsquo; concernant une h\u00e9patite s\u00e9v\u00e8re chez les enfants<\/em>\u00ab\u00a0, alarment des articles publi\u00e9s le 7 mai sur plusieurs plusieurs blogs (<a href=\"https:\/\/perma.cc\/KZ5S-VJY5\" target=\"_blank\" rel=\"noopener\" shape=\"rect\">ici<\/a>, <a href=\"https:\/\/perma.cc\/Q59S-8B57\" target=\"_blank\" rel=\"noopener\" shape=\"rect\">ici<\/a>, <a href=\"https:\/\/perma.cc\/ZE3Z-UUUP\" target=\"_blank\" rel=\"noopener\" shape=\"rect\">l\u00e0<\/a>, <a href=\"https:\/\/perma.cc\/7HQP-EDE3\" target=\"_blank\" rel=\"noopener\" shape=\"rect\">l\u00e0<\/a>), dont certains ont d\u00e9j\u00e0 \u00e9t\u00e9 \u00e9pingl\u00e9s pour avoir diffus\u00e9 des fausses informations li\u00e9es \u00e0 la pand\u00e9mie par l&rsquo;AFP.<\/p>\n<p>Les articles ou certains de leurs extraits ont \u00e9t\u00e9 partag\u00e9s plusieurs centaines de fois sur Facebook, \u00e0 d&rsquo;autres milliers de reprises sur Twitter (<a href=\"https:\/\/archive.ph\/sccRq\" target=\"_blank\" rel=\"noopener\" shape=\"rect\">ici<\/a>, <a href=\"https:\/\/archive.ph\/UVKPL\" target=\"_blank\" rel=\"noopener\" shape=\"rect\">l\u00e0<\/a>, <a href=\"https:\/\/archive.ph\/UVKPL\" target=\"_blank\" rel=\"noopener\" shape=\"rect\">l\u00e0<\/a>) et vus plus de 95.000 fois sur des cha\u00eenes Telegram (<a href=\"https:\/\/perma.cc\/A9V5-WR58?type=image\" target=\"_blank\" rel=\"noopener\" shape=\"rect\">ici<\/a>, <a href=\"https:\/\/perma.cc\/XKE9-MX74\" target=\"_blank\" rel=\"noopener\" shape=\"rect\">l\u00e0<\/a>) en moins d&rsquo;une semaine.<\/p>\n<div class=\"grid-with-margin\">\n<div class=\"e-afp-col-layout\" style=\"text-align: center;\">\n<div id=\"wysiwyg\" class=\"www-item image\"><img class=\"lazyload blur-up\" src=\"https:\/\/belux.wpengine.com\/wp-content\/uploads\/2022\/05\/b41d85da6ed877a291f12a307d8b1dfb2fd7079d-ipad.jpg\" data-original=\"\" \/><span class=\"legend\">Capture d&rsquo;\u00e9cran du site \u00ab\u00a0Le Libre Penseur\u00a0\u00bb, prise le 11\/05\/2022<\/span><\/div>\n<\/div>\n<div class=\"e-afp-col-layout\" style=\"text-align: center;\">\n<div id=\"wysiwyg\" class=\"www-item image\"><img class=\"lazyload blur-up\" src=\"https:\/\/belux.wpengine.com\/wp-content\/uploads\/2022\/05\/78e0e82f1c611069f6a5c445818a51b05714a9e4-ipad.jpg\" data-original=\"\" \/><span class=\"legend\">Capture d&rsquo;\u00e9cran du site \u00ab\u00a0Courrier International\u00a0\u00bb, prise le 11\/05\/2022<\/span><\/div>\n<\/div>\n<\/div>\n<div id=\"wysiwyg\" class=\"www-item image\"><img class=\"lazyload blur-up\" src=\"https:\/\/belux.wpengine.com\/wp-content\/uploads\/2022\/05\/a26d2cda95cbea64e3be7633cad48794cc6cc5d1-ipad.jpg\" data-original=\"\" \/><span class=\"legend\">Capture d&rsquo;\u00e9cran Twitter, prise le 11\/05\/2022<\/span><\/div>\n<p style=\"text-align: left;\">Ces publications en fran\u00e7ais reposent sur la traduction d&rsquo;un <a href=\"https:\/\/perma.cc\/PW7R-2SLM\" target=\"_blank\" rel=\"noopener\" shape=\"rect\">article<\/a>publi\u00e9 le 28 avril sur le site \u00ab\u00a0The Expos\u00e9\u00a0\u00bb, qui a d\u00e9j\u00e0 relay\u00e9 de nombreuses informations inexactes li\u00e9es au Covid-19 qui ont fait l&rsquo;objet d&rsquo;articles de v\u00e9rification de l&rsquo;AFP, comme <a href=\"https:\/\/factuel.afp.com\/http%253A%252F%252Fdoc.afp.com%252F9PW38M-1\" target=\"_blank\" rel=\"noopener\" shape=\"rect\">celui-ci<\/a>ou <a href=\"https:\/\/factuel.afp.com\/doc.afp.com.327792X\" target=\"_blank\" rel=\"noopener\" shape=\"rect\">celui-l\u00e0<\/a>.<\/p>\n<p style=\"text-align: left;\">Des all\u00e9gations similaires ont circul\u00e9 en anglais, en <a href=\"https:\/\/perma.cc\/XK2R-ZJCW?type=image\" target=\"_blank\" rel=\"noopener\" shape=\"rect\">espagnol<\/a>et en <a href=\"https:\/\/perma.cc\/LM84-56WK\" target=\"_blank\" rel=\"noopener\" shape=\"rect\">portugais<\/a>sur les r\u00e9seaux sociaux.<\/p>\n<p><b>Des cas d&rsquo;h\u00e9patite sans lien avec le vaccin<\/b><\/p>\n<p>Ces all\u00e9gations sont relay\u00e9es alors que l&rsquo;Organisation Mondiale de la Sant\u00e9 (OMS) a <a href=\"https:\/\/perma.cc\/4FPA-FKEB\" target=\"_blank\" rel=\"noopener\" shape=\"rect\">alert\u00e9<\/a>le 23 avril sur la pr\u00e9sence d&rsquo;une souche d&rsquo;h\u00e9patite (inflammation du foie) d&rsquo;origine inconnue touchant majoritairement des enfants. Au 11 mai, l&rsquo;organisation a indiqu\u00e9 avoir identifi\u00e9 348 cas probables, dans 20 pays. Seuls six pays ont recens\u00e9 plus de cinq cas, mais le Royaume-Uni a signal\u00e9 160 malades<\/p>\n<p><strong>Le vaccin ne fait n\u00e9anmoins pas partie des causes envisag\u00e9es par les scientifiques pour expliquer ces maladies<\/strong>, selon l&rsquo;<a href=\"https:\/\/perma.cc\/5GML-ZH8W\" target=\"_blank\" rel=\"noopener\" shape=\"rect\">OMS<\/a>. L&rsquo;organisation a soulign\u00e9 que les causes de cette h\u00e9patite \u00e9taient toujours \u00e0 l&rsquo;\u00e9tude, mais que le vaccin n&rsquo;\u00e9tait pas une hypoth\u00e8se retenue \u00ab\u00a0<em data-stringify-type=\"italic\">car la grande majorit\u00e9 des enfants touch\u00e9s n&rsquo;ont pas re\u00e7u de vaccin contre le Covid-19&Prime;.<\/em><\/p>\n<p>L&rsquo;OMS a ainsi confirm\u00e9 \u00e0 l&rsquo;AFP que \u00ab\u00a0<strong><em>rien ne permet de sugg\u00e9rer un lien<\/em><\/strong>\u00a0\u00bb entre la vaccination et ces h\u00e9patites.<\/p>\n<p>D\u00e8s le 6 avril, les autorit\u00e9s sanitaires britanniques (\u00ab\u00a0<em>United Kingdom Health Security Agency<\/em>\u00ab\u00a0, ou UKHSA) avaient <a href=\"https:\/\/archive.ph\/TRiB9\" target=\"_blank\" rel=\"noopener\" shape=\"rect\">alert\u00e9<\/a>au sujet d&rsquo;une augmentation de cas d&rsquo;h\u00e9patites chez les enfants enregistr\u00e9es dans le pays depuis janvier, et ont depuis coordonn\u00e9 plusieurs \u00e9tudes et publi\u00e9 des <a href=\"https:\/\/perma.cc\/Q6AU-G2UT\" target=\"_blank\" rel=\"noopener\" shape=\"rect\">rapports d&rsquo;enqu\u00eates<\/a>sur ces cas.<\/p>\n<p>Dans un rapport du 25 avril, l&rsquo;agence <a href=\"https:\/\/www.gov.uk\/government\/news\/increase-in-hepatitis-liver-inflammation-cases-in-children-under-investigation\" target=\"_blank\" rel=\"noopener\" shape=\"rect\">a aussi exclu<\/a>tout lien entre le vaccin anti-Covid et l&rsquo;h\u00e9patite survenue chez ces enfants. <em>\u00ab\u00a0Il n&rsquo;y a aucune preuve d&rsquo;un lien avec le vaccin contre le Covid-19. Aucun des cas confirm\u00e9s au Royaume-Uni n&rsquo;a, \u00e0 notre connaissance, \u00e9t\u00e9 vaccin\u00e9<\/em>\u00ab\u00a0, peut-on y lire.<\/p>\n<p>Un porte-parole de l&rsquo;autorit\u00e9 de sant\u00e9 publique britannique a confirm\u00e9 \u00e0 l&rsquo;AFP qu'\u00a0\u00bb<em>il n&rsquo;y a aucun lien avec le vaccin contre le Covid-19.<strong> Aucun des cas confirm\u00e9s chez des enfants de moins de 10 ans au Royaume-Uni ne concernent des personnes que l&rsquo;on sait vaccin\u00e9es<\/strong><\/em>\u00ab\u00a0.<\/p>\n<div id=\"wysiwyg\" class=\"www-item image\"><img class=\"lazyload blur-up\" src=\"https:\/\/belux.wpengine.com\/wp-content\/uploads\/2022\/05\/8804d42f0c31cbb6465d0ee8d1241f3b8abc0430-ipad.jpg\" data-original=\"\" \/><span class=\"legend\">Un gar\u00e7on de six ans re\u00e7oit le vaccin Pfizer-BioNTech \u00e0 l&rsquo;h\u00f4pital de Hartford, dans le Connecticut, le 2 novembre 2021<\/span><\/div>\n<p>Aux Etats-Unis, les autorit\u00e9s sanitaires (\u00ab\u00a0<em>Centers for Disease Control and Prevention<\/em>\u00ab\u00a0, ou CDC) ont \u00e9galement <a href=\"https:\/\/perma.cc\/G8P6-9RBP\" target=\"_blank\" rel=\"noopener\" shape=\"rect\">publi\u00e9 un avis<\/a>pour \u00ab\u00a0<em>pour informer les praticiens et les autorit\u00e9s de sanitaires sur un groupe d&rsquo;enfants atteints d&rsquo;h\u00e9patite et d&rsquo;infections \u00e0 ad\u00e9novirus<\/em>\u00a0\u00bb le 21 avril.<\/p>\n<p>Le 6 mai, les CDC ont annonc\u00e9 enqu\u00eater sur 109 cas d&rsquo;h\u00e9patites recens\u00e9s dans 25 Etats et territoires am\u00e9ricains, chez des enfants d&rsquo;un \u00e2ge m\u00e9dian de deux ans, survenus au cours des sept derniers mois. Du fait de leur \u00e2ge, les enfants concern\u00e9s n&rsquo;\u00e9taient pour la plupart pas \u00e9ligibles pour \u00eatre vaccin\u00e9s contre le Covid-19. Aux Etats-Unis, la vaccination est <a href=\"https:\/\/perma.cc\/ESV8-AM22\" target=\"_blank\" rel=\"noopener\" shape=\"rect\">ouverte<\/a>\u00e0 partir de cinq ans.<\/p>\n<p>Une porte-parole des CDC, Kristen Nordlund, a ainsi indiqu\u00e9 \u00e0 l&rsquo;AFP que \u00ab\u00a0<em>l&rsquo;\u00e2ge des enfants variait de 11 mois \u00e0 5 ans et 9 mois, la plupart ne sont pas \u00e9ligibles \u00e0 la vaccination contre le Covid-19<\/em>\u00ab\u00a0.<\/p>\n<p><b>Un possible lien avec un ad\u00e9novirus<\/b><\/p>\n<p>Le 29 avril, les CDC ont aussi publi\u00e9 <a href=\"https:\/\/perma.cc\/A79Y-5FDU\" target=\"_blank\" rel=\"noopener\" shape=\"rect\">une \u00e9tude<\/a>sur neuf cas d&rsquo;h\u00e9patite p\u00e9diatrique avec des degr\u00e9s divers de s\u00e9v\u00e9rit\u00e9, signal\u00e9s en Alabama entre octobre 2021 et f\u00e9vrier 2022. Tous les enfants atteints d&rsquo;h\u00e9patite ont \u00e9galement \u00e9t\u00e9 test\u00e9s positifs \u00e0 un pathog\u00e8ne commun appel\u00e9 ad\u00e9novirus 41, jusqu&rsquo;ici davantage connu pour provoquer des gastro-ent\u00e9rites. Sept patients \u00e9taient aussi co-infect\u00e9s par d&rsquo;autres virus.<\/p>\n<p>\u00ab\u00a0<em>\u00c0 l&rsquo;heure actuelle,<strong> nous pensons que l&rsquo;ad\u00e9novirus pourrait \u00eatre la cause de ces cas d&rsquo;h\u00e9patite signal\u00e9s, mais d&rsquo;autres facteurs potentiels sont toujours \u00e0 l&rsquo;\u00e9tude<\/strong><\/em>\u00ab\u00a0, ont indiqu\u00e9 les CDC dans un communiqu\u00e9 accompagnant cette \u00e9tude.<\/p>\n<p>Le 6 mai, le directeur adjoint en charge des maladies infectieuses pour les CDC Jay Butler a ainsi assur\u00e9 que \u00ab\u00a0<em>la vaccination contre le Covid-19 n&rsquo;est pas la cause<\/em>\u00a0\u00bb de ces h\u00e9patites, ajoutant vouloir mettre un terme aux rumeurs circulant sur Internet \u00e0 ce sujet.<\/p>\n<div id=\"wysiwyg\" class=\"www-item image\"><img class=\"lazyload blur-up\" src=\"https:\/\/belux.wpengine.com\/wp-content\/uploads\/2022\/05\/d4ef82ec8051b0d38f546e75e08a826871af4b2c-ipad.jpg\" data-original=\"\" \/><span class=\"legend\">Le centre des op\u00e9rations d&rsquo;urgence des CDC am\u00e9ricains, \u00e0 Atlanta, en G\u00e9orgie, le 19 mars 2021.<\/span><\/div>\n<p>\u00ab\u00a0<em><strong>\u00c0 l&rsquo;heure actuelle, les principales hypoth\u00e8ses restent celles qui impliquent l&rsquo;ad\u00e9novirus<\/strong>, en prenant \u00e9galement en consid\u00e9ration de fa\u00e7on importante le r\u00f4le du Covid, soit en tant que co-infection, soit en tant qu&rsquo;infection ant\u00e9rieure<\/em>\u00ab\u00a0, a confirm\u00e9 Philippa Easterbrook, du programme mondial de l&rsquo;OMS sur l&rsquo;h\u00e9patite, lors d&rsquo;une conf\u00e9rence de presse, le 11 mai.<\/p>\n<p>En France, au 11 mai, \u00ab\u00a0<em>aucun exc\u00e8s de passages aux urgences ni de s\u00e9jours hospitaliers n&rsquo;a \u00e9t\u00e9 identifi\u00e9 depuis le 1er janvier 2022 par rapport aux ann\u00e9es pr\u00e9c\u00e9dentes (2018-2021)<\/em>\u00ab\u00a0, selon <a href=\"https:\/\/perma.cc\/9743-YW3Q\" target=\"_blank\" rel=\"noopener\" shape=\"rect\">Sant\u00e9 Publique France<\/a>.<\/p>\n<p><b>Une \u00e9tude de cas d&rsquo;un homme atteint d&rsquo;un autre type d&rsquo;h\u00e9patite<\/b><\/p>\n<p>Les articles partag\u00e9s sur les r\u00e9seaux sociaux renvoient vers <a href=\"https:\/\/archive.ph\/NQPIt\" target=\"_blank\" rel=\"noopener\" shape=\"rect\">une \u00e9tude de cas<\/a>sur un homme de 52 ans, qui a d\u00e9velopp\u00e9 une h\u00e9patite auto-immune apr\u00e8s avoir \u00e9t\u00e9 infect\u00e9 par le Covid-19 et vaccin\u00e9 contre la maladie.<\/p>\n<p>Cependant, le type d&rsquo;h\u00e9patite contract\u00e9 par l&rsquo;homme dont le cas a \u00e9t\u00e9 \u00e9tudi\u00e9 dans ces recherches n&rsquo;est pas le m\u00eame que celui signal\u00e9 par les autorit\u00e9s sanitaires touchant des enfants, selon plusieurs chercheurs interrog\u00e9s par l&rsquo;AFP.<\/p>\n<p>L&rsquo;h\u00e9patologue en transplantation p\u00e9diatrique am\u00e9ricaine <a href=\"https:\/\/perma.cc\/VF3P-A9H9\" target=\"_blank\" rel=\"noopener\" shape=\"rect\">Sara Hassan<\/a>, du d\u00e9partement de p\u00e9diatrie de la Mayo Clinic, une f\u00e9d\u00e9ration hospitalo-universitaire et de recherche tr\u00e8s r\u00e9put\u00e9e aux Etats-Unis, a ainsi expliqu\u00e9 \u00e0 l&rsquo;AFP que <strong>la maladie contract\u00e9e par l&rsquo;homme de cette \u00e9tude de cas est diff\u00e9rente des cas d&rsquo;h\u00e9patite p\u00e9diatriques signal\u00e9s par les agences de sant\u00e9<\/strong>.<\/p>\n<p>\u00ab\u00a0<em>Ces recherches r\u00e9alis\u00e9es sur un adulte tentent d&rsquo;\u00e9tablir un lien entre les vaccins contre le Covid-19 et l&rsquo;h\u00e9patite auto-immune, qui est une entit\u00e9 distincte<\/em>\u00a0\u00bb de l&rsquo;h\u00e9patite qui a affect\u00e9 les enfants de plusieurs pays, selon la chercheuse.<\/p>\n<p>Une h\u00e9patite est une inflammation du foie, d&rsquo;origine virale dans la majorit\u00e9 des cas, m\u00eame si la maladie peut parfois \u00eatre caus\u00e9e par des substances toxiques, indique <a href=\"https:\/\/perma.cc\/8QTJ-X8RQ\" target=\"_blank\" rel=\"noopener\" shape=\"rect\">une page<\/a>du site de l&rsquo;Inserm d\u00e9di\u00e9e aux h\u00e9patites aigu\u00ebs identifi\u00e9es ces derni\u00e8res semaines chez des enfants.<\/p>\n<p>\u00ab\u00a0<em>Jusqu&rsquo;ici, cinq virus ont \u00e9t\u00e9 identifi\u00e9s comme pouvant causer cette infection et inflammation cibl\u00e9e du foie. Ils sont d\u00e9sign\u00e9s par les lettres A, B, C, D et E, et n&rsquo;ont pas le m\u00eame mode de transmission ni la m\u00eame agressivit\u00e9<\/em>\u00ab\u00a0, indique encore la page l&rsquo;Inserm. Il existe aussi des h\u00e9patites sont dites \u00ab\u00a0<em>non alphab\u00e9tiques<\/em>\u00a0\u00bb car les virus A, B, C, D ou E ne sont pas retrouv\u00e9s chez les patients. \u00ab\u00a0<em>C&rsquo;est ce qui semble se dessiner [dans le cas de ces h\u00e9patites p\u00e9diatriques], m\u00eame si les donn\u00e9es sont encore parcellaires<\/em>\u00ab\u00a0, note l&rsquo;Inserm.<\/p>\n<p>L&rsquo;h\u00e9patite \u00e9tudi\u00e9e chez l&rsquo;homme infect\u00e9 par le Covid-19 et vaccin\u00e9 est quant \u00e0 elle <a href=\"https:\/\/archive.ph\/UBBQa\" target=\"_blank\" rel=\"noopener\" shape=\"rect\">auto-immune<\/a>, c&rsquo;est-\u00e0-dire qu&rsquo;elle r\u00e9sulte d&rsquo;un dysfonctionnement du syst\u00e8me immunitaire, d\u00e9taille la directrice m\u00e9dicale du d\u00e9partement d&rsquo;h\u00e9patologie p\u00e9diatrique \u00e0 l&rsquo;Universit\u00e9 am\u00e9ricaine de Yale, <a href=\"https:\/\/perma.cc\/PV3X-QN2B\" target=\"_blank\" rel=\"noopener\" shape=\"rect\">Rima Fawaz<\/a>, aupr\u00e8s de l&rsquo;AFP.<\/p>\n<p>L&rsquo;h\u00e9patite auto-immune est \u00ab\u00a0<em>une dysr\u00e9gulation immunitaire, o\u00f9 votre corps a une r\u00e9ponse anormale et vous attaquez votre foie<\/em>,\u00a0\u00bb explique-t-elle. Les enfants dont les cas ont \u00e9t\u00e9 signal\u00e9s par les agences de sant\u00e9 pr\u00e9sentent quant \u00e0 eux des sympt\u00f4mes infectieux tels que la fi\u00e8vre, et re\u00e7oivent un traitement diff\u00e9rent, selon Rima Fawaz.<\/p>\n<p>Cette \u00e9tude de cas, et les donn\u00e9es connues jusqu&rsquo;ici ne permettent ainsi pas d&rsquo;appuyer l&rsquo;id\u00e9e que les cas d&rsquo;h\u00e9patites p\u00e9diatriques signal\u00e9s r\u00e9cemment pourraient \u00eatre li\u00e9s aux vaccins contre le Covid-19, r\u00e9sume la chercheuse. \u00ab\u00a0<em>Dire que cela est li\u00e9 \u00e0 la vaccination contre le Covid-19 n&rsquo;a aucun sens<\/em>\u00ab\u00a0, selon elle.<\/p>\n<p>Son confr\u00e8re sp\u00e9cialiste en maladies infectieuses <a href=\"https:\/\/perma.cc\/C4QV-3BEZ\" target=\"_blank\" rel=\"noopener\" shape=\"rect\">John Swartzberg<\/a>, de l&rsquo;universit\u00e9 am\u00e9ricaine de Californie \u00e0 Berkeley est du m\u00eame avis. Selon lui, les h\u00e9patites signal\u00e9es chez les enfants et l&rsquo;unique cas d&rsquo;h\u00e9patite auto-immune d\u00e9cel\u00e9 chez un homme qui a \u00e9t\u00e9 vaccin\u00e9 contre le Covid-19 sont \u00ab\u00a0<em>sans aucun lien<\/em>\u00a0\u00bb et \u00ab\u00a0<em>n&rsquo;ont rien \u00e0 voir les uns avec les autres<\/em>\u00ab\u00a0.<\/p>\n<p>Le professeur \u00e9m\u00e9rite au d\u00e9partement de sant\u00e9 publique de l&rsquo;universit\u00e9 de Californie \u00e0 Berkeley estime par ailleurs que le cas d&rsquo;h\u00e9patite auto-immune apr\u00e8s la vaccination contre le Covid-19 signal\u00e9 dans l&rsquo;\u00e9tude ne devrait \u00ab\u00a0<em>absolument pas<\/em>\u00a0\u00bb dissuader les gens de se faire vacciner. \u00ab\u00a0<em>Les risques de contracter le Covid-19 d\u00e9passent de loin les risques li\u00e9s \u00e0 la vaccination<\/em>\u00ab\u00a0, conclut-il.<\/p>\n<p>L&rsquo;AFP a v\u00e9rifi\u00e9 des centaines d&rsquo;autres affirmations trompeuses li\u00e9es \u00e0 la pand\u00e9mie de <a href=\"https:\/\/factuel.afp.com\/list\/all\/all\/35799\/all\/130\" target=\"_blank\" rel=\"noopener\" shape=\"rect\">Covid-19<\/a>, dont derni\u00e8rement au sujet des \u00ab\u00a0<a href=\"https:\/\/factuel.afp.com\/doc.afp.com.329L398\" target=\"_blank\" rel=\"noopener\" shape=\"rect\"><em>Pfizer documents<\/em><\/a>\u00ab\u00a0, pr\u00e9sent\u00e9s, \u00e0 tort, comme r\u00e9v\u00e9lant la dangerosit\u00e9 des vaccins.<\/p>\n","protected":false},"excerpt":{"rendered":"<p>\u00ab\u00a0Une \u00e9tude confirme que le vaccin COVID provoque une h\u00e9patite auto-immune s\u00e9v\u00e8re quelques jours apr\u00e8s que l&rsquo;OMS a publi\u00e9 une &lsquo;alerte mondiale&rsquo; concernant une h\u00e9patite s\u00e9v\u00e8re chez les enfants\u00a0\u00bb, alarment des articles publi\u00e9s le 7 mai sur plusieurs plusieurs blogs (ici, ici, l\u00e0, l\u00e0), dont certains ont d\u00e9j\u00e0 \u00e9t\u00e9 \u00e9pingl\u00e9s pour avoir diffus\u00e9 des fausses informations li\u00e9es \u00e0 la pand\u00e9mie par l&rsquo;AFP.<\/p>\n","protected":false},"author":1,"featured_media":53502,"comment_status":"closed","ping_status":"open","sticky":false,"template":"","format":"standard","meta":{"_acf_changed":false,"footnotes":""},"categories":[125,129,135,138],"tags":[],"class_list":{"0":"post-37670","1":"post","2":"type-post","3":"status-publish","4":"format-standard","5":"has-post-thumbnail","7":"category-fact-check-fr","8":"category-sante","9":"category-science-fr","10":"category-societe"},"acf":{"show_metatags":true,"id":"doc-329v4vl-1","authors":"Claire Line NASS, Claire SAVAGE, AFP Etats-Unis","organization":"AFP","featured_image_copyright":"AFP","text_copyright":"\u00a9 AGENCE FRANCE-PRESSE | 2022 | Tous droits r\u00e9serv\u00e9s. L\u2019acc\u00e8s aux contenus de l'AFP publi\u00e9s sur ce site et, le cas \u00e9ch\u00e9ant, leur utilisation sont soumis aux conditions g\u00e9n\u00e9rales d'utilisation disponibles sur <a href='https:\/\/www.afp.com\/fr\/cgu' target='_blank'>CGU<\/a>. Par cons\u00e9quent, en acc\u00e9dant aux contenus de l\u2019AFP publi\u00e9s sur ce site, et en les utilisant, le cas \u00e9ch\u00e9ant, vous acceptez d'\u00eatre li\u00e9 par les conditions g\u00e9n\u00e9rales d'utilisation susmentionn\u00e9es. L\u2019utilisation de contenus de l'AFP se fait sous votre seule et enti\u00e8re responsabilit\u00e9.","source":"https:\/\/factuel.afp.com\/doc.afp.com.329V4VL","fact_checker":"https:\/\/belux.wpengine.com\/wp-content\/uploads\/2021\/12\/afp_logo.png","fact_checker_logo_image":false,"type":"\u00c9v\u00e9nement ferm\u00e9","location":"","start_date":"","start_date_event_begins_at":"","start_date_event_ends_at":"","end_date":"","end_date_event_begins_at":"","end_date_event_ends_at":"","organizer":""},"yoast_head":"<!-- This site is optimized with the Yoast SEO plugin v27.0 - https:\/\/yoast.com\/product\/yoast-seo-wordpress\/ -->\n<title>Attention \u00e0 ces articles qui pr\u00e9tendent qu&#039;une \u00e9tude aurait confirm\u00e9 que la vaccination provoque des h\u00e9patites chez les enfants - EDMO Belux<\/title>\n<meta name=\"robots\" content=\"index, follow, max-snippet:-1, max-image-preview:large, max-video-preview:-1\" \/>\n<link rel=\"canonical\" href=\"https:\/\/belux.edmo.eu\/fr\/attention-ces-articles-qui-prtendent-quune-tude-aurait-confirm-que-la-vaccination-provoque-des-hpatites-chez-les-enfants\/\" \/>\n<meta property=\"og:locale\" content=\"fr_FR\" \/>\n<meta property=\"og:type\" content=\"article\" \/>\n<meta property=\"og:title\" content=\"Attention \u00e0 ces articles qui pr\u00e9tendent qu&#039;une \u00e9tude aurait confirm\u00e9 que la vaccination provoque des h\u00e9patites chez les enfants - EDMO Belux\" \/>\n<meta property=\"og:description\" content=\"&quot;Une \u00e9tude confirme que le vaccin COVID provoque une h\u00e9patite auto-immune s\u00e9v\u00e8re quelques jours apr\u00e8s que l&#039;OMS a publi\u00e9 une &#039;alerte mondiale&#039; concernant une h\u00e9patite s\u00e9v\u00e8re chez les enfants&quot;, alarment des articles publi\u00e9s le 7 mai sur plusieurs plusieurs blogs (ici, ici, l\u00e0, l\u00e0), dont certains ont d\u00e9j\u00e0 \u00e9t\u00e9 \u00e9pingl\u00e9s pour avoir diffus\u00e9 des fausses informations li\u00e9es \u00e0 la pand\u00e9mie par l&#039;AFP.\" \/>\n<meta property=\"og:url\" content=\"https:\/\/belux.edmo.eu\/fr\/attention-ces-articles-qui-prtendent-quune-tude-aurait-confirm-que-la-vaccination-provoque-des-hpatites-chez-les-enfants\/\" \/>\n<meta property=\"og:site_name\" content=\"EDMO Belux\" \/>\n<meta property=\"article:published_time\" content=\"2022-05-12T08:33:34+00:00\" \/>\n<meta property=\"article:modified_time\" content=\"2022-06-30T12:44:54+00:00\" \/>\n<meta property=\"og:image\" content=\"https:\/\/belux.edmo.eu\/wp-content\/uploads\/2022\/06\/5c11fef183fb770229bb1b51fc585263.jpeg\" \/>\n\t<meta property=\"og:image:width\" content=\"1080\" \/>\n\t<meta property=\"og:image:height\" content=\"721\" \/>\n\t<meta property=\"og:image:type\" content=\"image\/jpeg\" \/>\n<meta name=\"author\" content=\"master\" \/>\n<meta name=\"twitter:card\" content=\"summary_large_image\" \/>\n<meta name=\"twitter:creator\" content=\"@Edmo_Belux\" \/>\n<meta name=\"twitter:site\" content=\"@Edmo_Belux\" \/>\n<meta name=\"twitter:label1\" content=\"\u00c9crit par\" \/>\n\t<meta name=\"twitter:data1\" content=\"master\" \/>\n\t<meta name=\"twitter:label2\" content=\"Dur\u00e9e de lecture estim\u00e9e\" \/>\n\t<meta name=\"twitter:data2\" content=\"9 minutes\" \/>\n<script type=\"application\/ld+json\" class=\"yoast-schema-graph\">{\"@context\":\"https:\/\/schema.org\",\"@graph\":[{\"@type\":\"Article\",\"@id\":\"https:\/\/belux.edmo.eu\/fr\/attention-ces-articles-qui-prtendent-quune-tude-aurait-confirm-que-la-vaccination-provoque-des-hpatites-chez-les-enfants\/#article\",\"isPartOf\":{\"@id\":\"https:\/\/belux.edmo.eu\/fr\/attention-ces-articles-qui-prtendent-quune-tude-aurait-confirm-que-la-vaccination-provoque-des-hpatites-chez-les-enfants\/\"},\"author\":{\"name\":\"master\",\"@id\":\"https:\/\/belux.edmo.eu\/#\/schema\/person\/dbe3b252258537fd318f9b5645a30342\"},\"headline\":\"Attention \u00e0 ces articles qui pr\u00e9tendent qu&rsquo;une \u00e9tude aurait confirm\u00e9 que la vaccination provoque des h\u00e9patites chez les enfants\",\"datePublished\":\"2022-05-12T08:33:34+00:00\",\"dateModified\":\"2022-06-30T12:44:54+00:00\",\"mainEntityOfPage\":{\"@id\":\"https:\/\/belux.edmo.eu\/fr\/attention-ces-articles-qui-prtendent-quune-tude-aurait-confirm-que-la-vaccination-provoque-des-hpatites-chez-les-enfants\/\"},\"wordCount\":1874,\"publisher\":{\"@id\":\"https:\/\/belux.edmo.eu\/#organization\"},\"image\":{\"@id\":\"https:\/\/belux.edmo.eu\/fr\/attention-ces-articles-qui-prtendent-quune-tude-aurait-confirm-que-la-vaccination-provoque-des-hpatites-chez-les-enfants\/#primaryimage\"},\"thumbnailUrl\":\"https:\/\/belux.edmo.eu\/wp-content\/uploads\/2022\/06\/5c11fef183fb770229bb1b51fc585263.jpeg\",\"articleSection\":[\"Fact-Check\",\"Sante\",\"Science\",\"Societe\"],\"inLanguage\":\"fr-FR\"},{\"@type\":\"WebPage\",\"@id\":\"https:\/\/belux.edmo.eu\/fr\/attention-ces-articles-qui-prtendent-quune-tude-aurait-confirm-que-la-vaccination-provoque-des-hpatites-chez-les-enfants\/\",\"url\":\"https:\/\/belux.edmo.eu\/fr\/attention-ces-articles-qui-prtendent-quune-tude-aurait-confirm-que-la-vaccination-provoque-des-hpatites-chez-les-enfants\/\",\"name\":\"Attention \u00e0 ces articles qui pr\u00e9tendent qu'une \u00e9tude aurait confirm\u00e9 que la vaccination provoque des h\u00e9patites chez les enfants - EDMO Belux\",\"isPartOf\":{\"@id\":\"https:\/\/belux.edmo.eu\/#website\"},\"primaryImageOfPage\":{\"@id\":\"https:\/\/belux.edmo.eu\/fr\/attention-ces-articles-qui-prtendent-quune-tude-aurait-confirm-que-la-vaccination-provoque-des-hpatites-chez-les-enfants\/#primaryimage\"},\"image\":{\"@id\":\"https:\/\/belux.edmo.eu\/fr\/attention-ces-articles-qui-prtendent-quune-tude-aurait-confirm-que-la-vaccination-provoque-des-hpatites-chez-les-enfants\/#primaryimage\"},\"thumbnailUrl\":\"https:\/\/belux.edmo.eu\/wp-content\/uploads\/2022\/06\/5c11fef183fb770229bb1b51fc585263.jpeg\",\"datePublished\":\"2022-05-12T08:33:34+00:00\",\"dateModified\":\"2022-06-30T12:44:54+00:00\",\"breadcrumb\":{\"@id\":\"https:\/\/belux.edmo.eu\/fr\/attention-ces-articles-qui-prtendent-quune-tude-aurait-confirm-que-la-vaccination-provoque-des-hpatites-chez-les-enfants\/#breadcrumb\"},\"inLanguage\":\"fr-FR\",\"potentialAction\":[{\"@type\":\"ReadAction\",\"target\":[\"https:\/\/belux.edmo.eu\/fr\/attention-ces-articles-qui-prtendent-quune-tude-aurait-confirm-que-la-vaccination-provoque-des-hpatites-chez-les-enfants\/\"]}]},{\"@type\":\"ImageObject\",\"inLanguage\":\"fr-FR\",\"@id\":\"https:\/\/belux.edmo.eu\/fr\/attention-ces-articles-qui-prtendent-quune-tude-aurait-confirm-que-la-vaccination-provoque-des-hpatites-chez-les-enfants\/#primaryimage\",\"url\":\"https:\/\/belux.edmo.eu\/wp-content\/uploads\/2022\/06\/5c11fef183fb770229bb1b51fc585263.jpeg\",\"contentUrl\":\"https:\/\/belux.edmo.eu\/wp-content\/uploads\/2022\/06\/5c11fef183fb770229bb1b51fc585263.jpeg\",\"width\":1080,\"height\":721},{\"@type\":\"BreadcrumbList\",\"@id\":\"https:\/\/belux.edmo.eu\/fr\/attention-ces-articles-qui-prtendent-quune-tude-aurait-confirm-que-la-vaccination-provoque-des-hpatites-chez-les-enfants\/#breadcrumb\",\"itemListElement\":[{\"@type\":\"ListItem\",\"position\":1,\"name\":\"Home\",\"item\":\"https:\/\/belux.edmo.eu\/fr\/\"},{\"@type\":\"ListItem\",\"position\":2,\"name\":\"Attention \u00e0 ces articles qui pr\u00e9tendent qu&#8217;une \u00e9tude aurait confirm\u00e9 que la vaccination provoque des h\u00e9patites chez les enfants\"}]},{\"@type\":\"WebSite\",\"@id\":\"https:\/\/belux.edmo.eu\/#website\",\"url\":\"https:\/\/belux.edmo.eu\/\",\"name\":\"EDMO Belux\",\"description\":\"Monitoring Disinformation in Belgium and Luxembourg\",\"publisher\":{\"@id\":\"https:\/\/belux.edmo.eu\/#organization\"},\"potentialAction\":[{\"@type\":\"SearchAction\",\"target\":{\"@type\":\"EntryPoint\",\"urlTemplate\":\"https:\/\/belux.edmo.eu\/?s={search_term_string}\"},\"query-input\":{\"@type\":\"PropertyValueSpecification\",\"valueRequired\":true,\"valueName\":\"search_term_string\"}}],\"inLanguage\":\"fr-FR\"},{\"@type\":\"Organization\",\"@id\":\"https:\/\/belux.edmo.eu\/#organization\",\"name\":\"EDMO Belux\",\"url\":\"https:\/\/belux.edmo.eu\/\",\"logo\":{\"@type\":\"ImageObject\",\"inLanguage\":\"fr-FR\",\"@id\":\"https:\/\/belux.edmo.eu\/#\/schema\/logo\/image\/\",\"url\":\"https:\/\/belux.edmo.eu\/wp-content\/uploads\/2021\/12\/belux-logo-full-color-rgb.svg\",\"contentUrl\":\"https:\/\/belux.edmo.eu\/wp-content\/uploads\/2021\/12\/belux-logo-full-color-rgb.svg\",\"width\":1,\"height\":1,\"caption\":\"EDMO Belux\"},\"image\":{\"@id\":\"https:\/\/belux.edmo.eu\/#\/schema\/logo\/image\/\"},\"sameAs\":[\"https:\/\/x.com\/Edmo_Belux\"]},{\"@type\":\"Person\",\"@id\":\"https:\/\/belux.edmo.eu\/#\/schema\/person\/dbe3b252258537fd318f9b5645a30342\",\"name\":\"master\",\"sameAs\":[\"https:\/\/belux.wpengine.com\"],\"url\":\"https:\/\/belux.edmo.eu\/fr\/author\/master\/\"}]}<\/script>\n<!-- \/ Yoast SEO plugin. -->","yoast_head_json":{"title":"Attention \u00e0 ces articles qui pr\u00e9tendent qu'une \u00e9tude aurait confirm\u00e9 que la vaccination provoque des h\u00e9patites chez les enfants - EDMO Belux","robots":{"index":"index","follow":"follow","max-snippet":"max-snippet:-1","max-image-preview":"max-image-preview:large","max-video-preview":"max-video-preview:-1"},"canonical":"https:\/\/belux.edmo.eu\/fr\/attention-ces-articles-qui-prtendent-quune-tude-aurait-confirm-que-la-vaccination-provoque-des-hpatites-chez-les-enfants\/","og_locale":"fr_FR","og_type":"article","og_title":"Attention \u00e0 ces articles qui pr\u00e9tendent qu'une \u00e9tude aurait confirm\u00e9 que la vaccination provoque des h\u00e9patites chez les enfants - EDMO Belux","og_description":"\"Une \u00e9tude confirme que le vaccin COVID provoque une h\u00e9patite auto-immune s\u00e9v\u00e8re quelques jours apr\u00e8s que l'OMS a publi\u00e9 une 'alerte mondiale' concernant une h\u00e9patite s\u00e9v\u00e8re chez les enfants\", alarment des articles publi\u00e9s le 7 mai sur plusieurs plusieurs blogs (ici, ici, l\u00e0, l\u00e0), dont certains ont d\u00e9j\u00e0 \u00e9t\u00e9 \u00e9pingl\u00e9s pour avoir diffus\u00e9 des fausses informations li\u00e9es \u00e0 la pand\u00e9mie par l'AFP.","og_url":"https:\/\/belux.edmo.eu\/fr\/attention-ces-articles-qui-prtendent-quune-tude-aurait-confirm-que-la-vaccination-provoque-des-hpatites-chez-les-enfants\/","og_site_name":"EDMO Belux","article_published_time":"2022-05-12T08:33:34+00:00","article_modified_time":"2022-06-30T12:44:54+00:00","og_image":[{"width":1080,"height":721,"url":"https:\/\/belux.edmo.eu\/wp-content\/uploads\/2022\/06\/5c11fef183fb770229bb1b51fc585263.jpeg","type":"image\/jpeg"}],"author":"master","twitter_card":"summary_large_image","twitter_creator":"@Edmo_Belux","twitter_site":"@Edmo_Belux","twitter_misc":{"\u00c9crit par":"master","Dur\u00e9e de lecture estim\u00e9e":"9 minutes"},"schema":{"@context":"https:\/\/schema.org","@graph":[{"@type":"Article","@id":"https:\/\/belux.edmo.eu\/fr\/attention-ces-articles-qui-prtendent-quune-tude-aurait-confirm-que-la-vaccination-provoque-des-hpatites-chez-les-enfants\/#article","isPartOf":{"@id":"https:\/\/belux.edmo.eu\/fr\/attention-ces-articles-qui-prtendent-quune-tude-aurait-confirm-que-la-vaccination-provoque-des-hpatites-chez-les-enfants\/"},"author":{"name":"master","@id":"https:\/\/belux.edmo.eu\/#\/schema\/person\/dbe3b252258537fd318f9b5645a30342"},"headline":"Attention \u00e0 ces articles qui pr\u00e9tendent qu&rsquo;une \u00e9tude aurait confirm\u00e9 que la vaccination provoque des h\u00e9patites chez les enfants","datePublished":"2022-05-12T08:33:34+00:00","dateModified":"2022-06-30T12:44:54+00:00","mainEntityOfPage":{"@id":"https:\/\/belux.edmo.eu\/fr\/attention-ces-articles-qui-prtendent-quune-tude-aurait-confirm-que-la-vaccination-provoque-des-hpatites-chez-les-enfants\/"},"wordCount":1874,"publisher":{"@id":"https:\/\/belux.edmo.eu\/#organization"},"image":{"@id":"https:\/\/belux.edmo.eu\/fr\/attention-ces-articles-qui-prtendent-quune-tude-aurait-confirm-que-la-vaccination-provoque-des-hpatites-chez-les-enfants\/#primaryimage"},"thumbnailUrl":"https:\/\/belux.edmo.eu\/wp-content\/uploads\/2022\/06\/5c11fef183fb770229bb1b51fc585263.jpeg","articleSection":["Fact-Check","Sante","Science","Societe"],"inLanguage":"fr-FR"},{"@type":"WebPage","@id":"https:\/\/belux.edmo.eu\/fr\/attention-ces-articles-qui-prtendent-quune-tude-aurait-confirm-que-la-vaccination-provoque-des-hpatites-chez-les-enfants\/","url":"https:\/\/belux.edmo.eu\/fr\/attention-ces-articles-qui-prtendent-quune-tude-aurait-confirm-que-la-vaccination-provoque-des-hpatites-chez-les-enfants\/","name":"Attention \u00e0 ces articles qui pr\u00e9tendent qu'une \u00e9tude aurait confirm\u00e9 que la vaccination provoque des h\u00e9patites chez les enfants - EDMO Belux","isPartOf":{"@id":"https:\/\/belux.edmo.eu\/#website"},"primaryImageOfPage":{"@id":"https:\/\/belux.edmo.eu\/fr\/attention-ces-articles-qui-prtendent-quune-tude-aurait-confirm-que-la-vaccination-provoque-des-hpatites-chez-les-enfants\/#primaryimage"},"image":{"@id":"https:\/\/belux.edmo.eu\/fr\/attention-ces-articles-qui-prtendent-quune-tude-aurait-confirm-que-la-vaccination-provoque-des-hpatites-chez-les-enfants\/#primaryimage"},"thumbnailUrl":"https:\/\/belux.edmo.eu\/wp-content\/uploads\/2022\/06\/5c11fef183fb770229bb1b51fc585263.jpeg","datePublished":"2022-05-12T08:33:34+00:00","dateModified":"2022-06-30T12:44:54+00:00","breadcrumb":{"@id":"https:\/\/belux.edmo.eu\/fr\/attention-ces-articles-qui-prtendent-quune-tude-aurait-confirm-que-la-vaccination-provoque-des-hpatites-chez-les-enfants\/#breadcrumb"},"inLanguage":"fr-FR","potentialAction":[{"@type":"ReadAction","target":["https:\/\/belux.edmo.eu\/fr\/attention-ces-articles-qui-prtendent-quune-tude-aurait-confirm-que-la-vaccination-provoque-des-hpatites-chez-les-enfants\/"]}]},{"@type":"ImageObject","inLanguage":"fr-FR","@id":"https:\/\/belux.edmo.eu\/fr\/attention-ces-articles-qui-prtendent-quune-tude-aurait-confirm-que-la-vaccination-provoque-des-hpatites-chez-les-enfants\/#primaryimage","url":"https:\/\/belux.edmo.eu\/wp-content\/uploads\/2022\/06\/5c11fef183fb770229bb1b51fc585263.jpeg","contentUrl":"https:\/\/belux.edmo.eu\/wp-content\/uploads\/2022\/06\/5c11fef183fb770229bb1b51fc585263.jpeg","width":1080,"height":721},{"@type":"BreadcrumbList","@id":"https:\/\/belux.edmo.eu\/fr\/attention-ces-articles-qui-prtendent-quune-tude-aurait-confirm-que-la-vaccination-provoque-des-hpatites-chez-les-enfants\/#breadcrumb","itemListElement":[{"@type":"ListItem","position":1,"name":"Home","item":"https:\/\/belux.edmo.eu\/fr\/"},{"@type":"ListItem","position":2,"name":"Attention \u00e0 ces articles qui pr\u00e9tendent qu&#8217;une \u00e9tude aurait confirm\u00e9 que la vaccination provoque des h\u00e9patites chez les enfants"}]},{"@type":"WebSite","@id":"https:\/\/belux.edmo.eu\/#website","url":"https:\/\/belux.edmo.eu\/","name":"EDMO Belux","description":"Monitoring Disinformation in Belgium and Luxembourg","publisher":{"@id":"https:\/\/belux.edmo.eu\/#organization"},"potentialAction":[{"@type":"SearchAction","target":{"@type":"EntryPoint","urlTemplate":"https:\/\/belux.edmo.eu\/?s={search_term_string}"},"query-input":{"@type":"PropertyValueSpecification","valueRequired":true,"valueName":"search_term_string"}}],"inLanguage":"fr-FR"},{"@type":"Organization","@id":"https:\/\/belux.edmo.eu\/#organization","name":"EDMO Belux","url":"https:\/\/belux.edmo.eu\/","logo":{"@type":"ImageObject","inLanguage":"fr-FR","@id":"https:\/\/belux.edmo.eu\/#\/schema\/logo\/image\/","url":"https:\/\/belux.edmo.eu\/wp-content\/uploads\/2021\/12\/belux-logo-full-color-rgb.svg","contentUrl":"https:\/\/belux.edmo.eu\/wp-content\/uploads\/2021\/12\/belux-logo-full-color-rgb.svg","width":1,"height":1,"caption":"EDMO Belux"},"image":{"@id":"https:\/\/belux.edmo.eu\/#\/schema\/logo\/image\/"},"sameAs":["https:\/\/x.com\/Edmo_Belux"]},{"@type":"Person","@id":"https:\/\/belux.edmo.eu\/#\/schema\/person\/dbe3b252258537fd318f9b5645a30342","name":"master","sameAs":["https:\/\/belux.wpengine.com"],"url":"https:\/\/belux.edmo.eu\/fr\/author\/master\/"}]}},"menu_order":0,"_links":{"self":[{"href":"https:\/\/belux.edmo.eu\/fr\/wp-json\/wp\/v2\/posts\/37670","targetHints":{"allow":["GET"]}}],"collection":[{"href":"https:\/\/belux.edmo.eu\/fr\/wp-json\/wp\/v2\/posts"}],"about":[{"href":"https:\/\/belux.edmo.eu\/fr\/wp-json\/wp\/v2\/types\/post"}],"author":[{"embeddable":true,"href":"https:\/\/belux.edmo.eu\/fr\/wp-json\/wp\/v2\/users\/1"}],"replies":[{"embeddable":true,"href":"https:\/\/belux.edmo.eu\/fr\/wp-json\/wp\/v2\/comments?post=37670"}],"version-history":[{"count":0,"href":"https:\/\/belux.edmo.eu\/fr\/wp-json\/wp\/v2\/posts\/37670\/revisions"}],"wp:featuredmedia":[{"embeddable":true,"href":"https:\/\/belux.edmo.eu\/fr\/wp-json\/wp\/v2\/media\/53502"}],"wp:attachment":[{"href":"https:\/\/belux.edmo.eu\/fr\/wp-json\/wp\/v2\/media?parent=37670"}],"wp:term":[{"taxonomy":"category","embeddable":true,"href":"https:\/\/belux.edmo.eu\/fr\/wp-json\/wp\/v2\/categories?post=37670"},{"taxonomy":"post_tag","embeddable":true,"href":"https:\/\/belux.edmo.eu\/fr\/wp-json\/wp\/v2\/tags?post=37670"}],"curies":[{"name":"wp","href":"https:\/\/api.w.org\/{rel}","templated":true}]}}