{"id":380456,"date":"2025-01-17T10:30:20","date_gmt":"2025-01-17T10:30:20","guid":{"rendered":"https:\/\/belux.edmo.eu\/?p=380456"},"modified":"2025-01-17T12:37:46","modified_gmt":"2025-01-17T12:37:46","slug":"incendies-los-angeles-non-les-feux-nont-pas-t-provoqus-volontairement-pour-construire-une-ville-intelligente","status":"publish","type":"post","link":"https:\/\/belux.edmo.eu\/fr\/incendies-los-angeles-non-les-feux-nont-pas-t-provoqus-volontairement-pour-construire-une-ville-intelligente\/","title":{"rendered":"Incendies \u00e0 Los Angeles\u00a0: non, les feux n\u2019ont pas \u00e9t\u00e9 provoqu\u00e9s volontairement pour construire une ville intelligente"},"content":{"rendered":"<p><strong>Plusieurs vid\u00e9os sur les r\u00e9seaux sociaux affirment que les incendies en Californie auraient \u00e9t\u00e9 provoqu\u00e9s volontairement pour raser la ville de Los Angeles et y installer une \u00ab\u00a0smart city\u00a0\u00bb ou \u00ab\u00a0ville intelligente\u00a0\u00bb. C\u2019est le cas notamment d\u2019une vid\u00e9o virale dans laquelle un internaute\u00a0avance plusieurs arguments pour \u00e9tayer cette th\u00e8se. Nous les avons v\u00e9rifi\u00e9s.\u00a0Si certains \u00e9v\u00e9nements point\u00e9s du doigt sont bien v\u00e9ridiques,\u00a0d\u2019autres sont faux. Et, in fine,\u00a0non, les incendies n\u2019ont pas \u00e9t\u00e9 provoqu\u00e9s volontairement dans le but de construire une \u00ab\u00a0ville intelligente\u00a0\u00bb d\u2019ici 2028.<\/strong><\/p>\n<div>\n<div>\n<section data-elbcontext=\"url:https:\/\/www.rtbf.be\/article\/faky-la-rubrique-de-fact-checking-de-la-rtbf-11182158;area:to_be_read\" data-elbaction=\"click:click\">Les incendies dans la r\u00e9gion de Los Angeles, qui ont fait au moins 25 morts, ont r\u00e9duit en cendres une superficie quasi-\u00e9quivalente \u00e0 tout Bruxelles, en une semaine.\u00a0<a href=\"https:\/\/www.rtbf.be\/article\/etats-unis-pas-de-retour-des-evacues-avant-jeudi-a-los-angeles-en-raison-des-incendies-11488568\">Les habitants qui ont perdu un proche ou leur maison<\/a><a href=\"https:\/\/www.rtbf.be\/article\/etats-unis-pas-de-retour-des-evacues-avant-jeudi-a-los-angeles-en-raison-des-incendies-11488568\">\u00a0se demandent ce qui a provoqu\u00e9 les feux, de conna\u00eetre leur origine<\/a>. \u00c0 ce jour, l\u2019enqu\u00eate est toujours en cours et\u00a0\u00ab\u00a0toutes les pistes sont sur la table\u00a0\u00bb, selon les enqu\u00eateurs.<\/section>\n<\/div>\n<\/div>\n<div>\n<div>\n<div>\n<div data-elbcontext=\"area:link\" data-elb-navigation=\"url:#href\">\n<p>Sur les r\u00e9seaux sociaux, plusieurs utilisateurs avancent une s\u00e9rie d\u2019\u00e9l\u00e9ments indiquant que ces incendies auraient \u00e9t\u00e9 cr\u00e9\u00e9s et aliment\u00e9s volontairement pour d\u00e9truire des parties de la ville dans le but de faire de Los Angeles une ville intelligente \u00e0 l\u2019horizon 2028.\u00a0Pile au moment o\u00f9 la cit\u00e9 des Anges accueillera les Jeux olympiques.<\/p>\n<p>Certaines de ces publications (<a href=\"https:\/\/perma.cc\/LQ3E-3BUA\">1<\/a>,\u00a0<a href=\"https:\/\/perma.cc\/JL62-JAQQ\">2<\/a>)\u00a0sont largement relay\u00e9es par des comptes aux \u00c9tats-Unis, mais elles trouvent aussi \u00e9cho dans la sph\u00e8re francophone. Ainsi,\u00a0<a href=\"https:\/\/perma.cc\/9FB9-DT4H\">une vid\u00e9o<\/a>\u00a0publi\u00e9e le 11 janvier par un compte francophone comptabilise pr\u00e8s de 560.000 vues.<\/p>\n<p>Il y explique que plusieurs \u00e9l\u00e9ments sont perturbants au regard des images des incendies. Il dit : \u00ab\u00a0Les maisons sont d\u00e9truites mais les arbres restent debout [\u2026] avec encore des objets bleus miraculeusement \u00e9pargn\u00e9s. [\u2026] Parce qu\u2019ils utilisent des syst\u00e8mes pr\u00e9cis. C\u2019est une destruction cibl\u00e9e, m\u00e9thodique qui utilise des armes \u00e0 \u00e9nergie dirig\u00e9e. [\u2026] Les assurances ont \u00e9t\u00e9 annul\u00e9es avant les incendies, le budget des pompiers a \u00e9t\u00e9 r\u00e9duit de 17 millions de dollars aussi un mois avant. Et comme \u00e0 Maui, l\u2019eau a \u00e9t\u00e9 coup\u00e9e. Vous voyez le plan ? C\u2019est strat\u00e9gique et suit l\u2019agenda du d\u00e9veloppement durable. Voil\u00e0 pourquoi il y a des projets en cours comme Maui Smart et SmartLA2028. Parce que pour ces projets, il faut d\u2019abord d\u00e9truire pour reconstruire\u00a0\u00bb.<\/p>\n<p>La th\u00e9orie centrale pr\u00e9sent\u00e9e dans la vid\u00e9o c\u2019est l\u2019id\u00e9e que les incendies ont \u00e9t\u00e9 provoqu\u00e9s pour mettre en place la ville intelligente. Mais ce n\u2019est pas fond\u00e9. Pour convaincre sa communaut\u00e9 de cette th\u00e9orie trompeuse, l\u2019instagrameur liste plusieurs \u00e9v\u00e9nements li\u00e9s \u00e0 l\u2019apparition de ces feux, qui constitueraient, selon lui, une forme de preuve que les incendies ont \u00e9t\u00e9 provoqu\u00e9s intentionnellement. Nous les avons v\u00e9rifi\u00e9s.<\/p>\n<\/div>\n<\/div>\n<\/div>\n<\/div>\n<div>\n<div>\n<div>\n<div>\n<div>\n<div>Vers une ville intelligente ?<\/div>\n<\/div>\n<\/div>\n<\/div>\n<\/div>\n<\/div>\n<div>\n<div>\n<div>\n<div data-elbcontext=\"area:link\" data-elb-navigation=\"url:#href\">\n<p>L\u2019auteur de la vid\u00e9o virale affirme que ces incendies ne sont pas des feux de for\u00eat mais des \u00ab\u00a0feux intelligents\u00a0\u00bb.<br \/>\n\u00ab\u00a0C\u2019est une destruction cibl\u00e9e, m\u00e9thodique\u00a0\u00bb, dit-il. Il liste plusieurs \u00e9v\u00e9nements entourant l\u2019apparition des feux. Il affirme par exemple que\u00a0\u00ab\u00a0les assurances ont \u00e9t\u00e9 annul\u00e9es avant les incendies\u00a0\u00bb\u00a0et que\u00a0\u00ab\u00a0le budget des pompiers a \u00e9t\u00e9 r\u00e9duit de 17 millions de dollars\u00a0\u00bb, ou encore que\u00a0\u00ab\u00a0l\u2019eau a \u00e9t\u00e9 coup\u00e9e\u00a0\u00bb. Nous d\u00e9veloppons ces diff\u00e9rents points par apr\u00e8s. Selon l\u2019auteur, tous ces \u00e9l\u00e9ments indiqueraient que les incendies feraient partie d\u2019un \u00ab\u00a0plan\u00a0\u00bb pour d\u00e9truire la ville de Los Angeles et en faire une \u00ab\u00a0smart city\u00a0\u00bb, une ville intelligente.<\/p>\n<p>Tout d\u2019abord, il est vrai de dire que, depuis 2020, la ville de Los Angeles travaille sur le d\u00e9veloppement d\u2019une \u00ab\u00a0smart city\u00a0\u00bb. D\u2019ailleurs, c\u2019est une\u00a0<a href=\"https:\/\/ita.lacity.gov\/sites\/g\/files\/wph1626\/files\/2021-05\/SmartLA2028%20-%20Smart%20City%20Strategy.pdf\" target=\"_new\" rel=\"noopener\">strat\u00e9gie\u00a0publique<\/a>, appel\u00e9e SmartLA 2028. Un comit\u00e9 a \u00e9t\u00e9 cr\u00e9\u00e9 en 2019 pour int\u00e9grer 24 d\u00e9partements de la ville dans une sorte de hub afin de travailler sur la ville de demain. L\u2019id\u00e9e pour les autorit\u00e9s est donc d\u2019int\u00e9grer les outils technologiques au service du d\u00e9veloppement urbanistique.<\/p>\n<p>Mais qu\u2019est-ce qu\u2019une smart city ou \u00ab\u00a0ville intelligente\u00a0\u00bb et pourquoi cela n\u2019a rien \u00e0 voir avec les incendies ?<\/p>\n<p>Nathalie Crutzen est professeure de gestion \u00e0 HEC Li\u00e8ge et elle a cofond\u00e9 le Smart City Institute, un observatoire universitaire dont l\u2019objectif est d\u2019\u00e9tablir comment on g\u00e8re une smart city. Elle d\u00e9finit une ville intelligente :<br \/>\n\u00ab\u00a0C\u2019est un \u00e9cosyst\u00e8me, donc un ensemble d\u2019acteurs, sur un territoire donn\u00e9 qui a pour objectif la durabilit\u00e9 de ce territoire sur un plan social, environnemental et \u00e9conomique et qui utilise de mani\u00e8re optimale les technologies digitales pour cette transformation.\u00a0\u00bb<\/p>\n<p>Nathalie Crutzen explique par exemple qu\u2019\u00e0 l\u2019inverse, dans une smart city, on pourrait trouver des petits capteurs qui analyseraient les sols et seraient capables de donner des indications pour anticiper les feux.<\/p>\n<p>Et d\u2019ajouter :\u00a0\u00ab\u00a0Pour mettre en place une smart city, \u00e7a n\u2019a aucun sens de tout raser. L\u2019id\u00e9e est de partir de l\u2019existant pour le transformer et l\u2019am\u00e9liorer. Lancer un incendie, c\u2019est l\u2019inverse d\u2019une smart city.\u00a0\u00bb<\/p>\n<\/div>\n<\/div>\n<\/div>\n<\/div>\n<div>\n<div>\n<div>\n<div>\n<div><\/div>\n<\/div>\n<\/div>\n<\/div>\n<\/div>\n<div>\n<div>\n<div>\n<h2>\u00ab\u00a0Les maisons sont d\u00e9truites mais les arbres restent debout\u00a0\u00bb<\/h2>\n<\/div>\n<\/div>\n<\/div>\n<div>\n<div>\n<div>\n<div data-elbcontext=\"area:link\" data-elb-navigation=\"url:#href\">\n<p>\u00ab\u00a0Les maisons sont d\u00e9truites mais les arbres restent debout\u00a0\u00bb. C\u2019est une des th\u00e9ories qui circulent le plus sur les r\u00e9seaux sociaux. Elle circulait d\u00e9j\u00e0 en ao\u00fbt 2023,\u00a0<a href=\"https:\/\/www.rtbf.be\/article\/hawai-les-images-prises-du-ciel-montrent-l-ampleur-des-feux-11238976\">lors des feux de for\u00eat qui ont ravag\u00e9 l\u2019\u00eele de Maui, dans l\u2019\u00c9tat d\u2019Hawa\u00ef<\/a>. Cette th\u00e9orie d\u2019une destruction cibl\u00e9e a \u00e9t\u00e9 v\u00e9rifi\u00e9e par\u00a0<a href=\"https:\/\/www.politifact.com\/factchecks\/2023\/aug\/14\/instagram-posts\/no-hawaii-fires-werent-set-intentionally-to-turn-m\/\">Politifact<\/a>\u00a0et est jug\u00e9e sans fondement.<\/p>\n<p>Cependant, comment des arbres peuvent-ils rester intacts apr\u00e8s des incendies d\u2019une telle ampleur ?<\/p>\n<p>Premier \u00e9l\u00e9ment, il est faux de dire que les arbres n\u2019ont pas br\u00fbl\u00e9 apr\u00e8s le passage des flammes. Sur les images de\u00a0<a href=\"https:\/\/www.copernicus.eu\/en\/media\/image-day-gallery\/wildfires-continue-ravage-los-angeles-california-usa\">Copernicus<\/a>, de l\u2019agence spatiale europ\u00e9enne, dont les plus r\u00e9centes ont \u00e9t\u00e9 enregistr\u00e9es le 12 janvier dernier, on observe que la v\u00e9g\u00e9tation n\u2019a pas du tout \u00e9t\u00e9 \u00e9pargn\u00e9e par les incendies. Lorsqu\u2019on compare ces images satellites \u00e0 celles datant d\u2019avant les incendies, au 2 janvier, par exemple, on constate effectivement qu\u2019une large partie de la v\u00e9g\u00e9tation est partie en fum\u00e9e.<\/p>\n<\/div>\n<\/div>\n<\/div>\n<\/div>\n<div>\n<div>\n<div>\n<div>\n<div data-src=\"visualisation\/21155999\">\n<p><iframe title=\"Interactive or visual content\" src=\"https:\/\/flo.uri.sh\/visualisation\/21155999\/embed?auto=1\" frameborder=\"0\" scrolling=\"no\" sandbox=\"allow-same-origin allow-forms allow-scripts allow-downloads allow-popups allow-popups-to-escape-sandbox allow-top-navigation-by-user-activation\" data-mce-fragment=\"1\"><\/iframe><\/p>\n<div><a href=\"https:\/\/app.flourish.studio\/@flourish\/photo-slider?utm_source=showcase&amp;utm_campaign=visualisation\/21155999\" target=\"_top\">Interactive content by Flourish<\/a><\/div>\n<\/div>\n<\/div>\n<\/div>\n<\/div>\n<\/div>\n<div>\n<div>\n<div>\n<div data-elbcontext=\"area:link\" data-elb-navigation=\"url:#href\">\n<p>Et d\u2019ailleurs cela s\u2019explique par l\u2019\u00e9tat de s\u00e9cheresse dans lequel se trouvait cette v\u00e9g\u00e9tation. Comme l\u2019explique Marc-Andr\u00e9 Parisien, chercheur aupr\u00e8s du service canadien des for\u00eats cit\u00e9 par\u00a0<a href=\"https:\/\/ici.radio-canada.ca\/nouvelle\/2131710\/conditions-incendies-californie-changements-climatiques\">Radio Canada,<\/a>\u00a0la v\u00e9g\u00e9tation \u00e9tait particuli\u00e8rement s\u00e8che, la rendant hautement inflammable. Le chercheur explique \u00e9galement que la v\u00e9g\u00e9tation environnante avait pu largement se d\u00e9velopper en raison des pluies importantes en 2022 et 2023. C\u2019est donc une v\u00e9g\u00e9tation luxuriante mais ass\u00e9ch\u00e9e, devenue \u00ab\u00a0une biomasse\u00a0id\u00e9ale\u00a0pour alimenter les feux\u00a0\u00bb qui s\u2019est retrouv\u00e9e face aux incendies.<\/p>\n<\/div>\n<\/div>\n<\/div>\n<\/div>\n<div>\n<div>\n<div>\n<h2>Pourquoi certains arbres restent debout\u00a0?<\/h2>\n<\/div>\n<\/div>\n<\/div>\n<div>\n<div>\n<div>\n<div data-elbcontext=\"area:link\" data-elb-navigation=\"url:#href\">\n<p>Cependant, certaines photos, comme celle ci-dessous, prise par un photographe de l\u2019AFP, montrent bien que des arbres sont rest\u00e9s intacts alors qu\u2019ils sont entour\u00e9s de maisons ou de voitures calcin\u00e9es. Comment l\u2019expliquer ?<\/p>\n<\/div>\n<\/div>\n<\/div>\n<\/div>\n<div>\n<div>\n<div>\n<div>\n<div><img src=\"https:\/\/ds.static.rtbf.be\/article\/image\/1920x1080\/a\/d\/4\/6e3a21d3118d59599ee098cb5ca6c909-1736958634.jpg\" sizes=\" (min-width: 760px) 656px, calc(90.91vw - 17px)\" srcset=\"https:\/\/ds.static.rtbf.be\/article\/image\/180x100\/a\/d\/4\/6e3a21d3118d59599ee098cb5ca6c909-1736958634.jpg 180w, https:\/\/ds.static.rtbf.be\/article\/image\/370x208\/a\/d\/4\/6e3a21d3118d59599ee098cb5ca6c909-1736958634.jpg 370w, https:\/\/ds.static.rtbf.be\/article\/image\/770x433\/a\/d\/4\/6e3a21d3118d59599ee098cb5ca6c909-1736958634.jpg 770w, https:\/\/ds.static.rtbf.be\/article\/image\/1248x702\/a\/d\/4\/6e3a21d3118d59599ee098cb5ca6c909-1736958634.jpg 1248w, https:\/\/ds.static.rtbf.be\/article\/image\/1920x1080\/a\/d\/4\/6e3a21d3118d59599ee098cb5ca6c909-1736958634.jpg 1920w\" alt=\"Des propri\u00e9t\u00e9s en bord de mer br\u00fbl\u00e9es par l\u2019incendie de Palisades sont visibles \u00e0 l\u2019est de Malibu, en Californie, le 14\u00a0janvier 2025.\" data-nimg=\"fill\" \/><\/div>\n<\/div>\n<div>Des propri\u00e9t\u00e9s en bord de mer br\u00fbl\u00e9es par l\u2019incendie de Palisades sont visibles \u00e0 l\u2019est de Malibu, en Californie, le 14\u00a0janvier 2025.\u00a0\u00a9\u00a0AFP \u2013 ETIENNE LAURENT<\/div>\n<\/div>\n<\/div>\n<\/div>\n<div>\n<div>\n<div>\n<div data-elbcontext=\"area:link\" data-elb-navigation=\"url:#href\">\n<p>&nbsp;<\/p>\n<p>\u00ab\u00a0Le feu n\u2019est pas sp\u00e9cialement lin\u00e9aire. \u00c0 un moment donn\u00e9, le feu va avancer et puis il y aura des zones qui vont \u00eatre br\u00fbl\u00e9es et d\u2019autres pas, c\u2019est la nature\u00a0\u00bb, explique Olivier Giust, capitaine pompier et conseiller technique en feux de for\u00eat de la province de Li\u00e8ge, contact\u00e9 par la RTBF.<\/p>\n<p>\u00ab\u00a0C\u2019est le principe du feu, il ne ravage pas 100% des zones sur lesquelles il va passer. C\u2019est pour \u00e7a que l\u2019on parle de la surface br\u00fbl\u00e9e et de la surface parcourue. [\u2026] Imaginons que le feu parcourt un terrain de football. Le feu aura peut-\u00eatre br\u00fbl\u00e9 tout le terrain de football, \u00e0 l\u2019exception du rond central. Dans ce cas, la surface parcourue c\u2019est tout le terrain de football. La surface br\u00fbl\u00e9e c\u2019est la superficie moins le rond central.\u00a0\u00bb<\/p>\n<p>Selon le capitaine,\u00a0\u00ab\u00a0plusieurs raisons peuvent expliquer le fait que ce rond n\u2019ait pas br\u00fbl\u00e9\u00a0\u00bb. \u00ab\u00a0L\u2019humidit\u00e9 du sol, le fait qu\u2019il ait \u00e9t\u00e9 prot\u00e9g\u00e9 ou autre\u2026 C\u2019est juste l\u2019\u00e9volution naturelle du feu\u00a0\u00bb,\u00a0d\u00e9taille Olivier Giust.<\/p>\n<\/div>\n<\/div>\n<\/div>\n<\/div>\n<div>\n<div>\n<div>\n<h2>\u00ab\u00a0Des objets bleus miraculeusement \u00e9pargn\u00e9s\u00a0\u00bb<\/h2>\n<\/div>\n<\/div>\n<\/div>\n<div>\n<div>\n<div>\n<div data-elbcontext=\"area:link\" data-elb-navigation=\"url:#href\">\n<p>Qu\u2019en est-il de certains \u00ab\u00a0objets bleus\u00a0\u00bb rest\u00e9s intacts apr\u00e8s le passage des flammes ? Un des clich\u00e9s les plus utilis\u00e9s montre un paysage de d\u00e9solation o\u00f9 il ne reste rien sauf une barri\u00e8re et une poubelle bleue.<\/p>\n<p>Le journal\u00a0<a href=\"https:\/\/www.leparisien.fr\/environnement\/incendies-de-los-angeles-non-la-couleur-bleue-narrete-pas-les-flammes-13-01-2025-ZNA2K3S5EVAHBGHEVHNI3ZTA6Y.php\">Le Parisien<\/a>\u00a0a interrog\u00e9 Eric Brocardi, le porte-parole fran\u00e7ais de la f\u00e9d\u00e9ration nationale des sapeurs-pompiers :\u00a0\u00ab\u00a0Aucune \u00e9tude ne prouve qu\u2019une couleur a, plus qu\u2019une autre, le moindre effet face \u00e0 un incendie. La r\u00e9alit\u00e9 est beaucoup plus simple. Certains objets ou b\u00e2timents peuvent \u00eatre \u00e9pargn\u00e9s par le feu car celui-ci, sous l\u2019effet des bourrasques comme celles tr\u00e8s fortes qui soufflent et ont souffl\u00e9 sur Los Angeles, saute d\u2019un endroit \u00e0 l\u2019autre. C\u2019est une des raisons pour laquelle les professionnels de la lutte contre les feux font la diff\u00e9rence entre espace br\u00fbl\u00e9 et espace parcouru par un incendie\u00a0\u00bb, a-t-il expliqu\u00e9 \u00e0 nos confr\u00e8res.<\/p>\n<\/div>\n<\/div>\n<\/div>\n<\/div>\n<div>\n<div>\n<div>\n<h2>\u00ab\u00a0Ils utilisent des syst\u00e8mes pr\u00e9cis [\u2026] qui utilisent des armes \u00e0 \u00e9nergie dirig\u00e9e\u00a0\u00bb<\/h2>\n<\/div>\n<\/div>\n<\/div>\n<div>\n<div>\n<div>\n<div data-elbcontext=\"area:link\" data-elb-navigation=\"url:#href\">\n<p>Si les arbres et les objets bleus ont \u00e9t\u00e9 \u00e9pargn\u00e9s, ce serait, selon le cr\u00e9ateur de contenus, parce qu\u2019ils n\u2019auraient pas \u00e9t\u00e9 vis\u00e9s ou qu\u2019ils auraient pu r\u00e9sister \u00e0 l\u2019utilisation \u00ab\u00a0d\u2019armes \u00e0 \u00e9nergie dirig\u00e9e\u00a0\u00bb, une sorte de rayon laser.<\/p>\n<p>Par qui cette arme serait utilis\u00e9e ? La vid\u00e9o ici ne le dit pas. Elle fait r\u00e9f\u00e9rence \u00e0 un \u00ab\u00a0ils\u00a0\u00bb non identifi\u00e9. Cette th\u00e9orie des \u00ab\u00a0armes \u00e0 \u00e9nergie dirig\u00e9e\u00a0\u00bb n\u2019est pas nouvelle. On la retrouve d\u00e9j\u00e0 lors d\u2019incendies pr\u00e9c\u00e9dents comme pour les incendies d\u2019Hawa\u00ef en ao\u00fbt 2023, et d\u00e9j\u00e0 \u00e0 cette \u00e9poque cette th\u00e9orie avait \u00e9t\u00e9 v\u00e9rifi\u00e9e et invalid\u00e9e par\u00a0<a href=\"https:\/\/www.francetvinfo.fr\/replay-radio\/le-vrai-du-faux\/le-vrai-du-faux-les-incendies-a-hawai-ont-ils-ete-causes-par-une-arme-a-energie-dirigee-comme-l-affirment-de-nombreux-utilisateurs-des-reseaux-sociaux_5972510.html\">France Info<\/a>.<\/p>\n<p>En utilisant un outil de reconnaissance d\u2019image on se rend compte que l\u2019image ci-dessous, pr\u00e9sentant une sorte de rayon laser qui semble percuter une mini-colline, est utilis\u00e9e depuis de tr\u00e8s nombreuses ann\u00e9es. L\u2019occurrence de cette image la plus ancienne retrouv\u00e9e date\u00a0d\u2019il y a six ans dans un post sur le r\u00e9seau social Reddit. Cette image a \u00e9t\u00e9 utilis\u00e9e pour illustrer tant\u00f4t des \u00ab\u00a0armes \u00e0 \u00e9nergie dirig\u00e9e\u00a0\u00bb dans le cadre de diff\u00e9rents incendies, tant\u00f4t pour illustrer le lancement d\u2019une fus\u00e9e de Space X. Nous avons remont\u00e9 l\u2019origine de cette image. Il s\u2019agit de la base am\u00e9ricaine de Vandenberg en Californie. Une base qui a servi de lancement pour le Space X Falcon 9 le 22 mai 2018. Donc bien il y a six ans.<\/p>\n<\/div>\n<\/div>\n<\/div>\n<\/div>\n<div>\n<div>\n<div>\n<div>\n<div><img src=\"https:\/\/ds.static.rtbf.be\/article\/image\/1920x1080\/8\/7\/6\/c7da2202001ef3739c67954b4c9dbb31-1736949205.png\" sizes=\" (min-width: 760px) 656px, calc(90.91vw - 17px)\" srcset=\"https:\/\/ds.static.rtbf.be\/article\/image\/180x100\/8\/7\/6\/c7da2202001ef3739c67954b4c9dbb31-1736949205.png 180w, https:\/\/ds.static.rtbf.be\/article\/image\/370x208\/8\/7\/6\/c7da2202001ef3739c67954b4c9dbb31-1736949205.png 370w, https:\/\/ds.static.rtbf.be\/article\/image\/770x433\/8\/7\/6\/c7da2202001ef3739c67954b4c9dbb31-1736949205.png 770w, https:\/\/ds.static.rtbf.be\/article\/image\/1248x702\/8\/7\/6\/c7da2202001ef3739c67954b4c9dbb31-1736949205.png 1248w, https:\/\/ds.static.rtbf.be\/article\/image\/1920x1080\/8\/7\/6\/c7da2202001ef3739c67954b4c9dbb31-1736949205.png 1920w\" alt=\"Capture d\u2019\u00e9cran\" data-nimg=\"fill\" \/><\/div>\n<\/div>\n<div>Capture d\u2019\u00e9cran\u00a0\u00a9\u00a0D.R.<\/div>\n<\/div>\n<\/div>\n<\/div>\n<div>\n<div>\n<div>\n<div data-elbcontext=\"area:link\" data-elb-navigation=\"url:#href\">\n<p>&nbsp;<\/p>\n<p>Au-del\u00e0 de l\u2019utilisation d\u00e9tourn\u00e9e de certaines images, se pose alors la question de savoir si les \u00ab\u00a0armes \u00e0 \u00e9nergie dirig\u00e9e\u00a0\u00bb peuvent \u00eatre responsables de feux en cours en Californie ?<\/p>\n<p>Pour plusieurs raisons, la r\u00e9ponse est non, selon Alain de Neve, chercheur \u00e0 l\u2019Institut royal de d\u00e9fense.<\/p>\n<p>Il d\u00e9finit les armes \u00e0 \u00e9nergie dirig\u00e9e comme ayant la particularit\u00e9 \u00ab\u00a0d\u2019utiliser un faisceau d\u2019\u00e9nergie tr\u00e8s concentr\u00e9 et dont l\u2019objectif est de neutraliser ou de d\u00e9truire une cible qui dispose de composants \u00e9lectroniques\u00a0\u00bb. Elles peuvent, par exemple, \u00ab\u00a0endommager les processeurs internes des missiles ou des drones contre lesquels elles sont dirig\u00e9es\u00a0\u00bb.\u00a0Ces armes \u00e0 \u00e9nergie dirig\u00e9e ne visent donc pas des b\u00e2timents ou d\u2019autres objets non-\u00e9lectroniques.<\/p>\n<p>De plus, l\u2019emploi de ces armes n\u00e9cessiterait \u00e9norm\u00e9ment de ressources en \u00e9nergie et de ressources humaines. \u00ab\u00a0Pourquoi mobiliser une arme \u00e0 \u00e9nergie dirig\u00e9e alors que quelques hommes et un briquet suffisent ?\u00a0\u00bb, s\u2019interroge le chercheur. Et d\u2019ajouter,\u00a0\u00ab\u00a0pour parvenir \u00e0 produire une \u00e9nergie tr\u00e8s concentr\u00e9e \u00e0 travers un faisceau lui-m\u00eame tr\u00e8s concentr\u00e9, cela demande une base d\u2019\u00e9nergie assez consid\u00e9rable\u00a0\u00bb.<\/p>\n<p>Enfin, sur la vid\u00e9o, l\u2019un des arguments utilis\u00e9s est de dire que si les maisons sont d\u00e9truites et que le buisson \u00e0 c\u00f4t\u00e9 est \u00e9pargn\u00e9, c\u2019est parce que\u00a0\u00ab\u00a0des syst\u00e8mes pr\u00e9cis\u00a0\u00bb\u00a0sont utilis\u00e9s.\u00a0\u00ab\u00a0C\u2019est une destruction cibl\u00e9e et m\u00e9thodique qui utilise des armes \u00e0 \u00e9nergie dirig\u00e9e\u00a0\u00bb,\u00a0dit l\u2019auteur de la vid\u00e9o.<\/p>\n<p>Or,\u00a0il s\u2019agit d\u2019armes bien trop pr\u00e9cises, d\u2019une pr\u00e9cision plus fine que celle suppos\u00e9e par les propos dans cette vid\u00e9o. \u00ab\u00a0Cette pr\u00e9cision rend donc leur utilisation tr\u00e8s limit\u00e9e\u00a0\u00bb, indique le chercheur.\u00a0\u00ab\u00a0Si ces armes \u00e9taient utilis\u00e9es contre des b\u00e2timents, elles ne produiraient aucun effet de destruction explosive. Par contre, elles mettraient compl\u00e8tement hors d\u2019usage les circuits \u00e9lectriques des maisons ou des b\u00e2timents publics\u00a0\u00bb.\u00a0En d\u2019autres termes et pour exemple, si une arme \u00e0 \u00e9nergie dirig\u00e9e avait \u00e9t\u00e9 utilis\u00e9e sur une maison elle n\u2019aurait pas d\u00e9truit la maison mais son syst\u00e8me d\u2019alarme.<\/p>\n<\/div>\n<\/div>\n<\/div>\n<\/div>\n<div>\n<div>\n<div>\n<h2>\u00ab\u00a0Les assurances ont \u00e9t\u00e9 annul\u00e9es avant les incendies\u00a0\u00bb<\/h2>\n<\/div>\n<\/div>\n<\/div>\n<div>\n<div>\n<div>\n<div data-elbcontext=\"area:link\" data-elb-navigation=\"url:#href\">\n<p>L\u2019information selon laquelle une partie des assurances couvrant les incendies ont \u00e9t\u00e9 annul\u00e9es avant les feux est plut\u00f4t vraie.<\/p>\n<p>En mars 2024, le principal assureur de Californie, State Farm, a d\u00e9cid\u00e9 de ne pas renouveler 72.000 contrats \u00e0 partir du mois de juillet, comme le confirme\u00a0<a target=\"_new\" rel=\"noopener\">cette\u00a0lettre<\/a>\u00a0envoy\u00e9e par la pr\u00e9sidente de State Farm et adress\u00e9e au r\u00e9gulateur. \u00c0 l\u2019\u00e9chelle de l\u2019\u00c9tat, cela repr\u00e9sente 3% des contrats, selon l\u2019assureur. Mais dans le quartier cossu de Pacific Palisades, \u00e0 pr\u00e9sent ravag\u00e9 par les flammes, pr\u00e8s de 70% des contrats n\u2019ont pas \u00e9t\u00e9 renouvel\u00e9s par State Farm. Un des principaux assureurs a donc bien arr\u00eat\u00e9 de couvrir une grande partie des habitations dans l\u2019un des quartiers les plus touch\u00e9s par les incendies.<\/p>\n<p>State Farm n\u2019est pas le seul assureur qui arr\u00eate de couvrir certains quartiers tr\u00e8s expos\u00e9s au risque d\u2019incendie. Selon le\u00a0<a href=\"https:\/\/www.washingtonpost.com\/climate-environment\/2025\/01\/09\/california-wildfire-palisades-homeowners-insurance\/\" target=\"_new\" rel=\"noopener\">Washington\u00a0Post<\/a>, au cours des deux derni\u00e8res ann\u00e9es, sept des douze principaux assureurs de Californie ont r\u00e9duit leur couverture en n\u2019\u00e9mettant plus de nouveaux contrats ou en ne renouvelant pas les contrats existants dans certaines zones. Pour expliquer ce choix, les entreprises ont notamment cit\u00e9 l\u2019inflation \u00e9lev\u00e9e, l\u2019exposition aux catastrophes, mais aussi les co\u00fbts \u00e9lev\u00e9s li\u00e9s \u00e0 la r\u00e9assurance.<\/p>\n<p><a href=\"https:\/\/www.rtbf.be\/article\/en-californie-la-multiplication-des-catastrophes-naturelles-rend-les-assurances-impayables-11488272\" target=\"_new\" rel=\"noopener\">Et\u00a0les\u00a0incendies\u00a0actuels\u00a0risquent\u00a0d\u2019accentuer\u00a0cette\u00a0tendance<\/a>, laissant de nombreuses familles am\u00e9ricaines dans l\u2019incapacit\u00e9 d\u2019assurer leur habitation.<\/p>\n<\/div>\n<\/div>\n<\/div>\n<\/div>\n<div>\n<div>\n<div>\n<h2>\u00ab\u00a0Le budget des pompiers a \u00e9t\u00e9 r\u00e9duit de 17\u00a0millions de dollars\u00a0\u00bb<\/h2>\n<\/div>\n<\/div>\n<\/div>\n<div>\n<div>\n<div>\n<div data-elbcontext=\"area:link\" data-elb-navigation=\"url:#href\">\n<p>La maire d\u00e9mocrate de Los Angeles, Karen Bass, est sous le feu des critiques pour sa gestion des incendies. Il lui est notamment reproch\u00e9 d\u2019avoir approuv\u00e9 une coupe de 17 millions de dollars dans\u00a0<a href=\"https:\/\/www.rtbf.be\/article\/incendies-a-los-angeles-des-pompiers-prives-sauvent-les-maisons-des-plus-riches-11488743\" target=\"_new\" rel=\"noopener\">le\u00a0budget\u00a0des\u00a0pompiers<\/a>. En consultant\u00a0<a href=\"https:\/\/openbudget.lacity.org\/#!\/year\/2025\/operating\/0\/department_name\/Fire\/0\/program_name?vis=barChart\" target=\"_new\" rel=\"noopener\">le\u00a0budget\u00a0de\u00a0la\u00a0ville<\/a>, approuv\u00e9 en juin, on constate en effet que le montant allou\u00e9 au d\u00e9partement des incendies est pass\u00e9 de 837,19 millions de dollars en 2024 \u00e0 819,64 millions de dollars en 2025. Cela repr\u00e9sente bien une diminution de 17,55 millions de dollars.<\/p>\n<p>Dans un rapport publi\u00e9\u00a0<a href=\"https:\/\/clkrep.lacity.org\/onlinedocs\/2024\/24-1600_rpt_bfc_12-17-24.pdf\" target=\"_new\" rel=\"noopener\">en\u00a0d\u00e9cembre<\/a>, la cheffe des pompiers de Los Angeles, Kristin Crowley, a vivement critiqu\u00e9 cette coupe budg\u00e9taire, affirmant qu\u2019elle risquait d\u2019affecter la\u00a0\u00ab\u00a0capacit\u00e9 du d\u00e9partement \u00e0 maintenir ses op\u00e9rations de base\u00a0\u00bb, y compris la formation et la r\u00e9ponse aux urgences \u00e0 grande \u00e9chelle.<\/p>\n<p>Karen Bass a r\u00e9pondu aux critiques lors d\u2019une conf\u00e9rence de presse :\u00a0\u00ab\u00a0Aucune r\u00e9duction n\u2019a \u00e9t\u00e9 effectu\u00e9e qui aurait pu avoir un impact sur la situation \u00e0 laquelle nous \u00e9tions confront\u00e9s ces derniers jours\u00a0\u00bb, a-t-elle affirm\u00e9.<\/p>\n<p>Par ailleurs, selon le\u00a0<a href=\"https:\/\/www.latimes.com\/california\/story\/2025-01-10\/how-much-did-the-l-a-fire-department-really-cut-its-budget\" target=\"_new\" rel=\"noopener\">Los\u00a0Angeles\u00a0Times<\/a>, le conseil municipal a approuv\u00e9, apr\u00e8s l\u2019adoption du budget 2025, une augmentation de salaire pour les pompiers et un budget suppl\u00e9mentaire pour des nouveaux \u00e9quipements, le tout estim\u00e9 \u00e0 111 millions de dollars. Si on prend en compte cette augmentation, les moyens allou\u00e9s au budget des pompiers ont donc \u00e9t\u00e9 augment\u00e9s pour 2025, toujours selon le quotidien californien.<\/p>\n<\/div>\n<\/div>\n<\/div>\n<\/div>\n<div>\n<div>\n<div>\n<h2>\u00ab\u00a0L\u2019eau a \u00e9t\u00e9 coup\u00e9e\u00a0\u00bb<\/h2>\n<\/div>\n<\/div>\n<\/div>\n<div>\n<div>\n<div>\n<div data-elbcontext=\"area:link\" data-elb-navigation=\"url:#href\">\n<p>Dans la\u00a0vid\u00e9o virale analys\u00e9e, l\u2019internaute affirme que\u00a0\u00ab\u00a0l\u2019eau a \u00e9t\u00e9 coup\u00e9e\u00a0\u00bb\u00a0\u00e0 Los Angeles.\u00a0Dans d\u2019autres vid\u00e9os et\u00a0<a href=\"https:\/\/ds1.static.rtbf.be\/uploader\/image\/1\/c\/9\/beta_e967bb604d1124f9c4ddf0676dd367a0.png\">publications<\/a>, des utilisateurs accusent le gouverneur de Californie, Gavin Newsom, d\u2019avoir coup\u00e9 volontairement l\u2019approvisionnement en eau de Los Angeles.<\/p>\n<p>Cette accusation renvoie \u00e0 une\u00a0<a href=\"https:\/\/truthsocial.com\/@realDonaldTrump\/posts\/113793724958051185\">publication<\/a>\u00a0du pr\u00e9sident \u00e9lu Donald Trump sur Truth Social, dans lequel il accuse le gouverneur d\u00e9mocrate\u00a0d\u2019avoir refus\u00e9 de signer \u00ab\u00a0la d\u00e9claration de restauration de l\u2019eau\u00a0\u00bb, qui aurait permis, selon Donald Trump, \u00ab\u00a0\u00e0 des millions de litres d\u2019eau [\u2026] de s\u2019\u00e9couler quotidiennement dans de nombreuses r\u00e9gions de Californie, y compris les zones qui br\u00fblent actuellement [\u2026]\u00a0\u00bb. Les propos ont depuis \u00e9t\u00e9 v\u00e9rifi\u00e9s par plusieurs m\u00e9dias, notamment de\u00a0<a href=\"https:\/\/edition.cnn.com\/2025\/01\/09\/politics\/fact-check-trump-california-wildfires-fema\/index.html\">CNN<\/a>\u00a0et de la\u00a0<a href=\"https:\/\/www.bbc.com\/news\/articles\/czj3yk90kpyo\">BBC<\/a>. Ces articles de v\u00e9rification ont d\u00e9montr\u00e9 que cette affirmation \u00e9tait fausse.<\/p>\n<p>M\u00eame si le sud de la Californie conna\u00eet une longue p\u00e9riode de s\u00e9cheresse, aucun de ses r\u00e9servoirs n\u2019est \u00e0 un niveau significativement bas, comme le montrent\u00a0<a href=\"https:\/\/cdec.water.ca.gov\/resapp\/RescondMain\">les donn\u00e9es officielles<\/a>. Pour la plupart, ils sont m\u00eame remplis \u00e0 des niveaux historiquement hauts. Pr\u00e9cisons toutefois que le r\u00e9servoir de Santa Ynez, situ\u00e9 \u00e0 Pacific Palisades mais non r\u00e9pertori\u00e9 sur la carte, \u00e9tait ferm\u00e9 pour cause de travaux de maintenance. Il \u00e9tait vide quand le feu s\u2019est d\u00e9clar\u00e9 dans le quartier.<\/p>\n<p>Des responsables du D\u00e9partement de l\u2019eau et de l\u2019\u00e9lectricit\u00e9 de Los Angeles (DWP) ont d\u00e9clar\u00e9 \u00e0 la BBC que si le r\u00e9servoir de Santa Ynez avait \u00e9t\u00e9 op\u00e9rationnel, il aurait pu augmenter l\u2019approvisionnement en eau, mais on ne sait pas quel aurait pu \u00eatre son r\u00e9el impact.<\/p>\n<p>Par contre, il est vrai que dans certains quartiers, les pompiers ont \u00e9t\u00e9 confront\u00e9s \u00e0 des p\u00e9nuries d\u2019eau. L\u2019information a \u00e9t\u00e9 confirm\u00e9e par le gouverneur de Californie, qui a appel\u00e9 \u00e0 une enqu\u00eate ind\u00e9pendante sur la perte de pression d\u2019eau de certaines bouches d\u2019incendie et sur \u00ab\u00a0l\u2019indisponibilit\u00e9\u00a0signal\u00e9e de l\u2019approvisionnement en eau du r\u00e9servoir de Santa\u00a0Ynez\u00a0\u00bb.<\/p>\n<p>Cependant, il est donc faux de dire que l\u2019eau a \u00e9t\u00e9, totalement ou en partie, volontairement coup\u00e9e dans l\u2019ensemble de Los Angeles.<\/p>\n<\/div>\n<\/div>\n<\/div>\n<\/div>\n<div>\n<div>\n<div>\n<h2>Une smart city pr\u00e9vue \u00e0 Los Angeles mais aucun lien avec les incendies<\/h2>\n<\/div>\n<\/div>\n<\/div>\n<div>\n<div>\n<div>\n<div data-elbcontext=\"area:link\" data-elb-navigation=\"url:#href\">\n<p>Si certains \u00e9v\u00e9nements point\u00e9s du doigt sont bien v\u00e9ridiques, d\u2019autres sont erron\u00e9s et d\u2019autres sont utilis\u00e9s de fa\u00e7on fallacieuse. Dans tous les cas, ils ne permettent pas d\u2019\u00e9tablir une corr\u00e9lation entre l\u2019apparition de ces feux et la cr\u00e9ation d\u2019une ville intelligente. Il n\u2019existe aucune preuve que ces feux aient \u00e9t\u00e9 cr\u00e9\u00e9s intentionnellement pour faire de Los Angeles une \u00ab\u00a0smart city\u00a0\u00bb. D\u2019autant plus que la cr\u00e9ation d\u2019une ville intelligente ne n\u00e9cessite pas de d\u00e9truire des b\u00e2timents existants pour \u00eatre mise en place.<\/p>\n<p>De nombreuses fausses informations ont circul\u00e9 autour des feux meurtriers qui ont eu lieu en Californie mais qui n\u2019ont rien \u00e0 avoir avec l\u2019id\u00e9e d\u2019une ville intelligente. C\u2019est le cas, par exemple, de la th\u00e9orie selon laquelle des militaires ukrainiens poss\u00e9daient plusieurs manoirs partis en fum\u00e9e dans les incendies. Depuis le d\u00e9but des incendies, plusieurs de ces fausses informations ont pu \u00eatre v\u00e9rifi\u00e9es et invalid\u00e9es, notamment par\u00a0<a href=\"https:\/\/www.newsguardrealitycheck.com\/p\/wild-claims-about-la-wildfires-get?r=2c9vhn&amp;triedRedirect=true\">NewsGuard<\/a>.<\/p>\n<\/div>\n<\/div>\n<\/div>\n<\/div>\n","protected":false},"excerpt":{"rendered":"<p>Plusieurs vid\u00e9os sur les r\u00e9seaux sociaux affirment que les incendies en Californie auraient \u00e9t\u00e9 provoqu\u00e9s volontairement pour raser la ville&#8230;<\/p>\n","protected":false},"author":1,"featured_media":380451,"comment_status":"closed","ping_status":"closed","sticky":false,"template":"","format":"standard","meta":{"_acf_changed":false,"footnotes":""},"categories":[452,126,471,125,116,132,135,138,389],"tags":[],"class_list":{"0":"post-380456","1":"post","2":"type-post","3":"status-publish","4":"format-standard","5":"has-post-thumbnail","7":"category-editors-choice-fr","8":"category-environnement","9":"category-etats-unis","10":"category-fact-check-fr","11":"category-non-classifiee","12":"category-politique","13":"category-science-fr","14":"category-societe","15":"category-technologie-fact-check-fr-2"},"acf":{"show_metatags":true,"id":"https:\/\/www.rtbf.be\/article\/incendies-a-los-angeles-non-les-feux-n-ont-pas-ete-provoques-volontairement-pour-construire-une-ville-intelligente-11489924","authors":"Johanna Bouquet et Marine Lambrecht avec Gr\u00e9goire Ryckmans","organization":"RTBF","featured_image_copyright":"","text_copyright":"Copyright: (C)RTBF Radio, Television Belge Francophone, plus d'infos: https:\/\/www.rtbf.be\/cgu\/","source":"https:\/\/www.rtbf.be\/article\/incendies-a-los-angeles-non-les-feux-n-ont-pas-ete-provoques-volontairement-pour-construire-une-ville-intelligente-11489924","fact_checker":"https:\/\/belux.wpengine.com\/wp-content\/uploads\/2022\/01\/rtbf-logo.jpg","type":"\u00c9v\u00e9nement ferm\u00e9","location":"","start_date":"","start_date_event_begins_at":"","start_date_event_ends_at":"","end_date":"","end_date_event_begins_at":"","end_date_event_ends_at":"","organizer":"","fact_checker_logo_image":false},"yoast_head":"<!-- This site is optimized with the Yoast SEO plugin v27.0 - https:\/\/yoast.com\/product\/yoast-seo-wordpress\/ -->\n<title>Incendies \u00e0 Los Angeles\u00a0: non, les feux n\u2019ont pas \u00e9t\u00e9 provoqu\u00e9s volontairement pour construire une ville intelligente - EDMO Belux<\/title>\n<meta name=\"robots\" content=\"index, follow, max-snippet:-1, max-image-preview:large, max-video-preview:-1\" \/>\n<link rel=\"canonical\" href=\"https:\/\/belux.edmo.eu\/fr\/incendies-los-angeles-non-les-feux-nont-pas-t-provoqus-volontairement-pour-construire-une-ville-intelligente\/\" \/>\n<meta property=\"og:locale\" content=\"fr_FR\" \/>\n<meta property=\"og:type\" content=\"article\" \/>\n<meta property=\"og:title\" content=\"Incendies \u00e0 Los Angeles\u00a0: non, les feux n\u2019ont pas \u00e9t\u00e9 provoqu\u00e9s volontairement pour construire une ville intelligente - EDMO Belux\" \/>\n<meta property=\"og:description\" content=\"Plusieurs vid\u00e9os sur les r\u00e9seaux sociaux affirment que les incendies en Californie auraient \u00e9t\u00e9 provoqu\u00e9s volontairement pour raser la ville...\" \/>\n<meta property=\"og:url\" content=\"https:\/\/belux.edmo.eu\/fr\/incendies-los-angeles-non-les-feux-nont-pas-t-provoqus-volontairement-pour-construire-une-ville-intelligente\/\" \/>\n<meta property=\"og:site_name\" content=\"EDMO Belux\" \/>\n<meta property=\"article:published_time\" content=\"2025-01-17T10:30:20+00:00\" \/>\n<meta property=\"article:modified_time\" content=\"2025-01-17T12:37:46+00:00\" \/>\n<meta property=\"og:image\" content=\"https:\/\/belux-edmo.s3-accelerate.amazonaws.com\/wp-content\/uploads\/2025\/01\/4670c07872d5314c6ad6ffa633d4a059-1736973385.jpg\" \/>\n\t<meta property=\"og:image:width\" content=\"770\" \/>\n\t<meta property=\"og:image:height\" content=\"433\" \/>\n\t<meta property=\"og:image:type\" content=\"image\/jpeg\" \/>\n<meta name=\"author\" content=\"master\" \/>\n<meta name=\"twitter:card\" content=\"summary_large_image\" \/>\n<meta name=\"twitter:creator\" content=\"@Edmo_Belux\" \/>\n<meta name=\"twitter:site\" content=\"@Edmo_Belux\" \/>\n<meta name=\"twitter:label1\" content=\"\u00c9crit par\" \/>\n\t<meta name=\"twitter:data1\" content=\"master\" \/>\n\t<meta name=\"twitter:label2\" content=\"Dur\u00e9e de lecture estim\u00e9e\" \/>\n\t<meta name=\"twitter:data2\" content=\"14 minutes\" \/>\n<script type=\"application\/ld+json\" class=\"yoast-schema-graph\">{\"@context\":\"https:\/\/schema.org\",\"@graph\":[{\"@type\":\"Article\",\"@id\":\"https:\/\/belux.edmo.eu\/fr\/incendies-los-angeles-non-les-feux-nont-pas-t-provoqus-volontairement-pour-construire-une-ville-intelligente\/#article\",\"isPartOf\":{\"@id\":\"https:\/\/belux.edmo.eu\/fr\/incendies-los-angeles-non-les-feux-nont-pas-t-provoqus-volontairement-pour-construire-une-ville-intelligente\/\"},\"author\":{\"name\":\"master\",\"@id\":\"https:\/\/belux.edmo.eu\/#\/schema\/person\/dbe3b252258537fd318f9b5645a30342\"},\"headline\":\"Incendies \u00e0 Los Angeles\u00a0: non, les feux n\u2019ont pas \u00e9t\u00e9 provoqu\u00e9s volontairement pour construire une ville intelligente\",\"datePublished\":\"2025-01-17T10:30:20+00:00\",\"dateModified\":\"2025-01-17T12:37:46+00:00\",\"mainEntityOfPage\":{\"@id\":\"https:\/\/belux.edmo.eu\/fr\/incendies-los-angeles-non-les-feux-nont-pas-t-provoqus-volontairement-pour-construire-une-ville-intelligente\/\"},\"wordCount\":3369,\"publisher\":{\"@id\":\"https:\/\/belux.edmo.eu\/#organization\"},\"image\":{\"@id\":\"https:\/\/belux.edmo.eu\/fr\/incendies-los-angeles-non-les-feux-nont-pas-t-provoqus-volontairement-pour-construire-une-ville-intelligente\/#primaryimage\"},\"thumbnailUrl\":\"https:\/\/belux-edmo.s3-accelerate.amazonaws.com\/wp-content\/uploads\/2025\/01\/4670c07872d5314c6ad6ffa633d4a059-1736973385.jpg\",\"articleSection\":[\"Editor's Choice Slider FR\",\"Environnement\",\"Etats-Unis\",\"Fact-Check\",\"Non classifi\u00e9(e)\",\"Politique\",\"Science\",\"Societe\",\"Technologie\"],\"inLanguage\":\"fr-FR\"},{\"@type\":\"WebPage\",\"@id\":\"https:\/\/belux.edmo.eu\/fr\/incendies-los-angeles-non-les-feux-nont-pas-t-provoqus-volontairement-pour-construire-une-ville-intelligente\/\",\"url\":\"https:\/\/belux.edmo.eu\/fr\/incendies-los-angeles-non-les-feux-nont-pas-t-provoqus-volontairement-pour-construire-une-ville-intelligente\/\",\"name\":\"Incendies \u00e0 Los Angeles\u00a0: non, les feux n\u2019ont pas \u00e9t\u00e9 provoqu\u00e9s volontairement pour construire une ville intelligente - EDMO Belux\",\"isPartOf\":{\"@id\":\"https:\/\/belux.edmo.eu\/#website\"},\"primaryImageOfPage\":{\"@id\":\"https:\/\/belux.edmo.eu\/fr\/incendies-los-angeles-non-les-feux-nont-pas-t-provoqus-volontairement-pour-construire-une-ville-intelligente\/#primaryimage\"},\"image\":{\"@id\":\"https:\/\/belux.edmo.eu\/fr\/incendies-los-angeles-non-les-feux-nont-pas-t-provoqus-volontairement-pour-construire-une-ville-intelligente\/#primaryimage\"},\"thumbnailUrl\":\"https:\/\/belux-edmo.s3-accelerate.amazonaws.com\/wp-content\/uploads\/2025\/01\/4670c07872d5314c6ad6ffa633d4a059-1736973385.jpg\",\"datePublished\":\"2025-01-17T10:30:20+00:00\",\"dateModified\":\"2025-01-17T12:37:46+00:00\",\"breadcrumb\":{\"@id\":\"https:\/\/belux.edmo.eu\/fr\/incendies-los-angeles-non-les-feux-nont-pas-t-provoqus-volontairement-pour-construire-une-ville-intelligente\/#breadcrumb\"},\"inLanguage\":\"fr-FR\",\"potentialAction\":[{\"@type\":\"ReadAction\",\"target\":[\"https:\/\/belux.edmo.eu\/fr\/incendies-los-angeles-non-les-feux-nont-pas-t-provoqus-volontairement-pour-construire-une-ville-intelligente\/\"]}]},{\"@type\":\"ImageObject\",\"inLanguage\":\"fr-FR\",\"@id\":\"https:\/\/belux.edmo.eu\/fr\/incendies-los-angeles-non-les-feux-nont-pas-t-provoqus-volontairement-pour-construire-une-ville-intelligente\/#primaryimage\",\"url\":\"https:\/\/belux-edmo.s3-accelerate.amazonaws.com\/wp-content\/uploads\/2025\/01\/4670c07872d5314c6ad6ffa633d4a059-1736973385.jpg\",\"contentUrl\":\"https:\/\/belux-edmo.s3-accelerate.amazonaws.com\/wp-content\/uploads\/2025\/01\/4670c07872d5314c6ad6ffa633d4a059-1736973385.jpg\",\"width\":770,\"height\":433,\"caption\":\"Incendies \u00e0 Los Angeles\u00a0: non, les feux n\u2019ont pas \u00e9t\u00e9 provoqu\u00e9s volontairement pour construire une ville intelligente - Featured image\"},{\"@type\":\"BreadcrumbList\",\"@id\":\"https:\/\/belux.edmo.eu\/fr\/incendies-los-angeles-non-les-feux-nont-pas-t-provoqus-volontairement-pour-construire-une-ville-intelligente\/#breadcrumb\",\"itemListElement\":[{\"@type\":\"ListItem\",\"position\":1,\"name\":\"Home\",\"item\":\"https:\/\/belux.edmo.eu\/fr\/\"},{\"@type\":\"ListItem\",\"position\":2,\"name\":\"Incendies \u00e0 Los Angeles\u00a0: non, les feux n\u2019ont pas \u00e9t\u00e9 provoqu\u00e9s volontairement pour construire une ville intelligente\"}]},{\"@type\":\"WebSite\",\"@id\":\"https:\/\/belux.edmo.eu\/#website\",\"url\":\"https:\/\/belux.edmo.eu\/\",\"name\":\"EDMO Belux\",\"description\":\"Monitoring Disinformation in Belgium and Luxembourg\",\"publisher\":{\"@id\":\"https:\/\/belux.edmo.eu\/#organization\"},\"potentialAction\":[{\"@type\":\"SearchAction\",\"target\":{\"@type\":\"EntryPoint\",\"urlTemplate\":\"https:\/\/belux.edmo.eu\/?s={search_term_string}\"},\"query-input\":{\"@type\":\"PropertyValueSpecification\",\"valueRequired\":true,\"valueName\":\"search_term_string\"}}],\"inLanguage\":\"fr-FR\"},{\"@type\":\"Organization\",\"@id\":\"https:\/\/belux.edmo.eu\/#organization\",\"name\":\"EDMO Belux\",\"url\":\"https:\/\/belux.edmo.eu\/\",\"logo\":{\"@type\":\"ImageObject\",\"inLanguage\":\"fr-FR\",\"@id\":\"https:\/\/belux.edmo.eu\/#\/schema\/logo\/image\/\",\"url\":\"https:\/\/belux.edmo.eu\/wp-content\/uploads\/2021\/12\/belux-logo-full-color-rgb.svg\",\"contentUrl\":\"https:\/\/belux.edmo.eu\/wp-content\/uploads\/2021\/12\/belux-logo-full-color-rgb.svg\",\"width\":1,\"height\":1,\"caption\":\"EDMO Belux\"},\"image\":{\"@id\":\"https:\/\/belux.edmo.eu\/#\/schema\/logo\/image\/\"},\"sameAs\":[\"https:\/\/x.com\/Edmo_Belux\"]},{\"@type\":\"Person\",\"@id\":\"https:\/\/belux.edmo.eu\/#\/schema\/person\/dbe3b252258537fd318f9b5645a30342\",\"name\":\"master\",\"sameAs\":[\"https:\/\/belux.wpengine.com\"],\"url\":\"https:\/\/belux.edmo.eu\/fr\/author\/master\/\"}]}<\/script>\n<!-- \/ Yoast SEO plugin. -->","yoast_head_json":{"title":"Incendies \u00e0 Los Angeles\u00a0: non, les feux n\u2019ont pas \u00e9t\u00e9 provoqu\u00e9s volontairement pour construire une ville intelligente - EDMO Belux","robots":{"index":"index","follow":"follow","max-snippet":"max-snippet:-1","max-image-preview":"max-image-preview:large","max-video-preview":"max-video-preview:-1"},"canonical":"https:\/\/belux.edmo.eu\/fr\/incendies-los-angeles-non-les-feux-nont-pas-t-provoqus-volontairement-pour-construire-une-ville-intelligente\/","og_locale":"fr_FR","og_type":"article","og_title":"Incendies \u00e0 Los Angeles\u00a0: non, les feux n\u2019ont pas \u00e9t\u00e9 provoqu\u00e9s volontairement pour construire une ville intelligente - EDMO Belux","og_description":"Plusieurs vid\u00e9os sur les r\u00e9seaux sociaux affirment que les incendies en Californie auraient \u00e9t\u00e9 provoqu\u00e9s volontairement pour raser la ville...","og_url":"https:\/\/belux.edmo.eu\/fr\/incendies-los-angeles-non-les-feux-nont-pas-t-provoqus-volontairement-pour-construire-une-ville-intelligente\/","og_site_name":"EDMO Belux","article_published_time":"2025-01-17T10:30:20+00:00","article_modified_time":"2025-01-17T12:37:46+00:00","og_image":[{"width":770,"height":433,"url":"https:\/\/belux-edmo.s3-accelerate.amazonaws.com\/wp-content\/uploads\/2025\/01\/4670c07872d5314c6ad6ffa633d4a059-1736973385.jpg","type":"image\/jpeg"}],"author":"master","twitter_card":"summary_large_image","twitter_creator":"@Edmo_Belux","twitter_site":"@Edmo_Belux","twitter_misc":{"\u00c9crit par":"master","Dur\u00e9e de lecture estim\u00e9e":"14 minutes"},"schema":{"@context":"https:\/\/schema.org","@graph":[{"@type":"Article","@id":"https:\/\/belux.edmo.eu\/fr\/incendies-los-angeles-non-les-feux-nont-pas-t-provoqus-volontairement-pour-construire-une-ville-intelligente\/#article","isPartOf":{"@id":"https:\/\/belux.edmo.eu\/fr\/incendies-los-angeles-non-les-feux-nont-pas-t-provoqus-volontairement-pour-construire-une-ville-intelligente\/"},"author":{"name":"master","@id":"https:\/\/belux.edmo.eu\/#\/schema\/person\/dbe3b252258537fd318f9b5645a30342"},"headline":"Incendies \u00e0 Los Angeles\u00a0: non, les feux n\u2019ont pas \u00e9t\u00e9 provoqu\u00e9s volontairement pour construire une ville intelligente","datePublished":"2025-01-17T10:30:20+00:00","dateModified":"2025-01-17T12:37:46+00:00","mainEntityOfPage":{"@id":"https:\/\/belux.edmo.eu\/fr\/incendies-los-angeles-non-les-feux-nont-pas-t-provoqus-volontairement-pour-construire-une-ville-intelligente\/"},"wordCount":3369,"publisher":{"@id":"https:\/\/belux.edmo.eu\/#organization"},"image":{"@id":"https:\/\/belux.edmo.eu\/fr\/incendies-los-angeles-non-les-feux-nont-pas-t-provoqus-volontairement-pour-construire-une-ville-intelligente\/#primaryimage"},"thumbnailUrl":"https:\/\/belux-edmo.s3-accelerate.amazonaws.com\/wp-content\/uploads\/2025\/01\/4670c07872d5314c6ad6ffa633d4a059-1736973385.jpg","articleSection":["Editor's Choice Slider FR","Environnement","Etats-Unis","Fact-Check","Non classifi\u00e9(e)","Politique","Science","Societe","Technologie"],"inLanguage":"fr-FR"},{"@type":"WebPage","@id":"https:\/\/belux.edmo.eu\/fr\/incendies-los-angeles-non-les-feux-nont-pas-t-provoqus-volontairement-pour-construire-une-ville-intelligente\/","url":"https:\/\/belux.edmo.eu\/fr\/incendies-los-angeles-non-les-feux-nont-pas-t-provoqus-volontairement-pour-construire-une-ville-intelligente\/","name":"Incendies \u00e0 Los Angeles\u00a0: non, les feux n\u2019ont pas \u00e9t\u00e9 provoqu\u00e9s volontairement pour construire une ville intelligente - EDMO Belux","isPartOf":{"@id":"https:\/\/belux.edmo.eu\/#website"},"primaryImageOfPage":{"@id":"https:\/\/belux.edmo.eu\/fr\/incendies-los-angeles-non-les-feux-nont-pas-t-provoqus-volontairement-pour-construire-une-ville-intelligente\/#primaryimage"},"image":{"@id":"https:\/\/belux.edmo.eu\/fr\/incendies-los-angeles-non-les-feux-nont-pas-t-provoqus-volontairement-pour-construire-une-ville-intelligente\/#primaryimage"},"thumbnailUrl":"https:\/\/belux-edmo.s3-accelerate.amazonaws.com\/wp-content\/uploads\/2025\/01\/4670c07872d5314c6ad6ffa633d4a059-1736973385.jpg","datePublished":"2025-01-17T10:30:20+00:00","dateModified":"2025-01-17T12:37:46+00:00","breadcrumb":{"@id":"https:\/\/belux.edmo.eu\/fr\/incendies-los-angeles-non-les-feux-nont-pas-t-provoqus-volontairement-pour-construire-une-ville-intelligente\/#breadcrumb"},"inLanguage":"fr-FR","potentialAction":[{"@type":"ReadAction","target":["https:\/\/belux.edmo.eu\/fr\/incendies-los-angeles-non-les-feux-nont-pas-t-provoqus-volontairement-pour-construire-une-ville-intelligente\/"]}]},{"@type":"ImageObject","inLanguage":"fr-FR","@id":"https:\/\/belux.edmo.eu\/fr\/incendies-los-angeles-non-les-feux-nont-pas-t-provoqus-volontairement-pour-construire-une-ville-intelligente\/#primaryimage","url":"https:\/\/belux-edmo.s3-accelerate.amazonaws.com\/wp-content\/uploads\/2025\/01\/4670c07872d5314c6ad6ffa633d4a059-1736973385.jpg","contentUrl":"https:\/\/belux-edmo.s3-accelerate.amazonaws.com\/wp-content\/uploads\/2025\/01\/4670c07872d5314c6ad6ffa633d4a059-1736973385.jpg","width":770,"height":433,"caption":"Incendies \u00e0 Los Angeles\u00a0: non, les feux n\u2019ont pas \u00e9t\u00e9 provoqu\u00e9s volontairement pour construire une ville intelligente - Featured image"},{"@type":"BreadcrumbList","@id":"https:\/\/belux.edmo.eu\/fr\/incendies-los-angeles-non-les-feux-nont-pas-t-provoqus-volontairement-pour-construire-une-ville-intelligente\/#breadcrumb","itemListElement":[{"@type":"ListItem","position":1,"name":"Home","item":"https:\/\/belux.edmo.eu\/fr\/"},{"@type":"ListItem","position":2,"name":"Incendies \u00e0 Los Angeles\u00a0: non, les feux n\u2019ont pas \u00e9t\u00e9 provoqu\u00e9s volontairement pour construire une ville intelligente"}]},{"@type":"WebSite","@id":"https:\/\/belux.edmo.eu\/#website","url":"https:\/\/belux.edmo.eu\/","name":"EDMO Belux","description":"Monitoring Disinformation in Belgium and Luxembourg","publisher":{"@id":"https:\/\/belux.edmo.eu\/#organization"},"potentialAction":[{"@type":"SearchAction","target":{"@type":"EntryPoint","urlTemplate":"https:\/\/belux.edmo.eu\/?s={search_term_string}"},"query-input":{"@type":"PropertyValueSpecification","valueRequired":true,"valueName":"search_term_string"}}],"inLanguage":"fr-FR"},{"@type":"Organization","@id":"https:\/\/belux.edmo.eu\/#organization","name":"EDMO Belux","url":"https:\/\/belux.edmo.eu\/","logo":{"@type":"ImageObject","inLanguage":"fr-FR","@id":"https:\/\/belux.edmo.eu\/#\/schema\/logo\/image\/","url":"https:\/\/belux.edmo.eu\/wp-content\/uploads\/2021\/12\/belux-logo-full-color-rgb.svg","contentUrl":"https:\/\/belux.edmo.eu\/wp-content\/uploads\/2021\/12\/belux-logo-full-color-rgb.svg","width":1,"height":1,"caption":"EDMO Belux"},"image":{"@id":"https:\/\/belux.edmo.eu\/#\/schema\/logo\/image\/"},"sameAs":["https:\/\/x.com\/Edmo_Belux"]},{"@type":"Person","@id":"https:\/\/belux.edmo.eu\/#\/schema\/person\/dbe3b252258537fd318f9b5645a30342","name":"master","sameAs":["https:\/\/belux.wpengine.com"],"url":"https:\/\/belux.edmo.eu\/fr\/author\/master\/"}]}},"menu_order":0,"_links":{"self":[{"href":"https:\/\/belux.edmo.eu\/fr\/wp-json\/wp\/v2\/posts\/380456","targetHints":{"allow":["GET"]}}],"collection":[{"href":"https:\/\/belux.edmo.eu\/fr\/wp-json\/wp\/v2\/posts"}],"about":[{"href":"https:\/\/belux.edmo.eu\/fr\/wp-json\/wp\/v2\/types\/post"}],"author":[{"embeddable":true,"href":"https:\/\/belux.edmo.eu\/fr\/wp-json\/wp\/v2\/users\/1"}],"replies":[{"embeddable":true,"href":"https:\/\/belux.edmo.eu\/fr\/wp-json\/wp\/v2\/comments?post=380456"}],"version-history":[{"count":0,"href":"https:\/\/belux.edmo.eu\/fr\/wp-json\/wp\/v2\/posts\/380456\/revisions"}],"wp:featuredmedia":[{"embeddable":true,"href":"https:\/\/belux.edmo.eu\/fr\/wp-json\/wp\/v2\/media\/380451"}],"wp:attachment":[{"href":"https:\/\/belux.edmo.eu\/fr\/wp-json\/wp\/v2\/media?parent=380456"}],"wp:term":[{"taxonomy":"category","embeddable":true,"href":"https:\/\/belux.edmo.eu\/fr\/wp-json\/wp\/v2\/categories?post=380456"},{"taxonomy":"post_tag","embeddable":true,"href":"https:\/\/belux.edmo.eu\/fr\/wp-json\/wp\/v2\/tags?post=380456"}],"curies":[{"name":"wp","href":"https:\/\/api.w.org\/{rel}","templated":true}]}}