{"id":38639,"date":"2022-05-19T11:06:13","date_gmt":"2022-05-19T11:06:13","guid":{"rendered":"https:\/\/belux.wpengine.com\/?p=38639"},"modified":"2022-05-19T14:20:01","modified_gmt":"2022-05-19T14:20:01","slug":"en-inde-et-au-pakistan-une-vague-de-chaleur-record-mais-pas-de-pic-62c","status":"publish","type":"post","link":"https:\/\/belux.edmo.eu\/fr\/en-inde-et-au-pakistan-une-vague-de-chaleur-record-mais-pas-de-pic-62c\/","title":{"rendered":"En Inde et au Pakistan, une vague de chaleur record mais pas de pic \u00e0 62\u00b0C"},"content":{"rendered":"<p><b><strong>Des publications partag\u00e9es plus d&rsquo;un millier de fois assurent que les vagues de chaleur qui s&rsquo;abattent sur l&rsquo;Inde et le Pakistan ont fait monter les temp\u00e9ratures de l&rsquo;air \u00e0 \u00ab\u00a062 degr\u00e9s Celsius\u00a0\u00bb, un niveau jamais atteint sur le globe. La canicule dans ces deux pays est bien r\u00e9elle mais ces affirmations sont inexactes : elles s&rsquo;appuient sur une image satellite largement diffus\u00e9e en ligne qui montre la temp\u00e9rature de surface du sous-continent indien, un indicateur diff\u00e9rent de la temp\u00e9rature de l&rsquo;air utilis\u00e9e dans les bulletins m\u00e9t\u00e9orologiques. Selon les autorit\u00e9s, le pic de temp\u00e9rature de l&rsquo;air dans ces deux pays s&rsquo;est en r\u00e9alit\u00e9 \u00e9tabli en avril entre 47,4 et 49\u00b0C, un niveau d\u00e9j\u00e0 consid\u00e9r\u00e9 comme extr\u00eamement dangereux pour la sant\u00e9 humaine.<\/strong><\/b><\/p>\n<p><em>\u00ab\u00a0Sinon, on en parle de l&rsquo;#Inde et du #Pakistan ? 1 milliard de personnes sont en train de suffoquer. <strong>Jusqu&rsquo;\u00e0 62\u00b0C dans l&rsquo;air<\/strong>, 50\u00b0C au sol, incendies, coupures d&rsquo;\u00e9lectricit\u00e9, p\u00e9nuries agricoles&#8230; \u00ab\u00a0<\/em>, <a href=\"https:\/\/archive.ph\/jFmxc\" target=\"_blank\" rel=\"noopener\" shape=\"rect\">a tweet\u00e9<\/a>le 5 mai un internaute dans une publication relay\u00e9e pr\u00e8s de 1200 fois depuis le 5 mai dernier.<\/p>\n<p>Ce tweet, \u00e9galement partag\u00e9 sur Facebook, fait \u00e9cho \u00e0 d&rsquo;autres publications alarmistes publi\u00e9es \u00e0 la fin du mois d&rsquo;avril et qui relaient une m\u00eame image satellite du sous-continent indien (<a href=\"https:\/\/web.archive.org\/web\/20220501075237\/https:\/\/twitter.com\/ClemSenechal\/status\/1520672333815496705\" target=\"_blank\" rel=\"noopener\" shape=\"rect\">1<\/a>, <a href=\"https:\/\/perma.cc\/593N-9QGA\" target=\"_blank\" rel=\"noopener\" shape=\"rect\">2<\/a>, <a href=\"https:\/\/perma.cc\/8YH4-C98Q\" target=\"_blank\" rel=\"noopener\" shape=\"rect\">3<\/a>) recouverte de rouge \u00e9carlate : <em>\u00ab\u00a0Jusqu&rsquo;\u00e0 62\u00b0 C en Inde dans certaines r\u00e9gions\u00a0\u00bb<\/em>, alerte <a href=\"https:\/\/www.facebook.com\/1734720193452299\/posts\/3266215176969452\" target=\"_blank\" rel=\"noopener\" shape=\"rect\">un site d&rsquo;actualit\u00e9s r\u00e9unionnais<\/a>quand <a href=\"https:\/\/perma.cc\/8YH4-C98Q\" target=\"_blank\" rel=\"noopener\" shape=\"rect\">un autre internaute<\/a>\u00e9crit : <em>\u00ab\u00a0En Inde on est arriv\u00e9 \u00e0 62\u00b0C\u00a0\u00bb<\/em>.<\/p>\n<div class=\"grid-with-margin\">\n<div class=\"e-afp-col-layout\">\n<div id=\"wysiwyg\" class=\"www-item image\"><img class=\"lazyload blur-up\" src=\"https:\/\/belux.wpengine.com\/wp-content\/uploads\/2022\/05\/7e8c0c5e766d18c7c04e2c7d62f294ab21bca890-ipad.jpg\" data-original=\"\" \/><span class=\"legend\">Capture d&rsquo;\u00e9cran Facebook effectu\u00e9e le 13 mai 2022<\/span><\/div>\n<\/div>\n<div class=\"e-afp-col-layout\">\n<div id=\"wysiwyg\" class=\"www-item image\"><img class=\"lazyload blur-up\" src=\"https:\/\/belux.wpengine.com\/wp-content\/uploads\/2022\/05\/b1eef55585547c65e7bda56209b15af6e3193c4e-ipad.jpg\" data-original=\"\" \/><span class=\"legend\">Capture d&rsquo;\u00e9cran Twitter effectu\u00e9e le 13 mai 2022<\/span><\/div>\n<\/div>\n<\/div>\n<p>Ce visuel a \u00e9galement \u00e9t\u00e9 diffus\u00e9, accompagn\u00e9 d&rsquo;affirmations comparables\u00a0en <a href=\"https:\/\/archive.ph\/2OuzQ\" shape=\"rect\">anglais<\/a>, en <a href=\"https:\/\/archive.ph\/ALlBE\" shape=\"rect\">espagnol<\/a>, en <a href=\"https:\/\/archive.ph\/KIZnv\" shape=\"rect\">portugais<\/a>et en <a href=\"https:\/\/www.evernote.com\/shard\/s356\/sh\/57c8e87f-ce79-4773-876d-feee82684630\/ad5635709811599f09a31ade7515fe3c\" target=\"_blank\" rel=\"noopener\" shape=\"rect\">tha\u00ef<\/a>.<\/p>\n<p>Ces publications ont circul\u00e9 alors qu&rsquo;une\u00a0vague de chaleur record s&rsquo;abattait en avril sur l&rsquo;Inde\u00a0et le Pakistan, provoquant des coupures d&rsquo;\u00e9lectricit\u00e9 et des p\u00e9nuries d&rsquo;eau pour des millions d&rsquo;habitants qui devraient subir cette fournaise de plus en plus fr\u00e9quemment \u00e0 l&rsquo;avenir, selon des experts du changement climatique.<\/p>\n<p>Comme l&rsquo;a expliqu\u00e9 l&rsquo;AFP <a href=\"http:\/\/u.afp.com\/w6ku\" target=\"_blank\" rel=\"noopener\" shape=\"rect\">au mois d&rsquo;avril<\/a>, les vagues de chaleur\u00a0ont tu\u00e9 plus de 6.500 personnes en\u00a0Inde\u00a0depuis 2010. Les scientifiques affirment qu&rsquo;en raison du changement climatique, elles sont plus fr\u00e9quentes mais aussi plus s\u00e9v\u00e8res.<\/p>\n<p><b>Temp\u00e9rature de l&rsquo;air et de surface, deux mesures diff\u00e9rentes<\/b><\/p>\n<p>Ces publications sont pourtant inexactes : l&rsquo;image en question d\u00e9crit les diff\u00e9rentes temp\u00e9ratures de surface observ\u00e9es sur le sous-continent indien. Or cela ne correspond pas \u00e0 la temp\u00e9rature de l&rsquo;air que l&rsquo;on mobilise habituellement dans les bulletins m\u00e9t\u00e9orologiques.<\/p>\n<p>Une recherche d&rsquo;image invers\u00e9e sur Google a permis d&rsquo;identifier l&rsquo;origine de ce visuel : c&rsquo;est le 29 avril 2022 que cette image satellite a \u00e9t\u00e9 publi\u00e9e <a href=\"https:\/\/twitter.com\/PlatformAdam\/status\/1519980107217129472\" target=\"_blank\" rel=\"noopener\" shape=\"rect\">sur Twitter<\/a>par <a href=\"https:\/\/adamplatform.eu\/#whatis\" shape=\"rect\">ADAM platform<\/a>, une plateforme sp\u00e9cialis\u00e9e dans la mise \u00e0 disposition des donn\u00e9es sur le climat.<\/p>\n<div class=\"g2web\" style=\"text-align: center;\">\n<p>&nbsp;<\/p>\n<blockquote class=\"twitter-tweet\">\n<p dir=\"ltr\" lang=\"en\">The current extreme <a href=\"https:\/\/twitter.com\/hashtag\/heatwave?src=hash&amp;ref_src=twsrc%5Etfw\" shape=\"rect\">#heatwave<\/a>in <a href=\"https:\/\/twitter.com\/hashtag\/Pakistan?src=hash&amp;ref_src=twsrc%5Etfw\" shape=\"rect\">#Pakistan<\/a>and <a href=\"https:\/\/twitter.com\/hashtag\/India?src=hash&amp;ref_src=twsrc%5Etfw\" shape=\"rect\">#India<\/a>as seen today, on the fourth intense hot day, by <a href=\"https:\/\/twitter.com\/hashtag\/Copernicus?src=hash&amp;ref_src=twsrc%5Etfw\" shape=\"rect\">#Copernicus<\/a><a href=\"https:\/\/twitter.com\/hashtag\/Sentinel3?src=hash&amp;ref_src=twsrc%5Etfw\" shape=\"rect\">#Sentinel3<\/a>LST (Land Surface Temperature, not Air!). LST collected on April 29 shows max value exceeding 62\u00b0C\/143\u00b0F. Gaps due to cloud\/snow\/nodata. <a href=\"https:\/\/twitter.com\/hashtag\/ClimateEmergency?src=hash&amp;ref_src=twsrc%5Etfw\" shape=\"rect\">#ClimateEmergency<\/a><a href=\"https:\/\/t.co\/0MCMkcSg0t\" shape=\"rect\">pic.twitter.com\/0MCMkcSg0t<\/a><\/p>\n<p>\u2014 ADAM Platform (@PlatformAdam)<br \/>\n<a href=\"https:\/\/twitter.com\/PlatformAdam\/status\/1519980107217129472?ref_src=twsrc%5Etfw\" shape=\"rect\">April 29, 2022<\/a><\/p><\/blockquote>\n<p><script async=\"\" charset=\"utf-8\" src=\"https:\/\/platform.twitter.com\/widgets.js\" xml:space=\"preserve\"><\/script><\/p>\n<\/div>\n<p>Comme expliqu\u00e9 en l\u00e9gende, cette carte pr\u00e9sente <em>\u00ab\u00a0la vague de chaleur extr\u00eame telle qu&rsquo;observ\u00e9e aujourd&rsquo;hui au Pakistan et en Inde, en ce quatri\u00e8me jour de forte chaleur, par [les satellites d&rsquo;observation europ\u00e9ens] Sentinel-3 [du programme] Copernicus\u00a0\u00bb<\/em>.<\/p>\n<p>Et la plateforme de pr\u00e9ciser express\u00e9ment qu&rsquo;il s&rsquo;agit de la <em>\u00ab\u00a0temp\u00e9rature de surface, pas de [la temp\u00e9rature de] l&rsquo;air !\u00a0\u00bb<\/em>, dont <em>\u00ab\u00a0les valeurs maximales collect\u00e9es le 29 avril ont pu d\u00e9passer 62\u00b0 Celsius\u00a0\u00bb<\/em>.<\/p>\n<p>La <a href=\"https:\/\/earthobservatory.nasa.gov\/global-maps\/MOD_LSTD_M\" target=\"_blank\" rel=\"noopener\" shape=\"rect\">temp\u00e9rature de surface<\/a>(en anglais, <em>\u00ab\u00a0land surface temperature\u00a0\u00bb<\/em>) n&rsquo;est ainsi pas identique \u00e0 <a href=\"https:\/\/meteofrance.com\/comprendre-la-meteo\/temperatures\/quest-ce-que-la-temperature\" target=\"_blank\" rel=\"noopener\" shape=\"rect\">la temp\u00e9rature de l&rsquo;air<\/a>, comme l&rsquo;expliquent plusieurs experts.<\/p>\n<p><em>\u00ab\u00a0La temp\u00e9rature de surface correspond \u00e0 <a href=\"https:\/\/climate.esa.int\/fr\/projects\/land-surface-temperature\/\" target=\"_blank\" rel=\"noopener\" shape=\"rect\">la temp\u00e9rature de la surface terrestre \u00e0 un endroit donn\u00e9<\/a>, alors que la temp\u00e9rature de l&rsquo;air correspond \u00e0 [une mesure effectu\u00e9e] dans l&rsquo;air, au-dessus du sol\u00a0\u00bb<\/em>, a expliqu\u00e9 \u00e0 l&rsquo;AFP <a href=\"https:\/\/people.climate.columbia.edu\/users\/profile\/cascade-tuholske\" shape=\"rect\">Cascade Tuholske<\/a>, g\u00e9ographe et post-doctorant \u00e0 l&rsquo;universit\u00e9 de Columbia de New York, le 4 mai 2022.<\/p>\n<p>La temp\u00e9rature de l&rsquo;air, bien plus que la temp\u00e9rature de surface, est une mesure importante <em>\u00ab\u00a0pour la compr\u00e9hension des impacts de la chaleur sur la sant\u00e9 humaine\u00a0\u00bb<\/em>, pr\u00e9cise le chercheur.<\/p>\n<p>C&rsquo;est cet indicateur qui est largement mobilis\u00e9<em> \u00ab\u00a0pour fournir des informations au grand public lors des bulletins m\u00e9t\u00e9orologiques\u00a0\u00bb<\/em>, d\u00e9crit <a href=\"https:\/\/www.weforum.org\/people\/omar-baddour\" target=\"_blank\" rel=\"noopener\" shape=\"rect\">Omar Baddour<\/a>, sp\u00e9cialiste des donn\u00e9es climatiques au sein de <a href=\"https:\/\/public.wmo.int\/fr\" target=\"_blank\" rel=\"noopener\" shape=\"rect\">l&rsquo;Organisation m\u00e9t\u00e9orologique mondiale<\/a>(OMM).<\/p>\n<p>Pour pouvoir mesurer la temp\u00e9rature de l&rsquo;air, <em>\u00ab\u00a0le thermom\u00e8tre ou la sonde est plac\u00e9 \u00e0 1,5 m du sol dans un abri ajour\u00e9<\/em>\u00ab\u00a0, pr\u00e9cise M\u00e9t\u00e9o-France <a href=\"https:\/\/meteofrance.com\/comprendre-la-meteo\/temperatures\/quest-ce-que-la-temperature\" target=\"_blank\" rel=\"noopener\" shape=\"rect\">sur son site internet<\/a>, m\u00eame si, selon les organismes de m\u00e9t\u00e9orologie, cette hauteur peut varier jusqu&rsquo;\u00e0 deux m\u00e8tres, comme l&rsquo;indique <a href=\"https:\/\/arctic.noaa.gov\/Report-Card\/Report-Card-2021\/ArtMID\/8022\/ArticleID\/948\/Surface-Air-Temperature\" target=\"_blank\" rel=\"noopener\" shape=\"rect\">la NASA<\/a>.<\/p>\n<p><em>\u00ab\u00a0Cet abri laisse ainsi circuler l&rsquo;air et prot\u00e8ge l&rsquo;instrument de mesure du rayonnement direct du soleil. Pour effectuer leurs mesures, les services m\u00e9t\u00e9orologiques respectent des normes d\u00e9finies par l&rsquo;Organisation m\u00e9t\u00e9orologique mondiale. Ces observations, r\u00e9alis\u00e9es dans des conditions identiques partout dans le monde, peuvent ainsi \u00eatre \u00e9chang\u00e9es, compar\u00e9es et int\u00e9gr\u00e9es dans les mod\u00e8les de pr\u00e9vision du temps\u00a0\u00bb<\/em>, ajoute M\u00e9t\u00e9o-France.<\/p>\n<p>Selon <a href=\"https:\/\/public.wmo.int\/en\/media\/contact-us\" target=\"_blank\" rel=\"noopener\" shape=\"rect\">Clare Nullis<\/a>de la communication de l&rsquo;OMM, <em>\u00ab\u00a0la temp\u00e9rature de l&rsquo;air mesur\u00e9e \u00e0 deux m\u00e8tres de hauteur correspond habituellement \u00e0 la temp\u00e9rature que l&rsquo;on ressent (si l&rsquo;on pense \u00e0 la taille moyenne d&rsquo;un adulte)\u00a0\u00bb<\/em>.<\/p>\n<p>C&rsquo;est la Vall\u00e9e de la mort (\u00ab\u00a0Death Valley\u00a0\u00bb), situ\u00e9e dans le d\u00e9sert des Mojaves, \u00e0 l&rsquo;ouest de la ville de Las Vegas aux Etats-Unis, qui d\u00e9tient le record de la temp\u00e9rature la plus \u00e9lev\u00e9e jamais enregistr\u00e9e sur Terre : 56,7\u00b0C, <a href=\"https:\/\/wmo.asu.edu\/content\/world-highest-temperature\" target=\"_blank\" rel=\"noopener\" shape=\"rect\">en juillet 1913<\/a>.<\/p>\n<p>Un niveau fr\u00f4l\u00e9 de peu <a href=\"https:\/\/public.wmo.int\/en\/media\/news\/wmo-will-verify-temperature-of-544%C2%B0c-california-usa\" target=\"_blank\" rel=\"noopener\" shape=\"rect\">en ao\u00fbt 2020<\/a>, rapporte l&rsquo;OMM : 54,4\u00b0C avaient alors \u00e9t\u00e9 relev\u00e9s au m\u00eame endroit selon une mesure qui, en cas d&rsquo;homologation, serait la troisi\u00e8me temp\u00e9rature la plus chaude jamais enregistr\u00e9e sur Terre et la plus haute de l&rsquo;\u00e8re moderne de la m\u00e9t\u00e9orologie.<\/p>\n<p>A quoi sert donc la mesure de <a href=\"https:\/\/climate.esa.int\/en\/projects\/land-surface-temperature\/about\/\" target=\"_blank\" rel=\"noopener\" shape=\"rect\">la temp\u00e9rature de surface<\/a>, expos\u00e9e sur ce visuel devenu viral ?<\/p>\n<p><em>\u00ab\u00a0La temp\u00e9rature de surface mesure les \u00e9missions de radiations thermiques depuis la surface de la Terre, l\u00e0 o\u00f9 l&rsquo;\u00e9nergie en provenance du Soleil interagit avec le sol et le r\u00e9chauffe, ou depuis la surface de la canop\u00e9e dans les r\u00e9gions recouvertes par la v\u00e9g\u00e9tation\u00a0\u00bb<\/em>, expliquent des sp\u00e9cialistes dans un ouvrage <a href=\"https:\/\/www.sciencedirect.com\/topics\/earth-and-planetary-sciences\/land-surface-temperature\" target=\"_blank\" rel=\"noopener\" shape=\"rect\">paru en 2019<\/a>. De quoi constituer, selon ces chercheurs, <em>\u00ab\u00a0un bon indicateur du partitionnement \u00e9nerg\u00e9tique \u00e0 la fronti\u00e8re entre la surface de la Terre et son atmosph\u00e8re, et un indicateur qui s&rsquo;av\u00e8re sensible \u00e0 l&rsquo;\u00e9volution des conditions en surface\u00a0\u00bb<\/em>.<\/p>\n<p>Comme l&rsquo;explique <a href=\"https:\/\/earthobservatory.nasa.gov\/global-maps\/MOD_LSTD_M\" target=\"_blank\" rel=\"noopener\" shape=\"rect\">la NASA<\/a>, <em>\u00ab\u00a0les scientifiques [la] surveillent parce que la chaleur qui s&rsquo;\u00e9l\u00e8ve depuis le sol de la plan\u00e8te influence (et est influenc\u00e9e par) la m\u00e9t\u00e9o mondiale et les r\u00e9gimes climatiques\u00a0\u00bb<\/em>.<\/p>\n<p>En effectuant son suivi, les experts du climat souhaitent identifier \u00e0 quel point <em>\u00ab\u00a0les \u00e9missions de gaz \u00e0 effet de serre dans l&rsquo;atmosph\u00e8re influencent la temp\u00e9rature de la surface terrestre, et dans quelle mesure son augmentation affecte les glaciers, les calottes glaciaires, le perg\u00e9lisol et la v\u00e9g\u00e9tation des \u00e9cosyst\u00e8mes\u00a0\u00bb<\/em>, ajoute la NASA.<\/p>\n<p>Mais contrairement \u00e0 la temp\u00e9rature de l&rsquo;air, la mesure de la temp\u00e9rature de surface se fait \u00e0 distance, <a href=\"https:\/\/land.copernicus.eu\/global\/products\/lst\" target=\"_blank\" rel=\"noopener\" shape=\"rect\">gr\u00e2ce \u00e0 des satellites<\/a>. Ces mesures sont accessibles librement, notamment <a href=\"https:\/\/neo.gsfc.nasa.gov\/view.php?datasetId=MOD_LSTD_E&amp;date=2022-04-23\" target=\"_blank\" rel=\"noopener\" shape=\"rect\">sur le site la NASA<\/a>.<\/p>\n<p><b>47,4\u00b0C relev\u00e9s en Inde en avril<\/b><\/p>\n<p>En date du 12 mai 2022, ni l&rsquo;Inde ni le Pakistan n&rsquo;ont relev\u00e9 de temp\u00e9ratures de l&rsquo;air sup\u00e9rieures \u00e0 60\u00b0C, contrairement aux affirmations de ces publications virales.<\/p>\n<p>La temp\u00e9rature la plus \u00e9lev\u00e9e mesur\u00e9e en avril 2022 en Inde est de 47,4\u00b0C. Elle a \u00e9t\u00e9 identifi\u00e9e le <a href=\"https:\/\/timesofindia.indiatimes.com\/city\/lucknow\/uttar-pradesh-at-47-4-degrees-celsius-banda-hottest-place-in-country\/articleshow\/91188920.cms\" target=\"_blank\" rel=\"noopener\" shape=\"rect\">29 april<\/a>et le <a href=\"https:\/\/science.thewire.in\/environment\/no-respite-from-heatwaves-for-northwest-central-india-in-may-imd\/\" target=\"_blank\" rel=\"noopener\" shape=\"rect\">30 avril<\/a>\u00e0 Banda, dans la municipalit\u00e9 de l&rsquo;Uttar Pradesh, rapporte le <a href=\"https:\/\/mausam.imd.gov.in\/\" target=\"_blank\" rel=\"noopener\" shape=\"rect\">Service m\u00e9t\u00e9orologique indien<\/a>. La barre des 48\u00b0C a m\u00eame \u00e9t\u00e9 franchie le 12 mai dans le district de Barmer, dans la province du Rajasthan, o\u00f9 les temp\u00e9ratures ont atteint 48,1\u00b0C.<\/p>\n<p>Selon le <a href=\"https:\/\/www.pmd.gov.pk\/en\/\" target=\"_blank\" rel=\"noopener\" shape=\"rect\">Service m\u00e9t\u00e9orologique pakistanais<\/a>, la ville de Jacobabad, dans la province du Sind, a \u00e9t\u00e9 le lieu le plus chaud du pays en avril 2022 lorsque le mercure a\u00a0<a href=\"http:\/\/www.pmd.gov.pk\/cdpc\/Pakistan_Monthly_Climate_Summary_April_2022.pdf\" target=\"_blank\" rel=\"noopener\" shape=\"rect\">atteint<\/a>49\u00b0C le 30 avril. Le 12 mai, le mercure y est m\u00eame mont\u00e9 jusqu&rsquo;\u00e0 49,5\u00b0C, selon le Service m\u00e9t\u00e9orologique pakistanais (PMD).<\/p>\n<div class=\"grid-with-margin\">\n<div class=\"e-afp-col-layout\">\n<div id=\"wysiwyg\" class=\"www-item image\"><img class=\"lazyload blur-up\" src=\"https:\/\/belux.wpengine.com\/wp-content\/uploads\/2022\/05\/ca4116959a49b7f3242f69ad711b27479d6e0c14-ipad.jpg\" data-original=\"\" \/><span class=\"legend\">Des \u00e9l\u00e9phants se rafra\u00eechissent alors que la temp\u00e9rature atteint 38 degr\u00e9s Celsius le 10 mai 2022, dans un zoo de Karachi au Pakistan.<\/span><\/div>\n<\/div>\n<div class=\"e-afp-col-layout\">\n<div id=\"wysiwyg\" class=\"www-item image\"><img class=\"lazyload blur-up\" src=\"https:\/\/belux.wpengine.com\/wp-content\/uploads\/2022\/05\/097c257b6fcb96f13308956366fe1f6d494fef62-ipad.jpg\" data-original=\"\" \/><span class=\"legend\">Une personne essore une serviette humide sur la t\u00eate d&rsquo;une enfant pour contrer la vague de chaleur \u00e0 Karachi, au Pakistan, le 1er mai 2022<\/span><\/div>\n<\/div>\n<\/div>\n<p><b>Une r\u00e9gion parmi les plus vuln\u00e9rables aux canicules<\/b><\/p>\n<p>M\u00eame si ces temp\u00e9ratures restent donc inf\u00e9rieures \u00e0 celles indiqu\u00e9es sur ces publications virales, la chaleur accablante qui frappe l&rsquo;Inde et le Pakistan depuis deux mois est sans pr\u00e9c\u00e9dent. Et l&rsquo;avenir s&rsquo;annonce encore bien pire, mettent en garde des scientifiques alors que le changement climatique s&rsquo;acc\u00e9l\u00e8re. Plus d&rsquo;un milliard d&rsquo;habitants d&rsquo;Asie du Sud ont subi en mars et avril des temp\u00e9ratures extr\u00eames, bien au dessus de 40\u00b0C, \u00a0avant m\u00eame le d\u00e9but de la mousson. Et ce n&rsquo;est pas termin\u00e9.<\/p>\n<p><em>\u00ab\u00a0Cette canicule pourrait tuer des milliers de personnes\u00a0\u00bb<\/em>, alerte Robert Rohde, scientifique au groupe Berkeley Earth. Ce nombre de morts, notamment dans la population pauvre et \u00e2g\u00e9e, ne pourra \u00eatre connu que plus tard.<\/p>\n<div id=\"wysiwyg\" class=\"www-item image\"><img class=\"lazyload blur-up\" src=\"https:\/\/belux.wpengine.com\/wp-content\/uploads\/2022\/05\/2e3d9e9cbb5177b95041b62a7a362cde813d6b82-ipad.jpg\" data-original=\"\" \/><span class=\"legend\">Graphique sur les sympt\u00f4mes les plus courants et les effets sur la sant\u00e9 caus\u00e9s par la chaleur extr\u00eame<\/span><\/div>\n<p>La mortalit\u00e9 li\u00e9e aux canicules en Inde, d\u00e9j\u00e0 victime de vagues de chaleur meurtri\u00e8res en 2015 et 2019, a augment\u00e9 de plus de 60% depuis 1980, selon le ministre indien des Sciences de la Terre. Et d&rsquo;autres<em> \u00ab\u00a0impacts en cascade\u00a0\u00bb<\/em>sur l&rsquo;agriculture, l&rsquo;eau, l&rsquo;approvisionnement en \u00e9nergie sont d\u00e9j\u00e0 visibles, <a href=\"https:\/\/public.wmo.int\/en\/media\/news\/india-and-pakistan-act-save-lives-from-extreme-heat\" target=\"_blank\" rel=\"noopener\" shape=\"rect\">a soulign\u00e9 d\u00e9but mai<\/a>le patron de l&rsquo;Organisation m\u00e9t\u00e9o mondiale (OMM) Petteri Taalas. En Inde et au Pakistan, les experts climats de l&rsquo;ONU (Giec) <a href=\"https:\/\/report.ipcc.ch\/ar6wg2\/pdf\/IPCC_AR6_WGII_FinalDraft_FullReport.pdf#page=1912\" target=\"_blank\" rel=\"noopener\" shape=\"rect\">pr\u00e9voient<\/a>d&rsquo;ailleurs <em>\u00ab\u00a0des canicules plus intenses, plus longues, plus souvent\u00a0\u00bb<\/em>.<\/p>\n<p>Pour les climatologues, c&rsquo;est loin d&rsquo;\u00eatre une surprise : <em>\u00ab\u00a0Ce qui me surprend, c&rsquo;est que la plupart des gens sont choqu\u00e9s, alors qu&rsquo;on les a pr\u00e9venus depuis longtemps que de telles catastrophes se profilaient\u00a0\u00bb<\/em>, d\u00e9clare \u00e0 l&rsquo;AFP Camilo Mora, chercheur \u00e0 l&rsquo;universit\u00e9 d&rsquo;Hawa\u00ef. <em>\u00ab\u00a0Cette r\u00e9gion du monde, et la plupart des zones tropicales, sont parmi les plus vuln\u00e9rables aux canicules\u00a0\u00bb.<\/em><\/p>\n<div id=\"wysiwyg\" class=\"www-item image\"><img class=\"lazyload blur-up\" src=\"https:\/\/belux.wpengine.com\/wp-content\/uploads\/2022\/05\/22b8ba28f161e07fca04c3f3d3983cea59a0de0c-ipad.jpg\" data-original=\"\" \/><span class=\"legend\">Des personnes se reposent sous un pont, pr\u00e8s du lit de la rivi\u00e8re Yamuna, lors d&rsquo;une chaude journ\u00e9e d&rsquo;\u00e9t\u00e9 \u00e0 New Delhi, en Inde, le 10 mai 2022<\/span><\/div>\n<p>Dans une \u00e9tude de r\u00e9f\u00e9rence <a href=\"https:\/\/www.nature.com\/articles\/nclimate3322\" target=\"_blank\" rel=\"noopener\" shape=\"rect\">publi\u00e9e en 2017<\/a>, Camilo Mora et son \u00e9quipe avaient estim\u00e9 que pr\u00e8s de la moiti\u00e9 de la population mondiale serait expos\u00e9e \u00e0 une<em> \u00ab\u00a0chaleur mortelle\u00a0\u00bb<\/em>au moins 20 jours par an d&rsquo;ici 2100, m\u00eame si le r\u00e9chauffement ne d\u00e9passait pas 2\u00b0C de plus par rapport \u00e0 l&rsquo;\u00e8re pr\u00e9industrielle, objectif principal de l&rsquo;accord de Paris.<\/p>\n<p>D&rsquo;apr\u00e8s un nouveau bulletin sur le climat <a href=\"https:\/\/public.wmo.int\/fr\/medias\/communiqu%C3%A9s-de-presse\/bulletin-de-l%E2%80%99omm-%E2%80%93-temp%C3%A9rature-moyenne-mondiale-probabilit%C3%A9-de-50-d%E2%80%99un\" target=\"_blank\" rel=\"noopener\" shape=\"rect\">publi\u00e9 le 9 mai<\/a>par l&rsquo;OMM, il est \u00e9galement tr\u00e8s probable (93%) qu&rsquo;au moins une des ann\u00e9es comprises entre 2022 et 2026 devienne la plus chaude jamais enregistr\u00e9e.<\/p>\n<p>Ce\u00a0record\u00a0est actuellement d\u00e9tenu par l&rsquo;ann\u00e9e 2016, qui avait \u00e9t\u00e9 marqu\u00e9e par un puissant \u00e9pisode El Ni\u00f1o, ph\u00e9nom\u00e8ne oc\u00e9anique naturel qui entra\u00eene une hausse des temp\u00e9ratures.<\/p>\n<p>Il est \u00e9galement probable \u00e0 93% que la moyenne de la\u00a0temp\u00e9rature\u00a0pour la p\u00e9riode 2022-2026 soit sup\u00e9rieure \u00e0 celle des cinq derni\u00e8res ann\u00e9es (2017-2021).<\/p>\n","protected":false},"excerpt":{"rendered":"<p>\u00ab\u00a0Sinon, on en parle de l&rsquo;#Inde et du #Pakistan ? 1 milliard de personnes sont en train de suffoquer. Jusqu&rsquo;\u00e0 62\u00b0C dans l&rsquo;air, 50\u00b0C au sol, incendies, coupures d&rsquo;\u00e9lectricit\u00e9, p\u00e9nuries agricoles&#8230; \u00ab\u00a0, a tweet\u00e9le 5 mai un internaute dans une publication relay\u00e9e pr\u00e8s de 1200 fois depuis le 5 mai dernier.<\/p>\n","protected":false},"author":1,"featured_media":38634,"comment_status":"closed","ping_status":"open","sticky":false,"template":"","format":"standard","meta":{"_acf_changed":false,"footnotes":""},"categories":[126,125,129,138],"tags":[],"class_list":{"0":"post-38639","1":"post","2":"type-post","3":"status-publish","4":"format-standard","5":"has-post-thumbnail","7":"category-environnement","8":"category-fact-check-fr","9":"category-sante","10":"category-societe"},"acf":{"show_metatags":true,"id":"doc-329y3kg-1","authors":"Julien NGUYEN DANG, Montira RUNGJIRAJITTRANON, AFP France, AFP Tha\u00eflande","organization":"AFP","featured_image_copyright":"AFP","text_copyright":"\u00a9 AGENCE FRANCE-PRESSE | 2022 | Tous droits r\u00e9serv\u00e9s. L\u2019acc\u00e8s aux contenus de l'AFP publi\u00e9s sur ce site et, le cas \u00e9ch\u00e9ant, leur utilisation sont soumis aux conditions g\u00e9n\u00e9rales d'utilisation disponibles sur <a href='https:\/\/www.afp.com\/fr\/cgu' target='_blank'>CGU<\/a>. Par cons\u00e9quent, en acc\u00e9dant aux contenus de l\u2019AFP publi\u00e9s sur ce site, et en les utilisant, le cas \u00e9ch\u00e9ant, vous acceptez d'\u00eatre li\u00e9 par les conditions g\u00e9n\u00e9rales d'utilisation susmentionn\u00e9es. L\u2019utilisation de contenus de l'AFP se fait sous votre seule et enti\u00e8re responsabilit\u00e9.","source":"https:\/\/factuel.afp.com\/doc.afp.com.329Y3KG","fact_checker":"https:\/\/belux.wpengine.com\/wp-content\/uploads\/2021\/12\/afp_logo.png","fact_checker_logo_image":false},"yoast_head":"<!-- This site is optimized with the Yoast SEO plugin v27.0 - https:\/\/yoast.com\/product\/yoast-seo-wordpress\/ -->\n<title>En Inde et au Pakistan, une vague de chaleur record mais pas de pic \u00e0 62\u00b0C - EDMO Belux<\/title>\n<meta name=\"robots\" content=\"index, follow, max-snippet:-1, max-image-preview:large, max-video-preview:-1\" \/>\n<link rel=\"canonical\" href=\"https:\/\/belux.edmo.eu\/fr\/en-inde-et-au-pakistan-une-vague-de-chaleur-record-mais-pas-de-pic-62c\/\" \/>\n<meta property=\"og:locale\" content=\"fr_FR\" \/>\n<meta property=\"og:type\" content=\"article\" \/>\n<meta property=\"og:title\" content=\"En Inde et au Pakistan, une vague de chaleur record mais pas de pic \u00e0 62\u00b0C - EDMO Belux\" \/>\n<meta property=\"og:description\" content=\"&quot;Sinon, on en parle de l&#039;#Inde et du #Pakistan ? 1 milliard de personnes sont en train de suffoquer. Jusqu&#039;\u00e0 62\u00b0C dans l&#039;air, 50\u00b0C au sol, incendies, coupures d&#039;\u00e9lectricit\u00e9, p\u00e9nuries agricoles... &quot;, a tweet\u00e9le 5 mai un internaute dans une publication relay\u00e9e pr\u00e8s de 1200 fois depuis le 5 mai dernier.\" \/>\n<meta property=\"og:url\" content=\"https:\/\/belux.edmo.eu\/fr\/en-inde-et-au-pakistan-une-vague-de-chaleur-record-mais-pas-de-pic-62c\/\" \/>\n<meta property=\"og:site_name\" content=\"EDMO Belux\" \/>\n<meta property=\"article:published_time\" content=\"2022-05-19T11:06:13+00:00\" \/>\n<meta property=\"article:modified_time\" content=\"2022-05-19T14:20:01+00:00\" \/>\n<meta property=\"og:image\" content=\"https:\/\/belux.edmo.eu\/wp-content\/uploads\/2022\/05\/f348333960e3e3628ced0092251a670163a46206-ipad.jpg\" \/>\n\t<meta property=\"og:image:width\" content=\"1080\" \/>\n\t<meta property=\"og:image:height\" content=\"540\" \/>\n\t<meta property=\"og:image:type\" content=\"image\/jpeg\" \/>\n<meta name=\"author\" content=\"master\" \/>\n<meta name=\"twitter:card\" content=\"summary_large_image\" \/>\n<meta name=\"twitter:creator\" content=\"@Edmo_Belux\" \/>\n<meta name=\"twitter:site\" content=\"@Edmo_Belux\" \/>\n<meta name=\"twitter:label1\" content=\"\u00c9crit par\" \/>\n\t<meta name=\"twitter:data1\" content=\"master\" \/>\n\t<meta name=\"twitter:label2\" content=\"Dur\u00e9e de lecture estim\u00e9e\" \/>\n\t<meta name=\"twitter:data2\" content=\"10 minutes\" \/>\n<script type=\"application\/ld+json\" class=\"yoast-schema-graph\">{\"@context\":\"https:\/\/schema.org\",\"@graph\":[{\"@type\":\"Article\",\"@id\":\"https:\/\/belux.edmo.eu\/fr\/en-inde-et-au-pakistan-une-vague-de-chaleur-record-mais-pas-de-pic-62c\/#article\",\"isPartOf\":{\"@id\":\"https:\/\/belux.edmo.eu\/fr\/en-inde-et-au-pakistan-une-vague-de-chaleur-record-mais-pas-de-pic-62c\/\"},\"author\":{\"name\":\"master\",\"@id\":\"https:\/\/belux.edmo.eu\/#\/schema\/person\/dbe3b252258537fd318f9b5645a30342\"},\"headline\":\"En Inde et au Pakistan, une vague de chaleur record mais pas de pic \u00e0 62\u00b0C\",\"datePublished\":\"2022-05-19T11:06:13+00:00\",\"dateModified\":\"2022-05-19T14:20:01+00:00\",\"mainEntityOfPage\":{\"@id\":\"https:\/\/belux.edmo.eu\/fr\/en-inde-et-au-pakistan-une-vague-de-chaleur-record-mais-pas-de-pic-62c\/\"},\"wordCount\":2054,\"publisher\":{\"@id\":\"https:\/\/belux.edmo.eu\/#organization\"},\"image\":{\"@id\":\"https:\/\/belux.edmo.eu\/fr\/en-inde-et-au-pakistan-une-vague-de-chaleur-record-mais-pas-de-pic-62c\/#primaryimage\"},\"thumbnailUrl\":\"https:\/\/belux.edmo.eu\/wp-content\/uploads\/2022\/05\/f348333960e3e3628ced0092251a670163a46206-ipad.jpg\",\"articleSection\":[\"Environnement\",\"Fact-Check\",\"Sante\",\"Societe\"],\"inLanguage\":\"fr-FR\"},{\"@type\":\"WebPage\",\"@id\":\"https:\/\/belux.edmo.eu\/fr\/en-inde-et-au-pakistan-une-vague-de-chaleur-record-mais-pas-de-pic-62c\/\",\"url\":\"https:\/\/belux.edmo.eu\/fr\/en-inde-et-au-pakistan-une-vague-de-chaleur-record-mais-pas-de-pic-62c\/\",\"name\":\"En Inde et au Pakistan, une vague de chaleur record mais pas de pic \u00e0 62\u00b0C - EDMO Belux\",\"isPartOf\":{\"@id\":\"https:\/\/belux.edmo.eu\/#website\"},\"primaryImageOfPage\":{\"@id\":\"https:\/\/belux.edmo.eu\/fr\/en-inde-et-au-pakistan-une-vague-de-chaleur-record-mais-pas-de-pic-62c\/#primaryimage\"},\"image\":{\"@id\":\"https:\/\/belux.edmo.eu\/fr\/en-inde-et-au-pakistan-une-vague-de-chaleur-record-mais-pas-de-pic-62c\/#primaryimage\"},\"thumbnailUrl\":\"https:\/\/belux.edmo.eu\/wp-content\/uploads\/2022\/05\/f348333960e3e3628ced0092251a670163a46206-ipad.jpg\",\"datePublished\":\"2022-05-19T11:06:13+00:00\",\"dateModified\":\"2022-05-19T14:20:01+00:00\",\"breadcrumb\":{\"@id\":\"https:\/\/belux.edmo.eu\/fr\/en-inde-et-au-pakistan-une-vague-de-chaleur-record-mais-pas-de-pic-62c\/#breadcrumb\"},\"inLanguage\":\"fr-FR\",\"potentialAction\":[{\"@type\":\"ReadAction\",\"target\":[\"https:\/\/belux.edmo.eu\/fr\/en-inde-et-au-pakistan-une-vague-de-chaleur-record-mais-pas-de-pic-62c\/\"]}]},{\"@type\":\"ImageObject\",\"inLanguage\":\"fr-FR\",\"@id\":\"https:\/\/belux.edmo.eu\/fr\/en-inde-et-au-pakistan-une-vague-de-chaleur-record-mais-pas-de-pic-62c\/#primaryimage\",\"url\":\"https:\/\/belux.edmo.eu\/wp-content\/uploads\/2022\/05\/f348333960e3e3628ced0092251a670163a46206-ipad.jpg\",\"contentUrl\":\"https:\/\/belux.edmo.eu\/wp-content\/uploads\/2022\/05\/f348333960e3e3628ced0092251a670163a46206-ipad.jpg\",\"width\":1080,\"height\":540,\"caption\":\"En Inde et au Pakistan, une vague de chaleur record mais pas de pic \u00e0 62\u00b0C - Featured image\"},{\"@type\":\"BreadcrumbList\",\"@id\":\"https:\/\/belux.edmo.eu\/fr\/en-inde-et-au-pakistan-une-vague-de-chaleur-record-mais-pas-de-pic-62c\/#breadcrumb\",\"itemListElement\":[{\"@type\":\"ListItem\",\"position\":1,\"name\":\"Home\",\"item\":\"https:\/\/belux.edmo.eu\/fr\/\"},{\"@type\":\"ListItem\",\"position\":2,\"name\":\"En Inde et au Pakistan, une vague de chaleur record mais pas de pic \u00e0 62\u00b0C\"}]},{\"@type\":\"WebSite\",\"@id\":\"https:\/\/belux.edmo.eu\/#website\",\"url\":\"https:\/\/belux.edmo.eu\/\",\"name\":\"EDMO Belux\",\"description\":\"Monitoring Disinformation in Belgium and Luxembourg\",\"publisher\":{\"@id\":\"https:\/\/belux.edmo.eu\/#organization\"},\"potentialAction\":[{\"@type\":\"SearchAction\",\"target\":{\"@type\":\"EntryPoint\",\"urlTemplate\":\"https:\/\/belux.edmo.eu\/?s={search_term_string}\"},\"query-input\":{\"@type\":\"PropertyValueSpecification\",\"valueRequired\":true,\"valueName\":\"search_term_string\"}}],\"inLanguage\":\"fr-FR\"},{\"@type\":\"Organization\",\"@id\":\"https:\/\/belux.edmo.eu\/#organization\",\"name\":\"EDMO Belux\",\"url\":\"https:\/\/belux.edmo.eu\/\",\"logo\":{\"@type\":\"ImageObject\",\"inLanguage\":\"fr-FR\",\"@id\":\"https:\/\/belux.edmo.eu\/#\/schema\/logo\/image\/\",\"url\":\"https:\/\/belux.edmo.eu\/wp-content\/uploads\/2021\/12\/belux-logo-full-color-rgb.svg\",\"contentUrl\":\"https:\/\/belux.edmo.eu\/wp-content\/uploads\/2021\/12\/belux-logo-full-color-rgb.svg\",\"width\":1,\"height\":1,\"caption\":\"EDMO Belux\"},\"image\":{\"@id\":\"https:\/\/belux.edmo.eu\/#\/schema\/logo\/image\/\"},\"sameAs\":[\"https:\/\/x.com\/Edmo_Belux\"]},{\"@type\":\"Person\",\"@id\":\"https:\/\/belux.edmo.eu\/#\/schema\/person\/dbe3b252258537fd318f9b5645a30342\",\"name\":\"master\",\"sameAs\":[\"https:\/\/belux.wpengine.com\"],\"url\":\"https:\/\/belux.edmo.eu\/fr\/author\/master\/\"}]}<\/script>\n<!-- \/ Yoast SEO plugin. -->","yoast_head_json":{"title":"En Inde et au Pakistan, une vague de chaleur record mais pas de pic \u00e0 62\u00b0C - EDMO Belux","robots":{"index":"index","follow":"follow","max-snippet":"max-snippet:-1","max-image-preview":"max-image-preview:large","max-video-preview":"max-video-preview:-1"},"canonical":"https:\/\/belux.edmo.eu\/fr\/en-inde-et-au-pakistan-une-vague-de-chaleur-record-mais-pas-de-pic-62c\/","og_locale":"fr_FR","og_type":"article","og_title":"En Inde et au Pakistan, une vague de chaleur record mais pas de pic \u00e0 62\u00b0C - EDMO Belux","og_description":"\"Sinon, on en parle de l'#Inde et du #Pakistan ? 1 milliard de personnes sont en train de suffoquer. Jusqu'\u00e0 62\u00b0C dans l'air, 50\u00b0C au sol, incendies, coupures d'\u00e9lectricit\u00e9, p\u00e9nuries agricoles... \", a tweet\u00e9le 5 mai un internaute dans une publication relay\u00e9e pr\u00e8s de 1200 fois depuis le 5 mai dernier.","og_url":"https:\/\/belux.edmo.eu\/fr\/en-inde-et-au-pakistan-une-vague-de-chaleur-record-mais-pas-de-pic-62c\/","og_site_name":"EDMO Belux","article_published_time":"2022-05-19T11:06:13+00:00","article_modified_time":"2022-05-19T14:20:01+00:00","og_image":[{"width":1080,"height":540,"url":"https:\/\/belux.edmo.eu\/wp-content\/uploads\/2022\/05\/f348333960e3e3628ced0092251a670163a46206-ipad.jpg","type":"image\/jpeg"}],"author":"master","twitter_card":"summary_large_image","twitter_creator":"@Edmo_Belux","twitter_site":"@Edmo_Belux","twitter_misc":{"\u00c9crit par":"master","Dur\u00e9e de lecture estim\u00e9e":"10 minutes"},"schema":{"@context":"https:\/\/schema.org","@graph":[{"@type":"Article","@id":"https:\/\/belux.edmo.eu\/fr\/en-inde-et-au-pakistan-une-vague-de-chaleur-record-mais-pas-de-pic-62c\/#article","isPartOf":{"@id":"https:\/\/belux.edmo.eu\/fr\/en-inde-et-au-pakistan-une-vague-de-chaleur-record-mais-pas-de-pic-62c\/"},"author":{"name":"master","@id":"https:\/\/belux.edmo.eu\/#\/schema\/person\/dbe3b252258537fd318f9b5645a30342"},"headline":"En Inde et au Pakistan, une vague de chaleur record mais pas de pic \u00e0 62\u00b0C","datePublished":"2022-05-19T11:06:13+00:00","dateModified":"2022-05-19T14:20:01+00:00","mainEntityOfPage":{"@id":"https:\/\/belux.edmo.eu\/fr\/en-inde-et-au-pakistan-une-vague-de-chaleur-record-mais-pas-de-pic-62c\/"},"wordCount":2054,"publisher":{"@id":"https:\/\/belux.edmo.eu\/#organization"},"image":{"@id":"https:\/\/belux.edmo.eu\/fr\/en-inde-et-au-pakistan-une-vague-de-chaleur-record-mais-pas-de-pic-62c\/#primaryimage"},"thumbnailUrl":"https:\/\/belux.edmo.eu\/wp-content\/uploads\/2022\/05\/f348333960e3e3628ced0092251a670163a46206-ipad.jpg","articleSection":["Environnement","Fact-Check","Sante","Societe"],"inLanguage":"fr-FR"},{"@type":"WebPage","@id":"https:\/\/belux.edmo.eu\/fr\/en-inde-et-au-pakistan-une-vague-de-chaleur-record-mais-pas-de-pic-62c\/","url":"https:\/\/belux.edmo.eu\/fr\/en-inde-et-au-pakistan-une-vague-de-chaleur-record-mais-pas-de-pic-62c\/","name":"En Inde et au Pakistan, une vague de chaleur record mais pas de pic \u00e0 62\u00b0C - EDMO Belux","isPartOf":{"@id":"https:\/\/belux.edmo.eu\/#website"},"primaryImageOfPage":{"@id":"https:\/\/belux.edmo.eu\/fr\/en-inde-et-au-pakistan-une-vague-de-chaleur-record-mais-pas-de-pic-62c\/#primaryimage"},"image":{"@id":"https:\/\/belux.edmo.eu\/fr\/en-inde-et-au-pakistan-une-vague-de-chaleur-record-mais-pas-de-pic-62c\/#primaryimage"},"thumbnailUrl":"https:\/\/belux.edmo.eu\/wp-content\/uploads\/2022\/05\/f348333960e3e3628ced0092251a670163a46206-ipad.jpg","datePublished":"2022-05-19T11:06:13+00:00","dateModified":"2022-05-19T14:20:01+00:00","breadcrumb":{"@id":"https:\/\/belux.edmo.eu\/fr\/en-inde-et-au-pakistan-une-vague-de-chaleur-record-mais-pas-de-pic-62c\/#breadcrumb"},"inLanguage":"fr-FR","potentialAction":[{"@type":"ReadAction","target":["https:\/\/belux.edmo.eu\/fr\/en-inde-et-au-pakistan-une-vague-de-chaleur-record-mais-pas-de-pic-62c\/"]}]},{"@type":"ImageObject","inLanguage":"fr-FR","@id":"https:\/\/belux.edmo.eu\/fr\/en-inde-et-au-pakistan-une-vague-de-chaleur-record-mais-pas-de-pic-62c\/#primaryimage","url":"https:\/\/belux.edmo.eu\/wp-content\/uploads\/2022\/05\/f348333960e3e3628ced0092251a670163a46206-ipad.jpg","contentUrl":"https:\/\/belux.edmo.eu\/wp-content\/uploads\/2022\/05\/f348333960e3e3628ced0092251a670163a46206-ipad.jpg","width":1080,"height":540,"caption":"En Inde et au Pakistan, une vague de chaleur record mais pas de pic \u00e0 62\u00b0C - Featured image"},{"@type":"BreadcrumbList","@id":"https:\/\/belux.edmo.eu\/fr\/en-inde-et-au-pakistan-une-vague-de-chaleur-record-mais-pas-de-pic-62c\/#breadcrumb","itemListElement":[{"@type":"ListItem","position":1,"name":"Home","item":"https:\/\/belux.edmo.eu\/fr\/"},{"@type":"ListItem","position":2,"name":"En Inde et au Pakistan, une vague de chaleur record mais pas de pic \u00e0 62\u00b0C"}]},{"@type":"WebSite","@id":"https:\/\/belux.edmo.eu\/#website","url":"https:\/\/belux.edmo.eu\/","name":"EDMO Belux","description":"Monitoring Disinformation in Belgium and Luxembourg","publisher":{"@id":"https:\/\/belux.edmo.eu\/#organization"},"potentialAction":[{"@type":"SearchAction","target":{"@type":"EntryPoint","urlTemplate":"https:\/\/belux.edmo.eu\/?s={search_term_string}"},"query-input":{"@type":"PropertyValueSpecification","valueRequired":true,"valueName":"search_term_string"}}],"inLanguage":"fr-FR"},{"@type":"Organization","@id":"https:\/\/belux.edmo.eu\/#organization","name":"EDMO Belux","url":"https:\/\/belux.edmo.eu\/","logo":{"@type":"ImageObject","inLanguage":"fr-FR","@id":"https:\/\/belux.edmo.eu\/#\/schema\/logo\/image\/","url":"https:\/\/belux.edmo.eu\/wp-content\/uploads\/2021\/12\/belux-logo-full-color-rgb.svg","contentUrl":"https:\/\/belux.edmo.eu\/wp-content\/uploads\/2021\/12\/belux-logo-full-color-rgb.svg","width":1,"height":1,"caption":"EDMO Belux"},"image":{"@id":"https:\/\/belux.edmo.eu\/#\/schema\/logo\/image\/"},"sameAs":["https:\/\/x.com\/Edmo_Belux"]},{"@type":"Person","@id":"https:\/\/belux.edmo.eu\/#\/schema\/person\/dbe3b252258537fd318f9b5645a30342","name":"master","sameAs":["https:\/\/belux.wpengine.com"],"url":"https:\/\/belux.edmo.eu\/fr\/author\/master\/"}]}},"menu_order":0,"_links":{"self":[{"href":"https:\/\/belux.edmo.eu\/fr\/wp-json\/wp\/v2\/posts\/38639","targetHints":{"allow":["GET"]}}],"collection":[{"href":"https:\/\/belux.edmo.eu\/fr\/wp-json\/wp\/v2\/posts"}],"about":[{"href":"https:\/\/belux.edmo.eu\/fr\/wp-json\/wp\/v2\/types\/post"}],"author":[{"embeddable":true,"href":"https:\/\/belux.edmo.eu\/fr\/wp-json\/wp\/v2\/users\/1"}],"replies":[{"embeddable":true,"href":"https:\/\/belux.edmo.eu\/fr\/wp-json\/wp\/v2\/comments?post=38639"}],"version-history":[{"count":0,"href":"https:\/\/belux.edmo.eu\/fr\/wp-json\/wp\/v2\/posts\/38639\/revisions"}],"wp:featuredmedia":[{"embeddable":true,"href":"https:\/\/belux.edmo.eu\/fr\/wp-json\/wp\/v2\/media\/38634"}],"wp:attachment":[{"href":"https:\/\/belux.edmo.eu\/fr\/wp-json\/wp\/v2\/media?parent=38639"}],"wp:term":[{"taxonomy":"category","embeddable":true,"href":"https:\/\/belux.edmo.eu\/fr\/wp-json\/wp\/v2\/categories?post=38639"},{"taxonomy":"post_tag","embeddable":true,"href":"https:\/\/belux.edmo.eu\/fr\/wp-json\/wp\/v2\/tags?post=38639"}],"curies":[{"name":"wp","href":"https:\/\/api.w.org\/{rel}","templated":true}]}}