{"id":388672,"date":"2025-02-28T09:09:55","date_gmt":"2025-02-28T09:09:55","guid":{"rendered":"https:\/\/belux.edmo.eu\/?p=388672"},"modified":"2025-02-28T09:35:11","modified_gmt":"2025-02-28T09:35:11","slug":"la-balance-commerciale-des-tats-unis-vis-vis-de-lue-nest-pas-dficitaire-de-300milliards-comme-laffirme-donald-trump","status":"publish","type":"post","link":"https:\/\/belux.edmo.eu\/fr\/la-balance-commerciale-des-tats-unis-vis-vis-de-lue-nest-pas-dficitaire-de-300milliards-comme-laffirme-donald-trump\/","title":{"rendered":"La balance commerciale des \u00c9tats-Unis vis-\u00e0-vis de l\u2019UE n\u2019est pas d\u00e9ficitaire de 300\u00a0milliards, comme l\u2019affirme Donald Trump"},"content":{"rendered":"<article>\n<p style=\"word-wrap: break-word;\"><strong>Lors de son annonce sur les produits europ\u00e9ens qui seront tax\u00e9s de droit de douane \u00e0 hauteur de 25%, Donald Trump a affirm\u00e9 que les \u00c9tats-Unis ont \u00ab\u00a0300 milliards de dollars de d\u00e9ficit commercial avec l\u2019Union europ\u00e9enne\u00a0\u00bb. Les derniers chiffres officiels de la balance commerciale entre les deux entit\u00e9s en 2023 situent pourtant ce d\u00e9ficit global entre 58 et 132 milliards de dollars, selon les sources. Si l\u2019on ne prend en compte que les biens, car Washington est exc\u00e9dentaire en termes de services par rapport \u00e0 l\u2019UE, ce d\u00e9ficit est \u00e9valu\u00e9 entre 206 et 235 milliards de dollars. Des chiffres \u00e9loign\u00e9s de ceux avanc\u00e9s par le pr\u00e9sident des \u00c9tats-Unis.<\/strong><\/p>\n<p style=\"word-wrap: break-word;\">Le pr\u00e9sident am\u00e9ricain Donald Trump a annonc\u00e9 que l\u2019Union europ\u00e9enne sera bient\u00f4t soumise \u00e0 des droits de douane de 25% sur ses exportations vers les \u00c9tats-Unis, et que toute tentative de tarifs douaniers de r\u00e9torsion de la part de l\u2019UE serait infructueuse. \u00ab\u00a0Soyons honn\u00eates, l\u2019Union europ\u00e9enne a \u00e9t\u00e9 cr\u00e9\u00e9e pour emmerder les \u00c9tats-Unis\u00a0\u00bb, a-t-il d\u00e9clar\u00e9 aux journalistes. \u00ab\u00a0C\u2019est l\u2019objectif de l\u2019Union europ\u00e9enne, et elle s\u2019en est bien acquitt\u00e9e\u00a0\u00bb.<\/p>\n<p style=\"word-wrap: break-word;\">Pour justifier sa volont\u00e9 d\u2019imposer des droits de douane plus \u00e9lev\u00e9s, il a notamment avanc\u00e9 l\u2019argument d\u2019un rapport de force commercial d\u00e9savantageux pour son pays par rapport \u00e0 l\u2019UE : \u00ab\u00a0Nous avons environ 300 milliards de dollars de d\u00e9ficit commercial avec l\u2019Union europ\u00e9enne.\u00a0\u00bb<\/p>\n<p><b style=\"display: block; margin: 1rem 0;\">Des chiffres d\u00e9mentis par le Commissaire europ\u00e9en au Commerce<\/b><\/p>\n<p style=\"word-wrap: break-word;\">Lors d\u2019une conf\u00e9rence de presse le 7 janvier 2025, le pr\u00e9sident alors \u00e9lu mais pas encore en fonction avait avanc\u00e9 un chiffre encore plus \u00e9lev\u00e9 en \u00e9valuant \u00e0 350 milliards de dollars le d\u00e9ficit de son pays dans ses relations commerciales avec l\u2019Union europ\u00e9enne.<\/p>\n<p style=\"word-wrap: break-word;\">En r\u00e9ponse \u00e0 ces d\u00e9clarations, le Commissaire europ\u00e9en au Commerce Maros Sefcovic, avait indiqu\u00e9 le 19 f\u00e9vrier 2025 lors d\u2019une rencontre avec un think tank \u00e9tasunien que la balance commerciale entre les deux partenaires n\u2019\u00e9tait pas aussi d\u00e9s\u00e9quilibr\u00e9e que ce qu\u2019affirmait d\u00e9j\u00e0 le pr\u00e9sident Donald Trump.<\/p>\n<p style=\"word-wrap: break-word;\">Il rappelait que le d\u00e9ficit am\u00e9ricain en la mati\u00e8re s\u2019approchait plut\u00f4t de 50 milliards de dollars (51,72 milliards d\u2019euros au taux du 7 janvier 2025), selon les donn\u00e9es d\u2019Eurostat. \u00ab\u00a0Il est exact que nous avons un surplus d\u2019environ 150 milliards de dollars sur les biens. Mais les \u00c9tats-Unis disposent d\u2019un surplus assez significatif, de plus de 100 milliards, sur les services, cela vient donc quasiment se compenser\u00a0\u00bb, avait-il d\u00e9taill\u00e9. \u00ab\u00a0Nous parlons ici d\u2019environ 50 milliards d\u2019euros de d\u00e9ficit (am\u00e9ricain) dans nos relations commerciales, sur un total de 1600 milliards de dollars, je ne pense pas que ce soit quelque chose que nous ne pouvons pas surmonter\u00a0\u00bb, a d\u00e9taill\u00e9 Maros Sefcovic.<\/p>\n<p><b style=\"display: block; margin: 1rem 0;\">Diff\u00e9rence entre les \u00ab\u00a0biens\u00a0\u00bb et les \u00ab\u00a0services\u00a0\u00bb<\/b><\/p>\n<p style=\"word-wrap: break-word;\">Les derniers chiffres europ\u00e9ens annuels disponibles et publi\u00e9s par Eurostat concernent l\u2019ann\u00e9e 2023 et sont affich\u00e9s en euros. Ceux-ci reprennent deux indicateurs cl\u00e9s lorsqu\u2019il s\u2019agit d\u2019analyser les \u00e9changes commerciaux : les biens et les services.<\/p>\n<p style=\"word-wrap: break-word;\">Les \u00ab\u00a0biens\u00a0\u00bb, sont l\u2019ensemble des produits fabriqu\u00e9s par les entreprises, les administrations publiques, les organisations. Il peut s\u2019agir d\u2019un produit de consommation alimentaire comme un soda, d\u2019une voiture ou de gaz. Un \u00ab\u00a0bien\u00a0\u00bb est tangible et on le reconna\u00eet car peut le toucher, le voir.<\/p>\n<p style=\"word-wrap: break-word;\">De leurs c\u00f4t\u00e9s, les \u00ab\u00a0services\u00a0\u00bb ne sont pas stockables, ils sont \u00ab\u00a0immat\u00e9riels\u00a0\u00bb. Ils consistent en la mise \u00e0 disposition d\u2019une capacit\u00e9 technique ou intellectuelle ou en \u00ab\u00a0la fourniture d\u2019un travail directement utile pour l\u2019usager, sans transformation de mati\u00e8re\u00a0\u00bb comme le travail d\u2019un coiffeur, un restaurant, un service de transport, du divertissement. Il peut s\u2019agir par exemple d\u2019un abonnement \u00e0 une plateforme de streaming ou de la publicit\u00e9 diffus\u00e9e en ligne via une plateforme.<\/p>\n<p><b style=\"display: block; margin: 1rem 0;\">Comment se calcule la balance commerciale entre deux entit\u00e9s\u00a0?<\/b><\/p>\n<p style=\"word-wrap: break-word;\">Ces biens et ces services qui sont \u00e9chang\u00e9s entre l\u2019Union europ\u00e9enne et les \u00c9tats-Unis vont dans les deux sens. On calcule donc ces flux en termes d\u2019importations (ce qui est achet\u00e9) et d\u2019exportations (ce qui est vendu).<\/p>\n<p style=\"word-wrap: break-word;\">En \u00e9conomie, la balance commerciale entre deux entit\u00e9s se calcule en soustrayant les importations aux exportations de ses biens et de ses services sur une p\u00e9riode donn\u00e9e, mais il arrive que certains politiques se focalisent sur les \u00e9changes de biens, sans l\u2019indiquer clairement.<\/p>\n<p style=\"word-wrap: break-word;\">\u00ab\u00a0Il est probable que Donald Trump faisait r\u00e9f\u00e9rence \u00e0 un d\u00e9ficit commercial en termes de biens, car il n\u2019est pas rare que les gens se r\u00e9f\u00e8rent au d\u00e9ficit commercial comme \u00e9tant le d\u00e9ficit en biens. C\u2019est pourquoi il est important de pr\u00e9ciser de quel d\u00e9ficit commercial il s\u2019agit\u00a0\u00bb, indique cependant l\u2019\u00e9conomiste chez ING, Ruben Dewitte. Un \u00e9l\u00e9ment qui n\u2019a pas \u00e9t\u00e9 indiqu\u00e9 clairement par Donald Tump lors de son intervention m\u00eame si les exemples choisis lors de son intervention \u00e9voquaient des \u00ab\u00a0voitures\u00a0\u00bb ou des \u00ab\u00a0produits agricoles\u00a0\u00bb qui sont class\u00e9s dans la cat\u00e9gorie des biens.<\/p>\n<p><b style=\"display: block; margin: 1rem 0;\">Une balance commerciale clairement en faveur de l\u2019Union europ\u00e9enne<\/b><\/p>\n<p style=\"word-wrap: break-word;\">En 2023, l\u2019Union europ\u00e9enne et les \u00c9tats-Unis ont \u00e9chang\u00e9 pour l\u2019\u00e9quivalent de 1540 milliards d\u2019euros de biens et de services, indique l\u2019office des statistiques de l\u2019Union europ\u00e9enne (Eurostat). Parmi ces 1540 milliards d\u2019euros, environ 850 milliards concernaient des \u00e9changes de biens et pr\u00e8s de 700 milliards les services.<\/p>\n<p style=\"word-wrap: break-word;\">Ces \u00e9changes repr\u00e9sentent pr\u00e8s de 30% du commerce mondial de biens et de services et 43% du PIB mondial selon des chiffres publi\u00e9s par la Commission europ\u00e9enne en 2024.<\/p>\n<p style=\"word-wrap: break-word;\">Les \u00c9tats-Unis sont le pays qui est le principal partenaire commercial de l\u2019UE. Il repr\u00e9sente 16,7% des \u00e9changes alors qu\u2019\u00e0 l\u2019inverse l\u2019UE repr\u00e9sente 18,6% des \u00e9changes \u00e9conomiques pour les USA.<\/p>\n<p style=\"word-wrap: break-word;\">Ces chiffres de l\u2019ann\u00e9e 2023 indiquent une balance commerciale positive pour l\u2019UE vis-\u00e0-vis des \u00c9tats-Unis de 156,6 milliards d\u2019euros en ce qui concerne les \u00e9changes de biens<\/p>\n<p style=\"word-wrap: break-word;\"><img class=\"alignnone size-medium wp-image-388674\" src=\"https:\/\/belux-edmo.s3-accelerate.amazonaws.com\/wp-content\/uploads\/2025\/02\/snapshot-1740734198411-720x521.png\" alt=\"\" width=\"720\" height=\"720\" srcset=\"https:\/\/belux-edmo.s3-accelerate.amazonaws.com\/wp-content\/uploads\/2025\/02\/snapshot-1740734198411-256x256.png 256w, https:\/\/belux-edmo.s3-accelerate.amazonaws.com\/wp-content\/uploads\/2025\/02\/snapshot-1740734198411-45x45.png 45w\" sizes=\"(max-width: 720px) 100vw, 720px\" \/><\/p>\n<p style=\"word-wrap: break-word;\">En appliquant le taux d\u2019\u00e9change le plus favorable au calcul de Donald Trump (1,1235 euro pour un dollar), cela donne 175 milliards de dollars. Un chiffre pr\u00e8s de deux fois inf\u00e9rieur \u00e0 ce que M. Trump a avanc\u00e9.<\/p>\n<p style=\"word-wrap: break-word;\">Cependant, si l\u2019on consid\u00e8re la balance \u00e9conomique globale en tenant compte des services (pour lesquels les \u00c9tats-Unis sont exc\u00e9dentaires par rapport \u00e0 l\u2019Union europ\u00e9enne \u00e0 hauteur de 104 milliards d\u2019euros), celle-ci s\u2019\u00e9l\u00e8ve \u00e0 52,6 milliards d\u2019euros en faveur de l\u2019UE pour 2023. Il s\u2019agit de 58,75 milliards en dollars en reprenant le taux de conversion le plus favorable. Soit cinq fois moins que les 300 milliards d\u2019euros avanc\u00e9s par le pr\u00e9sident Trump. Voici ce qu&rsquo;il en est pour les chiffres europ\u00e9ens.<\/p>\n<p style=\"word-wrap: break-word;\">Pour la m\u00eame ann\u00e9e, les chiffres officiels des \u00c9tats-Unis indiquent un d\u00e9ficit de 208,68 milliards de dollars concernant les biens et un exc\u00e9dent de 76,52 milliards pour les services. Cela donne donc une balance commerciale nette globale de 132,17 milliards de d\u00e9ficit par rapport \u00e0 l\u2019UE.<\/p>\n<p style=\"word-wrap: break-word;\">\u00ab\u00a0Les diff\u00e9rences entre les deux agences statistiques peuvent \u00eatre attribu\u00e9es \u00e0 divers facteurs, tels que les diff\u00e9rentes m\u00e9thodes de collecte de donn\u00e9es, les normes de rapport et l\u2019\u00e9valuation des exportations et des importations\u00a0\u00bb, pr\u00e9cise l\u2019\u00e9conomiste Ruben Dewitte.<\/p>\n<p><b style=\"display: block; margin: 1rem 0;\">Un \u00e9cart entre UE et USA qui se creuse en termes de biens<\/b><\/p>\n<p style=\"word-wrap: break-word;\">Plus sp\u00e9cifiquement sur cet indicateur des biens, Eurostat a compil\u00e9 des chiffres plus r\u00e9cents qui montrent l\u2019\u00e9volution de la balance commerciale en termes de biens entre l\u2019UE et les \u00c9tats-Unis.<\/p>\n<p style=\"word-wrap: break-word;\">En 2024, les 27 pays de l\u2019Union ont export\u00e9 pour 531,6 milliards d\u2019euros de biens vers les \u00c9tats-Unis alors qu\u2019ils ont import\u00e9 pour 333,4 milliards de biens. Une diff\u00e9rence de 198,2 milliards d\u2019euros favorable \u00e0 l\u2019UE.<\/p>\n<div>\n<div class=\"flourish-embed flourish-chart\" data-src=\"visualisation\/21847219\"><img class=\"alignnone size-medium wp-image-388679\" src=\"https:\/\/belux-edmo.s3-accelerate.amazonaws.com\/wp-content\/uploads\/2025\/02\/snapshot-1740734308141-720x521.png\" alt=\"\" width=\"720\" height=\"720\" srcset=\"https:\/\/belux-edmo.s3-accelerate.amazonaws.com\/wp-content\/uploads\/2025\/02\/snapshot-1740734308141-256x256.png 256w, https:\/\/belux-edmo.s3-accelerate.amazonaws.com\/wp-content\/uploads\/2025\/02\/snapshot-1740734308141-45x45.png 45w\" sizes=\"(max-width: 720px) 100vw, 720px\" \/><br \/>\n<noscript><img src=\"https:\/\/public.flourish.studio\/visualisation\/21847219\/thumbnail\" width=\"100%\" alt=\"chart visualization\" \/><\/noscript><\/div>\n<\/div>\n<p style=\"word-wrap: break-word;\">L\u2019\u00e9volution de ces chiffres qui ne concernent que les biens montrent une croissance globale des \u00e9changes entre les deux entit\u00e9s depuis 2015, ainsi qu\u2019un \u00e9cart de plus en plus important creus\u00e9 dans la balance en faveur de l\u2019UE, ce que d\u00e9nonce Donald Trump lorsqu\u2019il \u00e9voque notamment les \u00ab\u00a0voitures\u00a0\u00bb ou les \u00ab\u00a0produits agricoles\u00a0\u00bb qui font partie de ces biens.<\/p>\n<p><b style=\"display: block; margin: 1rem 0;\">Une diff\u00e9rence de pr\u00e8s de 30\u00a0milliards sur la balance commerciale sur les biens entre les chiffres officiels<\/b><\/p>\n<p style=\"word-wrap: break-word;\">Les chiffres officiels \u00e9tasuniens concernant ce m\u00eame indicateur font \u00e9tat d\u2019un d\u00e9ficit de 235,6 milliards de dollars de d\u00e9ficit par rapport \u00e0 l\u2019UE sur l\u2019ann\u00e9e 2024. Une diff\u00e9rence de pr\u00e8s de 30 milliards de dollars avec ceux publi\u00e9s par Eurostat en convertissant les euros en dollars au taux du jour : environ 206,5 milliards de dollars (taux du 27 f\u00e9vrier 2025).<\/p>\n<p style=\"word-wrap: break-word;\">Par ailleurs, le d\u00e9ficit commercial de Washington en mati\u00e8re de biens avec l\u2019UE a connu une augmentation importante pendant cette p\u00e9riode, passant de 208,7 milliards de dollars en 2023 \u00e0 235,6 milliards de dollars. La majeure partie de cette augmentation est due \u00e0 une forte hausse des importations, qui ont augment\u00e9 de 29,4 milliards de dollars.<\/p>\n<p style=\"word-wrap: break-word;\">Entre 2014 et 2024, les importations \u00e9tasuniennes de biens en provenance de l\u2019UE ont augment\u00e9 de 44%, selon les m\u00eames chiffres du bureau du recensement des \u00c9tats-Unis.<\/p>\n<p><b style=\"display: block; margin: 1rem 0;\">Une confusion \u00e0 l\u2019origine des d\u00e9clarations de Doald Trump\u00a0?<\/b><\/p>\n<p style=\"word-wrap: break-word;\">Pour Ruben Dewitte, les chiffres pr\u00e9sent\u00e9s par le pr\u00e9sident r\u00e9publicain ne sont pas factuels : \u00ab\u00a0Dans l\u2019ensemble, le d\u00e9ficit commercial des \u00c9tats-Unis par rapport \u00e0 l\u2019Union europ\u00e9enne, qu\u2019il s\u2019agisse uniquement des biens ou des biens et services combin\u00e9s, est inf\u00e9rieur au chiffre cit\u00e9 par Donald Trump.\u00a0\u00bb<\/p>\n<p style=\"word-wrap: break-word;\">Il pourrait s\u2019agir d\u2019une confusion dans les chiffres de la part du locataire actuel de la Maison Blanche : \u00ab\u00a0Les donn\u00e9es cit\u00e9es par le pr\u00e9sident Trump ne correspondent pas aux statistiques officielles. Pour contexte, le d\u00e9ficit commercial des \u00c9tats-Unis en biens avec la Chine est d\u2019environ 300 milliards de dollars, ce qui pourrait avoir caus\u00e9 une certaine confusion de sa part\u00a0\u00bb, ajoute encore l\u2019\u00e9conomiste chez ING.<\/p>\n<p><b style=\"display: block; margin: 1rem 0;\">Des chiffres tr\u00e8s largement exag\u00e9r\u00e9s<\/b><\/p>\n<p style=\"word-wrap: break-word;\">Selon que l\u2019on se base sur la d\u00e9finition stricte de la balance commerciale ou sur la balance commerciale uniquement en termes de biens, ou sur les chiffres officiels des \u00c9tats-Unis ou de ceux de l\u2019Europe, le montant du d\u00e9ficit entre les deux entit\u00e9s conna\u00eet de grandes variations.<\/p>\n<ul>\n<li>Le sc\u00e9nario le plus \u00e9loign\u00e9, qui reprend la balance commerciale globale et qui comprend donc les services \u00e9chang\u00e9s entre les \u00c9tats-Unis et l\u2019Union europ\u00e9enne. Les derniers chiffres globaux disponibles et publi\u00e9s par Eurostat fixe ce d\u00e9ficit pour Washington \u00e0 52,6 millions d\u2019euros, soit aux alentours de 54,74 milliards d\u2019euros selon le taux de change de ce 27 f\u00e9vrier 2025.<\/li>\n<li>Le sc\u00e9nario le plus proche des chiffres avanc\u00e9s par Donald Trump se base sur les chiffres officiels de Washington et ne concerne que les biens \u00e9chang\u00e9s avec l\u2019UE. Dans ce cas, la balance commerciale se situe \u00e0 235,6 milliards de dollars pour l\u2019ann\u00e9e 2024.<\/li>\n<\/ul>\n<p style=\"word-wrap: break-word;\">Cependant, m\u00eame ce sc\u00e9nario qui est le plus favorable aux d\u00e9clarations de Donald Trump ne permet de corroborer le chiffre avanc\u00e9 de 300 milliards de dollars.<\/p>\n<\/article>\n","protected":false},"excerpt":{"rendered":"<p>Lors de son annonce sur les produits europ\u00e9ens qui seront tax\u00e9s de droit de douane \u00e0 hauteur de 25%, Donald&#8230;<\/p>\n","protected":false},"author":1,"featured_media":388667,"comment_status":"closed","ping_status":"closed","sticky":false,"template":"","format":"standard","meta":{"_acf_changed":false,"footnotes":""},"categories":[171,452,471,125,116,132,138,423],"tags":[],"class_list":{"0":"post-388672","1":"post","2":"type-post","3":"status-publish","4":"format-standard","5":"has-post-thumbnail","7":"category-economie","8":"category-editors-choice-fr","9":"category-etats-unis","10":"category-fact-check-fr","11":"category-non-classifiee","12":"category-politique","13":"category-societe","14":"category-eu-fr"},"acf":{"show_metatags":true,"id":"https:\/\/www.rtbf.be\/article\/la-balance-commerciale-des-etats-unis-vis-a-vis-de-l-ue-n-est-pas-deficitaire-de-300-milliards-comme-l-affirme-donald-trump-11510299","authors":"Par @gregoire-ryckmans-127 ","organization":"RTBF","featured_image_copyright":"","text_copyright":"            Copyright: (C)RTBF Radio, Television Belge Francophone, plus d'infos: https:\/\/www.rtbf.be\/cgu\/        ","source":"https:\/\/www.rtbf.be\/article\/la-balance-commerciale-des-etats-unis-vis-a-vis-de-l-ue-n-est-pas-deficitaire-de-300-milliards-comme-l-affirme-donald-trump-11510299","fact_checker":"https:\/\/belux.wpengine.com\/wp-content\/uploads\/2022\/01\/rtbf-logo.jpg","type":"\u00c9v\u00e9nement ferm\u00e9","location":"","start_date":"","start_date_event_begins_at":"","start_date_event_ends_at":"","end_date":"","end_date_event_begins_at":"","end_date_event_ends_at":"","organizer":"","fact_checker_logo_image":false},"yoast_head":"<!-- This site is optimized with the Yoast SEO plugin v27.0 - https:\/\/yoast.com\/product\/yoast-seo-wordpress\/ -->\n<title>La balance commerciale des \u00c9tats-Unis vis-\u00e0-vis de l\u2019UE n\u2019est pas d\u00e9ficitaire de 300\u00a0milliards, comme l\u2019affirme Donald Trump - EDMO Belux<\/title>\n<meta name=\"robots\" content=\"index, follow, max-snippet:-1, max-image-preview:large, max-video-preview:-1\" \/>\n<link rel=\"canonical\" href=\"https:\/\/belux.edmo.eu\/fr\/la-balance-commerciale-des-tats-unis-vis-vis-de-lue-nest-pas-dficitaire-de-300milliards-comme-laffirme-donald-trump\/\" \/>\n<meta property=\"og:locale\" content=\"fr_FR\" \/>\n<meta property=\"og:type\" content=\"article\" \/>\n<meta property=\"og:title\" content=\"La balance commerciale des \u00c9tats-Unis vis-\u00e0-vis de l\u2019UE n\u2019est pas d\u00e9ficitaire de 300\u00a0milliards, comme l\u2019affirme Donald Trump - EDMO Belux\" \/>\n<meta property=\"og:description\" content=\"Lors de son annonce sur les produits europ\u00e9ens qui seront tax\u00e9s de droit de douane \u00e0 hauteur de 25%, Donald...\" \/>\n<meta property=\"og:url\" content=\"https:\/\/belux.edmo.eu\/fr\/la-balance-commerciale-des-tats-unis-vis-vis-de-lue-nest-pas-dficitaire-de-300milliards-comme-laffirme-donald-trump\/\" \/>\n<meta property=\"og:site_name\" content=\"EDMO Belux\" \/>\n<meta property=\"article:published_time\" content=\"2025-02-28T09:09:55+00:00\" \/>\n<meta property=\"article:modified_time\" content=\"2025-02-28T09:35:11+00:00\" \/>\n<meta property=\"og:image\" content=\"https:\/\/belux-edmo.s3-accelerate.amazonaws.com\/wp-content\/uploads\/2025\/02\/2d579dc29360d8bbfbb4aa541de5afa9-1740657970.jpg\" \/>\n\t<meta property=\"og:image:width\" content=\"1080\" \/>\n\t<meta property=\"og:image:height\" content=\"608\" \/>\n\t<meta property=\"og:image:type\" content=\"image\/jpeg\" \/>\n<meta name=\"author\" content=\"master\" \/>\n<meta name=\"twitter:card\" content=\"summary_large_image\" \/>\n<meta name=\"twitter:creator\" content=\"@Edmo_Belux\" \/>\n<meta name=\"twitter:site\" content=\"@Edmo_Belux\" \/>\n<meta name=\"twitter:label1\" content=\"\u00c9crit par\" \/>\n\t<meta name=\"twitter:data1\" content=\"master\" \/>\n\t<meta name=\"twitter:label2\" content=\"Dur\u00e9e de lecture estim\u00e9e\" \/>\n\t<meta name=\"twitter:data2\" content=\"9 minutes\" \/>\n<script type=\"application\/ld+json\" class=\"yoast-schema-graph\">{\"@context\":\"https:\/\/schema.org\",\"@graph\":[{\"@type\":\"Article\",\"@id\":\"https:\/\/belux.edmo.eu\/fr\/la-balance-commerciale-des-tats-unis-vis-vis-de-lue-nest-pas-dficitaire-de-300milliards-comme-laffirme-donald-trump\/#article\",\"isPartOf\":{\"@id\":\"https:\/\/belux.edmo.eu\/fr\/la-balance-commerciale-des-tats-unis-vis-vis-de-lue-nest-pas-dficitaire-de-300milliards-comme-laffirme-donald-trump\/\"},\"author\":{\"name\":\"master\",\"@id\":\"https:\/\/belux.edmo.eu\/#\/schema\/person\/dbe3b252258537fd318f9b5645a30342\"},\"headline\":\"La balance commerciale des \u00c9tats-Unis vis-\u00e0-vis de l\u2019UE n\u2019est pas d\u00e9ficitaire de 300\u00a0milliards, comme l\u2019affirme Donald Trump\",\"datePublished\":\"2025-02-28T09:09:55+00:00\",\"dateModified\":\"2025-02-28T09:35:11+00:00\",\"mainEntityOfPage\":{\"@id\":\"https:\/\/belux.edmo.eu\/fr\/la-balance-commerciale-des-tats-unis-vis-vis-de-lue-nest-pas-dficitaire-de-300milliards-comme-laffirme-donald-trump\/\"},\"wordCount\":1913,\"publisher\":{\"@id\":\"https:\/\/belux.edmo.eu\/#organization\"},\"image\":{\"@id\":\"https:\/\/belux.edmo.eu\/fr\/la-balance-commerciale-des-tats-unis-vis-vis-de-lue-nest-pas-dficitaire-de-300milliards-comme-laffirme-donald-trump\/#primaryimage\"},\"thumbnailUrl\":\"https:\/\/belux-edmo.s3-accelerate.amazonaws.com\/wp-content\/uploads\/2025\/02\/2d579dc29360d8bbfbb4aa541de5afa9-1740657970.jpg\",\"articleSection\":[\"Economie\",\"Editor's Choice Slider FR\",\"Etats-Unis\",\"Fact-Check\",\"Non classifi\u00e9(e)\",\"Politique\",\"Societe\",\"UE\"],\"inLanguage\":\"fr-FR\"},{\"@type\":\"WebPage\",\"@id\":\"https:\/\/belux.edmo.eu\/fr\/la-balance-commerciale-des-tats-unis-vis-vis-de-lue-nest-pas-dficitaire-de-300milliards-comme-laffirme-donald-trump\/\",\"url\":\"https:\/\/belux.edmo.eu\/fr\/la-balance-commerciale-des-tats-unis-vis-vis-de-lue-nest-pas-dficitaire-de-300milliards-comme-laffirme-donald-trump\/\",\"name\":\"La balance commerciale des \u00c9tats-Unis vis-\u00e0-vis de l\u2019UE n\u2019est pas d\u00e9ficitaire de 300\u00a0milliards, comme l\u2019affirme Donald Trump - EDMO Belux\",\"isPartOf\":{\"@id\":\"https:\/\/belux.edmo.eu\/#website\"},\"primaryImageOfPage\":{\"@id\":\"https:\/\/belux.edmo.eu\/fr\/la-balance-commerciale-des-tats-unis-vis-vis-de-lue-nest-pas-dficitaire-de-300milliards-comme-laffirme-donald-trump\/#primaryimage\"},\"image\":{\"@id\":\"https:\/\/belux.edmo.eu\/fr\/la-balance-commerciale-des-tats-unis-vis-vis-de-lue-nest-pas-dficitaire-de-300milliards-comme-laffirme-donald-trump\/#primaryimage\"},\"thumbnailUrl\":\"https:\/\/belux-edmo.s3-accelerate.amazonaws.com\/wp-content\/uploads\/2025\/02\/2d579dc29360d8bbfbb4aa541de5afa9-1740657970.jpg\",\"datePublished\":\"2025-02-28T09:09:55+00:00\",\"dateModified\":\"2025-02-28T09:35:11+00:00\",\"breadcrumb\":{\"@id\":\"https:\/\/belux.edmo.eu\/fr\/la-balance-commerciale-des-tats-unis-vis-vis-de-lue-nest-pas-dficitaire-de-300milliards-comme-laffirme-donald-trump\/#breadcrumb\"},\"inLanguage\":\"fr-FR\",\"potentialAction\":[{\"@type\":\"ReadAction\",\"target\":[\"https:\/\/belux.edmo.eu\/fr\/la-balance-commerciale-des-tats-unis-vis-vis-de-lue-nest-pas-dficitaire-de-300milliards-comme-laffirme-donald-trump\/\"]}]},{\"@type\":\"ImageObject\",\"inLanguage\":\"fr-FR\",\"@id\":\"https:\/\/belux.edmo.eu\/fr\/la-balance-commerciale-des-tats-unis-vis-vis-de-lue-nest-pas-dficitaire-de-300milliards-comme-laffirme-donald-trump\/#primaryimage\",\"url\":\"https:\/\/belux-edmo.s3-accelerate.amazonaws.com\/wp-content\/uploads\/2025\/02\/2d579dc29360d8bbfbb4aa541de5afa9-1740657970.jpg\",\"contentUrl\":\"https:\/\/belux-edmo.s3-accelerate.amazonaws.com\/wp-content\/uploads\/2025\/02\/2d579dc29360d8bbfbb4aa541de5afa9-1740657970.jpg\",\"width\":1080,\"height\":608,\"caption\":\"La balance commerciale des \u00c9tats-Unis vis-\u00e0-vis de l\u2019UE n\u2019est pas d\u00e9ficitaire de 300\u00a0milliards, comme l\u2019affirme Donald Trump - Featured image\"},{\"@type\":\"BreadcrumbList\",\"@id\":\"https:\/\/belux.edmo.eu\/fr\/la-balance-commerciale-des-tats-unis-vis-vis-de-lue-nest-pas-dficitaire-de-300milliards-comme-laffirme-donald-trump\/#breadcrumb\",\"itemListElement\":[{\"@type\":\"ListItem\",\"position\":1,\"name\":\"Home\",\"item\":\"https:\/\/belux.edmo.eu\/fr\/\"},{\"@type\":\"ListItem\",\"position\":2,\"name\":\"La balance commerciale des \u00c9tats-Unis vis-\u00e0-vis de l\u2019UE n\u2019est pas d\u00e9ficitaire de 300\u00a0milliards, comme l\u2019affirme Donald Trump\"}]},{\"@type\":\"WebSite\",\"@id\":\"https:\/\/belux.edmo.eu\/#website\",\"url\":\"https:\/\/belux.edmo.eu\/\",\"name\":\"EDMO Belux\",\"description\":\"Monitoring Disinformation in Belgium and Luxembourg\",\"publisher\":{\"@id\":\"https:\/\/belux.edmo.eu\/#organization\"},\"potentialAction\":[{\"@type\":\"SearchAction\",\"target\":{\"@type\":\"EntryPoint\",\"urlTemplate\":\"https:\/\/belux.edmo.eu\/?s={search_term_string}\"},\"query-input\":{\"@type\":\"PropertyValueSpecification\",\"valueRequired\":true,\"valueName\":\"search_term_string\"}}],\"inLanguage\":\"fr-FR\"},{\"@type\":\"Organization\",\"@id\":\"https:\/\/belux.edmo.eu\/#organization\",\"name\":\"EDMO Belux\",\"url\":\"https:\/\/belux.edmo.eu\/\",\"logo\":{\"@type\":\"ImageObject\",\"inLanguage\":\"fr-FR\",\"@id\":\"https:\/\/belux.edmo.eu\/#\/schema\/logo\/image\/\",\"url\":\"https:\/\/belux.edmo.eu\/wp-content\/uploads\/2021\/12\/belux-logo-full-color-rgb.svg\",\"contentUrl\":\"https:\/\/belux.edmo.eu\/wp-content\/uploads\/2021\/12\/belux-logo-full-color-rgb.svg\",\"width\":1,\"height\":1,\"caption\":\"EDMO Belux\"},\"image\":{\"@id\":\"https:\/\/belux.edmo.eu\/#\/schema\/logo\/image\/\"},\"sameAs\":[\"https:\/\/x.com\/Edmo_Belux\"]},{\"@type\":\"Person\",\"@id\":\"https:\/\/belux.edmo.eu\/#\/schema\/person\/dbe3b252258537fd318f9b5645a30342\",\"name\":\"master\",\"sameAs\":[\"https:\/\/belux.wpengine.com\"],\"url\":\"https:\/\/belux.edmo.eu\/fr\/author\/master\/\"}]}<\/script>\n<!-- \/ Yoast SEO plugin. -->","yoast_head_json":{"title":"La balance commerciale des \u00c9tats-Unis vis-\u00e0-vis de l\u2019UE n\u2019est pas d\u00e9ficitaire de 300\u00a0milliards, comme l\u2019affirme Donald Trump - EDMO Belux","robots":{"index":"index","follow":"follow","max-snippet":"max-snippet:-1","max-image-preview":"max-image-preview:large","max-video-preview":"max-video-preview:-1"},"canonical":"https:\/\/belux.edmo.eu\/fr\/la-balance-commerciale-des-tats-unis-vis-vis-de-lue-nest-pas-dficitaire-de-300milliards-comme-laffirme-donald-trump\/","og_locale":"fr_FR","og_type":"article","og_title":"La balance commerciale des \u00c9tats-Unis vis-\u00e0-vis de l\u2019UE n\u2019est pas d\u00e9ficitaire de 300\u00a0milliards, comme l\u2019affirme Donald Trump - EDMO Belux","og_description":"Lors de son annonce sur les produits europ\u00e9ens qui seront tax\u00e9s de droit de douane \u00e0 hauteur de 25%, Donald...","og_url":"https:\/\/belux.edmo.eu\/fr\/la-balance-commerciale-des-tats-unis-vis-vis-de-lue-nest-pas-dficitaire-de-300milliards-comme-laffirme-donald-trump\/","og_site_name":"EDMO Belux","article_published_time":"2025-02-28T09:09:55+00:00","article_modified_time":"2025-02-28T09:35:11+00:00","og_image":[{"width":1080,"height":608,"url":"https:\/\/belux-edmo.s3-accelerate.amazonaws.com\/wp-content\/uploads\/2025\/02\/2d579dc29360d8bbfbb4aa541de5afa9-1740657970.jpg","type":"image\/jpeg"}],"author":"master","twitter_card":"summary_large_image","twitter_creator":"@Edmo_Belux","twitter_site":"@Edmo_Belux","twitter_misc":{"\u00c9crit par":"master","Dur\u00e9e de lecture estim\u00e9e":"9 minutes"},"schema":{"@context":"https:\/\/schema.org","@graph":[{"@type":"Article","@id":"https:\/\/belux.edmo.eu\/fr\/la-balance-commerciale-des-tats-unis-vis-vis-de-lue-nest-pas-dficitaire-de-300milliards-comme-laffirme-donald-trump\/#article","isPartOf":{"@id":"https:\/\/belux.edmo.eu\/fr\/la-balance-commerciale-des-tats-unis-vis-vis-de-lue-nest-pas-dficitaire-de-300milliards-comme-laffirme-donald-trump\/"},"author":{"name":"master","@id":"https:\/\/belux.edmo.eu\/#\/schema\/person\/dbe3b252258537fd318f9b5645a30342"},"headline":"La balance commerciale des \u00c9tats-Unis vis-\u00e0-vis de l\u2019UE n\u2019est pas d\u00e9ficitaire de 300\u00a0milliards, comme l\u2019affirme Donald Trump","datePublished":"2025-02-28T09:09:55+00:00","dateModified":"2025-02-28T09:35:11+00:00","mainEntityOfPage":{"@id":"https:\/\/belux.edmo.eu\/fr\/la-balance-commerciale-des-tats-unis-vis-vis-de-lue-nest-pas-dficitaire-de-300milliards-comme-laffirme-donald-trump\/"},"wordCount":1913,"publisher":{"@id":"https:\/\/belux.edmo.eu\/#organization"},"image":{"@id":"https:\/\/belux.edmo.eu\/fr\/la-balance-commerciale-des-tats-unis-vis-vis-de-lue-nest-pas-dficitaire-de-300milliards-comme-laffirme-donald-trump\/#primaryimage"},"thumbnailUrl":"https:\/\/belux-edmo.s3-accelerate.amazonaws.com\/wp-content\/uploads\/2025\/02\/2d579dc29360d8bbfbb4aa541de5afa9-1740657970.jpg","articleSection":["Economie","Editor's Choice Slider FR","Etats-Unis","Fact-Check","Non classifi\u00e9(e)","Politique","Societe","UE"],"inLanguage":"fr-FR"},{"@type":"WebPage","@id":"https:\/\/belux.edmo.eu\/fr\/la-balance-commerciale-des-tats-unis-vis-vis-de-lue-nest-pas-dficitaire-de-300milliards-comme-laffirme-donald-trump\/","url":"https:\/\/belux.edmo.eu\/fr\/la-balance-commerciale-des-tats-unis-vis-vis-de-lue-nest-pas-dficitaire-de-300milliards-comme-laffirme-donald-trump\/","name":"La balance commerciale des \u00c9tats-Unis vis-\u00e0-vis de l\u2019UE n\u2019est pas d\u00e9ficitaire de 300\u00a0milliards, comme l\u2019affirme Donald Trump - EDMO Belux","isPartOf":{"@id":"https:\/\/belux.edmo.eu\/#website"},"primaryImageOfPage":{"@id":"https:\/\/belux.edmo.eu\/fr\/la-balance-commerciale-des-tats-unis-vis-vis-de-lue-nest-pas-dficitaire-de-300milliards-comme-laffirme-donald-trump\/#primaryimage"},"image":{"@id":"https:\/\/belux.edmo.eu\/fr\/la-balance-commerciale-des-tats-unis-vis-vis-de-lue-nest-pas-dficitaire-de-300milliards-comme-laffirme-donald-trump\/#primaryimage"},"thumbnailUrl":"https:\/\/belux-edmo.s3-accelerate.amazonaws.com\/wp-content\/uploads\/2025\/02\/2d579dc29360d8bbfbb4aa541de5afa9-1740657970.jpg","datePublished":"2025-02-28T09:09:55+00:00","dateModified":"2025-02-28T09:35:11+00:00","breadcrumb":{"@id":"https:\/\/belux.edmo.eu\/fr\/la-balance-commerciale-des-tats-unis-vis-vis-de-lue-nest-pas-dficitaire-de-300milliards-comme-laffirme-donald-trump\/#breadcrumb"},"inLanguage":"fr-FR","potentialAction":[{"@type":"ReadAction","target":["https:\/\/belux.edmo.eu\/fr\/la-balance-commerciale-des-tats-unis-vis-vis-de-lue-nest-pas-dficitaire-de-300milliards-comme-laffirme-donald-trump\/"]}]},{"@type":"ImageObject","inLanguage":"fr-FR","@id":"https:\/\/belux.edmo.eu\/fr\/la-balance-commerciale-des-tats-unis-vis-vis-de-lue-nest-pas-dficitaire-de-300milliards-comme-laffirme-donald-trump\/#primaryimage","url":"https:\/\/belux-edmo.s3-accelerate.amazonaws.com\/wp-content\/uploads\/2025\/02\/2d579dc29360d8bbfbb4aa541de5afa9-1740657970.jpg","contentUrl":"https:\/\/belux-edmo.s3-accelerate.amazonaws.com\/wp-content\/uploads\/2025\/02\/2d579dc29360d8bbfbb4aa541de5afa9-1740657970.jpg","width":1080,"height":608,"caption":"La balance commerciale des \u00c9tats-Unis vis-\u00e0-vis de l\u2019UE n\u2019est pas d\u00e9ficitaire de 300\u00a0milliards, comme l\u2019affirme Donald Trump - Featured image"},{"@type":"BreadcrumbList","@id":"https:\/\/belux.edmo.eu\/fr\/la-balance-commerciale-des-tats-unis-vis-vis-de-lue-nest-pas-dficitaire-de-300milliards-comme-laffirme-donald-trump\/#breadcrumb","itemListElement":[{"@type":"ListItem","position":1,"name":"Home","item":"https:\/\/belux.edmo.eu\/fr\/"},{"@type":"ListItem","position":2,"name":"La balance commerciale des \u00c9tats-Unis vis-\u00e0-vis de l\u2019UE n\u2019est pas d\u00e9ficitaire de 300\u00a0milliards, comme l\u2019affirme Donald Trump"}]},{"@type":"WebSite","@id":"https:\/\/belux.edmo.eu\/#website","url":"https:\/\/belux.edmo.eu\/","name":"EDMO Belux","description":"Monitoring Disinformation in Belgium and Luxembourg","publisher":{"@id":"https:\/\/belux.edmo.eu\/#organization"},"potentialAction":[{"@type":"SearchAction","target":{"@type":"EntryPoint","urlTemplate":"https:\/\/belux.edmo.eu\/?s={search_term_string}"},"query-input":{"@type":"PropertyValueSpecification","valueRequired":true,"valueName":"search_term_string"}}],"inLanguage":"fr-FR"},{"@type":"Organization","@id":"https:\/\/belux.edmo.eu\/#organization","name":"EDMO Belux","url":"https:\/\/belux.edmo.eu\/","logo":{"@type":"ImageObject","inLanguage":"fr-FR","@id":"https:\/\/belux.edmo.eu\/#\/schema\/logo\/image\/","url":"https:\/\/belux.edmo.eu\/wp-content\/uploads\/2021\/12\/belux-logo-full-color-rgb.svg","contentUrl":"https:\/\/belux.edmo.eu\/wp-content\/uploads\/2021\/12\/belux-logo-full-color-rgb.svg","width":1,"height":1,"caption":"EDMO Belux"},"image":{"@id":"https:\/\/belux.edmo.eu\/#\/schema\/logo\/image\/"},"sameAs":["https:\/\/x.com\/Edmo_Belux"]},{"@type":"Person","@id":"https:\/\/belux.edmo.eu\/#\/schema\/person\/dbe3b252258537fd318f9b5645a30342","name":"master","sameAs":["https:\/\/belux.wpengine.com"],"url":"https:\/\/belux.edmo.eu\/fr\/author\/master\/"}]}},"menu_order":0,"_links":{"self":[{"href":"https:\/\/belux.edmo.eu\/fr\/wp-json\/wp\/v2\/posts\/388672","targetHints":{"allow":["GET"]}}],"collection":[{"href":"https:\/\/belux.edmo.eu\/fr\/wp-json\/wp\/v2\/posts"}],"about":[{"href":"https:\/\/belux.edmo.eu\/fr\/wp-json\/wp\/v2\/types\/post"}],"author":[{"embeddable":true,"href":"https:\/\/belux.edmo.eu\/fr\/wp-json\/wp\/v2\/users\/1"}],"replies":[{"embeddable":true,"href":"https:\/\/belux.edmo.eu\/fr\/wp-json\/wp\/v2\/comments?post=388672"}],"version-history":[{"count":0,"href":"https:\/\/belux.edmo.eu\/fr\/wp-json\/wp\/v2\/posts\/388672\/revisions"}],"wp:featuredmedia":[{"embeddable":true,"href":"https:\/\/belux.edmo.eu\/fr\/wp-json\/wp\/v2\/media\/388667"}],"wp:attachment":[{"href":"https:\/\/belux.edmo.eu\/fr\/wp-json\/wp\/v2\/media?parent=388672"}],"wp:term":[{"taxonomy":"category","embeddable":true,"href":"https:\/\/belux.edmo.eu\/fr\/wp-json\/wp\/v2\/categories?post=388672"},{"taxonomy":"post_tag","embeddable":true,"href":"https:\/\/belux.edmo.eu\/fr\/wp-json\/wp\/v2\/tags?post=388672"}],"curies":[{"name":"wp","href":"https:\/\/api.w.org\/{rel}","templated":true}]}}