{"id":389886,"date":"2025-03-10T08:09:35","date_gmt":"2025-03-10T08:09:35","guid":{"rendered":"https:\/\/belux.edmo.eu\/?p=389886"},"modified":"2025-03-10T09:16:45","modified_gmt":"2025-03-10T09:16:45","slug":"la-monte-en-surface-du-poisson-ruban-ne-prsage-ni-sismes-ni-tsunamis","status":"publish","type":"post","link":"https:\/\/belux.edmo.eu\/fr\/la-monte-en-surface-du-poisson-ruban-ne-prsage-ni-sismes-ni-tsunamis\/","title":{"rendered":"La mont\u00e9e en surface du poisson-ruban ne pr\u00e9sage ni s\u00e9ismes ni tsunamis"},"content":{"rendered":"<p><b>Une vid\u00e9o tourn\u00e9e sur une plage mexicaine et montrant un r\u00e9galec, un poisson-ruban rarement vu en surface, a circul\u00e9 sur les r\u00e9seaux sociaux d\u00e9but f\u00e9vrier 2025. Depuis, plusieurs publications assurent que la pr\u00e9sence de ce poisson \u00e0 cet endroit serait annonciatrice d&rsquo;une catastrophe naturelle, comme un tsunami ou un s\u00e9isme. Cependant, rien ne permet de faire une telle affirmation. Et les experts sont cat\u00e9goriques : il n&rsquo;existe \u00e0 ce jour aucun moyen de pr\u00e9dire les s\u00e9ismes.<\/b><\/p>\n<p><em>\u00ab\u00a0Ce poisson vient en direct d&rsquo;annoncer une catastrophe naturelle imminente, mais tout le monde rigole. Ce que vous venez de voir, \u00e7a s\u2019appelle un <\/em>&lsquo;r\u00e9galicid\u00e9&rsquo;<em>, ou plus commun\u00e9ment appel\u00e9 &lsquo;<\/em>poisson ruban&rsquo;<em>\u00ab\u00a0<\/em>, peut-on entendre dans\u00a0<a href=\"https:\/\/perma.cc\/759N-Y9TL\" target=\"_blank\" rel=\"appearance frozen nofollow noopener\" shape=\"rect\">une vid\u00e9o<\/a> publi\u00e9e sur TikTok le 16 f\u00e9vrier 2025, aim\u00e9e par un million d&rsquo;internautes et visionn\u00e9e plus de 11 millions de fois.<\/p>\n<p>On peut voir au d\u00e9but de la vid\u00e9o des images d&rsquo;un poisson \u00e0 la nageoire dorsale rouge et brillante sur un corps plat de couleur argent\u00e9e, s&rsquo;\u00e9chouant sur une plage.<\/p>\n<p><em>\u00ab\u00a0Il est aussi d\u00e9sign\u00e9 dans certaines cultures comme le <\/em>&lsquo;poisson tremblement de terre&rsquo;<em>, parce qu&rsquo;en fait, d&rsquo;habitude il nage \u00e0 environ 1.000 m\u00e8tres de profondeur, ce qui rend du coup cette vid\u00e9o encore plus choquante, parce que c&rsquo;est pratiquement impossible d&rsquo;en observer un vivant<\/em>\u00ab\u00a0, poursuit l&rsquo;auteur de la vid\u00e9o, affirmant que la pr\u00e9sence de ce poisson permettrait de pr\u00e9dire des catastrophes naturelles, comme des \u00ab\u00a0<em>s\u00e9ismes sous-marins<\/em>\u00a0\u00bb ou des \u00ab\u00a0<em>tsunamis<\/em>\u00ab\u00a0.<\/p>\n<p><em>\u00ab\u00a0L\u00e0 l\u00e0, on rigole, mais \u00e0 tout moment, les gens qu&rsquo;ont pris la vid\u00e9o, ils ont pris un s\u00e9isme juste apr\u00e8s et un tsunami 15 minutes apr\u00e8s. Apr\u00e8s la vid\u00e9o, c\u2019est fini : inondation. Donc, vous voyez cette sc\u00e8ne ? Courrez. C&rsquo;est tout !\u00a0\u00bb<\/em>, poursuit-il.<\/p>\n<p>Des messages similaires, avec d&rsquo;autres images de poissons-ruban \u00e0 l&rsquo;appui, circulent sur Facebook (<a href=\"https:\/\/web.archive.org\/web\/20250228094443\/https:\/\/www.facebook.com\/plugins\/post.php?href=https%3A%2F%2Fwww.facebook.com%2Fyann.castelnot%2Fposts%2Fpfbid02NoQMTbAum9GQLpd2o19Qe73afe5CqHuF3gjdS6usbpeS84tz3mbeYm5H9fgYfLdl\" target=\"_blank\" rel=\"appearance frozen nofollow noopener\" shape=\"rect\">1<\/a>, <a href=\"https:\/\/web.archive.org\/web\/20250228100443\/https:\/\/www.facebook.com\/61564026002485\/videos\/1555480288303441\/\" target=\"_blank\" rel=\"appearance frozen nofollow noopener\" shape=\"rect\">2<\/a>), X (<a href=\"https:\/\/perma.cc\/EDB6-WSYH\" target=\"_blank\" rel=\"appearance frozen nofollow noopener\" shape=\"rect\">1<\/a>, <a href=\"https:\/\/perma.cc\/XXG9-AZZL\" target=\"_blank\" rel=\"appearance frozen nofollow noopener\" shape=\"rect\">2<\/a>), Instagram (<a href=\"https:\/\/perma.cc\/8XWD-G5XK\" target=\"_blank\" rel=\"appearance frozen nofollow noopener\" shape=\"rect\">1<\/a>, <a href=\"https:\/\/perma.cc\/7LHL-K4HP\" target=\"_blank\" rel=\"appearance frozen nofollow noopener\" shape=\"rect\">2<\/a>, <a href=\"https:\/\/perma.cc\/6T6J-W6H5\" target=\"_blank\" rel=\"appearance frozen nofollow noopener\" shape=\"rect\">3<\/a>) et <a href=\"https:\/\/perma.cc\/L8D4-2YA5\" target=\"_blank\" rel=\"appearance frozen nofollow noopener\" shape=\"rect\">YouTube<\/a>, et dans plusieurs langues comme l&rsquo;<a href=\"https:\/\/perma.cc\/R3N4-K7PZ\" target=\"_blank\" rel=\"appearance frozen nofollow noopener\" shape=\"rect\">anglais<\/a>, l&rsquo;<a href=\"https:\/\/perma.cc\/6NH6-VSEK\" target=\"_blank\" rel=\"appearance frozen nofollow noopener\" shape=\"rect\">espagnol<\/a>, l&rsquo;<a href=\"https:\/\/perma.cc\/4N2L-NVFY\" target=\"_blank\" rel=\"appearance frozen nofollow noopener\" shape=\"rect\">italien<\/a> et le <a href=\"https:\/\/web.archive.org\/web\/20250228103407\/https:\/\/www.facebook.com\/plugins\/post.php?href=https%3A%2F%2Fwww.facebook.com%2Fcarla.poeta.9%2Fposts%2Fpfbid03PZV5PdFMEgmbiHTuoTFd3GN1K74AJ2q5ixBnXysk8uW3ZknJmfQVnsUNXU653Ral\" target=\"_blank\" rel=\"appearance frozen nofollow noopener\" shape=\"rect\">portugais<\/a>.<\/p>\n<div class=\"g2picture\">\n<figure><img src=\"https:\/\/belux-edmo.s3-accelerate.amazonaws.com\/wp-content\/uploads\/2025\/03\/221a5dad84fb014452c57aefeca6e75f9dd47412-ipad.jpg\" \/><figcaption>Captures d&rsquo;\u00e9cran sur Instagram (\u00e0 gauche) et sur TikTok (\u00e0 droite) prises le 27\/02\/2025. Croix rouges ajout\u00e9es par l&rsquo;AFP.<\/figcaption><\/figure>\n<\/div>\n<p>Mais <strong>l&rsquo;id\u00e9e selon laquelle la mont\u00e9e en surface du r\u00e9galec annoncerait un cataclysme n&rsquo;est pas fond\u00e9e<\/strong>.<\/p>\n<p><b>Le r\u00e9galec, un poisson des abysses<\/b><\/p>\n<p>Le <strong>r\u00e9galec<\/strong> (\u00ab\u00a0<em>Regalecus glesne<\/em>\u00ab\u00a0) est la plus grande esp\u00e8ce de poisson osseux. Parfois aussi d\u00e9sign\u00e9 comme\u00a0<strong>\u00ab\u00a0poisson-ruban\u00a0\u00bb<\/strong> ou <strong>\u00ab\u00a0roi des harengs\u00a0\u00bb<\/strong>, il <a href=\"https:\/\/www.30millionsdamis.fr\/actualites\/article\/1841-un-hareng-geant-de-plus-de-3-metres-retrouve-en-suede\/?sword_list%5B0%5D=peu&amp;no_cache=1\" target=\"_blank\" rel=\"evidence frozen nofollow noopener\" shape=\"rect\">peut atteindre jusqu&rsquo;\u00e0 une dizaine de m\u00e8tres et vivre jusqu&rsquo;\u00e0 au moins 1.000 m\u00e8tres de profondeur<\/a>. En raison de sa longueur et de sa nage ondulatoire, il a longtemps \u00e9t\u00e9 consid\u00e9r\u00e9 comme un serpent des mers (lien archiv\u00e9 <a href=\"https:\/\/perma.cc\/H4X9-LWXT\" target=\"_blank\" rel=\"evidence frozen nofollow noopener\" shape=\"rect\">ici<\/a>).<\/p>\n<p><span data-olk-copy-source=\"MessageBody\"><em>\u00ab\u00a0Il existe <a href=\"https:\/\/fishbase.mnhn.fr\/summary\/FamilySummary.php?ID=225\" target=\"_blank\" rel=\"evidence frozen nofollow noopener\" shape=\"rect\">une dizaine d&rsquo;esp\u00e8ces dans la famille <\/a><\/em><em><a href=\"https:\/\/fishbase.mnhn.fr\/summary\/FamilySummary.php?ID=225\" target=\"_blank\" rel=\"evidence frozen nofollow noopener\" shape=\"rect\">des Trachipteridae<\/a> qui rassemble les poissons-rubans\u00a0\u00bb<\/em>, explique Thomas Claverie, ma\u00eetre de conf\u00e9rences en \u00e9cologie marine \u00e0 l&rsquo;Universit\u00e9 de La R\u00e9union dans un courriel \u00e9lectronique adress\u00e9 \u00e0 l&rsquo;AFP le 26 f\u00e9vrier 2025.\u00a0<\/span><span data-olk-copy-source=\"MessageBody\"><em>\u00ab\u00a0M\u00eame si ces poissons sont rares \u00e0 observer par le commun des mortels, il semble que les p\u00eacheurs et les gens de la mer en voient de temps en temps, et j&rsquo;ai des coll\u00e8gues qui en ont d\u00e9j\u00e0 vus (et qui ne sont pas morts dans un tsunami)\u00a0\u00bb<\/em>, souligne-t-il (lien archiv\u00e9 <a href=\"https:\/\/perma.cc\/YFW9-CAYU\" target=\"_blank\" rel=\"evidence frozen nofollow noopener\" shape=\"rect\">ici<\/a>).<\/span><\/p>\n<p><span data-olk-copy-source=\"MessageBody\">Contact\u00e9 par l&rsquo;AFP le 5 mars, Marc-Andr\u00e9 Gutscher, g\u00e9ophysicien marin au CNRS, ajoute que des poissons, qui d&rsquo;habitude ne se trouvent pas dans une r\u00e9gion, peuvent y appara\u00eetre pour diverses raisons naturelles, comme <a href=\"https:\/\/openknowledge.fao.org\/server\/api\/core\/bitstreams\/262e3264-a090-449b-a68f-097e1e0b600a\/content\/sofia\/2024\/impacts-marine-fisheries-aquaculture.html\" target=\"_blank\" rel=\"evidence frozen nofollow noopener\" shape=\"rect\">le ph\u00e9nom\u00e8ne climatique cyclique El Ni\u00f1o<\/a>, sans lien avec des ph\u00e9nom\u00e8nes sismiques. <\/span><span data-olk-copy-source=\"MessageBody\"><em>\u00ab\u00a0<\/em><\/span><span data-olk-copy-source=\"MessageBody\"><em>C&rsquo;est un ph\u00e9nom\u00e8ne connu depuis bien longtemps par les p\u00eacheurs (qui), pendant les ann\u00e9es El Nino, p\u00eachent des poissons que d&rsquo;habitude ils ne p\u00eachent pas\u00a0\u00bb<\/em>, souligne-t-il.<\/span><\/p>\n<p>Une\u00a0<a href=\"https:\/\/www.youtube.com\/watch?v=w6tpIBHhZLw\" target=\"_blank\" rel=\"evidence frozen nofollow noopener\" shape=\"rect\">recherche d&rsquo;image invers\u00e9e<\/a> a permis \u00e0 l&rsquo;AFP de retrouver\u00a0<a href=\"https:\/\/www.youtube.com\/watch?v=sjR8Ou558yk\" target=\"_blank\" rel=\"evidence frozen nofollow noopener\" shape=\"rect\">la vid\u00e9o originale<\/a> du poisson \u00e9chou\u00e9 sur la plage, intitul\u00e9e \u00ab\u00a0<em>Un rare poisson-ruban appara\u00eet sur une plage mexicaine<\/em>\u00ab\u00a0. Obtenue par la plateforme <a href=\"https:\/\/video.storyful.com\/record\/34177\" target=\"_blank\" rel=\"evidence frozen nofollow noopener\" shape=\"rect\">Storyful<\/a>, cette vid\u00e9o a \u00e9t\u00e9 mise en ligne sur YouTube le 17 f\u00e9vrier 2025 (liens archiv\u00e9s <a href=\"https:\/\/perma.cc\/4UFD-U858\" target=\"_blank\" rel=\"evidence frozen nofollow noopener\" shape=\"rect\">ici<\/a> et <a href=\"https:\/\/perma.cc\/EUX4-VGQQ\" target=\"_blank\" rel=\"evidence frozen nofollow noopener\" shape=\"rect\">ici<\/a>).<\/p>\n<p><em>\u00ab\u00a0Les baigneurs ont \u00e9t\u00e9 choqu\u00e9s de trouver un poisson-ruban rarement vu nageant dans les eaux peu profondes d&rsquo;une plage de Basse-Californie du Sud au Mexique, le dimanche 9 f\u00e9vrier. Les vid\u00e9os de Robert Hayes montrent le poisson iris\u00e9 se d\u00e9battre dans les eaux peu profondes, avant qu&rsquo;un homme tente de le ramener dans des eaux plus profondes\u00a0\u00bb<\/em>, peut-on lire dans la description de la vid\u00e9o publi\u00e9e sur le site de l&rsquo;agence Storyful.<\/p>\n<div class=\"g2picture\">\n<figure><img src=\"https:\/\/belux-edmo.s3-accelerate.amazonaws.com\/wp-content\/uploads\/2025\/03\/a97b1efbbeed07f2a3c44012e3596c336a485b84-ipad.jpg\" \/><figcaption>Capture d&rsquo;\u00e9cran de la vid\u00e9o du poisson-ruban vendue sur la plateforme de l&rsquo;agence Storyful, prise le 27\/02\/2025.<\/figcaption><\/figure>\n<\/div>\n<p>En effectuant une <a href=\"https:\/\/help.afp.com\/hc\/trouver-facilement-le-bon-contenu-85500c0e-8ed6-4cca-94a0-14e2665389d5\/advanced-search\" target=\"_blank\" rel=\"evidence frozen nofollow noopener\" shape=\"rect\">recherche par mots-cl\u00e9s<\/a> avec la date et le lieu de prise \u00e9voqu\u00e9s dans la description (\u00ab\u00a0s\u00e9isme Mexique 9 f\u00e9vrier 2025\u00a0\u00bb), l&rsquo;AFP a retrouv\u00e9 des informations sur un signalement d&rsquo;un s\u00e9isme dans la r\u00e9gion recens\u00e9 sur\u00a0<a href=\"https:\/\/www.volcanodiscovery.com\/fr\/seismes\/info-seisme\/15203023\/mag4quake-Feb-9-2025-Mexico-Gulf-of-California.html\" target=\"_blank\" rel=\"evidence frozen nofollow noopener\" shape=\"rect\">Volcano Discovery<\/a>, un site qui pr\u00e9tend r\u00e9unir une base de donn\u00e9es sur les volcans et les s\u00e9ismes (lien archiv\u00e9 <a href=\"https:\/\/web.archive.org\/web\/20250305131706\/https:\/\/www.volcanodiscovery.com\/fr\/seismes\/info-seisme\/15203023\/mag4quake-Feb-9-2025-Mexico-Gulf-of-California.html\" target=\"_blank\" rel=\"evidence frozen nofollow noopener\" shape=\"rect\">ici<\/a>).<\/p>\n<p>Selon le site, un <em>\u00ab\u00a0s\u00e9isme mod\u00e9r\u00e9 magnitude 4.3 \u00e0 6.7 km de profondeur\u00a0\u00bb<\/em> a \u00e9t\u00e9 signal\u00e9 \u00e0 <em>\u00ab\u00a015:39 (GMT -7)\u00a0\u00bb <\/em>le 9 f\u00e9vrier dernier. <em>\u00ab\u00a0Sur la base de mod\u00e8les sismiques et statistiques, l&rsquo;USGS estime que <strong>le risque de d\u00e9c\u00e8s et de dommages dus \u00e0 ce tremblement de terre est bas<\/strong>\u00ab\u00a0<\/em>, peut-on lire sur le site internet. Depuis le 9 f\u00e9vrier, <a href=\"https:\/\/www.volcanodiscovery.com\/fr\/region\/16274\/seismes\/basse-californie-du-sud\/past30days.html#section-quakeMeter\" target=\"_blank\" rel=\"evidence frozen nofollow noopener\" shape=\"rect\">aucun autre s\u00e9isme d&rsquo;une magnitude sup\u00e9rieure \u00e0 4 n&rsquo;a \u00e9t\u00e9 enregistr\u00e9 dans la r\u00e9gion<\/a>, ce qui confirme qu&rsquo;aucun \u00e9v\u00e9nement suppl\u00e9mentaire n&rsquo;a eu de cons\u00e9quences d\u00e9sastreuses comme le pr\u00e9tendent les publications virales (lien archiv\u00e9\u00a0<a href=\"https:\/\/web.archive.org\/web\/20250305131926\/https:\/\/www.volcanodiscovery.com\/fr\/region\/16274\/seismes\/basse-californie-du-sud\/past30days.html\" target=\"_blank\" rel=\"evidence frozen nofollow noopener\" shape=\"rect\">ici<\/a>).<\/p>\n<p>Selon un\u00a0article du m\u00e9dia am\u00e9ricain <a href=\"https:\/\/www.foxweather.com\/earth-space\/rare-oarfish-found-mexico-beach\" target=\"_blank\" rel=\"evidence frozen nofollow noopener\" shape=\"rect\">Fox Weather<\/a> publi\u00e9 le 17 f\u00e9vrier 2025, la vid\u00e9o a \u00e9t\u00e9 film\u00e9e \u00e0 la\u00a0<a href=\"https:\/\/maps.app.goo.gl\/SuPJuncatpnQwHSs6\" target=\"_blank\" rel=\"evidence frozen nofollow noopener\" shape=\"rect\">plage El Quemado<\/a>, en Basse-Californie du Sud, au Mexique (lien archiv\u00e9 <a href=\"https:\/\/perma.cc\/ZN8V-V2EJ\" target=\"_blank\" rel=\"evidence frozen nofollow noopener\" shape=\"rect\">ici<\/a>).<\/p>\n<div class=\"g2picture\">\n<figure><img src=\"https:\/\/belux-edmo.s3-accelerate.amazonaws.com\/wp-content\/uploads\/2025\/03\/4855154279ed5c02cf06b81e91d55e8adaaca465-ipad.jpg\" \/><figcaption>Captures d&rsquo;\u00e9cran sur Google Maps (\u00e0 gauche) de la plage o\u00f9 a \u00e9t\u00e9 retrouv\u00e9 le r\u00e9galec, El Quemado, en Basse Californie du Sud (Mexique) et \u00e0 droite, la carte interactive sur Volcano Discovery, avec le point rouge qui indique le lieu o\u00f9 a \u00e9t\u00e9 signal\u00e9 un s\u00e9isme. Captures prises le 07\/03\/2025.<\/figcaption><\/figure>\n<\/div>\n<p><em>\u00ab\u00a0Il y a environ 200 km entre les deux endroits\u00a0\u00bb,<\/em> pr\u00e9cise Marc-Andr\u00e9 Gutscher, g\u00e9ophysicien marin du CNRS, qui estime la magnitude du s\u00e9isme du 9 f\u00e9vrier 2025 (M4,3) comme <em>\u00ab\u00a0faible\u00a0\u00bb<\/em> car le segment de faille <em>\u00ab\u00a0a boug\u00e9 tr\u00e8s court (&lt;1km)\u00a0\u00bb<\/em>.<\/p>\n<p>Selon ce dernier, <em>\u00ab\u00a0il ne peut pas y avoir une connexion entre un (petit) ph\u00e9nom\u00e8ne \u00e0 200 km au Nord (donc le s\u00e9isme) et un \u00e9chouage d\u2019un poisson des eaux profondes, qui d\u2019ailleurs est presque certainement remont\u00e9 du Sud (o\u00f9 les eaux sont plus profondes et donc o\u00f9 vivait en toute probabilit\u00e9 ce poisson ruban).\u00a0\u00bb<\/em><\/p>\n<p>De plus, <em>\u00ab\u00a0les s\u00e9ismes sont, par d\u00e9finition, impr\u00e9visibles\u00a0\u00bb<\/em>, pointe Thomas Claverie, <span data-olk-copy-source=\"MessageBody\">ma\u00eetre de conf\u00e9rences en \u00e9cologie marine<\/span> aupr\u00e8s de l&rsquo;AFP.<\/p>\n<p><b>Qu&rsquo;est-ce qu&rsquo;un s\u00e9isme ?<\/b><\/p>\n<p>Un s\u00e9isme correspond \u00e0 la rupture des roches de la cro\u00fbte terrestre, cons\u00e9cutive \u00e0 une accumulation de contraintes au cours du temps, comme l&rsquo;explique le site <a href=\"https:\/\/perma.cc\/7MS5-LBSB\" target=\"_blank\" rel=\"evidence frozen nofollow noopener\" shape=\"rect\">L&rsquo;ObservaTerre<\/a>, g\u00e9r\u00e9 par le R\u00e9seau sismologique et g\u00e9od\u00e9sique fran\u00e7ais,\u00a0<a href=\"https:\/\/perma.cc\/UV2J-T5JD\" target=\"_blank\" rel=\"evidence frozen nofollow noopener\" shape=\"rect\">R\u00e9sif-Epsos<\/a>.<\/p>\n<p>\u00ab\u00a0<em>Lors de cette rupture, l&rsquo;\u00e9nergie accumul\u00e9e se lib\u00e8re soudainement et se disperse dans toutes les directions de l&rsquo;espace, sous forme d&rsquo;ondes. Le passage de ces ondes \u00e0 la surface est alors ressenti comme des vibrations du sol : c&rsquo;est le tremblement de terre\u00a0\u00bb<\/em>, d\u00e9taille le site.<\/p>\n<p>Selon le\u00a0<a href=\"https:\/\/www.info-tsunami.fr\/content.php?art=33\" target=\"_blank\" rel=\"evidence frozen nofollow noopener\" shape=\"rect\">Centre national d&rsquo;alerte aux tsunamis (CENALT)<\/a>,\u00a0<em>\u00ab\u00a0dans la majorit\u00e9 des cas, les tsunamis sont la cons\u00e9quence de s\u00e9ismes sous-marins ou c\u00f4tiers\u00a0\u00bb<\/em>\u00a0(lien archiv\u00e9 <a href=\"https:\/\/web.archive.org\/web\/20250305142030\/https:\/\/www.info-tsunami.fr\/content.php?art=33\" target=\"_blank\" rel=\"evidence frozen nofollow noopener\" shape=\"rect\">ici<\/a>).<\/p>\n<p>Si le porte-parole de l\u2019Association Fran\u00e7aise pour l\u2019Information Scientifique (AFIS), Fran\u00e7ois-Marie Br\u00e9on, a affirm\u00e9 \u00e0 l&rsquo;AFP le 3 mars dernier que <em>\u00ab\u00a0la d\u00e9tection des ondes sismiques permet d\u2019envisager la g\u00e9n\u00e9ration d\u2019un tsunami\u00a0\u00bb,<\/em> il assure que, malgr\u00e9\u00a0<em>\u00ab\u00a0les instruments tr\u00e8s sophistiqu\u00e9s d\u00e9velopp\u00e9s par les humains, on est toujours incapable de pr\u00e9voir les s\u00e9ismes. Il est donc assez peu cr\u00e9dible que les poissons en soient capables\u00a0\u00bb<\/em>.<\/p>\n<p><em>\u00ab\u00a0Depuis longtemps, nous, les sismologues scientifiques, faisons des recherches sur des ph\u00e9nom\u00e8nes qui pourraient indiquer une activit\u00e9 sismique prochaine. Mais pour l&rsquo;instant, on n&rsquo;a pas trouv\u00e9\u00a0\u00bb,<\/em> d\u00e9plore Marc-Andr\u00e9 Gutscher, <span data-olk-copy-source=\"MessageBody\">g\u00e9ophysicien marin au CNRS<\/span>.<\/p>\n<p><b>Un \u00ab\u00a0poisson de l&rsquo;apocalypse\u00a0\u00bb capable de pr\u00e9dire les s\u00e9ismes ? Aucune \u00e9tude scientifique ne le prouve<\/b><\/p>\n<p>L&rsquo;id\u00e9e selon laquelle les poissons, et en particulier les poissons des abysses, pourraient pr\u00e9dire des catastrophes naturelles est une croyance populaire ancienne, notamment au Japon.<\/p>\n<p>Une\u00a0<a href=\"https:\/\/pubs.geoscienceworld.org\/ssa\/bssa\/article-abstract\/109\/4\/1556\/571628\/Is-Japanese-Folklore-Concerning-Deep-Sea-Fish?redirectedFrom=fulltext\" target=\"_blank\" rel=\"evidence frozen nofollow noopener\" shape=\"rect\">\u00e9tude<\/a> parue en 2018 dans\u00a0<a href=\"https:\/\/www.seismosoc.org\/news\/deep-sea-fish-do-not-signal-upcoming-earthquake-in-japan\/\" target=\"_blank\" rel=\"evidence frozen nofollow noopener\" shape=\"rect\">la revue scientifique sismologique <em>Bulletin of the Sismological Society of America<\/em> (BSSA)<\/a> a analys\u00e9 les apparitions de poissons des abysses avant des tremblements de terre au Japon entre 1928 et 2011. Parmi 336 observations de poissons et 221 s\u00e9ismes, seule une corr\u00e9lation plausible a \u00e9t\u00e9 trouv\u00e9e, ce qui n\u2019est pas suffisant pour \u00e9tablir un lien direct de cause \u00e0 effet :\u00a0<em>\u00ab\u00a0En cons\u00e9quence, on peut difficilement confirmer l&rsquo;association entre les deux ph\u00e9nom\u00e8nes\u00a0\u00bb<\/em>, ont \u00e9crit les auteurs de l&rsquo;\u00e9tude dans l&rsquo;article du BSSA (liens archiv\u00e9s <a href=\"https:\/\/web.archive.org\/web\/20241231225429\/https:\/\/pubs.geoscienceworld.org\/ssa\/bssa\/article-abstract\/109\/4\/1556\/571628\/Is-Japanese-Folklore-Concerning-Deep-Sea-Fish?redirectedFrom=fulltext\" target=\"_blank\" rel=\"evidence frozen nofollow noopener\" shape=\"rect\">ici<\/a> et <a href=\"https:\/\/perma.cc\/GPU4-9T2P\" target=\"_blank\" rel=\"evidence frozen nofollow noopener\" shape=\"rect\">ici<\/a>).<\/p>\n<p>Une <a href=\"https:\/\/esajournals.onlinelibrary.wiley.com\/doi\/10.1002\/ecy.4148\" target=\"_blank\" rel=\"evidence frozen nofollow noopener\" shape=\"rect\">\u00e9tude<\/a> plus r\u00e9cente, parue en 2023 dans la revue scientifique de la Soci\u00e9t\u00e9 am\u00e9ricaine d&rsquo;\u00e9cologie (ESA), confirme cette m\u00eame conclusion. Elle porte sur le comportement des poissons de r\u00e9cif \u00e0 Mayotte avant, pendant et apr\u00e8s un tremblement de terre sous-marin de magnitude 5 : \u00ab\u00a0<span data-olk-copy-source=\"MessageBody\"><em>Seuls deux individus (&lt;1%) ont fui dans les 40 secondes avant le tremblement de terre et aucun ne cherchait alors un abri dans le r\u00e9cif\u00a0\u00bb<\/em>, peut-on lire dans l&rsquo;analyse<\/span><span data-olk-copy-source=\"MessageBody\">\u00a0(lien archiv\u00e9 <a href=\"https:\/\/web.archive.org\/web\/20250228090929\/https:\/\/esajournals.onlinelibrary.wiley.com\/doi\/10.1002\/ecy.4148\" target=\"_blank\" rel=\"evidence frozen nofollow noopener\" shape=\"rect\">ici<\/a>).<\/span><\/p>\n<p><b>Les causes des \u00e9chouages de poissons<\/b><\/p>\n<p>Les raisons pour lesquelles un r\u00e9galec peut se retrouver \u00e0 la surface sont multiples et souvent li\u00e9es \u00e0 des ph\u00e9nom\u00e8nes naturels.<\/p>\n<p>Selon Thomas Claverie, <span data-olk-copy-source=\"MessageBody\">ma\u00eetre de conf\u00e9rences en \u00e9cologie marine,<\/span> b<span data-olk-copy-source=\"MessageBody\">eaucoup d&rsquo;organismes p\u00e9lagiques comme le poisson-ruban <em>\u00ab\u00a0font des migrations verticales journali\u00e8res pour aller se nourrir et pour \u00e9viter les pr\u00e9dateurs\u00a0\u00bb<\/em>, mais peuvent \u00e9galement se retrouver en difficult\u00e9 en raison de pr\u00e9dateurs ou de maladies, ce qui les emp\u00eacherait de rejoindre leur habitat : <\/span><span data-olk-copy-source=\"MessageBody\"><em>\u00ab\u00a0La nourriture en pleine mer est proche de la surface, car c&rsquo;est l\u00e0 ou il y a l&rsquo;\u00e9nergie lumineuse qui permet la photosynth\u00e8se et donc toute la chaine alimentaire. Mais c&rsquo;est aussi l\u00e0 qu&rsquo;il y a les pr\u00e9dateurs (et) beaucoup d&rsquo;esp\u00e8ces se r\u00e9fugient dans les profondeurs la journ\u00e9e et remontent la nuit pour se nourrir\u00a0\u00bb<\/em>, explique le ma\u00eetre de conf\u00e9rences en \u00e9cologie marine.<\/span><\/p>\n<p><span data-olk-copy-source=\"MessageBody\">Selon ce m\u00eame expert, si ces organismes p\u00e9lagiques sont rarement vus morts \u00e9chou\u00e9s, c&rsquo;est parce qu&rsquo;ils\u00a0<em>\u00ab\u00a0sont mang\u00e9s en surface ou coulent vers les grandes profondeurs\u00a0\u00bb<\/em>.<\/span><\/p>\n<p>Outre les poissons-rubans, d\u2019autres \u00e9chouages massifs d&rsquo;animaux marins alimentent les sp\u00e9culations en ligne, comme <a href=\"https:\/\/perma.cc\/TT4T-6U97\" target=\"_blank\" rel=\"appearance frozen nofollow noopener\" shape=\"rect\">ici<\/a> et <a href=\"https:\/\/perma.cc\/CQ45-Z6WQ\" target=\"_blank\" rel=\"appearance frozen nofollow noopener\" shape=\"rect\">l\u00e0<\/a>.<\/p>\n<p>Le 26 janvier, des biologistes marins ont observ\u00e9\u00a0<a href=\"https:\/\/www.instagram.com\/reel\/DF5ArzlN2-S\/?utm_source=ig_embed&amp;utm_campaign=loading\" target=\"_blank\" rel=\"evidence frozen nofollow noopener\" shape=\"rect\">une baudroie abyssale de Johnson au large de Tenerife<\/a>, un fait inhabituel sachant que ce type de poisson vit entre 200 et 2.000 m\u00e8tres de profondeur dans les mers tropicales et subtropicales. La raison de sa pr\u00e9sence en surface est <em>\u00ab\u00a0incertaine\u00a0\u00bb<\/em>, selon Condrik Tenerife, l&rsquo;ONG qui a effectu\u00e9 l&rsquo;observation, estimant qu&rsquo;il pouvait \u00eatre malade, aurait pu suivre un courant ascendant ou fuir un pr\u00e9dateur.<\/p>\n<div class=\"g2picture\">\n<figure><img src=\"https:\/\/belux-edmo.s3-accelerate.amazonaws.com\/wp-content\/uploads\/2025\/03\/0ac9a19902869545dd95e6f6344a35201adcf47f-ipad.jpg\" \/><figcaption>Une capture d&rsquo;\u00e9cran d&rsquo;une vid\u00e9o fournie par Condrik Research and Preserve NGO montre un poisson-p\u00eacheur \u00e0 bosse pr\u00e8s de la c\u00f4te de T\u00e9n\u00e9rife, aux \u00eeles Canaries (Espagne), prise le 26\/01\/2025 &#8211; Condrik Research and Preserve NGO \/ AFP<\/figcaption><\/figure>\n<\/div>\n<p>Plus r\u00e9cemment, le 19 f\u00e9vrier, plus de\u00a0<a href=\"https:\/\/www.instagram.com\/reel\/DGQzu8bNQxR\/?utm_source=ig_embed&amp;utm_campaign=loading\" target=\"_blank\" rel=\"evidence frozen nofollow noopener\" shape=\"rect\">150 dauphins se sont \u00e9chou\u00e9s sur une plage de l&rsquo;\u00eele australienne de Tasmanie<\/a>, o\u00f9 les op\u00e9rations de sauvetage s&rsquo;annon\u00e7aient compliqu\u00e9es pour sauver les c\u00e9tac\u00e9s encore vivants. <em>\u00ab\u00a0Environ 90\u00a0\u00bb<\/em> de ces 157 sp\u00e9cimens \u00e9taient vivants, selon les membres du d\u00e9partement de l&rsquo;Environnement local, indiquant qu&rsquo;il semblait s&rsquo;agir d&rsquo;un banc de fausses orques, de gros dauphins pr\u00e9dateurs.<\/p>\n<div class=\"g2picture\">\n<figure><img src=\"https:\/\/belux-edmo.s3-accelerate.amazonaws.com\/wp-content\/uploads\/2025\/03\/633a443caf26bb6afdaebd6f713ecf5802a2794b-ipad.jpg\" \/><figcaption>Une photo fournie par le D\u00e9partement des Ressources Naturelles et de l&rsquo;Environnement de Tasmanie, montre des dauphins \u00e9chou\u00e9s sur une plage pr\u00e8s de la rivi\u00e8re Arthur sur la c\u00f4te ouest de la Tasmanie (Australie), prise le 18\/02\/2025. &#8211; Department of Natural Resources and Environment Tasmania \/ AFP<\/figcaption><\/figure>\n<\/div>\n<p><em>\u00ab\u00a0Tout comme on voit de temps en temps arriver des baleines et des dauphins sur les plages (que l&rsquo;on ne rate g\u00e9n\u00e9ralement pas vu leur taille), de nombreux autres organismes se retrouvent au bord parfois, pouss\u00e9s par les vents ou les vagues. Certains sont plus fr\u00e9quemment vus que d&rsquo;autres, selon leur biologie, leurs densit\u00e9s ou s&rsquo;ils flottent quand ils sont morts ou pas\u00a0\u00bb,<\/em> analyse Thomas Claverie.<\/p>\n<p>Sur ce point, le g\u00e9ophysicien marin Marc-Andr\u00e9 Gutscher ajoute : <em>\u00ab\u00a0Parfois, on dit qu&rsquo;ils<\/em> [les dauphins, NDLR] <em>suivent les lignes magn\u00e9tiques et que c&rsquo;est proche des zones avec des anomalies magn\u00e9tiques puissantes, que \u00e7a peut les perturber, ou on dit que peut-\u00eatre un animal s&rsquo;est trouv\u00e9 en difficult\u00e9, a \u00e9t\u00e9 d\u00e9sorient\u00e9 et appelle \u00e0 l&rsquo;aide, et les autres veulent l&rsquo;aider parce que c&rsquo;est des animaux gr\u00e9gaires. En voulant aider le premier (celui qui est faible, mourant, et d\u00e9sorient\u00e9), les autres vont s&rsquo;\u00e9chouer aussi\u00a0\u00bb.<\/em> D&rsquo;autres causes peuvent \u00eatre \u00e0 l&rsquo;origine de tels d\u00e9sastres, li\u00e9s <em>\u00ab\u00a0\u00e0 des activit\u00e9s humaines\u00a0\u00bb<\/em>, ajoute l&rsquo;expert.<\/p>\n<p>L\u2019AFP s&rsquo;est d\u00e9j\u00e0 pench\u00e9e sur l&rsquo;impossibilit\u00e9 de pr\u00e9dire les s\u00e9ismes <a href=\"https:\/\/factuel.afp.com\/doc.afp.com.339726X\" target=\"_blank\" rel=\"evidence frozen nofollow noopener\" shape=\"rect\">ici<\/a>.<\/p>\n","protected":false},"excerpt":{"rendered":"<p>\u00ab\u00a0Ce poisson vient en direct d&rsquo;annoncer une catastrophe naturelle imminente, mais tout le monde rigole. Ce que vous venez de voir, \u00e7a s\u2019appelle un &lsquo;r\u00e9galicid\u00e9&rsquo;, ou plus commun\u00e9ment appel\u00e9 &lsquo;poisson ruban'\u00a0\u00bb, peut-on entendre dans\u00a0une vid\u00e9o publi\u00e9e sur TikTok le 16 f\u00e9vrier 2025, aim\u00e9e par un million d&rsquo;internautes et visionn\u00e9e plus de 11 millions de fois.<\/p>\n","protected":false},"author":1,"featured_media":389856,"comment_status":"closed","ping_status":"closed","sticky":false,"template":"","format":"standard","meta":{"_acf_changed":false,"footnotes":""},"categories":[452,126,125,138],"tags":[],"class_list":{"0":"post-389886","1":"post","2":"type-post","3":"status-publish","4":"format-standard","5":"has-post-thumbnail","7":"category-editors-choice-fr","8":"category-environnement","9":"category-fact-check-fr","10":"category-societe"},"acf":{"show_metatags":true,"id":"http:\/\/doc.afp.com\/36YN9H3","authors":"Cintia NABI CABRAL \/ AFP France","organization":"AFP","featured_image_copyright":"","text_copyright":"\u00a9 AGENCE FRANCE-PRESSE | 2024 | Tous droits r\u00e9serv\u00e9s. L\u2019acc\u00e8s aux contenus de l'AFP publi\u00e9s sur ce site et, le cas \u00e9ch\u00e9ant, leur utilisation sont soumis aux conditions g\u00e9n\u00e9rales d'utilisation disponibles sur <a href='https:\/\/www.afp.com\/fr\/cgu' target='_blank'>CGU<\/a>. Par cons\u00e9quent, en acc\u00e9dant aux contenus de l\u2019AFP publi\u00e9s sur ce site, et en les utilisant, le cas \u00e9ch\u00e9ant, vous acceptez d'\u00eatre li\u00e9 par les conditions g\u00e9n\u00e9rales d'utilisation susmentionn\u00e9es. L\u2019utilisation de contenus de l'AFP se fait sous votre seule et enti\u00e8re responsabilit\u00e9.","source":"https:\/\/factuel.afp.com\/doc.afp.com.36YN9H3","fact_checker":"https:\/\/belux.wpengine.com\/wp-content\/uploads\/2021\/12\/afp_logo.png","type":"\u00c9v\u00e9nement ferm\u00e9","location":"","start_date":"","start_date_event_begins_at":"","start_date_event_ends_at":"","end_date":"","end_date_event_begins_at":"","end_date_event_ends_at":"","organizer":"","fact_checker_logo_image":false},"yoast_head":"<!-- This site is optimized with the Yoast SEO plugin v27.0 - https:\/\/yoast.com\/product\/yoast-seo-wordpress\/ -->\n<title>La mont\u00e9e en surface du poisson-ruban ne pr\u00e9sage ni s\u00e9ismes ni tsunamis - EDMO Belux<\/title>\n<meta name=\"robots\" content=\"index, follow, max-snippet:-1, max-image-preview:large, max-video-preview:-1\" \/>\n<link rel=\"canonical\" href=\"https:\/\/belux.edmo.eu\/fr\/la-monte-en-surface-du-poisson-ruban-ne-prsage-ni-sismes-ni-tsunamis\/\" \/>\n<meta property=\"og:locale\" content=\"fr_FR\" \/>\n<meta property=\"og:type\" content=\"article\" \/>\n<meta property=\"og:title\" content=\"La mont\u00e9e en surface du poisson-ruban ne pr\u00e9sage ni s\u00e9ismes ni tsunamis - EDMO Belux\" \/>\n<meta property=\"og:description\" content=\"&quot;Ce poisson vient en direct d&#039;annoncer une catastrophe naturelle imminente, mais tout le monde rigole. Ce que vous venez de voir, \u00e7a s\u2019appelle un &#039;r\u00e9galicid\u00e9&#039;, ou plus commun\u00e9ment appel\u00e9 &#039;poisson ruban&#039;&quot;, peut-on entendre dans\u00a0une vid\u00e9o publi\u00e9e sur TikTok le 16 f\u00e9vrier 2025, aim\u00e9e par un million d&#039;internautes et visionn\u00e9e plus de 11 millions de fois.\" \/>\n<meta property=\"og:url\" content=\"https:\/\/belux.edmo.eu\/fr\/la-monte-en-surface-du-poisson-ruban-ne-prsage-ni-sismes-ni-tsunamis\/\" \/>\n<meta property=\"og:site_name\" content=\"EDMO Belux\" \/>\n<meta property=\"article:published_time\" content=\"2025-03-10T08:09:35+00:00\" \/>\n<meta property=\"article:modified_time\" content=\"2025-03-10T09:16:45+00:00\" \/>\n<meta property=\"og:image\" content=\"https:\/\/belux-edmo.s3-accelerate.amazonaws.com\/wp-content\/uploads\/2025\/03\/46bc15c9cb8e28f7b25e659eee5112b3e542b108-ipad.jpg\" \/>\n\t<meta property=\"og:image:width\" content=\"1080\" \/>\n\t<meta property=\"og:image:height\" content=\"540\" \/>\n\t<meta property=\"og:image:type\" content=\"image\/jpeg\" \/>\n<meta name=\"author\" content=\"master\" \/>\n<meta name=\"twitter:card\" content=\"summary_large_image\" \/>\n<meta name=\"twitter:creator\" content=\"@Edmo_Belux\" \/>\n<meta name=\"twitter:site\" content=\"@Edmo_Belux\" \/>\n<meta name=\"twitter:label1\" content=\"\u00c9crit par\" \/>\n\t<meta name=\"twitter:data1\" content=\"master\" \/>\n\t<meta name=\"twitter:label2\" content=\"Dur\u00e9e de lecture estim\u00e9e\" \/>\n\t<meta name=\"twitter:data2\" content=\"11 minutes\" \/>\n<script type=\"application\/ld+json\" class=\"yoast-schema-graph\">{\"@context\":\"https:\/\/schema.org\",\"@graph\":[{\"@type\":\"Article\",\"@id\":\"https:\/\/belux.edmo.eu\/fr\/la-monte-en-surface-du-poisson-ruban-ne-prsage-ni-sismes-ni-tsunamis\/#article\",\"isPartOf\":{\"@id\":\"https:\/\/belux.edmo.eu\/fr\/la-monte-en-surface-du-poisson-ruban-ne-prsage-ni-sismes-ni-tsunamis\/\"},\"author\":{\"name\":\"master\",\"@id\":\"https:\/\/belux.edmo.eu\/#\/schema\/person\/dbe3b252258537fd318f9b5645a30342\"},\"headline\":\"La mont\u00e9e en surface du poisson-ruban ne pr\u00e9sage ni s\u00e9ismes ni tsunamis\",\"datePublished\":\"2025-03-10T08:09:35+00:00\",\"dateModified\":\"2025-03-10T09:16:45+00:00\",\"mainEntityOfPage\":{\"@id\":\"https:\/\/belux.edmo.eu\/fr\/la-monte-en-surface-du-poisson-ruban-ne-prsage-ni-sismes-ni-tsunamis\/\"},\"wordCount\":2341,\"publisher\":{\"@id\":\"https:\/\/belux.edmo.eu\/#organization\"},\"image\":{\"@id\":\"https:\/\/belux.edmo.eu\/fr\/la-monte-en-surface-du-poisson-ruban-ne-prsage-ni-sismes-ni-tsunamis\/#primaryimage\"},\"thumbnailUrl\":\"https:\/\/belux-edmo.s3-accelerate.amazonaws.com\/wp-content\/uploads\/2025\/03\/46bc15c9cb8e28f7b25e659eee5112b3e542b108-ipad.jpg\",\"articleSection\":[\"Editor's Choice Slider FR\",\"Environnement\",\"Fact-Check\",\"Societe\"],\"inLanguage\":\"fr-FR\"},{\"@type\":\"WebPage\",\"@id\":\"https:\/\/belux.edmo.eu\/fr\/la-monte-en-surface-du-poisson-ruban-ne-prsage-ni-sismes-ni-tsunamis\/\",\"url\":\"https:\/\/belux.edmo.eu\/fr\/la-monte-en-surface-du-poisson-ruban-ne-prsage-ni-sismes-ni-tsunamis\/\",\"name\":\"La mont\u00e9e en surface du poisson-ruban ne pr\u00e9sage ni s\u00e9ismes ni tsunamis - EDMO Belux\",\"isPartOf\":{\"@id\":\"https:\/\/belux.edmo.eu\/#website\"},\"primaryImageOfPage\":{\"@id\":\"https:\/\/belux.edmo.eu\/fr\/la-monte-en-surface-du-poisson-ruban-ne-prsage-ni-sismes-ni-tsunamis\/#primaryimage\"},\"image\":{\"@id\":\"https:\/\/belux.edmo.eu\/fr\/la-monte-en-surface-du-poisson-ruban-ne-prsage-ni-sismes-ni-tsunamis\/#primaryimage\"},\"thumbnailUrl\":\"https:\/\/belux-edmo.s3-accelerate.amazonaws.com\/wp-content\/uploads\/2025\/03\/46bc15c9cb8e28f7b25e659eee5112b3e542b108-ipad.jpg\",\"datePublished\":\"2025-03-10T08:09:35+00:00\",\"dateModified\":\"2025-03-10T09:16:45+00:00\",\"breadcrumb\":{\"@id\":\"https:\/\/belux.edmo.eu\/fr\/la-monte-en-surface-du-poisson-ruban-ne-prsage-ni-sismes-ni-tsunamis\/#breadcrumb\"},\"inLanguage\":\"fr-FR\",\"potentialAction\":[{\"@type\":\"ReadAction\",\"target\":[\"https:\/\/belux.edmo.eu\/fr\/la-monte-en-surface-du-poisson-ruban-ne-prsage-ni-sismes-ni-tsunamis\/\"]}]},{\"@type\":\"ImageObject\",\"inLanguage\":\"fr-FR\",\"@id\":\"https:\/\/belux.edmo.eu\/fr\/la-monte-en-surface-du-poisson-ruban-ne-prsage-ni-sismes-ni-tsunamis\/#primaryimage\",\"url\":\"https:\/\/belux-edmo.s3-accelerate.amazonaws.com\/wp-content\/uploads\/2025\/03\/46bc15c9cb8e28f7b25e659eee5112b3e542b108-ipad.jpg\",\"contentUrl\":\"https:\/\/belux-edmo.s3-accelerate.amazonaws.com\/wp-content\/uploads\/2025\/03\/46bc15c9cb8e28f7b25e659eee5112b3e542b108-ipad.jpg\",\"width\":1080,\"height\":540,\"caption\":\"La mont\u00e9e en surface du poisson-ruban ne pr\u00e9sage ni s\u00e9ismes ni tsunamis - Featured image\"},{\"@type\":\"BreadcrumbList\",\"@id\":\"https:\/\/belux.edmo.eu\/fr\/la-monte-en-surface-du-poisson-ruban-ne-prsage-ni-sismes-ni-tsunamis\/#breadcrumb\",\"itemListElement\":[{\"@type\":\"ListItem\",\"position\":1,\"name\":\"Home\",\"item\":\"https:\/\/belux.edmo.eu\/fr\/\"},{\"@type\":\"ListItem\",\"position\":2,\"name\":\"La mont\u00e9e en surface du poisson-ruban ne pr\u00e9sage ni s\u00e9ismes ni tsunamis\"}]},{\"@type\":\"WebSite\",\"@id\":\"https:\/\/belux.edmo.eu\/#website\",\"url\":\"https:\/\/belux.edmo.eu\/\",\"name\":\"EDMO Belux\",\"description\":\"Monitoring Disinformation in Belgium and Luxembourg\",\"publisher\":{\"@id\":\"https:\/\/belux.edmo.eu\/#organization\"},\"potentialAction\":[{\"@type\":\"SearchAction\",\"target\":{\"@type\":\"EntryPoint\",\"urlTemplate\":\"https:\/\/belux.edmo.eu\/?s={search_term_string}\"},\"query-input\":{\"@type\":\"PropertyValueSpecification\",\"valueRequired\":true,\"valueName\":\"search_term_string\"}}],\"inLanguage\":\"fr-FR\"},{\"@type\":\"Organization\",\"@id\":\"https:\/\/belux.edmo.eu\/#organization\",\"name\":\"EDMO Belux\",\"url\":\"https:\/\/belux.edmo.eu\/\",\"logo\":{\"@type\":\"ImageObject\",\"inLanguage\":\"fr-FR\",\"@id\":\"https:\/\/belux.edmo.eu\/#\/schema\/logo\/image\/\",\"url\":\"https:\/\/belux.edmo.eu\/wp-content\/uploads\/2021\/12\/belux-logo-full-color-rgb.svg\",\"contentUrl\":\"https:\/\/belux.edmo.eu\/wp-content\/uploads\/2021\/12\/belux-logo-full-color-rgb.svg\",\"width\":1,\"height\":1,\"caption\":\"EDMO Belux\"},\"image\":{\"@id\":\"https:\/\/belux.edmo.eu\/#\/schema\/logo\/image\/\"},\"sameAs\":[\"https:\/\/x.com\/Edmo_Belux\"]},{\"@type\":\"Person\",\"@id\":\"https:\/\/belux.edmo.eu\/#\/schema\/person\/dbe3b252258537fd318f9b5645a30342\",\"name\":\"master\",\"sameAs\":[\"https:\/\/belux.wpengine.com\"],\"url\":\"https:\/\/belux.edmo.eu\/fr\/author\/master\/\"}]}<\/script>\n<!-- \/ Yoast SEO plugin. -->","yoast_head_json":{"title":"La mont\u00e9e en surface du poisson-ruban ne pr\u00e9sage ni s\u00e9ismes ni tsunamis - EDMO Belux","robots":{"index":"index","follow":"follow","max-snippet":"max-snippet:-1","max-image-preview":"max-image-preview:large","max-video-preview":"max-video-preview:-1"},"canonical":"https:\/\/belux.edmo.eu\/fr\/la-monte-en-surface-du-poisson-ruban-ne-prsage-ni-sismes-ni-tsunamis\/","og_locale":"fr_FR","og_type":"article","og_title":"La mont\u00e9e en surface du poisson-ruban ne pr\u00e9sage ni s\u00e9ismes ni tsunamis - EDMO Belux","og_description":"\"Ce poisson vient en direct d'annoncer une catastrophe naturelle imminente, mais tout le monde rigole. Ce que vous venez de voir, \u00e7a s\u2019appelle un 'r\u00e9galicid\u00e9', ou plus commun\u00e9ment appel\u00e9 'poisson ruban'\", peut-on entendre dans\u00a0une vid\u00e9o publi\u00e9e sur TikTok le 16 f\u00e9vrier 2025, aim\u00e9e par un million d'internautes et visionn\u00e9e plus de 11 millions de fois.","og_url":"https:\/\/belux.edmo.eu\/fr\/la-monte-en-surface-du-poisson-ruban-ne-prsage-ni-sismes-ni-tsunamis\/","og_site_name":"EDMO Belux","article_published_time":"2025-03-10T08:09:35+00:00","article_modified_time":"2025-03-10T09:16:45+00:00","og_image":[{"width":1080,"height":540,"url":"https:\/\/belux-edmo.s3-accelerate.amazonaws.com\/wp-content\/uploads\/2025\/03\/46bc15c9cb8e28f7b25e659eee5112b3e542b108-ipad.jpg","type":"image\/jpeg"}],"author":"master","twitter_card":"summary_large_image","twitter_creator":"@Edmo_Belux","twitter_site":"@Edmo_Belux","twitter_misc":{"\u00c9crit par":"master","Dur\u00e9e de lecture estim\u00e9e":"11 minutes"},"schema":{"@context":"https:\/\/schema.org","@graph":[{"@type":"Article","@id":"https:\/\/belux.edmo.eu\/fr\/la-monte-en-surface-du-poisson-ruban-ne-prsage-ni-sismes-ni-tsunamis\/#article","isPartOf":{"@id":"https:\/\/belux.edmo.eu\/fr\/la-monte-en-surface-du-poisson-ruban-ne-prsage-ni-sismes-ni-tsunamis\/"},"author":{"name":"master","@id":"https:\/\/belux.edmo.eu\/#\/schema\/person\/dbe3b252258537fd318f9b5645a30342"},"headline":"La mont\u00e9e en surface du poisson-ruban ne pr\u00e9sage ni s\u00e9ismes ni tsunamis","datePublished":"2025-03-10T08:09:35+00:00","dateModified":"2025-03-10T09:16:45+00:00","mainEntityOfPage":{"@id":"https:\/\/belux.edmo.eu\/fr\/la-monte-en-surface-du-poisson-ruban-ne-prsage-ni-sismes-ni-tsunamis\/"},"wordCount":2341,"publisher":{"@id":"https:\/\/belux.edmo.eu\/#organization"},"image":{"@id":"https:\/\/belux.edmo.eu\/fr\/la-monte-en-surface-du-poisson-ruban-ne-prsage-ni-sismes-ni-tsunamis\/#primaryimage"},"thumbnailUrl":"https:\/\/belux-edmo.s3-accelerate.amazonaws.com\/wp-content\/uploads\/2025\/03\/46bc15c9cb8e28f7b25e659eee5112b3e542b108-ipad.jpg","articleSection":["Editor's Choice Slider FR","Environnement","Fact-Check","Societe"],"inLanguage":"fr-FR"},{"@type":"WebPage","@id":"https:\/\/belux.edmo.eu\/fr\/la-monte-en-surface-du-poisson-ruban-ne-prsage-ni-sismes-ni-tsunamis\/","url":"https:\/\/belux.edmo.eu\/fr\/la-monte-en-surface-du-poisson-ruban-ne-prsage-ni-sismes-ni-tsunamis\/","name":"La mont\u00e9e en surface du poisson-ruban ne pr\u00e9sage ni s\u00e9ismes ni tsunamis - EDMO Belux","isPartOf":{"@id":"https:\/\/belux.edmo.eu\/#website"},"primaryImageOfPage":{"@id":"https:\/\/belux.edmo.eu\/fr\/la-monte-en-surface-du-poisson-ruban-ne-prsage-ni-sismes-ni-tsunamis\/#primaryimage"},"image":{"@id":"https:\/\/belux.edmo.eu\/fr\/la-monte-en-surface-du-poisson-ruban-ne-prsage-ni-sismes-ni-tsunamis\/#primaryimage"},"thumbnailUrl":"https:\/\/belux-edmo.s3-accelerate.amazonaws.com\/wp-content\/uploads\/2025\/03\/46bc15c9cb8e28f7b25e659eee5112b3e542b108-ipad.jpg","datePublished":"2025-03-10T08:09:35+00:00","dateModified":"2025-03-10T09:16:45+00:00","breadcrumb":{"@id":"https:\/\/belux.edmo.eu\/fr\/la-monte-en-surface-du-poisson-ruban-ne-prsage-ni-sismes-ni-tsunamis\/#breadcrumb"},"inLanguage":"fr-FR","potentialAction":[{"@type":"ReadAction","target":["https:\/\/belux.edmo.eu\/fr\/la-monte-en-surface-du-poisson-ruban-ne-prsage-ni-sismes-ni-tsunamis\/"]}]},{"@type":"ImageObject","inLanguage":"fr-FR","@id":"https:\/\/belux.edmo.eu\/fr\/la-monte-en-surface-du-poisson-ruban-ne-prsage-ni-sismes-ni-tsunamis\/#primaryimage","url":"https:\/\/belux-edmo.s3-accelerate.amazonaws.com\/wp-content\/uploads\/2025\/03\/46bc15c9cb8e28f7b25e659eee5112b3e542b108-ipad.jpg","contentUrl":"https:\/\/belux-edmo.s3-accelerate.amazonaws.com\/wp-content\/uploads\/2025\/03\/46bc15c9cb8e28f7b25e659eee5112b3e542b108-ipad.jpg","width":1080,"height":540,"caption":"La mont\u00e9e en surface du poisson-ruban ne pr\u00e9sage ni s\u00e9ismes ni tsunamis - Featured image"},{"@type":"BreadcrumbList","@id":"https:\/\/belux.edmo.eu\/fr\/la-monte-en-surface-du-poisson-ruban-ne-prsage-ni-sismes-ni-tsunamis\/#breadcrumb","itemListElement":[{"@type":"ListItem","position":1,"name":"Home","item":"https:\/\/belux.edmo.eu\/fr\/"},{"@type":"ListItem","position":2,"name":"La mont\u00e9e en surface du poisson-ruban ne pr\u00e9sage ni s\u00e9ismes ni tsunamis"}]},{"@type":"WebSite","@id":"https:\/\/belux.edmo.eu\/#website","url":"https:\/\/belux.edmo.eu\/","name":"EDMO Belux","description":"Monitoring Disinformation in Belgium and Luxembourg","publisher":{"@id":"https:\/\/belux.edmo.eu\/#organization"},"potentialAction":[{"@type":"SearchAction","target":{"@type":"EntryPoint","urlTemplate":"https:\/\/belux.edmo.eu\/?s={search_term_string}"},"query-input":{"@type":"PropertyValueSpecification","valueRequired":true,"valueName":"search_term_string"}}],"inLanguage":"fr-FR"},{"@type":"Organization","@id":"https:\/\/belux.edmo.eu\/#organization","name":"EDMO Belux","url":"https:\/\/belux.edmo.eu\/","logo":{"@type":"ImageObject","inLanguage":"fr-FR","@id":"https:\/\/belux.edmo.eu\/#\/schema\/logo\/image\/","url":"https:\/\/belux.edmo.eu\/wp-content\/uploads\/2021\/12\/belux-logo-full-color-rgb.svg","contentUrl":"https:\/\/belux.edmo.eu\/wp-content\/uploads\/2021\/12\/belux-logo-full-color-rgb.svg","width":1,"height":1,"caption":"EDMO Belux"},"image":{"@id":"https:\/\/belux.edmo.eu\/#\/schema\/logo\/image\/"},"sameAs":["https:\/\/x.com\/Edmo_Belux"]},{"@type":"Person","@id":"https:\/\/belux.edmo.eu\/#\/schema\/person\/dbe3b252258537fd318f9b5645a30342","name":"master","sameAs":["https:\/\/belux.wpengine.com"],"url":"https:\/\/belux.edmo.eu\/fr\/author\/master\/"}]}},"menu_order":0,"_links":{"self":[{"href":"https:\/\/belux.edmo.eu\/fr\/wp-json\/wp\/v2\/posts\/389886","targetHints":{"allow":["GET"]}}],"collection":[{"href":"https:\/\/belux.edmo.eu\/fr\/wp-json\/wp\/v2\/posts"}],"about":[{"href":"https:\/\/belux.edmo.eu\/fr\/wp-json\/wp\/v2\/types\/post"}],"author":[{"embeddable":true,"href":"https:\/\/belux.edmo.eu\/fr\/wp-json\/wp\/v2\/users\/1"}],"replies":[{"embeddable":true,"href":"https:\/\/belux.edmo.eu\/fr\/wp-json\/wp\/v2\/comments?post=389886"}],"version-history":[{"count":0,"href":"https:\/\/belux.edmo.eu\/fr\/wp-json\/wp\/v2\/posts\/389886\/revisions"}],"wp:featuredmedia":[{"embeddable":true,"href":"https:\/\/belux.edmo.eu\/fr\/wp-json\/wp\/v2\/media\/389856"}],"wp:attachment":[{"href":"https:\/\/belux.edmo.eu\/fr\/wp-json\/wp\/v2\/media?parent=389886"}],"wp:term":[{"taxonomy":"category","embeddable":true,"href":"https:\/\/belux.edmo.eu\/fr\/wp-json\/wp\/v2\/categories?post=389886"},{"taxonomy":"post_tag","embeddable":true,"href":"https:\/\/belux.edmo.eu\/fr\/wp-json\/wp\/v2\/tags?post=389886"}],"curies":[{"name":"wp","href":"https:\/\/api.w.org\/{rel}","templated":true}]}}