{"id":391969,"date":"2025-03-21T15:14:40","date_gmt":"2025-03-21T15:14:40","guid":{"rendered":"https:\/\/belux.edmo.eu\/?p=391969"},"modified":"2025-03-21T15:23:26","modified_gmt":"2025-03-21T15:23:26","slug":"cet-change-entre-donald-trump-et-un-journaliste-au-sujet-des-origines-de-son-diffrend-avec-lunion-europenne-est-fictif","status":"publish","type":"post","link":"https:\/\/belux.edmo.eu\/fr\/cet-change-entre-donald-trump-et-un-journaliste-au-sujet-des-origines-de-son-diffrend-avec-lunion-europenne-est-fictif\/","title":{"rendered":"Cet \u00e9change entre Donald Trump et un journaliste au sujet des origines de son diff\u00e9rend avec l\u2019Union europ\u00e9enne est fictif"},"content":{"rendered":"<article>\n<p style=\"word-wrap: break-word;\"><strong>La retranscription d\u2019un \u00e9change entre un journaliste et Donald Trump\u00a0au sujet de la position du pr\u00e9sident des \u00c9tats-Unis\u00a0sur l\u2019Union europ\u00e9enne circule sur Facebook. Dans ce\u00a0texte, M. Trump\u00a0explique la raison pour laquelle il \u00ab\u00a0d\u00e9teste l\u2019UE\u00a0\u00bb et pourquoi il lui impose des droits de douane suppl\u00e9mentaires. Son m\u00e9contentement viendrait\u00a0de\u00a0contraintes impos\u00e9es par l\u2019Europe dans le cadre d\u2019un\u00a0projet d\u2019investissement autour du golf qu\u2019il poss\u00e8de \u00e0 Doonberg, en Irlande. La premi\u00e8re partie de la conversation reprend des \u00e9l\u00e9ments \u00e9chang\u00e9s lors d\u2019une conf\u00e9rence de presse \u00e0 la Maison Blanche \u00e0 l\u2019occasion de la r\u00e9ception\u00a0du Premier ministre irlandais Miche\u00e1l Martin. La suite de l\u2019\u00e9change avec le journaliste n\u2019a cependant pas eu lieu et a \u00e9t\u00e9 invent\u00e9e.<\/strong><\/p>\n<p style=\"word-wrap: break-word;\">\u00ab\u00a0Ce type est vraiment cingl\u00e9\u00a0!!! Trump conclut sa conf\u00e9rence de presse par une promotion pour son entreprise et explique pourquoi il d\u00e9teste l\u2019UE\u00a0\u00bb. C\u2019est avec ces mots que commence <a href=\"https:\/\/archive.ph\/qC5uR\" target=\"_blank\" rel=\"noopener\">une publication sur Facebook<\/a> partag\u00e9e plus de\u00a02400 fois depuis sa mise en ligne le 15\u00a0mars 2025.<\/p>\n<p style=\"word-wrap: break-word;\">La suite du texte reprend une conversation entre Donald Trump et un journaliste et commence par les mots suivants\u00a0:<\/p>\n<p style=\"word-wrap: break-word;\">\u00ab\u00a0TRUMP\u00a0: J\u2019ai une propri\u00e9t\u00e9, une grande propri\u00e9t\u00e9 en Irlande. C\u2019est l\u2019un des h\u00f4tels les mieux not\u00e9s d\u2019Europe. C\u2019est magnifique. Doonbeg. C\u2019est un magnifique domaine de 240 hectares au bord de l\u2019oc\u00e9an, et tout le monde le sait\u2026 l\u2019UE a d\u00fb l\u2019approuver\u2026 ce fut une tr\u00e8s mauvaise exp\u00e9rience.<\/p>\n<p style=\"word-wrap: break-word;\">JOURNALISTE\u00a0: Monsieur, juste pour que les choses soient claires, vous expliquez votre haine de l\u2019Union europ\u00e9enne\u2026 parce qu\u2019ils vous ont oblig\u00e9 \u00e0 respecter les lois de zonage pour votre terrain de golf\u00a0?\u00a0\u00bb.<\/p>\n<div><a href=\"http:\/\/archive.today\/qC5uR\"> <img style=\"width: 100%; height: auto;\" src=\"https:\/\/belux-edmo.s3-accelerate.amazonaws.com\/wp-content\/uploads\/2025\/03\/scr.png\" \/><br \/>\nArchive Facebook<br \/>\n<\/a><\/div>\n<p>&nbsp;<\/p>\n<p style=\"word-wrap: break-word;\">La suite de la conversation est ax\u00e9e autour du ressentiment du pr\u00e9sident des \u00c9tats-Unis vis-\u00e0-vis\u00a0de l\u2019Union europ\u00e9enne \u00e0 laquelle il impose des droits de douane compl\u00e9mentaires pour une question de \u00ab\u00a0vengeance personnelle\u00a0\u00bb suite \u00e0 des d\u00e9lais suppl\u00e9mentaires impos\u00e9s par l\u2019UE dans son projet d\u2019agrandissement du golf qu\u2019il poss\u00e8de \u00e0 Doonbeg en Irlande.<\/p>\n<p><b style=\"display: block; margin: 1rem 0;\">Une rencontre bien r\u00e9elle entre Trump et le Premier ministre irlandais \u00e0 la Maison Blanche<\/b><\/p>\n<p style=\"word-wrap: break-word;\">La photo d\u2019illustration de la publication sur Facebook reprend un visuel de la cha\u00eene Fox News. Une capture d\u2019\u00e9cran de la cha\u00eene \u00e9tats-unienne dans laquelle on peut lire en anglais\u00a0: \u00ab\u00a0Trump r\u00e9pond aux questions pendant son entretien avec le Premier ministre irlandais\u00a0\u00bb.<\/p>\n<p style=\"word-wrap: break-word;\">En effet, <a href=\"https:\/\/www.rfi.fr\/fr\/europe\/20250312-irlande-le-premier-ministre-miche%C3%A1l-martin-rencontre-donald-trump-dans-un-contexte-de-guerre-commerciale\" target=\"_blank\" rel=\"noopener\">le pr\u00e9sident Donald Trump a bien rencontr\u00e9\u00a0le Premier ministre irlandais Miche\u00e1l Martin dans le Bureau ovale le 12\u00a0mars 2025<\/a>. Plusieurs m\u00e9dias ont couvert la rencontre ainsi que la s\u00e9ance de questions-r\u00e9ponses qui a suivi, notamment <a href=\"https:\/\/youtu.be\/PWYD4pZUAkA\" target=\"_blank\" rel=\"noopener\">PBS NewsHour<\/a>.<\/p>\n<p style=\"word-wrap: break-word;\">Sur Youtube, une vid\u00e9o int\u00e9grale de la rencontre qui a eu lieu <a href=\"https:\/\/www.courrierinternational.com\/article\/vu-d-irlande-donald-trump-micheal-martin-et-cette-saint-patrick-qui-n-a-plus-grand-chose-d-irlandais_228660\" target=\"_blank\" rel=\"noopener\">quelques jours avant la journ\u00e9e de la Saint Patrick<\/a> a \u00e9t\u00e9 mise en ligne par <a href=\"https:\/\/www.youtube.com\/watch?v=SEPJbqr42uY&amp;t=539s\" target=\"_blank\" rel=\"noopener\">Fox<\/a>. Le cadre de l\u2019image, le contexte et la cravate de M. Trump correspondent au visuel utilis\u00e9 sur Facebook. L\u2019outil \u00ab\u00a0transcription\u00a0\u00bb permet d\u2019avoir une version texte de l\u2019\u00e9change et d\u2019y faire des recherches sur des termes utilis\u00e9s en anglais.<\/p>\n<p style=\"word-wrap: break-word;\">\u00c0 45&rsquo;03\u00a0\u00bb de la vid\u00e9o retranscrite int\u00e9gralement\u00a0par le site <a href=\"https:\/\/www.rev.com\/transcripts\/trump-meets-with-irish-prime-minister\" target=\"_blank\" rel=\"noopener\">rev.com<\/a>, Donald Trump \u00e9voque bien sa propri\u00e9t\u00e9 de Doonbeg\u00a0<a href=\"https:\/\/maps.app.goo.gl\/9f91mfGKpV15nFuJA\u00a0\" target=\"_blank\" rel=\"noopener\">situ\u00e9e au sud\u00a0ouest de l\u2019Irlande<\/a>, et un projet d\u2019extension de celle-ci qui aurait\u00a0\u00e9t\u00e9 approuv\u00e9e par l\u2019Irlande mais qui aurait d\u00fb \u00eatre \u00e9galement approuv\u00e9e par l\u2019Union europ\u00e9enne. Cette contrainte aurait entra\u00een\u00e9 un d\u00e9lai suppl\u00e9mentaire \u00e9valu\u00e9 \u00e0 sept ans par l\u2019actuel pr\u00e9sident des \u00c9tats-Unis. Il ajoute ensuite avoir \u00ab\u00a0abandonn\u00e9 le projet\u00a0\u00bb et expliqu\u00e9 qu\u2019il s\u2019agissait pour lui d\u2019une \u00ab\u00a0mauvaise exp\u00e9rience\u00a0\u00bb avec l\u2019UE.<\/p>\n<p style=\"word-wrap: break-word;\">Le premier paragraphe\u00a0du texte diffus\u00e9 sur Facebook n\u2019est pas totalement la reprise litt\u00e9rale des propos de Donald Trump mais un r\u00e9sum\u00e9 qui en refl\u00e8te le contenu assez fid\u00e8lement. <a href=\"https:\/\/www.irishstar.com\/news\/us-news\/donald-trump-lays-bare-personal-34849234\" target=\"_blank\" rel=\"noopener\">Des propos repris par exemple par le Irish Star<\/a>, un m\u00e9dia irlandais.<\/p>\n<p><b style=\"display: block; margin: 1rem 0;\">Aucune mention des \u00ab\u00a0meilleurs \u0153ufs\u00a0\u00bb de Doonbeg<\/b><\/p>\n<p style=\"word-wrap: break-word;\">Par ailleurs, la transcription compl\u00e8te permet bien de retrouver le terme \u00ab\u00a0eggs\u00a0\u00bb (\u0153ufs en fran\u00e7ais), \u00e0 deux reprises. Mais il n\u2019y a aucune occurrence qui permet de retrouver les derni\u00e8res phrases de ce texte o\u00f9 il est question des \u00ab\u00a0beaux \u0153ufs\u00a0\u00bb, des \u00ab\u00a0meilleurs \u0153ufs\u00a0\u00bb de Doonbeg\u00a0:<\/p>\n<p style=\"word-wrap: break-word;\">\u00ab\u00a0JOURNALISTE\u00a0: Alors, quand les Am\u00e9ricains demandent pourquoi leurs prix augmentent, devraient-ils simplement bl\u00e2mer votre mauvaise exp\u00e9rience avec l\u2019UE\u00a0?<\/p>\n<p style=\"word-wrap: break-word;\">TRUMP\u00a0: Les prix n\u2019augmentent pas. Fake news. Les \u0153ufs\u00a0? Jamais moins chers.<\/p>\n<p style=\"word-wrap: break-word;\">JOURNALISTE\u00a0: Monsieur, les \u0153ufs co\u00fbtent litt\u00e9ralement 10\u00a0$.<\/p>\n<p style=\"word-wrap: break-word;\">TRUMP\u00a0: Eh bien, peut-\u00eatre dans l\u2019Am\u00e9rique de Biden. Mais \u00e0 Doonbeg\u00a0? De beaux \u0153ufs. Les meilleurs \u0153ufs. Et ils me respectent l\u00e0-bas. Contrairement \u00e0 l\u2019UE. Question suivante\u00a0!\u00a0\u00bb<\/p>\n<p><b style=\"display: block; margin: 1rem 0;\">La suite, un texte invent\u00e9 en anglais traduit en fran\u00e7ais et enfin publi\u00e9 sur Facebook<\/b><\/p>\n<p style=\"word-wrap: break-word;\">La suite de l\u2019\u00e9change tel que retranscrit dans la publication sur Facebook est par contre introuvable en faisant des recherches en ligne en fran\u00e7ais.<\/p>\n<p style=\"word-wrap: break-word;\">En recherchant des \u00e9l\u00e9ments du texte en anglais, nous avons cependant\u00a0retrouv\u00e9 la trace de ce m\u00eame \u00e9change sur le r\u00e9seau social X.<\/p>\n<p style=\"word-wrap: break-word;\">En r\u00e9ponse \u00e0 <a href=\"https:\/\/perma.cc\/9QSL-3NHF\" target=\"_blank\" rel=\"noopener\">un tweet mettant en \u00e9vidence un des moments de la conf\u00e9rence de presse et le d\u00e9but de l\u2019intervention de Trump qui \u00e9voque\u00a0son golf \u00e0 Doonbeg devant la presse<\/a>, un compte a publi\u00e9 le \u00ab\u00a0reste de la conversation\u00a0\u00bb le 12\u00a0mars 2025. <a href=\"https:\/\/perma.cc\/UP7W-LWD4\" target=\"_blank\" rel=\"noopener\">Il s\u2019agit du m\u00eame texte que celui publi\u00e9 sur Facebook mais en anglais<\/a>. Cette publication a fait 260.000 vues.<\/p>\n<p style=\"word-wrap: break-word;\">Il s\u2019agit d\u2019un texte publi\u00e9 par \u00ab\u00a0Last Day With You\u00a0\u00bb, un compte tenu par un \u00e9crivain <a href=\"https:\/\/perma.cc\/7KGW-JDRM\" target=\"_blank\" rel=\"noopener\">ouvertement hostile \u00e0 la politique men\u00e9e par Donald Trump<\/a>\u00a0et adepte de <a href=\"https:\/\/perma.cc\/XT22-ECE6\" target=\"_blank\" rel=\"noopener\">la publication de conversations imaginaires et satiriques inspir\u00e9es d\u2019extraits vid\u00e9o de politiciens<\/a>.<\/p>\n<p style=\"word-wrap: break-word;\">La\u00a0publication en fran\u00e7ais a r\u00e9cup\u00e9r\u00e9 le contenu de ce tweet en anglais, l\u2019a traduit et l\u2019a ensuite publi\u00e9 sur Facebook en y ajoutant une capture d\u2019\u00e9cran de la vid\u00e9o diffus\u00e9e dans le tweet en anglais\u00a0avec l\u2019intervention originale de M. Trump.<\/p>\n<p><b style=\"display: block; margin: 1rem 0;\">Un texte satirique repris litt\u00e9ralement<\/b><\/p>\n<p style=\"word-wrap: break-word;\">L\u2019\u00e9change repris et partag\u00e9 par des utilisateurs francophones sur Facebook est donc une traduction d\u2019une publication satirique publi\u00e9e sur X, suite \u00e0 la visite du Premier ministre irlandais \u00e0 la Maison Blanche.<\/p>\n<p style=\"word-wrap: break-word;\">Si dans l\u2019interview originale, Donald Trump \u00e9met bien des critiques sur l\u2019Union europ\u00e9enne qui lui imposerait trop de contraintes concernant le projet d\u2019extension de son golf \u00e0 Doonbeg, la suite de la conversation n\u2019est pas factuelle.<\/p>\n<\/article>\n","protected":false},"excerpt":{"rendered":"<p>La retranscription d\u2019un \u00e9change entre un journaliste et Donald Trump\u00a0au sujet de la position du pr\u00e9sident des \u00c9tats-Unis\u00a0sur l\u2019Union europ\u00e9enne&#8230;<\/p>\n","protected":false},"author":1,"featured_media":391959,"comment_status":"closed","ping_status":"closed","sticky":false,"template":"","format":"standard","meta":{"_acf_changed":false,"footnotes":""},"categories":[171,452,471,125,116,132,138,423],"tags":[],"class_list":{"0":"post-391969","1":"post","2":"type-post","3":"status-publish","4":"format-standard","5":"has-post-thumbnail","7":"category-economie","8":"category-editors-choice-fr","9":"category-etats-unis","10":"category-fact-check-fr","11":"category-non-classifiee","12":"category-politique","13":"category-societe","14":"category-eu-fr"},"acf":{"show_metatags":true,"id":"https:\/\/www.rtbf.be\/article\/cet-echange-entre-donald-trump-et-un-journaliste-au-sujet-des-origines-de-son-differend-avec-l-union-europeenne-est-fictif-11519998","authors":"Par @gregoire-ryckmans-127 ","organization":"RTBF","featured_image_copyright":"","text_copyright":"            Copyright: (C)RTBF Radio, Television Belge Francophone, plus d'infos: https:\/\/www.rtbf.be\/cgu\/        ","source":"https:\/\/www.rtbf.be\/article\/cet-echange-entre-donald-trump-et-un-journaliste-au-sujet-des-origines-de-son-differend-avec-l-union-europeenne-est-fictif-11519998","fact_checker":"https:\/\/belux.wpengine.com\/wp-content\/uploads\/2022\/01\/rtbf-logo.jpg","share_this_post_to_edmo_website":false,"affiliation":"ADMO","type":"\u00c9v\u00e9nement ferm\u00e9","location":"","start_date":"","start_date_event_begins_at":"","start_date_event_ends_at":"","end_date":"","end_date_event_begins_at":"","end_date_event_ends_at":"","organizer":"","fact_checker_logo_image":false},"yoast_head":"<!-- This site is optimized with the Yoast SEO plugin v27.0 - https:\/\/yoast.com\/product\/yoast-seo-wordpress\/ -->\n<title>Cet \u00e9change entre Donald Trump et un journaliste au sujet des origines de son diff\u00e9rend avec l\u2019Union europ\u00e9enne est fictif - EDMO Belux<\/title>\n<meta name=\"robots\" content=\"index, follow, max-snippet:-1, max-image-preview:large, max-video-preview:-1\" \/>\n<link rel=\"canonical\" href=\"https:\/\/belux.edmo.eu\/fr\/cet-change-entre-donald-trump-et-un-journaliste-au-sujet-des-origines-de-son-diffrend-avec-lunion-europenne-est-fictif\/\" \/>\n<meta property=\"og:locale\" content=\"fr_FR\" \/>\n<meta property=\"og:type\" content=\"article\" \/>\n<meta property=\"og:title\" content=\"Cet \u00e9change entre Donald Trump et un journaliste au sujet des origines de son diff\u00e9rend avec l\u2019Union europ\u00e9enne est fictif - EDMO Belux\" \/>\n<meta property=\"og:description\" content=\"La retranscription d\u2019un \u00e9change entre un journaliste et Donald Trump\u00a0au sujet de la position du pr\u00e9sident des \u00c9tats-Unis\u00a0sur l\u2019Union europ\u00e9enne...\" \/>\n<meta property=\"og:url\" content=\"https:\/\/belux.edmo.eu\/fr\/cet-change-entre-donald-trump-et-un-journaliste-au-sujet-des-origines-de-son-diffrend-avec-lunion-europenne-est-fictif\/\" \/>\n<meta property=\"og:site_name\" content=\"EDMO Belux\" \/>\n<meta property=\"article:published_time\" content=\"2025-03-21T15:14:40+00:00\" \/>\n<meta property=\"article:modified_time\" content=\"2025-03-21T15:23:26+00:00\" \/>\n<meta property=\"og:image\" content=\"https:\/\/belux-edmo.s3-accelerate.amazonaws.com\/wp-content\/uploads\/2025\/03\/42a3964579017f3cb42b26605b9ae8ef-1742488128.jpg\" \/>\n\t<meta property=\"og:image:width\" content=\"1080\" \/>\n\t<meta property=\"og:image:height\" content=\"608\" \/>\n\t<meta property=\"og:image:type\" content=\"image\/jpeg\" \/>\n<meta name=\"author\" content=\"master\" \/>\n<meta name=\"twitter:card\" content=\"summary_large_image\" \/>\n<meta name=\"twitter:creator\" content=\"@Edmo_Belux\" \/>\n<meta name=\"twitter:site\" content=\"@Edmo_Belux\" \/>\n<meta name=\"twitter:label1\" content=\"\u00c9crit par\" \/>\n\t<meta name=\"twitter:data1\" content=\"master\" \/>\n\t<meta name=\"twitter:label2\" content=\"Dur\u00e9e de lecture estim\u00e9e\" \/>\n\t<meta name=\"twitter:data2\" content=\"5 minutes\" \/>\n<script type=\"application\/ld+json\" class=\"yoast-schema-graph\">{\"@context\":\"https:\/\/schema.org\",\"@graph\":[{\"@type\":\"Article\",\"@id\":\"https:\/\/belux.edmo.eu\/fr\/cet-change-entre-donald-trump-et-un-journaliste-au-sujet-des-origines-de-son-diffrend-avec-lunion-europenne-est-fictif\/#article\",\"isPartOf\":{\"@id\":\"https:\/\/belux.edmo.eu\/fr\/cet-change-entre-donald-trump-et-un-journaliste-au-sujet-des-origines-de-son-diffrend-avec-lunion-europenne-est-fictif\/\"},\"author\":{\"name\":\"master\",\"@id\":\"https:\/\/belux.edmo.eu\/#\/schema\/person\/dbe3b252258537fd318f9b5645a30342\"},\"headline\":\"Cet \u00e9change entre Donald Trump et un journaliste au sujet des origines de son diff\u00e9rend avec l\u2019Union europ\u00e9enne est fictif\",\"datePublished\":\"2025-03-21T15:14:40+00:00\",\"dateModified\":\"2025-03-21T15:23:26+00:00\",\"mainEntityOfPage\":{\"@id\":\"https:\/\/belux.edmo.eu\/fr\/cet-change-entre-donald-trump-et-un-journaliste-au-sujet-des-origines-de-son-diffrend-avec-lunion-europenne-est-fictif\/\"},\"wordCount\":1157,\"publisher\":{\"@id\":\"https:\/\/belux.edmo.eu\/#organization\"},\"image\":{\"@id\":\"https:\/\/belux.edmo.eu\/fr\/cet-change-entre-donald-trump-et-un-journaliste-au-sujet-des-origines-de-son-diffrend-avec-lunion-europenne-est-fictif\/#primaryimage\"},\"thumbnailUrl\":\"https:\/\/belux-edmo.s3-accelerate.amazonaws.com\/wp-content\/uploads\/2025\/03\/42a3964579017f3cb42b26605b9ae8ef-1742488128.jpg\",\"articleSection\":[\"Economie\",\"Editor's Choice Slider FR\",\"Etats-Unis\",\"Fact-Check\",\"Non classifi\u00e9(e)\",\"Politique\",\"Societe\",\"UE\"],\"inLanguage\":\"fr-FR\"},{\"@type\":\"WebPage\",\"@id\":\"https:\/\/belux.edmo.eu\/fr\/cet-change-entre-donald-trump-et-un-journaliste-au-sujet-des-origines-de-son-diffrend-avec-lunion-europenne-est-fictif\/\",\"url\":\"https:\/\/belux.edmo.eu\/fr\/cet-change-entre-donald-trump-et-un-journaliste-au-sujet-des-origines-de-son-diffrend-avec-lunion-europenne-est-fictif\/\",\"name\":\"Cet \u00e9change entre Donald Trump et un journaliste au sujet des origines de son diff\u00e9rend avec l\u2019Union europ\u00e9enne est fictif - EDMO Belux\",\"isPartOf\":{\"@id\":\"https:\/\/belux.edmo.eu\/#website\"},\"primaryImageOfPage\":{\"@id\":\"https:\/\/belux.edmo.eu\/fr\/cet-change-entre-donald-trump-et-un-journaliste-au-sujet-des-origines-de-son-diffrend-avec-lunion-europenne-est-fictif\/#primaryimage\"},\"image\":{\"@id\":\"https:\/\/belux.edmo.eu\/fr\/cet-change-entre-donald-trump-et-un-journaliste-au-sujet-des-origines-de-son-diffrend-avec-lunion-europenne-est-fictif\/#primaryimage\"},\"thumbnailUrl\":\"https:\/\/belux-edmo.s3-accelerate.amazonaws.com\/wp-content\/uploads\/2025\/03\/42a3964579017f3cb42b26605b9ae8ef-1742488128.jpg\",\"datePublished\":\"2025-03-21T15:14:40+00:00\",\"dateModified\":\"2025-03-21T15:23:26+00:00\",\"breadcrumb\":{\"@id\":\"https:\/\/belux.edmo.eu\/fr\/cet-change-entre-donald-trump-et-un-journaliste-au-sujet-des-origines-de-son-diffrend-avec-lunion-europenne-est-fictif\/#breadcrumb\"},\"inLanguage\":\"fr-FR\",\"potentialAction\":[{\"@type\":\"ReadAction\",\"target\":[\"https:\/\/belux.edmo.eu\/fr\/cet-change-entre-donald-trump-et-un-journaliste-au-sujet-des-origines-de-son-diffrend-avec-lunion-europenne-est-fictif\/\"]}]},{\"@type\":\"ImageObject\",\"inLanguage\":\"fr-FR\",\"@id\":\"https:\/\/belux.edmo.eu\/fr\/cet-change-entre-donald-trump-et-un-journaliste-au-sujet-des-origines-de-son-diffrend-avec-lunion-europenne-est-fictif\/#primaryimage\",\"url\":\"https:\/\/belux-edmo.s3-accelerate.amazonaws.com\/wp-content\/uploads\/2025\/03\/42a3964579017f3cb42b26605b9ae8ef-1742488128.jpg\",\"contentUrl\":\"https:\/\/belux-edmo.s3-accelerate.amazonaws.com\/wp-content\/uploads\/2025\/03\/42a3964579017f3cb42b26605b9ae8ef-1742488128.jpg\",\"width\":1080,\"height\":608,\"caption\":\"Cet \u00e9change entre Donald Trump et un journaliste au sujet des origines de son diff\u00e9rend avec l\u2019Union europ\u00e9enne est fictif - Featured image\"},{\"@type\":\"BreadcrumbList\",\"@id\":\"https:\/\/belux.edmo.eu\/fr\/cet-change-entre-donald-trump-et-un-journaliste-au-sujet-des-origines-de-son-diffrend-avec-lunion-europenne-est-fictif\/#breadcrumb\",\"itemListElement\":[{\"@type\":\"ListItem\",\"position\":1,\"name\":\"Home\",\"item\":\"https:\/\/belux.edmo.eu\/fr\/\"},{\"@type\":\"ListItem\",\"position\":2,\"name\":\"Cet \u00e9change entre Donald Trump et un journaliste au sujet des origines de son diff\u00e9rend avec l\u2019Union europ\u00e9enne est fictif\"}]},{\"@type\":\"WebSite\",\"@id\":\"https:\/\/belux.edmo.eu\/#website\",\"url\":\"https:\/\/belux.edmo.eu\/\",\"name\":\"EDMO Belux\",\"description\":\"Monitoring Disinformation in Belgium and Luxembourg\",\"publisher\":{\"@id\":\"https:\/\/belux.edmo.eu\/#organization\"},\"potentialAction\":[{\"@type\":\"SearchAction\",\"target\":{\"@type\":\"EntryPoint\",\"urlTemplate\":\"https:\/\/belux.edmo.eu\/?s={search_term_string}\"},\"query-input\":{\"@type\":\"PropertyValueSpecification\",\"valueRequired\":true,\"valueName\":\"search_term_string\"}}],\"inLanguage\":\"fr-FR\"},{\"@type\":\"Organization\",\"@id\":\"https:\/\/belux.edmo.eu\/#organization\",\"name\":\"EDMO Belux\",\"url\":\"https:\/\/belux.edmo.eu\/\",\"logo\":{\"@type\":\"ImageObject\",\"inLanguage\":\"fr-FR\",\"@id\":\"https:\/\/belux.edmo.eu\/#\/schema\/logo\/image\/\",\"url\":\"https:\/\/belux.edmo.eu\/wp-content\/uploads\/2021\/12\/belux-logo-full-color-rgb.svg\",\"contentUrl\":\"https:\/\/belux.edmo.eu\/wp-content\/uploads\/2021\/12\/belux-logo-full-color-rgb.svg\",\"width\":1,\"height\":1,\"caption\":\"EDMO Belux\"},\"image\":{\"@id\":\"https:\/\/belux.edmo.eu\/#\/schema\/logo\/image\/\"},\"sameAs\":[\"https:\/\/x.com\/Edmo_Belux\"]},{\"@type\":\"Person\",\"@id\":\"https:\/\/belux.edmo.eu\/#\/schema\/person\/dbe3b252258537fd318f9b5645a30342\",\"name\":\"master\",\"sameAs\":[\"https:\/\/belux.wpengine.com\"],\"url\":\"https:\/\/belux.edmo.eu\/fr\/author\/master\/\"}]}<\/script>\n<!-- \/ Yoast SEO plugin. -->","yoast_head_json":{"title":"Cet \u00e9change entre Donald Trump et un journaliste au sujet des origines de son diff\u00e9rend avec l\u2019Union europ\u00e9enne est fictif - EDMO Belux","robots":{"index":"index","follow":"follow","max-snippet":"max-snippet:-1","max-image-preview":"max-image-preview:large","max-video-preview":"max-video-preview:-1"},"canonical":"https:\/\/belux.edmo.eu\/fr\/cet-change-entre-donald-trump-et-un-journaliste-au-sujet-des-origines-de-son-diffrend-avec-lunion-europenne-est-fictif\/","og_locale":"fr_FR","og_type":"article","og_title":"Cet \u00e9change entre Donald Trump et un journaliste au sujet des origines de son diff\u00e9rend avec l\u2019Union europ\u00e9enne est fictif - EDMO Belux","og_description":"La retranscription d\u2019un \u00e9change entre un journaliste et Donald Trump\u00a0au sujet de la position du pr\u00e9sident des \u00c9tats-Unis\u00a0sur l\u2019Union europ\u00e9enne...","og_url":"https:\/\/belux.edmo.eu\/fr\/cet-change-entre-donald-trump-et-un-journaliste-au-sujet-des-origines-de-son-diffrend-avec-lunion-europenne-est-fictif\/","og_site_name":"EDMO Belux","article_published_time":"2025-03-21T15:14:40+00:00","article_modified_time":"2025-03-21T15:23:26+00:00","og_image":[{"width":1080,"height":608,"url":"https:\/\/belux-edmo.s3-accelerate.amazonaws.com\/wp-content\/uploads\/2025\/03\/42a3964579017f3cb42b26605b9ae8ef-1742488128.jpg","type":"image\/jpeg"}],"author":"master","twitter_card":"summary_large_image","twitter_creator":"@Edmo_Belux","twitter_site":"@Edmo_Belux","twitter_misc":{"\u00c9crit par":"master","Dur\u00e9e de lecture estim\u00e9e":"5 minutes"},"schema":{"@context":"https:\/\/schema.org","@graph":[{"@type":"Article","@id":"https:\/\/belux.edmo.eu\/fr\/cet-change-entre-donald-trump-et-un-journaliste-au-sujet-des-origines-de-son-diffrend-avec-lunion-europenne-est-fictif\/#article","isPartOf":{"@id":"https:\/\/belux.edmo.eu\/fr\/cet-change-entre-donald-trump-et-un-journaliste-au-sujet-des-origines-de-son-diffrend-avec-lunion-europenne-est-fictif\/"},"author":{"name":"master","@id":"https:\/\/belux.edmo.eu\/#\/schema\/person\/dbe3b252258537fd318f9b5645a30342"},"headline":"Cet \u00e9change entre Donald Trump et un journaliste au sujet des origines de son diff\u00e9rend avec l\u2019Union europ\u00e9enne est fictif","datePublished":"2025-03-21T15:14:40+00:00","dateModified":"2025-03-21T15:23:26+00:00","mainEntityOfPage":{"@id":"https:\/\/belux.edmo.eu\/fr\/cet-change-entre-donald-trump-et-un-journaliste-au-sujet-des-origines-de-son-diffrend-avec-lunion-europenne-est-fictif\/"},"wordCount":1157,"publisher":{"@id":"https:\/\/belux.edmo.eu\/#organization"},"image":{"@id":"https:\/\/belux.edmo.eu\/fr\/cet-change-entre-donald-trump-et-un-journaliste-au-sujet-des-origines-de-son-diffrend-avec-lunion-europenne-est-fictif\/#primaryimage"},"thumbnailUrl":"https:\/\/belux-edmo.s3-accelerate.amazonaws.com\/wp-content\/uploads\/2025\/03\/42a3964579017f3cb42b26605b9ae8ef-1742488128.jpg","articleSection":["Economie","Editor's Choice Slider FR","Etats-Unis","Fact-Check","Non classifi\u00e9(e)","Politique","Societe","UE"],"inLanguage":"fr-FR"},{"@type":"WebPage","@id":"https:\/\/belux.edmo.eu\/fr\/cet-change-entre-donald-trump-et-un-journaliste-au-sujet-des-origines-de-son-diffrend-avec-lunion-europenne-est-fictif\/","url":"https:\/\/belux.edmo.eu\/fr\/cet-change-entre-donald-trump-et-un-journaliste-au-sujet-des-origines-de-son-diffrend-avec-lunion-europenne-est-fictif\/","name":"Cet \u00e9change entre Donald Trump et un journaliste au sujet des origines de son diff\u00e9rend avec l\u2019Union europ\u00e9enne est fictif - EDMO Belux","isPartOf":{"@id":"https:\/\/belux.edmo.eu\/#website"},"primaryImageOfPage":{"@id":"https:\/\/belux.edmo.eu\/fr\/cet-change-entre-donald-trump-et-un-journaliste-au-sujet-des-origines-de-son-diffrend-avec-lunion-europenne-est-fictif\/#primaryimage"},"image":{"@id":"https:\/\/belux.edmo.eu\/fr\/cet-change-entre-donald-trump-et-un-journaliste-au-sujet-des-origines-de-son-diffrend-avec-lunion-europenne-est-fictif\/#primaryimage"},"thumbnailUrl":"https:\/\/belux-edmo.s3-accelerate.amazonaws.com\/wp-content\/uploads\/2025\/03\/42a3964579017f3cb42b26605b9ae8ef-1742488128.jpg","datePublished":"2025-03-21T15:14:40+00:00","dateModified":"2025-03-21T15:23:26+00:00","breadcrumb":{"@id":"https:\/\/belux.edmo.eu\/fr\/cet-change-entre-donald-trump-et-un-journaliste-au-sujet-des-origines-de-son-diffrend-avec-lunion-europenne-est-fictif\/#breadcrumb"},"inLanguage":"fr-FR","potentialAction":[{"@type":"ReadAction","target":["https:\/\/belux.edmo.eu\/fr\/cet-change-entre-donald-trump-et-un-journaliste-au-sujet-des-origines-de-son-diffrend-avec-lunion-europenne-est-fictif\/"]}]},{"@type":"ImageObject","inLanguage":"fr-FR","@id":"https:\/\/belux.edmo.eu\/fr\/cet-change-entre-donald-trump-et-un-journaliste-au-sujet-des-origines-de-son-diffrend-avec-lunion-europenne-est-fictif\/#primaryimage","url":"https:\/\/belux-edmo.s3-accelerate.amazonaws.com\/wp-content\/uploads\/2025\/03\/42a3964579017f3cb42b26605b9ae8ef-1742488128.jpg","contentUrl":"https:\/\/belux-edmo.s3-accelerate.amazonaws.com\/wp-content\/uploads\/2025\/03\/42a3964579017f3cb42b26605b9ae8ef-1742488128.jpg","width":1080,"height":608,"caption":"Cet \u00e9change entre Donald Trump et un journaliste au sujet des origines de son diff\u00e9rend avec l\u2019Union europ\u00e9enne est fictif - Featured image"},{"@type":"BreadcrumbList","@id":"https:\/\/belux.edmo.eu\/fr\/cet-change-entre-donald-trump-et-un-journaliste-au-sujet-des-origines-de-son-diffrend-avec-lunion-europenne-est-fictif\/#breadcrumb","itemListElement":[{"@type":"ListItem","position":1,"name":"Home","item":"https:\/\/belux.edmo.eu\/fr\/"},{"@type":"ListItem","position":2,"name":"Cet \u00e9change entre Donald Trump et un journaliste au sujet des origines de son diff\u00e9rend avec l\u2019Union europ\u00e9enne est fictif"}]},{"@type":"WebSite","@id":"https:\/\/belux.edmo.eu\/#website","url":"https:\/\/belux.edmo.eu\/","name":"EDMO Belux","description":"Monitoring Disinformation in Belgium and Luxembourg","publisher":{"@id":"https:\/\/belux.edmo.eu\/#organization"},"potentialAction":[{"@type":"SearchAction","target":{"@type":"EntryPoint","urlTemplate":"https:\/\/belux.edmo.eu\/?s={search_term_string}"},"query-input":{"@type":"PropertyValueSpecification","valueRequired":true,"valueName":"search_term_string"}}],"inLanguage":"fr-FR"},{"@type":"Organization","@id":"https:\/\/belux.edmo.eu\/#organization","name":"EDMO Belux","url":"https:\/\/belux.edmo.eu\/","logo":{"@type":"ImageObject","inLanguage":"fr-FR","@id":"https:\/\/belux.edmo.eu\/#\/schema\/logo\/image\/","url":"https:\/\/belux.edmo.eu\/wp-content\/uploads\/2021\/12\/belux-logo-full-color-rgb.svg","contentUrl":"https:\/\/belux.edmo.eu\/wp-content\/uploads\/2021\/12\/belux-logo-full-color-rgb.svg","width":1,"height":1,"caption":"EDMO Belux"},"image":{"@id":"https:\/\/belux.edmo.eu\/#\/schema\/logo\/image\/"},"sameAs":["https:\/\/x.com\/Edmo_Belux"]},{"@type":"Person","@id":"https:\/\/belux.edmo.eu\/#\/schema\/person\/dbe3b252258537fd318f9b5645a30342","name":"master","sameAs":["https:\/\/belux.wpengine.com"],"url":"https:\/\/belux.edmo.eu\/fr\/author\/master\/"}]}},"menu_order":0,"_links":{"self":[{"href":"https:\/\/belux.edmo.eu\/fr\/wp-json\/wp\/v2\/posts\/391969","targetHints":{"allow":["GET"]}}],"collection":[{"href":"https:\/\/belux.edmo.eu\/fr\/wp-json\/wp\/v2\/posts"}],"about":[{"href":"https:\/\/belux.edmo.eu\/fr\/wp-json\/wp\/v2\/types\/post"}],"author":[{"embeddable":true,"href":"https:\/\/belux.edmo.eu\/fr\/wp-json\/wp\/v2\/users\/1"}],"replies":[{"embeddable":true,"href":"https:\/\/belux.edmo.eu\/fr\/wp-json\/wp\/v2\/comments?post=391969"}],"version-history":[{"count":0,"href":"https:\/\/belux.edmo.eu\/fr\/wp-json\/wp\/v2\/posts\/391969\/revisions"}],"wp:featuredmedia":[{"embeddable":true,"href":"https:\/\/belux.edmo.eu\/fr\/wp-json\/wp\/v2\/media\/391959"}],"wp:attachment":[{"href":"https:\/\/belux.edmo.eu\/fr\/wp-json\/wp\/v2\/media?parent=391969"}],"wp:term":[{"taxonomy":"category","embeddable":true,"href":"https:\/\/belux.edmo.eu\/fr\/wp-json\/wp\/v2\/categories?post=391969"},{"taxonomy":"post_tag","embeddable":true,"href":"https:\/\/belux.edmo.eu\/fr\/wp-json\/wp\/v2\/tags?post=391969"}],"curies":[{"name":"wp","href":"https:\/\/api.w.org\/{rel}","templated":true}]}}