{"id":392282,"date":"2025-03-24T12:01:13","date_gmt":"2025-03-24T12:01:13","guid":{"rendered":"https:\/\/belux.edmo.eu\/?p=392282"},"modified":"2025-03-24T12:27:56","modified_gmt":"2025-03-24T12:27:56","slug":"attention-aux-fausses-unes-de-vrais-journaux-relayant-des-narratifs-pro-russes","status":"publish","type":"post","link":"https:\/\/belux.edmo.eu\/fr\/attention-aux-fausses-unes-de-vrais-journaux-relayant-des-narratifs-pro-russes\/","title":{"rendered":"Attention aux fausses unes de vrais journaux relayant des narratifs pro-russes"},"content":{"rendered":"<p><b>Depuis le d\u00e9but de la guerre en Ukraine, de nombreux m\u00e9dias sont r\u00e9guli\u00e8rement plagi\u00e9s en ligne \u00e0 des fins de d\u00e9sinformation sur le conflit, favorable aux narratifs pro-russes. Une image relay\u00e9e sur les r\u00e9seaux sociaux montre ainsi une pr\u00e9tendue Une du journal La Croix, titrant sur \u00ab\u00a0l&rsquo;\u00e9chec de l&rsquo;offensive\u00a0\u00bb ukrainienne dans la r\u00e9gion russe de Koursk. Si on y retrouve l&rsquo;identit\u00e9 graphique du m\u00e9dia fran\u00e7ais, il s&rsquo;agit en r\u00e9alit\u00e9 d&rsquo;un montage, le journal n&rsquo;ayant jamais publi\u00e9 une telle Une.<\/b><\/p>\n<p><span style=\"list-style-type: none;\">\u00ab\u00a0<em>Zelensky continue de nier l&rsquo;\u00e9chec de l&rsquo;offensive \u00e0 Koursk<\/em>\u00a0\u00bb : c&rsquo;est le titre de ce qui a l&rsquo;air d&rsquo;\u00eatre la Une du quotidien <em>La Croix<\/em> dat\u00e9e du jeudi 13 mars 2025. Le sous-titre \u00e9voque la pr\u00e9tendue fureur des \u00ab\u00a0<em>alli\u00e9s de l&rsquo;Ukraine<\/em>\u00a0\u00bb \u00e0 propos des \u00ab\u00a0<em>centaines de millions d&rsquo;euros<\/em>\u00a0\u00bb qui auraient \u00e9t\u00e9 d\u00e9pens\u00e9s \u00ab\u00a0<em>pour une op\u00e9ration rat\u00e9e sur le territoire russe<\/em>\u00ab\u00a0.<\/span><\/p>\n<p><span style=\"list-style-type: none;\">Fid\u00e8les aux codes graphiques du <a href=\"https:\/\/kiosque.la-croix.com\/\" target=\"_blank\" rel=\"evidence nofollow noopener\" shape=\"rect\">journal<\/a>, ces \u00e9l\u00e9ments de titraille accompagnent une photo du pr\u00e9sident ukrainien Volodymyr Zelensky prise, selon la l\u00e9gende, lors du sommet pour l&rsquo;Ukraine \u00e0 Londres le 2 mars 2025 (lien archiv\u00e9\u00a0<a href=\"https:\/\/perma.cc\/SBF2-3WGN\" target=\"_blank\" rel=\"evidence frozen nofollow noopener\" shape=\"rect\">ici<\/a>).<\/span><\/p>\n<p>&nbsp;<\/p>\n<div class=\"g2picture\">\n<figure><img src=\"https:\/\/belux-edmo.s3-accelerate.amazonaws.com\/wp-content\/uploads\/2025\/03\/picture-renditions-7100931002364803035.jpg\" \/><figcaption>Capture d&rsquo;\u00e9cran de la fausse une La Croix prise sur X le 20 mars 2025<\/figcaption><\/figure>\n<\/div>\n<p>&nbsp;<\/p>\n<p><span style=\"list-style-type: none;\">L&rsquo;image a \u00e9t\u00e9 partag\u00e9e sur X le 16 mars 2025 dans une <a href=\"https:\/\/perma.cc\/V6XJ-QNKM\" target=\"_blank\" rel=\"appearance frozen nofollow noopener\" shape=\"rect\">publication<\/a> faisant \u00e9tat d&rsquo;un \u00ab\u00a0<em>coup de projecteur de certains m\u00e9dias occidentaux sur l&rsquo;\u00e9chec de l&rsquo;aventure ukrainienne \u00e0 #Koursk<\/em>\u00ab\u00a0<\/span><span style=\"list-style-type: none;\">. Deux autres images ressemblant \u00e0 des premi\u00e8res pages de journaux anglophones figurent aussi sur la publication.<\/span><\/p>\n<p><span style=\"list-style-type: none;\">\u00ab\u00a0<em>Ils y d\u00e9noncent le gaspillage de l&rsquo;argent des contribuables europ\u00e9ens<\/em>\u00ab\u00a0, peut-on lire dans la suite du message qui cite nomm\u00e9ment et identifie le\u00a0<a href=\"https:\/\/x.com\/LaCroix\" target=\"_blank\" rel=\"evidence nofollow noopener\" shape=\"rect\">compte X<\/a> du journal La Croix &#8211; <\/span><span style=\"list-style-type: none;\">qui a en r\u00e9alit\u00e9\u00a0 <a href=\"https:\/\/www.la-croix.com\/a-vif\/la-croix-suspend-ses-publications-sur-le-reseau-social-x-20250210\" target=\"_blank\" rel=\"evidence nofollow noopener\" shape=\"rect\">suspendu son activit\u00e9<\/a> sur le r\u00e9seau social depuis le 10 f\u00e9vrier 2025 (liens archiv\u00e9s <a href=\"https:\/\/perma.cc\/VK2X-Z3C2\" target=\"_blank\" rel=\"evidence frozen nofollow noopener\" shape=\"rect\">ici<\/a> et <a href=\"https:\/\/perma.cc\/G549-M649\" target=\"_blank\" rel=\"evidence frozen nofollow noopener\" shape=\"rect\">ici<\/a>).<\/span><\/p>\n<p>&nbsp;<\/p>\n<div class=\"g2picture\">\n<figure><img src=\"https:\/\/belux-edmo.s3-accelerate.amazonaws.com\/wp-content\/uploads\/2025\/03\/5749ebfd121f23ebc5b05345d0b771e39936894e-ipad.jpg\" \/><figcaption>Capture d&rsquo;\u00e9cran prise sur X le 20 mars 2025<\/figcaption><\/figure>\n<\/div>\n<p>&nbsp;<\/p>\n<p>Cependant, La Croix n&rsquo;a jamais publi\u00e9 la pr\u00e9tendue Une partag\u00e9e sur X. Il s&rsquo;agit d&rsquo;une version d\u00e9tourn\u00e9e de celle de l&rsquo;<a href=\"https:\/\/kiosque.la-croix.com\/journal-quotidien\/edition-jeudi-13-mars-2025\" target=\"_blank\" rel=\"evidence nofollow noopener\" shape=\"rect\">\u00e9dition publi\u00e9e par le journal<\/a> le 13 mars 2025 (lien archiv\u00e9 <a href=\"https:\/\/perma.cc\/Q73C-6G94\" target=\"_blank\" rel=\"evidence frozen nofollow noopener\" shape=\"rect\">ici<\/a>).<\/p>\n<p>\u00ab\u00a0<em>L&rsquo;Ukraine respire, l&rsquo;Europe se ressaisit<\/em>\u00ab\u00a0, indique en titre la v\u00e9ritable Une du 13 mars (ci-dessous) archiv\u00e9e dans le kiosque en ligne du journal. \u00ab\u00a0<em>Les Etats-Unis ont repris leur aide \u00e0 Kiev apr\u00e8s dix jours de tensions qui ont d\u00e9cid\u00e9 l&rsquo;Europe \u00e0 acc\u00e9l\u00e9rer son effort de d\u00e9fense<\/em>\u00ab\u00a0, poursuit le sous-titre.<\/p>\n<p>La photo du pr\u00e9sident ukrainien et la l\u00e9gende, ainsi que le reste du contenu \u00e9ditorial de la page, sont identiques \u00e0 ce que l&rsquo;on peut observer sur la fausse Une, qui diff\u00e8re donc principalement par son principal titre et son sous-titre falsifi\u00e9s.<\/p>\n<div class=\"g2picture\">\n<figure><img src=\"https:\/\/belux-edmo.s3-accelerate.amazonaws.com\/wp-content\/uploads\/2025\/03\/d52cb776b0ec0c9e7029bbd9026c57961b24f0b6-ipad.jpg\" \/><figcaption>Capture d&rsquo;\u00e9cran, prise le 20 mars 2025 sur le site du journal La Croix, de la premi\u00e8re page de l&rsquo;\u00e9dition parue le 13 mars 2025<\/figcaption><\/figure>\n<\/div>\n<p>La fausse Une a \u00e9t\u00e9 publi\u00e9e quelques jours avant que Volodymyr Zelensky d\u00e9clare le 18 mars 2025 que les troupes ukrainiennes continueraient \u00e0 se battre \u00e0 Koursk, malgr\u00e9 les efforts d\u00e9ploy\u00e9s par Moscou pour reprendre du terrain dans la r\u00e9gion russe, dont Kiev s&rsquo;\u00e9tait empar\u00e9e en ao\u00fbt 2024.<\/p>\n<p><span data-mce-annotation=\"tinycomments\" data-mce-annotation-uid=\"mce-conversation_89887843521742403709247\">La<\/span> situation militaire dans la r\u00e9gion de Koursk est une\u00a0<a href=\"https:\/\/www.france24.com\/fr\/info-en-continu\/20250321-l-ukraine-et-la-russie-%C3%A9changent-frappes-et-accusations-avant-des-pourparlers\" target=\"_blank\" rel=\"evidence nofollow noopener\" shape=\"rect\">question cl\u00e9<\/a> \u00e0 l&rsquo;heure o\u00f9 les <a href=\"https:\/\/information.tv5monde.com\/international\/ukraine-nouveau-sommet-de-la-coalition-des-volontaires-jeudi-paris-avec-zelensky\" target=\"_blank\" rel=\"evidence nofollow noopener\" shape=\"rect\">initiatives diplomatiques<\/a> et les rencontres se multiplient pour tenter de mettre fin au conflit qui dure depuis trois ans (liens archiv\u00e9s <a href=\"https:\/\/web.archive.org\/web\/20250321125731\/https:\/\/www.france24.com\/fr\/info-en-continu\/20250321-l-ukraine-et-la-russie-%C3%A9changent-frappes-et-accusations-avant-des-pourparlers\" target=\"_blank\" rel=\"evidence frozen nofollow noopener\" shape=\"rect\">ici<\/a> et <a href=\"https:\/\/web.archive.org\/web\/20250321130334\/https:\/\/information.tv5monde.com\/international\/ukraine-nouveau-sommet-de-la-coalition-des-volontaires-jeudi-paris-avec-zelensky\" target=\"_blank\" rel=\"evidence frozen nofollow noopener\" shape=\"rect\">ici<\/a>).<\/p>\n<div class=\"g2web\" style=\"text-align: center;\"><iframe title=\"YouTube video player\" src=\"https:\/\/www.youtube.com\/embed\/_wyqx5CLRkI?si=xLWU52i3Ovp1Y2aq\" width=\"560\" height=\"315\" frameborder=\"0\" scrolling=\"auto\" allowfullscreen=\"allowfullscreen\"><\/iframe><\/div>\n<p>Des cas de plagiat similaires \u00e0 celui du journal La Croix ont d\u00e9j\u00e0 \u00e9t\u00e9 observ\u00e9s en France, \u00e0 l&rsquo;image de celui qui a vis\u00e9 le quotidien Le Parisien, dont le nom et la charte graphique avaient \u00e9t\u00e9 <a href=\"https:\/\/factuel.afp.com\/doc.afp.com.33EW7Z6\" target=\"_blank\" rel=\"evidence nofollow noopener\" shape=\"rect\">usurp\u00e9s par un site pirate<\/a> en mai 2023. Adresse internet ressemblante, liens hypertextes renvoyant \u00e0 la page d&rsquo;accueil et aux articles du m\u00e9dia francilien&#8230; Le Parisien avait d\u00e9nonc\u00e9 dans un\u00a0<a href=\"https:\/\/www.leparisien.fr\/societe\/vrai-design-mais-fausses-infos-le-parisien-plagie-par-un-mysterieux-site-une-plainte-deposee-11-05-2023-E7C5WMER5BACHHS34I6AACJFVE.php?ts=1683883672141\" target=\"_blank\" rel=\"evidence nofollow noopener\" shape=\"rect\">article<\/a> les m\u00e9thodes destin\u00e9es \u00e0 diffuser de \u00ab\u00a0<em>fausses informations\u00a0\u00bb<\/em>, alors que la vingtaine d'\u00a0\u00bb<em>articles publi\u00e9s ont tous en commun de critiquer l\u2019Occident, les \u00c9tats-Unis ou la guerre en Ukraine<\/em>\u00a0\u00bb (lien archiv\u00e9\u00a0<a href=\"https:\/\/perma.cc\/H9KP-J3JR\" target=\"_blank\" rel=\"evidence frozen nofollow noopener\" shape=\"rect\">ici<\/a>).<\/p>\n<p><b>Plusieurs m\u00e9dias concern\u00e9s<\/b><\/p>\n<p>Les deux autres images partag\u00e9es dans la <a href=\"https:\/\/perma.cc\/V6XJ-QNKM\" target=\"_blank\" rel=\"appearance frozen nofollow noopener\" shape=\"rect\">publication X<\/a> \u00e9voqu\u00e9e pr\u00e9c\u00e9demment sont \u00e9galement de fausses Unes imitant celles de journaux <span style=\"list-style-type: none;\">anglais et am\u00e9ricain<\/span>, comme expliqu\u00e9 dans <a href=\"https:\/\/factcheck.afp.com\/doc.afp.com.372Y6CV\" target=\"_blank\" rel=\"evidence nofollow noopener\" shape=\"rect\">cet article<\/a> de l&rsquo;AFP Factuel.<\/p>\n<p>L&rsquo;une d&rsquo;elles (\u00e0 gauche ci-dessous) pr\u00e9tend montrer le Hull Daily Mail, un journal r\u00e9gional de la ville portuaire de Hull, dans le nord-est de l&rsquo;Angleterre, mentionnant en premi\u00e8re page que \u00ab\u00a0<em>70.000 soldats ukrainiens dans la r\u00e9gion de Koursk sont morts en vain<\/em>. <em>Le Royaume-Uni a investi des centaines de millions de livres dans l&rsquo;\u00e9chec cuisant de Zelensky<\/em>.\u00a0\u00bb<\/p>\n<div class=\"g2picture\">\n<figure><img src=\"https:\/\/belux-edmo.s3-accelerate.amazonaws.com\/wp-content\/uploads\/2025\/03\/picture-renditions-17352796832517554515.jpg\" \/><figcaption>Capture d&rsquo;\u00e9cran de fausses unes de journaux anglophones prise sur X le 20 mars 2025<\/figcaption><\/figure>\n<\/div>\n<p>L&rsquo;image a aussi circul\u00e9 via des publications anglophones sur\u00a0<a href=\"https:\/\/perma.cc\/TET9-TSWP\" target=\"_blank\" rel=\"appearance frozen nofollow noopener\" shape=\"rect\">X<\/a>, <a href=\"https:\/\/mvau.lt\/media\/5325bc3f-e12b-4e2b-b0e4-f6d0c0ed27cd\" target=\"_blank\" rel=\"appearance frozen nofollow noopener\" shape=\"rect\">Facebook<\/a>\u00a0,\u00a0<a href=\"https:\/\/perma.cc\/3MPG-R9Z6\" target=\"_blank\" rel=\"appearance frozen nofollow noopener\" shape=\"rect\">Instagram<\/a>\u00a0et\u00a0<a href=\"https:\/\/perma.cc\/67YC-GVHE\" target=\"_blank\" rel=\"appearance frozen nofollow noopener\" shape=\"rect\">TikTok<\/a>.<\/p>\n<p>\u00ab\u00a0<em>L&rsquo;exp\u00e9dition de Koursk a \u00e9t\u00e9 un d\u00e9sastre et une perte de vies humaines totale. La Grande-Bretagne l&rsquo;a encourag\u00e9e\u00a0\u00bb<\/em>, affirme par exemple l&rsquo;<a href=\"https:\/\/perma.cc\/T26B-KPP4\" target=\"_blank\" rel=\"appearance frozen nofollow noopener\" shape=\"rect\">une de ces publications<\/a> le 15 mars 2025. L&rsquo;auteur du message, le blogueur d&rsquo;extr\u00eame droite Ian Miles Cheong, <a href=\"https:\/\/factcheck.afp.com\/doc.afp.com.34LH27Phttps:\/\/factcheck.afp.com\/doc.afp.com.34LH27P\" target=\"_blank\" rel=\"evidence nofollow noopener\" shape=\"rect\">a\u00a0d\u00e9j\u00e0<\/a> diffus\u00e9 de <a href=\"https:\/\/factcheck.afp.com\/doc.afp.com.33D648F\" target=\"_blank\" rel=\"evidence nofollow noopener\" shape=\"rect\">fausses informations<\/a> en ligne. Ses\u00a0<a href=\"https:\/\/factcheck.afp.com\/doc.afp.com.33DY83K\" target=\"_blank\" rel=\"evidence nofollow noopener\" shape=\"rect\">publications<\/a> ont par ailleurs\u00a0\u00e9t\u00e9\u00a0<a href=\"https:\/\/factcheck.afp.com\/doc.afp.com.33DG9P3\" target=\"_blank\" rel=\"evidence nofollow noopener\" shape=\"rect\">amplifi\u00e9es \u00e0 plusieurs reprises<\/a> par Elon Musk, propri\u00e9taire de X.<\/p>\n<p>La v\u00e9ritable une du Hull Daily Mail du 13 mars 2025\u00a0est accessible sur plusieurs <a href=\"https:\/\/penrithcity.spydus.com\/cgi-bin\/spydus.exe\/ENQ\/WPAC\/ISSENQ?SETLVL=&amp;ISX=142144\" target=\"_blank\" rel=\"evidence nofollow noopener\" shape=\"rect\">sites internet<\/a>, dont <a href=\"https:\/\/www.pressreader.com\/newspapers\/n\/hull-daily-mail\/20250313\" target=\"_blank\" rel=\"evidence nofollow noopener\" shape=\"rect\">PressReader<\/a>\u00a0(liens archiv\u00e9s\u00a0<a href=\"https:\/\/perma.cc\/D5BA-SABV\" target=\"_blank\" rel=\"evidence frozen nofollow noopener\" shape=\"rect\">ici<\/a>\u00a0et\u00a0<a href=\"https:\/\/perma.cc\/9FRW-Q694\" target=\"_blank\" rel=\"evidence frozen nofollow noopener\" shape=\"rect\">ici<\/a>). \u00ab\u00a0<a href=\"https:\/\/www.hulldailymail.co.uk\/news\/hull-east-yorkshire-news\/boy-15-found-guilty-attempting-10016161\" target=\"_blank\" rel=\"evidence nofollow noopener\" shape=\"rect\"><em>Un gar\u00e7on reconnu coupable d&rsquo;avoir tent\u00e9 d&rsquo;assassiner une jeune fille avec une \u00e9p\u00e9e<\/em><\/a>\u00ab\u00a0, peut-on lire sur la premi\u00e8re page (lien archiv\u00e9\u00a0<a href=\"https:\/\/perma.cc\/TNQ6-TYXK\" target=\"_blank\" rel=\"evidence frozen nofollow noopener\" shape=\"rect\">ici<\/a>), o\u00f9 on ne retrouve aucune mention de la guerre en Ukraine.<\/p>\n<p>Dans un courriel adress\u00e9 \u00e0 l&rsquo;AFP le 18 mars 2025, une porte-parole du groupe de presse Britannique Reach PLC, qui d\u00e9tient le Hull Daily Mail, a confirm\u00e9 que l&rsquo;image de la Une relay\u00e9e sur les r\u00e9seaux sociaux \u00e9tait un d\u00e9tournement de la premi\u00e8re page r\u00e9ellement publi\u00e9e le 13 mars. \u00ab\u00a0C<em>ette histoire concernant l&rsquo;Ukraine \u00e9tait fausse<\/em>\u00ab\u00a0, a-t-elle ajout\u00e9, en r\u00e9f\u00e9rence \u00e0 la Une d\u00e9tourn\u00e9e.<\/p>\n<p>La source du chiffre cit\u00e9 dans le faux titre \u00e0 propos des pertes militaires \u00e0 Koursk n&rsquo;a pas \u00e9t\u00e9 identifi\u00e9e, aucun des bellig\u00e9rants <a href=\"https:\/\/factuel.afp.com\/doc.afp.com.36YB9BZ\" target=\"_blank\" rel=\"evidence nofollow noopener\" shape=\"rect\">n&rsquo;ayant fourni de bilan v\u00e9rifiable<\/a>.<\/p>\n<p>En f\u00e9vrier 2025, Volodymyr Zelensky a d\u00e9clar\u00e9 \u00e0 la cha\u00eene am\u00e9ricaine NBC que plus de 46.000 de soldats ukrainiens avaient \u00e9t\u00e9 tu\u00e9s depuis le d\u00e9but de l&rsquo;invasion russe en 2022. De son c\u00f4t\u00e9, la Russie n&rsquo;a pas communiqu\u00e9 sur ses pertes depuis l&rsquo;automne 2022, lorsqu&rsquo;elle avait reconnu moins de 6.000 soldats tu\u00e9s.<\/p>\n<p>La mention des \u00ab\u00a0<em>70.000 soldats ukrainiens<\/em>\u00a0\u00bb a n\u00e9anmoins \u00e9t\u00e9 reprise en ligne, notamment par le site\u00a0<a href=\"https:\/\/perma.cc\/P5L9-MXDT\" target=\"_blank\" rel=\"appearance frozen nofollow noopener\" shape=\"rect\">News Pradva<\/a>\u00a0qui, selon <a href=\"https:\/\/www.sgdsn.gouv.fr\/notre-organisation\/composantes\/service-de-vigilance-et-protection-contre-les-ingerences-numeriques\" target=\"_blank\" rel=\"evidence nofollow noopener\" shape=\"rect\">Viginum<\/a>, l&rsquo;organisme fran\u00e7ais de lutte contre les ing\u00e9rences num\u00e9riques \u00e9trang\u00e8res, fait partie d&rsquo;un\u00a0<a href=\"https:\/\/www.europe1.fr\/societe\/guerre-en-ukraine-ce-reseau-coordonne-pour-servir-la-propagande-russe-en-europe-et-aux-etats-unis-4230280\" target=\"_blank\" rel=\"evidence nofollow noopener\" shape=\"rect\">r\u00e9seau \u00ab\u00a0<em>structur\u00e9 et coordonn<\/em>\u00e9\u00a0\u00bb<\/a>\u00a0de 193 sites diffusant un discours pro-Kremlin en Europe et aux Etats-Unis (liens archiv\u00e9s <a href=\"https:\/\/perma.cc\/G6S9-4TY5\" target=\"_blank\" rel=\"evidence frozen nofollow noopener\" shape=\"rect\">ici<\/a>\u00a0et <a href=\"https:\/\/perma.cc\/NR5M-X4K8\" target=\"_blank\" rel=\"evidence frozen nofollow noopener\" shape=\"rect\">ici<\/a>).<\/p>\n<p><b>Vaste campagne d&rsquo;influence<\/b><\/p>\n<p>L&rsquo;imitation de m\u00e9dias traditionnels fait partie des nombreux moyens employ\u00e9s dans le cadre de la vaste\u00a0<a href=\"https:\/\/factuel.afp.com\/doc.afp.com.36UR42N\" target=\"_blank\" rel=\"evidence nofollow noopener\" shape=\"rect\">op\u00e9ration d&rsquo;influence prorusse Doppelg\u00e4nger<\/a> qui continue de se d\u00e9ployer sur les r\u00e9seaux sociaux depuis sa r\u00e9v\u00e9lation en 2022 par <a href=\"https:\/\/www.disinfo.eu\/doppelganger\/\" target=\"_blank\" rel=\"evidence nofollow noopener\" shape=\"rect\">EU DisinfoLab<\/a>, une organisation sp\u00e9cialis\u00e9e dans la lutte contre la d\u00e9sinformation (lien archiv\u00e9 <a href=\"https:\/\/web.archive.org\/web\/20250124164149\/https:\/\/www.disinfo.eu\/doppelganger\/\" target=\"_blank\" rel=\"evidence frozen nofollow noopener\" shape=\"rect\">ici<\/a>).<\/p>\n<p>L&rsquo;organisation europ\u00e9enne avait \u00e0 l&rsquo;\u00e9poque mis au jour l&rsquo;existence de plus de 50 faux noms de domaine qualifi\u00e9s de sites \u00ab\u00a0<em>doubles<\/em>\u00a0\u00bb (\u00ab\u00a0<em>doppelganger\u00a0\u00bb<\/em>) et destin\u00e9s \u00e0 imiter les m\u00e9dias occidentaux, comme expliqu\u00e9 dans <a href=\"https:\/\/factuel.afp.com\/doc.afp.com.33J829J\" target=\"_blank\" rel=\"evidence nofollow noopener\" shape=\"rect\">cet article<\/a> de l&rsquo;AFP Factuel.<\/p>\n<p>Plus r\u00e9cemment, des organisations sp\u00e9cialis\u00e9es dans l&rsquo;analyse des manipulations en ligne (Check First, Reset Tech et AI Forensics) ont publi\u00e9 <a href=\"https:\/\/checkfirst.network\/influence-by-design-how-meta-accepted-russian-propaganda-payments-despite-sanctions\/\" target=\"_blank\" rel=\"evidence nofollow noopener\" shape=\"rect\">un rapport<\/a> sur \u00ab\u00a0<em>la mani\u00e8re dont l&rsquo;infrastructure publicitaire de Meta a \u00e9t\u00e9 utilis\u00e9e pour diffuser plus de 8 000 publicit\u00e9s politiques align\u00e9es sur les int\u00e9r\u00eats russes<\/em>\u00a0\u00bb (lien archiv\u00e9 <a href=\"https:\/\/web.archive.org\/web\/20250127110507\/https:\/\/checkfirst.network\/influence-by-design-how-meta-accepted-russian-propaganda-payments-despite-sanctions\/\" target=\"_blank\" rel=\"evidence frozen nofollow noopener\" shape=\"rect\">ici<\/a>). Un ciblage publicitaire qui a\u00a0 permis \u00e0 Meta de r\u00e9colter, entre ao\u00fbt 2023 et novembre 2024, plus de 338.000 dollars selon le m\u00eame rapport.<\/p>\n<p>Tous les articles de l&rsquo;AFP Factuel li\u00e9s \u00e0 la d\u00e9sinformation sur la guerre en Ukraine sont accessibles <a href=\"https:\/\/factuel.afp.com\/list\/Guerre-en-Ukraine\" target=\"_blank\" rel=\"evidence nofollow noopener\" shape=\"rect\">ici<\/a>.<\/p>\n","protected":false},"excerpt":{"rendered":"<p>\u00ab\u00a0Zelensky continue de nier l&rsquo;\u00e9chec de l&rsquo;offensive \u00e0 Koursk\u00a0\u00bb : c&rsquo;est le titre de ce qui a l&rsquo;air d&rsquo;\u00eatre la Une du quotidien La Croix dat\u00e9e du jeudi 13 mars 2025. Le sous-titre \u00e9voque la pr\u00e9tendue fureur des \u00ab\u00a0alli\u00e9s de l&rsquo;Ukraine\u00a0\u00bb \u00e0 propos des \u00ab\u00a0centaines de millions d&rsquo;euros\u00a0\u00bb qui auraient \u00e9t\u00e9 d\u00e9pens\u00e9s \u00ab\u00a0pour une op\u00e9ration rat\u00e9e sur le territoire russe\u00a0\u00bb.<\/p>\n","protected":false},"author":1,"featured_media":392257,"comment_status":"closed","ping_status":"closed","sticky":false,"template":"","format":"standard","meta":{"_acf_changed":false,"footnotes":""},"categories":[452,125,132,138,389,214],"tags":[],"class_list":{"0":"post-392282","1":"post","2":"type-post","3":"status-publish","4":"format-standard","5":"has-post-thumbnail","7":"category-editors-choice-fr","8":"category-fact-check-fr","9":"category-politique","10":"category-societe","11":"category-technologie-fact-check-fr-2","12":"category-ukraine-fr"},"acf":{"show_metatags":true,"id":"http:\/\/doc.afp.com\/379N2NP","authors":"Meissa GUEYE \/ Bill  MCCARTHY \/ AFP Etats-Unis \/ AFP France","organization":"AFP","featured_image_copyright":"","text_copyright":"\u00a9 AGENCE FRANCE-PRESSE | 2024 | Tous droits r\u00e9serv\u00e9s. L\u2019acc\u00e8s aux contenus de l'AFP publi\u00e9s sur ce site et, le cas \u00e9ch\u00e9ant, leur utilisation sont soumis aux conditions g\u00e9n\u00e9rales d'utilisation disponibles sur <a href='https:\/\/www.afp.com\/fr\/cgu' target='_blank'>CGU<\/a>. Par cons\u00e9quent, en acc\u00e9dant aux contenus de l\u2019AFP publi\u00e9s sur ce site, et en les utilisant, le cas \u00e9ch\u00e9ant, vous acceptez d'\u00eatre li\u00e9 par les conditions g\u00e9n\u00e9rales d'utilisation susmentionn\u00e9es. L\u2019utilisation de contenus de l'AFP se fait sous votre seule et enti\u00e8re responsabilit\u00e9.","source":"https:\/\/factuel.afp.com\/doc.afp.com.379N2NP","fact_checker":"https:\/\/belux.wpengine.com\/wp-content\/uploads\/2021\/12\/afp_logo.png","share_this_post_to_edmo_website":false,"affiliation":"ADMO","type":"\u00c9v\u00e9nement ferm\u00e9","location":"","start_date":"","start_date_event_begins_at":"","start_date_event_ends_at":"","end_date":"","end_date_event_begins_at":"","end_date_event_ends_at":"","organizer":"","fact_checker_logo_image":false},"yoast_head":"<!-- This site is optimized with the Yoast SEO plugin v27.0 - https:\/\/yoast.com\/product\/yoast-seo-wordpress\/ -->\n<title>Attention aux fausses unes de vrais journaux relayant des narratifs pro-russes - EDMO Belux<\/title>\n<meta name=\"robots\" content=\"index, follow, max-snippet:-1, max-image-preview:large, max-video-preview:-1\" \/>\n<link rel=\"canonical\" href=\"https:\/\/belux.edmo.eu\/fr\/attention-aux-fausses-unes-de-vrais-journaux-relayant-des-narratifs-pro-russes\/\" \/>\n<meta property=\"og:locale\" content=\"fr_FR\" \/>\n<meta property=\"og:type\" content=\"article\" \/>\n<meta property=\"og:title\" content=\"Attention aux fausses unes de vrais journaux relayant des narratifs pro-russes - EDMO Belux\" \/>\n<meta property=\"og:description\" content=\"&quot;Zelensky continue de nier l&#039;\u00e9chec de l&#039;offensive \u00e0 Koursk&quot; : c&#039;est le titre de ce qui a l&#039;air d&#039;\u00eatre la Une du quotidien La Croix dat\u00e9e du jeudi 13 mars 2025. Le sous-titre \u00e9voque la pr\u00e9tendue fureur des &quot;alli\u00e9s de l&#039;Ukraine&quot; \u00e0 propos des &quot;centaines de millions d&#039;euros&quot; qui auraient \u00e9t\u00e9 d\u00e9pens\u00e9s &quot;pour une op\u00e9ration rat\u00e9e sur le territoire russe&quot;.\" \/>\n<meta property=\"og:url\" content=\"https:\/\/belux.edmo.eu\/fr\/attention-aux-fausses-unes-de-vrais-journaux-relayant-des-narratifs-pro-russes\/\" \/>\n<meta property=\"og:site_name\" content=\"EDMO Belux\" \/>\n<meta property=\"article:published_time\" content=\"2025-03-24T12:01:13+00:00\" \/>\n<meta property=\"article:modified_time\" content=\"2025-03-24T12:27:56+00:00\" \/>\n<meta property=\"og:image\" content=\"https:\/\/belux-edmo.s3-accelerate.amazonaws.com\/wp-content\/uploads\/2025\/03\/b6fd89d5788b7b7540bd04da95f3b33e30769749-ipad.jpg\" \/>\n\t<meta property=\"og:image:width\" content=\"1080\" \/>\n\t<meta property=\"og:image:height\" content=\"540\" \/>\n\t<meta property=\"og:image:type\" content=\"image\/jpeg\" \/>\n<meta name=\"author\" content=\"master\" \/>\n<meta name=\"twitter:card\" content=\"summary_large_image\" \/>\n<meta name=\"twitter:creator\" content=\"@Edmo_Belux\" \/>\n<meta name=\"twitter:site\" content=\"@Edmo_Belux\" \/>\n<meta name=\"twitter:label1\" content=\"\u00c9crit par\" \/>\n\t<meta name=\"twitter:data1\" content=\"master\" \/>\n\t<meta name=\"twitter:label2\" content=\"Dur\u00e9e de lecture estim\u00e9e\" \/>\n\t<meta name=\"twitter:data2\" content=\"7 minutes\" \/>\n<script type=\"application\/ld+json\" class=\"yoast-schema-graph\">{\"@context\":\"https:\/\/schema.org\",\"@graph\":[{\"@type\":\"Article\",\"@id\":\"https:\/\/belux.edmo.eu\/fr\/attention-aux-fausses-unes-de-vrais-journaux-relayant-des-narratifs-pro-russes\/#article\",\"isPartOf\":{\"@id\":\"https:\/\/belux.edmo.eu\/fr\/attention-aux-fausses-unes-de-vrais-journaux-relayant-des-narratifs-pro-russes\/\"},\"author\":{\"name\":\"master\",\"@id\":\"https:\/\/belux.edmo.eu\/#\/schema\/person\/dbe3b252258537fd318f9b5645a30342\"},\"headline\":\"Attention aux fausses unes de vrais journaux relayant des narratifs pro-russes\",\"datePublished\":\"2025-03-24T12:01:13+00:00\",\"dateModified\":\"2025-03-24T12:27:56+00:00\",\"mainEntityOfPage\":{\"@id\":\"https:\/\/belux.edmo.eu\/fr\/attention-aux-fausses-unes-de-vrais-journaux-relayant-des-narratifs-pro-russes\/\"},\"wordCount\":1409,\"publisher\":{\"@id\":\"https:\/\/belux.edmo.eu\/#organization\"},\"image\":{\"@id\":\"https:\/\/belux.edmo.eu\/fr\/attention-aux-fausses-unes-de-vrais-journaux-relayant-des-narratifs-pro-russes\/#primaryimage\"},\"thumbnailUrl\":\"https:\/\/belux-edmo.s3-accelerate.amazonaws.com\/wp-content\/uploads\/2025\/03\/b6fd89d5788b7b7540bd04da95f3b33e30769749-ipad.jpg\",\"articleSection\":[\"Editor's Choice Slider FR\",\"Fact-Check\",\"Politique\",\"Societe\",\"Technologie\",\"Ukraine\"],\"inLanguage\":\"fr-FR\"},{\"@type\":\"WebPage\",\"@id\":\"https:\/\/belux.edmo.eu\/fr\/attention-aux-fausses-unes-de-vrais-journaux-relayant-des-narratifs-pro-russes\/\",\"url\":\"https:\/\/belux.edmo.eu\/fr\/attention-aux-fausses-unes-de-vrais-journaux-relayant-des-narratifs-pro-russes\/\",\"name\":\"Attention aux fausses unes de vrais journaux relayant des narratifs pro-russes - EDMO Belux\",\"isPartOf\":{\"@id\":\"https:\/\/belux.edmo.eu\/#website\"},\"primaryImageOfPage\":{\"@id\":\"https:\/\/belux.edmo.eu\/fr\/attention-aux-fausses-unes-de-vrais-journaux-relayant-des-narratifs-pro-russes\/#primaryimage\"},\"image\":{\"@id\":\"https:\/\/belux.edmo.eu\/fr\/attention-aux-fausses-unes-de-vrais-journaux-relayant-des-narratifs-pro-russes\/#primaryimage\"},\"thumbnailUrl\":\"https:\/\/belux-edmo.s3-accelerate.amazonaws.com\/wp-content\/uploads\/2025\/03\/b6fd89d5788b7b7540bd04da95f3b33e30769749-ipad.jpg\",\"datePublished\":\"2025-03-24T12:01:13+00:00\",\"dateModified\":\"2025-03-24T12:27:56+00:00\",\"breadcrumb\":{\"@id\":\"https:\/\/belux.edmo.eu\/fr\/attention-aux-fausses-unes-de-vrais-journaux-relayant-des-narratifs-pro-russes\/#breadcrumb\"},\"inLanguage\":\"fr-FR\",\"potentialAction\":[{\"@type\":\"ReadAction\",\"target\":[\"https:\/\/belux.edmo.eu\/fr\/attention-aux-fausses-unes-de-vrais-journaux-relayant-des-narratifs-pro-russes\/\"]}]},{\"@type\":\"ImageObject\",\"inLanguage\":\"fr-FR\",\"@id\":\"https:\/\/belux.edmo.eu\/fr\/attention-aux-fausses-unes-de-vrais-journaux-relayant-des-narratifs-pro-russes\/#primaryimage\",\"url\":\"https:\/\/belux-edmo.s3-accelerate.amazonaws.com\/wp-content\/uploads\/2025\/03\/b6fd89d5788b7b7540bd04da95f3b33e30769749-ipad.jpg\",\"contentUrl\":\"https:\/\/belux-edmo.s3-accelerate.amazonaws.com\/wp-content\/uploads\/2025\/03\/b6fd89d5788b7b7540bd04da95f3b33e30769749-ipad.jpg\",\"width\":1080,\"height\":540,\"caption\":\"Attention aux fausses unes de vrais journaux relayant des narratifs pro-russes - Featured image\"},{\"@type\":\"BreadcrumbList\",\"@id\":\"https:\/\/belux.edmo.eu\/fr\/attention-aux-fausses-unes-de-vrais-journaux-relayant-des-narratifs-pro-russes\/#breadcrumb\",\"itemListElement\":[{\"@type\":\"ListItem\",\"position\":1,\"name\":\"Home\",\"item\":\"https:\/\/belux.edmo.eu\/fr\/\"},{\"@type\":\"ListItem\",\"position\":2,\"name\":\"Attention aux fausses unes de vrais journaux relayant des narratifs pro-russes\"}]},{\"@type\":\"WebSite\",\"@id\":\"https:\/\/belux.edmo.eu\/#website\",\"url\":\"https:\/\/belux.edmo.eu\/\",\"name\":\"EDMO Belux\",\"description\":\"Monitoring Disinformation in Belgium and Luxembourg\",\"publisher\":{\"@id\":\"https:\/\/belux.edmo.eu\/#organization\"},\"potentialAction\":[{\"@type\":\"SearchAction\",\"target\":{\"@type\":\"EntryPoint\",\"urlTemplate\":\"https:\/\/belux.edmo.eu\/?s={search_term_string}\"},\"query-input\":{\"@type\":\"PropertyValueSpecification\",\"valueRequired\":true,\"valueName\":\"search_term_string\"}}],\"inLanguage\":\"fr-FR\"},{\"@type\":\"Organization\",\"@id\":\"https:\/\/belux.edmo.eu\/#organization\",\"name\":\"EDMO Belux\",\"url\":\"https:\/\/belux.edmo.eu\/\",\"logo\":{\"@type\":\"ImageObject\",\"inLanguage\":\"fr-FR\",\"@id\":\"https:\/\/belux.edmo.eu\/#\/schema\/logo\/image\/\",\"url\":\"https:\/\/belux.edmo.eu\/wp-content\/uploads\/2021\/12\/belux-logo-full-color-rgb.svg\",\"contentUrl\":\"https:\/\/belux.edmo.eu\/wp-content\/uploads\/2021\/12\/belux-logo-full-color-rgb.svg\",\"width\":1,\"height\":1,\"caption\":\"EDMO Belux\"},\"image\":{\"@id\":\"https:\/\/belux.edmo.eu\/#\/schema\/logo\/image\/\"},\"sameAs\":[\"https:\/\/x.com\/Edmo_Belux\"]},{\"@type\":\"Person\",\"@id\":\"https:\/\/belux.edmo.eu\/#\/schema\/person\/dbe3b252258537fd318f9b5645a30342\",\"name\":\"master\",\"sameAs\":[\"https:\/\/belux.wpengine.com\"],\"url\":\"https:\/\/belux.edmo.eu\/fr\/author\/master\/\"}]}<\/script>\n<!-- \/ Yoast SEO plugin. -->","yoast_head_json":{"title":"Attention aux fausses unes de vrais journaux relayant des narratifs pro-russes - EDMO Belux","robots":{"index":"index","follow":"follow","max-snippet":"max-snippet:-1","max-image-preview":"max-image-preview:large","max-video-preview":"max-video-preview:-1"},"canonical":"https:\/\/belux.edmo.eu\/fr\/attention-aux-fausses-unes-de-vrais-journaux-relayant-des-narratifs-pro-russes\/","og_locale":"fr_FR","og_type":"article","og_title":"Attention aux fausses unes de vrais journaux relayant des narratifs pro-russes - EDMO Belux","og_description":"\"Zelensky continue de nier l'\u00e9chec de l'offensive \u00e0 Koursk\" : c'est le titre de ce qui a l'air d'\u00eatre la Une du quotidien La Croix dat\u00e9e du jeudi 13 mars 2025. Le sous-titre \u00e9voque la pr\u00e9tendue fureur des \"alli\u00e9s de l'Ukraine\" \u00e0 propos des \"centaines de millions d'euros\" qui auraient \u00e9t\u00e9 d\u00e9pens\u00e9s \"pour une op\u00e9ration rat\u00e9e sur le territoire russe\".","og_url":"https:\/\/belux.edmo.eu\/fr\/attention-aux-fausses-unes-de-vrais-journaux-relayant-des-narratifs-pro-russes\/","og_site_name":"EDMO Belux","article_published_time":"2025-03-24T12:01:13+00:00","article_modified_time":"2025-03-24T12:27:56+00:00","og_image":[{"width":1080,"height":540,"url":"https:\/\/belux-edmo.s3-accelerate.amazonaws.com\/wp-content\/uploads\/2025\/03\/b6fd89d5788b7b7540bd04da95f3b33e30769749-ipad.jpg","type":"image\/jpeg"}],"author":"master","twitter_card":"summary_large_image","twitter_creator":"@Edmo_Belux","twitter_site":"@Edmo_Belux","twitter_misc":{"\u00c9crit par":"master","Dur\u00e9e de lecture estim\u00e9e":"7 minutes"},"schema":{"@context":"https:\/\/schema.org","@graph":[{"@type":"Article","@id":"https:\/\/belux.edmo.eu\/fr\/attention-aux-fausses-unes-de-vrais-journaux-relayant-des-narratifs-pro-russes\/#article","isPartOf":{"@id":"https:\/\/belux.edmo.eu\/fr\/attention-aux-fausses-unes-de-vrais-journaux-relayant-des-narratifs-pro-russes\/"},"author":{"name":"master","@id":"https:\/\/belux.edmo.eu\/#\/schema\/person\/dbe3b252258537fd318f9b5645a30342"},"headline":"Attention aux fausses unes de vrais journaux relayant des narratifs pro-russes","datePublished":"2025-03-24T12:01:13+00:00","dateModified":"2025-03-24T12:27:56+00:00","mainEntityOfPage":{"@id":"https:\/\/belux.edmo.eu\/fr\/attention-aux-fausses-unes-de-vrais-journaux-relayant-des-narratifs-pro-russes\/"},"wordCount":1409,"publisher":{"@id":"https:\/\/belux.edmo.eu\/#organization"},"image":{"@id":"https:\/\/belux.edmo.eu\/fr\/attention-aux-fausses-unes-de-vrais-journaux-relayant-des-narratifs-pro-russes\/#primaryimage"},"thumbnailUrl":"https:\/\/belux-edmo.s3-accelerate.amazonaws.com\/wp-content\/uploads\/2025\/03\/b6fd89d5788b7b7540bd04da95f3b33e30769749-ipad.jpg","articleSection":["Editor's Choice Slider FR","Fact-Check","Politique","Societe","Technologie","Ukraine"],"inLanguage":"fr-FR"},{"@type":"WebPage","@id":"https:\/\/belux.edmo.eu\/fr\/attention-aux-fausses-unes-de-vrais-journaux-relayant-des-narratifs-pro-russes\/","url":"https:\/\/belux.edmo.eu\/fr\/attention-aux-fausses-unes-de-vrais-journaux-relayant-des-narratifs-pro-russes\/","name":"Attention aux fausses unes de vrais journaux relayant des narratifs pro-russes - EDMO Belux","isPartOf":{"@id":"https:\/\/belux.edmo.eu\/#website"},"primaryImageOfPage":{"@id":"https:\/\/belux.edmo.eu\/fr\/attention-aux-fausses-unes-de-vrais-journaux-relayant-des-narratifs-pro-russes\/#primaryimage"},"image":{"@id":"https:\/\/belux.edmo.eu\/fr\/attention-aux-fausses-unes-de-vrais-journaux-relayant-des-narratifs-pro-russes\/#primaryimage"},"thumbnailUrl":"https:\/\/belux-edmo.s3-accelerate.amazonaws.com\/wp-content\/uploads\/2025\/03\/b6fd89d5788b7b7540bd04da95f3b33e30769749-ipad.jpg","datePublished":"2025-03-24T12:01:13+00:00","dateModified":"2025-03-24T12:27:56+00:00","breadcrumb":{"@id":"https:\/\/belux.edmo.eu\/fr\/attention-aux-fausses-unes-de-vrais-journaux-relayant-des-narratifs-pro-russes\/#breadcrumb"},"inLanguage":"fr-FR","potentialAction":[{"@type":"ReadAction","target":["https:\/\/belux.edmo.eu\/fr\/attention-aux-fausses-unes-de-vrais-journaux-relayant-des-narratifs-pro-russes\/"]}]},{"@type":"ImageObject","inLanguage":"fr-FR","@id":"https:\/\/belux.edmo.eu\/fr\/attention-aux-fausses-unes-de-vrais-journaux-relayant-des-narratifs-pro-russes\/#primaryimage","url":"https:\/\/belux-edmo.s3-accelerate.amazonaws.com\/wp-content\/uploads\/2025\/03\/b6fd89d5788b7b7540bd04da95f3b33e30769749-ipad.jpg","contentUrl":"https:\/\/belux-edmo.s3-accelerate.amazonaws.com\/wp-content\/uploads\/2025\/03\/b6fd89d5788b7b7540bd04da95f3b33e30769749-ipad.jpg","width":1080,"height":540,"caption":"Attention aux fausses unes de vrais journaux relayant des narratifs pro-russes - Featured image"},{"@type":"BreadcrumbList","@id":"https:\/\/belux.edmo.eu\/fr\/attention-aux-fausses-unes-de-vrais-journaux-relayant-des-narratifs-pro-russes\/#breadcrumb","itemListElement":[{"@type":"ListItem","position":1,"name":"Home","item":"https:\/\/belux.edmo.eu\/fr\/"},{"@type":"ListItem","position":2,"name":"Attention aux fausses unes de vrais journaux relayant des narratifs pro-russes"}]},{"@type":"WebSite","@id":"https:\/\/belux.edmo.eu\/#website","url":"https:\/\/belux.edmo.eu\/","name":"EDMO Belux","description":"Monitoring Disinformation in Belgium and Luxembourg","publisher":{"@id":"https:\/\/belux.edmo.eu\/#organization"},"potentialAction":[{"@type":"SearchAction","target":{"@type":"EntryPoint","urlTemplate":"https:\/\/belux.edmo.eu\/?s={search_term_string}"},"query-input":{"@type":"PropertyValueSpecification","valueRequired":true,"valueName":"search_term_string"}}],"inLanguage":"fr-FR"},{"@type":"Organization","@id":"https:\/\/belux.edmo.eu\/#organization","name":"EDMO Belux","url":"https:\/\/belux.edmo.eu\/","logo":{"@type":"ImageObject","inLanguage":"fr-FR","@id":"https:\/\/belux.edmo.eu\/#\/schema\/logo\/image\/","url":"https:\/\/belux.edmo.eu\/wp-content\/uploads\/2021\/12\/belux-logo-full-color-rgb.svg","contentUrl":"https:\/\/belux.edmo.eu\/wp-content\/uploads\/2021\/12\/belux-logo-full-color-rgb.svg","width":1,"height":1,"caption":"EDMO Belux"},"image":{"@id":"https:\/\/belux.edmo.eu\/#\/schema\/logo\/image\/"},"sameAs":["https:\/\/x.com\/Edmo_Belux"]},{"@type":"Person","@id":"https:\/\/belux.edmo.eu\/#\/schema\/person\/dbe3b252258537fd318f9b5645a30342","name":"master","sameAs":["https:\/\/belux.wpengine.com"],"url":"https:\/\/belux.edmo.eu\/fr\/author\/master\/"}]}},"menu_order":0,"_links":{"self":[{"href":"https:\/\/belux.edmo.eu\/fr\/wp-json\/wp\/v2\/posts\/392282","targetHints":{"allow":["GET"]}}],"collection":[{"href":"https:\/\/belux.edmo.eu\/fr\/wp-json\/wp\/v2\/posts"}],"about":[{"href":"https:\/\/belux.edmo.eu\/fr\/wp-json\/wp\/v2\/types\/post"}],"author":[{"embeddable":true,"href":"https:\/\/belux.edmo.eu\/fr\/wp-json\/wp\/v2\/users\/1"}],"replies":[{"embeddable":true,"href":"https:\/\/belux.edmo.eu\/fr\/wp-json\/wp\/v2\/comments?post=392282"}],"version-history":[{"count":0,"href":"https:\/\/belux.edmo.eu\/fr\/wp-json\/wp\/v2\/posts\/392282\/revisions"}],"wp:featuredmedia":[{"embeddable":true,"href":"https:\/\/belux.edmo.eu\/fr\/wp-json\/wp\/v2\/media\/392257"}],"wp:attachment":[{"href":"https:\/\/belux.edmo.eu\/fr\/wp-json\/wp\/v2\/media?parent=392282"}],"wp:term":[{"taxonomy":"category","embeddable":true,"href":"https:\/\/belux.edmo.eu\/fr\/wp-json\/wp\/v2\/categories?post=392282"},{"taxonomy":"post_tag","embeddable":true,"href":"https:\/\/belux.edmo.eu\/fr\/wp-json\/wp\/v2\/tags?post=392282"}],"curies":[{"name":"wp","href":"https:\/\/api.w.org\/{rel}","templated":true}]}}