{"id":396173,"date":"2025-05-27T15:29:28","date_gmt":"2025-05-27T15:29:28","guid":{"rendered":"https:\/\/belux.edmo.eu\/what-do-fake-news-look-like-a-critical-analysis-of-awareness-campaigns\/"},"modified":"2025-05-27T15:31:18","modified_gmt":"2025-05-27T15:31:18","slug":"what-do-fake-news-look-like-a-critical-analysis-of-awareness-campaigns","status":"publish","type":"post","link":"https:\/\/belux.edmo.eu\/fr\/what-do-fake-news-look-like-a-critical-analysis-of-awareness-campaigns\/","title":{"rendered":"Quels visuels pour repr\u00e9senter les fake news ? Une analyse critique des campagnes de sensibilisation"},"content":{"rendered":"<div class=\"wpb-content-wrapper\"><p>[vc_row][vc_column][vc_column_text css=\u00a0\u00bb\u00a0\u00bb]Dans le cadre du projet <strong>EDMO BELUX 2.0<\/strong>, M\u00e9dia Animation s\u2019est pench\u00e9 sur un angle encore peu explor\u00e9 de la lutte contre la d\u00e9sinformation : la mani\u00e8re dont elle est repr\u00e9sent\u00e9e visuellement dans les campagnes de sensibilisation.<\/p>\n<p>\u00c0 travers une analyse de nombreuses initiatives institutionnelles, journalistiques ou associatives, l\u2019article \u00ab <em>Dessine-moi les fake news<\/em> \u00bb d\u00e9crypte les images, slogans et m\u00e9taphores mobilis\u00e9s pour alerter le public. Qu\u2019il s\u2019agisse de figures de l\u2019enqu\u00eateur, de jeux de mots visuels entre \u00ab fake \u00bb et \u00ab fact \u00bb, ou encore de m\u00e9taphores de brouillard ou de jungle, chaque choix iconographique r\u00e9v\u00e8le une certaine vision du probl\u00e8me\u2026 mais aussi ses limites.<\/p>\n<p>Quels messages ces visuels v\u00e9hiculent-ils r\u00e9ellement ? Quels publics ciblent-ils ? Et surtout, quelles dimensions de la d\u00e9sinformation restent dans l\u2019ombre ? L\u2019analyse invite \u00e0 un regard critique sur les choix de communication, \u00e0 la fois dans ce qu\u2019ils donnent \u00e0 voir\u2026 et dans ce qu\u2019ils taisent.<\/p>\n<p><strong>Lire l\u2019analyse compl\u00e8te sur le site de M\u00e9dia Animation : <\/strong><a href=\"https:\/\/media-animation.be\/Dessine-moi-les-fake-news-quels-visuels-pour-lutter-contre-la-desinformation\" target=\"_blank\" rel=\"noopener\">https:\/\/media-animation.be\/Dessine-moi-les-fake-news-quels-visuels-pour-lutter-contre-la-desinformation<\/a>[\/vc_column_text][\/vc_column][\/vc_row]<\/p>\n<\/div>","protected":false},"excerpt":{"rendered":"<p>Dans le cadre du projet EDMO BELUX 2.0, M\u00e9dia Animation s\u2019est pench\u00e9 sur un angle encore peu explor\u00e9 de la lutte contre la d\u00e9sinformation : la mani\u00e8re dont elle est repr\u00e9sent\u00e9e visuellement dans les campagnes de sensibilisation.<\/p>\n","protected":false},"author":14,"featured_media":396176,"comment_status":"closed","ping_status":"closed","sticky":false,"template":"","format":"standard","meta":{"_acf_changed":false,"footnotes":""},"categories":[377],"tags":[636],"class_list":{"0":"post-396173","1":"post","2":"type-post","3":"status-publish","4":"format-standard","5":"has-post-thumbnail","7":"category-apercus-sur-leducation-aux-medias","8":"tag-ml-featured-fr"},"acf":{"share_this_post_to_edmo_website":false,"affiliation":"ADMO","type":"\u00c9v\u00e9nement ferm\u00e9","location":"","start_date":"","start_date_event_begins_at":"","start_date_event_ends_at":"","end_date":"","end_date_event_begins_at":"","end_date_event_ends_at":"","organizer":"","show_metatags":false,"id":"","authors":"","organization":"","featured_image_copyright":"","text_copyright":"","source":"","fact_checker":"https:\/\/belux.wpengine.com\/wp-content\/uploads\/2021\/12\/afp_logo.png","fact_checker_logo_image":false},"yoast_head":"<!-- This site is optimized with the Yoast SEO plugin v27.0 - https:\/\/yoast.com\/product\/yoast-seo-wordpress\/ -->\n<title>Quels visuels pour repr\u00e9senter les fake news ? Une analyse critique des campagnes de sensibilisation - EDMO Belux<\/title>\n<meta name=\"robots\" content=\"index, follow, max-snippet:-1, max-image-preview:large, max-video-preview:-1\" \/>\n<link rel=\"canonical\" href=\"https:\/\/belux.edmo.eu\/fr\/what-do-fake-news-look-like-a-critical-analysis-of-awareness-campaigns\/\" \/>\n<meta property=\"og:locale\" content=\"fr_FR\" \/>\n<meta property=\"og:type\" content=\"article\" \/>\n<meta property=\"og:title\" content=\"Quels visuels pour repr\u00e9senter les fake news ? Une analyse critique des campagnes de sensibilisation - EDMO Belux\" \/>\n<meta property=\"og:description\" content=\"Dans le cadre du projet EDMO BELUX 2.0, M\u00e9dia Animation s\u2019est pench\u00e9 sur un angle encore peu explor\u00e9 de la lutte contre la d\u00e9sinformation : la mani\u00e8re dont elle est repr\u00e9sent\u00e9e visuellement dans les campagnes de sensibilisation.\" \/>\n<meta property=\"og:url\" content=\"https:\/\/belux.edmo.eu\/fr\/what-do-fake-news-look-like-a-critical-analysis-of-awareness-campaigns\/\" \/>\n<meta property=\"og:site_name\" content=\"EDMO Belux\" \/>\n<meta property=\"article:published_time\" content=\"2025-05-27T15:29:28+00:00\" \/>\n<meta property=\"article:modified_time\" content=\"2025-05-27T15:31:18+00:00\" \/>\n<meta property=\"og:image\" content=\"https:\/\/belux-edmo.s3-accelerate.amazonaws.com\/wp-content\/uploads\/2025\/05\/r47yDqKR-pexels-joshuamiranda-3989901.jpg\" \/>\n\t<meta property=\"og:image:width\" content=\"6000\" \/>\n\t<meta property=\"og:image:height\" content=\"4000\" \/>\n\t<meta property=\"og:image:type\" content=\"image\/jpeg\" \/>\n<meta name=\"author\" content=\"Panagiotis Ntatzis\" \/>\n<meta name=\"twitter:card\" content=\"summary_large_image\" \/>\n<meta name=\"twitter:creator\" content=\"@Edmo_Belux\" \/>\n<meta name=\"twitter:site\" content=\"@Edmo_Belux\" \/>\n<meta name=\"twitter:label1\" content=\"\u00c9crit par\" \/>\n\t<meta name=\"twitter:data1\" content=\"Panagiotis Ntatzis\" \/>\n\t<meta name=\"twitter:label2\" content=\"Dur\u00e9e de lecture estim\u00e9e\" \/>\n\t<meta name=\"twitter:data2\" content=\"1 minute\" \/>\n<script type=\"application\/ld+json\" class=\"yoast-schema-graph\">{\"@context\":\"https:\/\/schema.org\",\"@graph\":[{\"@type\":\"Article\",\"@id\":\"https:\/\/belux.edmo.eu\/fr\/what-do-fake-news-look-like-a-critical-analysis-of-awareness-campaigns\/#article\",\"isPartOf\":{\"@id\":\"https:\/\/belux.edmo.eu\/fr\/what-do-fake-news-look-like-a-critical-analysis-of-awareness-campaigns\/\"},\"author\":{\"name\":\"Panagiotis Ntatzis\",\"@id\":\"https:\/\/belux.edmo.eu\/#\/schema\/person\/68d8de82b536bab3214628ccabe4d14d\"},\"headline\":\"Quels visuels pour repr\u00e9senter les fake news ? Une analyse critique des campagnes de sensibilisation\",\"datePublished\":\"2025-05-27T15:29:28+00:00\",\"dateModified\":\"2025-05-27T15:31:18+00:00\",\"mainEntityOfPage\":{\"@id\":\"https:\/\/belux.edmo.eu\/fr\/what-do-fake-news-look-like-a-critical-analysis-of-awareness-campaigns\/\"},\"wordCount\":210,\"publisher\":{\"@id\":\"https:\/\/belux.edmo.eu\/#organization\"},\"image\":{\"@id\":\"https:\/\/belux.edmo.eu\/fr\/what-do-fake-news-look-like-a-critical-analysis-of-awareness-campaigns\/#primaryimage\"},\"thumbnailUrl\":\"https:\/\/belux-edmo.s3-accelerate.amazonaws.com\/wp-content\/uploads\/2025\/05\/r47yDqKR-pexels-joshuamiranda-3989901.jpg\",\"keywords\":[\"ML Featured\"],\"articleSection\":[\"Aper\u00e7us sur l&#039;\u00e9ducation aux m\u00e9dias\"],\"inLanguage\":\"fr-FR\"},{\"@type\":\"WebPage\",\"@id\":\"https:\/\/belux.edmo.eu\/fr\/what-do-fake-news-look-like-a-critical-analysis-of-awareness-campaigns\/\",\"url\":\"https:\/\/belux.edmo.eu\/fr\/what-do-fake-news-look-like-a-critical-analysis-of-awareness-campaigns\/\",\"name\":\"Quels visuels pour repr\u00e9senter les fake news ? Une analyse critique des campagnes de sensibilisation - EDMO Belux\",\"isPartOf\":{\"@id\":\"https:\/\/belux.edmo.eu\/#website\"},\"primaryImageOfPage\":{\"@id\":\"https:\/\/belux.edmo.eu\/fr\/what-do-fake-news-look-like-a-critical-analysis-of-awareness-campaigns\/#primaryimage\"},\"image\":{\"@id\":\"https:\/\/belux.edmo.eu\/fr\/what-do-fake-news-look-like-a-critical-analysis-of-awareness-campaigns\/#primaryimage\"},\"thumbnailUrl\":\"https:\/\/belux-edmo.s3-accelerate.amazonaws.com\/wp-content\/uploads\/2025\/05\/r47yDqKR-pexels-joshuamiranda-3989901.jpg\",\"datePublished\":\"2025-05-27T15:29:28+00:00\",\"dateModified\":\"2025-05-27T15:31:18+00:00\",\"breadcrumb\":{\"@id\":\"https:\/\/belux.edmo.eu\/fr\/what-do-fake-news-look-like-a-critical-analysis-of-awareness-campaigns\/#breadcrumb\"},\"inLanguage\":\"fr-FR\",\"potentialAction\":[{\"@type\":\"ReadAction\",\"target\":[\"https:\/\/belux.edmo.eu\/fr\/what-do-fake-news-look-like-a-critical-analysis-of-awareness-campaigns\/\"]}]},{\"@type\":\"ImageObject\",\"inLanguage\":\"fr-FR\",\"@id\":\"https:\/\/belux.edmo.eu\/fr\/what-do-fake-news-look-like-a-critical-analysis-of-awareness-campaigns\/#primaryimage\",\"url\":\"https:\/\/belux-edmo.s3-accelerate.amazonaws.com\/wp-content\/uploads\/2025\/05\/r47yDqKR-pexels-joshuamiranda-3989901.jpg\",\"contentUrl\":\"https:\/\/belux-edmo.s3-accelerate.amazonaws.com\/wp-content\/uploads\/2025\/05\/r47yDqKR-pexels-joshuamiranda-3989901.jpg\",\"width\":6000,\"height\":4000},{\"@type\":\"BreadcrumbList\",\"@id\":\"https:\/\/belux.edmo.eu\/fr\/what-do-fake-news-look-like-a-critical-analysis-of-awareness-campaigns\/#breadcrumb\",\"itemListElement\":[{\"@type\":\"ListItem\",\"position\":1,\"name\":\"Home\",\"item\":\"https:\/\/belux.edmo.eu\/fr\/\"},{\"@type\":\"ListItem\",\"position\":2,\"name\":\"Quels visuels pour repr\u00e9senter les fake news ? Une analyse critique des campagnes de sensibilisation\"}]},{\"@type\":\"WebSite\",\"@id\":\"https:\/\/belux.edmo.eu\/#website\",\"url\":\"https:\/\/belux.edmo.eu\/\",\"name\":\"EDMO Belux\",\"description\":\"Monitoring Disinformation in Belgium and Luxembourg\",\"publisher\":{\"@id\":\"https:\/\/belux.edmo.eu\/#organization\"},\"potentialAction\":[{\"@type\":\"SearchAction\",\"target\":{\"@type\":\"EntryPoint\",\"urlTemplate\":\"https:\/\/belux.edmo.eu\/?s={search_term_string}\"},\"query-input\":{\"@type\":\"PropertyValueSpecification\",\"valueRequired\":true,\"valueName\":\"search_term_string\"}}],\"inLanguage\":\"fr-FR\"},{\"@type\":\"Organization\",\"@id\":\"https:\/\/belux.edmo.eu\/#organization\",\"name\":\"EDMO Belux\",\"url\":\"https:\/\/belux.edmo.eu\/\",\"logo\":{\"@type\":\"ImageObject\",\"inLanguage\":\"fr-FR\",\"@id\":\"https:\/\/belux.edmo.eu\/#\/schema\/logo\/image\/\",\"url\":\"https:\/\/belux.edmo.eu\/wp-content\/uploads\/2021\/12\/belux-logo-full-color-rgb.svg\",\"contentUrl\":\"https:\/\/belux.edmo.eu\/wp-content\/uploads\/2021\/12\/belux-logo-full-color-rgb.svg\",\"width\":1,\"height\":1,\"caption\":\"EDMO Belux\"},\"image\":{\"@id\":\"https:\/\/belux.edmo.eu\/#\/schema\/logo\/image\/\"},\"sameAs\":[\"https:\/\/x.com\/Edmo_Belux\"]},{\"@type\":\"Person\",\"@id\":\"https:\/\/belux.edmo.eu\/#\/schema\/person\/68d8de82b536bab3214628ccabe4d14d\",\"name\":\"Panagiotis Ntatzis\",\"url\":\"https:\/\/belux.edmo.eu\/fr\/author\/pntatzis\/\"}]}<\/script>\n<!-- \/ Yoast SEO plugin. -->","yoast_head_json":{"title":"Quels visuels pour repr\u00e9senter les fake news ? Une analyse critique des campagnes de sensibilisation - EDMO Belux","robots":{"index":"index","follow":"follow","max-snippet":"max-snippet:-1","max-image-preview":"max-image-preview:large","max-video-preview":"max-video-preview:-1"},"canonical":"https:\/\/belux.edmo.eu\/fr\/what-do-fake-news-look-like-a-critical-analysis-of-awareness-campaigns\/","og_locale":"fr_FR","og_type":"article","og_title":"Quels visuels pour repr\u00e9senter les fake news ? Une analyse critique des campagnes de sensibilisation - EDMO Belux","og_description":"Dans le cadre du projet EDMO BELUX 2.0, M\u00e9dia Animation s\u2019est pench\u00e9 sur un angle encore peu explor\u00e9 de la lutte contre la d\u00e9sinformation : la mani\u00e8re dont elle est repr\u00e9sent\u00e9e visuellement dans les campagnes de sensibilisation.","og_url":"https:\/\/belux.edmo.eu\/fr\/what-do-fake-news-look-like-a-critical-analysis-of-awareness-campaigns\/","og_site_name":"EDMO Belux","article_published_time":"2025-05-27T15:29:28+00:00","article_modified_time":"2025-05-27T15:31:18+00:00","og_image":[{"width":6000,"height":4000,"url":"https:\/\/belux-edmo.s3-accelerate.amazonaws.com\/wp-content\/uploads\/2025\/05\/r47yDqKR-pexels-joshuamiranda-3989901.jpg","type":"image\/jpeg"}],"author":"Panagiotis Ntatzis","twitter_card":"summary_large_image","twitter_creator":"@Edmo_Belux","twitter_site":"@Edmo_Belux","twitter_misc":{"\u00c9crit par":"Panagiotis Ntatzis","Dur\u00e9e de lecture estim\u00e9e":"1 minute"},"schema":{"@context":"https:\/\/schema.org","@graph":[{"@type":"Article","@id":"https:\/\/belux.edmo.eu\/fr\/what-do-fake-news-look-like-a-critical-analysis-of-awareness-campaigns\/#article","isPartOf":{"@id":"https:\/\/belux.edmo.eu\/fr\/what-do-fake-news-look-like-a-critical-analysis-of-awareness-campaigns\/"},"author":{"name":"Panagiotis Ntatzis","@id":"https:\/\/belux.edmo.eu\/#\/schema\/person\/68d8de82b536bab3214628ccabe4d14d"},"headline":"Quels visuels pour repr\u00e9senter les fake news ? Une analyse critique des campagnes de sensibilisation","datePublished":"2025-05-27T15:29:28+00:00","dateModified":"2025-05-27T15:31:18+00:00","mainEntityOfPage":{"@id":"https:\/\/belux.edmo.eu\/fr\/what-do-fake-news-look-like-a-critical-analysis-of-awareness-campaigns\/"},"wordCount":210,"publisher":{"@id":"https:\/\/belux.edmo.eu\/#organization"},"image":{"@id":"https:\/\/belux.edmo.eu\/fr\/what-do-fake-news-look-like-a-critical-analysis-of-awareness-campaigns\/#primaryimage"},"thumbnailUrl":"https:\/\/belux-edmo.s3-accelerate.amazonaws.com\/wp-content\/uploads\/2025\/05\/r47yDqKR-pexels-joshuamiranda-3989901.jpg","keywords":["ML Featured"],"articleSection":["Aper\u00e7us sur l&#039;\u00e9ducation aux m\u00e9dias"],"inLanguage":"fr-FR"},{"@type":"WebPage","@id":"https:\/\/belux.edmo.eu\/fr\/what-do-fake-news-look-like-a-critical-analysis-of-awareness-campaigns\/","url":"https:\/\/belux.edmo.eu\/fr\/what-do-fake-news-look-like-a-critical-analysis-of-awareness-campaigns\/","name":"Quels visuels pour repr\u00e9senter les fake news ? Une analyse critique des campagnes de sensibilisation - EDMO Belux","isPartOf":{"@id":"https:\/\/belux.edmo.eu\/#website"},"primaryImageOfPage":{"@id":"https:\/\/belux.edmo.eu\/fr\/what-do-fake-news-look-like-a-critical-analysis-of-awareness-campaigns\/#primaryimage"},"image":{"@id":"https:\/\/belux.edmo.eu\/fr\/what-do-fake-news-look-like-a-critical-analysis-of-awareness-campaigns\/#primaryimage"},"thumbnailUrl":"https:\/\/belux-edmo.s3-accelerate.amazonaws.com\/wp-content\/uploads\/2025\/05\/r47yDqKR-pexels-joshuamiranda-3989901.jpg","datePublished":"2025-05-27T15:29:28+00:00","dateModified":"2025-05-27T15:31:18+00:00","breadcrumb":{"@id":"https:\/\/belux.edmo.eu\/fr\/what-do-fake-news-look-like-a-critical-analysis-of-awareness-campaigns\/#breadcrumb"},"inLanguage":"fr-FR","potentialAction":[{"@type":"ReadAction","target":["https:\/\/belux.edmo.eu\/fr\/what-do-fake-news-look-like-a-critical-analysis-of-awareness-campaigns\/"]}]},{"@type":"ImageObject","inLanguage":"fr-FR","@id":"https:\/\/belux.edmo.eu\/fr\/what-do-fake-news-look-like-a-critical-analysis-of-awareness-campaigns\/#primaryimage","url":"https:\/\/belux-edmo.s3-accelerate.amazonaws.com\/wp-content\/uploads\/2025\/05\/r47yDqKR-pexels-joshuamiranda-3989901.jpg","contentUrl":"https:\/\/belux-edmo.s3-accelerate.amazonaws.com\/wp-content\/uploads\/2025\/05\/r47yDqKR-pexels-joshuamiranda-3989901.jpg","width":6000,"height":4000},{"@type":"BreadcrumbList","@id":"https:\/\/belux.edmo.eu\/fr\/what-do-fake-news-look-like-a-critical-analysis-of-awareness-campaigns\/#breadcrumb","itemListElement":[{"@type":"ListItem","position":1,"name":"Home","item":"https:\/\/belux.edmo.eu\/fr\/"},{"@type":"ListItem","position":2,"name":"Quels visuels pour repr\u00e9senter les fake news ? Une analyse critique des campagnes de sensibilisation"}]},{"@type":"WebSite","@id":"https:\/\/belux.edmo.eu\/#website","url":"https:\/\/belux.edmo.eu\/","name":"EDMO Belux","description":"Monitoring Disinformation in Belgium and Luxembourg","publisher":{"@id":"https:\/\/belux.edmo.eu\/#organization"},"potentialAction":[{"@type":"SearchAction","target":{"@type":"EntryPoint","urlTemplate":"https:\/\/belux.edmo.eu\/?s={search_term_string}"},"query-input":{"@type":"PropertyValueSpecification","valueRequired":true,"valueName":"search_term_string"}}],"inLanguage":"fr-FR"},{"@type":"Organization","@id":"https:\/\/belux.edmo.eu\/#organization","name":"EDMO Belux","url":"https:\/\/belux.edmo.eu\/","logo":{"@type":"ImageObject","inLanguage":"fr-FR","@id":"https:\/\/belux.edmo.eu\/#\/schema\/logo\/image\/","url":"https:\/\/belux.edmo.eu\/wp-content\/uploads\/2021\/12\/belux-logo-full-color-rgb.svg","contentUrl":"https:\/\/belux.edmo.eu\/wp-content\/uploads\/2021\/12\/belux-logo-full-color-rgb.svg","width":1,"height":1,"caption":"EDMO Belux"},"image":{"@id":"https:\/\/belux.edmo.eu\/#\/schema\/logo\/image\/"},"sameAs":["https:\/\/x.com\/Edmo_Belux"]},{"@type":"Person","@id":"https:\/\/belux.edmo.eu\/#\/schema\/person\/68d8de82b536bab3214628ccabe4d14d","name":"Panagiotis Ntatzis","url":"https:\/\/belux.edmo.eu\/fr\/author\/pntatzis\/"}]}},"menu_order":0,"_links":{"self":[{"href":"https:\/\/belux.edmo.eu\/fr\/wp-json\/wp\/v2\/posts\/396173","targetHints":{"allow":["GET"]}}],"collection":[{"href":"https:\/\/belux.edmo.eu\/fr\/wp-json\/wp\/v2\/posts"}],"about":[{"href":"https:\/\/belux.edmo.eu\/fr\/wp-json\/wp\/v2\/types\/post"}],"author":[{"embeddable":true,"href":"https:\/\/belux.edmo.eu\/fr\/wp-json\/wp\/v2\/users\/14"}],"replies":[{"embeddable":true,"href":"https:\/\/belux.edmo.eu\/fr\/wp-json\/wp\/v2\/comments?post=396173"}],"version-history":[{"count":0,"href":"https:\/\/belux.edmo.eu\/fr\/wp-json\/wp\/v2\/posts\/396173\/revisions"}],"wp:featuredmedia":[{"embeddable":true,"href":"https:\/\/belux.edmo.eu\/fr\/wp-json\/wp\/v2\/media\/396176"}],"wp:attachment":[{"href":"https:\/\/belux.edmo.eu\/fr\/wp-json\/wp\/v2\/media?parent=396173"}],"wp:term":[{"taxonomy":"category","embeddable":true,"href":"https:\/\/belux.edmo.eu\/fr\/wp-json\/wp\/v2\/categories?post=396173"},{"taxonomy":"post_tag","embeddable":true,"href":"https:\/\/belux.edmo.eu\/fr\/wp-json\/wp\/v2\/tags?post=396173"}],"curies":[{"name":"wp","href":"https:\/\/api.w.org\/{rel}","templated":true}]}}