{"id":399870,"date":"2025-08-08T08:11:55","date_gmt":"2025-08-08T08:11:55","guid":{"rendered":"https:\/\/belux.edmo.eu\/?p=399870"},"modified":"2025-08-08T08:55:40","modified_gmt":"2025-08-08T08:55:40","slug":"la-grande-barrire-de-corail-ne-prospre-pas-elle-subit-son-plus-large-blanchissement-jamais-observ","status":"publish","type":"post","link":"https:\/\/belux.edmo.eu\/fr\/la-grande-barrire-de-corail-ne-prospre-pas-elle-subit-son-plus-large-blanchissement-jamais-observ\/","title":{"rendered":"La Grande Barri\u00e8re de corail ne \u00ab\u00a0prosp\u00e8re\u00a0\u00bb pas, elle subit son plus large blanchissement jamais observ\u00e9"},"content":{"rendered":"<p><strong>La Grande Barri\u00e8re de corail, situ\u00e9e en Australie, a subi l&rsquo;ann\u00e9e pass\u00e9e le plus large \u00e9pisode de blanchissement, un ph\u00e9nom\u00e8ne qui survient lorsque les temp\u00e9ratures de l&rsquo;eau augmente, mesur\u00e9 depuis le d\u00e9but des relev\u00e9s il y a 40 ans, selon un rapport officiel men\u00e9 par des scientifiques. Pourtant, des publications sur les r\u00e9seaux sociaux assurent que l&rsquo;ensemble corallien \u00ab\u00a0prosp\u00e8re\u00a0\u00bb, et encha\u00eenerait des \u00ab\u00a0records de croissance\u00a0\u00bb, ce qui remettrait en cause l&rsquo;existence du r\u00e9chauffement climatique et son impact sur les coraux. Il s&rsquo;agit d&rsquo;affirmations trompeuses qui extrapolent des donn\u00e9es mesur\u00e9es sur un mois d&rsquo;hiver pour tenter d&rsquo;en tirer des conclusions sur l&rsquo;\u00e9tat de la Grande Barri\u00e8re. Selon les experts et les donn\u00e9es \u00e0 long terme, le r\u00e9chauffement climatique reste une menace importante pour les coraux, menant \u00e0 des \u00e9pisodes de blanchissement r\u00e9currents et touchant des zones particuli\u00e8rement larges. La couverture corallienne a par ailleurs connu un d\u00e9clin pendant l&rsquo;ann\u00e9e 2024-2025.<\/strong><\/p>\n<p>La\u00a0<a href=\"https:\/\/whc.unesco.org\/fr\/list\/154\/\" target=\"_blank\" rel=\"evidence nofollow noopener\" shape=\"rect\">Grande Barri\u00e8re de corail<\/a>, inscrite depuis 1981 \u00e0 la liste des sites du patrimoine mondial de l&rsquo;Unesco, est le plus grand ensemble corallien au monde, situ\u00e9 au nord-est de la c\u00f4te australienne, et s&rsquo;\u00e9tire sur plus de 2.300 kilom\u00e8tres (lien archiv\u00e9\u00a0<a href=\"https:\/\/perma.cc\/HLB6-UQH5\" target=\"_blank\" rel=\"evidence frozen nofollow noopener\" shape=\"rect\">ici<\/a>).<\/p>\n<p>Depuis pr\u00e8s de 40 ans, des scientifiques \u00e9tudient ses coraux dans le cadre d&rsquo;un programme d\u00e9pendant du gouvernement f\u00e9d\u00e9ral australien, appel\u00e9 \u00ab\u00a0<a href=\"https:\/\/www.aims.gov.au\/research-topics\/monitoring-and-discovery\/monitoring-great-barrier-reef\/long-term-monitoring-program\" target=\"_blank\" rel=\"evidence nofollow noopener\" shape=\"rect\">Australian Institute of Marine Sciences&rsquo; Long-Term Monitoring Program<\/a>\u00a0\u00bb (ou \u00ab\u00a0AIMS&rsquo; Long-Term Monitoring Program\u00a0\u00bb, lien archiv\u00e9 <a href=\"https:\/\/web.archive.org\/web\/20250807124816\/https:\/\/www.aims.gov.au\/research-topics\/monitoring-and-discovery\/monitoring-great-barrier-reef\/long-term-monitoring-program\" target=\"_blank\" rel=\"evidence frozen nofollow noopener\" shape=\"rect\">ici<\/a>).<\/p>\n<p>Selon le <a href=\"https:\/\/www.aims.gov.au\/monitoring-great-barrier-reef\/gbr-condition-summary-2024-25\" target=\"_blank\" rel=\"evidence nofollow noopener\" shape=\"rect\">dernier rapport<\/a> de ce programme publi\u00e9 le 6 ao\u00fbt en Australie (et le 5 ao\u00fbt en France), la Grande Barri\u00e8re a subi sur l&rsquo;ann\u00e9e 2024-2025 l&rsquo;\u00e9pisode de blanchissement \u00ab\u00a0<em>le plus \u00e9tendu<\/em>\u00a0\u00bb provoqu\u00e9 par des temp\u00e9ratures oc\u00e9aniques \u00e9touffantes en 2024 qui ont engendr\u00e9 \u00ab\u00a0<em>des niveaux de stress thermique sans pr\u00e9c\u00e9dent<\/em>\u00a0\u00bb depuis les premiers relev\u00e9s (lien archiv\u00e9 <a href=\"https:\/\/web.archive.org\/web\/20250807093006\/https:\/\/www.aims.gov.au\/monitoring-great-barrier-reef\/gbr-condition-summary-2024-25\" target=\"_blank\" rel=\"evidence frozen nofollow noopener\" shape=\"rect\">ici<\/a>).<\/p>\n<p>Le\u00a0<a href=\"https:\/\/ocean-climate.org\/wp-content\/uploads\/2020\/01\/5.-Banchlissement-des-coraux-un-r%C3%A9servoir-de-biodiv-Fiches-S-2019.pdf\" target=\"_blank\" rel=\"evidence nofollow noopener\" shape=\"rect\">blanchissement<\/a> est un ph\u00e9nom\u00e8ne naturel qui survient lorsque les temp\u00e9ratures de l&rsquo;eau augmentent, et que les coraux expulsent des algues symbiotiques leur donnant leurs couleurs vives, ce qui les fait blanchir, et peut potentiellement causer leur mort (lien archiv\u00e9\u00a0<a href=\"https:\/\/perma.cc\/44ZA-WG9J\" target=\"_blank\" rel=\"evidence frozen nofollow noopener\" shape=\"rect\">ici<\/a>).<\/p>\n<p>Pourtant, sur les r\u00e9seaux sociaux, la d\u00e9sinformation li\u00e9e \u00e0 la sant\u00e9 des\u00a0<a href=\"https:\/\/www.oceano.org\/ocean-en-questions\/quest-ce-que-le-corail\/\" target=\"_blank\" rel=\"evidence nofollow noopener\" shape=\"rect\">coraux<\/a> persiste (lien archiv\u00e9 <a href=\"https:\/\/perma.cc\/8KFG-WUGV\" target=\"_blank\" rel=\"evidence frozen nofollow noopener\" shape=\"rect\">ici<\/a>). Une <a href=\"https:\/\/mvau.lt\/media\/909587d6-b1a3-4214-b729-a83d8ac9e87c\" target=\"_blank\" rel=\"appearance frozen nofollow noopener\" shape=\"rect\">publication<\/a> partag\u00e9e plus de 3.000 fois sur X depuis le 1er ao\u00fbt pr\u00e9tend ainsi : \u00ab\u00a0<em>Et oui la fameuse Grande Barri\u00e8re de corail qui devait dispara\u00eetre avec le <\/em>&lsquo;r\u00e9chauffement climatique&rsquo;<em> ne s&rsquo;est jamais si bien port\u00e9e et vous l&rsquo;ignorez, car les m\u00e9dias aux ordres, ne vous le disent pas. Pour la quatri\u00e8me ann\u00e9e cons\u00e9cutive, encore une ann\u00e9e record pour la croissance corallienne<\/em>\u00ab\u00a0.<\/p>\n<p>Elle diffuse une capture d&rsquo;\u00e9cran d&rsquo;un titre d&rsquo;article, qui indique : \u00ab\u00a0<em>Un miracle tropical plut\u00f4t qu&rsquo;une catastrophe climatique : la Grande Barri\u00e8re de corail prosp\u00e8re &#8211; et personne n&rsquo;est autoris\u00e9 \u00e0 le savoir<\/em>\u00ab\u00a0.<\/p>\n<div class=\"g2picture\">\n<figure><img src=\"https:\/\/belux-edmo.s3-accelerate.amazonaws.com\/wp-content\/uploads\/2025\/08\/db94ac0c335c106d6e89ec3422ef3f86bcc1978b-ipad.jpg\" \/><figcaption>Capture d&rsquo;\u00e9cran prise sur X le 06\/08\/2025, croix rouge ajout\u00e9e par l&rsquo;AFP.<\/figcaption><\/figure>\n<\/div>\n<p>La m\u00eame image avec des messages similaires a aussi \u00e9t\u00e9 partag\u00e9e <a href=\"https:\/\/mvau.lt\/media\/dff7db87-7dbc-4fab-875e-7a23eb0e2f7d\" target=\"_blank\" rel=\"appearance frozen nofollow noopener\" shape=\"rect\">sur Facebook<\/a>, et a circul\u00e9 en allemand sur <a href=\"https:\/\/mvau.lt\/media\/f0399d9e-3eaf-49b1-9c3b-3686710cc6d1\" target=\"_blank\" rel=\"appearance frozen nofollow noopener\" shape=\"rect\">Facebook<\/a> et Telegram (<a href=\"https:\/\/perma.cc\/P3WM-WECG\" target=\"_blank\" rel=\"appearance frozen nofollow noopener\" shape=\"rect\">1<\/a>, <a href=\"https:\/\/perma.cc\/Z2JY-Q9GP\" target=\"_blank\" rel=\"appearance frozen nofollow noopener\" shape=\"rect\">2<\/a>, <a href=\"https:\/\/perma.cc\/2T38-S8MZ\" target=\"_blank\" rel=\"appearance frozen nofollow noopener\" shape=\"rect\">3<\/a>).<\/p>\n<p>Mais ils sont trompeurs, comme nous allons le voir.<\/p>\n<p><b>Des donn\u00e9es extrapol\u00e9es<\/b><\/p>\n<p>Les captures d&rsquo;\u00e9cran diffus\u00e9es reprennent la traduction automatique d&rsquo;un article publi\u00e9 \u00e0 l&rsquo;origine en allemand sur le site \u00ab\u00a0Report 24\u00a0\u00bb, qui a d\u00e9j\u00e0 relay\u00e9 des affirmations trompeuses v\u00e9rifi\u00e9es par l&rsquo;\u00e9quipe germanophone de l&rsquo;AFP, comme <a href=\"https:\/\/faktencheck.afp.com\/doc.afp.com.329Z8TG\" target=\"_blank\" rel=\"evidence nofollow noopener\" shape=\"rect\">ici<\/a>, <a href=\"https:\/\/faktencheck.afp.com\/doc.afp.com.9V28L8\" target=\"_blank\" rel=\"evidence nofollow noopener\" shape=\"rect\">ici<\/a> ou <a href=\"https:\/\/faktencheck.afp.com\/doc.afp.com.32DF8ZL\" target=\"_blank\" rel=\"evidence nofollow noopener\" shape=\"rect\">l\u00e0<\/a>.<\/p>\n<div class=\"g2picture\">\n<figure><img src=\"https:\/\/belux-edmo.s3-accelerate.amazonaws.com\/wp-content\/uploads\/2025\/08\/68604a9a723881f4aee8c311f46586e9717ae141-ipad.jpg\" \/><figcaption>Capture d&rsquo;\u00e9cran prise sur le site \u00ab\u00a0Report 24\u00a0\u00bb le 06\/08\/2025, croix rouge ajout\u00e9e par l&rsquo;AFP.<\/figcaption><\/figure>\n<\/div>\n<p>Selon ce dernier, les m\u00e9dias cacheraient le fait que cette ann\u00e9e constituerait pour la Grande Barri\u00e8re de corail une \u00ab\u00a0<em>ann\u00e9e record pour la croissance corallienne<\/em>\u00ab\u00a0, et ce \u00ab\u00a0<em>pour la quatri\u00e8me ann\u00e9e cons\u00e9cutive<\/em>\u00ab\u00a0, signe que le r\u00e9chauffement climatique n&rsquo;aurait pas d&rsquo;impact n\u00e9gatif sur les coraux.<\/p>\n<div class=\"g2picture\">\n<figure><img src=\"https:\/\/belux-edmo.s3-accelerate.amazonaws.com\/wp-content\/uploads\/2025\/08\/001_68RA6CQ-ipad.jpg\" \/><figcaption>Explication du ph\u00e9nom\u00e8ne de blanchissement des coraux pouvant se produire lorsque la temp\u00e9rature de l&rsquo;oc\u00e9an est plus \u00e9lev\u00e9e que la normale &#8211; Jonathan WALTER \/ Jean-Michel CORNU \/ AFP<\/figcaption><\/figure>\n<\/div>\n<p>En guise de sources, \u00ab\u00a0Report 24\u00a0\u00bb cite un message publi\u00e9 sur le site \u00ab\u00a0<a href=\"https:\/\/perma.cc\/WV99-R3XN\" target=\"_blank\" rel=\"appearance frozen nofollow noopener\" shape=\"rect\"><em>The Daily Sceptic<\/em><\/a>\u00a0\u00bb le 31 juillet, un site d\u00e9j\u00e0 \u00e9pingl\u00e9 par l&rsquo;\u00e9quipe anglophone de l&rsquo;AFP pour avoir diffus\u00e9 des affirmations trompeuses notamment li\u00e9es au r\u00e9chauffement climatique, comme <a href=\"https:\/\/factcheck.afp.com\/doc.afp.com.32KP6NR\" target=\"_blank\" rel=\"evidence nofollow noopener\" shape=\"rect\">ici<\/a>, <a href=\"https:\/\/factcheck.afp.com\/doc.afp.com.36KA4FJ\" target=\"_blank\" rel=\"evidence nofollow noopener\" shape=\"rect\">ici<\/a> et <a href=\"https:\/\/factcheck.afp.com\/doc.afp.com.33ER2ZF\" target=\"_blank\" rel=\"evidence nofollow noopener\" shape=\"rect\">l\u00e0<\/a>.<\/p>\n<p>Ce dernier mentionne un rapport annuel \u00e0 venir sur l&rsquo;\u00e9tat de la Grande Barri\u00e8re, et la \u00ab\u00a0<a href=\"https:\/\/www2.gbrmpa.gov.au\/learn\/reef-health\/reef-health-updates\" target=\"_blank\" rel=\"evidence nofollow noopener\" shape=\"rect\"><em>mise \u00e0 jour sur la sant\u00e9 du r\u00e9cif<\/em><\/a>\u00a0\u00bb de juillet 2025, publi\u00e9e sur le site officiel du parc marin de la Grande Barri\u00e8re, ou \u00ab\u00a0<a href=\"https:\/\/www2.gbrmpa.gov.au\/\" target=\"_blank\" rel=\"evidence nofollow noopener\" shape=\"rect\"><em>Great Barrier Reef Marine Park Authority<\/em><\/a>\u00ab\u00a0, abr\u00e9g\u00e9 GBRMPA en anglais (lien archiv\u00e9 <a href=\"https:\/\/web.archive.org\/web\/20250708182934\/https:\/\/www2.gbrmpa.gov.au\/learn\/reef-health\/reef-health-updates\" target=\"_blank\" rel=\"evidence frozen nofollow noopener\" shape=\"rect\">ici<\/a>).<\/p>\n<p>Dans ce document, il n&rsquo;est n\u00e9anmoins pas mentionn\u00e9 de \u00ab\u00a0<em>croissance <\/em><em>record<\/em>\u00ab\u00a0, contrairement \u00e0 ce qu&rsquo;assurent les publications diffus\u00e9es par les internautes francophones et germanophones. En revanche, il est indiqu\u00e9 que sur la p\u00e9riode \u00e9tudi\u00e9e (du 1er juin au 20 juillet), \u00ab\u00a0<em>aucun blanchissement<\/em>\u00a0\u00bb n&rsquo;avait \u00e9t\u00e9 mesur\u00e9 sur les 44 r\u00e9cifs \u00e9tudi\u00e9s.<\/p>\n<p>Mais extraire des donn\u00e9es de ces mois-ci pour tenter d&rsquo;en tirer des conclusions \u00e0 long terme rel\u00e8ve du \u00ab\u00a0<em>cherry picking<\/em>\u00ab\u00a0, une technique de d\u00e9sinformation qui consiste \u00e0 ne s\u00e9lectionner qu&rsquo;une partie de donn\u00e9es scientifiques favorables \u00e0 certains all\u00e9gations, comme l&rsquo;ont expliqu\u00e9 plusieurs experts \u00e0 l&rsquo;AFP.<\/p>\n<p><a href=\"https:\/\/research.jcu.edu.au\/portfolio\/terry.hughes\/\" target=\"_blank\" rel=\"evidence nofollow noopener\" shape=\"rect\">Terry Hughes<\/a>, professeur \u00e9m\u00e9rite \u00e0 l&rsquo;universit\u00e9 australienne James Cook et sp\u00e9cialiste des coraux\u00a0rappelle d&rsquo;abord que \u00ab\u00a0<em>juillet correspond au milieu de l&rsquo;hiver en Australie<\/em>\u00ab\u00a0, ce qui signifie que \u00ab\u00a0<em>les temp\u00e9ratures de la mer sont trop fra\u00eeches pour que tout blanchissement de corail se produise<\/em>\u00a0\u00bb (lien archiv\u00e9\u00a0<a href=\"https:\/\/perma.cc\/SX5T-RETA\" target=\"_blank\" rel=\"evidence frozen nofollow noopener\" shape=\"rect\">ici<\/a>).<\/p>\n<p>\u00ab\u00a0<em>Les coraux blanchissent et meurent \u00e0 cause du r\u00e9chauffement climatique lorsque les temp\u00e9ratures de la mer d\u00e9passent leurs maxima historiques, en \u00e9t\u00e9. Les hivers sont \u00e9galement plus chauds maintenant, mais pas suffisamment pour d\u00e9clencher un blanchissement<\/em>\u00ab\u00a0, ajoute-t-il aupr\u00e8s de l&rsquo;AFP le 7 ao\u00fbt.<\/p>\n<p>\u00ab\u00a0<em>Un blanchissement et une mortalit\u00e9 des coraux records se sont \u00e9galement produits dans le nord de la Grande Barri\u00e8re de corail au d\u00e9but de 2025<\/em>\u00ab\u00a0, souligne le sp\u00e9cialiste, d\u00e9plorant que les affirmations s&rsquo;appuyant sur la page du mois de juillet de la GBRMPA \u00ab\u00a0<em>laissent penser que tout est sous contr\u00f4le &#8211; alors qu&rsquo;\u00e9videmment, ce n&rsquo;est pas le cas<\/em>\u00ab\u00a0.<\/p>\n<p>En consultant les rapports li\u00e9s \u00e0 d&rsquo;autres mois de l&rsquo;ann\u00e9e, on peut retrouver plusieurs mentions d&rsquo;\u00e9v\u00e9nements de blanchissement des coraux au cours de la derni\u00e8re ann\u00e9e.\u00a0<a href=\"https:\/\/www2.gbrmpa.gov.au\/learn\/reef-health\/reef-health-updates\" target=\"_blank\" rel=\"evidence nofollow noopener\" shape=\"rect\">En mars<\/a> par exemple, \u00ab\u00a0<em>du blanchissement a \u00e9t\u00e9 enregistr\u00e9 sur 23 des 31 r\u00e9cifs \u00e9tudi\u00e9s<\/em>\u00ab\u00a0, et <a href=\"https:\/\/www2.gbrmpa.gov.au\/learn\/reef-health\/reef-health-updates\" target=\"_blank\" rel=\"evidence nofollow noopener\" shape=\"rect\">en f\u00e9vrier<\/a>, \u00ab\u00a0<em>sur les 19 sites \u00e9tudi\u00e9es, 17 pr\u00e9sentaient des signes de blanchissement<\/em>\u00a0\u00bb ce qui n&rsquo;est jamais mentionn\u00e9 dans les publications sur les r\u00e9seaux sociaux (lien archiv\u00e9 <a href=\"https:\/\/web.archive.org\/web\/20250708182934\/https:\/\/www2.gbrmpa.gov.au\/learn\/reef-health\/reef-health-updates\" target=\"_blank\" rel=\"evidence frozen nofollow noopener\" shape=\"rect\">ici<\/a>).<\/p>\n<div class=\"grid-with-margin\">\n<div class=\"e-afp-col-layout\">\n<div class=\"g2picture\">\n<figure><img src=\"https:\/\/belux-edmo.s3-accelerate.amazonaws.com\/wp-content\/uploads\/2025\/08\/06e16d9c7fec46cd767ebde921dcc515a63ea6d6-ipad.jpg\" \/><figcaption>Capture d&rsquo;\u00e9cran prise sur le site du parc marin de la Grande Barri\u00e8re, le 07\/08\/2025 par l&rsquo;AFP.<\/figcaption><\/figure>\n<\/div>\n<\/div>\n<div class=\"e-afp-col-layout\">\n<div class=\"g2picture\">\n<figure><img src=\"https:\/\/belux-edmo.s3-accelerate.amazonaws.com\/wp-content\/uploads\/2025\/08\/008cab5d421342ed0529414e1855fa535e5f7c76-ipad.jpg\" \/><figcaption>Captures d&rsquo;\u00e9cran prises sur le site du parc marin de la Grande Barri\u00e8re, le 07\/08\/2025 par l&rsquo;AFP.<\/figcaption><\/figure>\n<\/div>\n<\/div>\n<\/div>\n<p>\u00ab\u00a0<em>Il est donc incorrect d&rsquo;utiliser une seule\u00a0<\/em>&lsquo;mise \u00e0 jour de l&rsquo;\u00e9tat de sant\u00e9 du r\u00e9cif&rsquo; <em>en plein hiver pour pr\u00e9tendre que le changement climatique n&rsquo;a aucun impact n\u00e9gatif sur la Grande Barri\u00e8re de Corail<\/em>\u00ab\u00a0, confirme l&rsquo;AIMS aupr\u00e8s de l&rsquo;AFP le 7 ao\u00fbt, pr\u00e9cisant que ses donn\u00e9es \u00ab\u00a0<em>montrent \u00e9galement qu&rsquo;au cours des 39 ann\u00e9es de suivi, les fluctuations de la couverture corallienne des 15 derni\u00e8res ann\u00e9es ont \u00e9t\u00e9 de plus en plus importantes, indiquant que l&rsquo;\u00e9cosyst\u00e8me devient plus instable \u00e0 mesure que les vagues de chaleur marine augmentent<\/em>\u00ab\u00a0.<\/p>\n<p>\u00ab\u00a0<em>Ce ne sont pas les signes d&rsquo;un \u00e9cosyst\u00e8me qui <\/em>&lsquo;prosp\u00e8re&rsquo;<em>, mais d&rsquo;un \u00e9cosyst\u00e8me soumis \u00e0 un stress <\/em>[les modifications caus\u00e9es par des temp\u00e9ratures largement inhabituelles, NDLR]<em> croissant<\/em>\u00ab\u00a0, conclut l&rsquo;AIMS.<\/p>\n<p>Le fait qu&rsquo;il n&rsquo;y ait actuellement pas d&rsquo;\u00e9pisode de blanchissement \u00ab\u00a0<em>ne signifie pas que le r\u00e9cif est en bonne sant\u00e9<\/em>\u00ab\u00a0, abonde aussi\u00a0<a href=\"https:\/\/researchers.uq.edu.au\/researcher\/2387\" target=\"_blank\" rel=\"evidence nofollow noopener\" shape=\"rect\">Peter Mumby<\/a>, professeur\u00a0du d\u00e9partement des \u00e9tudes marines de l&rsquo;universit\u00e9 de Queensland, \u00e0 l&rsquo;AFP le 7 ao\u00fbt (lien archiv\u00e9 <a href=\"https:\/\/perma.cc\/HWV2-GF6Y\" target=\"_blank\" rel=\"evidence frozen nofollow noopener\" shape=\"rect\">ici<\/a>).<\/p>\n<div class=\"g2picture\">\n<figure><img src=\"https:\/\/belux-edmo.s3-accelerate.amazonaws.com\/wp-content\/uploads\/2025\/08\/000_34P32CW-ipad.jpg\" \/><figcaption>Cette photo prise le 5 avril 2024 montre des coraux blanchis et morts autour de l&rsquo;\u00eele Lizard sur la Grande Barri\u00e8re de corail, situ\u00e9e \u00e0 270 kilom\u00e8tres (167 miles) au nord de la ville de Cairns, en Australie. &#8211; DAVID GRAY \/ AFP<\/figcaption><\/figure>\n<\/div>\n<p><b>Un blanchissement d&rsquo;une ampleur record en 2024-2025<\/b><\/p>\n<p>Les publications trompeuses mentionnent aussi des pr\u00e9tendues donn\u00e9es (sans clairement mentionner de source \u00e0 celles-ci) de \u00ab\u00a0<em>croissance record<\/em>\u00ab\u00a0. Il faut n\u00e9anmoins noter, comme l&rsquo;avaient rappel\u00e9 plusieurs experts aupr\u00e8s de l&rsquo;AFP <a href=\"https:\/\/factuel.afp.com\/doc.afp.com.347R8JZ\" target=\"_blank\" rel=\"evidence nofollow noopener\" shape=\"rect\">en d\u00e9cembre 2023<\/a>, qu&rsquo;une augmentation de la couverture corallienne, ou une \u00ab\u00a0<em>croissance record<\/em>\u00a0\u00bb sur certains r\u00e9cifs ne signifie pas forc\u00e9ment que les coraux dans leur ensemble seraient en bonne sant\u00e9.<\/p>\n<p>En outre, les donn\u00e9es les plus r\u00e9centes tendent plut\u00f4t \u00e0 montrer une r\u00e9duction de la couverture corallienne l&rsquo;ann\u00e9e pass\u00e9e.<\/p>\n<p>Tous les ans, un rapport sur l&rsquo;\u00e9tat de la biodiversit\u00e9 et des coraux est publi\u00e9 par les scientifiques de l&rsquo;AIMS. Le <a href=\"https:\/\/www.aims.gov.au\/sites\/default\/files\/2025-08\/AIMS_LTMP_Report_GBR_coral_status_2024_2025_final_web.pdf\" target=\"_blank\" rel=\"evidence nofollow noopener\" shape=\"rect\">plus r\u00e9cent<\/a>, paru le 5 ao\u00fbt et portant sur la p\u00e9riode entre ao\u00fbt 2024 et mai 2025, indique que l&rsquo;ann\u00e9e pass\u00e9e a vu survenir l&rsquo;\u00e9pisode de blanchissement \u00ab\u00a0<a href=\"https:\/\/www.liberation.fr\/environnement\/biodiversite\/en-australie-la-grande-barriere-de-corail-victime-du-plus-grand-blanchissement-jamais-enregistre-20250805_3PVA65AFQ5E6ZLPKNMWS4DYLBI\/?redirected=1\" target=\"_blank\" rel=\"evidence nofollow noopener\" shape=\"rect\"><em>le plus \u00e9tendu<\/em><\/a>\u00a0\u00bb jamais enregistr\u00e9, qui est aussi le cinqui\u00e8me \u00e9pisode de blanchissement massif depuis 2016 (liens archiv\u00e9s <a href=\"https:\/\/web.archive.org\/web\/20250807093957\/https:\/\/www.aims.gov.au\/sites\/default\/files\/2025-08\/AIMS_LTMP_Report_GBR_coral_status_2024_2025_final_web.pdf\" target=\"_blank\" rel=\"evidence frozen nofollow noopener\" shape=\"rect\">ici<\/a> et <a href=\"https:\/\/perma.cc\/7YLS-3K47\" target=\"_blank\" rel=\"evidence frozen nofollow noopener\" shape=\"rect\">ici<\/a>).<\/p>\n<div class=\"g2web\" style=\"text-align: center;\"><iframe title=\"YouTube video player\" src=\"https:\/\/www.youtube.com\/embed\/BJRBYPhKnXA?si=Hk02Dnvd2Jdb3LJc\" width=\"560\" height=\"315\" frameborder=\"0\" scrolling=\"auto\" allowfullscreen=\"allowfullscreen\"><\/iframe><\/div>\n<p>Ce rapport montre \u00ab\u00a0<em><strong>une forte diminution de la couverture corallienne dans les trois r\u00e9gions de la Grande Barri\u00e8re par rapport \u00e0 l&rsquo;ann\u00e9e pr\u00e9c\u00e9dente.<\/strong> Cette diminution a \u00e9t\u00e9 principalement caus\u00e9e par la mortalit\u00e9 des coraux due au blanchissement massif engendr\u00e9 par le stress thermique en 2024. Et ce niveau de stress thermique \u00e9tait caus\u00e9 par le changement climatique<\/em>\u00ab\u00a0, commente l&rsquo;AIMS aupr\u00e8s de l&rsquo;AFP le 7 ao\u00fbt.<\/p>\n<p>\u00ab\u00a0<em>En g\u00e9n\u00e9ral, une chute significative de la couverture corallienne n&rsquo;indique pas un \u00e9cosyst\u00e8me qui <\/em>&lsquo;prosp\u00e8re'\u00a0\u00bb, assure l&rsquo;organisme : \u00ab\u00a0<em>il faut des mois pour que les coraux blanchis se remettent ou p\u00e9rissent apr\u00e8s un \u00e9pisode de blanchissement massif<\/em>\u00ab\u00a0.<\/p>\n<p>Si les couvertures coralliennes \u00ab\u00a0<em>ont fluctu\u00e9 dans le pass\u00e9<\/em>\u00ab\u00a0, le rapport publi\u00e9 en ao\u00fbt 2025 montre \u00ab\u00a0<em>la plus importante diminution en une seule ann\u00e9e de la couverture corallienne dans deux (nord et sud) des trois r\u00e9gions de la Barri\u00e8re, depuis que l&rsquo;AIMS a commenc\u00e9 \u00e0 la surveiller il y a 39 ans<\/em>\u00ab\u00a0, note aussi ce dernier aupr\u00e8s de l&rsquo;AFP.<\/p>\n<p>Dans ce document, il est aussi pr\u00e9cis\u00e9 qu&rsquo;un type de corail qui croit rapidement, connu sous le nom d&rsquo;Acropora, est celui qui avait le plus souffert. Ce qui explique \u00e9galement pourquoi s&rsquo;int\u00e9resser \u00e0 la couverture corallienne ne permet pas forc\u00e9ment d&rsquo;obtenir une repr\u00e9sentation fid\u00e8le\u00a0de la sant\u00e9 des coraux : une esp\u00e8ce de corail qui pousse rapidement va potentiellement recouvrir un espace plus large rapidement, mais ne signifie pas que la couverture est durable ou que le r\u00e9cif est en bonne sant\u00e9 g\u00e9n\u00e9rale.<\/p>\n<div class=\"g2picture\">\n<figure><img src=\"https:\/\/belux-edmo.s3-accelerate.amazonaws.com\/wp-content\/uploads\/2025\/08\/000_34P32CT-ipad.jpg\" \/><figcaption>Cette photo prise le 5 avril 2024 montre la biologiste marine Anne Hoggett inspectant des coraux blanchis et morts autour de l&rsquo;\u00eele Lizard sur la Grande Barri\u00e8re de corail, situ\u00e9e \u00e0 270 kilom\u00e8tres (167 miles) au nord de la ville de Cairns, en Australie. &#8211; DAVID GRAY \/ AFP<\/figcaption><\/figure>\n<\/div>\n<p>Pour Peter Mumby, la Grande Barri\u00e8re \u00ab\u00a0<em>a \u00e9t\u00e9 largement endommag\u00e9e, mais certaines zones sont en bon \u00e9tat<\/em>\u00ab\u00a0, et il est clair que \u00ab\u00a0<em>le changement climatique est la cause de ces \u00e9v\u00e9nements de blanchissements<\/em>\u00a0\u00bb r\u00e9cents.<\/p>\n<p>Sur <a href=\"https:\/\/www2.gbrmpa.gov.au\/learn\/reef-health\/coral-bleaching\" target=\"_blank\" rel=\"evidence nofollow noopener\" shape=\"rect\">le site<\/a> du parc marin de la Grande Barri\u00e8re, utilis\u00e9 dans les articles trompeurs pour pr\u00e9tendre remettre en cause l&rsquo;existence du r\u00e9chauffement climatique, il est pourtant clairement indiqu\u00e9 que \u00ab\u00a0<em>les scientifiques pr\u00e9voient que des \u00e9pisodes massifs de blanchissement vont survenir chaque ann\u00e9e d&rsquo;ici 2050, voire avant, si les \u00e9missions de gaz \u00e0 effet de serre ne sont pas drastiquement r\u00e9duites<\/em>\u00a0\u00bb (lien archiv\u00e9 <a href=\"https:\/\/web.archive.org\/web\/20250807092038\/https:\/\/www2.gbrmpa.gov.au\/learn\/reef-health\/coral-bleaching\" target=\"_blank\" rel=\"evidence frozen nofollow noopener\" shape=\"rect\">ici<\/a>).<\/p>\n<p>Contact\u00e9 par l&rsquo;AFP au sujet des messages sur les r\u00e9seaux sociaux, le parc marin a renvoy\u00e9 le 7 ao\u00fbt vers son communiqu\u00e9 diffus\u00e9 \u00e0 la suite de la publication du rapport de l&rsquo;AIMS, qui indique que ce dernier \u00ab\u00a0<em>montre des baisses importantes de la couverture de corail dur dans la Grande Barri\u00e8re de Corail &#8211; apr\u00e8s des niveaux record \u00e9lev\u00e9s de r\u00e9cup\u00e9ration corallienne enregistr\u00e9s en 2022 et 2023<\/em>\u00ab\u00a0, et qualifie ces donn\u00e9es de \u00ab\u00a0<em>pr\u00e9occupantes<\/em>\u00ab\u00a0.<\/p>\n<p>\u00ab\u00a0<em>Il est bouleversant de constater les impacts en temps r\u00e9el du changement climatique sur la plus grande merveille naturelle vivante du monde<\/em>\u00ab\u00a0, ajoute le parc marin.<\/p>\n<p>Terry Hughes rappelle aussi que la \u00ab\u00a0<em>mise \u00e0 jour<\/em>\u00a0\u00bb diffus\u00e9e sur le site du parc marin de la Grande Barri\u00e8re \u00ab\u00a0<em>n&rsquo;est qu&rsquo;une d\u00e9claration<\/em>\u00a0\u00bb et non une \u00e9tude scientifique, et que \u00ab\u00a0<em>certaines parties<\/em>\u00a0\u00bb peuvent, sans contexte, \u00eatre prises de fa\u00e7on \u00ab\u00a0<em>assez trompeuse<\/em>\u00ab\u00a0. \u00ab\u00a0<em>Il est inqui\u00e9tant qu&rsquo;une agence gouvernementale australienne soit cit\u00e9e sur les r\u00e9seaux sociaux par des n\u00e9gationnistes du changement climatique<\/em>\u00ab\u00a0, d\u00e9plore-t-il.<\/p>\n<p><b>Les r\u00e9cifs coralliens menac\u00e9s par le r\u00e9chauffement climatique<\/b><\/p>\n<p>Les r\u00e9cifs coralliens sont menac\u00e9s dans le monde entier en raison d&rsquo;un record de chaleur dans les mers. La fr\u00e9quence et l&rsquo;intensit\u00e9 des canicules marines a augment\u00e9.<\/p>\n<p>Les oc\u00e9ans absorbent 90% de l&rsquo;exc\u00e8s de chaleur du syst\u00e8me terrestre provoqu\u00e9 par l&rsquo;activit\u00e9 humaine au cours de l&rsquo;\u00e8re industrielle et cette \u00e9nergie ne cesse\u00a0de cro\u00eetre au fur et \u00e0 mesure que les gaz \u00e0 effet de serre s&rsquo;accumulent dans l&rsquo;atmosph\u00e8re.<\/p>\n<p>La temp\u00e9rature moyenne de la surface de la mer autour de l&rsquo;Australie a notamment \u00e9t\u00e9 la \u00ab\u00a0<em>plus \u00e9lev\u00e9e jamais enregistr\u00e9e<\/em>\u00a0\u00bb en 2024, selon l&rsquo;Universit\u00e9 nationale australienne.<\/p>\n<p>L&rsquo;Australie pr\u00e9pare actuellement son prochain cycle d&rsquo;objectifs de r\u00e9duction des \u00e9missions, une obligation cl\u00e9 dans le cadre de l&rsquo;accord climatique historique de Paris. Cette superpuissance mini\u00e8re reste toutefois l&rsquo;un des plus grands exportateurs de charbon au monde et continue de subventionner largement ses combustibles fossiles.<\/p>\n<p>\u00ab\u00a0<em>La Grande Barri\u00e8re de corail du futur sera diff\u00e9rente. En agissant maintenant, nous pouvons prot\u00e9ger des habitats cl\u00e9s, soutenir la biodiversit\u00e9, et offrir \u00e0 cette ic\u00f4ne mondiale les meilleures chances possibles alors que la plan\u00e8te affronte les impacts continus du changement climatique<\/em>\u00ab\u00a0, assure le parc marin dans son communiqu\u00e9 transmis \u00e0 l&rsquo;AFP.<\/p>\n<p>\u00ab\u00a0<em>Pour sauver la Barri\u00e8re de Corail, le monde doit rapidement r\u00e9duire les \u00e9missions de gaz \u00e0 effet de serre<\/em>\u00ab\u00a0, appelle Terry Hughes.<\/p>\n<p>Malgr\u00e9 les records de chaleur qui s&rsquo;encha\u00eenent dans de nombreuses r\u00e9gions du monde, la d\u00e9sinformation sur le climat est omnipr\u00e9sente sur les r\u00e9seaux sociaux. L&rsquo;\u00e9quipe de v\u00e9rification de l&rsquo;AFP a consacr\u00e9 des fiches aux connaissances scientifiques sur certains points r\u00e9currents de d\u00e9sinformation, consultables <a href=\"https:\/\/factuel.afp.com\/doc.afp.com.347829M\" target=\"_blank\" rel=\"evidence nofollow noopener\" shape=\"rect\">ici<\/a>.<\/p>\n","protected":false},"excerpt":{"rendered":"<p>La Grande Barri\u00e8re de corail, situ\u00e9e en Australie, a subi l&rsquo;ann\u00e9e pass\u00e9e le plus large \u00e9pisode de blanchissement, un ph\u00e9nom\u00e8ne qui survient lorsque les temp\u00e9ratures de l&rsquo;eau augmente, mesur\u00e9 depuis le d\u00e9but des relev\u00e9s il y a 40 ans, selon un rapport officiel men\u00e9 par des scientifiques. Pourtant, des publications sur les r\u00e9seaux sociaux assurent que l&rsquo;ensemble corallien \u00ab\u00a0prosp\u00e8re\u00a0\u00bb, et encha\u00eenerait des \u00ab\u00a0records de croissance\u00a0\u00bb, ce qui remettrait en cause l&rsquo;existence du r\u00e9chauffement climatique et son impact sur les coraux. Il s&rsquo;agit d&rsquo;affirmations trompeuses qui extrapolent des donn\u00e9es mesur\u00e9es sur un mois d&rsquo;hiver pour tenter d&rsquo;en tirer des conclusions sur l&rsquo;\u00e9tat de la Grande Barri\u00e8re. Selon les experts et les donn\u00e9es \u00e0 long terme, le r\u00e9chauffement climatique reste une menace importante pour les coraux, menant \u00e0 des \u00e9pisodes de blanchissement r\u00e9currents et touchant des zones particuli\u00e8rement larges. La couverture corallienne a par ailleurs connu un d\u00e9clin pendant l&rsquo;ann\u00e9e 2024-2025.<\/p>\n","protected":false},"author":1,"featured_media":399830,"comment_status":"closed","ping_status":"closed","sticky":false,"template":"","format":"standard","meta":{"_acf_changed":false,"footnotes":""},"categories":[452,126,125,135],"tags":[],"class_list":{"0":"post-399870","1":"post","2":"type-post","3":"status-publish","4":"format-standard","5":"has-post-thumbnail","7":"category-editors-choice-fr","8":"category-environnement","9":"category-fact-check-fr","10":"category-science-fr"},"acf":{"show_metatags":true,"id":"http:\/\/doc.afp.com\/68V96WE","authors":"Claire-Line NASS \/ AFP France","organization":"AFP","featured_image_copyright":"","text_copyright":"\u00a9 AGENCE FRANCE-PRESSE | 2024 | Tous droits r\u00e9serv\u00e9s. L\u2019acc\u00e8s aux contenus de l'AFP publi\u00e9s sur ce site et, le cas \u00e9ch\u00e9ant, leur utilisation sont soumis aux conditions g\u00e9n\u00e9rales d'utilisation disponibles sur <a href='https:\/\/www.afp.com\/fr\/cgu' target='_blank'>CGU<\/a>. Par cons\u00e9quent, en acc\u00e9dant aux contenus de l\u2019AFP publi\u00e9s sur ce site, et en les utilisant, le cas \u00e9ch\u00e9ant, vous acceptez d'\u00eatre li\u00e9 par les conditions g\u00e9n\u00e9rales d'utilisation susmentionn\u00e9es. L\u2019utilisation de contenus de l'AFP se fait sous votre seule et enti\u00e8re responsabilit\u00e9.","source":"https:\/\/factuel.afp.com\/doc.afp.com.68V96WE","fact_checker":"https:\/\/belux.wpengine.com\/wp-content\/uploads\/2021\/12\/afp_logo.png","share_this_post_to_edmo_website":false,"affiliation":"BELUX","type":"\u00c9v\u00e9nement ferm\u00e9","location":"","start_date":"","start_date_event_begins_at":"","start_date_event_ends_at":"","end_date":"","end_date_event_begins_at":"","end_date_event_ends_at":"","organizer":"","fact_checker_logo_image":false},"yoast_head":"<!-- This site is optimized with the Yoast SEO plugin v27.0 - https:\/\/yoast.com\/product\/yoast-seo-wordpress\/ -->\n<title>La Grande Barri\u00e8re de corail ne &quot;prosp\u00e8re&quot; pas, elle subit son plus large blanchissement jamais observ\u00e9 - EDMO Belux<\/title>\n<meta name=\"robots\" content=\"index, follow, max-snippet:-1, max-image-preview:large, max-video-preview:-1\" \/>\n<link rel=\"canonical\" href=\"https:\/\/belux.edmo.eu\/fr\/la-grande-barrire-de-corail-ne-prospre-pas-elle-subit-son-plus-large-blanchissement-jamais-observ\/\" \/>\n<meta property=\"og:locale\" content=\"fr_FR\" \/>\n<meta property=\"og:type\" content=\"article\" \/>\n<meta property=\"og:title\" content=\"La Grande Barri\u00e8re de corail ne &quot;prosp\u00e8re&quot; pas, elle subit son plus large blanchissement jamais observ\u00e9 - EDMO Belux\" \/>\n<meta property=\"og:description\" content=\"La Grande Barri\u00e8re de corail, situ\u00e9e en Australie, a subi l&#039;ann\u00e9e pass\u00e9e le plus large \u00e9pisode de blanchissement, un ph\u00e9nom\u00e8ne qui survient lorsque les temp\u00e9ratures de l&#039;eau augmente, mesur\u00e9 depuis le d\u00e9but des relev\u00e9s il y a 40 ans, selon un rapport officiel men\u00e9 par des scientifiques. Pourtant, des publications sur les r\u00e9seaux sociaux assurent que l&#039;ensemble corallien &quot;prosp\u00e8re&quot;, et encha\u00eenerait des &quot;records de croissance&quot;, ce qui remettrait en cause l&#039;existence du r\u00e9chauffement climatique et son impact sur les coraux. Il s&#039;agit d&#039;affirmations trompeuses qui extrapolent des donn\u00e9es mesur\u00e9es sur un mois d&#039;hiver pour tenter d&#039;en tirer des conclusions sur l&#039;\u00e9tat de la Grande Barri\u00e8re. Selon les experts et les donn\u00e9es \u00e0 long terme, le r\u00e9chauffement climatique reste une menace importante pour les coraux, menant \u00e0 des \u00e9pisodes de blanchissement r\u00e9currents et touchant des zones particuli\u00e8rement larges. La couverture corallienne a par ailleurs connu un d\u00e9clin pendant l&#039;ann\u00e9e 2024-2025.\" \/>\n<meta property=\"og:url\" content=\"https:\/\/belux.edmo.eu\/fr\/la-grande-barrire-de-corail-ne-prospre-pas-elle-subit-son-plus-large-blanchissement-jamais-observ\/\" \/>\n<meta property=\"og:site_name\" content=\"EDMO Belux\" \/>\n<meta property=\"article:published_time\" content=\"2025-08-08T08:11:55+00:00\" \/>\n<meta property=\"article:modified_time\" content=\"2025-08-08T08:55:40+00:00\" \/>\n<meta property=\"og:image\" content=\"https:\/\/belux-edmo.s3-accelerate.amazonaws.com\/wp-content\/uploads\/2025\/08\/f09e5e2942685223375f2b64b8ba13fcccdd3d1a-ipad.jpg\" \/>\n\t<meta property=\"og:image:width\" content=\"1080\" \/>\n\t<meta property=\"og:image:height\" content=\"540\" \/>\n\t<meta property=\"og:image:type\" content=\"image\/jpeg\" \/>\n<meta name=\"author\" content=\"master\" \/>\n<meta name=\"twitter:card\" content=\"summary_large_image\" \/>\n<meta name=\"twitter:creator\" content=\"@Edmo_Belux\" \/>\n<meta name=\"twitter:site\" content=\"@Edmo_Belux\" \/>\n<meta name=\"twitter:label1\" content=\"\u00c9crit par\" \/>\n\t<meta name=\"twitter:data1\" content=\"master\" \/>\n\t<meta name=\"twitter:label2\" content=\"Dur\u00e9e de lecture estim\u00e9e\" \/>\n\t<meta name=\"twitter:data2\" content=\"12 minutes\" \/>\n<script type=\"application\/ld+json\" class=\"yoast-schema-graph\">{\"@context\":\"https:\/\/schema.org\",\"@graph\":[{\"@type\":\"Article\",\"@id\":\"https:\/\/belux.edmo.eu\/fr\/la-grande-barrire-de-corail-ne-prospre-pas-elle-subit-son-plus-large-blanchissement-jamais-observ\/#article\",\"isPartOf\":{\"@id\":\"https:\/\/belux.edmo.eu\/fr\/la-grande-barrire-de-corail-ne-prospre-pas-elle-subit-son-plus-large-blanchissement-jamais-observ\/\"},\"author\":{\"name\":\"master\",\"@id\":\"https:\/\/belux.edmo.eu\/#\/schema\/person\/dbe3b252258537fd318f9b5645a30342\"},\"headline\":\"La Grande Barri\u00e8re de corail ne \u00ab\u00a0prosp\u00e8re\u00a0\u00bb pas, elle subit son plus large blanchissement jamais observ\u00e9\",\"datePublished\":\"2025-08-08T08:11:55+00:00\",\"dateModified\":\"2025-08-08T08:55:40+00:00\",\"mainEntityOfPage\":{\"@id\":\"https:\/\/belux.edmo.eu\/fr\/la-grande-barrire-de-corail-ne-prospre-pas-elle-subit-son-plus-large-blanchissement-jamais-observ\/\"},\"wordCount\":2544,\"publisher\":{\"@id\":\"https:\/\/belux.edmo.eu\/#organization\"},\"image\":{\"@id\":\"https:\/\/belux.edmo.eu\/fr\/la-grande-barrire-de-corail-ne-prospre-pas-elle-subit-son-plus-large-blanchissement-jamais-observ\/#primaryimage\"},\"thumbnailUrl\":\"https:\/\/belux-edmo.s3-accelerate.amazonaws.com\/wp-content\/uploads\/2025\/08\/f09e5e2942685223375f2b64b8ba13fcccdd3d1a-ipad.jpg\",\"articleSection\":[\"Editor's Choice Slider FR\",\"Environnement\",\"Fact-Check\",\"Science\"],\"inLanguage\":\"fr-FR\"},{\"@type\":\"WebPage\",\"@id\":\"https:\/\/belux.edmo.eu\/fr\/la-grande-barrire-de-corail-ne-prospre-pas-elle-subit-son-plus-large-blanchissement-jamais-observ\/\",\"url\":\"https:\/\/belux.edmo.eu\/fr\/la-grande-barrire-de-corail-ne-prospre-pas-elle-subit-son-plus-large-blanchissement-jamais-observ\/\",\"name\":\"La Grande Barri\u00e8re de corail ne \\\"prosp\u00e8re\\\" pas, elle subit son plus large blanchissement jamais observ\u00e9 - EDMO Belux\",\"isPartOf\":{\"@id\":\"https:\/\/belux.edmo.eu\/#website\"},\"primaryImageOfPage\":{\"@id\":\"https:\/\/belux.edmo.eu\/fr\/la-grande-barrire-de-corail-ne-prospre-pas-elle-subit-son-plus-large-blanchissement-jamais-observ\/#primaryimage\"},\"image\":{\"@id\":\"https:\/\/belux.edmo.eu\/fr\/la-grande-barrire-de-corail-ne-prospre-pas-elle-subit-son-plus-large-blanchissement-jamais-observ\/#primaryimage\"},\"thumbnailUrl\":\"https:\/\/belux-edmo.s3-accelerate.amazonaws.com\/wp-content\/uploads\/2025\/08\/f09e5e2942685223375f2b64b8ba13fcccdd3d1a-ipad.jpg\",\"datePublished\":\"2025-08-08T08:11:55+00:00\",\"dateModified\":\"2025-08-08T08:55:40+00:00\",\"breadcrumb\":{\"@id\":\"https:\/\/belux.edmo.eu\/fr\/la-grande-barrire-de-corail-ne-prospre-pas-elle-subit-son-plus-large-blanchissement-jamais-observ\/#breadcrumb\"},\"inLanguage\":\"fr-FR\",\"potentialAction\":[{\"@type\":\"ReadAction\",\"target\":[\"https:\/\/belux.edmo.eu\/fr\/la-grande-barrire-de-corail-ne-prospre-pas-elle-subit-son-plus-large-blanchissement-jamais-observ\/\"]}]},{\"@type\":\"ImageObject\",\"inLanguage\":\"fr-FR\",\"@id\":\"https:\/\/belux.edmo.eu\/fr\/la-grande-barrire-de-corail-ne-prospre-pas-elle-subit-son-plus-large-blanchissement-jamais-observ\/#primaryimage\",\"url\":\"https:\/\/belux-edmo.s3-accelerate.amazonaws.com\/wp-content\/uploads\/2025\/08\/f09e5e2942685223375f2b64b8ba13fcccdd3d1a-ipad.jpg\",\"contentUrl\":\"https:\/\/belux-edmo.s3-accelerate.amazonaws.com\/wp-content\/uploads\/2025\/08\/f09e5e2942685223375f2b64b8ba13fcccdd3d1a-ipad.jpg\",\"width\":1080,\"height\":540,\"caption\":\"La Grande Barri\u00e8re de corail ne \\\"prosp\u00e8re\\\" pas, elle subit son plus large blanchissement jamais observ\u00e9 - Featured image\"},{\"@type\":\"BreadcrumbList\",\"@id\":\"https:\/\/belux.edmo.eu\/fr\/la-grande-barrire-de-corail-ne-prospre-pas-elle-subit-son-plus-large-blanchissement-jamais-observ\/#breadcrumb\",\"itemListElement\":[{\"@type\":\"ListItem\",\"position\":1,\"name\":\"Home\",\"item\":\"https:\/\/belux.edmo.eu\/fr\/\"},{\"@type\":\"ListItem\",\"position\":2,\"name\":\"La Grande Barri\u00e8re de corail ne &#8220;prosp\u00e8re&#8221; pas, elle subit son plus large blanchissement jamais observ\u00e9\"}]},{\"@type\":\"WebSite\",\"@id\":\"https:\/\/belux.edmo.eu\/#website\",\"url\":\"https:\/\/belux.edmo.eu\/\",\"name\":\"EDMO Belux\",\"description\":\"Monitoring Disinformation in Belgium and Luxembourg\",\"publisher\":{\"@id\":\"https:\/\/belux.edmo.eu\/#organization\"},\"potentialAction\":[{\"@type\":\"SearchAction\",\"target\":{\"@type\":\"EntryPoint\",\"urlTemplate\":\"https:\/\/belux.edmo.eu\/?s={search_term_string}\"},\"query-input\":{\"@type\":\"PropertyValueSpecification\",\"valueRequired\":true,\"valueName\":\"search_term_string\"}}],\"inLanguage\":\"fr-FR\"},{\"@type\":\"Organization\",\"@id\":\"https:\/\/belux.edmo.eu\/#organization\",\"name\":\"EDMO Belux\",\"url\":\"https:\/\/belux.edmo.eu\/\",\"logo\":{\"@type\":\"ImageObject\",\"inLanguage\":\"fr-FR\",\"@id\":\"https:\/\/belux.edmo.eu\/#\/schema\/logo\/image\/\",\"url\":\"https:\/\/belux.edmo.eu\/wp-content\/uploads\/2021\/12\/belux-logo-full-color-rgb.svg\",\"contentUrl\":\"https:\/\/belux.edmo.eu\/wp-content\/uploads\/2021\/12\/belux-logo-full-color-rgb.svg\",\"width\":1,\"height\":1,\"caption\":\"EDMO Belux\"},\"image\":{\"@id\":\"https:\/\/belux.edmo.eu\/#\/schema\/logo\/image\/\"},\"sameAs\":[\"https:\/\/x.com\/Edmo_Belux\"]},{\"@type\":\"Person\",\"@id\":\"https:\/\/belux.edmo.eu\/#\/schema\/person\/dbe3b252258537fd318f9b5645a30342\",\"name\":\"master\",\"sameAs\":[\"https:\/\/belux.wpengine.com\"],\"url\":\"https:\/\/belux.edmo.eu\/fr\/author\/master\/\"}]}<\/script>\n<!-- \/ Yoast SEO plugin. -->","yoast_head_json":{"title":"La Grande Barri\u00e8re de corail ne \"prosp\u00e8re\" pas, elle subit son plus large blanchissement jamais observ\u00e9 - EDMO Belux","robots":{"index":"index","follow":"follow","max-snippet":"max-snippet:-1","max-image-preview":"max-image-preview:large","max-video-preview":"max-video-preview:-1"},"canonical":"https:\/\/belux.edmo.eu\/fr\/la-grande-barrire-de-corail-ne-prospre-pas-elle-subit-son-plus-large-blanchissement-jamais-observ\/","og_locale":"fr_FR","og_type":"article","og_title":"La Grande Barri\u00e8re de corail ne \"prosp\u00e8re\" pas, elle subit son plus large blanchissement jamais observ\u00e9 - EDMO Belux","og_description":"La Grande Barri\u00e8re de corail, situ\u00e9e en Australie, a subi l'ann\u00e9e pass\u00e9e le plus large \u00e9pisode de blanchissement, un ph\u00e9nom\u00e8ne qui survient lorsque les temp\u00e9ratures de l'eau augmente, mesur\u00e9 depuis le d\u00e9but des relev\u00e9s il y a 40 ans, selon un rapport officiel men\u00e9 par des scientifiques. Pourtant, des publications sur les r\u00e9seaux sociaux assurent que l'ensemble corallien \"prosp\u00e8re\", et encha\u00eenerait des \"records de croissance\", ce qui remettrait en cause l'existence du r\u00e9chauffement climatique et son impact sur les coraux. Il s'agit d'affirmations trompeuses qui extrapolent des donn\u00e9es mesur\u00e9es sur un mois d'hiver pour tenter d'en tirer des conclusions sur l'\u00e9tat de la Grande Barri\u00e8re. Selon les experts et les donn\u00e9es \u00e0 long terme, le r\u00e9chauffement climatique reste une menace importante pour les coraux, menant \u00e0 des \u00e9pisodes de blanchissement r\u00e9currents et touchant des zones particuli\u00e8rement larges. La couverture corallienne a par ailleurs connu un d\u00e9clin pendant l'ann\u00e9e 2024-2025.","og_url":"https:\/\/belux.edmo.eu\/fr\/la-grande-barrire-de-corail-ne-prospre-pas-elle-subit-son-plus-large-blanchissement-jamais-observ\/","og_site_name":"EDMO Belux","article_published_time":"2025-08-08T08:11:55+00:00","article_modified_time":"2025-08-08T08:55:40+00:00","og_image":[{"width":1080,"height":540,"url":"https:\/\/belux-edmo.s3-accelerate.amazonaws.com\/wp-content\/uploads\/2025\/08\/f09e5e2942685223375f2b64b8ba13fcccdd3d1a-ipad.jpg","type":"image\/jpeg"}],"author":"master","twitter_card":"summary_large_image","twitter_creator":"@Edmo_Belux","twitter_site":"@Edmo_Belux","twitter_misc":{"\u00c9crit par":"master","Dur\u00e9e de lecture estim\u00e9e":"12 minutes"},"schema":{"@context":"https:\/\/schema.org","@graph":[{"@type":"Article","@id":"https:\/\/belux.edmo.eu\/fr\/la-grande-barrire-de-corail-ne-prospre-pas-elle-subit-son-plus-large-blanchissement-jamais-observ\/#article","isPartOf":{"@id":"https:\/\/belux.edmo.eu\/fr\/la-grande-barrire-de-corail-ne-prospre-pas-elle-subit-son-plus-large-blanchissement-jamais-observ\/"},"author":{"name":"master","@id":"https:\/\/belux.edmo.eu\/#\/schema\/person\/dbe3b252258537fd318f9b5645a30342"},"headline":"La Grande Barri\u00e8re de corail ne \u00ab\u00a0prosp\u00e8re\u00a0\u00bb pas, elle subit son plus large blanchissement jamais observ\u00e9","datePublished":"2025-08-08T08:11:55+00:00","dateModified":"2025-08-08T08:55:40+00:00","mainEntityOfPage":{"@id":"https:\/\/belux.edmo.eu\/fr\/la-grande-barrire-de-corail-ne-prospre-pas-elle-subit-son-plus-large-blanchissement-jamais-observ\/"},"wordCount":2544,"publisher":{"@id":"https:\/\/belux.edmo.eu\/#organization"},"image":{"@id":"https:\/\/belux.edmo.eu\/fr\/la-grande-barrire-de-corail-ne-prospre-pas-elle-subit-son-plus-large-blanchissement-jamais-observ\/#primaryimage"},"thumbnailUrl":"https:\/\/belux-edmo.s3-accelerate.amazonaws.com\/wp-content\/uploads\/2025\/08\/f09e5e2942685223375f2b64b8ba13fcccdd3d1a-ipad.jpg","articleSection":["Editor's Choice Slider FR","Environnement","Fact-Check","Science"],"inLanguage":"fr-FR"},{"@type":"WebPage","@id":"https:\/\/belux.edmo.eu\/fr\/la-grande-barrire-de-corail-ne-prospre-pas-elle-subit-son-plus-large-blanchissement-jamais-observ\/","url":"https:\/\/belux.edmo.eu\/fr\/la-grande-barrire-de-corail-ne-prospre-pas-elle-subit-son-plus-large-blanchissement-jamais-observ\/","name":"La Grande Barri\u00e8re de corail ne \"prosp\u00e8re\" pas, elle subit son plus large blanchissement jamais observ\u00e9 - EDMO Belux","isPartOf":{"@id":"https:\/\/belux.edmo.eu\/#website"},"primaryImageOfPage":{"@id":"https:\/\/belux.edmo.eu\/fr\/la-grande-barrire-de-corail-ne-prospre-pas-elle-subit-son-plus-large-blanchissement-jamais-observ\/#primaryimage"},"image":{"@id":"https:\/\/belux.edmo.eu\/fr\/la-grande-barrire-de-corail-ne-prospre-pas-elle-subit-son-plus-large-blanchissement-jamais-observ\/#primaryimage"},"thumbnailUrl":"https:\/\/belux-edmo.s3-accelerate.amazonaws.com\/wp-content\/uploads\/2025\/08\/f09e5e2942685223375f2b64b8ba13fcccdd3d1a-ipad.jpg","datePublished":"2025-08-08T08:11:55+00:00","dateModified":"2025-08-08T08:55:40+00:00","breadcrumb":{"@id":"https:\/\/belux.edmo.eu\/fr\/la-grande-barrire-de-corail-ne-prospre-pas-elle-subit-son-plus-large-blanchissement-jamais-observ\/#breadcrumb"},"inLanguage":"fr-FR","potentialAction":[{"@type":"ReadAction","target":["https:\/\/belux.edmo.eu\/fr\/la-grande-barrire-de-corail-ne-prospre-pas-elle-subit-son-plus-large-blanchissement-jamais-observ\/"]}]},{"@type":"ImageObject","inLanguage":"fr-FR","@id":"https:\/\/belux.edmo.eu\/fr\/la-grande-barrire-de-corail-ne-prospre-pas-elle-subit-son-plus-large-blanchissement-jamais-observ\/#primaryimage","url":"https:\/\/belux-edmo.s3-accelerate.amazonaws.com\/wp-content\/uploads\/2025\/08\/f09e5e2942685223375f2b64b8ba13fcccdd3d1a-ipad.jpg","contentUrl":"https:\/\/belux-edmo.s3-accelerate.amazonaws.com\/wp-content\/uploads\/2025\/08\/f09e5e2942685223375f2b64b8ba13fcccdd3d1a-ipad.jpg","width":1080,"height":540,"caption":"La Grande Barri\u00e8re de corail ne \"prosp\u00e8re\" pas, elle subit son plus large blanchissement jamais observ\u00e9 - Featured image"},{"@type":"BreadcrumbList","@id":"https:\/\/belux.edmo.eu\/fr\/la-grande-barrire-de-corail-ne-prospre-pas-elle-subit-son-plus-large-blanchissement-jamais-observ\/#breadcrumb","itemListElement":[{"@type":"ListItem","position":1,"name":"Home","item":"https:\/\/belux.edmo.eu\/fr\/"},{"@type":"ListItem","position":2,"name":"La Grande Barri\u00e8re de corail ne &#8220;prosp\u00e8re&#8221; pas, elle subit son plus large blanchissement jamais observ\u00e9"}]},{"@type":"WebSite","@id":"https:\/\/belux.edmo.eu\/#website","url":"https:\/\/belux.edmo.eu\/","name":"EDMO Belux","description":"Monitoring Disinformation in Belgium and Luxembourg","publisher":{"@id":"https:\/\/belux.edmo.eu\/#organization"},"potentialAction":[{"@type":"SearchAction","target":{"@type":"EntryPoint","urlTemplate":"https:\/\/belux.edmo.eu\/?s={search_term_string}"},"query-input":{"@type":"PropertyValueSpecification","valueRequired":true,"valueName":"search_term_string"}}],"inLanguage":"fr-FR"},{"@type":"Organization","@id":"https:\/\/belux.edmo.eu\/#organization","name":"EDMO Belux","url":"https:\/\/belux.edmo.eu\/","logo":{"@type":"ImageObject","inLanguage":"fr-FR","@id":"https:\/\/belux.edmo.eu\/#\/schema\/logo\/image\/","url":"https:\/\/belux.edmo.eu\/wp-content\/uploads\/2021\/12\/belux-logo-full-color-rgb.svg","contentUrl":"https:\/\/belux.edmo.eu\/wp-content\/uploads\/2021\/12\/belux-logo-full-color-rgb.svg","width":1,"height":1,"caption":"EDMO Belux"},"image":{"@id":"https:\/\/belux.edmo.eu\/#\/schema\/logo\/image\/"},"sameAs":["https:\/\/x.com\/Edmo_Belux"]},{"@type":"Person","@id":"https:\/\/belux.edmo.eu\/#\/schema\/person\/dbe3b252258537fd318f9b5645a30342","name":"master","sameAs":["https:\/\/belux.wpengine.com"],"url":"https:\/\/belux.edmo.eu\/fr\/author\/master\/"}]}},"menu_order":0,"_links":{"self":[{"href":"https:\/\/belux.edmo.eu\/fr\/wp-json\/wp\/v2\/posts\/399870","targetHints":{"allow":["GET"]}}],"collection":[{"href":"https:\/\/belux.edmo.eu\/fr\/wp-json\/wp\/v2\/posts"}],"about":[{"href":"https:\/\/belux.edmo.eu\/fr\/wp-json\/wp\/v2\/types\/post"}],"author":[{"embeddable":true,"href":"https:\/\/belux.edmo.eu\/fr\/wp-json\/wp\/v2\/users\/1"}],"replies":[{"embeddable":true,"href":"https:\/\/belux.edmo.eu\/fr\/wp-json\/wp\/v2\/comments?post=399870"}],"version-history":[{"count":0,"href":"https:\/\/belux.edmo.eu\/fr\/wp-json\/wp\/v2\/posts\/399870\/revisions"}],"wp:featuredmedia":[{"embeddable":true,"href":"https:\/\/belux.edmo.eu\/fr\/wp-json\/wp\/v2\/media\/399830"}],"wp:attachment":[{"href":"https:\/\/belux.edmo.eu\/fr\/wp-json\/wp\/v2\/media?parent=399870"}],"wp:term":[{"taxonomy":"category","embeddable":true,"href":"https:\/\/belux.edmo.eu\/fr\/wp-json\/wp\/v2\/categories?post=399870"},{"taxonomy":"post_tag","embeddable":true,"href":"https:\/\/belux.edmo.eu\/fr\/wp-json\/wp\/v2\/tags?post=399870"}],"curies":[{"name":"wp","href":"https:\/\/api.w.org\/{rel}","templated":true}]}}