{"id":400616,"date":"2025-09-09T07:05:14","date_gmt":"2025-09-09T07:05:14","guid":{"rendered":"https:\/\/belux.edmo.eu\/?p=400616"},"modified":"2025-09-09T08:04:44","modified_gmt":"2025-09-09T08:04:44","slug":"ces-images-virales-de-militaires-ukrainiens-prtendument-librs-aprs-des-mois-en-captivit-ne-sont-pas-relles","status":"publish","type":"post","link":"https:\/\/belux.edmo.eu\/fr\/ces-images-virales-de-militaires-ukrainiens-prtendument-librs-aprs-des-mois-en-captivit-ne-sont-pas-relles\/","title":{"rendered":"Ces images virales de militaires ukrainiens pr\u00e9tendument lib\u00e9r\u00e9s apr\u00e8s des mois en captivit\u00e9 ne sont pas r\u00e9elles"},"content":{"rendered":"<article>\n<p style=\"word-wrap: break-word;\"><strong>Sur les r\u00e9seaux sociaux, des images largement partag\u00e9es montrent des militaires ukrainiens avant et apr\u00e8s leur captivit\u00e9. Mais certaines de ces images sont en fait g\u00e9n\u00e9r\u00e9es \u00e0 l\u2019aide d\u2019une intelligence artificielle.<\/strong><\/p>\n<p style=\"word-wrap: break-word;\">\u00ab\u00a0Revenir ne veut pas dire vivre. Il a \u00e9t\u00e9 retenu prisonnier pendant 11 mois. Mais son \u00e2me n\u2019a toujours pas quitt\u00e9 cette cage.\u00a0\u00bb Ces quelques mots d\u00e9crivant l&rsquo;\u00e9tat d&rsquo;esprit d&rsquo;un militaire revenu de captivit\u00e9 sont accompagn\u00e9s de deux photos. \u00c0 gauche, un militaire pr\u00e9sent\u00e9 comme ukrainien accompagn\u00e9 d\u2019une jeune femme. \u00c0 droite, les m\u00eames personnes, mais l\u2019homme est nettement plus maigre, son visage est creus\u00e9.<\/p>\n<div>\n<div><img style=\"width: 100%; height: auto;\" src=\"https:\/\/belux-edmo.s3-accelerate.amazonaws.com\/wp-content\/uploads\/2025\/08\/d848d0ffc95620d5ccc420b2d9bf82b8-1756206802_resized.jpg\" \/><\/div>\n<p style=\"word-wrap: break-word;\"><em>\u00a9Captures d&rsquo;\u00e9crans X \/ RTBF<\/em><\/p>\n<\/div>\n<p style=\"word-wrap: break-word;\">Une recherche invers\u00e9e sur les deux photos dans diff\u00e9rents moteurs de recherche nous renvoie vers plusieurs publications dat\u00e9es de la fin du mois de juin\u00a02025 (comme <a href=\"https:\/\/archive.ph\/r8EsI\">ici sur Instagram<\/a> et <a href=\"https:\/\/archive.ph\/ZIwEr\">l\u00e0 sur Facebook<\/a>). En r\u00e9ponse \u00e0 <a href=\"https:\/\/archive.ph\/3KGTA\">un post X partageant ce montage<\/a>, un utilisateur du r\u00e9seau fait remarquer des similitudes avec une autre image. \u00ab\u00a0Faites attention \u00e0 ce que vous partagez. Il y a des photos truqu\u00e9es de prisonniers de guerre lib\u00e9r\u00e9s. Je pense que la r\u00e9alit\u00e9 est d\u00e9j\u00e0 assez dure comme \u00e7a. Inutile de r\u00e9pandre des fausses informations\u00a0\u00bb, \u00e9crit-il. On y retrouve la m\u00eame mise en sc\u00e8ne. Et surtout les visages des hommes pr\u00e9sent\u00e9s comme des militaires de retour de captivit\u00e9 se ressemblent. Ils sont aussi \u00e0 chaque fois v\u00eatus d&rsquo;un pull \u00e0 capuche. En-dessous, un texte en ukrainien sur fond rouge invite \u00e0 \u00ab\u00a0partager\u00a0\u00bb pour rendre hommage au \u00ab\u00a0h\u00e9ros\u00a0\u00bb<\/p>\n<p style=\"word-wrap: break-word;\"><a href=\"https:\/\/io.ua\/ru\/yryna-ukrayna-pryzyvaet-rasprostranyat-fejkovye\/\" target=\"_blank\" rel=\"noopener\">Le site io.ua a mis la main sur d\u2019autres images du m\u00eame style g\u00e9n\u00e9r\u00e9es par IA<\/a>. Toujours la m\u00eame logique\u00a0: un avant\/apr\u00e8s, le militaire au visage \u00e9maci\u00e9 v\u00eatu d\u2019un pull \u00e0 capuche, une invitation \u00e0 partager la publication.<\/p>\n<div>\n<div><img style=\"width: 100%; height: auto;\" src=\"https:\/\/belux-edmo.s3-accelerate.amazonaws.com\/wp-content\/uploads\/2025\/08\/1fdb70403eaa44f0cd9aa48582d4f269-1756208284_resized.jpg\" \/><\/div>\n<p style=\"word-wrap: break-word;\"><em>\u00a9 Capture d\u2019\u00e9cran via io.ua<\/em><\/p>\n<\/div>\n<div>\n<div><img style=\"width: 100%; height: auto;\" src=\"https:\/\/belux-edmo.s3-accelerate.amazonaws.com\/wp-content\/uploads\/2025\/08\/adf60016f74c92687e217e76375444c7_resized.jpg\" \/><\/div>\n<p style=\"word-wrap: break-word;\"><em>\u00a9 Capture d\u2019\u00e9cran via io.ua<\/em><\/p>\n<\/div>\n<div>\n<div><img style=\"width: 100%; height: auto;\" src=\"https:\/\/belux-edmo.s3-accelerate.amazonaws.com\/wp-content\/uploads\/2025\/08\/db69ef0455b1590b900143d306f345a4_resized.jpg\" \/><\/div>\n<p style=\"word-wrap: break-word;\"><em>\u00a9 Capture d\u2019\u00e9cran via io.ua<\/em><\/p>\n<\/div>\n<p style=\"word-wrap: break-word;\">Ces photos g\u00e9n\u00e9r\u00e9es par intelligence artificielle sont apparues quelques jours apr\u00e8s la r\u00e9v\u00e9lation d\u2019une histoire bien r\u00e9elle et accompagn\u00e9e de v\u00e9ritables images. Les faits remontent \u00e0 la mi-juin dernier. En t\u00e9moigne <a href=\"https:\/\/archive.ph\/c4pXV\">ce post Instagram dat\u00e9 du 16 juin 2025<\/a>. \u00ab\u00a0Oleksandr Strafun s\u2019est enr\u00f4l\u00e9 dans l\u2019arm\u00e9e le deuxi\u00e8me jour de l\u2019invasion. Il combattait les Russes \u00e0 Marioupol. Le 1er\u00a0mars 2022, il a contact\u00e9 sa famille pour la derni\u00e8re fois. Le 14\u00a0juin 2025, Oleksandr est rentr\u00e9 chez lui lors d\u2019un \u00e9change de prisonniers de guerre\u00a0\u00bb, peut-on lire en l\u00e9gende au-dessus de la photo. <a href=\"https:\/\/www.instagram.com\/p\/DK9aT1xMT4s\/\">Le compte officiel de l&rsquo;Ukraine sur Instagram partage lui aussi cette histoire<\/a>.<\/p>\n<div>\n<blockquote class=\"instagram-media\" style=\"background: #FFF; border: 0; border-radius: 3px; box-shadow: 0 0 1px 0 rgba(0,0,0,0.5),0 1px 10px 0 rgba(0,0,0,0.15); margin: 1px; max-width: 540px; min-width: 326px; padding: 0; width: calc(100% - 2px);\" data-instgrm-captioned=\"\" data-instgrm-permalink=\"https:\/\/www.instagram.com\/p\/DK9zud5Nl1I\/?utm_source=ig_embed&amp;utm_campaign=loading\" data-instgrm-version=\"14\">\n<div style=\"padding: 16px;\">\n<p>&nbsp;<\/p>\n<div style=\"display: flex; flex-direction: row; align-items: center;\">\n<div style=\"background-color: #f4f4f4; border-radius: 50%; flex-grow: 0; height: 40px; margin-right: 14px; width: 40px;\"><\/div>\n<div style=\"display: flex; flex-direction: column; flex-grow: 1; justify-content: center;\">\n<div style=\"background-color: #f4f4f4; border-radius: 4px; flex-grow: 0; height: 14px; margin-bottom: 6px; width: 100px;\"><\/div>\n<div style=\"background-color: #f4f4f4; border-radius: 4px; flex-grow: 0; height: 14px; width: 60px;\"><\/div>\n<\/div>\n<\/div>\n<div style=\"padding: 19% 0;\"><\/div>\n<div style=\"display: block; height: 50px; margin: 0 auto 12px; width: 50px;\"><\/div>\n<div style=\"padding-top: 8px;\">\n<div style=\"color: #3897f0; font-family: Arial,sans-serif; font-size: 14px; font-style: normal; font-weight: 550; line-height: 18px;\">Voir cette publication sur Instagram<\/div>\n<\/div>\n<div style=\"padding: 12.5% 0;\"><\/div>\n<div style=\"display: flex; flex-direction: row; margin-bottom: 14px; align-items: center;\">\n<div>\n<div style=\"background-color: #f4f4f4; border-radius: 50%; height: 12.5px; width: 12.5px; transform: translateX(0px) translateY(7px);\"><\/div>\n<div style=\"background-color: #f4f4f4; height: 12.5px; transform: rotate(-45deg) translateX(3px) translateY(1px); width: 12.5px; flex-grow: 0; margin-right: 14px; margin-left: 2px;\"><\/div>\n<div style=\"background-color: #f4f4f4; border-radius: 50%; height: 12.5px; width: 12.5px; transform: translateX(9px) translateY(-18px);\"><\/div>\n<\/div>\n<div style=\"margin-left: 8px;\">\n<div style=\"background-color: #f4f4f4; border-radius: 50%; flex-grow: 0; height: 20px; width: 20px;\"><\/div>\n<div style=\"width: 0; height: 0; border-top: 2px solid transparent; border-left: 6px solid #f4f4f4; border-bottom: 2px solid transparent; transform: translateX(16px) translateY(-4px) rotate(30deg);\"><\/div>\n<\/div>\n<div style=\"margin-left: auto;\">\n<div style=\"width: 0px; border-top: 8px solid #F4F4F4; border-right: 8px solid transparent; transform: translateY(16px);\"><\/div>\n<div style=\"background-color: #f4f4f4; flex-grow: 0; height: 12px; width: 16px; transform: translateY(-4px);\"><\/div>\n<div style=\"width: 0; height: 0; border-top: 8px solid #F4F4F4; border-left: 8px solid transparent; transform: translateY(-4px) translateX(8px);\"><\/div>\n<\/div>\n<\/div>\n<div style=\"display: flex; flex-direction: column; flex-grow: 1; justify-content: center; margin-bottom: 24px;\">\n<div style=\"background-color: #f4f4f4; border-radius: 4px; flex-grow: 0; height: 14px; margin-bottom: 6px; width: 224px;\"><\/div>\n<div style=\"background-color: #f4f4f4; border-radius: 4px; flex-grow: 0; height: 14px; width: 144px;\"><\/div>\n<\/div>\n<p>&nbsp;<\/p>\n<p style=\"word-wrap: break-word;\"><a style=\"color: #c9c8cd; font-family: Arial,sans-serif; font-size: 14px; font-style: normal; font-weight: normal; line-height: 17px; text-decoration: none;\" href=\"https:\/\/www.instagram.com\/p\/DK9zud5Nl1I\/?utm_source=ig_embed&amp;utm_campaign=loading\" target=\"_blank\" rel=\"noopener\">Une publication partag\u00e9e par Ukraine (@ukraine)<\/a><\/p>\n<\/div>\n<\/blockquote>\n<p><script async src=\"\/\/www.instagram.com\/embed.js\"><\/script><\/p>\n<\/div>\n<p style=\"word-wrap: break-word;\"><a href=\"https:\/\/www.facebook.com\/elena.yurchyna\">Sur son compte Facebook<\/a>, sa compagne Elena, <a href=\"https:\/\/archive.ph\/H8PDF\" target=\"_blank\" rel=\"noopener\">raconte la temp\u00eate m\u00e9diatique<\/a> qui a suivi la publication de photos d\u2019elle en compagnie d&rsquo;Oleksandr avant et apr\u00e8s sa captivit\u00e9. Le dernier message partag\u00e9 sur son mur, <a href=\"https:\/\/archive.ph\/TaTTj\" target=\"_blank\" rel=\"noopener\">publi\u00e9 \u00e0 l\u2019origine par une autre Elena<\/a> qui se pr\u00e9sente comme une proche du couple, d\u00e9nonce justement tous les faux r\u00e9alis\u00e9s au d\u00e9part de son histoire et de ses photos bien r\u00e9elles.<\/p>\n<p style=\"word-wrap: break-word;\">\u00ab\u00a0La premi\u00e8re photo est une photo r\u00e9elle de mes bons amis, que je connais depuis longtemps et qui m\u2019ont donn\u00e9 leurs photos personnelles, prises trois ans avant sa captivit\u00e9 et le lendemain de sa lib\u00e9ration apr\u00e8s trois ans d\u2019emprisonnement. Les photos 2, 3, 4, 5 sont g\u00e9n\u00e9r\u00e9es par l\u2019IA. Je suis s\u00fbre que toutes les autres images ont \u00e9t\u00e9 r\u00e9alis\u00e9es \u00e0 partir de la photo 1\u00a0\u00bb, <a href=\"https:\/\/archive.ph\/H8PDF\" target=\"_blank\" rel=\"noopener\">\u00e9crit-elle<\/a>. On retrouve en effet dans toutes ces fausses images le m\u00eame type de tenues et le m\u00eame visage amaigri que dans la s\u00e9rie originale.<iframe style=\"border: none; overflow: hidden;\" src=\"https:\/\/www.facebook.com\/plugins\/post.php?href=https%3A%2F%2Fwww.facebook.com%2FOlenaZolota%2Fposts%2Fpfbid02wgKJq7RKzM2CaruHcCVabUnGNFakWNf8KWLL3wvQPLfTnRjKqkjGRMjMZzHixu4jl&amp;show_text=true&amp;width=100%\" frameborder=\"0\" scrolling=\"no\" allowfullscreen=\"allowfullscreen\"><\/iframe><\/p>\n<p style=\"word-wrap: break-word;\">Malgr\u00e9 toutes nos recherches, nous n\u2019avons pas mis la main sur la source originale de ces images manipul\u00e9es qu\u2019on retrouve sur diff\u00e9rents r\u00e9seaux, de X \u00e0 Facebook en passant par Tik Tok et Instagram.\u00a0S\u2019agit-il d\u2019une strat\u00e9gie de d\u00e9stabilisation orchestr\u00e9e par la Russie pour d\u00e9cr\u00e9dibiliser le discours des militaires ukrainiens en brouillant le vrai et le faux\u00a0? Ou d\u2019une technique utilis\u00e9e par des pages pour augmenter rapidement leur audience sur les r\u00e9seaux sociaux avec des contenus \u00e0 forte valeur \u00e9motionnelle\u00a0? En tout cas, les autorit\u00e9s ukrainiennes mettent r\u00e9guli\u00e8rement en garde contre ce ph\u00e9nom\u00e8ne. La derni\u00e8re alerte du genre, <a href=\"https:\/\/cpd.gov.ua\/en\/international-threats-en\/usa\/social-media-has-intensified-the-spread-of-dangerous-ai-images\/\">publi\u00e9e sur le site internet du \u00ab\u00a0Center for countering disinformation\u00a0\u00bb ukrainien<\/a>, remonte au 19\u00a0juin 2025.<\/p>\n<\/article>\n","protected":false},"excerpt":{"rendered":"<p>Sur les r\u00e9seaux sociaux, des images largement partag\u00e9es montrent des militaires ukrainiens avant et apr\u00e8s leur captivit\u00e9. Mais certaines de&#8230;<\/p>\n","protected":false},"author":1,"featured_media":400591,"comment_status":"closed","ping_status":"closed","sticky":false,"template":"","format":"standard","meta":{"_acf_changed":false,"footnotes":""},"categories":[452,125,116,132,389,214],"tags":[],"class_list":{"0":"post-400616","1":"post","2":"type-post","3":"status-publish","4":"format-standard","5":"has-post-thumbnail","7":"category-editors-choice-fr","8":"category-fact-check-fr","9":"category-non-classifiee","10":"category-politique","11":"category-technologie-fact-check-fr-2","12":"category-ukraine-fr"},"acf":{"show_metatags":true,"id":"https:\/\/www.rtbf.be\/article\/ces-images-virales-de-militaires-ukrainiens-pretendument-liberes-apres-des-mois-en-captivite-ne-sont-pas-reelles-11591914","authors":"Par Ambroise Carton ","organization":"RTBF","featured_image_copyright":"","text_copyright":"Copyright: (C)RTBF Radio, Television Belge Francophone, plus d'infos: https:\/\/www.rtbf.be\/cgu\/        ","source":"https:\/\/www.rtbf.be\/article\/ces-images-virales-de-militaires-ukrainiens-pretendument-liberes-apres-des-mois-en-captivite-ne-sont-pas-reelles-11591914","fact_checker":"https:\/\/belux.wpengine.com\/wp-content\/uploads\/2022\/01\/rtbf-logo.jpg","share_this_post_to_edmo_website":false,"affiliation":"BELUX","type":"\u00c9v\u00e9nement ferm\u00e9","location":"","start_date":"","start_date_event_begins_at":"","start_date_event_ends_at":"","end_date":"","end_date_event_begins_at":"","end_date_event_ends_at":"","organizer":"","fact_checker_logo_image":false},"yoast_head":"<!-- This site is optimized with the Yoast SEO plugin v27.0 - https:\/\/yoast.com\/product\/yoast-seo-wordpress\/ -->\n<title>Ces images virales de militaires ukrainiens pr\u00e9tendument lib\u00e9r\u00e9s apr\u00e8s des mois en captivit\u00e9 ne sont pas r\u00e9elles - EDMO Belux<\/title>\n<meta name=\"robots\" content=\"index, follow, max-snippet:-1, max-image-preview:large, max-video-preview:-1\" \/>\n<link rel=\"canonical\" href=\"https:\/\/belux.edmo.eu\/fr\/ces-images-virales-de-militaires-ukrainiens-prtendument-librs-aprs-des-mois-en-captivit-ne-sont-pas-relles\/\" \/>\n<meta property=\"og:locale\" content=\"fr_FR\" \/>\n<meta property=\"og:type\" content=\"article\" \/>\n<meta property=\"og:title\" content=\"Ces images virales de militaires ukrainiens pr\u00e9tendument lib\u00e9r\u00e9s apr\u00e8s des mois en captivit\u00e9 ne sont pas r\u00e9elles - EDMO Belux\" \/>\n<meta property=\"og:description\" content=\"Sur les r\u00e9seaux sociaux, des images largement partag\u00e9es montrent des militaires ukrainiens avant et apr\u00e8s leur captivit\u00e9. Mais certaines de...\" \/>\n<meta property=\"og:url\" content=\"https:\/\/belux.edmo.eu\/fr\/ces-images-virales-de-militaires-ukrainiens-prtendument-librs-aprs-des-mois-en-captivit-ne-sont-pas-relles\/\" \/>\n<meta property=\"og:site_name\" content=\"EDMO Belux\" \/>\n<meta property=\"article:published_time\" content=\"2025-09-09T07:05:14+00:00\" \/>\n<meta property=\"article:modified_time\" content=\"2025-09-09T08:04:44+00:00\" \/>\n<meta property=\"og:image\" content=\"https:\/\/belux-edmo.s3-accelerate.amazonaws.com\/wp-content\/uploads\/2025\/08\/5a4be1fa34e62bb8a6ec6b91d2462f5a-1756211579_resized.jpg\" \/>\n\t<meta property=\"og:image:width\" content=\"1080\" \/>\n\t<meta property=\"og:image:height\" content=\"608\" \/>\n\t<meta property=\"og:image:type\" content=\"image\/jpeg\" \/>\n<meta name=\"author\" content=\"master\" \/>\n<meta name=\"twitter:card\" content=\"summary_large_image\" \/>\n<meta name=\"twitter:creator\" content=\"@Edmo_Belux\" \/>\n<meta name=\"twitter:site\" content=\"@Edmo_Belux\" \/>\n<meta name=\"twitter:label1\" content=\"\u00c9crit par\" \/>\n\t<meta name=\"twitter:data1\" content=\"master\" \/>\n\t<meta name=\"twitter:label2\" content=\"Dur\u00e9e de lecture estim\u00e9e\" \/>\n\t<meta name=\"twitter:data2\" content=\"4 minutes\" \/>\n<script type=\"application\/ld+json\" class=\"yoast-schema-graph\">{\"@context\":\"https:\/\/schema.org\",\"@graph\":[{\"@type\":\"Article\",\"@id\":\"https:\/\/belux.edmo.eu\/fr\/ces-images-virales-de-militaires-ukrainiens-prtendument-librs-aprs-des-mois-en-captivit-ne-sont-pas-relles\/#article\",\"isPartOf\":{\"@id\":\"https:\/\/belux.edmo.eu\/fr\/ces-images-virales-de-militaires-ukrainiens-prtendument-librs-aprs-des-mois-en-captivit-ne-sont-pas-relles\/\"},\"author\":{\"name\":\"master\",\"@id\":\"https:\/\/belux.edmo.eu\/#\/schema\/person\/dbe3b252258537fd318f9b5645a30342\"},\"headline\":\"Ces images virales de militaires ukrainiens pr\u00e9tendument lib\u00e9r\u00e9s apr\u00e8s des mois en captivit\u00e9 ne sont pas r\u00e9elles\",\"datePublished\":\"2025-09-09T07:05:14+00:00\",\"dateModified\":\"2025-09-09T08:04:44+00:00\",\"mainEntityOfPage\":{\"@id\":\"https:\/\/belux.edmo.eu\/fr\/ces-images-virales-de-militaires-ukrainiens-prtendument-librs-aprs-des-mois-en-captivit-ne-sont-pas-relles\/\"},\"wordCount\":799,\"publisher\":{\"@id\":\"https:\/\/belux.edmo.eu\/#organization\"},\"image\":{\"@id\":\"https:\/\/belux.edmo.eu\/fr\/ces-images-virales-de-militaires-ukrainiens-prtendument-librs-aprs-des-mois-en-captivit-ne-sont-pas-relles\/#primaryimage\"},\"thumbnailUrl\":\"https:\/\/belux-edmo.s3-accelerate.amazonaws.com\/wp-content\/uploads\/2025\/08\/5a4be1fa34e62bb8a6ec6b91d2462f5a-1756211579_resized.jpg\",\"articleSection\":[\"Editor's Choice Slider FR\",\"Fact-Check\",\"Non classifi\u00e9(e)\",\"Politique\",\"Technologie\",\"Ukraine\"],\"inLanguage\":\"fr-FR\"},{\"@type\":\"WebPage\",\"@id\":\"https:\/\/belux.edmo.eu\/fr\/ces-images-virales-de-militaires-ukrainiens-prtendument-librs-aprs-des-mois-en-captivit-ne-sont-pas-relles\/\",\"url\":\"https:\/\/belux.edmo.eu\/fr\/ces-images-virales-de-militaires-ukrainiens-prtendument-librs-aprs-des-mois-en-captivit-ne-sont-pas-relles\/\",\"name\":\"Ces images virales de militaires ukrainiens pr\u00e9tendument lib\u00e9r\u00e9s apr\u00e8s des mois en captivit\u00e9 ne sont pas r\u00e9elles - EDMO Belux\",\"isPartOf\":{\"@id\":\"https:\/\/belux.edmo.eu\/#website\"},\"primaryImageOfPage\":{\"@id\":\"https:\/\/belux.edmo.eu\/fr\/ces-images-virales-de-militaires-ukrainiens-prtendument-librs-aprs-des-mois-en-captivit-ne-sont-pas-relles\/#primaryimage\"},\"image\":{\"@id\":\"https:\/\/belux.edmo.eu\/fr\/ces-images-virales-de-militaires-ukrainiens-prtendument-librs-aprs-des-mois-en-captivit-ne-sont-pas-relles\/#primaryimage\"},\"thumbnailUrl\":\"https:\/\/belux-edmo.s3-accelerate.amazonaws.com\/wp-content\/uploads\/2025\/08\/5a4be1fa34e62bb8a6ec6b91d2462f5a-1756211579_resized.jpg\",\"datePublished\":\"2025-09-09T07:05:14+00:00\",\"dateModified\":\"2025-09-09T08:04:44+00:00\",\"breadcrumb\":{\"@id\":\"https:\/\/belux.edmo.eu\/fr\/ces-images-virales-de-militaires-ukrainiens-prtendument-librs-aprs-des-mois-en-captivit-ne-sont-pas-relles\/#breadcrumb\"},\"inLanguage\":\"fr-FR\",\"potentialAction\":[{\"@type\":\"ReadAction\",\"target\":[\"https:\/\/belux.edmo.eu\/fr\/ces-images-virales-de-militaires-ukrainiens-prtendument-librs-aprs-des-mois-en-captivit-ne-sont-pas-relles\/\"]}]},{\"@type\":\"ImageObject\",\"inLanguage\":\"fr-FR\",\"@id\":\"https:\/\/belux.edmo.eu\/fr\/ces-images-virales-de-militaires-ukrainiens-prtendument-librs-aprs-des-mois-en-captivit-ne-sont-pas-relles\/#primaryimage\",\"url\":\"https:\/\/belux-edmo.s3-accelerate.amazonaws.com\/wp-content\/uploads\/2025\/08\/5a4be1fa34e62bb8a6ec6b91d2462f5a-1756211579_resized.jpg\",\"contentUrl\":\"https:\/\/belux-edmo.s3-accelerate.amazonaws.com\/wp-content\/uploads\/2025\/08\/5a4be1fa34e62bb8a6ec6b91d2462f5a-1756211579_resized.jpg\",\"width\":1080,\"height\":608,\"caption\":\"Ces images virales de militaires ukrainiens pr\u00e9tendument lib\u00e9r\u00e9s apr\u00e8s des mois en captivit\u00e9 ne sont pas r\u00e9elles - Featured image\"},{\"@type\":\"BreadcrumbList\",\"@id\":\"https:\/\/belux.edmo.eu\/fr\/ces-images-virales-de-militaires-ukrainiens-prtendument-librs-aprs-des-mois-en-captivit-ne-sont-pas-relles\/#breadcrumb\",\"itemListElement\":[{\"@type\":\"ListItem\",\"position\":1,\"name\":\"Home\",\"item\":\"https:\/\/belux.edmo.eu\/fr\/\"},{\"@type\":\"ListItem\",\"position\":2,\"name\":\"Ces images virales de militaires ukrainiens pr\u00e9tendument lib\u00e9r\u00e9s apr\u00e8s des mois en captivit\u00e9 ne sont pas r\u00e9elles\"}]},{\"@type\":\"WebSite\",\"@id\":\"https:\/\/belux.edmo.eu\/#website\",\"url\":\"https:\/\/belux.edmo.eu\/\",\"name\":\"EDMO Belux\",\"description\":\"Monitoring Disinformation in Belgium and Luxembourg\",\"publisher\":{\"@id\":\"https:\/\/belux.edmo.eu\/#organization\"},\"potentialAction\":[{\"@type\":\"SearchAction\",\"target\":{\"@type\":\"EntryPoint\",\"urlTemplate\":\"https:\/\/belux.edmo.eu\/?s={search_term_string}\"},\"query-input\":{\"@type\":\"PropertyValueSpecification\",\"valueRequired\":true,\"valueName\":\"search_term_string\"}}],\"inLanguage\":\"fr-FR\"},{\"@type\":\"Organization\",\"@id\":\"https:\/\/belux.edmo.eu\/#organization\",\"name\":\"EDMO Belux\",\"url\":\"https:\/\/belux.edmo.eu\/\",\"logo\":{\"@type\":\"ImageObject\",\"inLanguage\":\"fr-FR\",\"@id\":\"https:\/\/belux.edmo.eu\/#\/schema\/logo\/image\/\",\"url\":\"https:\/\/belux.edmo.eu\/wp-content\/uploads\/2021\/12\/belux-logo-full-color-rgb.svg\",\"contentUrl\":\"https:\/\/belux.edmo.eu\/wp-content\/uploads\/2021\/12\/belux-logo-full-color-rgb.svg\",\"width\":1,\"height\":1,\"caption\":\"EDMO Belux\"},\"image\":{\"@id\":\"https:\/\/belux.edmo.eu\/#\/schema\/logo\/image\/\"},\"sameAs\":[\"https:\/\/x.com\/Edmo_Belux\"]},{\"@type\":\"Person\",\"@id\":\"https:\/\/belux.edmo.eu\/#\/schema\/person\/dbe3b252258537fd318f9b5645a30342\",\"name\":\"master\",\"sameAs\":[\"https:\/\/belux.wpengine.com\"],\"url\":\"https:\/\/belux.edmo.eu\/fr\/author\/master\/\"}]}<\/script>\n<!-- \/ Yoast SEO plugin. -->","yoast_head_json":{"title":"Ces images virales de militaires ukrainiens pr\u00e9tendument lib\u00e9r\u00e9s apr\u00e8s des mois en captivit\u00e9 ne sont pas r\u00e9elles - EDMO Belux","robots":{"index":"index","follow":"follow","max-snippet":"max-snippet:-1","max-image-preview":"max-image-preview:large","max-video-preview":"max-video-preview:-1"},"canonical":"https:\/\/belux.edmo.eu\/fr\/ces-images-virales-de-militaires-ukrainiens-prtendument-librs-aprs-des-mois-en-captivit-ne-sont-pas-relles\/","og_locale":"fr_FR","og_type":"article","og_title":"Ces images virales de militaires ukrainiens pr\u00e9tendument lib\u00e9r\u00e9s apr\u00e8s des mois en captivit\u00e9 ne sont pas r\u00e9elles - EDMO Belux","og_description":"Sur les r\u00e9seaux sociaux, des images largement partag\u00e9es montrent des militaires ukrainiens avant et apr\u00e8s leur captivit\u00e9. Mais certaines de...","og_url":"https:\/\/belux.edmo.eu\/fr\/ces-images-virales-de-militaires-ukrainiens-prtendument-librs-aprs-des-mois-en-captivit-ne-sont-pas-relles\/","og_site_name":"EDMO Belux","article_published_time":"2025-09-09T07:05:14+00:00","article_modified_time":"2025-09-09T08:04:44+00:00","og_image":[{"width":1080,"height":608,"url":"https:\/\/belux-edmo.s3-accelerate.amazonaws.com\/wp-content\/uploads\/2025\/08\/5a4be1fa34e62bb8a6ec6b91d2462f5a-1756211579_resized.jpg","type":"image\/jpeg"}],"author":"master","twitter_card":"summary_large_image","twitter_creator":"@Edmo_Belux","twitter_site":"@Edmo_Belux","twitter_misc":{"\u00c9crit par":"master","Dur\u00e9e de lecture estim\u00e9e":"4 minutes"},"schema":{"@context":"https:\/\/schema.org","@graph":[{"@type":"Article","@id":"https:\/\/belux.edmo.eu\/fr\/ces-images-virales-de-militaires-ukrainiens-prtendument-librs-aprs-des-mois-en-captivit-ne-sont-pas-relles\/#article","isPartOf":{"@id":"https:\/\/belux.edmo.eu\/fr\/ces-images-virales-de-militaires-ukrainiens-prtendument-librs-aprs-des-mois-en-captivit-ne-sont-pas-relles\/"},"author":{"name":"master","@id":"https:\/\/belux.edmo.eu\/#\/schema\/person\/dbe3b252258537fd318f9b5645a30342"},"headline":"Ces images virales de militaires ukrainiens pr\u00e9tendument lib\u00e9r\u00e9s apr\u00e8s des mois en captivit\u00e9 ne sont pas r\u00e9elles","datePublished":"2025-09-09T07:05:14+00:00","dateModified":"2025-09-09T08:04:44+00:00","mainEntityOfPage":{"@id":"https:\/\/belux.edmo.eu\/fr\/ces-images-virales-de-militaires-ukrainiens-prtendument-librs-aprs-des-mois-en-captivit-ne-sont-pas-relles\/"},"wordCount":799,"publisher":{"@id":"https:\/\/belux.edmo.eu\/#organization"},"image":{"@id":"https:\/\/belux.edmo.eu\/fr\/ces-images-virales-de-militaires-ukrainiens-prtendument-librs-aprs-des-mois-en-captivit-ne-sont-pas-relles\/#primaryimage"},"thumbnailUrl":"https:\/\/belux-edmo.s3-accelerate.amazonaws.com\/wp-content\/uploads\/2025\/08\/5a4be1fa34e62bb8a6ec6b91d2462f5a-1756211579_resized.jpg","articleSection":["Editor's Choice Slider FR","Fact-Check","Non classifi\u00e9(e)","Politique","Technologie","Ukraine"],"inLanguage":"fr-FR"},{"@type":"WebPage","@id":"https:\/\/belux.edmo.eu\/fr\/ces-images-virales-de-militaires-ukrainiens-prtendument-librs-aprs-des-mois-en-captivit-ne-sont-pas-relles\/","url":"https:\/\/belux.edmo.eu\/fr\/ces-images-virales-de-militaires-ukrainiens-prtendument-librs-aprs-des-mois-en-captivit-ne-sont-pas-relles\/","name":"Ces images virales de militaires ukrainiens pr\u00e9tendument lib\u00e9r\u00e9s apr\u00e8s des mois en captivit\u00e9 ne sont pas r\u00e9elles - EDMO Belux","isPartOf":{"@id":"https:\/\/belux.edmo.eu\/#website"},"primaryImageOfPage":{"@id":"https:\/\/belux.edmo.eu\/fr\/ces-images-virales-de-militaires-ukrainiens-prtendument-librs-aprs-des-mois-en-captivit-ne-sont-pas-relles\/#primaryimage"},"image":{"@id":"https:\/\/belux.edmo.eu\/fr\/ces-images-virales-de-militaires-ukrainiens-prtendument-librs-aprs-des-mois-en-captivit-ne-sont-pas-relles\/#primaryimage"},"thumbnailUrl":"https:\/\/belux-edmo.s3-accelerate.amazonaws.com\/wp-content\/uploads\/2025\/08\/5a4be1fa34e62bb8a6ec6b91d2462f5a-1756211579_resized.jpg","datePublished":"2025-09-09T07:05:14+00:00","dateModified":"2025-09-09T08:04:44+00:00","breadcrumb":{"@id":"https:\/\/belux.edmo.eu\/fr\/ces-images-virales-de-militaires-ukrainiens-prtendument-librs-aprs-des-mois-en-captivit-ne-sont-pas-relles\/#breadcrumb"},"inLanguage":"fr-FR","potentialAction":[{"@type":"ReadAction","target":["https:\/\/belux.edmo.eu\/fr\/ces-images-virales-de-militaires-ukrainiens-prtendument-librs-aprs-des-mois-en-captivit-ne-sont-pas-relles\/"]}]},{"@type":"ImageObject","inLanguage":"fr-FR","@id":"https:\/\/belux.edmo.eu\/fr\/ces-images-virales-de-militaires-ukrainiens-prtendument-librs-aprs-des-mois-en-captivit-ne-sont-pas-relles\/#primaryimage","url":"https:\/\/belux-edmo.s3-accelerate.amazonaws.com\/wp-content\/uploads\/2025\/08\/5a4be1fa34e62bb8a6ec6b91d2462f5a-1756211579_resized.jpg","contentUrl":"https:\/\/belux-edmo.s3-accelerate.amazonaws.com\/wp-content\/uploads\/2025\/08\/5a4be1fa34e62bb8a6ec6b91d2462f5a-1756211579_resized.jpg","width":1080,"height":608,"caption":"Ces images virales de militaires ukrainiens pr\u00e9tendument lib\u00e9r\u00e9s apr\u00e8s des mois en captivit\u00e9 ne sont pas r\u00e9elles - Featured image"},{"@type":"BreadcrumbList","@id":"https:\/\/belux.edmo.eu\/fr\/ces-images-virales-de-militaires-ukrainiens-prtendument-librs-aprs-des-mois-en-captivit-ne-sont-pas-relles\/#breadcrumb","itemListElement":[{"@type":"ListItem","position":1,"name":"Home","item":"https:\/\/belux.edmo.eu\/fr\/"},{"@type":"ListItem","position":2,"name":"Ces images virales de militaires ukrainiens pr\u00e9tendument lib\u00e9r\u00e9s apr\u00e8s des mois en captivit\u00e9 ne sont pas r\u00e9elles"}]},{"@type":"WebSite","@id":"https:\/\/belux.edmo.eu\/#website","url":"https:\/\/belux.edmo.eu\/","name":"EDMO Belux","description":"Monitoring Disinformation in Belgium and Luxembourg","publisher":{"@id":"https:\/\/belux.edmo.eu\/#organization"},"potentialAction":[{"@type":"SearchAction","target":{"@type":"EntryPoint","urlTemplate":"https:\/\/belux.edmo.eu\/?s={search_term_string}"},"query-input":{"@type":"PropertyValueSpecification","valueRequired":true,"valueName":"search_term_string"}}],"inLanguage":"fr-FR"},{"@type":"Organization","@id":"https:\/\/belux.edmo.eu\/#organization","name":"EDMO Belux","url":"https:\/\/belux.edmo.eu\/","logo":{"@type":"ImageObject","inLanguage":"fr-FR","@id":"https:\/\/belux.edmo.eu\/#\/schema\/logo\/image\/","url":"https:\/\/belux.edmo.eu\/wp-content\/uploads\/2021\/12\/belux-logo-full-color-rgb.svg","contentUrl":"https:\/\/belux.edmo.eu\/wp-content\/uploads\/2021\/12\/belux-logo-full-color-rgb.svg","width":1,"height":1,"caption":"EDMO Belux"},"image":{"@id":"https:\/\/belux.edmo.eu\/#\/schema\/logo\/image\/"},"sameAs":["https:\/\/x.com\/Edmo_Belux"]},{"@type":"Person","@id":"https:\/\/belux.edmo.eu\/#\/schema\/person\/dbe3b252258537fd318f9b5645a30342","name":"master","sameAs":["https:\/\/belux.wpengine.com"],"url":"https:\/\/belux.edmo.eu\/fr\/author\/master\/"}]}},"menu_order":0,"_links":{"self":[{"href":"https:\/\/belux.edmo.eu\/fr\/wp-json\/wp\/v2\/posts\/400616","targetHints":{"allow":["GET"]}}],"collection":[{"href":"https:\/\/belux.edmo.eu\/fr\/wp-json\/wp\/v2\/posts"}],"about":[{"href":"https:\/\/belux.edmo.eu\/fr\/wp-json\/wp\/v2\/types\/post"}],"author":[{"embeddable":true,"href":"https:\/\/belux.edmo.eu\/fr\/wp-json\/wp\/v2\/users\/1"}],"replies":[{"embeddable":true,"href":"https:\/\/belux.edmo.eu\/fr\/wp-json\/wp\/v2\/comments?post=400616"}],"version-history":[{"count":0,"href":"https:\/\/belux.edmo.eu\/fr\/wp-json\/wp\/v2\/posts\/400616\/revisions"}],"wp:featuredmedia":[{"embeddable":true,"href":"https:\/\/belux.edmo.eu\/fr\/wp-json\/wp\/v2\/media\/400591"}],"wp:attachment":[{"href":"https:\/\/belux.edmo.eu\/fr\/wp-json\/wp\/v2\/media?parent=400616"}],"wp:term":[{"taxonomy":"category","embeddable":true,"href":"https:\/\/belux.edmo.eu\/fr\/wp-json\/wp\/v2\/categories?post=400616"},{"taxonomy":"post_tag","embeddable":true,"href":"https:\/\/belux.edmo.eu\/fr\/wp-json\/wp\/v2\/tags?post=400616"}],"curies":[{"name":"wp","href":"https:\/\/api.w.org\/{rel}","templated":true}]}}