{"id":402526,"date":"2025-10-03T11:16:51","date_gmt":"2025-10-03T11:16:51","guid":{"rendered":"https:\/\/belux.edmo.eu\/?p=402526"},"modified":"2025-10-03T12:04:04","modified_gmt":"2025-10-03T12:04:04","slug":"non-larrestation-dun-chercheur-ne-prouve-pas-un-lien-entre-le-vaccin-ror-et-lautisme","status":"publish","type":"post","link":"https:\/\/belux.edmo.eu\/fr\/non-larrestation-dun-chercheur-ne-prouve-pas-un-lien-entre-le-vaccin-ror-et-lautisme\/","title":{"rendered":"Non, l&rsquo;arrestation d&rsquo;un chercheur ne prouve pas un lien entre le vaccin ROR et l&rsquo;autisme"},"content":{"rendered":"<p><strong>Le chercheur danois Poul Thorsen, accus\u00e9 d&rsquo;avoir d\u00e9tourn\u00e9 des fonds accord\u00e9s par les Centres pour le contr\u00f4le et la pr\u00e9vention des maladies (CDC) am\u00e9ricains, a \u00e9t\u00e9 arr\u00eat\u00e9 en juin 2025. Depuis plusieurs semaines, des publications sur les r\u00e9seaux sociaux affirment que son arrestation invalide un article dont il est co-auteur et qui d\u00e9montre l&rsquo;absence de lien entre le vaccin contre la rougeole, les oreillons et la rub\u00e9ole (ROR), et l&rsquo;autisme. Mais c&rsquo;est faux: les conclusions de cette \u00e9tude ne sont pas remises en cause, affirment des experts interrog\u00e9s par l&rsquo;AFP, et de nombreuses \u00e9tudes ult\u00e9rieures ont syst\u00e9matiquement montr\u00e9 que l&rsquo;autisme n&rsquo;\u00e9tait pas caus\u00e9 par les vaccins.<\/strong><\/p>\n<p>\u00ab\u00a0<em>Poul Thorsen, &lsquo;grand expert&rsquo; de l&rsquo;autisme et de la vaccination<\/em><em>[et auteur de plusieurs &lsquo;\u00e9tudes&rsquo; servant de &lsquo;r\u00e9f\u00e9rences&rsquo; pour nier l\u2019\u00e9vidence du lien entre les vaccinations g\u00e9n\u00e9ralis\u00e9es et l\u2019autisme g\u00e9n\u00e9ralis\u00e9] a \u00e9t\u00e9 arr\u00eat\u00e9 en Allemagne apr\u00e8s avoir vol\u00e9 1 million de dollars au CDC<\/em>&lsquo;, \u00e9crivent plusieurs internautes sur les r\u00e9seaux sociaux (<a href=\"https:\/\/perma.cc\/MRN5-RSK4\" target=\"_blank\" rel=\"appearance frozen nofollow noopener\" shape=\"rect\">1<\/a>, <a href=\"https:\/\/perma.cc\/CTB6-BP4Z\" target=\"_blank\" rel=\"appearance frozen nofollow noopener\" shape=\"rect\">2<\/a>, <a href=\"https:\/\/web.archive.org\/web\/20250929120103\/https:\/\/www.facebook.com\/favicon.ico\" target=\"_blank\" rel=\"appearance frozen nofollow noopener\" shape=\"rect\">3<\/a>).<\/p>\n<p>\u00ab\u00a0<em>Cette arrestation signe une victoire de plus pour le mouvement MAHA et pour la communaut\u00e9 concern\u00e9e par l&rsquo;autisme, parce que Thorsen \u00e9tait l&rsquo;un des principaux auteurs de plusieurs \u00e9tudes de r\u00e9f\u00e9rence r\u00e9futant le lien avec la vaccination<\/em>\u00ab\u00a0, ajoutent-ils.<\/p>\n<div class=\"grid-with-margin\">\n<div class=\"e-afp-col-layout\">\n<div class=\"g2picture\">\n<figure><img src=\"https:\/\/belux-edmo.s3-accelerate.amazonaws.com\/wp-content\/uploads\/2025\/09\/6466262e5d7db712f6098d793a0349734c78f551-ipad_resized.jpg\" \/><figcaption>Capture d&rsquo;\u00e9cran d&rsquo;une publication sur X, r\u00e9alis\u00e9e le 30\/09\/2025. Croix orange ajout\u00e9e par l&rsquo;AFP.<\/figcaption><\/figure>\n<\/div>\n<\/div>\n<div class=\"e-afp-col-layout\">\n<div class=\"g2picture\">\n<figure><img src=\"https:\/\/belux-edmo.s3-accelerate.amazonaws.com\/wp-content\/uploads\/2025\/09\/4abafbfbc0f1ef5eff2f1e8e4a9101a9b0c9a9f6-ipad_resized.jpg\" \/><figcaption>Capture d&rsquo;\u00e9cran d&rsquo;une publication sur X, r\u00e9alis\u00e9e le 30\/09\/2025. Croix orange ajout\u00e9e par l&rsquo;AFP.<\/figcaption><\/figure>\n<\/div>\n<\/div>\n<\/div>\n<p>Des publications similaires ont \u00e9galement \u00e9t\u00e9 largement partag\u00e9es <a href=\"https:\/\/perma.cc\/4H6A-A9NZ?type=image\" target=\"_blank\" rel=\"appearance frozen nofollow noopener\" shape=\"rect\">en anglais<\/a> et <a href=\"https:\/\/web.archive.org\/web\/20250925143405\/https:\/\/www.facebook.com\/plugins\/post.php?href=https%3A%2F%2Fwww.facebook.com%2Fautismomismo80%2Fposts%2Fpfbid02kWwEy6wNCUZz3EwEEe2LEbR3uV8pwmGDpZtM1E3orLF57crSz7FvDRFstnotTm8zl\" target=\"_blank\" rel=\"appearance frozen nofollow noopener\" shape=\"rect\">en espagnol<\/a>.<\/p>\n<p>Mais si Poul Thorsen a bien \u00e9t\u00e9 arr\u00eat\u00e9 en juin, cette arrestation ne remet pas en cause les conclusions de son \u00e9tude qui d\u00e9montre l&rsquo;absence de lien entre le vaccin contre la rougeole, les oreillons et la rub\u00e9ole (ROR), et l&rsquo;autisme &#8211; ce que la litt\u00e9rature scientifique confirme \u00e9galement.<\/p>\n<p><b>Inculpation pour blanchiment d&rsquo;argent<\/b><\/p>\n<p>Poul Thorsen a \u00e9t\u00e9 inculp\u00e9 en avril 2011 de <a href=\"https:\/\/www.justice.gov\/archive\/usao\/gan\/press\/2011\/04-13-11.html\" target=\"_blank\" rel=\"evidence nofollow noopener\" shape=\"rect\">22 chefs d&rsquo;accusation<\/a> pour fraude \u00e9lectronique et blanchiment d&rsquo;argent. A l&rsquo;\u00e9poque, la procureure g\u00e9n\u00e9rale des \u00c9tats-Unis, Sally Quillian Yates, avait d\u00e9clar\u00e9 qu&rsquo;il \u00e9tait \u00ab\u00a0<em>soup\u00e7onn\u00e9 d&rsquo;avoir orchestr\u00e9 un stratag\u00e8me visant \u00e0 d\u00e9tourner plus d&rsquo;un million de dollars de subventions du CDC<\/em> [les centres am\u00e9ricains pour le contr\u00f4le et la pr\u00e9vention des maladies, NDLR]<em> destin\u00e9es \u00e0 la recherche sur l&rsquo;autisme <\/em>\u00ab\u00a0(lien archiv\u00e9 <a href=\"https:\/\/perma.cc\/E4LU-C4V2\" target=\"_blank\" rel=\"evidence frozen nofollow noopener\" shape=\"rect\">ici<\/a>).<\/p>\n<p>Il a \u00e9t\u00e9 arr\u00eat\u00e9 le 4 juin 2025 en Allemagne et les \u00c9tats-Unis demandent son extradition, selon <a href=\"https:\/\/oig.hhs.gov\/fraud\/fugitives\/poul-thorsen\/\" target=\"_blank\" rel=\"evidence nofollow noopener\" shape=\"rect\">un avis<\/a> publi\u00e9 par le Bureau de l&rsquo;inspecteur g\u00e9n\u00e9ral du minist\u00e8re am\u00e9ricain de la Sant\u00e9 et des Services sociaux (lien archiv\u00e9 <a href=\"https:\/\/perma.cc\/3R5H-ALLM\" target=\"_blank\" rel=\"evidence frozen nofollow noopener\" shape=\"rect\">ici<\/a>).<\/p>\n<p>Les publications sur les r\u00e9seaux sociaux &#8211; qui semblent faire suite \u00e0 un article publi\u00e9\u00a0le 15 septembre par <a href=\"https:\/\/perma.cc\/JX2H-NBBR\" target=\"_blank\" rel=\"evidence frozen nofollow noopener\" shape=\"rect\">Breitbart News<\/a> &#8211; expliquent que cette arrestation discr\u00e9dite les r\u00e9sultats des travaux de Poul Thorsen sur les vaccins et l&rsquo;autisme. Ce qui n&rsquo;est pas le cas, selon les experts interrog\u00e9s par l&rsquo;AFP.<\/p>\n<p>Les posts citent notamment <a href=\"https:\/\/www.nejm.org\/doi\/full\/10.1056\/NEJMoa021134\" target=\"_blank\" rel=\"evidence nofollow noopener\" shape=\"rect\">cette \u00e9tude<\/a> publi\u00e9e en 2002 dans le New England Journal of Medicine (lien archiv\u00e9 <a href=\"https:\/\/archive.is\/OkVAF\" target=\"_blank\" rel=\"evidence frozen nofollow noopener\" shape=\"rect\">ici<\/a>) et intitul\u00e9e :\u00a0\u00ab\u00a0<em>\u00c9tude d\u00e9mographique sur la vaccination contre la rougeole, les oreillons et la rub\u00e9ole et l&rsquo;autisme<\/em>\u00ab\u00a0.<\/p>\n<p>Selon ses auteurs, celle-ci fournit \u00ab\u00a0<em>des preuves solides\u00a0contre l&rsquo;hypoth\u00e8se selon laquelle la vaccination ROR provoque l&rsquo;autisme<\/em>\u00ab\u00a0.<\/p>\n<p>\u00ab\u00a0<em>L&rsquo;id\u00e9e et le concept de recherche sont les miens<\/em>\u00ab\u00a0, a expliqu\u00e9 \u00e0 l&rsquo;AFP l&rsquo;auteur principal de l&rsquo;\u00e9tude, <a href=\"https:\/\/scholar.google.com\/citations?user=yM_6vkQAAAAJ&amp;hl=en\" target=\"_blank\" rel=\"evidence nofollow noopener\" shape=\"rect\">Kreesten Madsen<\/a>, le 19 septembre, et\u00a0<em>\u00ab\u00a0l&rsquo;acquisition, la premi\u00e8re analyse et l&rsquo;interpr\u00e9tation des donn\u00e9es ont \u00e9t\u00e9 effectu\u00e9es sans Poul Thorsen<\/em>\u00ab\u00a0.<\/p>\n<p>L&rsquo;expert a ainsi expliqu\u00e9 que M. Thorsen n&rsquo;\u00e9tait pas au centre de ces travaux et n&rsquo;avait jamais eu acc\u00e8s aux donn\u00e9es, mais a permis des contacts avec le CDC, l&rsquo;un des nombreux bailleurs de fonds pour cette \u00e9tude.<\/p>\n<p>Contact\u00e9e, la revue\u00a0New England Journal of Medicine a \u00e9galement d\u00e9clar\u00e9 n&rsquo;avoir trouv\u00e9 aucun probl\u00e8me dans l&rsquo;article, malgr\u00e9 l&rsquo;inculpation de Poul Thorsen. \u00ab\u00a0<em>Les conclusions de l&rsquo;\u00e9tude restent valables et concordent avec les nombreuses recherches ult\u00e9rieures qui n&rsquo;ont montr\u00e9 aucun lien entre le vaccin ROR et l&rsquo;autisme\u00a0\u00bb<\/em>, a ainsi d\u00e9clar\u00e9 \u00e0 l&rsquo;AFP un porte-parole de la revue, le 20 septembre.<\/p>\n<p>De m\u00eame, <a href=\"https:\/\/psychology.sas.upenn.edu\/people\/david-mandell\" target=\"_blank\" rel=\"evidence nofollow noopener\" shape=\"rect\">David Mandell<\/a>, directeur du Penn Center for Mental Health de la facult\u00e9 de m\u00e9decine de l&rsquo;universit\u00e9 de Pennsylvanie, a expliqu\u00e9 avoir examin\u00e9 la m\u00e9thodologie de l&rsquo;article et a affirm\u00e9 \u00e0 l&rsquo;AFP le 22 septembre que \u00ab\u00a0<em>les m\u00e9thodes sont tout \u00e0 fait conformes \u00e0 ce que nous consid\u00e9rons comme une science de haute qualit\u00e9<\/em>\u00ab\u00a0.<\/p>\n<p>\u00ab\u00a0<em>Alors oui, traduisez-le en justice pour avoir d\u00e9tourn\u00e9 des fonds du CDC. Mais ne confondons pas cela avec la validit\u00e9 des travaux scientifiques men\u00e9s par ce groupe et de nombreux autres groupes<\/em>\u00ab\u00a0, a-t-il ajout\u00e9.<\/p>\n<p><b>Pas de liens entre vaccins et autisme<\/b><\/p>\n<p>Depuis plus de vingt ans, la m\u00e9fiance envers le vaccin ROR s&rsquo;est accentu\u00e9e, se fondant en particulier sur une \u00e9tude publi\u00e9e en 1998 dans la revue m\u00e9dicale prestigieuse\u00a0<em>The Lancet,<\/em>\u00a0qui sugg\u00e9rait un lien entre la vaccination ROR et l&rsquo;autisme.<\/p>\n<p>Cependant,\u00a0<strong>l&rsquo;\u00e9tude s&rsquo;est r\u00e9v\u00e9l\u00e9e \u00eatre un \u00ab\u00a0<em>trucage<\/em>\u00ab\u00a0<\/strong>\u00a0de son auteur Andrew Wakefield, comme d\u00e9taill\u00e9 dans cet\u00a0<a href=\"https:\/\/www.lefigaro.fr\/flash-actu\/2011\/01\/06\/97001-20110106FILWWW00387-lien-vaccin-ror-autisme-un-trucage.php\" target=\"_blank\" rel=\"evidence nofollow noopener\" shape=\"rect\">article<\/a>\u00a0de l&rsquo;AFP, mais ni le d\u00e9menti officiel de la revue, ni le retrait de l&rsquo;article, ni les multiples travaux post\u00e9rieurs d\u00e9montrant l&rsquo;absence de lien, n&rsquo;ont fait cesser la d\u00e9sinformation autour de ce vaccin.<\/p>\n<p>Depuis la nomination de Robert Kennedy Jr. en d\u00e9but d&rsquo;ann\u00e9e \u00e0 la t\u00eate du minist\u00e8re de la Sant\u00e9 am\u00e9ricain par le pr\u00e9sident Donald Trump, cette th\u00e9orie conna\u00eet un regain d&rsquo;int\u00e9r\u00eat\u00a0<a href=\"https:\/\/factuel.afp.com\/doc.afp.com.36MR8GC\" target=\"_blank\" rel=\"evidence nofollow noopener\" shape=\"rect\">anti-vaccin notoire<\/a>. RFK Jr a en effet partag\u00e9 plusieurs fois cette infox, comme lors d&rsquo;une <a href=\"https:\/\/www.foxnews.com\/video\/6330950198112\" target=\"_blank\" rel=\"evidence nofollow noopener\" shape=\"rect\">interview<\/a>\u00a0pour\u00a0Fox News\u00a0en juillet 2023 (lien archiv\u00e9\u00a0<a href=\"https:\/\/archive.ph\/sNhDM\" target=\"_blank\" rel=\"evidence frozen nofollow noopener\" shape=\"rect\">ici<\/a>) o\u00f9 il d\u00e9clarait : \u00ab\u00a0<em>Je pense que l&rsquo;autisme est d\u00fb aux vaccins.<\/em>\u00a0\u00bb<\/p>\n<p>En avril, il avait promis de r\u00e9v\u00e9ler les \u00ab\u00a0<em>causes<\/em>\u00a0\u00bb de ce qu&rsquo;il nomme une \u00ab\u00a0<em>\u00e9pid\u00e9mie<\/em>\u00a0\u00bb d&rsquo;autisme. Mais si les cas d&rsquo;autisme &#8211; un trouble complexe au spectre large &#8211; ont augment\u00e9 ces derni\u00e8res d\u00e9cennies aux Etats-Unis, les scientifiques rejettent l&rsquo;existence d&rsquo;une \u00e9pid\u00e9mie, mettant en exergue les am\u00e9liorations des diagnostics.<\/p>\n<p>Le 22 septembre, RFK Jr s&rsquo;est joint \u00e0 Donald Trump lors d&rsquo;une conf\u00e9rence de presse \u00e0 la Maison Blanche d\u00e9di\u00e9e \u00e0 l&rsquo;autisme, lors de laquelle le pr\u00e9sident am\u00e9ricain a vivement d\u00e9conseill\u00e9 le parac\u00e9tamol aux femmes enceintes, l&rsquo;associant \u00e0 un risque d&rsquo;autisme \u00e9lev\u00e9 pour les enfants &#8211; en d\u00e9pit du consensus scientifique contraire sur le sujet, comme expliqu\u00e9 dans\u00a0<a href=\"https:\/\/factuel.afp.com\/doc.afp.com.76LF6WE\" target=\"_blank\" rel=\"evidence nofollow noopener\" shape=\"rect\">cet article<\/a>.<\/p>\n<p>Donald Trump a \u00e9galement\u00a0exhort\u00e9 les parents \u00e0 rejeter le vaccin ROR au profit de vaccins contre un seul virus, une proposition qui constituerait un changement majeur par rapport aux <a href=\"https:\/\/www.cdc.gov\/measles\/vaccines\/index.html\" target=\"_blank\" rel=\"evidence nofollow noopener\" shape=\"rect\">recommandations actuelles<\/a>.<\/p>\n<p>D\u00e8s le lendemain, l&rsquo;Organisation mondiale de la sant\u00e9 (OMS) a contredit ses propos, r\u00e9affirmant qu&rsquo;il n&rsquo;existait aucune preuve scientifique d\u00e9montrant que la prise de parac\u00e9tamol par les femmes enceintes provoque l&rsquo;autisme chez leurs enfants, et que les vaccins ne causent pas l&rsquo;autisme.<\/p>\n<p>En 2009, des <a href=\"https:\/\/academic.oup.com\/cid\/article\/48\/4\/456\/284219\" target=\"_blank\" rel=\"evidence nofollow noopener\" shape=\"rect\">chercheurs<\/a> de l&rsquo;h\u00f4pital pour enfants de Philadelphie ont examin\u00e9 sept \u00e9tudes portant sur un lien possible entre l&rsquo;autisme et le thiomersal, un conservateur \u00e0 base de mercure pr\u00e9sent dans les vaccins &#8211; mais aucune d&rsquo;entre elles n&rsquo;a pu \u00e9tablir ce lien (lien archiv\u00e9\u00a0<a href=\"https:\/\/perma.cc\/YQ6Y-FRML\" target=\"_blank\" rel=\"evidence frozen nofollow noopener\" shape=\"rect\">ici<\/a>).<\/p>\n<p>Une <a href=\"https:\/\/linkinghub.elsevier.com\/retrieve\/pii\/S0022347613001443\" target=\"_blank\" rel=\"evidence nofollow noopener\" shape=\"rect\">\u00e9tude<\/a> r\u00e9alis\u00e9e en 2013 par le CDC a \u00e9galement montr\u00e9 que la quantit\u00e9 d&rsquo;antig\u00e8nes (substances qui d\u00e9clenchent la r\u00e9ponse immunitaire de l&rsquo;organisme et peuvent \u00eatre incluses dans les vaccins sous forme affaiblie ou inactive) re\u00e7ue au cours des deux premi\u00e8res ann\u00e9es de vie n&rsquo;augmentait pas le risque d&rsquo;autisme chez l&rsquo;enfant (lien archiv\u00e9 <a href=\"https:\/\/web.archive.org\/web\/20230725140451\/https:\/\/www.jpeds.com\/article\/S0022-3476%2813%2900144-3\/fulltext\" target=\"_blank\" rel=\"evidence frozen nofollow noopener\" shape=\"rect\">ici<\/a>).<\/p>\n<p>Concernant l&rsquo;origine de l&rsquo;autisme, les chercheurs ont montr\u00e9 que la g\u00e9n\u00e9tique jouait un r\u00f4le important. Certains facteurs environnementaux ont \u00e9galement \u00e9t\u00e9 mis en avant, comme la neuro-inflammation ou la prise de certains m\u00e9dicaments comme l&rsquo;anti-\u00e9pileptique d\u00e9pakine durant la grossesse.<\/p>\n<p>Aux Etats-Unis, la d\u00e9sinformation vaccinale a contribu\u00e9 \u00e0 faire chuter les taux de vaccination dans l&rsquo;ensemble du pays. Selon un sondage publi\u00e9e mi-septembre 2025 par le Washington Post et l&rsquo;ONG KFF, de plus en plus d&rsquo;Am\u00e9ricains rechignent \u00e0 faire vacciner leurs enfants, principalement dans les milieux blancs conservateurs et religieux, comme expliqu\u00e9 dans\u00a0<a href=\"https:\/\/www.france24.com\/fr\/info-en-continu\/20250915-un-am%C3%A9ricain-sur-six-%C3%A9vite-d%C3%A9sormais-ou-repousse-la-vaccination-de-ses-enfants-selon-un-sondage\" target=\"_blank\" rel=\"evidence nofollow noopener\" shape=\"rect\">cet article<\/a> de l&rsquo;AFP.<\/p>\n<p>La proportion d&rsquo;enfants en maternelle vaccin\u00e9s contre la rougeole est ainsi pass\u00e9e, au niveau national, de 95% en 2019 \u00e0 92,5% en 2024, avec de fortes variations r\u00e9gionales.<\/p>\n<p>Sous l&rsquo;effet de cette baisse des taux vaccinaux, les Etats-Unis ont connu en 2025 leur pire \u00e9pid\u00e9mie de rougeole en plus de 30 ans, avec trois morts, dont deux enfants.<\/p>\n","protected":false},"excerpt":{"rendered":"<p>Le chercheur danois Poul Thorsen, accus\u00e9 d&rsquo;avoir d\u00e9tourn\u00e9 des fonds accord\u00e9s par les Centres pour le contr\u00f4le et la pr\u00e9vention des maladies (CDC) am\u00e9ricains, a \u00e9t\u00e9 arr\u00eat\u00e9 en juin 2025. Depuis plusieurs semaines, des publications sur les r\u00e9seaux sociaux affirment que son arrestation invalide un article dont il est co-auteur et qui d\u00e9montre l&rsquo;absence de lien entre le vaccin contre la rougeole, les oreillons et la rub\u00e9ole (ROR), et l&rsquo;autisme. Mais c&rsquo;est faux: les conclusions de cette \u00e9tude ne sont pas remises en cause, affirment des experts interrog\u00e9s par l&rsquo;AFP, et de nombreuses \u00e9tudes ult\u00e9rieures ont syst\u00e9matiquement montr\u00e9 que l&rsquo;autisme n&rsquo;\u00e9tait pas caus\u00e9 par les vaccins.<\/p>\n","protected":false},"author":1,"featured_media":402511,"comment_status":"closed","ping_status":"closed","sticky":false,"template":"","format":"standard","meta":{"_acf_changed":false,"footnotes":""},"categories":[452,125,129,135,138],"tags":[],"class_list":{"0":"post-402526","1":"post","2":"type-post","3":"status-publish","4":"format-standard","5":"has-post-thumbnail","7":"category-editors-choice-fr","8":"category-fact-check-fr","9":"category-sante","10":"category-science-fr","11":"category-societe"},"acf":{"show_metatags":true,"id":"http:\/\/doc.afp.com\/776B4CQ","authors":"Marisha GOLDHAMER \/ Chlo\u00e9 RABS \/ AFP Etats-Unis \/ AFP France","organization":"AFP","featured_image_copyright":"Une dose de vaccin contre la rougeole dans un centre de sant\u00e9 \u00e0 Lubbock, au Texas, le 27 f\u00e9vrier 2025. - RONALDO SCHEMIDT \/ AFP","text_copyright":"\u00a9 AGENCE FRANCE-PRESSE | 2024 | Tous droits r\u00e9serv\u00e9s. L\u2019acc\u00e8s aux contenus de l'AFP publi\u00e9s sur ce site et, le cas \u00e9ch\u00e9ant, leur utilisation sont soumis aux conditions g\u00e9n\u00e9rales d'utilisation disponibles sur <a href='https:\/\/www.afp.com\/fr\/cgu' target='_blank'>CGU<\/a>. Par cons\u00e9quent, en acc\u00e9dant aux contenus de l\u2019AFP publi\u00e9s sur ce site, et en les utilisant, le cas \u00e9ch\u00e9ant, vous acceptez d'\u00eatre li\u00e9 par les conditions g\u00e9n\u00e9rales d'utilisation susmentionn\u00e9es. L\u2019utilisation de contenus de l'AFP se fait sous votre seule et enti\u00e8re responsabilit\u00e9.","source":"https:\/\/factuel.afp.com\/doc.afp.com.776B4CQ","fact_checker":"https:\/\/belux.wpengine.com\/wp-content\/uploads\/2021\/12\/afp_logo.png","share_this_post_to_edmo_website":false,"affiliation":"BELUX","type":"\u00c9v\u00e9nement ferm\u00e9","location":"","start_date":"","start_date_event_begins_at":"","start_date_event_ends_at":"","end_date":"","end_date_event_begins_at":"","end_date_event_ends_at":"","organizer":"","fact_checker_logo_image":false},"yoast_head":"<!-- This site is optimized with the Yoast SEO plugin v27.0 - https:\/\/yoast.com\/product\/yoast-seo-wordpress\/ -->\n<title>Non, l&#039;arrestation d&#039;un chercheur ne prouve pas un lien entre le vaccin ROR et l&#039;autisme - EDMO Belux<\/title>\n<meta name=\"robots\" content=\"index, follow, max-snippet:-1, max-image-preview:large, max-video-preview:-1\" \/>\n<link rel=\"canonical\" href=\"https:\/\/belux.edmo.eu\/fr\/non-larrestation-dun-chercheur-ne-prouve-pas-un-lien-entre-le-vaccin-ror-et-lautisme\/\" \/>\n<meta property=\"og:locale\" content=\"fr_FR\" \/>\n<meta property=\"og:type\" content=\"article\" \/>\n<meta property=\"og:title\" content=\"Non, l&#039;arrestation d&#039;un chercheur ne prouve pas un lien entre le vaccin ROR et l&#039;autisme - EDMO Belux\" \/>\n<meta property=\"og:description\" content=\"Le chercheur danois Poul Thorsen, accus\u00e9 d&#039;avoir d\u00e9tourn\u00e9 des fonds accord\u00e9s par les Centres pour le contr\u00f4le et la pr\u00e9vention des maladies (CDC) am\u00e9ricains, a \u00e9t\u00e9 arr\u00eat\u00e9 en juin 2025. Depuis plusieurs semaines, des publications sur les r\u00e9seaux sociaux affirment que son arrestation invalide un article dont il est co-auteur et qui d\u00e9montre l&#039;absence de lien entre le vaccin contre la rougeole, les oreillons et la rub\u00e9ole (ROR), et l&#039;autisme. Mais c&#039;est faux: les conclusions de cette \u00e9tude ne sont pas remises en cause, affirment des experts interrog\u00e9s par l&#039;AFP, et de nombreuses \u00e9tudes ult\u00e9rieures ont syst\u00e9matiquement montr\u00e9 que l&#039;autisme n&#039;\u00e9tait pas caus\u00e9 par les vaccins.\" \/>\n<meta property=\"og:url\" content=\"https:\/\/belux.edmo.eu\/fr\/non-larrestation-dun-chercheur-ne-prouve-pas-un-lien-entre-le-vaccin-ror-et-lautisme\/\" \/>\n<meta property=\"og:site_name\" content=\"EDMO Belux\" \/>\n<meta property=\"article:published_time\" content=\"2025-10-03T11:16:51+00:00\" \/>\n<meta property=\"article:modified_time\" content=\"2025-10-03T12:04:04+00:00\" \/>\n<meta property=\"og:image\" content=\"https:\/\/belux-edmo.s3-accelerate.amazonaws.com\/wp-content\/uploads\/2025\/09\/9a3d76562ee69db4327655e93171c54c7fd71833-ipad_resized.jpg\" \/>\n\t<meta property=\"og:image:width\" content=\"1080\" \/>\n\t<meta property=\"og:image:height\" content=\"720\" \/>\n\t<meta property=\"og:image:type\" content=\"image\/jpeg\" \/>\n<meta name=\"author\" content=\"master\" \/>\n<meta name=\"twitter:card\" content=\"summary_large_image\" \/>\n<meta name=\"twitter:creator\" content=\"@Edmo_Belux\" \/>\n<meta name=\"twitter:site\" content=\"@Edmo_Belux\" \/>\n<meta name=\"twitter:label1\" content=\"\u00c9crit par\" \/>\n\t<meta name=\"twitter:data1\" content=\"master\" \/>\n\t<meta name=\"twitter:label2\" content=\"Dur\u00e9e de lecture estim\u00e9e\" \/>\n\t<meta name=\"twitter:data2\" content=\"7 minutes\" \/>\n<script type=\"application\/ld+json\" class=\"yoast-schema-graph\">{\"@context\":\"https:\/\/schema.org\",\"@graph\":[{\"@type\":\"Article\",\"@id\":\"https:\/\/belux.edmo.eu\/fr\/non-larrestation-dun-chercheur-ne-prouve-pas-un-lien-entre-le-vaccin-ror-et-lautisme\/#article\",\"isPartOf\":{\"@id\":\"https:\/\/belux.edmo.eu\/fr\/non-larrestation-dun-chercheur-ne-prouve-pas-un-lien-entre-le-vaccin-ror-et-lautisme\/\"},\"author\":{\"name\":\"master\",\"@id\":\"https:\/\/belux.edmo.eu\/#\/schema\/person\/dbe3b252258537fd318f9b5645a30342\"},\"headline\":\"Non, l&rsquo;arrestation d&rsquo;un chercheur ne prouve pas un lien entre le vaccin ROR et l&rsquo;autisme\",\"datePublished\":\"2025-10-03T11:16:51+00:00\",\"dateModified\":\"2025-10-03T12:04:04+00:00\",\"mainEntityOfPage\":{\"@id\":\"https:\/\/belux.edmo.eu\/fr\/non-larrestation-dun-chercheur-ne-prouve-pas-un-lien-entre-le-vaccin-ror-et-lautisme\/\"},\"wordCount\":1547,\"publisher\":{\"@id\":\"https:\/\/belux.edmo.eu\/#organization\"},\"image\":{\"@id\":\"https:\/\/belux.edmo.eu\/fr\/non-larrestation-dun-chercheur-ne-prouve-pas-un-lien-entre-le-vaccin-ror-et-lautisme\/#primaryimage\"},\"thumbnailUrl\":\"https:\/\/belux-edmo.s3-accelerate.amazonaws.com\/wp-content\/uploads\/2025\/09\/9a3d76562ee69db4327655e93171c54c7fd71833-ipad_resized.jpg\",\"articleSection\":[\"Editor's Choice Slider FR\",\"Fact-Check\",\"Sante\",\"Science\",\"Societe\"],\"inLanguage\":\"fr-FR\"},{\"@type\":\"WebPage\",\"@id\":\"https:\/\/belux.edmo.eu\/fr\/non-larrestation-dun-chercheur-ne-prouve-pas-un-lien-entre-le-vaccin-ror-et-lautisme\/\",\"url\":\"https:\/\/belux.edmo.eu\/fr\/non-larrestation-dun-chercheur-ne-prouve-pas-un-lien-entre-le-vaccin-ror-et-lautisme\/\",\"name\":\"Non, l'arrestation d'un chercheur ne prouve pas un lien entre le vaccin ROR et l'autisme - EDMO Belux\",\"isPartOf\":{\"@id\":\"https:\/\/belux.edmo.eu\/#website\"},\"primaryImageOfPage\":{\"@id\":\"https:\/\/belux.edmo.eu\/fr\/non-larrestation-dun-chercheur-ne-prouve-pas-un-lien-entre-le-vaccin-ror-et-lautisme\/#primaryimage\"},\"image\":{\"@id\":\"https:\/\/belux.edmo.eu\/fr\/non-larrestation-dun-chercheur-ne-prouve-pas-un-lien-entre-le-vaccin-ror-et-lautisme\/#primaryimage\"},\"thumbnailUrl\":\"https:\/\/belux-edmo.s3-accelerate.amazonaws.com\/wp-content\/uploads\/2025\/09\/9a3d76562ee69db4327655e93171c54c7fd71833-ipad_resized.jpg\",\"datePublished\":\"2025-10-03T11:16:51+00:00\",\"dateModified\":\"2025-10-03T12:04:04+00:00\",\"breadcrumb\":{\"@id\":\"https:\/\/belux.edmo.eu\/fr\/non-larrestation-dun-chercheur-ne-prouve-pas-un-lien-entre-le-vaccin-ror-et-lautisme\/#breadcrumb\"},\"inLanguage\":\"fr-FR\",\"potentialAction\":[{\"@type\":\"ReadAction\",\"target\":[\"https:\/\/belux.edmo.eu\/fr\/non-larrestation-dun-chercheur-ne-prouve-pas-un-lien-entre-le-vaccin-ror-et-lautisme\/\"]}]},{\"@type\":\"ImageObject\",\"inLanguage\":\"fr-FR\",\"@id\":\"https:\/\/belux.edmo.eu\/fr\/non-larrestation-dun-chercheur-ne-prouve-pas-un-lien-entre-le-vaccin-ror-et-lautisme\/#primaryimage\",\"url\":\"https:\/\/belux-edmo.s3-accelerate.amazonaws.com\/wp-content\/uploads\/2025\/09\/9a3d76562ee69db4327655e93171c54c7fd71833-ipad_resized.jpg\",\"contentUrl\":\"https:\/\/belux-edmo.s3-accelerate.amazonaws.com\/wp-content\/uploads\/2025\/09\/9a3d76562ee69db4327655e93171c54c7fd71833-ipad_resized.jpg\",\"width\":1080,\"height\":720,\"caption\":\"Non, l'arrestation d'un chercheur ne prouve pas un lien entre le vaccin ROR et l'autisme - Featured image\"},{\"@type\":\"BreadcrumbList\",\"@id\":\"https:\/\/belux.edmo.eu\/fr\/non-larrestation-dun-chercheur-ne-prouve-pas-un-lien-entre-le-vaccin-ror-et-lautisme\/#breadcrumb\",\"itemListElement\":[{\"@type\":\"ListItem\",\"position\":1,\"name\":\"Home\",\"item\":\"https:\/\/belux.edmo.eu\/fr\/\"},{\"@type\":\"ListItem\",\"position\":2,\"name\":\"Non, l&#8217;arrestation d&#8217;un chercheur ne prouve pas un lien entre le vaccin ROR et l&#8217;autisme\"}]},{\"@type\":\"WebSite\",\"@id\":\"https:\/\/belux.edmo.eu\/#website\",\"url\":\"https:\/\/belux.edmo.eu\/\",\"name\":\"EDMO Belux\",\"description\":\"Monitoring Disinformation in Belgium and Luxembourg\",\"publisher\":{\"@id\":\"https:\/\/belux.edmo.eu\/#organization\"},\"potentialAction\":[{\"@type\":\"SearchAction\",\"target\":{\"@type\":\"EntryPoint\",\"urlTemplate\":\"https:\/\/belux.edmo.eu\/?s={search_term_string}\"},\"query-input\":{\"@type\":\"PropertyValueSpecification\",\"valueRequired\":true,\"valueName\":\"search_term_string\"}}],\"inLanguage\":\"fr-FR\"},{\"@type\":\"Organization\",\"@id\":\"https:\/\/belux.edmo.eu\/#organization\",\"name\":\"EDMO Belux\",\"url\":\"https:\/\/belux.edmo.eu\/\",\"logo\":{\"@type\":\"ImageObject\",\"inLanguage\":\"fr-FR\",\"@id\":\"https:\/\/belux.edmo.eu\/#\/schema\/logo\/image\/\",\"url\":\"https:\/\/belux.edmo.eu\/wp-content\/uploads\/2021\/12\/belux-logo-full-color-rgb.svg\",\"contentUrl\":\"https:\/\/belux.edmo.eu\/wp-content\/uploads\/2021\/12\/belux-logo-full-color-rgb.svg\",\"width\":1,\"height\":1,\"caption\":\"EDMO Belux\"},\"image\":{\"@id\":\"https:\/\/belux.edmo.eu\/#\/schema\/logo\/image\/\"},\"sameAs\":[\"https:\/\/x.com\/Edmo_Belux\"]},{\"@type\":\"Person\",\"@id\":\"https:\/\/belux.edmo.eu\/#\/schema\/person\/dbe3b252258537fd318f9b5645a30342\",\"name\":\"master\",\"sameAs\":[\"https:\/\/belux.wpengine.com\"],\"url\":\"https:\/\/belux.edmo.eu\/fr\/author\/master\/\"}]}<\/script>\n<!-- \/ Yoast SEO plugin. -->","yoast_head_json":{"title":"Non, l'arrestation d'un chercheur ne prouve pas un lien entre le vaccin ROR et l'autisme - EDMO Belux","robots":{"index":"index","follow":"follow","max-snippet":"max-snippet:-1","max-image-preview":"max-image-preview:large","max-video-preview":"max-video-preview:-1"},"canonical":"https:\/\/belux.edmo.eu\/fr\/non-larrestation-dun-chercheur-ne-prouve-pas-un-lien-entre-le-vaccin-ror-et-lautisme\/","og_locale":"fr_FR","og_type":"article","og_title":"Non, l'arrestation d'un chercheur ne prouve pas un lien entre le vaccin ROR et l'autisme - EDMO Belux","og_description":"Le chercheur danois Poul Thorsen, accus\u00e9 d'avoir d\u00e9tourn\u00e9 des fonds accord\u00e9s par les Centres pour le contr\u00f4le et la pr\u00e9vention des maladies (CDC) am\u00e9ricains, a \u00e9t\u00e9 arr\u00eat\u00e9 en juin 2025. Depuis plusieurs semaines, des publications sur les r\u00e9seaux sociaux affirment que son arrestation invalide un article dont il est co-auteur et qui d\u00e9montre l'absence de lien entre le vaccin contre la rougeole, les oreillons et la rub\u00e9ole (ROR), et l'autisme. Mais c'est faux: les conclusions de cette \u00e9tude ne sont pas remises en cause, affirment des experts interrog\u00e9s par l'AFP, et de nombreuses \u00e9tudes ult\u00e9rieures ont syst\u00e9matiquement montr\u00e9 que l'autisme n'\u00e9tait pas caus\u00e9 par les vaccins.","og_url":"https:\/\/belux.edmo.eu\/fr\/non-larrestation-dun-chercheur-ne-prouve-pas-un-lien-entre-le-vaccin-ror-et-lautisme\/","og_site_name":"EDMO Belux","article_published_time":"2025-10-03T11:16:51+00:00","article_modified_time":"2025-10-03T12:04:04+00:00","og_image":[{"width":1080,"height":720,"url":"https:\/\/belux-edmo.s3-accelerate.amazonaws.com\/wp-content\/uploads\/2025\/09\/9a3d76562ee69db4327655e93171c54c7fd71833-ipad_resized.jpg","type":"image\/jpeg"}],"author":"master","twitter_card":"summary_large_image","twitter_creator":"@Edmo_Belux","twitter_site":"@Edmo_Belux","twitter_misc":{"\u00c9crit par":"master","Dur\u00e9e de lecture estim\u00e9e":"7 minutes"},"schema":{"@context":"https:\/\/schema.org","@graph":[{"@type":"Article","@id":"https:\/\/belux.edmo.eu\/fr\/non-larrestation-dun-chercheur-ne-prouve-pas-un-lien-entre-le-vaccin-ror-et-lautisme\/#article","isPartOf":{"@id":"https:\/\/belux.edmo.eu\/fr\/non-larrestation-dun-chercheur-ne-prouve-pas-un-lien-entre-le-vaccin-ror-et-lautisme\/"},"author":{"name":"master","@id":"https:\/\/belux.edmo.eu\/#\/schema\/person\/dbe3b252258537fd318f9b5645a30342"},"headline":"Non, l&rsquo;arrestation d&rsquo;un chercheur ne prouve pas un lien entre le vaccin ROR et l&rsquo;autisme","datePublished":"2025-10-03T11:16:51+00:00","dateModified":"2025-10-03T12:04:04+00:00","mainEntityOfPage":{"@id":"https:\/\/belux.edmo.eu\/fr\/non-larrestation-dun-chercheur-ne-prouve-pas-un-lien-entre-le-vaccin-ror-et-lautisme\/"},"wordCount":1547,"publisher":{"@id":"https:\/\/belux.edmo.eu\/#organization"},"image":{"@id":"https:\/\/belux.edmo.eu\/fr\/non-larrestation-dun-chercheur-ne-prouve-pas-un-lien-entre-le-vaccin-ror-et-lautisme\/#primaryimage"},"thumbnailUrl":"https:\/\/belux-edmo.s3-accelerate.amazonaws.com\/wp-content\/uploads\/2025\/09\/9a3d76562ee69db4327655e93171c54c7fd71833-ipad_resized.jpg","articleSection":["Editor's Choice Slider FR","Fact-Check","Sante","Science","Societe"],"inLanguage":"fr-FR"},{"@type":"WebPage","@id":"https:\/\/belux.edmo.eu\/fr\/non-larrestation-dun-chercheur-ne-prouve-pas-un-lien-entre-le-vaccin-ror-et-lautisme\/","url":"https:\/\/belux.edmo.eu\/fr\/non-larrestation-dun-chercheur-ne-prouve-pas-un-lien-entre-le-vaccin-ror-et-lautisme\/","name":"Non, l'arrestation d'un chercheur ne prouve pas un lien entre le vaccin ROR et l'autisme - EDMO Belux","isPartOf":{"@id":"https:\/\/belux.edmo.eu\/#website"},"primaryImageOfPage":{"@id":"https:\/\/belux.edmo.eu\/fr\/non-larrestation-dun-chercheur-ne-prouve-pas-un-lien-entre-le-vaccin-ror-et-lautisme\/#primaryimage"},"image":{"@id":"https:\/\/belux.edmo.eu\/fr\/non-larrestation-dun-chercheur-ne-prouve-pas-un-lien-entre-le-vaccin-ror-et-lautisme\/#primaryimage"},"thumbnailUrl":"https:\/\/belux-edmo.s3-accelerate.amazonaws.com\/wp-content\/uploads\/2025\/09\/9a3d76562ee69db4327655e93171c54c7fd71833-ipad_resized.jpg","datePublished":"2025-10-03T11:16:51+00:00","dateModified":"2025-10-03T12:04:04+00:00","breadcrumb":{"@id":"https:\/\/belux.edmo.eu\/fr\/non-larrestation-dun-chercheur-ne-prouve-pas-un-lien-entre-le-vaccin-ror-et-lautisme\/#breadcrumb"},"inLanguage":"fr-FR","potentialAction":[{"@type":"ReadAction","target":["https:\/\/belux.edmo.eu\/fr\/non-larrestation-dun-chercheur-ne-prouve-pas-un-lien-entre-le-vaccin-ror-et-lautisme\/"]}]},{"@type":"ImageObject","inLanguage":"fr-FR","@id":"https:\/\/belux.edmo.eu\/fr\/non-larrestation-dun-chercheur-ne-prouve-pas-un-lien-entre-le-vaccin-ror-et-lautisme\/#primaryimage","url":"https:\/\/belux-edmo.s3-accelerate.amazonaws.com\/wp-content\/uploads\/2025\/09\/9a3d76562ee69db4327655e93171c54c7fd71833-ipad_resized.jpg","contentUrl":"https:\/\/belux-edmo.s3-accelerate.amazonaws.com\/wp-content\/uploads\/2025\/09\/9a3d76562ee69db4327655e93171c54c7fd71833-ipad_resized.jpg","width":1080,"height":720,"caption":"Non, l'arrestation d'un chercheur ne prouve pas un lien entre le vaccin ROR et l'autisme - Featured image"},{"@type":"BreadcrumbList","@id":"https:\/\/belux.edmo.eu\/fr\/non-larrestation-dun-chercheur-ne-prouve-pas-un-lien-entre-le-vaccin-ror-et-lautisme\/#breadcrumb","itemListElement":[{"@type":"ListItem","position":1,"name":"Home","item":"https:\/\/belux.edmo.eu\/fr\/"},{"@type":"ListItem","position":2,"name":"Non, l&#8217;arrestation d&#8217;un chercheur ne prouve pas un lien entre le vaccin ROR et l&#8217;autisme"}]},{"@type":"WebSite","@id":"https:\/\/belux.edmo.eu\/#website","url":"https:\/\/belux.edmo.eu\/","name":"EDMO Belux","description":"Monitoring Disinformation in Belgium and Luxembourg","publisher":{"@id":"https:\/\/belux.edmo.eu\/#organization"},"potentialAction":[{"@type":"SearchAction","target":{"@type":"EntryPoint","urlTemplate":"https:\/\/belux.edmo.eu\/?s={search_term_string}"},"query-input":{"@type":"PropertyValueSpecification","valueRequired":true,"valueName":"search_term_string"}}],"inLanguage":"fr-FR"},{"@type":"Organization","@id":"https:\/\/belux.edmo.eu\/#organization","name":"EDMO Belux","url":"https:\/\/belux.edmo.eu\/","logo":{"@type":"ImageObject","inLanguage":"fr-FR","@id":"https:\/\/belux.edmo.eu\/#\/schema\/logo\/image\/","url":"https:\/\/belux.edmo.eu\/wp-content\/uploads\/2021\/12\/belux-logo-full-color-rgb.svg","contentUrl":"https:\/\/belux.edmo.eu\/wp-content\/uploads\/2021\/12\/belux-logo-full-color-rgb.svg","width":1,"height":1,"caption":"EDMO Belux"},"image":{"@id":"https:\/\/belux.edmo.eu\/#\/schema\/logo\/image\/"},"sameAs":["https:\/\/x.com\/Edmo_Belux"]},{"@type":"Person","@id":"https:\/\/belux.edmo.eu\/#\/schema\/person\/dbe3b252258537fd318f9b5645a30342","name":"master","sameAs":["https:\/\/belux.wpengine.com"],"url":"https:\/\/belux.edmo.eu\/fr\/author\/master\/"}]}},"menu_order":0,"_links":{"self":[{"href":"https:\/\/belux.edmo.eu\/fr\/wp-json\/wp\/v2\/posts\/402526","targetHints":{"allow":["GET"]}}],"collection":[{"href":"https:\/\/belux.edmo.eu\/fr\/wp-json\/wp\/v2\/posts"}],"about":[{"href":"https:\/\/belux.edmo.eu\/fr\/wp-json\/wp\/v2\/types\/post"}],"author":[{"embeddable":true,"href":"https:\/\/belux.edmo.eu\/fr\/wp-json\/wp\/v2\/users\/1"}],"replies":[{"embeddable":true,"href":"https:\/\/belux.edmo.eu\/fr\/wp-json\/wp\/v2\/comments?post=402526"}],"version-history":[{"count":0,"href":"https:\/\/belux.edmo.eu\/fr\/wp-json\/wp\/v2\/posts\/402526\/revisions"}],"wp:featuredmedia":[{"embeddable":true,"href":"https:\/\/belux.edmo.eu\/fr\/wp-json\/wp\/v2\/media\/402511"}],"wp:attachment":[{"href":"https:\/\/belux.edmo.eu\/fr\/wp-json\/wp\/v2\/media?parent=402526"}],"wp:term":[{"taxonomy":"category","embeddable":true,"href":"https:\/\/belux.edmo.eu\/fr\/wp-json\/wp\/v2\/categories?post=402526"},{"taxonomy":"post_tag","embeddable":true,"href":"https:\/\/belux.edmo.eu\/fr\/wp-json\/wp\/v2\/tags?post=402526"}],"curies":[{"name":"wp","href":"https:\/\/api.w.org\/{rel}","templated":true}]}}