{"id":403480,"date":"2025-10-24T10:33:28","date_gmt":"2025-10-24T10:33:28","guid":{"rendered":"https:\/\/belux.edmo.eu\/?p=403480"},"modified":"2025-10-24T11:04:52","modified_gmt":"2025-10-24T11:04:52","slug":"non-les-cours-de-musique-nont-pas-t-interdits-dans-des-coles-de-hambourg-cause-de-lislam","status":"publish","type":"post","link":"https:\/\/belux.edmo.eu\/fr\/non-les-cours-de-musique-nont-pas-t-interdits-dans-des-coles-de-hambourg-cause-de-lislam\/","title":{"rendered":"Non, les cours de musique n&rsquo;ont pas \u00e9t\u00e9 interdits dans des \u00e9coles de Hambourg \u00e0 cause de l&rsquo;islam"},"content":{"rendered":"<p>Un m\u00e9dia allemand a rapport\u00e9 en juin 2025 que des \u00e9l\u00e8ves musulmans avaient \u00e9t\u00e9 impliqu\u00e9s dans des actes discriminatoires \u00e0 l&rsquo;\u00e9gard de camarades de classe \u00e0 Hambourg. Utilisant un extrait vid\u00e9o de ce reportage, certains internautes ont affirm\u00e9 que les \u00e9coles publiques de la ville avaient interdit les cours de musique, en raison de leur pr\u00e9tendue incompatibilit\u00e9 avec l&rsquo;islam. Mais cette all\u00e9gation est trompeuse : le reportage en question ne mentionne aucune interdiction de ce type, et les autorit\u00e9s ont d\u00e9menti cette rumeur.<\/p>\n<p>\u00ab\u00a0<em>\u00c0 Hambourg, les cours de musique (chant, piano, guitare) ne sont plus autoris\u00e9s dans les \u00e9coles publiques, car la musique est &lsquo;<\/em>haram<em>&lsquo; <\/em>(interdite, ndlr)<em> dans l&rsquo;islam, et les imposer \u00e0 des \u00e9l\u00e8ves musulmans serait consid\u00e9r\u00e9 comme de l&rsquo;islamophobie<\/em>\u00ab\u00a0, affirme une publication <a href=\"https:\/\/perma.cc\/6GWS-LQBP\" target=\"_blank\" rel=\"appearance frozen nofollow noopener\" shape=\"rect\">Instagram<\/a>, dat\u00e9e du 30 septembre 2025.<\/p>\n<p>Cette publication s&rsquo;appuie sur une vid\u00e9o de 33 secondes, montrant \u00eatre un pr\u00e9sentateur de journal t\u00e9l\u00e9vis\u00e9 qui \u00e9voque, en allemand, des cas de discrimination impliquant des \u00e9l\u00e8ves musulmans \u00e0 Hambourg. Le reportage explique que certains refuseraient de participer aux cours de musique, qu&rsquo;ils consid\u00e8rent comme \u00ab\u00a0<em><a href=\"https:\/\/www.larousse.fr\/dictionnaires\/francais\/haram\/39048\" target=\"_blank\" rel=\"evidence frozen nofollow noopener\" shape=\"rect\">haram<\/a><\/em>\u00a0\u00bb\u00a0(lien archiv\u00e9 <a href=\"https:\/\/perma.cc\/X6BD-TFXV\" target=\"_blank\" rel=\"evidence frozen nofollow noopener\" shape=\"rect\">ici<\/a>).<\/p>\n<p>La publication circule \u00e9galement sur <span style=\"list-style-type: none;\">Facebook (<a href=\"https:\/\/perma.cc\/BQF7-KJAZ\" target=\"_blank\" rel=\"appearance frozen nofollow noopener\" shape=\"rect\">1<\/a>, <a href=\"https:\/\/perma.cc\/YVP9-BYHA\" target=\"_blank\" rel=\"appearance frozen nofollow noopener\" shape=\"rect\">2<\/a>, <a href=\"https:\/\/perma.cc\/ABN9-QL3S\" target=\"_blank\" rel=\"appearance frozen nofollow noopener\" shape=\"rect\">3<\/a>), X (<a href=\"https:\/\/perma.cc\/8FXJ-XLBW\" target=\"_blank\" rel=\"appearance frozen nofollow noopener\" shape=\"rect\">1<\/a>, <a href=\"https:\/\/perma.cc\/PKZ8-3SUA\" target=\"_blank\" rel=\"appearance frozen nofollow noopener\" shape=\"rect\">2<\/a>, <a href=\"https:\/\/perma.cc\/P5DP-ZPSF\" target=\"_blank\" rel=\"appearance frozen nofollow noopener\" shape=\"rect\">3<\/a>), <a href=\"https:\/\/perma.cc\/B8PT-C5F5\" target=\"_blank\" rel=\"appearance frozen nofollow noopener\" shape=\"rect\">YouTube<\/a> et <a href=\"https:\/\/perma.cc\/9N7C-B6ZW?type=image\" target=\"_blank\" rel=\"appearance frozen nofollow noopener\" shape=\"rect\">VKontakte<\/a>,\u00a0et dans plusieurs langues, notamment en <a href=\"https:\/\/perma.cc\/KKV3-FMTT\" target=\"_blank\" rel=\"appearance frozen nofollow noopener\" shape=\"rect\">anglais<\/a>, <a href=\"https:\/\/perma.cc\/72ZH-Y4M9\" target=\"_blank\" rel=\"appearance frozen nofollow noopener\" shape=\"rect\">allemand<\/a>, <a href=\"https:\/\/perma.cc\/V8QJ-CK48\" target=\"_blank\" rel=\"appearance frozen nofollow noopener\" shape=\"rect\">espagnol<\/a>, <a href=\"https:\/\/perma.cc\/ACV6-2ZXF\" target=\"_blank\" rel=\"appearance frozen nofollow noopener\" shape=\"rect\">n\u00e9erlandais<\/a>, <a href=\"https:\/\/perma.cc\/2D8A-ZUY3\" target=\"_blank\" rel=\"appearance frozen nofollow noopener\" shape=\"rect\">polonais<\/a>, <a href=\"https:\/\/perma.cc\/MC5X-LQTS\" target=\"_blank\" rel=\"appearance frozen nofollow noopener\" shape=\"rect\">portugais<\/a>, <a href=\"https:\/\/perma.cc\/R8V5-KZA4\" target=\"_blank\" rel=\"appearance frozen nofollow noopener\" shape=\"rect\">russe<\/a> et <a href=\"https:\/\/factcheck.afp.com\/doc.afp.com.794J6T3?preview=-JxjPpolYN-mZ5HOYIY8z1hudL42O9NPcXbdCJgOl90\" target=\"_blank\" rel=\"evidence frozen nofollow noopener\" shape=\"rect\">slovaque<\/a>. Parfois, la s\u00e9quence<\/span> comporte un\u00a0<a href=\"https:\/\/perma.cc\/MG5D-G3UE\" target=\"_blank\" rel=\"appearance frozen nofollow noopener\" shape=\"rect\">logo blanc en forme de voilier<\/a> avec l&rsquo;inscription \u00ab\u00a0Nouvelle France\u00a0\u00bb, du <a href=\"https:\/\/perma.cc\/VB7N-ZAVW\" target=\"_blank\" rel=\"appearance frozen nofollow noopener\" shape=\"rect\">canal Telegram fran\u00e7ais<\/a> du m\u00eame nom.<\/p>\n<div class=\"g2picture\">\n<figure><img src=\"https:\/\/belux-edmo.s3-accelerate.amazonaws.com\/wp-content\/uploads\/2025\/10\/66ee66e71e88928b14ed2e59f148232b5a08def4-ipad_resized.jpg\" \/><figcaption>Captures d&rsquo;\u00e9cran prises le 20\/10\/2025 sur Instagram (\u00e0 gauche) et sur X (\u00e0 droite). Croix orange ajout\u00e9e par l&rsquo;AFP.<\/figcaption><\/figure>\n<\/div>\n<p>Mais <strong>l&rsquo;affirmation selon laquelle les cours de musique ne seraient plus autoris\u00e9s dans les \u00e9coles publiques de Hambourg est infond\u00e9e<\/strong>. La vid\u00e9o ne fait \u00e0 aucun moment \u00e9tat d&rsquo;une interdiction des cours de musique pour motif religieux, et le m\u00e9dia allemand n&rsquo;a rapport\u00e9 que des cas isol\u00e9s d&rsquo;\u00e9l\u00e8ves musulmans ayant refus\u00e9 de participer \u00e0 des cours de musique.<\/p>\n<p><b>Cours de musique : aucune menace de suppression<\/b><\/p>\n<p>Une <a href=\"https:\/\/www.youtube.com\/watch?v=WLEvLB5KYNI&amp;t=2s\" target=\"_blank\" rel=\"evidence frozen nofollow noopener\" shape=\"rect\">recherche d&rsquo;image invers\u00e9e<\/a> et par <a href=\"https:\/\/fr.digitalcourses.afp.com\/courses\/affinez-vos-recherches-pour-n-obtenir-que-ce-dont-vous-avez-besoin\" target=\"_blank\" rel=\"evidence frozen nofollow noopener\" shape=\"rect\">mots-cl\u00e9s<\/a> ont permis de retrouver la vid\u00e9o originale : un\u00a0<a href=\"https:\/\/www.welt.de\/politik\/deutschland\/video256303878\/mobbing-in-hamburgs-schulen-musikunterricht-kann-nicht-stattfinden-weil-man-im-islam-nicht-singt.html\" target=\"_blank\" rel=\"evidence frozen nofollow noopener\" shape=\"rect\">reportage<\/a> de la cha\u00eene d&rsquo;information allemande <a href=\"https:\/\/www.welt.de\/\" target=\"_blank\" rel=\"evidence frozen nofollow noopener\" shape=\"rect\">Welt TV<\/a>, diffus\u00e9 le 25 juin 2025, sous le titre : \u00ab\u00a0<em>Les cours de musique ne peuvent pas avoir lieu car le chant est interdit en Islam<\/em>\u00ab\u00a0. Si les publications virales reprennent le titre du reportage, ce dernier ne refl\u00e8te pas son contenu\u00a0(lien archiv\u00e9 <a href=\"https:\/\/perma.cc\/G97S-8B32\" target=\"_blank\" rel=\"evidence frozen nofollow noopener\" shape=\"rect\">ici<\/a>).<\/p>\n<p><strong>Le reportage complet, d&rsquo;une dur\u00e9e de 3 minutes 35, \u00e9voque des cas qui seraient survenus dans les \u00e9coles \u00e0 Hambourg<\/strong> : \u00ab\u00a0<em>Dans des cas isol\u00e9s, des filles allemandes sont attaqu\u00e9es et on leur dit qu&rsquo;elles n&rsquo;ont pas leur place ici, tandis que d&rsquo;autres sont emp\u00each\u00e9es de participer aux cours de musique parce que c&rsquo;est &lsquo;<\/em>haram<em>&lsquo;<\/em>\u00ab\u00a0, y affirme le pr\u00e9sentateur du journal t\u00e9l\u00e9vis\u00e9.<\/p>\n<p>Apr\u00e8s le lancement du pr\u00e9sentateur, une reporter bas\u00e9e \u00e0 Hambourg explique que la s\u00e9natrice de l&rsquo;\u00c9ducation de Hambourg, <a href=\"https:\/\/www.hamburg.de\/politik-und-verwaltung\/senat\/der-hamburger-senat\/ksenija-bekeris-606638\" target=\"_blank\" rel=\"evidence frozen nofollow noopener\" shape=\"rect\">Ksenija Bekeris<\/a>, a r\u00e9agi \u00e0 ces incidents \u00ab\u00a0<em>en collaboration avec des associations religieuses chr\u00e9tiennes, juives et musulmanes<\/em>\u00ab\u00a0. Dans une <a href=\"https:\/\/www.hamburg.de\/resource\/blob\/1071740\/9392a5e521f7365329527e8d2b23ac80\/gemeinsame-erklaerung-data.pdf\" target=\"_blank\" rel=\"evidence frozen nofollow noopener\" shape=\"rect\">d\u00e9claration<\/a>, ces acteurs auraient d\u00e9clar\u00e9 le 18 juin 2025 qu&rsquo;il n&rsquo;y avait \u00ab\u00a0<em>aucune place pour les agressions et les discriminations de quelque nature que ce soit<\/em>\u00a0\u00bb dans les \u00e9tablissements \u00e9ducatifs de Hambourg (liens archiv\u00e9s <a href=\"https:\/\/perma.cc\/JB3B-XLEE\" target=\"_blank\" rel=\"evidence frozen nofollow noopener\" shape=\"rect\">ici<\/a> et <a href=\"https:\/\/perma.cc\/PF3W-MT2U\" target=\"_blank\" rel=\"evidence frozen nofollow noopener\" shape=\"rect\">ici<\/a>).<\/p>\n<p>Le reportage se termine par une interview de <a href=\"https:\/\/www.sandrokappe.de\/uber-mich\/\" target=\"_blank\" rel=\"evidence frozen nofollow noopener\" shape=\"rect\">Sandro Kappe<\/a>, un homme politique conservateur et membre du parlement de Hambourg, qui rapporte des incidents sp\u00e9cifiques dans les \u00e9coles de la ville, notamment le refus de certains \u00e9l\u00e8ves de participer aux cours de musique (lien archiv\u00e9 <a href=\"https:\/\/perma.cc\/VCW2-3LWM\" target=\"_blank\" rel=\"evidence frozen nofollow noopener\" shape=\"rect\">ici<\/a>). D&rsquo;autres m\u00e9dias allemands (<a href=\"https:\/\/www.ndr.de\/nachrichten\/hamburg\/religioese-spannungen-in-hamburgs-schulen-erklaerung-unterzeichnet,schule3642.html\" target=\"_blank\" rel=\"evidence frozen nofollow noopener\" shape=\"rect\">1<\/a>, <a href=\"https:\/\/www.focus.de\/panorama\/beaengstigender-trend-in-hamburg-muslimische-schueler-schikanieren-nichtglaeubige-eltern-und-lehrer-senden-hilferuf_4a171ca7-dc5e-4ef8-b149-e83a89715c07.html\" target=\"_blank\" rel=\"evidence frozen nofollow noopener\" shape=\"rect\">2<\/a>, <a href=\"https:\/\/www.abendblatt.de\/hamburg\/wandsbek\/article409195649\/muslime-bedrohen-mitschueler-wo-soll-das-noch-hinfuehren.html\" target=\"_blank\" rel=\"evidence frozen nofollow noopener\" shape=\"rect\">3<\/a>) avaient \u00e9galement rapport\u00e9 de tels incidents durant l&rsquo;\u00e9t\u00e9 (liens archiv\u00e9s\u00a0<a href=\"https:\/\/perma.cc\/66KT-FYEW\" target=\"_blank\" rel=\"evidence frozen nofollow noopener\" shape=\"rect\">ici<\/a>, <a href=\"https:\/\/perma.cc\/4A32-4QCT\" target=\"_blank\" rel=\"evidence frozen nofollow noopener\" shape=\"rect\">ici<\/a> et <a href=\"https:\/\/perma.cc\/NJY4-K8M8\" target=\"_blank\" rel=\"evidence frozen nofollow noopener\" shape=\"rect\">ici<\/a>).<\/p>\n<div class=\"g2picture\">\n<figure><img src=\"https:\/\/belux-edmo.s3-accelerate.amazonaws.com\/wp-content\/uploads\/2025\/10\/126e4d33c41b15cda8fe5434a769654f762bab58-ipad_resized.jpg\" \/><figcaption>Captures d&rsquo;\u00e9cran prises le 20\/10\/2025 de diff\u00e9rents extraits du reportage du m\u00e9dia allemand Welt TV, publi\u00e9 le 25 juin 2025.<\/figcaption><\/figure>\n<\/div>\n<p>Interrog\u00e9 le 13 octobre par l&rsquo;AFP, le porte-parole de l&rsquo;Autorit\u00e9 pour les \u00e9coles de Hambourg, <a href=\"https:\/\/www.hamburg.de\/politik-und-verwaltung\/behoerden\/bsfb\/wir-ueber-uns\/pressesprecher-profil-136826\" target=\"_blank\" rel=\"evidence frozen nofollow noopener\" shape=\"rect\">Peter Albrecht<\/a>, a cat\u00e9goriquement ni\u00e9 les all\u00e9gations d&rsquo;une interdiction des cours de musique : \u00ab\u00a0<em>C&rsquo;est totalement faux ; il n&rsquo;y a absolument aucune v\u00e9rit\u00e9 dans cette affirmation<\/em>\u00a0\u00bb (lien archiv\u00e9 <a href=\"https:\/\/perma.cc\/ESR7-KNXD\" target=\"_blank\" rel=\"evidence frozen nofollow noopener\" shape=\"rect\">ici<\/a>).<\/p>\n<p>Selon M. Albrecht, \u00ab\u00a0<em>les cours de musique ont \u00e9t\u00e9 et continuent d&rsquo;\u00eatre dispens\u00e9s conform\u00e9ment aux <a href=\"https:\/\/www.hamburg.de\/politik-und-verwaltung\/behoerden\/bsfb\/veroeffentlichungen\/bildungsplaene\" target=\"_blank\" rel=\"evidence frozen nofollow noopener\" shape=\"rect\">programmes \u00e9ducatifs<\/a><\/em>\u00ab\u00a0. Le porte-parole affirme qu&rsquo;aucun changement n&rsquo;est pr\u00e9vu, et que les autorit\u00e9s scolaires n&rsquo;ont re\u00e7u aucun signalement d'\u00a0\u00bb<em>incidents lors de cours de musique<\/em>\u00ab\u00a0. Une recherche par mots-cl\u00e9s et une analyse des\u00a0<a href=\"https:\/\/www.hamburg.de\/resource\/blob\/122902\/8f3cce1d07f44700a039330ff4274921\/musik-gs-2022-data.pdf\" target=\"_blank\" rel=\"evidence frozen nofollow noopener\" shape=\"rect\">programmes scolaires<\/a> n&rsquo;a r\u00e9v\u00e9l\u00e9 aucune interdiction li\u00e9e \u00e0 la musique, qui <a href=\"https:\/\/www.hamburg.de\/resource\/blob\/798516\/419d35fc65f4a37969f942e95fc8c290\/musik-data.pdf\" target=\"_blank\" rel=\"evidence frozen nofollow noopener\" shape=\"rect\">figure toujours<\/a> comme une mati\u00e8re enseign\u00e9e dans les \u00e9coles (liens archiv\u00e9s <a href=\"https:\/\/perma.cc\/945Q-YCCP\" target=\"_blank\" rel=\"evidence frozen nofollow noopener\" shape=\"rect\">ici<\/a>, <a href=\"https:\/\/perma.cc\/LQ9U-KZJW\" target=\"_blank\" rel=\"evidence frozen nofollow noopener\" shape=\"rect\">ici<\/a> et <a href=\"https:\/\/perma.cc\/C8P4-GCWU\" target=\"_blank\" rel=\"evidence frozen nofollow noopener\" shape=\"rect\">ici<\/a>).<\/p>\n<p>Le 21 octobre, le\u00a0<a href=\"https:\/\/schurahamburg.de\/satzung\/\" target=\"_blank\" rel=\"evidence frozen nofollow noopener\" shape=\"rect\">Conseil des communaut\u00e9s Islamiques de Hambourg (Schura)<\/a> a lui affirm\u00e9 \u00e0 l&rsquo;AFP que \u00ab\u00a0<em>les cours de musique dans les \u00e9coles de Hambourg ne sont pas affect\u00e9s par cette couverture m\u00e9diatique<\/em>\u00ab\u00a0. Ce conseil faisait notamment partie des organisations ayant sign\u00e9 la d\u00e9claration conjointe de la s\u00e9natrice \u00e0 l&rsquo;Education. \u00ab\u00a0<em>La loi scolaire de Hambourg s&rsquo;applique aux \u00e9l\u00e8ves musulmans de Hambourg<\/em>\u00ab\u00a0, ajoute le conseil, qui explique ne pas \u00eatre au courant de cas de musulmans \u00ab\u00a0<em>se sentant limit\u00e9s dans leurs croyances ou pratiques religieuses par les cours de musique<\/em>\u00a0\u00bb (lien archiv\u00e9 <a href=\"https:\/\/perma.cc\/WS3Y-9M89\" target=\"_blank\" rel=\"evidence frozen nofollow noopener\" shape=\"rect\">ici<\/a>).<\/p>\n<p><b>Que dit le Coran sur la musique ?<\/b><\/p>\n<p>Selon <a href=\"https:\/\/www.ruhr-uni-bochum.de\/islamwiss\/personen\/goekpinar.html.de\" target=\"_blank\" rel=\"evidence frozen nofollow noopener\" shape=\"rect\">Yasemin G\u00f6kp\u0131nar<\/a>, sp\u00e9cialiste de la musique dans l&rsquo;islam \u00e0 l&rsquo;Institut d&rsquo;\u00e9tudes arabes et islamiques de l&rsquo;Universit\u00e9 de la Ruhr \u00e0 Bochum, l&rsquo;\u00e9valuation de la musique dans cette religion n&rsquo;est pas enti\u00e8rement claire d&rsquo;un point de vue th\u00e9ologique. \u00ab\u00a0<em>Dans les\u00a0<a href=\"https:\/\/www.larousse.fr\/dictionnaires\/francais\/hadith\/38819\" target=\"_blank\" rel=\"evidence frozen nofollow noopener\" shape=\"rect\">Hadiths<\/a> <\/em>[recueil des actes et paroles de Mahomet et de ses compagnons dans la religion islamique, NDLR]\u00a0\u00bb,\u00a0il existe\u00a0\u00ab\u00a0<em>\u00e0 la fois des jugements positifs et n\u00e9gatifs sur la musique<\/em>\u00ab\u00a0, a-t-elle expliqu\u00e9 le 15 octobre \u00e0 l&rsquo;AFP (liens archiv\u00e9s <a href=\"https:\/\/perma.cc\/G76L-J93Z\" target=\"_blank\" rel=\"evidence frozen nofollow noopener\" shape=\"rect\">ici<\/a> et <a href=\"https:\/\/www.larousse.fr\/dictionnaires\/francais\/hadith\/38819\" target=\"_blank\" rel=\"evidence frozen nofollow noopener\" shape=\"rect\">ici<\/a>).<\/p>\n<p>D&rsquo;ap\u00e8s la sp\u00e9cialiste, \u00ab\u00a0<em>le Coran, en tant que source d&rsquo;autorit\u00e9 pour les questions religieuses dans toutes les confessions islamiques<\/em>\u00ab\u00a0, est plus clair \u00e0 cet \u00e9gard. Cela s&rsquo;explique par le fait qu'\u00a0\u00bb<em>il n&rsquo;y a aucune mention de &lsquo;<\/em>musique<em>&lsquo;<\/em>\u00a0\u00bb dans le Coran, explique Yasemin G\u00f6kp\u0131nar. \u00ab\u00a0<em>La base des discussions th\u00e9ologiques sur ce sujet repose surtout sur le terme &lsquo;<\/em>lahw<em>&lsquo;, qui signifie &lsquo;<\/em>distraction&rsquo; ou &lsquo;divertissement'\u00a0\u00bb.<\/p>\n<p>Les passages du Coran contenant ce mot indiquent \u00ab\u00a0<em>que la musique \u00e9tait mal vue dans des contextes o\u00f9 se d\u00e9roulaient d&rsquo;autres activit\u00e9s ostracis\u00e9es ou interdites, telles que le jeu (pour de l&rsquo;argent), la prostitution et les beuveries, et constituait donc une &lsquo;<\/em>distraction<em>&lsquo; de l&rsquo;adoration, de la pri\u00e8re et de la foi en Dieu dans son ensemble<\/em>\u00ab\u00a0.<\/p>\n<p>Selon Mme G\u00f6kp\u0131nar, \u00ab\u00a0<em>d&rsquo;un point de vue des \u00e9tudes islamiques, parler d&rsquo;une soi-disant interdiction de la musique dans l&rsquo;islam est infond\u00e9<\/em>\u00ab\u00a0.<\/p>\n<div class=\"g2picture\">\n<figure><img src=\"https:\/\/belux-edmo.s3-accelerate.amazonaws.com\/wp-content\/uploads\/2025\/10\/4a9f4f475ea13e873d6224a8da379ae84b2519e7-ipad_resized.jpg\" \/><figcaption>Des gar\u00e7ons chantent et agitent des drapeaux de l&rsquo;Allemagne et de la communaut\u00e9 musulmane Ahmadiyya (AMJ) lors du Jalsa Salana, le rassemblement annuel de l&rsquo;AMJ sur le terrain de la foire \u00e0 Stuttgart, dans le sud-ouest de l&rsquo;Allemagne, le 1er septembre 2023. &#8211; Thomas KIENZLE \/ AFP<\/figcaption><\/figure>\n<\/div>\n<p><b>La musique est enseign\u00e9e dans les pays musulmans<\/b><\/p>\n<p>Contact\u00e9 le 15 octobre par l&rsquo;AFP, <a href=\"https:\/\/www.religionen.uni-hamburg.de\/islamische-theologie\/personen\/ghandour-ali.html\" target=\"_blank\" rel=\"evidence frozen nofollow noopener\" shape=\"rect\">Ali Ghandour<\/a>, professeur de th\u00e9ologie islamique \u00e0 l&rsquo;Universit\u00e9 de Hambourg, abonde dans le m\u00eame sens. Il consid\u00e8re que les affirmations sur l&rsquo;interdiction de la musique dans l&rsquo;islam sont \u00ab\u00a0<em>une repr\u00e9sentation simpliste et trompeuse qui sert des r\u00e9cits id\u00e9ologiques plut\u00f4t que de refl\u00e9ter la r\u00e9alit\u00e9 th\u00e9ologique et culturelle<\/em>\u00ab\u00a0. Selon le sp\u00e9cialiste, cela s&rsquo;explique par l&rsquo;existence de \u00ab\u00a0<em>discours th\u00e9ologiques divers et de pratiques sociales<\/em>\u00a0\u00bb au sein de la religion (lien archiv\u00e9 <a href=\"https:\/\/perma.cc\/769P-EUBV\" target=\"_blank\" rel=\"evidence frozen nofollow noopener\" shape=\"rect\">ici<\/a>).<\/p>\n<p>Les d\u00e9bats sur le statut de la musique ont \u00ab\u00a0<em>toujours \u00e9t\u00e9 des discours marginaux au sein de la litt\u00e9rature juridique<\/em>\u00ab\u00a0, tandis que \u00ab\u00a0<em>la pratique sociale parlait un langage compl\u00e8tement diff\u00e9rent : une culture musicale riche et diversifi\u00e9e s&rsquo;est d\u00e9velopp\u00e9e dans presque toutes les r\u00e9gions influenc\u00e9es par l&rsquo;islam<\/em>\u00ab\u00a0, a expliqu\u00e9 Ali Ghandour \u00e0 l&rsquo;AFP, pour qui la musique a toujours fait partie int\u00e9grante de la vie quotidienne dans la plupart des soci\u00e9t\u00e9s musulmanes. \u00ab\u00a0<em>Sur ce point, il n&rsquo;y a pas de diff\u00e9rence significative entre les musulmans et les non-musulmans<\/em>\u00ab\u00a0.<\/p>\n<p>M. Ghandour rappelle que la tradition islamique est marqu\u00e9e par une grande diversit\u00e9 de courants th\u00e9ologiques et de pratiques culturelles, et qu'\u00a0\u00bb<em>\u00e0 part des cas extr\u00eames, comme les talibans en Afghanistan, je ne connais aucun pays musulman o\u00f9 il n&rsquo;est pas possible d&rsquo;apprendre la musique, que ce soit \u00e0 l&rsquo;\u00e9cole ou ailleurs<\/em>\u00ab\u00a0.<\/p>\n","protected":false},"excerpt":{"rendered":"<p>Un m\u00e9dia allemand a rapport\u00e9 en juin 2025 que des \u00e9l\u00e8ves musulmans avaient \u00e9t\u00e9 impliqu\u00e9s dans des actes discriminatoires \u00e0 l&rsquo;\u00e9gard de camarades de classe \u00e0 Hambourg. Utilisant un extrait vid\u00e9o de ce reportage, certains internautes ont affirm\u00e9 que les \u00e9coles publiques de la ville avaient interdit les cours de musique, en raison de leur pr\u00e9tendue incompatibilit\u00e9 avec l&rsquo;islam. Mais cette all\u00e9gation est trompeuse : le reportage en question ne mentionne aucune interdiction de ce type, et les autorit\u00e9s ont d\u00e9menti cette rumeur.\u00a0<\/p>\n","protected":false},"author":1,"featured_media":403460,"comment_status":"closed","ping_status":"closed","sticky":false,"template":"","format":"standard","meta":{"_acf_changed":false,"footnotes":""},"categories":[452,125,132,138],"tags":[],"class_list":{"0":"post-403480","1":"post","2":"type-post","3":"status-publish","4":"format-standard","5":"has-post-thumbnail","7":"category-editors-choice-fr","8":"category-fact-check-fr","9":"category-politique","10":"category-societe"},"acf":{"show_metatags":true,"id":"http:\/\/doc.afp.com\/79D68ZQ","authors":"Cintia NABI CABRAL \/ Johanna LEHN \/ AFP Allemagne \/ AFP France","organization":"AFP","featured_image_copyright":"","text_copyright":"\u00a9 AGENCE FRANCE-PRESSE | 2024 | Tous droits r\u00e9serv\u00e9s. L\u2019acc\u00e8s aux contenus de l'AFP publi\u00e9s sur ce site et, le cas \u00e9ch\u00e9ant, leur utilisation sont soumis aux conditions g\u00e9n\u00e9rales d'utilisation disponibles sur <a href='https:\/\/www.afp.com\/fr\/cgu' target='_blank'>CGU<\/a>. Par cons\u00e9quent, en acc\u00e9dant aux contenus de l\u2019AFP publi\u00e9s sur ce site, et en les utilisant, le cas \u00e9ch\u00e9ant, vous acceptez d'\u00eatre li\u00e9 par les conditions g\u00e9n\u00e9rales d'utilisation susmentionn\u00e9es. L\u2019utilisation de contenus de l'AFP se fait sous votre seule et enti\u00e8re responsabilit\u00e9.","source":"https:\/\/factuel.afp.com\/doc.afp.com.79D68ZQ","fact_checker":"https:\/\/belux.wpengine.com\/wp-content\/uploads\/2021\/12\/afp_logo.png","share_this_post_to_edmo_website":false,"affiliation":"BELUX","type":"\u00c9v\u00e9nement ferm\u00e9","location":"","start_date":"","start_date_event_begins_at":"","start_date_event_ends_at":"","end_date":"","end_date_event_begins_at":"","end_date_event_ends_at":"","organizer":"","fact_checker_logo_image":false},"yoast_head":"<!-- This site is optimized with the Yoast SEO plugin v27.0 - https:\/\/yoast.com\/product\/yoast-seo-wordpress\/ -->\n<title>Non, les cours de musique n&#039;ont pas \u00e9t\u00e9 interdits dans des \u00e9coles de Hambourg \u00e0 cause de l&#039;islam - EDMO Belux<\/title>\n<meta name=\"robots\" content=\"index, follow, max-snippet:-1, max-image-preview:large, max-video-preview:-1\" \/>\n<link rel=\"canonical\" href=\"https:\/\/belux.edmo.eu\/fr\/non-les-cours-de-musique-nont-pas-t-interdits-dans-des-coles-de-hambourg-cause-de-lislam\/\" \/>\n<meta property=\"og:locale\" content=\"fr_FR\" \/>\n<meta property=\"og:type\" content=\"article\" \/>\n<meta property=\"og:title\" content=\"Non, les cours de musique n&#039;ont pas \u00e9t\u00e9 interdits dans des \u00e9coles de Hambourg \u00e0 cause de l&#039;islam - EDMO Belux\" \/>\n<meta property=\"og:description\" content=\"Un m\u00e9dia allemand a rapport\u00e9 en juin 2025 que des \u00e9l\u00e8ves musulmans avaient \u00e9t\u00e9 impliqu\u00e9s dans des actes discriminatoires \u00e0 l&#039;\u00e9gard de camarades de classe \u00e0 Hambourg. Utilisant un extrait vid\u00e9o de ce reportage, certains internautes ont affirm\u00e9 que les \u00e9coles publiques de la ville avaient interdit les cours de musique, en raison de leur pr\u00e9tendue incompatibilit\u00e9 avec l&#039;islam. Mais cette all\u00e9gation est trompeuse : le reportage en question ne mentionne aucune interdiction de ce type, et les autorit\u00e9s ont d\u00e9menti cette rumeur.\u00a0\" \/>\n<meta property=\"og:url\" content=\"https:\/\/belux.edmo.eu\/fr\/non-les-cours-de-musique-nont-pas-t-interdits-dans-des-coles-de-hambourg-cause-de-lislam\/\" \/>\n<meta property=\"og:site_name\" content=\"EDMO Belux\" \/>\n<meta property=\"article:published_time\" content=\"2025-10-24T10:33:28+00:00\" \/>\n<meta property=\"article:modified_time\" content=\"2025-10-24T11:04:52+00:00\" \/>\n<meta property=\"og:image\" content=\"https:\/\/belux-edmo.s3-accelerate.amazonaws.com\/wp-content\/uploads\/2025\/10\/99ba029899e967749c44e6bacde7114925f0ea13-ipad_resized.jpg\" \/>\n\t<meta property=\"og:image:width\" content=\"1080\" \/>\n\t<meta property=\"og:image:height\" content=\"540\" \/>\n\t<meta property=\"og:image:type\" content=\"image\/jpeg\" \/>\n<meta name=\"author\" content=\"master\" \/>\n<meta name=\"twitter:card\" content=\"summary_large_image\" \/>\n<meta name=\"twitter:creator\" content=\"@Edmo_Belux\" \/>\n<meta name=\"twitter:site\" content=\"@Edmo_Belux\" \/>\n<meta name=\"twitter:label1\" content=\"\u00c9crit par\" \/>\n\t<meta name=\"twitter:data1\" content=\"master\" \/>\n\t<meta name=\"twitter:label2\" content=\"Dur\u00e9e de lecture estim\u00e9e\" \/>\n\t<meta name=\"twitter:data2\" content=\"7 minutes\" \/>\n<script type=\"application\/ld+json\" class=\"yoast-schema-graph\">{\"@context\":\"https:\/\/schema.org\",\"@graph\":[{\"@type\":\"Article\",\"@id\":\"https:\/\/belux.edmo.eu\/fr\/non-les-cours-de-musique-nont-pas-t-interdits-dans-des-coles-de-hambourg-cause-de-lislam\/#article\",\"isPartOf\":{\"@id\":\"https:\/\/belux.edmo.eu\/fr\/non-les-cours-de-musique-nont-pas-t-interdits-dans-des-coles-de-hambourg-cause-de-lislam\/\"},\"author\":{\"name\":\"master\",\"@id\":\"https:\/\/belux.edmo.eu\/#\/schema\/person\/dbe3b252258537fd318f9b5645a30342\"},\"headline\":\"Non, les cours de musique n&rsquo;ont pas \u00e9t\u00e9 interdits dans des \u00e9coles de Hambourg \u00e0 cause de l&rsquo;islam\",\"datePublished\":\"2025-10-24T10:33:28+00:00\",\"dateModified\":\"2025-10-24T11:04:52+00:00\",\"mainEntityOfPage\":{\"@id\":\"https:\/\/belux.edmo.eu\/fr\/non-les-cours-de-musique-nont-pas-t-interdits-dans-des-coles-de-hambourg-cause-de-lislam\/\"},\"wordCount\":1477,\"publisher\":{\"@id\":\"https:\/\/belux.edmo.eu\/#organization\"},\"image\":{\"@id\":\"https:\/\/belux.edmo.eu\/fr\/non-les-cours-de-musique-nont-pas-t-interdits-dans-des-coles-de-hambourg-cause-de-lislam\/#primaryimage\"},\"thumbnailUrl\":\"https:\/\/belux-edmo.s3-accelerate.amazonaws.com\/wp-content\/uploads\/2025\/10\/99ba029899e967749c44e6bacde7114925f0ea13-ipad_resized.jpg\",\"articleSection\":[\"Editor's Choice Slider FR\",\"Fact-Check\",\"Politique\",\"Societe\"],\"inLanguage\":\"fr-FR\"},{\"@type\":\"WebPage\",\"@id\":\"https:\/\/belux.edmo.eu\/fr\/non-les-cours-de-musique-nont-pas-t-interdits-dans-des-coles-de-hambourg-cause-de-lislam\/\",\"url\":\"https:\/\/belux.edmo.eu\/fr\/non-les-cours-de-musique-nont-pas-t-interdits-dans-des-coles-de-hambourg-cause-de-lislam\/\",\"name\":\"Non, les cours de musique n'ont pas \u00e9t\u00e9 interdits dans des \u00e9coles de Hambourg \u00e0 cause de l'islam - EDMO Belux\",\"isPartOf\":{\"@id\":\"https:\/\/belux.edmo.eu\/#website\"},\"primaryImageOfPage\":{\"@id\":\"https:\/\/belux.edmo.eu\/fr\/non-les-cours-de-musique-nont-pas-t-interdits-dans-des-coles-de-hambourg-cause-de-lislam\/#primaryimage\"},\"image\":{\"@id\":\"https:\/\/belux.edmo.eu\/fr\/non-les-cours-de-musique-nont-pas-t-interdits-dans-des-coles-de-hambourg-cause-de-lislam\/#primaryimage\"},\"thumbnailUrl\":\"https:\/\/belux-edmo.s3-accelerate.amazonaws.com\/wp-content\/uploads\/2025\/10\/99ba029899e967749c44e6bacde7114925f0ea13-ipad_resized.jpg\",\"datePublished\":\"2025-10-24T10:33:28+00:00\",\"dateModified\":\"2025-10-24T11:04:52+00:00\",\"breadcrumb\":{\"@id\":\"https:\/\/belux.edmo.eu\/fr\/non-les-cours-de-musique-nont-pas-t-interdits-dans-des-coles-de-hambourg-cause-de-lislam\/#breadcrumb\"},\"inLanguage\":\"fr-FR\",\"potentialAction\":[{\"@type\":\"ReadAction\",\"target\":[\"https:\/\/belux.edmo.eu\/fr\/non-les-cours-de-musique-nont-pas-t-interdits-dans-des-coles-de-hambourg-cause-de-lislam\/\"]}]},{\"@type\":\"ImageObject\",\"inLanguage\":\"fr-FR\",\"@id\":\"https:\/\/belux.edmo.eu\/fr\/non-les-cours-de-musique-nont-pas-t-interdits-dans-des-coles-de-hambourg-cause-de-lislam\/#primaryimage\",\"url\":\"https:\/\/belux-edmo.s3-accelerate.amazonaws.com\/wp-content\/uploads\/2025\/10\/99ba029899e967749c44e6bacde7114925f0ea13-ipad_resized.jpg\",\"contentUrl\":\"https:\/\/belux-edmo.s3-accelerate.amazonaws.com\/wp-content\/uploads\/2025\/10\/99ba029899e967749c44e6bacde7114925f0ea13-ipad_resized.jpg\",\"width\":1080,\"height\":540,\"caption\":\"Non, les cours de musique n'ont pas \u00e9t\u00e9 interdits dans des \u00e9coles de Hambourg \u00e0 cause de l'islam - Featured image\"},{\"@type\":\"BreadcrumbList\",\"@id\":\"https:\/\/belux.edmo.eu\/fr\/non-les-cours-de-musique-nont-pas-t-interdits-dans-des-coles-de-hambourg-cause-de-lislam\/#breadcrumb\",\"itemListElement\":[{\"@type\":\"ListItem\",\"position\":1,\"name\":\"Home\",\"item\":\"https:\/\/belux.edmo.eu\/fr\/\"},{\"@type\":\"ListItem\",\"position\":2,\"name\":\"Non, les cours de musique n&#8217;ont pas \u00e9t\u00e9 interdits dans des \u00e9coles de Hambourg \u00e0 cause de l&#8217;islam\"}]},{\"@type\":\"WebSite\",\"@id\":\"https:\/\/belux.edmo.eu\/#website\",\"url\":\"https:\/\/belux.edmo.eu\/\",\"name\":\"EDMO Belux\",\"description\":\"Monitoring Disinformation in Belgium and Luxembourg\",\"publisher\":{\"@id\":\"https:\/\/belux.edmo.eu\/#organization\"},\"potentialAction\":[{\"@type\":\"SearchAction\",\"target\":{\"@type\":\"EntryPoint\",\"urlTemplate\":\"https:\/\/belux.edmo.eu\/?s={search_term_string}\"},\"query-input\":{\"@type\":\"PropertyValueSpecification\",\"valueRequired\":true,\"valueName\":\"search_term_string\"}}],\"inLanguage\":\"fr-FR\"},{\"@type\":\"Organization\",\"@id\":\"https:\/\/belux.edmo.eu\/#organization\",\"name\":\"EDMO Belux\",\"url\":\"https:\/\/belux.edmo.eu\/\",\"logo\":{\"@type\":\"ImageObject\",\"inLanguage\":\"fr-FR\",\"@id\":\"https:\/\/belux.edmo.eu\/#\/schema\/logo\/image\/\",\"url\":\"https:\/\/belux.edmo.eu\/wp-content\/uploads\/2021\/12\/belux-logo-full-color-rgb.svg\",\"contentUrl\":\"https:\/\/belux.edmo.eu\/wp-content\/uploads\/2021\/12\/belux-logo-full-color-rgb.svg\",\"width\":1,\"height\":1,\"caption\":\"EDMO Belux\"},\"image\":{\"@id\":\"https:\/\/belux.edmo.eu\/#\/schema\/logo\/image\/\"},\"sameAs\":[\"https:\/\/x.com\/Edmo_Belux\"]},{\"@type\":\"Person\",\"@id\":\"https:\/\/belux.edmo.eu\/#\/schema\/person\/dbe3b252258537fd318f9b5645a30342\",\"name\":\"master\",\"sameAs\":[\"https:\/\/belux.wpengine.com\"],\"url\":\"https:\/\/belux.edmo.eu\/fr\/author\/master\/\"}]}<\/script>\n<!-- \/ Yoast SEO plugin. -->","yoast_head_json":{"title":"Non, les cours de musique n'ont pas \u00e9t\u00e9 interdits dans des \u00e9coles de Hambourg \u00e0 cause de l'islam - EDMO Belux","robots":{"index":"index","follow":"follow","max-snippet":"max-snippet:-1","max-image-preview":"max-image-preview:large","max-video-preview":"max-video-preview:-1"},"canonical":"https:\/\/belux.edmo.eu\/fr\/non-les-cours-de-musique-nont-pas-t-interdits-dans-des-coles-de-hambourg-cause-de-lislam\/","og_locale":"fr_FR","og_type":"article","og_title":"Non, les cours de musique n'ont pas \u00e9t\u00e9 interdits dans des \u00e9coles de Hambourg \u00e0 cause de l'islam - EDMO Belux","og_description":"Un m\u00e9dia allemand a rapport\u00e9 en juin 2025 que des \u00e9l\u00e8ves musulmans avaient \u00e9t\u00e9 impliqu\u00e9s dans des actes discriminatoires \u00e0 l'\u00e9gard de camarades de classe \u00e0 Hambourg. Utilisant un extrait vid\u00e9o de ce reportage, certains internautes ont affirm\u00e9 que les \u00e9coles publiques de la ville avaient interdit les cours de musique, en raison de leur pr\u00e9tendue incompatibilit\u00e9 avec l'islam. Mais cette all\u00e9gation est trompeuse : le reportage en question ne mentionne aucune interdiction de ce type, et les autorit\u00e9s ont d\u00e9menti cette rumeur.\u00a0","og_url":"https:\/\/belux.edmo.eu\/fr\/non-les-cours-de-musique-nont-pas-t-interdits-dans-des-coles-de-hambourg-cause-de-lislam\/","og_site_name":"EDMO Belux","article_published_time":"2025-10-24T10:33:28+00:00","article_modified_time":"2025-10-24T11:04:52+00:00","og_image":[{"width":1080,"height":540,"url":"https:\/\/belux-edmo.s3-accelerate.amazonaws.com\/wp-content\/uploads\/2025\/10\/99ba029899e967749c44e6bacde7114925f0ea13-ipad_resized.jpg","type":"image\/jpeg"}],"author":"master","twitter_card":"summary_large_image","twitter_creator":"@Edmo_Belux","twitter_site":"@Edmo_Belux","twitter_misc":{"\u00c9crit par":"master","Dur\u00e9e de lecture estim\u00e9e":"7 minutes"},"schema":{"@context":"https:\/\/schema.org","@graph":[{"@type":"Article","@id":"https:\/\/belux.edmo.eu\/fr\/non-les-cours-de-musique-nont-pas-t-interdits-dans-des-coles-de-hambourg-cause-de-lislam\/#article","isPartOf":{"@id":"https:\/\/belux.edmo.eu\/fr\/non-les-cours-de-musique-nont-pas-t-interdits-dans-des-coles-de-hambourg-cause-de-lislam\/"},"author":{"name":"master","@id":"https:\/\/belux.edmo.eu\/#\/schema\/person\/dbe3b252258537fd318f9b5645a30342"},"headline":"Non, les cours de musique n&rsquo;ont pas \u00e9t\u00e9 interdits dans des \u00e9coles de Hambourg \u00e0 cause de l&rsquo;islam","datePublished":"2025-10-24T10:33:28+00:00","dateModified":"2025-10-24T11:04:52+00:00","mainEntityOfPage":{"@id":"https:\/\/belux.edmo.eu\/fr\/non-les-cours-de-musique-nont-pas-t-interdits-dans-des-coles-de-hambourg-cause-de-lislam\/"},"wordCount":1477,"publisher":{"@id":"https:\/\/belux.edmo.eu\/#organization"},"image":{"@id":"https:\/\/belux.edmo.eu\/fr\/non-les-cours-de-musique-nont-pas-t-interdits-dans-des-coles-de-hambourg-cause-de-lislam\/#primaryimage"},"thumbnailUrl":"https:\/\/belux-edmo.s3-accelerate.amazonaws.com\/wp-content\/uploads\/2025\/10\/99ba029899e967749c44e6bacde7114925f0ea13-ipad_resized.jpg","articleSection":["Editor's Choice Slider FR","Fact-Check","Politique","Societe"],"inLanguage":"fr-FR"},{"@type":"WebPage","@id":"https:\/\/belux.edmo.eu\/fr\/non-les-cours-de-musique-nont-pas-t-interdits-dans-des-coles-de-hambourg-cause-de-lislam\/","url":"https:\/\/belux.edmo.eu\/fr\/non-les-cours-de-musique-nont-pas-t-interdits-dans-des-coles-de-hambourg-cause-de-lislam\/","name":"Non, les cours de musique n'ont pas \u00e9t\u00e9 interdits dans des \u00e9coles de Hambourg \u00e0 cause de l'islam - EDMO Belux","isPartOf":{"@id":"https:\/\/belux.edmo.eu\/#website"},"primaryImageOfPage":{"@id":"https:\/\/belux.edmo.eu\/fr\/non-les-cours-de-musique-nont-pas-t-interdits-dans-des-coles-de-hambourg-cause-de-lislam\/#primaryimage"},"image":{"@id":"https:\/\/belux.edmo.eu\/fr\/non-les-cours-de-musique-nont-pas-t-interdits-dans-des-coles-de-hambourg-cause-de-lislam\/#primaryimage"},"thumbnailUrl":"https:\/\/belux-edmo.s3-accelerate.amazonaws.com\/wp-content\/uploads\/2025\/10\/99ba029899e967749c44e6bacde7114925f0ea13-ipad_resized.jpg","datePublished":"2025-10-24T10:33:28+00:00","dateModified":"2025-10-24T11:04:52+00:00","breadcrumb":{"@id":"https:\/\/belux.edmo.eu\/fr\/non-les-cours-de-musique-nont-pas-t-interdits-dans-des-coles-de-hambourg-cause-de-lislam\/#breadcrumb"},"inLanguage":"fr-FR","potentialAction":[{"@type":"ReadAction","target":["https:\/\/belux.edmo.eu\/fr\/non-les-cours-de-musique-nont-pas-t-interdits-dans-des-coles-de-hambourg-cause-de-lislam\/"]}]},{"@type":"ImageObject","inLanguage":"fr-FR","@id":"https:\/\/belux.edmo.eu\/fr\/non-les-cours-de-musique-nont-pas-t-interdits-dans-des-coles-de-hambourg-cause-de-lislam\/#primaryimage","url":"https:\/\/belux-edmo.s3-accelerate.amazonaws.com\/wp-content\/uploads\/2025\/10\/99ba029899e967749c44e6bacde7114925f0ea13-ipad_resized.jpg","contentUrl":"https:\/\/belux-edmo.s3-accelerate.amazonaws.com\/wp-content\/uploads\/2025\/10\/99ba029899e967749c44e6bacde7114925f0ea13-ipad_resized.jpg","width":1080,"height":540,"caption":"Non, les cours de musique n'ont pas \u00e9t\u00e9 interdits dans des \u00e9coles de Hambourg \u00e0 cause de l'islam - Featured image"},{"@type":"BreadcrumbList","@id":"https:\/\/belux.edmo.eu\/fr\/non-les-cours-de-musique-nont-pas-t-interdits-dans-des-coles-de-hambourg-cause-de-lislam\/#breadcrumb","itemListElement":[{"@type":"ListItem","position":1,"name":"Home","item":"https:\/\/belux.edmo.eu\/fr\/"},{"@type":"ListItem","position":2,"name":"Non, les cours de musique n&#8217;ont pas \u00e9t\u00e9 interdits dans des \u00e9coles de Hambourg \u00e0 cause de l&#8217;islam"}]},{"@type":"WebSite","@id":"https:\/\/belux.edmo.eu\/#website","url":"https:\/\/belux.edmo.eu\/","name":"EDMO Belux","description":"Monitoring Disinformation in Belgium and Luxembourg","publisher":{"@id":"https:\/\/belux.edmo.eu\/#organization"},"potentialAction":[{"@type":"SearchAction","target":{"@type":"EntryPoint","urlTemplate":"https:\/\/belux.edmo.eu\/?s={search_term_string}"},"query-input":{"@type":"PropertyValueSpecification","valueRequired":true,"valueName":"search_term_string"}}],"inLanguage":"fr-FR"},{"@type":"Organization","@id":"https:\/\/belux.edmo.eu\/#organization","name":"EDMO Belux","url":"https:\/\/belux.edmo.eu\/","logo":{"@type":"ImageObject","inLanguage":"fr-FR","@id":"https:\/\/belux.edmo.eu\/#\/schema\/logo\/image\/","url":"https:\/\/belux.edmo.eu\/wp-content\/uploads\/2021\/12\/belux-logo-full-color-rgb.svg","contentUrl":"https:\/\/belux.edmo.eu\/wp-content\/uploads\/2021\/12\/belux-logo-full-color-rgb.svg","width":1,"height":1,"caption":"EDMO Belux"},"image":{"@id":"https:\/\/belux.edmo.eu\/#\/schema\/logo\/image\/"},"sameAs":["https:\/\/x.com\/Edmo_Belux"]},{"@type":"Person","@id":"https:\/\/belux.edmo.eu\/#\/schema\/person\/dbe3b252258537fd318f9b5645a30342","name":"master","sameAs":["https:\/\/belux.wpengine.com"],"url":"https:\/\/belux.edmo.eu\/fr\/author\/master\/"}]}},"menu_order":0,"_links":{"self":[{"href":"https:\/\/belux.edmo.eu\/fr\/wp-json\/wp\/v2\/posts\/403480","targetHints":{"allow":["GET"]}}],"collection":[{"href":"https:\/\/belux.edmo.eu\/fr\/wp-json\/wp\/v2\/posts"}],"about":[{"href":"https:\/\/belux.edmo.eu\/fr\/wp-json\/wp\/v2\/types\/post"}],"author":[{"embeddable":true,"href":"https:\/\/belux.edmo.eu\/fr\/wp-json\/wp\/v2\/users\/1"}],"replies":[{"embeddable":true,"href":"https:\/\/belux.edmo.eu\/fr\/wp-json\/wp\/v2\/comments?post=403480"}],"version-history":[{"count":0,"href":"https:\/\/belux.edmo.eu\/fr\/wp-json\/wp\/v2\/posts\/403480\/revisions"}],"wp:featuredmedia":[{"embeddable":true,"href":"https:\/\/belux.edmo.eu\/fr\/wp-json\/wp\/v2\/media\/403460"}],"wp:attachment":[{"href":"https:\/\/belux.edmo.eu\/fr\/wp-json\/wp\/v2\/media?parent=403480"}],"wp:term":[{"taxonomy":"category","embeddable":true,"href":"https:\/\/belux.edmo.eu\/fr\/wp-json\/wp\/v2\/categories?post=403480"},{"taxonomy":"post_tag","embeddable":true,"href":"https:\/\/belux.edmo.eu\/fr\/wp-json\/wp\/v2\/tags?post=403480"}],"curies":[{"name":"wp","href":"https:\/\/api.w.org\/{rel}","templated":true}]}}