{"id":406649,"date":"2025-11-04T14:52:21","date_gmt":"2025-11-04T14:52:21","guid":{"rendered":"https:\/\/belux.edmo.eu\/media-literacy-week-in-the-french-community-in-belgium\/"},"modified":"2025-11-19T13:07:58","modified_gmt":"2025-11-19T13:07:58","slug":"media-literacy-week-in-the-french-community-in-belgium","status":"publish","type":"post","link":"https:\/\/belux.edmo.eu\/fr\/media-literacy-week-in-the-french-community-in-belgium\/","title":{"rendered":"Semaine de l\u2019\u00e9ducation aux m\u00e9dias en Belgique Francophone"},"content":{"rendered":"<div class=\"wpb-content-wrapper\"><p>[vc_row][vc_column][vc_column_text css=\u00a0\u00bb\u00a0\u00bb]<\/p>\n<p class=\"x_MsoNormal\">Le <b>Conseil sup\u00e9rieur de l\u2019\u00e9ducation aux m\u00e9dias<\/b> organise la troisi\u00e8me \u00e9dition de la <b>Semaine de l\u2019\u00e9ducation aux m\u00e9dias<\/b> dans les \u00e9coles et les lieux relevant du secteur de la Jeunesse, <b>du 15 au 23 novembre 2025,<\/b> en F\u00e9d\u00e9ration Wallonie-Bruxelles.<\/p>\n<p class=\"x_MsoNormal\">Fort du succ\u00e8s des deux premi\u00e8res \u00e9ditions et gr\u00e2ce \u00e0 la mobilisation de plus de 40 op\u00e9rateurs d\u2019EAM, le programme de cette \u00e9dition est encore plus riche\u00a0et vari\u00e9 !<\/p>\n<p class=\"x_MsoNormal\">Visites de m\u00e9dias, rencontres avec des journalistes, animations, formations, cin\u00e9-d\u00e9bats\u2026 <b>Plus de 200 activit\u00e9s<\/b> <b>sont ainsi mises \u00e0 disposition gratuitement des \u00e9coles et du secteur jeunesse<\/b> sur tout le territoire de la F\u00e9d\u00e9ration Wallonie-Bruxelles !<\/p>\n<p class=\"x_MsoNormal\"><a title=\"\" name=\"x__heading=h.yq5g8aqaz9ml\"><\/a>Parmi celles-ci, des activit\u00e9s permettant de sensibiliser les jeunes au fonctionnement des m\u00e9dias, de d\u00e9velopper leur esprit critique face aux IA, de leur apprendre \u00e0 interagir de mani\u00e8re responsable sur les RS, de les questionner sur leurs usages vid\u00e9oludiques, de comprendre les m\u00e9canismes des algorithmes, d\u2019identifier et d\u2019analyser les st\u00e9r\u00e9otypes v\u00e9hicul\u00e9s par les m\u00e9dias ou encore de les initier aux techniques de production audiovisuelles.<\/p>\n<p class=\"x_MsoNormal\"><b>La semaine de l\u2019\u00e9ducation aux m\u00e9dias, ce sont\u00a0: <\/b><\/p>\n<ul type=\"disc\">\n<li class=\"x_MsoNormal\"><b>Une cinquantaine de rencontres avec des journalistes en classe<\/b>. Ces derniers viendront \u00e9changer avec les jeunes \u00e0 partir de 10 ans sur leur m\u00e9tier.<\/li>\n<li class=\"x_MsoNormal\"><b>Des visites de m\u00e9dias<\/b>\u00a0: un grand nombre de m\u00e9dias de proximit\u00e9 mais \u00e9galement les m\u00e9dias nationaux (audiovisuels, \u00e9crits, num\u00e9riques) se mobilisent pour offrir aux publics concern\u00e9s une visite de leurs r\u00e9dactions.<\/li>\n<li class=\"x_MsoNormal\"><b>Des ateliers d\u2019\u00e9ducation aux m\u00e9dias<\/b>\u00a0: parmi ceux-ci, notamment, des ateliers permettant de sensibiliser aux intelligences artificielles ou qui visent \u00e0 apprendre \u00e0 d\u00e9battre avec mod\u00e9ration sur les r\u00e9seaux sociaux.<\/li>\n<li class=\"x_MsoNormal\"><b>Pr\u00e8s de 90 places de formation et conf\u00e9rences<\/b>\u00a0pour les encadrant\u00b7e\u00b7s afin d\u2019approfondir le fonctionnement des r\u00e9seaux sociaux, de permettre un dialogue serein entre parents et enfants autour des \u00e9crans, de mieux comprendre les intelligences artificielles.<\/li>\n<\/ul>\n<p class=\"x_MsoNormal\"><b>L&rsquo;\u00e9ducation aux m\u00e9dias, une priorit\u00e9 <\/b><\/p>\n<p class=\"x_MsoNormal\">Avec le d\u00e9veloppement exponentiel des m\u00e9dias num\u00e9riques (r\u00e9seaux sociaux, intelligences artificielles, etc.), les enjeux de l\u2019\u00e9ducation aux m\u00e9dias n\u2019ont jamais \u00e9t\u00e9 aussi fondamentaux.<\/p>\n<p class=\"x_MsoNormal\">Ainsi, l\u2019objectif principal de l\u2019EAM est de favoriser la r\u00e9flexion et le questionnement, pour rendre chaque citoyen\u00b7ne capable d\u2019aborder les m\u00e9dias avec une distance critique afin de mieux les utiliser et de s\u2019y exprimer. <b>Cet \u00e9v\u00e9nement constitue donc une opportunit\u00e9 unique de sensibiliser les plus jeunes aux enjeux des m\u00e9dias contemporains \u00e0 travers un programme riche et enti\u00e8rement gratuit.<\/b><\/p>\n<p class=\"x_MsoNormal\"><b>Pour toute informations (inscriptions et le mat\u00e9riel p\u00e9dagogique)\u00a0: <a title=\"https:\/\/www.csem.be\/eduquer-aux-medias\/operations\/semaine-de-lducation-aux-mdias\" href=\"https:\/\/www.csem.be\/eduquer-aux-medias\/operations\/semaine-de-lducation-aux-mdias\" target=\"_blank\" rel=\"noopener\" data-ogsc=\"\">Semaine de l\u2019\u00e9ducation aux m\u00e9dias | CSEM<\/a><\/b><\/p>\n<p>[\/vc_column_text][\/vc_column][\/vc_row]<\/p>\n<\/div>","protected":false},"excerpt":{"rendered":"<p>Le Conseil sup\u00e9rieur de l\u2019\u00e9ducation aux m\u00e9dias organise la troisi\u00e8me \u00e9dition de la Semaine de l\u2019\u00e9ducation aux m\u00e9dias dans les \u00e9coles et les lieux relevant du secteur de la Jeunesse, du 15 au 23 novembre 2025, en F\u00e9d\u00e9ration Wallonie-Bruxelles.<\/p>\n","protected":false},"author":14,"featured_media":406652,"comment_status":"closed","ping_status":"closed","sticky":false,"template":"","format":"standard","meta":{"_acf_changed":false,"footnotes":""},"categories":[377,452],"tags":[636],"class_list":{"0":"post-406649","1":"post","2":"type-post","3":"status-publish","4":"format-standard","5":"has-post-thumbnail","7":"category-apercus-sur-leducation-aux-medias","8":"category-editors-choice-fr","9":"tag-ml-featured-fr"},"acf":{"share_this_post_to_edmo_website":false,"affiliation":"BELUX","type":"\u00c9v\u00e9nement ferm\u00e9","location":"","start_date":"","start_date_event_begins_at":"","start_date_event_ends_at":"","end_date":"","end_date_event_begins_at":"","end_date_event_ends_at":"","organizer":"","show_metatags":false,"id":"","authors":"","organization":"","featured_image_copyright":"","text_copyright":"","source":"","fact_checker":"https:\/\/belux.wpengine.com\/wp-content\/uploads\/2021\/12\/afp_logo.png","fact_checker_logo_image":false},"yoast_head":"<!-- This site is optimized with the Yoast SEO plugin v27.0 - https:\/\/yoast.com\/product\/yoast-seo-wordpress\/ -->\n<title>Semaine de l\u2019\u00e9ducation aux m\u00e9dias en Belgique Francophone - EDMO Belux<\/title>\n<meta name=\"robots\" content=\"index, follow, max-snippet:-1, max-image-preview:large, max-video-preview:-1\" \/>\n<link rel=\"canonical\" href=\"https:\/\/belux.edmo.eu\/fr\/media-literacy-week-in-the-french-community-in-belgium\/\" \/>\n<meta property=\"og:locale\" content=\"fr_FR\" \/>\n<meta property=\"og:type\" content=\"article\" \/>\n<meta property=\"og:title\" content=\"Semaine de l\u2019\u00e9ducation aux m\u00e9dias en Belgique Francophone - EDMO Belux\" \/>\n<meta property=\"og:description\" content=\"Le Conseil sup\u00e9rieur de l\u2019\u00e9ducation aux m\u00e9dias organise la troisi\u00e8me \u00e9dition de la Semaine de l\u2019\u00e9ducation aux m\u00e9dias dans les \u00e9coles et les lieux relevant du secteur de la Jeunesse, du 15 au 23 novembre 2025, en F\u00e9d\u00e9ration Wallonie-Bruxelles.\" \/>\n<meta property=\"og:url\" content=\"https:\/\/belux.edmo.eu\/fr\/media-literacy-week-in-the-french-community-in-belgium\/\" \/>\n<meta property=\"og:site_name\" content=\"EDMO Belux\" \/>\n<meta property=\"article:published_time\" content=\"2025-11-04T14:52:21+00:00\" \/>\n<meta property=\"article:modified_time\" content=\"2025-11-19T13:07:58+00:00\" \/>\n<meta property=\"og:image\" content=\"https:\/\/belux-edmo.s3-accelerate.amazonaws.com\/wp-content\/uploads\/2025\/11\/SOIG6Apb-FWB-CSEM-semaine-EAM_site-internet-950-x-480.jpg\" \/>\n\t<meta property=\"og:image:width\" content=\"1979\" \/>\n\t<meta property=\"og:image:height\" content=\"1000\" \/>\n\t<meta property=\"og:image:type\" content=\"image\/jpeg\" \/>\n<meta name=\"author\" content=\"Panagiotis Ntatzis\" \/>\n<meta name=\"twitter:card\" content=\"summary_large_image\" \/>\n<meta name=\"twitter:creator\" content=\"@Edmo_Belux\" \/>\n<meta name=\"twitter:site\" content=\"@Edmo_Belux\" \/>\n<meta name=\"twitter:label1\" content=\"\u00c9crit par\" \/>\n\t<meta name=\"twitter:data1\" content=\"Panagiotis Ntatzis\" \/>\n\t<meta name=\"twitter:label2\" content=\"Dur\u00e9e de lecture estim\u00e9e\" \/>\n\t<meta name=\"twitter:data2\" content=\"2 minutes\" \/>\n<script type=\"application\/ld+json\" class=\"yoast-schema-graph\">{\"@context\":\"https:\/\/schema.org\",\"@graph\":[{\"@type\":\"Article\",\"@id\":\"https:\/\/belux.edmo.eu\/fr\/media-literacy-week-in-the-french-community-in-belgium\/#article\",\"isPartOf\":{\"@id\":\"https:\/\/belux.edmo.eu\/fr\/media-literacy-week-in-the-french-community-in-belgium\/\"},\"author\":{\"name\":\"Panagiotis Ntatzis\",\"@id\":\"https:\/\/belux.edmo.eu\/#\/schema\/person\/68d8de82b536bab3214628ccabe4d14d\"},\"headline\":\"Semaine de l\u2019\u00e9ducation aux m\u00e9dias en Belgique Francophone\",\"datePublished\":\"2025-11-04T14:52:21+00:00\",\"dateModified\":\"2025-11-19T13:07:58+00:00\",\"mainEntityOfPage\":{\"@id\":\"https:\/\/belux.edmo.eu\/fr\/media-literacy-week-in-the-french-community-in-belgium\/\"},\"wordCount\":481,\"publisher\":{\"@id\":\"https:\/\/belux.edmo.eu\/#organization\"},\"image\":{\"@id\":\"https:\/\/belux.edmo.eu\/fr\/media-literacy-week-in-the-french-community-in-belgium\/#primaryimage\"},\"thumbnailUrl\":\"https:\/\/belux-edmo.s3-accelerate.amazonaws.com\/wp-content\/uploads\/2025\/11\/SOIG6Apb-FWB-CSEM-semaine-EAM_site-internet-950-x-480.jpg\",\"keywords\":[\"ML Featured\"],\"articleSection\":[\"Aper\u00e7us sur l&#039;\u00e9ducation aux m\u00e9dias\",\"Editor's Choice Slider FR\"],\"inLanguage\":\"fr-FR\"},{\"@type\":\"WebPage\",\"@id\":\"https:\/\/belux.edmo.eu\/fr\/media-literacy-week-in-the-french-community-in-belgium\/\",\"url\":\"https:\/\/belux.edmo.eu\/fr\/media-literacy-week-in-the-french-community-in-belgium\/\",\"name\":\"Semaine de l\u2019\u00e9ducation aux m\u00e9dias en Belgique Francophone - EDMO Belux\",\"isPartOf\":{\"@id\":\"https:\/\/belux.edmo.eu\/#website\"},\"primaryImageOfPage\":{\"@id\":\"https:\/\/belux.edmo.eu\/fr\/media-literacy-week-in-the-french-community-in-belgium\/#primaryimage\"},\"image\":{\"@id\":\"https:\/\/belux.edmo.eu\/fr\/media-literacy-week-in-the-french-community-in-belgium\/#primaryimage\"},\"thumbnailUrl\":\"https:\/\/belux-edmo.s3-accelerate.amazonaws.com\/wp-content\/uploads\/2025\/11\/SOIG6Apb-FWB-CSEM-semaine-EAM_site-internet-950-x-480.jpg\",\"datePublished\":\"2025-11-04T14:52:21+00:00\",\"dateModified\":\"2025-11-19T13:07:58+00:00\",\"breadcrumb\":{\"@id\":\"https:\/\/belux.edmo.eu\/fr\/media-literacy-week-in-the-french-community-in-belgium\/#breadcrumb\"},\"inLanguage\":\"fr-FR\",\"potentialAction\":[{\"@type\":\"ReadAction\",\"target\":[\"https:\/\/belux.edmo.eu\/fr\/media-literacy-week-in-the-french-community-in-belgium\/\"]}]},{\"@type\":\"ImageObject\",\"inLanguage\":\"fr-FR\",\"@id\":\"https:\/\/belux.edmo.eu\/fr\/media-literacy-week-in-the-french-community-in-belgium\/#primaryimage\",\"url\":\"https:\/\/belux-edmo.s3-accelerate.amazonaws.com\/wp-content\/uploads\/2025\/11\/SOIG6Apb-FWB-CSEM-semaine-EAM_site-internet-950-x-480.jpg\",\"contentUrl\":\"https:\/\/belux-edmo.s3-accelerate.amazonaws.com\/wp-content\/uploads\/2025\/11\/SOIG6Apb-FWB-CSEM-semaine-EAM_site-internet-950-x-480.jpg\",\"width\":1979,\"height\":1000},{\"@type\":\"BreadcrumbList\",\"@id\":\"https:\/\/belux.edmo.eu\/fr\/media-literacy-week-in-the-french-community-in-belgium\/#breadcrumb\",\"itemListElement\":[{\"@type\":\"ListItem\",\"position\":1,\"name\":\"Home\",\"item\":\"https:\/\/belux.edmo.eu\/fr\/\"},{\"@type\":\"ListItem\",\"position\":2,\"name\":\"Semaine de l\u2019\u00e9ducation aux m\u00e9dias en Belgique Francophone\"}]},{\"@type\":\"WebSite\",\"@id\":\"https:\/\/belux.edmo.eu\/#website\",\"url\":\"https:\/\/belux.edmo.eu\/\",\"name\":\"EDMO Belux\",\"description\":\"Monitoring Disinformation in Belgium and Luxembourg\",\"publisher\":{\"@id\":\"https:\/\/belux.edmo.eu\/#organization\"},\"potentialAction\":[{\"@type\":\"SearchAction\",\"target\":{\"@type\":\"EntryPoint\",\"urlTemplate\":\"https:\/\/belux.edmo.eu\/?s={search_term_string}\"},\"query-input\":{\"@type\":\"PropertyValueSpecification\",\"valueRequired\":true,\"valueName\":\"search_term_string\"}}],\"inLanguage\":\"fr-FR\"},{\"@type\":\"Organization\",\"@id\":\"https:\/\/belux.edmo.eu\/#organization\",\"name\":\"EDMO Belux\",\"url\":\"https:\/\/belux.edmo.eu\/\",\"logo\":{\"@type\":\"ImageObject\",\"inLanguage\":\"fr-FR\",\"@id\":\"https:\/\/belux.edmo.eu\/#\/schema\/logo\/image\/\",\"url\":\"https:\/\/belux.edmo.eu\/wp-content\/uploads\/2021\/12\/belux-logo-full-color-rgb.svg\",\"contentUrl\":\"https:\/\/belux.edmo.eu\/wp-content\/uploads\/2021\/12\/belux-logo-full-color-rgb.svg\",\"width\":1,\"height\":1,\"caption\":\"EDMO Belux\"},\"image\":{\"@id\":\"https:\/\/belux.edmo.eu\/#\/schema\/logo\/image\/\"},\"sameAs\":[\"https:\/\/x.com\/Edmo_Belux\"]},{\"@type\":\"Person\",\"@id\":\"https:\/\/belux.edmo.eu\/#\/schema\/person\/68d8de82b536bab3214628ccabe4d14d\",\"name\":\"Panagiotis Ntatzis\",\"url\":\"https:\/\/belux.edmo.eu\/fr\/author\/pntatzis\/\"}]}<\/script>\n<!-- \/ Yoast SEO plugin. -->","yoast_head_json":{"title":"Semaine de l\u2019\u00e9ducation aux m\u00e9dias en Belgique Francophone - EDMO Belux","robots":{"index":"index","follow":"follow","max-snippet":"max-snippet:-1","max-image-preview":"max-image-preview:large","max-video-preview":"max-video-preview:-1"},"canonical":"https:\/\/belux.edmo.eu\/fr\/media-literacy-week-in-the-french-community-in-belgium\/","og_locale":"fr_FR","og_type":"article","og_title":"Semaine de l\u2019\u00e9ducation aux m\u00e9dias en Belgique Francophone - EDMO Belux","og_description":"Le Conseil sup\u00e9rieur de l\u2019\u00e9ducation aux m\u00e9dias organise la troisi\u00e8me \u00e9dition de la Semaine de l\u2019\u00e9ducation aux m\u00e9dias dans les \u00e9coles et les lieux relevant du secteur de la Jeunesse, du 15 au 23 novembre 2025, en F\u00e9d\u00e9ration Wallonie-Bruxelles.","og_url":"https:\/\/belux.edmo.eu\/fr\/media-literacy-week-in-the-french-community-in-belgium\/","og_site_name":"EDMO Belux","article_published_time":"2025-11-04T14:52:21+00:00","article_modified_time":"2025-11-19T13:07:58+00:00","og_image":[{"width":1979,"height":1000,"url":"https:\/\/belux-edmo.s3-accelerate.amazonaws.com\/wp-content\/uploads\/2025\/11\/SOIG6Apb-FWB-CSEM-semaine-EAM_site-internet-950-x-480.jpg","type":"image\/jpeg"}],"author":"Panagiotis Ntatzis","twitter_card":"summary_large_image","twitter_creator":"@Edmo_Belux","twitter_site":"@Edmo_Belux","twitter_misc":{"\u00c9crit par":"Panagiotis Ntatzis","Dur\u00e9e de lecture estim\u00e9e":"2 minutes"},"schema":{"@context":"https:\/\/schema.org","@graph":[{"@type":"Article","@id":"https:\/\/belux.edmo.eu\/fr\/media-literacy-week-in-the-french-community-in-belgium\/#article","isPartOf":{"@id":"https:\/\/belux.edmo.eu\/fr\/media-literacy-week-in-the-french-community-in-belgium\/"},"author":{"name":"Panagiotis Ntatzis","@id":"https:\/\/belux.edmo.eu\/#\/schema\/person\/68d8de82b536bab3214628ccabe4d14d"},"headline":"Semaine de l\u2019\u00e9ducation aux m\u00e9dias en Belgique Francophone","datePublished":"2025-11-04T14:52:21+00:00","dateModified":"2025-11-19T13:07:58+00:00","mainEntityOfPage":{"@id":"https:\/\/belux.edmo.eu\/fr\/media-literacy-week-in-the-french-community-in-belgium\/"},"wordCount":481,"publisher":{"@id":"https:\/\/belux.edmo.eu\/#organization"},"image":{"@id":"https:\/\/belux.edmo.eu\/fr\/media-literacy-week-in-the-french-community-in-belgium\/#primaryimage"},"thumbnailUrl":"https:\/\/belux-edmo.s3-accelerate.amazonaws.com\/wp-content\/uploads\/2025\/11\/SOIG6Apb-FWB-CSEM-semaine-EAM_site-internet-950-x-480.jpg","keywords":["ML Featured"],"articleSection":["Aper\u00e7us sur l&#039;\u00e9ducation aux m\u00e9dias","Editor's Choice Slider FR"],"inLanguage":"fr-FR"},{"@type":"WebPage","@id":"https:\/\/belux.edmo.eu\/fr\/media-literacy-week-in-the-french-community-in-belgium\/","url":"https:\/\/belux.edmo.eu\/fr\/media-literacy-week-in-the-french-community-in-belgium\/","name":"Semaine de l\u2019\u00e9ducation aux m\u00e9dias en Belgique Francophone - EDMO Belux","isPartOf":{"@id":"https:\/\/belux.edmo.eu\/#website"},"primaryImageOfPage":{"@id":"https:\/\/belux.edmo.eu\/fr\/media-literacy-week-in-the-french-community-in-belgium\/#primaryimage"},"image":{"@id":"https:\/\/belux.edmo.eu\/fr\/media-literacy-week-in-the-french-community-in-belgium\/#primaryimage"},"thumbnailUrl":"https:\/\/belux-edmo.s3-accelerate.amazonaws.com\/wp-content\/uploads\/2025\/11\/SOIG6Apb-FWB-CSEM-semaine-EAM_site-internet-950-x-480.jpg","datePublished":"2025-11-04T14:52:21+00:00","dateModified":"2025-11-19T13:07:58+00:00","breadcrumb":{"@id":"https:\/\/belux.edmo.eu\/fr\/media-literacy-week-in-the-french-community-in-belgium\/#breadcrumb"},"inLanguage":"fr-FR","potentialAction":[{"@type":"ReadAction","target":["https:\/\/belux.edmo.eu\/fr\/media-literacy-week-in-the-french-community-in-belgium\/"]}]},{"@type":"ImageObject","inLanguage":"fr-FR","@id":"https:\/\/belux.edmo.eu\/fr\/media-literacy-week-in-the-french-community-in-belgium\/#primaryimage","url":"https:\/\/belux-edmo.s3-accelerate.amazonaws.com\/wp-content\/uploads\/2025\/11\/SOIG6Apb-FWB-CSEM-semaine-EAM_site-internet-950-x-480.jpg","contentUrl":"https:\/\/belux-edmo.s3-accelerate.amazonaws.com\/wp-content\/uploads\/2025\/11\/SOIG6Apb-FWB-CSEM-semaine-EAM_site-internet-950-x-480.jpg","width":1979,"height":1000},{"@type":"BreadcrumbList","@id":"https:\/\/belux.edmo.eu\/fr\/media-literacy-week-in-the-french-community-in-belgium\/#breadcrumb","itemListElement":[{"@type":"ListItem","position":1,"name":"Home","item":"https:\/\/belux.edmo.eu\/fr\/"},{"@type":"ListItem","position":2,"name":"Semaine de l\u2019\u00e9ducation aux m\u00e9dias en Belgique Francophone"}]},{"@type":"WebSite","@id":"https:\/\/belux.edmo.eu\/#website","url":"https:\/\/belux.edmo.eu\/","name":"EDMO Belux","description":"Monitoring Disinformation in Belgium and Luxembourg","publisher":{"@id":"https:\/\/belux.edmo.eu\/#organization"},"potentialAction":[{"@type":"SearchAction","target":{"@type":"EntryPoint","urlTemplate":"https:\/\/belux.edmo.eu\/?s={search_term_string}"},"query-input":{"@type":"PropertyValueSpecification","valueRequired":true,"valueName":"search_term_string"}}],"inLanguage":"fr-FR"},{"@type":"Organization","@id":"https:\/\/belux.edmo.eu\/#organization","name":"EDMO Belux","url":"https:\/\/belux.edmo.eu\/","logo":{"@type":"ImageObject","inLanguage":"fr-FR","@id":"https:\/\/belux.edmo.eu\/#\/schema\/logo\/image\/","url":"https:\/\/belux.edmo.eu\/wp-content\/uploads\/2021\/12\/belux-logo-full-color-rgb.svg","contentUrl":"https:\/\/belux.edmo.eu\/wp-content\/uploads\/2021\/12\/belux-logo-full-color-rgb.svg","width":1,"height":1,"caption":"EDMO Belux"},"image":{"@id":"https:\/\/belux.edmo.eu\/#\/schema\/logo\/image\/"},"sameAs":["https:\/\/x.com\/Edmo_Belux"]},{"@type":"Person","@id":"https:\/\/belux.edmo.eu\/#\/schema\/person\/68d8de82b536bab3214628ccabe4d14d","name":"Panagiotis Ntatzis","url":"https:\/\/belux.edmo.eu\/fr\/author\/pntatzis\/"}]}},"menu_order":0,"_links":{"self":[{"href":"https:\/\/belux.edmo.eu\/fr\/wp-json\/wp\/v2\/posts\/406649","targetHints":{"allow":["GET"]}}],"collection":[{"href":"https:\/\/belux.edmo.eu\/fr\/wp-json\/wp\/v2\/posts"}],"about":[{"href":"https:\/\/belux.edmo.eu\/fr\/wp-json\/wp\/v2\/types\/post"}],"author":[{"embeddable":true,"href":"https:\/\/belux.edmo.eu\/fr\/wp-json\/wp\/v2\/users\/14"}],"replies":[{"embeddable":true,"href":"https:\/\/belux.edmo.eu\/fr\/wp-json\/wp\/v2\/comments?post=406649"}],"version-history":[{"count":0,"href":"https:\/\/belux.edmo.eu\/fr\/wp-json\/wp\/v2\/posts\/406649\/revisions"}],"wp:featuredmedia":[{"embeddable":true,"href":"https:\/\/belux.edmo.eu\/fr\/wp-json\/wp\/v2\/media\/406652"}],"wp:attachment":[{"href":"https:\/\/belux.edmo.eu\/fr\/wp-json\/wp\/v2\/media?parent=406649"}],"wp:term":[{"taxonomy":"category","embeddable":true,"href":"https:\/\/belux.edmo.eu\/fr\/wp-json\/wp\/v2\/categories?post=406649"},{"taxonomy":"post_tag","embeddable":true,"href":"https:\/\/belux.edmo.eu\/fr\/wp-json\/wp\/v2\/tags?post=406649"}],"curies":[{"name":"wp","href":"https:\/\/api.w.org\/{rel}","templated":true}]}}